{"id":276094,"date":"2023-05-25T18:34:06","date_gmt":"2023-05-25T14:34:06","guid":{"rendered":"https:\/\/www.meydan.tv\/?p=276094"},"modified":"2023-05-25T18:37:00","modified_gmt":"2023-05-25T14:37:00","slug":"azyaslini-evlenmek-adiyla-xacmaza-aparmaqda-ittiham-olunan-sexsle-bagli-hebs-qerari","status":"publish","type":"post","link":"https:\/\/www.meydan.tv\/az\/article\/azyaslini-evlenmek-adiyla-xacmaza-aparmaqda-ittiham-olunan-sexsle-bagli-hebs-qerari\/","title":{"rendered":"Azya\u015fl\u0131n\u0131 evl\u0259nm\u0259k ad\u0131yla Xa\u00e7maza aparmaqda ittiham olunan \u015f\u0259xsl\u0259 ba\u011fl\u0131 h\u0259bs q\u0259rar\u0131"},"content":{"rendered":"\n<p><\/p>\n\n\n\n<p><strong><em>Onun ittiham olundu\u011fu madd\u0259d\u0259 3 ild\u0259n 6 il\u0259 q\u0259d\u0259r azadl\u0131qdan m\u0259hrumetm\u0259 c\u0259zas\u0131 n\u0259z\u0259rd\u0259 tutulub<\/em><\/strong><\/p>\n\n\n\n<p>Tovuz rayonunun A\u015fa\u011f\u0131 Qu\u015f\u00e7u k\u0259nd sakini olan 13 ya\u015fl\u0131 q\u0131z\u0131 evl\u0259nm\u0259k ad\u0131yla Xa\u00e7maza g\u0259tirm\u0259kd\u0259 ittiham edil\u0259n 44 ya\u015fl\u0131 ki\u015fi haqq\u0131nda h\u0259bs q\u0259rar\u0131 \u00e7\u0131xar\u0131l\u0131b. Bu bar\u0259d\u0259 Meydan TV-y\u0259 Daxili \u0130\u015fl\u0259r Nazirliyinin M\u0259tbuat Xidm\u0259tinin Quba regional qrupundan m\u0259lumat verilib.<\/p>\n\n\n\n<p>M\u0259lumatda bildirilir ki, S\u0259f\u0259r Kavazova qar\u015f\u0131 Cinay\u0259t M\u0259c\u0259ll\u0259sinin 152.2-ci (14 ya\u015f\u0131na \u00e7atmayan \u015f\u0259xsl\u0259 cinsi \u0259laq\u0259d\u0259 olma v\u0259 ya seksual xarakterli dig\u0259r h\u0259r\u0259k\u0259tl\u0259r etm\u0259) madd\u0259sil\u0259 ittiham ir\u0259li s\u00fcr\u00fcl\u00fcb. May\u0131n 25-d\u0259 Xa\u00e7maz Rayon M\u0259hk\u0259m\u0259sind\u0259 onun bar\u0259sind\u0259 ilkin istintaq d\u00f6vr\u00fc \u00fc\u00e7\u00fcn 3 ayl\u0131q h\u0259bs q\u0259timkan t\u0259dbiri se\u00e7ilib.<\/p>\n\n\n\n<p>Bu cinay\u0259t i\u015fi \u00fczr\u0259 ara\u015fd\u0131rmalar Xa\u00e7maz Rayon Polis \u015e\u00f6b\u0259sind\u0259 apar\u0131l\u0131r.<\/p>\n\n\n\n<p>Onun ittiham olundu\u011fu madd\u0259d\u0259 3 ild\u0259n 6 il\u0259 q\u0259d\u0259r azadl\u0131qdan m\u0259hrumetm\u0259 c\u0259zas\u0131 n\u0259z\u0259rd\u0259 tutulub.<\/p>\n\n\n\n<p>May\u0131n 20-d\u0259 polis orqanlar\u0131na 13 ya\u015fl\u0131 u\u015fa\u011f\u0131n itkin d\u00fc\u015fm\u0259si haqda m\u0259lumat daxil olub. Ara\u015fd\u0131rmalardan sonra onun Xa\u00e7maz rayonunda oldu\u011fu m\u00fc\u0259yy\u0259nl\u0259\u015fib. O, ifad\u0259sind\u0259 44 ya\u015fl\u0131 S\u0259f\u0259r Kavazovla ail\u0259 qurmaq m\u0259qs\u0259dil\u0259 k\u00f6n\u00fcll\u00fc getdiyini bildirib.<\/p>\n\n\n\n<p>Polisl\u0259r u\u015fa\u011f\u0131 valideynl\u0259rin\u0259 t\u0259hvil verib.<\/p>\n","protected":false},"excerpt":{"rendered":"<p>Onun ittiham olundu\u011fu madd\u0259d\u0259 3 ild\u0259n 6 il\u0259 q\u0259d\u0259r azadl\u0131qdan &#8230; <\/p>\n<p class=\"read-more-container\"><a title=\"Azya\u015fl\u0131n\u0131 evl\u0259nm\u0259k ad\u0131yla Xa\u00e7maza aparmaqda ittiham olunan \u015f\u0259xsl\u0259 ba\u011fl\u0131 h\u0259bs q\u0259rar\u0131\" class=\"read-more button\" href=\"https:\/\/www.meydan.tv\/az\/article\/azyaslini-evlenmek-adiyla-xacmaza-aparmaqda-ittiham-olunan-sexsle-bagli-hebs-qerari\/#more-276094\" aria-label=\"Read more about Azya\u015fl\u0131n\u0131 evl\u0259nm\u0259k ad\u0131yla Xa\u00e7maza aparmaqda ittiham olunan \u015f\u0259xsl\u0259 ba\u011fl\u0131 h\u0259bs q\u0259rar\u0131\">Davam\u0131<\/a><\/p>\n","protected":false},"author":8,"featured_media":276096,"comment_status":"closed","ping_status":"closed","sticky":false,"template":"","format":"standard","meta":{"_acf_changed":false,"_sitemap_exclude":false,"_sitemap_priority":"","_sitemap_frequency":"","footnotes":""},"categories":[60,56],"tags":[],"class_list":["post-276094","post","type-post","status-publish","format-standard","has-post-thumbnail","hentry","category-bolge","category-xeberler","infinite-scroll-item","generate-columns","tablet-grid-50","mobile-grid-100","grid-parent","grid-33","no-featured-image-padding"],"acf":[],"yoast_head":"<!-- This site is optimized with the Yoast SEO plugin v27.5 - https:\/\/yoast.com\/product\/yoast-seo-wordpress\/ -->\n<title>Azya\u015fl\u0131n\u0131 evl\u0259nm\u0259k ad\u0131yla Xa\u00e7maza aparmaqda ittiham olunan \u015f\u0259xsl\u0259 ba\u011fl\u0131 h\u0259bs q\u0259rar\u0131 - MEYDAN.TV<\/title>\n<meta name=\"robots\" content=\"index, follow, max-snippet:-1, max-image-preview:large, max-video-preview:-1\" \/>\n<link rel=\"canonical\" href=\"https:\/\/www.meydan.tv\/az\/article\/azyaslini-evlenmek-adiyla-xacmaza-aparmaqda-ittiham-olunan-sexsle-bagli-hebs-qerari\/\" \/>\n<meta property=\"og:locale\" content=\"az_AZ\" \/>\n<meta property=\"og:type\" content=\"article\" \/>\n<meta property=\"og:title\" content=\"Azya\u015fl\u0131n\u0131 evl\u0259nm\u0259k ad\u0131yla Xa\u00e7maza aparmaqda ittiham olunan \u015f\u0259xsl\u0259 ba\u011fl\u0131 h\u0259bs q\u0259rar\u0131 - MEYDAN.TV\" \/>\n<meta property=\"og:description\" content=\"Onun ittiham olundu\u011fu madd\u0259d\u0259 3 ild\u0259n 6 il\u0259 q\u0259d\u0259r azadl\u0131qdan ... Davam\u0131\" \/>\n<meta property=\"og:url\" content=\"https:\/\/www.meydan.tv\/az\/article\/azyaslini-evlenmek-adiyla-xacmaza-aparmaqda-ittiham-olunan-sexsle-bagli-hebs-qerari\/\" \/>\n<meta property=\"og:site_name\" content=\"MEYDAN.TV\" \/>\n<meta property=\"article:published_time\" content=\"2023-05-25T14:34:06+00:00\" \/>\n<meta property=\"article:modified_time\" content=\"2023-05-25T14:37:00+00:00\" \/>\n<meta property=\"og:image\" content=\"https:\/\/www.meydan.tv\/wp-content\/uploads\/untitled-design-6-40.jpg\" \/>\n\t<meta property=\"og:image:width\" content=\"1200\" \/>\n\t<meta property=\"og:image:height\" content=\"800\" \/>\n\t<meta property=\"og:image:type\" content=\"image\/jpeg\" \/>\n<meta name=\"author\" content=\"elli\" \/>\n<meta name=\"twitter:card\" content=\"summary_large_image\" \/>\n<meta name=\"twitter:creator\" content=\"@elli\" \/>\n<script type=\"application\/ld+json\" class=\"yoast-schema-graph\">{\"@context\":\"https:\\\/\\\/schema.org\",\"@graph\":[{\"@type\":\"Article\",\"@id\":\"https:\\\/\\\/www.meydan.tv\\\/az\\\/article\\\/azyaslini-evlenmek-adiyla-xacmaza-aparmaqda-ittiham-olunan-sexsle-bagli-hebs-qerari\\\/#article\",\"isPartOf\":{\"@id\":\"https:\\\/\\\/www.meydan.tv\\\/az\\\/article\\\/azyaslini-evlenmek-adiyla-xacmaza-aparmaqda-ittiham-olunan-sexsle-bagli-hebs-qerari\\\/\"},\"author\":{\"name\":\"elli\",\"@id\":\"https:\\\/\\\/www.meydan.tv\\\/az\\\/#\\\/schema\\\/person\\\/9cdbecf90d17180ce1dfbd95b08dcf47\"},\"headline\":\"Azya\u015fl\u0131n\u0131 evl\u0259nm\u0259k ad\u0131yla Xa\u00e7maza aparmaqda ittiham olunan \u015f\u0259xsl\u0259 ba\u011fl\u0131 h\u0259bs q\u0259rar\u0131\",\"datePublished\":\"2023-05-25T14:34:06+00:00\",\"dateModified\":\"2023-05-25T14:37:00+00:00\",\"mainEntityOfPage\":{\"@id\":\"https:\\\/\\\/www.meydan.tv\\\/az\\\/article\\\/azyaslini-evlenmek-adiyla-xacmaza-aparmaqda-ittiham-olunan-sexsle-bagli-hebs-qerari\\\/\"},\"wordCount\":276,\"publisher\":{\"@id\":\"https:\\\/\\\/www.meydan.tv\\\/az\\\/#organization\"},\"image\":{\"@id\":\"https:\\\/\\\/www.meydan.tv\\\/az\\\/article\\\/azyaslini-evlenmek-adiyla-xacmaza-aparmaqda-ittiham-olunan-sexsle-bagli-hebs-qerari\\\/#primaryimage\"},\"thumbnailUrl\":\"https:\\\/\\\/www.meydan.tv\\\/wp-content\\\/uploads\\\/untitled-design-6-40.jpg\",\"articleSection\":[\"B\u00f6lg\u0259\",\"X\u0259b\u0259rl\u0259r\"],\"inLanguage\":\"az\"},{\"@type\":\"WebPage\",\"@id\":\"https:\\\/\\\/www.meydan.tv\\\/az\\\/article\\\/azyaslini-evlenmek-adiyla-xacmaza-aparmaqda-ittiham-olunan-sexsle-bagli-hebs-qerari\\\/\",\"url\":\"https:\\\/\\\/www.meydan.tv\\\/az\\\/article\\\/azyaslini-evlenmek-adiyla-xacmaza-aparmaqda-ittiham-olunan-sexsle-bagli-hebs-qerari\\\/\",\"name\":\"Azya\u015fl\u0131n\u0131 evl\u0259nm\u0259k ad\u0131yla Xa\u00e7maza aparmaqda ittiham olunan \u015f\u0259xsl\u0259 ba\u011fl\u0131 h\u0259bs q\u0259rar\u0131 - MEYDAN.TV\",\"isPartOf\":{\"@id\":\"https:\\\/\\\/www.meydan.tv\\\/az\\\/#website\"},\"primaryImageOfPage\":{\"@id\":\"https:\\\/\\\/www.meydan.tv\\\/az\\\/article\\\/azyaslini-evlenmek-adiyla-xacmaza-aparmaqda-ittiham-olunan-sexsle-bagli-hebs-qerari\\\/#primaryimage\"},\"image\":{\"@id\":\"https:\\\/\\\/www.meydan.tv\\\/az\\\/article\\\/azyaslini-evlenmek-adiyla-xacmaza-aparmaqda-ittiham-olunan-sexsle-bagli-hebs-qerari\\\/#primaryimage\"},\"thumbnailUrl\":\"https:\\\/\\\/www.meydan.tv\\\/wp-content\\\/uploads\\\/untitled-design-6-40.jpg\",\"datePublished\":\"2023-05-25T14:34:06+00:00\",\"dateModified\":\"2023-05-25T14:37:00+00:00\",\"breadcrumb\":{\"@id\":\"https:\\\/\\\/www.meydan.tv\\\/az\\\/article\\\/azyaslini-evlenmek-adiyla-xacmaza-aparmaqda-ittiham-olunan-sexsle-bagli-hebs-qerari\\\/#breadcrumb\"},\"inLanguage\":\"az\",\"potentialAction\":[{\"@type\":\"ReadAction\",\"target\":[\"https:\\\/\\\/www.meydan.tv\\\/az\\\/article\\\/azyaslini-evlenmek-adiyla-xacmaza-aparmaqda-ittiham-olunan-sexsle-bagli-hebs-qerari\\\/\"]}]},{\"@type\":\"ImageObject\",\"inLanguage\":\"az\",\"@id\":\"https:\\\/\\\/www.meydan.tv\\\/az\\\/article\\\/azyaslini-evlenmek-adiyla-xacmaza-aparmaqda-ittiham-olunan-sexsle-bagli-hebs-qerari\\\/#primaryimage\",\"url\":\"https:\\\/\\\/www.meydan.tv\\\/wp-content\\\/uploads\\\/untitled-design-6-40.jpg\",\"contentUrl\":\"https:\\\/\\\/www.meydan.tv\\\/wp-content\\\/uploads\\\/untitled-design-6-40.jpg\",\"width\":1200,\"height\":800,\"caption\":\"Xa\u00e7maz Rayon Polis \u015e\u00f6b\u0259si. Foto: D\u0130N\"},{\"@type\":\"BreadcrumbList\",\"@id\":\"https:\\\/\\\/www.meydan.tv\\\/az\\\/article\\\/azyaslini-evlenmek-adiyla-xacmaza-aparmaqda-ittiham-olunan-sexsle-bagli-hebs-qerari\\\/#breadcrumb\",\"itemListElement\":[{\"@type\":\"ListItem\",\"position\":1,\"name\":\"Ana s\u0259hif\u0259\",\"item\":\"https:\\\/\\\/www.meydan.tv\\\/az\\\/\"},{\"@type\":\"ListItem\",\"position\":2,\"name\":\"B\u00f6lg\u0259\",\"item\":\"https:\\\/\\\/www.meydan.tv\\\/az\\\/section\\\/bolge\\\/\"},{\"@type\":\"ListItem\",\"position\":3,\"name\":\"Azya\u015fl\u0131n\u0131 evl\u0259nm\u0259k ad\u0131yla Xa\u00e7maza aparmaqda ittiham olunan \u015f\u0259xsl\u0259 ba\u011fl\u0131 h\u0259bs q\u0259rar\u0131\"}]},{\"@type\":\"WebSite\",\"@id\":\"https:\\\/\\\/www.meydan.tv\\\/az\\\/#website\",\"url\":\"https:\\\/\\\/www.meydan.tv\\\/az\\\/\",\"name\":\"MEYDAN.TV\",\"description\":\"Meydan TV Az\u0259rbaycan\u0131n media m\u0259kan\u0131ndak\u0131 alternativ s\u0259sidir\",\"publisher\":{\"@id\":\"https:\\\/\\\/www.meydan.tv\\\/az\\\/#organization\"},\"potentialAction\":[{\"@type\":\"SearchAction\",\"target\":{\"@type\":\"EntryPoint\",\"urlTemplate\":\"https:\\\/\\\/www.meydan.tv\\\/az\\\/?s={search_term_string}\"},\"query-input\":{\"@type\":\"PropertyValueSpecification\",\"valueRequired\":true,\"valueName\":\"search_term_string\"}}],\"inLanguage\":\"az\"},{\"@type\":\"Organization\",\"@id\":\"https:\\\/\\\/www.meydan.tv\\\/az\\\/#organization\",\"name\":\"Meydan TV\",\"url\":\"https:\\\/\\\/www.meydan.tv\\\/az\\\/\",\"logo\":{\"@type\":\"ImageObject\",\"inLanguage\":\"az\",\"@id\":\"https:\\\/\\\/www.meydan.tv\\\/az\\\/#\\\/schema\\\/logo\\\/image\\\/\",\"url\":\"https:\\\/\\\/www.meydan.tv\\\/wp-content\\\/uploads\\\/2021\\\/07\\\/meydan-logo.svg\",\"contentUrl\":\"https:\\\/\\\/www.meydan.tv\\\/wp-content\\\/uploads\\\/2021\\\/07\\\/meydan-logo.svg\",\"width\":195,\"height\":46,\"caption\":\"Meydan TV\"},\"image\":{\"@id\":\"https:\\\/\\\/www.meydan.tv\\\/az\\\/#\\\/schema\\\/logo\\\/image\\\/\"}},{\"@type\":\"Person\",\"@id\":\"https:\\\/\\\/www.meydan.tv\\\/az\\\/#\\\/schema\\\/person\\\/9cdbecf90d17180ce1dfbd95b08dcf47\",\"name\":\"elli\",\"sameAs\":[\"https:\\\/\\\/x.com\\\/elli\"]}]}<\/script>\n<!-- \/ Yoast SEO plugin. -->","yoast_head_json":{"title":"Azya\u015fl\u0131n\u0131 evl\u0259nm\u0259k ad\u0131yla Xa\u00e7maza aparmaqda ittiham olunan \u015f\u0259xsl\u0259 ba\u011fl\u0131 h\u0259bs q\u0259rar\u0131 - MEYDAN.TV","robots":{"index":"index","follow":"follow","max-snippet":"max-snippet:-1","max-image-preview":"max-image-preview:large","max-video-preview":"max-video-preview:-1"},"canonical":"https:\/\/www.meydan.tv\/az\/article\/azyaslini-evlenmek-adiyla-xacmaza-aparmaqda-ittiham-olunan-sexsle-bagli-hebs-qerari\/","og_locale":"az_AZ","og_type":"article","og_title":"Azya\u015fl\u0131n\u0131 evl\u0259nm\u0259k ad\u0131yla Xa\u00e7maza aparmaqda ittiham olunan \u015f\u0259xsl\u0259 ba\u011fl\u0131 h\u0259bs q\u0259rar\u0131 - MEYDAN.TV","og_description":"Onun ittiham olundu\u011fu madd\u0259d\u0259 3 ild\u0259n 6 il\u0259 q\u0259d\u0259r azadl\u0131qdan ... Davam\u0131","og_url":"https:\/\/www.meydan.tv\/az\/article\/azyaslini-evlenmek-adiyla-xacmaza-aparmaqda-ittiham-olunan-sexsle-bagli-hebs-qerari\/","og_site_name":"MEYDAN.TV","article_published_time":"2023-05-25T14:34:06+00:00","article_modified_time":"2023-05-25T14:37:00+00:00","og_image":[{"width":1200,"height":800,"url":"https:\/\/www.meydan.tv\/wp-content\/uploads\/untitled-design-6-40.jpg","type":"image\/jpeg"}],"author":"elli","twitter_card":"summary_large_image","twitter_creator":"@elli","schema":{"@context":"https:\/\/schema.org","@graph":[{"@type":"Article","@id":"https:\/\/www.meydan.tv\/az\/article\/azyaslini-evlenmek-adiyla-xacmaza-aparmaqda-ittiham-olunan-sexsle-bagli-hebs-qerari\/#article","isPartOf":{"@id":"https:\/\/www.meydan.tv\/az\/article\/azyaslini-evlenmek-adiyla-xacmaza-aparmaqda-ittiham-olunan-sexsle-bagli-hebs-qerari\/"},"author":{"name":"elli","@id":"https:\/\/www.meydan.tv\/az\/#\/schema\/person\/9cdbecf90d17180ce1dfbd95b08dcf47"},"headline":"Azya\u015fl\u0131n\u0131 evl\u0259nm\u0259k ad\u0131yla Xa\u00e7maza aparmaqda ittiham olunan \u015f\u0259xsl\u0259 ba\u011fl\u0131 h\u0259bs q\u0259rar\u0131","datePublished":"2023-05-25T14:34:06+00:00","dateModified":"2023-05-25T14:37:00+00:00","mainEntityOfPage":{"@id":"https:\/\/www.meydan.tv\/az\/article\/azyaslini-evlenmek-adiyla-xacmaza-aparmaqda-ittiham-olunan-sexsle-bagli-hebs-qerari\/"},"wordCount":276,"publisher":{"@id":"https:\/\/www.meydan.tv\/az\/#organization"},"image":{"@id":"https:\/\/www.meydan.tv\/az\/article\/azyaslini-evlenmek-adiyla-xacmaza-aparmaqda-ittiham-olunan-sexsle-bagli-hebs-qerari\/#primaryimage"},"thumbnailUrl":"https:\/\/www.meydan.tv\/wp-content\/uploads\/untitled-design-6-40.jpg","articleSection":["B\u00f6lg\u0259","X\u0259b\u0259rl\u0259r"],"inLanguage":"az"},{"@type":"WebPage","@id":"https:\/\/www.meydan.tv\/az\/article\/azyaslini-evlenmek-adiyla-xacmaza-aparmaqda-ittiham-olunan-sexsle-bagli-hebs-qerari\/","url":"https:\/\/www.meydan.tv\/az\/article\/azyaslini-evlenmek-adiyla-xacmaza-aparmaqda-ittiham-olunan-sexsle-bagli-hebs-qerari\/","name":"Azya\u015fl\u0131n\u0131 evl\u0259nm\u0259k ad\u0131yla Xa\u00e7maza aparmaqda ittiham olunan \u015f\u0259xsl\u0259 ba\u011fl\u0131 h\u0259bs q\u0259rar\u0131 - MEYDAN.TV","isPartOf":{"@id":"https:\/\/www.meydan.tv\/az\/#website"},"primaryImageOfPage":{"@id":"https:\/\/www.meydan.tv\/az\/article\/azyaslini-evlenmek-adiyla-xacmaza-aparmaqda-ittiham-olunan-sexsle-bagli-hebs-qerari\/#primaryimage"},"image":{"@id":"https:\/\/www.meydan.tv\/az\/article\/azyaslini-evlenmek-adiyla-xacmaza-aparmaqda-ittiham-olunan-sexsle-bagli-hebs-qerari\/#primaryimage"},"thumbnailUrl":"https:\/\/www.meydan.tv\/wp-content\/uploads\/untitled-design-6-40.jpg","datePublished":"2023-05-25T14:34:06+00:00","dateModified":"2023-05-25T14:37:00+00:00","breadcrumb":{"@id":"https:\/\/www.meydan.tv\/az\/article\/azyaslini-evlenmek-adiyla-xacmaza-aparmaqda-ittiham-olunan-sexsle-bagli-hebs-qerari\/#breadcrumb"},"inLanguage":"az","potentialAction":[{"@type":"ReadAction","target":["https:\/\/www.meydan.tv\/az\/article\/azyaslini-evlenmek-adiyla-xacmaza-aparmaqda-ittiham-olunan-sexsle-bagli-hebs-qerari\/"]}]},{"@type":"ImageObject","inLanguage":"az","@id":"https:\/\/www.meydan.tv\/az\/article\/azyaslini-evlenmek-adiyla-xacmaza-aparmaqda-ittiham-olunan-sexsle-bagli-hebs-qerari\/#primaryimage","url":"https:\/\/www.meydan.tv\/wp-content\/uploads\/untitled-design-6-40.jpg","contentUrl":"https:\/\/www.meydan.tv\/wp-content\/uploads\/untitled-design-6-40.jpg","width":1200,"height":800,"caption":"Xa\u00e7maz Rayon Polis \u015e\u00f6b\u0259si. Foto: D\u0130N"},{"@type":"BreadcrumbList","@id":"https:\/\/www.meydan.tv\/az\/article\/azyaslini-evlenmek-adiyla-xacmaza-aparmaqda-ittiham-olunan-sexsle-bagli-hebs-qerari\/#breadcrumb","itemListElement":[{"@type":"ListItem","position":1,"name":"Ana s\u0259hif\u0259","item":"https:\/\/www.meydan.tv\/az\/"},{"@type":"ListItem","position":2,"name":"B\u00f6lg\u0259","item":"https:\/\/www.meydan.tv\/az\/section\/bolge\/"},{"@type":"ListItem","position":3,"name":"Azya\u015fl\u0131n\u0131 evl\u0259nm\u0259k ad\u0131yla Xa\u00e7maza aparmaqda ittiham olunan \u015f\u0259xsl\u0259 ba\u011fl\u0131 h\u0259bs q\u0259rar\u0131"}]},{"@type":"WebSite","@id":"https:\/\/www.meydan.tv\/az\/#website","url":"https:\/\/www.meydan.tv\/az\/","name":"MEYDAN.TV","description":"Meydan TV Az\u0259rbaycan\u0131n media m\u0259kan\u0131ndak\u0131 alternativ s\u0259sidir","publisher":{"@id":"https:\/\/www.meydan.tv\/az\/#organization"},"potentialAction":[{"@type":"SearchAction","target":{"@type":"EntryPoint","urlTemplate":"https:\/\/www.meydan.tv\/az\/?s={search_term_string}"},"query-input":{"@type":"PropertyValueSpecification","valueRequired":true,"valueName":"search_term_string"}}],"inLanguage":"az"},{"@type":"Organization","@id":"https:\/\/www.meydan.tv\/az\/#organization","name":"Meydan TV","url":"https:\/\/www.meydan.tv\/az\/","logo":{"@type":"ImageObject","inLanguage":"az","@id":"https:\/\/www.meydan.tv\/az\/#\/schema\/logo\/image\/","url":"https:\/\/www.meydan.tv\/wp-content\/uploads\/2021\/07\/meydan-logo.svg","contentUrl":"https:\/\/www.meydan.tv\/wp-content\/uploads\/2021\/07\/meydan-logo.svg","width":195,"height":46,"caption":"Meydan TV"},"image":{"@id":"https:\/\/www.meydan.tv\/az\/#\/schema\/logo\/image\/"}},{"@type":"Person","@id":"https:\/\/www.meydan.tv\/az\/#\/schema\/person\/9cdbecf90d17180ce1dfbd95b08dcf47","name":"elli","sameAs":["https:\/\/x.com\/elli"]}]}},"_links":{"self":[{"href":"https:\/\/www.meydan.tv\/az\/wp-json\/wp\/v2\/posts\/276094","targetHints":{"allow":["GET"]}}],"collection":[{"href":"https:\/\/www.meydan.tv\/az\/wp-json\/wp\/v2\/posts"}],"about":[{"href":"https:\/\/www.meydan.tv\/az\/wp-json\/wp\/v2\/types\/post"}],"author":[{"embeddable":true,"href":"https:\/\/www.meydan.tv\/az\/wp-json\/wp\/v2\/users\/8"}],"replies":[{"embeddable":true,"href":"https:\/\/www.meydan.tv\/az\/wp-json\/wp\/v2\/comments?post=276094"}],"version-history":[{"count":1,"href":"https:\/\/www.meydan.tv\/az\/wp-json\/wp\/v2\/posts\/276094\/revisions"}],"predecessor-version":[{"id":276095,"href":"https:\/\/www.meydan.tv\/az\/wp-json\/wp\/v2\/posts\/276094\/revisions\/276095"}],"wp:featuredmedia":[{"embeddable":true,"href":"https:\/\/www.meydan.tv\/az\/wp-json\/wp\/v2\/media\/276096"}],"wp:attachment":[{"href":"https:\/\/www.meydan.tv\/az\/wp-json\/wp\/v2\/media?parent=276094"}],"wp:term":[{"taxonomy":"category","embeddable":true,"href":"https:\/\/www.meydan.tv\/az\/wp-json\/wp\/v2\/categories?post=276094"},{"taxonomy":"post_tag","embeddable":true,"href":"https:\/\/www.meydan.tv\/az\/wp-json\/wp\/v2\/tags?post=276094"}],"curies":[{"name":"wp","href":"https:\/\/api.w.org\/{rel}","templated":true}]}}