{"id":276069,"date":"2023-05-25T17:40:52","date_gmt":"2023-05-25T13:40:52","guid":{"rendered":"https:\/\/www.meydan.tv\/?p=276069"},"modified":"2023-05-25T17:40:56","modified_gmt":"2023-05-25T13:40:56","slug":"serur-sakini-qardasim-serlenerek-hebs-olunub-3-gundur-acliq-aksiyasi-kecirir","status":"publish","type":"post","link":"https:\/\/www.meydan.tv\/az\/article\/serur-sakini-qardasim-serlenerek-hebs-olunub-3-gundur-acliq-aksiyasi-kecirir\/","title":{"rendered":"\u015e\u0259rur sakini: &#8220;Qarda\u015f\u0131m \u015f\u0259rl\u0259n\u0259r\u0259k h\u0259bs olunub, 3 g\u00fcnd\u00fcr acl\u0131q aksiyas\u0131 ke\u00e7irir&#8221;"},"content":{"rendered":"\n<p><\/p>\n\n\n\n<p><strong><em>R\u00fcf\u0259t \u0130smay\u0131lov m\u00fcraci\u0259tl\u0259rin\u0259 bax\u0131lmamas\u0131ndan \u015fikay\u0259tl\u0259nir<\/em><\/strong><\/p>\n\n\n\n<p>\u201c<em>2022-ci ilin yanvar\u0131nda qarda\u015f\u0131m\u0131 haqs\u0131z yer\u0259, \u015f\u0259rl\u0259y\u0259r\u0259k h\u0259bs edibl\u0259r. O, on yeddi ayd\u0131r ki, h\u0259bsxanada saxlan\u0131l\u0131r. D\u0259f\u0259l\u0259rl\u0259 acl\u0131q aksiyas\u0131 ets\u0259 d\u0259, \u0259h\u0259miyy\u0259t ver\u0259n olmay\u0131b\u201d.<\/em><\/p>\n\n\n\n<p>Bunu Meydan TV-y\u0259 \u015e\u0259rurun Arbatan k\u0259nd sakini R\u00fcf\u0259t Vilay\u0259t o\u011flu \u0130smay\u0131lov deyir.<\/p>\n\n\n\n<p><em>\u201c2011-ci ild\u0259n Bak\u0131da kiray\u0259d\u0259 ya\u015fay\u0131r\u0131q. 1990-c\u0131 il t\u0259v\u0259ll\u00fcdl\u00fc qarda\u015f\u0131m Ruhin Vilay\u0259t o\u011flu \u0130smay\u0131lovun \u201cKubinka\u201d m\u0259h\u0259ll\u0259sind\u0259 balaca \u00e7\u00f6r\u0259k sexi vard\u0131. Az\u0259r M\u00fcbariz o\u011flu C\u0259f\u0259rovu sex\u0259 i\u015f\u00e7i g\u00f6t\u00fcrm\u00fc\u015fd\u00fc. Az\u0259r \u0130mi\u015fliy\u0259 gedib, narkotik g\u00f6t\u00fcr\u0259rk\u0259n h\u0259bs olunub. O, narkotiki g\u00f6t\u00fcrm\u0259y\u0259 ged\u0259nd\u0259 bunu qarda\u015f\u0131ma deyibmi\u015f. Saxland\u0131\u011f\u0131 \u00fc\u00e7\u00fcn qarda\u015f\u0131mdan \u015f\u00fcbh\u0259l\u0259nib, ona g\u00f6r\u0259 d\u0259 onun ad\u0131n\u0131 verib\u201d<\/em>, &#8211; dey\u0259 o bildirib.<\/p>\n\n\n\n<p>\u201c<em>Bundan sonra qarda\u015f\u0131m\u0131 izahat almaq \u00fc\u00e7\u00fcn apard\u0131lar. Ruhin izahat \u00fc\u00e7\u00fcn gedib, amma on yeddi ayd\u0131r ki, Bak\u0131 \u0130stintaq T\u0259cridxanas\u0131nda saxlan\u0131l\u0131r. D\u0259f\u0259l\u0259rl\u0259 acl\u0131q edib, amma he\u00e7 kim yax\u0131n durmad\u0131. \u0130zahat al\u0131nanda yan\u0131nda v\u0259kill\u0259r olmay\u0131b. Ad\u0131 \u00e7\u0259kildiyi \u00fc\u00e7\u00fcn deyirl\u0259r ki, bilirs\u0259ns\u0259, dem\u0259li, s\u0259n d\u0259 bu i\u015fin i\u00e7ind\u0259s\u0259n\u201d,<\/em> &#8211; R\u00fcf\u0259t \u0130smay\u0131lov bel\u0259 deyib.<\/p>\n\n\n\n<p>O bildirib ki, m\u0259s\u0259l\u0259 il\u0259 \u0259laq\u0259dar Ba\u015f Prokurorlu\u011fa, Prezident Adminstrasiyas\u0131na, Ombudsmana m\u00fcraci\u0259t ets\u0259 d\u0259, n\u0259tic\u0259siz qal\u0131b:<\/p>\n\n\n\n<p><em>\u201cQarda\u015f\u0131m \u00fc\u00e7 g\u00fcnd\u00fcr ki, acl\u0131q edir. \u0130yunun 1-d\u0259 m\u0259hk\u0259m\u0259si olacaq. Onu art\u0131q \u00f6l\u00fcm h\u0259ddin\u0259 \u00e7atd\u0131r\u0131blar. M\u00fcraci\u0259tl\u0259rimiz\u0259 baxan yoxdur\u201d.<\/em><\/p>\n\n\n<div class=\"wp-block-image\">\n<figure class=\"alignleft size-large is-resized\"><img decoding=\"async\" data-src=\"https:\/\/www.meydan.tv\/wp-content\/uploads\/img-20230525-wa0004-614x821.jpg\" alt=\"\" class=\"wp-image-276063 lazyload\" width=\"327\" height=\"437\" src=\"data:image\/svg+xml;base64,PHN2ZyB3aWR0aD0iMSIgaGVpZ2h0PSIxIiB4bWxucz0iaHR0cDovL3d3dy53My5vcmcvMjAwMC9zdmciPjwvc3ZnPg==\" style=\"--smush-placeholder-width: 327px; --smush-placeholder-aspect-ratio: 327\/437;\" \/><\/figure>\n<\/div>\n\n\n<p>Daxili \u0130\u015fl\u0259r Nazirliyinin m\u0259tbuat xidm\u0259tind\u0259n Meydan TV-y\u0259 bildirilib ki, 2022-ci il yanvar\u0131n 17-d\u0259 saat 23:35 rad\u0259l\u0259rind\u0259 \u0130mi\u015flinin \u0130mamverdili k\u0259ndinin yax\u0131nl\u0131\u011f\u0131nda yerl\u0259\u015f\u0259n s\u0259rh\u0259d zastavas\u0131n\u0131n xidm\u0259ti sah\u0259sind\u0259 K\u00fcrd\u0259mir sakini 1990-c\u0131 il t\u0259v\u0259ll\u00fcdl\u00fc C\u0259f\u0259rov Az\u0259r M\u00fcbariz o\u011flu saxlan\u0131l\u0131b.<\/p>\n\n\n\n<p>\u201c<em>Onun \u00fcz\u0259rind\u0259n 10 kiloqram 139 qram narkotik vasit\u0259v\u0259 590 \u0259d\u0259d \u201cmetadon-40\u201d psixotrop h\u0259b a\u015fkar olunaraq g\u00f6t\u00fcr\u00fcl\u00fcb. Narkotik vasit\u0259l\u0259rin sifari\u015f\u00e7il\u0259rinin m\u00fc\u0259yy\u0259nl\u0259\u015fdirilm\u0259si m\u0259qs\u0259dil\u0259 ke\u00e7irilmi\u015f \u0259m\u0259liyyat-axtar\u0131\u015f t\u0259dbirl\u0259ri n\u0259tic\u0259sind\u0259 \u015e\u0259rur rayonunun Arbatan k\u0259nd sakini 1990-c\u0131 il t\u0259v\u0259ll\u00fcdl\u00fc \u0130smay\u0131lov Ruhin Vilay\u0259t o\u011flu saxlan\u0131laraq istintaqa c\u0259lb edilib. Ara\u015fd\u0131rma zaman\u0131 saxlan\u0131lan \u015f\u0259xsl\u0259r narkotik vasit\u0259 alud\u0259\u00e7isi olduqlar\u0131n\u0131 bildiribl\u0259r\u201d, <\/em>&#8211; dey\u0259 a\u00e7\u0131qlamada bildirilir.<\/p>\n","protected":false},"excerpt":{"rendered":"<p>R\u00fcf\u0259t \u0130smay\u0131lov m\u00fcraci\u0259tl\u0259rin\u0259 bax\u0131lmamas\u0131ndan \u015fikay\u0259tl\u0259nir \u201c2022-ci ilin yanvar\u0131nda qarda\u015f\u0131m\u0131 haqs\u0131z &#8230; <\/p>\n<p class=\"read-more-container\"><a title=\"\u015e\u0259rur sakini: &#8220;Qarda\u015f\u0131m \u015f\u0259rl\u0259n\u0259r\u0259k h\u0259bs olunub, 3 g\u00fcnd\u00fcr acl\u0131q aksiyas\u0131 ke\u00e7irir&#8221;\" class=\"read-more button\" href=\"https:\/\/www.meydan.tv\/az\/article\/serur-sakini-qardasim-serlenerek-hebs-olunub-3-gundur-acliq-aksiyasi-kecirir\/#more-276069\" aria-label=\"Read more about \u015e\u0259rur sakini: &#8220;Qarda\u015f\u0131m \u015f\u0259rl\u0259n\u0259r\u0259k h\u0259bs olunub, 3 g\u00fcnd\u00fcr acl\u0131q aksiyas\u0131 ke\u00e7irir&#8221;\">Davam\u0131<\/a><\/p>\n","protected":false},"author":8,"featured_media":276060,"comment_status":"closed","ping_status":"closed","sticky":false,"template":"","format":"standard","meta":{"_acf_changed":false,"_sitemap_exclude":false,"_sitemap_priority":"","_sitemap_frequency":"","footnotes":""},"categories":[60,56],"tags":[],"class_list":["post-276069","post","type-post","status-publish","format-standard","has-post-thumbnail","hentry","category-bolge","category-xeberler","infinite-scroll-item","generate-columns","tablet-grid-50","mobile-grid-100","grid-parent","grid-33","no-featured-image-padding"],"acf":[],"yoast_head":"<!-- This site is optimized with the Yoast SEO plugin v27.5 - https:\/\/yoast.com\/product\/yoast-seo-wordpress\/ -->\n<title>\u015e\u0259rur sakini: &quot;Qarda\u015f\u0131m \u015f\u0259rl\u0259n\u0259r\u0259k h\u0259bs olunub, 3 g\u00fcnd\u00fcr acl\u0131q aksiyas\u0131 ke\u00e7irir&quot; - MEYDAN.TV<\/title>\n<meta name=\"robots\" content=\"index, follow, max-snippet:-1, max-image-preview:large, max-video-preview:-1\" \/>\n<link rel=\"canonical\" href=\"https:\/\/www.meydan.tv\/az\/article\/serur-sakini-qardasim-serlenerek-hebs-olunub-3-gundur-acliq-aksiyasi-kecirir\/\" \/>\n<meta property=\"og:locale\" content=\"az_AZ\" \/>\n<meta property=\"og:type\" content=\"article\" \/>\n<meta property=\"og:title\" content=\"\u015e\u0259rur sakini: &quot;Qarda\u015f\u0131m \u015f\u0259rl\u0259n\u0259r\u0259k h\u0259bs olunub, 3 g\u00fcnd\u00fcr acl\u0131q aksiyas\u0131 ke\u00e7irir&quot; - MEYDAN.TV\" \/>\n<meta property=\"og:description\" content=\"R\u00fcf\u0259t \u0130smay\u0131lov m\u00fcraci\u0259tl\u0259rin\u0259 bax\u0131lmamas\u0131ndan \u015fikay\u0259tl\u0259nir \u201c2022-ci ilin yanvar\u0131nda qarda\u015f\u0131m\u0131 haqs\u0131z ... Davam\u0131\" \/>\n<meta property=\"og:url\" content=\"https:\/\/www.meydan.tv\/az\/article\/serur-sakini-qardasim-serlenerek-hebs-olunub-3-gundur-acliq-aksiyasi-kecirir\/\" \/>\n<meta property=\"og:site_name\" content=\"MEYDAN.TV\" \/>\n<meta property=\"article:published_time\" content=\"2023-05-25T13:40:52+00:00\" \/>\n<meta property=\"article:modified_time\" content=\"2023-05-25T13:40:56+00:00\" \/>\n<meta property=\"og:image\" content=\"https:\/\/www.meydan.tv\/wp-content\/uploads\/untitled-design-4-72-e1685021119888.jpg\" \/>\n\t<meta property=\"og:image:width\" content=\"1200\" \/>\n\t<meta property=\"og:image:height\" content=\"648\" \/>\n\t<meta property=\"og:image:type\" content=\"image\/jpeg\" \/>\n<meta name=\"author\" content=\"elli\" \/>\n<meta name=\"twitter:card\" content=\"summary_large_image\" \/>\n<meta name=\"twitter:creator\" content=\"@elli\" \/>\n<script type=\"application\/ld+json\" class=\"yoast-schema-graph\">{\"@context\":\"https:\\\/\\\/schema.org\",\"@graph\":[{\"@type\":\"Article\",\"@id\":\"https:\\\/\\\/www.meydan.tv\\\/az\\\/article\\\/serur-sakini-qardasim-serlenerek-hebs-olunub-3-gundur-acliq-aksiyasi-kecirir\\\/#article\",\"isPartOf\":{\"@id\":\"https:\\\/\\\/www.meydan.tv\\\/az\\\/article\\\/serur-sakini-qardasim-serlenerek-hebs-olunub-3-gundur-acliq-aksiyasi-kecirir\\\/\"},\"author\":{\"name\":\"elli\",\"@id\":\"https:\\\/\\\/www.meydan.tv\\\/az\\\/#\\\/schema\\\/person\\\/9cdbecf90d17180ce1dfbd95b08dcf47\"},\"headline\":\"\u015e\u0259rur sakini: &#8220;Qarda\u015f\u0131m \u015f\u0259rl\u0259n\u0259r\u0259k h\u0259bs olunub, 3 g\u00fcnd\u00fcr acl\u0131q aksiyas\u0131 ke\u00e7irir&#8221;\",\"datePublished\":\"2023-05-25T13:40:52+00:00\",\"dateModified\":\"2023-05-25T13:40:56+00:00\",\"mainEntityOfPage\":{\"@id\":\"https:\\\/\\\/www.meydan.tv\\\/az\\\/article\\\/serur-sakini-qardasim-serlenerek-hebs-olunub-3-gundur-acliq-aksiyasi-kecirir\\\/\"},\"wordCount\":487,\"publisher\":{\"@id\":\"https:\\\/\\\/www.meydan.tv\\\/az\\\/#organization\"},\"image\":{\"@id\":\"https:\\\/\\\/www.meydan.tv\\\/az\\\/article\\\/serur-sakini-qardasim-serlenerek-hebs-olunub-3-gundur-acliq-aksiyasi-kecirir\\\/#primaryimage\"},\"thumbnailUrl\":\"https:\\\/\\\/www.meydan.tv\\\/wp-content\\\/uploads\\\/untitled-design-4-72-e1685021119888.jpg\",\"articleSection\":[\"B\u00f6lg\u0259\",\"X\u0259b\u0259rl\u0259r\"],\"inLanguage\":\"az\"},{\"@type\":\"WebPage\",\"@id\":\"https:\\\/\\\/www.meydan.tv\\\/az\\\/article\\\/serur-sakini-qardasim-serlenerek-hebs-olunub-3-gundur-acliq-aksiyasi-kecirir\\\/\",\"url\":\"https:\\\/\\\/www.meydan.tv\\\/az\\\/article\\\/serur-sakini-qardasim-serlenerek-hebs-olunub-3-gundur-acliq-aksiyasi-kecirir\\\/\",\"name\":\"\u015e\u0259rur sakini: \\\"Qarda\u015f\u0131m \u015f\u0259rl\u0259n\u0259r\u0259k h\u0259bs olunub, 3 g\u00fcnd\u00fcr acl\u0131q aksiyas\u0131 ke\u00e7irir\\\" - MEYDAN.TV\",\"isPartOf\":{\"@id\":\"https:\\\/\\\/www.meydan.tv\\\/az\\\/#website\"},\"primaryImageOfPage\":{\"@id\":\"https:\\\/\\\/www.meydan.tv\\\/az\\\/article\\\/serur-sakini-qardasim-serlenerek-hebs-olunub-3-gundur-acliq-aksiyasi-kecirir\\\/#primaryimage\"},\"image\":{\"@id\":\"https:\\\/\\\/www.meydan.tv\\\/az\\\/article\\\/serur-sakini-qardasim-serlenerek-hebs-olunub-3-gundur-acliq-aksiyasi-kecirir\\\/#primaryimage\"},\"thumbnailUrl\":\"https:\\\/\\\/www.meydan.tv\\\/wp-content\\\/uploads\\\/untitled-design-4-72-e1685021119888.jpg\",\"datePublished\":\"2023-05-25T13:40:52+00:00\",\"dateModified\":\"2023-05-25T13:40:56+00:00\",\"breadcrumb\":{\"@id\":\"https:\\\/\\\/www.meydan.tv\\\/az\\\/article\\\/serur-sakini-qardasim-serlenerek-hebs-olunub-3-gundur-acliq-aksiyasi-kecirir\\\/#breadcrumb\"},\"inLanguage\":\"az\",\"potentialAction\":[{\"@type\":\"ReadAction\",\"target\":[\"https:\\\/\\\/www.meydan.tv\\\/az\\\/article\\\/serur-sakini-qardasim-serlenerek-hebs-olunub-3-gundur-acliq-aksiyasi-kecirir\\\/\"]}]},{\"@type\":\"ImageObject\",\"inLanguage\":\"az\",\"@id\":\"https:\\\/\\\/www.meydan.tv\\\/az\\\/article\\\/serur-sakini-qardasim-serlenerek-hebs-olunub-3-gundur-acliq-aksiyasi-kecirir\\\/#primaryimage\",\"url\":\"https:\\\/\\\/www.meydan.tv\\\/wp-content\\\/uploads\\\/untitled-design-4-72-e1685021119888.jpg\",\"contentUrl\":\"https:\\\/\\\/www.meydan.tv\\\/wp-content\\\/uploads\\\/untitled-design-4-72-e1685021119888.jpg\",\"width\":1200,\"height\":648,\"caption\":\"Ruhin \u0130smay\u0131lov. Foto: ail\u0259 albomundan\"},{\"@type\":\"BreadcrumbList\",\"@id\":\"https:\\\/\\\/www.meydan.tv\\\/az\\\/article\\\/serur-sakini-qardasim-serlenerek-hebs-olunub-3-gundur-acliq-aksiyasi-kecirir\\\/#breadcrumb\",\"itemListElement\":[{\"@type\":\"ListItem\",\"position\":1,\"name\":\"Ana s\u0259hif\u0259\",\"item\":\"https:\\\/\\\/www.meydan.tv\\\/az\\\/\"},{\"@type\":\"ListItem\",\"position\":2,\"name\":\"B\u00f6lg\u0259\",\"item\":\"https:\\\/\\\/www.meydan.tv\\\/az\\\/section\\\/bolge\\\/\"},{\"@type\":\"ListItem\",\"position\":3,\"name\":\"\u015e\u0259rur sakini: &#8220;Qarda\u015f\u0131m \u015f\u0259rl\u0259n\u0259r\u0259k h\u0259bs olunub, 3 g\u00fcnd\u00fcr acl\u0131q aksiyas\u0131 ke\u00e7irir&#8221;\"}]},{\"@type\":\"WebSite\",\"@id\":\"https:\\\/\\\/www.meydan.tv\\\/az\\\/#website\",\"url\":\"https:\\\/\\\/www.meydan.tv\\\/az\\\/\",\"name\":\"MEYDAN.TV\",\"description\":\"Meydan TV Az\u0259rbaycan\u0131n media m\u0259kan\u0131ndak\u0131 alternativ s\u0259sidir\",\"publisher\":{\"@id\":\"https:\\\/\\\/www.meydan.tv\\\/az\\\/#organization\"},\"potentialAction\":[{\"@type\":\"SearchAction\",\"target\":{\"@type\":\"EntryPoint\",\"urlTemplate\":\"https:\\\/\\\/www.meydan.tv\\\/az\\\/?s={search_term_string}\"},\"query-input\":{\"@type\":\"PropertyValueSpecification\",\"valueRequired\":true,\"valueName\":\"search_term_string\"}}],\"inLanguage\":\"az\"},{\"@type\":\"Organization\",\"@id\":\"https:\\\/\\\/www.meydan.tv\\\/az\\\/#organization\",\"name\":\"Meydan TV\",\"url\":\"https:\\\/\\\/www.meydan.tv\\\/az\\\/\",\"logo\":{\"@type\":\"ImageObject\",\"inLanguage\":\"az\",\"@id\":\"https:\\\/\\\/www.meydan.tv\\\/az\\\/#\\\/schema\\\/logo\\\/image\\\/\",\"url\":\"https:\\\/\\\/www.meydan.tv\\\/wp-content\\\/uploads\\\/2021\\\/07\\\/meydan-logo.svg\",\"contentUrl\":\"https:\\\/\\\/www.meydan.tv\\\/wp-content\\\/uploads\\\/2021\\\/07\\\/meydan-logo.svg\",\"width\":195,\"height\":46,\"caption\":\"Meydan TV\"},\"image\":{\"@id\":\"https:\\\/\\\/www.meydan.tv\\\/az\\\/#\\\/schema\\\/logo\\\/image\\\/\"}},{\"@type\":\"Person\",\"@id\":\"https:\\\/\\\/www.meydan.tv\\\/az\\\/#\\\/schema\\\/person\\\/9cdbecf90d17180ce1dfbd95b08dcf47\",\"name\":\"elli\",\"sameAs\":[\"https:\\\/\\\/x.com\\\/elli\"]}]}<\/script>\n<!-- \/ Yoast SEO plugin. -->","yoast_head_json":{"title":"\u015e\u0259rur sakini: \"Qarda\u015f\u0131m \u015f\u0259rl\u0259n\u0259r\u0259k h\u0259bs olunub, 3 g\u00fcnd\u00fcr acl\u0131q aksiyas\u0131 ke\u00e7irir\" - MEYDAN.TV","robots":{"index":"index","follow":"follow","max-snippet":"max-snippet:-1","max-image-preview":"max-image-preview:large","max-video-preview":"max-video-preview:-1"},"canonical":"https:\/\/www.meydan.tv\/az\/article\/serur-sakini-qardasim-serlenerek-hebs-olunub-3-gundur-acliq-aksiyasi-kecirir\/","og_locale":"az_AZ","og_type":"article","og_title":"\u015e\u0259rur sakini: \"Qarda\u015f\u0131m \u015f\u0259rl\u0259n\u0259r\u0259k h\u0259bs olunub, 3 g\u00fcnd\u00fcr acl\u0131q aksiyas\u0131 ke\u00e7irir\" - MEYDAN.TV","og_description":"R\u00fcf\u0259t \u0130smay\u0131lov m\u00fcraci\u0259tl\u0259rin\u0259 bax\u0131lmamas\u0131ndan \u015fikay\u0259tl\u0259nir \u201c2022-ci ilin yanvar\u0131nda qarda\u015f\u0131m\u0131 haqs\u0131z ... Davam\u0131","og_url":"https:\/\/www.meydan.tv\/az\/article\/serur-sakini-qardasim-serlenerek-hebs-olunub-3-gundur-acliq-aksiyasi-kecirir\/","og_site_name":"MEYDAN.TV","article_published_time":"2023-05-25T13:40:52+00:00","article_modified_time":"2023-05-25T13:40:56+00:00","og_image":[{"width":1200,"height":648,"url":"https:\/\/www.meydan.tv\/wp-content\/uploads\/untitled-design-4-72-e1685021119888.jpg","type":"image\/jpeg"}],"author":"elli","twitter_card":"summary_large_image","twitter_creator":"@elli","schema":{"@context":"https:\/\/schema.org","@graph":[{"@type":"Article","@id":"https:\/\/www.meydan.tv\/az\/article\/serur-sakini-qardasim-serlenerek-hebs-olunub-3-gundur-acliq-aksiyasi-kecirir\/#article","isPartOf":{"@id":"https:\/\/www.meydan.tv\/az\/article\/serur-sakini-qardasim-serlenerek-hebs-olunub-3-gundur-acliq-aksiyasi-kecirir\/"},"author":{"name":"elli","@id":"https:\/\/www.meydan.tv\/az\/#\/schema\/person\/9cdbecf90d17180ce1dfbd95b08dcf47"},"headline":"\u015e\u0259rur sakini: &#8220;Qarda\u015f\u0131m \u015f\u0259rl\u0259n\u0259r\u0259k h\u0259bs olunub, 3 g\u00fcnd\u00fcr acl\u0131q aksiyas\u0131 ke\u00e7irir&#8221;","datePublished":"2023-05-25T13:40:52+00:00","dateModified":"2023-05-25T13:40:56+00:00","mainEntityOfPage":{"@id":"https:\/\/www.meydan.tv\/az\/article\/serur-sakini-qardasim-serlenerek-hebs-olunub-3-gundur-acliq-aksiyasi-kecirir\/"},"wordCount":487,"publisher":{"@id":"https:\/\/www.meydan.tv\/az\/#organization"},"image":{"@id":"https:\/\/www.meydan.tv\/az\/article\/serur-sakini-qardasim-serlenerek-hebs-olunub-3-gundur-acliq-aksiyasi-kecirir\/#primaryimage"},"thumbnailUrl":"https:\/\/www.meydan.tv\/wp-content\/uploads\/untitled-design-4-72-e1685021119888.jpg","articleSection":["B\u00f6lg\u0259","X\u0259b\u0259rl\u0259r"],"inLanguage":"az"},{"@type":"WebPage","@id":"https:\/\/www.meydan.tv\/az\/article\/serur-sakini-qardasim-serlenerek-hebs-olunub-3-gundur-acliq-aksiyasi-kecirir\/","url":"https:\/\/www.meydan.tv\/az\/article\/serur-sakini-qardasim-serlenerek-hebs-olunub-3-gundur-acliq-aksiyasi-kecirir\/","name":"\u015e\u0259rur sakini: \"Qarda\u015f\u0131m \u015f\u0259rl\u0259n\u0259r\u0259k h\u0259bs olunub, 3 g\u00fcnd\u00fcr acl\u0131q aksiyas\u0131 ke\u00e7irir\" - MEYDAN.TV","isPartOf":{"@id":"https:\/\/www.meydan.tv\/az\/#website"},"primaryImageOfPage":{"@id":"https:\/\/www.meydan.tv\/az\/article\/serur-sakini-qardasim-serlenerek-hebs-olunub-3-gundur-acliq-aksiyasi-kecirir\/#primaryimage"},"image":{"@id":"https:\/\/www.meydan.tv\/az\/article\/serur-sakini-qardasim-serlenerek-hebs-olunub-3-gundur-acliq-aksiyasi-kecirir\/#primaryimage"},"thumbnailUrl":"https:\/\/www.meydan.tv\/wp-content\/uploads\/untitled-design-4-72-e1685021119888.jpg","datePublished":"2023-05-25T13:40:52+00:00","dateModified":"2023-05-25T13:40:56+00:00","breadcrumb":{"@id":"https:\/\/www.meydan.tv\/az\/article\/serur-sakini-qardasim-serlenerek-hebs-olunub-3-gundur-acliq-aksiyasi-kecirir\/#breadcrumb"},"inLanguage":"az","potentialAction":[{"@type":"ReadAction","target":["https:\/\/www.meydan.tv\/az\/article\/serur-sakini-qardasim-serlenerek-hebs-olunub-3-gundur-acliq-aksiyasi-kecirir\/"]}]},{"@type":"ImageObject","inLanguage":"az","@id":"https:\/\/www.meydan.tv\/az\/article\/serur-sakini-qardasim-serlenerek-hebs-olunub-3-gundur-acliq-aksiyasi-kecirir\/#primaryimage","url":"https:\/\/www.meydan.tv\/wp-content\/uploads\/untitled-design-4-72-e1685021119888.jpg","contentUrl":"https:\/\/www.meydan.tv\/wp-content\/uploads\/untitled-design-4-72-e1685021119888.jpg","width":1200,"height":648,"caption":"Ruhin \u0130smay\u0131lov. Foto: ail\u0259 albomundan"},{"@type":"BreadcrumbList","@id":"https:\/\/www.meydan.tv\/az\/article\/serur-sakini-qardasim-serlenerek-hebs-olunub-3-gundur-acliq-aksiyasi-kecirir\/#breadcrumb","itemListElement":[{"@type":"ListItem","position":1,"name":"Ana s\u0259hif\u0259","item":"https:\/\/www.meydan.tv\/az\/"},{"@type":"ListItem","position":2,"name":"B\u00f6lg\u0259","item":"https:\/\/www.meydan.tv\/az\/section\/bolge\/"},{"@type":"ListItem","position":3,"name":"\u015e\u0259rur sakini: &#8220;Qarda\u015f\u0131m \u015f\u0259rl\u0259n\u0259r\u0259k h\u0259bs olunub, 3 g\u00fcnd\u00fcr acl\u0131q aksiyas\u0131 ke\u00e7irir&#8221;"}]},{"@type":"WebSite","@id":"https:\/\/www.meydan.tv\/az\/#website","url":"https:\/\/www.meydan.tv\/az\/","name":"MEYDAN.TV","description":"Meydan TV Az\u0259rbaycan\u0131n media m\u0259kan\u0131ndak\u0131 alternativ s\u0259sidir","publisher":{"@id":"https:\/\/www.meydan.tv\/az\/#organization"},"potentialAction":[{"@type":"SearchAction","target":{"@type":"EntryPoint","urlTemplate":"https:\/\/www.meydan.tv\/az\/?s={search_term_string}"},"query-input":{"@type":"PropertyValueSpecification","valueRequired":true,"valueName":"search_term_string"}}],"inLanguage":"az"},{"@type":"Organization","@id":"https:\/\/www.meydan.tv\/az\/#organization","name":"Meydan TV","url":"https:\/\/www.meydan.tv\/az\/","logo":{"@type":"ImageObject","inLanguage":"az","@id":"https:\/\/www.meydan.tv\/az\/#\/schema\/logo\/image\/","url":"https:\/\/www.meydan.tv\/wp-content\/uploads\/2021\/07\/meydan-logo.svg","contentUrl":"https:\/\/www.meydan.tv\/wp-content\/uploads\/2021\/07\/meydan-logo.svg","width":195,"height":46,"caption":"Meydan TV"},"image":{"@id":"https:\/\/www.meydan.tv\/az\/#\/schema\/logo\/image\/"}},{"@type":"Person","@id":"https:\/\/www.meydan.tv\/az\/#\/schema\/person\/9cdbecf90d17180ce1dfbd95b08dcf47","name":"elli","sameAs":["https:\/\/x.com\/elli"]}]}},"_links":{"self":[{"href":"https:\/\/www.meydan.tv\/az\/wp-json\/wp\/v2\/posts\/276069","targetHints":{"allow":["GET"]}}],"collection":[{"href":"https:\/\/www.meydan.tv\/az\/wp-json\/wp\/v2\/posts"}],"about":[{"href":"https:\/\/www.meydan.tv\/az\/wp-json\/wp\/v2\/types\/post"}],"author":[{"embeddable":true,"href":"https:\/\/www.meydan.tv\/az\/wp-json\/wp\/v2\/users\/8"}],"replies":[{"embeddable":true,"href":"https:\/\/www.meydan.tv\/az\/wp-json\/wp\/v2\/comments?post=276069"}],"version-history":[{"count":1,"href":"https:\/\/www.meydan.tv\/az\/wp-json\/wp\/v2\/posts\/276069\/revisions"}],"predecessor-version":[{"id":276071,"href":"https:\/\/www.meydan.tv\/az\/wp-json\/wp\/v2\/posts\/276069\/revisions\/276071"}],"wp:featuredmedia":[{"embeddable":true,"href":"https:\/\/www.meydan.tv\/az\/wp-json\/wp\/v2\/media\/276060"}],"wp:attachment":[{"href":"https:\/\/www.meydan.tv\/az\/wp-json\/wp\/v2\/media?parent=276069"}],"wp:term":[{"taxonomy":"category","embeddable":true,"href":"https:\/\/www.meydan.tv\/az\/wp-json\/wp\/v2\/categories?post=276069"},{"taxonomy":"post_tag","embeddable":true,"href":"https:\/\/www.meydan.tv\/az\/wp-json\/wp\/v2\/tags?post=276069"}],"curies":[{"name":"wp","href":"https:\/\/api.w.org\/{rel}","templated":true}]}}