{"id":276053,"date":"2023-05-25T16:17:20","date_gmt":"2023-05-25T12:17:20","guid":{"rendered":"https:\/\/www.meydan.tv\/?p=276053"},"modified":"2023-05-25T16:17:24","modified_gmt":"2023-05-25T12:17:24","slug":"ilham-eliyev-ilk-defe-avrasiya-ittifaqinin-iclasina-qatilacaq","status":"publish","type":"post","link":"https:\/\/www.meydan.tv\/az\/article\/ilham-eliyev-ilk-defe-avrasiya-ittifaqinin-iclasina-qatilacaq\/","title":{"rendered":"\u0130lham \u018fliyev ilk d\u0259f\u0259 Avrasiya \u0130ttifaq\u0131n\u0131n iclas\u0131na qat\u0131lacaq"},"content":{"rendered":"\n<p><\/p>\n\n\n\n<p><strong><em>Peskov deyib ki, Az\u0259rbaycan Prezidenti qonaq qismind\u0259 i\u015ftirak ed\u0259c\u0259k<\/em><\/strong><\/p>\n\n\n\n<p>May\u0131n 25-d\u0259 Az\u0259rbaycan Prezidenti \u0130lham \u018fliyev Ali Avrasiya \u0130qtisadi \u015euras\u0131n\u0131n iclas\u0131nda i\u015ftirak ed\u0259c\u0259k.<\/p>\n\n\n\n<p>Bildirilir ki, \u00d6zb\u0259kistan v\u0259 Tacikistan liderl\u0259ri \u015eavkat Mirziyoyev v\u0259 Emom\u0259li R\u0259hmonov da t\u0259dbir\u0259 videoba\u011flant\u0131 vasit\u0259sil\u0259 qat\u0131lacaqlar.<\/p>\n\n\n\n<p>Bu bar\u0259d\u0259 Rusiya Prezdidentinin m\u0259tbuat katibi Dmitri Peskov yerli mediaya deyib.<\/p>\n\n\n\n<p>D.Peskovun s\u00f6zl\u0259rin\u0259 g\u00f6r\u0259, bu g\u00fcn ilk d\u0259f\u0259 olaraq Az\u0259rbaycan Prezidenti \u0130lham \u018fliyevin g\u00f6r\u00fc\u015fd\u0259 qonaq qismind\u0259 i\u015ftirak etm\u0259si <a href=\"https:\/\/tass.ru\/politika\/17839207\" target=\"_blank\" rel=\"noreferrer noopener\">vacibdir<\/a>.<\/p>\n\n\n\n<p>Avrasiya \u0130qtisadi \u0130ttifaq\u0131 (A\u0130\u0130) \u00f6lk\u0259l\u0259rinin liderl\u0259rinin Kremld\u0259 g\u00f6r\u00fc\u015f\u00fc art\u0131q ba\u015flay\u0131b.<\/p>\n\n\n\n<p>Sammitd\u0259 Rusiya, Belarus, Qazax\u0131stan v\u0259 Q\u0131r\u011f\u0131z\u0131stan prezidentl\u0259ri, el\u0259c\u0259 d\u0259 Erm\u0259nistan\u0131n Ba\u015f naziri Nikol Pa\u015finyan i\u015ftirak edir.<\/p>\n\n\n\n<p>D. Peskov V. Putinin bu g\u00fcn h\u0259mkarlar\u0131 il\u0259 ayr\u0131-ayr\u0131l\u0131qda ikit\u0259r\u0259fli g\u00f6r\u00fc\u015fl\u0259r ke\u00e7ir\u0259c\u0259yini bildirib.<\/p>\n\n\n\n<p>Prezidentin m\u0259tbuat katibinin s\u00f6zl\u0259rin\u0259 g\u00f6r\u0259, Pa\u015finyan v\u0259 \u018fliyevl\u0259 iki ayr\u0131 g\u00f6r\u00fc\u015f, daha sonra is\u0259 \u00fc\u00e7t\u0259r\u0259fli dan\u0131\u015f\u0131qlar planla\u015fd\u0131r\u0131l\u0131r.<\/p>\n\n\n\n<p>O, h\u0259m\u00e7inin A\u0130\u0130-nin sammitind\u0259 birg\u0259 s\u0259n\u0259dl\u0259rin imzalanmas\u0131n\u0131n g\u00f6zl\u0259nildiyini d\u0259 deyib.<\/p>\n\n\n\n<p>Avrasiya \u0130qtisadi Birliyi 2014-c\u00fc ilin may\u0131nda Belarus, Qazax\u0131stan v\u0259 Rusiya t\u0259r\u0259find\u0259n imzalanm\u0131\u015f m\u00fcqavil\u0259 il\u0259 qurulan siyasi v\u0259 iqtisadi t\u0259\u015fkilatd\u0131r.<\/p>\n\n\n\n<p>Erm\u0259nistan h\u0259min ilin oktyabr\u0131nda birliy\u0259 \u00fczv olub.<\/p>\n\n\n\n<p>Birliyin f\u0259aliyy\u0259ti r\u0259smi olaraq 1 yanvar 2015-ci ild\u0259 ba\u015flay\u0131b.<\/p>\n","protected":false},"excerpt":{"rendered":"<p>Peskov deyib ki, Az\u0259rbaycan Prezidenti qonaq qismind\u0259 i\u015ftirak ed\u0259c\u0259k May\u0131n &#8230; <\/p>\n<p class=\"read-more-container\"><a title=\"\u0130lham \u018fliyev ilk d\u0259f\u0259 Avrasiya \u0130ttifaq\u0131n\u0131n iclas\u0131na qat\u0131lacaq\" class=\"read-more button\" href=\"https:\/\/www.meydan.tv\/az\/article\/ilham-eliyev-ilk-defe-avrasiya-ittifaqinin-iclasina-qatilacaq\/#more-276053\" aria-label=\"Read more about \u0130lham \u018fliyev ilk d\u0259f\u0259 Avrasiya \u0130ttifaq\u0131n\u0131n iclas\u0131na qat\u0131lacaq\">Davam\u0131<\/a><\/p>\n","protected":false},"author":8,"featured_media":276054,"comment_status":"closed","ping_status":"closed","sticky":false,"template":"","format":"standard","meta":{"_acf_changed":false,"_sitemap_exclude":false,"_sitemap_priority":"","_sitemap_frequency":"","footnotes":""},"categories":[59,79,56],"tags":[],"class_list":["post-276053","post","type-post","status-publish","format-standard","has-post-thumbnail","hentry","category-siyaset","category-featured","category-xeberler","infinite-scroll-item","generate-columns","tablet-grid-50","mobile-grid-100","grid-parent","grid-33","no-featured-image-padding"],"acf":[],"yoast_head":"<!-- This site is optimized with the Yoast SEO plugin v27.4 - https:\/\/yoast.com\/product\/yoast-seo-wordpress\/ -->\n<title>\u0130lham \u018fliyev ilk d\u0259f\u0259 Avrasiya \u0130ttifaq\u0131n\u0131n iclas\u0131na qat\u0131lacaq - MEYDAN.TV<\/title>\n<meta name=\"robots\" content=\"index, follow, max-snippet:-1, max-image-preview:large, max-video-preview:-1\" \/>\n<link rel=\"canonical\" href=\"https:\/\/www.meydan.tv\/az\/article\/ilham-eliyev-ilk-defe-avrasiya-ittifaqinin-iclasina-qatilacaq\/\" \/>\n<meta property=\"og:locale\" content=\"az_AZ\" \/>\n<meta property=\"og:type\" content=\"article\" \/>\n<meta property=\"og:title\" content=\"\u0130lham \u018fliyev ilk d\u0259f\u0259 Avrasiya \u0130ttifaq\u0131n\u0131n iclas\u0131na qat\u0131lacaq - MEYDAN.TV\" \/>\n<meta property=\"og:description\" content=\"Peskov deyib ki, Az\u0259rbaycan Prezidenti qonaq qismind\u0259 i\u015ftirak ed\u0259c\u0259k May\u0131n ... Davam\u0131\" \/>\n<meta property=\"og:url\" content=\"https:\/\/www.meydan.tv\/az\/article\/ilham-eliyev-ilk-defe-avrasiya-ittifaqinin-iclasina-qatilacaq\/\" \/>\n<meta property=\"og:site_name\" content=\"MEYDAN.TV\" \/>\n<meta property=\"article:published_time\" content=\"2023-05-25T12:17:20+00:00\" \/>\n<meta property=\"article:modified_time\" content=\"2023-05-25T12:17:24+00:00\" \/>\n<meta property=\"og:image\" content=\"https:\/\/www.meydan.tv\/wp-content\/uploads\/vees-e1685016823220.jpg\" \/>\n\t<meta property=\"og:image:width\" content=\"1280\" \/>\n\t<meta property=\"og:image:height\" content=\"544\" \/>\n\t<meta property=\"og:image:type\" content=\"image\/jpeg\" \/>\n<meta name=\"author\" content=\"elli\" \/>\n<meta name=\"twitter:card\" content=\"summary_large_image\" \/>\n<meta name=\"twitter:creator\" content=\"@elli\" \/>\n<script type=\"application\/ld+json\" class=\"yoast-schema-graph\">{\"@context\":\"https:\\\/\\\/schema.org\",\"@graph\":[{\"@type\":\"Article\",\"@id\":\"https:\\\/\\\/www.meydan.tv\\\/az\\\/article\\\/ilham-eliyev-ilk-defe-avrasiya-ittifaqinin-iclasina-qatilacaq\\\/#article\",\"isPartOf\":{\"@id\":\"https:\\\/\\\/www.meydan.tv\\\/az\\\/article\\\/ilham-eliyev-ilk-defe-avrasiya-ittifaqinin-iclasina-qatilacaq\\\/\"},\"author\":{\"name\":\"elli\",\"@id\":\"https:\\\/\\\/www.meydan.tv\\\/az\\\/#\\\/schema\\\/person\\\/9cdbecf90d17180ce1dfbd95b08dcf47\"},\"headline\":\"\u0130lham \u018fliyev ilk d\u0259f\u0259 Avrasiya \u0130ttifaq\u0131n\u0131n iclas\u0131na qat\u0131lacaq\",\"datePublished\":\"2023-05-25T12:17:20+00:00\",\"dateModified\":\"2023-05-25T12:17:24+00:00\",\"mainEntityOfPage\":{\"@id\":\"https:\\\/\\\/www.meydan.tv\\\/az\\\/article\\\/ilham-eliyev-ilk-defe-avrasiya-ittifaqinin-iclasina-qatilacaq\\\/\"},\"wordCount\":282,\"publisher\":{\"@id\":\"https:\\\/\\\/www.meydan.tv\\\/az\\\/#organization\"},\"image\":{\"@id\":\"https:\\\/\\\/www.meydan.tv\\\/az\\\/article\\\/ilham-eliyev-ilk-defe-avrasiya-ittifaqinin-iclasina-qatilacaq\\\/#primaryimage\"},\"thumbnailUrl\":\"https:\\\/\\\/www.meydan.tv\\\/wp-content\\\/uploads\\\/vees-e1685016823220.jpg\",\"articleSection\":[\"Siyas\u0259t\",\"T\u00f6vsiy\u0259\",\"X\u0259b\u0259rl\u0259r\"],\"inLanguage\":\"az\"},{\"@type\":\"WebPage\",\"@id\":\"https:\\\/\\\/www.meydan.tv\\\/az\\\/article\\\/ilham-eliyev-ilk-defe-avrasiya-ittifaqinin-iclasina-qatilacaq\\\/\",\"url\":\"https:\\\/\\\/www.meydan.tv\\\/az\\\/article\\\/ilham-eliyev-ilk-defe-avrasiya-ittifaqinin-iclasina-qatilacaq\\\/\",\"name\":\"\u0130lham \u018fliyev ilk d\u0259f\u0259 Avrasiya \u0130ttifaq\u0131n\u0131n iclas\u0131na qat\u0131lacaq - MEYDAN.TV\",\"isPartOf\":{\"@id\":\"https:\\\/\\\/www.meydan.tv\\\/az\\\/#website\"},\"primaryImageOfPage\":{\"@id\":\"https:\\\/\\\/www.meydan.tv\\\/az\\\/article\\\/ilham-eliyev-ilk-defe-avrasiya-ittifaqinin-iclasina-qatilacaq\\\/#primaryimage\"},\"image\":{\"@id\":\"https:\\\/\\\/www.meydan.tv\\\/az\\\/article\\\/ilham-eliyev-ilk-defe-avrasiya-ittifaqinin-iclasina-qatilacaq\\\/#primaryimage\"},\"thumbnailUrl\":\"https:\\\/\\\/www.meydan.tv\\\/wp-content\\\/uploads\\\/vees-e1685016823220.jpg\",\"datePublished\":\"2023-05-25T12:17:20+00:00\",\"dateModified\":\"2023-05-25T12:17:24+00:00\",\"breadcrumb\":{\"@id\":\"https:\\\/\\\/www.meydan.tv\\\/az\\\/article\\\/ilham-eliyev-ilk-defe-avrasiya-ittifaqinin-iclasina-qatilacaq\\\/#breadcrumb\"},\"inLanguage\":\"az\",\"potentialAction\":[{\"@type\":\"ReadAction\",\"target\":[\"https:\\\/\\\/www.meydan.tv\\\/az\\\/article\\\/ilham-eliyev-ilk-defe-avrasiya-ittifaqinin-iclasina-qatilacaq\\\/\"]}]},{\"@type\":\"ImageObject\",\"inLanguage\":\"az\",\"@id\":\"https:\\\/\\\/www.meydan.tv\\\/az\\\/article\\\/ilham-eliyev-ilk-defe-avrasiya-ittifaqinin-iclasina-qatilacaq\\\/#primaryimage\",\"url\":\"https:\\\/\\\/www.meydan.tv\\\/wp-content\\\/uploads\\\/vees-e1685016823220.jpg\",\"contentUrl\":\"https:\\\/\\\/www.meydan.tv\\\/wp-content\\\/uploads\\\/vees-e1685016823220.jpg\",\"width\":1280,\"height\":544,\"caption\":\"Ali Avrasiya \u0130qtisadi \u015euras\u0131. Foto: \\\"eec.eaeunion.org\\\"\"},{\"@type\":\"BreadcrumbList\",\"@id\":\"https:\\\/\\\/www.meydan.tv\\\/az\\\/article\\\/ilham-eliyev-ilk-defe-avrasiya-ittifaqinin-iclasina-qatilacaq\\\/#breadcrumb\",\"itemListElement\":[{\"@type\":\"ListItem\",\"position\":1,\"name\":\"Ana s\u0259hif\u0259\",\"item\":\"https:\\\/\\\/www.meydan.tv\\\/az\\\/\"},{\"@type\":\"ListItem\",\"position\":2,\"name\":\"Siyas\u0259t\",\"item\":\"https:\\\/\\\/www.meydan.tv\\\/az\\\/section\\\/siyaset\\\/\"},{\"@type\":\"ListItem\",\"position\":3,\"name\":\"\u0130lham \u018fliyev ilk d\u0259f\u0259 Avrasiya \u0130ttifaq\u0131n\u0131n iclas\u0131na qat\u0131lacaq\"}]},{\"@type\":\"WebSite\",\"@id\":\"https:\\\/\\\/www.meydan.tv\\\/az\\\/#website\",\"url\":\"https:\\\/\\\/www.meydan.tv\\\/az\\\/\",\"name\":\"MEYDAN.TV\",\"description\":\"Meydan TV Az\u0259rbaycan\u0131n media m\u0259kan\u0131ndak\u0131 alternativ s\u0259sidir\",\"publisher\":{\"@id\":\"https:\\\/\\\/www.meydan.tv\\\/az\\\/#organization\"},\"potentialAction\":[{\"@type\":\"SearchAction\",\"target\":{\"@type\":\"EntryPoint\",\"urlTemplate\":\"https:\\\/\\\/www.meydan.tv\\\/az\\\/?s={search_term_string}\"},\"query-input\":{\"@type\":\"PropertyValueSpecification\",\"valueRequired\":true,\"valueName\":\"search_term_string\"}}],\"inLanguage\":\"az\"},{\"@type\":\"Organization\",\"@id\":\"https:\\\/\\\/www.meydan.tv\\\/az\\\/#organization\",\"name\":\"Meydan TV\",\"url\":\"https:\\\/\\\/www.meydan.tv\\\/az\\\/\",\"logo\":{\"@type\":\"ImageObject\",\"inLanguage\":\"az\",\"@id\":\"https:\\\/\\\/www.meydan.tv\\\/az\\\/#\\\/schema\\\/logo\\\/image\\\/\",\"url\":\"https:\\\/\\\/www.meydan.tv\\\/wp-content\\\/uploads\\\/2021\\\/07\\\/meydan-logo.svg\",\"contentUrl\":\"https:\\\/\\\/www.meydan.tv\\\/wp-content\\\/uploads\\\/2021\\\/07\\\/meydan-logo.svg\",\"width\":195,\"height\":46,\"caption\":\"Meydan TV\"},\"image\":{\"@id\":\"https:\\\/\\\/www.meydan.tv\\\/az\\\/#\\\/schema\\\/logo\\\/image\\\/\"}},{\"@type\":\"Person\",\"@id\":\"https:\\\/\\\/www.meydan.tv\\\/az\\\/#\\\/schema\\\/person\\\/9cdbecf90d17180ce1dfbd95b08dcf47\",\"name\":\"elli\",\"sameAs\":[\"https:\\\/\\\/x.com\\\/elli\"]}]}<\/script>\n<!-- \/ Yoast SEO plugin. -->","yoast_head_json":{"title":"\u0130lham \u018fliyev ilk d\u0259f\u0259 Avrasiya \u0130ttifaq\u0131n\u0131n iclas\u0131na qat\u0131lacaq - MEYDAN.TV","robots":{"index":"index","follow":"follow","max-snippet":"max-snippet:-1","max-image-preview":"max-image-preview:large","max-video-preview":"max-video-preview:-1"},"canonical":"https:\/\/www.meydan.tv\/az\/article\/ilham-eliyev-ilk-defe-avrasiya-ittifaqinin-iclasina-qatilacaq\/","og_locale":"az_AZ","og_type":"article","og_title":"\u0130lham \u018fliyev ilk d\u0259f\u0259 Avrasiya \u0130ttifaq\u0131n\u0131n iclas\u0131na qat\u0131lacaq - MEYDAN.TV","og_description":"Peskov deyib ki, Az\u0259rbaycan Prezidenti qonaq qismind\u0259 i\u015ftirak ed\u0259c\u0259k May\u0131n ... Davam\u0131","og_url":"https:\/\/www.meydan.tv\/az\/article\/ilham-eliyev-ilk-defe-avrasiya-ittifaqinin-iclasina-qatilacaq\/","og_site_name":"MEYDAN.TV","article_published_time":"2023-05-25T12:17:20+00:00","article_modified_time":"2023-05-25T12:17:24+00:00","og_image":[{"width":1280,"height":544,"url":"https:\/\/www.meydan.tv\/wp-content\/uploads\/vees-e1685016823220.jpg","type":"image\/jpeg"}],"author":"elli","twitter_card":"summary_large_image","twitter_creator":"@elli","schema":{"@context":"https:\/\/schema.org","@graph":[{"@type":"Article","@id":"https:\/\/www.meydan.tv\/az\/article\/ilham-eliyev-ilk-defe-avrasiya-ittifaqinin-iclasina-qatilacaq\/#article","isPartOf":{"@id":"https:\/\/www.meydan.tv\/az\/article\/ilham-eliyev-ilk-defe-avrasiya-ittifaqinin-iclasina-qatilacaq\/"},"author":{"name":"elli","@id":"https:\/\/www.meydan.tv\/az\/#\/schema\/person\/9cdbecf90d17180ce1dfbd95b08dcf47"},"headline":"\u0130lham \u018fliyev ilk d\u0259f\u0259 Avrasiya \u0130ttifaq\u0131n\u0131n iclas\u0131na qat\u0131lacaq","datePublished":"2023-05-25T12:17:20+00:00","dateModified":"2023-05-25T12:17:24+00:00","mainEntityOfPage":{"@id":"https:\/\/www.meydan.tv\/az\/article\/ilham-eliyev-ilk-defe-avrasiya-ittifaqinin-iclasina-qatilacaq\/"},"wordCount":282,"publisher":{"@id":"https:\/\/www.meydan.tv\/az\/#organization"},"image":{"@id":"https:\/\/www.meydan.tv\/az\/article\/ilham-eliyev-ilk-defe-avrasiya-ittifaqinin-iclasina-qatilacaq\/#primaryimage"},"thumbnailUrl":"https:\/\/www.meydan.tv\/wp-content\/uploads\/vees-e1685016823220.jpg","articleSection":["Siyas\u0259t","T\u00f6vsiy\u0259","X\u0259b\u0259rl\u0259r"],"inLanguage":"az"},{"@type":"WebPage","@id":"https:\/\/www.meydan.tv\/az\/article\/ilham-eliyev-ilk-defe-avrasiya-ittifaqinin-iclasina-qatilacaq\/","url":"https:\/\/www.meydan.tv\/az\/article\/ilham-eliyev-ilk-defe-avrasiya-ittifaqinin-iclasina-qatilacaq\/","name":"\u0130lham \u018fliyev ilk d\u0259f\u0259 Avrasiya \u0130ttifaq\u0131n\u0131n iclas\u0131na qat\u0131lacaq - MEYDAN.TV","isPartOf":{"@id":"https:\/\/www.meydan.tv\/az\/#website"},"primaryImageOfPage":{"@id":"https:\/\/www.meydan.tv\/az\/article\/ilham-eliyev-ilk-defe-avrasiya-ittifaqinin-iclasina-qatilacaq\/#primaryimage"},"image":{"@id":"https:\/\/www.meydan.tv\/az\/article\/ilham-eliyev-ilk-defe-avrasiya-ittifaqinin-iclasina-qatilacaq\/#primaryimage"},"thumbnailUrl":"https:\/\/www.meydan.tv\/wp-content\/uploads\/vees-e1685016823220.jpg","datePublished":"2023-05-25T12:17:20+00:00","dateModified":"2023-05-25T12:17:24+00:00","breadcrumb":{"@id":"https:\/\/www.meydan.tv\/az\/article\/ilham-eliyev-ilk-defe-avrasiya-ittifaqinin-iclasina-qatilacaq\/#breadcrumb"},"inLanguage":"az","potentialAction":[{"@type":"ReadAction","target":["https:\/\/www.meydan.tv\/az\/article\/ilham-eliyev-ilk-defe-avrasiya-ittifaqinin-iclasina-qatilacaq\/"]}]},{"@type":"ImageObject","inLanguage":"az","@id":"https:\/\/www.meydan.tv\/az\/article\/ilham-eliyev-ilk-defe-avrasiya-ittifaqinin-iclasina-qatilacaq\/#primaryimage","url":"https:\/\/www.meydan.tv\/wp-content\/uploads\/vees-e1685016823220.jpg","contentUrl":"https:\/\/www.meydan.tv\/wp-content\/uploads\/vees-e1685016823220.jpg","width":1280,"height":544,"caption":"Ali Avrasiya \u0130qtisadi \u015euras\u0131. Foto: \"eec.eaeunion.org\""},{"@type":"BreadcrumbList","@id":"https:\/\/www.meydan.tv\/az\/article\/ilham-eliyev-ilk-defe-avrasiya-ittifaqinin-iclasina-qatilacaq\/#breadcrumb","itemListElement":[{"@type":"ListItem","position":1,"name":"Ana s\u0259hif\u0259","item":"https:\/\/www.meydan.tv\/az\/"},{"@type":"ListItem","position":2,"name":"Siyas\u0259t","item":"https:\/\/www.meydan.tv\/az\/section\/siyaset\/"},{"@type":"ListItem","position":3,"name":"\u0130lham \u018fliyev ilk d\u0259f\u0259 Avrasiya \u0130ttifaq\u0131n\u0131n iclas\u0131na qat\u0131lacaq"}]},{"@type":"WebSite","@id":"https:\/\/www.meydan.tv\/az\/#website","url":"https:\/\/www.meydan.tv\/az\/","name":"MEYDAN.TV","description":"Meydan TV Az\u0259rbaycan\u0131n media m\u0259kan\u0131ndak\u0131 alternativ s\u0259sidir","publisher":{"@id":"https:\/\/www.meydan.tv\/az\/#organization"},"potentialAction":[{"@type":"SearchAction","target":{"@type":"EntryPoint","urlTemplate":"https:\/\/www.meydan.tv\/az\/?s={search_term_string}"},"query-input":{"@type":"PropertyValueSpecification","valueRequired":true,"valueName":"search_term_string"}}],"inLanguage":"az"},{"@type":"Organization","@id":"https:\/\/www.meydan.tv\/az\/#organization","name":"Meydan TV","url":"https:\/\/www.meydan.tv\/az\/","logo":{"@type":"ImageObject","inLanguage":"az","@id":"https:\/\/www.meydan.tv\/az\/#\/schema\/logo\/image\/","url":"https:\/\/www.meydan.tv\/wp-content\/uploads\/2021\/07\/meydan-logo.svg","contentUrl":"https:\/\/www.meydan.tv\/wp-content\/uploads\/2021\/07\/meydan-logo.svg","width":195,"height":46,"caption":"Meydan TV"},"image":{"@id":"https:\/\/www.meydan.tv\/az\/#\/schema\/logo\/image\/"}},{"@type":"Person","@id":"https:\/\/www.meydan.tv\/az\/#\/schema\/person\/9cdbecf90d17180ce1dfbd95b08dcf47","name":"elli","sameAs":["https:\/\/x.com\/elli"]}]}},"_links":{"self":[{"href":"https:\/\/www.meydan.tv\/az\/wp-json\/wp\/v2\/posts\/276053","targetHints":{"allow":["GET"]}}],"collection":[{"href":"https:\/\/www.meydan.tv\/az\/wp-json\/wp\/v2\/posts"}],"about":[{"href":"https:\/\/www.meydan.tv\/az\/wp-json\/wp\/v2\/types\/post"}],"author":[{"embeddable":true,"href":"https:\/\/www.meydan.tv\/az\/wp-json\/wp\/v2\/users\/8"}],"replies":[{"embeddable":true,"href":"https:\/\/www.meydan.tv\/az\/wp-json\/wp\/v2\/comments?post=276053"}],"version-history":[{"count":3,"href":"https:\/\/www.meydan.tv\/az\/wp-json\/wp\/v2\/posts\/276053\/revisions"}],"predecessor-version":[{"id":276059,"href":"https:\/\/www.meydan.tv\/az\/wp-json\/wp\/v2\/posts\/276053\/revisions\/276059"}],"wp:featuredmedia":[{"embeddable":true,"href":"https:\/\/www.meydan.tv\/az\/wp-json\/wp\/v2\/media\/276054"}],"wp:attachment":[{"href":"https:\/\/www.meydan.tv\/az\/wp-json\/wp\/v2\/media?parent=276053"}],"wp:term":[{"taxonomy":"category","embeddable":true,"href":"https:\/\/www.meydan.tv\/az\/wp-json\/wp\/v2\/categories?post=276053"},{"taxonomy":"post_tag","embeddable":true,"href":"https:\/\/www.meydan.tv\/az\/wp-json\/wp\/v2\/tags?post=276053"}],"curies":[{"name":"wp","href":"https:\/\/api.w.org\/{rel}","templated":true}]}}