{"id":276050,"date":"2023-05-25T16:08:17","date_gmt":"2023-05-25T12:08:17","guid":{"rendered":"https:\/\/www.meydan.tv\/?p=276050"},"modified":"2023-05-25T16:08:20","modified_gmt":"2023-05-25T12:08:20","slug":"aktyor-utana-utana-sixila-sixila-qonorar-qiymeti-qaldirmamalidir","status":"publish","type":"post","link":"https:\/\/www.meydan.tv\/az\/article\/aktyor-utana-utana-sixila-sixila-qonorar-qiymeti-qaldirmamalidir\/","title":{"rendered":"\u201cAktyor utana-utana, s\u0131x\u0131la-s\u0131x\u0131la qonorar qiym\u0259ti qald\u0131rmamal\u0131d\u0131r\u201d"},"content":{"rendered":"\n<p><\/p>\n\n\n\n<p><strong><em>Z\u00fclfiyy\u0259 Qurbanova: \u201cN\u0259 zamana q\u0259d\u0259r aktyorlar\u0131 az qonorarla i\u015fl\u0259d\u0259c\u0259kl\u0259r?\u201d<\/em><\/strong><\/p>\n\n\n\n<p>2023-c\u00fc il aprelin 20 v\u0259 21-d\u0259 \u201cAz\u0259rbaycan Kinosu &#8211; 125: Reall\u0131q, \u00c7a\u011f\u0131r\u0131\u015flar v\u0259 H\u0259d\u0259fl\u0259r\u201d m\u00f6vzusunda kino forumu ke\u00e7irilib.<\/p>\n\n\n\n<p>Az\u0259rbaycan kinosunun haz\u0131rk\u0131 probleml\u0259ri m\u00fczakir\u0259 olunub, fikir v\u0259 t\u0259klifl\u0259r s\u0259sl\u0259ndirilib.<\/p>\n\n\n\n<p>Aktrisa Z\u00fclfiyy\u0259 Qurbanova Meydan TV-y\u0259 deyir ki, forum m\u00fczakir\u0259l\u0259ri zaman\u0131 kinoaktyorlar\u0131n qonorar problemin\u0259 toxunulmay\u0131b.<\/p>\n\n\n\n<p>Aktrisa hesab edir ki, Az\u0259rbaycan kino s\u0259nayesind\u0259 ist\u0259r \u00f6z\u0259l, ist\u0259rs\u0259 d\u0259 d\u00f6vl\u0259t b\u00fcdc\u0259sind\u0259n aktyorlara ayr\u0131lan qonorar \u00e7ox azd\u0131r.<\/p>\n\n\n\n<p>Onun s\u00f6zl\u0259rin\u0259 g\u00f6r\u0259, bu istiqam\u0259td\u0259 i\u015fl\u0259r g\u00f6r\u00fclm\u0259li, x\u00fcsusi qurum yarad\u0131lmal\u0131d\u0131r:<\/p>\n\n\n\n<p><em>\u201cForumda toxunulacaq vacib m\u0259s\u0259l\u0259l\u0259rd\u0259n biri d\u0259 aktyorlar\u0131n qonorar m\u0259s\u0259l\u0259si idi. Bundan yan ke\u00e7dil\u0259r. \u00c7\u0259kildiyimiz film v\u0259 seriallara g\u00f6r\u0259 ald\u0131\u011f\u0131m\u0131z qonorar azd\u0131r v\u0259 bizi q\u0259tiyy\u0259n qane etmir. N\u0259 zamana q\u0259d\u0259r aktyorlar\u0131 az qonorarla i\u015fl\u0259d\u0259c\u0259kl\u0259r? Qurum yarad\u0131ls\u0131n, aktyorlar\u0131n qonorarlar\u0131 m\u00fczakir\u0259 olunsun. Bundan sonra b\u0259lli bir b\u00fcdc\u0259 m\u00fc\u0259yy\u0259n edilsin ki, kims\u0259 d\u0259 m\u0259ni kinoya \u00e7\u0259kilm\u0259y\u0259 \u00e7a\u011f\u0131randa, \u00fcr\u0259yi ist\u0259y\u0259n qiym\u0259ti dem\u0259sin\u201d.<\/em><\/p>\n\n\n\n<p>Aktrisan\u0131n s\u00f6zl\u0259rin\u0259 g\u00f6r\u0259, Az\u0259rbaycanda il \u0259rzind\u0259 \u00e7\u0259kil\u0259n film v\u0259 seriallar\u0131n say\u0131 az oldu\u011fu \u00fc\u00e7\u00fcn aktyorlar b\u0259z\u0259n az qonorarl\u0131 t\u0259klifi d\u0259 q\u0259bul etm\u0259k m\u0259cburiyy\u0259tind\u0259 qal\u0131rlar:<br>\u201c<em>\u018fslind\u0259, aktyor hans\u0131sa film v\u0259 ya seriala \u00e7\u0259kilm\u0259k t\u0259klifi alanda, b\u00fct\u00fcn d\u00fcnyada oldu\u011fu kimi qonorar\u0131n\u0131 \u00f6z\u00fc m\u00fc\u0259yy\u0259n etm\u0259lidir. Az\u0259rbaycanda is\u0259 bu bel\u0259 deyil. Filmin maliyy\u0259sini kim ay\u0131r\u0131rsa, qonorar\u0131 da o, m\u00fc\u0259yy\u0259n edir. Aktyor, sad\u0259c\u0259, be\u015f a\u015fa\u011f\u0131, \u00fc\u00e7 yuxar\u0131 qiym\u0259t oynada bil\u0259r\u201d.<\/em><\/p>\n\n\n\n<p>Z\u00fclfiyy\u0259 Qurbanova qeyd edir ki, \u0259ks\u0259r h\u0259mkarlar\u0131 qonor\u0131n a\u015fa\u011f\u0131 olmas\u0131 haqda dan\u0131\u015fmaqdan \u00e7\u0259kinirl\u0259r:<\/p>\n\n\n\n<p>\u201c<em>Qorxurlar ki, qonorar m\u00f6vzusu il\u0259 \u0259laq\u0259dar fikir bildir\u0259r\u0259m, hans\u0131sa rejissor m\u0259ni kaprizli hesa edib, filmin\u0259 \u00e7\u0259km\u0259z. D\u00f6vl\u0259t b\u00fcdc\u0259sind\u0259n maliyy\u0259l\u0259\u015f\u0259n filml\u0259r \u00fc\u00e7\u00fcn d\u0259 \u00e7ox az qonorar t\u0259klif olunur\u201d.<\/em><\/p>\n\n\n\n<p>Aktrisan\u0131 narahat ed\u0259n dig\u0259r bir m\u0259s\u0259l\u0259 d\u0259 maliyy\u0259 m\u0259s\u0259l\u0259l\u0259rinin birba\u015fa \u00f6z\u00fcn\u00fcn h\u0259ll etm\u0259si il\u0259 \u0259laq\u0259dard\u0131r:<\/p>\n\n\n\n<p><em>\u201cAz\u0259rbaycanda aktyorlar\u0131n meneceri yoxdur. Aktyorlar az qonorar ald\u0131qlar\u0131 \u00fc\u00e7\u00fcn menecer\u0259 faiz \u00f6d\u0259y\u0259 bilmirl\u0259r. Aktyor v\u0259 aktrisalar ham\u0131s\u0131 qonorarla ba\u011fl\u0131 s\u00f6hb\u0259tl\u0259ri \u00f6zl\u0259ri apar\u0131rlar. \u018fslind\u0259, bizim i\u015fimiz kamera \u00f6n\u00fcnd\u0259 rolumuzu oynamaqd\u0131r. M\u0259n i\u015fin maddi t\u0259r\u0259fini d\u00fc\u015f\u00fcnm\u0259li, kiminl\u0259s\u0259 \u00fcz-g\u00f6z olub, qonorar dan\u0131\u015fmal\u0131 deyil\u0259m. Ona g\u00f6r\u0259 d\u0259 qurum yarad\u0131b, konkret b\u00fcdc\u0259 m\u00fc\u0259yy\u0259n edilm\u0259lidir ki, aktyorlar da qonorar s\u00f6hb\u0259tin\u0259 girib, \u00fcz-g\u00f6z olmas\u0131nlar. Utana-utana, s\u0131x\u0131la-s\u0131x\u0131la qiym\u0259t qald\u0131rmas\u0131nlar\u201d.<\/em><\/p>\n","protected":false},"excerpt":{"rendered":"<p>Z\u00fclfiyy\u0259 Qurbanova: \u201cN\u0259 zamana q\u0259d\u0259r aktyorlar\u0131 az qonorarla i\u015fl\u0259d\u0259c\u0259kl\u0259r?\u201d 2023-c\u00fc &#8230; <\/p>\n<p class=\"read-more-container\"><a title=\"\u201cAktyor utana-utana, s\u0131x\u0131la-s\u0131x\u0131la qonorar qiym\u0259ti qald\u0131rmamal\u0131d\u0131r\u201d\" class=\"read-more button\" href=\"https:\/\/www.meydan.tv\/az\/article\/aktyor-utana-utana-sixila-sixila-qonorar-qiymeti-qaldirmamalidir\/#more-276050\" aria-label=\"Read more about \u201cAktyor utana-utana, s\u0131x\u0131la-s\u0131x\u0131la qonorar qiym\u0259ti qald\u0131rmamal\u0131d\u0131r\u201d\">Davam\u0131<\/a><\/p>\n","protected":false},"author":8,"featured_media":276047,"comment_status":"closed","ping_status":"closed","sticky":false,"template":"","format":"standard","meta":{"_acf_changed":false,"_sitemap_exclude":false,"_sitemap_priority":"","_sitemap_frequency":"","footnotes":""},"categories":[52,56],"tags":[],"class_list":["post-276050","post","type-post","status-publish","format-standard","has-post-thumbnail","hentry","category-medeniyyet","category-xeberler","infinite-scroll-item","generate-columns","tablet-grid-50","mobile-grid-100","grid-parent","grid-33","no-featured-image-padding"],"acf":[],"yoast_head":"<!-- This site is optimized with the Yoast SEO plugin v27.4 - https:\/\/yoast.com\/product\/yoast-seo-wordpress\/ -->\n<title>\u201cAktyor utana-utana, s\u0131x\u0131la-s\u0131x\u0131la qonorar qiym\u0259ti qald\u0131rmamal\u0131d\u0131r\u201d - MEYDAN.TV<\/title>\n<meta name=\"robots\" content=\"index, follow, max-snippet:-1, max-image-preview:large, max-video-preview:-1\" \/>\n<link rel=\"canonical\" href=\"https:\/\/www.meydan.tv\/az\/article\/aktyor-utana-utana-sixila-sixila-qonorar-qiymeti-qaldirmamalidir\/\" \/>\n<meta property=\"og:locale\" content=\"az_AZ\" \/>\n<meta property=\"og:type\" content=\"article\" \/>\n<meta property=\"og:title\" content=\"\u201cAktyor utana-utana, s\u0131x\u0131la-s\u0131x\u0131la qonorar qiym\u0259ti qald\u0131rmamal\u0131d\u0131r\u201d - MEYDAN.TV\" \/>\n<meta property=\"og:description\" content=\"Z\u00fclfiyy\u0259 Qurbanova: \u201cN\u0259 zamana q\u0259d\u0259r aktyorlar\u0131 az qonorarla i\u015fl\u0259d\u0259c\u0259kl\u0259r?\u201d 2023-c\u00fc ... Davam\u0131\" \/>\n<meta property=\"og:url\" content=\"https:\/\/www.meydan.tv\/az\/article\/aktyor-utana-utana-sixila-sixila-qonorar-qiymeti-qaldirmamalidir\/\" \/>\n<meta property=\"og:site_name\" content=\"MEYDAN.TV\" \/>\n<meta property=\"article:published_time\" content=\"2023-05-25T12:08:17+00:00\" \/>\n<meta property=\"article:modified_time\" content=\"2023-05-25T12:08:20+00:00\" \/>\n<meta property=\"og:image\" content=\"https:\/\/www.meydan.tv\/wp-content\/uploads\/untitled-design-3-87-e1685016225864.jpg\" \/>\n\t<meta property=\"og:image:width\" content=\"1200\" \/>\n\t<meta property=\"og:image:height\" content=\"726\" \/>\n\t<meta property=\"og:image:type\" content=\"image\/jpeg\" \/>\n<meta name=\"author\" content=\"elli\" \/>\n<meta name=\"twitter:card\" content=\"summary_large_image\" \/>\n<meta name=\"twitter:creator\" content=\"@elli\" \/>\n<script type=\"application\/ld+json\" class=\"yoast-schema-graph\">{\"@context\":\"https:\\\/\\\/schema.org\",\"@graph\":[{\"@type\":\"Article\",\"@id\":\"https:\\\/\\\/www.meydan.tv\\\/az\\\/article\\\/aktyor-utana-utana-sixila-sixila-qonorar-qiymeti-qaldirmamalidir\\\/#article\",\"isPartOf\":{\"@id\":\"https:\\\/\\\/www.meydan.tv\\\/az\\\/article\\\/aktyor-utana-utana-sixila-sixila-qonorar-qiymeti-qaldirmamalidir\\\/\"},\"author\":{\"name\":\"elli\",\"@id\":\"https:\\\/\\\/www.meydan.tv\\\/az\\\/#\\\/schema\\\/person\\\/9cdbecf90d17180ce1dfbd95b08dcf47\"},\"headline\":\"\u201cAktyor utana-utana, s\u0131x\u0131la-s\u0131x\u0131la qonorar qiym\u0259ti qald\u0131rmamal\u0131d\u0131r\u201d\",\"datePublished\":\"2023-05-25T12:08:17+00:00\",\"dateModified\":\"2023-05-25T12:08:20+00:00\",\"mainEntityOfPage\":{\"@id\":\"https:\\\/\\\/www.meydan.tv\\\/az\\\/article\\\/aktyor-utana-utana-sixila-sixila-qonorar-qiymeti-qaldirmamalidir\\\/\"},\"wordCount\":541,\"publisher\":{\"@id\":\"https:\\\/\\\/www.meydan.tv\\\/az\\\/#organization\"},\"image\":{\"@id\":\"https:\\\/\\\/www.meydan.tv\\\/az\\\/article\\\/aktyor-utana-utana-sixila-sixila-qonorar-qiymeti-qaldirmamalidir\\\/#primaryimage\"},\"thumbnailUrl\":\"https:\\\/\\\/www.meydan.tv\\\/wp-content\\\/uploads\\\/untitled-design-3-87-e1685016225864.jpg\",\"articleSection\":[\"M\u0259d\u0259niyy\u0259t\",\"X\u0259b\u0259rl\u0259r\"],\"inLanguage\":\"az\"},{\"@type\":\"WebPage\",\"@id\":\"https:\\\/\\\/www.meydan.tv\\\/az\\\/article\\\/aktyor-utana-utana-sixila-sixila-qonorar-qiymeti-qaldirmamalidir\\\/\",\"url\":\"https:\\\/\\\/www.meydan.tv\\\/az\\\/article\\\/aktyor-utana-utana-sixila-sixila-qonorar-qiymeti-qaldirmamalidir\\\/\",\"name\":\"\u201cAktyor utana-utana, s\u0131x\u0131la-s\u0131x\u0131la qonorar qiym\u0259ti qald\u0131rmamal\u0131d\u0131r\u201d - MEYDAN.TV\",\"isPartOf\":{\"@id\":\"https:\\\/\\\/www.meydan.tv\\\/az\\\/#website\"},\"primaryImageOfPage\":{\"@id\":\"https:\\\/\\\/www.meydan.tv\\\/az\\\/article\\\/aktyor-utana-utana-sixila-sixila-qonorar-qiymeti-qaldirmamalidir\\\/#primaryimage\"},\"image\":{\"@id\":\"https:\\\/\\\/www.meydan.tv\\\/az\\\/article\\\/aktyor-utana-utana-sixila-sixila-qonorar-qiymeti-qaldirmamalidir\\\/#primaryimage\"},\"thumbnailUrl\":\"https:\\\/\\\/www.meydan.tv\\\/wp-content\\\/uploads\\\/untitled-design-3-87-e1685016225864.jpg\",\"datePublished\":\"2023-05-25T12:08:17+00:00\",\"dateModified\":\"2023-05-25T12:08:20+00:00\",\"breadcrumb\":{\"@id\":\"https:\\\/\\\/www.meydan.tv\\\/az\\\/article\\\/aktyor-utana-utana-sixila-sixila-qonorar-qiymeti-qaldirmamalidir\\\/#breadcrumb\"},\"inLanguage\":\"az\",\"potentialAction\":[{\"@type\":\"ReadAction\",\"target\":[\"https:\\\/\\\/www.meydan.tv\\\/az\\\/article\\\/aktyor-utana-utana-sixila-sixila-qonorar-qiymeti-qaldirmamalidir\\\/\"]}]},{\"@type\":\"ImageObject\",\"inLanguage\":\"az\",\"@id\":\"https:\\\/\\\/www.meydan.tv\\\/az\\\/article\\\/aktyor-utana-utana-sixila-sixila-qonorar-qiymeti-qaldirmamalidir\\\/#primaryimage\",\"url\":\"https:\\\/\\\/www.meydan.tv\\\/wp-content\\\/uploads\\\/untitled-design-3-87-e1685016225864.jpg\",\"contentUrl\":\"https:\\\/\\\/www.meydan.tv\\\/wp-content\\\/uploads\\\/untitled-design-3-87-e1685016225864.jpg\",\"width\":1200,\"height\":726,\"caption\":\"Foto: Z\u00fclfiyy\u0259 Qurbanovan\u0131n \u015f\u0259xsi arxivind\u0259n\"},{\"@type\":\"BreadcrumbList\",\"@id\":\"https:\\\/\\\/www.meydan.tv\\\/az\\\/article\\\/aktyor-utana-utana-sixila-sixila-qonorar-qiymeti-qaldirmamalidir\\\/#breadcrumb\",\"itemListElement\":[{\"@type\":\"ListItem\",\"position\":1,\"name\":\"Ana s\u0259hif\u0259\",\"item\":\"https:\\\/\\\/www.meydan.tv\\\/az\\\/\"},{\"@type\":\"ListItem\",\"position\":2,\"name\":\"M\u0259d\u0259niyy\u0259t\",\"item\":\"https:\\\/\\\/www.meydan.tv\\\/az\\\/section\\\/medeniyyet\\\/\"},{\"@type\":\"ListItem\",\"position\":3,\"name\":\"\u201cAktyor utana-utana, s\u0131x\u0131la-s\u0131x\u0131la qonorar qiym\u0259ti qald\u0131rmamal\u0131d\u0131r\u201d\"}]},{\"@type\":\"WebSite\",\"@id\":\"https:\\\/\\\/www.meydan.tv\\\/az\\\/#website\",\"url\":\"https:\\\/\\\/www.meydan.tv\\\/az\\\/\",\"name\":\"MEYDAN.TV\",\"description\":\"Meydan TV Az\u0259rbaycan\u0131n media m\u0259kan\u0131ndak\u0131 alternativ s\u0259sidir\",\"publisher\":{\"@id\":\"https:\\\/\\\/www.meydan.tv\\\/az\\\/#organization\"},\"potentialAction\":[{\"@type\":\"SearchAction\",\"target\":{\"@type\":\"EntryPoint\",\"urlTemplate\":\"https:\\\/\\\/www.meydan.tv\\\/az\\\/?s={search_term_string}\"},\"query-input\":{\"@type\":\"PropertyValueSpecification\",\"valueRequired\":true,\"valueName\":\"search_term_string\"}}],\"inLanguage\":\"az\"},{\"@type\":\"Organization\",\"@id\":\"https:\\\/\\\/www.meydan.tv\\\/az\\\/#organization\",\"name\":\"Meydan TV\",\"url\":\"https:\\\/\\\/www.meydan.tv\\\/az\\\/\",\"logo\":{\"@type\":\"ImageObject\",\"inLanguage\":\"az\",\"@id\":\"https:\\\/\\\/www.meydan.tv\\\/az\\\/#\\\/schema\\\/logo\\\/image\\\/\",\"url\":\"https:\\\/\\\/www.meydan.tv\\\/wp-content\\\/uploads\\\/2021\\\/07\\\/meydan-logo.svg\",\"contentUrl\":\"https:\\\/\\\/www.meydan.tv\\\/wp-content\\\/uploads\\\/2021\\\/07\\\/meydan-logo.svg\",\"width\":195,\"height\":46,\"caption\":\"Meydan TV\"},\"image\":{\"@id\":\"https:\\\/\\\/www.meydan.tv\\\/az\\\/#\\\/schema\\\/logo\\\/image\\\/\"}},{\"@type\":\"Person\",\"@id\":\"https:\\\/\\\/www.meydan.tv\\\/az\\\/#\\\/schema\\\/person\\\/9cdbecf90d17180ce1dfbd95b08dcf47\",\"name\":\"elli\",\"sameAs\":[\"https:\\\/\\\/x.com\\\/elli\"]}]}<\/script>\n<!-- \/ Yoast SEO plugin. -->","yoast_head_json":{"title":"\u201cAktyor utana-utana, s\u0131x\u0131la-s\u0131x\u0131la qonorar qiym\u0259ti qald\u0131rmamal\u0131d\u0131r\u201d - MEYDAN.TV","robots":{"index":"index","follow":"follow","max-snippet":"max-snippet:-1","max-image-preview":"max-image-preview:large","max-video-preview":"max-video-preview:-1"},"canonical":"https:\/\/www.meydan.tv\/az\/article\/aktyor-utana-utana-sixila-sixila-qonorar-qiymeti-qaldirmamalidir\/","og_locale":"az_AZ","og_type":"article","og_title":"\u201cAktyor utana-utana, s\u0131x\u0131la-s\u0131x\u0131la qonorar qiym\u0259ti qald\u0131rmamal\u0131d\u0131r\u201d - MEYDAN.TV","og_description":"Z\u00fclfiyy\u0259 Qurbanova: \u201cN\u0259 zamana q\u0259d\u0259r aktyorlar\u0131 az qonorarla i\u015fl\u0259d\u0259c\u0259kl\u0259r?\u201d 2023-c\u00fc ... Davam\u0131","og_url":"https:\/\/www.meydan.tv\/az\/article\/aktyor-utana-utana-sixila-sixila-qonorar-qiymeti-qaldirmamalidir\/","og_site_name":"MEYDAN.TV","article_published_time":"2023-05-25T12:08:17+00:00","article_modified_time":"2023-05-25T12:08:20+00:00","og_image":[{"width":1200,"height":726,"url":"https:\/\/www.meydan.tv\/wp-content\/uploads\/untitled-design-3-87-e1685016225864.jpg","type":"image\/jpeg"}],"author":"elli","twitter_card":"summary_large_image","twitter_creator":"@elli","schema":{"@context":"https:\/\/schema.org","@graph":[{"@type":"Article","@id":"https:\/\/www.meydan.tv\/az\/article\/aktyor-utana-utana-sixila-sixila-qonorar-qiymeti-qaldirmamalidir\/#article","isPartOf":{"@id":"https:\/\/www.meydan.tv\/az\/article\/aktyor-utana-utana-sixila-sixila-qonorar-qiymeti-qaldirmamalidir\/"},"author":{"name":"elli","@id":"https:\/\/www.meydan.tv\/az\/#\/schema\/person\/9cdbecf90d17180ce1dfbd95b08dcf47"},"headline":"\u201cAktyor utana-utana, s\u0131x\u0131la-s\u0131x\u0131la qonorar qiym\u0259ti qald\u0131rmamal\u0131d\u0131r\u201d","datePublished":"2023-05-25T12:08:17+00:00","dateModified":"2023-05-25T12:08:20+00:00","mainEntityOfPage":{"@id":"https:\/\/www.meydan.tv\/az\/article\/aktyor-utana-utana-sixila-sixila-qonorar-qiymeti-qaldirmamalidir\/"},"wordCount":541,"publisher":{"@id":"https:\/\/www.meydan.tv\/az\/#organization"},"image":{"@id":"https:\/\/www.meydan.tv\/az\/article\/aktyor-utana-utana-sixila-sixila-qonorar-qiymeti-qaldirmamalidir\/#primaryimage"},"thumbnailUrl":"https:\/\/www.meydan.tv\/wp-content\/uploads\/untitled-design-3-87-e1685016225864.jpg","articleSection":["M\u0259d\u0259niyy\u0259t","X\u0259b\u0259rl\u0259r"],"inLanguage":"az"},{"@type":"WebPage","@id":"https:\/\/www.meydan.tv\/az\/article\/aktyor-utana-utana-sixila-sixila-qonorar-qiymeti-qaldirmamalidir\/","url":"https:\/\/www.meydan.tv\/az\/article\/aktyor-utana-utana-sixila-sixila-qonorar-qiymeti-qaldirmamalidir\/","name":"\u201cAktyor utana-utana, s\u0131x\u0131la-s\u0131x\u0131la qonorar qiym\u0259ti qald\u0131rmamal\u0131d\u0131r\u201d - MEYDAN.TV","isPartOf":{"@id":"https:\/\/www.meydan.tv\/az\/#website"},"primaryImageOfPage":{"@id":"https:\/\/www.meydan.tv\/az\/article\/aktyor-utana-utana-sixila-sixila-qonorar-qiymeti-qaldirmamalidir\/#primaryimage"},"image":{"@id":"https:\/\/www.meydan.tv\/az\/article\/aktyor-utana-utana-sixila-sixila-qonorar-qiymeti-qaldirmamalidir\/#primaryimage"},"thumbnailUrl":"https:\/\/www.meydan.tv\/wp-content\/uploads\/untitled-design-3-87-e1685016225864.jpg","datePublished":"2023-05-25T12:08:17+00:00","dateModified":"2023-05-25T12:08:20+00:00","breadcrumb":{"@id":"https:\/\/www.meydan.tv\/az\/article\/aktyor-utana-utana-sixila-sixila-qonorar-qiymeti-qaldirmamalidir\/#breadcrumb"},"inLanguage":"az","potentialAction":[{"@type":"ReadAction","target":["https:\/\/www.meydan.tv\/az\/article\/aktyor-utana-utana-sixila-sixila-qonorar-qiymeti-qaldirmamalidir\/"]}]},{"@type":"ImageObject","inLanguage":"az","@id":"https:\/\/www.meydan.tv\/az\/article\/aktyor-utana-utana-sixila-sixila-qonorar-qiymeti-qaldirmamalidir\/#primaryimage","url":"https:\/\/www.meydan.tv\/wp-content\/uploads\/untitled-design-3-87-e1685016225864.jpg","contentUrl":"https:\/\/www.meydan.tv\/wp-content\/uploads\/untitled-design-3-87-e1685016225864.jpg","width":1200,"height":726,"caption":"Foto: Z\u00fclfiyy\u0259 Qurbanovan\u0131n \u015f\u0259xsi arxivind\u0259n"},{"@type":"BreadcrumbList","@id":"https:\/\/www.meydan.tv\/az\/article\/aktyor-utana-utana-sixila-sixila-qonorar-qiymeti-qaldirmamalidir\/#breadcrumb","itemListElement":[{"@type":"ListItem","position":1,"name":"Ana s\u0259hif\u0259","item":"https:\/\/www.meydan.tv\/az\/"},{"@type":"ListItem","position":2,"name":"M\u0259d\u0259niyy\u0259t","item":"https:\/\/www.meydan.tv\/az\/section\/medeniyyet\/"},{"@type":"ListItem","position":3,"name":"\u201cAktyor utana-utana, s\u0131x\u0131la-s\u0131x\u0131la qonorar qiym\u0259ti qald\u0131rmamal\u0131d\u0131r\u201d"}]},{"@type":"WebSite","@id":"https:\/\/www.meydan.tv\/az\/#website","url":"https:\/\/www.meydan.tv\/az\/","name":"MEYDAN.TV","description":"Meydan TV Az\u0259rbaycan\u0131n media m\u0259kan\u0131ndak\u0131 alternativ s\u0259sidir","publisher":{"@id":"https:\/\/www.meydan.tv\/az\/#organization"},"potentialAction":[{"@type":"SearchAction","target":{"@type":"EntryPoint","urlTemplate":"https:\/\/www.meydan.tv\/az\/?s={search_term_string}"},"query-input":{"@type":"PropertyValueSpecification","valueRequired":true,"valueName":"search_term_string"}}],"inLanguage":"az"},{"@type":"Organization","@id":"https:\/\/www.meydan.tv\/az\/#organization","name":"Meydan TV","url":"https:\/\/www.meydan.tv\/az\/","logo":{"@type":"ImageObject","inLanguage":"az","@id":"https:\/\/www.meydan.tv\/az\/#\/schema\/logo\/image\/","url":"https:\/\/www.meydan.tv\/wp-content\/uploads\/2021\/07\/meydan-logo.svg","contentUrl":"https:\/\/www.meydan.tv\/wp-content\/uploads\/2021\/07\/meydan-logo.svg","width":195,"height":46,"caption":"Meydan TV"},"image":{"@id":"https:\/\/www.meydan.tv\/az\/#\/schema\/logo\/image\/"}},{"@type":"Person","@id":"https:\/\/www.meydan.tv\/az\/#\/schema\/person\/9cdbecf90d17180ce1dfbd95b08dcf47","name":"elli","sameAs":["https:\/\/x.com\/elli"]}]}},"_links":{"self":[{"href":"https:\/\/www.meydan.tv\/az\/wp-json\/wp\/v2\/posts\/276050","targetHints":{"allow":["GET"]}}],"collection":[{"href":"https:\/\/www.meydan.tv\/az\/wp-json\/wp\/v2\/posts"}],"about":[{"href":"https:\/\/www.meydan.tv\/az\/wp-json\/wp\/v2\/types\/post"}],"author":[{"embeddable":true,"href":"https:\/\/www.meydan.tv\/az\/wp-json\/wp\/v2\/users\/8"}],"replies":[{"embeddable":true,"href":"https:\/\/www.meydan.tv\/az\/wp-json\/wp\/v2\/comments?post=276050"}],"version-history":[{"count":1,"href":"https:\/\/www.meydan.tv\/az\/wp-json\/wp\/v2\/posts\/276050\/revisions"}],"predecessor-version":[{"id":276052,"href":"https:\/\/www.meydan.tv\/az\/wp-json\/wp\/v2\/posts\/276050\/revisions\/276052"}],"wp:featuredmedia":[{"embeddable":true,"href":"https:\/\/www.meydan.tv\/az\/wp-json\/wp\/v2\/media\/276047"}],"wp:attachment":[{"href":"https:\/\/www.meydan.tv\/az\/wp-json\/wp\/v2\/media?parent=276050"}],"wp:term":[{"taxonomy":"category","embeddable":true,"href":"https:\/\/www.meydan.tv\/az\/wp-json\/wp\/v2\/categories?post=276050"},{"taxonomy":"post_tag","embeddable":true,"href":"https:\/\/www.meydan.tv\/az\/wp-json\/wp\/v2\/tags?post=276050"}],"curies":[{"name":"wp","href":"https:\/\/api.w.org\/{rel}","templated":true}]}}