{"id":276015,"date":"2023-05-25T14:01:30","date_gmt":"2023-05-25T10:01:30","guid":{"rendered":"https:\/\/www.meydan.tv\/?p=276015"},"modified":"2023-05-25T14:01:33","modified_gmt":"2023-05-25T10:01:33","slug":"yarimciq-qalan-mirti-alikend-yolu-hec-bir-qurum-mesuliyyeti-uzerine-goturmur","status":"publish","type":"post","link":"https:\/\/www.meydan.tv\/az\/article\/yarimciq-qalan-mirti-alikend-yolu-hec-bir-qurum-mesuliyyeti-uzerine-goturmur\/","title":{"rendered":"Yar\u0131m\u00e7\u0131q qalan M\u0131rt\u0131-Al\u0131k\u0259nd yolu: he\u00e7 bir qurum m\u0259suliyy\u0259ti \u00fcz\u0259rin\u0259 g\u00f6t\u00fcrm\u00fcr"},"content":{"rendered":"\n<p><\/p>\n\n\n\n<p><em><strong>Sakinl\u0259r v\u0259 m\u0259kt\u0259blil\u0259r is\u0259 s\u00f6z\u00fcn h\u0259qiqi m\u0259nas\u0131nda yolda qal\u0131rlar&#8230;<\/strong><\/em><\/p>\n\n\n\n<p>G\u00f6y\u00e7ay\u0131n Al\u0131k\u0259nd k\u0259ndinin sakinl\u0259ri n\u0259qliyyatla ba\u011fl\u0131 problemin oldu\u011fundan \u015fikay\u0259tl\u0259nirl\u0259r.<br>Onlar deyirl\u0259r ki, M\u0131rt\u0131-Al\u0131k\u0259nd mar\u015frutu \u00fczr\u0259 i\u015fl\u0259y\u0259n avtobusla ba\u011fl\u0131 b\u0259z\u0259n g\u00fcnl\u0259rl\u0259 problem ya\u015fay\u0131rlar.<\/p>\n\n\n\n<p><em>&#8220;El\u0259 g\u00fcnl\u0259r olur ki, yola \u00e7\u0131x\u0131rsan, g\u00f6zl\u0259yirs\u0259n, amma avtobus i\u015fl\u0259mir. K\u00f6hn\u0259 avtobusdur dey\u0259 tez-tez s\u0131radan \u00e7\u0131x\u0131r. Avtobus k\u00f6hn\u0259, yol b\u0259rbad, taksi d\u0259 od qiym\u0259tin\u0259dir. \u00c7ox vaxt yolda qal\u0131r\u0131q&#8221;, <\/em>&#8211; k\u0259nd sakini S\u0259bin\u0259 Salmanova Meydan TV-y\u0259 bel\u0259 deyir.<\/p>\n\n\n<div class=\"wp-block-image\">\n<figure class=\"aligncenter size-large\"><img decoding=\"async\" width=\"1200\" height=\"675\" data-src=\"https:\/\/www.meydan.tv\/wp-content\/uploads\/img-20230514-wa0128-1200x675.jpg\" alt=\"\" class=\"wp-image-275992 lazyload\" src=\"data:image\/svg+xml;base64,PHN2ZyB3aWR0aD0iMSIgaGVpZ2h0PSIxIiB4bWxucz0iaHR0cDovL3d3dy53My5vcmcvMjAwMC9zdmciPjwvc3ZnPg==\" style=\"--smush-placeholder-width: 1200px; --smush-placeholder-aspect-ratio: 1200\/675;\" \/><\/figure>\n<\/div>\n\n\n<p>Onun s\u00f6zl\u0259rin\u0259 g\u00f6r\u0259, M\u0131rt\u0131-Al\u0131k\u0259nd mar\u015furutu \u00fczr\u0259 i\u015fl\u0259y\u0259n ictimai n\u0259qliyyat k\u00f6hn\u0259, aztutumlu olmaqla yana\u015f\u0131, h\u0259m d\u0259 v\u0259 h\u0259ft\u0259i\u00e7i davaml\u0131 i\u015fl\u0259k olmur.<\/p>\n\n\n\n<p>K\u0259nd sakini Kifay\u0259t \u018fliyeva da tez-tez n\u0259qliyyat \u00fcz\u00fcnd\u0259n yolda qald\u0131\u011f\u0131n\u0131 deyir:<\/p>\n\n\n\n<p><em>&#8220;\u015e\u0259nb\u0259-bazar daha \u00e7ox ehtiyac\u0131m\u0131z olur. Bazara, x\u0259st\u0259xanaya gedirik, yax\u0131n qohumlara \u00fcz tuturuq. T\u0259l\u0259b\u0259l\u0259r haz\u0131rl\u0131\u011fa, m\u0259\u015fq\u0259 gedir. Yas\u0131m\u0131z, xeyirimiz var. Ham\u0131n\u0131n da avtomobili yoxdur. Ma\u015f\u0131n\u0131 olana da g\u0259r\u0259k d\u00f6rd-be\u015f qat pul \u00f6d\u0259y\u0259s\u0259n ki, raz\u0131 olsun. Uzaq m\u0259saf\u0259y\u0259 ged\u0259nd\u0259 m\u0259cbur qal\u0131r\u0131q ki, taksi il\u0259 h\u0259r\u0259k\u0259t ed\u0259k. Ona g\u00f6r\u0259 d\u0259 ictimai n\u0259qliyyat h\u0259r g\u00fcn vacibdir&#8221;.<\/em><\/p>\n\n\n<div class=\"wp-block-image\">\n<figure class=\"aligncenter size-large\"><img decoding=\"async\" width=\"1200\" height=\"676\" data-src=\"https:\/\/www.meydan.tv\/wp-content\/uploads\/img-20230516-wa0085-1200x676.jpg\" alt=\"\" class=\"wp-image-276011 lazyload\" src=\"data:image\/svg+xml;base64,PHN2ZyB3aWR0aD0iMSIgaGVpZ2h0PSIxIiB4bWxucz0iaHR0cDovL3d3dy53My5vcmcvMjAwMC9zdmciPjwvc3ZnPg==\" style=\"--smush-placeholder-width: 1200px; --smush-placeholder-aspect-ratio: 1200\/676;\" \/><\/figure>\n<\/div>\n\n\n<p><strong>&#8220;\u015eagird\u0259 taksi nec\u0259 s\u0259rf etsin?&#8221;<\/strong><\/p>\n\n\n\n<p>Al\u0131k\u0259nd k\u0259ndinin m\u0259kt\u0259bi 4 illik oldu\u011fundan k\u0259nd u\u015faqlar\u0131 qon\u015fu M\u0131rt\u0131 k\u0259nd orta m\u0259kt\u0259bin\u0259 v\u0259 yaxud rayon m\u0259rk\u0259zind\u0259ki dig\u0259r t\u0259hsil ocaqlar\u0131na \u00fcz tuturlar.<\/p>\n\n\n\n<p>Bunun \u00fc\u00e7\u00fcn davaml\u0131 i\u015fl\u0259y\u0259n v\u0259 \u00e7oxtutmlu ictimai n\u0259qliyyata ehtiyac\u0131 var, amma \u015fagirdl\u0259r yax\u0131n yolu piyada, uzaq yolu is\u0259 velosiped v\u0259 taksi il\u0259 getm\u0259li olurlar.<\/p>\n\n\n\n<p><em>&#8220;\u015eagirdl\u0259r pis v\u0259ziyy\u0259td\u0259 qal\u0131rlar. Evd\u0259n onlara 3-4 manat verirl\u0259r ki, 2-3 g\u00fcn ged\u0259 bilsinl\u0259r. \u018fvv\u0259l 30-40 q\u0259pik idi, sonra yanaca\u011fa g\u00f6r\u0259 qiym\u0259t 70-80 q\u0259piy\u0259 qalxd\u0131. \u0130ndi d\u0259 10 q\u0259pik art\u0131r\u0131b 90 q\u0259pik edibl\u0259r. 2 k\u0259ndin avtobusudur, ona g\u00f6r\u0259 d\u0259 iri v\u0259 s\u0259liq\u0259li avtobus ist\u0259yirik. Mind\u0259n \u00e7ox t\u0259s\u0259rr\u00fcfat var. D\u0259f\u0259l\u0259rl\u0259 k\u0259nd b\u0259l\u0259diyy\u0259sin\u0259 demi\u015fik, n\u0259tic\u0259 yoxdur. \u015eagirdl\u0259r\u0259 taksi nec\u0259 s\u0259rf etsin ax\u0131?&#8221;, <\/em>&#8211; dey\u0259 k\u0259nd sakini M\u0259tl\u0259b Salmanov \u015fikay\u0259tl\u0259nir.<\/p>\n\n\n<div class=\"wp-block-image\">\n<figure class=\"aligncenter size-large\"><img decoding=\"async\" width=\"1200\" height=\"540\" data-src=\"https:\/\/www.meydan.tv\/wp-content\/uploads\/img-20230323-wa0015-1200x540.jpg\" alt=\"\" class=\"wp-image-275995 lazyload\" src=\"data:image\/svg+xml;base64,PHN2ZyB3aWR0aD0iMSIgaGVpZ2h0PSIxIiB4bWxucz0iaHR0cDovL3d3dy53My5vcmcvMjAwMC9zdmciPjwvc3ZnPg==\" style=\"--smush-placeholder-width: 1200px; --smush-placeholder-aspect-ratio: 1200\/540;\" \/><\/figure>\n<\/div>\n\n\n<p>Sakinl\u0259r deyirl\u0259r ki, s\u00fcr\u00fcc\u00fcy\u0259 y\u00fcks\u0259k m\u0259bl\u0259\u011fd\u0259 g\u00fcnl\u00fck qazanc plan\u0131 qoyulur. Dig\u0259r g\u00fcnd\u0259lik x\u0259rcl\u0259ri d\u0259 onun i\u015fin\u0259 mane olur. S\u00fcr\u00fcc\u00fc d\u0259 i\u015fl\u0259m\u0259y\u0259nd\u0259 sakinl\u0259r n\u0259qliyyats\u0131z qal\u0131r:<\/p>\n\n\n\n<p><em>&#8220;S\u00fcr\u00fcc\u00fcy\u0259 g\u00fcnl\u00fck 30-35 manat plan qoyublar. Bunun yanaca\u011f\u0131, ehtiyat hiss\u0259l\u0259ri, usta x\u0259rci var ax\u0131. Plan\u0131n m\u0259bl\u0259\u011fini azalts\u0131nlar ki, s\u00fcr\u00fcc\u00fc d\u0259 \u00fcr\u0259kl\u0259 i\u015fl\u0259sin. Borc- x\u0259rcl\u0259 olmur. T\u0259k bir \u015fin 200 manatd\u0131r. G\u00fcn\u0259 80 manat yanaca\u011fa verir. Ya\u011f\u0131n litri 3 manata yax\u0131nd\u0131r. Aya da 30-40 manat ya\u011f\u0131na verm\u0259li. Onu da q\u0131namaq olmur&#8221;.<\/em><\/p>\n\n\n\n<p><strong>&#8220;Bel\u0259 avtobuslar\u0131 reys\u0259 buraxmaq d\u00fcz deyil&#8221;<\/strong><\/p>\n\n\n\n<p>Sakinl\u0259r ictimai n\u0259qliyyat\u0131n s\u0131radan \u00e7\u0131xmas\u0131n\u0131n s\u0259b\u0259bi kimi yolun b\u0259rbad oldu\u011funu \u0259sas g\u0259tirirl\u0259r. Onlar deyirl\u0259r ki, M\u0131rt\u0131 k\u0259ndin\u0259 ged\u0259n yolun yuxar\u0131 hiss\u0259si da\u011f\u0131lm\u0131\u015f v\u0259ziyy\u0259td\u0259dir.<br>2017-ci ild\u0259 M\u0131rt\u0131 k\u0259ndi d\u0259 daxil olmaqla, rayonun alt\u0131 k\u0259ndini birl\u0259\u015fdir\u0259c\u0259k magistral yol \u00fc\u00e7\u00fcn 6.4 milyon v\u0259sait ayr\u0131l\u0131b, amma yolun h\u0259min hiss\u0259si layih\u0259y\u0259 sal\u0131nmay\u0131b.<\/p>\n\n\n\n<p>K\u0259nd sakini Vur\u011fun Yol\u00e7uyev deyir ki, iki k\u0259ndin \u0259sas m\u0259kt\u0259bi o yolun \u00fcst\u00fcnd\u0259 yerl\u0259\u015fdiyind\u0259n t\u0259mir\u0259 ciddi ehtiyac var:<\/p>\n\n\n<div class=\"wp-block-image\">\n<figure class=\"aligncenter size-large\"><img decoding=\"async\" width=\"1200\" height=\"540\" data-src=\"https:\/\/www.meydan.tv\/wp-content\/uploads\/img-20230323-wa0022-1200x540.jpg\" alt=\"\" class=\"wp-image-276001 lazyload\" src=\"data:image\/svg+xml;base64,PHN2ZyB3aWR0aD0iMSIgaGVpZ2h0PSIxIiB4bWxucz0iaHR0cDovL3d3dy53My5vcmcvMjAwMC9zdmciPjwvc3ZnPg==\" style=\"--smush-placeholder-width: 1200px; --smush-placeholder-aspect-ratio: 1200\/540;\" \/><\/figure>\n<\/div>\n\n\n<p><em>&#8220;S\u00fcr\u00fcc\u00fcd\u0259n naraz\u0131 deyilik, ona da \u015f\u0259rait yarad\u0131lm\u0131r, \u00e7\u0259tinlikl\u0259ri var. M\u0131rt\u0131 k\u0259ndinin yuxar\u0131 hiss\u0259sind\u0259 yollar b\u0259rbad g\u00fcnd\u0259dir. Avtobusu da da\u011f\u0131dan o yoldur. Bundan ba\u015fqa, yol \u00e7ox \u0259lveri\u015fsiz v\u0259 tozludur. Ona g\u00f6r\u0259 d\u0259 avtobusun i\u00e7i &#8211; oturacaqlar v\u0259 \u00f6rt\u00fck pis g\u00fcn\u0259 d\u00fc\u015f\u00fcr. H\u0259m d\u0259 istismar m\u00fcdd\u0259ti bitmi\u015f k\u00f6hn\u0259 avtobuslard\u0131r. Bel\u0259 avtobuslar\u0131 reys\u0259 buraxmaq da d\u00fcz deyil, camaat da \u0259ziyy\u0259t \u00e7\u0259kir ax\u0131&#8221;.<\/em><\/p>\n\n\n\n<p><strong>&#8220;B\u00fct\u00fcn x\u0259rc t\u0259k m\u0259nim boynumdad\u0131r&#8221;<\/strong><\/p>\n\n\n\n<p>S\u00fcr\u00fcc\u00fc \u015eahin \u0130smay\u0131lov is\u0259 g\u00fcnd\u0259lik 25-30 km-lik b\u0259rbad yolu be\u015f reysd\u0259 g\u0259lib-getm\u0259yin \u00e7\u0259tin oldu\u011funu deyir.<\/p>\n\n\n\n<p>Onun s\u00f6zl\u0259rin\u0259 g\u00f6r\u0259, \u0259sas s\u0259rni\u015finl\u0259ri m\u0259kt\u0259blil\u0259r oldu\u011fundan yol x\u0259rcini art\u0131ra bilmir v\u0259 x\u0259rcin \u00e7oxlu\u011fundan n\u0259qliyyat\u0131n bazar g\u00fcn\u00fc \u00fc\u00e7\u00fcn reysi t\u0259xir\u0259 sal\u0131n\u0131r:<\/p>\n\n\n\n<p><em>&#8220;M\u0131rt\u0131 k\u0259ndinin yolu b\u0259rbadd\u0131r. 7-8 ayd\u0131r ki, bu k\u0259nd\u0259 s\u00fcr\u00fcc\u00fc i\u015fl\u0259yir\u0259m, d\u00fcz-\u0259m\u0259lli qazanc\u0131m da yoxdur. Bazar g\u00fcn\u00fc i\u015fl\u0259m\u0259k is\u0259 s\u0259rf etmir. Avtobus h\u0259ft\u0259d\u0259 2-3 d\u0259f\u0259, b\u0259z\u0259n \u00e7ox s\u0131n\u0131r. B\u00fct\u00fcn x\u0259rc d\u0259 t\u0259k m\u0259nim boynumdad\u0131r. Ayl\u0131q 500-600 manat x\u0259rc \u00e7\u0131x\u0131r. G\u00fcnd\u0259lik plan da \u00e7oxdur, he\u00e7 qazanc qalm\u0131r. N\u0259qliyyat\u0131m\u0131z\u0131 yenil\u0259s\u0259l\u0259r, yax\u015f\u0131d\u0131r, \u00e7\u00fcnki k\u00f6hn\u0259 avtobusla al\u0131nm\u0131r&#8221;.<\/em><\/p>\n\n\n<div class=\"wp-block-image\">\n<figure class=\"aligncenter size-large\"><img decoding=\"async\" width=\"1200\" height=\"540\" data-src=\"https:\/\/www.meydan.tv\/wp-content\/uploads\/img-20230323-wa0020-1200x540.jpg\" alt=\"\" class=\"wp-image-275998 lazyload\" src=\"data:image\/svg+xml;base64,PHN2ZyB3aWR0aD0iMSIgaGVpZ2h0PSIxIiB4bWxucz0iaHR0cDovL3d3dy53My5vcmcvMjAwMC9zdmciPjwvc3ZnPg==\" style=\"--smush-placeholder-width: 1200px; --smush-placeholder-aspect-ratio: 1200\/540;\" \/><\/figure>\n<\/div>\n\n\n<p><strong>&#8220;K\u0259ndl\u0259rin yeni avtobusla t\u0259min edilm\u0259si m\u00fcmk\u00fcns\u00fczd\u00fcr&#8221;<\/strong><\/p>\n\n\n\n<p>G\u00f6y\u00e7ay Avtova\u011fzal kompleksinin r\u0259isi S\u0259nan \u015eir\u0259liyev Meydan TV-y\u0259 bildirib ki, rayonun 35 k\u0259ndi \u00fczr\u0259 12 ictimai n\u0259qliyyat\u0131 var. \u018flav\u0259 x\u0259tl\u0259rin a\u00e7\u0131lmas\u0131 is\u0259 planda yoxdur, \u00e7\u00fcnki yeni avtobuslar\u0131n g\u0259tirilm\u0259si h\u0259m s\u0259rf etmir, h\u0259m problemli m\u0259s\u0259l\u0259dir.<\/p>\n\n\n\n<p><em>&#8220;\u0130ndi rayonda k\u0259ndl\u0259rin yeni avtobusla t\u0259minat\u0131 m\u00fcmk\u00fcns\u00fczd\u00fcr. \u00c7\u00fcnki m\u0259rk\u0259zind\u0259 bel\u0259 k\u00f6hn\u0259, 1991-ci ilin avtobuslar\u0131d\u0131r. \u00d6nc\u0259 onlar d\u0259yi\u015film\u0259lidir. Yeni avtobuslar\u0131 is\u0259 quru s\u0259rh\u0259dl\u0259rin ba\u011fl\u0131 olmas\u0131 v\u0259 g\u00f6mr\u00fckd\u0259ki probleml\u0259r\u0259 g\u00f6r\u0259 g\u0259tirm\u0259k olmur. \u018fhalinin daha \u00e7ox istifad\u0259 etdiyi mar\u015frut \u00fczr\u0259 10 avtobusun g\u0259tirilm\u0259sini d\u00fc\u015f\u00fcn\u00fcr\u00fck. Amma 70-80 min manata alaca\u011f\u0131m\u0131z m\u00fcasir avtobuslar\u0131 rayonun ucqar, yarars\u0131z yollar\u0131nda istifad\u0259y\u0259 ver\u0259 bilm\u0259rik. \u00c7\u00fcnki rayonda n\u0259 ehtiyat hiss\u0259l\u0259ri, n\u0259 d\u0259 onlar\u0131 t\u0259mir ed\u0259c\u0259k ixtissal\u0131 kadrlar var, yanaca\u011f\u0131 da bahad\u0131r&#8221;.<\/em><\/p>\n\n\n<div class=\"wp-block-image\">\n<figure class=\"aligncenter size-large\"><img decoding=\"async\" width=\"1200\" height=\"676\" data-src=\"https:\/\/www.meydan.tv\/wp-content\/uploads\/img-20230516-wa0180-1200x676.jpg\" alt=\"\" class=\"wp-image-276005 lazyload\" src=\"data:image\/svg+xml;base64,PHN2ZyB3aWR0aD0iMSIgaGVpZ2h0PSIxIiB4bWxucz0iaHR0cDovL3d3dy53My5vcmcvMjAwMC9zdmciPjwvc3ZnPg==\" style=\"--smush-placeholder-width: 1200px; --smush-placeholder-aspect-ratio: 1200\/676;\" \/><\/figure>\n<\/div>\n\n\n<p><strong>&#8220;Vergini \u00f6d\u0259yir\u0259m, he\u00e7 kim qar\u0131\u015fa bilm\u0259z&#8221;<\/strong><\/p>\n\n\n\n<p>O, g\u00fcnl\u00fck plan v\u0259 h\u0259ft\u0259i\u00e7i i\u015f rejimi il\u0259 ba\u011fl\u0131 \u015fikay\u0259tl\u0259r\u0259 d\u0259 cavab verib. Bildirib ki, sahibkar oldu\u011fundan bu m\u0259s\u0259l\u0259 onun \u015f\u0259xsi i\u015fidir:<br><em>&#8220;Bazar g\u00fcnl\u0259ri avtobuslar\u0131n t\u0259mir, s\u00fcr\u00fcc\u00fcl\u0259rin is\u0259 istirah\u0259t g\u00fcn\u00fcd\u00fcr. Rayonun ancaq 4 k\u0259ndin\u0259 ictimai n\u0259qliyyat bazar g\u00fcn\u00fc i\u015fl\u0259yir, \u00e7\u00fcnki \u0259vv\u0259ld\u0259n sistem bel\u0259 idi. M\u0131rt\u0131-Al\u0131k\u0259nd daxil dig\u0259r k\u0259ndl\u0259r\u0259 icaz\u0259 vermir\u0259m, ona g\u00f6r\u0259 ki bazar g\u00fcn\u00fc s\u0259rni\u015fin \u00e7ox az olur, daha \u00e7ox taksi il\u0259 gedirl\u0259r. B\u0259l\u0259diyy\u0259 taksil\u0259ri y\u0131\u011f\u0131\u015fd\u0131rs\u0131n, sonra a\u00e7aq. B\u00fct\u00fcn avtobuslar\u0131 plandan \u00e7ox, ayl\u0131q 400 manata icar\u0259y\u0259 verir\u0259m. G\u00fcn\u0259 13 manat d\u00fc\u015f\u00fcr, g\u00fcnl\u00fck s\u00fcr\u00fcc\u00fc qazan\u0131r, el\u0259 s\u00fcr\u00fcc\u00fc d\u0259 t\u0259mir\u0259, yanaca\u011fa x\u0259rcl\u0259yir. \u018fslind\u0259, plan sahibkarla s\u00fcr\u00fcc\u00fc aras\u0131nda kommersiya sirridir, a\u00e7\u0131qlamaq olmaz&#8221;.<\/em><\/p>\n\n\n\n<p><em>&#8220;Vergini \u00f6d\u0259yir\u0259m, he\u00e7 kim qar\u0131\u015fa bilm\u0259z. Yeni avtobuslar g\u0259l\u0259nd\u0259 is\u0259 i\u015f sistemi f\u0259rqli olacaq. \u015eirk\u0259t s\u00fcr\u00fcc\u00fcn\u00fc maa\u015fa g\u00f6t\u00fcr\u0259c\u0259k, x\u0259rcl\u0259r \u015firk\u0259tin olacaq. S\u00fcr\u00fcc\u00fcl\u0259r indid\u0259n ona naraz\u0131d\u0131r. Az\u0259rbaycan\u0131n 80 faiz k\u0259ndl\u0259ri ictimai n\u0259qliyyats\u0131zd\u0131r. El\u0259 K\u00fcrd\u0259mirin 40 k\u0259ndinin avtobusu yoxdur. El\u0259 bu 12 k\u0259ndin avtobusunun ham\u0131s\u0131n\u0131 K\u00fcrd\u0259mir\u0259 vers\u0259m, \u00e7ox qazanaram&#8221;, <\/em>&#8211; dey\u0259 o bildirib.<\/p>\n\n\n<div class=\"wp-block-image\">\n<figure class=\"aligncenter size-large\"><img decoding=\"async\" width=\"1200\" height=\"676\" data-src=\"https:\/\/www.meydan.tv\/wp-content\/uploads\/img-20230516-wa0174-1200x676.jpg\" alt=\"\" class=\"wp-image-276022 lazyload\" src=\"data:image\/svg+xml;base64,PHN2ZyB3aWR0aD0iMSIgaGVpZ2h0PSIxIiB4bWxucz0iaHR0cDovL3d3dy53My5vcmcvMjAwMC9zdmciPjwvc3ZnPg==\" style=\"--smush-placeholder-width: 1200px; --smush-placeholder-aspect-ratio: 1200\/676;\" \/><\/figure>\n<\/div>\n\n\n<p><strong>&#8220;Yolun tam t\u0259miri il\u0259 ba\u011fl\u0131 yeni layih\u0259 n\u0259z\u0259rd\u0259 tutulmay\u0131b&#8221;<\/strong><\/p>\n\n\n\n<p>&#8220;Az\u0259ravtoyol&#8221; A\u00e7\u0131q S\u0259hmdar C\u0259miyy\u0259tinin m\u0259tbuat xidm\u0259tinin r\u0259hb\u0259ri Anar N\u0259c\u0259fli Meydan TV-y\u0259 deyib ki, M\u0131rt\u0131 k\u0259ndinin yolunun natamam olmas\u0131 \u0259vv\u0259lki layih\u0259y\u0259 daxil edilm\u0259m\u0259si il\u0259 ba\u011fl\u0131d\u0131r.<\/p>\n\n\n\n<p>O, yolun tam t\u0259miri il\u0259 ba\u011fl\u0131 yeni layih\u0259nin n\u0259z\u0259rd\u0259 tutulmad\u0131\u011f\u0131n\u0131 da deyib:<\/p>\n\n\n\n<p>&#8220;<em>Agentlik s\u0131rf k\u0259nd\u0259 q\u0259d\u0259r yolun \u00e7\u0259kili\u015fini h\u0259yata ke\u00e7irir. K\u0259nddaxili yollar is\u0259 agentliyin tabeliyind\u0259 deyil. K\u0259ndin bir hiss\u0259si 2017-ci ilin layih\u0259si \u0259sas\u0131nda \u00e7\u0259kilib, dig\u0259r t\u0259r\u0259fi qal\u0131bsa, dem\u0259k layih\u0259y\u0259 daxil deyil. Magistral yol c\u0259mi 17 km \u0259razini \u0259hat\u0259 edirdi ki, onun da ham\u0131s\u0131 \u00e7\u0259kilib. Lahiy\u0259nin yar\u0131m\u00e7\u0131q saxlan\u0131lmas\u0131 m\u00fcmk\u00fcn deyil. Qalan hiss\u0259 yenid\u0259n d\u00f6vl\u0259t proqram\u0131na sal\u0131nd\u0131\u011f\u0131 t\u0259qdird\u0259 asfaltlana bil\u0259r. H\u0259l\u0259 ki bel\u0259 bir layih\u0259 yoxdur&#8221;.<\/em><\/p>\n\n\n<div class=\"wp-block-image\">\n<figure class=\"aligncenter size-large\"><img decoding=\"async\" width=\"1200\" height=\"676\" data-src=\"https:\/\/www.meydan.tv\/wp-content\/uploads\/img-20230516-wa0171-1200x676.jpg\" alt=\"\" class=\"wp-image-276019 lazyload\" src=\"data:image\/svg+xml;base64,PHN2ZyB3aWR0aD0iMSIgaGVpZ2h0PSIxIiB4bWxucz0iaHR0cDovL3d3dy53My5vcmcvMjAwMC9zdmciPjwvc3ZnPg==\" style=\"--smush-placeholder-width: 1200px; --smush-placeholder-aspect-ratio: 1200\/676;\" \/><\/figure>\n<\/div>\n\n\n<p><strong>&#8220;R\u0259q\u0259msal \u0130nki\u015faf v\u0259 N\u0259qliyyat Nazirliyi m\u0259suliyy\u0259t da\u015f\u0131y\u0131r&#8221;<\/strong><\/p>\n\n\n\n<p>M\u0131rt\u0131 K\u0259nd B\u0259l\u0259diyy\u0259sinin s\u0259dri Nazim Davudov is\u0259 yollar\u0131n b\u0259l\u0259diyy\u0259nin balans\u0131nda olmad\u0131\u011f\u0131n\u0131 deyir.<\/p>\n\n\n\n<p>Onun s\u00f6zl\u0259rin\u0259 g\u00f6r\u0259, ictimai n\u0259qliyyat yolu oldu\u011fundan m\u0259suliyy\u0259ti d\u0259 R\u0259q\u0259msal \u0130nki\u015faf v\u0259 N\u0259qliyyat Nazirliyi da\u015f\u0131y\u0131r:<\/p>\n\n\n\n<p><em>&#8220;O yollar N\u0259qliyyat R\u0259q\u0259msal v\u0259 \u0130nki\u015faf Nazirliyinin balans\u0131ndad\u0131r. \u0130ctimai n\u0259qliyyat\u0131n h\u0259r\u0259k\u0259t etdiyi yollar ora daxildir. Haran\u0131 asfaltlay\u0131blarsa, deyirl\u0259r ki, bizimdir. Hara b\u0259rbad g\u00fcnd\u0259dir, &#8220;bizim deyil&#8221; deyirl\u0259r. O vaxt k\u0259ndin h\u0259min hiss\u0259sin\u0259 asfalt \u00e7\u0259kilm\u0259di, yar\u0131m\u00e7\u0131q saxlan\u0131ld\u0131, dedil\u0259r ki, ba\u015fqa layih\u0259y\u0259 sal\u0131nacaq. Be\u015f il \u00f6nc\u0259 g\u0259ldil\u0259r ki, yolu yeni layih\u0259nin plan\u0131na salaca\u011f\u0131q. Bu layih\u0259 d\u0259 Qara\u011f\u0131d\u0131r k\u0259ndinin i\u00e7ind\u0259n ke\u00e7\u0259r\u0259k dair\u0259vi formada Qaram\u0259ry\u0259m k\u0259ndin\u0259 kimi davam ed\u0259c\u0259kdi. Ancaq h\u0259l\u0259 ki he\u00e7 x\u0259b\u0259r yoxdur, olub-olmayaca\u011f\u0131 da b\u0259lli deyil&#8221;.<br>&#8220;Biz\u0259 deyibl\u0259r ki, b\u0259l\u0259diyy\u0259 y\u00fcng\u00fcl t\u0259mir \u00fc\u00e7\u00fcn i\u015fl\u0259r g\u00f6rs\u00fcn. Bizd\u0259 d\u0259 maddi v\u0259sait yoxdur&#8221;, &#8211; <\/em>dey\u0259 b\u0259l\u0259diyy\u0259 s\u0259dri qeyd edib.<\/p>\n\n\n<div class=\"wp-block-image\">\n<figure class=\"aligncenter size-large\"><img decoding=\"async\" width=\"1200\" height=\"676\" data-src=\"https:\/\/www.meydan.tv\/wp-content\/uploads\/img-20230516-wa0114-1200x676.jpg\" alt=\"\" class=\"wp-image-276028 lazyload\" src=\"data:image\/svg+xml;base64,PHN2ZyB3aWR0aD0iMSIgaGVpZ2h0PSIxIiB4bWxucz0iaHR0cDovL3d3dy53My5vcmcvMjAwMC9zdmciPjwvc3ZnPg==\" style=\"--smush-placeholder-width: 1200px; --smush-placeholder-aspect-ratio: 1200\/676;\" \/><\/figure>\n<\/div>","protected":false},"excerpt":{"rendered":"<p>Sakinl\u0259r v\u0259 m\u0259kt\u0259blil\u0259r is\u0259 s\u00f6z\u00fcn h\u0259qiqi m\u0259nas\u0131nda yolda qal\u0131rlar&#8230; G\u00f6y\u00e7ay\u0131n &#8230; <\/p>\n<p class=\"read-more-container\"><a title=\"Yar\u0131m\u00e7\u0131q qalan M\u0131rt\u0131-Al\u0131k\u0259nd yolu: he\u00e7 bir qurum m\u0259suliyy\u0259ti \u00fcz\u0259rin\u0259 g\u00f6t\u00fcrm\u00fcr\" class=\"read-more button\" href=\"https:\/\/www.meydan.tv\/az\/article\/yarimciq-qalan-mirti-alikend-yolu-hec-bir-qurum-mesuliyyeti-uzerine-goturmur\/#more-276015\" aria-label=\"Read more about Yar\u0131m\u00e7\u0131q qalan M\u0131rt\u0131-Al\u0131k\u0259nd yolu: he\u00e7 bir qurum m\u0259suliyy\u0259ti \u00fcz\u0259rin\u0259 g\u00f6t\u00fcrm\u00fcr\">Davam\u0131<\/a><\/p>\n","protected":false},"author":8,"featured_media":276025,"comment_status":"closed","ping_status":"closed","sticky":false,"template":"","format":"standard","meta":{"_acf_changed":false,"_sitemap_exclude":false,"_sitemap_priority":"","_sitemap_frequency":"","footnotes":""},"categories":[60,56],"tags":[],"class_list":["post-276015","post","type-post","status-publish","format-standard","has-post-thumbnail","hentry","category-bolge","category-xeberler","infinite-scroll-item","generate-columns","tablet-grid-50","mobile-grid-100","grid-parent","grid-33","no-featured-image-padding"],"acf":[],"yoast_head":"<!-- This site is optimized with the Yoast SEO plugin v27.5 - https:\/\/yoast.com\/product\/yoast-seo-wordpress\/ -->\n<title>Yar\u0131m\u00e7\u0131q qalan M\u0131rt\u0131-Al\u0131k\u0259nd yolu: he\u00e7 bir qurum m\u0259suliyy\u0259ti \u00fcz\u0259rin\u0259 g\u00f6t\u00fcrm\u00fcr - MEYDAN.TV<\/title>\n<meta name=\"robots\" content=\"index, follow, max-snippet:-1, max-image-preview:large, max-video-preview:-1\" \/>\n<link rel=\"canonical\" href=\"https:\/\/www.meydan.tv\/az\/article\/yarimciq-qalan-mirti-alikend-yolu-hec-bir-qurum-mesuliyyeti-uzerine-goturmur\/\" \/>\n<meta property=\"og:locale\" content=\"az_AZ\" \/>\n<meta property=\"og:type\" content=\"article\" \/>\n<meta property=\"og:title\" content=\"Yar\u0131m\u00e7\u0131q qalan M\u0131rt\u0131-Al\u0131k\u0259nd yolu: he\u00e7 bir qurum m\u0259suliyy\u0259ti \u00fcz\u0259rin\u0259 g\u00f6t\u00fcrm\u00fcr - MEYDAN.TV\" \/>\n<meta property=\"og:description\" content=\"Sakinl\u0259r v\u0259 m\u0259kt\u0259blil\u0259r is\u0259 s\u00f6z\u00fcn h\u0259qiqi m\u0259nas\u0131nda yolda qal\u0131rlar&#8230; G\u00f6y\u00e7ay\u0131n ... Davam\u0131\" \/>\n<meta property=\"og:url\" content=\"https:\/\/www.meydan.tv\/az\/article\/yarimciq-qalan-mirti-alikend-yolu-hec-bir-qurum-mesuliyyeti-uzerine-goturmur\/\" \/>\n<meta property=\"og:site_name\" content=\"MEYDAN.TV\" \/>\n<meta property=\"article:published_time\" content=\"2023-05-25T10:01:30+00:00\" \/>\n<meta property=\"article:modified_time\" content=\"2023-05-25T10:01:33+00:00\" \/>\n<meta property=\"og:image\" content=\"https:\/\/www.meydan.tv\/wp-content\/uploads\/img-20230516-wa0111.jpg\" \/>\n\t<meta property=\"og:image:width\" content=\"1280\" \/>\n\t<meta property=\"og:image:height\" content=\"721\" \/>\n\t<meta property=\"og:image:type\" content=\"image\/jpeg\" \/>\n<meta name=\"author\" content=\"elli\" \/>\n<meta name=\"twitter:card\" content=\"summary_large_image\" \/>\n<meta name=\"twitter:creator\" content=\"@elli\" \/>\n<script type=\"application\/ld+json\" class=\"yoast-schema-graph\">{\"@context\":\"https:\\\/\\\/schema.org\",\"@graph\":[{\"@type\":\"Article\",\"@id\":\"https:\\\/\\\/www.meydan.tv\\\/az\\\/article\\\/yarimciq-qalan-mirti-alikend-yolu-hec-bir-qurum-mesuliyyeti-uzerine-goturmur\\\/#article\",\"isPartOf\":{\"@id\":\"https:\\\/\\\/www.meydan.tv\\\/az\\\/article\\\/yarimciq-qalan-mirti-alikend-yolu-hec-bir-qurum-mesuliyyeti-uzerine-goturmur\\\/\"},\"author\":{\"name\":\"elli\",\"@id\":\"https:\\\/\\\/www.meydan.tv\\\/az\\\/#\\\/schema\\\/person\\\/9cdbecf90d17180ce1dfbd95b08dcf47\"},\"headline\":\"Yar\u0131m\u00e7\u0131q qalan M\u0131rt\u0131-Al\u0131k\u0259nd yolu: he\u00e7 bir qurum m\u0259suliyy\u0259ti \u00fcz\u0259rin\u0259 g\u00f6t\u00fcrm\u00fcr\",\"datePublished\":\"2023-05-25T10:01:30+00:00\",\"dateModified\":\"2023-05-25T10:01:33+00:00\",\"mainEntityOfPage\":{\"@id\":\"https:\\\/\\\/www.meydan.tv\\\/az\\\/article\\\/yarimciq-qalan-mirti-alikend-yolu-hec-bir-qurum-mesuliyyeti-uzerine-goturmur\\\/\"},\"wordCount\":1834,\"publisher\":{\"@id\":\"https:\\\/\\\/www.meydan.tv\\\/az\\\/#organization\"},\"image\":{\"@id\":\"https:\\\/\\\/www.meydan.tv\\\/az\\\/article\\\/yarimciq-qalan-mirti-alikend-yolu-hec-bir-qurum-mesuliyyeti-uzerine-goturmur\\\/#primaryimage\"},\"thumbnailUrl\":\"https:\\\/\\\/www.meydan.tv\\\/wp-content\\\/uploads\\\/img-20230516-wa0111.jpg\",\"articleSection\":[\"B\u00f6lg\u0259\",\"X\u0259b\u0259rl\u0259r\"],\"inLanguage\":\"az\"},{\"@type\":\"WebPage\",\"@id\":\"https:\\\/\\\/www.meydan.tv\\\/az\\\/article\\\/yarimciq-qalan-mirti-alikend-yolu-hec-bir-qurum-mesuliyyeti-uzerine-goturmur\\\/\",\"url\":\"https:\\\/\\\/www.meydan.tv\\\/az\\\/article\\\/yarimciq-qalan-mirti-alikend-yolu-hec-bir-qurum-mesuliyyeti-uzerine-goturmur\\\/\",\"name\":\"Yar\u0131m\u00e7\u0131q qalan M\u0131rt\u0131-Al\u0131k\u0259nd yolu: he\u00e7 bir qurum m\u0259suliyy\u0259ti \u00fcz\u0259rin\u0259 g\u00f6t\u00fcrm\u00fcr - MEYDAN.TV\",\"isPartOf\":{\"@id\":\"https:\\\/\\\/www.meydan.tv\\\/az\\\/#website\"},\"primaryImageOfPage\":{\"@id\":\"https:\\\/\\\/www.meydan.tv\\\/az\\\/article\\\/yarimciq-qalan-mirti-alikend-yolu-hec-bir-qurum-mesuliyyeti-uzerine-goturmur\\\/#primaryimage\"},\"image\":{\"@id\":\"https:\\\/\\\/www.meydan.tv\\\/az\\\/article\\\/yarimciq-qalan-mirti-alikend-yolu-hec-bir-qurum-mesuliyyeti-uzerine-goturmur\\\/#primaryimage\"},\"thumbnailUrl\":\"https:\\\/\\\/www.meydan.tv\\\/wp-content\\\/uploads\\\/img-20230516-wa0111.jpg\",\"datePublished\":\"2023-05-25T10:01:30+00:00\",\"dateModified\":\"2023-05-25T10:01:33+00:00\",\"breadcrumb\":{\"@id\":\"https:\\\/\\\/www.meydan.tv\\\/az\\\/article\\\/yarimciq-qalan-mirti-alikend-yolu-hec-bir-qurum-mesuliyyeti-uzerine-goturmur\\\/#breadcrumb\"},\"inLanguage\":\"az\",\"potentialAction\":[{\"@type\":\"ReadAction\",\"target\":[\"https:\\\/\\\/www.meydan.tv\\\/az\\\/article\\\/yarimciq-qalan-mirti-alikend-yolu-hec-bir-qurum-mesuliyyeti-uzerine-goturmur\\\/\"]}]},{\"@type\":\"ImageObject\",\"inLanguage\":\"az\",\"@id\":\"https:\\\/\\\/www.meydan.tv\\\/az\\\/article\\\/yarimciq-qalan-mirti-alikend-yolu-hec-bir-qurum-mesuliyyeti-uzerine-goturmur\\\/#primaryimage\",\"url\":\"https:\\\/\\\/www.meydan.tv\\\/wp-content\\\/uploads\\\/img-20230516-wa0111.jpg\",\"contentUrl\":\"https:\\\/\\\/www.meydan.tv\\\/wp-content\\\/uploads\\\/img-20230516-wa0111.jpg\",\"width\":1280,\"height\":721,\"caption\":\"Fotolar: Meydan TV\"},{\"@type\":\"BreadcrumbList\",\"@id\":\"https:\\\/\\\/www.meydan.tv\\\/az\\\/article\\\/yarimciq-qalan-mirti-alikend-yolu-hec-bir-qurum-mesuliyyeti-uzerine-goturmur\\\/#breadcrumb\",\"itemListElement\":[{\"@type\":\"ListItem\",\"position\":1,\"name\":\"Ana s\u0259hif\u0259\",\"item\":\"https:\\\/\\\/www.meydan.tv\\\/az\\\/\"},{\"@type\":\"ListItem\",\"position\":2,\"name\":\"B\u00f6lg\u0259\",\"item\":\"https:\\\/\\\/www.meydan.tv\\\/az\\\/section\\\/bolge\\\/\"},{\"@type\":\"ListItem\",\"position\":3,\"name\":\"Yar\u0131m\u00e7\u0131q qalan M\u0131rt\u0131-Al\u0131k\u0259nd yolu: he\u00e7 bir qurum m\u0259suliyy\u0259ti \u00fcz\u0259rin\u0259 g\u00f6t\u00fcrm\u00fcr\"}]},{\"@type\":\"WebSite\",\"@id\":\"https:\\\/\\\/www.meydan.tv\\\/az\\\/#website\",\"url\":\"https:\\\/\\\/www.meydan.tv\\\/az\\\/\",\"name\":\"MEYDAN.TV\",\"description\":\"Meydan TV Az\u0259rbaycan\u0131n media m\u0259kan\u0131ndak\u0131 alternativ s\u0259sidir\",\"publisher\":{\"@id\":\"https:\\\/\\\/www.meydan.tv\\\/az\\\/#organization\"},\"potentialAction\":[{\"@type\":\"SearchAction\",\"target\":{\"@type\":\"EntryPoint\",\"urlTemplate\":\"https:\\\/\\\/www.meydan.tv\\\/az\\\/?s={search_term_string}\"},\"query-input\":{\"@type\":\"PropertyValueSpecification\",\"valueRequired\":true,\"valueName\":\"search_term_string\"}}],\"inLanguage\":\"az\"},{\"@type\":\"Organization\",\"@id\":\"https:\\\/\\\/www.meydan.tv\\\/az\\\/#organization\",\"name\":\"Meydan TV\",\"url\":\"https:\\\/\\\/www.meydan.tv\\\/az\\\/\",\"logo\":{\"@type\":\"ImageObject\",\"inLanguage\":\"az\",\"@id\":\"https:\\\/\\\/www.meydan.tv\\\/az\\\/#\\\/schema\\\/logo\\\/image\\\/\",\"url\":\"https:\\\/\\\/www.meydan.tv\\\/wp-content\\\/uploads\\\/2021\\\/07\\\/meydan-logo.svg\",\"contentUrl\":\"https:\\\/\\\/www.meydan.tv\\\/wp-content\\\/uploads\\\/2021\\\/07\\\/meydan-logo.svg\",\"width\":195,\"height\":46,\"caption\":\"Meydan TV\"},\"image\":{\"@id\":\"https:\\\/\\\/www.meydan.tv\\\/az\\\/#\\\/schema\\\/logo\\\/image\\\/\"}},{\"@type\":\"Person\",\"@id\":\"https:\\\/\\\/www.meydan.tv\\\/az\\\/#\\\/schema\\\/person\\\/9cdbecf90d17180ce1dfbd95b08dcf47\",\"name\":\"elli\",\"sameAs\":[\"https:\\\/\\\/x.com\\\/elli\"]}]}<\/script>\n<!-- \/ Yoast SEO plugin. -->","yoast_head_json":{"title":"Yar\u0131m\u00e7\u0131q qalan M\u0131rt\u0131-Al\u0131k\u0259nd yolu: he\u00e7 bir qurum m\u0259suliyy\u0259ti \u00fcz\u0259rin\u0259 g\u00f6t\u00fcrm\u00fcr - MEYDAN.TV","robots":{"index":"index","follow":"follow","max-snippet":"max-snippet:-1","max-image-preview":"max-image-preview:large","max-video-preview":"max-video-preview:-1"},"canonical":"https:\/\/www.meydan.tv\/az\/article\/yarimciq-qalan-mirti-alikend-yolu-hec-bir-qurum-mesuliyyeti-uzerine-goturmur\/","og_locale":"az_AZ","og_type":"article","og_title":"Yar\u0131m\u00e7\u0131q qalan M\u0131rt\u0131-Al\u0131k\u0259nd yolu: he\u00e7 bir qurum m\u0259suliyy\u0259ti \u00fcz\u0259rin\u0259 g\u00f6t\u00fcrm\u00fcr - MEYDAN.TV","og_description":"Sakinl\u0259r v\u0259 m\u0259kt\u0259blil\u0259r is\u0259 s\u00f6z\u00fcn h\u0259qiqi m\u0259nas\u0131nda yolda qal\u0131rlar&#8230; G\u00f6y\u00e7ay\u0131n ... Davam\u0131","og_url":"https:\/\/www.meydan.tv\/az\/article\/yarimciq-qalan-mirti-alikend-yolu-hec-bir-qurum-mesuliyyeti-uzerine-goturmur\/","og_site_name":"MEYDAN.TV","article_published_time":"2023-05-25T10:01:30+00:00","article_modified_time":"2023-05-25T10:01:33+00:00","og_image":[{"width":1280,"height":721,"url":"https:\/\/www.meydan.tv\/wp-content\/uploads\/img-20230516-wa0111.jpg","type":"image\/jpeg"}],"author":"elli","twitter_card":"summary_large_image","twitter_creator":"@elli","schema":{"@context":"https:\/\/schema.org","@graph":[{"@type":"Article","@id":"https:\/\/www.meydan.tv\/az\/article\/yarimciq-qalan-mirti-alikend-yolu-hec-bir-qurum-mesuliyyeti-uzerine-goturmur\/#article","isPartOf":{"@id":"https:\/\/www.meydan.tv\/az\/article\/yarimciq-qalan-mirti-alikend-yolu-hec-bir-qurum-mesuliyyeti-uzerine-goturmur\/"},"author":{"name":"elli","@id":"https:\/\/www.meydan.tv\/az\/#\/schema\/person\/9cdbecf90d17180ce1dfbd95b08dcf47"},"headline":"Yar\u0131m\u00e7\u0131q qalan M\u0131rt\u0131-Al\u0131k\u0259nd yolu: he\u00e7 bir qurum m\u0259suliyy\u0259ti \u00fcz\u0259rin\u0259 g\u00f6t\u00fcrm\u00fcr","datePublished":"2023-05-25T10:01:30+00:00","dateModified":"2023-05-25T10:01:33+00:00","mainEntityOfPage":{"@id":"https:\/\/www.meydan.tv\/az\/article\/yarimciq-qalan-mirti-alikend-yolu-hec-bir-qurum-mesuliyyeti-uzerine-goturmur\/"},"wordCount":1834,"publisher":{"@id":"https:\/\/www.meydan.tv\/az\/#organization"},"image":{"@id":"https:\/\/www.meydan.tv\/az\/article\/yarimciq-qalan-mirti-alikend-yolu-hec-bir-qurum-mesuliyyeti-uzerine-goturmur\/#primaryimage"},"thumbnailUrl":"https:\/\/www.meydan.tv\/wp-content\/uploads\/img-20230516-wa0111.jpg","articleSection":["B\u00f6lg\u0259","X\u0259b\u0259rl\u0259r"],"inLanguage":"az"},{"@type":"WebPage","@id":"https:\/\/www.meydan.tv\/az\/article\/yarimciq-qalan-mirti-alikend-yolu-hec-bir-qurum-mesuliyyeti-uzerine-goturmur\/","url":"https:\/\/www.meydan.tv\/az\/article\/yarimciq-qalan-mirti-alikend-yolu-hec-bir-qurum-mesuliyyeti-uzerine-goturmur\/","name":"Yar\u0131m\u00e7\u0131q qalan M\u0131rt\u0131-Al\u0131k\u0259nd yolu: he\u00e7 bir qurum m\u0259suliyy\u0259ti \u00fcz\u0259rin\u0259 g\u00f6t\u00fcrm\u00fcr - MEYDAN.TV","isPartOf":{"@id":"https:\/\/www.meydan.tv\/az\/#website"},"primaryImageOfPage":{"@id":"https:\/\/www.meydan.tv\/az\/article\/yarimciq-qalan-mirti-alikend-yolu-hec-bir-qurum-mesuliyyeti-uzerine-goturmur\/#primaryimage"},"image":{"@id":"https:\/\/www.meydan.tv\/az\/article\/yarimciq-qalan-mirti-alikend-yolu-hec-bir-qurum-mesuliyyeti-uzerine-goturmur\/#primaryimage"},"thumbnailUrl":"https:\/\/www.meydan.tv\/wp-content\/uploads\/img-20230516-wa0111.jpg","datePublished":"2023-05-25T10:01:30+00:00","dateModified":"2023-05-25T10:01:33+00:00","breadcrumb":{"@id":"https:\/\/www.meydan.tv\/az\/article\/yarimciq-qalan-mirti-alikend-yolu-hec-bir-qurum-mesuliyyeti-uzerine-goturmur\/#breadcrumb"},"inLanguage":"az","potentialAction":[{"@type":"ReadAction","target":["https:\/\/www.meydan.tv\/az\/article\/yarimciq-qalan-mirti-alikend-yolu-hec-bir-qurum-mesuliyyeti-uzerine-goturmur\/"]}]},{"@type":"ImageObject","inLanguage":"az","@id":"https:\/\/www.meydan.tv\/az\/article\/yarimciq-qalan-mirti-alikend-yolu-hec-bir-qurum-mesuliyyeti-uzerine-goturmur\/#primaryimage","url":"https:\/\/www.meydan.tv\/wp-content\/uploads\/img-20230516-wa0111.jpg","contentUrl":"https:\/\/www.meydan.tv\/wp-content\/uploads\/img-20230516-wa0111.jpg","width":1280,"height":721,"caption":"Fotolar: Meydan TV"},{"@type":"BreadcrumbList","@id":"https:\/\/www.meydan.tv\/az\/article\/yarimciq-qalan-mirti-alikend-yolu-hec-bir-qurum-mesuliyyeti-uzerine-goturmur\/#breadcrumb","itemListElement":[{"@type":"ListItem","position":1,"name":"Ana s\u0259hif\u0259","item":"https:\/\/www.meydan.tv\/az\/"},{"@type":"ListItem","position":2,"name":"B\u00f6lg\u0259","item":"https:\/\/www.meydan.tv\/az\/section\/bolge\/"},{"@type":"ListItem","position":3,"name":"Yar\u0131m\u00e7\u0131q qalan M\u0131rt\u0131-Al\u0131k\u0259nd yolu: he\u00e7 bir qurum m\u0259suliyy\u0259ti \u00fcz\u0259rin\u0259 g\u00f6t\u00fcrm\u00fcr"}]},{"@type":"WebSite","@id":"https:\/\/www.meydan.tv\/az\/#website","url":"https:\/\/www.meydan.tv\/az\/","name":"MEYDAN.TV","description":"Meydan TV Az\u0259rbaycan\u0131n media m\u0259kan\u0131ndak\u0131 alternativ s\u0259sidir","publisher":{"@id":"https:\/\/www.meydan.tv\/az\/#organization"},"potentialAction":[{"@type":"SearchAction","target":{"@type":"EntryPoint","urlTemplate":"https:\/\/www.meydan.tv\/az\/?s={search_term_string}"},"query-input":{"@type":"PropertyValueSpecification","valueRequired":true,"valueName":"search_term_string"}}],"inLanguage":"az"},{"@type":"Organization","@id":"https:\/\/www.meydan.tv\/az\/#organization","name":"Meydan TV","url":"https:\/\/www.meydan.tv\/az\/","logo":{"@type":"ImageObject","inLanguage":"az","@id":"https:\/\/www.meydan.tv\/az\/#\/schema\/logo\/image\/","url":"https:\/\/www.meydan.tv\/wp-content\/uploads\/2021\/07\/meydan-logo.svg","contentUrl":"https:\/\/www.meydan.tv\/wp-content\/uploads\/2021\/07\/meydan-logo.svg","width":195,"height":46,"caption":"Meydan TV"},"image":{"@id":"https:\/\/www.meydan.tv\/az\/#\/schema\/logo\/image\/"}},{"@type":"Person","@id":"https:\/\/www.meydan.tv\/az\/#\/schema\/person\/9cdbecf90d17180ce1dfbd95b08dcf47","name":"elli","sameAs":["https:\/\/x.com\/elli"]}]}},"_links":{"self":[{"href":"https:\/\/www.meydan.tv\/az\/wp-json\/wp\/v2\/posts\/276015","targetHints":{"allow":["GET"]}}],"collection":[{"href":"https:\/\/www.meydan.tv\/az\/wp-json\/wp\/v2\/posts"}],"about":[{"href":"https:\/\/www.meydan.tv\/az\/wp-json\/wp\/v2\/types\/post"}],"author":[{"embeddable":true,"href":"https:\/\/www.meydan.tv\/az\/wp-json\/wp\/v2\/users\/8"}],"replies":[{"embeddable":true,"href":"https:\/\/www.meydan.tv\/az\/wp-json\/wp\/v2\/comments?post=276015"}],"version-history":[{"count":1,"href":"https:\/\/www.meydan.tv\/az\/wp-json\/wp\/v2\/posts\/276015\/revisions"}],"predecessor-version":[{"id":276034,"href":"https:\/\/www.meydan.tv\/az\/wp-json\/wp\/v2\/posts\/276015\/revisions\/276034"}],"wp:featuredmedia":[{"embeddable":true,"href":"https:\/\/www.meydan.tv\/az\/wp-json\/wp\/v2\/media\/276025"}],"wp:attachment":[{"href":"https:\/\/www.meydan.tv\/az\/wp-json\/wp\/v2\/media?parent=276015"}],"wp:term":[{"taxonomy":"category","embeddable":true,"href":"https:\/\/www.meydan.tv\/az\/wp-json\/wp\/v2\/categories?post=276015"},{"taxonomy":"post_tag","embeddable":true,"href":"https:\/\/www.meydan.tv\/az\/wp-json\/wp\/v2\/tags?post=276015"}],"curies":[{"name":"wp","href":"https:\/\/api.w.org\/{rel}","templated":true}]}}