{"id":275982,"date":"2023-05-25T13:42:06","date_gmt":"2023-05-25T09:42:06","guid":{"rendered":"https:\/\/www.meydan.tv\/?p=275982"},"modified":"2023-05-25T14:12:33","modified_gmt":"2023-05-25T10:12:33","slug":"matias-rustun-ucusu","status":"publish","type":"post","link":"https:\/\/www.meydan.tv\/az\/article\/matias-rustun-ucusu\/","title":{"rendered":"Matias Rustun u\u00e7u\u015fu"},"content":{"rendered":"\n<p><\/p>\n\n\n\n<p><strong>Yadigar Sad\u0131ql\u0131<\/strong><\/p>\n\n\n\n<p><em><strong>19 ya\u015fl\u0131 g\u0259ncin u\u00e7u\u015fu sovet ordusu r\u0259hb\u0259rliyind\u0259 b\u00f6y\u00fck miqyasl\u0131 t\u0259mizl\u0259m\u0259l\u0259r\u0259 s\u0259b\u0259b oldu<\/strong><\/em><\/p>\n\n\n\n<p>28 may SSR\u0130-d\u0259 S\u0259rh\u0259d qo\u015funlar\u0131 g\u00fcn\u00fc kimi qeyd olunurdu. 1987-ci ilin m\u0259hz h\u0259min g\u00fcn\u00fcnd\u0259 sovet s\u0259rh\u0259dinin \u0259n qalmaqall\u0131 pozuntusu ba\u015f verdi. Q\u0259rbi Almaniyan\u0131n 19 ya\u015fl\u0131 sakini Matias Rust \u201cCessna 172 Skyhawk\u201d t\u0259yyar\u0259si il\u0259 Estoniya \u0259razisind\u0259n SSR\u0130 s\u0259rh\u0259dini pozdu v\u0259 800 kilometr\u0259 q\u0259d\u0259r u\u00e7araq Moskvan\u0131n m\u0259rk\u0259zind\u0259 yer\u0259 endi.<br><br>***<br>Matias Rust 1968-ci il iyunun 1-d\u0259 Almaniya Federativ Respublikas\u0131n\u0131n \u015elezviq-Hol\u015fteyn torpa\u011f\u0131n\u0131n ki\u00e7ik Vedel \u015f\u0259h\u0259rind\u0259 anadan olub. Yeniyetm\u0259lik d\u00f6vr\u00fcnd\u0259n aviasiyaya mara\u011f\u0131 olub v\u0259 qanun icaz\u0259 ver\u0259n kimi 18 ya\u015f\u0131nda pilot lisenziyas\u0131 al\u0131b. 40 saatl\u0131q u\u00e7u\u015f t\u0259cr\u00fcb\u0259si olan g\u0259nc imtahan\u0131 q\u00fcsursuz verib.<br><br>1980-ci ill\u0259rin ortalar\u0131 taley\u00fckl\u00fc siyasi prosesl\u0259rin getdiyi d\u00f6vr idi. Mixail Qorba\u00e7ovun s\u0259l\u0259fl\u0259rind\u0259n f\u0259rqli siyas\u0259ti iki q\u00fctb aras\u0131nda ziddiyy\u0259tl\u0259rin yum\u015falaca\u011f\u0131na, d\u00fcnyan\u0131n daha t\u0259hl\u00fck\u0259siz olaca\u011f\u0131na \u00fcmid yaratm\u0131\u015fd\u0131.<br><br>Qorba\u00e7ovun sovet r\u0259hb\u0259ri se\u00e7ilm\u0259sind\u0259n bir ne\u00e7\u0259 ay sonra, 1985-ci ilin noyabr\u0131nda Cenevr\u0259d\u0259 AB\u015e prezidenti Ronald Reyqanla ilk g\u00f6r\u00fc\u015f\u00fc oldu. Sammitin x\u00fcsusi \u0259m\u0259li n\u0259tic\u0259si olmad\u0131, n\u00fcv\u0259 m\u00fcharib\u0259sinin yolverilm\u0259z olmas\u0131 haqq\u0131nda b\u0259yanat kimi ilk bax\u0131\u015fda x\u00fcsusi \u00f6n\u0259m da\u015f\u0131mayan s\u0259n\u0259d q\u0259bul olundu. Amma m\u0259hz Cenevr\u0259 g\u00f6r\u00fc\u015f\u00fcnd\u0259 iki lider aras\u0131nda rabit\u0259 yarand\u0131. T\u0259sad\u00fcfi deyil ki, bu g\u00f6r\u00fc\u015f soyuq m\u00fcharib\u0259nin ba\u015fa \u00e7atmas\u0131 istiqam\u0259tind\u0259 ilk add\u0131m say\u0131l\u0131r.<br><br>1986-c\u0131 ilik oktyabr\u0131nda liderl\u0259r \u0130slandiyan\u0131n paytaxt\u0131 Reykyavikd\u0259 g\u00f6r\u00fc\u015fd\u00fcl\u0259r. Bu sammit d\u0259 n\u0259tic\u0259siz ba\u015fa \u00e7atd\u0131. Yaln\u0131z sonradan retrospektivd\u0259 baxark\u0259n bu g\u00f6r\u00fc\u015f\u00fcn d\u0259 g\u0259rginliyin azald\u0131lmas\u0131na do\u011fru bir add\u0131m olmas\u0131 bilin\u0259c\u0259k v\u0259 y\u00fcks\u0259k qiym\u0259tl\u0259ndiril\u0259c\u0259k. M\u0259hz Reykyavikd\u0259 s\u0259sl\u0259n\u0259n t\u0259klifl\u0259r \u0259sas\u0131nda Qorba\u00e7ov v\u0259 Reyqan 1987-ci il dekabr\u0131n 8-d\u0259 Va\u015finqtonda Orta v\u0259 q\u0131sa m\u0259nzilli raketl\u0259rin l\u0259\u011fvi haqq\u0131nda m\u00fcqavil\u0259 imzalad\u0131lar.<br><br>Amma bu, sonra ba\u015f verdi. 1986-c\u0131 ilin oktyabr\u0131nda is\u0259 d\u00fcnya ictimaiyy\u0259ti b\u00f6y\u00fck \u00fcmidl\u0259r b\u0259sl\u0259nil\u0259n Reykyavik g\u00f6r\u00fc\u015f\u00fcn\u00fcn n\u0259tic\u0259siz ba\u015fa \u00e7atmas\u0131ndan d\u0259rin m\u0259yusluq ya\u015fay\u0131rd\u0131. Matias Rustun dediyin\u0259 g\u00f6r\u0259, o da m\u0259yusluq ya\u015fayanlardan idi v\u0259 m\u0259hz bu zaman a\u011fl\u0131na Moskvaya u\u00e7maq kimi d\u0259lisov fikir g\u0259lir.<br><br>Rust sonralar bu ideyan\u0131 \u201cQ\u0259rb v\u0259 \u015e\u0259rq aras\u0131nda k\u00f6rp\u00fc qurmaq\u201d c\u0259hdi kimi t\u0259qdim edirdi. Halbuki sovet hava h\u00fccumundan m\u00fcdafi\u0259 (HHM) q\u00fcvv\u0259l\u0259ri t\u0259r\u0259find\u0259n vurulard\u0131sa, bu, \u00e7\u0259tin ki, deyil\u0259n k\u00f6rp\u00fcy\u0259 xidm\u0259t ed\u0259rdi. Q\u0131sa m\u00fcdd\u0259t \u0259vv\u0259l, 1983-c\u00fc ilin sentyabr\u0131nda sovet aviasiyas\u0131 azaraq \u00f6lk\u0259 \u0259razisin\u0259 girmi\u015f C\u0259nubi Koreyaya m\u0259xsus s\u0259rni\u015fin t\u0259yyar\u0259sini vurmu\u015f, 269 n\u0259f\u0259r h\u0259lak olmu\u015fdu. N\u0259tic\u0259d\u0259 beyn\u0259lxalq g\u0259rginlik zirv\u0259y\u0259 \u00e7\u0131xd\u0131.<br><br>1987-ci ilin may\u0131nda o, valideynl\u0259rin\u0259 aeroklubdan icar\u0259y\u0259 g\u00f6t\u00fcrd\u00fcy\u00fc t\u0259yayr\u0259 il\u0259 \u015eimali Avropan\u0131 g\u0259zm\u0259k ist\u0259diyini bildirir. Ay\u0131n 13-d\u0259 Hamburqdan ba\u015flayan s\u0259f\u0259r zaman\u0131 Rust \u015eetland v\u0259 Farer adalar\u0131nda ilkin eni\u015fl\u0259rd\u0259n sonra Reykyavik\u0259 u\u00e7du. O, burada h\u0259tta Qorba\u00e7ov v\u0259 Reyqan\u0131n g\u00f6r\u00fc\u015f\u00fc ke\u00e7iril\u0259n evd\u0259 &#8211; H\u00f6fdid\u0259 oldu.<\/p>\n\n\n\n<figure class=\"wp-block-image size-full\"><img decoding=\"async\" width=\"1200\" height=\"707\" data-src=\"https:\/\/www.meydan.tv\/wp-content\/uploads\/mrust-in-red-square.jpg\" alt=\"\" class=\"wp-image-275987 lazyload\" src=\"data:image\/svg+xml;base64,PHN2ZyB3aWR0aD0iMSIgaGVpZ2h0PSIxIiB4bWxucz0iaHR0cDovL3d3dy53My5vcmcvMjAwMC9zdmciPjwvc3ZnPg==\" style=\"--smush-placeholder-width: 1200px; --smush-placeholder-aspect-ratio: 1200\/707;\" \/><figcaption class=\"wp-element-caption\">Foto: &#8220;theworld.org&#8221;<\/figcaption><\/figure>\n\n\n\n<p>B\u0259z\u0259n bel\u0259 bir iddiaya rast g\u0259linir ki, Rust Moskvaya u\u00e7maq fikrin\u0259 m\u0259hz H\u00f6fdini ziyar\u0259t ed\u0259rk\u0259n g\u0259lib. Amma \u00f6z\u00fc bunu inkar edir. Halbuki Avropada s\u0259f\u0259r ed\u0259rk\u0259n buna ehtiyac yox idi. \u00dcst\u0259lik, u\u00e7u\u015fdan \u0259vv\u0259l SSR\u0130-nin q\u0259rb \u0259razil\u0259rini \u0259hat\u0259 ed\u0259n x\u0259rit\u0259 \u0259ld\u0259 etm\u0259si m\u0259lumdur.<br><br>\u0130slandiyada bir h\u0259ft\u0259 qalan Rust \u015eetland adalar\u0131 v\u0259 Norve\u00e7in Bergen \u015f\u0259h\u0259rl\u0259rind\u0259 ilkin eni\u015fl\u0259r ed\u0259r\u0259k may\u0131n 25-d\u0259 Finlandiyaya, Helsinkinin Malmi hava liman\u0131na u\u00e7du. Burada \u00fc\u00e7 g\u00fcn qald\u0131qdan sonra plan\u0131n\u0131 h\u0259yata ke\u00e7irm\u0259k \u2013 Moskvaya u\u00e7araq Q\u0131rm\u0131z\u0131 meydanda enm\u0259yi q\u0259rara ald\u0131. Sonralar rus jurnalistin \u201cniy\u0259 m\u0259hz Q\u0131rm\u0131z\u0131 meydanda?\u201d sual\u0131na Matias \u201cBa\u015fqa yer bilmirdim\u201d cavab\u0131n\u0131 ver\u0259c\u0259k.<br><br>***<br>May\u0131n 28-d\u0259 Rust yanacaq \u00e7\u0259nl\u0259rini a\u011fz\u0131na q\u0259d\u0259r doldurdu, dispet\u00e7erl\u0259r\u0259 Stokholma u\u00e7aca\u011f\u0131n\u0131 dedi v\u0259 Moskva vaxt\u0131 il\u0259 13:21-d\u0259 havaya qalxd\u0131. Bir q\u0259d\u0259r q\u0259rb\u0259 t\u0259r\u0259f u\u00e7du, \u00e7\u00fcnki Stokholm Helsinkid\u0259n q\u0259rbd\u0259 yerl\u0259\u015fir. Amma Nummela \u015f\u0259h\u0259rinin yax\u0131nl\u0131\u011f\u0131da dispet\u00e7erl\u0259 \u0259laq\u0259 saxlay\u0131b h\u0259r \u015feyin qaydas\u0131nda oldu\u011funu dedi v\u0259 \u0259laq\u0259 cihazlar\u0131n\u0131 s\u00f6nd\u00fcr\u0259r\u0259k c\u0259nuba, o zaman SSR\u0130-nin t\u0259rkibind\u0259 olan Estoniyaya t\u0259r\u0259f y\u00f6n\u0259ldi. Bu zaman xeyli a\u015fa\u011f\u0131 d\u00fc\u015fd\u00fc.<br><br>T\u0259yyar\u0259nin radarlardan itm\u0259si dispet\u00e7erl\u0259rin h\u0259y\u0259can qald\u0131rmalar\u0131na s\u0259b\u0259b oldu. Onun itdiyi t\u0259xmin edil\u0259n yer\u0259 xilasedici katerl\u0259r g\u00f6nd\u0259rildi. Bu zaman Fin k\u00f6rf\u0259zind\u0259 ya\u011f l\u0259k\u0259sin\u0259 rast g\u0259linm\u0259si Rustun q\u0259zaya u\u011framas\u0131 ehtimal\u0131n\u0131 art\u0131rd\u0131 v\u0259 xilasetm\u0259y\u0259 \u0259lav\u0259 q\u00fcvv\u0259l\u0259r c\u0259lb olundu. T\u0259bii, he\u00e7 n\u0259 tap\u0131lmad\u0131. Bu axtar\u0131\u015flara g\u00f6r\u0259 Finlandiya Rusta qar\u015f\u0131 100 min dollar iddia qald\u0131rd\u0131, sonra is\u0259 vaz ke\u00e7di.<br><br>Matias is\u0259 Estoniyan\u0131n Kohtla-Yarve \u015f\u0259h\u0259ri yax\u0131nl\u0131\u011f\u0131ndan sovet \u0259razisin\u0259 girdi. Sovet radarlar\u0131 onu h\u0259l\u0259 Fin k\u00f6rf\u0259zi t\u0259r\u0259fd\u0259n sovet s\u0259rh\u0259dl\u0259rin\u0259 yax\u0131nla\u015fanda qeyd\u0259 alm\u0131\u015fd\u0131lar, amma sonra itirdil\u0259r. Y\u0259qin ki, Rust t\u0259yyar\u0259ni \u00e7ox a\u015fa\u011f\u0131 endirdiyind\u0259n radarlardan yay\u0131na bilmi\u015fdi.<br><br>Saat 14:10-14:20 aras\u0131nda radarlar art\u0131q sovet \u0259razisi \u00fcz\u0259rind\u0259 u\u00e7an \u201cCessna\u201dn\u0131 yenid\u0259n qeyd\u0259 al\u0131rlar. \u018flaq\u0259 yaratmaq c\u0259hdi ba\u015f tutmad\u0131qda ona 8255 kodu verilir. Amma bu zaman s\u0259rh\u0259d pozucusu deyil, \u201cu\u00e7u\u015f rejiminin nam\u0259lum pozucusu\u201d kimi qeyd\u0259 al\u0131rlar. Y\u0259ni t\u0259yyar\u0259nin sovet qurumlar\u0131ndan birin\u0259 m\u0259nsub olmas\u0131, sad\u0259c\u0259 u\u00e7u\u015f mar\u015frutunu pozmas\u0131 v\u0259 ya icaz\u0259siz havaya qalxmas\u0131 g\u00fcman edilir. H\u0259tta s\u00fcr\u0259tin\u0259 \u0259sas\u0259n helikopter olmas\u0131 istisna edilmir.<br><br>Havaya \u0259vv\u0259lc\u0259 iki MiQ q\u0131r\u0131c\u0131s\u0131 qald\u0131r\u0131l\u0131r. Onlardan biri Rustun t\u0259yyar\u0259sini vizual m\u00fc\u015fahid\u0259 edir v\u0259 dispet\u00e7erl\u0259r\u0259 Yak-12 tipli idman t\u0259yyar\u0259sini g\u00f6rd\u00fcy\u00fcn\u00fc x\u0259b\u0259r verir. Q\u0131r\u0131c\u0131 t\u0259yyar\u0259 il\u0259 \u201cCessna\u201dn\u0131 izl\u0259m\u0259k asan deyildi: birincini s\u00fcr\u0259ti \u00e7ox idi. O, s\u00fcr\u0259tini \u201cCessna\u201dn\u0131n s\u00fcr\u0259ti q\u0259d\u0259r azaldard\u0131sa, yer\u0259 d\u00fc\u015f\u0259 bil\u0259rdi. Buna g\u00f6r\u0259 d\u0259 pilot Rustu gah tap\u0131r, gah itirir, sonra yenid\u0259n tap\u0131rd\u0131. Komandanl\u0131qdan h\u0259r hans\u0131 g\u00f6st\u0259ri\u015f almayan q\u0131r\u0131c\u0131lar\u0131n yanaca\u011f\u0131 t\u00fck\u0259n\u0259nd\u0259 yer\u0259 endil\u0259r.<br><br>U\u00e7u\u015fun ba\u015f tutdu\u011fu \u0259razinin m\u00fc\u0259yy\u0259n hiss\u0259sin\u0259 cavabdeh olan 6-c\u0131 \u0259lahidd\u0259 HHM ordusunun komandiri general German Kromin sonralar verdiyi m\u00fcsahib\u0259d\u0259 iddia edir ki, 1983-c\u00fc ild\u0259 C\u0259nubi Koreya t\u0259yyar\u0259sinin vurulmas\u0131 n\u0259tic\u0259sind\u0259 ya\u015fanan beyn\u0259lxalq g\u0259rginlikd\u0259n sonra m\u00fcdafi\u0259 nazirinin verdiyi \u0259mrd\u0259 s\u0259rni\u015fin t\u0259yyar\u0259l\u0259rinin vurulmas\u0131 qada\u011fan edilirdi, onlar\u0131 eni\u015f\u0259 m\u0259cbur etm\u0259k laz\u0131m idi.<br><br>Rustun t\u0259yyar\u0259si il\u0259 ba\u011fl\u0131 is\u0259 qeyri-m\u00fc\u0259yy\u0259nlik h\u00f6km s\u00fcr\u00fcrd\u00fc. \u018fvv\u0259la, onun s\u0259rh\u0259d pozucusu olmas\u0131 d\u0259qiql\u0259\u015fm\u0259mi\u015fdi. Dig\u0259r t\u0259r\u0259fd\u0259n, m\u00fcdafi\u0259 nazirinin \u0259mrind\u0259 y\u0259qin ki, b\u00f6y\u00fck t\u0259yyar\u0259l\u0259r n\u0259z\u0259rd\u0259 tutulurdu. \u0130ndi \u201cCessna\u201dn\u0131 g\u00f6r\u0259n h\u0259rb\u00e7il\u0259r n\u0259 ed\u0259c\u0259kl\u0259rini bilmirdil\u0259r. 5-6 il \u0259vv\u0259l olsayd\u0131, \u00e7ox d\u00fc\u015f\u00fcnm\u0259d\u0259n at\u0259\u015f a\u00e7ard\u0131lar, amma 1987-ci ild\u0259ki SSR\u0130-d\u0259 m\u00fc\u0259yy\u0259n d\u0259yi\u015fiklikl\u0259r vard\u0131.<br><br>T\u0259xmin\u0259n 15:00-da Rust Pskov \u0259traf\u0131na \u00e7at\u0131r v\u0259 ba\u015fqa HHM hiss\u0259sinin s\u0259lahiyy\u0259t zonas\u0131na daxil olur. Burada desant alay\u0131n\u0131n u\u00e7u\u015flar\u0131 h\u0259yata ke\u00e7irilirdi, para\u015f\u00fct\u00e7\u00fcl\u0259r tullan\u0131rd\u0131. G\u0259nc dispet\u00e7er havada olan b\u00fct\u00fcn aparatlara dost-d\u00fc\u015fm\u0259n sistemi il\u0259 \u201cdost\u201d i\u015far\u0259sini verir, o c\u00fcml\u0259d\u0259n \u201cCessna\u201dya. Buna g\u00f6r\u0259 d\u0259 Rust daha t\u0259qib olunmur.<br><br>Bir saat sonra Seliger g\u00f6l\u00fcn\u0259 yax\u0131nla\u015fan g\u0259nc alman ba\u015fqa hiss\u0259nin s\u0259lahiyy\u0259t zonas\u0131na ke\u00e7ir v\u0259 \u201cdost\u201d i\u015far\u0259sini itirir. Bir \u00e7ox rusdilli m\u0259nb\u0259l\u0259rd\u0259 iddia olunur ki, h\u0259min \u0259razid\u0259 Tu-22 v\u0259 MiQ-25 h\u0259rbi t\u0259yyar\u0259l\u0259rinin toqqu\u015fmas\u0131 ba\u015f verib, havada axtar\u0131\u015f aparan helikopterl\u0259r olub v\u0259 \u201cCessna\u201d da onlardan biri hesab olunub. Amma bel\u0259 bir toqqu\u015fma haqq\u0131nda ba\u015fqa m\u0259nb\u0259l\u0259rd\u0259 he\u00e7 bir m\u0259lumat yoxdur. Do\u011frudur, h\u0259min g\u00fcn Tu-22 q\u0259zas\u0131 ba\u015f verib, amma bu, Belarusun Ukrayna il\u0259 s\u0259rh\u0259di yax\u0131nl\u0131\u011f\u0131nda yerl\u0259\u015f\u0259n Zyabrovka k\u0259ndi yax\u0131nl\u0131\u011f\u0131nda olub. H\u0259min \u0259razi is\u0259 Rustun mar\u015frutundan xeyli uzaqdd\u0131r.<br><br>\u018fslind\u0259 is\u0259 German Krominin dediyin\u0259 g\u00f6r\u0259, saat 16:00-dan sonra havaya yen\u0259 q\u0131r\u0131c\u0131lar qald\u0131r\u0131l\u0131r. Amma onlar t\u0259yyar\u0259ni tapa bilmirl\u0259r: bir yandan dispet\u00e7erl\u0259r yanl\u0131\u015f y\u00f6nl\u0259ndirirl\u0259r, dig\u0259r t\u0259r\u0259fd\u0259n h\u00fcnd\u00fcrl\u00fcy\u00fc 2 kilometr\u0259 \u00e7atan buludlar Rusta gizl\u0259nm\u0259k f\u00fcrs\u0259ti verir.<br><br>Onu da dem\u0259k laz\u0131md\u0131r ki, h\u0259rb\u00e7il\u0259rin ixtiyar\u0131nda olan radio-lokasiya stansiyalar\u0131n\u0131n (RLS) qeyri-m\u00fck\u0259mm\u0259lliyi d\u0259 bu hadis\u0259d\u0259 \u00f6n\u0259mli rol oynay\u0131r. Moskvaya yax\u0131nla\u015fd\u0131qca Rustun t\u0259yyar\u0259si radarlarda \u0259ks olunan meteoroloji obyektl\u0259rd\u0259n biri kimi t\u0259snif olunur, bir ara h\u0259tta k\u00f6\u00e7\u0259ri qu\u015f d\u0259st\u0259si olmas\u0131 g\u00fcman edilir.<br><br>T\u0259xmin\u0259n saat 18:00-da Matias Rust Moskva vilay\u0259tinin inzibati s\u0259rh\u0259dl\u0259rin\u0259 yax\u0131nla\u015f\u0131r. Bu zaman onu yen\u0259 d\u0259 u\u00e7u\u015f rejimini pozan t\u0259yyar\u0259 kimi t\u0259snif edirl\u0259r. S\u0259rni\u015fin t\u0259yyar\u0259l\u0259rinin h\u0259r\u0259k\u0259tin\u0259 t\u0259hl\u00fck\u0259 yaratd\u0131\u011f\u0131na g\u00f6r\u0259 \u015eeremetyovo hava liman\u0131 t\u0259yyar\u0259l\u0259rin u\u00e7u\u015funu v\u0259 eni\u015fini m\u00fcv\u0259qq\u0259ti dayand\u0131r\u0131r.<br><br>18:30-da t\u0259yyar\u0259 Xod\u0131n meydan\u0131 t\u0259r\u0259fd\u0259n Moskva \u015f\u0259h\u0259rin\u0259 daxil olur v\u0259 m\u0259rk\u0259z\u0259 do\u011fru h\u0259r\u0259k\u0259t edir. Burada u\u00e7u\u015flar \u00fcmumiyy\u0259tl\u0259 qada\u011fan idi. Rust adamlar\u0131n Q\u0131rm\u0131z\u0131 meydanda \u00e7ox olmas\u0131 s\u0259b\u0259bind\u0259n burada eni\u015f etm\u0259k fikrind\u0259n vaz ke\u00e7ir. \u0130ki trolleybus x\u0259ttinin aras\u0131ndan ustal\u0131qla a\u015fa\u011f\u0131 d\u00fc\u015f\u0259r\u0259k B\u00f6y\u00fck Moskva \u00e7ay\u0131 (Bolshoy Moskvoretski) k\u00f6rp\u00fcs\u00fc \u00fcz\u0259rin\u0259 enir v\u0259 t\u0259yyar\u0259ni Vasili Blajenn\u0131 m\u0259b\u0259din\u0259 q\u0259d\u0259r s\u00fcr\u00fcr. Saat 19:10 idi.<br><br>***<\/p>\n\n\n\n<p>\u018ftrafda y\u0131\u011f\u0131lan adamlar Moskvan\u0131n m\u0259rk\u0259zind\u0259 eni\u015f ed\u0259n, t\u0259yyar\u0259ni saxlay\u0131b sakitc\u0259 d\u00fc\u015f\u0259n v\u0259 t\u0259k\u0259rl\u0259rin alt\u0131na dayaq qoyan g\u0259ncin s\u0259rh\u0259d pozucusu ola bil\u0259c\u0259yini a\u011f\u0131llar\u0131ndan ke\u00e7irmirdil\u0259r. Amma hadis\u0259 \u00f6z\u00fc maraql\u0131 idi. Buna g\u00f6r\u0259 Rustu \u0259hat\u0259y\u0259 ald\u0131lar v\u0259 m\u00fcxt\u0259lif suallar verm\u0259y\u0259 ba\u015flad\u0131lar. K\u00fctl\u0259nin i\u00e7ind\u0259 ingilisc\u0259 bil\u0259n birisi t\u0259rc\u00fcm\u0259\u00e7ilik edir. Q\u0131rm\u0131z\u0131 meydan v\u0259 h\u0259nd\u0259v\u0259rind\u0259 daim ke\u015fik \u00e7\u0259k\u0259n milisl\u0259r bel\u0259 n\u0259 ba\u015f verdiyini anlam\u0131rlar. Yaln\u0131z bir saat (b\u0259zi m\u0259nb\u0259l\u0259r\u0259 g\u00f6r\u0259, yar\u0131m saat) sonra D\u00f6vl\u0259t T\u0259hl\u00fck\u0259sizlik Komit\u0259sinin (KQB) \u0259m\u0259kda\u015flar\u0131 hadis\u0259 yerin\u0259 g\u0259l\u0259r\u0259k Rustu h\u0259bs etdil\u0259r.<br><br>\u018flb\u0259tt\u0259, h\u0259yata ke\u00e7\u0259n u\u00e7u\u015fun 19 ya\u015fl\u0131 bir g\u0259ncin (19-cu do\u011fum g\u00fcn\u00fcn\u00fc iyunun 1-d\u0259 Lefortovo t\u0259cridxanas\u0131nda ke\u00e7irdi) \u00f6z ist\u0259yi oldu\u011funa sovet orqanlar\u0131n\u0131n d\u0259rhal inanmalar\u0131n\u0131 g\u00f6zl\u0259m\u0259k sad\u0259l\u00f6vhl\u00fck olard\u0131. Onlar Rustun x\u00fcsusi m\u0259rk\u0259zl\u0259r t\u0259r\u0259find\u0259n x\u00fcsusi m\u0259qs\u0259dl\u0259rl\u0259 g\u00f6nd\u0259rilm\u0259sini ehtiva ed\u0259n b\u00fct\u00fcn versiyalar\u0131 n\u0259z\u0259rd\u0259n ke\u00e7irdil\u0259r.<br><br>T\u0259yyar\u0259d\u0259 \u0259lav\u0259 s\u0259rni\u015finin olmas\u0131 v\u0259 yolda eni\u015f edil\u0259r\u0259k d\u00fc\u015f\u00fcr\u00fclm\u0259si, yaxud hans\u0131sa y\u00fck\u00fcn bo\u015fald\u0131lmas\u0131 variant\u0131n\u0131 yoxlamaq \u00fc\u00e7\u00fcn b\u00fct\u00fcn mar\u015frut boyu insanlar dindirildi, t\u0259yyar\u0259nin hans\u0131 vaxtda hans\u0131 m\u0259saf\u0259ni q\u0259t etm\u0259si hesabland\u0131. \u201cCessna\u201dda tap\u0131lan x\u0259rit\u0259nin k\u0259\u015ffiyyat qurumunda haz\u0131rlanmas\u0131 ehtimal olundu. Amma ayd\u0131n oldu ki, Hamburqda Rustun ni\u015fan verdiyi ma\u011fazada h\u0259qiq\u0259t\u0259n bel\u0259 x\u0259rit\u0259l\u0259r sat\u0131l\u0131r. U\u00e7u\u015fun m\u0259hz s\u0259rh\u0259d\u00e7il\u0259r g\u00fcn\u00fc ba\u015f tutmas\u0131 da m\u00fcst\u0259ntiql\u0259ri \u015f\u00fcbh\u0259l\u0259ndir\u0259n amil idi. Amma h\u0259r hans\u0131 bir q\u0259r\u0259z tapmaq m\u00fcmk\u00fcn olmad\u0131.<br><br>\u0130stintaq Matias Rusta qar\u015f\u0131 s\u0259rh\u0259di qanunsuz ke\u00e7m\u0259k, u\u00e7u\u015f qaydalar\u0131n\u0131 pozmaq v\u0259 q\u0259sd\u0259n t\u00f6r\u0259dil\u0259n xuliqanl\u0131q madd\u0259l\u0259ri \u00fczr\u0259 ittiham ir\u0259li s\u00fcrd\u00fc. Sentyabrda ba\u015f tutan m\u0259hk\u0259m\u0259 Rustun \u201cs\u00fclh k\u00f6rp\u00fcs\u00fc\u201d, \u201cs\u00fclh\u0259 \u00e7a\u011f\u0131r\u0131\u015f\u201d bar\u0259d\u0259 arqumentl\u0259rini \u00f6n\u0259msiz sayd\u0131 v\u0259 onu c\u0259zas\u0131n\u0131 \u00fcmumi rejimli islah \u0259m\u0259k d\u00fc\u015f\u0259rg\u0259sind\u0259 \u00e7\u0259km\u0259kl\u0259 d\u00f6rd il m\u00fcdd\u0259tin\u0259 azadl\u0131qdan m\u0259hrum etdul\u0259r. Amma Rust d\u00fc\u015f\u0259rg\u0259y\u0259 g\u00f6nd\u0259rilm\u0259di (y\u0259qin ki, bir g\u00fcn Almaniyaya qay\u0131danda d\u00fc\u015f\u0259rg\u0259l\u0259rd\u0259ki d\u0259h\u015f\u0259tli \u015f\u0259raitd\u0259n dan\u0131\u015fmamas\u0131 \u00fc\u00e7\u00fcn), imtiyazl\u0131 \u015f\u0259raitd\u0259 Lefortovoda saxlan\u0131ld\u0131 v\u0259 1988-ci ilin avqustunda \u0259fv edildi.<br><br>Almaniyaya qay\u0131dan pilotun lisenziyas\u0131 d\u0259rhal l\u0259\u011fv edildi. Bir il sonra Rustun ad\u0131 yenid\u0259n q\u0259zet s\u0259hif\u0259l\u0259rin\u0259 \u00e7\u0131xd\u0131. Alternativ h\u0259rbi xidm\u0259t ke\u00e7diyi x\u0259st\u0259xanada tovlama c\u0259hdl\u0259rin\u0259 reaksiya verm\u0259y\u0259n tibb bac\u0131s\u0131n\u0131 b\u0131\u00e7aqlad\u0131. Buna g\u00f6r\u0259 2,5 il h\u0259bs\u0259 v\u0259 z\u0259r\u0259r\u00e7\u0259k\u0259n\u0259 35 min marka kompensasiya \u00f6d\u0259m\u0259y\u0259 m\u0259hkum edildi. 15 ay sonra vaxt\u0131ndan \u0259vv\u0259l azad olundu.<br><br>1994-c\u00fc ild\u0259 yenid\u0259n, bu d\u0259f\u0259 qanun-qayda il\u0259 Moskvaya g\u0259ldi v\u0259 ayyar\u0131m qald\u0131. Deyil\u0259nl\u0259r\u0259 g\u00f6r\u0259, Qorba\u00e7ovla g\u00f6r\u00fc\u015fm\u0259k \u00fc\u00e7\u00fcn c\u0259hd g\u00f6st\u0259rdi, amma n\u0259tic\u0259 \u0259ld\u0259 etm\u0259di. Hamburqda univermaqdan sviter o\u011furlamaq c\u0259hdin\u0259 g\u00f6r\u0259 2001-ci ild\u0259 yen\u0259 m\u0259hk\u0259m\u0259 qar\u015f\u0131s\u0131na \u00e7\u0131xd\u0131 v\u0259 c\u0259rim\u0259 olundu. 2005-ci ild\u0259 d\u0259l\u0259duzluqda ittiham olundu v\u0259 yen\u0259 c\u0259rim\u0259 il\u0259 qurtuldu. Son m\u0259lumatlara g\u00f6r\u0259, \u0130sve\u00e7r\u0259d\u0259 ya\u015fay\u0131r.<br><br>***<br>Rustun u\u00e7u\u015fu sovet ordusu r\u0259hb\u0259rliyind\u0259 b\u00f6y\u00fck miqyasl\u0131 t\u0259mizl\u0259m\u0259l\u0259r\u0259 s\u0259b\u0259b oldu. Qorba\u00e7ov bunu \u0259dal\u0259tli c\u0259za hesab edirdi, yoxsa AB\u015e il\u0259 yax\u0131nla\u015fma\u011fa v\u0259 silahlar\u0131n ixtisar\u0131na isti baxmayan qeyri-loyal h\u0259rb\u00e7il\u0259rd\u0259n qurtulurdu, indi d\u0259 m\u00fcbahis\u0259 m\u00f6vzusudur. M\u0259nc\u0259, h\u0259r iki versiya do\u011frudur.<br><br>Art\u0131q may\u0131n 30-da SSR\u0130-nin m\u00fcdafi\u0259 naziri, mar\u015fal Sergey Sokolov, iyunun 11-d\u0259 HHM q\u00fcvv\u0259l\u0259rinin ba\u015f komandan\u0131, Ba\u015f aviasiya mar\u015fal\u0131 Aleksandr Koldunov v\u0259zif\u0259l\u0259rind\u0259n \u00e7\u0131xar\u0131ld\u0131lar. Daha a\u015fa\u011f\u0131 v\u0259zif\u0259l\u0259r tutan onlarla general v\u0259 zabit d\u0259 m\u00fcxt\u0259lif c\u0259zalar ald\u0131. M\u0259qal\u0259d\u0259 ad\u0131 ke\u00e7\u0259n German Kromin d\u0259 postunu itirdi.<br><br>SSR\u0130-nin d\u00f6vl\u0259t s\u0259rh\u0259dinin uzunlu\u011fu 62710 km idi. Ayd\u0131n m\u0259s\u0259l\u0259dir ki, HHM q\u00fcvv\u0259l\u0259ri ciddi t\u0259hl\u00fck\u0259 t\u00f6r\u0259d\u0259 bil\u0259n h\u0259rbi t\u0259yyar\u0259l\u0259rd\u0259n v\u0259 dig\u0259r b\u00f6y\u00fck u\u00e7u\u015f aparatlar\u0131ndan m\u00fcdafi\u0259y\u0259 istiqam\u0259tl\u0259nmi\u015fdil\u0259r. Buna g\u00f6r\u0259 d\u0259 Matias Rustun \u201cCessna\u201d t\u0259yyar\u0259sind\u0259 s\u0259rh\u0259di poza bilm\u0259sinin \u00f6z\u00fcnd\u0259 biab\u0131r\u00e7\u0131 bir \u015fey yox idi. Amma onun Moskva m\u0259rk\u0259zin\u0259 q\u0259d\u0259r u\u00e7mas\u0131, sovet r\u0259hb\u0259rliyinin iqam\u0259tgah\u0131 olan Kremlin yax\u0131nl\u0131\u011f\u0131nda yer\u0259 enm\u0259si h\u0259qiq\u0259t\u0259n d\u0259 SSR\u0130-nin h\u0259rbi imicin\u0259 sars\u0131d\u0131c\u0131 z\u0259rb\u0259 oldu.<\/p>\n","protected":false},"excerpt":{"rendered":"<p>Yadigar Sad\u0131ql\u0131 19 ya\u015fl\u0131 g\u0259ncin u\u00e7u\u015fu sovet ordusu r\u0259hb\u0259rliyind\u0259 b\u00f6y\u00fck &#8230; <\/p>\n<p class=\"read-more-container\"><a title=\"Matias Rustun u\u00e7u\u015fu\" class=\"read-more button\" href=\"https:\/\/www.meydan.tv\/az\/article\/matias-rustun-ucusu\/#more-275982\" aria-label=\"Read more about Matias Rustun u\u00e7u\u015fu\">Davam\u0131<\/a><\/p>\n","protected":false},"author":8,"featured_media":119327,"comment_status":"closed","ping_status":"closed","sticky":false,"template":"","format":"standard","meta":{"_acf_changed":false,"_sitemap_exclude":false,"_sitemap_priority":"","_sitemap_frequency":"","footnotes":""},"categories":[57],"tags":[],"class_list":["post-275982","post","type-post","status-publish","format-standard","has-post-thumbnail","hentry","category-menim-fikrimce","infinite-scroll-item","generate-columns","tablet-grid-50","mobile-grid-100","grid-parent","grid-33","no-featured-image-padding"],"acf":[],"yoast_head":"<!-- This site is optimized with the Yoast SEO plugin v27.4 - https:\/\/yoast.com\/product\/yoast-seo-wordpress\/ -->\n<title>Matias Rustun u\u00e7u\u015fu - MEYDAN.TV<\/title>\n<meta name=\"robots\" content=\"index, follow, max-snippet:-1, max-image-preview:large, max-video-preview:-1\" \/>\n<link rel=\"canonical\" href=\"https:\/\/www.meydan.tv\/az\/article\/matias-rustun-ucusu\/\" \/>\n<meta property=\"og:locale\" content=\"az_AZ\" \/>\n<meta property=\"og:type\" content=\"article\" \/>\n<meta property=\"og:title\" content=\"Matias Rustun u\u00e7u\u015fu - MEYDAN.TV\" \/>\n<meta property=\"og:description\" content=\"Yadigar Sad\u0131ql\u0131 19 ya\u015fl\u0131 g\u0259ncin u\u00e7u\u015fu sovet ordusu r\u0259hb\u0259rliyind\u0259 b\u00f6y\u00fck ... Davam\u0131\" \/>\n<meta property=\"og:url\" content=\"https:\/\/www.meydan.tv\/az\/article\/matias-rustun-ucusu\/\" \/>\n<meta property=\"og:site_name\" content=\"MEYDAN.TV\" \/>\n<meta property=\"article:published_time\" content=\"2023-05-25T09:42:06+00:00\" \/>\n<meta property=\"article:modified_time\" content=\"2023-05-25T10:12:33+00:00\" \/>\n<meta property=\"og:image\" content=\"https:\/\/www.meydan.tv\/wp-content\/uploads\/3cb67e7d-b10f-4c21-a950-7ff09b6b8f8f-scaled-e1684405162756.jpeg\" \/>\n\t<meta property=\"og:image:width\" content=\"2560\" \/>\n\t<meta property=\"og:image:height\" content=\"1203\" \/>\n\t<meta property=\"og:image:type\" content=\"image\/jpeg\" \/>\n<meta name=\"author\" content=\"elli\" \/>\n<meta name=\"twitter:card\" content=\"summary_large_image\" \/>\n<meta name=\"twitter:creator\" content=\"@elli\" \/>\n<script type=\"application\/ld+json\" class=\"yoast-schema-graph\">{\"@context\":\"https:\\\/\\\/schema.org\",\"@graph\":[{\"@type\":\"Article\",\"@id\":\"https:\\\/\\\/www.meydan.tv\\\/az\\\/article\\\/matias-rustun-ucusu\\\/#article\",\"isPartOf\":{\"@id\":\"https:\\\/\\\/www.meydan.tv\\\/az\\\/article\\\/matias-rustun-ucusu\\\/\"},\"author\":{\"name\":\"elli\",\"@id\":\"https:\\\/\\\/www.meydan.tv\\\/az\\\/#\\\/schema\\\/person\\\/9cdbecf90d17180ce1dfbd95b08dcf47\"},\"headline\":\"Matias Rustun u\u00e7u\u015fu\",\"datePublished\":\"2023-05-25T09:42:06+00:00\",\"dateModified\":\"2023-05-25T10:12:33+00:00\",\"mainEntityOfPage\":{\"@id\":\"https:\\\/\\\/www.meydan.tv\\\/az\\\/article\\\/matias-rustun-ucusu\\\/\"},\"wordCount\":2826,\"publisher\":{\"@id\":\"https:\\\/\\\/www.meydan.tv\\\/az\\\/#organization\"},\"image\":{\"@id\":\"https:\\\/\\\/www.meydan.tv\\\/az\\\/article\\\/matias-rustun-ucusu\\\/#primaryimage\"},\"thumbnailUrl\":\"https:\\\/\\\/www.meydan.tv\\\/wp-content\\\/uploads\\\/3cb67e7d-b10f-4c21-a950-7ff09b6b8f8f-scaled-e1684405162756.jpeg\",\"articleSection\":[\"M\u0259nim Fikrimc\u0259\"],\"inLanguage\":\"az\"},{\"@type\":\"WebPage\",\"@id\":\"https:\\\/\\\/www.meydan.tv\\\/az\\\/article\\\/matias-rustun-ucusu\\\/\",\"url\":\"https:\\\/\\\/www.meydan.tv\\\/az\\\/article\\\/matias-rustun-ucusu\\\/\",\"name\":\"Matias Rustun u\u00e7u\u015fu - MEYDAN.TV\",\"isPartOf\":{\"@id\":\"https:\\\/\\\/www.meydan.tv\\\/az\\\/#website\"},\"primaryImageOfPage\":{\"@id\":\"https:\\\/\\\/www.meydan.tv\\\/az\\\/article\\\/matias-rustun-ucusu\\\/#primaryimage\"},\"image\":{\"@id\":\"https:\\\/\\\/www.meydan.tv\\\/az\\\/article\\\/matias-rustun-ucusu\\\/#primaryimage\"},\"thumbnailUrl\":\"https:\\\/\\\/www.meydan.tv\\\/wp-content\\\/uploads\\\/3cb67e7d-b10f-4c21-a950-7ff09b6b8f8f-scaled-e1684405162756.jpeg\",\"datePublished\":\"2023-05-25T09:42:06+00:00\",\"dateModified\":\"2023-05-25T10:12:33+00:00\",\"breadcrumb\":{\"@id\":\"https:\\\/\\\/www.meydan.tv\\\/az\\\/article\\\/matias-rustun-ucusu\\\/#breadcrumb\"},\"inLanguage\":\"az\",\"potentialAction\":[{\"@type\":\"ReadAction\",\"target\":[\"https:\\\/\\\/www.meydan.tv\\\/az\\\/article\\\/matias-rustun-ucusu\\\/\"]}]},{\"@type\":\"ImageObject\",\"inLanguage\":\"az\",\"@id\":\"https:\\\/\\\/www.meydan.tv\\\/az\\\/article\\\/matias-rustun-ucusu\\\/#primaryimage\",\"url\":\"https:\\\/\\\/www.meydan.tv\\\/wp-content\\\/uploads\\\/3cb67e7d-b10f-4c21-a950-7ff09b6b8f8f-scaled-e1684405162756.jpeg\",\"contentUrl\":\"https:\\\/\\\/www.meydan.tv\\\/wp-content\\\/uploads\\\/3cb67e7d-b10f-4c21-a950-7ff09b6b8f8f-scaled-e1684405162756.jpeg\",\"width\":2560,\"height\":1203,\"caption\":\"Foto: Meydan Tv\"},{\"@type\":\"BreadcrumbList\",\"@id\":\"https:\\\/\\\/www.meydan.tv\\\/az\\\/article\\\/matias-rustun-ucusu\\\/#breadcrumb\",\"itemListElement\":[{\"@type\":\"ListItem\",\"position\":1,\"name\":\"Ana s\u0259hif\u0259\",\"item\":\"https:\\\/\\\/www.meydan.tv\\\/az\\\/\"},{\"@type\":\"ListItem\",\"position\":2,\"name\":\"M\u0259nim Fikrimc\u0259\",\"item\":\"https:\\\/\\\/www.meydan.tv\\\/az\\\/section\\\/menim-fikrimce\\\/\"},{\"@type\":\"ListItem\",\"position\":3,\"name\":\"Matias Rustun u\u00e7u\u015fu\"}]},{\"@type\":\"WebSite\",\"@id\":\"https:\\\/\\\/www.meydan.tv\\\/az\\\/#website\",\"url\":\"https:\\\/\\\/www.meydan.tv\\\/az\\\/\",\"name\":\"MEYDAN.TV\",\"description\":\"Meydan TV Az\u0259rbaycan\u0131n media m\u0259kan\u0131ndak\u0131 alternativ s\u0259sidir\",\"publisher\":{\"@id\":\"https:\\\/\\\/www.meydan.tv\\\/az\\\/#organization\"},\"potentialAction\":[{\"@type\":\"SearchAction\",\"target\":{\"@type\":\"EntryPoint\",\"urlTemplate\":\"https:\\\/\\\/www.meydan.tv\\\/az\\\/?s={search_term_string}\"},\"query-input\":{\"@type\":\"PropertyValueSpecification\",\"valueRequired\":true,\"valueName\":\"search_term_string\"}}],\"inLanguage\":\"az\"},{\"@type\":\"Organization\",\"@id\":\"https:\\\/\\\/www.meydan.tv\\\/az\\\/#organization\",\"name\":\"Meydan TV\",\"url\":\"https:\\\/\\\/www.meydan.tv\\\/az\\\/\",\"logo\":{\"@type\":\"ImageObject\",\"inLanguage\":\"az\",\"@id\":\"https:\\\/\\\/www.meydan.tv\\\/az\\\/#\\\/schema\\\/logo\\\/image\\\/\",\"url\":\"https:\\\/\\\/www.meydan.tv\\\/wp-content\\\/uploads\\\/2021\\\/07\\\/meydan-logo.svg\",\"contentUrl\":\"https:\\\/\\\/www.meydan.tv\\\/wp-content\\\/uploads\\\/2021\\\/07\\\/meydan-logo.svg\",\"width\":195,\"height\":46,\"caption\":\"Meydan TV\"},\"image\":{\"@id\":\"https:\\\/\\\/www.meydan.tv\\\/az\\\/#\\\/schema\\\/logo\\\/image\\\/\"}},{\"@type\":\"Person\",\"@id\":\"https:\\\/\\\/www.meydan.tv\\\/az\\\/#\\\/schema\\\/person\\\/9cdbecf90d17180ce1dfbd95b08dcf47\",\"name\":\"elli\",\"sameAs\":[\"https:\\\/\\\/x.com\\\/elli\"]}]}<\/script>\n<!-- \/ Yoast SEO plugin. -->","yoast_head_json":{"title":"Matias Rustun u\u00e7u\u015fu - MEYDAN.TV","robots":{"index":"index","follow":"follow","max-snippet":"max-snippet:-1","max-image-preview":"max-image-preview:large","max-video-preview":"max-video-preview:-1"},"canonical":"https:\/\/www.meydan.tv\/az\/article\/matias-rustun-ucusu\/","og_locale":"az_AZ","og_type":"article","og_title":"Matias Rustun u\u00e7u\u015fu - MEYDAN.TV","og_description":"Yadigar Sad\u0131ql\u0131 19 ya\u015fl\u0131 g\u0259ncin u\u00e7u\u015fu sovet ordusu r\u0259hb\u0259rliyind\u0259 b\u00f6y\u00fck ... Davam\u0131","og_url":"https:\/\/www.meydan.tv\/az\/article\/matias-rustun-ucusu\/","og_site_name":"MEYDAN.TV","article_published_time":"2023-05-25T09:42:06+00:00","article_modified_time":"2023-05-25T10:12:33+00:00","og_image":[{"width":2560,"height":1203,"url":"https:\/\/www.meydan.tv\/wp-content\/uploads\/3cb67e7d-b10f-4c21-a950-7ff09b6b8f8f-scaled-e1684405162756.jpeg","type":"image\/jpeg"}],"author":"elli","twitter_card":"summary_large_image","twitter_creator":"@elli","schema":{"@context":"https:\/\/schema.org","@graph":[{"@type":"Article","@id":"https:\/\/www.meydan.tv\/az\/article\/matias-rustun-ucusu\/#article","isPartOf":{"@id":"https:\/\/www.meydan.tv\/az\/article\/matias-rustun-ucusu\/"},"author":{"name":"elli","@id":"https:\/\/www.meydan.tv\/az\/#\/schema\/person\/9cdbecf90d17180ce1dfbd95b08dcf47"},"headline":"Matias Rustun u\u00e7u\u015fu","datePublished":"2023-05-25T09:42:06+00:00","dateModified":"2023-05-25T10:12:33+00:00","mainEntityOfPage":{"@id":"https:\/\/www.meydan.tv\/az\/article\/matias-rustun-ucusu\/"},"wordCount":2826,"publisher":{"@id":"https:\/\/www.meydan.tv\/az\/#organization"},"image":{"@id":"https:\/\/www.meydan.tv\/az\/article\/matias-rustun-ucusu\/#primaryimage"},"thumbnailUrl":"https:\/\/www.meydan.tv\/wp-content\/uploads\/3cb67e7d-b10f-4c21-a950-7ff09b6b8f8f-scaled-e1684405162756.jpeg","articleSection":["M\u0259nim Fikrimc\u0259"],"inLanguage":"az"},{"@type":"WebPage","@id":"https:\/\/www.meydan.tv\/az\/article\/matias-rustun-ucusu\/","url":"https:\/\/www.meydan.tv\/az\/article\/matias-rustun-ucusu\/","name":"Matias Rustun u\u00e7u\u015fu - MEYDAN.TV","isPartOf":{"@id":"https:\/\/www.meydan.tv\/az\/#website"},"primaryImageOfPage":{"@id":"https:\/\/www.meydan.tv\/az\/article\/matias-rustun-ucusu\/#primaryimage"},"image":{"@id":"https:\/\/www.meydan.tv\/az\/article\/matias-rustun-ucusu\/#primaryimage"},"thumbnailUrl":"https:\/\/www.meydan.tv\/wp-content\/uploads\/3cb67e7d-b10f-4c21-a950-7ff09b6b8f8f-scaled-e1684405162756.jpeg","datePublished":"2023-05-25T09:42:06+00:00","dateModified":"2023-05-25T10:12:33+00:00","breadcrumb":{"@id":"https:\/\/www.meydan.tv\/az\/article\/matias-rustun-ucusu\/#breadcrumb"},"inLanguage":"az","potentialAction":[{"@type":"ReadAction","target":["https:\/\/www.meydan.tv\/az\/article\/matias-rustun-ucusu\/"]}]},{"@type":"ImageObject","inLanguage":"az","@id":"https:\/\/www.meydan.tv\/az\/article\/matias-rustun-ucusu\/#primaryimage","url":"https:\/\/www.meydan.tv\/wp-content\/uploads\/3cb67e7d-b10f-4c21-a950-7ff09b6b8f8f-scaled-e1684405162756.jpeg","contentUrl":"https:\/\/www.meydan.tv\/wp-content\/uploads\/3cb67e7d-b10f-4c21-a950-7ff09b6b8f8f-scaled-e1684405162756.jpeg","width":2560,"height":1203,"caption":"Foto: Meydan Tv"},{"@type":"BreadcrumbList","@id":"https:\/\/www.meydan.tv\/az\/article\/matias-rustun-ucusu\/#breadcrumb","itemListElement":[{"@type":"ListItem","position":1,"name":"Ana s\u0259hif\u0259","item":"https:\/\/www.meydan.tv\/az\/"},{"@type":"ListItem","position":2,"name":"M\u0259nim Fikrimc\u0259","item":"https:\/\/www.meydan.tv\/az\/section\/menim-fikrimce\/"},{"@type":"ListItem","position":3,"name":"Matias Rustun u\u00e7u\u015fu"}]},{"@type":"WebSite","@id":"https:\/\/www.meydan.tv\/az\/#website","url":"https:\/\/www.meydan.tv\/az\/","name":"MEYDAN.TV","description":"Meydan TV Az\u0259rbaycan\u0131n media m\u0259kan\u0131ndak\u0131 alternativ s\u0259sidir","publisher":{"@id":"https:\/\/www.meydan.tv\/az\/#organization"},"potentialAction":[{"@type":"SearchAction","target":{"@type":"EntryPoint","urlTemplate":"https:\/\/www.meydan.tv\/az\/?s={search_term_string}"},"query-input":{"@type":"PropertyValueSpecification","valueRequired":true,"valueName":"search_term_string"}}],"inLanguage":"az"},{"@type":"Organization","@id":"https:\/\/www.meydan.tv\/az\/#organization","name":"Meydan TV","url":"https:\/\/www.meydan.tv\/az\/","logo":{"@type":"ImageObject","inLanguage":"az","@id":"https:\/\/www.meydan.tv\/az\/#\/schema\/logo\/image\/","url":"https:\/\/www.meydan.tv\/wp-content\/uploads\/2021\/07\/meydan-logo.svg","contentUrl":"https:\/\/www.meydan.tv\/wp-content\/uploads\/2021\/07\/meydan-logo.svg","width":195,"height":46,"caption":"Meydan TV"},"image":{"@id":"https:\/\/www.meydan.tv\/az\/#\/schema\/logo\/image\/"}},{"@type":"Person","@id":"https:\/\/www.meydan.tv\/az\/#\/schema\/person\/9cdbecf90d17180ce1dfbd95b08dcf47","name":"elli","sameAs":["https:\/\/x.com\/elli"]}]}},"_links":{"self":[{"href":"https:\/\/www.meydan.tv\/az\/wp-json\/wp\/v2\/posts\/275982","targetHints":{"allow":["GET"]}}],"collection":[{"href":"https:\/\/www.meydan.tv\/az\/wp-json\/wp\/v2\/posts"}],"about":[{"href":"https:\/\/www.meydan.tv\/az\/wp-json\/wp\/v2\/types\/post"}],"author":[{"embeddable":true,"href":"https:\/\/www.meydan.tv\/az\/wp-json\/wp\/v2\/users\/8"}],"replies":[{"embeddable":true,"href":"https:\/\/www.meydan.tv\/az\/wp-json\/wp\/v2\/comments?post=275982"}],"version-history":[{"count":3,"href":"https:\/\/www.meydan.tv\/az\/wp-json\/wp\/v2\/posts\/275982\/revisions"}],"predecessor-version":[{"id":276041,"href":"https:\/\/www.meydan.tv\/az\/wp-json\/wp\/v2\/posts\/275982\/revisions\/276041"}],"wp:featuredmedia":[{"embeddable":true,"href":"https:\/\/www.meydan.tv\/az\/wp-json\/wp\/v2\/media\/119327"}],"wp:attachment":[{"href":"https:\/\/www.meydan.tv\/az\/wp-json\/wp\/v2\/media?parent=275982"}],"wp:term":[{"taxonomy":"category","embeddable":true,"href":"https:\/\/www.meydan.tv\/az\/wp-json\/wp\/v2\/categories?post=275982"},{"taxonomy":"post_tag","embeddable":true,"href":"https:\/\/www.meydan.tv\/az\/wp-json\/wp\/v2\/tags?post=275982"}],"curies":[{"name":"wp","href":"https:\/\/api.w.org\/{rel}","templated":true}]}}