{"id":275925,"date":"2023-05-24T16:33:33","date_gmt":"2023-05-24T12:33:33","guid":{"rendered":"https:\/\/www.meydan.tv\/?p=275925"},"modified":"2023-05-24T19:28:35","modified_gmt":"2023-05-24T15:28:35","slug":"eldar-mansurovun-yunanistanli-mugenni-ile-mehkeme-cekismesi-basa-catib","status":"publish","type":"post","link":"https:\/\/www.meydan.tv\/az\/article\/eldar-mansurovun-yunanistanli-mugenni-ile-mehkeme-cekismesi-basa-catib\/","title":{"rendered":"Eldar Mansurovun yunan\u0131stanl\u0131 m\u00fc\u011f\u0259nni il\u0259 m\u0259hk\u0259m\u0259 \u00e7\u0259ki\u015fm\u0259si ba\u015fa \u00e7at\u0131b"},"content":{"rendered":"\n<p><\/p>\n\n\n\n<p><strong><em>Xalq artisti il\u0259 Keti Qarbi aras\u0131nda 11 il idi ki, m\u0259hk\u0259m\u0259 \u00e7\u0259ki\u015fm\u0259si davam edirdi<\/em><\/strong><\/p>\n\n\n\n<p>Xalq artisti, b\u0259st\u0259kar Eldar Mansurovun yunan\u0131stanl\u0131 m\u00fc\u011f\u0259nni Keti Qarbi il\u0259 on bir illik m\u0259hk\u0259m\u0259 \u00e7\u0259ki\u015fm\u0259si ba\u015fa \u00e7at\u0131b.<\/p>\n\n\n\n<p>Bu haqda m\u0259lumat\u0131 Meydan TV-y\u0259 b\u0259st\u0259kar \u00f6z\u00fc t\u0259sdiql\u0259yib.<\/p>\n\n\n\n<p>S\u00f6hb\u0259t Keti Qarbinin 2003-c\u00fc ild\u0259 buraxd\u0131\u011f\u0131 \u201cEmmones Idees\u201d albomuna daxil etdiyi (\u201cEsene Mono) <a href=\"https:\/\/www.youtube.com\/watch?v=0mT2SnYai0I\" target=\"_blank\" rel=\"noreferrer noopener\">mahn\u0131<\/a>s\u0131ndan gedir.<\/p>\n\n\n\n<p>\u201cBayat\u0131lar\u201d\u0131 Eldar Mansurov 1988-ci ild\u0259 b\u0259st\u0259l\u0259yib.<\/p>\n\n\n\n<p>\u015eeirin m\u00fc\u0259llifi Vahid \u018fzizdir.<\/p>\n\n\n\n<p>\u015eeir 1985-ci ild\u0259 &#8220;\u018fll\u0259rimin k\u00f6lg\u0259si&#8221; kitab\u0131nda \u00e7ap olunub.<\/p>\n\n\n\n<p>\u015eair Vahid \u018fziz b\u0259st\u0259kar Eldar Mansurovun xahi\u015fi il\u0259 \u015feir\u0259 mahn\u0131 \u00fc\u00e7\u00fcn yeni b\u0259nd \u0259lav\u0259 edib. Mahn\u0131n\u0131 ilk d\u0259f\u0259 1989-cu ild\u0259 Xalq artisti, m\u00fc\u011f\u0259nni Brilliant Dada\u015fova <a href=\"https:\/\/www.youtube.com\/watch?v=fSuRaYaaUR8\" target=\"_blank\" rel=\"noreferrer noopener\">oxuyub.<\/a><\/p>\n\n\n\n<p>Yunan\u0131stan Ali M\u0259hk\u0259m\u0259si \u201cEsena Mono\u201d vasit\u0259sil\u0259 Xalq artisti Eldar Mansurovun \u201cBayat\u0131lar\u201d mahn\u0131s\u0131n\u0131n musiqisi \u00fcz\u0259rind\u0259ki m\u00fc\u0259lliflik h\u00fcquqlar\u0131n\u0131n pozulmas\u0131n\u0131 <a href=\"https:\/\/apa.az\/az\/incesenet\/yunanistan-mehkemesi-esena-mono-mahnisinin-muellifliyi-ile-bagli-eldar-mansurovun-xeyrine-qerar-verib-767052?fbclid=IwAR0NqCDas4gk-1-HWgjVr8Tdaz6GTdP8vLAVVU_d2S1YdRZ7_wU5JAOjyWQ\" target=\"_blank\" rel=\"noreferrer noopener\">tan\u0131y\u0131b.<\/a><\/p>\n\n\n\n<p>1990-c\u0131 ild\u0259 Brilliant Dada\u015fovan\u0131n ifas\u0131nda \u201cBayat\u0131lar\u201d \u201cMelodiya\u201d \u015firk\u0259ti t\u0259r\u0259find\u0259n vala yaz\u0131laraq, geni\u015f tirajla yay\u0131l\u0131b.<\/p>\n\n\n\n<p>2008-ci ild\u0259 Eldar Mansurov musiqisi yunan b\u0259st\u0259kara aid oldu\u011fu iddia edil\u0259n v\u0259 \u201cBayat\u0131lar\u201d\u0131n musiqisini t\u0259krarlayan \u201cEsena Mono\u201d mahn\u0131s\u0131 bar\u0259d\u0259 m\u0259lumat \u0259ld\u0259 edib.<\/p>\n\n\n\n<p>Eldar Mansurov \u201cEsena Mono\u201dnun musiqisinin \u201cBayat\u0131lar\u201d\u0131n musiqisinin sur\u0259ti oldu\u011funu v\u0259 bu s\u0259b\u0259bd\u0259n plagiat oldu\u011funu, onun m\u00fc\u0259lliflik h\u00fcquqlar\u0131n\u0131 pozdu\u011funu \u201cEsena Mono\u201dnun m\u00fc\u0259llifi kimi qeyd edil\u0259n yunan b\u0259st\u0259kar Dimitris Kontopulosa v\u0259 \u0259s\u0259rin yay\u0131m\u0131n\u0131 h\u0259yata ke\u00e7ir\u0259n \u201cSony Music Entertainment Hellas AE\u201d \u015firk\u0259tin\u0259 m\u0259hk\u0259m\u0259y\u0259q\u0259d\u0259r iddia qaydas\u0131nda bildirib v\u0259 bu s\u0259b\u0259bd\u0259n onlardan d\u0259rhal \u201cEsena Mono\u201dnun qanunsuz yay\u0131lmas\u0131n\u0131 v\u0259 \u201cBayat\u0131lar\u201ddan dig\u0259r \u015f\u0259kild\u0259 qanunsuz istifad\u0259ni dayand\u0131rma\u011f\u0131 t\u0259l\u0259b edib.<\/p>\n\n\n\n<p>\u0130ddiaya cavab olaraq c\u0259nab Kontopulos bu m\u0259lumat\u0131n do\u011fru olmad\u0131\u011f\u0131n\u0131 v\u0259 \u201cEsena Mono\u201dnun musiqisinin orijinal oldu\u011funu v\u0259 onun t\u0259r\u0259find\u0259n b\u0259st\u0259l\u0259ndiyini bildirib.<\/p>\n\n\n\n<p>2011-ci ild\u0259, h\u00fcquqi haz\u0131rl\u0131qlardan sonra, Eldar Mansurov \u00f6z h\u00fcquqlar\u0131n\u0131 m\u00fcdafi\u0259 etm\u0259k m\u0259qs\u0259dil\u0259 Afina \u00c7oxt\u0259rkibli Birinci \u0130nstansiya M\u0259hk\u0259m\u0259sin\u0259 cavabdehl\u0259r Dimitris Kontopulos v\u0259 \u201cSony Music Entertainment Hellas AE\u201d \u015firk\u0259tin\u0259 qar\u015f\u0131 m\u00fc\u0259lliflik h\u00fcquqlar\u0131n\u0131n pozulmas\u0131 il\u0259 ba\u011fl\u0131 iddia il\u0259 m\u00fcraci\u0259t edib.<\/p>\n\n\n\n<p>H\u0259min iddia il\u0259 ba\u011fl\u0131 i\u015f 11 il davam edib. Bu m\u00fcdd\u0259t \u0259rzind\u0259 i\u015f\u0259 Yunan\u0131stan\u0131n h\u0259r 3 m\u0259hk\u0259m\u0259 instansiyas\u0131nda bax\u0131l\u0131b.<\/p>\n\n\n\n<p>2018-ci ild\u0259 birinci instansiya m\u0259hk\u0259m\u0259si Eldar Mansurovun iddias\u0131n\u0131 t\u0259min ed\u0259r\u0259k, onun m\u00fc\u0259lliflik h\u00fcququnun pozulmas\u0131 fakt\u0131n\u0131 tan\u0131y\u0131b v\u0259 h\u0259r iki cavabdeh t\u0259r\u0259find\u0259n ona vurulmu\u015f maddi v\u0259 m\u0259n\u0259vi z\u0259r\u0259rin \u0259v\u0259zinin \u00f6d\u0259nilm\u0259sini q\u0259t edib.<\/p>\n\n\n\n<p>Cavabdehl\u0259r q\u0259rardan Afina Apelyasiya M\u0259hk\u0259m\u0259sin\u0259 apelyasiya \u015fikay\u0259ti veribl\u0259r. Lakin 2020-ci ild\u0259 apelyasiya m\u0259hk\u0259m\u0259si d\u0259 birinci instansiya m\u0259hk\u0259m\u0259sinin q\u0259rar\u0131n\u0131 d\u0259st\u0259kl\u0259y\u0259r\u0259k, Eldar Mansurovun h\u00fcquqlar\u0131n\u0131n pozulmas\u0131n\u0131 tan\u0131y\u0131b.<\/p>\n\n\n\n<p>Bundan sonra \u201cSony Music Entertainment Hellas AE\u201d \u015firk\u0259ti apelyasiya m\u0259hk\u0259m\u0259sinin q\u0259rar\u0131n\u0131 tan\u0131y\u0131b v\u0259 icra edib, cavabdeh Dimitris Kontopulos is\u0259 Yunan\u0131stan Ali M\u0259hk\u0259m\u0259sin\u0259 kasasiya \u015fikay\u0259ti verib.<\/p>\n\n\n\n<p>N\u0259hay\u0259t, Yunan\u0131stan Ali M\u0259hk\u0259m\u0259si d\u0259 2022-ci ild\u0259 m\u0259hk\u0259m\u0259 bax\u0131\u015f\u0131 zaman\u0131 \u015fifahi qaydada b\u0259yan etdiyi v\u0259 2023-c\u00fc ild\u0259 t\u0259r\u0259fl\u0259r\u0259 yaz\u0131l\u0131 \u015f\u0259kild\u0259 t\u0259qdim etdiyi q\u0259rar\u0131 il\u0259 birinci instansiya m\u0259hk\u0259m\u0259sinin q\u0259rar\u0131n\u0131 q\u00fcvv\u0259d\u0259 saxlay\u0131b v\u0259 cavabdeh Kontopulosun \u015fikay\u0259tini tamamil\u0259 r\u0259dd edib.<\/p>\n\n\n\n<p>Yunan\u0131stan Ali M\u0259hk\u0259m\u0259si q\u0259rar\u0131nda qeyd edib ki, \u201cEsena Mono\u201d \u201cBayat\u0131lar\u201d\u0131n adaptasiya \u015f\u0259klind\u0259 yenid\u0259n i\u015fl\u0259nm\u0259sini, b\u00fct\u00f6vl\u00fckd\u0259 \u201cBayat\u0131lar\u201d\u0131n orijinal kompozisiyas\u0131n\u0131n t\u0259rkib hiss\u0259sini, \u201cBayat\u0131lar\u201d\u0131n melodik m\u0259zmununun c\u00fczi d\u0259yi\u015fdirilm\u0259sini (yenid\u0259n qurulmas\u0131n\u0131) t\u0259\u015fkil edir; \u201cEsena Mono\u201dnun musiqisinin \u201cBayat\u0131lar\u201d\u0131n musiqisi il\u0259 ox\u015farl\u0131\u011f\u0131 50 faizd\u0259n \u00e7oxdur.<\/p>\n\n\n\n<p>Qeyd olunanlara g\u00f6r\u0259, \u201cEsena Mono\u201d \u0259s\u0259ri c\u0259nab Mansurovun \u201cBayat\u0131lar\u201d\u0131n musiqisi \u00fcz\u0259rind\u0259 olan m\u00fcst\u0259sna v\u0259 \u00f6zg\u0259ninkil\u0259\u015fdirilm\u0259z \u015f\u0259xsi m\u00fc\u0259lliflik h\u00fcquqlar\u0131n\u0131 pozub. Habel\u0259 \u201cEsena Mono\u201dnun c\u0259nab Mansurovun raz\u0131l\u0131\u011f\u0131 olmadan yay\u0131lmas\u0131 onun m\u00fcst\u0259sna h\u00fcquqlar\u0131n\u0131 pozmaqla yana\u015f\u0131, onu \u00f6z \u0259qli m\u00fclkiyy\u0259ti il\u0259 ba\u011fl\u0131 iqtisadi h\u00fcquqlar\u0131n\u0131 h\u0259yata ke\u00e7irm\u0259k imkan\u0131ndan da m\u0259hrum edib.<\/p>\n\n\n\n<p>Bu s\u0259b\u0259bd\u0259n Yunan\u0131stan Ali M\u0259hk\u0259m\u0259si c\u0259nab Kontopulosun bundan sonra \u201cEsena Mono\u201d adl\u0131 musiqi \u0259s\u0259rinin v\u0259 ya \u201cBayat\u0131lar\u201d\u0131n musiqisinin h\u0259r hans\u0131 bir hiss\u0259sind\u0259n, yaxud onun d\u0259yi\u015fdirilm\u0259sind\u0259n ibar\u0259t h\u0259r hans\u0131 dig\u0259r \u0259s\u0259rin b\u0259st\u0259kar\u0131 kimi \u00e7\u0131x\u0131\u015f etm\u0259yi qada\u011fan edib.<\/p>\n\n\n\n<p>Haz\u0131rk\u0131 m\u00fcbahis\u0259 il\u0259 ba\u011fl\u0131 Eldar Mansurovun maraqlar\u0131n\u0131 Az\u0259rbaycan Respublikas\u0131n\u0131n V\u0259kill\u0259r Kollegiyas\u0131n\u0131n \u00fczv\u00fc Nazl\u0131 \u018fhm\u0259dova, Yunan\u0131stan\u0131n \u201cHP&amp;P Dr. Helen G. Papaconstantinou &amp; Partners\u201d h\u00fcquq firmas\u0131 (v\u0259kill\u0259r Kardiopulis, Qusios v\u0259 Kurkutas) v\u0259 professor Maykl Parossis t\u0259msil edib.<\/p>\n","protected":false},"excerpt":{"rendered":"<p>Xalq artisti il\u0259 Keti Qarbi aras\u0131nda 11 il idi ki, &#8230; <\/p>\n<p class=\"read-more-container\"><a title=\"Eldar Mansurovun yunan\u0131stanl\u0131 m\u00fc\u011f\u0259nni il\u0259 m\u0259hk\u0259m\u0259 \u00e7\u0259ki\u015fm\u0259si ba\u015fa \u00e7at\u0131b\" class=\"read-more button\" href=\"https:\/\/www.meydan.tv\/az\/article\/eldar-mansurovun-yunanistanli-mugenni-ile-mehkeme-cekismesi-basa-catib\/#more-275925\" aria-label=\"Read more about Eldar Mansurovun yunan\u0131stanl\u0131 m\u00fc\u011f\u0259nni il\u0259 m\u0259hk\u0259m\u0259 \u00e7\u0259ki\u015fm\u0259si ba\u015fa \u00e7at\u0131b\">Davam\u0131<\/a><\/p>\n","protected":false},"author":8,"featured_media":275926,"comment_status":"closed","ping_status":"closed","sticky":false,"template":"","format":"standard","meta":{"_acf_changed":false,"_sitemap_exclude":false,"_sitemap_priority":"","_sitemap_frequency":"","footnotes":""},"categories":[52,56],"tags":[],"class_list":["post-275925","post","type-post","status-publish","format-standard","has-post-thumbnail","hentry","category-medeniyyet","category-xeberler","infinite-scroll-item","generate-columns","tablet-grid-50","mobile-grid-100","grid-parent","grid-33","no-featured-image-padding"],"acf":[],"yoast_head":"<!-- This site is optimized with the Yoast SEO plugin v27.4 - https:\/\/yoast.com\/product\/yoast-seo-wordpress\/ -->\n<title>Eldar Mansurovun yunan\u0131stanl\u0131 m\u00fc\u011f\u0259nni il\u0259 m\u0259hk\u0259m\u0259 \u00e7\u0259ki\u015fm\u0259si ba\u015fa \u00e7at\u0131b - MEYDAN.TV<\/title>\n<meta name=\"robots\" content=\"index, follow, max-snippet:-1, max-image-preview:large, max-video-preview:-1\" \/>\n<link rel=\"canonical\" href=\"https:\/\/www.meydan.tv\/az\/article\/eldar-mansurovun-yunanistanli-mugenni-ile-mehkeme-cekismesi-basa-catib\/\" \/>\n<meta property=\"og:locale\" content=\"az_AZ\" \/>\n<meta property=\"og:type\" content=\"article\" \/>\n<meta property=\"og:title\" content=\"Eldar Mansurovun yunan\u0131stanl\u0131 m\u00fc\u011f\u0259nni il\u0259 m\u0259hk\u0259m\u0259 \u00e7\u0259ki\u015fm\u0259si ba\u015fa \u00e7at\u0131b - MEYDAN.TV\" \/>\n<meta property=\"og:description\" content=\"Xalq artisti il\u0259 Keti Qarbi aras\u0131nda 11 il idi ki, ... Davam\u0131\" \/>\n<meta property=\"og:url\" content=\"https:\/\/www.meydan.tv\/az\/article\/eldar-mansurovun-yunanistanli-mugenni-ile-mehkeme-cekismesi-basa-catib\/\" \/>\n<meta property=\"og:site_name\" content=\"MEYDAN.TV\" \/>\n<meta property=\"article:published_time\" content=\"2023-05-24T12:33:33+00:00\" \/>\n<meta property=\"article:modified_time\" content=\"2023-05-24T15:28:35+00:00\" \/>\n<meta property=\"og:image\" content=\"https:\/\/www.meydan.tv\/wp-content\/uploads\/eldar_mansurov_piano-2-e1684931568355.jpg\" \/>\n\t<meta property=\"og:image:width\" content=\"1200\" \/>\n\t<meta property=\"og:image:height\" content=\"618\" \/>\n\t<meta property=\"og:image:type\" content=\"image\/jpeg\" \/>\n<meta name=\"author\" content=\"elli\" \/>\n<meta name=\"twitter:card\" content=\"summary_large_image\" \/>\n<meta name=\"twitter:creator\" content=\"@elli\" \/>\n<script type=\"application\/ld+json\" class=\"yoast-schema-graph\">{\"@context\":\"https:\\\/\\\/schema.org\",\"@graph\":[{\"@type\":\"Article\",\"@id\":\"https:\\\/\\\/www.meydan.tv\\\/az\\\/article\\\/eldar-mansurovun-yunanistanli-mugenni-ile-mehkeme-cekismesi-basa-catib\\\/#article\",\"isPartOf\":{\"@id\":\"https:\\\/\\\/www.meydan.tv\\\/az\\\/article\\\/eldar-mansurovun-yunanistanli-mugenni-ile-mehkeme-cekismesi-basa-catib\\\/\"},\"author\":{\"name\":\"elli\",\"@id\":\"https:\\\/\\\/www.meydan.tv\\\/az\\\/#\\\/schema\\\/person\\\/9cdbecf90d17180ce1dfbd95b08dcf47\"},\"headline\":\"Eldar Mansurovun yunan\u0131stanl\u0131 m\u00fc\u011f\u0259nni il\u0259 m\u0259hk\u0259m\u0259 \u00e7\u0259ki\u015fm\u0259si ba\u015fa \u00e7at\u0131b\",\"datePublished\":\"2023-05-24T12:33:33+00:00\",\"dateModified\":\"2023-05-24T15:28:35+00:00\",\"mainEntityOfPage\":{\"@id\":\"https:\\\/\\\/www.meydan.tv\\\/az\\\/article\\\/eldar-mansurovun-yunanistanli-mugenni-ile-mehkeme-cekismesi-basa-catib\\\/\"},\"wordCount\":950,\"publisher\":{\"@id\":\"https:\\\/\\\/www.meydan.tv\\\/az\\\/#organization\"},\"image\":{\"@id\":\"https:\\\/\\\/www.meydan.tv\\\/az\\\/article\\\/eldar-mansurovun-yunanistanli-mugenni-ile-mehkeme-cekismesi-basa-catib\\\/#primaryimage\"},\"thumbnailUrl\":\"https:\\\/\\\/www.meydan.tv\\\/wp-content\\\/uploads\\\/eldar_mansurov_piano-2-e1684931568355.jpg\",\"articleSection\":[\"M\u0259d\u0259niyy\u0259t\",\"X\u0259b\u0259rl\u0259r\"],\"inLanguage\":\"az\"},{\"@type\":\"WebPage\",\"@id\":\"https:\\\/\\\/www.meydan.tv\\\/az\\\/article\\\/eldar-mansurovun-yunanistanli-mugenni-ile-mehkeme-cekismesi-basa-catib\\\/\",\"url\":\"https:\\\/\\\/www.meydan.tv\\\/az\\\/article\\\/eldar-mansurovun-yunanistanli-mugenni-ile-mehkeme-cekismesi-basa-catib\\\/\",\"name\":\"Eldar Mansurovun yunan\u0131stanl\u0131 m\u00fc\u011f\u0259nni il\u0259 m\u0259hk\u0259m\u0259 \u00e7\u0259ki\u015fm\u0259si ba\u015fa \u00e7at\u0131b - MEYDAN.TV\",\"isPartOf\":{\"@id\":\"https:\\\/\\\/www.meydan.tv\\\/az\\\/#website\"},\"primaryImageOfPage\":{\"@id\":\"https:\\\/\\\/www.meydan.tv\\\/az\\\/article\\\/eldar-mansurovun-yunanistanli-mugenni-ile-mehkeme-cekismesi-basa-catib\\\/#primaryimage\"},\"image\":{\"@id\":\"https:\\\/\\\/www.meydan.tv\\\/az\\\/article\\\/eldar-mansurovun-yunanistanli-mugenni-ile-mehkeme-cekismesi-basa-catib\\\/#primaryimage\"},\"thumbnailUrl\":\"https:\\\/\\\/www.meydan.tv\\\/wp-content\\\/uploads\\\/eldar_mansurov_piano-2-e1684931568355.jpg\",\"datePublished\":\"2023-05-24T12:33:33+00:00\",\"dateModified\":\"2023-05-24T15:28:35+00:00\",\"breadcrumb\":{\"@id\":\"https:\\\/\\\/www.meydan.tv\\\/az\\\/article\\\/eldar-mansurovun-yunanistanli-mugenni-ile-mehkeme-cekismesi-basa-catib\\\/#breadcrumb\"},\"inLanguage\":\"az\",\"potentialAction\":[{\"@type\":\"ReadAction\",\"target\":[\"https:\\\/\\\/www.meydan.tv\\\/az\\\/article\\\/eldar-mansurovun-yunanistanli-mugenni-ile-mehkeme-cekismesi-basa-catib\\\/\"]}]},{\"@type\":\"ImageObject\",\"inLanguage\":\"az\",\"@id\":\"https:\\\/\\\/www.meydan.tv\\\/az\\\/article\\\/eldar-mansurovun-yunanistanli-mugenni-ile-mehkeme-cekismesi-basa-catib\\\/#primaryimage\",\"url\":\"https:\\\/\\\/www.meydan.tv\\\/wp-content\\\/uploads\\\/eldar_mansurov_piano-2-e1684931568355.jpg\",\"contentUrl\":\"https:\\\/\\\/www.meydan.tv\\\/wp-content\\\/uploads\\\/eldar_mansurov_piano-2-e1684931568355.jpg\",\"width\":1200,\"height\":618,\"caption\":\"Eldar Mansurov. Foto: Wikipedia\"},{\"@type\":\"BreadcrumbList\",\"@id\":\"https:\\\/\\\/www.meydan.tv\\\/az\\\/article\\\/eldar-mansurovun-yunanistanli-mugenni-ile-mehkeme-cekismesi-basa-catib\\\/#breadcrumb\",\"itemListElement\":[{\"@type\":\"ListItem\",\"position\":1,\"name\":\"Ana s\u0259hif\u0259\",\"item\":\"https:\\\/\\\/www.meydan.tv\\\/az\\\/\"},{\"@type\":\"ListItem\",\"position\":2,\"name\":\"M\u0259d\u0259niyy\u0259t\",\"item\":\"https:\\\/\\\/www.meydan.tv\\\/az\\\/section\\\/medeniyyet\\\/\"},{\"@type\":\"ListItem\",\"position\":3,\"name\":\"Eldar Mansurovun yunan\u0131stanl\u0131 m\u00fc\u011f\u0259nni il\u0259 m\u0259hk\u0259m\u0259 \u00e7\u0259ki\u015fm\u0259si ba\u015fa \u00e7at\u0131b\"}]},{\"@type\":\"WebSite\",\"@id\":\"https:\\\/\\\/www.meydan.tv\\\/az\\\/#website\",\"url\":\"https:\\\/\\\/www.meydan.tv\\\/az\\\/\",\"name\":\"MEYDAN.TV\",\"description\":\"Meydan TV Az\u0259rbaycan\u0131n media m\u0259kan\u0131ndak\u0131 alternativ s\u0259sidir\",\"publisher\":{\"@id\":\"https:\\\/\\\/www.meydan.tv\\\/az\\\/#organization\"},\"potentialAction\":[{\"@type\":\"SearchAction\",\"target\":{\"@type\":\"EntryPoint\",\"urlTemplate\":\"https:\\\/\\\/www.meydan.tv\\\/az\\\/?s={search_term_string}\"},\"query-input\":{\"@type\":\"PropertyValueSpecification\",\"valueRequired\":true,\"valueName\":\"search_term_string\"}}],\"inLanguage\":\"az\"},{\"@type\":\"Organization\",\"@id\":\"https:\\\/\\\/www.meydan.tv\\\/az\\\/#organization\",\"name\":\"Meydan TV\",\"url\":\"https:\\\/\\\/www.meydan.tv\\\/az\\\/\",\"logo\":{\"@type\":\"ImageObject\",\"inLanguage\":\"az\",\"@id\":\"https:\\\/\\\/www.meydan.tv\\\/az\\\/#\\\/schema\\\/logo\\\/image\\\/\",\"url\":\"https:\\\/\\\/www.meydan.tv\\\/wp-content\\\/uploads\\\/2021\\\/07\\\/meydan-logo.svg\",\"contentUrl\":\"https:\\\/\\\/www.meydan.tv\\\/wp-content\\\/uploads\\\/2021\\\/07\\\/meydan-logo.svg\",\"width\":195,\"height\":46,\"caption\":\"Meydan TV\"},\"image\":{\"@id\":\"https:\\\/\\\/www.meydan.tv\\\/az\\\/#\\\/schema\\\/logo\\\/image\\\/\"}},{\"@type\":\"Person\",\"@id\":\"https:\\\/\\\/www.meydan.tv\\\/az\\\/#\\\/schema\\\/person\\\/9cdbecf90d17180ce1dfbd95b08dcf47\",\"name\":\"elli\",\"sameAs\":[\"https:\\\/\\\/x.com\\\/elli\"]}]}<\/script>\n<!-- \/ Yoast SEO plugin. -->","yoast_head_json":{"title":"Eldar Mansurovun yunan\u0131stanl\u0131 m\u00fc\u011f\u0259nni il\u0259 m\u0259hk\u0259m\u0259 \u00e7\u0259ki\u015fm\u0259si ba\u015fa \u00e7at\u0131b - MEYDAN.TV","robots":{"index":"index","follow":"follow","max-snippet":"max-snippet:-1","max-image-preview":"max-image-preview:large","max-video-preview":"max-video-preview:-1"},"canonical":"https:\/\/www.meydan.tv\/az\/article\/eldar-mansurovun-yunanistanli-mugenni-ile-mehkeme-cekismesi-basa-catib\/","og_locale":"az_AZ","og_type":"article","og_title":"Eldar Mansurovun yunan\u0131stanl\u0131 m\u00fc\u011f\u0259nni il\u0259 m\u0259hk\u0259m\u0259 \u00e7\u0259ki\u015fm\u0259si ba\u015fa \u00e7at\u0131b - MEYDAN.TV","og_description":"Xalq artisti il\u0259 Keti Qarbi aras\u0131nda 11 il idi ki, ... Davam\u0131","og_url":"https:\/\/www.meydan.tv\/az\/article\/eldar-mansurovun-yunanistanli-mugenni-ile-mehkeme-cekismesi-basa-catib\/","og_site_name":"MEYDAN.TV","article_published_time":"2023-05-24T12:33:33+00:00","article_modified_time":"2023-05-24T15:28:35+00:00","og_image":[{"width":1200,"height":618,"url":"https:\/\/www.meydan.tv\/wp-content\/uploads\/eldar_mansurov_piano-2-e1684931568355.jpg","type":"image\/jpeg"}],"author":"elli","twitter_card":"summary_large_image","twitter_creator":"@elli","schema":{"@context":"https:\/\/schema.org","@graph":[{"@type":"Article","@id":"https:\/\/www.meydan.tv\/az\/article\/eldar-mansurovun-yunanistanli-mugenni-ile-mehkeme-cekismesi-basa-catib\/#article","isPartOf":{"@id":"https:\/\/www.meydan.tv\/az\/article\/eldar-mansurovun-yunanistanli-mugenni-ile-mehkeme-cekismesi-basa-catib\/"},"author":{"name":"elli","@id":"https:\/\/www.meydan.tv\/az\/#\/schema\/person\/9cdbecf90d17180ce1dfbd95b08dcf47"},"headline":"Eldar Mansurovun yunan\u0131stanl\u0131 m\u00fc\u011f\u0259nni il\u0259 m\u0259hk\u0259m\u0259 \u00e7\u0259ki\u015fm\u0259si ba\u015fa \u00e7at\u0131b","datePublished":"2023-05-24T12:33:33+00:00","dateModified":"2023-05-24T15:28:35+00:00","mainEntityOfPage":{"@id":"https:\/\/www.meydan.tv\/az\/article\/eldar-mansurovun-yunanistanli-mugenni-ile-mehkeme-cekismesi-basa-catib\/"},"wordCount":950,"publisher":{"@id":"https:\/\/www.meydan.tv\/az\/#organization"},"image":{"@id":"https:\/\/www.meydan.tv\/az\/article\/eldar-mansurovun-yunanistanli-mugenni-ile-mehkeme-cekismesi-basa-catib\/#primaryimage"},"thumbnailUrl":"https:\/\/www.meydan.tv\/wp-content\/uploads\/eldar_mansurov_piano-2-e1684931568355.jpg","articleSection":["M\u0259d\u0259niyy\u0259t","X\u0259b\u0259rl\u0259r"],"inLanguage":"az"},{"@type":"WebPage","@id":"https:\/\/www.meydan.tv\/az\/article\/eldar-mansurovun-yunanistanli-mugenni-ile-mehkeme-cekismesi-basa-catib\/","url":"https:\/\/www.meydan.tv\/az\/article\/eldar-mansurovun-yunanistanli-mugenni-ile-mehkeme-cekismesi-basa-catib\/","name":"Eldar Mansurovun yunan\u0131stanl\u0131 m\u00fc\u011f\u0259nni il\u0259 m\u0259hk\u0259m\u0259 \u00e7\u0259ki\u015fm\u0259si ba\u015fa \u00e7at\u0131b - MEYDAN.TV","isPartOf":{"@id":"https:\/\/www.meydan.tv\/az\/#website"},"primaryImageOfPage":{"@id":"https:\/\/www.meydan.tv\/az\/article\/eldar-mansurovun-yunanistanli-mugenni-ile-mehkeme-cekismesi-basa-catib\/#primaryimage"},"image":{"@id":"https:\/\/www.meydan.tv\/az\/article\/eldar-mansurovun-yunanistanli-mugenni-ile-mehkeme-cekismesi-basa-catib\/#primaryimage"},"thumbnailUrl":"https:\/\/www.meydan.tv\/wp-content\/uploads\/eldar_mansurov_piano-2-e1684931568355.jpg","datePublished":"2023-05-24T12:33:33+00:00","dateModified":"2023-05-24T15:28:35+00:00","breadcrumb":{"@id":"https:\/\/www.meydan.tv\/az\/article\/eldar-mansurovun-yunanistanli-mugenni-ile-mehkeme-cekismesi-basa-catib\/#breadcrumb"},"inLanguage":"az","potentialAction":[{"@type":"ReadAction","target":["https:\/\/www.meydan.tv\/az\/article\/eldar-mansurovun-yunanistanli-mugenni-ile-mehkeme-cekismesi-basa-catib\/"]}]},{"@type":"ImageObject","inLanguage":"az","@id":"https:\/\/www.meydan.tv\/az\/article\/eldar-mansurovun-yunanistanli-mugenni-ile-mehkeme-cekismesi-basa-catib\/#primaryimage","url":"https:\/\/www.meydan.tv\/wp-content\/uploads\/eldar_mansurov_piano-2-e1684931568355.jpg","contentUrl":"https:\/\/www.meydan.tv\/wp-content\/uploads\/eldar_mansurov_piano-2-e1684931568355.jpg","width":1200,"height":618,"caption":"Eldar Mansurov. Foto: Wikipedia"},{"@type":"BreadcrumbList","@id":"https:\/\/www.meydan.tv\/az\/article\/eldar-mansurovun-yunanistanli-mugenni-ile-mehkeme-cekismesi-basa-catib\/#breadcrumb","itemListElement":[{"@type":"ListItem","position":1,"name":"Ana s\u0259hif\u0259","item":"https:\/\/www.meydan.tv\/az\/"},{"@type":"ListItem","position":2,"name":"M\u0259d\u0259niyy\u0259t","item":"https:\/\/www.meydan.tv\/az\/section\/medeniyyet\/"},{"@type":"ListItem","position":3,"name":"Eldar Mansurovun yunan\u0131stanl\u0131 m\u00fc\u011f\u0259nni il\u0259 m\u0259hk\u0259m\u0259 \u00e7\u0259ki\u015fm\u0259si ba\u015fa \u00e7at\u0131b"}]},{"@type":"WebSite","@id":"https:\/\/www.meydan.tv\/az\/#website","url":"https:\/\/www.meydan.tv\/az\/","name":"MEYDAN.TV","description":"Meydan TV Az\u0259rbaycan\u0131n media m\u0259kan\u0131ndak\u0131 alternativ s\u0259sidir","publisher":{"@id":"https:\/\/www.meydan.tv\/az\/#organization"},"potentialAction":[{"@type":"SearchAction","target":{"@type":"EntryPoint","urlTemplate":"https:\/\/www.meydan.tv\/az\/?s={search_term_string}"},"query-input":{"@type":"PropertyValueSpecification","valueRequired":true,"valueName":"search_term_string"}}],"inLanguage":"az"},{"@type":"Organization","@id":"https:\/\/www.meydan.tv\/az\/#organization","name":"Meydan TV","url":"https:\/\/www.meydan.tv\/az\/","logo":{"@type":"ImageObject","inLanguage":"az","@id":"https:\/\/www.meydan.tv\/az\/#\/schema\/logo\/image\/","url":"https:\/\/www.meydan.tv\/wp-content\/uploads\/2021\/07\/meydan-logo.svg","contentUrl":"https:\/\/www.meydan.tv\/wp-content\/uploads\/2021\/07\/meydan-logo.svg","width":195,"height":46,"caption":"Meydan TV"},"image":{"@id":"https:\/\/www.meydan.tv\/az\/#\/schema\/logo\/image\/"}},{"@type":"Person","@id":"https:\/\/www.meydan.tv\/az\/#\/schema\/person\/9cdbecf90d17180ce1dfbd95b08dcf47","name":"elli","sameAs":["https:\/\/x.com\/elli"]}]}},"_links":{"self":[{"href":"https:\/\/www.meydan.tv\/az\/wp-json\/wp\/v2\/posts\/275925","targetHints":{"allow":["GET"]}}],"collection":[{"href":"https:\/\/www.meydan.tv\/az\/wp-json\/wp\/v2\/posts"}],"about":[{"href":"https:\/\/www.meydan.tv\/az\/wp-json\/wp\/v2\/types\/post"}],"author":[{"embeddable":true,"href":"https:\/\/www.meydan.tv\/az\/wp-json\/wp\/v2\/users\/8"}],"replies":[{"embeddable":true,"href":"https:\/\/www.meydan.tv\/az\/wp-json\/wp\/v2\/comments?post=275925"}],"version-history":[{"count":3,"href":"https:\/\/www.meydan.tv\/az\/wp-json\/wp\/v2\/posts\/275925\/revisions"}],"predecessor-version":[{"id":275952,"href":"https:\/\/www.meydan.tv\/az\/wp-json\/wp\/v2\/posts\/275925\/revisions\/275952"}],"wp:featuredmedia":[{"embeddable":true,"href":"https:\/\/www.meydan.tv\/az\/wp-json\/wp\/v2\/media\/275926"}],"wp:attachment":[{"href":"https:\/\/www.meydan.tv\/az\/wp-json\/wp\/v2\/media?parent=275925"}],"wp:term":[{"taxonomy":"category","embeddable":true,"href":"https:\/\/www.meydan.tv\/az\/wp-json\/wp\/v2\/categories?post=275925"},{"taxonomy":"post_tag","embeddable":true,"href":"https:\/\/www.meydan.tv\/az\/wp-json\/wp\/v2\/tags?post=275925"}],"curies":[{"name":"wp","href":"https:\/\/api.w.org\/{rel}","templated":true}]}}