{"id":275901,"date":"2023-05-24T14:30:10","date_gmt":"2023-05-24T10:30:10","guid":{"rendered":"https:\/\/www.meydan.tv\/?p=275901"},"modified":"2023-05-24T14:30:16","modified_gmt":"2023-05-24T10:30:16","slug":"masallida-mulk-davasi-senedlerin-saxtalasdirildigi-iddia-olunur","status":"publish","type":"post","link":"https:\/\/www.meydan.tv\/az\/article\/masallida-mulk-davasi-senedlerin-saxtalasdirildigi-iddia-olunur\/","title":{"rendered":"Masall\u0131da m\u00fclk davas\u0131: s\u0259n\u0259dl\u0259rin saxtala\u015fd\u0131r\u0131ld\u0131\u011f\u0131 iddia olunur"},"content":{"rendered":"\n<p><\/p>\n\n\n\n<p><strong><em>&#8220;Sonradan k\u0259nd b\u0259l\u0259diyy\u0259si v\u0259 icra n\u00fcmay\u0259nd\u0259si torpa\u011f\u0131n s\u0259n\u0259dl\u0259rini d\u0259yi\u015fibl\u0259r&#8221;<\/em><\/strong><\/p>\n\n\n\n<p>Masall\u0131n\u0131n Q\u0259zvinoba k\u0259nd sakini R\u0259dif\u0259 Fazil q\u0131z\u0131 \u018fliyeva anas\u0131na m\u0259xsus torpa\u011f\u0131n saxta yollarla m\u0259nims\u0259nildiyini iddia edir.<\/p>\n\n\n\n<p>V\u0259t\u0259nda\u015f Meydan TV-y\u0259 deyir ki, 20 hektar torpaq atas\u0131 Fazil M\u0259h\u0259rr\u0259m o\u011flu \u018fliyev\u0259 day\u0131s\u0131ndan miras qal\u0131b:<\/p>\n\n\n\n<p><em>\u201cN\u0259n\u0259m babam M\u0259h\u0259rr\u0259m\u0259 \u0259r\u0259 ged\u0259nd\u0259n bir m\u00fcdd\u0259t sonra o\u011fullar\u0131 Fazil do\u011fulub. Bir m\u00fcdd\u0259t sonra n\u0259n\u0259min qarda\u015f\u0131 torpa\u011f\u0131 onlara verib. Babamgil d\u0259 orada \u00e7iy k\u0259rpicd\u0259n birm\u0259rt\u0259b\u0259li ev tikibl\u0259r. Sonra atam\u0131n anas\u0131 v\u0259fat edib\u201d.<\/em><\/p>\n\n\n\n<p><em>\u201c1950-ci ild\u0259 qon\u015fu Mololon k\u0259ndind\u0259n S\u0259kin\u0259 N\u0259hm\u0259t q\u0131z\u0131 Balaki\u015fiyeva bizim k\u0259nd\u0259 p\u0259nah g\u0259tirib. Deyil\u0259n\u0259 g\u00f6r\u0259, onun \u0259ri \u0130kinci D\u00fcnya m\u00fcharib\u0259sind\u0259 h\u0259lak olubmu\u015f. \u018fri \u00f6ls\u0259 d\u0259, g\u0259lin qay\u0131natas\u0131gild\u0259 ya\u015fay\u0131rm\u0131\u015f. G\u00fcnl\u0259rin birind\u0259 qay\u0131nata g\u0259linin hamil\u0259 olmas\u0131ndan \u015f\u00fcbh\u0259l\u0259nib v\u0259 onu evd\u0259n qovub\u201d, <\/em>&#8211; dey\u0259 o bildirib.<\/p>\n\n\n<div class=\"wp-block-image\">\n<figure class=\"aligncenter size-full\"><img decoding=\"async\" width=\"1200\" height=\"800\" data-src=\"https:\/\/www.meydan.tv\/wp-content\/uploads\/untitled-design-9-26.jpg\" alt=\"\" class=\"wp-image-275892 lazyload\" src=\"data:image\/svg+xml;base64,PHN2ZyB3aWR0aD0iMSIgaGVpZ2h0PSIxIiB4bWxucz0iaHR0cDovL3d3dy53My5vcmcvMjAwMC9zdmciPjwvc3ZnPg==\" style=\"--smush-placeholder-width: 1200px; --smush-placeholder-aspect-ratio: 1200\/800;\" \/><figcaption class=\"wp-element-caption\">X\u0259dic\u0259 \u018fliyeva. Fotolar: Meydan TV <\/figcaption><\/figure>\n<\/div>\n\n\n<p>R\u0259dif\u0259 \u018fliyeva iddia edir ki, babas\u0131 M\u0259h\u0259rr\u0259m \u018fliyev S\u0259kin\u0259 Balaki\u015fiyevaya evind\u0259 s\u0131\u011f\u0131nacaq verib.<\/p>\n\n\n\n<p>\u201c<em>Bunlar\u0131 biz\u0259 atam Fazil \u018fliyev dan\u0131\u015f\u0131rd\u0131. Atam deyirdi ki, babam M\u0259h\u0259rr\u0259m \u018fliyev S\u0259kin\u0259nin 1951-ci ild\u0259 do\u011fulan o\u011fluna (Abbas\u0259li \u018fliyev) \u00f6z soyad\u0131n\u0131 verib. S\u0259kin\u0259nin 1957-ci ild\u0259 daha bir o\u011flu do\u011fulub, babam ona da soyad\u0131n\u0131 (Nazim \u018fliyev) verib. Onlar\u0131n he\u00e7 biri babam\u0131n bioloji \u00f6vladlar\u0131 olmay\u0131b. Babam ya\u015fl\u0131 adam idi, 70-d\u0259n yuxar\u0131 ya\u015f\u0131 vard\u0131\u201d,<\/em> &#8211; R\u0259dif\u0259 \u018fliyeva iddia edir.<\/p>\n\n\n\n<p>Deyir ki, atas\u0131 Fazil \u018fliyev v\u0259fat ed\u0259nd\u0259n sonra m\u00fclk onun varisi olan h\u0259yat yolda\u015f\u0131 X\u0259dic\u0259 \u018fliyevan\u0131n ad\u0131na ke\u00e7mi\u015fdi:<\/p>\n\n\n\n<p><em>\u201cSonradan k\u0259nd b\u0259l\u0259diyy\u0259si v\u0259 icra n\u00fcmay\u0259nd\u0259si torpa\u011f\u0131n s\u0259n\u0259dl\u0259rini d\u0259yi\u015fibl\u0259r. Torpa\u011f\u0131 ail\u0259mizl\u0259 bioloji qohumlu\u011fu olmayan Sabit \u018fliyev v\u0259 onun anas\u0131 Elmira \u018fliyeva m\u0259nims\u0259yib. Sabit \u018fliyev babam\u0131n \u00f6z soyad\u0131n\u0131 verdiyi Abbas\u0259linin o\u011fludur. Guya \u00f6gey \u0259mimo\u011fludur. \u018fslind\u0259 is\u0259 onun biziml\u0259 bioloji qohumlu\u011fu yoxdur. Abbas\u0259li \u018fliyev v\u0259fat ed\u0259nd\u0259n sonra onun o\u011flu Sabit \u018fliyev biziml\u0259 torpaq davas\u0131 apar\u0131r\u201d.<\/em><\/p>\n\n\n<div class=\"wp-block-image\">\n<figure class=\"alignright size-large is-resized\"><img decoding=\"async\" data-src=\"https:\/\/www.meydan.tv\/wp-content\/uploads\/img-20230511-wa0023-616x821.jpg\" alt=\"\" class=\"wp-image-275895 lazyload\" width=\"382\" height=\"509\" src=\"data:image\/svg+xml;base64,PHN2ZyB3aWR0aD0iMSIgaGVpZ2h0PSIxIiB4bWxucz0iaHR0cDovL3d3dy53My5vcmcvMjAwMC9zdmciPjwvc3ZnPg==\" style=\"--smush-placeholder-width: 382px; --smush-placeholder-aspect-ratio: 382\/509;\" \/><\/figure>\n<\/div>\n\n\n<p>\u201c<em>2014-c\u00fc ild\u0259n etibar\u0259n biz\u0259 fiziki, m\u0259n\u0259vi t\u0259zyiql\u0259r olur. Evin atama aid olmas\u0131n\u0131 s\u00fcbut ed\u0259n s\u0259n\u0259dimiz var. H\u0259r d\u0259f\u0259 m\u0259hk\u0259m\u0259l\u0259r q\u0259rar\u0131 bizim xeyrimiz\u0259 \u00e7\u0131xar\u0131r. Lakin Sabit \u018fliyevl\u0259 anas\u0131 Elmira \u018fliyeva bizd\u0259n \u0259l \u00e7\u0259kmirl\u0259r. H\u0259r d\u0259f\u0259 \u00fcz\u0259rimiz\u0259 h\u00fccum \u00e7\u0259kib, bizi d\u00f6y\u00fcrl\u0259r. \u00d6t\u0259n il anamla m\u0259ni Q\u0259zvinoba b\u0259l\u0259diyy\u0259sinin s\u0259dri v\u0259 Q\u0259zvinoba-T\u00fcrkoba k\u0259ndl\u0259rinin icra n\u00fcmay\u0259nd\u0259sinin g\u00f6z\u00fc qar\u015f\u0131s\u0131nda d\u00f6yd\u00fcl\u0259r\u201d,<\/em> &#8211; \u015fikay\u0259t\u00e7i bildirib.<\/p>\n\n\n\n<p>Sabit \u018fliyev Meydan TV-y\u0259 bildirib ki, R\u0259dif\u0259 \u018fliyevan\u0131n iddialar\u0131 \u0259sass\u0131zd\u0131r:<\/p>\n\n\n\n<p><em>\u201cTorpa\u011f\u0131n 14 hektar\u0131n\u0131n biz\u0259 aid olmas\u0131n\u0131 s\u00fcbut ed\u0259n s\u0259n\u0259dl\u0259r var. B\u00fct\u00fcn s\u0259n\u0259dl\u0259rd\u0259 n\u0259n\u0259min, atam\u0131n, \u0259mimin ham\u0131s\u0131n\u0131n ad\u0131 var. \u00dcst\u0259lik, anam ora g\u0259lin k\u00f6\u00e7\u00fcb. M\u0259nim u\u015faql\u0131\u011f\u0131m orada ke\u00e7ib. S\u0259n\u0259dl\u0259r d\u0259 g\u00f6st\u0259rir ki, n\u0259n\u0259m S\u0259kin\u0259 Balaki\u015fiyeva N\u0259hm\u0259t q\u0131z\u0131 M\u0259h\u0259rr\u0259m \u018fliyevl\u0259 izdivaca girib, onlar\u0131n iki o\u011flu olub. N\u0259n\u0259m \u00f6l\u0259n\u0259 q\u0259d\u0259r h\u0259min k\u0259ndd\u0259 ya\u015fay\u0131b\u201d.<\/em><\/p>\n\n\n\n<p>Sabit \u018fliyev R\u0259dif\u0259 \u018fliyeva v\u0259 onun anas\u0131 S\u0259kin\u0259 \u018fliyevaya qar\u015f\u0131 h\u0259r hans\u0131 fiziki t\u0259zyiq g\u00f6st\u0259rm\u0259diyini qeyd edib:<\/p>\n\n\n\n<p><em>\u201c\u0130ddalar \u0259sass\u0131zd\u0131r. Bu adamlar 2021-ci ild\u0259n ba\u015flayaraq onlar\u0131n \u00fcz\u0259rin\u0259 h\u00fccum \u00e7\u0259kib, x\u0259sar\u0259t yetirm\u0259yiml\u0259 ba\u011fl\u0131 \u0259n az\u0131 iyirmiy\u0259 yax\u0131n \u015fikay\u0259t edibl\u0259r. Guya \u00fcz\u0259rl\u0259rin\u0259 b\u0131\u00e7aqla, balta il\u0259 h\u00fccum etmi\u015f\u0259m. M\u0259n ke\u00e7mi\u015f polis i\u015f\u00e7isiy\u0259m, d\u00fc\u015f\u00fcnc\u0259li, a\u011f\u0131ll\u0131 adamam\u201d.<\/em><\/p>\n\n\n<div class=\"wp-block-image\">\n<figure class=\"alignleft size-large is-resized\"><img decoding=\"async\" data-src=\"https:\/\/www.meydan.tv\/wp-content\/uploads\/img-20230511-wa0027-462x821.jpg\" alt=\"\" class=\"wp-image-275898 lazyload\" width=\"306\" height=\"544\" src=\"data:image\/svg+xml;base64,PHN2ZyB3aWR0aD0iMSIgaGVpZ2h0PSIxIiB4bWxucz0iaHR0cDovL3d3dy53My5vcmcvMjAwMC9zdmciPjwvc3ZnPg==\" style=\"--smush-placeholder-width: 306px; --smush-placeholder-aspect-ratio: 306\/544;\" \/><\/figure>\n<\/div>\n\n\n<p>\u201c<em>Babam M\u0259h\u0259rr\u0259min 20 sot torpa\u011f\u0131 v\u0259 \u00fc\u00e7 o\u011flu olub. Abbas\u0259li il\u0259 Nazim do\u011fma qarda\u015flard\u0131r. Fazil is\u0259 M\u0259h\u0259rr\u0259min ilk nikah\u0131ndan olan \u00f6vlad\u0131d\u0131r. Torpaq sah\u0259si \u00fc\u00e7 o\u011ful aras\u0131nda b\u00f6l\u00fcn\u00fcb. 6 sot Fazil\u0259 verilib. 14 sot is\u0259 S\u0259kin\u0259nin iki o\u011fluna qal\u0131b\u201d, <\/em>&#8211; o qeyd edib.<\/p>\n\n\n\n<p>Sabit \u018fliyev onu da bildirib ki, qar\u015f\u0131 t\u0259r\u0259fi m\u0259hk\u0259m\u0259y\u0259 verm\u0259y\u0259 haz\u0131rla\u015f\u0131r:<\/p>\n\n\n\n<p><em>\u201cR\u0259dif\u0259 \u018fliyeva k\u00fctl\u0259vi informasiya vasit\u0259sil\u0259 haqq\u0131mda pis ifad\u0259l\u0259r i\u015fl\u0259dib. \u015e\u0259r\u0259f v\u0259 l\u0259yaq\u0259tim\u0259 toxunub. M\u0259ni a\u011f\u0131r cinay\u0259td\u0259 ittiham edib. Buna g\u00f6r\u0259 d\u0259 onun bar\u0259sind\u0259 m\u0259hk\u0259m\u0259y\u0259 \u015fikay\u0259tl\u0259 m\u00fcraci\u0259t ed\u0259c\u0259y\u0259m. V\u0259kilim haz\u0131rda s\u0259n\u0259dl\u0259ri toplamaqla m\u0259\u015f\u011fudur\u201d.<\/em><\/p>\n\n\n\n<p>Masall\u0131 Rayon \u0130cra Hakimiyy\u0259tind\u0259n R\u0259dif\u0259 \u018fliyevan\u0131n iddialar\u0131na m\u00fcnasib\u0259t bildirm\u0259yibl\u0259r.<\/p>\n\n\n\n<p>Da\u015f\u0131nmaz \u018fmlak\u0131n D\u00f6vl\u0259t Reyestr Xidm\u0259tinin 8 sayl\u0131 \u018frazi \u0130dar\u0259sind\u0259n Meydan TV-nin z\u0259ngl\u0259rin\u0259 cavab verilm\u0259yib.<\/p>\n\n\n\n<p>Da\u015f\u0131nmaz \u018fmlak\u0131n D\u00f6vl\u0259t Kadastr\u0131 v\u0259 Reyestrinin m\u0259tbuat xidm\u0259ti Meydan TV-nin sor\u011fusunu cavabs\u0131z burax\u0131b.<\/p>\n","protected":false},"excerpt":{"rendered":"<p>&#8220;Sonradan k\u0259nd b\u0259l\u0259diyy\u0259si v\u0259 icra n\u00fcmay\u0259nd\u0259si torpa\u011f\u0131n s\u0259n\u0259dl\u0259rini d\u0259yi\u015fibl\u0259r&#8221; Masall\u0131n\u0131n &#8230; <\/p>\n<p class=\"read-more-container\"><a title=\"Masall\u0131da m\u00fclk davas\u0131: s\u0259n\u0259dl\u0259rin saxtala\u015fd\u0131r\u0131ld\u0131\u011f\u0131 iddia olunur\" class=\"read-more button\" href=\"https:\/\/www.meydan.tv\/az\/article\/masallida-mulk-davasi-senedlerin-saxtalasdirildigi-iddia-olunur\/#more-275901\" aria-label=\"Read more about Masall\u0131da m\u00fclk davas\u0131: s\u0259n\u0259dl\u0259rin saxtala\u015fd\u0131r\u0131ld\u0131\u011f\u0131 iddia olunur\">Davam\u0131<\/a><\/p>\n","protected":false},"author":8,"featured_media":108640,"comment_status":"closed","ping_status":"closed","sticky":false,"template":"","format":"standard","meta":{"_acf_changed":false,"_sitemap_exclude":false,"_sitemap_priority":"","_sitemap_frequency":"","footnotes":""},"categories":[60,56],"tags":[],"class_list":["post-275901","post","type-post","status-publish","format-standard","has-post-thumbnail","hentry","category-bolge","category-xeberler","infinite-scroll-item","generate-columns","tablet-grid-50","mobile-grid-100","grid-parent","grid-33","no-featured-image-padding"],"acf":[],"yoast_head":"<!-- This site is optimized with the Yoast SEO plugin v27.5 - https:\/\/yoast.com\/product\/yoast-seo-wordpress\/ -->\n<title>Masall\u0131da m\u00fclk davas\u0131: s\u0259n\u0259dl\u0259rin saxtala\u015fd\u0131r\u0131ld\u0131\u011f\u0131 iddia olunur - MEYDAN.TV<\/title>\n<meta name=\"robots\" content=\"index, follow, max-snippet:-1, max-image-preview:large, max-video-preview:-1\" \/>\n<link rel=\"canonical\" href=\"https:\/\/www.meydan.tv\/az\/article\/masallida-mulk-davasi-senedlerin-saxtalasdirildigi-iddia-olunur\/\" \/>\n<meta property=\"og:locale\" content=\"az_AZ\" \/>\n<meta property=\"og:type\" content=\"article\" \/>\n<meta property=\"og:title\" content=\"Masall\u0131da m\u00fclk davas\u0131: s\u0259n\u0259dl\u0259rin saxtala\u015fd\u0131r\u0131ld\u0131\u011f\u0131 iddia olunur - MEYDAN.TV\" \/>\n<meta property=\"og:description\" content=\"&#8220;Sonradan k\u0259nd b\u0259l\u0259diyy\u0259si v\u0259 icra n\u00fcmay\u0259nd\u0259si torpa\u011f\u0131n s\u0259n\u0259dl\u0259rini d\u0259yi\u015fibl\u0259r&#8221; Masall\u0131n\u0131n ... Davam\u0131\" \/>\n<meta property=\"og:url\" content=\"https:\/\/www.meydan.tv\/az\/article\/masallida-mulk-davasi-senedlerin-saxtalasdirildigi-iddia-olunur\/\" \/>\n<meta property=\"og:site_name\" content=\"MEYDAN.TV\" \/>\n<meta property=\"article:published_time\" content=\"2023-05-24T10:30:10+00:00\" \/>\n<meta property=\"article:modified_time\" content=\"2023-05-24T10:30:16+00:00\" \/>\n<meta property=\"og:image\" content=\"https:\/\/www.meydan.tv\/wp-content\/uploads\/43192.jpg\" \/>\n\t<meta property=\"og:image:width\" content=\"1200\" \/>\n\t<meta property=\"og:image:height\" content=\"900\" \/>\n\t<meta property=\"og:image:type\" content=\"image\/jpeg\" \/>\n<meta name=\"author\" content=\"elli\" \/>\n<meta name=\"twitter:card\" content=\"summary_large_image\" \/>\n<meta name=\"twitter:creator\" content=\"@elli\" \/>\n<script type=\"application\/ld+json\" class=\"yoast-schema-graph\">{\"@context\":\"https:\\\/\\\/schema.org\",\"@graph\":[{\"@type\":\"Article\",\"@id\":\"https:\\\/\\\/www.meydan.tv\\\/az\\\/article\\\/masallida-mulk-davasi-senedlerin-saxtalasdirildigi-iddia-olunur\\\/#article\",\"isPartOf\":{\"@id\":\"https:\\\/\\\/www.meydan.tv\\\/az\\\/article\\\/masallida-mulk-davasi-senedlerin-saxtalasdirildigi-iddia-olunur\\\/\"},\"author\":{\"name\":\"elli\",\"@id\":\"https:\\\/\\\/www.meydan.tv\\\/az\\\/#\\\/schema\\\/person\\\/9cdbecf90d17180ce1dfbd95b08dcf47\"},\"headline\":\"Masall\u0131da m\u00fclk davas\u0131: s\u0259n\u0259dl\u0259rin saxtala\u015fd\u0131r\u0131ld\u0131\u011f\u0131 iddia olunur\",\"datePublished\":\"2023-05-24T10:30:10+00:00\",\"dateModified\":\"2023-05-24T10:30:16+00:00\",\"mainEntityOfPage\":{\"@id\":\"https:\\\/\\\/www.meydan.tv\\\/az\\\/article\\\/masallida-mulk-davasi-senedlerin-saxtalasdirildigi-iddia-olunur\\\/\"},\"wordCount\":945,\"publisher\":{\"@id\":\"https:\\\/\\\/www.meydan.tv\\\/az\\\/#organization\"},\"image\":{\"@id\":\"https:\\\/\\\/www.meydan.tv\\\/az\\\/article\\\/masallida-mulk-davasi-senedlerin-saxtalasdirildigi-iddia-olunur\\\/#primaryimage\"},\"thumbnailUrl\":\"https:\\\/\\\/www.meydan.tv\\\/wp-content\\\/uploads\\\/43192.jpg\",\"articleSection\":[\"B\u00f6lg\u0259\",\"X\u0259b\u0259rl\u0259r\"],\"inLanguage\":\"az\"},{\"@type\":\"WebPage\",\"@id\":\"https:\\\/\\\/www.meydan.tv\\\/az\\\/article\\\/masallida-mulk-davasi-senedlerin-saxtalasdirildigi-iddia-olunur\\\/\",\"url\":\"https:\\\/\\\/www.meydan.tv\\\/az\\\/article\\\/masallida-mulk-davasi-senedlerin-saxtalasdirildigi-iddia-olunur\\\/\",\"name\":\"Masall\u0131da m\u00fclk davas\u0131: s\u0259n\u0259dl\u0259rin saxtala\u015fd\u0131r\u0131ld\u0131\u011f\u0131 iddia olunur - MEYDAN.TV\",\"isPartOf\":{\"@id\":\"https:\\\/\\\/www.meydan.tv\\\/az\\\/#website\"},\"primaryImageOfPage\":{\"@id\":\"https:\\\/\\\/www.meydan.tv\\\/az\\\/article\\\/masallida-mulk-davasi-senedlerin-saxtalasdirildigi-iddia-olunur\\\/#primaryimage\"},\"image\":{\"@id\":\"https:\\\/\\\/www.meydan.tv\\\/az\\\/article\\\/masallida-mulk-davasi-senedlerin-saxtalasdirildigi-iddia-olunur\\\/#primaryimage\"},\"thumbnailUrl\":\"https:\\\/\\\/www.meydan.tv\\\/wp-content\\\/uploads\\\/43192.jpg\",\"datePublished\":\"2023-05-24T10:30:10+00:00\",\"dateModified\":\"2023-05-24T10:30:16+00:00\",\"breadcrumb\":{\"@id\":\"https:\\\/\\\/www.meydan.tv\\\/az\\\/article\\\/masallida-mulk-davasi-senedlerin-saxtalasdirildigi-iddia-olunur\\\/#breadcrumb\"},\"inLanguage\":\"az\",\"potentialAction\":[{\"@type\":\"ReadAction\",\"target\":[\"https:\\\/\\\/www.meydan.tv\\\/az\\\/article\\\/masallida-mulk-davasi-senedlerin-saxtalasdirildigi-iddia-olunur\\\/\"]}]},{\"@type\":\"ImageObject\",\"inLanguage\":\"az\",\"@id\":\"https:\\\/\\\/www.meydan.tv\\\/az\\\/article\\\/masallida-mulk-davasi-senedlerin-saxtalasdirildigi-iddia-olunur\\\/#primaryimage\",\"url\":\"https:\\\/\\\/www.meydan.tv\\\/wp-content\\\/uploads\\\/43192.jpg\",\"contentUrl\":\"https:\\\/\\\/www.meydan.tv\\\/wp-content\\\/uploads\\\/43192.jpg\",\"width\":1200,\"height\":900,\"caption\":\"Foto: Trend.az\"},{\"@type\":\"BreadcrumbList\",\"@id\":\"https:\\\/\\\/www.meydan.tv\\\/az\\\/article\\\/masallida-mulk-davasi-senedlerin-saxtalasdirildigi-iddia-olunur\\\/#breadcrumb\",\"itemListElement\":[{\"@type\":\"ListItem\",\"position\":1,\"name\":\"Ana s\u0259hif\u0259\",\"item\":\"https:\\\/\\\/www.meydan.tv\\\/az\\\/\"},{\"@type\":\"ListItem\",\"position\":2,\"name\":\"B\u00f6lg\u0259\",\"item\":\"https:\\\/\\\/www.meydan.tv\\\/az\\\/section\\\/bolge\\\/\"},{\"@type\":\"ListItem\",\"position\":3,\"name\":\"Masall\u0131da m\u00fclk davas\u0131: s\u0259n\u0259dl\u0259rin saxtala\u015fd\u0131r\u0131ld\u0131\u011f\u0131 iddia olunur\"}]},{\"@type\":\"WebSite\",\"@id\":\"https:\\\/\\\/www.meydan.tv\\\/az\\\/#website\",\"url\":\"https:\\\/\\\/www.meydan.tv\\\/az\\\/\",\"name\":\"MEYDAN.TV\",\"description\":\"Meydan TV Az\u0259rbaycan\u0131n media m\u0259kan\u0131ndak\u0131 alternativ s\u0259sidir\",\"publisher\":{\"@id\":\"https:\\\/\\\/www.meydan.tv\\\/az\\\/#organization\"},\"potentialAction\":[{\"@type\":\"SearchAction\",\"target\":{\"@type\":\"EntryPoint\",\"urlTemplate\":\"https:\\\/\\\/www.meydan.tv\\\/az\\\/?s={search_term_string}\"},\"query-input\":{\"@type\":\"PropertyValueSpecification\",\"valueRequired\":true,\"valueName\":\"search_term_string\"}}],\"inLanguage\":\"az\"},{\"@type\":\"Organization\",\"@id\":\"https:\\\/\\\/www.meydan.tv\\\/az\\\/#organization\",\"name\":\"Meydan TV\",\"url\":\"https:\\\/\\\/www.meydan.tv\\\/az\\\/\",\"logo\":{\"@type\":\"ImageObject\",\"inLanguage\":\"az\",\"@id\":\"https:\\\/\\\/www.meydan.tv\\\/az\\\/#\\\/schema\\\/logo\\\/image\\\/\",\"url\":\"https:\\\/\\\/www.meydan.tv\\\/wp-content\\\/uploads\\\/2021\\\/07\\\/meydan-logo.svg\",\"contentUrl\":\"https:\\\/\\\/www.meydan.tv\\\/wp-content\\\/uploads\\\/2021\\\/07\\\/meydan-logo.svg\",\"width\":195,\"height\":46,\"caption\":\"Meydan TV\"},\"image\":{\"@id\":\"https:\\\/\\\/www.meydan.tv\\\/az\\\/#\\\/schema\\\/logo\\\/image\\\/\"}},{\"@type\":\"Person\",\"@id\":\"https:\\\/\\\/www.meydan.tv\\\/az\\\/#\\\/schema\\\/person\\\/9cdbecf90d17180ce1dfbd95b08dcf47\",\"name\":\"elli\",\"sameAs\":[\"https:\\\/\\\/x.com\\\/elli\"]}]}<\/script>\n<!-- \/ Yoast SEO plugin. -->","yoast_head_json":{"title":"Masall\u0131da m\u00fclk davas\u0131: s\u0259n\u0259dl\u0259rin saxtala\u015fd\u0131r\u0131ld\u0131\u011f\u0131 iddia olunur - MEYDAN.TV","robots":{"index":"index","follow":"follow","max-snippet":"max-snippet:-1","max-image-preview":"max-image-preview:large","max-video-preview":"max-video-preview:-1"},"canonical":"https:\/\/www.meydan.tv\/az\/article\/masallida-mulk-davasi-senedlerin-saxtalasdirildigi-iddia-olunur\/","og_locale":"az_AZ","og_type":"article","og_title":"Masall\u0131da m\u00fclk davas\u0131: s\u0259n\u0259dl\u0259rin saxtala\u015fd\u0131r\u0131ld\u0131\u011f\u0131 iddia olunur - MEYDAN.TV","og_description":"&#8220;Sonradan k\u0259nd b\u0259l\u0259diyy\u0259si v\u0259 icra n\u00fcmay\u0259nd\u0259si torpa\u011f\u0131n s\u0259n\u0259dl\u0259rini d\u0259yi\u015fibl\u0259r&#8221; Masall\u0131n\u0131n ... Davam\u0131","og_url":"https:\/\/www.meydan.tv\/az\/article\/masallida-mulk-davasi-senedlerin-saxtalasdirildigi-iddia-olunur\/","og_site_name":"MEYDAN.TV","article_published_time":"2023-05-24T10:30:10+00:00","article_modified_time":"2023-05-24T10:30:16+00:00","og_image":[{"width":1200,"height":900,"url":"https:\/\/www.meydan.tv\/wp-content\/uploads\/43192.jpg","type":"image\/jpeg"}],"author":"elli","twitter_card":"summary_large_image","twitter_creator":"@elli","schema":{"@context":"https:\/\/schema.org","@graph":[{"@type":"Article","@id":"https:\/\/www.meydan.tv\/az\/article\/masallida-mulk-davasi-senedlerin-saxtalasdirildigi-iddia-olunur\/#article","isPartOf":{"@id":"https:\/\/www.meydan.tv\/az\/article\/masallida-mulk-davasi-senedlerin-saxtalasdirildigi-iddia-olunur\/"},"author":{"name":"elli","@id":"https:\/\/www.meydan.tv\/az\/#\/schema\/person\/9cdbecf90d17180ce1dfbd95b08dcf47"},"headline":"Masall\u0131da m\u00fclk davas\u0131: s\u0259n\u0259dl\u0259rin saxtala\u015fd\u0131r\u0131ld\u0131\u011f\u0131 iddia olunur","datePublished":"2023-05-24T10:30:10+00:00","dateModified":"2023-05-24T10:30:16+00:00","mainEntityOfPage":{"@id":"https:\/\/www.meydan.tv\/az\/article\/masallida-mulk-davasi-senedlerin-saxtalasdirildigi-iddia-olunur\/"},"wordCount":945,"publisher":{"@id":"https:\/\/www.meydan.tv\/az\/#organization"},"image":{"@id":"https:\/\/www.meydan.tv\/az\/article\/masallida-mulk-davasi-senedlerin-saxtalasdirildigi-iddia-olunur\/#primaryimage"},"thumbnailUrl":"https:\/\/www.meydan.tv\/wp-content\/uploads\/43192.jpg","articleSection":["B\u00f6lg\u0259","X\u0259b\u0259rl\u0259r"],"inLanguage":"az"},{"@type":"WebPage","@id":"https:\/\/www.meydan.tv\/az\/article\/masallida-mulk-davasi-senedlerin-saxtalasdirildigi-iddia-olunur\/","url":"https:\/\/www.meydan.tv\/az\/article\/masallida-mulk-davasi-senedlerin-saxtalasdirildigi-iddia-olunur\/","name":"Masall\u0131da m\u00fclk davas\u0131: s\u0259n\u0259dl\u0259rin saxtala\u015fd\u0131r\u0131ld\u0131\u011f\u0131 iddia olunur - MEYDAN.TV","isPartOf":{"@id":"https:\/\/www.meydan.tv\/az\/#website"},"primaryImageOfPage":{"@id":"https:\/\/www.meydan.tv\/az\/article\/masallida-mulk-davasi-senedlerin-saxtalasdirildigi-iddia-olunur\/#primaryimage"},"image":{"@id":"https:\/\/www.meydan.tv\/az\/article\/masallida-mulk-davasi-senedlerin-saxtalasdirildigi-iddia-olunur\/#primaryimage"},"thumbnailUrl":"https:\/\/www.meydan.tv\/wp-content\/uploads\/43192.jpg","datePublished":"2023-05-24T10:30:10+00:00","dateModified":"2023-05-24T10:30:16+00:00","breadcrumb":{"@id":"https:\/\/www.meydan.tv\/az\/article\/masallida-mulk-davasi-senedlerin-saxtalasdirildigi-iddia-olunur\/#breadcrumb"},"inLanguage":"az","potentialAction":[{"@type":"ReadAction","target":["https:\/\/www.meydan.tv\/az\/article\/masallida-mulk-davasi-senedlerin-saxtalasdirildigi-iddia-olunur\/"]}]},{"@type":"ImageObject","inLanguage":"az","@id":"https:\/\/www.meydan.tv\/az\/article\/masallida-mulk-davasi-senedlerin-saxtalasdirildigi-iddia-olunur\/#primaryimage","url":"https:\/\/www.meydan.tv\/wp-content\/uploads\/43192.jpg","contentUrl":"https:\/\/www.meydan.tv\/wp-content\/uploads\/43192.jpg","width":1200,"height":900,"caption":"Foto: Trend.az"},{"@type":"BreadcrumbList","@id":"https:\/\/www.meydan.tv\/az\/article\/masallida-mulk-davasi-senedlerin-saxtalasdirildigi-iddia-olunur\/#breadcrumb","itemListElement":[{"@type":"ListItem","position":1,"name":"Ana s\u0259hif\u0259","item":"https:\/\/www.meydan.tv\/az\/"},{"@type":"ListItem","position":2,"name":"B\u00f6lg\u0259","item":"https:\/\/www.meydan.tv\/az\/section\/bolge\/"},{"@type":"ListItem","position":3,"name":"Masall\u0131da m\u00fclk davas\u0131: s\u0259n\u0259dl\u0259rin saxtala\u015fd\u0131r\u0131ld\u0131\u011f\u0131 iddia olunur"}]},{"@type":"WebSite","@id":"https:\/\/www.meydan.tv\/az\/#website","url":"https:\/\/www.meydan.tv\/az\/","name":"MEYDAN.TV","description":"Meydan TV Az\u0259rbaycan\u0131n media m\u0259kan\u0131ndak\u0131 alternativ s\u0259sidir","publisher":{"@id":"https:\/\/www.meydan.tv\/az\/#organization"},"potentialAction":[{"@type":"SearchAction","target":{"@type":"EntryPoint","urlTemplate":"https:\/\/www.meydan.tv\/az\/?s={search_term_string}"},"query-input":{"@type":"PropertyValueSpecification","valueRequired":true,"valueName":"search_term_string"}}],"inLanguage":"az"},{"@type":"Organization","@id":"https:\/\/www.meydan.tv\/az\/#organization","name":"Meydan TV","url":"https:\/\/www.meydan.tv\/az\/","logo":{"@type":"ImageObject","inLanguage":"az","@id":"https:\/\/www.meydan.tv\/az\/#\/schema\/logo\/image\/","url":"https:\/\/www.meydan.tv\/wp-content\/uploads\/2021\/07\/meydan-logo.svg","contentUrl":"https:\/\/www.meydan.tv\/wp-content\/uploads\/2021\/07\/meydan-logo.svg","width":195,"height":46,"caption":"Meydan TV"},"image":{"@id":"https:\/\/www.meydan.tv\/az\/#\/schema\/logo\/image\/"}},{"@type":"Person","@id":"https:\/\/www.meydan.tv\/az\/#\/schema\/person\/9cdbecf90d17180ce1dfbd95b08dcf47","name":"elli","sameAs":["https:\/\/x.com\/elli"]}]}},"_links":{"self":[{"href":"https:\/\/www.meydan.tv\/az\/wp-json\/wp\/v2\/posts\/275901","targetHints":{"allow":["GET"]}}],"collection":[{"href":"https:\/\/www.meydan.tv\/az\/wp-json\/wp\/v2\/posts"}],"about":[{"href":"https:\/\/www.meydan.tv\/az\/wp-json\/wp\/v2\/types\/post"}],"author":[{"embeddable":true,"href":"https:\/\/www.meydan.tv\/az\/wp-json\/wp\/v2\/users\/8"}],"replies":[{"embeddable":true,"href":"https:\/\/www.meydan.tv\/az\/wp-json\/wp\/v2\/comments?post=275901"}],"version-history":[{"count":3,"href":"https:\/\/www.meydan.tv\/az\/wp-json\/wp\/v2\/posts\/275901\/revisions"}],"predecessor-version":[{"id":275907,"href":"https:\/\/www.meydan.tv\/az\/wp-json\/wp\/v2\/posts\/275901\/revisions\/275907"}],"wp:featuredmedia":[{"embeddable":true,"href":"https:\/\/www.meydan.tv\/az\/wp-json\/wp\/v2\/media\/108640"}],"wp:attachment":[{"href":"https:\/\/www.meydan.tv\/az\/wp-json\/wp\/v2\/media?parent=275901"}],"wp:term":[{"taxonomy":"category","embeddable":true,"href":"https:\/\/www.meydan.tv\/az\/wp-json\/wp\/v2\/categories?post=275901"},{"taxonomy":"post_tag","embeddable":true,"href":"https:\/\/www.meydan.tv\/az\/wp-json\/wp\/v2\/tags?post=275901"}],"curies":[{"name":"wp","href":"https:\/\/api.w.org\/{rel}","templated":true}]}}