{"id":275861,"date":"2023-05-23T21:13:29","date_gmt":"2023-05-23T17:13:29","guid":{"rendered":"https:\/\/www.meydan.tv\/?p=275861"},"modified":"2023-05-23T21:17:31","modified_gmt":"2023-05-23T17:17:31","slug":"icra-bascisinin-hebs-olunmus-muavini-beraet-aldi","status":"publish","type":"post","link":"https:\/\/www.meydan.tv\/az\/article\/icra-bascisinin-hebs-olunmus-muavini-beraet-aldi\/","title":{"rendered":"\u0130cra ba\u015f\u00e7\u0131s\u0131n\u0131n h\u0259bs olunmu\u015f m\u00fcavini b\u0259ra\u0259t ald\u0131"},"content":{"rendered":"\n<p><\/p>\n\n\n\n<p><strong><em>Vahid \u0130sayev m\u0259hk\u0259m\u0259 zal\u0131ndan azadl\u0131\u011fa burax\u0131l\u0131b<\/em><\/strong><\/p>\n\n\n\n<p>\u00d6t\u0259n il h\u0259bs edil\u0259n G\u00f6y\u00e7ay\u0131n icra hakimiyy\u0259ti ba\u015f\u00e7\u0131s\u0131n\u0131n m\u00fcavini olmu\u015f Vahid \u0130sayev b\u0259ra\u0259t al\u0131b.<\/p>\n\n\n\n<p>T\u0259xmin\u0259n 15 il \u0259rzind\u0259 G\u00f6y\u00e7ayda 5 icra ba\u015f\u00e7\u0131s\u0131n\u0131n k\u00f6m\u0259k\u00e7isi i\u015fl\u0259mi\u015f, birlikd\u0259 \u00e7al\u0131\u015fd\u0131\u011f\u0131 sonuncu icra ba\u015f\u00e7\u0131s\u0131 Mehdi S\u0259limzad\u0259 2022-ci ilin mart\u0131nda v\u0259zif\u0259sind\u0259n azad edil\u0259nd\u0259n az sonra h\u0259bs olunan Vahid \u0130sayev bir il sonra m\u0259hk\u0259m\u0259 zal\u0131ndan azadl\u0131\u011fa burax\u0131l\u0131b. Bu hadis\u0259 may\u0131n 23-d\u0259 \u015e\u0259ki Apelyasiya M\u0259hk\u0259m\u0259sind\u0259 ba\u015f verib.<\/p>\n\n\n\n<p>Onun haqq\u0131nda b\u0259ra\u0259t h\u00f6km\u00fcn\u00fc \u0130manverdi \u015e\u00fck\u00fcrovun s\u0259drlik etdiyi, Xaqani S\u0259m\u0259dov v\u0259 Akif Eyvazovdan ibar\u0259t hakiml\u0259r kollegiyas\u0131 \u00e7\u0131xar\u0131b.<\/p>\n\n\n\n<p>O zaman Vahid \u0130sayevl\u0259 yana\u015f\u0131, icra ba\u015f\u00e7\u0131s\u0131n\u0131n G\u00f6y\u00e7ay \u015f\u0259h\u0259r inzibati \u0259razi dair\u0259si \u00fczr\u0259 n\u00fcmay\u0259nd\u0259si olmu\u015f R\u0259\u015fad \u015e\u00fck\u00fcrov da h\u0259bs olunmu\u015fdu. Onlara qar\u015f\u0131 Cinay\u0259t M\u0259c\u0259ll\u0259sinin 308.2 (v\u0259zif\u0259 s\u0259lahiyy\u0259tl\u0259rind\u0259n sui-istifad\u0259 a\u011f\u0131r n\u0259tic\u0259l\u0259r\u0259 s\u0259b\u0259b olduqda), 311.3.1 (r\u00fc\u015fv\u0259t alma &#8211; qabaqcadan \u0259lbir olan bir qrup \u015f\u0259xs t\u0259r\u0259find\u0259n t\u00f6r\u0259dildikd\u0259) v\u0259 311.3.4 (r\u00fc\u015fv\u0259t alma &#8211; h\u0259d\u0259-qorxu t\u0259tbiq olunmaqla t\u00f6r\u0259dildikd\u0259) madd\u0259l\u0259ril\u0259 ittiham ir\u0259li s\u00fcr\u00fclm\u00fc\u015fd\u00fc. \u0130stintaq\u0131 is\u0259 Korrupsiyaya Qar\u015f\u0131 M\u00fcbariz\u0259 \u0130dar\u0259si apar\u0131rd\u0131.<\/p>\n\n\n\n<p>Vahid \u0130sayev v\u0259 R\u0259\u015fad \u015e\u00fck\u00fcrov sonradan ev dustaql\u0131\u011f\u0131na burax\u0131lm\u0131\u015f, istintaq\u0131n sonunda r\u00fc\u015fv\u0259t ittiham\u0131 da d\u0259l\u0259duzluq v\u0259 r\u00fc\u015fv\u0259t verm\u0259y\u0259 t\u0259hrik \u0259m\u0259ll\u0259rin\u0259 t\u00f6vsif edilmi\u015fdi.<\/p>\n\n\n\n<p>R\u0259\u015fad \u015e\u00fck\u00fcrov G\u00f6y\u00e7ay \u015f\u0259h\u0259ri \u00fczr\u0259 icra n\u00fcmay\u0259nd\u0259si t\u0259yin edilm\u0259mi\u015fd\u0259n \u00f6nc\u0259 \u0130cra Hakimiyy\u0259tinin \u018frazi idar\u0259etm\u0259 v\u0259 yerli \u00f6z\u00fcn\u00fcidar\u0259etm\u0259 orqanlar\u0131 il\u0259 i\u015f \u015f\u00f6b\u0259sinin m\u00fcdiri olub.<\/p>\n\n\n\n<p>\u015e\u0259ki A\u011f\u0131r Cinay\u0259tl\u0259r M\u0259hk\u0259m\u0259sind\u0259 Vahid \u0130sayev\u0259 m\u00fcnasib\u0259td\u0259 d\u0259ymi\u015f ziyan\u0131n \u00f6d\u0259nilm\u0259si \u0259sas\u0131yla Cinay\u0259t M\u0259c\u0259ll\u0259sinin 178-ci (d\u0259l\u0259duzluq) madd\u0259sil\u0259 ittihama xitam verilmi\u015f, r\u00fc\u015fv\u0259t verm\u0259y\u0259 t\u0259hrik ittiham\u0131yla is\u0259 ona 4 il h\u0259bs c\u0259zas\u0131 k\u0259silmi\u015fdi.<\/p>\n\n\n\n<p>Vahid \u0130sayev bu h\u00f6kmd\u0259n apelyasiya \u015fikay\u0259ti ver\u0259r\u0259k, b\u0259ra\u0259t ist\u0259yirdi. Onun \u015fikay\u0259tin\u0259 iki aydan \u00e7oxdur ki, \u015e\u0259ki Apelyasiya M\u0259hk\u0259m\u0259sind\u0259 bax\u0131l\u0131rd\u0131. May\u0131n 23-d\u0259 m\u0259hk\u0259m\u0259 bel\u0259 n\u0259tic\u0259y\u0259 g\u0259lib ki, bu ittiham da \u0259sass\u0131zd\u0131r v\u0259 ona b\u0259ra\u0259t verilm\u0259lidir. H\u0259r\u00e7\u0259nd, m\u0259hk\u0259m\u0259d\u0259 prokuror etiraz edib.<\/p>\n","protected":false},"excerpt":{"rendered":"<p>Vahid \u0130sayev m\u0259hk\u0259m\u0259 zal\u0131ndan azadl\u0131\u011fa burax\u0131l\u0131b \u00d6t\u0259n il h\u0259bs edil\u0259n &#8230; <\/p>\n<p class=\"read-more-container\"><a title=\"\u0130cra ba\u015f\u00e7\u0131s\u0131n\u0131n h\u0259bs olunmu\u015f m\u00fcavini b\u0259ra\u0259t ald\u0131\" class=\"read-more button\" href=\"https:\/\/www.meydan.tv\/az\/article\/icra-bascisinin-hebs-olunmus-muavini-beraet-aldi\/#more-275861\" aria-label=\"Read more about \u0130cra ba\u015f\u00e7\u0131s\u0131n\u0131n h\u0259bs olunmu\u015f m\u00fcavini b\u0259ra\u0259t ald\u0131\">Davam\u0131<\/a><\/p>\n","protected":false},"author":8,"featured_media":275862,"comment_status":"closed","ping_status":"closed","sticky":false,"template":"","format":"standard","meta":{"_acf_changed":false,"_sitemap_exclude":false,"_sitemap_priority":"","_sitemap_frequency":"","footnotes":""},"categories":[60,56],"tags":[],"class_list":["post-275861","post","type-post","status-publish","format-standard","has-post-thumbnail","hentry","category-bolge","category-xeberler","infinite-scroll-item","generate-columns","tablet-grid-50","mobile-grid-100","grid-parent","grid-33","no-featured-image-padding"],"acf":[],"yoast_head":"<!-- This site is optimized with the Yoast SEO plugin v27.5 - https:\/\/yoast.com\/product\/yoast-seo-wordpress\/ -->\n<title>\u0130cra ba\u015f\u00e7\u0131s\u0131n\u0131n h\u0259bs olunmu\u015f m\u00fcavini b\u0259ra\u0259t ald\u0131 - MEYDAN.TV<\/title>\n<meta name=\"robots\" content=\"index, follow, max-snippet:-1, max-image-preview:large, max-video-preview:-1\" \/>\n<link rel=\"canonical\" href=\"https:\/\/www.meydan.tv\/az\/article\/icra-bascisinin-hebs-olunmus-muavini-beraet-aldi\/\" \/>\n<meta property=\"og:locale\" content=\"az_AZ\" \/>\n<meta property=\"og:type\" content=\"article\" \/>\n<meta property=\"og:title\" content=\"\u0130cra ba\u015f\u00e7\u0131s\u0131n\u0131n h\u0259bs olunmu\u015f m\u00fcavini b\u0259ra\u0259t ald\u0131 - MEYDAN.TV\" \/>\n<meta property=\"og:description\" content=\"Vahid \u0130sayev m\u0259hk\u0259m\u0259 zal\u0131ndan azadl\u0131\u011fa burax\u0131l\u0131b \u00d6t\u0259n il h\u0259bs edil\u0259n ... Davam\u0131\" \/>\n<meta property=\"og:url\" content=\"https:\/\/www.meydan.tv\/az\/article\/icra-bascisinin-hebs-olunmus-muavini-beraet-aldi\/\" \/>\n<meta property=\"og:site_name\" content=\"MEYDAN.TV\" \/>\n<meta property=\"article:published_time\" content=\"2023-05-23T17:13:29+00:00\" \/>\n<meta property=\"article:modified_time\" content=\"2023-05-23T17:17:31+00:00\" \/>\n<meta property=\"og:image\" content=\"https:\/\/www.meydan.tv\/wp-content\/uploads\/26d64599eb1e96e9fbc3fb012ae51a23-e1684861996520.jpeg\" \/>\n\t<meta property=\"og:image:width\" content=\"1200\" \/>\n\t<meta property=\"og:image:height\" content=\"552\" \/>\n\t<meta property=\"og:image:type\" content=\"image\/jpeg\" \/>\n<meta name=\"author\" content=\"elli\" \/>\n<meta name=\"twitter:card\" content=\"summary_large_image\" \/>\n<meta name=\"twitter:creator\" content=\"@elli\" \/>\n<script type=\"application\/ld+json\" class=\"yoast-schema-graph\">{\"@context\":\"https:\\\/\\\/schema.org\",\"@graph\":[{\"@type\":\"Article\",\"@id\":\"https:\\\/\\\/www.meydan.tv\\\/az\\\/article\\\/icra-bascisinin-hebs-olunmus-muavini-beraet-aldi\\\/#article\",\"isPartOf\":{\"@id\":\"https:\\\/\\\/www.meydan.tv\\\/az\\\/article\\\/icra-bascisinin-hebs-olunmus-muavini-beraet-aldi\\\/\"},\"author\":{\"name\":\"elli\",\"@id\":\"https:\\\/\\\/www.meydan.tv\\\/az\\\/#\\\/schema\\\/person\\\/9cdbecf90d17180ce1dfbd95b08dcf47\"},\"headline\":\"\u0130cra ba\u015f\u00e7\u0131s\u0131n\u0131n h\u0259bs olunmu\u015f m\u00fcavini b\u0259ra\u0259t ald\u0131\",\"datePublished\":\"2023-05-23T17:13:29+00:00\",\"dateModified\":\"2023-05-23T17:17:31+00:00\",\"mainEntityOfPage\":{\"@id\":\"https:\\\/\\\/www.meydan.tv\\\/az\\\/article\\\/icra-bascisinin-hebs-olunmus-muavini-beraet-aldi\\\/\"},\"wordCount\":479,\"publisher\":{\"@id\":\"https:\\\/\\\/www.meydan.tv\\\/az\\\/#organization\"},\"image\":{\"@id\":\"https:\\\/\\\/www.meydan.tv\\\/az\\\/article\\\/icra-bascisinin-hebs-olunmus-muavini-beraet-aldi\\\/#primaryimage\"},\"thumbnailUrl\":\"https:\\\/\\\/www.meydan.tv\\\/wp-content\\\/uploads\\\/26d64599eb1e96e9fbc3fb012ae51a23-e1684861996520.jpeg\",\"articleSection\":[\"B\u00f6lg\u0259\",\"X\u0259b\u0259rl\u0259r\"],\"inLanguage\":\"az\"},{\"@type\":\"WebPage\",\"@id\":\"https:\\\/\\\/www.meydan.tv\\\/az\\\/article\\\/icra-bascisinin-hebs-olunmus-muavini-beraet-aldi\\\/\",\"url\":\"https:\\\/\\\/www.meydan.tv\\\/az\\\/article\\\/icra-bascisinin-hebs-olunmus-muavini-beraet-aldi\\\/\",\"name\":\"\u0130cra ba\u015f\u00e7\u0131s\u0131n\u0131n h\u0259bs olunmu\u015f m\u00fcavini b\u0259ra\u0259t ald\u0131 - MEYDAN.TV\",\"isPartOf\":{\"@id\":\"https:\\\/\\\/www.meydan.tv\\\/az\\\/#website\"},\"primaryImageOfPage\":{\"@id\":\"https:\\\/\\\/www.meydan.tv\\\/az\\\/article\\\/icra-bascisinin-hebs-olunmus-muavini-beraet-aldi\\\/#primaryimage\"},\"image\":{\"@id\":\"https:\\\/\\\/www.meydan.tv\\\/az\\\/article\\\/icra-bascisinin-hebs-olunmus-muavini-beraet-aldi\\\/#primaryimage\"},\"thumbnailUrl\":\"https:\\\/\\\/www.meydan.tv\\\/wp-content\\\/uploads\\\/26d64599eb1e96e9fbc3fb012ae51a23-e1684861996520.jpeg\",\"datePublished\":\"2023-05-23T17:13:29+00:00\",\"dateModified\":\"2023-05-23T17:17:31+00:00\",\"breadcrumb\":{\"@id\":\"https:\\\/\\\/www.meydan.tv\\\/az\\\/article\\\/icra-bascisinin-hebs-olunmus-muavini-beraet-aldi\\\/#breadcrumb\"},\"inLanguage\":\"az\",\"potentialAction\":[{\"@type\":\"ReadAction\",\"target\":[\"https:\\\/\\\/www.meydan.tv\\\/az\\\/article\\\/icra-bascisinin-hebs-olunmus-muavini-beraet-aldi\\\/\"]}]},{\"@type\":\"ImageObject\",\"inLanguage\":\"az\",\"@id\":\"https:\\\/\\\/www.meydan.tv\\\/az\\\/article\\\/icra-bascisinin-hebs-olunmus-muavini-beraet-aldi\\\/#primaryimage\",\"url\":\"https:\\\/\\\/www.meydan.tv\\\/wp-content\\\/uploads\\\/26d64599eb1e96e9fbc3fb012ae51a23-e1684861996520.jpeg\",\"contentUrl\":\"https:\\\/\\\/www.meydan.tv\\\/wp-content\\\/uploads\\\/26d64599eb1e96e9fbc3fb012ae51a23-e1684861996520.jpeg\",\"width\":1200,\"height\":552,\"caption\":\"Vahid \u0130sayev. Foto: \\\"YM\\\"\"},{\"@type\":\"BreadcrumbList\",\"@id\":\"https:\\\/\\\/www.meydan.tv\\\/az\\\/article\\\/icra-bascisinin-hebs-olunmus-muavini-beraet-aldi\\\/#breadcrumb\",\"itemListElement\":[{\"@type\":\"ListItem\",\"position\":1,\"name\":\"Ana s\u0259hif\u0259\",\"item\":\"https:\\\/\\\/www.meydan.tv\\\/az\\\/\"},{\"@type\":\"ListItem\",\"position\":2,\"name\":\"B\u00f6lg\u0259\",\"item\":\"https:\\\/\\\/www.meydan.tv\\\/az\\\/section\\\/bolge\\\/\"},{\"@type\":\"ListItem\",\"position\":3,\"name\":\"\u0130cra ba\u015f\u00e7\u0131s\u0131n\u0131n h\u0259bs olunmu\u015f m\u00fcavini b\u0259ra\u0259t ald\u0131\"}]},{\"@type\":\"WebSite\",\"@id\":\"https:\\\/\\\/www.meydan.tv\\\/az\\\/#website\",\"url\":\"https:\\\/\\\/www.meydan.tv\\\/az\\\/\",\"name\":\"MEYDAN.TV\",\"description\":\"Meydan TV Az\u0259rbaycan\u0131n media m\u0259kan\u0131ndak\u0131 alternativ s\u0259sidir\",\"publisher\":{\"@id\":\"https:\\\/\\\/www.meydan.tv\\\/az\\\/#organization\"},\"potentialAction\":[{\"@type\":\"SearchAction\",\"target\":{\"@type\":\"EntryPoint\",\"urlTemplate\":\"https:\\\/\\\/www.meydan.tv\\\/az\\\/?s={search_term_string}\"},\"query-input\":{\"@type\":\"PropertyValueSpecification\",\"valueRequired\":true,\"valueName\":\"search_term_string\"}}],\"inLanguage\":\"az\"},{\"@type\":\"Organization\",\"@id\":\"https:\\\/\\\/www.meydan.tv\\\/az\\\/#organization\",\"name\":\"Meydan TV\",\"url\":\"https:\\\/\\\/www.meydan.tv\\\/az\\\/\",\"logo\":{\"@type\":\"ImageObject\",\"inLanguage\":\"az\",\"@id\":\"https:\\\/\\\/www.meydan.tv\\\/az\\\/#\\\/schema\\\/logo\\\/image\\\/\",\"url\":\"https:\\\/\\\/www.meydan.tv\\\/wp-content\\\/uploads\\\/2021\\\/07\\\/meydan-logo.svg\",\"contentUrl\":\"https:\\\/\\\/www.meydan.tv\\\/wp-content\\\/uploads\\\/2021\\\/07\\\/meydan-logo.svg\",\"width\":195,\"height\":46,\"caption\":\"Meydan TV\"},\"image\":{\"@id\":\"https:\\\/\\\/www.meydan.tv\\\/az\\\/#\\\/schema\\\/logo\\\/image\\\/\"}},{\"@type\":\"Person\",\"@id\":\"https:\\\/\\\/www.meydan.tv\\\/az\\\/#\\\/schema\\\/person\\\/9cdbecf90d17180ce1dfbd95b08dcf47\",\"name\":\"elli\",\"sameAs\":[\"https:\\\/\\\/x.com\\\/elli\"]}]}<\/script>\n<!-- \/ Yoast SEO plugin. -->","yoast_head_json":{"title":"\u0130cra ba\u015f\u00e7\u0131s\u0131n\u0131n h\u0259bs olunmu\u015f m\u00fcavini b\u0259ra\u0259t ald\u0131 - MEYDAN.TV","robots":{"index":"index","follow":"follow","max-snippet":"max-snippet:-1","max-image-preview":"max-image-preview:large","max-video-preview":"max-video-preview:-1"},"canonical":"https:\/\/www.meydan.tv\/az\/article\/icra-bascisinin-hebs-olunmus-muavini-beraet-aldi\/","og_locale":"az_AZ","og_type":"article","og_title":"\u0130cra ba\u015f\u00e7\u0131s\u0131n\u0131n h\u0259bs olunmu\u015f m\u00fcavini b\u0259ra\u0259t ald\u0131 - MEYDAN.TV","og_description":"Vahid \u0130sayev m\u0259hk\u0259m\u0259 zal\u0131ndan azadl\u0131\u011fa burax\u0131l\u0131b \u00d6t\u0259n il h\u0259bs edil\u0259n ... Davam\u0131","og_url":"https:\/\/www.meydan.tv\/az\/article\/icra-bascisinin-hebs-olunmus-muavini-beraet-aldi\/","og_site_name":"MEYDAN.TV","article_published_time":"2023-05-23T17:13:29+00:00","article_modified_time":"2023-05-23T17:17:31+00:00","og_image":[{"width":1200,"height":552,"url":"https:\/\/www.meydan.tv\/wp-content\/uploads\/26d64599eb1e96e9fbc3fb012ae51a23-e1684861996520.jpeg","type":"image\/jpeg"}],"author":"elli","twitter_card":"summary_large_image","twitter_creator":"@elli","schema":{"@context":"https:\/\/schema.org","@graph":[{"@type":"Article","@id":"https:\/\/www.meydan.tv\/az\/article\/icra-bascisinin-hebs-olunmus-muavini-beraet-aldi\/#article","isPartOf":{"@id":"https:\/\/www.meydan.tv\/az\/article\/icra-bascisinin-hebs-olunmus-muavini-beraet-aldi\/"},"author":{"name":"elli","@id":"https:\/\/www.meydan.tv\/az\/#\/schema\/person\/9cdbecf90d17180ce1dfbd95b08dcf47"},"headline":"\u0130cra ba\u015f\u00e7\u0131s\u0131n\u0131n h\u0259bs olunmu\u015f m\u00fcavini b\u0259ra\u0259t ald\u0131","datePublished":"2023-05-23T17:13:29+00:00","dateModified":"2023-05-23T17:17:31+00:00","mainEntityOfPage":{"@id":"https:\/\/www.meydan.tv\/az\/article\/icra-bascisinin-hebs-olunmus-muavini-beraet-aldi\/"},"wordCount":479,"publisher":{"@id":"https:\/\/www.meydan.tv\/az\/#organization"},"image":{"@id":"https:\/\/www.meydan.tv\/az\/article\/icra-bascisinin-hebs-olunmus-muavini-beraet-aldi\/#primaryimage"},"thumbnailUrl":"https:\/\/www.meydan.tv\/wp-content\/uploads\/26d64599eb1e96e9fbc3fb012ae51a23-e1684861996520.jpeg","articleSection":["B\u00f6lg\u0259","X\u0259b\u0259rl\u0259r"],"inLanguage":"az"},{"@type":"WebPage","@id":"https:\/\/www.meydan.tv\/az\/article\/icra-bascisinin-hebs-olunmus-muavini-beraet-aldi\/","url":"https:\/\/www.meydan.tv\/az\/article\/icra-bascisinin-hebs-olunmus-muavini-beraet-aldi\/","name":"\u0130cra ba\u015f\u00e7\u0131s\u0131n\u0131n h\u0259bs olunmu\u015f m\u00fcavini b\u0259ra\u0259t ald\u0131 - MEYDAN.TV","isPartOf":{"@id":"https:\/\/www.meydan.tv\/az\/#website"},"primaryImageOfPage":{"@id":"https:\/\/www.meydan.tv\/az\/article\/icra-bascisinin-hebs-olunmus-muavini-beraet-aldi\/#primaryimage"},"image":{"@id":"https:\/\/www.meydan.tv\/az\/article\/icra-bascisinin-hebs-olunmus-muavini-beraet-aldi\/#primaryimage"},"thumbnailUrl":"https:\/\/www.meydan.tv\/wp-content\/uploads\/26d64599eb1e96e9fbc3fb012ae51a23-e1684861996520.jpeg","datePublished":"2023-05-23T17:13:29+00:00","dateModified":"2023-05-23T17:17:31+00:00","breadcrumb":{"@id":"https:\/\/www.meydan.tv\/az\/article\/icra-bascisinin-hebs-olunmus-muavini-beraet-aldi\/#breadcrumb"},"inLanguage":"az","potentialAction":[{"@type":"ReadAction","target":["https:\/\/www.meydan.tv\/az\/article\/icra-bascisinin-hebs-olunmus-muavini-beraet-aldi\/"]}]},{"@type":"ImageObject","inLanguage":"az","@id":"https:\/\/www.meydan.tv\/az\/article\/icra-bascisinin-hebs-olunmus-muavini-beraet-aldi\/#primaryimage","url":"https:\/\/www.meydan.tv\/wp-content\/uploads\/26d64599eb1e96e9fbc3fb012ae51a23-e1684861996520.jpeg","contentUrl":"https:\/\/www.meydan.tv\/wp-content\/uploads\/26d64599eb1e96e9fbc3fb012ae51a23-e1684861996520.jpeg","width":1200,"height":552,"caption":"Vahid \u0130sayev. Foto: \"YM\""},{"@type":"BreadcrumbList","@id":"https:\/\/www.meydan.tv\/az\/article\/icra-bascisinin-hebs-olunmus-muavini-beraet-aldi\/#breadcrumb","itemListElement":[{"@type":"ListItem","position":1,"name":"Ana s\u0259hif\u0259","item":"https:\/\/www.meydan.tv\/az\/"},{"@type":"ListItem","position":2,"name":"B\u00f6lg\u0259","item":"https:\/\/www.meydan.tv\/az\/section\/bolge\/"},{"@type":"ListItem","position":3,"name":"\u0130cra ba\u015f\u00e7\u0131s\u0131n\u0131n h\u0259bs olunmu\u015f m\u00fcavini b\u0259ra\u0259t ald\u0131"}]},{"@type":"WebSite","@id":"https:\/\/www.meydan.tv\/az\/#website","url":"https:\/\/www.meydan.tv\/az\/","name":"MEYDAN.TV","description":"Meydan TV Az\u0259rbaycan\u0131n media m\u0259kan\u0131ndak\u0131 alternativ s\u0259sidir","publisher":{"@id":"https:\/\/www.meydan.tv\/az\/#organization"},"potentialAction":[{"@type":"SearchAction","target":{"@type":"EntryPoint","urlTemplate":"https:\/\/www.meydan.tv\/az\/?s={search_term_string}"},"query-input":{"@type":"PropertyValueSpecification","valueRequired":true,"valueName":"search_term_string"}}],"inLanguage":"az"},{"@type":"Organization","@id":"https:\/\/www.meydan.tv\/az\/#organization","name":"Meydan TV","url":"https:\/\/www.meydan.tv\/az\/","logo":{"@type":"ImageObject","inLanguage":"az","@id":"https:\/\/www.meydan.tv\/az\/#\/schema\/logo\/image\/","url":"https:\/\/www.meydan.tv\/wp-content\/uploads\/2021\/07\/meydan-logo.svg","contentUrl":"https:\/\/www.meydan.tv\/wp-content\/uploads\/2021\/07\/meydan-logo.svg","width":195,"height":46,"caption":"Meydan TV"},"image":{"@id":"https:\/\/www.meydan.tv\/az\/#\/schema\/logo\/image\/"}},{"@type":"Person","@id":"https:\/\/www.meydan.tv\/az\/#\/schema\/person\/9cdbecf90d17180ce1dfbd95b08dcf47","name":"elli","sameAs":["https:\/\/x.com\/elli"]}]}},"_links":{"self":[{"href":"https:\/\/www.meydan.tv\/az\/wp-json\/wp\/v2\/posts\/275861","targetHints":{"allow":["GET"]}}],"collection":[{"href":"https:\/\/www.meydan.tv\/az\/wp-json\/wp\/v2\/posts"}],"about":[{"href":"https:\/\/www.meydan.tv\/az\/wp-json\/wp\/v2\/types\/post"}],"author":[{"embeddable":true,"href":"https:\/\/www.meydan.tv\/az\/wp-json\/wp\/v2\/users\/8"}],"replies":[{"embeddable":true,"href":"https:\/\/www.meydan.tv\/az\/wp-json\/wp\/v2\/comments?post=275861"}],"version-history":[{"count":1,"href":"https:\/\/www.meydan.tv\/az\/wp-json\/wp\/v2\/posts\/275861\/revisions"}],"predecessor-version":[{"id":275865,"href":"https:\/\/www.meydan.tv\/az\/wp-json\/wp\/v2\/posts\/275861\/revisions\/275865"}],"wp:featuredmedia":[{"embeddable":true,"href":"https:\/\/www.meydan.tv\/az\/wp-json\/wp\/v2\/media\/275862"}],"wp:attachment":[{"href":"https:\/\/www.meydan.tv\/az\/wp-json\/wp\/v2\/media?parent=275861"}],"wp:term":[{"taxonomy":"category","embeddable":true,"href":"https:\/\/www.meydan.tv\/az\/wp-json\/wp\/v2\/categories?post=275861"},{"taxonomy":"post_tag","embeddable":true,"href":"https:\/\/www.meydan.tv\/az\/wp-json\/wp\/v2\/tags?post=275861"}],"curies":[{"name":"wp","href":"https:\/\/api.w.org\/{rel}","templated":true}]}}