{"id":275831,"date":"2023-05-23T16:04:48","date_gmt":"2023-05-23T12:04:48","guid":{"rendered":"https:\/\/www.meydan.tv\/?p=275831"},"modified":"2023-05-23T16:25:49","modified_gmt":"2023-05-23T12:25:49","slug":"sekide-24-mektebli-zeherlenme-diaqnozu-ile-xestexanaya-aparilib","status":"publish","type":"post","link":"https:\/\/www.meydan.tv\/az\/article\/sekide-24-mektebli-zeherlenme-diaqnozu-ile-xestexanaya-aparilib\/","title":{"rendered":"\u015e\u0259kid\u0259 24 m\u0259kt\u0259bli z\u0259h\u0259rl\u0259nm\u0259 diaqnozu il\u0259 x\u0259st\u0259xanaya apar\u0131l\u0131b"},"content":{"rendered":"\n<p><\/p>\n\n\n\n<p><strong><em>Z\u0259h\u0259rl\u0259n\u0259nl\u0259r aras\u0131nda m\u00fc\u0259lliml\u0259r d\u0259 var<\/em><\/strong><\/p>\n\n\n\n<p>Bu g\u00fcn g\u00fcnorta saatlar\u0131nda \u015e\u0259ki rayonunun Qudula k\u0259nd orta m\u0259kt\u0259binin 24 \u015fagirdi v\u0259 3 m\u00fc\u0259llimi z\u0259h\u0259rl\u0259nm\u0259 diaqnozu il\u0259 x\u0259st\u0259xanaya m\u00fcraci\u0259t edib. K\u0259ndd\u0259n bildiribl\u0259r ki, m\u0259kt\u0259bin binas\u0131nda t\u0259mizlik i\u015fl\u0259ri apar\u0131l\u0131b v\u0259 bundan sonra u\u015faqlarda&nbsp; z\u0259h\u0259rl\u0259nm\u0259 \u0259lam\u0259tl\u0259ri m\u00fc\u015fahid\u0259 edilib.<\/p>\n\n\n\n<p>Daxili \u0130\u015fl\u0259r Nazirliyinin M\u0259tbuat Xidm\u0259tinin \u015e\u0259ki regional qrupundan bildirilib ki,&nbsp; qeyd olunan faktla ba\u011fl\u0131 ara\u015fd\u0131rmalara ba\u015flan\u0131l\u0131b v\u0259 hadis\u0259nin ba\u015fverm\u0259 s\u0259b\u0259bl\u0259ri apar\u0131lan ara\u015fd\u0131rmalardan sonra m\u0259lum olacaq.<\/p>\n\n\n\n<p>X\u0259st\u0259xanaya m\u00fcraci\u0259t ed\u0259n \u015f\u0259xsl\u0259r\u0259 laz\u0131mi tibbi yard\u0131m g\u00f6st\u0259rilib v\u0259 v\u0259ziyy\u0259tl\u0259ri normald\u0131r.<\/p>\n\n\n\n<p>T\u018fB\u0130B-d\u0259n is\u0259 bildirilib ki, \u015e\u0259ki rayonunun Qudula k\u0259nd orta m\u0259kt\u0259bind\u0259 ba\u015f ver\u0259n z\u0259h\u0259rl\u0259nm\u0259 il\u0259 \u0259laq\u0259dar T\u018fB\u0130B-in tabeliyind\u0259ki \u201c113\u201d T\u0259cili v\u0259 T\u0259xir\u0259sal\u0131nmaz Tibbi Yard\u0131m Stansiyas\u0131na m\u00fcraci\u0259t daxil olub, d\u0259rhal h\u0259kim briqadalar\u0131 c\u0259lb edilib.<\/p>\n\n\n\n<p>20 qad\u0131n, 7 ki\u015fi olmaqla 27 n\u0259f\u0259r T\u018fB\u0130B-in tabeliyind\u0259ki \u015e\u0259ki Rayon M\u0259rk\u0259zi X\u0259st\u0259xanas\u0131na yerl\u0259\u015fdirilib.<\/p>\n\n\n\n<p>Haz\u0131rda tibb m\u00fc\u0259ssis\u0259sinin T\u0259cili tibbi yard\u0131m \u015f\u00f6b\u0259sind\u0259 onlara z\u0259ruri tibbi xidm\u0259t g\u00f6st\u0259rilir.<\/p>\n\n\n\n<p>\u015e\u0259ki-Zaqatala Regional T\u0259hsil \u0130dar\u0259si d\u0259 Qudula k\u0259nd orta m\u0259kt\u0259binin 24 \u015fagirdi v\u0259 3 m\u00fc\u0259lliminin z\u0259h\u0259rl\u0259nm\u0259 diaqnozu il\u0259 x\u0259st\u0259xanaya m\u00fcraci\u0259t ed\u0259n \u015f\u0259xsl\u0259r bar\u0259d\u0259 a\u00e7\u0131qlama verib.<\/p>\n\n\n\n<p>\u0130dar\u0259d\u0259n\u00a0 bildirilib ki, \u015e\u0259ki rayon Qudula k\u0259nd orta m\u0259kt\u0259bind\u0259 z\u0259h\u0259rl\u0259nm\u0259 hallar\u0131 qeyd\u0259 al\u0131n\u0131b.<\/p>\n\n\n\n<p>Hadis\u0259d\u0259 z\u0259r\u0259r \u00e7\u0259kmi\u015f b\u00fct\u00fcn \u015fagirdl\u0259r v\u0259 i\u015f\u00e7i hey\u0259t t\u0259cili olaraq \u015e\u0259ki \u015f\u0259h\u0259r M\u0259rk\u0259zi X\u0259st\u0259xanas\u0131na \u00e7atd\u0131r\u0131l\u0131b. Bununla \u0259laq\u0259dar olaraq \u015e\u0259ki-Zaqatala Regional T\u0259hsil \u0130dar\u0259sinin m\u0259sul \u0259m\u0259kda\u015flar\u0131 x\u0259st\u0259xanada u\u015faqlara ba\u015f \u00e7\u0259kmi\u015f v\u0259 prosesi davaml\u0131 olaraq m\u00fc\u015fahid\u0259d\u0259 saxlamaqdad\u0131rlar.<\/p>\n\n\n\n<p>Narahatl\u0131q ke\u00e7irmi\u015f \u015f\u0259xsl\u0259rin sa\u011flaml\u0131q v\u0259ziyy\u0259tinin art\u0131q normal oldu\u011fu, onlar\u0131n tezlikl\u0259 ev\u0259 burax\u0131lacaqlar\u0131 bildirilir.<\/p>\n\n\n\n<p>Qeyd edilib ki, ilkin ara\u015fd\u0131rmalara g\u00f6r\u0259 z\u0259h\u0259rl\u0259nm\u0259y\u0259 m\u0259kt\u0259bd\u0259 may\u0131n 19-da apar\u0131lm\u0131\u015f dezinfeksiya i\u015fi s\u0259b\u0259b olub:<\/p>\n\n\n\n<p>\u201c<em>Bel\u0259 ki, may\u0131n 23-d\u0259 hava temperaturunun y\u00fcks\u0259k olmas\u0131 m\u0259kt\u0259bin inzibati binas\u0131n\u0131n zirz\u0259mi qat\u0131na s\u0259pilmi\u015f dezinfeksiya madd\u0259l\u0259rinin buxarlanaraq z\u0259h\u0259rl\u0259nm\u0259ni yaratd\u0131\u011f\u0131 ehtimal edilir. Hadis\u0259 haqq\u0131nda \u0259lav\u0259 m\u0259lumat veril\u0259c\u0259k\u201d.<\/em><\/p>\n","protected":false},"excerpt":{"rendered":"<p>Z\u0259h\u0259rl\u0259n\u0259nl\u0259r aras\u0131nda m\u00fc\u0259lliml\u0259r d\u0259 var Bu g\u00fcn g\u00fcnorta saatlar\u0131nda \u015e\u0259ki &#8230; <\/p>\n<p class=\"read-more-container\"><a title=\"\u015e\u0259kid\u0259 24 m\u0259kt\u0259bli z\u0259h\u0259rl\u0259nm\u0259 diaqnozu il\u0259 x\u0259st\u0259xanaya apar\u0131l\u0131b\" class=\"read-more button\" href=\"https:\/\/www.meydan.tv\/az\/article\/sekide-24-mektebli-zeherlenme-diaqnozu-ile-xestexanaya-aparilib\/#more-275831\" aria-label=\"Read more about \u015e\u0259kid\u0259 24 m\u0259kt\u0259bli z\u0259h\u0259rl\u0259nm\u0259 diaqnozu il\u0259 x\u0259st\u0259xanaya apar\u0131l\u0131b\">Davam\u0131<\/a><\/p>\n","protected":false},"author":8,"featured_media":251246,"comment_status":"closed","ping_status":"closed","sticky":false,"template":"","format":"standard","meta":{"_acf_changed":false,"_sitemap_exclude":false,"_sitemap_priority":"","_sitemap_frequency":"","footnotes":""},"categories":[60,56],"tags":[],"class_list":["post-275831","post","type-post","status-publish","format-standard","has-post-thumbnail","hentry","category-bolge","category-xeberler","infinite-scroll-item","generate-columns","tablet-grid-50","mobile-grid-100","grid-parent","grid-33","no-featured-image-padding"],"acf":[],"yoast_head":"<!-- This site is optimized with the Yoast SEO plugin v27.5 - https:\/\/yoast.com\/product\/yoast-seo-wordpress\/ -->\n<title>\u015e\u0259kid\u0259 24 m\u0259kt\u0259bli z\u0259h\u0259rl\u0259nm\u0259 diaqnozu il\u0259 x\u0259st\u0259xanaya apar\u0131l\u0131b - MEYDAN.TV<\/title>\n<meta name=\"robots\" content=\"index, follow, max-snippet:-1, max-image-preview:large, max-video-preview:-1\" \/>\n<link rel=\"canonical\" href=\"https:\/\/www.meydan.tv\/az\/article\/sekide-24-mektebli-zeherlenme-diaqnozu-ile-xestexanaya-aparilib\/\" \/>\n<meta property=\"og:locale\" content=\"az_AZ\" \/>\n<meta property=\"og:type\" content=\"article\" \/>\n<meta property=\"og:title\" content=\"\u015e\u0259kid\u0259 24 m\u0259kt\u0259bli z\u0259h\u0259rl\u0259nm\u0259 diaqnozu il\u0259 x\u0259st\u0259xanaya apar\u0131l\u0131b - MEYDAN.TV\" \/>\n<meta property=\"og:description\" content=\"Z\u0259h\u0259rl\u0259n\u0259nl\u0259r aras\u0131nda m\u00fc\u0259lliml\u0259r d\u0259 var Bu g\u00fcn g\u00fcnorta saatlar\u0131nda \u015e\u0259ki ... Davam\u0131\" \/>\n<meta property=\"og:url\" content=\"https:\/\/www.meydan.tv\/az\/article\/sekide-24-mektebli-zeherlenme-diaqnozu-ile-xestexanaya-aparilib\/\" \/>\n<meta property=\"og:site_name\" content=\"MEYDAN.TV\" \/>\n<meta property=\"article:published_time\" content=\"2023-05-23T12:04:48+00:00\" \/>\n<meta property=\"article:modified_time\" content=\"2023-05-23T12:25:49+00:00\" \/>\n<meta property=\"og:image\" content=\"https:\/\/www.meydan.tv\/wp-content\/uploads\/15790841205126844399_1200x630.jpg\" \/>\n\t<meta property=\"og:image:width\" content=\"1200\" \/>\n\t<meta property=\"og:image:height\" content=\"819\" \/>\n\t<meta property=\"og:image:type\" content=\"image\/jpeg\" \/>\n<meta name=\"author\" content=\"elli\" \/>\n<meta name=\"twitter:card\" content=\"summary_large_image\" \/>\n<meta name=\"twitter:creator\" content=\"@elli\" \/>\n<script type=\"application\/ld+json\" class=\"yoast-schema-graph\">{\"@context\":\"https:\\\/\\\/schema.org\",\"@graph\":[{\"@type\":\"Article\",\"@id\":\"https:\\\/\\\/www.meydan.tv\\\/az\\\/article\\\/sekide-24-mektebli-zeherlenme-diaqnozu-ile-xestexanaya-aparilib\\\/#article\",\"isPartOf\":{\"@id\":\"https:\\\/\\\/www.meydan.tv\\\/az\\\/article\\\/sekide-24-mektebli-zeherlenme-diaqnozu-ile-xestexanaya-aparilib\\\/\"},\"author\":{\"name\":\"elli\",\"@id\":\"https:\\\/\\\/www.meydan.tv\\\/az\\\/#\\\/schema\\\/person\\\/9cdbecf90d17180ce1dfbd95b08dcf47\"},\"headline\":\"\u015e\u0259kid\u0259 24 m\u0259kt\u0259bli z\u0259h\u0259rl\u0259nm\u0259 diaqnozu il\u0259 x\u0259st\u0259xanaya apar\u0131l\u0131b\",\"datePublished\":\"2023-05-23T12:04:48+00:00\",\"dateModified\":\"2023-05-23T12:25:49+00:00\",\"mainEntityOfPage\":{\"@id\":\"https:\\\/\\\/www.meydan.tv\\\/az\\\/article\\\/sekide-24-mektebli-zeherlenme-diaqnozu-ile-xestexanaya-aparilib\\\/\"},\"wordCount\":493,\"publisher\":{\"@id\":\"https:\\\/\\\/www.meydan.tv\\\/az\\\/#organization\"},\"image\":{\"@id\":\"https:\\\/\\\/www.meydan.tv\\\/az\\\/article\\\/sekide-24-mektebli-zeherlenme-diaqnozu-ile-xestexanaya-aparilib\\\/#primaryimage\"},\"thumbnailUrl\":\"https:\\\/\\\/www.meydan.tv\\\/wp-content\\\/uploads\\\/15790841205126844399_1200x630.jpg\",\"articleSection\":[\"B\u00f6lg\u0259\",\"X\u0259b\u0259rl\u0259r\"],\"inLanguage\":\"az\"},{\"@type\":\"WebPage\",\"@id\":\"https:\\\/\\\/www.meydan.tv\\\/az\\\/article\\\/sekide-24-mektebli-zeherlenme-diaqnozu-ile-xestexanaya-aparilib\\\/\",\"url\":\"https:\\\/\\\/www.meydan.tv\\\/az\\\/article\\\/sekide-24-mektebli-zeherlenme-diaqnozu-ile-xestexanaya-aparilib\\\/\",\"name\":\"\u015e\u0259kid\u0259 24 m\u0259kt\u0259bli z\u0259h\u0259rl\u0259nm\u0259 diaqnozu il\u0259 x\u0259st\u0259xanaya apar\u0131l\u0131b - MEYDAN.TV\",\"isPartOf\":{\"@id\":\"https:\\\/\\\/www.meydan.tv\\\/az\\\/#website\"},\"primaryImageOfPage\":{\"@id\":\"https:\\\/\\\/www.meydan.tv\\\/az\\\/article\\\/sekide-24-mektebli-zeherlenme-diaqnozu-ile-xestexanaya-aparilib\\\/#primaryimage\"},\"image\":{\"@id\":\"https:\\\/\\\/www.meydan.tv\\\/az\\\/article\\\/sekide-24-mektebli-zeherlenme-diaqnozu-ile-xestexanaya-aparilib\\\/#primaryimage\"},\"thumbnailUrl\":\"https:\\\/\\\/www.meydan.tv\\\/wp-content\\\/uploads\\\/15790841205126844399_1200x630.jpg\",\"datePublished\":\"2023-05-23T12:04:48+00:00\",\"dateModified\":\"2023-05-23T12:25:49+00:00\",\"breadcrumb\":{\"@id\":\"https:\\\/\\\/www.meydan.tv\\\/az\\\/article\\\/sekide-24-mektebli-zeherlenme-diaqnozu-ile-xestexanaya-aparilib\\\/#breadcrumb\"},\"inLanguage\":\"az\",\"potentialAction\":[{\"@type\":\"ReadAction\",\"target\":[\"https:\\\/\\\/www.meydan.tv\\\/az\\\/article\\\/sekide-24-mektebli-zeherlenme-diaqnozu-ile-xestexanaya-aparilib\\\/\"]}]},{\"@type\":\"ImageObject\",\"inLanguage\":\"az\",\"@id\":\"https:\\\/\\\/www.meydan.tv\\\/az\\\/article\\\/sekide-24-mektebli-zeherlenme-diaqnozu-ile-xestexanaya-aparilib\\\/#primaryimage\",\"url\":\"https:\\\/\\\/www.meydan.tv\\\/wp-content\\\/uploads\\\/15790841205126844399_1200x630.jpg\",\"contentUrl\":\"https:\\\/\\\/www.meydan.tv\\\/wp-content\\\/uploads\\\/15790841205126844399_1200x630.jpg\",\"width\":1200,\"height\":819,\"caption\":\"\u015e\u0259ki Rayon M\u0259rk\u0259zi X\u0259st\u0259xanas\u0131. Foto: Az\u0259rtac\"},{\"@type\":\"BreadcrumbList\",\"@id\":\"https:\\\/\\\/www.meydan.tv\\\/az\\\/article\\\/sekide-24-mektebli-zeherlenme-diaqnozu-ile-xestexanaya-aparilib\\\/#breadcrumb\",\"itemListElement\":[{\"@type\":\"ListItem\",\"position\":1,\"name\":\"Ana s\u0259hif\u0259\",\"item\":\"https:\\\/\\\/www.meydan.tv\\\/az\\\/\"},{\"@type\":\"ListItem\",\"position\":2,\"name\":\"B\u00f6lg\u0259\",\"item\":\"https:\\\/\\\/www.meydan.tv\\\/az\\\/section\\\/bolge\\\/\"},{\"@type\":\"ListItem\",\"position\":3,\"name\":\"\u015e\u0259kid\u0259 24 m\u0259kt\u0259bli z\u0259h\u0259rl\u0259nm\u0259 diaqnozu il\u0259 x\u0259st\u0259xanaya apar\u0131l\u0131b\"}]},{\"@type\":\"WebSite\",\"@id\":\"https:\\\/\\\/www.meydan.tv\\\/az\\\/#website\",\"url\":\"https:\\\/\\\/www.meydan.tv\\\/az\\\/\",\"name\":\"MEYDAN.TV\",\"description\":\"Meydan TV Az\u0259rbaycan\u0131n media m\u0259kan\u0131ndak\u0131 alternativ s\u0259sidir\",\"publisher\":{\"@id\":\"https:\\\/\\\/www.meydan.tv\\\/az\\\/#organization\"},\"potentialAction\":[{\"@type\":\"SearchAction\",\"target\":{\"@type\":\"EntryPoint\",\"urlTemplate\":\"https:\\\/\\\/www.meydan.tv\\\/az\\\/?s={search_term_string}\"},\"query-input\":{\"@type\":\"PropertyValueSpecification\",\"valueRequired\":true,\"valueName\":\"search_term_string\"}}],\"inLanguage\":\"az\"},{\"@type\":\"Organization\",\"@id\":\"https:\\\/\\\/www.meydan.tv\\\/az\\\/#organization\",\"name\":\"Meydan TV\",\"url\":\"https:\\\/\\\/www.meydan.tv\\\/az\\\/\",\"logo\":{\"@type\":\"ImageObject\",\"inLanguage\":\"az\",\"@id\":\"https:\\\/\\\/www.meydan.tv\\\/az\\\/#\\\/schema\\\/logo\\\/image\\\/\",\"url\":\"https:\\\/\\\/www.meydan.tv\\\/wp-content\\\/uploads\\\/2021\\\/07\\\/meydan-logo.svg\",\"contentUrl\":\"https:\\\/\\\/www.meydan.tv\\\/wp-content\\\/uploads\\\/2021\\\/07\\\/meydan-logo.svg\",\"width\":195,\"height\":46,\"caption\":\"Meydan TV\"},\"image\":{\"@id\":\"https:\\\/\\\/www.meydan.tv\\\/az\\\/#\\\/schema\\\/logo\\\/image\\\/\"}},{\"@type\":\"Person\",\"@id\":\"https:\\\/\\\/www.meydan.tv\\\/az\\\/#\\\/schema\\\/person\\\/9cdbecf90d17180ce1dfbd95b08dcf47\",\"name\":\"elli\",\"sameAs\":[\"https:\\\/\\\/x.com\\\/elli\"]}]}<\/script>\n<!-- \/ Yoast SEO plugin. -->","yoast_head_json":{"title":"\u015e\u0259kid\u0259 24 m\u0259kt\u0259bli z\u0259h\u0259rl\u0259nm\u0259 diaqnozu il\u0259 x\u0259st\u0259xanaya apar\u0131l\u0131b - MEYDAN.TV","robots":{"index":"index","follow":"follow","max-snippet":"max-snippet:-1","max-image-preview":"max-image-preview:large","max-video-preview":"max-video-preview:-1"},"canonical":"https:\/\/www.meydan.tv\/az\/article\/sekide-24-mektebli-zeherlenme-diaqnozu-ile-xestexanaya-aparilib\/","og_locale":"az_AZ","og_type":"article","og_title":"\u015e\u0259kid\u0259 24 m\u0259kt\u0259bli z\u0259h\u0259rl\u0259nm\u0259 diaqnozu il\u0259 x\u0259st\u0259xanaya apar\u0131l\u0131b - MEYDAN.TV","og_description":"Z\u0259h\u0259rl\u0259n\u0259nl\u0259r aras\u0131nda m\u00fc\u0259lliml\u0259r d\u0259 var Bu g\u00fcn g\u00fcnorta saatlar\u0131nda \u015e\u0259ki ... Davam\u0131","og_url":"https:\/\/www.meydan.tv\/az\/article\/sekide-24-mektebli-zeherlenme-diaqnozu-ile-xestexanaya-aparilib\/","og_site_name":"MEYDAN.TV","article_published_time":"2023-05-23T12:04:48+00:00","article_modified_time":"2023-05-23T12:25:49+00:00","og_image":[{"width":1200,"height":819,"url":"https:\/\/www.meydan.tv\/wp-content\/uploads\/15790841205126844399_1200x630.jpg","type":"image\/jpeg"}],"author":"elli","twitter_card":"summary_large_image","twitter_creator":"@elli","schema":{"@context":"https:\/\/schema.org","@graph":[{"@type":"Article","@id":"https:\/\/www.meydan.tv\/az\/article\/sekide-24-mektebli-zeherlenme-diaqnozu-ile-xestexanaya-aparilib\/#article","isPartOf":{"@id":"https:\/\/www.meydan.tv\/az\/article\/sekide-24-mektebli-zeherlenme-diaqnozu-ile-xestexanaya-aparilib\/"},"author":{"name":"elli","@id":"https:\/\/www.meydan.tv\/az\/#\/schema\/person\/9cdbecf90d17180ce1dfbd95b08dcf47"},"headline":"\u015e\u0259kid\u0259 24 m\u0259kt\u0259bli z\u0259h\u0259rl\u0259nm\u0259 diaqnozu il\u0259 x\u0259st\u0259xanaya apar\u0131l\u0131b","datePublished":"2023-05-23T12:04:48+00:00","dateModified":"2023-05-23T12:25:49+00:00","mainEntityOfPage":{"@id":"https:\/\/www.meydan.tv\/az\/article\/sekide-24-mektebli-zeherlenme-diaqnozu-ile-xestexanaya-aparilib\/"},"wordCount":493,"publisher":{"@id":"https:\/\/www.meydan.tv\/az\/#organization"},"image":{"@id":"https:\/\/www.meydan.tv\/az\/article\/sekide-24-mektebli-zeherlenme-diaqnozu-ile-xestexanaya-aparilib\/#primaryimage"},"thumbnailUrl":"https:\/\/www.meydan.tv\/wp-content\/uploads\/15790841205126844399_1200x630.jpg","articleSection":["B\u00f6lg\u0259","X\u0259b\u0259rl\u0259r"],"inLanguage":"az"},{"@type":"WebPage","@id":"https:\/\/www.meydan.tv\/az\/article\/sekide-24-mektebli-zeherlenme-diaqnozu-ile-xestexanaya-aparilib\/","url":"https:\/\/www.meydan.tv\/az\/article\/sekide-24-mektebli-zeherlenme-diaqnozu-ile-xestexanaya-aparilib\/","name":"\u015e\u0259kid\u0259 24 m\u0259kt\u0259bli z\u0259h\u0259rl\u0259nm\u0259 diaqnozu il\u0259 x\u0259st\u0259xanaya apar\u0131l\u0131b - MEYDAN.TV","isPartOf":{"@id":"https:\/\/www.meydan.tv\/az\/#website"},"primaryImageOfPage":{"@id":"https:\/\/www.meydan.tv\/az\/article\/sekide-24-mektebli-zeherlenme-diaqnozu-ile-xestexanaya-aparilib\/#primaryimage"},"image":{"@id":"https:\/\/www.meydan.tv\/az\/article\/sekide-24-mektebli-zeherlenme-diaqnozu-ile-xestexanaya-aparilib\/#primaryimage"},"thumbnailUrl":"https:\/\/www.meydan.tv\/wp-content\/uploads\/15790841205126844399_1200x630.jpg","datePublished":"2023-05-23T12:04:48+00:00","dateModified":"2023-05-23T12:25:49+00:00","breadcrumb":{"@id":"https:\/\/www.meydan.tv\/az\/article\/sekide-24-mektebli-zeherlenme-diaqnozu-ile-xestexanaya-aparilib\/#breadcrumb"},"inLanguage":"az","potentialAction":[{"@type":"ReadAction","target":["https:\/\/www.meydan.tv\/az\/article\/sekide-24-mektebli-zeherlenme-diaqnozu-ile-xestexanaya-aparilib\/"]}]},{"@type":"ImageObject","inLanguage":"az","@id":"https:\/\/www.meydan.tv\/az\/article\/sekide-24-mektebli-zeherlenme-diaqnozu-ile-xestexanaya-aparilib\/#primaryimage","url":"https:\/\/www.meydan.tv\/wp-content\/uploads\/15790841205126844399_1200x630.jpg","contentUrl":"https:\/\/www.meydan.tv\/wp-content\/uploads\/15790841205126844399_1200x630.jpg","width":1200,"height":819,"caption":"\u015e\u0259ki Rayon M\u0259rk\u0259zi X\u0259st\u0259xanas\u0131. Foto: Az\u0259rtac"},{"@type":"BreadcrumbList","@id":"https:\/\/www.meydan.tv\/az\/article\/sekide-24-mektebli-zeherlenme-diaqnozu-ile-xestexanaya-aparilib\/#breadcrumb","itemListElement":[{"@type":"ListItem","position":1,"name":"Ana s\u0259hif\u0259","item":"https:\/\/www.meydan.tv\/az\/"},{"@type":"ListItem","position":2,"name":"B\u00f6lg\u0259","item":"https:\/\/www.meydan.tv\/az\/section\/bolge\/"},{"@type":"ListItem","position":3,"name":"\u015e\u0259kid\u0259 24 m\u0259kt\u0259bli z\u0259h\u0259rl\u0259nm\u0259 diaqnozu il\u0259 x\u0259st\u0259xanaya apar\u0131l\u0131b"}]},{"@type":"WebSite","@id":"https:\/\/www.meydan.tv\/az\/#website","url":"https:\/\/www.meydan.tv\/az\/","name":"MEYDAN.TV","description":"Meydan TV Az\u0259rbaycan\u0131n media m\u0259kan\u0131ndak\u0131 alternativ s\u0259sidir","publisher":{"@id":"https:\/\/www.meydan.tv\/az\/#organization"},"potentialAction":[{"@type":"SearchAction","target":{"@type":"EntryPoint","urlTemplate":"https:\/\/www.meydan.tv\/az\/?s={search_term_string}"},"query-input":{"@type":"PropertyValueSpecification","valueRequired":true,"valueName":"search_term_string"}}],"inLanguage":"az"},{"@type":"Organization","@id":"https:\/\/www.meydan.tv\/az\/#organization","name":"Meydan TV","url":"https:\/\/www.meydan.tv\/az\/","logo":{"@type":"ImageObject","inLanguage":"az","@id":"https:\/\/www.meydan.tv\/az\/#\/schema\/logo\/image\/","url":"https:\/\/www.meydan.tv\/wp-content\/uploads\/2021\/07\/meydan-logo.svg","contentUrl":"https:\/\/www.meydan.tv\/wp-content\/uploads\/2021\/07\/meydan-logo.svg","width":195,"height":46,"caption":"Meydan TV"},"image":{"@id":"https:\/\/www.meydan.tv\/az\/#\/schema\/logo\/image\/"}},{"@type":"Person","@id":"https:\/\/www.meydan.tv\/az\/#\/schema\/person\/9cdbecf90d17180ce1dfbd95b08dcf47","name":"elli","sameAs":["https:\/\/x.com\/elli"]}]}},"_links":{"self":[{"href":"https:\/\/www.meydan.tv\/az\/wp-json\/wp\/v2\/posts\/275831","targetHints":{"allow":["GET"]}}],"collection":[{"href":"https:\/\/www.meydan.tv\/az\/wp-json\/wp\/v2\/posts"}],"about":[{"href":"https:\/\/www.meydan.tv\/az\/wp-json\/wp\/v2\/types\/post"}],"author":[{"embeddable":true,"href":"https:\/\/www.meydan.tv\/az\/wp-json\/wp\/v2\/users\/8"}],"replies":[{"embeddable":true,"href":"https:\/\/www.meydan.tv\/az\/wp-json\/wp\/v2\/comments?post=275831"}],"version-history":[{"count":3,"href":"https:\/\/www.meydan.tv\/az\/wp-json\/wp\/v2\/posts\/275831\/revisions"}],"predecessor-version":[{"id":275839,"href":"https:\/\/www.meydan.tv\/az\/wp-json\/wp\/v2\/posts\/275831\/revisions\/275839"}],"wp:featuredmedia":[{"embeddable":true,"href":"https:\/\/www.meydan.tv\/az\/wp-json\/wp\/v2\/media\/251246"}],"wp:attachment":[{"href":"https:\/\/www.meydan.tv\/az\/wp-json\/wp\/v2\/media?parent=275831"}],"wp:term":[{"taxonomy":"category","embeddable":true,"href":"https:\/\/www.meydan.tv\/az\/wp-json\/wp\/v2\/categories?post=275831"},{"taxonomy":"post_tag","embeddable":true,"href":"https:\/\/www.meydan.tv\/az\/wp-json\/wp\/v2\/tags?post=275831"}],"curies":[{"name":"wp","href":"https:\/\/api.w.org\/{rel}","templated":true}]}}