{"id":275705,"date":"2023-05-23T12:19:01","date_gmt":"2023-05-23T08:19:01","guid":{"rendered":"https:\/\/www.meydan.tv\/?p=275705"},"modified":"2023-05-23T12:19:07","modified_gmt":"2023-05-23T08:19:07","slug":"40-aile-jurnaliste-gore-prezidente-muraciet-edib","status":"publish","type":"post","link":"https:\/\/www.meydan.tv\/az\/article\/40-aile-jurnaliste-gore-prezidente-muraciet-edib\/","title":{"rendered":"40 ail\u0259 jurnalist\u0259 g\u00f6r\u0259 prezident\u0259 m\u00fcraci\u0259t edib"},"content":{"rendered":"\n<p><\/p>\n\n\n\n<p><strong><em>Sakinl\u0259r C\u0259mil M\u0259mm\u0259dliy\u0259 qar\u015f\u0131 t\u0259zyiql\u0259r\u0259 son qoyulmas\u0131n\u0131 xahi\u015f edirl\u0259r<\/em><\/strong><\/p>\n\n\n\n<p>Xa\u00e7maz\u0131n Xudat k\u0259ndind\u0259n 40 ail\u0259 jurnalist C\u0259mil M\u0259mm\u0259dliy\u0259 basq\u0131larla ba\u011fl\u0131 Az\u0259rbaycan Prezidenti \u0130lham \u018fliyev\u0259 v\u0259 I Vitse-prezident Mehriban \u018fliyevaya m\u00fcraci\u0259t edib.<\/p>\n\n\n\n<p>Onlar jurnalist\u0259 qar\u015f\u0131 t\u0259zyiql\u0259r\u0259 son qoyulmas\u0131 \u00fc\u00e7\u00fcn \u00f6lk\u0259 r\u0259hb\u0259rliyind\u0259n k\u00f6m\u0259k ist\u0259yibl\u0259r.<\/p>\n\n\n\n<p>M\u00fcraci\u0259t \u0130lham \u018fliyevin \u201cxo\u015fag\u0259lm\u0259z, neqativ, qanunlara zidd hallarla qar\u015f\u0131la\u015fd\u0131\u011f\u0131n\u0131z zaman bu haqda m\u0259n\u0259 m\u0259lumat verin. Bel\u0259 hallara qar\u015f\u0131 s\u0259rt m\u00fcbariz\u0259 apar\u0131lacaqd\u0131r\u201d c\u00fcml\u0259l\u0259ri il\u0259 ba\u015flay\u0131r.<\/p>\n\n\n\n<p>Ail\u0259 ba\u015f\u00e7\u0131lar\u0131 bildirirl\u0259r ki, jurnalist C\u0259mil M\u0259mm\u0259dli Xa\u00e7maz rayonunda v\u0259 \u00fcmumilikd\u0259 regionda ba\u015f ver\u0259n qanunsuzluqlar\u0131, neqativ, xo\u015fag\u0259lm\u0259z hallar\u0131 i\u015f\u0131qland\u0131r\u0131r:<\/p>\n\n\n\n<p><em>&#8220;Xa\u00e7mazda, el\u0259c\u0259 d\u0259 rayonun k\u0259ndl\u0259rind\u0259 bir n\u0259f\u0259r tap\u0131lmaz ki, jurnalist\u0259 qar\u015f\u0131 m\u0259nfi fikird\u0259 olsun. Bir s\u00f6zl\u0259 o, \u00e7\u0259tinliyi olan h\u0259r bir rayon sakinin\u0259 d\u0259st\u0259k g\u00f6st\u0259rm\u0259y\u0259 \u00e7al\u0131\u015f\u0131r. Son zamanlar C\u0259mil M\u0259mm\u0259dliy\u0259 qar\u015f\u0131 \u015fantaj xarakterli \u0259m\u0259ll\u0259r\u0259 yol verilir&#8221;.<\/em><\/p>\n\n\n\n<figure class=\"wp-block-image size-large is-resized\"><img decoding=\"async\" data-src=\"https:\/\/www.meydan.tv\/wp-content\/uploads\/9115732b-d9d9-4f5b-9ead-109bf3338ff7-616x821.jpg\" alt=\"\" class=\"wp-image-275702 lazyload\" width=\"802\" height=\"1069\" src=\"data:image\/svg+xml;base64,PHN2ZyB3aWR0aD0iMSIgaGVpZ2h0PSIxIiB4bWxucz0iaHR0cDovL3d3dy53My5vcmcvMjAwMC9zdmciPjwvc3ZnPg==\" style=\"--smush-placeholder-width: 802px; --smush-placeholder-aspect-ratio: 802\/1069;\" \/><\/figure>\n\n\n\n<p>Jurnalistin daim pe\u015f\u0259 f\u0259aliyy\u0259tini yerin\u0259 yetirdiyini, h\u0259r hans\u0131 qanunsuz \u0259m\u0259l\u0259 yol verm\u0259diyini, ona qar\u015f\u0131 t\u0259zyiql\u0259rin d\u0259 m\u0259hz bundan qaynaqland\u0131\u011f\u0131n\u0131 vur\u011fulayan sakinl\u0259r \u00f6lk\u0259 r\u0259hb\u0259rliyind\u0259n C\u0259mil M\u0259mm\u0259dliy\u0259 qar\u015f\u0131 t\u0259zyiql\u0259rin qar\u015f\u0131s\u0131nan al\u0131nmas\u0131nda k\u00f6m\u0259k g\u00f6st\u0259rm\u0259sini xahi\u015f edibl\u0259r.<\/p>\n\n\n\n<p>C\u0259mil M\u0259mm\u0259dli \u015fimal rayonlar\u0131nda f\u0259aliyy\u0259t g\u00f6st\u0259r\u0259n jurnalistdir.<\/p>\n\n\n\n<p>\u018fvv\u0259ll\u0259r &#8220;Azadl\u0131q&#8221; Radiosunun \u0259m\u0259kda\u015f\u0131 olan jurnalist haz\u0131rda m\u00fcst\u0259qil f\u0259aliyy\u0259t g\u00f6st\u0259rir.<\/p>\n\n\n\n<p>O, bir m\u00fcdd\u0259t \u0259vv\u0259l Quba rayon icra hakimiyy\u0259tinin ba\u015f\u00e7\u0131s\u0131n\u0131n \u015fikay\u0259ti \u00fczr\u0259 t\u0259hqir\u0259 g\u00f6r\u0259 islah i\u015fl\u0259ri c\u0259zas\u0131na m\u0259hkum olunub.<\/p>\n\n\n\n<p>2023-c\u00fc ilin \u0259vv\u0259lind\u0259 is\u0259 ona qar\u015f\u0131 b\u00f6htan v\u0259 t\u0259hqir ittiham\u0131 il\u0259 bir ne\u00e7\u0259 m\u0259hk\u0259m\u0259 i\u015fi ba\u015flay\u0131b.<\/p>\n\n\n\n<p>Jurnalist\u0259 h\u0259m\u00e7inin xuliqanl\u0131\u011fa g\u00f6r\u0259 cinay\u0259t i\u015fi a\u00e7\u0131l\u0131b.<\/p>\n\n\n\n<p>Jurnalist b\u00fct\u00fcn ittihamlar\u0131 r\u0259dd edir, b\u00fct\u00fcn t\u0259zyiql\u0259rin onu susdurma\u011fa, s\u0131radan \u00e7\u0131xarma\u011fa xidm\u0259t etdiyini <a href=\"https:\/\/storage.googleapis.com\/qurium\/www.meydan.tv\/az-article-bolge-muxbiri-cemil-memmedli-saxlanilib.html\" target=\"_blank\" rel=\"noreferrer noopener\">bildirir.<\/a><\/p>\n\n\n\n<figure class=\"wp-block-image size-large is-resized\"><img decoding=\"async\" data-src=\"https:\/\/www.meydan.tv\/wp-content\/uploads\/0b047069-50c7-4246-8cb2-584f0c0c32cc-616x821.jpg\" alt=\"\" class=\"wp-image-275699 lazyload\" width=\"800\" height=\"1066\" src=\"data:image\/svg+xml;base64,PHN2ZyB3aWR0aD0iMSIgaGVpZ2h0PSIxIiB4bWxucz0iaHR0cDovL3d3dy53My5vcmcvMjAwMC9zdmciPjwvc3ZnPg==\" style=\"--smush-placeholder-width: 800px; --smush-placeholder-aspect-ratio: 800\/1066;\" \/><\/figure>\n","protected":false},"excerpt":{"rendered":"<p>Sakinl\u0259r C\u0259mil M\u0259mm\u0259dliy\u0259 qar\u015f\u0131 t\u0259zyiql\u0259r\u0259 son qoyulmas\u0131n\u0131 xahi\u015f edirl\u0259r Xa\u00e7maz\u0131n &#8230; <\/p>\n<p class=\"read-more-container\"><a title=\"40 ail\u0259 jurnalist\u0259 g\u00f6r\u0259 prezident\u0259 m\u00fcraci\u0259t edib\" class=\"read-more button\" href=\"https:\/\/www.meydan.tv\/az\/article\/40-aile-jurnaliste-gore-prezidente-muraciet-edib\/#more-275705\" aria-label=\"Read more about 40 ail\u0259 jurnalist\u0259 g\u00f6r\u0259 prezident\u0259 m\u00fcraci\u0259t edib\">Davam\u0131<\/a><\/p>\n","protected":false},"author":8,"featured_media":245436,"comment_status":"closed","ping_status":"closed","sticky":false,"template":"","format":"standard","meta":{"_acf_changed":false,"_sitemap_exclude":false,"_sitemap_priority":"","_sitemap_frequency":"","footnotes":""},"categories":[60,56],"tags":[],"class_list":["post-275705","post","type-post","status-publish","format-standard","has-post-thumbnail","hentry","category-bolge","category-xeberler","infinite-scroll-item","generate-columns","tablet-grid-50","mobile-grid-100","grid-parent","grid-33","no-featured-image-padding"],"acf":[],"yoast_head":"<!-- This site is optimized with the Yoast SEO plugin v27.5 - https:\/\/yoast.com\/product\/yoast-seo-wordpress\/ -->\n<title>40 ail\u0259 jurnalist\u0259 g\u00f6r\u0259 prezident\u0259 m\u00fcraci\u0259t edib - MEYDAN.TV<\/title>\n<meta name=\"robots\" content=\"index, follow, max-snippet:-1, max-image-preview:large, max-video-preview:-1\" \/>\n<link rel=\"canonical\" href=\"https:\/\/www.meydan.tv\/az\/article\/40-aile-jurnaliste-gore-prezidente-muraciet-edib\/\" \/>\n<meta property=\"og:locale\" content=\"az_AZ\" \/>\n<meta property=\"og:type\" content=\"article\" \/>\n<meta property=\"og:title\" content=\"40 ail\u0259 jurnalist\u0259 g\u00f6r\u0259 prezident\u0259 m\u00fcraci\u0259t edib - MEYDAN.TV\" \/>\n<meta property=\"og:description\" content=\"Sakinl\u0259r C\u0259mil M\u0259mm\u0259dliy\u0259 qar\u015f\u0131 t\u0259zyiql\u0259r\u0259 son qoyulmas\u0131n\u0131 xahi\u015f edirl\u0259r Xa\u00e7maz\u0131n ... Davam\u0131\" \/>\n<meta property=\"og:url\" content=\"https:\/\/www.meydan.tv\/az\/article\/40-aile-jurnaliste-gore-prezidente-muraciet-edib\/\" \/>\n<meta property=\"og:site_name\" content=\"MEYDAN.TV\" \/>\n<meta property=\"article:published_time\" content=\"2023-05-23T08:19:01+00:00\" \/>\n<meta property=\"article:modified_time\" content=\"2023-05-23T08:19:07+00:00\" \/>\n<meta property=\"og:image\" content=\"https:\/\/www.meydan.tv\/wp-content\/uploads\/untitled-design-2-26-e1652791597335.jpg\" \/>\n\t<meta property=\"og:image:width\" content=\"1200\" \/>\n\t<meta property=\"og:image:height\" content=\"708\" \/>\n\t<meta property=\"og:image:type\" content=\"image\/jpeg\" \/>\n<meta name=\"author\" content=\"elli\" \/>\n<meta name=\"twitter:card\" content=\"summary_large_image\" \/>\n<meta name=\"twitter:creator\" content=\"@elli\" \/>\n<script type=\"application\/ld+json\" class=\"yoast-schema-graph\">{\"@context\":\"https:\\\/\\\/schema.org\",\"@graph\":[{\"@type\":\"Article\",\"@id\":\"https:\\\/\\\/www.meydan.tv\\\/az\\\/article\\\/40-aile-jurnaliste-gore-prezidente-muraciet-edib\\\/#article\",\"isPartOf\":{\"@id\":\"https:\\\/\\\/www.meydan.tv\\\/az\\\/article\\\/40-aile-jurnaliste-gore-prezidente-muraciet-edib\\\/\"},\"author\":{\"name\":\"elli\",\"@id\":\"https:\\\/\\\/www.meydan.tv\\\/az\\\/#\\\/schema\\\/person\\\/9cdbecf90d17180ce1dfbd95b08dcf47\"},\"headline\":\"40 ail\u0259 jurnalist\u0259 g\u00f6r\u0259 prezident\u0259 m\u00fcraci\u0259t edib\",\"datePublished\":\"2023-05-23T08:19:01+00:00\",\"dateModified\":\"2023-05-23T08:19:07+00:00\",\"mainEntityOfPage\":{\"@id\":\"https:\\\/\\\/www.meydan.tv\\\/az\\\/article\\\/40-aile-jurnaliste-gore-prezidente-muraciet-edib\\\/\"},\"wordCount\":407,\"publisher\":{\"@id\":\"https:\\\/\\\/www.meydan.tv\\\/az\\\/#organization\"},\"image\":{\"@id\":\"https:\\\/\\\/www.meydan.tv\\\/az\\\/article\\\/40-aile-jurnaliste-gore-prezidente-muraciet-edib\\\/#primaryimage\"},\"thumbnailUrl\":\"https:\\\/\\\/www.meydan.tv\\\/wp-content\\\/uploads\\\/untitled-design-2-26-e1652791597335.jpg\",\"articleSection\":[\"B\u00f6lg\u0259\",\"X\u0259b\u0259rl\u0259r\"],\"inLanguage\":\"az\"},{\"@type\":\"WebPage\",\"@id\":\"https:\\\/\\\/www.meydan.tv\\\/az\\\/article\\\/40-aile-jurnaliste-gore-prezidente-muraciet-edib\\\/\",\"url\":\"https:\\\/\\\/www.meydan.tv\\\/az\\\/article\\\/40-aile-jurnaliste-gore-prezidente-muraciet-edib\\\/\",\"name\":\"40 ail\u0259 jurnalist\u0259 g\u00f6r\u0259 prezident\u0259 m\u00fcraci\u0259t edib - MEYDAN.TV\",\"isPartOf\":{\"@id\":\"https:\\\/\\\/www.meydan.tv\\\/az\\\/#website\"},\"primaryImageOfPage\":{\"@id\":\"https:\\\/\\\/www.meydan.tv\\\/az\\\/article\\\/40-aile-jurnaliste-gore-prezidente-muraciet-edib\\\/#primaryimage\"},\"image\":{\"@id\":\"https:\\\/\\\/www.meydan.tv\\\/az\\\/article\\\/40-aile-jurnaliste-gore-prezidente-muraciet-edib\\\/#primaryimage\"},\"thumbnailUrl\":\"https:\\\/\\\/www.meydan.tv\\\/wp-content\\\/uploads\\\/untitled-design-2-26-e1652791597335.jpg\",\"datePublished\":\"2023-05-23T08:19:01+00:00\",\"dateModified\":\"2023-05-23T08:19:07+00:00\",\"breadcrumb\":{\"@id\":\"https:\\\/\\\/www.meydan.tv\\\/az\\\/article\\\/40-aile-jurnaliste-gore-prezidente-muraciet-edib\\\/#breadcrumb\"},\"inLanguage\":\"az\",\"potentialAction\":[{\"@type\":\"ReadAction\",\"target\":[\"https:\\\/\\\/www.meydan.tv\\\/az\\\/article\\\/40-aile-jurnaliste-gore-prezidente-muraciet-edib\\\/\"]}]},{\"@type\":\"ImageObject\",\"inLanguage\":\"az\",\"@id\":\"https:\\\/\\\/www.meydan.tv\\\/az\\\/article\\\/40-aile-jurnaliste-gore-prezidente-muraciet-edib\\\/#primaryimage\",\"url\":\"https:\\\/\\\/www.meydan.tv\\\/wp-content\\\/uploads\\\/untitled-design-2-26-e1652791597335.jpg\",\"contentUrl\":\"https:\\\/\\\/www.meydan.tv\\\/wp-content\\\/uploads\\\/untitled-design-2-26-e1652791597335.jpg\",\"width\":1200,\"height\":708,\"caption\":\"C\u0259mil M\u0259mm\u0259dli. M\u0259nb\u0259: Media H\u00fcququ \u0130nstitutu\"},{\"@type\":\"BreadcrumbList\",\"@id\":\"https:\\\/\\\/www.meydan.tv\\\/az\\\/article\\\/40-aile-jurnaliste-gore-prezidente-muraciet-edib\\\/#breadcrumb\",\"itemListElement\":[{\"@type\":\"ListItem\",\"position\":1,\"name\":\"Ana s\u0259hif\u0259\",\"item\":\"https:\\\/\\\/www.meydan.tv\\\/az\\\/\"},{\"@type\":\"ListItem\",\"position\":2,\"name\":\"B\u00f6lg\u0259\",\"item\":\"https:\\\/\\\/www.meydan.tv\\\/az\\\/section\\\/bolge\\\/\"},{\"@type\":\"ListItem\",\"position\":3,\"name\":\"40 ail\u0259 jurnalist\u0259 g\u00f6r\u0259 prezident\u0259 m\u00fcraci\u0259t edib\"}]},{\"@type\":\"WebSite\",\"@id\":\"https:\\\/\\\/www.meydan.tv\\\/az\\\/#website\",\"url\":\"https:\\\/\\\/www.meydan.tv\\\/az\\\/\",\"name\":\"MEYDAN.TV\",\"description\":\"Meydan TV Az\u0259rbaycan\u0131n media m\u0259kan\u0131ndak\u0131 alternativ s\u0259sidir\",\"publisher\":{\"@id\":\"https:\\\/\\\/www.meydan.tv\\\/az\\\/#organization\"},\"potentialAction\":[{\"@type\":\"SearchAction\",\"target\":{\"@type\":\"EntryPoint\",\"urlTemplate\":\"https:\\\/\\\/www.meydan.tv\\\/az\\\/?s={search_term_string}\"},\"query-input\":{\"@type\":\"PropertyValueSpecification\",\"valueRequired\":true,\"valueName\":\"search_term_string\"}}],\"inLanguage\":\"az\"},{\"@type\":\"Organization\",\"@id\":\"https:\\\/\\\/www.meydan.tv\\\/az\\\/#organization\",\"name\":\"Meydan TV\",\"url\":\"https:\\\/\\\/www.meydan.tv\\\/az\\\/\",\"logo\":{\"@type\":\"ImageObject\",\"inLanguage\":\"az\",\"@id\":\"https:\\\/\\\/www.meydan.tv\\\/az\\\/#\\\/schema\\\/logo\\\/image\\\/\",\"url\":\"https:\\\/\\\/www.meydan.tv\\\/wp-content\\\/uploads\\\/2021\\\/07\\\/meydan-logo.svg\",\"contentUrl\":\"https:\\\/\\\/www.meydan.tv\\\/wp-content\\\/uploads\\\/2021\\\/07\\\/meydan-logo.svg\",\"width\":195,\"height\":46,\"caption\":\"Meydan TV\"},\"image\":{\"@id\":\"https:\\\/\\\/www.meydan.tv\\\/az\\\/#\\\/schema\\\/logo\\\/image\\\/\"}},{\"@type\":\"Person\",\"@id\":\"https:\\\/\\\/www.meydan.tv\\\/az\\\/#\\\/schema\\\/person\\\/9cdbecf90d17180ce1dfbd95b08dcf47\",\"name\":\"elli\",\"sameAs\":[\"https:\\\/\\\/x.com\\\/elli\"]}]}<\/script>\n<!-- \/ Yoast SEO plugin. -->","yoast_head_json":{"title":"40 ail\u0259 jurnalist\u0259 g\u00f6r\u0259 prezident\u0259 m\u00fcraci\u0259t edib - MEYDAN.TV","robots":{"index":"index","follow":"follow","max-snippet":"max-snippet:-1","max-image-preview":"max-image-preview:large","max-video-preview":"max-video-preview:-1"},"canonical":"https:\/\/www.meydan.tv\/az\/article\/40-aile-jurnaliste-gore-prezidente-muraciet-edib\/","og_locale":"az_AZ","og_type":"article","og_title":"40 ail\u0259 jurnalist\u0259 g\u00f6r\u0259 prezident\u0259 m\u00fcraci\u0259t edib - MEYDAN.TV","og_description":"Sakinl\u0259r C\u0259mil M\u0259mm\u0259dliy\u0259 qar\u015f\u0131 t\u0259zyiql\u0259r\u0259 son qoyulmas\u0131n\u0131 xahi\u015f edirl\u0259r Xa\u00e7maz\u0131n ... Davam\u0131","og_url":"https:\/\/www.meydan.tv\/az\/article\/40-aile-jurnaliste-gore-prezidente-muraciet-edib\/","og_site_name":"MEYDAN.TV","article_published_time":"2023-05-23T08:19:01+00:00","article_modified_time":"2023-05-23T08:19:07+00:00","og_image":[{"width":1200,"height":708,"url":"https:\/\/www.meydan.tv\/wp-content\/uploads\/untitled-design-2-26-e1652791597335.jpg","type":"image\/jpeg"}],"author":"elli","twitter_card":"summary_large_image","twitter_creator":"@elli","schema":{"@context":"https:\/\/schema.org","@graph":[{"@type":"Article","@id":"https:\/\/www.meydan.tv\/az\/article\/40-aile-jurnaliste-gore-prezidente-muraciet-edib\/#article","isPartOf":{"@id":"https:\/\/www.meydan.tv\/az\/article\/40-aile-jurnaliste-gore-prezidente-muraciet-edib\/"},"author":{"name":"elli","@id":"https:\/\/www.meydan.tv\/az\/#\/schema\/person\/9cdbecf90d17180ce1dfbd95b08dcf47"},"headline":"40 ail\u0259 jurnalist\u0259 g\u00f6r\u0259 prezident\u0259 m\u00fcraci\u0259t edib","datePublished":"2023-05-23T08:19:01+00:00","dateModified":"2023-05-23T08:19:07+00:00","mainEntityOfPage":{"@id":"https:\/\/www.meydan.tv\/az\/article\/40-aile-jurnaliste-gore-prezidente-muraciet-edib\/"},"wordCount":407,"publisher":{"@id":"https:\/\/www.meydan.tv\/az\/#organization"},"image":{"@id":"https:\/\/www.meydan.tv\/az\/article\/40-aile-jurnaliste-gore-prezidente-muraciet-edib\/#primaryimage"},"thumbnailUrl":"https:\/\/www.meydan.tv\/wp-content\/uploads\/untitled-design-2-26-e1652791597335.jpg","articleSection":["B\u00f6lg\u0259","X\u0259b\u0259rl\u0259r"],"inLanguage":"az"},{"@type":"WebPage","@id":"https:\/\/www.meydan.tv\/az\/article\/40-aile-jurnaliste-gore-prezidente-muraciet-edib\/","url":"https:\/\/www.meydan.tv\/az\/article\/40-aile-jurnaliste-gore-prezidente-muraciet-edib\/","name":"40 ail\u0259 jurnalist\u0259 g\u00f6r\u0259 prezident\u0259 m\u00fcraci\u0259t edib - MEYDAN.TV","isPartOf":{"@id":"https:\/\/www.meydan.tv\/az\/#website"},"primaryImageOfPage":{"@id":"https:\/\/www.meydan.tv\/az\/article\/40-aile-jurnaliste-gore-prezidente-muraciet-edib\/#primaryimage"},"image":{"@id":"https:\/\/www.meydan.tv\/az\/article\/40-aile-jurnaliste-gore-prezidente-muraciet-edib\/#primaryimage"},"thumbnailUrl":"https:\/\/www.meydan.tv\/wp-content\/uploads\/untitled-design-2-26-e1652791597335.jpg","datePublished":"2023-05-23T08:19:01+00:00","dateModified":"2023-05-23T08:19:07+00:00","breadcrumb":{"@id":"https:\/\/www.meydan.tv\/az\/article\/40-aile-jurnaliste-gore-prezidente-muraciet-edib\/#breadcrumb"},"inLanguage":"az","potentialAction":[{"@type":"ReadAction","target":["https:\/\/www.meydan.tv\/az\/article\/40-aile-jurnaliste-gore-prezidente-muraciet-edib\/"]}]},{"@type":"ImageObject","inLanguage":"az","@id":"https:\/\/www.meydan.tv\/az\/article\/40-aile-jurnaliste-gore-prezidente-muraciet-edib\/#primaryimage","url":"https:\/\/www.meydan.tv\/wp-content\/uploads\/untitled-design-2-26-e1652791597335.jpg","contentUrl":"https:\/\/www.meydan.tv\/wp-content\/uploads\/untitled-design-2-26-e1652791597335.jpg","width":1200,"height":708,"caption":"C\u0259mil M\u0259mm\u0259dli. M\u0259nb\u0259: Media H\u00fcququ \u0130nstitutu"},{"@type":"BreadcrumbList","@id":"https:\/\/www.meydan.tv\/az\/article\/40-aile-jurnaliste-gore-prezidente-muraciet-edib\/#breadcrumb","itemListElement":[{"@type":"ListItem","position":1,"name":"Ana s\u0259hif\u0259","item":"https:\/\/www.meydan.tv\/az\/"},{"@type":"ListItem","position":2,"name":"B\u00f6lg\u0259","item":"https:\/\/www.meydan.tv\/az\/section\/bolge\/"},{"@type":"ListItem","position":3,"name":"40 ail\u0259 jurnalist\u0259 g\u00f6r\u0259 prezident\u0259 m\u00fcraci\u0259t edib"}]},{"@type":"WebSite","@id":"https:\/\/www.meydan.tv\/az\/#website","url":"https:\/\/www.meydan.tv\/az\/","name":"MEYDAN.TV","description":"Meydan TV Az\u0259rbaycan\u0131n media m\u0259kan\u0131ndak\u0131 alternativ s\u0259sidir","publisher":{"@id":"https:\/\/www.meydan.tv\/az\/#organization"},"potentialAction":[{"@type":"SearchAction","target":{"@type":"EntryPoint","urlTemplate":"https:\/\/www.meydan.tv\/az\/?s={search_term_string}"},"query-input":{"@type":"PropertyValueSpecification","valueRequired":true,"valueName":"search_term_string"}}],"inLanguage":"az"},{"@type":"Organization","@id":"https:\/\/www.meydan.tv\/az\/#organization","name":"Meydan TV","url":"https:\/\/www.meydan.tv\/az\/","logo":{"@type":"ImageObject","inLanguage":"az","@id":"https:\/\/www.meydan.tv\/az\/#\/schema\/logo\/image\/","url":"https:\/\/www.meydan.tv\/wp-content\/uploads\/2021\/07\/meydan-logo.svg","contentUrl":"https:\/\/www.meydan.tv\/wp-content\/uploads\/2021\/07\/meydan-logo.svg","width":195,"height":46,"caption":"Meydan TV"},"image":{"@id":"https:\/\/www.meydan.tv\/az\/#\/schema\/logo\/image\/"}},{"@type":"Person","@id":"https:\/\/www.meydan.tv\/az\/#\/schema\/person\/9cdbecf90d17180ce1dfbd95b08dcf47","name":"elli","sameAs":["https:\/\/x.com\/elli"]}]}},"_links":{"self":[{"href":"https:\/\/www.meydan.tv\/az\/wp-json\/wp\/v2\/posts\/275705","targetHints":{"allow":["GET"]}}],"collection":[{"href":"https:\/\/www.meydan.tv\/az\/wp-json\/wp\/v2\/posts"}],"about":[{"href":"https:\/\/www.meydan.tv\/az\/wp-json\/wp\/v2\/types\/post"}],"author":[{"embeddable":true,"href":"https:\/\/www.meydan.tv\/az\/wp-json\/wp\/v2\/users\/8"}],"replies":[{"embeddable":true,"href":"https:\/\/www.meydan.tv\/az\/wp-json\/wp\/v2\/comments?post=275705"}],"version-history":[{"count":2,"href":"https:\/\/www.meydan.tv\/az\/wp-json\/wp\/v2\/posts\/275705\/revisions"}],"predecessor-version":[{"id":275707,"href":"https:\/\/www.meydan.tv\/az\/wp-json\/wp\/v2\/posts\/275705\/revisions\/275707"}],"wp:featuredmedia":[{"embeddable":true,"href":"https:\/\/www.meydan.tv\/az\/wp-json\/wp\/v2\/media\/245436"}],"wp:attachment":[{"href":"https:\/\/www.meydan.tv\/az\/wp-json\/wp\/v2\/media?parent=275705"}],"wp:term":[{"taxonomy":"category","embeddable":true,"href":"https:\/\/www.meydan.tv\/az\/wp-json\/wp\/v2\/categories?post=275705"},{"taxonomy":"post_tag","embeddable":true,"href":"https:\/\/www.meydan.tv\/az\/wp-json\/wp\/v2\/tags?post=275705"}],"curies":[{"name":"wp","href":"https:\/\/api.w.org\/{rel}","templated":true}]}}