{"id":275658,"date":"2023-05-22T16:47:27","date_gmt":"2023-05-22T12:47:27","guid":{"rendered":"https:\/\/www.meydan.tv\/?p=275658"},"modified":"2023-05-22T16:47:31","modified_gmt":"2023-05-22T12:47:31","slug":"surusmede-evi-qezali-veziyyete-dusen-kendli-komeklik-gosterilmediyini-deyir","status":"publish","type":"post","link":"https:\/\/www.meydan.tv\/az\/article\/surusmede-evi-qezali-veziyyete-dusen-kendli-komeklik-gosterilmediyini-deyir\/","title":{"rendered":"S\u00fcr\u00fc\u015fm\u0259d\u0259 evi q\u0259zal\u0131 v\u0259ziyy\u0259t\u0259 d\u00fc\u015f\u0259n k\u0259ndli k\u00f6m\u0259klik g\u00f6st\u0259rilm\u0259diyini deyir"},"content":{"rendered":"\n<p><\/p>\n\n\n\n<p><em><strong>Rauf \u018fhm\u0259dova g\u00f6zl\u0259m\u0259yi t\u00f6vsiy\u0259 edirl\u0259r<\/strong><\/em><\/p>\n\n\n\n<p>Lerik rayon sakini Rauf Rakif o\u011flu \u018fhm\u0259dovun evi s\u00fcr\u00fc\u015fm\u0259 n\u0259tic\u0259sind\u0259 q\u0259zal\u0131 v\u0259ziyy\u0259t\u0259 d\u00fc\u015f\u00fcb.<\/p>\n\n\n\n<p>Sakin Meydan TV-y\u0259 deyib ki, u\u015faqlarla qohumlar\u0131n, tan\u0131\u015flar\u0131n evind\u0259 gec\u0259l\u0259yir. D\u0259f\u0259l\u0259rl\u0259 m\u00fcraci\u0259t etm\u0259sin\u0259 baxmayaraq k\u00f6m\u0259klik ed\u0259n yoxdur.<\/p>\n\n\n\n<p>Onun s\u00f6zl\u0259rin\u0259 g\u00f6r\u0259, t\u0259xmin\u0259n bir ne\u00e7\u0259 ay \u0259vv\u0259l ya\u015fad\u0131\u011f\u0131 Hamarme\u015f\u0259 k\u0259ndind\u0259 torpaq s\u00fcr\u00fc\u015fm\u0259si ba\u015f verib. N\u0259tic\u0259d\u0259 onun v\u0259 yax\u0131n qon\u015fusunun evi q\u0259zal\u0131 v\u0259ziyy\u0259t\u0259 d\u00fc\u015f\u00fcb:<\/p>\n\n\n\n<p>\u201c<em>Torpaq qat\u0131 s\u00fcr\u00fc\u015f\u0259r\u0259k evin duvar\u0131na q\u0259d\u0259r \u00e7at\u0131b. Evd\u0259 d\u0259rin \u00e7atlar yaran\u0131b, t\u0259hl\u00fck\u0259li v\u0259ziyy\u0259tdir. Torpaq s\u00fcr\u00fc\u015fm\u0259si n\u0259tic\u0259sind\u0259 k\u0259nd m\u0259kt\u0259bin\u0259 ged\u0259n \u0259sas yol da da\u011f\u0131l\u0131b\u201d<\/em>.<\/p>\n\n\n\n<p>\u015eikay\u0259t\u00e7i bildirib ki, s\u00fcr\u00fc\u015fm\u0259nin ba\u015f verm\u0259sind\u0259n 4 ay ke\u00e7ib. Amma ona daha bir ne\u00e7\u0259 ay da d\u00f6zm\u0259yi t\u00f6vsiy\u0259 edirl\u0259r:<\/p>\n\n\n\n<p>\u201c<em>\u018fsas iki ev\u0259 v\u0259 yollara ziyan d\u0259yib. K\u0259nd icra n\u00fcmay\u0259nd\u0259liyi, b\u0259l\u0259diyy\u0259 v\u0259 rayon icra hakimiyy\u0259tinin n\u00fcmay\u0259nd\u0259l\u0259ri bizim ev\u0259 bax\u0131\u015f ke\u00e7irdil\u0259r. Dedil\u0259r ki, h\u0259l\u0259lik evd\u0259 gec\u0259l\u0259m\u0259yin. T\u0259hl\u00fck\u0259 ba\u015f ver\u0259rs\u0259, onlar m\u0259suliyy\u0259t da\u015f\u0131mayacaqlar\u201d.<\/em><\/p>\n\n\n\n<p>\u018fhm\u0259dov s\u00f6yl\u0259yib ki, icra hakimiyy\u0259tind\u0259n ona evin t\u0259miri \u00fc\u00e7\u00fcn b\u00fcdc\u0259d\u0259 pul olmad\u0131\u011f\u0131n\u0131 deyibl\u0259r.<\/p>\n\n\n<div class=\"wp-block-image\">\n<figure class=\"aligncenter size-full\"><img decoding=\"async\" width=\"1200\" height=\"800\" data-src=\"https:\/\/www.meydan.tv\/wp-content\/uploads\/untitled-design-2-100.jpg\" alt=\"\" class=\"wp-image-275654 lazyload\" src=\"data:image\/svg+xml;base64,PHN2ZyB3aWR0aD0iMSIgaGVpZ2h0PSIxIiB4bWxucz0iaHR0cDovL3d3dy53My5vcmcvMjAwMC9zdmciPjwvc3ZnPg==\" style=\"--smush-placeholder-width: 1200px; --smush-placeholder-aspect-ratio: 1200\/800;\" \/><\/figure>\n<\/div>\n\n\n<p><em>\u201cN\u0259 vaxt v\u0259sait olarsa, evi d\u0259 o vaxt t\u0259mir etm\u0259y\u0259 \u00e7al\u0131\u015facaqlar\u201d,<\/em>-\u015fikay\u0259t\u00e7i qeyd edib. Onu da bildirib ki, Bak\u0131ya g\u0259l\u0259r\u0259k\u00a0 F\u00f6vq\u0259lad\u0259 Hallar Nazirliyin\u0259 \u0259riz\u0259 il\u0259 m\u00fcraci\u0259t edib. Ona deyibl\u0259r ki, h\u0259l\u0259 bundan sonra 2-3 ay da g\u00f6zl\u0259m\u0259lidir. Ev d\u0259y\u0259rl\u0259ndirm\u0259li, bundan sonra v\u0259sait ayr\u0131lmal\u0131d\u0131r.<\/p>\n\n\n\n<p>\u018fhm\u0259dovlar\u0131n 4 \u00f6vlad\u0131 var.<\/p>\n\n\n\n<p>Lerik Rayon \u0130cra Hakimiyy\u0259ti ba\u015f\u00e7\u0131s\u0131n\u0131n Hamarme\u015f\u0259nin d\u0259 daxil oldu\u011fu Viz\u0259z\u0259min k\u0259nd inzibati \u0259razi dair\u0259si \u00fczr\u0259 n\u00fcmay\u0259nd\u0259si Elxan Aslanov Meydan TV-y\u0259 bildirib ki, aidiyy\u0259ti qurumlar bu bar\u0259d\u0259 m\u0259lumatl\u0131d\u0131lar. Rauf \u018fhm\u0259dova m\u0259xsus ev\u0259 bax\u0131\u015f ke\u00e7irilib, akt t\u0259rtib edilib:<\/p>\n\n\n\n<p><em>\u201cRayon f\u00f6vq\u0259lad\u0259 hallar komisiyas\u0131 t\u0259r\u0259find\u0259n ev\u0259 bax\u0131\u015f ke\u00e7irilib. \u0130cra hakimiyy\u0259ti t\u0259r\u0259find\u0259n Ekologiya v\u0259 T\u0259bii S\u0259rv\u0259tl\u0259r Nazirliyin\u0259 m\u00fcraci\u0259t olunub. M\u00fcvafiq r\u0259yl\u0259rd\u0259n sonra t\u0259dbir g\u00f6r\u00fcl\u0259c\u0259k\u201d.<\/em><\/p>\n\n\n<div class=\"wp-block-image\">\n<figure class=\"aligncenter size-full\"><img decoding=\"async\" width=\"1200\" height=\"800\" data-src=\"https:\/\/www.meydan.tv\/wp-content\/uploads\/untitled-design-1-82.jpg\" alt=\"\" class=\"wp-image-275651 lazyload\" src=\"data:image\/svg+xml;base64,PHN2ZyB3aWR0aD0iMSIgaGVpZ2h0PSIxIiB4bWxucz0iaHR0cDovL3d3dy53My5vcmcvMjAwMC9zdmciPjwvc3ZnPg==\" style=\"--smush-placeholder-width: 1200px; --smush-placeholder-aspect-ratio: 1200\/800;\" \/><\/figure>\n<\/div>","protected":false},"excerpt":{"rendered":"<p>Rauf \u018fhm\u0259dova g\u00f6zl\u0259m\u0259yi t\u00f6vsiy\u0259 edirl\u0259r Lerik rayon sakini Rauf Rakif &#8230; <\/p>\n<p class=\"read-more-container\"><a title=\"S\u00fcr\u00fc\u015fm\u0259d\u0259 evi q\u0259zal\u0131 v\u0259ziyy\u0259t\u0259 d\u00fc\u015f\u0259n k\u0259ndli k\u00f6m\u0259klik g\u00f6st\u0259rilm\u0259diyini deyir\" class=\"read-more button\" href=\"https:\/\/www.meydan.tv\/az\/article\/surusmede-evi-qezali-veziyyete-dusen-kendli-komeklik-gosterilmediyini-deyir\/#more-275658\" aria-label=\"Read more about S\u00fcr\u00fc\u015fm\u0259d\u0259 evi q\u0259zal\u0131 v\u0259ziyy\u0259t\u0259 d\u00fc\u015f\u0259n k\u0259ndli k\u00f6m\u0259klik g\u00f6st\u0259rilm\u0259diyini deyir\">Davam\u0131<\/a><\/p>\n","protected":false},"author":8,"featured_media":275648,"comment_status":"closed","ping_status":"closed","sticky":false,"template":"","format":"standard","meta":{"_acf_changed":false,"_sitemap_exclude":false,"_sitemap_priority":"","_sitemap_frequency":"","footnotes":""},"categories":[60,56],"tags":[],"class_list":["post-275658","post","type-post","status-publish","format-standard","has-post-thumbnail","hentry","category-bolge","category-xeberler","infinite-scroll-item","generate-columns","tablet-grid-50","mobile-grid-100","grid-parent","grid-33","no-featured-image-padding"],"acf":[],"yoast_head":"<!-- This site is optimized with the Yoast SEO plugin v27.5 - https:\/\/yoast.com\/product\/yoast-seo-wordpress\/ -->\n<title>S\u00fcr\u00fc\u015fm\u0259d\u0259 evi q\u0259zal\u0131 v\u0259ziyy\u0259t\u0259 d\u00fc\u015f\u0259n k\u0259ndli k\u00f6m\u0259klik g\u00f6st\u0259rilm\u0259diyini deyir - MEYDAN.TV<\/title>\n<meta name=\"robots\" content=\"index, follow, max-snippet:-1, max-image-preview:large, max-video-preview:-1\" \/>\n<link rel=\"canonical\" href=\"https:\/\/www.meydan.tv\/az\/article\/surusmede-evi-qezali-veziyyete-dusen-kendli-komeklik-gosterilmediyini-deyir\/\" \/>\n<meta property=\"og:locale\" content=\"az_AZ\" \/>\n<meta property=\"og:type\" content=\"article\" \/>\n<meta property=\"og:title\" content=\"S\u00fcr\u00fc\u015fm\u0259d\u0259 evi q\u0259zal\u0131 v\u0259ziyy\u0259t\u0259 d\u00fc\u015f\u0259n k\u0259ndli k\u00f6m\u0259klik g\u00f6st\u0259rilm\u0259diyini deyir - MEYDAN.TV\" \/>\n<meta property=\"og:description\" content=\"Rauf \u018fhm\u0259dova g\u00f6zl\u0259m\u0259yi t\u00f6vsiy\u0259 edirl\u0259r Lerik rayon sakini Rauf Rakif ... Davam\u0131\" \/>\n<meta property=\"og:url\" content=\"https:\/\/www.meydan.tv\/az\/article\/surusmede-evi-qezali-veziyyete-dusen-kendli-komeklik-gosterilmediyini-deyir\/\" \/>\n<meta property=\"og:site_name\" content=\"MEYDAN.TV\" \/>\n<meta property=\"article:published_time\" content=\"2023-05-22T12:47:27+00:00\" \/>\n<meta property=\"article:modified_time\" content=\"2023-05-22T12:47:31+00:00\" \/>\n<meta property=\"og:image\" content=\"https:\/\/www.meydan.tv\/wp-content\/uploads\/untitled-design-131.jpg\" \/>\n\t<meta property=\"og:image:width\" content=\"1200\" \/>\n\t<meta property=\"og:image:height\" content=\"800\" \/>\n\t<meta property=\"og:image:type\" content=\"image\/jpeg\" \/>\n<meta name=\"author\" content=\"elli\" \/>\n<meta name=\"twitter:card\" content=\"summary_large_image\" \/>\n<meta name=\"twitter:creator\" content=\"@elli\" \/>\n<script type=\"application\/ld+json\" class=\"yoast-schema-graph\">{\"@context\":\"https:\\\/\\\/schema.org\",\"@graph\":[{\"@type\":\"Article\",\"@id\":\"https:\\\/\\\/www.meydan.tv\\\/az\\\/article\\\/surusmede-evi-qezali-veziyyete-dusen-kendli-komeklik-gosterilmediyini-deyir\\\/#article\",\"isPartOf\":{\"@id\":\"https:\\\/\\\/www.meydan.tv\\\/az\\\/article\\\/surusmede-evi-qezali-veziyyete-dusen-kendli-komeklik-gosterilmediyini-deyir\\\/\"},\"author\":{\"name\":\"elli\",\"@id\":\"https:\\\/\\\/www.meydan.tv\\\/az\\\/#\\\/schema\\\/person\\\/9cdbecf90d17180ce1dfbd95b08dcf47\"},\"headline\":\"S\u00fcr\u00fc\u015fm\u0259d\u0259 evi q\u0259zal\u0131 v\u0259ziyy\u0259t\u0259 d\u00fc\u015f\u0259n k\u0259ndli k\u00f6m\u0259klik g\u00f6st\u0259rilm\u0259diyini deyir\",\"datePublished\":\"2023-05-22T12:47:27+00:00\",\"dateModified\":\"2023-05-22T12:47:31+00:00\",\"mainEntityOfPage\":{\"@id\":\"https:\\\/\\\/www.meydan.tv\\\/az\\\/article\\\/surusmede-evi-qezali-veziyyete-dusen-kendli-komeklik-gosterilmediyini-deyir\\\/\"},\"wordCount\":471,\"publisher\":{\"@id\":\"https:\\\/\\\/www.meydan.tv\\\/az\\\/#organization\"},\"image\":{\"@id\":\"https:\\\/\\\/www.meydan.tv\\\/az\\\/article\\\/surusmede-evi-qezali-veziyyete-dusen-kendli-komeklik-gosterilmediyini-deyir\\\/#primaryimage\"},\"thumbnailUrl\":\"https:\\\/\\\/www.meydan.tv\\\/wp-content\\\/uploads\\\/untitled-design-131.jpg\",\"articleSection\":[\"B\u00f6lg\u0259\",\"X\u0259b\u0259rl\u0259r\"],\"inLanguage\":\"az\"},{\"@type\":\"WebPage\",\"@id\":\"https:\\\/\\\/www.meydan.tv\\\/az\\\/article\\\/surusmede-evi-qezali-veziyyete-dusen-kendli-komeklik-gosterilmediyini-deyir\\\/\",\"url\":\"https:\\\/\\\/www.meydan.tv\\\/az\\\/article\\\/surusmede-evi-qezali-veziyyete-dusen-kendli-komeklik-gosterilmediyini-deyir\\\/\",\"name\":\"S\u00fcr\u00fc\u015fm\u0259d\u0259 evi q\u0259zal\u0131 v\u0259ziyy\u0259t\u0259 d\u00fc\u015f\u0259n k\u0259ndli k\u00f6m\u0259klik g\u00f6st\u0259rilm\u0259diyini deyir - MEYDAN.TV\",\"isPartOf\":{\"@id\":\"https:\\\/\\\/www.meydan.tv\\\/az\\\/#website\"},\"primaryImageOfPage\":{\"@id\":\"https:\\\/\\\/www.meydan.tv\\\/az\\\/article\\\/surusmede-evi-qezali-veziyyete-dusen-kendli-komeklik-gosterilmediyini-deyir\\\/#primaryimage\"},\"image\":{\"@id\":\"https:\\\/\\\/www.meydan.tv\\\/az\\\/article\\\/surusmede-evi-qezali-veziyyete-dusen-kendli-komeklik-gosterilmediyini-deyir\\\/#primaryimage\"},\"thumbnailUrl\":\"https:\\\/\\\/www.meydan.tv\\\/wp-content\\\/uploads\\\/untitled-design-131.jpg\",\"datePublished\":\"2023-05-22T12:47:27+00:00\",\"dateModified\":\"2023-05-22T12:47:31+00:00\",\"breadcrumb\":{\"@id\":\"https:\\\/\\\/www.meydan.tv\\\/az\\\/article\\\/surusmede-evi-qezali-veziyyete-dusen-kendli-komeklik-gosterilmediyini-deyir\\\/#breadcrumb\"},\"inLanguage\":\"az\",\"potentialAction\":[{\"@type\":\"ReadAction\",\"target\":[\"https:\\\/\\\/www.meydan.tv\\\/az\\\/article\\\/surusmede-evi-qezali-veziyyete-dusen-kendli-komeklik-gosterilmediyini-deyir\\\/\"]}]},{\"@type\":\"ImageObject\",\"inLanguage\":\"az\",\"@id\":\"https:\\\/\\\/www.meydan.tv\\\/az\\\/article\\\/surusmede-evi-qezali-veziyyete-dusen-kendli-komeklik-gosterilmediyini-deyir\\\/#primaryimage\",\"url\":\"https:\\\/\\\/www.meydan.tv\\\/wp-content\\\/uploads\\\/untitled-design-131.jpg\",\"contentUrl\":\"https:\\\/\\\/www.meydan.tv\\\/wp-content\\\/uploads\\\/untitled-design-131.jpg\",\"width\":1200,\"height\":800,\"caption\":\"Fotolar: Meydan TV\"},{\"@type\":\"BreadcrumbList\",\"@id\":\"https:\\\/\\\/www.meydan.tv\\\/az\\\/article\\\/surusmede-evi-qezali-veziyyete-dusen-kendli-komeklik-gosterilmediyini-deyir\\\/#breadcrumb\",\"itemListElement\":[{\"@type\":\"ListItem\",\"position\":1,\"name\":\"Ana s\u0259hif\u0259\",\"item\":\"https:\\\/\\\/www.meydan.tv\\\/az\\\/\"},{\"@type\":\"ListItem\",\"position\":2,\"name\":\"B\u00f6lg\u0259\",\"item\":\"https:\\\/\\\/www.meydan.tv\\\/az\\\/section\\\/bolge\\\/\"},{\"@type\":\"ListItem\",\"position\":3,\"name\":\"S\u00fcr\u00fc\u015fm\u0259d\u0259 evi q\u0259zal\u0131 v\u0259ziyy\u0259t\u0259 d\u00fc\u015f\u0259n k\u0259ndli k\u00f6m\u0259klik g\u00f6st\u0259rilm\u0259diyini deyir\"}]},{\"@type\":\"WebSite\",\"@id\":\"https:\\\/\\\/www.meydan.tv\\\/az\\\/#website\",\"url\":\"https:\\\/\\\/www.meydan.tv\\\/az\\\/\",\"name\":\"MEYDAN.TV\",\"description\":\"Meydan TV Az\u0259rbaycan\u0131n media m\u0259kan\u0131ndak\u0131 alternativ s\u0259sidir\",\"publisher\":{\"@id\":\"https:\\\/\\\/www.meydan.tv\\\/az\\\/#organization\"},\"potentialAction\":[{\"@type\":\"SearchAction\",\"target\":{\"@type\":\"EntryPoint\",\"urlTemplate\":\"https:\\\/\\\/www.meydan.tv\\\/az\\\/?s={search_term_string}\"},\"query-input\":{\"@type\":\"PropertyValueSpecification\",\"valueRequired\":true,\"valueName\":\"search_term_string\"}}],\"inLanguage\":\"az\"},{\"@type\":\"Organization\",\"@id\":\"https:\\\/\\\/www.meydan.tv\\\/az\\\/#organization\",\"name\":\"Meydan TV\",\"url\":\"https:\\\/\\\/www.meydan.tv\\\/az\\\/\",\"logo\":{\"@type\":\"ImageObject\",\"inLanguage\":\"az\",\"@id\":\"https:\\\/\\\/www.meydan.tv\\\/az\\\/#\\\/schema\\\/logo\\\/image\\\/\",\"url\":\"https:\\\/\\\/www.meydan.tv\\\/wp-content\\\/uploads\\\/2021\\\/07\\\/meydan-logo.svg\",\"contentUrl\":\"https:\\\/\\\/www.meydan.tv\\\/wp-content\\\/uploads\\\/2021\\\/07\\\/meydan-logo.svg\",\"width\":195,\"height\":46,\"caption\":\"Meydan TV\"},\"image\":{\"@id\":\"https:\\\/\\\/www.meydan.tv\\\/az\\\/#\\\/schema\\\/logo\\\/image\\\/\"}},{\"@type\":\"Person\",\"@id\":\"https:\\\/\\\/www.meydan.tv\\\/az\\\/#\\\/schema\\\/person\\\/9cdbecf90d17180ce1dfbd95b08dcf47\",\"name\":\"elli\",\"sameAs\":[\"https:\\\/\\\/x.com\\\/elli\"]}]}<\/script>\n<!-- \/ Yoast SEO plugin. -->","yoast_head_json":{"title":"S\u00fcr\u00fc\u015fm\u0259d\u0259 evi q\u0259zal\u0131 v\u0259ziyy\u0259t\u0259 d\u00fc\u015f\u0259n k\u0259ndli k\u00f6m\u0259klik g\u00f6st\u0259rilm\u0259diyini deyir - MEYDAN.TV","robots":{"index":"index","follow":"follow","max-snippet":"max-snippet:-1","max-image-preview":"max-image-preview:large","max-video-preview":"max-video-preview:-1"},"canonical":"https:\/\/www.meydan.tv\/az\/article\/surusmede-evi-qezali-veziyyete-dusen-kendli-komeklik-gosterilmediyini-deyir\/","og_locale":"az_AZ","og_type":"article","og_title":"S\u00fcr\u00fc\u015fm\u0259d\u0259 evi q\u0259zal\u0131 v\u0259ziyy\u0259t\u0259 d\u00fc\u015f\u0259n k\u0259ndli k\u00f6m\u0259klik g\u00f6st\u0259rilm\u0259diyini deyir - MEYDAN.TV","og_description":"Rauf \u018fhm\u0259dova g\u00f6zl\u0259m\u0259yi t\u00f6vsiy\u0259 edirl\u0259r Lerik rayon sakini Rauf Rakif ... Davam\u0131","og_url":"https:\/\/www.meydan.tv\/az\/article\/surusmede-evi-qezali-veziyyete-dusen-kendli-komeklik-gosterilmediyini-deyir\/","og_site_name":"MEYDAN.TV","article_published_time":"2023-05-22T12:47:27+00:00","article_modified_time":"2023-05-22T12:47:31+00:00","og_image":[{"width":1200,"height":800,"url":"https:\/\/www.meydan.tv\/wp-content\/uploads\/untitled-design-131.jpg","type":"image\/jpeg"}],"author":"elli","twitter_card":"summary_large_image","twitter_creator":"@elli","schema":{"@context":"https:\/\/schema.org","@graph":[{"@type":"Article","@id":"https:\/\/www.meydan.tv\/az\/article\/surusmede-evi-qezali-veziyyete-dusen-kendli-komeklik-gosterilmediyini-deyir\/#article","isPartOf":{"@id":"https:\/\/www.meydan.tv\/az\/article\/surusmede-evi-qezali-veziyyete-dusen-kendli-komeklik-gosterilmediyini-deyir\/"},"author":{"name":"elli","@id":"https:\/\/www.meydan.tv\/az\/#\/schema\/person\/9cdbecf90d17180ce1dfbd95b08dcf47"},"headline":"S\u00fcr\u00fc\u015fm\u0259d\u0259 evi q\u0259zal\u0131 v\u0259ziyy\u0259t\u0259 d\u00fc\u015f\u0259n k\u0259ndli k\u00f6m\u0259klik g\u00f6st\u0259rilm\u0259diyini deyir","datePublished":"2023-05-22T12:47:27+00:00","dateModified":"2023-05-22T12:47:31+00:00","mainEntityOfPage":{"@id":"https:\/\/www.meydan.tv\/az\/article\/surusmede-evi-qezali-veziyyete-dusen-kendli-komeklik-gosterilmediyini-deyir\/"},"wordCount":471,"publisher":{"@id":"https:\/\/www.meydan.tv\/az\/#organization"},"image":{"@id":"https:\/\/www.meydan.tv\/az\/article\/surusmede-evi-qezali-veziyyete-dusen-kendli-komeklik-gosterilmediyini-deyir\/#primaryimage"},"thumbnailUrl":"https:\/\/www.meydan.tv\/wp-content\/uploads\/untitled-design-131.jpg","articleSection":["B\u00f6lg\u0259","X\u0259b\u0259rl\u0259r"],"inLanguage":"az"},{"@type":"WebPage","@id":"https:\/\/www.meydan.tv\/az\/article\/surusmede-evi-qezali-veziyyete-dusen-kendli-komeklik-gosterilmediyini-deyir\/","url":"https:\/\/www.meydan.tv\/az\/article\/surusmede-evi-qezali-veziyyete-dusen-kendli-komeklik-gosterilmediyini-deyir\/","name":"S\u00fcr\u00fc\u015fm\u0259d\u0259 evi q\u0259zal\u0131 v\u0259ziyy\u0259t\u0259 d\u00fc\u015f\u0259n k\u0259ndli k\u00f6m\u0259klik g\u00f6st\u0259rilm\u0259diyini deyir - MEYDAN.TV","isPartOf":{"@id":"https:\/\/www.meydan.tv\/az\/#website"},"primaryImageOfPage":{"@id":"https:\/\/www.meydan.tv\/az\/article\/surusmede-evi-qezali-veziyyete-dusen-kendli-komeklik-gosterilmediyini-deyir\/#primaryimage"},"image":{"@id":"https:\/\/www.meydan.tv\/az\/article\/surusmede-evi-qezali-veziyyete-dusen-kendli-komeklik-gosterilmediyini-deyir\/#primaryimage"},"thumbnailUrl":"https:\/\/www.meydan.tv\/wp-content\/uploads\/untitled-design-131.jpg","datePublished":"2023-05-22T12:47:27+00:00","dateModified":"2023-05-22T12:47:31+00:00","breadcrumb":{"@id":"https:\/\/www.meydan.tv\/az\/article\/surusmede-evi-qezali-veziyyete-dusen-kendli-komeklik-gosterilmediyini-deyir\/#breadcrumb"},"inLanguage":"az","potentialAction":[{"@type":"ReadAction","target":["https:\/\/www.meydan.tv\/az\/article\/surusmede-evi-qezali-veziyyete-dusen-kendli-komeklik-gosterilmediyini-deyir\/"]}]},{"@type":"ImageObject","inLanguage":"az","@id":"https:\/\/www.meydan.tv\/az\/article\/surusmede-evi-qezali-veziyyete-dusen-kendli-komeklik-gosterilmediyini-deyir\/#primaryimage","url":"https:\/\/www.meydan.tv\/wp-content\/uploads\/untitled-design-131.jpg","contentUrl":"https:\/\/www.meydan.tv\/wp-content\/uploads\/untitled-design-131.jpg","width":1200,"height":800,"caption":"Fotolar: Meydan TV"},{"@type":"BreadcrumbList","@id":"https:\/\/www.meydan.tv\/az\/article\/surusmede-evi-qezali-veziyyete-dusen-kendli-komeklik-gosterilmediyini-deyir\/#breadcrumb","itemListElement":[{"@type":"ListItem","position":1,"name":"Ana s\u0259hif\u0259","item":"https:\/\/www.meydan.tv\/az\/"},{"@type":"ListItem","position":2,"name":"B\u00f6lg\u0259","item":"https:\/\/www.meydan.tv\/az\/section\/bolge\/"},{"@type":"ListItem","position":3,"name":"S\u00fcr\u00fc\u015fm\u0259d\u0259 evi q\u0259zal\u0131 v\u0259ziyy\u0259t\u0259 d\u00fc\u015f\u0259n k\u0259ndli k\u00f6m\u0259klik g\u00f6st\u0259rilm\u0259diyini deyir"}]},{"@type":"WebSite","@id":"https:\/\/www.meydan.tv\/az\/#website","url":"https:\/\/www.meydan.tv\/az\/","name":"MEYDAN.TV","description":"Meydan TV Az\u0259rbaycan\u0131n media m\u0259kan\u0131ndak\u0131 alternativ s\u0259sidir","publisher":{"@id":"https:\/\/www.meydan.tv\/az\/#organization"},"potentialAction":[{"@type":"SearchAction","target":{"@type":"EntryPoint","urlTemplate":"https:\/\/www.meydan.tv\/az\/?s={search_term_string}"},"query-input":{"@type":"PropertyValueSpecification","valueRequired":true,"valueName":"search_term_string"}}],"inLanguage":"az"},{"@type":"Organization","@id":"https:\/\/www.meydan.tv\/az\/#organization","name":"Meydan TV","url":"https:\/\/www.meydan.tv\/az\/","logo":{"@type":"ImageObject","inLanguage":"az","@id":"https:\/\/www.meydan.tv\/az\/#\/schema\/logo\/image\/","url":"https:\/\/www.meydan.tv\/wp-content\/uploads\/2021\/07\/meydan-logo.svg","contentUrl":"https:\/\/www.meydan.tv\/wp-content\/uploads\/2021\/07\/meydan-logo.svg","width":195,"height":46,"caption":"Meydan TV"},"image":{"@id":"https:\/\/www.meydan.tv\/az\/#\/schema\/logo\/image\/"}},{"@type":"Person","@id":"https:\/\/www.meydan.tv\/az\/#\/schema\/person\/9cdbecf90d17180ce1dfbd95b08dcf47","name":"elli","sameAs":["https:\/\/x.com\/elli"]}]}},"_links":{"self":[{"href":"https:\/\/www.meydan.tv\/az\/wp-json\/wp\/v2\/posts\/275658","targetHints":{"allow":["GET"]}}],"collection":[{"href":"https:\/\/www.meydan.tv\/az\/wp-json\/wp\/v2\/posts"}],"about":[{"href":"https:\/\/www.meydan.tv\/az\/wp-json\/wp\/v2\/types\/post"}],"author":[{"embeddable":true,"href":"https:\/\/www.meydan.tv\/az\/wp-json\/wp\/v2\/users\/8"}],"replies":[{"embeddable":true,"href":"https:\/\/www.meydan.tv\/az\/wp-json\/wp\/v2\/comments?post=275658"}],"version-history":[{"count":1,"href":"https:\/\/www.meydan.tv\/az\/wp-json\/wp\/v2\/posts\/275658\/revisions"}],"predecessor-version":[{"id":275662,"href":"https:\/\/www.meydan.tv\/az\/wp-json\/wp\/v2\/posts\/275658\/revisions\/275662"}],"wp:featuredmedia":[{"embeddable":true,"href":"https:\/\/www.meydan.tv\/az\/wp-json\/wp\/v2\/media\/275648"}],"wp:attachment":[{"href":"https:\/\/www.meydan.tv\/az\/wp-json\/wp\/v2\/media?parent=275658"}],"wp:term":[{"taxonomy":"category","embeddable":true,"href":"https:\/\/www.meydan.tv\/az\/wp-json\/wp\/v2\/categories?post=275658"},{"taxonomy":"post_tag","embeddable":true,"href":"https:\/\/www.meydan.tv\/az\/wp-json\/wp\/v2\/tags?post=275658"}],"curies":[{"name":"wp","href":"https:\/\/api.w.org\/{rel}","templated":true}]}}