{"id":275569,"date":"2023-05-19T17:13:03","date_gmt":"2023-05-19T13:13:03","guid":{"rendered":"https:\/\/www.meydan.tv\/?p=275569"},"modified":"2023-05-19T17:13:10","modified_gmt":"2023-05-19T13:13:10","slug":"alla-puqacovadan-muharibe-eleyhdari-olan-kecmis-mere-destek","status":"publish","type":"post","link":"https:\/\/www.meydan.tv\/az\/article\/alla-puqacovadan-muharibe-eleyhdari-olan-kecmis-mere-destek\/","title":{"rendered":"Alla Puqa\u00e7ovadan m\u00fcharib\u0259 \u0259leyhdar\u0131 olan ke\u00e7mi\u015f mer\u0259 d\u0259st\u0259k"},"content":{"rendered":"\n<p><\/p>\n\n\n\n<p><strong><em>\u201cRusiyan\u0131n g\u0259l\u0259c\u0259yi Royzman kimi insanlar\u0131n \u0259lind\u0259dir\u201d<\/em><\/strong><\/p>\n\n\n\n<p>Yekaterinburqun Oktyabrski Rayon M\u0259hk\u0259m\u0259sind\u0259 Rusiya ordusunu g\u00f6zd\u0259n salmaqda ittiham olunan ke\u00e7mi\u015f mer Yevgeni Royzman\u0131n cinay\u0259t i\u015fi \u00fczr\u0259 \u00fc\u00e7\u00fcnc\u00fc m\u0259hk\u0259m\u0259 iclas\u0131 ke\u00e7irilib.<\/p>\n\n\n\n<p>\u0130clasda Royzman\u0131n v\u0259kill\u0259ri i\u015f\u0259 Rusiyan\u0131n birinci prezidentinin h\u0259yat yolda\u015f\u0131 Naina Yeltsinan\u0131n, Xalq artisti, m\u00fc\u011f\u0259nni Alla Puqa\u00e7ovan\u0131n, h\u00fcquq m\u00fcdafi\u0259\u00e7isi Yeva Merka\u00e7ovan\u0131n v\u0259 jurnalist Aleksey Venediktovun verdiyi r\u0259yl\u0259rin \u0259lav\u0259 olunmas\u0131n\u0131 xahi\u015f edibl\u0259r.<\/p>\n\n\n\n<p>Hakim Alla Puqa\u00e7ovan\u0131n \u015fikay\u0259tini prosessual olmad\u0131\u011f\u0131 \u00fc\u00e7\u00fcn ara\u015fd\u0131rmaqdan imtina edib.<\/p>\n\n\n\n<p>M\u00fc\u011f\u0259nnin m\u00fcraci\u0259t sonradan Rusiya m\u0259tbuat\u0131nda <a href=\"https:\/\/t.me\/e1_news\/101101\" target=\"_blank\" rel=\"noreferrer noopener\">yay\u0131mlan\u0131b.<\/a><\/p>\n\n\n\n<p>Alla Puqa\u00e7ova m\u00fcraci\u0259tind\u0259 hakiml\u0259rd\u0259n \u0259dal\u0259tli q\u0259rar \u00e7\u0131xarma\u011f\u0131 xahi\u015f edib:<\/p>\n\n\n\n<p>\u201c<em>\u00dcmid edir\u0259m ki, haz\u0131rda \u00f6lk\u0259d\u0259 ba\u015f ver\u0259n prosesl\u0259ri siz d\u0259 izl\u0259yirsiniz. B\u0259li, siz \u00e7\u0259tin bir q\u0259rarla \u00fcz-\u00fcz\u0259siniz. Amma Yevgeni Royzmana haqq qazand\u0131rmaqdan v\u0259 onu azad etm\u0259kd\u0259n qorxmay\u0131n. \u00d6lk\u0259d\u0259ki v\u0259ziyy\u0259t, biz\u0259 boz, lal k\u00fctl\u0259y\u0259 \u00e7evrilm\u0259m\u0259k \u00fc\u00e7\u00fcn hans\u0131 insanlara d\u0259st\u0259k etm\u0259k laz\u0131m g\u0259ldiyini g\u00f6st\u0259rir\u201d.<\/em><\/p>\n\n\n\n<p>Alla Puqa\u00e7ova deyib ki, Rusiyan\u0131n g\u0259l\u0259c\u0259yi Royzman kimi insanlar\u0131n \u0259lind\u0259dir:<\/p>\n\n\n\n<p>\u201c<em>\u00c7\u00fcnki Royzman kimi insanlar t\u0259kc\u0259 \u00f6z b\u00f6lg\u0259sinin deyil, h\u0259m d\u0259 b\u00fct\u00fcn \u00f6lk\u0259 v\u0259t\u0259nda\u015flar\u0131n\u0131n m\u0259nafeyi \u00fc\u00e7\u00fcn ya\u015fay\u0131r. B\u0259li, Royzman m\u00fchakim\u0259l\u0259rind\u0259 birba\u015fa adamd\u0131r. B\u0259lk\u0259 d\u0259, o, ritorikas\u0131n\u0131 yum\u015faltmal\u0131 idi. Lakin buna \u00e7\u0259tin ki m\u0259hk\u0259m\u0259 q\u0259rar versin. Bu, onun \u00f6lk\u0259nin g\u0259l\u0259c\u0259yi \u00fc\u00e7\u00fcn narahatl\u0131\u011f\u0131ndan ir\u0259li g\u0259lirdi\u201d.<\/em><\/p>\n\n\n\n<p>\u201c<em>M\u0259n se\u00e7kil\u0259rd\u0259 onu d\u0259st\u0259kl\u0259mi\u015fdim v\u0259 buna g\u00f6r\u0259 d\u0259 pe\u015fman olmam\u0131\u015fd\u0131m. Yekaterinburqlular ham\u0131s\u0131 \u00e7ox yax\u015f\u0131 bilirl\u0259r ki, he\u00e7 vaxt r\u00fc\u015fv\u0259t almayan, h\u0259r bir \u015f\u0259h\u0259r sakininin q\u0259buluna yaz\u0131la bil\u0259n bir merl\u0259ri var idi v\u0259 o, ham\u0131ya k\u00f6m\u0259k etm\u0259y\u0259 \u00e7al\u0131\u015f\u0131rd\u0131. Sizd\u0259n xahi\u015f edir\u0259m ki, q\u0259rar ver\u0259rk\u0259n, yazd\u0131qlar\u0131m\u0131 n\u0259z\u0259r\u0259 alas\u0131n\u0131z\u201d,<\/em> &#8211; dey\u0259 Puqa\u00e7ova qeyd edib.<\/p>\n\n\n\n<p>2022-ci ilin fevral\u0131nda Rusiya Ukraynaya qar\u015f\u0131 h\u0259rbi \u0259m\u0259liyyatlara ba\u015flay\u0131b.<\/p>\n\n\n\n<p>Bununla ba\u011fl\u0131 fikirl\u0259rini bildir\u0259n Royzman \u201cUkraynan\u0131n i\u015f\u011fal\u0131\u201d c\u00fcml\u0259sin\u0259 g\u00f6r\u0259 2022-ci ilin avqustunda <a href=\"https:\/\/meduza.io\/feature\/2022\/08\/24\/delo-za-odnu-frazu-vtorzhenie-v-ukrainu-byvshego-mera-ekaterinburga-evgeniya-royzmana-zaderzhali-za-diskreditatsiyu-armii\" target=\"_blank\" rel=\"noreferrer noopener\">saxlan\u0131l\u0131b.<\/a><\/p>\n\n\n\n<p>Onun bar\u0259sind\u0259 Rusiya Cinay\u0259t M\u0259c\u0259ll\u0259sinin 280.3-c\u00fc madd\u0259si (silahl\u0131 q\u00fcvv\u0259l\u0259rin istifad\u0259sini g\u00f6zd\u0259n salma\u011fa y\u00f6n\u0259lmi\u015f ictimai h\u0259r\u0259k\u0259tl\u0259r) il\u0259 cinay\u0259t i\u015fi a\u00e7\u0131l\u0131b.<\/p>\n\n\n\n<p>Bu madd\u0259 il\u0259 maksimum c\u0259za be\u015f il\u0259d\u0259k azadl\u0131qdan m\u0259hrum etm\u0259dir.<\/p>\n\n\n\n<p>Hakimin q\u0259rar\u0131 il\u0259 Royzmana nisb\u0259t\u0259n y\u00fcng\u00fcl c\u0259za verilib.<\/p>\n\n\n\n<p>Ke\u00e7mi\u015f mer 260 min rubl (3245 dollar) m\u0259bl\u0259\u011find\u0259 c\u0259rim\u0259 olunub.<\/p>\n\n\n\n<p>Yevgeni Royzman 2013-2018-ci ill\u0259rd\u0259 Yekaterinburqun meri olub.<\/p>\n\n\n\n<p>O, siyas\u0259t\u00e7i olmaqla yana\u015f\u0131, \u015fair v\u0259 sahibkar kimi d\u0259 tan\u0131n\u0131r.<\/p>\n\n\n\n<p>Rusiya Ukraynada h\u0259rbi \u0259m\u0259liyyatlara ba\u015flayandan sonra aktyor Maksim Qalkin v\u0259 onun h\u0259yat yolda\u015f\u0131 Alla Puqa\u00e7ova \u00f6vladlar\u0131 il\u0259 birlikd\u0259 \u0130srail\u0259 k\u00f6\u00e7\u00fcbl\u0259r.<\/p>\n\n\n\n<p>H\u0259r iki s\u0259n\u0259t\u00e7i d\u0259f\u0259l\u0259rl\u0259 Rusiyan\u0131n Ukraynada ba\u015flatd\u0131\u011f\u0131 m\u00fcharib\u0259ni pisl\u0259yibl\u0259r.<\/p>\n\n\n\n<p>Bundan sonra Rusiya m\u0259tbuat\u0131nda Maksim Qalkin\u0259 qar\u015f\u0131 cinay\u0259t i\u015fi a\u00e7\u0131la bil\u0259c\u0259yi il\u0259 ba\u011fl\u0131 m\u0259lumatlar yay\u0131l\u0131b.<\/p>\n\n\n\n<p>Alla Puqa\u00e7ova da Maksim Qalkin\u0259 g\u00f6r\u0259 Rusiya h\u00f6kum\u0259tin\u0259 x\u0259b\u0259rdarl\u0131q <a href=\"https:\/\/d9mc3ts4czbpr.cloudfront.net\/az\/article\/alla-puqacovadan-rusiya-hokumetine-xeberdarliq\/\" target=\"_blank\" rel=\"noreferrer noopener\">edib.<\/a><\/p>\n\n\n\n<p><em>\u201cMaksim\u0259 qar\u015f\u0131 i\u015f a\u00e7salar, o zaman dan\u0131\u015fma\u011fa ba\u015flayaca\u011fam v\u0259 susmayaca\u011fam\u201d,<\/em> &#8211; Puqa\u00e7ova deyib.<\/p>\n","protected":false},"excerpt":{"rendered":"<p>\u201cRusiyan\u0131n g\u0259l\u0259c\u0259yi Royzman kimi insanlar\u0131n \u0259lind\u0259dir\u201d Yekaterinburqun Oktyabrski Rayon M\u0259hk\u0259m\u0259sind\u0259 &#8230; <\/p>\n<p class=\"read-more-container\"><a title=\"Alla Puqa\u00e7ovadan m\u00fcharib\u0259 \u0259leyhdar\u0131 olan ke\u00e7mi\u015f mer\u0259 d\u0259st\u0259k\" class=\"read-more button\" href=\"https:\/\/www.meydan.tv\/az\/article\/alla-puqacovadan-muharibe-eleyhdari-olan-kecmis-mere-destek\/#more-275569\" aria-label=\"Read more about Alla Puqa\u00e7ovadan m\u00fcharib\u0259 \u0259leyhdar\u0131 olan ke\u00e7mi\u015f mer\u0259 d\u0259st\u0259k\">Davam\u0131<\/a><\/p>\n","protected":false},"author":8,"featured_media":246346,"comment_status":"closed","ping_status":"closed","sticky":false,"template":"","format":"standard","meta":{"_acf_changed":false,"_sitemap_exclude":false,"_sitemap_priority":"","_sitemap_frequency":"","footnotes":""},"categories":[52,56],"tags":[],"class_list":["post-275569","post","type-post","status-publish","format-standard","has-post-thumbnail","hentry","category-medeniyyet","category-xeberler","infinite-scroll-item","generate-columns","tablet-grid-50","mobile-grid-100","grid-parent","grid-33","no-featured-image-padding"],"acf":[],"yoast_head":"<!-- This site is optimized with the Yoast SEO plugin v27.4 - https:\/\/yoast.com\/product\/yoast-seo-wordpress\/ -->\n<title>Alla Puqa\u00e7ovadan m\u00fcharib\u0259 \u0259leyhdar\u0131 olan ke\u00e7mi\u015f mer\u0259 d\u0259st\u0259k - MEYDAN.TV<\/title>\n<meta name=\"robots\" content=\"index, follow, max-snippet:-1, max-image-preview:large, max-video-preview:-1\" \/>\n<link rel=\"canonical\" href=\"https:\/\/www.meydan.tv\/az\/article\/alla-puqacovadan-muharibe-eleyhdari-olan-kecmis-mere-destek\/\" \/>\n<meta property=\"og:locale\" content=\"az_AZ\" \/>\n<meta property=\"og:type\" content=\"article\" \/>\n<meta property=\"og:title\" content=\"Alla Puqa\u00e7ovadan m\u00fcharib\u0259 \u0259leyhdar\u0131 olan ke\u00e7mi\u015f mer\u0259 d\u0259st\u0259k - MEYDAN.TV\" \/>\n<meta property=\"og:description\" content=\"\u201cRusiyan\u0131n g\u0259l\u0259c\u0259yi Royzman kimi insanlar\u0131n \u0259lind\u0259dir\u201d Yekaterinburqun Oktyabrski Rayon M\u0259hk\u0259m\u0259sind\u0259 ... Davam\u0131\" \/>\n<meta property=\"og:url\" content=\"https:\/\/www.meydan.tv\/az\/article\/alla-puqacovadan-muharibe-eleyhdari-olan-kecmis-mere-destek\/\" \/>\n<meta property=\"og:site_name\" content=\"MEYDAN.TV\" \/>\n<meta property=\"article:published_time\" content=\"2023-05-19T13:13:03+00:00\" \/>\n<meta property=\"article:modified_time\" content=\"2023-05-19T13:13:10+00:00\" \/>\n<meta property=\"og:image\" content=\"https:\/\/www.meydan.tv\/wp-content\/uploads\/dfbwrt65-e1653478232867.jpeg\" \/>\n\t<meta property=\"og:image:width\" content=\"1360\" \/>\n\t<meta property=\"og:image:height\" content=\"578\" \/>\n\t<meta property=\"og:image:type\" content=\"image\/jpeg\" \/>\n<meta name=\"author\" content=\"elli\" \/>\n<meta name=\"twitter:card\" content=\"summary_large_image\" \/>\n<meta name=\"twitter:creator\" content=\"@elli\" \/>\n<script type=\"application\/ld+json\" class=\"yoast-schema-graph\">{\"@context\":\"https:\\\/\\\/schema.org\",\"@graph\":[{\"@type\":\"Article\",\"@id\":\"https:\\\/\\\/www.meydan.tv\\\/az\\\/article\\\/alla-puqacovadan-muharibe-eleyhdari-olan-kecmis-mere-destek\\\/#article\",\"isPartOf\":{\"@id\":\"https:\\\/\\\/www.meydan.tv\\\/az\\\/article\\\/alla-puqacovadan-muharibe-eleyhdari-olan-kecmis-mere-destek\\\/\"},\"author\":{\"name\":\"elli\",\"@id\":\"https:\\\/\\\/www.meydan.tv\\\/az\\\/#\\\/schema\\\/person\\\/9cdbecf90d17180ce1dfbd95b08dcf47\"},\"headline\":\"Alla Puqa\u00e7ovadan m\u00fcharib\u0259 \u0259leyhdar\u0131 olan ke\u00e7mi\u015f mer\u0259 d\u0259st\u0259k\",\"datePublished\":\"2023-05-19T13:13:03+00:00\",\"dateModified\":\"2023-05-19T13:13:10+00:00\",\"mainEntityOfPage\":{\"@id\":\"https:\\\/\\\/www.meydan.tv\\\/az\\\/article\\\/alla-puqacovadan-muharibe-eleyhdari-olan-kecmis-mere-destek\\\/\"},\"wordCount\":658,\"publisher\":{\"@id\":\"https:\\\/\\\/www.meydan.tv\\\/az\\\/#organization\"},\"image\":{\"@id\":\"https:\\\/\\\/www.meydan.tv\\\/az\\\/article\\\/alla-puqacovadan-muharibe-eleyhdari-olan-kecmis-mere-destek\\\/#primaryimage\"},\"thumbnailUrl\":\"https:\\\/\\\/www.meydan.tv\\\/wp-content\\\/uploads\\\/dfbwrt65-e1653478232867.jpeg\",\"articleSection\":[\"M\u0259d\u0259niyy\u0259t\",\"X\u0259b\u0259rl\u0259r\"],\"inLanguage\":\"az\"},{\"@type\":\"WebPage\",\"@id\":\"https:\\\/\\\/www.meydan.tv\\\/az\\\/article\\\/alla-puqacovadan-muharibe-eleyhdari-olan-kecmis-mere-destek\\\/\",\"url\":\"https:\\\/\\\/www.meydan.tv\\\/az\\\/article\\\/alla-puqacovadan-muharibe-eleyhdari-olan-kecmis-mere-destek\\\/\",\"name\":\"Alla Puqa\u00e7ovadan m\u00fcharib\u0259 \u0259leyhdar\u0131 olan ke\u00e7mi\u015f mer\u0259 d\u0259st\u0259k - MEYDAN.TV\",\"isPartOf\":{\"@id\":\"https:\\\/\\\/www.meydan.tv\\\/az\\\/#website\"},\"primaryImageOfPage\":{\"@id\":\"https:\\\/\\\/www.meydan.tv\\\/az\\\/article\\\/alla-puqacovadan-muharibe-eleyhdari-olan-kecmis-mere-destek\\\/#primaryimage\"},\"image\":{\"@id\":\"https:\\\/\\\/www.meydan.tv\\\/az\\\/article\\\/alla-puqacovadan-muharibe-eleyhdari-olan-kecmis-mere-destek\\\/#primaryimage\"},\"thumbnailUrl\":\"https:\\\/\\\/www.meydan.tv\\\/wp-content\\\/uploads\\\/dfbwrt65-e1653478232867.jpeg\",\"datePublished\":\"2023-05-19T13:13:03+00:00\",\"dateModified\":\"2023-05-19T13:13:10+00:00\",\"breadcrumb\":{\"@id\":\"https:\\\/\\\/www.meydan.tv\\\/az\\\/article\\\/alla-puqacovadan-muharibe-eleyhdari-olan-kecmis-mere-destek\\\/#breadcrumb\"},\"inLanguage\":\"az\",\"potentialAction\":[{\"@type\":\"ReadAction\",\"target\":[\"https:\\\/\\\/www.meydan.tv\\\/az\\\/article\\\/alla-puqacovadan-muharibe-eleyhdari-olan-kecmis-mere-destek\\\/\"]}]},{\"@type\":\"ImageObject\",\"inLanguage\":\"az\",\"@id\":\"https:\\\/\\\/www.meydan.tv\\\/az\\\/article\\\/alla-puqacovadan-muharibe-eleyhdari-olan-kecmis-mere-destek\\\/#primaryimage\",\"url\":\"https:\\\/\\\/www.meydan.tv\\\/wp-content\\\/uploads\\\/dfbwrt65-e1653478232867.jpeg\",\"contentUrl\":\"https:\\\/\\\/www.meydan.tv\\\/wp-content\\\/uploads\\\/dfbwrt65-e1653478232867.jpeg\",\"width\":1360,\"height\":578,\"caption\":\"Alla Puqa\u00e7ova.Foto: arxiv\"},{\"@type\":\"BreadcrumbList\",\"@id\":\"https:\\\/\\\/www.meydan.tv\\\/az\\\/article\\\/alla-puqacovadan-muharibe-eleyhdari-olan-kecmis-mere-destek\\\/#breadcrumb\",\"itemListElement\":[{\"@type\":\"ListItem\",\"position\":1,\"name\":\"Ana s\u0259hif\u0259\",\"item\":\"https:\\\/\\\/www.meydan.tv\\\/az\\\/\"},{\"@type\":\"ListItem\",\"position\":2,\"name\":\"M\u0259d\u0259niyy\u0259t\",\"item\":\"https:\\\/\\\/www.meydan.tv\\\/az\\\/section\\\/medeniyyet\\\/\"},{\"@type\":\"ListItem\",\"position\":3,\"name\":\"Alla Puqa\u00e7ovadan m\u00fcharib\u0259 \u0259leyhdar\u0131 olan ke\u00e7mi\u015f mer\u0259 d\u0259st\u0259k\"}]},{\"@type\":\"WebSite\",\"@id\":\"https:\\\/\\\/www.meydan.tv\\\/az\\\/#website\",\"url\":\"https:\\\/\\\/www.meydan.tv\\\/az\\\/\",\"name\":\"MEYDAN.TV\",\"description\":\"Meydan TV Az\u0259rbaycan\u0131n media m\u0259kan\u0131ndak\u0131 alternativ s\u0259sidir\",\"publisher\":{\"@id\":\"https:\\\/\\\/www.meydan.tv\\\/az\\\/#organization\"},\"potentialAction\":[{\"@type\":\"SearchAction\",\"target\":{\"@type\":\"EntryPoint\",\"urlTemplate\":\"https:\\\/\\\/www.meydan.tv\\\/az\\\/?s={search_term_string}\"},\"query-input\":{\"@type\":\"PropertyValueSpecification\",\"valueRequired\":true,\"valueName\":\"search_term_string\"}}],\"inLanguage\":\"az\"},{\"@type\":\"Organization\",\"@id\":\"https:\\\/\\\/www.meydan.tv\\\/az\\\/#organization\",\"name\":\"Meydan TV\",\"url\":\"https:\\\/\\\/www.meydan.tv\\\/az\\\/\",\"logo\":{\"@type\":\"ImageObject\",\"inLanguage\":\"az\",\"@id\":\"https:\\\/\\\/www.meydan.tv\\\/az\\\/#\\\/schema\\\/logo\\\/image\\\/\",\"url\":\"https:\\\/\\\/www.meydan.tv\\\/wp-content\\\/uploads\\\/2021\\\/07\\\/meydan-logo.svg\",\"contentUrl\":\"https:\\\/\\\/www.meydan.tv\\\/wp-content\\\/uploads\\\/2021\\\/07\\\/meydan-logo.svg\",\"width\":195,\"height\":46,\"caption\":\"Meydan TV\"},\"image\":{\"@id\":\"https:\\\/\\\/www.meydan.tv\\\/az\\\/#\\\/schema\\\/logo\\\/image\\\/\"}},{\"@type\":\"Person\",\"@id\":\"https:\\\/\\\/www.meydan.tv\\\/az\\\/#\\\/schema\\\/person\\\/9cdbecf90d17180ce1dfbd95b08dcf47\",\"name\":\"elli\",\"sameAs\":[\"https:\\\/\\\/x.com\\\/elli\"]}]}<\/script>\n<!-- \/ Yoast SEO plugin. -->","yoast_head_json":{"title":"Alla Puqa\u00e7ovadan m\u00fcharib\u0259 \u0259leyhdar\u0131 olan ke\u00e7mi\u015f mer\u0259 d\u0259st\u0259k - MEYDAN.TV","robots":{"index":"index","follow":"follow","max-snippet":"max-snippet:-1","max-image-preview":"max-image-preview:large","max-video-preview":"max-video-preview:-1"},"canonical":"https:\/\/www.meydan.tv\/az\/article\/alla-puqacovadan-muharibe-eleyhdari-olan-kecmis-mere-destek\/","og_locale":"az_AZ","og_type":"article","og_title":"Alla Puqa\u00e7ovadan m\u00fcharib\u0259 \u0259leyhdar\u0131 olan ke\u00e7mi\u015f mer\u0259 d\u0259st\u0259k - MEYDAN.TV","og_description":"\u201cRusiyan\u0131n g\u0259l\u0259c\u0259yi Royzman kimi insanlar\u0131n \u0259lind\u0259dir\u201d Yekaterinburqun Oktyabrski Rayon M\u0259hk\u0259m\u0259sind\u0259 ... Davam\u0131","og_url":"https:\/\/www.meydan.tv\/az\/article\/alla-puqacovadan-muharibe-eleyhdari-olan-kecmis-mere-destek\/","og_site_name":"MEYDAN.TV","article_published_time":"2023-05-19T13:13:03+00:00","article_modified_time":"2023-05-19T13:13:10+00:00","og_image":[{"width":1360,"height":578,"url":"https:\/\/www.meydan.tv\/wp-content\/uploads\/dfbwrt65-e1653478232867.jpeg","type":"image\/jpeg"}],"author":"elli","twitter_card":"summary_large_image","twitter_creator":"@elli","schema":{"@context":"https:\/\/schema.org","@graph":[{"@type":"Article","@id":"https:\/\/www.meydan.tv\/az\/article\/alla-puqacovadan-muharibe-eleyhdari-olan-kecmis-mere-destek\/#article","isPartOf":{"@id":"https:\/\/www.meydan.tv\/az\/article\/alla-puqacovadan-muharibe-eleyhdari-olan-kecmis-mere-destek\/"},"author":{"name":"elli","@id":"https:\/\/www.meydan.tv\/az\/#\/schema\/person\/9cdbecf90d17180ce1dfbd95b08dcf47"},"headline":"Alla Puqa\u00e7ovadan m\u00fcharib\u0259 \u0259leyhdar\u0131 olan ke\u00e7mi\u015f mer\u0259 d\u0259st\u0259k","datePublished":"2023-05-19T13:13:03+00:00","dateModified":"2023-05-19T13:13:10+00:00","mainEntityOfPage":{"@id":"https:\/\/www.meydan.tv\/az\/article\/alla-puqacovadan-muharibe-eleyhdari-olan-kecmis-mere-destek\/"},"wordCount":658,"publisher":{"@id":"https:\/\/www.meydan.tv\/az\/#organization"},"image":{"@id":"https:\/\/www.meydan.tv\/az\/article\/alla-puqacovadan-muharibe-eleyhdari-olan-kecmis-mere-destek\/#primaryimage"},"thumbnailUrl":"https:\/\/www.meydan.tv\/wp-content\/uploads\/dfbwrt65-e1653478232867.jpeg","articleSection":["M\u0259d\u0259niyy\u0259t","X\u0259b\u0259rl\u0259r"],"inLanguage":"az"},{"@type":"WebPage","@id":"https:\/\/www.meydan.tv\/az\/article\/alla-puqacovadan-muharibe-eleyhdari-olan-kecmis-mere-destek\/","url":"https:\/\/www.meydan.tv\/az\/article\/alla-puqacovadan-muharibe-eleyhdari-olan-kecmis-mere-destek\/","name":"Alla Puqa\u00e7ovadan m\u00fcharib\u0259 \u0259leyhdar\u0131 olan ke\u00e7mi\u015f mer\u0259 d\u0259st\u0259k - MEYDAN.TV","isPartOf":{"@id":"https:\/\/www.meydan.tv\/az\/#website"},"primaryImageOfPage":{"@id":"https:\/\/www.meydan.tv\/az\/article\/alla-puqacovadan-muharibe-eleyhdari-olan-kecmis-mere-destek\/#primaryimage"},"image":{"@id":"https:\/\/www.meydan.tv\/az\/article\/alla-puqacovadan-muharibe-eleyhdari-olan-kecmis-mere-destek\/#primaryimage"},"thumbnailUrl":"https:\/\/www.meydan.tv\/wp-content\/uploads\/dfbwrt65-e1653478232867.jpeg","datePublished":"2023-05-19T13:13:03+00:00","dateModified":"2023-05-19T13:13:10+00:00","breadcrumb":{"@id":"https:\/\/www.meydan.tv\/az\/article\/alla-puqacovadan-muharibe-eleyhdari-olan-kecmis-mere-destek\/#breadcrumb"},"inLanguage":"az","potentialAction":[{"@type":"ReadAction","target":["https:\/\/www.meydan.tv\/az\/article\/alla-puqacovadan-muharibe-eleyhdari-olan-kecmis-mere-destek\/"]}]},{"@type":"ImageObject","inLanguage":"az","@id":"https:\/\/www.meydan.tv\/az\/article\/alla-puqacovadan-muharibe-eleyhdari-olan-kecmis-mere-destek\/#primaryimage","url":"https:\/\/www.meydan.tv\/wp-content\/uploads\/dfbwrt65-e1653478232867.jpeg","contentUrl":"https:\/\/www.meydan.tv\/wp-content\/uploads\/dfbwrt65-e1653478232867.jpeg","width":1360,"height":578,"caption":"Alla Puqa\u00e7ova.Foto: arxiv"},{"@type":"BreadcrumbList","@id":"https:\/\/www.meydan.tv\/az\/article\/alla-puqacovadan-muharibe-eleyhdari-olan-kecmis-mere-destek\/#breadcrumb","itemListElement":[{"@type":"ListItem","position":1,"name":"Ana s\u0259hif\u0259","item":"https:\/\/www.meydan.tv\/az\/"},{"@type":"ListItem","position":2,"name":"M\u0259d\u0259niyy\u0259t","item":"https:\/\/www.meydan.tv\/az\/section\/medeniyyet\/"},{"@type":"ListItem","position":3,"name":"Alla Puqa\u00e7ovadan m\u00fcharib\u0259 \u0259leyhdar\u0131 olan ke\u00e7mi\u015f mer\u0259 d\u0259st\u0259k"}]},{"@type":"WebSite","@id":"https:\/\/www.meydan.tv\/az\/#website","url":"https:\/\/www.meydan.tv\/az\/","name":"MEYDAN.TV","description":"Meydan TV Az\u0259rbaycan\u0131n media m\u0259kan\u0131ndak\u0131 alternativ s\u0259sidir","publisher":{"@id":"https:\/\/www.meydan.tv\/az\/#organization"},"potentialAction":[{"@type":"SearchAction","target":{"@type":"EntryPoint","urlTemplate":"https:\/\/www.meydan.tv\/az\/?s={search_term_string}"},"query-input":{"@type":"PropertyValueSpecification","valueRequired":true,"valueName":"search_term_string"}}],"inLanguage":"az"},{"@type":"Organization","@id":"https:\/\/www.meydan.tv\/az\/#organization","name":"Meydan TV","url":"https:\/\/www.meydan.tv\/az\/","logo":{"@type":"ImageObject","inLanguage":"az","@id":"https:\/\/www.meydan.tv\/az\/#\/schema\/logo\/image\/","url":"https:\/\/www.meydan.tv\/wp-content\/uploads\/2021\/07\/meydan-logo.svg","contentUrl":"https:\/\/www.meydan.tv\/wp-content\/uploads\/2021\/07\/meydan-logo.svg","width":195,"height":46,"caption":"Meydan TV"},"image":{"@id":"https:\/\/www.meydan.tv\/az\/#\/schema\/logo\/image\/"}},{"@type":"Person","@id":"https:\/\/www.meydan.tv\/az\/#\/schema\/person\/9cdbecf90d17180ce1dfbd95b08dcf47","name":"elli","sameAs":["https:\/\/x.com\/elli"]}]}},"_links":{"self":[{"href":"https:\/\/www.meydan.tv\/az\/wp-json\/wp\/v2\/posts\/275569","targetHints":{"allow":["GET"]}}],"collection":[{"href":"https:\/\/www.meydan.tv\/az\/wp-json\/wp\/v2\/posts"}],"about":[{"href":"https:\/\/www.meydan.tv\/az\/wp-json\/wp\/v2\/types\/post"}],"author":[{"embeddable":true,"href":"https:\/\/www.meydan.tv\/az\/wp-json\/wp\/v2\/users\/8"}],"replies":[{"embeddable":true,"href":"https:\/\/www.meydan.tv\/az\/wp-json\/wp\/v2\/comments?post=275569"}],"version-history":[{"count":1,"href":"https:\/\/www.meydan.tv\/az\/wp-json\/wp\/v2\/posts\/275569\/revisions"}],"predecessor-version":[{"id":275571,"href":"https:\/\/www.meydan.tv\/az\/wp-json\/wp\/v2\/posts\/275569\/revisions\/275571"}],"wp:featuredmedia":[{"embeddable":true,"href":"https:\/\/www.meydan.tv\/az\/wp-json\/wp\/v2\/media\/246346"}],"wp:attachment":[{"href":"https:\/\/www.meydan.tv\/az\/wp-json\/wp\/v2\/media?parent=275569"}],"wp:term":[{"taxonomy":"category","embeddable":true,"href":"https:\/\/www.meydan.tv\/az\/wp-json\/wp\/v2\/categories?post=275569"},{"taxonomy":"post_tag","embeddable":true,"href":"https:\/\/www.meydan.tv\/az\/wp-json\/wp\/v2\/tags?post=275569"}],"curies":[{"name":"wp","href":"https:\/\/api.w.org\/{rel}","templated":true}]}}