{"id":275529,"date":"2023-05-19T13:25:30","date_gmt":"2023-05-19T09:25:30","guid":{"rendered":"https:\/\/www.meydan.tv\/?p=275529"},"modified":"2023-05-19T13:25:35","modified_gmt":"2023-05-19T09:25:35","slug":"abs-baki-ve-yerevanin-moskva-gorusunu-destekledi","status":"publish","type":"post","link":"https:\/\/www.meydan.tv\/az\/article\/abs-baki-ve-yerevanin-moskva-gorusunu-destekledi\/","title":{"rendered":"AB\u015e Bak\u0131 v\u0259 Yerevan\u0131n Moskva g\u00f6r\u00fc\u015f\u00fcn\u00fc d\u0259st\u0259kl\u0259di"},"content":{"rendered":"\n<p><\/p>\n\n\n\n<p><strong><em>&#8220;T\u0259r\u0259fl\u0259r aras\u0131nda birba\u015fa dan\u0131\u015f\u0131qlar \u00e7ox \u0259h\u0259miyy\u0259tlidir&#8221;<\/em><\/strong><\/p>\n\n\n\n<p>AB\u015e Az\u0259rbaycan\u0131n v\u0259 Erm\u0259nistan\u0131n xarici i\u015fl\u0259r nazirl\u0259rinin may\u0131n 19-da Moskva g\u00f6r\u00fc\u015f\u00fcn\u0259 tam d\u0259st\u0259k verir.<\/p>\n\n\n\n<p>Bu bar\u0259d\u0259 may\u0131n 18-d\u0259 D\u00f6vl\u0259t Departamentinin r\u0259smi n\u00fcmay\u0259nd\u0259sinin m\u00fcavini Vedant Patel brifinqd\u0259 bildirib.<\/p>\n\n\n\n<p>Vedant Patel deyib ki, t\u0259r\u0259fl\u0259r aras\u0131nda birba\u015fa dan\u0131\u015f\u0131qlar \u00e7ox \u0259h\u0259miyy\u0259tlidir v\u0259 onlar\u0131n ba\u015f tutmas\u0131ndan m\u0259mnundurlar:<\/p>\n\n\n\n<p>&#8220;<em>Biz tam d\u0259st\u0259k g\u00f6st\u0259rm\u0259yi v\u0259 AB\u015e-\u0131n i\u015ftirak\u0131n\u0131 davam etdiririk. \u00c7\u00fcnki bu iki \u00f6lk\u0259 davaml\u0131 v\u0259 m\u00f6hk\u0259m s\u00fclh\u00fc t\u0259min etm\u0259k \u00fc\u00e7\u00fcn \u00e7al\u0131\u015f\u0131rlar. Bu dan\u0131\u015f\u0131qlar Arlinqtondam\u0131 gedir, ya Br\u00fcsseld\u0259, ya Moskvada, f\u0259rqi yox, bundan bizim d\u0259st\u0259yimiz d\u0259yi\u015fmir&#8221;.<\/em><\/p>\n\n\n\n<p><a href=\"https:\/\/www.turan.az\/ext\/news\/2023\/5\/free\/politics_news\/az\/4659.htm\" target=\"_blank\" rel=\"noreferrer noopener\">&#8220;Turan&#8221;<\/a>\u0131n \u201cVa\u015finqton Moskvan\u0131n vasit\u0259\u00e7ilik s\u0259yl\u0259rin\u0259 \u0259mindirmi?\u201d sual\u0131na Vedant Patel bel\u0259 cavab verib:<\/p>\n\n\n\n<p><em>&#8220;F\u0259rziyy\u0259l\u0259r ir\u0259li s\u00fcrm\u0259y\u0259c\u0259k. Hesab edirik ki, \u00f6lk\u0259l\u0259r aras\u0131nda s\u00fclh m\u00fcmk\u00fcnd\u00fcr v\u0259 AB\u015e ist\u0259nil\u0259n halda davaml\u0131 v\u0259 layiqli s\u00fclh\u00fc alq\u0131\u015flama\u011fa, onun \u00fcz\u0259rind\u0259 i\u015fl\u0259m\u0259y\u0259 davam edir&#8221;.<\/em><\/p>\n\n\n\n<figure class=\"wp-block-image size-full\"><img decoding=\"async\" width=\"800\" height=\"554\" data-src=\"https:\/\/www.meydan.tv\/wp-content\/uploads\/051900062398.webp\" alt=\"\" class=\"wp-image-275530 lazyload\" src=\"data:image\/svg+xml;base64,PHN2ZyB3aWR0aD0iMSIgaGVpZ2h0PSIxIiB4bWxucz0iaHR0cDovL3d3dy53My5vcmcvMjAwMC9zdmciPjwvc3ZnPg==\" style=\"--smush-placeholder-width: 800px; --smush-placeholder-aspect-ratio: 800\/554;\" \/><figcaption class=\"wp-element-caption\">Vedant Patel. Foto: &#8220;Turan&#8221;<\/figcaption><\/figure>\n\n\n\n<p>&#8220;<em>AB\u015e v\u0259 Rusiya ikit\u0259r\u0259fli m\u00fcnasib\u0259tl\u0259ri d\u0259st\u0259kl\u0259yir. \u00c7\u00fcnki dan\u0131\u015fmal\u0131 oldu\u011fumuz m\u0259s\u0259l\u0259l\u0259r var&#8221;, &#8211;<\/em> dey\u0259 Vedant Patel fikrini tamamlay\u0131b.<\/p>\n\n\n\n<p>Bu g\u00fcn Moskvada Rusiyan\u0131n xarici i\u015fl\u0259r naziri Sergey Lavrovun vasit\u0259\u00e7iliyi il\u0259 Erm\u0259nistan v\u0259 Az\u0259rbaycan xarici i\u015fl\u0259r nazirl\u0259ri g\u00f6r\u00fc\u015f\u00fcr.<\/p>\n\n\n\n<p>May\u0131n 25-d\u0259 is\u0259 Vladimir Putinin i\u015ftirak\u0131 il\u0259 d\u00f6vl\u0259t ba\u015f\u00e7\u0131lar\u0131n\u0131n g\u00f6r\u00fc\u015f\u00fc <a href=\"https:\/\/storage.googleapis.com\/qurium\/www.meydan.tv\/az-article-pasinyanin-eliyevle-moskavada-gorusu-gozlenilir.html\" target=\"_blank\" rel=\"noreferrer noopener\">g\u00f6zl\u0259nilir<\/a>.<\/p>\n\n\n\n<p>May\u0131n 14-d\u0259 Br\u00fcsseld\u0259 Az\u0259rbaycan v\u0259 Erm\u0259nistan liderl\u0259ri Avropa \u0130ttifaq\u0131 \u015euras\u0131n\u0131n r\u0259hb\u0259ri \u015earl Mi\u015felin vasit\u0259\u00e7iliyi il\u0259 g\u00f6r\u00fc\u015f\u00fcbl\u0259r.<\/p>\n\n\n\n<p>G\u00f6r\u00fc\u015fd\u0259n sonra b\u0259yanat yayan \u015earl Mi\u015fel Br\u00fcssel dan\u0131\u015f\u0131qlardan m\u0259mnun qald\u0131\u011f\u0131n\u0131 ifad\u0259 edib.<\/p>\n\n\n\n<p>B\u0259yanatda qeyd olunur ki, liderl\u0259r C\u0259nubi Qafqazda s\u00fclh\u00fcn b\u0259rq\u0259rar olmas\u0131na haz\u0131rl\u0131\u011f\u0131 m\u00fczakir\u0259 edibl\u0259r.<\/p>\n\n\n\n<p>\u201cAB\u015e-da s\u00fclh m\u00fcqavil\u0259si il\u0259 ba\u011fl\u0131 son m\u00fcsb\u0259t dan\u0131\u015f\u0131qlardan sonra Erm\u0259nistan v\u0259 Az\u0259rbaycan aras\u0131nda h\u0259rt\u0259r\u0259fli s\u00fclh sazi\u015finin imzalanmas\u0131 istiqam\u0259tind\u0259 q\u0259ti add\u0131mlar\u0131n at\u0131lmas\u0131 \u00fc\u00e7\u00fcn s\u0259yl\u0259r saxlan\u0131lmal\u0131d\u0131r\u201d, \u2013 \u015earl Mi\u015fel deyib.<\/p>\n\n\n\n<p>May\u0131n 1-4 tarixl\u0259rind\u0259 Az\u0259rbaycan v\u0259 Erm\u0259nistan xarici i\u015fl\u0259r nazirl\u0259ri Va\u015finqtonda g\u00f6r\u00fc\u015fm\u00fc\u015fd\u00fc.<\/p>\n\n\n\n<p>AB\u015e-\u0131n D\u00f6vl\u0259t katibi Entoni Blinken may\u0131n 4-d\u0259 ke\u00e7irdiyi m\u0259tbuat konfrans\u0131nda Az\u0259rbaycan v\u0259 Erm\u0259nistan\u0131n davaml\u0131 s\u00fclh sazi\u015fi istiqam\u0259tind\u0259 n\u0259z\u0259r\u0259 \u00e7arpacaq ir\u0259lil\u0259yi\u015f \u0259ld\u0259 etdiyini bildirmi\u015fdi.<\/p>\n\n\n\n<p><strong>M\u00fcnaqi\u015f\u0259nin q\u0131sa xronikas\u0131<\/strong><\/p>\n\n\n\n<p>Az\u0259rbaycan v\u0259 Erm\u0259nistan aras\u0131nda olan Qaraba\u011f m\u00fcnaqi\u015f\u0259sinin ilkin m\u0259rh\u0259l\u0259si 1988-ci ild\u0259 ba\u015flay\u0131b.<\/p>\n\n\n\n<p>Erm\u0259nistan\u0131n Az\u0259rbaycana \u0259razi iddialar\u0131 il\u0259 ba\u015flayan v\u0259 1994-c\u00fc ild\u0259 imzalanan at\u0259\u015fk\u0259s raz\u0131la\u015fmas\u0131 il\u0259 bit\u0259n Birinci Qaraba\u011f m\u00fcharib\u0259si zaman\u0131 Az\u0259rbaycan\u0131n Da\u011fl\u0131q Qaraba\u011f b\u00f6lg\u0259si v\u0259 ona biti\u015fik 7 rayonu i\u015f\u011fal edilib.<\/p>\n\n\n\n<p>2020-ci ilin sentyabr\u0131nda Az\u0259rbaycan v\u0259 Erm\u0259nistan silahl\u0131 q\u00fcvv\u0259l\u0259ri aras\u0131nda ba\u015f vermi\u015f 44 g\u00fcnl\u00fck \u0130kinci Qaraba\u011f m\u00fcharib\u0259si n\u0259tic\u0259sind\u0259 is\u0259 Az\u0259rbaycan Qaraba\u011f\u0131n bir hiss\u0259sin\u0259 v\u0259 \u0259traf 7 rayona n\u0259zar\u0259ti b\u0259rpa edib.<\/p>\n\n\n\n<p>Az\u0259rbaycan, Erm\u0259nistan v\u0259 Rusiya r\u0259hb\u0259rliyinin imzalad\u0131\u011f\u0131 \u00fc\u00e7t\u0259r\u0259fli birg\u0259 b\u0259yanatla d\u00f6y\u00fc\u015fl\u0259r dayand\u0131r\u0131landan sonra La\u00e7\u0131n d\u0259hlizind\u0259 v\u0259 Qaraba\u011fdak\u0131 t\u0259mas x\u0259ttind\u0259 Rusiya s\u00fclhm\u0259raml\u0131lar\u0131 yerl\u0259\u015fdirilib.<\/p>\n\n\n\n<p>Haz\u0131rk\u0131 m\u0259rh\u0259l\u0259d\u0259 \u0259razid\u0259 tez-tez at\u0259\u015fk\u0259s pozulur, h\u0259tta g\u00fcnl\u0259rl\u0259 s\u00fcr\u0259n d\u00f6y\u00fc\u015fl\u0259r ba\u015f verir.<\/p>\n\n\n\n<p>N\u0259tic\u0259d\u0259 h\u0259r iki t\u0259r\u0259f itki verir v\u0259 buna g\u00f6r\u0259 bir-birl\u0259rini g\u00fcnahland\u0131r\u0131rlar.<\/p>\n","protected":false},"excerpt":{"rendered":"<p>&#8220;T\u0259r\u0259fl\u0259r aras\u0131nda birba\u015fa dan\u0131\u015f\u0131qlar \u00e7ox \u0259h\u0259miyy\u0259tlidir&#8221; AB\u015e Az\u0259rbaycan\u0131n v\u0259 Erm\u0259nistan\u0131n &#8230; <\/p>\n<p class=\"read-more-container\"><a title=\"AB\u015e Bak\u0131 v\u0259 Yerevan\u0131n Moskva g\u00f6r\u00fc\u015f\u00fcn\u00fc d\u0259st\u0259kl\u0259di\" class=\"read-more button\" href=\"https:\/\/www.meydan.tv\/az\/article\/abs-baki-ve-yerevanin-moskva-gorusunu-destekledi\/#more-275529\" aria-label=\"Read more about AB\u015e Bak\u0131 v\u0259 Yerevan\u0131n Moskva g\u00f6r\u00fc\u015f\u00fcn\u00fc d\u0259st\u0259kl\u0259di\">Davam\u0131<\/a><\/p>\n","protected":false},"author":8,"featured_media":274829,"comment_status":"closed","ping_status":"closed","sticky":false,"template":"","format":"standard","meta":{"_acf_changed":false,"_sitemap_exclude":false,"_sitemap_priority":"","_sitemap_frequency":"","footnotes":""},"categories":[59,79,56],"tags":[],"class_list":["post-275529","post","type-post","status-publish","format-standard","has-post-thumbnail","hentry","category-siyaset","category-featured","category-xeberler","infinite-scroll-item","generate-columns","tablet-grid-50","mobile-grid-100","grid-parent","grid-33","no-featured-image-padding"],"acf":[],"yoast_head":"<!-- This site is optimized with the Yoast SEO plugin v27.4 - https:\/\/yoast.com\/product\/yoast-seo-wordpress\/ -->\n<title>AB\u015e Bak\u0131 v\u0259 Yerevan\u0131n Moskva g\u00f6r\u00fc\u015f\u00fcn\u00fc d\u0259st\u0259kl\u0259di - MEYDAN.TV<\/title>\n<meta name=\"robots\" content=\"index, follow, max-snippet:-1, max-image-preview:large, max-video-preview:-1\" \/>\n<link rel=\"canonical\" href=\"https:\/\/www.meydan.tv\/az\/article\/abs-baki-ve-yerevanin-moskva-gorusunu-destekledi\/\" \/>\n<meta property=\"og:locale\" content=\"az_AZ\" \/>\n<meta property=\"og:type\" content=\"article\" \/>\n<meta property=\"og:title\" content=\"AB\u015e Bak\u0131 v\u0259 Yerevan\u0131n Moskva g\u00f6r\u00fc\u015f\u00fcn\u00fc d\u0259st\u0259kl\u0259di - MEYDAN.TV\" \/>\n<meta property=\"og:description\" content=\"&#8220;T\u0259r\u0259fl\u0259r aras\u0131nda birba\u015fa dan\u0131\u015f\u0131qlar \u00e7ox \u0259h\u0259miyy\u0259tlidir&#8221; AB\u015e Az\u0259rbaycan\u0131n v\u0259 Erm\u0259nistan\u0131n ... Davam\u0131\" \/>\n<meta property=\"og:url\" content=\"https:\/\/www.meydan.tv\/az\/article\/abs-baki-ve-yerevanin-moskva-gorusunu-destekledi\/\" \/>\n<meta property=\"og:site_name\" content=\"MEYDAN.TV\" \/>\n<meta property=\"article:published_time\" content=\"2023-05-19T09:25:30+00:00\" \/>\n<meta property=\"article:modified_time\" content=\"2023-05-19T09:25:35+00:00\" \/>\n<meta property=\"og:image\" content=\"https:\/\/www.meydan.tv\/wp-content\/uploads\/ararat-mirzoyan-sergey-lavrov-jeyhun-bayramov-13-05-22-1024x682-1-e1683889749631.jpg\" \/>\n\t<meta property=\"og:image:width\" content=\"1200\" \/>\n\t<meta property=\"og:image:height\" content=\"687\" \/>\n\t<meta property=\"og:image:type\" content=\"image\/jpeg\" \/>\n<meta name=\"author\" content=\"elli\" \/>\n<meta name=\"twitter:card\" content=\"summary_large_image\" \/>\n<meta name=\"twitter:creator\" content=\"@elli\" \/>\n<script type=\"application\/ld+json\" class=\"yoast-schema-graph\">{\"@context\":\"https:\\\/\\\/schema.org\",\"@graph\":[{\"@type\":\"Article\",\"@id\":\"https:\\\/\\\/www.meydan.tv\\\/az\\\/article\\\/abs-baki-ve-yerevanin-moskva-gorusunu-destekledi\\\/#article\",\"isPartOf\":{\"@id\":\"https:\\\/\\\/www.meydan.tv\\\/az\\\/article\\\/abs-baki-ve-yerevanin-moskva-gorusunu-destekledi\\\/\"},\"author\":{\"name\":\"elli\",\"@id\":\"https:\\\/\\\/www.meydan.tv\\\/az\\\/#\\\/schema\\\/person\\\/9cdbecf90d17180ce1dfbd95b08dcf47\"},\"headline\":\"AB\u015e Bak\u0131 v\u0259 Yerevan\u0131n Moskva g\u00f6r\u00fc\u015f\u00fcn\u00fc d\u0259st\u0259kl\u0259di\",\"datePublished\":\"2023-05-19T09:25:30+00:00\",\"dateModified\":\"2023-05-19T09:25:35+00:00\",\"mainEntityOfPage\":{\"@id\":\"https:\\\/\\\/www.meydan.tv\\\/az\\\/article\\\/abs-baki-ve-yerevanin-moskva-gorusunu-destekledi\\\/\"},\"wordCount\":715,\"publisher\":{\"@id\":\"https:\\\/\\\/www.meydan.tv\\\/az\\\/#organization\"},\"image\":{\"@id\":\"https:\\\/\\\/www.meydan.tv\\\/az\\\/article\\\/abs-baki-ve-yerevanin-moskva-gorusunu-destekledi\\\/#primaryimage\"},\"thumbnailUrl\":\"https:\\\/\\\/www.meydan.tv\\\/wp-content\\\/uploads\\\/ararat-mirzoyan-sergey-lavrov-jeyhun-bayramov-13-05-22-1024x682-1-e1683889749631.jpg\",\"articleSection\":[\"Siyas\u0259t\",\"T\u00f6vsiy\u0259\",\"X\u0259b\u0259rl\u0259r\"],\"inLanguage\":\"az\"},{\"@type\":\"WebPage\",\"@id\":\"https:\\\/\\\/www.meydan.tv\\\/az\\\/article\\\/abs-baki-ve-yerevanin-moskva-gorusunu-destekledi\\\/\",\"url\":\"https:\\\/\\\/www.meydan.tv\\\/az\\\/article\\\/abs-baki-ve-yerevanin-moskva-gorusunu-destekledi\\\/\",\"name\":\"AB\u015e Bak\u0131 v\u0259 Yerevan\u0131n Moskva g\u00f6r\u00fc\u015f\u00fcn\u00fc d\u0259st\u0259kl\u0259di - MEYDAN.TV\",\"isPartOf\":{\"@id\":\"https:\\\/\\\/www.meydan.tv\\\/az\\\/#website\"},\"primaryImageOfPage\":{\"@id\":\"https:\\\/\\\/www.meydan.tv\\\/az\\\/article\\\/abs-baki-ve-yerevanin-moskva-gorusunu-destekledi\\\/#primaryimage\"},\"image\":{\"@id\":\"https:\\\/\\\/www.meydan.tv\\\/az\\\/article\\\/abs-baki-ve-yerevanin-moskva-gorusunu-destekledi\\\/#primaryimage\"},\"thumbnailUrl\":\"https:\\\/\\\/www.meydan.tv\\\/wp-content\\\/uploads\\\/ararat-mirzoyan-sergey-lavrov-jeyhun-bayramov-13-05-22-1024x682-1-e1683889749631.jpg\",\"datePublished\":\"2023-05-19T09:25:30+00:00\",\"dateModified\":\"2023-05-19T09:25:35+00:00\",\"breadcrumb\":{\"@id\":\"https:\\\/\\\/www.meydan.tv\\\/az\\\/article\\\/abs-baki-ve-yerevanin-moskva-gorusunu-destekledi\\\/#breadcrumb\"},\"inLanguage\":\"az\",\"potentialAction\":[{\"@type\":\"ReadAction\",\"target\":[\"https:\\\/\\\/www.meydan.tv\\\/az\\\/article\\\/abs-baki-ve-yerevanin-moskva-gorusunu-destekledi\\\/\"]}]},{\"@type\":\"ImageObject\",\"inLanguage\":\"az\",\"@id\":\"https:\\\/\\\/www.meydan.tv\\\/az\\\/article\\\/abs-baki-ve-yerevanin-moskva-gorusunu-destekledi\\\/#primaryimage\",\"url\":\"https:\\\/\\\/www.meydan.tv\\\/wp-content\\\/uploads\\\/ararat-mirzoyan-sergey-lavrov-jeyhun-bayramov-13-05-22-1024x682-1-e1683889749631.jpg\",\"contentUrl\":\"https:\\\/\\\/www.meydan.tv\\\/wp-content\\\/uploads\\\/ararat-mirzoyan-sergey-lavrov-jeyhun-bayramov-13-05-22-1024x682-1-e1683889749631.jpg\",\"width\":1200,\"height\":687,\"caption\":\"Ararat Mirzoyan, Sergey Lavrov v\u0259 Ceyhun Bayramov. Foto: Az\u0259rbaycan Xarici \u0130\u015fl\u0259r Nazirliyi\"},{\"@type\":\"BreadcrumbList\",\"@id\":\"https:\\\/\\\/www.meydan.tv\\\/az\\\/article\\\/abs-baki-ve-yerevanin-moskva-gorusunu-destekledi\\\/#breadcrumb\",\"itemListElement\":[{\"@type\":\"ListItem\",\"position\":1,\"name\":\"Ana s\u0259hif\u0259\",\"item\":\"https:\\\/\\\/www.meydan.tv\\\/az\\\/\"},{\"@type\":\"ListItem\",\"position\":2,\"name\":\"Siyas\u0259t\",\"item\":\"https:\\\/\\\/www.meydan.tv\\\/az\\\/section\\\/siyaset\\\/\"},{\"@type\":\"ListItem\",\"position\":3,\"name\":\"AB\u015e Bak\u0131 v\u0259 Yerevan\u0131n Moskva g\u00f6r\u00fc\u015f\u00fcn\u00fc d\u0259st\u0259kl\u0259di\"}]},{\"@type\":\"WebSite\",\"@id\":\"https:\\\/\\\/www.meydan.tv\\\/az\\\/#website\",\"url\":\"https:\\\/\\\/www.meydan.tv\\\/az\\\/\",\"name\":\"MEYDAN.TV\",\"description\":\"Meydan TV Az\u0259rbaycan\u0131n media m\u0259kan\u0131ndak\u0131 alternativ s\u0259sidir\",\"publisher\":{\"@id\":\"https:\\\/\\\/www.meydan.tv\\\/az\\\/#organization\"},\"potentialAction\":[{\"@type\":\"SearchAction\",\"target\":{\"@type\":\"EntryPoint\",\"urlTemplate\":\"https:\\\/\\\/www.meydan.tv\\\/az\\\/?s={search_term_string}\"},\"query-input\":{\"@type\":\"PropertyValueSpecification\",\"valueRequired\":true,\"valueName\":\"search_term_string\"}}],\"inLanguage\":\"az\"},{\"@type\":\"Organization\",\"@id\":\"https:\\\/\\\/www.meydan.tv\\\/az\\\/#organization\",\"name\":\"Meydan TV\",\"url\":\"https:\\\/\\\/www.meydan.tv\\\/az\\\/\",\"logo\":{\"@type\":\"ImageObject\",\"inLanguage\":\"az\",\"@id\":\"https:\\\/\\\/www.meydan.tv\\\/az\\\/#\\\/schema\\\/logo\\\/image\\\/\",\"url\":\"https:\\\/\\\/www.meydan.tv\\\/wp-content\\\/uploads\\\/2021\\\/07\\\/meydan-logo.svg\",\"contentUrl\":\"https:\\\/\\\/www.meydan.tv\\\/wp-content\\\/uploads\\\/2021\\\/07\\\/meydan-logo.svg\",\"width\":195,\"height\":46,\"caption\":\"Meydan TV\"},\"image\":{\"@id\":\"https:\\\/\\\/www.meydan.tv\\\/az\\\/#\\\/schema\\\/logo\\\/image\\\/\"}},{\"@type\":\"Person\",\"@id\":\"https:\\\/\\\/www.meydan.tv\\\/az\\\/#\\\/schema\\\/person\\\/9cdbecf90d17180ce1dfbd95b08dcf47\",\"name\":\"elli\",\"sameAs\":[\"https:\\\/\\\/x.com\\\/elli\"]}]}<\/script>\n<!-- \/ Yoast SEO plugin. -->","yoast_head_json":{"title":"AB\u015e Bak\u0131 v\u0259 Yerevan\u0131n Moskva g\u00f6r\u00fc\u015f\u00fcn\u00fc d\u0259st\u0259kl\u0259di - MEYDAN.TV","robots":{"index":"index","follow":"follow","max-snippet":"max-snippet:-1","max-image-preview":"max-image-preview:large","max-video-preview":"max-video-preview:-1"},"canonical":"https:\/\/www.meydan.tv\/az\/article\/abs-baki-ve-yerevanin-moskva-gorusunu-destekledi\/","og_locale":"az_AZ","og_type":"article","og_title":"AB\u015e Bak\u0131 v\u0259 Yerevan\u0131n Moskva g\u00f6r\u00fc\u015f\u00fcn\u00fc d\u0259st\u0259kl\u0259di - MEYDAN.TV","og_description":"&#8220;T\u0259r\u0259fl\u0259r aras\u0131nda birba\u015fa dan\u0131\u015f\u0131qlar \u00e7ox \u0259h\u0259miyy\u0259tlidir&#8221; AB\u015e Az\u0259rbaycan\u0131n v\u0259 Erm\u0259nistan\u0131n ... Davam\u0131","og_url":"https:\/\/www.meydan.tv\/az\/article\/abs-baki-ve-yerevanin-moskva-gorusunu-destekledi\/","og_site_name":"MEYDAN.TV","article_published_time":"2023-05-19T09:25:30+00:00","article_modified_time":"2023-05-19T09:25:35+00:00","og_image":[{"width":1200,"height":687,"url":"https:\/\/www.meydan.tv\/wp-content\/uploads\/ararat-mirzoyan-sergey-lavrov-jeyhun-bayramov-13-05-22-1024x682-1-e1683889749631.jpg","type":"image\/jpeg"}],"author":"elli","twitter_card":"summary_large_image","twitter_creator":"@elli","schema":{"@context":"https:\/\/schema.org","@graph":[{"@type":"Article","@id":"https:\/\/www.meydan.tv\/az\/article\/abs-baki-ve-yerevanin-moskva-gorusunu-destekledi\/#article","isPartOf":{"@id":"https:\/\/www.meydan.tv\/az\/article\/abs-baki-ve-yerevanin-moskva-gorusunu-destekledi\/"},"author":{"name":"elli","@id":"https:\/\/www.meydan.tv\/az\/#\/schema\/person\/9cdbecf90d17180ce1dfbd95b08dcf47"},"headline":"AB\u015e Bak\u0131 v\u0259 Yerevan\u0131n Moskva g\u00f6r\u00fc\u015f\u00fcn\u00fc d\u0259st\u0259kl\u0259di","datePublished":"2023-05-19T09:25:30+00:00","dateModified":"2023-05-19T09:25:35+00:00","mainEntityOfPage":{"@id":"https:\/\/www.meydan.tv\/az\/article\/abs-baki-ve-yerevanin-moskva-gorusunu-destekledi\/"},"wordCount":715,"publisher":{"@id":"https:\/\/www.meydan.tv\/az\/#organization"},"image":{"@id":"https:\/\/www.meydan.tv\/az\/article\/abs-baki-ve-yerevanin-moskva-gorusunu-destekledi\/#primaryimage"},"thumbnailUrl":"https:\/\/www.meydan.tv\/wp-content\/uploads\/ararat-mirzoyan-sergey-lavrov-jeyhun-bayramov-13-05-22-1024x682-1-e1683889749631.jpg","articleSection":["Siyas\u0259t","T\u00f6vsiy\u0259","X\u0259b\u0259rl\u0259r"],"inLanguage":"az"},{"@type":"WebPage","@id":"https:\/\/www.meydan.tv\/az\/article\/abs-baki-ve-yerevanin-moskva-gorusunu-destekledi\/","url":"https:\/\/www.meydan.tv\/az\/article\/abs-baki-ve-yerevanin-moskva-gorusunu-destekledi\/","name":"AB\u015e Bak\u0131 v\u0259 Yerevan\u0131n Moskva g\u00f6r\u00fc\u015f\u00fcn\u00fc d\u0259st\u0259kl\u0259di - MEYDAN.TV","isPartOf":{"@id":"https:\/\/www.meydan.tv\/az\/#website"},"primaryImageOfPage":{"@id":"https:\/\/www.meydan.tv\/az\/article\/abs-baki-ve-yerevanin-moskva-gorusunu-destekledi\/#primaryimage"},"image":{"@id":"https:\/\/www.meydan.tv\/az\/article\/abs-baki-ve-yerevanin-moskva-gorusunu-destekledi\/#primaryimage"},"thumbnailUrl":"https:\/\/www.meydan.tv\/wp-content\/uploads\/ararat-mirzoyan-sergey-lavrov-jeyhun-bayramov-13-05-22-1024x682-1-e1683889749631.jpg","datePublished":"2023-05-19T09:25:30+00:00","dateModified":"2023-05-19T09:25:35+00:00","breadcrumb":{"@id":"https:\/\/www.meydan.tv\/az\/article\/abs-baki-ve-yerevanin-moskva-gorusunu-destekledi\/#breadcrumb"},"inLanguage":"az","potentialAction":[{"@type":"ReadAction","target":["https:\/\/www.meydan.tv\/az\/article\/abs-baki-ve-yerevanin-moskva-gorusunu-destekledi\/"]}]},{"@type":"ImageObject","inLanguage":"az","@id":"https:\/\/www.meydan.tv\/az\/article\/abs-baki-ve-yerevanin-moskva-gorusunu-destekledi\/#primaryimage","url":"https:\/\/www.meydan.tv\/wp-content\/uploads\/ararat-mirzoyan-sergey-lavrov-jeyhun-bayramov-13-05-22-1024x682-1-e1683889749631.jpg","contentUrl":"https:\/\/www.meydan.tv\/wp-content\/uploads\/ararat-mirzoyan-sergey-lavrov-jeyhun-bayramov-13-05-22-1024x682-1-e1683889749631.jpg","width":1200,"height":687,"caption":"Ararat Mirzoyan, Sergey Lavrov v\u0259 Ceyhun Bayramov. Foto: Az\u0259rbaycan Xarici \u0130\u015fl\u0259r Nazirliyi"},{"@type":"BreadcrumbList","@id":"https:\/\/www.meydan.tv\/az\/article\/abs-baki-ve-yerevanin-moskva-gorusunu-destekledi\/#breadcrumb","itemListElement":[{"@type":"ListItem","position":1,"name":"Ana s\u0259hif\u0259","item":"https:\/\/www.meydan.tv\/az\/"},{"@type":"ListItem","position":2,"name":"Siyas\u0259t","item":"https:\/\/www.meydan.tv\/az\/section\/siyaset\/"},{"@type":"ListItem","position":3,"name":"AB\u015e Bak\u0131 v\u0259 Yerevan\u0131n Moskva g\u00f6r\u00fc\u015f\u00fcn\u00fc d\u0259st\u0259kl\u0259di"}]},{"@type":"WebSite","@id":"https:\/\/www.meydan.tv\/az\/#website","url":"https:\/\/www.meydan.tv\/az\/","name":"MEYDAN.TV","description":"Meydan TV Az\u0259rbaycan\u0131n media m\u0259kan\u0131ndak\u0131 alternativ s\u0259sidir","publisher":{"@id":"https:\/\/www.meydan.tv\/az\/#organization"},"potentialAction":[{"@type":"SearchAction","target":{"@type":"EntryPoint","urlTemplate":"https:\/\/www.meydan.tv\/az\/?s={search_term_string}"},"query-input":{"@type":"PropertyValueSpecification","valueRequired":true,"valueName":"search_term_string"}}],"inLanguage":"az"},{"@type":"Organization","@id":"https:\/\/www.meydan.tv\/az\/#organization","name":"Meydan TV","url":"https:\/\/www.meydan.tv\/az\/","logo":{"@type":"ImageObject","inLanguage":"az","@id":"https:\/\/www.meydan.tv\/az\/#\/schema\/logo\/image\/","url":"https:\/\/www.meydan.tv\/wp-content\/uploads\/2021\/07\/meydan-logo.svg","contentUrl":"https:\/\/www.meydan.tv\/wp-content\/uploads\/2021\/07\/meydan-logo.svg","width":195,"height":46,"caption":"Meydan TV"},"image":{"@id":"https:\/\/www.meydan.tv\/az\/#\/schema\/logo\/image\/"}},{"@type":"Person","@id":"https:\/\/www.meydan.tv\/az\/#\/schema\/person\/9cdbecf90d17180ce1dfbd95b08dcf47","name":"elli","sameAs":["https:\/\/x.com\/elli"]}]}},"_links":{"self":[{"href":"https:\/\/www.meydan.tv\/az\/wp-json\/wp\/v2\/posts\/275529","targetHints":{"allow":["GET"]}}],"collection":[{"href":"https:\/\/www.meydan.tv\/az\/wp-json\/wp\/v2\/posts"}],"about":[{"href":"https:\/\/www.meydan.tv\/az\/wp-json\/wp\/v2\/types\/post"}],"author":[{"embeddable":true,"href":"https:\/\/www.meydan.tv\/az\/wp-json\/wp\/v2\/users\/8"}],"replies":[{"embeddable":true,"href":"https:\/\/www.meydan.tv\/az\/wp-json\/wp\/v2\/comments?post=275529"}],"version-history":[{"count":1,"href":"https:\/\/www.meydan.tv\/az\/wp-json\/wp\/v2\/posts\/275529\/revisions"}],"predecessor-version":[{"id":275533,"href":"https:\/\/www.meydan.tv\/az\/wp-json\/wp\/v2\/posts\/275529\/revisions\/275533"}],"wp:featuredmedia":[{"embeddable":true,"href":"https:\/\/www.meydan.tv\/az\/wp-json\/wp\/v2\/media\/274829"}],"wp:attachment":[{"href":"https:\/\/www.meydan.tv\/az\/wp-json\/wp\/v2\/media?parent=275529"}],"wp:term":[{"taxonomy":"category","embeddable":true,"href":"https:\/\/www.meydan.tv\/az\/wp-json\/wp\/v2\/categories?post=275529"},{"taxonomy":"post_tag","embeddable":true,"href":"https:\/\/www.meydan.tv\/az\/wp-json\/wp\/v2\/tags?post=275529"}],"curies":[{"name":"wp","href":"https:\/\/api.w.org\/{rel}","templated":true}]}}