{"id":275522,"date":"2023-05-19T11:33:47","date_gmt":"2023-05-19T07:33:47","guid":{"rendered":"https:\/\/www.meydan.tv\/?p=275522"},"modified":"2023-05-19T16:56:10","modified_gmt":"2023-05-19T12:56:10","slug":"goycayda-issiz-aile-ve-elcatmaz-unvanli-sosial-yardim","status":"publish","type":"post","link":"https:\/\/www.meydan.tv\/az\/article\/goycayda-issiz-aile-ve-elcatmaz-unvanli-sosial-yardim\/","title":{"rendered":"G\u00f6y\u00e7ayda i\u015fsiz ail\u0259 v\u0259 \u0259l\u00e7atmaz \u00fcnvanl\u0131 sosial yard\u0131m&#8230;"},"content":{"rendered":"\n<p><\/p>\n\n\n\n<p><strong><em>&#8220;El\u0259 kriteriyalar m\u00fc\u0259yy\u0259nl\u0259\u015fdirilm\u0259lidir ki, m\u0259mur m\u00fcdaxil\u0259sin\u0259 imkan tan\u0131nmas\u0131n&#8221;<\/em><\/strong><\/p>\n\n\n\n<p>&#8220;<em>2020-ci ild\u0259n h\u0259yat yolda\u015f\u0131m\u0131n a\u011f\u0131r d\u0259r\u0259c\u0259li bel y\u0131rt\u0131\u011f\u0131 var. 4-5 ayd\u0131r ki, fasil\u0259li yataqdad\u0131r. Ona a\u011f\u0131r fiziki i\u015f olmaz, amma i\u015f tapanda m\u0259cbur i\u015fl\u0259yir. \u00d6z\u00fcm d\u0259 x\u0259st\u0259lik ke\u00e7irmi\u015f\u0259m. \u0130\u015f d\u0259 tapa bilmir\u0259m. \u00dc\u00e7 \u00f6vlad\u0131m\u0131z\u0131n yem\u0259yi, t\u0259hsili x\u0259rcl\u0259ri v\u0259 dig\u0259r ehtiyaclar\u0131 var. Be\u015f n\u0259f\u0259rlik ail\u0259nin maddi y\u00fck\u00fcn\u00fc o \u00e7\u0259kir. Olur ki, u\u015faqlar\u0131m b\u0259z\u0259n ac qal\u0131r. He\u00e7 bir yerd\u0259n g\u0259lirimiz d\u0259 yoxdur&#8221;.<\/em><\/p>\n\n\n\n<p>G\u00f6y\u00e7ay\u0131n L\u0259k\u00e7\u0131plaq k\u0259nd sakini H\u0259midova X\u0259yal\u0259 Mikay\u0131l q\u0131z\u0131 deyir ki, i\u015fsiz, kas\u0131b v\u0259 ehtiyac meyar\u0131 az olan ail\u0259l\u0259rd\u0259ndir.<\/p>\n\n\n\n<p>\u00dc\u00e7 \u00f6vlad anas\u0131 xeyli vaxtd\u0131r ki, n\u0259 i\u015f tapa, n\u0259 d\u0259 azt\u0259minatl\u0131 ail\u0259l\u0259r \u00fc\u00e7\u00fcn n\u0259z\u0259rd\u0259 tutulan \u00fcnvanl\u0131 sosial yard\u0131m proqram\u0131ndan yararlana bilir.<\/p>\n\n\n<div class=\"wp-block-image\">\n<figure class=\"aligncenter size-large is-resized\"><img decoding=\"async\" data-src=\"https:\/\/www.meydan.tv\/wp-content\/uploads\/download-2-2-616x821.png\" alt=\"\" class=\"wp-image-275519 lazyload\" width=\"802\" height=\"1069\" src=\"data:image\/svg+xml;base64,PHN2ZyB3aWR0aD0iMSIgaGVpZ2h0PSIxIiB4bWxucz0iaHR0cDovL3d3dy53My5vcmcvMjAwMC9zdmciPjwvc3ZnPg==\" style=\"--smush-placeholder-width: 802px; --smush-placeholder-aspect-ratio: 802\/1069;\" \/><figcaption class=\"wp-element-caption\">H\u0259midovlar ail\u0259si. Fotolar: Meydan TV<\/figcaption><\/figure>\n<\/div>\n\n\n<p><strong><em>&#8220;<\/em>He\u00e7 ayl\u0131q kiray\u0259 borcumu \u00f6d\u0259y\u0259, iyn\u0259-d\u0259rman\u0131m\u0131 ala bilmir\u0259m&#8221;<\/strong><\/p>\n\n\n\n<p>O, Meydan TV-y\u0259 deyir ki, \u00fcnvanl\u0131 sosial yard\u0131m\u0131n \u015f\u0259rtl\u0259ri d\u0259 a\u011f\u0131rd\u0131r, bu \u00fczd\u0259n yard\u0131m ala bilmir.<\/p>\n\n\n\n<p>Ail\u0259 rayon m\u0259rk\u0259zind\u0259 kiray\u0259d\u0259 ya\u015fay\u0131r.<\/p>\n\n\n\n<p>H\u0259yat yolda\u015f\u0131 Samir H\u0259midov indiy\u0259 q\u0259d\u0259r&nbsp; g\u00fcn\u0259muzd i\u015fl\u0259rd\u0259 \u00e7al\u0131\u015faraq ail\u0259ni doland\u0131rsa da, son aylarda i\u015f tapmaqda \u0259ziyy\u0259t \u00e7\u0259kir.<\/p>\n\n\n\n<p>X\u0259yal\u0259 H\u0259midovan\u0131n \u00f6z\u00fcn\u00fcn i\u015f axtar\u0131\u015f\u0131 c\u0259hdl\u0259ri d\u0259 n\u0259tic\u0259siz qal\u0131r.<\/p>\n\n\n\n<p>G\u00f6y\u00e7ay Rayon \u0130cra Hakimiyy\u0259ti v\u0259 M\u0259\u015f\u011fulluq Xidm\u0259tin\u0259 i\u015fl\u0259 ba\u011fl\u0131 m\u00fcraci\u0259tl\u0259rin\u0259 d\u0259 m\u00fcsb\u0259t cavab verilm\u0259yib.<\/p>\n\n\n<div class=\"wp-block-image\">\n<figure class=\"aligncenter size-full\"><img decoding=\"async\" width=\"1200\" height=\"800\" data-src=\"https:\/\/www.meydan.tv\/wp-content\/uploads\/untitled-design-4-70.jpg\" alt=\"\" class=\"wp-image-275507 lazyload\" src=\"data:image\/svg+xml;base64,PHN2ZyB3aWR0aD0iMSIgaGVpZ2h0PSIxIiB4bWxucz0iaHR0cDovL3d3dy53My5vcmcvMjAwMC9zdmciPjwvc3ZnPg==\" style=\"--smush-placeholder-width: 1200px; --smush-placeholder-aspect-ratio: 1200\/800;\" \/><\/figure>\n<\/div>\n\n\n<p>Samir H\u0259midov is\u0259 deyir ki, borc-x\u0259rc i\u00e7ind\u0259 bat\u0131r, v\u0259ziyy\u0259td\u0259n \u00e7\u0131x\u0131\u015f yolu tapa bilmir:<\/p>\n\n\n\n<p><em>&#8220;M\u0259nd\u0259 a\u011f\u0131r d\u0259r\u0259c\u0259li bel y\u0131rt\u0131\u011f\u0131d\u0131r. Sinir sisteminin \u00fcst\u00fcnd\u0259dir. A\u011f\u0131r y\u00fck g\u00f6t\u00fcr\u0259nd\u0259 pis t\u0259sir edir, el\u0259 a\u011f\u0131r fiziki i\u015fl\u0259rd\u0259 \u00e7al\u0131\u015fmaqdan bu x\u0259st\u0259liyi tapd\u0131m. \u00d6t\u0259n ilin sentyabr v\u0259 oktyabr\u0131n\u0131 yataqda ke\u00e7irmi\u015f\u0259m. Noyabr, dekabr aylar\u0131nda is\u0259 g\u00fccl\u0259 i\u015f tap\u0131b i\u015fl\u0259mi\u015f\u0259m. Yanvar ay\u0131ndan yen\u0259 yataqdayam. Son iki ayda is\u0259 dem\u0259k olar ki, he\u00e7 yerd\u0259 i\u015f tapa bilmir\u0259m. He\u00e7 ayl\u0131q kiray\u0259 borcumu \u00f6d\u0259y\u0259, iyn\u0259-d\u0259rman\u0131m\u0131 ala bilmir\u0259m. H\u0259yat yolda\u015f\u0131m da 2021-ci ild\u0259n a\u011f\u0131r d\u0259r\u0259c\u0259li koronavirus x\u0259st\u0259sidir, iki ay yat\u0131b. Banka borcumuz da \u00e7oxdur. \u00d6d\u0259y\u0259 bilm\u0259diyimizd\u0259n m\u0259hk\u0259m\u0259y\u0259 veribl\u0259r&#8221;.<\/em><\/p>\n\n\n<div class=\"wp-block-image\">\n<figure class=\"aligncenter size-full\"><img decoding=\"async\" width=\"1200\" height=\"800\" data-src=\"https:\/\/www.meydan.tv\/wp-content\/uploads\/untitled-design-6-38.jpg\" alt=\"\" class=\"wp-image-275513 lazyload\" src=\"data:image\/svg+xml;base64,PHN2ZyB3aWR0aD0iMSIgaGVpZ2h0PSIxIiB4bWxucz0iaHR0cDovL3d3dy53My5vcmcvMjAwMC9zdmciPjwvc3ZnPg==\" style=\"--smush-placeholder-width: 1200px; --smush-placeholder-aspect-ratio: 1200\/800;\" \/><\/figure>\n<\/div>\n\n\n<p><strong>&#8220;Maddi imkan v\u0259 i\u015f yeri yoxdur ki, sosial yard\u0131m\u0131 d\u00fcz\u0259ld\u0259 bil\u0259k&#8221;<\/strong><\/p>\n\n\n\n<p>Dedikl\u0259rin\u0259 g\u00f6r\u0259, qohumlar\u0131n, dostlar\u0131n da k\u00f6m\u0259yi t\u00fck\u0259nib. Ail\u0259nin t\u0259k \u00fcmidi \u00fcnvanl\u0131 sosial yard\u0131m proqram\u0131d\u0131r ki, bunun \u00fc\u00e7\u00fcn edil\u0259n m\u00fcraci\u0259t d\u0259 pay torpa\u011f\u0131ndan dolay\u0131 h\u0259llini tapm\u0131r:<\/p>\n\n\n\n<p>&#8220;<em>\u0130cra hakimiyy\u0259tin\u0259 v\u0259 x\u0259st\u0259xanaya i\u015f \u00fc\u00e7\u00fcn getdim, q\u0259bul etm\u0259dil\u0259r, m\u0259\u015f\u011fulluq xidm\u0259tin\u0259 y\u00f6n\u0259ltdil\u0259r. Orada da ad\u0131m\u0131 qeyd\u0259 al\u0131b dedil\u0259r ki, i\u015f olanda x\u0259b\u0259r ed\u0259rik. Amma m\u0259n\u0259 t\u0259cili i\u015f laz\u0131md\u0131r. Himay\u0259md\u0259 2 ya\u015fl\u0131 \u00dcmid adl\u0131 o\u011flum, 13 ya\u015fl\u0131 Ya\u011fmur v\u0259 10 ya\u015fl\u0131 X\u0259dic\u0259 adl\u0131 iki q\u0131z\u0131m var. \u00dcnvanl\u0131 sosial yard\u0131m ala bil\u0259r\u0259m, ancaq h\u0259yat yolda\u015f\u0131ma i\u015f yerind\u0259n aray\u0131\u015f laz\u0131md\u0131r. Pay torpa\u011f\u0131n\u0131n seriya n\u00f6mr\u0259sinin t\u0259l\u0259bi d\u0259 prosesi yubad\u0131r. Maddi imkan, i\u015f yeri yoxdur ki, sosial yard\u0131m\u0131 d\u00fcz\u0259ld\u0259 bil\u0259k. Torpaq da Qaraman k\u0259ndind\u0259 \u015foran \u0259razid\u0259dir v\u0259 istifad\u0259y\u0259 yarars\u0131zd\u0131r. \u00dcnvanl\u0131 sosial yard\u0131m kas\u0131blar \u00fc\u00e7\u00fcn n\u0259z\u0259rd\u0259 tutulsa da, \u0259limiz \u00e7atm\u0131r&#8221;,<\/em> &#8211; dey\u0259 X\u0259yal\u0259 H\u0259midova bildirib.<\/p>\n\n\n<div class=\"wp-block-image\">\n<figure class=\"aligncenter size-full\"><img decoding=\"async\" width=\"1200\" height=\"800\" data-src=\"https:\/\/www.meydan.tv\/wp-content\/uploads\/untitled-design-3-85.jpg\" alt=\"\" class=\"wp-image-275504 lazyload\" src=\"data:image\/svg+xml;base64,PHN2ZyB3aWR0aD0iMSIgaGVpZ2h0PSIxIiB4bWxucz0iaHR0cDovL3d3dy53My5vcmcvMjAwMC9zdmciPjwvc3ZnPg==\" style=\"--smush-placeholder-width: 1200px; --smush-placeholder-aspect-ratio: 1200\/800;\" \/><\/figure>\n<\/div>\n\n\n<p>D\u00f6vl\u0259t Sosial M\u00fcdafi\u0259 Fondunun (DSMF) ictimaiyy\u0259tl\u0259 \u0259laq\u0259l\u0259r departamentinin r\u0259hb\u0259ri R\u0259\u015fad Mehdili Meydan TV-y\u0259 deyib ki, H\u0259midovlar ail\u0259sinin m\u00fcraci\u0259ti ara\u015fd\u0131r\u0131l\u0131b.<\/p>\n\n\n\n<p>O, ail\u0259nin \u00fcnvanl\u0131 sosial yard\u0131mla ba\u011fl\u0131 elektron sistem\u0259 m\u00fcraci\u0259t etm\u0259diyini bildirib. H\u0259m\u00e7inin ail\u0259d\u0259n pay torpa\u011f\u0131n\u0131n varl\u0131\u011f\u0131na dair s\u0131\u011fortaed\u0259nin u\u00e7ot n\u00f6mr\u0259si (SUN) t\u0259l\u0259b olunub.<\/p>\n\n\n\n<p>&#8220;<em>V\u0259t\u0259nda\u015fla telefon \u0259laq\u0259si yarad\u0131laraq ail\u0259nin sosial yard\u0131m almaq h\u00fcququnun m\u00fc\u0259yy\u0259nl\u0259\u015fdirilm\u0259si \u00fc\u00e7\u00fcn ona suallar verilib. M\u0259lum olub ki, Samir H\u0259midovun ail\u0259si 5 n\u0259f\u0259rd\u0259n (\u00f6z\u00fc, h\u0259yat yolda\u015f\u0131 10 ya\u015fl\u0131 v\u0259 2 az ya\u015fl\u0131 \u00f6vlad\u0131) ibar\u0259tdir. Haz\u0131rda o v\u0259 h\u0259yat yolda\u015f\u0131 i\u015fsizdir. H\u0259yat yolda\u015f\u0131 X\u0259yal\u0259 H\u0259midova 8 ya\u015f\u0131nad\u0259k u\u015fa\u011fa qulluq etdiyin\u0259 g\u00f6r\u0259 o, i\u015fl\u0259m\u0259y\u0259 bil\u0259r. Samir H\u0259midovun is\u0259 ad\u0131na k\u0259nd t\u0259s\u0259rr\u00fcfat\u0131na yararl\u0131 torpaq sah\u0259si oldu\u011fu \u00fc\u00e7\u00fcn SUN \u0259ld\u0259 etdikd\u0259n sonra m\u00fcraci\u0259t ed\u0259rs\u0259, ail\u0259nin \u00fcnvanl\u0131 sosial yard\u0131mla ba\u011fl\u0131 bu m\u00fcraci\u0259tin\u0259 bax\u0131la bil\u0259r. Samir H\u0259midov bu bar\u0259d\u0259 m\u0259lumatland\u0131r\u0131l\u0131b v\u0259 sosial yard\u0131mla ba\u011fl\u0131 dig\u0259r suallar\u0131 da cavabland\u0131r\u0131l\u0131b&#8221;, &#8211;<\/em> dey\u0259 R\u0259\u015fad Mehdili bildirib.<\/p>\n\n\n<div class=\"wp-block-image\">\n<figure class=\"aligncenter size-full\"><img decoding=\"async\" width=\"1200\" height=\"800\" data-src=\"https:\/\/www.meydan.tv\/wp-content\/uploads\/untitled-design-5-55.jpg\" alt=\"\" class=\"wp-image-275510 lazyload\" src=\"data:image\/svg+xml;base64,PHN2ZyB3aWR0aD0iMSIgaGVpZ2h0PSIxIiB4bWxucz0iaHR0cDovL3d3dy53My5vcmcvMjAwMC9zdmciPjwvc3ZnPg==\" style=\"--smush-placeholder-width: 1200px; --smush-placeholder-aspect-ratio: 1200\/800;\" \/><\/figure>\n<\/div>\n\n\n<p>D\u00f6vl\u0259t M\u0259\u015f\u011fulluq Agentliyind\u0259n is\u0259 bildirilib ki, i\u015fl\u0259 ba\u011f\u0131 ail\u0259 il\u0259 \u0259laq\u0259 saxlan\u0131l\u0131b v\u0259 m\u0259s\u0259l\u0259 ara\u015fd\u0131r\u0131lacaq.<\/p>\n\n\n\n<p>Haz\u0131rda r\u0259smi statistikaya \u0259sas\u0259n, G\u00f6y\u00e7ay rayon \u00fczr\u0259 250 ail\u0259 \u00fcnvanl\u0131 sosial yard\u0131m al\u0131r ki, bu da \u00f6lk\u0259 \u00fczr\u0259 \u00fcmumi g\u00f6st\u0259ricinin 0.7 faizini t\u0259\u015fkil edir.<\/p>\n\n\n\n<p>\u018fn y\u00fcks\u0259k g\u00f6st\u0259rici 9.2 faiz Yard\u0131ml\u0131 rayonu, \u0259n az g\u00f6st\u0259rici is\u0259 0.2 faiz olmaqla Balak\u0259n v\u0259 Qobustan rayonlar\u0131 \u00fczr\u0259dir.<\/p>\n\n\n\n<p>\u00dcnvanl\u0131 d\u00f6vl\u0259t sosial yard\u0131m\u0131n\u0131n 2023-c\u00fc il \u00fc\u00e7\u00fcn ehtiyac meyar\u0131n\u0131n h\u0259ddi 246 manat m\u0259bl\u0259\u011find\u0259dir.<\/p>\n\n\n<div class=\"wp-block-image\">\n<figure class=\"aligncenter size-large is-resized\"><img decoding=\"async\" data-src=\"https:\/\/www.meydan.tv\/wp-content\/uploads\/sekilll-616x821.png\" alt=\"\" class=\"wp-image-275516 lazyload\" width=\"799\" height=\"1065\" src=\"data:image\/svg+xml;base64,PHN2ZyB3aWR0aD0iMSIgaGVpZ2h0PSIxIiB4bWxucz0iaHR0cDovL3d3dy53My5vcmcvMjAwMC9zdmciPjwvc3ZnPg==\" style=\"--smush-placeholder-width: 799px; --smush-placeholder-aspect-ratio: 799\/1065;\" \/><\/figure>\n<\/div>\n\n\n<p>2022-ci il \u00fczr\u0259 bu meyar 200 manat m\u0259bl\u0259\u011find\u0259 idi. Son on ild\u0259 is\u0259 \u0259n \u00e7ox ail\u0259nin \u00fcnvanl\u0131 sosial yard\u0131m almas\u0131 2020-ci ild\u0259 qeyd\u0259 al\u0131n\u0131b ki, 85 min ail\u0259 yararlan\u0131b.<\/p>\n\n\n\n<p>Bu da pandemiya il\u0259 \u0259laq\u0259dar olub. H\u0259r ail\u0259y\u0259 225.5 manat m\u0259bl\u0259\u011find\u0259 \u00fcnvanl\u0131 sosial yard\u0131m t\u0259yin edilib.<\/p>\n\n\n\n<p><strong>Qanunda n\u0259z\u0259rd\u0259 tutulan imtiyazlar&#8230;<\/strong><\/p>\n\n\n\n<p>DSMF-n\u0131n G\u00f6y\u00e7ay \u015f\u00f6b\u0259sind\u0259 \u00e7al\u0131\u015fan m\u00fct\u0259x\u0259ssis C\u0259bray\u0131l M\u0259mm\u0259dov deyir ki, \u00fcnvanl\u0131 sosial yard\u0131m almaq \u00fc\u00e7\u00fcn x\u00fcsusi qanun var. H\u0259min qanunun \u015f\u0259rtl\u0259rini \u00f6d\u0259y\u0259n ail\u0259l\u0259r bu imtiyazdan yararlana bil\u0259rl\u0259r:<\/p>\n\n\n\n<p><em>&#8220;\u201c\u00dcnvanl\u0131 d\u00f6vl\u0259t sosial yard\u0131m\u0131 haqq\u0131nda\u201d Qanuna \u0259sas\u0259n, sosial yard\u0131m orta ayl\u0131q g\u0259liri onlardan as\u0131l\u0131 olmayan s\u0259b\u0259bl\u0259rd\u0259n (ail\u0259 \u00fczvl\u0259rinin \u0259m\u0259k qabiliyy\u0259tsiz olmas\u0131, ail\u0259nin \u0259m\u0259k qabiliyy\u0259tli \u00fczv\u00fcn\u00fcn birinci d\u0259r\u0259c\u0259 \u0259lilliyi olan \u015f\u0259xs\u0259, 8 ya\u015f\u0131na \u00e7atmam\u0131\u015f u\u015fa\u011fa v\u0259 ya sa\u011flaml\u0131q imkanlar\u0131 m\u0259hdud 18 ya\u015f\u0131nad\u0259k u\u015fa\u011fa qulluq etm\u0259si, 23 ya\u015f\u0131nad\u0259k \u0259yani t\u0259hsil almas\u0131, m\u00fcvafiq icra hakimiyy\u0259ti orqan\u0131nda d\u00f6vl\u0259t orqan\u0131n\u0131n v\u0259 ya h\u00fcquqi \u015f\u0259xsin l\u0259\u011fv edilm\u0259si v\u0259 ya i\u015f\u00e7il\u0259rin say\u0131 v\u0259 ya \u015ftatlar\u0131n ixtisar edilm\u0259si il\u0259 \u0259laq\u0259dar i\u015fsiz kimi qeyd\u0259 al\u0131nmas\u0131, v\u0259fat etm\u0259si, m\u0259hk\u0259m\u0259 q\u0259rar\u0131 il\u0259 itkin d\u00fc\u015fm\u00fc\u015f v\u0259 yaxud \u00f6lm\u00fc\u015f hesab edilm\u0259si, azadl\u0131qdan m\u0259hrum edilm\u0259si, ail\u0259 \u00fczv\u00fcn\u00fcn oldu\u011fu yerin m\u0259lum olmamas\u0131) h\u0259r bir ail\u0259 \u00fczv\u00fc \u00fc\u00e7\u00fcn ehtiyac meyar\u0131n\u0131n m\u0259cmusundan a\u015fa\u011f\u0131 olan azt\u0259minatl\u0131 ail\u0259l\u0259r\u0259 verilir. Bu il \u00fc\u00e7\u00fcn ehtiyac meyar\u0131 246 manat oldu\u011fundan ail\u0259d\u0259 adamba\u015f\u0131na g\u0259lir bu m\u0259bl\u0259\u011fi \u00f6tm\u0259m\u0259lidir&#8221;.<\/em><\/p>\n\n\n<div class=\"wp-block-image\">\n<figure class=\"aligncenter size-full is-resized\"><img decoding=\"async\" data-src=\"https:\/\/www.meydan.tv\/wp-content\/uploads\/d43a4191-20dd-4708-a9f5-11dfb6d4bc73_640.jpg\" alt=\"D\u00f6vl\u0259t Sosial M\u00fcdafi\u0259 Fondu\" class=\"wp-image-142064 lazyload\" width=\"801\" height=\"535\" src=\"data:image\/svg+xml;base64,PHN2ZyB3aWR0aD0iMSIgaGVpZ2h0PSIxIiB4bWxucz0iaHR0cDovL3d3dy53My5vcmcvMjAwMC9zdmciPjwvc3ZnPg==\" style=\"--smush-placeholder-width: 801px; --smush-placeholder-aspect-ratio: 801\/535;\" \/><figcaption class=\"wp-element-caption\">Foto: arxiv<\/figcaption><\/figure>\n<\/div>\n\n\n<p><strong>Mane\u0259 yaradan s\u0259b\u0259bl\u0259r hans\u0131lard\u0131r?<\/strong><\/p>\n\n\n\n<p>M\u00fct\u0259x\u0259ssis \u00fcnvanl\u0131 sosial yard\u0131m\u0131n verilm\u0259sin\u0259 bir s\u0131ra hallar\u0131n mane oldu\u011funu deyir:<\/p>\n\n\n\n<p><em>&#8220;Bu hallar is\u0259&nbsp; ail\u0259 t\u0259rkibinin v\u0259 ail\u0259 g\u0259lirl\u0259rinin gizl\u0259dilm\u0259si, elektron m\u00fcraci\u0259t zaman\u0131 qeyd olunan m\u0259lumatlarda uy\u011funsuzluq olduqda, bir il \u0259rzind\u0259 ail\u0259nin orta ayl\u0131q g\u0259liri h\u0259r bir \u00fczv\u00fc \u00fc\u00e7\u00fcn ehtiyac meyar\u0131n\u0131n m\u0259cmusuna b\u0259rab\u0259r, yaxud yuxar\u0131 olduqda, ail\u0259nin m\u00fclkiyy\u0259tind\u0259 v\u0259 istifad\u0259sin\u0259 n\u0259qliyyat vasit\u0259si olduqda (d\u00f6vl\u0259t t\u0259r\u0259find\u0259n reabiltasiya m\u0259qs\u0259dl\u0259ri \u00fc\u00e7\u00fcn verilmi\u015f n\u0259qliyyat istisna olmaqla) ail\u0259nin \u0259m\u0259k qabiliyy\u0259tli \u015f\u0259xsi muzdlu i\u015fl\u0259 m\u0259\u015f\u011ful olmad\u0131qda,(r\u0259smi \u0259m\u0259khaqq\u0131 olmad\u0131qda) ail\u0259nin kommunal v\u0259 rabit\u0259 x\u0259rcl\u0259rinin c\u0259minin orta ayl\u0131q ya\u015fay\u0131\u015f minumunun 15%-n\u0259 b\u0259rab\u0259r v\u0259 ondan yuxar\u0131 olduqda, m\u00fclkiyy\u0259tind\u0259 iki v\u0259 daha art\u0131q \u0259mlak a\u015fkarlananda imtina edilir&#8221;.<\/em><\/p>\n\n\n\n<p><strong><em>&#8220;<\/em>Bizd\u0259 i\u015fsizlik m\u00fcavin\u0259ti il\u0259 \u00fcnvanl\u0131 sosial yard\u0131m anlay\u0131\u015f\u0131 qar\u0131\u015f\u0131b&#8221;<\/strong><\/p>\n\n\n\n<p>\u0130qtisad\u00e7\u0131 Natiq C\u0259f\u0259rli is\u0259 hesab edir ki, d\u00f6vl\u0259t \u00fcnvanl\u0131 sosial yard\u0131m \u00fc\u00e7\u00fcn m\u00fcraci\u0259t ed\u0259nl\u0259rin say\u0131n\u0131n azalmas\u0131na \u00e7al\u0131\u015fmal\u0131d\u0131r, amma \u0259sas h\u0259d\u0259fi \u00f6lk\u0259d\u0259 \u0259hali \u00fc\u00e7\u00fcn i\u015f yerl\u0259rinin a\u00e7\u0131lmas\u0131 v\u0259 \u00f6z\u00fcn\u00fcm\u0259\u015f\u011fulluq proqram\u0131n\u0131n i\u015fl\u0259k v\u0259ziyy\u0259t\u0259 g\u0259tirilm\u0259si olmal\u0131d\u0131r.<\/p>\n\n\n\n<p>Natiq C\u0259f\u0259rli hesab edir ki, \u00fcnvanl\u0131 sosial yard\u0131m \u00fc\u00e7\u00fcn elektron m\u00fcraci\u0259t formas\u0131 m\u0259mur m\u00fcdaxil\u0259sini s\u0131f\u0131ra endirm\u0259lidir.<\/p>\n\n\n\n<p>Ekspertin s\u00f6zl\u0259rin\u0259 g\u00f6r\u0259, \u00f6lk\u0259d\u0259 i\u015fsizliyin artmas\u0131 i\u015fsizlik m\u00fcavin\u0259ti il\u0259 \u00fcnvanl\u0131 sosial yard\u0131m anlay\u0131\u015f\u0131n\u0131 qar\u0131\u015fd\u0131r\u0131b:<\/p>\n\n\n\n<p><em>&#8220;\u0130\u015f yerl\u0259ri a\u00e7\u0131lmal\u0131, insanlar\u0131n \u015f\u0259xsi t\u0259\u015f\u0259bb\u00fcsl\u0259ri v\u0259 sahibkarl\u0131q f\u0259aliyy\u0259ti il\u0259 m\u0259\u015f\u011ful olmas\u0131 \u00fc\u00e7\u00fcn \u015f\u0259rait yax\u015f\u0131la\u015fd\u0131r\u0131lmal\u0131d\u0131r ki, m\u00fcmk\u00fcn q\u0259d\u0259r az insan\u0131n sosial yard\u0131ma ehtiyac\u0131 yarans\u0131n. Sosial yard\u0131m x\u00fcsusi imtiyaz v\u0259 kateqoriya sahibl\u0259rin\u0259, m\u0259s\u0259l\u0259n, \u0259ng\u0259lli, m\u00fc\u0259yy\u0259n x\u0259st\u0259likl\u0259ri olanlara aid edilm\u0259si do\u011fru olard\u0131. \u018fksin\u0259, bizd\u0259 i\u015fsizlik m\u00fcavin\u0259ti il\u0259 \u00fcnvanl\u0131 sosial yard\u0131m anlay\u0131\u015f\u0131 qar\u0131\u015f\u0131b. \u00d6lk\u0259d\u0259 daha \u00e7ox i\u015fsizlik problemi var dey\u0259 \u00fcnvanl\u0131 sosial yard\u0131m almaq \u00fc\u00e7\u00fcn m\u00fcraci\u0259tl\u0259r art\u0131r. V\u0259t\u0259nda\u015flar i\u015f tapa bilmir, \u00f6z\u00fcn\u0259 i\u015f qura bilmir&#8221;.<\/em><\/p>\n\n\n<div class=\"wp-block-image\">\n<figure class=\"aligncenter size-large\"><img decoding=\"async\" width=\"1200\" height=\"696\" data-src=\"https:\/\/www.meydan.tv\/wp-content\/uploads\/image_from_ios_178-scaled-e1648798569981-1200x696.jpg\" alt=\"Natiq C\u0259f\u0259rli\" class=\"wp-image-210013 lazyload\" src=\"data:image\/svg+xml;base64,PHN2ZyB3aWR0aD0iMSIgaGVpZ2h0PSIxIiB4bWxucz0iaHR0cDovL3d3dy53My5vcmcvMjAwMC9zdmciPjwvc3ZnPg==\" style=\"--smush-placeholder-width: 1200px; --smush-placeholder-aspect-ratio: 1200\/696;\" \/><figcaption class=\"wp-element-caption\">Natiq C\u0259f\u0259rli, Foto: Meydan TV<\/figcaption><\/figure>\n<\/div>\n\n\n<p>&#8220;<em>\u00dcnvanl\u0131 sosial yard\u0131m\u0131n elektronla\u015fd\u0131r\u0131lmas\u0131 il\u0259 ba\u011fl\u0131 m\u00fc\u0259yy\u0259n q\u0259rarlar al\u0131nsa da, amma yen\u0259 insan faktoru var. Y\u0259ni v\u0259t\u0259nda\u015flar \u00f6zl\u0259ri m\u0259lumat\u0131 portala daxil ets\u0259 d\u0259, sonucda q\u0259rar\u0131 yen\u0259 hans\u0131sa m\u0259mur verir. Bu da yen\u0259 subyektivliyin yaranmas\u0131na s\u0259b\u0259b olur. Ona g\u00f6r\u0259 d\u0259 bu sah\u0259d\u0259 el\u0259 kriteriyalar m\u00fc\u0259yy\u0259nl\u0259\u015fdirilm\u0259lidir ki, hans\u0131sa m\u0259mur m\u00fcdaxil\u0259sin\u0259 imkan tan\u0131nmas\u0131n. \u015e\u0259rtl\u0259r, qaydalar d\u0259qiq, ayd\u0131n v\u0259 \u015f\u0259ffaf olmal\u0131d\u0131r. Eynil\u0259 yol h\u0259r\u0259k\u0259t qaydalar\u0131 kimi. Sonucda v\u0259t\u0259nda\u015f haql\u0131 oldu\u011fu \u00fcnvanl\u0131 sosial yard\u0131m\u0131 ala bilsin, \u00e7\u0131x\u0131\u015f imkanlar\u0131 olsun. Buna \u00e7ox ehtiyac var. X\u00fcsusil\u0259 d\u0259 s\u0259n\u0259dl\u0259\u015fm\u0259 i\u015fl\u0259rind\u0259&#8221;<\/em>, &#8211; dey\u0259 ekspert bildirib.<\/p>\n\n\n\n<p>V\u0259t\u0259nda\u015flar\u0131n s\u0259n\u0259dl\u0259\u015fm\u0259 i\u015fl\u0259rind\u0259 \u0259n \u00e7ox \u00fczl\u0259\u015fdiyi problem avtomobil, pay torpa\u011f\u0131d\u0131r ki, ekspert bunun da do\u011fru ara\u015fd\u0131r\u0131lmad\u0131\u011f\u0131n\u0131 deyir:<\/p>\n\n\n\n<p><em>&#8220;Avtomobill\u0259rin d\u0259y\u0259ri, i\u015fl\u0259k v\u0259ziyy\u0259td\u0259 olub olmamas\u0131, torpaq sah\u0259l\u0259rinin k\u0259nd t\u0259s\u0259rr\u00fcfat\u0131na yararl\u0131 olub-olmamas\u0131 n\u0259z\u0259r\u0259 al\u0131nmal\u0131d\u0131r. M\u0259s\u0259l\u0259n, v\u0259t\u0259nda\u015f\u0131n ad\u0131na avtomobil var, amma he\u00e7 i\u015fl\u0259dilmir v\u0259 ya yarars\u0131zd\u0131r. Ancaq s\u0259n\u0259dl\u0259rd\u0259 ad\u0131 gedir dey\u0259 ala bilmir, ad\u0131na ki\u00e7ik torpaq sah\u0259si olan insanlar var ki, onlar h\u0259m torpaqdan istifad\u0259 ed\u0259 bilmir, h\u0259m d\u0259 sosial yard\u0131mdan m\u0259hrum olurlar&#8221;.<\/em><\/p>\n\n\n\n<p><strong>&#8220;Ya\u015fay\u0131\u015f minimumunun hesablanma indikatorlar\u0131 h\u0259m k\u00f6hn\u0259lib, h\u0259m d\u0259 reall\u0131\u011f\u0131 \u0259ks etdirmir&#8221;<\/strong><\/p>\n\n\n\n<p>Ekspert ehtiyac meyar\u0131n\u0131n, y\u0259ni ya\u015fay\u0131\u015f minimumunun hesablanmas\u0131nda is\u0259 bir \u00e7ox m\u0259qamlar\u0131n n\u0259z\u0259r\u0259 al\u0131nmad\u0131\u011f\u0131n\u0131 qeyd edir:<\/p>\n\n\n\n<p>&#8220;<em>\u00d6lk\u0259d\u0259 minimumu ya\u015fay\u0131\u015f m\u0259bl\u0259\u011fi, y\u0259ni ehtiyac meyar\u0131 da ciddi problemdir. Ya\u015fay\u0131\u015f minimumunun hesablanma indikatorlar\u0131 h\u0259m k\u00f6hn\u0259lib, h\u0259m d\u0259 reall\u0131\u011f\u0131 \u0259ks etdirmir. \u00c7ox a\u015fa\u011f\u0131 qiym\u0259tl\u0259r v\u0259 t\u0259l\u0259batlarla hesablan\u0131b. Bir \u00e7ox \u00f6lk\u0259l\u0259rin t\u0259cr\u00fcb\u0259si, t\u0259l\u0259bl\u0259ri Az\u0259rbaycanda n\u0259z\u0259r\u0259 al\u0131nm\u0131r. \u018fn ki\u00e7ik misal, ya\u015fay\u0131\u015f minimumu hesablanark\u0259n h\u0259r bir insan\u0131n g\u00fcnd\u0259 internetd\u0259n 15 d\u0259qiq\u0259 istifad\u0259 etm\u0259k d\u0259y\u0259ri n\u0259z\u0259r\u0259 al\u0131n\u0131r. Bu da reall\u0131\u011f\u0131 \u0259ks etdirmir&#8221;.<\/em><\/p>\n\n\n\n<p><em>&#8220;M\u00fcasir d\u00fcnyada internet ayr\u0131lmaz m\u0259\u015f\u011fuliyy\u0259tdir. H\u0259m\u00e7inin dig\u0259r \u00f6lk\u0259l\u0259rd\u0259 buna m\u0259d\u0259ni ehtiyaclar &#8211; kitab, teatr, kino, s\u0259rgi, konsert \u00fc\u00e7\u00fcn x\u0259rcl\u0259r daxil olur. Bizd\u0259 \u00fcmumiyy\u0259tl\u0259 n\u0259z\u0259r\u0259 al\u0131nm\u0131r. Hesablama qaydalar\u0131 do\u011fru olmad\u0131\u011f\u0131ndan \u00e7ox a\u015fa\u011f\u0131 m\u0259bl\u0259\u011f al\u0131n\u0131r. Bu da insanlar\u0131n ehtiyaclar\u0131n\u0131 \u00f6d\u0259m\u0259k qabiliyy\u0259tind\u0259 deyil&#8221;, <\/em>&#8211; dey\u0259 o bildirib.<\/p>\n","protected":false},"excerpt":{"rendered":"<p>&#8220;El\u0259 kriteriyalar m\u00fc\u0259yy\u0259nl\u0259\u015fdirilm\u0259lidir ki, m\u0259mur m\u00fcdaxil\u0259sin\u0259 imkan tan\u0131nmas\u0131n&#8221; &#8220;2020-ci ild\u0259n &#8230; <\/p>\n<p class=\"read-more-container\"><a title=\"G\u00f6y\u00e7ayda i\u015fsiz ail\u0259 v\u0259 \u0259l\u00e7atmaz \u00fcnvanl\u0131 sosial yard\u0131m&#8230;\" class=\"read-more button\" href=\"https:\/\/www.meydan.tv\/az\/article\/goycayda-issiz-aile-ve-elcatmaz-unvanli-sosial-yardim\/#more-275522\" aria-label=\"Read more about G\u00f6y\u00e7ayda i\u015fsiz ail\u0259 v\u0259 \u0259l\u00e7atmaz \u00fcnvanl\u0131 sosial yard\u0131m&#8230;\">Davam\u0131<\/a><\/p>\n","protected":false},"author":8,"featured_media":145434,"comment_status":"closed","ping_status":"closed","sticky":false,"template":"","format":"standard","meta":{"_acf_changed":false,"_sitemap_exclude":false,"_sitemap_priority":"","_sitemap_frequency":"","footnotes":""},"categories":[60,56],"tags":[],"class_list":["post-275522","post","type-post","status-publish","format-standard","has-post-thumbnail","hentry","category-bolge","category-xeberler","infinite-scroll-item","generate-columns","tablet-grid-50","mobile-grid-100","grid-parent","grid-33","no-featured-image-padding"],"acf":[],"yoast_head":"<!-- This site is optimized with the Yoast SEO plugin v27.5 - https:\/\/yoast.com\/product\/yoast-seo-wordpress\/ -->\n<title>G\u00f6y\u00e7ayda i\u015fsiz ail\u0259 v\u0259 \u0259l\u00e7atmaz \u00fcnvanl\u0131 sosial yard\u0131m... - MEYDAN.TV<\/title>\n<meta name=\"robots\" content=\"index, follow, max-snippet:-1, max-image-preview:large, max-video-preview:-1\" \/>\n<link rel=\"canonical\" href=\"https:\/\/www.meydan.tv\/az\/article\/goycayda-issiz-aile-ve-elcatmaz-unvanli-sosial-yardim\/\" \/>\n<meta property=\"og:locale\" content=\"az_AZ\" \/>\n<meta property=\"og:type\" content=\"article\" \/>\n<meta property=\"og:title\" content=\"G\u00f6y\u00e7ayda i\u015fsiz ail\u0259 v\u0259 \u0259l\u00e7atmaz \u00fcnvanl\u0131 sosial yard\u0131m... - MEYDAN.TV\" \/>\n<meta property=\"og:description\" content=\"&#8220;El\u0259 kriteriyalar m\u00fc\u0259yy\u0259nl\u0259\u015fdirilm\u0259lidir ki, m\u0259mur m\u00fcdaxil\u0259sin\u0259 imkan tan\u0131nmas\u0131n&#8221; &#8220;2020-ci ild\u0259n ... Davam\u0131\" \/>\n<meta property=\"og:url\" content=\"https:\/\/www.meydan.tv\/az\/article\/goycayda-issiz-aile-ve-elcatmaz-unvanli-sosial-yardim\/\" \/>\n<meta property=\"og:site_name\" content=\"MEYDAN.TV\" \/>\n<meta property=\"article:published_time\" content=\"2023-05-19T07:33:47+00:00\" \/>\n<meta property=\"article:modified_time\" content=\"2023-05-19T12:56:10+00:00\" \/>\n<meta property=\"og:image\" content=\"https:\/\/www.meydan.tv\/wp-content\/uploads\/413315821.jpg\" \/>\n\t<meta property=\"og:image:width\" content=\"1000\" \/>\n\t<meta property=\"og:image:height\" content=\"541\" \/>\n\t<meta property=\"og:image:type\" content=\"image\/jpeg\" \/>\n<meta name=\"author\" content=\"elli\" \/>\n<meta name=\"twitter:card\" content=\"summary_large_image\" \/>\n<meta name=\"twitter:creator\" content=\"@elli\" \/>\n<script type=\"application\/ld+json\" class=\"yoast-schema-graph\">{\"@context\":\"https:\\\/\\\/schema.org\",\"@graph\":[{\"@type\":\"Article\",\"@id\":\"https:\\\/\\\/www.meydan.tv\\\/az\\\/article\\\/goycayda-issiz-aile-ve-elcatmaz-unvanli-sosial-yardim\\\/#article\",\"isPartOf\":{\"@id\":\"https:\\\/\\\/www.meydan.tv\\\/az\\\/article\\\/goycayda-issiz-aile-ve-elcatmaz-unvanli-sosial-yardim\\\/\"},\"author\":{\"name\":\"elli\",\"@id\":\"https:\\\/\\\/www.meydan.tv\\\/az\\\/#\\\/schema\\\/person\\\/9cdbecf90d17180ce1dfbd95b08dcf47\"},\"headline\":\"G\u00f6y\u00e7ayda i\u015fsiz ail\u0259 v\u0259 \u0259l\u00e7atmaz \u00fcnvanl\u0131 sosial yard\u0131m&#8230;\",\"datePublished\":\"2023-05-19T07:33:47+00:00\",\"dateModified\":\"2023-05-19T12:56:10+00:00\",\"mainEntityOfPage\":{\"@id\":\"https:\\\/\\\/www.meydan.tv\\\/az\\\/article\\\/goycayda-issiz-aile-ve-elcatmaz-unvanli-sosial-yardim\\\/\"},\"wordCount\":2282,\"publisher\":{\"@id\":\"https:\\\/\\\/www.meydan.tv\\\/az\\\/#organization\"},\"image\":{\"@id\":\"https:\\\/\\\/www.meydan.tv\\\/az\\\/article\\\/goycayda-issiz-aile-ve-elcatmaz-unvanli-sosial-yardim\\\/#primaryimage\"},\"thumbnailUrl\":\"https:\\\/\\\/www.meydan.tv\\\/wp-content\\\/uploads\\\/413315821.jpg\",\"articleSection\":[\"B\u00f6lg\u0259\",\"X\u0259b\u0259rl\u0259r\"],\"inLanguage\":\"az\"},{\"@type\":\"WebPage\",\"@id\":\"https:\\\/\\\/www.meydan.tv\\\/az\\\/article\\\/goycayda-issiz-aile-ve-elcatmaz-unvanli-sosial-yardim\\\/\",\"url\":\"https:\\\/\\\/www.meydan.tv\\\/az\\\/article\\\/goycayda-issiz-aile-ve-elcatmaz-unvanli-sosial-yardim\\\/\",\"name\":\"G\u00f6y\u00e7ayda i\u015fsiz ail\u0259 v\u0259 \u0259l\u00e7atmaz \u00fcnvanl\u0131 sosial yard\u0131m... - MEYDAN.TV\",\"isPartOf\":{\"@id\":\"https:\\\/\\\/www.meydan.tv\\\/az\\\/#website\"},\"primaryImageOfPage\":{\"@id\":\"https:\\\/\\\/www.meydan.tv\\\/az\\\/article\\\/goycayda-issiz-aile-ve-elcatmaz-unvanli-sosial-yardim\\\/#primaryimage\"},\"image\":{\"@id\":\"https:\\\/\\\/www.meydan.tv\\\/az\\\/article\\\/goycayda-issiz-aile-ve-elcatmaz-unvanli-sosial-yardim\\\/#primaryimage\"},\"thumbnailUrl\":\"https:\\\/\\\/www.meydan.tv\\\/wp-content\\\/uploads\\\/413315821.jpg\",\"datePublished\":\"2023-05-19T07:33:47+00:00\",\"dateModified\":\"2023-05-19T12:56:10+00:00\",\"breadcrumb\":{\"@id\":\"https:\\\/\\\/www.meydan.tv\\\/az\\\/article\\\/goycayda-issiz-aile-ve-elcatmaz-unvanli-sosial-yardim\\\/#breadcrumb\"},\"inLanguage\":\"az\",\"potentialAction\":[{\"@type\":\"ReadAction\",\"target\":[\"https:\\\/\\\/www.meydan.tv\\\/az\\\/article\\\/goycayda-issiz-aile-ve-elcatmaz-unvanli-sosial-yardim\\\/\"]}]},{\"@type\":\"ImageObject\",\"inLanguage\":\"az\",\"@id\":\"https:\\\/\\\/www.meydan.tv\\\/az\\\/article\\\/goycayda-issiz-aile-ve-elcatmaz-unvanli-sosial-yardim\\\/#primaryimage\",\"url\":\"https:\\\/\\\/www.meydan.tv\\\/wp-content\\\/uploads\\\/413315821.jpg\",\"contentUrl\":\"https:\\\/\\\/www.meydan.tv\\\/wp-content\\\/uploads\\\/413315821.jpg\",\"width\":1000,\"height\":541,\"caption\":\"M\u0259nb\u0259: G\u00f6y\u00e7ay Rayon \u0130cra Hakimiyy\u0259ti\"},{\"@type\":\"BreadcrumbList\",\"@id\":\"https:\\\/\\\/www.meydan.tv\\\/az\\\/article\\\/goycayda-issiz-aile-ve-elcatmaz-unvanli-sosial-yardim\\\/#breadcrumb\",\"itemListElement\":[{\"@type\":\"ListItem\",\"position\":1,\"name\":\"Ana s\u0259hif\u0259\",\"item\":\"https:\\\/\\\/www.meydan.tv\\\/az\\\/\"},{\"@type\":\"ListItem\",\"position\":2,\"name\":\"B\u00f6lg\u0259\",\"item\":\"https:\\\/\\\/www.meydan.tv\\\/az\\\/section\\\/bolge\\\/\"},{\"@type\":\"ListItem\",\"position\":3,\"name\":\"G\u00f6y\u00e7ayda i\u015fsiz ail\u0259 v\u0259 \u0259l\u00e7atmaz \u00fcnvanl\u0131 sosial yard\u0131m&#8230;\"}]},{\"@type\":\"WebSite\",\"@id\":\"https:\\\/\\\/www.meydan.tv\\\/az\\\/#website\",\"url\":\"https:\\\/\\\/www.meydan.tv\\\/az\\\/\",\"name\":\"MEYDAN.TV\",\"description\":\"Meydan TV Az\u0259rbaycan\u0131n media m\u0259kan\u0131ndak\u0131 alternativ s\u0259sidir\",\"publisher\":{\"@id\":\"https:\\\/\\\/www.meydan.tv\\\/az\\\/#organization\"},\"potentialAction\":[{\"@type\":\"SearchAction\",\"target\":{\"@type\":\"EntryPoint\",\"urlTemplate\":\"https:\\\/\\\/www.meydan.tv\\\/az\\\/?s={search_term_string}\"},\"query-input\":{\"@type\":\"PropertyValueSpecification\",\"valueRequired\":true,\"valueName\":\"search_term_string\"}}],\"inLanguage\":\"az\"},{\"@type\":\"Organization\",\"@id\":\"https:\\\/\\\/www.meydan.tv\\\/az\\\/#organization\",\"name\":\"Meydan TV\",\"url\":\"https:\\\/\\\/www.meydan.tv\\\/az\\\/\",\"logo\":{\"@type\":\"ImageObject\",\"inLanguage\":\"az\",\"@id\":\"https:\\\/\\\/www.meydan.tv\\\/az\\\/#\\\/schema\\\/logo\\\/image\\\/\",\"url\":\"https:\\\/\\\/www.meydan.tv\\\/wp-content\\\/uploads\\\/2021\\\/07\\\/meydan-logo.svg\",\"contentUrl\":\"https:\\\/\\\/www.meydan.tv\\\/wp-content\\\/uploads\\\/2021\\\/07\\\/meydan-logo.svg\",\"width\":195,\"height\":46,\"caption\":\"Meydan TV\"},\"image\":{\"@id\":\"https:\\\/\\\/www.meydan.tv\\\/az\\\/#\\\/schema\\\/logo\\\/image\\\/\"}},{\"@type\":\"Person\",\"@id\":\"https:\\\/\\\/www.meydan.tv\\\/az\\\/#\\\/schema\\\/person\\\/9cdbecf90d17180ce1dfbd95b08dcf47\",\"name\":\"elli\",\"sameAs\":[\"https:\\\/\\\/x.com\\\/elli\"]}]}<\/script>\n<!-- \/ Yoast SEO plugin. -->","yoast_head_json":{"title":"G\u00f6y\u00e7ayda i\u015fsiz ail\u0259 v\u0259 \u0259l\u00e7atmaz \u00fcnvanl\u0131 sosial yard\u0131m... - MEYDAN.TV","robots":{"index":"index","follow":"follow","max-snippet":"max-snippet:-1","max-image-preview":"max-image-preview:large","max-video-preview":"max-video-preview:-1"},"canonical":"https:\/\/www.meydan.tv\/az\/article\/goycayda-issiz-aile-ve-elcatmaz-unvanli-sosial-yardim\/","og_locale":"az_AZ","og_type":"article","og_title":"G\u00f6y\u00e7ayda i\u015fsiz ail\u0259 v\u0259 \u0259l\u00e7atmaz \u00fcnvanl\u0131 sosial yard\u0131m... - MEYDAN.TV","og_description":"&#8220;El\u0259 kriteriyalar m\u00fc\u0259yy\u0259nl\u0259\u015fdirilm\u0259lidir ki, m\u0259mur m\u00fcdaxil\u0259sin\u0259 imkan tan\u0131nmas\u0131n&#8221; &#8220;2020-ci ild\u0259n ... Davam\u0131","og_url":"https:\/\/www.meydan.tv\/az\/article\/goycayda-issiz-aile-ve-elcatmaz-unvanli-sosial-yardim\/","og_site_name":"MEYDAN.TV","article_published_time":"2023-05-19T07:33:47+00:00","article_modified_time":"2023-05-19T12:56:10+00:00","og_image":[{"width":1000,"height":541,"url":"https:\/\/www.meydan.tv\/wp-content\/uploads\/413315821.jpg","type":"image\/jpeg"}],"author":"elli","twitter_card":"summary_large_image","twitter_creator":"@elli","schema":{"@context":"https:\/\/schema.org","@graph":[{"@type":"Article","@id":"https:\/\/www.meydan.tv\/az\/article\/goycayda-issiz-aile-ve-elcatmaz-unvanli-sosial-yardim\/#article","isPartOf":{"@id":"https:\/\/www.meydan.tv\/az\/article\/goycayda-issiz-aile-ve-elcatmaz-unvanli-sosial-yardim\/"},"author":{"name":"elli","@id":"https:\/\/www.meydan.tv\/az\/#\/schema\/person\/9cdbecf90d17180ce1dfbd95b08dcf47"},"headline":"G\u00f6y\u00e7ayda i\u015fsiz ail\u0259 v\u0259 \u0259l\u00e7atmaz \u00fcnvanl\u0131 sosial yard\u0131m&#8230;","datePublished":"2023-05-19T07:33:47+00:00","dateModified":"2023-05-19T12:56:10+00:00","mainEntityOfPage":{"@id":"https:\/\/www.meydan.tv\/az\/article\/goycayda-issiz-aile-ve-elcatmaz-unvanli-sosial-yardim\/"},"wordCount":2282,"publisher":{"@id":"https:\/\/www.meydan.tv\/az\/#organization"},"image":{"@id":"https:\/\/www.meydan.tv\/az\/article\/goycayda-issiz-aile-ve-elcatmaz-unvanli-sosial-yardim\/#primaryimage"},"thumbnailUrl":"https:\/\/www.meydan.tv\/wp-content\/uploads\/413315821.jpg","articleSection":["B\u00f6lg\u0259","X\u0259b\u0259rl\u0259r"],"inLanguage":"az"},{"@type":"WebPage","@id":"https:\/\/www.meydan.tv\/az\/article\/goycayda-issiz-aile-ve-elcatmaz-unvanli-sosial-yardim\/","url":"https:\/\/www.meydan.tv\/az\/article\/goycayda-issiz-aile-ve-elcatmaz-unvanli-sosial-yardim\/","name":"G\u00f6y\u00e7ayda i\u015fsiz ail\u0259 v\u0259 \u0259l\u00e7atmaz \u00fcnvanl\u0131 sosial yard\u0131m... - MEYDAN.TV","isPartOf":{"@id":"https:\/\/www.meydan.tv\/az\/#website"},"primaryImageOfPage":{"@id":"https:\/\/www.meydan.tv\/az\/article\/goycayda-issiz-aile-ve-elcatmaz-unvanli-sosial-yardim\/#primaryimage"},"image":{"@id":"https:\/\/www.meydan.tv\/az\/article\/goycayda-issiz-aile-ve-elcatmaz-unvanli-sosial-yardim\/#primaryimage"},"thumbnailUrl":"https:\/\/www.meydan.tv\/wp-content\/uploads\/413315821.jpg","datePublished":"2023-05-19T07:33:47+00:00","dateModified":"2023-05-19T12:56:10+00:00","breadcrumb":{"@id":"https:\/\/www.meydan.tv\/az\/article\/goycayda-issiz-aile-ve-elcatmaz-unvanli-sosial-yardim\/#breadcrumb"},"inLanguage":"az","potentialAction":[{"@type":"ReadAction","target":["https:\/\/www.meydan.tv\/az\/article\/goycayda-issiz-aile-ve-elcatmaz-unvanli-sosial-yardim\/"]}]},{"@type":"ImageObject","inLanguage":"az","@id":"https:\/\/www.meydan.tv\/az\/article\/goycayda-issiz-aile-ve-elcatmaz-unvanli-sosial-yardim\/#primaryimage","url":"https:\/\/www.meydan.tv\/wp-content\/uploads\/413315821.jpg","contentUrl":"https:\/\/www.meydan.tv\/wp-content\/uploads\/413315821.jpg","width":1000,"height":541,"caption":"M\u0259nb\u0259: G\u00f6y\u00e7ay Rayon \u0130cra Hakimiyy\u0259ti"},{"@type":"BreadcrumbList","@id":"https:\/\/www.meydan.tv\/az\/article\/goycayda-issiz-aile-ve-elcatmaz-unvanli-sosial-yardim\/#breadcrumb","itemListElement":[{"@type":"ListItem","position":1,"name":"Ana s\u0259hif\u0259","item":"https:\/\/www.meydan.tv\/az\/"},{"@type":"ListItem","position":2,"name":"B\u00f6lg\u0259","item":"https:\/\/www.meydan.tv\/az\/section\/bolge\/"},{"@type":"ListItem","position":3,"name":"G\u00f6y\u00e7ayda i\u015fsiz ail\u0259 v\u0259 \u0259l\u00e7atmaz \u00fcnvanl\u0131 sosial yard\u0131m&#8230;"}]},{"@type":"WebSite","@id":"https:\/\/www.meydan.tv\/az\/#website","url":"https:\/\/www.meydan.tv\/az\/","name":"MEYDAN.TV","description":"Meydan TV Az\u0259rbaycan\u0131n media m\u0259kan\u0131ndak\u0131 alternativ s\u0259sidir","publisher":{"@id":"https:\/\/www.meydan.tv\/az\/#organization"},"potentialAction":[{"@type":"SearchAction","target":{"@type":"EntryPoint","urlTemplate":"https:\/\/www.meydan.tv\/az\/?s={search_term_string}"},"query-input":{"@type":"PropertyValueSpecification","valueRequired":true,"valueName":"search_term_string"}}],"inLanguage":"az"},{"@type":"Organization","@id":"https:\/\/www.meydan.tv\/az\/#organization","name":"Meydan TV","url":"https:\/\/www.meydan.tv\/az\/","logo":{"@type":"ImageObject","inLanguage":"az","@id":"https:\/\/www.meydan.tv\/az\/#\/schema\/logo\/image\/","url":"https:\/\/www.meydan.tv\/wp-content\/uploads\/2021\/07\/meydan-logo.svg","contentUrl":"https:\/\/www.meydan.tv\/wp-content\/uploads\/2021\/07\/meydan-logo.svg","width":195,"height":46,"caption":"Meydan TV"},"image":{"@id":"https:\/\/www.meydan.tv\/az\/#\/schema\/logo\/image\/"}},{"@type":"Person","@id":"https:\/\/www.meydan.tv\/az\/#\/schema\/person\/9cdbecf90d17180ce1dfbd95b08dcf47","name":"elli","sameAs":["https:\/\/x.com\/elli"]}]}},"_links":{"self":[{"href":"https:\/\/www.meydan.tv\/az\/wp-json\/wp\/v2\/posts\/275522","targetHints":{"allow":["GET"]}}],"collection":[{"href":"https:\/\/www.meydan.tv\/az\/wp-json\/wp\/v2\/posts"}],"about":[{"href":"https:\/\/www.meydan.tv\/az\/wp-json\/wp\/v2\/types\/post"}],"author":[{"embeddable":true,"href":"https:\/\/www.meydan.tv\/az\/wp-json\/wp\/v2\/users\/8"}],"replies":[{"embeddable":true,"href":"https:\/\/www.meydan.tv\/az\/wp-json\/wp\/v2\/comments?post=275522"}],"version-history":[{"count":4,"href":"https:\/\/www.meydan.tv\/az\/wp-json\/wp\/v2\/posts\/275522\/revisions"}],"predecessor-version":[{"id":275568,"href":"https:\/\/www.meydan.tv\/az\/wp-json\/wp\/v2\/posts\/275522\/revisions\/275568"}],"wp:featuredmedia":[{"embeddable":true,"href":"https:\/\/www.meydan.tv\/az\/wp-json\/wp\/v2\/media\/145434"}],"wp:attachment":[{"href":"https:\/\/www.meydan.tv\/az\/wp-json\/wp\/v2\/media?parent=275522"}],"wp:term":[{"taxonomy":"category","embeddable":true,"href":"https:\/\/www.meydan.tv\/az\/wp-json\/wp\/v2\/categories?post=275522"},{"taxonomy":"post_tag","embeddable":true,"href":"https:\/\/www.meydan.tv\/az\/wp-json\/wp\/v2\/tags?post=275522"}],"curies":[{"name":"wp","href":"https:\/\/api.w.org\/{rel}","templated":true}]}}