{"id":275465,"date":"2023-05-18T15:43:28","date_gmt":"2023-05-18T11:43:28","guid":{"rendered":"https:\/\/www.meydan.tv\/?p=275465"},"modified":"2023-05-18T15:43:33","modified_gmt":"2023-05-18T11:43:33","slug":"audiovizual-sura-space-tv-nin-yayimini-uc-saatliq-dayandirir","status":"publish","type":"post","link":"https:\/\/www.meydan.tv\/az\/article\/audiovizual-sura-space-tv-nin-yayimini-uc-saatliq-dayandirir\/","title":{"rendered":"Audiovizual \u015eura \u201cSpace\u201d TV-nin yay\u0131m\u0131n\u0131 \u00fc\u00e7 saatl\u0131q dayand\u0131r\u0131r"},"content":{"rendered":"\n<p><\/p>\n\n\n\n<p><strong><em>Media eksperti: \u201cQanunu yanl\u0131\u015f t\u0259tbiq edibl\u0259r\u201d<\/em><\/strong><\/p>\n\n\n\n<p>Audiovizual \u015eura \u201cSpace\u201d telekanal\u0131n\u0131n yay\u0131m\u0131n\u0131n \u00fc\u00e7 saatl\u0131q dayand\u0131r\u0131lmas\u0131 il\u0259 ba\u011fl\u0131 q\u0259rar verib.<\/p>\n\n\n\n<p>Bu haqda m\u0259lumat qurumun r\u0259smi sayt\u0131nda yer <a href=\"https:\/\/acra.gov.az\/az\/xeberler\/1028\" target=\"_blank\" rel=\"noreferrer noopener\">al\u0131b.<\/a><\/p>\n\n\n\n<p>Bildirilir ki, telekanal\u0131n \u201cG\u0259l, dan\u0131\u015f\u201d verili\u015finin may\u0131n 12-d\u0259ki burax\u0131l\u0131\u015f\u0131nda (saat 13.01-d\u0259) \u201cMedia haqq\u0131nda\u201d Qanunun 14.1.6-c\u0131 madd\u0259sinin t\u0259l\u0259binin (\u0259xlaqdank\u0259nar leksik (s\u00f6y\u00fc\u015f) m\u0259zmunlu s\u00f6z v\u0259 ifad\u0259l\u0259rd\u0259n, jestl\u0259rd\u0259n istifad\u0259y\u0259 yol verilm\u0259m\u0259lidir) pozulmas\u0131 fakt\u0131 a\u015fkarlan\u0131b.<\/p>\n\n\n\n<p>\u015euran\u0131n q\u0259bul etdiyi m\u00fcvafiq q\u0259rara g\u00f6r\u0259, \u201cSpace\u201d televiziyas\u0131n\u0131n yay\u0131m\u0131 21 may 2023-c\u00fc il tarixd\u0259 saat 08.00-11.00 aras\u0131 (3 saatl\u0131q) dayand\u0131r\u0131lacaq.<\/p>\n\n\n\n<p>Meydan TV m\u0259s\u0259l\u0259 il\u0259 \u0259laq\u0259dar \u201cSpace\u201d televiziyas\u0131nda yay\u0131mlanan \u201cG\u0259l, dan\u0131\u015f\u201d verili\u015finin apar\u0131c\u0131s\u0131 Amil X\u0259lil\u0259 z\u0259ng ets\u0259 d\u0259, qar\u015f\u0131 t\u0259r\u0259f cavab verm\u0259yib.<\/p>\n\n\n\n<p>Sosial \u015f\u0259b\u0259k\u0259l\u0259rd\u0259 yay\u0131lan g\u00f6r\u00fcnt\u00fcl\u0259r\u0259 g\u00f6r\u0259, verili\u015fin canl\u0131 yay\u0131m\u0131nda telefon \u0259laq\u0259si quran v\u0259t\u0259nda\u015f m\u00fc\u011f\u0259nni, \u018fm\u0259kdar artist Cavan\u015fir M\u0259mm\u0259dovla s\u00f6hb\u0259t zaman\u0131 s\u00f6y\u00fc\u015f s\u00f6y\u00fcb.<\/p>\n\n\n\n<p>Cavan\u015fir M\u0259mm\u0259dov Meydan TV-y\u0259 deyib ki, canl\u0131 yay\u0131mda h\u0259r \u015fey ola bil\u0259r:<\/p>\n\n\n\n<p>\u201c<em>Birincisi, orada s\u00f6y\u00fc\u015f s\u00f6y\u00fclm\u0259yib. \u0130kincisi, bu, canl\u0131 yay\u0131md\u0131r, h\u0259r \u015fey ola bil\u0259r. Tezlik var, s\u00f6y\u00fc\u015f olanda, s\u0259si al\u0131rlar, efir\u0259 getmir. Bu verili\u015fin xalqa n\u0259 ziyan\u0131 var? K\u00f6m\u0259yin var ki, ziyan\u0131 yoxdur\u201d.<\/em><\/p>\n\n\n\n<p>Media eksperti \u018fl\u0259sg\u0259r M\u0259mm\u0259dli televiziyan\u0131n yay\u0131m\u0131n\u0131n dayand\u0131rlmas\u0131n\u0131 do\u011fru hesab etmir.<\/p>\n\n\n\n<p><em>\u201cCanl\u0131 yay\u0131mda deyil\u0259n s\u00f6z\u0259 g\u00f6r\u0259, \u00fcmumiyy\u0259tl\u0259, televiziya m\u0259suliyy\u0259t da\u015f\u0131maz. B\u00fct\u00fcn hallarda qanunu yanl\u0131\u015f t\u0259tbiq edibl\u0259r\u201d, <\/em>&#8211; ekspert Meydan TV-y\u0259 bel\u0259 deyib.<\/p>\n\n\n<div class=\"wp-block-image\">\n<figure class=\"aligncenter size-full\"><img decoding=\"async\" width=\"1200\" height=\"801\" data-src=\"https:\/\/www.meydan.tv\/wp-content\/uploads\/nlq2353.jpg\" alt=\"\" class=\"wp-image-267644 lazyload\" src=\"data:image\/svg+xml;base64,PHN2ZyB3aWR0aD0iMSIgaGVpZ2h0PSIxIiB4bWxucz0iaHR0cDovL3d3dy53My5vcmcvMjAwMC9zdmciPjwvc3ZnPg==\" style=\"--smush-placeholder-width: 1200px; --smush-placeholder-aspect-ratio: 1200\/801;\" \/><figcaption class=\"wp-element-caption\">\u018fl\u0259sg\u0259r M\u0259mm\u0259dli. Foto: Meydan TV<\/figcaption><\/figure>\n<\/div>\n\n\n<p>Audiovizual \u015eura h\u0259m\u00e7inin \u201cMedia FM\u201d radiosununda da \u201cReklam haqq\u0131nda\u201d Qanunun t\u0259l\u0259bl\u0259rinin pozuldu\u011funu iddia edib.<\/p>\n\n\n\n<p>\u015euran\u0131n m\u0259lumat\u0131nda bildirilir ki, radionun efirind\u0259 may\u0131n 11-d\u0259 saat 08.48-d\u0259, may\u0131n 15-d\u0259 saat 08.50-d\u0259, 09.49-da v\u0259 12.50-d\u0259 \u201cReklam haqq\u0131nda\u201d Qanunun 29.5-ci madd\u0259sinin t\u0259l\u0259binin (hamil\u0259liyin s\u00fcni yolla pozulmas\u0131 v\u0259 s\u00fcni mayalanma \u00fczr\u0259 tibbi xidm\u0259tin reklam\u0131 qada\u011fand\u0131r) pozulmas\u0131 faktlar\u0131 qeyd\u0259 al\u0131n\u0131b.<\/p>\n\n\n\n<p>Q\u0259rara al\u0131n\u0131b ki, \u201cMedia FM\u201d radionun verili\u015fl\u0259ri may\u0131n 21-d\u0259 saat 23.00-24.00 aras\u0131 1 saatl\u0131q dayand\u0131r\u0131lacaq.<\/p>\n","protected":false},"excerpt":{"rendered":"<p>Media eksperti: \u201cQanunu yanl\u0131\u015f t\u0259tbiq edibl\u0259r\u201d Audiovizual \u015eura \u201cSpace\u201d telekanal\u0131n\u0131n &#8230; <\/p>\n<p class=\"read-more-container\"><a title=\"Audiovizual \u015eura \u201cSpace\u201d TV-nin yay\u0131m\u0131n\u0131 \u00fc\u00e7 saatl\u0131q dayand\u0131r\u0131r\" class=\"read-more button\" href=\"https:\/\/www.meydan.tv\/az\/article\/audiovizual-sura-space-tv-nin-yayimini-uc-saatliq-dayandirir\/#more-275465\" aria-label=\"Read more about Audiovizual \u015eura \u201cSpace\u201d TV-nin yay\u0131m\u0131n\u0131 \u00fc\u00e7 saatl\u0131q dayand\u0131r\u0131r\">Davam\u0131<\/a><\/p>\n","protected":false},"author":8,"featured_media":275466,"comment_status":"closed","ping_status":"closed","sticky":false,"template":"","format":"standard","meta":{"_acf_changed":false,"_sitemap_exclude":false,"_sitemap_priority":"","_sitemap_frequency":"","footnotes":""},"categories":[52,56],"tags":[],"class_list":["post-275465","post","type-post","status-publish","format-standard","has-post-thumbnail","hentry","category-medeniyyet","category-xeberler","infinite-scroll-item","generate-columns","tablet-grid-50","mobile-grid-100","grid-parent","grid-33","no-featured-image-padding"],"acf":[],"yoast_head":"<!-- This site is optimized with the Yoast SEO plugin v27.4 - https:\/\/yoast.com\/product\/yoast-seo-wordpress\/ -->\n<title>Audiovizual \u015eura \u201cSpace\u201d TV-nin yay\u0131m\u0131n\u0131 \u00fc\u00e7 saatl\u0131q dayand\u0131r\u0131r - MEYDAN.TV<\/title>\n<meta name=\"robots\" content=\"index, follow, max-snippet:-1, max-image-preview:large, max-video-preview:-1\" \/>\n<link rel=\"canonical\" href=\"https:\/\/www.meydan.tv\/az\/article\/audiovizual-sura-space-tv-nin-yayimini-uc-saatliq-dayandirir\/\" \/>\n<meta property=\"og:locale\" content=\"az_AZ\" \/>\n<meta property=\"og:type\" content=\"article\" \/>\n<meta property=\"og:title\" content=\"Audiovizual \u015eura \u201cSpace\u201d TV-nin yay\u0131m\u0131n\u0131 \u00fc\u00e7 saatl\u0131q dayand\u0131r\u0131r - MEYDAN.TV\" \/>\n<meta property=\"og:description\" content=\"Media eksperti: \u201cQanunu yanl\u0131\u015f t\u0259tbiq edibl\u0259r\u201d Audiovizual \u015eura \u201cSpace\u201d telekanal\u0131n\u0131n ... Davam\u0131\" \/>\n<meta property=\"og:url\" content=\"https:\/\/www.meydan.tv\/az\/article\/audiovizual-sura-space-tv-nin-yayimini-uc-saatliq-dayandirir\/\" \/>\n<meta property=\"og:site_name\" content=\"MEYDAN.TV\" \/>\n<meta property=\"article:published_time\" content=\"2023-05-18T11:43:28+00:00\" \/>\n<meta property=\"article:modified_time\" content=\"2023-05-18T11:43:33+00:00\" \/>\n<meta property=\"og:image\" content=\"https:\/\/www.meydan.tv\/wp-content\/uploads\/space_tv-nin_binasi_-_2.jpg\" \/>\n\t<meta property=\"og:image:width\" content=\"1200\" \/>\n\t<meta property=\"og:image:height\" content=\"675\" \/>\n\t<meta property=\"og:image:type\" content=\"image\/jpeg\" \/>\n<meta name=\"author\" content=\"elli\" \/>\n<meta name=\"twitter:card\" content=\"summary_large_image\" \/>\n<meta name=\"twitter:creator\" content=\"@elli\" \/>\n<script type=\"application\/ld+json\" class=\"yoast-schema-graph\">{\"@context\":\"https:\\\/\\\/schema.org\",\"@graph\":[{\"@type\":\"Article\",\"@id\":\"https:\\\/\\\/www.meydan.tv\\\/az\\\/article\\\/audiovizual-sura-space-tv-nin-yayimini-uc-saatliq-dayandirir\\\/#article\",\"isPartOf\":{\"@id\":\"https:\\\/\\\/www.meydan.tv\\\/az\\\/article\\\/audiovizual-sura-space-tv-nin-yayimini-uc-saatliq-dayandirir\\\/\"},\"author\":{\"name\":\"elli\",\"@id\":\"https:\\\/\\\/www.meydan.tv\\\/az\\\/#\\\/schema\\\/person\\\/9cdbecf90d17180ce1dfbd95b08dcf47\"},\"headline\":\"Audiovizual \u015eura \u201cSpace\u201d TV-nin yay\u0131m\u0131n\u0131 \u00fc\u00e7 saatl\u0131q dayand\u0131r\u0131r\",\"datePublished\":\"2023-05-18T11:43:28+00:00\",\"dateModified\":\"2023-05-18T11:43:33+00:00\",\"mainEntityOfPage\":{\"@id\":\"https:\\\/\\\/www.meydan.tv\\\/az\\\/article\\\/audiovizual-sura-space-tv-nin-yayimini-uc-saatliq-dayandirir\\\/\"},\"wordCount\":445,\"publisher\":{\"@id\":\"https:\\\/\\\/www.meydan.tv\\\/az\\\/#organization\"},\"image\":{\"@id\":\"https:\\\/\\\/www.meydan.tv\\\/az\\\/article\\\/audiovizual-sura-space-tv-nin-yayimini-uc-saatliq-dayandirir\\\/#primaryimage\"},\"thumbnailUrl\":\"https:\\\/\\\/www.meydan.tv\\\/wp-content\\\/uploads\\\/space_tv-nin_binasi_-_2.jpg\",\"articleSection\":[\"M\u0259d\u0259niyy\u0259t\",\"X\u0259b\u0259rl\u0259r\"],\"inLanguage\":\"az\"},{\"@type\":\"WebPage\",\"@id\":\"https:\\\/\\\/www.meydan.tv\\\/az\\\/article\\\/audiovizual-sura-space-tv-nin-yayimini-uc-saatliq-dayandirir\\\/\",\"url\":\"https:\\\/\\\/www.meydan.tv\\\/az\\\/article\\\/audiovizual-sura-space-tv-nin-yayimini-uc-saatliq-dayandirir\\\/\",\"name\":\"Audiovizual \u015eura \u201cSpace\u201d TV-nin yay\u0131m\u0131n\u0131 \u00fc\u00e7 saatl\u0131q dayand\u0131r\u0131r - MEYDAN.TV\",\"isPartOf\":{\"@id\":\"https:\\\/\\\/www.meydan.tv\\\/az\\\/#website\"},\"primaryImageOfPage\":{\"@id\":\"https:\\\/\\\/www.meydan.tv\\\/az\\\/article\\\/audiovizual-sura-space-tv-nin-yayimini-uc-saatliq-dayandirir\\\/#primaryimage\"},\"image\":{\"@id\":\"https:\\\/\\\/www.meydan.tv\\\/az\\\/article\\\/audiovizual-sura-space-tv-nin-yayimini-uc-saatliq-dayandirir\\\/#primaryimage\"},\"thumbnailUrl\":\"https:\\\/\\\/www.meydan.tv\\\/wp-content\\\/uploads\\\/space_tv-nin_binasi_-_2.jpg\",\"datePublished\":\"2023-05-18T11:43:28+00:00\",\"dateModified\":\"2023-05-18T11:43:33+00:00\",\"breadcrumb\":{\"@id\":\"https:\\\/\\\/www.meydan.tv\\\/az\\\/article\\\/audiovizual-sura-space-tv-nin-yayimini-uc-saatliq-dayandirir\\\/#breadcrumb\"},\"inLanguage\":\"az\",\"potentialAction\":[{\"@type\":\"ReadAction\",\"target\":[\"https:\\\/\\\/www.meydan.tv\\\/az\\\/article\\\/audiovizual-sura-space-tv-nin-yayimini-uc-saatliq-dayandirir\\\/\"]}]},{\"@type\":\"ImageObject\",\"inLanguage\":\"az\",\"@id\":\"https:\\\/\\\/www.meydan.tv\\\/az\\\/article\\\/audiovizual-sura-space-tv-nin-yayimini-uc-saatliq-dayandirir\\\/#primaryimage\",\"url\":\"https:\\\/\\\/www.meydan.tv\\\/wp-content\\\/uploads\\\/space_tv-nin_binasi_-_2.jpg\",\"contentUrl\":\"https:\\\/\\\/www.meydan.tv\\\/wp-content\\\/uploads\\\/space_tv-nin_binasi_-_2.jpg\",\"width\":1200,\"height\":675,\"caption\":\"\u201cSpace\u201d TV. Foto: wikimedia\"},{\"@type\":\"BreadcrumbList\",\"@id\":\"https:\\\/\\\/www.meydan.tv\\\/az\\\/article\\\/audiovizual-sura-space-tv-nin-yayimini-uc-saatliq-dayandirir\\\/#breadcrumb\",\"itemListElement\":[{\"@type\":\"ListItem\",\"position\":1,\"name\":\"Ana s\u0259hif\u0259\",\"item\":\"https:\\\/\\\/www.meydan.tv\\\/az\\\/\"},{\"@type\":\"ListItem\",\"position\":2,\"name\":\"M\u0259d\u0259niyy\u0259t\",\"item\":\"https:\\\/\\\/www.meydan.tv\\\/az\\\/section\\\/medeniyyet\\\/\"},{\"@type\":\"ListItem\",\"position\":3,\"name\":\"Audiovizual \u015eura \u201cSpace\u201d TV-nin yay\u0131m\u0131n\u0131 \u00fc\u00e7 saatl\u0131q dayand\u0131r\u0131r\"}]},{\"@type\":\"WebSite\",\"@id\":\"https:\\\/\\\/www.meydan.tv\\\/az\\\/#website\",\"url\":\"https:\\\/\\\/www.meydan.tv\\\/az\\\/\",\"name\":\"MEYDAN.TV\",\"description\":\"Meydan TV Az\u0259rbaycan\u0131n media m\u0259kan\u0131ndak\u0131 alternativ s\u0259sidir\",\"publisher\":{\"@id\":\"https:\\\/\\\/www.meydan.tv\\\/az\\\/#organization\"},\"potentialAction\":[{\"@type\":\"SearchAction\",\"target\":{\"@type\":\"EntryPoint\",\"urlTemplate\":\"https:\\\/\\\/www.meydan.tv\\\/az\\\/?s={search_term_string}\"},\"query-input\":{\"@type\":\"PropertyValueSpecification\",\"valueRequired\":true,\"valueName\":\"search_term_string\"}}],\"inLanguage\":\"az\"},{\"@type\":\"Organization\",\"@id\":\"https:\\\/\\\/www.meydan.tv\\\/az\\\/#organization\",\"name\":\"Meydan TV\",\"url\":\"https:\\\/\\\/www.meydan.tv\\\/az\\\/\",\"logo\":{\"@type\":\"ImageObject\",\"inLanguage\":\"az\",\"@id\":\"https:\\\/\\\/www.meydan.tv\\\/az\\\/#\\\/schema\\\/logo\\\/image\\\/\",\"url\":\"https:\\\/\\\/www.meydan.tv\\\/wp-content\\\/uploads\\\/2021\\\/07\\\/meydan-logo.svg\",\"contentUrl\":\"https:\\\/\\\/www.meydan.tv\\\/wp-content\\\/uploads\\\/2021\\\/07\\\/meydan-logo.svg\",\"width\":195,\"height\":46,\"caption\":\"Meydan TV\"},\"image\":{\"@id\":\"https:\\\/\\\/www.meydan.tv\\\/az\\\/#\\\/schema\\\/logo\\\/image\\\/\"}},{\"@type\":\"Person\",\"@id\":\"https:\\\/\\\/www.meydan.tv\\\/az\\\/#\\\/schema\\\/person\\\/9cdbecf90d17180ce1dfbd95b08dcf47\",\"name\":\"elli\",\"sameAs\":[\"https:\\\/\\\/x.com\\\/elli\"]}]}<\/script>\n<!-- \/ Yoast SEO plugin. -->","yoast_head_json":{"title":"Audiovizual \u015eura \u201cSpace\u201d TV-nin yay\u0131m\u0131n\u0131 \u00fc\u00e7 saatl\u0131q dayand\u0131r\u0131r - MEYDAN.TV","robots":{"index":"index","follow":"follow","max-snippet":"max-snippet:-1","max-image-preview":"max-image-preview:large","max-video-preview":"max-video-preview:-1"},"canonical":"https:\/\/www.meydan.tv\/az\/article\/audiovizual-sura-space-tv-nin-yayimini-uc-saatliq-dayandirir\/","og_locale":"az_AZ","og_type":"article","og_title":"Audiovizual \u015eura \u201cSpace\u201d TV-nin yay\u0131m\u0131n\u0131 \u00fc\u00e7 saatl\u0131q dayand\u0131r\u0131r - MEYDAN.TV","og_description":"Media eksperti: \u201cQanunu yanl\u0131\u015f t\u0259tbiq edibl\u0259r\u201d Audiovizual \u015eura \u201cSpace\u201d telekanal\u0131n\u0131n ... Davam\u0131","og_url":"https:\/\/www.meydan.tv\/az\/article\/audiovizual-sura-space-tv-nin-yayimini-uc-saatliq-dayandirir\/","og_site_name":"MEYDAN.TV","article_published_time":"2023-05-18T11:43:28+00:00","article_modified_time":"2023-05-18T11:43:33+00:00","og_image":[{"width":1200,"height":675,"url":"https:\/\/www.meydan.tv\/wp-content\/uploads\/space_tv-nin_binasi_-_2.jpg","type":"image\/jpeg"}],"author":"elli","twitter_card":"summary_large_image","twitter_creator":"@elli","schema":{"@context":"https:\/\/schema.org","@graph":[{"@type":"Article","@id":"https:\/\/www.meydan.tv\/az\/article\/audiovizual-sura-space-tv-nin-yayimini-uc-saatliq-dayandirir\/#article","isPartOf":{"@id":"https:\/\/www.meydan.tv\/az\/article\/audiovizual-sura-space-tv-nin-yayimini-uc-saatliq-dayandirir\/"},"author":{"name":"elli","@id":"https:\/\/www.meydan.tv\/az\/#\/schema\/person\/9cdbecf90d17180ce1dfbd95b08dcf47"},"headline":"Audiovizual \u015eura \u201cSpace\u201d TV-nin yay\u0131m\u0131n\u0131 \u00fc\u00e7 saatl\u0131q dayand\u0131r\u0131r","datePublished":"2023-05-18T11:43:28+00:00","dateModified":"2023-05-18T11:43:33+00:00","mainEntityOfPage":{"@id":"https:\/\/www.meydan.tv\/az\/article\/audiovizual-sura-space-tv-nin-yayimini-uc-saatliq-dayandirir\/"},"wordCount":445,"publisher":{"@id":"https:\/\/www.meydan.tv\/az\/#organization"},"image":{"@id":"https:\/\/www.meydan.tv\/az\/article\/audiovizual-sura-space-tv-nin-yayimini-uc-saatliq-dayandirir\/#primaryimage"},"thumbnailUrl":"https:\/\/www.meydan.tv\/wp-content\/uploads\/space_tv-nin_binasi_-_2.jpg","articleSection":["M\u0259d\u0259niyy\u0259t","X\u0259b\u0259rl\u0259r"],"inLanguage":"az"},{"@type":"WebPage","@id":"https:\/\/www.meydan.tv\/az\/article\/audiovizual-sura-space-tv-nin-yayimini-uc-saatliq-dayandirir\/","url":"https:\/\/www.meydan.tv\/az\/article\/audiovizual-sura-space-tv-nin-yayimini-uc-saatliq-dayandirir\/","name":"Audiovizual \u015eura \u201cSpace\u201d TV-nin yay\u0131m\u0131n\u0131 \u00fc\u00e7 saatl\u0131q dayand\u0131r\u0131r - MEYDAN.TV","isPartOf":{"@id":"https:\/\/www.meydan.tv\/az\/#website"},"primaryImageOfPage":{"@id":"https:\/\/www.meydan.tv\/az\/article\/audiovizual-sura-space-tv-nin-yayimini-uc-saatliq-dayandirir\/#primaryimage"},"image":{"@id":"https:\/\/www.meydan.tv\/az\/article\/audiovizual-sura-space-tv-nin-yayimini-uc-saatliq-dayandirir\/#primaryimage"},"thumbnailUrl":"https:\/\/www.meydan.tv\/wp-content\/uploads\/space_tv-nin_binasi_-_2.jpg","datePublished":"2023-05-18T11:43:28+00:00","dateModified":"2023-05-18T11:43:33+00:00","breadcrumb":{"@id":"https:\/\/www.meydan.tv\/az\/article\/audiovizual-sura-space-tv-nin-yayimini-uc-saatliq-dayandirir\/#breadcrumb"},"inLanguage":"az","potentialAction":[{"@type":"ReadAction","target":["https:\/\/www.meydan.tv\/az\/article\/audiovizual-sura-space-tv-nin-yayimini-uc-saatliq-dayandirir\/"]}]},{"@type":"ImageObject","inLanguage":"az","@id":"https:\/\/www.meydan.tv\/az\/article\/audiovizual-sura-space-tv-nin-yayimini-uc-saatliq-dayandirir\/#primaryimage","url":"https:\/\/www.meydan.tv\/wp-content\/uploads\/space_tv-nin_binasi_-_2.jpg","contentUrl":"https:\/\/www.meydan.tv\/wp-content\/uploads\/space_tv-nin_binasi_-_2.jpg","width":1200,"height":675,"caption":"\u201cSpace\u201d TV. Foto: wikimedia"},{"@type":"BreadcrumbList","@id":"https:\/\/www.meydan.tv\/az\/article\/audiovizual-sura-space-tv-nin-yayimini-uc-saatliq-dayandirir\/#breadcrumb","itemListElement":[{"@type":"ListItem","position":1,"name":"Ana s\u0259hif\u0259","item":"https:\/\/www.meydan.tv\/az\/"},{"@type":"ListItem","position":2,"name":"M\u0259d\u0259niyy\u0259t","item":"https:\/\/www.meydan.tv\/az\/section\/medeniyyet\/"},{"@type":"ListItem","position":3,"name":"Audiovizual \u015eura \u201cSpace\u201d TV-nin yay\u0131m\u0131n\u0131 \u00fc\u00e7 saatl\u0131q dayand\u0131r\u0131r"}]},{"@type":"WebSite","@id":"https:\/\/www.meydan.tv\/az\/#website","url":"https:\/\/www.meydan.tv\/az\/","name":"MEYDAN.TV","description":"Meydan TV Az\u0259rbaycan\u0131n media m\u0259kan\u0131ndak\u0131 alternativ s\u0259sidir","publisher":{"@id":"https:\/\/www.meydan.tv\/az\/#organization"},"potentialAction":[{"@type":"SearchAction","target":{"@type":"EntryPoint","urlTemplate":"https:\/\/www.meydan.tv\/az\/?s={search_term_string}"},"query-input":{"@type":"PropertyValueSpecification","valueRequired":true,"valueName":"search_term_string"}}],"inLanguage":"az"},{"@type":"Organization","@id":"https:\/\/www.meydan.tv\/az\/#organization","name":"Meydan TV","url":"https:\/\/www.meydan.tv\/az\/","logo":{"@type":"ImageObject","inLanguage":"az","@id":"https:\/\/www.meydan.tv\/az\/#\/schema\/logo\/image\/","url":"https:\/\/www.meydan.tv\/wp-content\/uploads\/2021\/07\/meydan-logo.svg","contentUrl":"https:\/\/www.meydan.tv\/wp-content\/uploads\/2021\/07\/meydan-logo.svg","width":195,"height":46,"caption":"Meydan TV"},"image":{"@id":"https:\/\/www.meydan.tv\/az\/#\/schema\/logo\/image\/"}},{"@type":"Person","@id":"https:\/\/www.meydan.tv\/az\/#\/schema\/person\/9cdbecf90d17180ce1dfbd95b08dcf47","name":"elli","sameAs":["https:\/\/x.com\/elli"]}]}},"_links":{"self":[{"href":"https:\/\/www.meydan.tv\/az\/wp-json\/wp\/v2\/posts\/275465","targetHints":{"allow":["GET"]}}],"collection":[{"href":"https:\/\/www.meydan.tv\/az\/wp-json\/wp\/v2\/posts"}],"about":[{"href":"https:\/\/www.meydan.tv\/az\/wp-json\/wp\/v2\/types\/post"}],"author":[{"embeddable":true,"href":"https:\/\/www.meydan.tv\/az\/wp-json\/wp\/v2\/users\/8"}],"replies":[{"embeddable":true,"href":"https:\/\/www.meydan.tv\/az\/wp-json\/wp\/v2\/comments?post=275465"}],"version-history":[{"count":2,"href":"https:\/\/www.meydan.tv\/az\/wp-json\/wp\/v2\/posts\/275465\/revisions"}],"predecessor-version":[{"id":275470,"href":"https:\/\/www.meydan.tv\/az\/wp-json\/wp\/v2\/posts\/275465\/revisions\/275470"}],"wp:featuredmedia":[{"embeddable":true,"href":"https:\/\/www.meydan.tv\/az\/wp-json\/wp\/v2\/media\/275466"}],"wp:attachment":[{"href":"https:\/\/www.meydan.tv\/az\/wp-json\/wp\/v2\/media?parent=275465"}],"wp:term":[{"taxonomy":"category","embeddable":true,"href":"https:\/\/www.meydan.tv\/az\/wp-json\/wp\/v2\/categories?post=275465"},{"taxonomy":"post_tag","embeddable":true,"href":"https:\/\/www.meydan.tv\/az\/wp-json\/wp\/v2\/tags?post=275465"}],"curies":[{"name":"wp","href":"https:\/\/api.w.org\/{rel}","templated":true}]}}