{"id":275408,"date":"2023-05-17T17:23:34","date_gmt":"2023-05-17T13:23:34","guid":{"rendered":"https:\/\/www.meydan.tv\/?p=275408"},"modified":"2023-05-17T17:23:37","modified_gmt":"2023-05-17T13:23:37","slug":"iran-kinorejissoru-kann-festivalina-buraxmadi","status":"publish","type":"post","link":"https:\/\/www.meydan.tv\/az\/article\/iran-kinorejissoru-kann-festivalina-buraxmadi\/","title":{"rendered":"\u0130ran kinorejissoru Kann Festival\u0131na buraxmad\u0131"},"content":{"rendered":"\n<p><em>M\u0259h\u0259mm\u0259d R\u0259sulof s\u0259b\u0259b g\u00f6st\u0259rilm\u0259d\u0259n \u00f6lk\u0259d\u0259n \u00e7\u0131x\u0131\u015f\u0131na qada\u011fa qoyuldu\u011funu deyir<\/em><\/p>\n\n\n\n<p>\u0130ranl\u0131 kinorejissor M\u0259h\u0259mm\u0259d R\u0259sulofun \u00f6lk\u0259d\u0259n \u00e7\u0131x\u0131\u015f\u0131na qada\u011fa qoyuldu\u011fu bildirilir.<\/p>\n\n\n\n<p>Rejissor a\u00e7\u0131qlamas\u0131nda deyib ki, \u0130ran hakimiyy\u0259ti he\u00e7 bir s\u0259b\u0259b g\u00f6st\u0259rm\u0259d\u0259n ona m\u00fcnsifl\u0259r hey\u0259tind\u0259 i\u015ftirak etm\u0259k \u00fc\u00e7\u00fcn Kann Film Festival\u0131na getm\u0259y\u0259 icaz\u0259 <a href=\"https:\/\/deadline.com\/2023\/05\/iran-mohammad-rasoulof-barred-cannes-un-certain-regard-1235355817\/\" target=\"_blank\" rel=\"noreferrer noopener\">verm\u0259yib<\/a>.<br><\/p>\n\n\n\n<p>2022-ci il may\u0131n 23-d\u0259 \u0130ran\u0131n Abadan \u015f\u0259h\u0259rind\u0259 10 m\u0259rt\u0259b\u0259li binan\u0131n \u00e7\u00f6km\u0259si n\u0259tic\u0259sind\u0259 41 n\u0259f\u0259rin \u00f6l\u00fcm\u00fc il\u0259 n\u0259tic\u0259l\u0259n\u0259n hadis\u0259d\u0259n sonra \u00f6lk\u0259d\u0259 etirazlar ba\u015flam\u0131\u015fd\u0131.<\/p>\n\n\n\n<p>M\u0259h\u0259mm\u0259d R\u0259sulof is\u0259 \u0130ran t\u0259hl\u00fck\u0259sizlik q\u00fcvv\u0259l\u0259ri v\u0259 h\u0259rb\u00e7il\u0259rin\u0259 etiraz\u00e7\u0131lara qar\u015f\u0131 g\u00fcc t\u0259tbiq etm\u0259m\u0259yi xahi\u015f ed\u0259n petisiyan\u0131 imzalad\u0131qdan sonra 2022-ci il iyulun 8-d\u0259 saxlan\u0131lm\u0131\u015fd\u0131.<\/p>\n\n\n\n<p>\u201cEvin\u201d h\u0259bsxanas\u0131nda yeddi ay saxlan\u0131lan rejissor s\u0259hh\u0259ti a\u011f\u0131rla\u015fd\u0131\u011f\u0131na g\u00f6r\u0259 2023-c\u00fc ilin fevral\u0131nda m\u00fcv\u0259qq\u0259ti olaraq h\u0259bsd\u0259n burax\u0131l\u0131b.<\/p>\n\n\n\n<p>May\u0131n 16-da ba\u015flayan Kann Film Festival\u0131 bu ay\u0131n 27-d\u0259k davam ed\u0259c\u0259k.<\/p>\n\n\n\n<p><\/p>\n","protected":false},"excerpt":{"rendered":"<p>M\u0259h\u0259mm\u0259d R\u0259sulof s\u0259b\u0259b g\u00f6st\u0259rilm\u0259d\u0259n \u00f6lk\u0259d\u0259n \u00e7\u0131x\u0131\u015f\u0131na qada\u011fa qoyuldu\u011funu deyir \u0130ranl\u0131 &#8230; <\/p>\n<p class=\"read-more-container\"><a title=\"\u0130ran kinorejissoru Kann Festival\u0131na buraxmad\u0131\" class=\"read-more button\" href=\"https:\/\/www.meydan.tv\/az\/article\/iran-kinorejissoru-kann-festivalina-buraxmadi\/#more-275408\" aria-label=\"Read more about \u0130ran kinorejissoru Kann Festival\u0131na buraxmad\u0131\">Davam\u0131<\/a><\/p>\n","protected":false},"author":12,"featured_media":275410,"comment_status":"closed","ping_status":"closed","sticky":false,"template":"","format":"standard","meta":{"_acf_changed":false,"_sitemap_exclude":false,"_sitemap_priority":"","_sitemap_frequency":"","footnotes":""},"categories":[64,52,56],"tags":[],"class_list":["post-275408","post","type-post","status-publish","format-standard","has-post-thumbnail","hentry","category-dunya","category-medeniyyet","category-xeberler","infinite-scroll-item","generate-columns","tablet-grid-50","mobile-grid-100","grid-parent","grid-33","no-featured-image-padding"],"acf":[],"yoast_head":"<!-- This site is optimized with the Yoast SEO plugin v27.4 - https:\/\/yoast.com\/product\/yoast-seo-wordpress\/ -->\n<title>\u0130ran kinorejissoru Kann Festival\u0131na buraxmad\u0131 - MEYDAN.TV<\/title>\n<meta name=\"robots\" content=\"index, follow, max-snippet:-1, max-image-preview:large, max-video-preview:-1\" \/>\n<link rel=\"canonical\" href=\"https:\/\/www.meydan.tv\/az\/article\/iran-kinorejissoru-kann-festivalina-buraxmadi\/\" \/>\n<meta property=\"og:locale\" content=\"az_AZ\" \/>\n<meta property=\"og:type\" content=\"article\" \/>\n<meta property=\"og:title\" content=\"\u0130ran kinorejissoru Kann Festival\u0131na buraxmad\u0131 - MEYDAN.TV\" \/>\n<meta property=\"og:description\" content=\"M\u0259h\u0259mm\u0259d R\u0259sulof s\u0259b\u0259b g\u00f6st\u0259rilm\u0259d\u0259n \u00f6lk\u0259d\u0259n \u00e7\u0131x\u0131\u015f\u0131na qada\u011fa qoyuldu\u011funu deyir \u0130ranl\u0131 ... Davam\u0131\" \/>\n<meta property=\"og:url\" content=\"https:\/\/www.meydan.tv\/az\/article\/iran-kinorejissoru-kann-festivalina-buraxmadi\/\" \/>\n<meta property=\"og:site_name\" content=\"MEYDAN.TV\" \/>\n<meta property=\"article:published_time\" content=\"2023-05-17T13:23:34+00:00\" \/>\n<meta property=\"article:modified_time\" content=\"2023-05-17T13:23:37+00:00\" \/>\n<meta property=\"og:image\" content=\"https:\/\/www.meydan.tv\/wp-content\/uploads\/f8f208de-c496-4978-b793-8136a330878b-scaled.jpeg\" \/>\n\t<meta property=\"og:image:width\" content=\"2560\" \/>\n\t<meta property=\"og:image:height\" content=\"1707\" \/>\n\t<meta property=\"og:image:type\" content=\"image\/jpeg\" \/>\n<meta name=\"author\" content=\"aleks\" \/>\n<meta name=\"twitter:card\" content=\"summary_large_image\" \/>\n<script type=\"application\/ld+json\" class=\"yoast-schema-graph\">{\"@context\":\"https:\\\/\\\/schema.org\",\"@graph\":[{\"@type\":\"Article\",\"@id\":\"https:\\\/\\\/www.meydan.tv\\\/az\\\/article\\\/iran-kinorejissoru-kann-festivalina-buraxmadi\\\/#article\",\"isPartOf\":{\"@id\":\"https:\\\/\\\/www.meydan.tv\\\/az\\\/article\\\/iran-kinorejissoru-kann-festivalina-buraxmadi\\\/\"},\"author\":{\"name\":\"aleks\",\"@id\":\"https:\\\/\\\/www.meydan.tv\\\/az\\\/#\\\/schema\\\/person\\\/476e9360e593fa131d5d71d51866f8da\"},\"headline\":\"\u0130ran kinorejissoru Kann Festival\u0131na buraxmad\u0131\",\"datePublished\":\"2023-05-17T13:23:34+00:00\",\"dateModified\":\"2023-05-17T13:23:37+00:00\",\"mainEntityOfPage\":{\"@id\":\"https:\\\/\\\/www.meydan.tv\\\/az\\\/article\\\/iran-kinorejissoru-kann-festivalina-buraxmadi\\\/\"},\"wordCount\":224,\"publisher\":{\"@id\":\"https:\\\/\\\/www.meydan.tv\\\/az\\\/#organization\"},\"image\":{\"@id\":\"https:\\\/\\\/www.meydan.tv\\\/az\\\/article\\\/iran-kinorejissoru-kann-festivalina-buraxmadi\\\/#primaryimage\"},\"thumbnailUrl\":\"https:\\\/\\\/www.meydan.tv\\\/wp-content\\\/uploads\\\/f8f208de-c496-4978-b793-8136a330878b-scaled.jpeg\",\"articleSection\":[\"D\u00fcnya\",\"M\u0259d\u0259niyy\u0259t\",\"X\u0259b\u0259rl\u0259r\"],\"inLanguage\":\"az\"},{\"@type\":\"WebPage\",\"@id\":\"https:\\\/\\\/www.meydan.tv\\\/az\\\/article\\\/iran-kinorejissoru-kann-festivalina-buraxmadi\\\/\",\"url\":\"https:\\\/\\\/www.meydan.tv\\\/az\\\/article\\\/iran-kinorejissoru-kann-festivalina-buraxmadi\\\/\",\"name\":\"\u0130ran kinorejissoru Kann Festival\u0131na buraxmad\u0131 - MEYDAN.TV\",\"isPartOf\":{\"@id\":\"https:\\\/\\\/www.meydan.tv\\\/az\\\/#website\"},\"primaryImageOfPage\":{\"@id\":\"https:\\\/\\\/www.meydan.tv\\\/az\\\/article\\\/iran-kinorejissoru-kann-festivalina-buraxmadi\\\/#primaryimage\"},\"image\":{\"@id\":\"https:\\\/\\\/www.meydan.tv\\\/az\\\/article\\\/iran-kinorejissoru-kann-festivalina-buraxmadi\\\/#primaryimage\"},\"thumbnailUrl\":\"https:\\\/\\\/www.meydan.tv\\\/wp-content\\\/uploads\\\/f8f208de-c496-4978-b793-8136a330878b-scaled.jpeg\",\"datePublished\":\"2023-05-17T13:23:34+00:00\",\"dateModified\":\"2023-05-17T13:23:37+00:00\",\"breadcrumb\":{\"@id\":\"https:\\\/\\\/www.meydan.tv\\\/az\\\/article\\\/iran-kinorejissoru-kann-festivalina-buraxmadi\\\/#breadcrumb\"},\"inLanguage\":\"az\",\"potentialAction\":[{\"@type\":\"ReadAction\",\"target\":[\"https:\\\/\\\/www.meydan.tv\\\/az\\\/article\\\/iran-kinorejissoru-kann-festivalina-buraxmadi\\\/\"]}]},{\"@type\":\"ImageObject\",\"inLanguage\":\"az\",\"@id\":\"https:\\\/\\\/www.meydan.tv\\\/az\\\/article\\\/iran-kinorejissoru-kann-festivalina-buraxmadi\\\/#primaryimage\",\"url\":\"https:\\\/\\\/www.meydan.tv\\\/wp-content\\\/uploads\\\/f8f208de-c496-4978-b793-8136a330878b-scaled.jpeg\",\"contentUrl\":\"https:\\\/\\\/www.meydan.tv\\\/wp-content\\\/uploads\\\/f8f208de-c496-4978-b793-8136a330878b-scaled.jpeg\",\"width\":2560,\"height\":1707,\"caption\":\"The 74th Cannes Film Festival - Opening ceremony and screening of the film \\\"Annette\\\" in competition - Red Carpet arrivals - Cannes, France, July 6, 2021. Jury President of the 74th Cannes Film Festival Spike Lee and Jury members Mati Diop, Jessica Hausner, Melanie Laurent, Maggie Gyllenhaal, Mylene Farmer, Tahar Rahim, Song Kang-ho and Kleber Mendonca Filhor pose. REUTERS\\\/Eric Gaillard\"},{\"@type\":\"BreadcrumbList\",\"@id\":\"https:\\\/\\\/www.meydan.tv\\\/az\\\/article\\\/iran-kinorejissoru-kann-festivalina-buraxmadi\\\/#breadcrumb\",\"itemListElement\":[{\"@type\":\"ListItem\",\"position\":1,\"name\":\"Ana s\u0259hif\u0259\",\"item\":\"https:\\\/\\\/www.meydan.tv\\\/az\\\/\"},{\"@type\":\"ListItem\",\"position\":2,\"name\":\"D\u00fcnya\",\"item\":\"https:\\\/\\\/www.meydan.tv\\\/az\\\/section\\\/dunya\\\/\"},{\"@type\":\"ListItem\",\"position\":3,\"name\":\"\u0130ran kinorejissoru Kann Festival\u0131na buraxmad\u0131\"}]},{\"@type\":\"WebSite\",\"@id\":\"https:\\\/\\\/www.meydan.tv\\\/az\\\/#website\",\"url\":\"https:\\\/\\\/www.meydan.tv\\\/az\\\/\",\"name\":\"MEYDAN.TV\",\"description\":\"Meydan TV Az\u0259rbaycan\u0131n media m\u0259kan\u0131ndak\u0131 alternativ s\u0259sidir\",\"publisher\":{\"@id\":\"https:\\\/\\\/www.meydan.tv\\\/az\\\/#organization\"},\"potentialAction\":[{\"@type\":\"SearchAction\",\"target\":{\"@type\":\"EntryPoint\",\"urlTemplate\":\"https:\\\/\\\/www.meydan.tv\\\/az\\\/?s={search_term_string}\"},\"query-input\":{\"@type\":\"PropertyValueSpecification\",\"valueRequired\":true,\"valueName\":\"search_term_string\"}}],\"inLanguage\":\"az\"},{\"@type\":\"Organization\",\"@id\":\"https:\\\/\\\/www.meydan.tv\\\/az\\\/#organization\",\"name\":\"Meydan TV\",\"url\":\"https:\\\/\\\/www.meydan.tv\\\/az\\\/\",\"logo\":{\"@type\":\"ImageObject\",\"inLanguage\":\"az\",\"@id\":\"https:\\\/\\\/www.meydan.tv\\\/az\\\/#\\\/schema\\\/logo\\\/image\\\/\",\"url\":\"https:\\\/\\\/www.meydan.tv\\\/wp-content\\\/uploads\\\/2021\\\/07\\\/meydan-logo.svg\",\"contentUrl\":\"https:\\\/\\\/www.meydan.tv\\\/wp-content\\\/uploads\\\/2021\\\/07\\\/meydan-logo.svg\",\"width\":195,\"height\":46,\"caption\":\"Meydan TV\"},\"image\":{\"@id\":\"https:\\\/\\\/www.meydan.tv\\\/az\\\/#\\\/schema\\\/logo\\\/image\\\/\"}},{\"@type\":\"Person\",\"@id\":\"https:\\\/\\\/www.meydan.tv\\\/az\\\/#\\\/schema\\\/person\\\/476e9360e593fa131d5d71d51866f8da\",\"name\":\"aleks\"}]}<\/script>\n<!-- \/ Yoast SEO plugin. -->","yoast_head_json":{"title":"\u0130ran kinorejissoru Kann Festival\u0131na buraxmad\u0131 - MEYDAN.TV","robots":{"index":"index","follow":"follow","max-snippet":"max-snippet:-1","max-image-preview":"max-image-preview:large","max-video-preview":"max-video-preview:-1"},"canonical":"https:\/\/www.meydan.tv\/az\/article\/iran-kinorejissoru-kann-festivalina-buraxmadi\/","og_locale":"az_AZ","og_type":"article","og_title":"\u0130ran kinorejissoru Kann Festival\u0131na buraxmad\u0131 - MEYDAN.TV","og_description":"M\u0259h\u0259mm\u0259d R\u0259sulof s\u0259b\u0259b g\u00f6st\u0259rilm\u0259d\u0259n \u00f6lk\u0259d\u0259n \u00e7\u0131x\u0131\u015f\u0131na qada\u011fa qoyuldu\u011funu deyir \u0130ranl\u0131 ... Davam\u0131","og_url":"https:\/\/www.meydan.tv\/az\/article\/iran-kinorejissoru-kann-festivalina-buraxmadi\/","og_site_name":"MEYDAN.TV","article_published_time":"2023-05-17T13:23:34+00:00","article_modified_time":"2023-05-17T13:23:37+00:00","og_image":[{"width":2560,"height":1707,"url":"https:\/\/www.meydan.tv\/wp-content\/uploads\/f8f208de-c496-4978-b793-8136a330878b-scaled.jpeg","type":"image\/jpeg"}],"author":"aleks","twitter_card":"summary_large_image","schema":{"@context":"https:\/\/schema.org","@graph":[{"@type":"Article","@id":"https:\/\/www.meydan.tv\/az\/article\/iran-kinorejissoru-kann-festivalina-buraxmadi\/#article","isPartOf":{"@id":"https:\/\/www.meydan.tv\/az\/article\/iran-kinorejissoru-kann-festivalina-buraxmadi\/"},"author":{"name":"aleks","@id":"https:\/\/www.meydan.tv\/az\/#\/schema\/person\/476e9360e593fa131d5d71d51866f8da"},"headline":"\u0130ran kinorejissoru Kann Festival\u0131na buraxmad\u0131","datePublished":"2023-05-17T13:23:34+00:00","dateModified":"2023-05-17T13:23:37+00:00","mainEntityOfPage":{"@id":"https:\/\/www.meydan.tv\/az\/article\/iran-kinorejissoru-kann-festivalina-buraxmadi\/"},"wordCount":224,"publisher":{"@id":"https:\/\/www.meydan.tv\/az\/#organization"},"image":{"@id":"https:\/\/www.meydan.tv\/az\/article\/iran-kinorejissoru-kann-festivalina-buraxmadi\/#primaryimage"},"thumbnailUrl":"https:\/\/www.meydan.tv\/wp-content\/uploads\/f8f208de-c496-4978-b793-8136a330878b-scaled.jpeg","articleSection":["D\u00fcnya","M\u0259d\u0259niyy\u0259t","X\u0259b\u0259rl\u0259r"],"inLanguage":"az"},{"@type":"WebPage","@id":"https:\/\/www.meydan.tv\/az\/article\/iran-kinorejissoru-kann-festivalina-buraxmadi\/","url":"https:\/\/www.meydan.tv\/az\/article\/iran-kinorejissoru-kann-festivalina-buraxmadi\/","name":"\u0130ran kinorejissoru Kann Festival\u0131na buraxmad\u0131 - MEYDAN.TV","isPartOf":{"@id":"https:\/\/www.meydan.tv\/az\/#website"},"primaryImageOfPage":{"@id":"https:\/\/www.meydan.tv\/az\/article\/iran-kinorejissoru-kann-festivalina-buraxmadi\/#primaryimage"},"image":{"@id":"https:\/\/www.meydan.tv\/az\/article\/iran-kinorejissoru-kann-festivalina-buraxmadi\/#primaryimage"},"thumbnailUrl":"https:\/\/www.meydan.tv\/wp-content\/uploads\/f8f208de-c496-4978-b793-8136a330878b-scaled.jpeg","datePublished":"2023-05-17T13:23:34+00:00","dateModified":"2023-05-17T13:23:37+00:00","breadcrumb":{"@id":"https:\/\/www.meydan.tv\/az\/article\/iran-kinorejissoru-kann-festivalina-buraxmadi\/#breadcrumb"},"inLanguage":"az","potentialAction":[{"@type":"ReadAction","target":["https:\/\/www.meydan.tv\/az\/article\/iran-kinorejissoru-kann-festivalina-buraxmadi\/"]}]},{"@type":"ImageObject","inLanguage":"az","@id":"https:\/\/www.meydan.tv\/az\/article\/iran-kinorejissoru-kann-festivalina-buraxmadi\/#primaryimage","url":"https:\/\/www.meydan.tv\/wp-content\/uploads\/f8f208de-c496-4978-b793-8136a330878b-scaled.jpeg","contentUrl":"https:\/\/www.meydan.tv\/wp-content\/uploads\/f8f208de-c496-4978-b793-8136a330878b-scaled.jpeg","width":2560,"height":1707,"caption":"The 74th Cannes Film Festival - Opening ceremony and screening of the film \"Annette\" in competition - Red Carpet arrivals - Cannes, France, July 6, 2021. Jury President of the 74th Cannes Film Festival Spike Lee and Jury members Mati Diop, Jessica Hausner, Melanie Laurent, Maggie Gyllenhaal, Mylene Farmer, Tahar Rahim, Song Kang-ho and Kleber Mendonca Filhor pose. REUTERS\/Eric Gaillard"},{"@type":"BreadcrumbList","@id":"https:\/\/www.meydan.tv\/az\/article\/iran-kinorejissoru-kann-festivalina-buraxmadi\/#breadcrumb","itemListElement":[{"@type":"ListItem","position":1,"name":"Ana s\u0259hif\u0259","item":"https:\/\/www.meydan.tv\/az\/"},{"@type":"ListItem","position":2,"name":"D\u00fcnya","item":"https:\/\/www.meydan.tv\/az\/section\/dunya\/"},{"@type":"ListItem","position":3,"name":"\u0130ran kinorejissoru Kann Festival\u0131na buraxmad\u0131"}]},{"@type":"WebSite","@id":"https:\/\/www.meydan.tv\/az\/#website","url":"https:\/\/www.meydan.tv\/az\/","name":"MEYDAN.TV","description":"Meydan TV Az\u0259rbaycan\u0131n media m\u0259kan\u0131ndak\u0131 alternativ s\u0259sidir","publisher":{"@id":"https:\/\/www.meydan.tv\/az\/#organization"},"potentialAction":[{"@type":"SearchAction","target":{"@type":"EntryPoint","urlTemplate":"https:\/\/www.meydan.tv\/az\/?s={search_term_string}"},"query-input":{"@type":"PropertyValueSpecification","valueRequired":true,"valueName":"search_term_string"}}],"inLanguage":"az"},{"@type":"Organization","@id":"https:\/\/www.meydan.tv\/az\/#organization","name":"Meydan TV","url":"https:\/\/www.meydan.tv\/az\/","logo":{"@type":"ImageObject","inLanguage":"az","@id":"https:\/\/www.meydan.tv\/az\/#\/schema\/logo\/image\/","url":"https:\/\/www.meydan.tv\/wp-content\/uploads\/2021\/07\/meydan-logo.svg","contentUrl":"https:\/\/www.meydan.tv\/wp-content\/uploads\/2021\/07\/meydan-logo.svg","width":195,"height":46,"caption":"Meydan TV"},"image":{"@id":"https:\/\/www.meydan.tv\/az\/#\/schema\/logo\/image\/"}},{"@type":"Person","@id":"https:\/\/www.meydan.tv\/az\/#\/schema\/person\/476e9360e593fa131d5d71d51866f8da","name":"aleks"}]}},"_links":{"self":[{"href":"https:\/\/www.meydan.tv\/az\/wp-json\/wp\/v2\/posts\/275408","targetHints":{"allow":["GET"]}}],"collection":[{"href":"https:\/\/www.meydan.tv\/az\/wp-json\/wp\/v2\/posts"}],"about":[{"href":"https:\/\/www.meydan.tv\/az\/wp-json\/wp\/v2\/types\/post"}],"author":[{"embeddable":true,"href":"https:\/\/www.meydan.tv\/az\/wp-json\/wp\/v2\/users\/12"}],"replies":[{"embeddable":true,"href":"https:\/\/www.meydan.tv\/az\/wp-json\/wp\/v2\/comments?post=275408"}],"version-history":[{"count":2,"href":"https:\/\/www.meydan.tv\/az\/wp-json\/wp\/v2\/posts\/275408\/revisions"}],"predecessor-version":[{"id":275413,"href":"https:\/\/www.meydan.tv\/az\/wp-json\/wp\/v2\/posts\/275408\/revisions\/275413"}],"wp:featuredmedia":[{"embeddable":true,"href":"https:\/\/www.meydan.tv\/az\/wp-json\/wp\/v2\/media\/275410"}],"wp:attachment":[{"href":"https:\/\/www.meydan.tv\/az\/wp-json\/wp\/v2\/media?parent=275408"}],"wp:term":[{"taxonomy":"category","embeddable":true,"href":"https:\/\/www.meydan.tv\/az\/wp-json\/wp\/v2\/categories?post=275408"},{"taxonomy":"post_tag","embeddable":true,"href":"https:\/\/www.meydan.tv\/az\/wp-json\/wp\/v2\/tags?post=275408"}],"curies":[{"name":"wp","href":"https:\/\/api.w.org\/{rel}","templated":true}]}}