{"id":275288,"date":"2023-05-16T16:27:44","date_gmt":"2023-05-16T12:27:44","guid":{"rendered":"https:\/\/www.meydan.tv\/?p=275288"},"modified":"2023-05-16T16:39:48","modified_gmt":"2023-05-16T12:39:48","slug":"bilesuvar-sakinlerinden-pay-torpaqlarinin-bir-hissesinden-imtina-teleb-olunur","status":"publish","type":"post","link":"https:\/\/www.meydan.tv\/az\/article\/bilesuvar-sakinlerinden-pay-torpaqlarinin-bir-hissesinden-imtina-teleb-olunur\/","title":{"rendered":"Bil\u0259suvar sakinl\u0259rind\u0259n pay torpaqlar\u0131n\u0131n bir hiss\u0259sind\u0259n imtina t\u0259l\u0259b olunur"},"content":{"rendered":"\n<p><\/p>\n\n\n\n<p><strong><em>\u201cDeyirl\u0259r ki, torpaq azal\u0131b. Nec\u0259 azal\u0131b, qar deyil ki, \u0259risin\u2026\u201d<\/em><\/strong><\/p>\n\n\n\n<p>Bil\u0259suvar\u0131n S\u0259m\u0259dabad k\u0259nd sakini Nabat\u0259li Qulam o\u011flu P\u0259l\u0259ngov d\u0259l\u0259duzluqla \u00fczl\u0259\u015fdiyini deyir.<\/p>\n\n\n\n<p>V\u0259t\u0259nda\u015f Meydan TV-y\u0259 deyir ki, 1998-ci ild\u0259 k\u0259nd \u0259razisind\u0259n ona veril\u0259n 5,75 hektar pay torpa\u011f\u0131n\u0131 s\u0259n\u0259dl\u0259\u015fdirm\u0259k ist\u0259yib.<\/p>\n\n\n\n<p><em>\u201c\u00c7\u0131xar\u0131\u015f almaq \u00fc\u00e7\u00fcn laz\u0131mi s\u0259n\u0259dl\u0259rimi Da\u015f\u0131nmaz \u018fmlak\u0131n D\u00f6vl\u0259t Reyestr Xidm\u0259tinin Bil\u0259suvar Rayon \u015e\u00f6b\u0259sin\u0259 t\u0259qdim etdim. \u018friz\u0259nin son icra tarixi 2023-c\u00fc il may\u0131n 9-u olmas\u0131na baxmayaraq, ona he\u00e7 bir r\u0259smi cavab verilm\u0259di. May\u0131n 10-da Da\u015f\u0131nmaz \u018fmlak\u0131n D\u00f6vl\u0259t Kadastr\u0131 v\u0259 Reyestrinin \u201cQaynar x\u0259tti\u201dn\u0259 z\u0259ng etdim. Bildirdil\u0259r ki, \u0259riz\u0259y\u0259 bax\u0131lm\u0131r. \u00c7\u00fcnki s\u0259n\u0259dimd\u0259 qeyd\u0259 al\u0131nm\u0131\u015f 5,75 hektar sah\u0259d\u0259n 66 sot \u00e7atm\u0131r\u201d<\/em>, &#8211; Nabat\u0259li P\u0259l\u0259ngov deyir.<\/p>\n\n\n\n<p><em>\u201cDedil\u0259r ki, torpaq azal\u0131b. Bu qar deyil ki, yaz g\u0259l\u0259nd\u0259 \u0259risin. Torpaq nec\u0259 azala bil\u0259r? Cavab verirl\u0259r ki, bel\u0259 hallar olur. M\u0259n d\u0259 dedim ki, bu \u00f6l\u00e7\u00fcn\u00fc v\u0259 qeydiyyat\u0131 d\u00f6vl\u0259t m\u0259murlar\u0131 apar\u0131blar. Sa\u011fdan v\u0259 soldan qon\u015fular\u0131mla s\u0259rh\u0259dim var. Cavab verdil\u0259r ki, guya o vaxt s\u0259hv \u00f6l\u00e7\u00fcl\u00fcb\u201d,<\/em> &#8211; o bildirib.<\/p>\n\n\n\n<figure class=\"wp-block-image size-large is-resized\"><img decoding=\"async\" data-src=\"https:\/\/www.meydan.tv\/wp-content\/uploads\/whatsapp-image-2022-12-04-at-17.53.06-514x821.jpeg\" alt=\"\" class=\"wp-image-275285 lazyload\" width=\"803\" height=\"1283\" src=\"data:image\/svg+xml;base64,PHN2ZyB3aWR0aD0iMSIgaGVpZ2h0PSIxIiB4bWxucz0iaHR0cDovL3d3dy53My5vcmcvMjAwMC9zdmciPjwvc3ZnPg==\" style=\"--smush-placeholder-width: 803px; --smush-placeholder-aspect-ratio: 803\/1283;\" \/><\/figure>\n\n\n\n<p>V\u0259t\u0259nda\u015f\u0131n s\u00f6zl\u0259rin\u0259 g\u00f6r\u0259, Da\u015f\u0131nmaz \u018fmlak\u0131n D\u00f6vl\u0259t Reyestr Xidm\u0259tinin 8 sayl\u0131 \u018frazi \u0130dar\u0259sind\u0259n ona iltizam yazaraq 66 sotdan imtina etm\u0259si t\u0259l\u0259bi qoyulub:<\/p>\n\n\n\n<p><em>\u201cS\u00f6hb\u0259t t\u0259kc\u0259 m\u0259nd\u0259n getmir. K\u0259ndd\u0259 b\u00fct\u00fcn pay torpa\u011f\u0131 olan adamlardan bunu t\u0259l\u0259b edirl\u0259r. \u00c7ox ciddi \u015f\u00fcbh\u0259l\u0259r var ki, v\u0259t\u0259nda\u015flar\u0131n pay torpaqlar\u0131ndan m\u00fc\u0259yy\u0259n hiss\u0259ni kims\u0259 \u0259l\u0259 ke\u00e7irm\u0259k ist\u0259yir. Bu, Prezidentin k\u0259nd t\u0259s\u0259rr\u00fcfat\u0131nda \u00e7al\u0131\u015fan insanlara g\u00f6st\u0259rdiyi qay\u011f\u0131ya m\u0259murlar\u0131n cavab\u0131d\u0131r\u201d.<\/em><\/p>\n\n\n\n<p>Nabat\u0259li P\u0259l\u0259ngov bildirir ki, aidiyy\u0259ti qurumlar m\u0259s\u0259l\u0259y\u0259 baxmad\u0131\u011f\u0131 \u00fc\u00e7\u00fcn iqtisadiyyat naziri Mikay\u0131l Cabbarova m\u0259ktub yaz\u0131b:<\/p>\n\n\n\n<figure class=\"wp-block-image size-large is-resized\"><img decoding=\"async\" data-src=\"https:\/\/www.meydan.tv\/wp-content\/uploads\/whatsapp-image-2022-12-04-at-17.52.06-471x821.jpeg\" alt=\"\" class=\"wp-image-275282 lazyload\" width=\"801\" height=\"1396\" src=\"data:image\/svg+xml;base64,PHN2ZyB3aWR0aD0iMSIgaGVpZ2h0PSIxIiB4bWxucz0iaHR0cDovL3d3dy53My5vcmcvMjAwMC9zdmciPjwvc3ZnPg==\" style=\"--smush-placeholder-width: 801px; --smush-placeholder-aspect-ratio: 801\/1396;\" \/><\/figure>\n\n\n\n<p><em>\u201c\u0130ndi m\u0259n notarial qaydada guya \u00e7atmayan 66 sot torpaqdan imtina etm\u0259liy\u0259m. \u018fg\u0259r, do\u011frudan da, torpaq \u0259skikliyi vard\u0131sa, b\u0259s n\u0259y\u0259 g\u00f6r\u0259 bizd\u0259n iltizam al\u0131rlar ki, torpaqdan imtina edin? N\u0259s\u0259 bu m\u0259s\u0259l\u0259d\u0259 b\u00f6y\u00fck oliqarxlar\u0131n \u0259lini g\u00f6r\u00fcr\u00fcr\u0259m. Bir deyil, be\u015f deyil. H\u0259min k\u0259nd qoyun\u00e7uluq sovxozu olub. \u018frazisi d\u0259 t\u00fck\u0259nm\u0259zdir. Tutaq ki, o vaxt s\u0259hv \u00f6l\u00e7\u00fcl\u00fcb. Onda \u00e7at\u0131\u015fmayan torpaq \u0259sas\u0131nda \u00e7\u0131xar\u0131\u015f\u0131n verilm\u0259si m\u0259cburidir. Buna g\u00f6r\u0259 d\u0259 biz imtina \u0259riz\u0259si yazmal\u0131 deyilik\u201d.<\/em><\/p>\n\n\n\n<p>Da\u015f\u0131nmaz \u018fmlak\u0131n D\u00f6vl\u0259t Reyestr Xidm\u0259tinin Bil\u0259suvar Rayon \u015e\u00f6b\u0259sind\u0259n v\u0259 Da\u015f\u0131nmaz \u018fmlak\u0131n D\u00f6vl\u0259t Reyestr Xidm\u0259tinin 8 sayl\u0131 \u018frazi \u0130dar\u0259sind\u0259n Meydan TV-nin z\u0259ngl\u0259rin\u0259 cavab verilm\u0259yib.<\/p>\n\n\n\n<figure class=\"wp-block-image size-large is-resized\"><img decoding=\"async\" data-src=\"https:\/\/www.meydan.tv\/wp-content\/uploads\/whatsapp-image-2022-12-04-at-17.51.40-488x821.jpeg\" alt=\"\" class=\"wp-image-275279 lazyload\" width=\"799\" height=\"1344\" src=\"data:image\/svg+xml;base64,PHN2ZyB3aWR0aD0iMSIgaGVpZ2h0PSIxIiB4bWxucz0iaHR0cDovL3d3dy53My5vcmcvMjAwMC9zdmciPjwvc3ZnPg==\" style=\"--smush-placeholder-width: 799px; --smush-placeholder-aspect-ratio: 799\/1344;\" \/><\/figure>\n\n\n\n<p>Bil\u0259suvar Rayon \u0130cra Hakimiyy\u0259tinin Sosial-iqtisadi inki\u015faf\u0131n t\u0259hlili v\u0259 proqnozla\u015fd\u0131r\u0131lmas\u0131 \u015f\u00f6b\u0259sinin m\u00fcdiri Kamal \u015eahbazov Meydan TV-y\u0259 bildirib ki, pay torpaqlar\u0131n\u0131n verilm\u0259si yerli icra hakimiyy\u0259ti deyil, Aqrar \u0130slahat Komissiyas\u0131 t\u0259r\u0259find\u0259n verilib:<\/p>\n\n\n\n<p><em>\u201c\u00d6l\u00e7\u00fcn\u00fc d\u0259 onlar apar\u0131b. Sonradan Aqrar \u0130slahat Komissiyas\u0131 l\u0259\u011fv olunub\u201d.<\/em><\/p>\n\n\n\n<p>Da\u015f\u0131nmaz \u018fmlak\u0131n D\u00f6vl\u0259t Kadastr\u0131 v\u0259 Reyestrinin m\u0259tbuat xidm\u0259ti Meydan TV-nin sor\u011fusunu cavabs\u0131z burax\u0131b.<\/p>\n\n\n<div class=\"wp-block-image\">\n<figure class=\"aligncenter size-large\"><img decoding=\"async\" width=\"1200\" height=\"764\" data-src=\"https:\/\/www.meydan.tv\/wp-content\/uploads\/whatsapp-image-2022-12-04-at-17.55.02-1200x764.jpeg\" alt=\"\" class=\"wp-image-275276 lazyload\" src=\"data:image\/svg+xml;base64,PHN2ZyB3aWR0aD0iMSIgaGVpZ2h0PSIxIiB4bWxucz0iaHR0cDovL3d3dy53My5vcmcvMjAwMC9zdmciPjwvc3ZnPg==\" style=\"--smush-placeholder-width: 1200px; --smush-placeholder-aspect-ratio: 1200\/764;\" \/><figcaption class=\"wp-element-caption\">Fotolar: Meydan TV<\/figcaption><\/figure>\n<\/div>","protected":false},"excerpt":{"rendered":"<p>\u201cDeyirl\u0259r ki, torpaq azal\u0131b. Nec\u0259 azal\u0131b, qar deyil ki, \u0259risin\u2026\u201d &#8230; <\/p>\n<p class=\"read-more-container\"><a title=\"Bil\u0259suvar sakinl\u0259rind\u0259n pay torpaqlar\u0131n\u0131n bir hiss\u0259sind\u0259n imtina t\u0259l\u0259b olunur\" class=\"read-more button\" href=\"https:\/\/www.meydan.tv\/az\/article\/bilesuvar-sakinlerinden-pay-torpaqlarinin-bir-hissesinden-imtina-teleb-olunur\/#more-275288\" aria-label=\"Read more about Bil\u0259suvar sakinl\u0259rind\u0259n pay torpaqlar\u0131n\u0131n bir hiss\u0259sind\u0259n imtina t\u0259l\u0259b olunur\">Davam\u0131<\/a><\/p>\n","protected":false},"author":8,"featured_media":273102,"comment_status":"closed","ping_status":"closed","sticky":false,"template":"","format":"standard","meta":{"_acf_changed":false,"_sitemap_exclude":false,"_sitemap_priority":"","_sitemap_frequency":"","footnotes":""},"categories":[60,56],"tags":[],"class_list":["post-275288","post","type-post","status-publish","format-standard","has-post-thumbnail","hentry","category-bolge","category-xeberler","infinite-scroll-item","generate-columns","tablet-grid-50","mobile-grid-100","grid-parent","grid-33","no-featured-image-padding"],"acf":[],"yoast_head":"<!-- This site is optimized with the Yoast SEO plugin v27.5 - https:\/\/yoast.com\/product\/yoast-seo-wordpress\/ -->\n<title>Bil\u0259suvar sakinl\u0259rind\u0259n pay torpaqlar\u0131n\u0131n bir hiss\u0259sind\u0259n imtina t\u0259l\u0259b olunur - MEYDAN.TV<\/title>\n<meta name=\"robots\" content=\"index, follow, max-snippet:-1, max-image-preview:large, max-video-preview:-1\" \/>\n<link rel=\"canonical\" href=\"https:\/\/www.meydan.tv\/az\/article\/bilesuvar-sakinlerinden-pay-torpaqlarinin-bir-hissesinden-imtina-teleb-olunur\/\" \/>\n<meta property=\"og:locale\" content=\"az_AZ\" \/>\n<meta property=\"og:type\" content=\"article\" \/>\n<meta property=\"og:title\" content=\"Bil\u0259suvar sakinl\u0259rind\u0259n pay torpaqlar\u0131n\u0131n bir hiss\u0259sind\u0259n imtina t\u0259l\u0259b olunur - MEYDAN.TV\" \/>\n<meta property=\"og:description\" content=\"\u201cDeyirl\u0259r ki, torpaq azal\u0131b. Nec\u0259 azal\u0131b, qar deyil ki, \u0259risin\u2026\u201d ... Davam\u0131\" \/>\n<meta property=\"og:url\" content=\"https:\/\/www.meydan.tv\/az\/article\/bilesuvar-sakinlerinden-pay-torpaqlarinin-bir-hissesinden-imtina-teleb-olunur\/\" \/>\n<meta property=\"og:site_name\" content=\"MEYDAN.TV\" \/>\n<meta property=\"article:published_time\" content=\"2023-05-16T12:27:44+00:00\" \/>\n<meta property=\"article:modified_time\" content=\"2023-05-16T12:39:48+00:00\" \/>\n<meta property=\"og:image\" content=\"https:\/\/www.meydan.tv\/wp-content\/uploads\/untitled-design-116.jpg\" \/>\n\t<meta property=\"og:image:width\" content=\"1200\" \/>\n\t<meta property=\"og:image:height\" content=\"800\" \/>\n\t<meta property=\"og:image:type\" content=\"image\/jpeg\" \/>\n<meta name=\"author\" content=\"elli\" \/>\n<meta name=\"twitter:card\" content=\"summary_large_image\" \/>\n<meta name=\"twitter:creator\" content=\"@elli\" \/>\n<script type=\"application\/ld+json\" class=\"yoast-schema-graph\">{\"@context\":\"https:\\\/\\\/schema.org\",\"@graph\":[{\"@type\":\"Article\",\"@id\":\"https:\\\/\\\/www.meydan.tv\\\/az\\\/article\\\/bilesuvar-sakinlerinden-pay-torpaqlarinin-bir-hissesinden-imtina-teleb-olunur\\\/#article\",\"isPartOf\":{\"@id\":\"https:\\\/\\\/www.meydan.tv\\\/az\\\/article\\\/bilesuvar-sakinlerinden-pay-torpaqlarinin-bir-hissesinden-imtina-teleb-olunur\\\/\"},\"author\":{\"name\":\"elli\",\"@id\":\"https:\\\/\\\/www.meydan.tv\\\/az\\\/#\\\/schema\\\/person\\\/9cdbecf90d17180ce1dfbd95b08dcf47\"},\"headline\":\"Bil\u0259suvar sakinl\u0259rind\u0259n pay torpaqlar\u0131n\u0131n bir hiss\u0259sind\u0259n imtina t\u0259l\u0259b olunur\",\"datePublished\":\"2023-05-16T12:27:44+00:00\",\"dateModified\":\"2023-05-16T12:39:48+00:00\",\"mainEntityOfPage\":{\"@id\":\"https:\\\/\\\/www.meydan.tv\\\/az\\\/article\\\/bilesuvar-sakinlerinden-pay-torpaqlarinin-bir-hissesinden-imtina-teleb-olunur\\\/\"},\"wordCount\":610,\"publisher\":{\"@id\":\"https:\\\/\\\/www.meydan.tv\\\/az\\\/#organization\"},\"image\":{\"@id\":\"https:\\\/\\\/www.meydan.tv\\\/az\\\/article\\\/bilesuvar-sakinlerinden-pay-torpaqlarinin-bir-hissesinden-imtina-teleb-olunur\\\/#primaryimage\"},\"thumbnailUrl\":\"https:\\\/\\\/www.meydan.tv\\\/wp-content\\\/uploads\\\/untitled-design-116.jpg\",\"articleSection\":[\"B\u00f6lg\u0259\",\"X\u0259b\u0259rl\u0259r\"],\"inLanguage\":\"az\"},{\"@type\":\"WebPage\",\"@id\":\"https:\\\/\\\/www.meydan.tv\\\/az\\\/article\\\/bilesuvar-sakinlerinden-pay-torpaqlarinin-bir-hissesinden-imtina-teleb-olunur\\\/\",\"url\":\"https:\\\/\\\/www.meydan.tv\\\/az\\\/article\\\/bilesuvar-sakinlerinden-pay-torpaqlarinin-bir-hissesinden-imtina-teleb-olunur\\\/\",\"name\":\"Bil\u0259suvar sakinl\u0259rind\u0259n pay torpaqlar\u0131n\u0131n bir hiss\u0259sind\u0259n imtina t\u0259l\u0259b olunur - MEYDAN.TV\",\"isPartOf\":{\"@id\":\"https:\\\/\\\/www.meydan.tv\\\/az\\\/#website\"},\"primaryImageOfPage\":{\"@id\":\"https:\\\/\\\/www.meydan.tv\\\/az\\\/article\\\/bilesuvar-sakinlerinden-pay-torpaqlarinin-bir-hissesinden-imtina-teleb-olunur\\\/#primaryimage\"},\"image\":{\"@id\":\"https:\\\/\\\/www.meydan.tv\\\/az\\\/article\\\/bilesuvar-sakinlerinden-pay-torpaqlarinin-bir-hissesinden-imtina-teleb-olunur\\\/#primaryimage\"},\"thumbnailUrl\":\"https:\\\/\\\/www.meydan.tv\\\/wp-content\\\/uploads\\\/untitled-design-116.jpg\",\"datePublished\":\"2023-05-16T12:27:44+00:00\",\"dateModified\":\"2023-05-16T12:39:48+00:00\",\"breadcrumb\":{\"@id\":\"https:\\\/\\\/www.meydan.tv\\\/az\\\/article\\\/bilesuvar-sakinlerinden-pay-torpaqlarinin-bir-hissesinden-imtina-teleb-olunur\\\/#breadcrumb\"},\"inLanguage\":\"az\",\"potentialAction\":[{\"@type\":\"ReadAction\",\"target\":[\"https:\\\/\\\/www.meydan.tv\\\/az\\\/article\\\/bilesuvar-sakinlerinden-pay-torpaqlarinin-bir-hissesinden-imtina-teleb-olunur\\\/\"]}]},{\"@type\":\"ImageObject\",\"inLanguage\":\"az\",\"@id\":\"https:\\\/\\\/www.meydan.tv\\\/az\\\/article\\\/bilesuvar-sakinlerinden-pay-torpaqlarinin-bir-hissesinden-imtina-teleb-olunur\\\/#primaryimage\",\"url\":\"https:\\\/\\\/www.meydan.tv\\\/wp-content\\\/uploads\\\/untitled-design-116.jpg\",\"contentUrl\":\"https:\\\/\\\/www.meydan.tv\\\/wp-content\\\/uploads\\\/untitled-design-116.jpg\",\"width\":1200,\"height\":800,\"caption\":\"Nabat\u0259li Qulamo\u011flu. Foto: sosial \u015f\u0259b\u0259k\u0259\"},{\"@type\":\"BreadcrumbList\",\"@id\":\"https:\\\/\\\/www.meydan.tv\\\/az\\\/article\\\/bilesuvar-sakinlerinden-pay-torpaqlarinin-bir-hissesinden-imtina-teleb-olunur\\\/#breadcrumb\",\"itemListElement\":[{\"@type\":\"ListItem\",\"position\":1,\"name\":\"Ana s\u0259hif\u0259\",\"item\":\"https:\\\/\\\/www.meydan.tv\\\/az\\\/\"},{\"@type\":\"ListItem\",\"position\":2,\"name\":\"B\u00f6lg\u0259\",\"item\":\"https:\\\/\\\/www.meydan.tv\\\/az\\\/section\\\/bolge\\\/\"},{\"@type\":\"ListItem\",\"position\":3,\"name\":\"Bil\u0259suvar sakinl\u0259rind\u0259n pay torpaqlar\u0131n\u0131n bir hiss\u0259sind\u0259n imtina t\u0259l\u0259b olunur\"}]},{\"@type\":\"WebSite\",\"@id\":\"https:\\\/\\\/www.meydan.tv\\\/az\\\/#website\",\"url\":\"https:\\\/\\\/www.meydan.tv\\\/az\\\/\",\"name\":\"MEYDAN.TV\",\"description\":\"Meydan TV Az\u0259rbaycan\u0131n media m\u0259kan\u0131ndak\u0131 alternativ s\u0259sidir\",\"publisher\":{\"@id\":\"https:\\\/\\\/www.meydan.tv\\\/az\\\/#organization\"},\"potentialAction\":[{\"@type\":\"SearchAction\",\"target\":{\"@type\":\"EntryPoint\",\"urlTemplate\":\"https:\\\/\\\/www.meydan.tv\\\/az\\\/?s={search_term_string}\"},\"query-input\":{\"@type\":\"PropertyValueSpecification\",\"valueRequired\":true,\"valueName\":\"search_term_string\"}}],\"inLanguage\":\"az\"},{\"@type\":\"Organization\",\"@id\":\"https:\\\/\\\/www.meydan.tv\\\/az\\\/#organization\",\"name\":\"Meydan TV\",\"url\":\"https:\\\/\\\/www.meydan.tv\\\/az\\\/\",\"logo\":{\"@type\":\"ImageObject\",\"inLanguage\":\"az\",\"@id\":\"https:\\\/\\\/www.meydan.tv\\\/az\\\/#\\\/schema\\\/logo\\\/image\\\/\",\"url\":\"https:\\\/\\\/www.meydan.tv\\\/wp-content\\\/uploads\\\/2021\\\/07\\\/meydan-logo.svg\",\"contentUrl\":\"https:\\\/\\\/www.meydan.tv\\\/wp-content\\\/uploads\\\/2021\\\/07\\\/meydan-logo.svg\",\"width\":195,\"height\":46,\"caption\":\"Meydan TV\"},\"image\":{\"@id\":\"https:\\\/\\\/www.meydan.tv\\\/az\\\/#\\\/schema\\\/logo\\\/image\\\/\"}},{\"@type\":\"Person\",\"@id\":\"https:\\\/\\\/www.meydan.tv\\\/az\\\/#\\\/schema\\\/person\\\/9cdbecf90d17180ce1dfbd95b08dcf47\",\"name\":\"elli\",\"sameAs\":[\"https:\\\/\\\/x.com\\\/elli\"]}]}<\/script>\n<!-- \/ Yoast SEO plugin. -->","yoast_head_json":{"title":"Bil\u0259suvar sakinl\u0259rind\u0259n pay torpaqlar\u0131n\u0131n bir hiss\u0259sind\u0259n imtina t\u0259l\u0259b olunur - MEYDAN.TV","robots":{"index":"index","follow":"follow","max-snippet":"max-snippet:-1","max-image-preview":"max-image-preview:large","max-video-preview":"max-video-preview:-1"},"canonical":"https:\/\/www.meydan.tv\/az\/article\/bilesuvar-sakinlerinden-pay-torpaqlarinin-bir-hissesinden-imtina-teleb-olunur\/","og_locale":"az_AZ","og_type":"article","og_title":"Bil\u0259suvar sakinl\u0259rind\u0259n pay torpaqlar\u0131n\u0131n bir hiss\u0259sind\u0259n imtina t\u0259l\u0259b olunur - MEYDAN.TV","og_description":"\u201cDeyirl\u0259r ki, torpaq azal\u0131b. Nec\u0259 azal\u0131b, qar deyil ki, \u0259risin\u2026\u201d ... Davam\u0131","og_url":"https:\/\/www.meydan.tv\/az\/article\/bilesuvar-sakinlerinden-pay-torpaqlarinin-bir-hissesinden-imtina-teleb-olunur\/","og_site_name":"MEYDAN.TV","article_published_time":"2023-05-16T12:27:44+00:00","article_modified_time":"2023-05-16T12:39:48+00:00","og_image":[{"width":1200,"height":800,"url":"https:\/\/www.meydan.tv\/wp-content\/uploads\/untitled-design-116.jpg","type":"image\/jpeg"}],"author":"elli","twitter_card":"summary_large_image","twitter_creator":"@elli","schema":{"@context":"https:\/\/schema.org","@graph":[{"@type":"Article","@id":"https:\/\/www.meydan.tv\/az\/article\/bilesuvar-sakinlerinden-pay-torpaqlarinin-bir-hissesinden-imtina-teleb-olunur\/#article","isPartOf":{"@id":"https:\/\/www.meydan.tv\/az\/article\/bilesuvar-sakinlerinden-pay-torpaqlarinin-bir-hissesinden-imtina-teleb-olunur\/"},"author":{"name":"elli","@id":"https:\/\/www.meydan.tv\/az\/#\/schema\/person\/9cdbecf90d17180ce1dfbd95b08dcf47"},"headline":"Bil\u0259suvar sakinl\u0259rind\u0259n pay torpaqlar\u0131n\u0131n bir hiss\u0259sind\u0259n imtina t\u0259l\u0259b olunur","datePublished":"2023-05-16T12:27:44+00:00","dateModified":"2023-05-16T12:39:48+00:00","mainEntityOfPage":{"@id":"https:\/\/www.meydan.tv\/az\/article\/bilesuvar-sakinlerinden-pay-torpaqlarinin-bir-hissesinden-imtina-teleb-olunur\/"},"wordCount":610,"publisher":{"@id":"https:\/\/www.meydan.tv\/az\/#organization"},"image":{"@id":"https:\/\/www.meydan.tv\/az\/article\/bilesuvar-sakinlerinden-pay-torpaqlarinin-bir-hissesinden-imtina-teleb-olunur\/#primaryimage"},"thumbnailUrl":"https:\/\/www.meydan.tv\/wp-content\/uploads\/untitled-design-116.jpg","articleSection":["B\u00f6lg\u0259","X\u0259b\u0259rl\u0259r"],"inLanguage":"az"},{"@type":"WebPage","@id":"https:\/\/www.meydan.tv\/az\/article\/bilesuvar-sakinlerinden-pay-torpaqlarinin-bir-hissesinden-imtina-teleb-olunur\/","url":"https:\/\/www.meydan.tv\/az\/article\/bilesuvar-sakinlerinden-pay-torpaqlarinin-bir-hissesinden-imtina-teleb-olunur\/","name":"Bil\u0259suvar sakinl\u0259rind\u0259n pay torpaqlar\u0131n\u0131n bir hiss\u0259sind\u0259n imtina t\u0259l\u0259b olunur - MEYDAN.TV","isPartOf":{"@id":"https:\/\/www.meydan.tv\/az\/#website"},"primaryImageOfPage":{"@id":"https:\/\/www.meydan.tv\/az\/article\/bilesuvar-sakinlerinden-pay-torpaqlarinin-bir-hissesinden-imtina-teleb-olunur\/#primaryimage"},"image":{"@id":"https:\/\/www.meydan.tv\/az\/article\/bilesuvar-sakinlerinden-pay-torpaqlarinin-bir-hissesinden-imtina-teleb-olunur\/#primaryimage"},"thumbnailUrl":"https:\/\/www.meydan.tv\/wp-content\/uploads\/untitled-design-116.jpg","datePublished":"2023-05-16T12:27:44+00:00","dateModified":"2023-05-16T12:39:48+00:00","breadcrumb":{"@id":"https:\/\/www.meydan.tv\/az\/article\/bilesuvar-sakinlerinden-pay-torpaqlarinin-bir-hissesinden-imtina-teleb-olunur\/#breadcrumb"},"inLanguage":"az","potentialAction":[{"@type":"ReadAction","target":["https:\/\/www.meydan.tv\/az\/article\/bilesuvar-sakinlerinden-pay-torpaqlarinin-bir-hissesinden-imtina-teleb-olunur\/"]}]},{"@type":"ImageObject","inLanguage":"az","@id":"https:\/\/www.meydan.tv\/az\/article\/bilesuvar-sakinlerinden-pay-torpaqlarinin-bir-hissesinden-imtina-teleb-olunur\/#primaryimage","url":"https:\/\/www.meydan.tv\/wp-content\/uploads\/untitled-design-116.jpg","contentUrl":"https:\/\/www.meydan.tv\/wp-content\/uploads\/untitled-design-116.jpg","width":1200,"height":800,"caption":"Nabat\u0259li Qulamo\u011flu. Foto: sosial \u015f\u0259b\u0259k\u0259"},{"@type":"BreadcrumbList","@id":"https:\/\/www.meydan.tv\/az\/article\/bilesuvar-sakinlerinden-pay-torpaqlarinin-bir-hissesinden-imtina-teleb-olunur\/#breadcrumb","itemListElement":[{"@type":"ListItem","position":1,"name":"Ana s\u0259hif\u0259","item":"https:\/\/www.meydan.tv\/az\/"},{"@type":"ListItem","position":2,"name":"B\u00f6lg\u0259","item":"https:\/\/www.meydan.tv\/az\/section\/bolge\/"},{"@type":"ListItem","position":3,"name":"Bil\u0259suvar sakinl\u0259rind\u0259n pay torpaqlar\u0131n\u0131n bir hiss\u0259sind\u0259n imtina t\u0259l\u0259b olunur"}]},{"@type":"WebSite","@id":"https:\/\/www.meydan.tv\/az\/#website","url":"https:\/\/www.meydan.tv\/az\/","name":"MEYDAN.TV","description":"Meydan TV Az\u0259rbaycan\u0131n media m\u0259kan\u0131ndak\u0131 alternativ s\u0259sidir","publisher":{"@id":"https:\/\/www.meydan.tv\/az\/#organization"},"potentialAction":[{"@type":"SearchAction","target":{"@type":"EntryPoint","urlTemplate":"https:\/\/www.meydan.tv\/az\/?s={search_term_string}"},"query-input":{"@type":"PropertyValueSpecification","valueRequired":true,"valueName":"search_term_string"}}],"inLanguage":"az"},{"@type":"Organization","@id":"https:\/\/www.meydan.tv\/az\/#organization","name":"Meydan TV","url":"https:\/\/www.meydan.tv\/az\/","logo":{"@type":"ImageObject","inLanguage":"az","@id":"https:\/\/www.meydan.tv\/az\/#\/schema\/logo\/image\/","url":"https:\/\/www.meydan.tv\/wp-content\/uploads\/2021\/07\/meydan-logo.svg","contentUrl":"https:\/\/www.meydan.tv\/wp-content\/uploads\/2021\/07\/meydan-logo.svg","width":195,"height":46,"caption":"Meydan TV"},"image":{"@id":"https:\/\/www.meydan.tv\/az\/#\/schema\/logo\/image\/"}},{"@type":"Person","@id":"https:\/\/www.meydan.tv\/az\/#\/schema\/person\/9cdbecf90d17180ce1dfbd95b08dcf47","name":"elli","sameAs":["https:\/\/x.com\/elli"]}]}},"_links":{"self":[{"href":"https:\/\/www.meydan.tv\/az\/wp-json\/wp\/v2\/posts\/275288","targetHints":{"allow":["GET"]}}],"collection":[{"href":"https:\/\/www.meydan.tv\/az\/wp-json\/wp\/v2\/posts"}],"about":[{"href":"https:\/\/www.meydan.tv\/az\/wp-json\/wp\/v2\/types\/post"}],"author":[{"embeddable":true,"href":"https:\/\/www.meydan.tv\/az\/wp-json\/wp\/v2\/users\/8"}],"replies":[{"embeddable":true,"href":"https:\/\/www.meydan.tv\/az\/wp-json\/wp\/v2\/comments?post=275288"}],"version-history":[{"count":2,"href":"https:\/\/www.meydan.tv\/az\/wp-json\/wp\/v2\/posts\/275288\/revisions"}],"predecessor-version":[{"id":275293,"href":"https:\/\/www.meydan.tv\/az\/wp-json\/wp\/v2\/posts\/275288\/revisions\/275293"}],"wp:featuredmedia":[{"embeddable":true,"href":"https:\/\/www.meydan.tv\/az\/wp-json\/wp\/v2\/media\/273102"}],"wp:attachment":[{"href":"https:\/\/www.meydan.tv\/az\/wp-json\/wp\/v2\/media?parent=275288"}],"wp:term":[{"taxonomy":"category","embeddable":true,"href":"https:\/\/www.meydan.tv\/az\/wp-json\/wp\/v2\/categories?post=275288"},{"taxonomy":"post_tag","embeddable":true,"href":"https:\/\/www.meydan.tv\/az\/wp-json\/wp\/v2\/tags?post=275288"}],"curies":[{"name":"wp","href":"https:\/\/api.w.org\/{rel}","templated":true}]}}