{"id":275258,"date":"2023-05-16T22:49:57","date_gmt":"2023-05-16T18:49:57","guid":{"rendered":"https:\/\/www.meydan.tv\/?p=275258"},"modified":"2023-05-16T23:00:36","modified_gmt":"2023-05-16T19:00:36","slug":"pasayevlerin-ortaginin-adi-230-milyonluq-cirkli-pul-yumaqda-hallanir","status":"publish","type":"post","link":"https:\/\/www.meydan.tv\/az\/article\/pasayevlerin-ortaginin-adi-230-milyonluq-cirkli-pul-yumaqda-hallanir\/","title":{"rendered":"Pa\u015fayevl\u0259rin orta\u011f\u0131n\u0131n ad\u0131 230 milyonluq \u00e7irkli pul yumaqda hallan\u0131r"},"content":{"rendered":"\n<p>Britaniyal\u0131 m\u0259\u015fhur i\u015f adam\u0131, xeyriyy\u0259\u00e7i v\u0259 M\u00fchafiz\u0259karlar Partiyas\u0131n\u0131n ian\u0259\u00e7isi 55 ya\u015fl\u0131 Cavad Marandinin xarici \u00f6lk\u0259l\u0259rd\u0259ki \u015f\u00fcbh\u0259li fondlardan on milyonlarla dollar ald\u0131\u011f\u0131 a\u015fkar edilib. Bu bar\u0259d\u0259 m\u0259lumat\u0131 r\u0259smil\u0259r \u00fcz\u0259 \u00e7\u0131xar\u0131b.<\/p>\n\n\n\n<p>O, uzun m\u00fcdd\u0259tdir ki, kimliyinin \u00fcz\u0259 \u00e7\u0131xar\u0131lmas\u0131n\u0131n reputasiyas\u0131na x\u0259l\u0259l g\u0259tir\u0259c\u0259yi il\u0259 ba\u011fl\u0131 etiraz edib v\u0259 onun bu add\u0131m\u0131 u\u011furlu n\u0259tic\u0259l\u0259nib. Bel\u0259 ki, m\u0259hk\u0259m\u0259 s\u0259n\u0259dl\u0259rind\u0259 onun kimliyi yaln\u0131z \u201cMNL\u201d kimi g\u00f6r\u00fcn\u00fcr.<\/p>\n\n\n\n<p>Bu g\u00fcn art\u0131q bir ild\u0259n \u00e7oxdur ki, davam ed\u0259n m\u0259hk\u0259m\u0259 i\u015fl\u0259ri v\u0259 m\u00fcraci\u0259tl\u0259rd\u0259n sonra mediada onun ad\u0131n\u0131n \u00e7\u0259kildiyi x\u0259b\u0259rl\u0259r\u0259 mane olan m\u0259hdudiyy\u0259tl\u0259r aradan qald\u0131r\u0131l\u0131b.<\/p>\n\n\n\n<p>Marandinin ad\u0131n\u0131n ictimaiyy\u0259t\u0259 a\u00e7\u0131qlanmas\u0131 il\u0259 ba\u011fl\u0131 m\u0259hk\u0259m\u0259 i\u015fi \u201cBBC\u201d v\u0259 \u201cEvening Standard\u201d media qurumlar\u0131 t\u0259r\u0259find\u0259n qald\u0131r\u0131l\u0131b. Onun ad\u0131n\u0131n a\u00e7\u0131qlanmamas\u0131 il\u0259 ba\u011fl\u0131 t\u0259l\u0259bl\u0259ri Westminster M\u0259hk\u0259m\u0259si, Ali M\u0259hk\u0259m\u0259 v\u0259 bir s\u0131ra apelyasiya m\u0259hk\u0259m\u0259l\u0259ri t\u0259r\u0259find\u0259n l\u0259\u011fv edilib.<\/p>\n\n\n\n<p>\u018fm\u0259liyyatlar ba\u015fqa bir ara\u015fd\u0131rman\u0131n bir hiss\u0259si kimi \u00fcz\u0259 \u00e7\u0131xar\u0131l\u0131b v\u0259 Marandiy\u0259 qar\u015f\u0131 he\u00e7 bir cinay\u0259t i\u015fi ir\u0259li s\u00fcr\u00fclm\u0259yib.<\/p>\n\n\n\n<p>\u015e\u0259rh t\u0259l\u0259bl\u0259rin\u0259 cavab olaraq, onu t\u0259msil ed\u0259n h\u00fcquq firmas\u0131 &#8220;h\u0259r hans\u0131 bir qanun pozuntusunu q\u0259ti \u015f\u0259kild\u0259 r\u0259dd etdiyini&#8221; v\u0259 &#8220;m\u0259hk\u0259m\u0259nin x\u0259b\u0259r haz\u0131rlanmas\u0131 il\u0259 ba\u011fl\u0131 m\u0259hdudiyy\u0259tl\u0259ri aradan qald\u0131rmaq q\u0259rar\u0131na g\u00f6r\u0259 d\u0259rin m\u0259yusluq duydu\u011funu, \u00e7\u00fcnki bunun onun reputasiyas\u0131na vura bil\u0259c\u0259yi z\u0259r\u0259rd\u0259n x\u0259b\u0259rdar oldu\u011funu&#8221; bildirib.<\/p>\n\n\n\n<p>U\u015faq ik\u0259n inqilab ba\u015f ver\u0259n \u0130randan Londona qa\u00e7an Marandi u\u011furlu bir sahibkar kimi yeti\u015fib. O, \u201cSoho House\u201d adl\u0131 bir qrup \u00f6z\u0259l \u00fczv\u00fcn \u0259hat\u0259 olundu\u011fu klublara, h\u0259m\u00e7inin \u201cEmilia Wickstead\u201d, \u201cAnya Hindmarch\u201d v\u0259 \u201cConran Shop\u201d kimi d\u0259bd\u0259b\u0259li moda v\u0259 dizayn brendl\u0259rin\u0259 s\u0259rmay\u0259 yat\u0131r\u0131b.<\/p>\n\n\n\n<p>Onun Az\u0259rbaycanda 20-d\u0259n \u00e7ox \u201cMcDonalds\u201d restoran\u0131 v\u0259 bir \u00e7ox beyn\u0259lxalq brendin distrib\u00fctorlu\u011funu h\u0259yata ke\u00e7ir\u0259n siqaret firmas\u0131 var. Britaniyan\u0131n h\u00fcquq firmas\u0131n\u0131n verdiyi m\u0259lumata \u0259sas\u0259n siqaret biznesi onun \u0259sas g\u0259lir m\u0259nb\u0259yi hesab olunur.<\/p>\n\n\n\n<figure class=\"wp-block-image size-full\"><img decoding=\"async\" width=\"1080\" height=\"720\" data-src=\"https:\/\/www.meydan.tv\/wp-content\/uploads\/snapinsta.app_336546599_1269387713681582_4419194212751538322_n_1080.jpg\" alt=\"\" class=\"wp-image-275331 lazyload\" src=\"data:image\/svg+xml;base64,PHN2ZyB3aWR0aD0iMSIgaGVpZ2h0PSIxIiB4bWxucz0iaHR0cDovL3d3dy53My5vcmcvMjAwMC9zdmciPjwvc3ZnPg==\" style=\"--smush-placeholder-width: 1080px; --smush-placeholder-aspect-ratio: 1080\/720;\" \/><figcaption class=\"wp-element-caption\">M\u0259nb\u0259: Mcdonalds.az<\/figcaption><\/figure>\n\n\n\n<p>Bununla yana\u015f\u0131 o, hakim \u018fliyevl\u0259r ail\u0259sin\u0259 m\u0259xsus Az\u0259rbaycanda n\u0259h\u0259ng da\u015f\u0131nmaz \u0259mlak \u015firk\u0259ti olan \u201cPasha \u0130n\u015faat\u201d\u0131n idar\u0259etm\u0259 t\u0259f\u0259da\u015f\u0131 olub.<\/p>\n\n\n\n<p>Bununla bel\u0259, Milli Cinay\u0259t Agentliyinin (MCA) m\u0259lumat\u0131na \u0259sas\u0259n, Marandi 2017-ci ild\u0259 OCCRP-nin \u00fcz\u0259 \u00e7\u0131xard\u0131\u011f\u0131 \u0259sas\u0259n \u00e7irkli pullar\u0131n yuyulmas\u0131 sistemi olan \u201cAz\u0259rbaycan\u0131n Pulyuyan Ma\u015f\u0131n\u0131\u201dndan v\u0259sait \u0259ld\u0259 ed\u0259n of\u015for \u015firk\u0259tl\u0259rd\u0259n \u015f\u00fcbh\u0259li hesab edil\u0259n m\u0259bl\u0259\u011fd\u0259, y\u0259ni 230 milyon dollardan \u00e7ox pul al\u0131b. Marandi 71 milyon dollar\u0131 birba\u015fa al\u0131b, bu m\u0259bl\u0259\u011fin qalan\u0131 is\u0259 n\u0259zar\u0259t etdiyi of\u015for \u015firk\u0259tin\u0259 g\u00f6nd\u0259rilib.<\/p>\n\n\n\n<p>\u201cAz\u0259rbaycan\u0131n Pulyuyan Ma\u015f\u0131n\u0131\u201d pulun m\u0259n\u015f\u0259yini gizl\u0259tm\u0259k \u00fc\u00e7\u00fcn saxta \u0259m\u0259liyyatlar h\u0259yata ke\u00e7ir\u0259r\u0259k, valyutan\u0131 transfer ed\u0259n bir-biri il\u0259 \u0259laq\u0259li of\u015for \u015firk\u0259tl\u0259r sistemi olub. Bu s\u0259b\u0259bl\u0259 \u00e7ox vaxt o sistem vasit\u0259sil\u0259 \u00f6t\u00fcr\u00fcl\u0259n milyonlarla dollar\u0131n m\u0259nb\u0259yini m\u00fc\u0259yy\u0259n etm\u0259k m\u00fcmk\u00fcn olmay\u0131b. Lakin Estoniyadan bank \u00e7\u0131xar\u0131\u015flar\u0131n\u0131 \u0259ld\u0259 ed\u0259n jurnalistl\u0259r v\u0259saitl\u0259rin bir hiss\u0259sinin hara g\u00f6nd\u0259rilm\u0259si il\u0259 ba\u011fl\u0131 m\u0259lumatlar\u0131 bir araya toplaya bilibl\u0259r. Al\u0131c\u0131lar aras\u0131nda Az\u0259rbaycan\u0131n hakim elitas\u0131n\u0131n tan\u0131nm\u0131\u015f \u00fczvl\u0259ri, o c\u00fcml\u0259d\u0259n \u018fliyevl\u0259r ail\u0259sinin \u00fczvl\u0259ri v\u0259 onlarla \u0259lbir olan \u015f\u0259xsl\u0259r var.<\/p>\n\n\n\n<p>MCA-n\u0131n ara\u015fd\u0131rmas\u0131 Marandi il\u0259 yox, Az\u0259rbaycan\u0131n n\u00fcfuzlu siyas\u0259t\u00e7isi Cavan\u015fir Feyziyev v\u0259 onun ail\u0259sil\u0259 ba\u011fl\u0131d\u0131r. Agentlik Feyziyevl\u0259r ail\u0259sinin \u00fczvl\u0259rin\u0259 m\u0259xsus milyonlarla funt-sterlinq\u0259 \u0259l qoyulmas\u0131 \u00fc\u00e7\u00fcn hakimin raz\u0131l\u0131\u011f\u0131n\u0131 ala bilib, \u00e7\u00fcnki pullar \u201c<strong>pulyuyan ma\u015f\u0131n<\/strong>\u201d vasit\u0259sil\u0259 g\u00f6nd\u0259rilib.<\/p>\n\n\n\n<p>Ancaq agentlik Feyziyevl\u0259 ba\u011fl\u0131 ara\u015fd\u0131rma aparark\u0259n Marandi il\u0259 ba\u011fl\u0131 m\u0259lumata da rast g\u0259lib. M\u0259hk\u0259m\u0259 zaman\u0131 onun da istintaqa c\u0259lb olunub-olunmamas\u0131 il\u0259 ba\u011fl\u0131 suala MCA-nin t\u0259msil\u00e7isi cavab olaraq bildirib ki, o bunu \u201ct\u0259kzib v\u0259 ya t\u0259sdiq ed\u0259 bilm\u0259z\u201d.<\/p>\n\n\n\n<p>MCA h\u0259m\u00e7inin m\u00fc\u0259yy\u0259n edib ki, Marandi Feyziyev v\u0259 prezident \u018fliyevin h\u0259yat yolda\u015f\u0131n\u0131n qohumu Mirc\u0259lal Pa\u015fayevl\u0259 \u201cpulyuyan ma\u015f\u0131n\u201ddan milyonlarla v\u0259sait \u0259ld\u0259 ed\u0259n Az\u0259rbaycan\u0131n b\u00f6y\u00fck \u0259cza\u00e7\u0131l\u0131q \u015firk\u0259tinin \u015f\u0259riki olub.<\/p>\n\n\n\n<p>Ad\u0131\u00e7\u0259kil\u0259n \u201cAvromed\u201d \u015firk\u0259ti \u0259vv\u0259ll\u0259r ancaq Feyziyevin \u015firk\u0259ti kimi tan\u0131n\u0131b. O, \u015firk\u0259tin t\u0259sis\u00e7il\u0259rind\u0259n biri olub, lakin 2015-ci ild\u0259 Az\u0259rbaycan parlamentin\u0259 deputat se\u00e7ildikd\u0259n sonra \u00f6z hiss\u0259l\u0259rind\u0259n imtina etdiyini bildirib. \u201cAvromed\u201d s\u0259hmdarlar\u0131n\u0131n kimliyini a\u00e7\u0131qlam\u0131r v\u0259 onlar\u0131n aras\u0131nda Marandi v\u0259 Pa\u015fayevin d\u0259 olmas\u0131 \u0259vv\u0259ll\u0259r m\u0259lum olmay\u0131b.<\/p>\n\n\n\n<p>Kommersiya u\u011furlar\u0131na \u0259lav\u0259 olaraq, Marandi imkans\u0131z u\u015faqlara d\u0259st\u0259k olmaq \u00fc\u00e7\u00fcn xeyriyy\u0259 t\u0259\u015fkilat\u0131n\u0131n h\u0259mt\u0259sis\u00e7iliyini edib v\u0259 \u201cThe Telegraph\u201d q\u0259zetind\u0259 maa\u015flar\u0131n art\u0131r\u0131lmas\u0131n\u0131 t\u0259l\u0259b etdiyi m\u0259qal\u0259 yazaraq \u00f6z\u00fcn\u00fc B\u00f6y\u00fck Britaniyada g\u00f6z \u00f6n\u00fcn\u0259 \u00e7\u0131xara bilib.<\/p>\n\n\n\n<p>O, 2014-c\u00fc ilin may ay\u0131ndan 2020-ci ilin noyabr ay\u0131na q\u0259d\u0259r M\u00fchafiz\u0259karlar Partiyas\u0131na 750.000 funt sterlinqd\u0259n \u00e7ox ian\u0259 ba\u011f\u0131\u015flay\u0131b. Bu, MCA-n\u0131n \u015f\u00fcbh\u0259li hesab etdiyi v\u0259saitl\u0259rin Marandi t\u0259r\u0259find\u0259n al\u0131nd\u0131\u011f\u0131 d\u00f6vr\u00fc \u0259hat\u0259 edir.<\/p>\n\n\n\n<p>Ail\u0259nin s\u00f6z\u00e7\u00fcs\u00fc MCA-n\u0131n Feyziyevl\u0259r ail\u0259sinin \u00fczvl\u0259rin\u0259 m\u0259xsus milyonlarla funt-sterlinq pula \u0259l qoymas\u0131 m\u0259s\u0259l\u0259sin\u0259 toxunaraq bunlar\u0131 deyib:&nbsp;<\/p>\n\n\n\n<p>\u201c\u00c7\u00fcnki onlar iddialar\u0131n \u0259ks\u0259riyy\u0259tind\u0259 u\u011fur qazanmaqdan v\u0259 n\u0259 Cavan\u015fir Feyziyevin, n\u0259 d\u0259 dig\u0259r respondentl\u0259rin korrupsiyaya qo\u015fulmad\u0131\u011f\u0131n\u0131n m\u0259hk\u0259m\u0259 t\u0259r\u0259find\u0259n t\u0259sdiq edilm\u0259m\u0259sind\u0259n m\u0259mnundurlar\u201d.<\/p>\n","protected":false},"excerpt":{"rendered":"<p>Britaniyal\u0131 m\u0259\u015fhur i\u015f adam\u0131, xeyriyy\u0259\u00e7i v\u0259 M\u00fchafiz\u0259karlar Partiyas\u0131n\u0131n ian\u0259\u00e7isi 55 &#8230; <\/p>\n<p class=\"read-more-container\"><a title=\"Pa\u015fayevl\u0259rin orta\u011f\u0131n\u0131n ad\u0131 230 milyonluq \u00e7irkli pul yumaqda hallan\u0131r\" class=\"read-more button\" href=\"https:\/\/www.meydan.tv\/az\/article\/pasayevlerin-ortaginin-adi-230-milyonluq-cirkli-pul-yumaqda-hallanir\/#more-275258\" aria-label=\"Read more about Pa\u015fayevl\u0259rin orta\u011f\u0131n\u0131n ad\u0131 230 milyonluq \u00e7irkli pul yumaqda hallan\u0131r\">Davam\u0131<\/a><\/p>\n","protected":false},"author":14,"featured_media":275343,"comment_status":"closed","ping_status":"closed","sticky":false,"template":"","format":"standard","meta":{"_acf_changed":false,"_sitemap_exclude":false,"_sitemap_priority":"","_sitemap_frequency":"","footnotes":""},"categories":[55,56],"tags":[],"class_list":["post-275258","post","type-post","status-publish","format-standard","has-post-thumbnail","hentry","category-arasdirma","category-xeberler","infinite-scroll-item","generate-columns","tablet-grid-50","mobile-grid-100","grid-parent","grid-33","no-featured-image-padding"],"acf":[],"yoast_head":"<!-- This site is optimized with the Yoast SEO plugin v27.4 - https:\/\/yoast.com\/product\/yoast-seo-wordpress\/ -->\n<title>Pa\u015fayevl\u0259rin orta\u011f\u0131n\u0131n ad\u0131 230 milyonluq \u00e7irkli pul yumaqda hallan\u0131r - MEYDAN.TV<\/title>\n<meta name=\"robots\" content=\"index, follow, max-snippet:-1, max-image-preview:large, max-video-preview:-1\" \/>\n<link rel=\"canonical\" href=\"https:\/\/www.meydan.tv\/az\/article\/pasayevlerin-ortaginin-adi-230-milyonluq-cirkli-pul-yumaqda-hallanir\/\" \/>\n<meta property=\"og:locale\" content=\"az_AZ\" \/>\n<meta property=\"og:type\" content=\"article\" \/>\n<meta property=\"og:title\" content=\"Pa\u015fayevl\u0259rin orta\u011f\u0131n\u0131n ad\u0131 230 milyonluq \u00e7irkli pul yumaqda hallan\u0131r - MEYDAN.TV\" \/>\n<meta property=\"og:description\" content=\"Britaniyal\u0131 m\u0259\u015fhur i\u015f adam\u0131, xeyriyy\u0259\u00e7i v\u0259 M\u00fchafiz\u0259karlar Partiyas\u0131n\u0131n ian\u0259\u00e7isi 55 ... Davam\u0131\" \/>\n<meta property=\"og:url\" content=\"https:\/\/www.meydan.tv\/az\/article\/pasayevlerin-ortaginin-adi-230-milyonluq-cirkli-pul-yumaqda-hallanir\/\" \/>\n<meta property=\"og:site_name\" content=\"MEYDAN.TV\" \/>\n<meta property=\"article:published_time\" content=\"2023-05-16T18:49:57+00:00\" \/>\n<meta property=\"article:modified_time\" content=\"2023-05-16T19:00:36+00:00\" \/>\n<meta property=\"og:image\" content=\"https:\/\/www.meydan.tv\/wp-content\/uploads\/untitled-design-2-7.png\" \/>\n\t<meta property=\"og:image:width\" content=\"1200\" \/>\n\t<meta property=\"og:image:height\" content=\"600\" \/>\n\t<meta property=\"og:image:type\" content=\"image\/png\" \/>\n<meta name=\"author\" content=\"roma\" \/>\n<meta name=\"twitter:card\" content=\"summary_large_image\" \/>\n<script type=\"application\/ld+json\" class=\"yoast-schema-graph\">{\"@context\":\"https:\\\/\\\/schema.org\",\"@graph\":[{\"@type\":\"Article\",\"@id\":\"https:\\\/\\\/www.meydan.tv\\\/az\\\/article\\\/pasayevlerin-ortaginin-adi-230-milyonluq-cirkli-pul-yumaqda-hallanir\\\/#article\",\"isPartOf\":{\"@id\":\"https:\\\/\\\/www.meydan.tv\\\/az\\\/article\\\/pasayevlerin-ortaginin-adi-230-milyonluq-cirkli-pul-yumaqda-hallanir\\\/\"},\"author\":{\"name\":\"roma\",\"@id\":\"https:\\\/\\\/www.meydan.tv\\\/az\\\/#\\\/schema\\\/person\\\/8f23e01c4de63326c13c319fb65ee65d\"},\"headline\":\"Pa\u015fayevl\u0259rin orta\u011f\u0131n\u0131n ad\u0131 230 milyonluq \u00e7irkli pul yumaqda hallan\u0131r\",\"datePublished\":\"2023-05-16T18:49:57+00:00\",\"dateModified\":\"2023-05-16T19:00:36+00:00\",\"mainEntityOfPage\":{\"@id\":\"https:\\\/\\\/www.meydan.tv\\\/az\\\/article\\\/pasayevlerin-ortaginin-adi-230-milyonluq-cirkli-pul-yumaqda-hallanir\\\/\"},\"wordCount\":1104,\"publisher\":{\"@id\":\"https:\\\/\\\/www.meydan.tv\\\/az\\\/#organization\"},\"image\":{\"@id\":\"https:\\\/\\\/www.meydan.tv\\\/az\\\/article\\\/pasayevlerin-ortaginin-adi-230-milyonluq-cirkli-pul-yumaqda-hallanir\\\/#primaryimage\"},\"thumbnailUrl\":\"https:\\\/\\\/www.meydan.tv\\\/wp-content\\\/uploads\\\/untitled-design-2-7.png\",\"articleSection\":[\"Ara\u015fd\u0131rma\",\"X\u0259b\u0259rl\u0259r\"],\"inLanguage\":\"az\"},{\"@type\":\"WebPage\",\"@id\":\"https:\\\/\\\/www.meydan.tv\\\/az\\\/article\\\/pasayevlerin-ortaginin-adi-230-milyonluq-cirkli-pul-yumaqda-hallanir\\\/\",\"url\":\"https:\\\/\\\/www.meydan.tv\\\/az\\\/article\\\/pasayevlerin-ortaginin-adi-230-milyonluq-cirkli-pul-yumaqda-hallanir\\\/\",\"name\":\"Pa\u015fayevl\u0259rin orta\u011f\u0131n\u0131n ad\u0131 230 milyonluq \u00e7irkli pul yumaqda hallan\u0131r - MEYDAN.TV\",\"isPartOf\":{\"@id\":\"https:\\\/\\\/www.meydan.tv\\\/az\\\/#website\"},\"primaryImageOfPage\":{\"@id\":\"https:\\\/\\\/www.meydan.tv\\\/az\\\/article\\\/pasayevlerin-ortaginin-adi-230-milyonluq-cirkli-pul-yumaqda-hallanir\\\/#primaryimage\"},\"image\":{\"@id\":\"https:\\\/\\\/www.meydan.tv\\\/az\\\/article\\\/pasayevlerin-ortaginin-adi-230-milyonluq-cirkli-pul-yumaqda-hallanir\\\/#primaryimage\"},\"thumbnailUrl\":\"https:\\\/\\\/www.meydan.tv\\\/wp-content\\\/uploads\\\/untitled-design-2-7.png\",\"datePublished\":\"2023-05-16T18:49:57+00:00\",\"dateModified\":\"2023-05-16T19:00:36+00:00\",\"breadcrumb\":{\"@id\":\"https:\\\/\\\/www.meydan.tv\\\/az\\\/article\\\/pasayevlerin-ortaginin-adi-230-milyonluq-cirkli-pul-yumaqda-hallanir\\\/#breadcrumb\"},\"inLanguage\":\"az\",\"potentialAction\":[{\"@type\":\"ReadAction\",\"target\":[\"https:\\\/\\\/www.meydan.tv\\\/az\\\/article\\\/pasayevlerin-ortaginin-adi-230-milyonluq-cirkli-pul-yumaqda-hallanir\\\/\"]}]},{\"@type\":\"ImageObject\",\"inLanguage\":\"az\",\"@id\":\"https:\\\/\\\/www.meydan.tv\\\/az\\\/article\\\/pasayevlerin-ortaginin-adi-230-milyonluq-cirkli-pul-yumaqda-hallanir\\\/#primaryimage\",\"url\":\"https:\\\/\\\/www.meydan.tv\\\/wp-content\\\/uploads\\\/untitled-design-2-7.png\",\"contentUrl\":\"https:\\\/\\\/www.meydan.tv\\\/wp-content\\\/uploads\\\/untitled-design-2-7.png\",\"width\":1200,\"height\":600,\"caption\":\"Kollaj: Meydan TV\"},{\"@type\":\"BreadcrumbList\",\"@id\":\"https:\\\/\\\/www.meydan.tv\\\/az\\\/article\\\/pasayevlerin-ortaginin-adi-230-milyonluq-cirkli-pul-yumaqda-hallanir\\\/#breadcrumb\",\"itemListElement\":[{\"@type\":\"ListItem\",\"position\":1,\"name\":\"Ana s\u0259hif\u0259\",\"item\":\"https:\\\/\\\/www.meydan.tv\\\/az\\\/\"},{\"@type\":\"ListItem\",\"position\":2,\"name\":\"Ara\u015fd\u0131rma\",\"item\":\"https:\\\/\\\/www.meydan.tv\\\/az\\\/section\\\/arasdirma\\\/\"},{\"@type\":\"ListItem\",\"position\":3,\"name\":\"Pa\u015fayevl\u0259rin orta\u011f\u0131n\u0131n ad\u0131 230 milyonluq \u00e7irkli pul yumaqda hallan\u0131r\"}]},{\"@type\":\"WebSite\",\"@id\":\"https:\\\/\\\/www.meydan.tv\\\/az\\\/#website\",\"url\":\"https:\\\/\\\/www.meydan.tv\\\/az\\\/\",\"name\":\"MEYDAN.TV\",\"description\":\"Meydan TV Az\u0259rbaycan\u0131n media m\u0259kan\u0131ndak\u0131 alternativ s\u0259sidir\",\"publisher\":{\"@id\":\"https:\\\/\\\/www.meydan.tv\\\/az\\\/#organization\"},\"potentialAction\":[{\"@type\":\"SearchAction\",\"target\":{\"@type\":\"EntryPoint\",\"urlTemplate\":\"https:\\\/\\\/www.meydan.tv\\\/az\\\/?s={search_term_string}\"},\"query-input\":{\"@type\":\"PropertyValueSpecification\",\"valueRequired\":true,\"valueName\":\"search_term_string\"}}],\"inLanguage\":\"az\"},{\"@type\":\"Organization\",\"@id\":\"https:\\\/\\\/www.meydan.tv\\\/az\\\/#organization\",\"name\":\"Meydan TV\",\"url\":\"https:\\\/\\\/www.meydan.tv\\\/az\\\/\",\"logo\":{\"@type\":\"ImageObject\",\"inLanguage\":\"az\",\"@id\":\"https:\\\/\\\/www.meydan.tv\\\/az\\\/#\\\/schema\\\/logo\\\/image\\\/\",\"url\":\"https:\\\/\\\/www.meydan.tv\\\/wp-content\\\/uploads\\\/2021\\\/07\\\/meydan-logo.svg\",\"contentUrl\":\"https:\\\/\\\/www.meydan.tv\\\/wp-content\\\/uploads\\\/2021\\\/07\\\/meydan-logo.svg\",\"width\":195,\"height\":46,\"caption\":\"Meydan TV\"},\"image\":{\"@id\":\"https:\\\/\\\/www.meydan.tv\\\/az\\\/#\\\/schema\\\/logo\\\/image\\\/\"}},{\"@type\":\"Person\",\"@id\":\"https:\\\/\\\/www.meydan.tv\\\/az\\\/#\\\/schema\\\/person\\\/8f23e01c4de63326c13c319fb65ee65d\",\"name\":\"roma\"}]}<\/script>\n<!-- \/ Yoast SEO plugin. -->","yoast_head_json":{"title":"Pa\u015fayevl\u0259rin orta\u011f\u0131n\u0131n ad\u0131 230 milyonluq \u00e7irkli pul yumaqda hallan\u0131r - MEYDAN.TV","robots":{"index":"index","follow":"follow","max-snippet":"max-snippet:-1","max-image-preview":"max-image-preview:large","max-video-preview":"max-video-preview:-1"},"canonical":"https:\/\/www.meydan.tv\/az\/article\/pasayevlerin-ortaginin-adi-230-milyonluq-cirkli-pul-yumaqda-hallanir\/","og_locale":"az_AZ","og_type":"article","og_title":"Pa\u015fayevl\u0259rin orta\u011f\u0131n\u0131n ad\u0131 230 milyonluq \u00e7irkli pul yumaqda hallan\u0131r - MEYDAN.TV","og_description":"Britaniyal\u0131 m\u0259\u015fhur i\u015f adam\u0131, xeyriyy\u0259\u00e7i v\u0259 M\u00fchafiz\u0259karlar Partiyas\u0131n\u0131n ian\u0259\u00e7isi 55 ... Davam\u0131","og_url":"https:\/\/www.meydan.tv\/az\/article\/pasayevlerin-ortaginin-adi-230-milyonluq-cirkli-pul-yumaqda-hallanir\/","og_site_name":"MEYDAN.TV","article_published_time":"2023-05-16T18:49:57+00:00","article_modified_time":"2023-05-16T19:00:36+00:00","og_image":[{"width":1200,"height":600,"url":"https:\/\/www.meydan.tv\/wp-content\/uploads\/untitled-design-2-7.png","type":"image\/png"}],"author":"roma","twitter_card":"summary_large_image","schema":{"@context":"https:\/\/schema.org","@graph":[{"@type":"Article","@id":"https:\/\/www.meydan.tv\/az\/article\/pasayevlerin-ortaginin-adi-230-milyonluq-cirkli-pul-yumaqda-hallanir\/#article","isPartOf":{"@id":"https:\/\/www.meydan.tv\/az\/article\/pasayevlerin-ortaginin-adi-230-milyonluq-cirkli-pul-yumaqda-hallanir\/"},"author":{"name":"roma","@id":"https:\/\/www.meydan.tv\/az\/#\/schema\/person\/8f23e01c4de63326c13c319fb65ee65d"},"headline":"Pa\u015fayevl\u0259rin orta\u011f\u0131n\u0131n ad\u0131 230 milyonluq \u00e7irkli pul yumaqda hallan\u0131r","datePublished":"2023-05-16T18:49:57+00:00","dateModified":"2023-05-16T19:00:36+00:00","mainEntityOfPage":{"@id":"https:\/\/www.meydan.tv\/az\/article\/pasayevlerin-ortaginin-adi-230-milyonluq-cirkli-pul-yumaqda-hallanir\/"},"wordCount":1104,"publisher":{"@id":"https:\/\/www.meydan.tv\/az\/#organization"},"image":{"@id":"https:\/\/www.meydan.tv\/az\/article\/pasayevlerin-ortaginin-adi-230-milyonluq-cirkli-pul-yumaqda-hallanir\/#primaryimage"},"thumbnailUrl":"https:\/\/www.meydan.tv\/wp-content\/uploads\/untitled-design-2-7.png","articleSection":["Ara\u015fd\u0131rma","X\u0259b\u0259rl\u0259r"],"inLanguage":"az"},{"@type":"WebPage","@id":"https:\/\/www.meydan.tv\/az\/article\/pasayevlerin-ortaginin-adi-230-milyonluq-cirkli-pul-yumaqda-hallanir\/","url":"https:\/\/www.meydan.tv\/az\/article\/pasayevlerin-ortaginin-adi-230-milyonluq-cirkli-pul-yumaqda-hallanir\/","name":"Pa\u015fayevl\u0259rin orta\u011f\u0131n\u0131n ad\u0131 230 milyonluq \u00e7irkli pul yumaqda hallan\u0131r - MEYDAN.TV","isPartOf":{"@id":"https:\/\/www.meydan.tv\/az\/#website"},"primaryImageOfPage":{"@id":"https:\/\/www.meydan.tv\/az\/article\/pasayevlerin-ortaginin-adi-230-milyonluq-cirkli-pul-yumaqda-hallanir\/#primaryimage"},"image":{"@id":"https:\/\/www.meydan.tv\/az\/article\/pasayevlerin-ortaginin-adi-230-milyonluq-cirkli-pul-yumaqda-hallanir\/#primaryimage"},"thumbnailUrl":"https:\/\/www.meydan.tv\/wp-content\/uploads\/untitled-design-2-7.png","datePublished":"2023-05-16T18:49:57+00:00","dateModified":"2023-05-16T19:00:36+00:00","breadcrumb":{"@id":"https:\/\/www.meydan.tv\/az\/article\/pasayevlerin-ortaginin-adi-230-milyonluq-cirkli-pul-yumaqda-hallanir\/#breadcrumb"},"inLanguage":"az","potentialAction":[{"@type":"ReadAction","target":["https:\/\/www.meydan.tv\/az\/article\/pasayevlerin-ortaginin-adi-230-milyonluq-cirkli-pul-yumaqda-hallanir\/"]}]},{"@type":"ImageObject","inLanguage":"az","@id":"https:\/\/www.meydan.tv\/az\/article\/pasayevlerin-ortaginin-adi-230-milyonluq-cirkli-pul-yumaqda-hallanir\/#primaryimage","url":"https:\/\/www.meydan.tv\/wp-content\/uploads\/untitled-design-2-7.png","contentUrl":"https:\/\/www.meydan.tv\/wp-content\/uploads\/untitled-design-2-7.png","width":1200,"height":600,"caption":"Kollaj: Meydan TV"},{"@type":"BreadcrumbList","@id":"https:\/\/www.meydan.tv\/az\/article\/pasayevlerin-ortaginin-adi-230-milyonluq-cirkli-pul-yumaqda-hallanir\/#breadcrumb","itemListElement":[{"@type":"ListItem","position":1,"name":"Ana s\u0259hif\u0259","item":"https:\/\/www.meydan.tv\/az\/"},{"@type":"ListItem","position":2,"name":"Ara\u015fd\u0131rma","item":"https:\/\/www.meydan.tv\/az\/section\/arasdirma\/"},{"@type":"ListItem","position":3,"name":"Pa\u015fayevl\u0259rin orta\u011f\u0131n\u0131n ad\u0131 230 milyonluq \u00e7irkli pul yumaqda hallan\u0131r"}]},{"@type":"WebSite","@id":"https:\/\/www.meydan.tv\/az\/#website","url":"https:\/\/www.meydan.tv\/az\/","name":"MEYDAN.TV","description":"Meydan TV Az\u0259rbaycan\u0131n media m\u0259kan\u0131ndak\u0131 alternativ s\u0259sidir","publisher":{"@id":"https:\/\/www.meydan.tv\/az\/#organization"},"potentialAction":[{"@type":"SearchAction","target":{"@type":"EntryPoint","urlTemplate":"https:\/\/www.meydan.tv\/az\/?s={search_term_string}"},"query-input":{"@type":"PropertyValueSpecification","valueRequired":true,"valueName":"search_term_string"}}],"inLanguage":"az"},{"@type":"Organization","@id":"https:\/\/www.meydan.tv\/az\/#organization","name":"Meydan TV","url":"https:\/\/www.meydan.tv\/az\/","logo":{"@type":"ImageObject","inLanguage":"az","@id":"https:\/\/www.meydan.tv\/az\/#\/schema\/logo\/image\/","url":"https:\/\/www.meydan.tv\/wp-content\/uploads\/2021\/07\/meydan-logo.svg","contentUrl":"https:\/\/www.meydan.tv\/wp-content\/uploads\/2021\/07\/meydan-logo.svg","width":195,"height":46,"caption":"Meydan TV"},"image":{"@id":"https:\/\/www.meydan.tv\/az\/#\/schema\/logo\/image\/"}},{"@type":"Person","@id":"https:\/\/www.meydan.tv\/az\/#\/schema\/person\/8f23e01c4de63326c13c319fb65ee65d","name":"roma"}]}},"_links":{"self":[{"href":"https:\/\/www.meydan.tv\/az\/wp-json\/wp\/v2\/posts\/275258","targetHints":{"allow":["GET"]}}],"collection":[{"href":"https:\/\/www.meydan.tv\/az\/wp-json\/wp\/v2\/posts"}],"about":[{"href":"https:\/\/www.meydan.tv\/az\/wp-json\/wp\/v2\/types\/post"}],"author":[{"embeddable":true,"href":"https:\/\/www.meydan.tv\/az\/wp-json\/wp\/v2\/users\/14"}],"replies":[{"embeddable":true,"href":"https:\/\/www.meydan.tv\/az\/wp-json\/wp\/v2\/comments?post=275258"}],"version-history":[{"count":4,"href":"https:\/\/www.meydan.tv\/az\/wp-json\/wp\/v2\/posts\/275258\/revisions"}],"predecessor-version":[{"id":275336,"href":"https:\/\/www.meydan.tv\/az\/wp-json\/wp\/v2\/posts\/275258\/revisions\/275336"}],"wp:featuredmedia":[{"embeddable":true,"href":"https:\/\/www.meydan.tv\/az\/wp-json\/wp\/v2\/media\/275343"}],"wp:attachment":[{"href":"https:\/\/www.meydan.tv\/az\/wp-json\/wp\/v2\/media?parent=275258"}],"wp:term":[{"taxonomy":"category","embeddable":true,"href":"https:\/\/www.meydan.tv\/az\/wp-json\/wp\/v2\/categories?post=275258"},{"taxonomy":"post_tag","embeddable":true,"href":"https:\/\/www.meydan.tv\/az\/wp-json\/wp\/v2\/tags?post=275258"}],"curies":[{"name":"wp","href":"https:\/\/api.w.org\/{rel}","templated":true}]}}