{"id":275241,"date":"2023-05-16T14:14:24","date_gmt":"2023-05-16T10:14:24","guid":{"rendered":"https:\/\/www.meydan.tv\/?p=275241"},"modified":"2023-05-16T17:56:18","modified_gmt":"2023-05-16T13:56:18","slug":"dovlet-departamenti-azerbaycan-dini-azadliqlarin-kobud-sekilde-pozuldugu-olkelerdendir","status":"publish","type":"post","link":"https:\/\/www.meydan.tv\/az\/article\/dovlet-departamenti-azerbaycan-dini-azadliqlarin-kobud-sekilde-pozuldugu-olkelerdendir\/","title":{"rendered":"D\u00f6vl\u0259t Departamenti: Az\u0259rbaycan dini azadl\u0131qlar\u0131n kobud \u015f\u0259kild\u0259 pozuldu\u011fu \u00f6lk\u0259l\u0259rd\u0259ndir"},"content":{"rendered":"\n<figure class=\"wp-block-embed is-type-video is-provider-youtube wp-block-embed-youtube wp-embed-aspect-16-9 wp-has-aspect-ratio\"><div class=\"wp-block-embed__wrapper\">\n<iframe title=\"Az\u0259rbaycan AB\u015e-\u0131n din azadl\u0131\u011f\u0131 hesabat\u0131nda x\u00fcsusi siyah\u0131ya sal\u0131n\u0131b\" width=\"1200\" height=\"675\" data-src=\"https:\/\/www.youtube.com\/embed\/I0oWqLQfzMw?feature=oembed\" frameborder=\"0\" allow=\"accelerometer; autoplay; clipboard-write; encrypted-media; gyroscope; picture-in-picture; web-share\" allowfullscreen src=\"data:image\/svg+xml;base64,PHN2ZyB3aWR0aD0iMSIgaGVpZ2h0PSIxIiB4bWxucz0iaHR0cDovL3d3dy53My5vcmcvMjAwMC9zdmciPjwvc3ZnPg==\" class=\"lazyload\" data-load-mode=\"1\"><\/iframe>\n<\/div><\/figure>\n\n\n\n<p><em>Hesabatda deyilir ki, \u00f6t\u0259n il Az\u0259rbaycanda he\u00e7 bir qeyri-m\u00fcs\u0259lman icmas\u0131 qeydiyyatdan ke\u00e7irilm\u0259yib<\/em><\/p>\n\n\n\n<p>Az\u0259rbaycan dini azadl\u0131qlar\u0131n kobud \u015f\u0259kild\u0259 pozuldu\u011fu \u00f6lk\u0259l\u0259r s\u0131ras\u0131ndad\u0131r.<\/p>\n\n\n\n<p>S\u0259b\u0259bl\u0259r s\u0131ras\u0131nda \u0259sas\u0259n, dini etiqad v\u0259 ya t\u0259cr\u00fcb\u0259l\u0259rin\u0259 g\u00f6r\u0259 h\u0259bsl\u0259r, m\u0259hk\u0259m\u0259 iddialar\u0131, s\u0131x\u0131\u015fd\u0131rmalar g\u00f6st\u0259rilib.<\/p>\n\n\n\n<p>AB\u015e D\u00f6vl\u0259t Departamentinin may\u0131n 15-d\u0259 yayd\u0131\u011f\u0131 \u201c2022-ci ild\u0259 Beyn\u0259lxalq Din Azadl\u0131\u011f\u0131\u201d <a href=\"https:\/\/www.uscirf.gov\/sites\/default\/files\/2023-05\/2023%20Annual%20Report.pdf\" target=\"_blank\" rel=\"noreferrer noopener\">hesabat<\/a>\u0131nda bel\u0259 bildirilir.<\/p>\n\n\n\n<p>Hesabat\u0131 t\u0259qdim ed\u0259n AB\u015e d\u00f6vl\u0259t katibi Entoni C. Blinken (Antony Blinken) Kanada v\u0259 Avropa Birliyi \u00f6lk\u0259l\u0259rind\u0259 islamofobiyaya qar\u015f\u0131 ofisl\u0259r qurulmas\u0131n\u0131 m\u00fcsb\u0259t hal adland\u0131r\u0131b. H\u0259m\u00e7inin Xorvatiyan\u0131n antisemitizm\u0259 qar\u015f\u0131 ilk x\u00fcsusi m\u0259sl\u0259h\u0259t\u00e7i t\u0259yin etm\u0259sinin alq\u0131\u015flay\u0131b.<\/p>\n\n\n\n<p>O, t\u0259\u0259ss\u00fcfl\u0259 qeyd edib ki, hesabatda h\u0259m d\u0259 narahatedici hallar\u0131n g\u00fccl\u0259nm\u0259si il\u0259 ba\u011fl\u0131 faktlar s\u0259n\u0259dl\u0259\u015fdirilib.<\/p>\n\n\n\n<p>&#8220;<em>D\u00fcnyan\u0131n bir \u00e7ox yerind\u0259ki h\u00f6kum\u0259tl\u0259r i\u015fg\u0259nc\u0259, d\u00f6y\u00fclm\u0259, qanunsuz n\u0259zar\u0259t d\u0259 daxil olmaqla bir \u00e7ox metoddan istifad\u0259 ed\u0259r\u0259k dini azl\u0131qlar\u0131 t\u0259qib etm\u0259y\u0259 davam edib. H\u0259m\u00e7inin dini azl\u0131qlar\u0131 m\u00fc\u0259yy\u0259n pe\u015f\u0259l\u0259rd\u0259n k\u0259narla\u015fd\u0131rmaq, onlar\u0131 dini ayinl\u0259r zaman\u0131 i\u015fl\u0259m\u0259y\u0259 m\u0259cbur etm\u0259k kimi ayr\u0131-se\u00e7kilik hallar\u0131 da olub\u201d, <\/em>&#8211; Blinken bildirib.<\/p>\n\n\n<div class=\"wp-block-image\">\n<figure class=\"aligncenter size-full is-resized\"><img decoding=\"async\" data-src=\"https:\/\/www.meydan.tv\/wp-content\/uploads\/012121_blinken.jpg\" alt=\"Antonu Blinken\" class=\"wp-image-155238 lazyload\" width=\"800\" height=\"600\" src=\"data:image\/svg+xml;base64,PHN2ZyB3aWR0aD0iMSIgaGVpZ2h0PSIxIiB4bWxucz0iaHR0cDovL3d3dy53My5vcmcvMjAwMC9zdmciPjwvc3ZnPg==\" style=\"--smush-placeholder-width: 800px; --smush-placeholder-aspect-ratio: 800\/600;\" \/><figcaption class=\"wp-element-caption\">M\u0259nb\u0259: https:\/\/anca.org\/<\/figcaption><\/figure>\n<\/div>\n\n\n<p>Hesabat m\u00fc\u0259llifl\u0259ri d\u0259 qeyd edirl\u0259r ki, d\u00fcnyada din azadl\u0131\u011f\u0131n\u0131n v\u0259ziyy\u0259ti m\u00fck\u0259mm\u0259llikd\u0259n uzaqd\u0131r.<\/p>\n\n\n\n<p>Hesabat\u0131n Az\u0259rbaycanla ba\u011fl\u0131 hiss\u0259sind\u0259 \u00f6lk\u0259d\u0259ki azadl\u0131q \u015f\u0259raiti neqativ qiym\u0259tl\u0259ndirilib.<\/p>\n\n\n\n<p>&nbsp;\u201cDin Azadl\u0131\u011f\u0131 Qanunu\u201dna \u0259sas\u0259n, Az\u0259rbaycan bu sah\u0259d\u0259 azadl\u0131qlar\u0131n kobud \u015f\u0259kild\u0259 pozuldu\u011fu \u00f6lk\u0259dir v\u0259 X\u00fcsusi N\u0259zar\u0259t Siyah\u0131s\u0131na sal\u0131n\u0131b.<\/p>\n\n\n\n<p>Siyah\u0131da Az\u0259rbaycanla yana\u015f\u0131, T\u00fcrkiy\u0259, Misir, \u0130ndoneziya, \u0130raq, Qazax\u0131stan, Malayziya, \u015eri Lanka v\u0259 \u00d6zb\u0259kistan da var.<\/p>\n\n\n\n<p>Departament bildirir ki, bu \u00f6lk\u0259l\u0259rd\u0259 dini azl\u0131qlar s\u0131x\u0131\u015fd\u0131r\u0131l\u0131r, onlara qar\u015f\u0131 d\u00f6z\u00fcms\u00fczl\u00fck, t\u0259qib var.<\/p>\n\n\n\n<p>Az\u0259rbaycanla ba\u011fl\u0131 hiss\u0259d\u0259 o da bildirilir ki, h\u00f6kum\u0259t son zamanlar dini f\u0259aliyy\u0259t\u0259 n\u0259zar\u0259ti daha da g\u00fccl\u0259ndirib.<\/p>\n\n\n\n<p><em>\u201cAz\u0259rbaycan qanunlar\u0131 \u00f6lk\u0259d\u0259 f\u0259aliyy\u0259t g\u00f6st\u0259r\u0259n b\u00fct\u00fcn dini icmalar\u0131n d\u00f6vl\u0259t qeydiyyat\u0131ndan ke\u00e7m\u0259sini t\u0259l\u0259b edir. H\u0259m\u00e7inin onlar\u0131n istifad\u0259 etdiyi dini \u0259d\u0259biyyata v\u0259 ba\u015fqa materiallara h\u00f6kum\u0259tin icaz\u0259si t\u0259l\u0259b olunur. Bundan \u0259lav\u0259, Prezident \u0130lham \u018fliyevin martda din qanununa etdiyi yeni d\u00fcz\u0259li\u015fl\u0259rl\u0259 imamlar\u0131n t\u0259yinat\u0131 Qafqaz M\u00fcs\u0259lmanlar\u0131 \u0130dar\u0259sind\u0259n al\u0131naraq Dini Qurumlarla \u0130\u015f \u00fczr\u0259 D\u00f6vl\u0259t Komit\u0259sin\u0259 verilib. Bununla da h\u00f6kum\u0259t dini i\u015fl\u0259r\u0259 m\u00fcdaxil\u0259ni r\u0259smil\u0259\u015fdirib\u201d, <\/em>&#8211; hesabatda bildirilir.<\/p>\n\n\n\n<p>Hesabatda h\u0259m\u00e7inin qeyd edilir ki, 2022-ci ilin sonunda Az\u0259rbaycanda dini inanc\u0131na g\u00f6r\u0259 22 n\u0259f\u0259r h\u0259bsd\u0259 olub.<\/p>\n\n\n\n<p>\u201c<em>Yerli insan haqlar\u0131 qruplar\u0131n\u0131n m\u0259lumat\u0131na g\u00f6r\u0259, dini f\u0259allar haqs\u0131z yer\u0259 h\u0259bs edilir, onlar xarici \u00f6lk\u0259l\u0259rl\u0259 \u0259laq\u0259l\u0259ndirilir, onlara qar\u015f\u0131 narkotik ittihamlar\u0131 ir\u0259li s\u00fcr\u00fcl\u00fcr\u201d.<\/em><\/p>\n\n\n\n<p>Hesabat m\u00fc\u0259llifl\u0259ri bildirir ki, b\u00fct\u00fcn bunlar da h\u0259bsl\u0259rin siyasi motivli oldu\u011funu g\u00f6st\u0259rir.<\/p>\n\n\n\n<p><em>\u201cBu yax\u0131nlarda d\u00f6vl\u0259t x\u0259yan\u0259tind\u0259 ittiham olunan \u0130ran t\u0259hsilli S\u0259rdar Babayevin ilkin h\u0259bs m\u00fcdd\u0259ti uzad\u0131l\u0131b. Yerli h\u00fcquq m\u00fcdafi\u0259\u00e7il\u0259ri&nbsp; bu n\u00fcmun\u0259d\u0259 d\u0259 h\u00f6kum\u0259tin t\u0259qibinin s\u0259b\u0259bini onun dini f\u0259aliyy\u0259tind\u0259n qaynaqland\u0131\u011f\u0131n\u0131 bildiribl\u0259r\u201d.<\/em><\/p>\n\n\n\n<p>Hesabatda h\u0259m\u00e7inin deyilir ki, Az\u0259rbaycan hakimiyy\u0259ti &#8220;h\u00f6kum\u0259tin ekstremist qrup kimi xarakteriz\u0259 etdiyi v\u0259 \u0130randan maliyy\u0259 almaqda ittiham etdiyi qeydiyyatdan ke\u00e7m\u0259mi\u015f M\u00fcs\u0259lman Birliyi H\u0259r\u0259kat\u0131n\u0131n h\u0259bs edil\u0259n \u00fczvl\u0259rin\u0259 qar\u015f\u0131 m\u0259hk\u0259m\u0259 iddialar\u0131n\u0131 davam etdirib:<\/p>\n\n\n\n<p><em>\u201c\u015ei\u0259 imam Mirseymur \u018fliyev Ramazan ibad\u0259tini d\u00f6vl\u0259tin t\u0259yin etdiyi g\u00fcnd\u0259n f\u0259rqli g\u00fcnd\u0259 apard\u0131\u011f\u0131na g\u00f6r\u0259 v\u0259zif\u0259sind\u0259n \u00e7\u0131xar\u0131l\u0131b. Qafqaz M\u00fcs\u0259lmanlar\u0131 \u0130dar\u0259si H\u0259cc ziyar\u0259ti \u00fc\u00e7\u00fcn 65 ya\u015f h\u00fcdudu m\u00fc\u0259yy\u0259n edib. \u00d6t\u0259n il Az\u0259rbaycan boyunca 20-d\u0259k m\u00fcs\u0259lman ibad\u0259tin \u015f\u0259xsi evl\u0259rd\u0259 apar\u0131lmas\u0131na v\u0259 dini m\u0259rasiml\u0259rd\u0259 u\u015faqlar\u0131n i\u015ftirak\u0131na g\u00f6r\u0259 reydl\u0259r, dini \u0259d\u0259biyyat\u0131n m\u00fcsadir\u0259si v\u0259 c\u0259rim\u0259l\u0259rl\u0259 \u00fczl\u0259\u015fib\u201d.<\/em><\/p>\n\n\n<div class=\"wp-block-image\">\n<figure class=\"aligncenter size-full\"><img decoding=\"async\" width=\"1000\" height=\"541\" data-src=\"https:\/\/www.meydan.tv\/wp-content\/uploads\/406119052.jpg\" alt=\"Qafqaz M\u00fcs\u0259lmanlar\u0131 \u0130dar\u0259si\" class=\"wp-image-126709 lazyload\" src=\"data:image\/svg+xml;base64,PHN2ZyB3aWR0aD0iMSIgaGVpZ2h0PSIxIiB4bWxucz0iaHR0cDovL3d3dy53My5vcmcvMjAwMC9zdmciPjwvc3ZnPg==\" style=\"--smush-placeholder-width: 1000px; --smush-placeholder-aspect-ratio: 1000\/541;\" \/><figcaption class=\"wp-element-caption\">Foto: Meydan TV<\/figcaption><\/figure>\n<\/div>\n\n\n<p>AB\u015e D\u00f6vl\u0259t Departamenti h\u0259m\u00e7inin vur\u011fulay\u0131r ki, Az\u0259rbaycan\u0131n paytaxt\u0131nda dini azl\u0131q n\u00fcmay\u0259nd\u0259l\u0259rin\u0259 qar\u015f\u0131 pozitiv d\u0259yi\u015fiklikl\u0259r hiss edilib:<\/p>\n\n\n\n<p>\u201c<em>Lakin paytaxtdan k\u0259nar \u0259razil\u0259r \u00fc\u00e7\u00fcn eynisini s\u00f6yl\u0259m\u0259k m\u00fcmk\u00fcn deyil\u201d.<\/em><\/p>\n\n\n\n<p>Hesabatda bildirilir ki, m\u0259s\u0259l\u0259n, \u00f6t\u0259n il Az\u0259rbaycanda bir d\u0259n\u0259 d\u0259 olsun qeyri-m\u00fcs\u0259lman icmas\u0131 qeydiyyatdan ke\u00e7irilm\u0259yib. N\u0259tic\u0259d\u0259, protestant xristianlar\u0131n v\u0259 Y\u0259hova \u015fahidl\u0259rinin f\u0259aliyy\u0259ti qeyri-legitim say\u0131l\u0131b.<\/p>\n\n\n\n<p>S\u0259n\u0259dd\u0259 Az\u0259rbaycanda 2009-cu ild\u0259 q\u0259bul olunmu\u015f din qanununa yenid\u0259n bax\u0131lmas\u0131, s\u0259n\u0259din beyn\u0259lxalq standartlara v\u0259 Venesiya Komissiyas\u0131n\u0131n t\u00f6vsiy\u0259l\u0259rin\u0259 uy\u011funla\u015fd\u0131r\u0131lmas\u0131 t\u00f6vsiy\u0259 edilir. Qeyd edilir ki, AB\u015e bunun \u00fc\u00e7\u00fcn r\u0259smi Bak\u0131 il\u0259 i\u015fbirliyi aparsa, yax\u015f\u0131 olar.<\/p>\n\n\n\n<p>H\u0259m\u00e7inin Qaraba\u011fda v\u0259 \u0259traf \u0259razil\u0259rd\u0259 ibad\u0259tgahlar\u0131n,&nbsp; dini-m\u0259d\u0259ni obyektl\u0259rin b\u0259rpas\u0131, qorunmas\u0131 \u00fc\u00e7\u00fcn AB\u015e-\u0131n USAID t\u0259\u015fkilat\u0131na v\u0259 Az\u0259rbaycandak\u0131 AB\u015e s\u0259firliyin\u0259 x\u00fcsusi fond ayr\u0131lmas\u0131 t\u00f6vsiy\u0259 edilir.<\/p>\n\n\n\n<p>\u201c<em>AB\u015e Konqresi dinl\u0259m\u0259l\u0259rind\u0259 Az\u0259rbaycanda din v\u0259 insan azadl\u0131qlar\u0131n\u0131n pozulmas\u0131 hallar\u0131 bar\u0259d\u0259 narahatl\u0131\u011f\u0131n\u0131 dil\u0259 g\u0259tirm\u0259lidir. Bu bar\u0259d\u0259ki iradlar\u0131 AB\u015e-dak\u0131 Az\u0259rbaycan s\u0259firliyin\u0259 v\u0259 Az\u0259rbaycan r\u0259smil\u0259rin\u0259 \u00e7atd\u0131rmal\u0131, Az\u0259rbaycandak\u0131 vicdan m\u0259hbuslar\u0131n\u0131n azad olunmas\u0131na \u00e7al\u0131\u015fmal\u0131d\u0131r\u201d,<\/em> &#8211; s\u0259n\u0259dd\u0259 vur\u011fulan\u0131r.<\/p>\n","protected":false},"excerpt":{"rendered":"<p>Hesabatda deyilir ki, \u00f6t\u0259n il Az\u0259rbaycanda he\u00e7 bir qeyri-m\u00fcs\u0259lman icmas\u0131 &#8230; <\/p>\n<p class=\"read-more-container\"><a title=\"D\u00f6vl\u0259t Departamenti: Az\u0259rbaycan dini azadl\u0131qlar\u0131n kobud \u015f\u0259kild\u0259 pozuldu\u011fu \u00f6lk\u0259l\u0259rd\u0259ndir\" class=\"read-more button\" href=\"https:\/\/www.meydan.tv\/az\/article\/dovlet-departamenti-azerbaycan-dini-azadliqlarin-kobud-sekilde-pozuldugu-olkelerdendir\/#more-275241\" aria-label=\"Read more about D\u00f6vl\u0259t Departamenti: Az\u0259rbaycan dini azadl\u0131qlar\u0131n kobud \u015f\u0259kild\u0259 pozuldu\u011fu \u00f6lk\u0259l\u0259rd\u0259ndir\">Davam\u0131<\/a><\/p>\n","protected":false},"author":8,"featured_media":231009,"comment_status":"closed","ping_status":"closed","sticky":false,"template":"","format":"standard","meta":{"_acf_changed":false,"_sitemap_exclude":false,"_sitemap_priority":"","_sitemap_frequency":"","footnotes":""},"categories":[59,79,63,56],"tags":[],"class_list":["post-275241","post","type-post","status-publish","format-standard","has-post-thumbnail","hentry","category-siyaset","category-featured","category-video-2","category-xeberler","infinite-scroll-item","generate-columns","tablet-grid-50","mobile-grid-100","grid-parent","grid-33","no-featured-image-padding"],"acf":[],"yoast_head":"<!-- This site is optimized with the Yoast SEO plugin v27.4 - https:\/\/yoast.com\/product\/yoast-seo-wordpress\/ -->\n<title>D\u00f6vl\u0259t Departamenti: Az\u0259rbaycan dini azadl\u0131qlar\u0131n kobud \u015f\u0259kild\u0259 pozuldu\u011fu \u00f6lk\u0259l\u0259rd\u0259ndir - MEYDAN.TV<\/title>\n<meta name=\"robots\" content=\"index, follow, max-snippet:-1, max-image-preview:large, max-video-preview:-1\" \/>\n<link rel=\"canonical\" href=\"https:\/\/www.meydan.tv\/az\/article\/dovlet-departamenti-azerbaycan-dini-azadliqlarin-kobud-sekilde-pozuldugu-olkelerdendir\/\" \/>\n<meta property=\"og:locale\" content=\"az_AZ\" \/>\n<meta property=\"og:type\" content=\"article\" \/>\n<meta property=\"og:title\" content=\"D\u00f6vl\u0259t Departamenti: Az\u0259rbaycan dini azadl\u0131qlar\u0131n kobud \u015f\u0259kild\u0259 pozuldu\u011fu \u00f6lk\u0259l\u0259rd\u0259ndir - MEYDAN.TV\" \/>\n<meta property=\"og:description\" content=\"Hesabatda deyilir ki, \u00f6t\u0259n il Az\u0259rbaycanda he\u00e7 bir qeyri-m\u00fcs\u0259lman icmas\u0131 ... Davam\u0131\" \/>\n<meta property=\"og:url\" content=\"https:\/\/www.meydan.tv\/az\/article\/dovlet-departamenti-azerbaycan-dini-azadliqlarin-kobud-sekilde-pozuldugu-olkelerdendir\/\" \/>\n<meta property=\"og:site_name\" content=\"MEYDAN.TV\" \/>\n<meta property=\"article:published_time\" content=\"2023-05-16T10:14:24+00:00\" \/>\n<meta property=\"article:modified_time\" content=\"2023-05-16T13:56:18+00:00\" \/>\n<meta property=\"og:image\" content=\"https:\/\/www.meydan.tv\/wp-content\/uploads\/shutterstock_191832515-e1641453991979.jpg\" \/>\n\t<meta property=\"og:image:width\" content=\"1200\" \/>\n\t<meta property=\"og:image:height\" content=\"648\" \/>\n\t<meta property=\"og:image:type\" content=\"image\/jpeg\" \/>\n<meta name=\"author\" content=\"elli\" \/>\n<meta name=\"twitter:card\" content=\"summary_large_image\" \/>\n<meta name=\"twitter:creator\" content=\"@elli\" \/>\n<script type=\"application\/ld+json\" class=\"yoast-schema-graph\">{\"@context\":\"https:\\\/\\\/schema.org\",\"@graph\":[{\"@type\":\"Article\",\"@id\":\"https:\\\/\\\/www.meydan.tv\\\/az\\\/article\\\/dovlet-departamenti-azerbaycan-dini-azadliqlarin-kobud-sekilde-pozuldugu-olkelerdendir\\\/#article\",\"isPartOf\":{\"@id\":\"https:\\\/\\\/www.meydan.tv\\\/az\\\/article\\\/dovlet-departamenti-azerbaycan-dini-azadliqlarin-kobud-sekilde-pozuldugu-olkelerdendir\\\/\"},\"author\":{\"name\":\"elli\",\"@id\":\"https:\\\/\\\/www.meydan.tv\\\/az\\\/#\\\/schema\\\/person\\\/9cdbecf90d17180ce1dfbd95b08dcf47\"},\"headline\":\"D\u00f6vl\u0259t Departamenti: Az\u0259rbaycan dini azadl\u0131qlar\u0131n kobud \u015f\u0259kild\u0259 pozuldu\u011fu \u00f6lk\u0259l\u0259rd\u0259ndir\",\"datePublished\":\"2023-05-16T10:14:24+00:00\",\"dateModified\":\"2023-05-16T13:56:18+00:00\",\"mainEntityOfPage\":{\"@id\":\"https:\\\/\\\/www.meydan.tv\\\/az\\\/article\\\/dovlet-departamenti-azerbaycan-dini-azadliqlarin-kobud-sekilde-pozuldugu-olkelerdendir\\\/\"},\"wordCount\":1080,\"publisher\":{\"@id\":\"https:\\\/\\\/www.meydan.tv\\\/az\\\/#organization\"},\"image\":{\"@id\":\"https:\\\/\\\/www.meydan.tv\\\/az\\\/article\\\/dovlet-departamenti-azerbaycan-dini-azadliqlarin-kobud-sekilde-pozuldugu-olkelerdendir\\\/#primaryimage\"},\"thumbnailUrl\":\"https:\\\/\\\/www.meydan.tv\\\/wp-content\\\/uploads\\\/shutterstock_191832515-e1641453991979.jpg\",\"articleSection\":[\"Siyas\u0259t\",\"T\u00f6vsiy\u0259\",\"Video\",\"X\u0259b\u0259rl\u0259r\"],\"inLanguage\":\"az\"},{\"@type\":\"WebPage\",\"@id\":\"https:\\\/\\\/www.meydan.tv\\\/az\\\/article\\\/dovlet-departamenti-azerbaycan-dini-azadliqlarin-kobud-sekilde-pozuldugu-olkelerdendir\\\/\",\"url\":\"https:\\\/\\\/www.meydan.tv\\\/az\\\/article\\\/dovlet-departamenti-azerbaycan-dini-azadliqlarin-kobud-sekilde-pozuldugu-olkelerdendir\\\/\",\"name\":\"D\u00f6vl\u0259t Departamenti: Az\u0259rbaycan dini azadl\u0131qlar\u0131n kobud \u015f\u0259kild\u0259 pozuldu\u011fu \u00f6lk\u0259l\u0259rd\u0259ndir - MEYDAN.TV\",\"isPartOf\":{\"@id\":\"https:\\\/\\\/www.meydan.tv\\\/az\\\/#website\"},\"primaryImageOfPage\":{\"@id\":\"https:\\\/\\\/www.meydan.tv\\\/az\\\/article\\\/dovlet-departamenti-azerbaycan-dini-azadliqlarin-kobud-sekilde-pozuldugu-olkelerdendir\\\/#primaryimage\"},\"image\":{\"@id\":\"https:\\\/\\\/www.meydan.tv\\\/az\\\/article\\\/dovlet-departamenti-azerbaycan-dini-azadliqlarin-kobud-sekilde-pozuldugu-olkelerdendir\\\/#primaryimage\"},\"thumbnailUrl\":\"https:\\\/\\\/www.meydan.tv\\\/wp-content\\\/uploads\\\/shutterstock_191832515-e1641453991979.jpg\",\"datePublished\":\"2023-05-16T10:14:24+00:00\",\"dateModified\":\"2023-05-16T13:56:18+00:00\",\"breadcrumb\":{\"@id\":\"https:\\\/\\\/www.meydan.tv\\\/az\\\/article\\\/dovlet-departamenti-azerbaycan-dini-azadliqlarin-kobud-sekilde-pozuldugu-olkelerdendir\\\/#breadcrumb\"},\"inLanguage\":\"az\",\"potentialAction\":[{\"@type\":\"ReadAction\",\"target\":[\"https:\\\/\\\/www.meydan.tv\\\/az\\\/article\\\/dovlet-departamenti-azerbaycan-dini-azadliqlarin-kobud-sekilde-pozuldugu-olkelerdendir\\\/\"]}]},{\"@type\":\"ImageObject\",\"inLanguage\":\"az\",\"@id\":\"https:\\\/\\\/www.meydan.tv\\\/az\\\/article\\\/dovlet-departamenti-azerbaycan-dini-azadliqlarin-kobud-sekilde-pozuldugu-olkelerdendir\\\/#primaryimage\",\"url\":\"https:\\\/\\\/www.meydan.tv\\\/wp-content\\\/uploads\\\/shutterstock_191832515-e1641453991979.jpg\",\"contentUrl\":\"https:\\\/\\\/www.meydan.tv\\\/wp-content\\\/uploads\\\/shutterstock_191832515-e1641453991979.jpg\",\"width\":1200,\"height\":648,\"caption\":\"AB\u015e D\u00f6vl\u0259t Departamenti. Foto: oceanfishing\\\/Shutterstock\"},{\"@type\":\"BreadcrumbList\",\"@id\":\"https:\\\/\\\/www.meydan.tv\\\/az\\\/article\\\/dovlet-departamenti-azerbaycan-dini-azadliqlarin-kobud-sekilde-pozuldugu-olkelerdendir\\\/#breadcrumb\",\"itemListElement\":[{\"@type\":\"ListItem\",\"position\":1,\"name\":\"Ana s\u0259hif\u0259\",\"item\":\"https:\\\/\\\/www.meydan.tv\\\/az\\\/\"},{\"@type\":\"ListItem\",\"position\":2,\"name\":\"Siyas\u0259t\",\"item\":\"https:\\\/\\\/www.meydan.tv\\\/az\\\/section\\\/siyaset\\\/\"},{\"@type\":\"ListItem\",\"position\":3,\"name\":\"D\u00f6vl\u0259t Departamenti: Az\u0259rbaycan dini azadl\u0131qlar\u0131n kobud \u015f\u0259kild\u0259 pozuldu\u011fu \u00f6lk\u0259l\u0259rd\u0259ndir\"}]},{\"@type\":\"WebSite\",\"@id\":\"https:\\\/\\\/www.meydan.tv\\\/az\\\/#website\",\"url\":\"https:\\\/\\\/www.meydan.tv\\\/az\\\/\",\"name\":\"MEYDAN.TV\",\"description\":\"Meydan TV Az\u0259rbaycan\u0131n media m\u0259kan\u0131ndak\u0131 alternativ s\u0259sidir\",\"publisher\":{\"@id\":\"https:\\\/\\\/www.meydan.tv\\\/az\\\/#organization\"},\"potentialAction\":[{\"@type\":\"SearchAction\",\"target\":{\"@type\":\"EntryPoint\",\"urlTemplate\":\"https:\\\/\\\/www.meydan.tv\\\/az\\\/?s={search_term_string}\"},\"query-input\":{\"@type\":\"PropertyValueSpecification\",\"valueRequired\":true,\"valueName\":\"search_term_string\"}}],\"inLanguage\":\"az\"},{\"@type\":\"Organization\",\"@id\":\"https:\\\/\\\/www.meydan.tv\\\/az\\\/#organization\",\"name\":\"Meydan TV\",\"url\":\"https:\\\/\\\/www.meydan.tv\\\/az\\\/\",\"logo\":{\"@type\":\"ImageObject\",\"inLanguage\":\"az\",\"@id\":\"https:\\\/\\\/www.meydan.tv\\\/az\\\/#\\\/schema\\\/logo\\\/image\\\/\",\"url\":\"https:\\\/\\\/www.meydan.tv\\\/wp-content\\\/uploads\\\/2021\\\/07\\\/meydan-logo.svg\",\"contentUrl\":\"https:\\\/\\\/www.meydan.tv\\\/wp-content\\\/uploads\\\/2021\\\/07\\\/meydan-logo.svg\",\"width\":195,\"height\":46,\"caption\":\"Meydan TV\"},\"image\":{\"@id\":\"https:\\\/\\\/www.meydan.tv\\\/az\\\/#\\\/schema\\\/logo\\\/image\\\/\"}},{\"@type\":\"Person\",\"@id\":\"https:\\\/\\\/www.meydan.tv\\\/az\\\/#\\\/schema\\\/person\\\/9cdbecf90d17180ce1dfbd95b08dcf47\",\"name\":\"elli\",\"sameAs\":[\"https:\\\/\\\/x.com\\\/elli\"]}]}<\/script>\n<!-- \/ Yoast SEO plugin. -->","yoast_head_json":{"title":"D\u00f6vl\u0259t Departamenti: Az\u0259rbaycan dini azadl\u0131qlar\u0131n kobud \u015f\u0259kild\u0259 pozuldu\u011fu \u00f6lk\u0259l\u0259rd\u0259ndir - MEYDAN.TV","robots":{"index":"index","follow":"follow","max-snippet":"max-snippet:-1","max-image-preview":"max-image-preview:large","max-video-preview":"max-video-preview:-1"},"canonical":"https:\/\/www.meydan.tv\/az\/article\/dovlet-departamenti-azerbaycan-dini-azadliqlarin-kobud-sekilde-pozuldugu-olkelerdendir\/","og_locale":"az_AZ","og_type":"article","og_title":"D\u00f6vl\u0259t Departamenti: Az\u0259rbaycan dini azadl\u0131qlar\u0131n kobud \u015f\u0259kild\u0259 pozuldu\u011fu \u00f6lk\u0259l\u0259rd\u0259ndir - MEYDAN.TV","og_description":"Hesabatda deyilir ki, \u00f6t\u0259n il Az\u0259rbaycanda he\u00e7 bir qeyri-m\u00fcs\u0259lman icmas\u0131 ... Davam\u0131","og_url":"https:\/\/www.meydan.tv\/az\/article\/dovlet-departamenti-azerbaycan-dini-azadliqlarin-kobud-sekilde-pozuldugu-olkelerdendir\/","og_site_name":"MEYDAN.TV","article_published_time":"2023-05-16T10:14:24+00:00","article_modified_time":"2023-05-16T13:56:18+00:00","og_image":[{"width":1200,"height":648,"url":"https:\/\/www.meydan.tv\/wp-content\/uploads\/shutterstock_191832515-e1641453991979.jpg","type":"image\/jpeg"}],"author":"elli","twitter_card":"summary_large_image","twitter_creator":"@elli","schema":{"@context":"https:\/\/schema.org","@graph":[{"@type":"Article","@id":"https:\/\/www.meydan.tv\/az\/article\/dovlet-departamenti-azerbaycan-dini-azadliqlarin-kobud-sekilde-pozuldugu-olkelerdendir\/#article","isPartOf":{"@id":"https:\/\/www.meydan.tv\/az\/article\/dovlet-departamenti-azerbaycan-dini-azadliqlarin-kobud-sekilde-pozuldugu-olkelerdendir\/"},"author":{"name":"elli","@id":"https:\/\/www.meydan.tv\/az\/#\/schema\/person\/9cdbecf90d17180ce1dfbd95b08dcf47"},"headline":"D\u00f6vl\u0259t Departamenti: Az\u0259rbaycan dini azadl\u0131qlar\u0131n kobud \u015f\u0259kild\u0259 pozuldu\u011fu \u00f6lk\u0259l\u0259rd\u0259ndir","datePublished":"2023-05-16T10:14:24+00:00","dateModified":"2023-05-16T13:56:18+00:00","mainEntityOfPage":{"@id":"https:\/\/www.meydan.tv\/az\/article\/dovlet-departamenti-azerbaycan-dini-azadliqlarin-kobud-sekilde-pozuldugu-olkelerdendir\/"},"wordCount":1080,"publisher":{"@id":"https:\/\/www.meydan.tv\/az\/#organization"},"image":{"@id":"https:\/\/www.meydan.tv\/az\/article\/dovlet-departamenti-azerbaycan-dini-azadliqlarin-kobud-sekilde-pozuldugu-olkelerdendir\/#primaryimage"},"thumbnailUrl":"https:\/\/www.meydan.tv\/wp-content\/uploads\/shutterstock_191832515-e1641453991979.jpg","articleSection":["Siyas\u0259t","T\u00f6vsiy\u0259","Video","X\u0259b\u0259rl\u0259r"],"inLanguage":"az"},{"@type":"WebPage","@id":"https:\/\/www.meydan.tv\/az\/article\/dovlet-departamenti-azerbaycan-dini-azadliqlarin-kobud-sekilde-pozuldugu-olkelerdendir\/","url":"https:\/\/www.meydan.tv\/az\/article\/dovlet-departamenti-azerbaycan-dini-azadliqlarin-kobud-sekilde-pozuldugu-olkelerdendir\/","name":"D\u00f6vl\u0259t Departamenti: Az\u0259rbaycan dini azadl\u0131qlar\u0131n kobud \u015f\u0259kild\u0259 pozuldu\u011fu \u00f6lk\u0259l\u0259rd\u0259ndir - MEYDAN.TV","isPartOf":{"@id":"https:\/\/www.meydan.tv\/az\/#website"},"primaryImageOfPage":{"@id":"https:\/\/www.meydan.tv\/az\/article\/dovlet-departamenti-azerbaycan-dini-azadliqlarin-kobud-sekilde-pozuldugu-olkelerdendir\/#primaryimage"},"image":{"@id":"https:\/\/www.meydan.tv\/az\/article\/dovlet-departamenti-azerbaycan-dini-azadliqlarin-kobud-sekilde-pozuldugu-olkelerdendir\/#primaryimage"},"thumbnailUrl":"https:\/\/www.meydan.tv\/wp-content\/uploads\/shutterstock_191832515-e1641453991979.jpg","datePublished":"2023-05-16T10:14:24+00:00","dateModified":"2023-05-16T13:56:18+00:00","breadcrumb":{"@id":"https:\/\/www.meydan.tv\/az\/article\/dovlet-departamenti-azerbaycan-dini-azadliqlarin-kobud-sekilde-pozuldugu-olkelerdendir\/#breadcrumb"},"inLanguage":"az","potentialAction":[{"@type":"ReadAction","target":["https:\/\/www.meydan.tv\/az\/article\/dovlet-departamenti-azerbaycan-dini-azadliqlarin-kobud-sekilde-pozuldugu-olkelerdendir\/"]}]},{"@type":"ImageObject","inLanguage":"az","@id":"https:\/\/www.meydan.tv\/az\/article\/dovlet-departamenti-azerbaycan-dini-azadliqlarin-kobud-sekilde-pozuldugu-olkelerdendir\/#primaryimage","url":"https:\/\/www.meydan.tv\/wp-content\/uploads\/shutterstock_191832515-e1641453991979.jpg","contentUrl":"https:\/\/www.meydan.tv\/wp-content\/uploads\/shutterstock_191832515-e1641453991979.jpg","width":1200,"height":648,"caption":"AB\u015e D\u00f6vl\u0259t Departamenti. Foto: oceanfishing\/Shutterstock"},{"@type":"BreadcrumbList","@id":"https:\/\/www.meydan.tv\/az\/article\/dovlet-departamenti-azerbaycan-dini-azadliqlarin-kobud-sekilde-pozuldugu-olkelerdendir\/#breadcrumb","itemListElement":[{"@type":"ListItem","position":1,"name":"Ana s\u0259hif\u0259","item":"https:\/\/www.meydan.tv\/az\/"},{"@type":"ListItem","position":2,"name":"Siyas\u0259t","item":"https:\/\/www.meydan.tv\/az\/section\/siyaset\/"},{"@type":"ListItem","position":3,"name":"D\u00f6vl\u0259t Departamenti: Az\u0259rbaycan dini azadl\u0131qlar\u0131n kobud \u015f\u0259kild\u0259 pozuldu\u011fu \u00f6lk\u0259l\u0259rd\u0259ndir"}]},{"@type":"WebSite","@id":"https:\/\/www.meydan.tv\/az\/#website","url":"https:\/\/www.meydan.tv\/az\/","name":"MEYDAN.TV","description":"Meydan TV Az\u0259rbaycan\u0131n media m\u0259kan\u0131ndak\u0131 alternativ s\u0259sidir","publisher":{"@id":"https:\/\/www.meydan.tv\/az\/#organization"},"potentialAction":[{"@type":"SearchAction","target":{"@type":"EntryPoint","urlTemplate":"https:\/\/www.meydan.tv\/az\/?s={search_term_string}"},"query-input":{"@type":"PropertyValueSpecification","valueRequired":true,"valueName":"search_term_string"}}],"inLanguage":"az"},{"@type":"Organization","@id":"https:\/\/www.meydan.tv\/az\/#organization","name":"Meydan TV","url":"https:\/\/www.meydan.tv\/az\/","logo":{"@type":"ImageObject","inLanguage":"az","@id":"https:\/\/www.meydan.tv\/az\/#\/schema\/logo\/image\/","url":"https:\/\/www.meydan.tv\/wp-content\/uploads\/2021\/07\/meydan-logo.svg","contentUrl":"https:\/\/www.meydan.tv\/wp-content\/uploads\/2021\/07\/meydan-logo.svg","width":195,"height":46,"caption":"Meydan TV"},"image":{"@id":"https:\/\/www.meydan.tv\/az\/#\/schema\/logo\/image\/"}},{"@type":"Person","@id":"https:\/\/www.meydan.tv\/az\/#\/schema\/person\/9cdbecf90d17180ce1dfbd95b08dcf47","name":"elli","sameAs":["https:\/\/x.com\/elli"]}]}},"_links":{"self":[{"href":"https:\/\/www.meydan.tv\/az\/wp-json\/wp\/v2\/posts\/275241","targetHints":{"allow":["GET"]}}],"collection":[{"href":"https:\/\/www.meydan.tv\/az\/wp-json\/wp\/v2\/posts"}],"about":[{"href":"https:\/\/www.meydan.tv\/az\/wp-json\/wp\/v2\/types\/post"}],"author":[{"embeddable":true,"href":"https:\/\/www.meydan.tv\/az\/wp-json\/wp\/v2\/users\/8"}],"replies":[{"embeddable":true,"href":"https:\/\/www.meydan.tv\/az\/wp-json\/wp\/v2\/comments?post=275241"}],"version-history":[{"count":3,"href":"https:\/\/www.meydan.tv\/az\/wp-json\/wp\/v2\/posts\/275241\/revisions"}],"predecessor-version":[{"id":275305,"href":"https:\/\/www.meydan.tv\/az\/wp-json\/wp\/v2\/posts\/275241\/revisions\/275305"}],"wp:featuredmedia":[{"embeddable":true,"href":"https:\/\/www.meydan.tv\/az\/wp-json\/wp\/v2\/media\/231009"}],"wp:attachment":[{"href":"https:\/\/www.meydan.tv\/az\/wp-json\/wp\/v2\/media?parent=275241"}],"wp:term":[{"taxonomy":"category","embeddable":true,"href":"https:\/\/www.meydan.tv\/az\/wp-json\/wp\/v2\/categories?post=275241"},{"taxonomy":"post_tag","embeddable":true,"href":"https:\/\/www.meydan.tv\/az\/wp-json\/wp\/v2\/tags?post=275241"}],"curies":[{"name":"wp","href":"https:\/\/api.w.org\/{rel}","templated":true}]}}