{"id":275227,"date":"2023-05-16T13:42:05","date_gmt":"2023-05-16T09:42:05","guid":{"rendered":"https:\/\/www.meydan.tv\/?p=275227"},"modified":"2023-05-16T13:42:08","modified_gmt":"2023-05-16T09:42:08","slug":"fermerler-bazara-birbasa-cixislarinin-olmadigini-deyir","status":"publish","type":"post","link":"https:\/\/www.meydan.tv\/az\/article\/fermerler-bazara-birbasa-cixislarinin-olmadigini-deyir\/","title":{"rendered":"Fermerl\u0259r bazara birba\u015fa \u00e7\u0131x\u0131\u015flar\u0131n\u0131n olmad\u0131\u011f\u0131n\u0131 deyir"},"content":{"rendered":"\n<p><\/p>\n\n\n\n<p><strong><em>\u0130qtisad\u00e7\u0131: \u201c\u018fslind\u0259 yarmarkalar g\u00f6r\u00fcnt\u00fc xarakteri da\u015f\u0131y\u0131r\u201d<\/em><\/strong><\/p>\n\n\n\n<p><em>\u201cRayonda xiyar\u0131n kiloqram\u0131n\u0131 10 q\u0259pikd\u0259n sat\u0131r\u0131q, pomidor 1 manata, \u00e7u\u011fundur 40 q\u0259piy\u0259dir. Bak\u0131 bazarlar\u0131na birba\u015fa \u00e7\u0131x\u0131\u015f\u0131m\u0131z yoxdur. Vasit\u0259\u00e7il\u0259r qap\u0131dan al\u0131b apar\u0131rlar\u201d.<\/em><\/p>\n\n\n\n<p>Bunu Meydan TV-y\u0259 \u015f\u0259mkirli fermer \u018fdal\u0259t M\u0259mm\u0259dzad\u0259 deyib. Onun s\u00f6zl\u0259rin\u0259 g\u00f6r\u0259, yolpulundan \u0259lav\u0259 bazara giri\u015f \u00fc\u00e7\u00fcn 80-100 manataras\u0131 pul \u00f6d\u0259nilm\u0259lidir:<\/p>\n\n\n\n<p><em>\u201c\u00dcst\u0259lik yolpulu, Bak\u0131da qalmaq v\u0259 yem\u0259k \u00fc\u00e7\u00fcn x\u0259rcl\u0259r d\u0259 laz\u0131md\u0131r. \u0130ri ticar\u0259t m\u0259rk\u0259zl\u0259rinin \u00f6zl\u0259rin\u0259 m\u0259xsus t\u0259s\u0259rr\u00fcfatlar\u0131 var. Maraqland\u0131q, dedil\u0259r ki, fermer iri ticar\u0259t \u015f\u0259b\u0259k\u0259l\u0259rind\u0259 m\u0259hsul satmaq ist\u0259yirs\u0259, depozit qoymal\u0131d\u0131r. M\u0259hsul sat\u0131lmasa, \u00f6z\u00fcm\u00fcz\u0259 geri qaytar\u0131lacaq. Y\u0259ni \u00fcst\u0259lik bir d\u0259 x\u0259rc \u00e7\u0259kib sat\u0131lmayan m\u0259hsulu geri qaytarmal\u0131y\u0131q\u201d.<\/em><\/p>\n\n\n\n<p>\u018fdal\u0259t M\u0259mm\u0259dzad\u0259 qeyd edib ki, m\u0259hz buna g\u00f6r\u0259 d\u0259 minbir \u0259ziyy\u0259tl\u0259 ba\u015fa g\u0259l\u0259n m\u0259hsulunu d\u0259y\u0259r-d\u0259ym\u0259z\u0259 satma\u011fa m\u0259cbur olurlar. \u00c7ox zaman qazanclar\u0131 x\u0259rcl\u0259rinin bir hiss\u0259sini \u00f6d\u0259m\u0259y\u0259 yetmir.<\/p>\n\n\n\n<p>Liberal \u0130qtisad\u00e7\u0131lar M\u0259rk\u0259zinin s\u0259dri Akif N\u0259sirli Meydan TV-y\u0259 bildirib ki, fermerl\u0259rin iri \u015f\u0259h\u0259rl\u0259rd\u0259 bazarlara \u00e7\u0131x\u0131\u015f\u0131 m\u0259hduddur.<\/p>\n\n\n\n<p>\u201c<em>K\u0259nd T\u0259s\u0259rr\u00fcfat\u0131 Nazirliyi vaxta\u015f\u0131r\u0131 yarmarkalar t\u0259\u015fkil edir. Bununla da g\u00f6st\u0259rm\u0259k ist\u0259yirl\u0259r ki, fermerl\u0259rin bazarlara \u00e7\u0131x\u0131\u015f imkanlar\u0131 var, m\u0259hsullar\u0131 ucuz qiym\u0259tl\u0259r\u0259 sata bilirl\u0259r. \u018fslind\u0259 is\u0259 yarmarkalar g\u00f6r\u00fcnt\u00fc xarakteri da\u015f\u0131y\u0131r. Fermerl\u0259rin \u00f6lk\u0259nin b\u00f6y\u00fck \u015f\u0259h\u0259rl\u0259rind\u0259ki bazarlara \u00e7\u0131x\u0131\u015f imkanlar\u0131 dem\u0259k olar ki yoxdur\u201d, &#8211;<\/em> iqtisad\u00e7\u0131 deyib.<\/p>\n\n\n<div class=\"wp-block-image\">\n<figure class=\"alignleft size-full is-resized\"><img decoding=\"async\" data-src=\"https:\/\/www.meydan.tv\/wp-content\/uploads\/akif_nesirli.jpg\" alt=\"\" class=\"wp-image-275224 lazyload\" width=\"438\" height=\"245\" src=\"data:image\/svg+xml;base64,PHN2ZyB3aWR0aD0iMSIgaGVpZ2h0PSIxIiB4bWxucz0iaHR0cDovL3d3dy53My5vcmcvMjAwMC9zdmciPjwvc3ZnPg==\" style=\"--smush-placeholder-width: 438px; --smush-placeholder-aspect-ratio: 438\/245;\" \/><figcaption class=\"wp-element-caption\">Akif N\u0259sirli. Foto: &#8220;Telegraf.az&#8221;<\/figcaption><\/figure>\n<\/div>\n\n\n<p>Bildirib ki, meyv\u0259-t\u0259r\u0259v\u0259z, \u0259t, s\u00fcd v\u0259 ba\u015fqa \u0259rzaqlar da \u0259n az\u0131 2-5 d\u0259f\u0259 baha sat\u0131l\u0131r. Fermerl\u0259rin iri \u015f\u0259h\u0259rl\u0259rin, x\u00fcsusil\u0259 d\u0259 Bak\u0131 bazarlar\u0131na \u00e7\u0131x\u0131\u015f\u0131n\u0131n m\u0259hdudla\u015fd\u0131r\u0131lmas\u0131 bu c\u00fcr qiym\u0259t f\u0259rqin\u0259 g\u0259tirib \u00e7\u0131xar\u0131r:<\/p>\n\n\n\n<p>\u201c<em>Rayonlarda m\u0259hsul ucuz olur, Bak\u0131da is\u0259 olduqca baha qiym\u0259t\u0259 sat\u0131l\u0131r. Bu da inhisar\u00e7\u0131l\u0131\u011f\u0131n \u0259lam\u0259tidir\u201d.<\/em><\/p>\n\n\n\n<p>\u201c<em>\u00d6lk\u0259nin b\u00fct\u00fcn rayonlar\u0131nda yarmarkalar t\u0259\u015fkil edilm\u0259li, fermerl\u0259rin bazarlara birba\u015fa \u00e7\u0131x\u0131\u015f\u0131 t\u0259min olunmal\u0131d\u0131r. Fermerl\u0259rin bazarlara \u00e7\u0131x\u0131\u015f imkan\u0131 olsa, m\u0259hsul indikind\u0259n bir ne\u00e7\u0259 d\u0259f\u0259 ucuz sat\u0131lar. Onsuz da k\u0259nd t\u0259s\u0259rr\u00fcfat\u0131 g\u00fcnd\u0259n-g\u00fcn\u0259 geril\u0259yir, m\u0259hsullar\u0131n yar\u0131dan \u00e7oxu idxal olur. Bununla bel\u0259, istehsal olunan m\u0259hsullar\u0131n bazara \u00e7\u0131x\u0131\u015f\u0131na da ciddi mane\u0259l\u0259r var. Bel\u0259likl\u0259, v\u0259ziyy\u0259ti daha da \u00e7\u0259tinl\u0259\u015fdirirl\u0259r\u201d, <\/em>&#8211; A.N\u0259sirli deyib.<\/p>\n","protected":false},"excerpt":{"rendered":"<p>\u0130qtisad\u00e7\u0131: \u201c\u018fslind\u0259 yarmarkalar g\u00f6r\u00fcnt\u00fc xarakteri da\u015f\u0131y\u0131r\u201d \u201cRayonda xiyar\u0131n kiloqram\u0131n\u0131 10 &#8230; <\/p>\n<p class=\"read-more-container\"><a title=\"Fermerl\u0259r bazara birba\u015fa \u00e7\u0131x\u0131\u015flar\u0131n\u0131n olmad\u0131\u011f\u0131n\u0131 deyir\" class=\"read-more button\" href=\"https:\/\/www.meydan.tv\/az\/article\/fermerler-bazara-birbasa-cixislarinin-olmadigini-deyir\/#more-275227\" aria-label=\"Read more about Fermerl\u0259r bazara birba\u015fa \u00e7\u0131x\u0131\u015flar\u0131n\u0131n olmad\u0131\u011f\u0131n\u0131 deyir\">Davam\u0131<\/a><\/p>\n","protected":false},"author":8,"featured_media":133608,"comment_status":"closed","ping_status":"closed","sticky":false,"template":"","format":"standard","meta":{"_acf_changed":false,"_sitemap_exclude":false,"_sitemap_priority":"","_sitemap_frequency":"","footnotes":""},"categories":[60,56],"tags":[],"class_list":["post-275227","post","type-post","status-publish","format-standard","has-post-thumbnail","hentry","category-bolge","category-xeberler","infinite-scroll-item","generate-columns","tablet-grid-50","mobile-grid-100","grid-parent","grid-33","no-featured-image-padding"],"acf":[],"yoast_head":"<!-- This site is optimized with the Yoast SEO plugin v27.5 - https:\/\/yoast.com\/product\/yoast-seo-wordpress\/ -->\n<title>Fermerl\u0259r bazara birba\u015fa \u00e7\u0131x\u0131\u015flar\u0131n\u0131n olmad\u0131\u011f\u0131n\u0131 deyir - MEYDAN.TV<\/title>\n<meta name=\"robots\" content=\"index, follow, max-snippet:-1, max-image-preview:large, max-video-preview:-1\" \/>\n<link rel=\"canonical\" href=\"https:\/\/www.meydan.tv\/az\/article\/fermerler-bazara-birbasa-cixislarinin-olmadigini-deyir\/\" \/>\n<meta property=\"og:locale\" content=\"az_AZ\" \/>\n<meta property=\"og:type\" content=\"article\" \/>\n<meta property=\"og:title\" content=\"Fermerl\u0259r bazara birba\u015fa \u00e7\u0131x\u0131\u015flar\u0131n\u0131n olmad\u0131\u011f\u0131n\u0131 deyir - MEYDAN.TV\" \/>\n<meta property=\"og:description\" content=\"\u0130qtisad\u00e7\u0131: \u201c\u018fslind\u0259 yarmarkalar g\u00f6r\u00fcnt\u00fc xarakteri da\u015f\u0131y\u0131r\u201d \u201cRayonda xiyar\u0131n kiloqram\u0131n\u0131 10 ... Davam\u0131\" \/>\n<meta property=\"og:url\" content=\"https:\/\/www.meydan.tv\/az\/article\/fermerler-bazara-birbasa-cixislarinin-olmadigini-deyir\/\" \/>\n<meta property=\"og:site_name\" content=\"MEYDAN.TV\" \/>\n<meta property=\"article:published_time\" content=\"2023-05-16T09:42:05+00:00\" \/>\n<meta property=\"article:modified_time\" content=\"2023-05-16T09:42:08+00:00\" \/>\n<meta property=\"og:image\" content=\"https:\/\/www.meydan.tv\/wp-content\/uploads\/image_from_ios_5_e4f4aif-scaled.jpg\" \/>\n\t<meta property=\"og:image:width\" content=\"2560\" \/>\n\t<meta property=\"og:image:height\" content=\"1920\" \/>\n\t<meta property=\"og:image:type\" content=\"image\/jpeg\" \/>\n<meta name=\"author\" content=\"elli\" \/>\n<meta name=\"twitter:card\" content=\"summary_large_image\" \/>\n<meta name=\"twitter:creator\" content=\"@elli\" \/>\n<script type=\"application\/ld+json\" class=\"yoast-schema-graph\">{\"@context\":\"https:\\\/\\\/schema.org\",\"@graph\":[{\"@type\":\"Article\",\"@id\":\"https:\\\/\\\/www.meydan.tv\\\/az\\\/article\\\/fermerler-bazara-birbasa-cixislarinin-olmadigini-deyir\\\/#article\",\"isPartOf\":{\"@id\":\"https:\\\/\\\/www.meydan.tv\\\/az\\\/article\\\/fermerler-bazara-birbasa-cixislarinin-olmadigini-deyir\\\/\"},\"author\":{\"name\":\"elli\",\"@id\":\"https:\\\/\\\/www.meydan.tv\\\/az\\\/#\\\/schema\\\/person\\\/9cdbecf90d17180ce1dfbd95b08dcf47\"},\"headline\":\"Fermerl\u0259r bazara birba\u015fa \u00e7\u0131x\u0131\u015flar\u0131n\u0131n olmad\u0131\u011f\u0131n\u0131 deyir\",\"datePublished\":\"2023-05-16T09:42:05+00:00\",\"dateModified\":\"2023-05-16T09:42:08+00:00\",\"mainEntityOfPage\":{\"@id\":\"https:\\\/\\\/www.meydan.tv\\\/az\\\/article\\\/fermerler-bazara-birbasa-cixislarinin-olmadigini-deyir\\\/\"},\"wordCount\":486,\"publisher\":{\"@id\":\"https:\\\/\\\/www.meydan.tv\\\/az\\\/#organization\"},\"image\":{\"@id\":\"https:\\\/\\\/www.meydan.tv\\\/az\\\/article\\\/fermerler-bazara-birbasa-cixislarinin-olmadigini-deyir\\\/#primaryimage\"},\"thumbnailUrl\":\"https:\\\/\\\/www.meydan.tv\\\/wp-content\\\/uploads\\\/image_from_ios_5_e4f4aif-scaled.jpg\",\"articleSection\":[\"B\u00f6lg\u0259\",\"X\u0259b\u0259rl\u0259r\"],\"inLanguage\":\"az\"},{\"@type\":\"WebPage\",\"@id\":\"https:\\\/\\\/www.meydan.tv\\\/az\\\/article\\\/fermerler-bazara-birbasa-cixislarinin-olmadigini-deyir\\\/\",\"url\":\"https:\\\/\\\/www.meydan.tv\\\/az\\\/article\\\/fermerler-bazara-birbasa-cixislarinin-olmadigini-deyir\\\/\",\"name\":\"Fermerl\u0259r bazara birba\u015fa \u00e7\u0131x\u0131\u015flar\u0131n\u0131n olmad\u0131\u011f\u0131n\u0131 deyir - MEYDAN.TV\",\"isPartOf\":{\"@id\":\"https:\\\/\\\/www.meydan.tv\\\/az\\\/#website\"},\"primaryImageOfPage\":{\"@id\":\"https:\\\/\\\/www.meydan.tv\\\/az\\\/article\\\/fermerler-bazara-birbasa-cixislarinin-olmadigini-deyir\\\/#primaryimage\"},\"image\":{\"@id\":\"https:\\\/\\\/www.meydan.tv\\\/az\\\/article\\\/fermerler-bazara-birbasa-cixislarinin-olmadigini-deyir\\\/#primaryimage\"},\"thumbnailUrl\":\"https:\\\/\\\/www.meydan.tv\\\/wp-content\\\/uploads\\\/image_from_ios_5_e4f4aif-scaled.jpg\",\"datePublished\":\"2023-05-16T09:42:05+00:00\",\"dateModified\":\"2023-05-16T09:42:08+00:00\",\"breadcrumb\":{\"@id\":\"https:\\\/\\\/www.meydan.tv\\\/az\\\/article\\\/fermerler-bazara-birbasa-cixislarinin-olmadigini-deyir\\\/#breadcrumb\"},\"inLanguage\":\"az\",\"potentialAction\":[{\"@type\":\"ReadAction\",\"target\":[\"https:\\\/\\\/www.meydan.tv\\\/az\\\/article\\\/fermerler-bazara-birbasa-cixislarinin-olmadigini-deyir\\\/\"]}]},{\"@type\":\"ImageObject\",\"inLanguage\":\"az\",\"@id\":\"https:\\\/\\\/www.meydan.tv\\\/az\\\/article\\\/fermerler-bazara-birbasa-cixislarinin-olmadigini-deyir\\\/#primaryimage\",\"url\":\"https:\\\/\\\/www.meydan.tv\\\/wp-content\\\/uploads\\\/image_from_ios_5_e4f4aif-scaled.jpg\",\"contentUrl\":\"https:\\\/\\\/www.meydan.tv\\\/wp-content\\\/uploads\\\/image_from_ios_5_e4f4aif-scaled.jpg\",\"width\":2560,\"height\":1920,\"caption\":\"Foto: Meydan TV\"},{\"@type\":\"BreadcrumbList\",\"@id\":\"https:\\\/\\\/www.meydan.tv\\\/az\\\/article\\\/fermerler-bazara-birbasa-cixislarinin-olmadigini-deyir\\\/#breadcrumb\",\"itemListElement\":[{\"@type\":\"ListItem\",\"position\":1,\"name\":\"Ana s\u0259hif\u0259\",\"item\":\"https:\\\/\\\/www.meydan.tv\\\/az\\\/\"},{\"@type\":\"ListItem\",\"position\":2,\"name\":\"B\u00f6lg\u0259\",\"item\":\"https:\\\/\\\/www.meydan.tv\\\/az\\\/section\\\/bolge\\\/\"},{\"@type\":\"ListItem\",\"position\":3,\"name\":\"Fermerl\u0259r bazara birba\u015fa \u00e7\u0131x\u0131\u015flar\u0131n\u0131n olmad\u0131\u011f\u0131n\u0131 deyir\"}]},{\"@type\":\"WebSite\",\"@id\":\"https:\\\/\\\/www.meydan.tv\\\/az\\\/#website\",\"url\":\"https:\\\/\\\/www.meydan.tv\\\/az\\\/\",\"name\":\"MEYDAN.TV\",\"description\":\"Meydan TV Az\u0259rbaycan\u0131n media m\u0259kan\u0131ndak\u0131 alternativ s\u0259sidir\",\"publisher\":{\"@id\":\"https:\\\/\\\/www.meydan.tv\\\/az\\\/#organization\"},\"potentialAction\":[{\"@type\":\"SearchAction\",\"target\":{\"@type\":\"EntryPoint\",\"urlTemplate\":\"https:\\\/\\\/www.meydan.tv\\\/az\\\/?s={search_term_string}\"},\"query-input\":{\"@type\":\"PropertyValueSpecification\",\"valueRequired\":true,\"valueName\":\"search_term_string\"}}],\"inLanguage\":\"az\"},{\"@type\":\"Organization\",\"@id\":\"https:\\\/\\\/www.meydan.tv\\\/az\\\/#organization\",\"name\":\"Meydan TV\",\"url\":\"https:\\\/\\\/www.meydan.tv\\\/az\\\/\",\"logo\":{\"@type\":\"ImageObject\",\"inLanguage\":\"az\",\"@id\":\"https:\\\/\\\/www.meydan.tv\\\/az\\\/#\\\/schema\\\/logo\\\/image\\\/\",\"url\":\"https:\\\/\\\/www.meydan.tv\\\/wp-content\\\/uploads\\\/2021\\\/07\\\/meydan-logo.svg\",\"contentUrl\":\"https:\\\/\\\/www.meydan.tv\\\/wp-content\\\/uploads\\\/2021\\\/07\\\/meydan-logo.svg\",\"width\":195,\"height\":46,\"caption\":\"Meydan TV\"},\"image\":{\"@id\":\"https:\\\/\\\/www.meydan.tv\\\/az\\\/#\\\/schema\\\/logo\\\/image\\\/\"}},{\"@type\":\"Person\",\"@id\":\"https:\\\/\\\/www.meydan.tv\\\/az\\\/#\\\/schema\\\/person\\\/9cdbecf90d17180ce1dfbd95b08dcf47\",\"name\":\"elli\",\"sameAs\":[\"https:\\\/\\\/x.com\\\/elli\"]}]}<\/script>\n<!-- \/ Yoast SEO plugin. -->","yoast_head_json":{"title":"Fermerl\u0259r bazara birba\u015fa \u00e7\u0131x\u0131\u015flar\u0131n\u0131n olmad\u0131\u011f\u0131n\u0131 deyir - MEYDAN.TV","robots":{"index":"index","follow":"follow","max-snippet":"max-snippet:-1","max-image-preview":"max-image-preview:large","max-video-preview":"max-video-preview:-1"},"canonical":"https:\/\/www.meydan.tv\/az\/article\/fermerler-bazara-birbasa-cixislarinin-olmadigini-deyir\/","og_locale":"az_AZ","og_type":"article","og_title":"Fermerl\u0259r bazara birba\u015fa \u00e7\u0131x\u0131\u015flar\u0131n\u0131n olmad\u0131\u011f\u0131n\u0131 deyir - MEYDAN.TV","og_description":"\u0130qtisad\u00e7\u0131: \u201c\u018fslind\u0259 yarmarkalar g\u00f6r\u00fcnt\u00fc xarakteri da\u015f\u0131y\u0131r\u201d \u201cRayonda xiyar\u0131n kiloqram\u0131n\u0131 10 ... Davam\u0131","og_url":"https:\/\/www.meydan.tv\/az\/article\/fermerler-bazara-birbasa-cixislarinin-olmadigini-deyir\/","og_site_name":"MEYDAN.TV","article_published_time":"2023-05-16T09:42:05+00:00","article_modified_time":"2023-05-16T09:42:08+00:00","og_image":[{"width":2560,"height":1920,"url":"https:\/\/www.meydan.tv\/wp-content\/uploads\/image_from_ios_5_e4f4aif-scaled.jpg","type":"image\/jpeg"}],"author":"elli","twitter_card":"summary_large_image","twitter_creator":"@elli","schema":{"@context":"https:\/\/schema.org","@graph":[{"@type":"Article","@id":"https:\/\/www.meydan.tv\/az\/article\/fermerler-bazara-birbasa-cixislarinin-olmadigini-deyir\/#article","isPartOf":{"@id":"https:\/\/www.meydan.tv\/az\/article\/fermerler-bazara-birbasa-cixislarinin-olmadigini-deyir\/"},"author":{"name":"elli","@id":"https:\/\/www.meydan.tv\/az\/#\/schema\/person\/9cdbecf90d17180ce1dfbd95b08dcf47"},"headline":"Fermerl\u0259r bazara birba\u015fa \u00e7\u0131x\u0131\u015flar\u0131n\u0131n olmad\u0131\u011f\u0131n\u0131 deyir","datePublished":"2023-05-16T09:42:05+00:00","dateModified":"2023-05-16T09:42:08+00:00","mainEntityOfPage":{"@id":"https:\/\/www.meydan.tv\/az\/article\/fermerler-bazara-birbasa-cixislarinin-olmadigini-deyir\/"},"wordCount":486,"publisher":{"@id":"https:\/\/www.meydan.tv\/az\/#organization"},"image":{"@id":"https:\/\/www.meydan.tv\/az\/article\/fermerler-bazara-birbasa-cixislarinin-olmadigini-deyir\/#primaryimage"},"thumbnailUrl":"https:\/\/www.meydan.tv\/wp-content\/uploads\/image_from_ios_5_e4f4aif-scaled.jpg","articleSection":["B\u00f6lg\u0259","X\u0259b\u0259rl\u0259r"],"inLanguage":"az"},{"@type":"WebPage","@id":"https:\/\/www.meydan.tv\/az\/article\/fermerler-bazara-birbasa-cixislarinin-olmadigini-deyir\/","url":"https:\/\/www.meydan.tv\/az\/article\/fermerler-bazara-birbasa-cixislarinin-olmadigini-deyir\/","name":"Fermerl\u0259r bazara birba\u015fa \u00e7\u0131x\u0131\u015flar\u0131n\u0131n olmad\u0131\u011f\u0131n\u0131 deyir - MEYDAN.TV","isPartOf":{"@id":"https:\/\/www.meydan.tv\/az\/#website"},"primaryImageOfPage":{"@id":"https:\/\/www.meydan.tv\/az\/article\/fermerler-bazara-birbasa-cixislarinin-olmadigini-deyir\/#primaryimage"},"image":{"@id":"https:\/\/www.meydan.tv\/az\/article\/fermerler-bazara-birbasa-cixislarinin-olmadigini-deyir\/#primaryimage"},"thumbnailUrl":"https:\/\/www.meydan.tv\/wp-content\/uploads\/image_from_ios_5_e4f4aif-scaled.jpg","datePublished":"2023-05-16T09:42:05+00:00","dateModified":"2023-05-16T09:42:08+00:00","breadcrumb":{"@id":"https:\/\/www.meydan.tv\/az\/article\/fermerler-bazara-birbasa-cixislarinin-olmadigini-deyir\/#breadcrumb"},"inLanguage":"az","potentialAction":[{"@type":"ReadAction","target":["https:\/\/www.meydan.tv\/az\/article\/fermerler-bazara-birbasa-cixislarinin-olmadigini-deyir\/"]}]},{"@type":"ImageObject","inLanguage":"az","@id":"https:\/\/www.meydan.tv\/az\/article\/fermerler-bazara-birbasa-cixislarinin-olmadigini-deyir\/#primaryimage","url":"https:\/\/www.meydan.tv\/wp-content\/uploads\/image_from_ios_5_e4f4aif-scaled.jpg","contentUrl":"https:\/\/www.meydan.tv\/wp-content\/uploads\/image_from_ios_5_e4f4aif-scaled.jpg","width":2560,"height":1920,"caption":"Foto: Meydan TV"},{"@type":"BreadcrumbList","@id":"https:\/\/www.meydan.tv\/az\/article\/fermerler-bazara-birbasa-cixislarinin-olmadigini-deyir\/#breadcrumb","itemListElement":[{"@type":"ListItem","position":1,"name":"Ana s\u0259hif\u0259","item":"https:\/\/www.meydan.tv\/az\/"},{"@type":"ListItem","position":2,"name":"B\u00f6lg\u0259","item":"https:\/\/www.meydan.tv\/az\/section\/bolge\/"},{"@type":"ListItem","position":3,"name":"Fermerl\u0259r bazara birba\u015fa \u00e7\u0131x\u0131\u015flar\u0131n\u0131n olmad\u0131\u011f\u0131n\u0131 deyir"}]},{"@type":"WebSite","@id":"https:\/\/www.meydan.tv\/az\/#website","url":"https:\/\/www.meydan.tv\/az\/","name":"MEYDAN.TV","description":"Meydan TV Az\u0259rbaycan\u0131n media m\u0259kan\u0131ndak\u0131 alternativ s\u0259sidir","publisher":{"@id":"https:\/\/www.meydan.tv\/az\/#organization"},"potentialAction":[{"@type":"SearchAction","target":{"@type":"EntryPoint","urlTemplate":"https:\/\/www.meydan.tv\/az\/?s={search_term_string}"},"query-input":{"@type":"PropertyValueSpecification","valueRequired":true,"valueName":"search_term_string"}}],"inLanguage":"az"},{"@type":"Organization","@id":"https:\/\/www.meydan.tv\/az\/#organization","name":"Meydan TV","url":"https:\/\/www.meydan.tv\/az\/","logo":{"@type":"ImageObject","inLanguage":"az","@id":"https:\/\/www.meydan.tv\/az\/#\/schema\/logo\/image\/","url":"https:\/\/www.meydan.tv\/wp-content\/uploads\/2021\/07\/meydan-logo.svg","contentUrl":"https:\/\/www.meydan.tv\/wp-content\/uploads\/2021\/07\/meydan-logo.svg","width":195,"height":46,"caption":"Meydan TV"},"image":{"@id":"https:\/\/www.meydan.tv\/az\/#\/schema\/logo\/image\/"}},{"@type":"Person","@id":"https:\/\/www.meydan.tv\/az\/#\/schema\/person\/9cdbecf90d17180ce1dfbd95b08dcf47","name":"elli","sameAs":["https:\/\/x.com\/elli"]}]}},"_links":{"self":[{"href":"https:\/\/www.meydan.tv\/az\/wp-json\/wp\/v2\/posts\/275227","targetHints":{"allow":["GET"]}}],"collection":[{"href":"https:\/\/www.meydan.tv\/az\/wp-json\/wp\/v2\/posts"}],"about":[{"href":"https:\/\/www.meydan.tv\/az\/wp-json\/wp\/v2\/types\/post"}],"author":[{"embeddable":true,"href":"https:\/\/www.meydan.tv\/az\/wp-json\/wp\/v2\/users\/8"}],"replies":[{"embeddable":true,"href":"https:\/\/www.meydan.tv\/az\/wp-json\/wp\/v2\/comments?post=275227"}],"version-history":[{"count":1,"href":"https:\/\/www.meydan.tv\/az\/wp-json\/wp\/v2\/posts\/275227\/revisions"}],"predecessor-version":[{"id":275228,"href":"https:\/\/www.meydan.tv\/az\/wp-json\/wp\/v2\/posts\/275227\/revisions\/275228"}],"wp:featuredmedia":[{"embeddable":true,"href":"https:\/\/www.meydan.tv\/az\/wp-json\/wp\/v2\/media\/133608"}],"wp:attachment":[{"href":"https:\/\/www.meydan.tv\/az\/wp-json\/wp\/v2\/media?parent=275227"}],"wp:term":[{"taxonomy":"category","embeddable":true,"href":"https:\/\/www.meydan.tv\/az\/wp-json\/wp\/v2\/categories?post=275227"},{"taxonomy":"post_tag","embeddable":true,"href":"https:\/\/www.meydan.tv\/az\/wp-json\/wp\/v2\/tags?post=275227"}],"curies":[{"name":"wp","href":"https:\/\/api.w.org\/{rel}","templated":true}]}}