{"id":275184,"date":"2023-05-15T18:42:19","date_gmt":"2023-05-15T14:42:19","guid":{"rendered":"https:\/\/www.meydan.tv\/?p=275184"},"modified":"2023-05-15T18:42:23","modified_gmt":"2023-05-15T14:42:23","slug":"vekili-zamin-salayevin-mualice-muessisesine-kocurulduyunu-deyir","status":"publish","type":"post","link":"https:\/\/www.meydan.tv\/az\/article\/vekili-zamin-salayevin-mualice-muessisesine-kocurulduyunu-deyir\/","title":{"rendered":"V\u0259kili Zamin Salayevin m\u00fcalic\u0259 m\u00fc\u0259ssis\u0259sin\u0259 k\u00f6\u00e7\u00fcr\u00fcld\u00fcy\u00fcn\u00fc deyir"},"content":{"rendered":"\n<p><\/p>\n\n\n\n<p><strong><em>\u201cBildiyim\u0259 g\u00f6r\u0259, daxili orqanlar\u0131nda ciddi probleml\u0259r var, b\u00f6yr\u0259kl\u0259rind\u0259 b\u00fcz\u00fc\u015fm\u0259 gedir\u201d<\/em><\/strong><\/p>\n\n\n\n<p>Az\u0259rbaycan Xalq C\u0259bh\u0259si Partiyas\u0131n\u0131n (AXCP) Salyan \u015f\u00f6b\u0259sinin s\u0259dri Zamin Salayevin 98 g\u00fcnd\u00fcr ki, h\u0259bsd\u0259 acl\u0131q etdiyi bildirilir. Uzunm\u00fcdd\u0259tli acl\u0131q n\u0259tic\u0259sind\u0259 v\u0259ziyy\u0259ti k\u0259skin pisl\u0259\u015fdiyin\u0259 g\u00f6r\u0259 o, may\u0131n 12-d\u0259 Bak\u0131 \u0130stintaq T\u0259cridxanas\u0131ndan Penitensiar Xidm\u0259tin M\u00fcalic\u0259 M\u00fc\u0259ssis\u0259sin\u0259 k\u00f6\u00e7\u00fcr\u00fcl\u00fcb. Bu bar\u0259d\u0259 Meydan TV-y\u0259 onun v\u0259kili Nem\u0259t K\u0259rimli m\u0259lumat verib.<\/p>\n\n\n\n<p>V\u0259kilin s\u00f6zl\u0259rin\u0259 g\u00f6r\u0259, Zamin Salayev \u00fc\u00e7 aydan \u00e7oxdur acl\u0131q etm\u0259sin\u0259 baxmayaraq, istintaq t\u0259cridxanas\u0131nda saxlan\u0131l\u0131rd\u0131.<\/p>\n\n\n\n<p>\u201c<em>Uzunm\u00fcdd\u0259tli acl\u0131q n\u0259tic\u0259sind\u0259 el\u0259 bir v\u0259ziyy\u0259t\u0259 d\u00fc\u015f\u00fcb ki, h\u0259r an h\u0259kim n\u0259zar\u0259tind\u0259 olmal\u0131d\u0131r. Bak\u0131 \u0130stintaq T\u0259cridxanas\u0131nda is\u0259 kamera \u015f\u0259raitind\u0259 saxlan\u0131l\u0131rd\u0131. D\u0259f\u0259l\u0259rl\u0259 v\u0259ziyy\u0259ti k\u0259skin pisl\u0259\u015fmi\u015fdi, t\u0259cili tibbi m\u00fcdaxil\u0259 il\u0259 h\u0259yat\u0131n\u0131 xilas el\u0259m\u0259k m\u00fcmk\u00fcn olmu\u015fdu. G\u00f6r\u00fcn\u00fcr, el\u0259 bir h\u0259ddir ki, art\u0131q M\u00fcalic\u0259 M\u00fc\u0259ssis\u0259sin\u0259 k\u00f6\u00e7\u00fcrm\u0259kd\u0259n ba\u015fqa \u00e7ar\u0259 qalmay\u0131b\u201d, <\/em>&#8211; Nem\u0259t K\u0259rimli bildirib.<\/p>\n\n\n\n<p>V\u0259kilin s\u00f6zl\u0259rin\u0259 g\u00f6r\u0259, m\u00fcv\u0259kkili h\u0259r\u0259k\u0259t etm\u0259kd\u0259, h\u0259tta dan\u0131\u015fmaqda bel\u0259 \u00e7\u0259tinlik \u00e7\u0259kir. Vitaminsizlik n\u0259tic\u0259sind\u0259 b\u0259d\u0259nind\u0259 yaralar \u0259m\u0259l\u0259 g\u0259lib:<\/p>\n\n\n\n<p>\u201c<em>Bildiyim\u0259 g\u00f6r\u0259, daxili orqanlar\u0131nda da ciddi probleml\u0259r var, b\u00f6yr\u0259kl\u0259rind\u0259 b\u00fcz\u00fc\u015fm\u0259 gedir. Buna baxmayaraq, acl\u0131\u011f\u0131 dayand\u0131rmamaqda israrl\u0131d\u0131r. \u015e\u0259xs\u0259n m\u0259n \u00f6z\u00fcm d\u0259f\u0259l\u0259rl\u0259 ondan xahi\u015f el\u0259mi\u015f\u0259m\u201d.<\/em><\/p>\n\n\n\n<p>V\u0259kili Zamin Salayevl\u0259 sonuncu d\u0259f\u0259 may\u0131n 13-d\u0259 telefonla \u0259laq\u0259 saxlay\u0131b. M\u00fcdafi\u0259\u00e7isin\u0259 deyib ki, ona tibbi yard\u0131m g\u00f6st\u0259rilir, sistem k\u00f6\u00e7\u00fcr\u00fcl\u00fcr.<\/p>\n\n\n\n<p>Zamin Salayevin i\u015fin\u0259 haz\u0131rda Qarada\u011f Rayon M\u0259hk\u0259m\u0259sind\u0259 bax\u0131l\u0131r. N\u00f6vb\u0259ti m\u0259hk\u0259m\u0259 iclas\u0131 may\u0131n 17-n\u0259 t\u0259yin olunub.<\/p>\n\n\n\n<p>AXCP-nin f\u0259al \u00fczvl\u0259rind\u0259n olan Zamin Salayev fevral\u0131n 7-d\u0259n h\u0259bsd\u0259dir. O, Cinay\u0259t M\u0259c\u0259ll\u0259sinin 221.3 (silah v\u0259 ya silah qismind\u0259 \u0259\u015fyadan istifad\u0259 etm\u0259kl\u0259 xuliqanl\u0131q) madd\u0259sil\u0259 ittiham olunur.<\/p>\n\n\n\n<p>Cinay\u0259t i\u015finin materiallar\u0131nda iddia olunur ki, AXCP f\u0259al\u0131 \u201cL\u00f6kbatan dair\u0259si\u201d adlanan \u0259razid\u0259 Natiq S\u00fcleymanov adl\u0131 \u015f\u0259xs\u0259 b\u0131\u00e7aqla x\u0259sar\u0259t yetirib.<\/p>\n\n\n\n<p>Lakin m\u0259hk\u0259m\u0259d\u0259 Zamin Salayev bildirib ki, bu ittiham yalan olmaqla, h\u0259bsi \u0259vv\u0259ld\u0259n planla\u015fd\u0131r\u0131lm\u0131\u015f t\u0259xribatd\u0131r. Onun s\u00f6zl\u0259rin\u0259 g\u00f6r\u0259, fevral\u0131n 6-da ax\u015fam saatlar\u0131nda h\u0259min \u0259razid\u0259 ya\u015fad\u0131\u011f\u0131 Salyan rayonuna qay\u0131tmaq \u00fc\u00e7\u00fcn taksiy\u0259 do\u011fru ged\u0259rk\u0259n tan\u0131mad\u0131\u011f\u0131 bir n\u0259f\u0259rin s\u00f6y\u00fc\u015f s\u00f6y\u0259-s\u00f6y\u0259 ona t\u0259r\u0259f g\u0259ldiyini g\u00f6r\u00fcb. Bu zaman ba\u015f ver\u0259nl\u0259rin t\u0259xribat oldu\u011funu anlay\u0131b v\u0259 onu it\u0259l\u0259yib uzaqla\u015fmaq ist\u0259y\u0259nd\u0259 \u0259trafdan xeyli polis \u00e7\u0131x\u0131b v\u0259 onu tutub apar\u0131b.<\/p>\n\n\n\n<p>O vur\u011fulay\u0131b ki, h\u0259min \u0259razid\u0259 8 t\u0259hl\u00fck\u0259sizlik kameras\u0131 var. O meralar\u0131n he\u00e7 birinin g\u00f6r\u00fcnt\u00fcl\u0259rinin \u00e7\u0131xar\u0131lmamas\u0131 v\u0259 onlar\u0131n ham\u0131s\u0131n\u0131n eyni vaxtda i\u015fl\u0259m\u0259diyinin b\u0259han\u0259 g\u0259tirilm\u0259si d\u0259 bu hadis\u0259nin t\u0259xribat oldu\u011funu s\u00fcbut edir.<\/p>\n\n\n\n<p>Zamin Salayev bundan \u00f6nc\u0259 d\u0259f\u0259l\u0259rl\u0259 polis\u0259 m\u00fcqavim\u0259t v\u0259 s. ittihamlarla inzibati qaydada h\u0259bs edilib. 2020-ci il aprelin 20-d\u0259 is\u0259 Cinay\u0259t M\u0259c\u0259ll\u0259sinin 147.2 (a\u011f\u0131r cinay\u0259td\u0259 ittiham etm\u0259kl\u0259 b\u00f6htan atma) v\u0259 148-ci (t\u0259hqir) madd\u0259l\u0259ril\u0259 2 il 3 ay azadl\u0131qdan m\u0259hrum edilib. H\u0259min vaxt Salyan Rayon Polis \u0130dar\u0259sinin \u0259m\u0259kda\u015f\u0131 H\u0259mz\u0259 \u018fzizovun \u015fikay\u0259ti \u0259sas\u0131nda c\u0259zaland\u0131r\u0131lm\u0131\u015fd\u0131.<\/p>\n\n\n\n<p>Zamin Salayev h\u0259bsind\u0259n bir m\u00fcdd\u0259t \u0259vv\u0259l sosial \u015f\u0259b\u0259k\u0259l\u0259rd\u0259 ad\u0131\u00e7\u0259kil\u0259n polis \u0259m\u0259kda\u015f\u0131yla m\u00fcbahis\u0259sinin videosunu yaym\u0131\u015fd\u0131. H\u0259min videoda c\u0259bh\u0259\u00e7i H\u0259mz\u0259 \u018fzizovu rayonda ya\u015fayan qad\u0131na qar\u015f\u0131 t\u0259cav\u00fcz\u0259 g\u00f6r\u0259 ittiham edirdi.<\/p>\n\n\n\n<p>Video yay\u0131landan az sonra Zamin Salayev inzibati qaydada 30 g\u00fcnl\u00fck h\u0259bs olundu. O, h\u0259min vaxt saxlan\u0131lark\u0259n i\u015fg\u0259nc\u0259y\u0259 m\u0259ruz qald\u0131\u011f\u0131n\u0131, n\u0259tic\u0259d\u0259 s\u0259hh\u0259tind\u0259 ciddi probleml\u0259r yarand\u0131\u011f\u0131n\u0131 bildirmi\u015fdi. \u0130nzibati h\u0259bsd\u0259n \u00e7\u0131xandan az sonra s\u0259hh\u0259tind\u0259ki probleml\u0259rl\u0259 \u0259laq\u0259dar \u0259m\u0259liyyat olunmu\u015fdu.<\/p>\n\n\n\n<p>Ard\u0131nca da H\u0259mz\u0259 \u018fzizov ona qar\u015f\u0131 m\u0259hk\u0259m\u0259d\u0259 x\u00fcsusi ittiham qaydas\u0131nda iddia qald\u0131raraq, h\u0259bsini t\u0259l\u0259b etmi\u015fdi.<\/p>\n\n\n\n<p>Videoda haqq\u0131nda b\u0259hs olunan qad\u0131n H\u0259mz\u0259 \u018fzizova b\u0131\u00e7aqla x\u0259sar\u0259t yetirdiyin\u0259 g\u00f6r\u0259 bir ne\u00e7\u0259 illik h\u0259bsl\u0259 c\u0259zaland\u0131r\u0131l\u0131b. O, H\u0259mz\u0259 \u018fzizovun ona qar\u015f\u0131 zorak\u0131 h\u0259r\u0259k\u0259tl\u0259rind\u0259n m\u00fcdafi\u0259 olunmaq \u00fc\u00e7\u00fcn onu vurdu\u011funu bildirib. Polis \u0259m\u0259kda\u015f\u0131 is\u0259 \u00f6z\u00fc haqq\u0131nda deyil\u0259nl\u0259ri t\u0259kzib edib.<\/p>\n\n\n\n<p>Zamin Salayev \u00f6t\u0259n yay Milli M\u0259clisin binas\u0131na deputat F\u0259zail A\u011famal\u0131 \u00fc\u00e7\u00fcn ye\u015fikl\u0259rd\u0259 gilas g\u0259tirm\u0259siyl\u0259 d\u0259 g\u00fcnd\u0259m\u0259 g\u0259lmi\u015fdi.<\/p>\n","protected":false},"excerpt":{"rendered":"<p>\u201cBildiyim\u0259 g\u00f6r\u0259, daxili orqanlar\u0131nda ciddi probleml\u0259r var, b\u00f6yr\u0259kl\u0259rind\u0259 b\u00fcz\u00fc\u015fm\u0259 gedir\u201d &#8230; <\/p>\n<p class=\"read-more-container\"><a title=\"V\u0259kili Zamin Salayevin m\u00fcalic\u0259 m\u00fc\u0259ssis\u0259sin\u0259 k\u00f6\u00e7\u00fcr\u00fcld\u00fcy\u00fcn\u00fc deyir\" class=\"read-more button\" href=\"https:\/\/www.meydan.tv\/az\/article\/vekili-zamin-salayevin-mualice-muessisesine-kocurulduyunu-deyir\/#more-275184\" aria-label=\"Read more about V\u0259kili Zamin Salayevin m\u00fcalic\u0259 m\u00fc\u0259ssis\u0259sin\u0259 k\u00f6\u00e7\u00fcr\u00fcld\u00fcy\u00fcn\u00fc deyir\">Davam\u0131<\/a><\/p>\n","protected":false},"author":8,"featured_media":274909,"comment_status":"closed","ping_status":"closed","sticky":false,"template":"","format":"standard","meta":{"_acf_changed":false,"_sitemap_exclude":false,"_sitemap_priority":"","_sitemap_frequency":"","footnotes":""},"categories":[59,79,56],"tags":[],"class_list":["post-275184","post","type-post","status-publish","format-standard","has-post-thumbnail","hentry","category-siyaset","category-featured","category-xeberler","infinite-scroll-item","generate-columns","tablet-grid-50","mobile-grid-100","grid-parent","grid-33","no-featured-image-padding"],"acf":[],"yoast_head":"<!-- This site is optimized with the Yoast SEO plugin v27.4 - https:\/\/yoast.com\/product\/yoast-seo-wordpress\/ -->\n<title>V\u0259kili Zamin Salayevin m\u00fcalic\u0259 m\u00fc\u0259ssis\u0259sin\u0259 k\u00f6\u00e7\u00fcr\u00fcld\u00fcy\u00fcn\u00fc deyir - MEYDAN.TV<\/title>\n<meta name=\"robots\" content=\"index, follow, max-snippet:-1, max-image-preview:large, max-video-preview:-1\" \/>\n<link rel=\"canonical\" href=\"https:\/\/www.meydan.tv\/az\/article\/vekili-zamin-salayevin-mualice-muessisesine-kocurulduyunu-deyir\/\" \/>\n<meta property=\"og:locale\" content=\"az_AZ\" \/>\n<meta property=\"og:type\" content=\"article\" \/>\n<meta property=\"og:title\" content=\"V\u0259kili Zamin Salayevin m\u00fcalic\u0259 m\u00fc\u0259ssis\u0259sin\u0259 k\u00f6\u00e7\u00fcr\u00fcld\u00fcy\u00fcn\u00fc deyir - MEYDAN.TV\" \/>\n<meta property=\"og:description\" content=\"\u201cBildiyim\u0259 g\u00f6r\u0259, daxili orqanlar\u0131nda ciddi probleml\u0259r var, b\u00f6yr\u0259kl\u0259rind\u0259 b\u00fcz\u00fc\u015fm\u0259 gedir\u201d ... Davam\u0131\" \/>\n<meta property=\"og:url\" content=\"https:\/\/www.meydan.tv\/az\/article\/vekili-zamin-salayevin-mualice-muessisesine-kocurulduyunu-deyir\/\" \/>\n<meta property=\"og:site_name\" content=\"MEYDAN.TV\" \/>\n<meta property=\"article:published_time\" content=\"2023-05-15T14:42:19+00:00\" \/>\n<meta property=\"article:modified_time\" content=\"2023-05-15T14:42:23+00:00\" \/>\n<meta property=\"og:image\" content=\"https:\/\/www.meydan.tv\/wp-content\/uploads\/img_9916_720-e1684161666306.png\" \/>\n\t<meta property=\"og:image:width\" content=\"1200\" \/>\n\t<meta property=\"og:image:height\" content=\"597\" \/>\n\t<meta property=\"og:image:type\" content=\"image\/png\" \/>\n<meta name=\"author\" content=\"elli\" \/>\n<meta name=\"twitter:card\" content=\"summary_large_image\" \/>\n<meta name=\"twitter:creator\" content=\"@elli\" \/>\n<script type=\"application\/ld+json\" class=\"yoast-schema-graph\">{\"@context\":\"https:\\\/\\\/schema.org\",\"@graph\":[{\"@type\":\"Article\",\"@id\":\"https:\\\/\\\/www.meydan.tv\\\/az\\\/article\\\/vekili-zamin-salayevin-mualice-muessisesine-kocurulduyunu-deyir\\\/#article\",\"isPartOf\":{\"@id\":\"https:\\\/\\\/www.meydan.tv\\\/az\\\/article\\\/vekili-zamin-salayevin-mualice-muessisesine-kocurulduyunu-deyir\\\/\"},\"author\":{\"name\":\"elli\",\"@id\":\"https:\\\/\\\/www.meydan.tv\\\/az\\\/#\\\/schema\\\/person\\\/9cdbecf90d17180ce1dfbd95b08dcf47\"},\"headline\":\"V\u0259kili Zamin Salayevin m\u00fcalic\u0259 m\u00fc\u0259ssis\u0259sin\u0259 k\u00f6\u00e7\u00fcr\u00fcld\u00fcy\u00fcn\u00fc deyir\",\"datePublished\":\"2023-05-15T14:42:19+00:00\",\"dateModified\":\"2023-05-15T14:42:23+00:00\",\"mainEntityOfPage\":{\"@id\":\"https:\\\/\\\/www.meydan.tv\\\/az\\\/article\\\/vekili-zamin-salayevin-mualice-muessisesine-kocurulduyunu-deyir\\\/\"},\"wordCount\":910,\"publisher\":{\"@id\":\"https:\\\/\\\/www.meydan.tv\\\/az\\\/#organization\"},\"image\":{\"@id\":\"https:\\\/\\\/www.meydan.tv\\\/az\\\/article\\\/vekili-zamin-salayevin-mualice-muessisesine-kocurulduyunu-deyir\\\/#primaryimage\"},\"thumbnailUrl\":\"https:\\\/\\\/www.meydan.tv\\\/wp-content\\\/uploads\\\/img_9916_720-e1684746642291.png\",\"articleSection\":[\"Siyas\u0259t\",\"T\u00f6vsiy\u0259\",\"X\u0259b\u0259rl\u0259r\"],\"inLanguage\":\"az\"},{\"@type\":\"WebPage\",\"@id\":\"https:\\\/\\\/www.meydan.tv\\\/az\\\/article\\\/vekili-zamin-salayevin-mualice-muessisesine-kocurulduyunu-deyir\\\/\",\"url\":\"https:\\\/\\\/www.meydan.tv\\\/az\\\/article\\\/vekili-zamin-salayevin-mualice-muessisesine-kocurulduyunu-deyir\\\/\",\"name\":\"V\u0259kili Zamin Salayevin m\u00fcalic\u0259 m\u00fc\u0259ssis\u0259sin\u0259 k\u00f6\u00e7\u00fcr\u00fcld\u00fcy\u00fcn\u00fc deyir - MEYDAN.TV\",\"isPartOf\":{\"@id\":\"https:\\\/\\\/www.meydan.tv\\\/az\\\/#website\"},\"primaryImageOfPage\":{\"@id\":\"https:\\\/\\\/www.meydan.tv\\\/az\\\/article\\\/vekili-zamin-salayevin-mualice-muessisesine-kocurulduyunu-deyir\\\/#primaryimage\"},\"image\":{\"@id\":\"https:\\\/\\\/www.meydan.tv\\\/az\\\/article\\\/vekili-zamin-salayevin-mualice-muessisesine-kocurulduyunu-deyir\\\/#primaryimage\"},\"thumbnailUrl\":\"https:\\\/\\\/www.meydan.tv\\\/wp-content\\\/uploads\\\/img_9916_720-e1684746642291.png\",\"datePublished\":\"2023-05-15T14:42:19+00:00\",\"dateModified\":\"2023-05-15T14:42:23+00:00\",\"breadcrumb\":{\"@id\":\"https:\\\/\\\/www.meydan.tv\\\/az\\\/article\\\/vekili-zamin-salayevin-mualice-muessisesine-kocurulduyunu-deyir\\\/#breadcrumb\"},\"inLanguage\":\"az\",\"potentialAction\":[{\"@type\":\"ReadAction\",\"target\":[\"https:\\\/\\\/www.meydan.tv\\\/az\\\/article\\\/vekili-zamin-salayevin-mualice-muessisesine-kocurulduyunu-deyir\\\/\"]}]},{\"@type\":\"ImageObject\",\"inLanguage\":\"az\",\"@id\":\"https:\\\/\\\/www.meydan.tv\\\/az\\\/article\\\/vekili-zamin-salayevin-mualice-muessisesine-kocurulduyunu-deyir\\\/#primaryimage\",\"url\":\"https:\\\/\\\/www.meydan.tv\\\/wp-content\\\/uploads\\\/img_9916_720-e1684746642291.png\",\"contentUrl\":\"https:\\\/\\\/www.meydan.tv\\\/wp-content\\\/uploads\\\/img_9916_720-e1684746642291.png\",\"width\":1200,\"height\":522,\"caption\":\"Zamin Salayev. \u0130ll\u00fcstrasiya: Meydan TV\"},{\"@type\":\"BreadcrumbList\",\"@id\":\"https:\\\/\\\/www.meydan.tv\\\/az\\\/article\\\/vekili-zamin-salayevin-mualice-muessisesine-kocurulduyunu-deyir\\\/#breadcrumb\",\"itemListElement\":[{\"@type\":\"ListItem\",\"position\":1,\"name\":\"Ana s\u0259hif\u0259\",\"item\":\"https:\\\/\\\/www.meydan.tv\\\/az\\\/\"},{\"@type\":\"ListItem\",\"position\":2,\"name\":\"Siyas\u0259t\",\"item\":\"https:\\\/\\\/www.meydan.tv\\\/az\\\/section\\\/siyaset\\\/\"},{\"@type\":\"ListItem\",\"position\":3,\"name\":\"V\u0259kili Zamin Salayevin m\u00fcalic\u0259 m\u00fc\u0259ssis\u0259sin\u0259 k\u00f6\u00e7\u00fcr\u00fcld\u00fcy\u00fcn\u00fc deyir\"}]},{\"@type\":\"WebSite\",\"@id\":\"https:\\\/\\\/www.meydan.tv\\\/az\\\/#website\",\"url\":\"https:\\\/\\\/www.meydan.tv\\\/az\\\/\",\"name\":\"MEYDAN.TV\",\"description\":\"Meydan TV Az\u0259rbaycan\u0131n media m\u0259kan\u0131ndak\u0131 alternativ s\u0259sidir\",\"publisher\":{\"@id\":\"https:\\\/\\\/www.meydan.tv\\\/az\\\/#organization\"},\"potentialAction\":[{\"@type\":\"SearchAction\",\"target\":{\"@type\":\"EntryPoint\",\"urlTemplate\":\"https:\\\/\\\/www.meydan.tv\\\/az\\\/?s={search_term_string}\"},\"query-input\":{\"@type\":\"PropertyValueSpecification\",\"valueRequired\":true,\"valueName\":\"search_term_string\"}}],\"inLanguage\":\"az\"},{\"@type\":\"Organization\",\"@id\":\"https:\\\/\\\/www.meydan.tv\\\/az\\\/#organization\",\"name\":\"Meydan TV\",\"url\":\"https:\\\/\\\/www.meydan.tv\\\/az\\\/\",\"logo\":{\"@type\":\"ImageObject\",\"inLanguage\":\"az\",\"@id\":\"https:\\\/\\\/www.meydan.tv\\\/az\\\/#\\\/schema\\\/logo\\\/image\\\/\",\"url\":\"https:\\\/\\\/www.meydan.tv\\\/wp-content\\\/uploads\\\/2021\\\/07\\\/meydan-logo.svg\",\"contentUrl\":\"https:\\\/\\\/www.meydan.tv\\\/wp-content\\\/uploads\\\/2021\\\/07\\\/meydan-logo.svg\",\"width\":195,\"height\":46,\"caption\":\"Meydan TV\"},\"image\":{\"@id\":\"https:\\\/\\\/www.meydan.tv\\\/az\\\/#\\\/schema\\\/logo\\\/image\\\/\"}},{\"@type\":\"Person\",\"@id\":\"https:\\\/\\\/www.meydan.tv\\\/az\\\/#\\\/schema\\\/person\\\/9cdbecf90d17180ce1dfbd95b08dcf47\",\"name\":\"elli\",\"sameAs\":[\"https:\\\/\\\/x.com\\\/elli\"]}]}<\/script>\n<!-- \/ Yoast SEO plugin. -->","yoast_head_json":{"title":"V\u0259kili Zamin Salayevin m\u00fcalic\u0259 m\u00fc\u0259ssis\u0259sin\u0259 k\u00f6\u00e7\u00fcr\u00fcld\u00fcy\u00fcn\u00fc deyir - MEYDAN.TV","robots":{"index":"index","follow":"follow","max-snippet":"max-snippet:-1","max-image-preview":"max-image-preview:large","max-video-preview":"max-video-preview:-1"},"canonical":"https:\/\/www.meydan.tv\/az\/article\/vekili-zamin-salayevin-mualice-muessisesine-kocurulduyunu-deyir\/","og_locale":"az_AZ","og_type":"article","og_title":"V\u0259kili Zamin Salayevin m\u00fcalic\u0259 m\u00fc\u0259ssis\u0259sin\u0259 k\u00f6\u00e7\u00fcr\u00fcld\u00fcy\u00fcn\u00fc deyir - MEYDAN.TV","og_description":"\u201cBildiyim\u0259 g\u00f6r\u0259, daxili orqanlar\u0131nda ciddi probleml\u0259r var, b\u00f6yr\u0259kl\u0259rind\u0259 b\u00fcz\u00fc\u015fm\u0259 gedir\u201d ... Davam\u0131","og_url":"https:\/\/www.meydan.tv\/az\/article\/vekili-zamin-salayevin-mualice-muessisesine-kocurulduyunu-deyir\/","og_site_name":"MEYDAN.TV","article_published_time":"2023-05-15T14:42:19+00:00","article_modified_time":"2023-05-15T14:42:23+00:00","og_image":[{"width":1200,"height":597,"url":"https:\/\/www.meydan.tv\/wp-content\/uploads\/img_9916_720-e1684161666306.png","type":"image\/png"}],"author":"elli","twitter_card":"summary_large_image","twitter_creator":"@elli","schema":{"@context":"https:\/\/schema.org","@graph":[{"@type":"Article","@id":"https:\/\/www.meydan.tv\/az\/article\/vekili-zamin-salayevin-mualice-muessisesine-kocurulduyunu-deyir\/#article","isPartOf":{"@id":"https:\/\/www.meydan.tv\/az\/article\/vekili-zamin-salayevin-mualice-muessisesine-kocurulduyunu-deyir\/"},"author":{"name":"elli","@id":"https:\/\/www.meydan.tv\/az\/#\/schema\/person\/9cdbecf90d17180ce1dfbd95b08dcf47"},"headline":"V\u0259kili Zamin Salayevin m\u00fcalic\u0259 m\u00fc\u0259ssis\u0259sin\u0259 k\u00f6\u00e7\u00fcr\u00fcld\u00fcy\u00fcn\u00fc deyir","datePublished":"2023-05-15T14:42:19+00:00","dateModified":"2023-05-15T14:42:23+00:00","mainEntityOfPage":{"@id":"https:\/\/www.meydan.tv\/az\/article\/vekili-zamin-salayevin-mualice-muessisesine-kocurulduyunu-deyir\/"},"wordCount":910,"publisher":{"@id":"https:\/\/www.meydan.tv\/az\/#organization"},"image":{"@id":"https:\/\/www.meydan.tv\/az\/article\/vekili-zamin-salayevin-mualice-muessisesine-kocurulduyunu-deyir\/#primaryimage"},"thumbnailUrl":"https:\/\/www.meydan.tv\/wp-content\/uploads\/img_9916_720-e1684746642291.png","articleSection":["Siyas\u0259t","T\u00f6vsiy\u0259","X\u0259b\u0259rl\u0259r"],"inLanguage":"az"},{"@type":"WebPage","@id":"https:\/\/www.meydan.tv\/az\/article\/vekili-zamin-salayevin-mualice-muessisesine-kocurulduyunu-deyir\/","url":"https:\/\/www.meydan.tv\/az\/article\/vekili-zamin-salayevin-mualice-muessisesine-kocurulduyunu-deyir\/","name":"V\u0259kili Zamin Salayevin m\u00fcalic\u0259 m\u00fc\u0259ssis\u0259sin\u0259 k\u00f6\u00e7\u00fcr\u00fcld\u00fcy\u00fcn\u00fc deyir - MEYDAN.TV","isPartOf":{"@id":"https:\/\/www.meydan.tv\/az\/#website"},"primaryImageOfPage":{"@id":"https:\/\/www.meydan.tv\/az\/article\/vekili-zamin-salayevin-mualice-muessisesine-kocurulduyunu-deyir\/#primaryimage"},"image":{"@id":"https:\/\/www.meydan.tv\/az\/article\/vekili-zamin-salayevin-mualice-muessisesine-kocurulduyunu-deyir\/#primaryimage"},"thumbnailUrl":"https:\/\/www.meydan.tv\/wp-content\/uploads\/img_9916_720-e1684746642291.png","datePublished":"2023-05-15T14:42:19+00:00","dateModified":"2023-05-15T14:42:23+00:00","breadcrumb":{"@id":"https:\/\/www.meydan.tv\/az\/article\/vekili-zamin-salayevin-mualice-muessisesine-kocurulduyunu-deyir\/#breadcrumb"},"inLanguage":"az","potentialAction":[{"@type":"ReadAction","target":["https:\/\/www.meydan.tv\/az\/article\/vekili-zamin-salayevin-mualice-muessisesine-kocurulduyunu-deyir\/"]}]},{"@type":"ImageObject","inLanguage":"az","@id":"https:\/\/www.meydan.tv\/az\/article\/vekili-zamin-salayevin-mualice-muessisesine-kocurulduyunu-deyir\/#primaryimage","url":"https:\/\/www.meydan.tv\/wp-content\/uploads\/img_9916_720-e1684746642291.png","contentUrl":"https:\/\/www.meydan.tv\/wp-content\/uploads\/img_9916_720-e1684746642291.png","width":1200,"height":522,"caption":"Zamin Salayev. \u0130ll\u00fcstrasiya: Meydan TV"},{"@type":"BreadcrumbList","@id":"https:\/\/www.meydan.tv\/az\/article\/vekili-zamin-salayevin-mualice-muessisesine-kocurulduyunu-deyir\/#breadcrumb","itemListElement":[{"@type":"ListItem","position":1,"name":"Ana s\u0259hif\u0259","item":"https:\/\/www.meydan.tv\/az\/"},{"@type":"ListItem","position":2,"name":"Siyas\u0259t","item":"https:\/\/www.meydan.tv\/az\/section\/siyaset\/"},{"@type":"ListItem","position":3,"name":"V\u0259kili Zamin Salayevin m\u00fcalic\u0259 m\u00fc\u0259ssis\u0259sin\u0259 k\u00f6\u00e7\u00fcr\u00fcld\u00fcy\u00fcn\u00fc deyir"}]},{"@type":"WebSite","@id":"https:\/\/www.meydan.tv\/az\/#website","url":"https:\/\/www.meydan.tv\/az\/","name":"MEYDAN.TV","description":"Meydan TV Az\u0259rbaycan\u0131n media m\u0259kan\u0131ndak\u0131 alternativ s\u0259sidir","publisher":{"@id":"https:\/\/www.meydan.tv\/az\/#organization"},"potentialAction":[{"@type":"SearchAction","target":{"@type":"EntryPoint","urlTemplate":"https:\/\/www.meydan.tv\/az\/?s={search_term_string}"},"query-input":{"@type":"PropertyValueSpecification","valueRequired":true,"valueName":"search_term_string"}}],"inLanguage":"az"},{"@type":"Organization","@id":"https:\/\/www.meydan.tv\/az\/#organization","name":"Meydan TV","url":"https:\/\/www.meydan.tv\/az\/","logo":{"@type":"ImageObject","inLanguage":"az","@id":"https:\/\/www.meydan.tv\/az\/#\/schema\/logo\/image\/","url":"https:\/\/www.meydan.tv\/wp-content\/uploads\/2021\/07\/meydan-logo.svg","contentUrl":"https:\/\/www.meydan.tv\/wp-content\/uploads\/2021\/07\/meydan-logo.svg","width":195,"height":46,"caption":"Meydan TV"},"image":{"@id":"https:\/\/www.meydan.tv\/az\/#\/schema\/logo\/image\/"}},{"@type":"Person","@id":"https:\/\/www.meydan.tv\/az\/#\/schema\/person\/9cdbecf90d17180ce1dfbd95b08dcf47","name":"elli","sameAs":["https:\/\/x.com\/elli"]}]}},"_links":{"self":[{"href":"https:\/\/www.meydan.tv\/az\/wp-json\/wp\/v2\/posts\/275184","targetHints":{"allow":["GET"]}}],"collection":[{"href":"https:\/\/www.meydan.tv\/az\/wp-json\/wp\/v2\/posts"}],"about":[{"href":"https:\/\/www.meydan.tv\/az\/wp-json\/wp\/v2\/types\/post"}],"author":[{"embeddable":true,"href":"https:\/\/www.meydan.tv\/az\/wp-json\/wp\/v2\/users\/8"}],"replies":[{"embeddable":true,"href":"https:\/\/www.meydan.tv\/az\/wp-json\/wp\/v2\/comments?post=275184"}],"version-history":[{"count":1,"href":"https:\/\/www.meydan.tv\/az\/wp-json\/wp\/v2\/posts\/275184\/revisions"}],"predecessor-version":[{"id":275186,"href":"https:\/\/www.meydan.tv\/az\/wp-json\/wp\/v2\/posts\/275184\/revisions\/275186"}],"wp:featuredmedia":[{"embeddable":true,"href":"https:\/\/www.meydan.tv\/az\/wp-json\/wp\/v2\/media\/274909"}],"wp:attachment":[{"href":"https:\/\/www.meydan.tv\/az\/wp-json\/wp\/v2\/media?parent=275184"}],"wp:term":[{"taxonomy":"category","embeddable":true,"href":"https:\/\/www.meydan.tv\/az\/wp-json\/wp\/v2\/categories?post=275184"},{"taxonomy":"post_tag","embeddable":true,"href":"https:\/\/www.meydan.tv\/az\/wp-json\/wp\/v2\/tags?post=275184"}],"curies":[{"name":"wp","href":"https:\/\/api.w.org\/{rel}","templated":true}]}}