{"id":275150,"date":"2023-05-15T17:31:20","date_gmt":"2023-05-15T13:31:20","guid":{"rendered":"https:\/\/www.meydan.tv\/?p=275150"},"modified":"2023-05-15T17:46:20","modified_gmt":"2023-05-15T13:46:20","slug":"iki-yarimciq-binaya-yerlesen-goycay-sakinleri-qazsiz-ve-susuz-qaliblar","status":"publish","type":"post","link":"https:\/\/www.meydan.tv\/az\/article\/iki-yarimciq-binaya-yerlesen-goycay-sakinleri-qazsiz-ve-susuz-qaliblar\/","title":{"rendered":"\u0130ki yar\u0131m\u00e7\u0131q binaya yerl\u0259\u015f\u0259n G\u00f6y\u00e7ay sakinl\u0259ri qazs\u0131z v\u0259 susuz qal\u0131blar"},"content":{"rendered":"\n<p><\/p>\n\n\n\n<p><strong><em>\u0130cra Hakimiyy\u0259ti binalara n\u0259zar\u0259t etm\u0259k ist\u0259mir, qanunsuz tikili say\u0131r<\/em><\/strong><\/p>\n\n\n\n<p><em>&#8220;Biz bu binaya 8 il \u00f6nc\u0259 k\u00f6\u00e7m\u00fc\u015f\u00fck. Alanda n\u0259 qap\u0131s\u0131, n\u0259 p\u0259nc\u0259r\u0259si, n\u0259 tavan\u0131, n\u0259 d\u0259 d\u00fcz \u0259m\u0259lli suva\u011f\u0131 vard\u0131. 16 min manat alanda, 10 min manat da t\u0259mirin\u0259 x\u0259rcl\u0259dik. \u00d6d\u0259ni\u015f\u0259 dair m\u00fcqavil\u0259miz var. 26 min manat pul x\u0259rcl\u0259mi\u015fik. Ancaq n\u0259 tam \u015f\u0259raitimiz var, n\u0259 d\u0259 bina \u00e7\u00f6ld\u0259n ya\u015fay\u0131\u015f binas\u0131na ox\u015fay\u0131r&#8221;.<\/em><\/p>\n\n\n\n<p>Bunu Meydan TV-y\u0259 G\u00f6y\u00e7ay \u015f\u0259h\u0259ri, Heyd\u0259r \u018fliyev prospekti, 207C \u00fcnvan\u0131nda yerl\u0259\u015f\u0259n yar\u0131tikili binan\u0131n sakinl\u0259rind\u0259n Ramin Musayev deyir.<\/p>\n\n\n\n<p>Onun s\u00f6zl\u0259rin\u0259 g\u00f6r\u0259, eyni \u00fcnvanda iki yar\u0131m\u00e7\u0131q, k\u00f6hn\u0259 tikili var. Amma 35 ildir ki, bu binalar n\u0259 tam t\u0259mir olunur, n\u0259 d\u0259 sakinl\u0259r\u0259 ya\u015fay\u0131\u015f \u00fc\u00e7\u00fcn normal \u015f\u0259rait yarad\u0131l\u0131r.<\/p>\n\n\n<div class=\"wp-block-image\">\n<figure class=\"aligncenter size-large\"><img decoding=\"async\" width=\"1200\" height=\"540\" data-src=\"https:\/\/www.meydan.tv\/wp-content\/uploads\/img-20230412-wa0183-1200x540.jpg\" alt=\"\" class=\"wp-image-275111 lazyload\" src=\"data:image\/svg+xml;base64,PHN2ZyB3aWR0aD0iMSIgaGVpZ2h0PSIxIiB4bWxucz0iaHR0cDovL3d3dy53My5vcmcvMjAwMC9zdmciPjwvc3ZnPg==\" style=\"--smush-placeholder-width: 1200px; --smush-placeholder-aspect-ratio: 1200\/540;\" \/><\/figure>\n<\/div>\n\n\n<p>Bina sakinl\u0259ri deyir ki, h\u0259r g\u00fcn i\u015f\u0259 gedib-g\u0259l\u0259rk\u0259n m\u0259rk\u0259z\u0259 yax\u0131n, ancaq g\u00f6zd\u0259n uzaq bu binada ya\u015fad\u0131\u011f\u0131na x\u0259cal\u0259t \u00e7\u0259kirl\u0259r. Ancaq n\u0259 bina sahibi, n\u0259 d\u0259 aidiyy\u0259ti qurumlar h\u0259ll \u00fc\u00e7\u00fcn t\u0259l\u0259sir.<\/p>\n\n\n\n<p>Ramin Musayev deyir ki, V\u00fcqar Qas\u0131mov adl\u0131 i\u015f adam\u0131 vaxtil\u0259 bankdan pul g\u00f6t\u00fcr\u00fcb bu binalar\u0131 tikib. Bir bina tam, \u00fc\u00e7\u00fcnc\u00fc bina is\u0259 el\u0259 \u00fc\u00e7\u00fcnc\u00fc m\u0259rt\u0259b\u0259y\u0259 q\u0259d\u0259r tikilib:<\/p>\n\n\n<div class=\"wp-block-image\">\n<figure class=\"aligncenter size-large\"><img decoding=\"async\" width=\"1200\" height=\"540\" data-src=\"https:\/\/www.meydan.tv\/wp-content\/uploads\/img-20230412-wa0189-1200x540.jpg\" alt=\"\" class=\"wp-image-275120 lazyload\" src=\"data:image\/svg+xml;base64,PHN2ZyB3aWR0aD0iMSIgaGVpZ2h0PSIxIiB4bWxucz0iaHR0cDovL3d3dy53My5vcmcvMjAwMC9zdmciPjwvc3ZnPg==\" style=\"--smush-placeholder-width: 1200px; --smush-placeholder-aspect-ratio: 1200\/540;\" \/><\/figure>\n<\/div>\n\n\n<p>&#8220;<em>\u00dcst\u00fcnd\u0259n ill\u0259r ke\u00e7ib, amma n\u0259 binalarda apar\u0131lan i\u015fl\u0259r tamamlan\u0131b, n\u0259 d\u0259 t\u0259hvil-t\u0259slim edilib. Kim \u00f6nc\u0259d\u0259n al\u0131bsa, \u00f6z\u00fc x\u0259rc \u00e7\u0259kib t\u0259mir edib ya\u015fay\u0131r, ancaq g\u00f6zd\u0259n, k\u00f6n\u00fcld\u0259n uzaq. \u00c7\u00f6ld\u0259n boz suvaql\u0131, m\u0259rt\u0259b\u0259l\u0259r yar\u0131m\u00e7\u0131q, qaranl\u0131q v\u0259 m\u0259rk\u0259zd\u0259 bel\u0259 \u015f\u0259raitli b\u0259rbad ya\u015fay\u0131\u015f binas\u0131. Adam utan\u0131r. G\u0259l\u0259n deyir: &#8220;Bu n\u0259 ya\u015fay\u0131\u015f binas\u0131d\u0131r?&#8221; V\u00fcqar Qas\u0131mov adl\u0131 \u015f\u0259xs bankdan g\u00f6t\u00fcrd\u00fcy\u00fc pulu x\u0259rcl\u0259yib binalar\u0131 yar\u0131m\u00e7\u0131q qoyub v\u0259 \u00f6lk\u0259ni t\u0259rk edib. \u0130ndi g\u00f6zl\u0259yirik ki, aidiyy\u0259ti qurumlar, ya kims\u0259 bu binan\u0131 tamamlay\u0131b normal v\u0259ziyy\u0259t\u0259 g\u0259tirsin. Adam bura qonaq g\u0259tirm\u0259y\u0259 utan\u0131r&#8221;.<\/em><\/p>\n\n\n\n<p><strong><em>&#8220;<\/em>X\u0259tl\u0259rd\u0259 q\u0131sa qapanma ba\u015f vers\u0259, b\u00fct\u00fcn binan\u0131n yanmas\u0131na s\u0259b\u0259b olar&#8221;<\/strong><\/p>\n\n\n\n<p>Sakinl\u0259r deyir ki, haz\u0131rda be\u015f m\u0259rt\u0259b\u0259li binada 24 ail\u0259 ya\u015fay\u0131r. Dig\u0259r yar\u0131m\u00e7\u0131q \u00fc\u00e7m\u0259rt\u0259b\u0259li binada is\u0259 ya\u015fay\u0131\u015f yoxdur. \u00c7\u00fcnki evsizl\u0259r v\u0259 m\u0259nzil almaq ist\u0259y\u0259nl\u0259r s\u0259birsizlikl\u0259 binalar\u0131n \u0259sasl\u0131 t\u0259mirini g\u00f6zl\u0259yir.<\/p>\n\n\n\n<p>Binalar &#8220;G\u00f6y\u00e7ay &#8211; Aqrotexservis&#8221; ASC-y\u0259 m\u0259xsusdur. H\u0259min c\u0259miyy\u0259tin s\u0259dri V\u00fcqar Qas\u0131mov is\u0259 \u015firk\u0259ti l\u0259\u011fv ed\u0259r\u0259k Rusiyaya gedib. Haz\u0131rda cavabdeh \u015f\u0259xs n\u0259 bina, n\u0259 sakinl\u0259ri il\u0259 \u0259laq\u0259 saxlay\u0131r.<\/p>\n\n\n<div class=\"wp-block-image\">\n<figure class=\"aligncenter size-large\"><img decoding=\"async\" width=\"1200\" height=\"540\" data-src=\"https:\/\/www.meydan.tv\/wp-content\/uploads\/img-20230412-wa0161-1200x540.jpg\" alt=\"\" class=\"wp-image-275129 lazyload\" src=\"data:image\/svg+xml;base64,PHN2ZyB3aWR0aD0iMSIgaGVpZ2h0PSIxIiB4bWxucz0iaHR0cDovL3d3dy53My5vcmcvMjAwMC9zdmciPjwvc3ZnPg==\" style=\"--smush-placeholder-width: 1200px; --smush-placeholder-aspect-ratio: 1200\/540;\" \/><\/figure>\n<\/div>\n\n\n<p>Binalardak\u0131 \u015f\u0259raitsizlikd\u0259n is\u0259 naraz\u0131l\u0131q var. Sakinl\u0259r h\u0259m su, h\u0259m qaz, h\u0259m d\u0259 elektrik x\u0259ttind\u0259 m\u00fc\u0259yy\u0259n probleml\u0259rin olmas\u0131ndan narahatd\u0131r. \u0130nterneti d\u0259 sakinl\u0259r \u00f6z \u015f\u0259xsi v\u0259saiti hesab\u0131na \u00e7\u0259kdirir.<\/p>\n\n\n\n<p>Binaya zaman\u0131nda su x\u0259tti \u00e7\u0259kils\u0259 d\u0259, su \u0259r\u015f\u0259 \u00e7\u0259kilib. Qaz x\u0259tl\u0259ri is\u0259 h\u0259l\u0259 \u00e7\u0259kilm\u0259yib.<\/p>\n\n\n\n<p>Bina sakini Rasim \u018fliyev deyir ki, qaz\u0131n \u00e7\u0259kilm\u0259si \u00fc\u00e7\u00fcn is\u0259 bina sakinl\u0259rind\u0259n \u00fcmumi 15 min manat m\u0259bl\u0259\u011find\u0259 pul v\u0259saiti t\u0259l\u0259b olunur:<\/p>\n\n\n<div class=\"wp-block-image\">\n<figure class=\"aligncenter size-large\"><img decoding=\"async\" width=\"1200\" height=\"540\" data-src=\"https:\/\/www.meydan.tv\/wp-content\/uploads\/img-20230412-wa0155-1200x540.jpg\" alt=\"\" class=\"wp-image-275126 lazyload\" src=\"data:image\/svg+xml;base64,PHN2ZyB3aWR0aD0iMSIgaGVpZ2h0PSIxIiB4bWxucz0iaHR0cDovL3d3dy53My5vcmcvMjAwMC9zdmciPjwvc3ZnPg==\" style=\"--smush-placeholder-width: 1200px; --smush-placeholder-aspect-ratio: 1200\/540;\" \/><\/figure>\n<\/div>\n\n\n<p>&#8220;<em>Bura k\u00f6\u00e7\u0259nd\u0259n q\u0131\u015fda odun al\u0131b yand\u0131r\u0131r\u0131q. M\u0259tb\u0259xd\u0259 is\u0259 balonla qaz al\u0131b i\u015fl\u0259dirik. Ayda qaza 30-35 manat x\u0259rcimiz \u00e7\u0131x\u0131r. Elektrik enerjisini is\u0259 m\u0259cburiyy\u0259td\u0259n k\u00f6hn\u0259 RTS binas\u0131ndan \u00e7\u0259kmi\u015fik. O da q\u0259zal\u0131d\u0131r, daima q\u0259za yaradacaq v\u0259ziyy\u0259td\u0259dir. 25-30 manat da buna \u00e7\u0131x\u0131r. Qorxuruq ki, x\u0259tl\u0259rd\u0259 q\u0131sa qapanma b\u00fct\u00fcn binan\u0131n yanmas\u0131na s\u0259b\u0259b olar. Qaz\u0131n da \u00e7\u0259kili\u015fin\u0259 \u00f6nc\u0259 5 min, sonra 15 min manat x\u0259rc dedil\u0259r. Haradan alaq? Ax\u0131 b\u00f6y\u00fck m\u0259bl\u0259\u011fdir&#8221;.<\/em><\/p>\n\n\n\n<p><em>&#8220;Ax\u015famlar m\u0259rt\u0259b\u0259l\u0259rl\u0259 qalxmaq m\u00fcmk\u00fcn olmur. H\u0259r yer qaranl\u0131q. Telefon, fanar i\u015f\u0131\u011f\u0131 il\u0259 evimiz\u0259 qalx\u0131r\u0131q. U\u015faq var, ya\u015fl\u0131 var. Ne\u00e7\u0259 d\u0259f\u0259 olub ki, y\u0131x\u0131l\u0131b \u0259l-aya\u011f\u0131m\u0131z\u0131 s\u0131nd\u0131rm\u0131\u015f\u0131q. Binalar\u0131n \u0259traf\u0131 da, tavan\u0131, \u00e7arda\u011f\u0131 da bax\u0131ms\u0131z v\u0259ziyy\u0259td\u0259dir. Binan\u0131n arxas\u0131ndak\u0131 su kanal\u0131na da kim n\u0259 g\u0259lir t\u00f6k\u00fcr. \u00dcf\u00fcn\u0259t iyi g\u0259lir. \u00d6z\u00fcm\u00fcz t\u0259mizl\u0259yirik. \u00dc\u00e7 zibil qutusu yeni g\u0259tirilib. \u018frazi \u015f\u0259h\u0259rin m\u0259rk\u0259zi yox, yaddan \u00e7\u0131xm\u0131\u015f k\u0259nddir el\u0259 bil&#8221;, &#8211;<\/em> dey\u0259 Rasim \u018fliyev bildirir.<\/p>\n\n\n<div class=\"wp-block-image\">\n<figure class=\"aligncenter size-large\"><img decoding=\"async\" width=\"1200\" height=\"540\" data-src=\"https:\/\/www.meydan.tv\/wp-content\/uploads\/img-20230412-wa0177-1200x540.jpg\" alt=\"\" class=\"wp-image-275114 lazyload\" src=\"data:image\/svg+xml;base64,PHN2ZyB3aWR0aD0iMSIgaGVpZ2h0PSIxIiB4bWxucz0iaHR0cDovL3d3dy53My5vcmcvMjAwMC9zdmciPjwvc3ZnPg==\" style=\"--smush-placeholder-width: 1200px; --smush-placeholder-aspect-ratio: 1200\/540;\" \/><\/figure>\n<\/div>\n\n\n<p><strong>&#8220;S\u0259h\u0259r su verilir, sonra k\u0259silir&#8230;&#8221;<\/strong><\/p>\n\n\n\n<p>Sakinl\u0259rinin h\u0259m d\u0259 i\u00e7m\u0259li su problemi var. 4 ayd\u0131r ki, su fasi\u0259l\u0259 il\u0259 verilir. Su x\u0259ttini d\u0259 zaman\u0131nda bina sakinl\u0259ri \u00f6zl\u0259ri \u00e7\u0259kdirib:<\/p>\n\n\n\n<p><em>&#8220;G\u00f6y\u00e7ay rayonunda d\u00f6rd su x\u0259tti var ki, onlardan \u00fc\u00e7\u00fcnd\u0259 texniki problem var. \u00d6zl\u0259ri deyir bunu. Ona g\u00f6r\u0259 b\u00fct\u00fcn \u015f\u0259h\u0259ri su il\u0259 t\u0259min ed\u0259 bilmirl\u0259r. 4 ayd\u0131r ki, su problemi il\u0259 \u00fcz-\u00fcz\u0259yik. S\u0259h\u0259r saatlar\u0131nda su g\u0259lir, g\u00fcnorta saatlar\u0131ndan ax\u015fama q\u0259d\u0259r k\u0259silir. Ax\u015famlar da yen\u0259 z\u0259if su g\u0259lir. Bu su il\u0259 he\u00e7 n\u0259 etm\u0259k olmur. M\u0259tb\u0259xd\u0259, hamamda \u0259ziyy\u0259t \u00e7\u0259kirik. Binaya elektrik, qaz x\u0259ttini, rabit\u0259, internet x\u0259ttini d\u0259 \u00e7\u0259kmirl\u0259r ki, bina tam haz\u0131r deyil v\u0259 qeydiyyata al\u0131nmay\u0131b. \u015e\u0259xsi m\u00fclk kimi gedir bu iki bina. H\u0259min bina sahibinin d\u0259 banka borcu var dey\u0259 \u00fcz\u0259 \u00e7\u0131xm\u0131r. N\u0259 vaxtsa, m\u00fcsadir\u0259 edils\u0259, onda qeydiyyata al\u0131naca\u011f\u0131q&#8221;,<\/em> &#8211; dey\u0259 bina sakini Aysel \u018fliyeva bildirir.<\/p>\n\n\n<div class=\"wp-block-image\">\n<figure class=\"aligncenter size-large\"><img decoding=\"async\" width=\"1200\" height=\"540\" data-src=\"https:\/\/www.meydan.tv\/wp-content\/uploads\/img-20230412-wa0145-1200x540.jpg\" alt=\"\" class=\"wp-image-275151 lazyload\" src=\"data:image\/svg+xml;base64,PHN2ZyB3aWR0aD0iMSIgaGVpZ2h0PSIxIiB4bWxucz0iaHR0cDovL3d3dy53My5vcmcvMjAwMC9zdmciPjwvc3ZnPg==\" style=\"--smush-placeholder-width: 1200px; --smush-placeholder-aspect-ratio: 1200\/540;\" \/><\/figure>\n<\/div>\n\n\n<p><strong><em>&#8220;<\/em>O binalar\u0131 n\u0259 n\u0259zar\u0259t\u0259 g\u00f6t\u00fcr\u0259, n\u0259 d\u0259 kim\u0259s\u0259 ver\u0259 bil\u0259rik&#8221;<\/strong><\/p>\n\n\n\n<p>\u00c7\u0131x\u0131lmaz durumda qalan bina sakinl\u0259ri G\u00f6y\u00e7ay Rayon \u0130cra Hakimiyy\u0259tin\u0259 m\u00fcraci\u0259t edibl\u0259r.<\/p>\n\n\n\n<p>Onlar\u0131n m\u00fcraci\u0259tin\u0259: &#8220;Yeni g\u0259l\u0259n icra ba\u015f\u00e7\u0131s\u0131 baxacaq, h\u0259ll ed\u0259c\u0259k&#8221;, &#8211; dey\u0259 cavab verils\u0259 d\u0259, problem aradan qald\u0131r\u0131lmay\u0131b.<\/p>\n\n\n\n<p>G\u00f6y\u00e7ay\u0131n icra ba\u015f\u00e7\u0131s\u0131n\u0131n birinci m\u00fcavin \u0130kram V\u0259liyev h\u0259min binalar\u0131n texniki c\u0259h\u0259td\u0259n ya\u015fay\u0131\u015f standartlar\u0131na uy\u011fun tikilm\u0259diyini deyib.<\/p>\n\n\n\n<p>O, Meydan TV-y\u0259 bildirib ki, h\u0259r iki bina F\u00f6vq\u0259lad\u0259 Hallar Nazirliyinin (FHN) qeydiyyat\u0131ndan ke\u00e7m\u0259yib.<\/p>\n\n\n<div class=\"wp-block-image\">\n<figure class=\"aligncenter size-large\"><img decoding=\"async\" width=\"1200\" height=\"540\" data-src=\"https:\/\/www.meydan.tv\/wp-content\/uploads\/img-20230412-wa0119-1200x540.jpg\" alt=\"\" class=\"wp-image-275154 lazyload\" src=\"data:image\/svg+xml;base64,PHN2ZyB3aWR0aD0iMSIgaGVpZ2h0PSIxIiB4bWxucz0iaHR0cDovL3d3dy53My5vcmcvMjAwMC9zdmciPjwvc3ZnPg==\" style=\"--smush-placeholder-width: 1200px; --smush-placeholder-aspect-ratio: 1200\/540;\" \/><\/figure>\n<\/div>\n\n\n<p><em>&#8220;O binaya qaz \u00e7\u0259kils\u0259 v\u0259 partlay\u0131\u015f olsa, kim yax\u0131n duracaq? Binalar\u0131n r\u0259smi lahiy\u0259 s\u0259n\u0259di yoxdur. Y\u0259ni hadis\u0259 ba\u015f ver\u0259nd\u0259 cavabdehlik da\u015f\u0131yan qurum olmal\u0131d\u0131r. O binalar s\u0259n\u0259dsizdir dey\u0259 qaz \u00e7\u0259kili\u015fi d\u0259 do\u011fru deyil. \u0130\u015f\u0131\u011f\u0131 da qeyri-qanuni \u00e7\u0259kibl\u0259r. O binalar\u0131 n\u0259 n\u0259zar\u0259t\u0259 g\u00f6t\u00fcr\u0259, n\u0259 d\u0259 kim\u0259s\u0259 ver\u0259 bil\u0259rik. Q\u0259zal\u0131, natamam tikintil\u0259rdi, yenid\u0259n s\u00f6k\u00fcl\u00fcb tikilm\u0259lidir&#8221;.<\/em><\/p>\n\n\n\n<p><strong><em>&#8220;<\/em>\u0130cra Hakimiyy\u0259ti bina tik\u0259n, s\u00f6k\u0259n qurum deyil&#8221;<\/strong><\/p>\n\n\n\n<p>V\u0259t\u0259nda\u015flar\u0131n yaz\u0131l\u0131 m\u00fcraci\u0259tin\u0259 g\u0259ldikd\u0259 is\u0259 G\u00f6y\u00e7ay Rayon \u0130cra Hakimiyy\u0259tinin Memarl\u0131q v\u0259 tikinti \u015f\u00f6b\u0259sind\u0259n \u0259lav\u0259 edibl\u0259r ki, 90-cu ill\u0259rin tikintisi olan binalarda v\u0259t\u0259nda\u015flar\u0131n m\u0259skunla\u015fmas\u0131 qeyri-qanunidir.<\/p>\n\n\n\n<p>Memarl\u0131q \u015f\u00f6b\u0259sind\u0259n bildiribl\u0259r ki, tikintisi yar\u0131m\u00e7\u0131q qalan binadan m\u0259nzil alan v\u0259t\u0259nda\u015flar FHN-in n\u0259zar\u0259ti il\u0259 ora yerl\u0259\u015fm\u0259li idi.<\/p>\n\n\n<div class=\"wp-block-image\">\n<figure class=\"aligncenter size-large\"><img decoding=\"async\" width=\"1200\" height=\"540\" data-src=\"https:\/\/www.meydan.tv\/wp-content\/uploads\/img-20230412-wa0123-1200x540.jpg\" alt=\"\" class=\"wp-image-275157 lazyload\" src=\"data:image\/svg+xml;base64,PHN2ZyB3aWR0aD0iMSIgaGVpZ2h0PSIxIiB4bWxucz0iaHR0cDovL3d3dy53My5vcmcvMjAwMC9zdmciPjwvc3ZnPg==\" style=\"--smush-placeholder-width: 1200px; --smush-placeholder-aspect-ratio: 1200\/540;\" \/><\/figure>\n<\/div>\n\n\n<p><em>&#8220;\u0130cra Hakimiyy\u0259ti bina tik\u0259n, s\u00f6k\u0259n qurum deyil, \u00fcmumiyy\u0259tl\u0259, tikinti, t\u0259mir i\u015fl\u0259ri bizim s\u0259lahiyy\u0259timizd\u0259 deyil. Binan\u0131 \u015firk\u0259t s\u00f6k\u00fcb-tik\u0259 bil\u0259r. O da ortal\u0131qda olmad\u0131\u011f\u0131na g\u00f6r\u0259 FHN ciddi n\u0259zar\u0259t\u0259 g\u00f6t\u00fcrm\u0259lidir ki, hans\u0131sa hadis\u0259 ba\u015f verm\u0259sin. Hans\u0131sa sahibkar o binan\u0131 \u0259vv\u0259lki sahibind\u0259n al\u0131b tamamlaya, ya yenid\u0259n s\u00f6k\u00fcb-tik\u0259 bil\u0259r&#8221;.<\/em><\/p>\n\n\n\n<p><strong>&#8220;MTK sahib \u00e7\u0131xm\u0131rsa, qaz x\u0259ttini sakinl\u0259r \u00e7\u0259km\u0259lidir&#8221;<\/strong><\/p>\n\n\n\n<p>G\u00f6y\u00e7ay Qaz \u0130stismar \u0130dar\u0259sinin r\u0259isi P\u0259rviz \u018fdilov is\u0259 Meydan Tv-y\u0259 bildirib ki, idar\u0259y\u0259 bina sakinl\u0259rind\u0259n r\u0259smi m\u00fcraci\u0259t daxil olmay\u0131b.<\/p>\n\n\n\n<p>Onun s\u00f6zl\u0259rin\u0259 g\u00f6r\u0259, FHN-in texniki bax\u0131\u015f\u0131 v\u0259 r\u0259yind\u0259n sonra binaya qaz x\u0259tti \u00e7\u0259kil\u0259 bil\u0259r:<\/p>\n\n\n<div class=\"wp-block-image\">\n<figure class=\"aligncenter size-large\"><img decoding=\"async\" width=\"1200\" height=\"540\" data-src=\"https:\/\/www.meydan.tv\/wp-content\/uploads\/img-20230412-wa0131-1-1200x540.jpg\" alt=\"\" class=\"wp-image-275170 lazyload\" src=\"data:image\/svg+xml;base64,PHN2ZyB3aWR0aD0iMSIgaGVpZ2h0PSIxIiB4bWxucz0iaHR0cDovL3d3dy53My5vcmcvMjAwMC9zdmciPjwvc3ZnPg==\" style=\"--smush-placeholder-width: 1200px; --smush-placeholder-aspect-ratio: 1200\/540;\" \/><\/figure>\n<\/div>\n\n\n<p>&#8220;<em>\u00dcmumiyy\u0259tl\u0259, \u00f6lk\u0259d\u0259 qaz idar\u0259l\u0259rinin f\u0259rdi v\u0259 binalara qaz x\u0259tti \u00e7\u0259km\u0259k kimi s\u0259lahiyy\u0259ti yoxdur. \u00c7\u0259kili\u015f ancaq podrat\u00e7\u0131 t\u0259\u015fkilatlar\u0131n i\u015fidir. F\u0259rdi ev sahibl\u0259ri &#8220;ASAN Xidm\u0259t&#8221;\u0259 m\u00fcraci\u0259t etm\u0259lidir. Binalara g\u0259linc\u0259 is\u0259 onlar\u0131 tik\u0259n MTK-lar ya &#8220;Az\u0259riqaz&#8221;a, ya da &#8220;Asan Xidm\u0259t&#8221; m\u00fcraci\u0259t etm\u0259lidir, m\u00fc\u0259yy\u0259n r\u00fcsumlar var, onu \u00f6d\u0259m\u0259lidir. Bu halda binaya qaz x\u0259tti \u00e7\u0259kilir. MTK sahib \u00e7\u0131xm\u0131rsa, qaz x\u0259ttini sakinl\u0259r \u00e7\u0259km\u0259lidir. G\u0259lsinl\u0259r, m\u00fcraci\u0259t etsinl\u0259r, biz hara laz\u0131m olsa, ora y\u00f6n\u0259ld\u0259rik. Ancaq binan\u0131n texniki s\u0259n\u0259di olmal\u0131d\u0131r&#8221;.<\/em><\/p>\n\n\n\n<p><strong>&#8220;Torpa\u011f\u0131n \u00e7\u0131xar\u0131\u015f\u0131 v\u0259 FHN-nin r\u0259yi olmad\u0131\u011f\u0131ndan bina qeyri-qanuni tikilidir&#8221;<\/strong><\/p>\n\n\n\n<p>H\u00fcquq\u015f\u00fcnas Taleh H\u00fcseynov is\u0259 Meydan TV-y\u0259 deyib ki, \u00f6lk\u0259d\u0259 bel\u0259 m\u00fcbahis\u0259li ya\u015fay\u0131\u015f binalar\u0131n\u0131n say\u0131 \u00e7oxdur.<\/p>\n\n\n\n<p>O, Prezident \u0130lham \u018fliyevin &#8220;B\u0259zi \u00e7oxm\u0259nzilli binalar\u0131n istismar\u0131na icaz\u0259 verilm\u0259sinin sad\u0259l\u0259\u015fdirilm\u0259si haqq\u0131nda&#8221; 19.02.2019-cu il 529 n\u00f6mr\u0259li F\u0259rman\u0131n\u0131 xat\u0131rlad\u0131b.<\/p>\n\n\n\n<p>Bildirib ki, h\u0259min f\u0259rman 2019-cu ilin yanvar\u0131n 1-d\u0259k tikilmi\u015f, m\u0259skunla\u015fm\u0131\u015f, amma tikinti icra\u00e7\u0131lar\u0131 t\u0259r\u0259find\u0259n \u015f\u0259h\u0259rsalma qanunvericiliyi t\u0259l\u0259bl\u0259rinin pozulmas\u0131, yaxud tikinti layih\u0259l\u0259rinin r\u0259smil\u0259\u015fdirilm\u0259sind\u0259ki \u00e7at\u0131\u015fmazl\u0131qlarla \u0259laq\u0259dar vaxt\u0131nda istismar\u0131na icaz\u0259 verilm\u0259y\u0259n \u00e7oxm\u0259nzilli binalar\u0131 \u0259hat\u0259 edir.<\/p>\n\n\n<div class=\"wp-block-image\">\n<figure class=\"aligncenter size-large\"><img decoding=\"async\" width=\"1200\" height=\"540\" data-src=\"https:\/\/www.meydan.tv\/wp-content\/uploads\/img-20230412-wa0113-1200x540.jpg\" alt=\"\" class=\"wp-image-275163 lazyload\" src=\"data:image\/svg+xml;base64,PHN2ZyB3aWR0aD0iMSIgaGVpZ2h0PSIxIiB4bWxucz0iaHR0cDovL3d3dy53My5vcmcvMjAwMC9zdmciPjwvc3ZnPg==\" style=\"--smush-placeholder-width: 1200px; --smush-placeholder-aspect-ratio: 1200\/540;\" \/><\/figure>\n<\/div>\n\n\n<p>F\u0259rmana \u0259sas\u0259n, bel\u0259 binlardak\u0131 ya\u015fay\u0131\u015f evl\u0259rinin konstruksiyalar\u0131n\u0131n dayan\u0131ql\u0131\u011f\u0131, dig\u0259r t\u0259hl\u00fck\u0259sizlik t\u0259l\u0259bl\u0259ri F\u00f6vq\u0259lad\u0259 Hallar Nazirliyinin m\u00fcvafiq strukturlar\u0131 yoxlay\u0131r, apar\u0131lm\u0131\u015f m\u00fcayin\u0259l\u0259rin n\u0259tic\u0259sind\u0259 veril\u0259n m\u00fcsb\u0259t r\u0259yl\u0259r \u0259sas\u0131nda D\u00f6vl\u0259t \u015e\u0259h\u0259rsalma v\u0259 Arxitektura Komit\u0259si, respublikan\u0131n dig\u0259r \u015f\u0259h\u0259rl\u0259rin\u0259 m\u00fcnasib\u0259td\u0259 is\u0259 m\u00fcvafiq yerli icra hakimiyy\u0259ti orqanlar\u0131 t\u0259r\u0259find\u0259n problemli binalar\u0131n sad\u0259l\u0259\u015fdirilmi\u015f formada istismar\u0131na icaz\u0259l\u0259r verilir.<\/p>\n\n\n\n<p><em>&#8220;Bu c\u00fcr binalar\u0131n istismara q\u0259bul olunmamas\u0131 h\u0259m m\u0259nzili alan v\u0259t\u0259nda\u015flar\u0131n m\u00fclkiyy\u0259t h\u00fcququnu pozur, h\u0259m d\u0259 \u00fcmumiyy\u0259tl\u0259 ordak\u0131 ya\u015fay\u0131\u015f\u0131n t\u0259hl\u00fck\u0259sizliyini sual alt\u0131na al\u0131r. Bu f\u0259rman\u0131n q\u0259bulundan sonra i\u015f\u0131q, su, po\u00e7t xidm\u0259ti kimi probleml\u0259rl\u0259 \u00fczl\u0259\u015fmi\u015f v\u0259t\u0259nda\u015flar\u0131n bu \u00e7\u0259tinlikl\u0259rd\u0259n xilas olaca\u011f\u0131 g\u00f6rs\u0259nirdi, t\u0259\u0259ss\u00fcf ki, ciddi bir ir\u0259lil\u0259yi\u015f g\u00f6r\u00fcnm\u00fcr. Haz\u0131rda F\u00f6vqalad\u0259 Hallar Nazirliyinin r\u0259yi \u0259sas\u0131nda \u00e7ox az sayda bu c\u00fcr problemli binalar\u0131n sad\u0259l\u0259\u015fdirilmi\u015f formada istismar\u0131na icaz\u0259l\u0259r verilib. \u0130stimar\u0131na icaz\u0259 verilm\u0259y\u0259n binadak\u0131 m\u0259nzill\u0259r\u0259 is\u0259 g\u0259l\u0259c\u0259kd\u0259 da\u015f\u0131nmaz \u0259mlak\u0131n d\u00f6vl\u0259t reyestrind\u0259n \u00e7\u0131xar\u0131\u015f\u0131n al\u0131nmas\u0131 da m\u00fcmk\u00fcn olmur&#8221;, &#8211;<\/em> dey\u0259 h\u00fcquq\u015f\u00fcnas bildirib.<\/p>\n\n\n<div class=\"wp-block-image\">\n<figure class=\"aligncenter size-full\"><img decoding=\"async\" width=\"1200\" height=\"800\" data-src=\"https:\/\/www.meydan.tv\/wp-content\/uploads\/untitled-design-129.jpg\" alt=\"\" class=\"wp-image-275166 lazyload\" src=\"data:image\/svg+xml;base64,PHN2ZyB3aWR0aD0iMSIgaGVpZ2h0PSIxIiB4bWxucz0iaHR0cDovL3d3dy53My5vcmcvMjAwMC9zdmciPjwvc3ZnPg==\" style=\"--smush-placeholder-width: 1200px; --smush-placeholder-aspect-ratio: 1200\/800;\" \/><\/figure>\n<\/div>\n\n\n<p>O deyir ki, v\u0259t\u0259nda\u015flar m\u0259nzil alark\u0259n m\u00fcqavil\u0259 il\u0259 yana\u015f\u0131, binan\u0131n elektrik, su, qaz x\u0259tti il\u0259 t\u0259chiz olunmas\u0131na da diqq\u0259t ay\u0131rs\u0131nlar.<\/p>\n\n\n\n<p>H\u00fcquq\u015f\u00fcnas hesab edir ki, torpaq m\u00fclkiyy\u0259tini t\u0259sdiq ed\u0259n \u00e7\u0131xar\u0131\u015f v\u0259 FHN-nin r\u0259yi olmad\u0131\u011f\u0131ndan bina qeyri-qanuni tikilidir:<\/p>\n\n\n\n<p>&#8220;<em>\u018fg\u0259r binadak\u0131 m\u0259nzill\u0259rin 50-55%-i sat\u0131l\u0131bsa, h\u0259min bina sakinl\u0259ri &#8220;M\u0259nzil M\u00fclkiyy\u0259tinin M\u00fc\u015ft\u0259r\u0259k&#8221; C\u0259miyy\u0259ti adl\u0131 \u00f6z MMMC yarad\u0131b r\u0259hb\u0259r t\u0259yin ed\u0259 bil\u0259rl\u0259r. H\u0259min MMMC-nin binan\u0131n idar\u0259\u00e7iliyind\u0259 i\u015ftirak etm\u0259k h\u00fcququ var. MTK r\u0259hb\u0259rliyin\u0259 g\u0259ldikd\u0259 is\u0259 mqavil\u0259d\u0259 binan\u0131n hans\u0131 m\u00fcdd\u0259t \u0259rzind\u0259 tikilib t\u0259hvil veril\u0259c\u0259yi qeyd olunubsa, h\u0259min m\u00fcdd\u0259t ba\u015fa \u00e7atd\u0131\u011f\u0131 tarixd\u0259n sakinl\u0259r bina r\u0259hb\u0259rin\u0259 qar\u015f\u0131 iddia qald\u0131r\u0131b m\u00fcqavil\u0259 \u00fczr\u0259 \u00f6hd\u0259likl\u0259rin yerin\u0259 yetirilm\u0259sini, yaxud d\u0259ymi\u015f z\u0259r\u0259rin (\u00f6d\u0259nilmi\u015f m\u0259bl\u0259\u011fin) qaytar\u0131lmas\u0131n\u0131 t\u0259l\u0259b ed\u0259 bil\u0259rl\u0259r&#8221;.<\/em><\/p>\n\n\n\n<figure class=\"wp-block-image size-large\"><img decoding=\"async\" width=\"1200\" height=\"540\" data-src=\"https:\/\/www.meydan.tv\/wp-content\/uploads\/img-20230412-wa0098-1200x540.jpg\" alt=\"\" class=\"wp-image-275160 lazyload\" src=\"data:image\/svg+xml;base64,PHN2ZyB3aWR0aD0iMSIgaGVpZ2h0PSIxIiB4bWxucz0iaHR0cDovL3d3dy53My5vcmcvMjAwMC9zdmciPjwvc3ZnPg==\" style=\"--smush-placeholder-width: 1200px; --smush-placeholder-aspect-ratio: 1200\/540;\" \/><\/figure>\n","protected":false},"excerpt":{"rendered":"<p>\u0130cra Hakimiyy\u0259ti binalara n\u0259zar\u0259t etm\u0259k ist\u0259mir, qanunsuz tikili say\u0131r &#8220;Biz &#8230; <\/p>\n<p class=\"read-more-container\"><a title=\"\u0130ki yar\u0131m\u00e7\u0131q binaya yerl\u0259\u015f\u0259n G\u00f6y\u00e7ay sakinl\u0259ri qazs\u0131z v\u0259 susuz qal\u0131blar\" class=\"read-more button\" href=\"https:\/\/www.meydan.tv\/az\/article\/iki-yarimciq-binaya-yerlesen-goycay-sakinleri-qazsiz-ve-susuz-qaliblar\/#more-275150\" aria-label=\"Read more about \u0130ki yar\u0131m\u00e7\u0131q binaya yerl\u0259\u015f\u0259n G\u00f6y\u00e7ay sakinl\u0259ri qazs\u0131z v\u0259 susuz qal\u0131blar\">Davam\u0131<\/a><\/p>\n","protected":false},"author":8,"featured_media":275178,"comment_status":"closed","ping_status":"closed","sticky":false,"template":"","format":"standard","meta":{"_acf_changed":false,"_sitemap_exclude":false,"_sitemap_priority":"","_sitemap_frequency":"","footnotes":""},"categories":[60,88,56],"tags":[],"class_list":["post-275150","post","type-post","status-publish","format-standard","has-post-thumbnail","hentry","category-bolge","category-redaktor-secimi","category-xeberler","infinite-scroll-item","generate-columns","tablet-grid-50","mobile-grid-100","grid-parent","grid-33","no-featured-image-padding"],"acf":[],"yoast_head":"<!-- This site is optimized with the Yoast SEO plugin v27.5 - https:\/\/yoast.com\/product\/yoast-seo-wordpress\/ -->\n<title>\u0130ki yar\u0131m\u00e7\u0131q binaya yerl\u0259\u015f\u0259n G\u00f6y\u00e7ay sakinl\u0259ri qazs\u0131z v\u0259 susuz qal\u0131blar - MEYDAN.TV<\/title>\n<meta name=\"robots\" content=\"index, follow, max-snippet:-1, max-image-preview:large, max-video-preview:-1\" \/>\n<link rel=\"canonical\" href=\"https:\/\/www.meydan.tv\/az\/article\/iki-yarimciq-binaya-yerlesen-goycay-sakinleri-qazsiz-ve-susuz-qaliblar\/\" \/>\n<meta property=\"og:locale\" content=\"az_AZ\" \/>\n<meta property=\"og:type\" content=\"article\" \/>\n<meta property=\"og:title\" content=\"\u0130ki yar\u0131m\u00e7\u0131q binaya yerl\u0259\u015f\u0259n G\u00f6y\u00e7ay sakinl\u0259ri qazs\u0131z v\u0259 susuz qal\u0131blar - MEYDAN.TV\" \/>\n<meta property=\"og:description\" content=\"\u0130cra Hakimiyy\u0259ti binalara n\u0259zar\u0259t etm\u0259k ist\u0259mir, qanunsuz tikili say\u0131r &#8220;Biz ... Davam\u0131\" \/>\n<meta property=\"og:url\" content=\"https:\/\/www.meydan.tv\/az\/article\/iki-yarimciq-binaya-yerlesen-goycay-sakinleri-qazsiz-ve-susuz-qaliblar\/\" \/>\n<meta property=\"og:site_name\" content=\"MEYDAN.TV\" \/>\n<meta property=\"article:published_time\" content=\"2023-05-15T13:31:20+00:00\" \/>\n<meta property=\"article:modified_time\" content=\"2023-05-15T13:46:20+00:00\" \/>\n<meta property=\"og:image\" content=\"https:\/\/www.meydan.tv\/wp-content\/uploads\/img-20230412-wa0085.jpg\" \/>\n\t<meta property=\"og:image:width\" content=\"1280\" \/>\n\t<meta property=\"og:image:height\" content=\"576\" \/>\n\t<meta property=\"og:image:type\" content=\"image\/jpeg\" \/>\n<meta name=\"author\" content=\"elli\" \/>\n<meta name=\"twitter:card\" content=\"summary_large_image\" \/>\n<meta name=\"twitter:creator\" content=\"@elli\" \/>\n<script type=\"application\/ld+json\" class=\"yoast-schema-graph\">{\"@context\":\"https:\\\/\\\/schema.org\",\"@graph\":[{\"@type\":\"Article\",\"@id\":\"https:\\\/\\\/www.meydan.tv\\\/az\\\/article\\\/iki-yarimciq-binaya-yerlesen-goycay-sakinleri-qazsiz-ve-susuz-qaliblar\\\/#article\",\"isPartOf\":{\"@id\":\"https:\\\/\\\/www.meydan.tv\\\/az\\\/article\\\/iki-yarimciq-binaya-yerlesen-goycay-sakinleri-qazsiz-ve-susuz-qaliblar\\\/\"},\"author\":{\"name\":\"elli\",\"@id\":\"https:\\\/\\\/www.meydan.tv\\\/az\\\/#\\\/schema\\\/person\\\/9cdbecf90d17180ce1dfbd95b08dcf47\"},\"headline\":\"\u0130ki yar\u0131m\u00e7\u0131q binaya yerl\u0259\u015f\u0259n G\u00f6y\u00e7ay sakinl\u0259ri qazs\u0131z v\u0259 susuz qal\u0131blar\",\"datePublished\":\"2023-05-15T13:31:20+00:00\",\"dateModified\":\"2023-05-15T13:46:20+00:00\",\"mainEntityOfPage\":{\"@id\":\"https:\\\/\\\/www.meydan.tv\\\/az\\\/article\\\/iki-yarimciq-binaya-yerlesen-goycay-sakinleri-qazsiz-ve-susuz-qaliblar\\\/\"},\"wordCount\":2118,\"publisher\":{\"@id\":\"https:\\\/\\\/www.meydan.tv\\\/az\\\/#organization\"},\"image\":{\"@id\":\"https:\\\/\\\/www.meydan.tv\\\/az\\\/article\\\/iki-yarimciq-binaya-yerlesen-goycay-sakinleri-qazsiz-ve-susuz-qaliblar\\\/#primaryimage\"},\"thumbnailUrl\":\"https:\\\/\\\/www.meydan.tv\\\/wp-content\\\/uploads\\\/img-20230412-wa0085.jpg\",\"articleSection\":[\"B\u00f6lg\u0259\",\"Redaktor se\u00e7imi\",\"X\u0259b\u0259rl\u0259r\"],\"inLanguage\":\"az\"},{\"@type\":\"WebPage\",\"@id\":\"https:\\\/\\\/www.meydan.tv\\\/az\\\/article\\\/iki-yarimciq-binaya-yerlesen-goycay-sakinleri-qazsiz-ve-susuz-qaliblar\\\/\",\"url\":\"https:\\\/\\\/www.meydan.tv\\\/az\\\/article\\\/iki-yarimciq-binaya-yerlesen-goycay-sakinleri-qazsiz-ve-susuz-qaliblar\\\/\",\"name\":\"\u0130ki yar\u0131m\u00e7\u0131q binaya yerl\u0259\u015f\u0259n G\u00f6y\u00e7ay sakinl\u0259ri qazs\u0131z v\u0259 susuz qal\u0131blar - MEYDAN.TV\",\"isPartOf\":{\"@id\":\"https:\\\/\\\/www.meydan.tv\\\/az\\\/#website\"},\"primaryImageOfPage\":{\"@id\":\"https:\\\/\\\/www.meydan.tv\\\/az\\\/article\\\/iki-yarimciq-binaya-yerlesen-goycay-sakinleri-qazsiz-ve-susuz-qaliblar\\\/#primaryimage\"},\"image\":{\"@id\":\"https:\\\/\\\/www.meydan.tv\\\/az\\\/article\\\/iki-yarimciq-binaya-yerlesen-goycay-sakinleri-qazsiz-ve-susuz-qaliblar\\\/#primaryimage\"},\"thumbnailUrl\":\"https:\\\/\\\/www.meydan.tv\\\/wp-content\\\/uploads\\\/img-20230412-wa0085.jpg\",\"datePublished\":\"2023-05-15T13:31:20+00:00\",\"dateModified\":\"2023-05-15T13:46:20+00:00\",\"breadcrumb\":{\"@id\":\"https:\\\/\\\/www.meydan.tv\\\/az\\\/article\\\/iki-yarimciq-binaya-yerlesen-goycay-sakinleri-qazsiz-ve-susuz-qaliblar\\\/#breadcrumb\"},\"inLanguage\":\"az\",\"potentialAction\":[{\"@type\":\"ReadAction\",\"target\":[\"https:\\\/\\\/www.meydan.tv\\\/az\\\/article\\\/iki-yarimciq-binaya-yerlesen-goycay-sakinleri-qazsiz-ve-susuz-qaliblar\\\/\"]}]},{\"@type\":\"ImageObject\",\"inLanguage\":\"az\",\"@id\":\"https:\\\/\\\/www.meydan.tv\\\/az\\\/article\\\/iki-yarimciq-binaya-yerlesen-goycay-sakinleri-qazsiz-ve-susuz-qaliblar\\\/#primaryimage\",\"url\":\"https:\\\/\\\/www.meydan.tv\\\/wp-content\\\/uploads\\\/img-20230412-wa0085.jpg\",\"contentUrl\":\"https:\\\/\\\/www.meydan.tv\\\/wp-content\\\/uploads\\\/img-20230412-wa0085.jpg\",\"width\":1280,\"height\":576,\"caption\":\"Fotolar: Meydan TV\"},{\"@type\":\"BreadcrumbList\",\"@id\":\"https:\\\/\\\/www.meydan.tv\\\/az\\\/article\\\/iki-yarimciq-binaya-yerlesen-goycay-sakinleri-qazsiz-ve-susuz-qaliblar\\\/#breadcrumb\",\"itemListElement\":[{\"@type\":\"ListItem\",\"position\":1,\"name\":\"Ana s\u0259hif\u0259\",\"item\":\"https:\\\/\\\/www.meydan.tv\\\/az\\\/\"},{\"@type\":\"ListItem\",\"position\":2,\"name\":\"B\u00f6lg\u0259\",\"item\":\"https:\\\/\\\/www.meydan.tv\\\/az\\\/section\\\/bolge\\\/\"},{\"@type\":\"ListItem\",\"position\":3,\"name\":\"\u0130ki yar\u0131m\u00e7\u0131q binaya yerl\u0259\u015f\u0259n G\u00f6y\u00e7ay sakinl\u0259ri qazs\u0131z v\u0259 susuz qal\u0131blar\"}]},{\"@type\":\"WebSite\",\"@id\":\"https:\\\/\\\/www.meydan.tv\\\/az\\\/#website\",\"url\":\"https:\\\/\\\/www.meydan.tv\\\/az\\\/\",\"name\":\"MEYDAN.TV\",\"description\":\"Meydan TV Az\u0259rbaycan\u0131n media m\u0259kan\u0131ndak\u0131 alternativ s\u0259sidir\",\"publisher\":{\"@id\":\"https:\\\/\\\/www.meydan.tv\\\/az\\\/#organization\"},\"potentialAction\":[{\"@type\":\"SearchAction\",\"target\":{\"@type\":\"EntryPoint\",\"urlTemplate\":\"https:\\\/\\\/www.meydan.tv\\\/az\\\/?s={search_term_string}\"},\"query-input\":{\"@type\":\"PropertyValueSpecification\",\"valueRequired\":true,\"valueName\":\"search_term_string\"}}],\"inLanguage\":\"az\"},{\"@type\":\"Organization\",\"@id\":\"https:\\\/\\\/www.meydan.tv\\\/az\\\/#organization\",\"name\":\"Meydan TV\",\"url\":\"https:\\\/\\\/www.meydan.tv\\\/az\\\/\",\"logo\":{\"@type\":\"ImageObject\",\"inLanguage\":\"az\",\"@id\":\"https:\\\/\\\/www.meydan.tv\\\/az\\\/#\\\/schema\\\/logo\\\/image\\\/\",\"url\":\"https:\\\/\\\/www.meydan.tv\\\/wp-content\\\/uploads\\\/2021\\\/07\\\/meydan-logo.svg\",\"contentUrl\":\"https:\\\/\\\/www.meydan.tv\\\/wp-content\\\/uploads\\\/2021\\\/07\\\/meydan-logo.svg\",\"width\":195,\"height\":46,\"caption\":\"Meydan TV\"},\"image\":{\"@id\":\"https:\\\/\\\/www.meydan.tv\\\/az\\\/#\\\/schema\\\/logo\\\/image\\\/\"}},{\"@type\":\"Person\",\"@id\":\"https:\\\/\\\/www.meydan.tv\\\/az\\\/#\\\/schema\\\/person\\\/9cdbecf90d17180ce1dfbd95b08dcf47\",\"name\":\"elli\",\"sameAs\":[\"https:\\\/\\\/x.com\\\/elli\"]}]}<\/script>\n<!-- \/ Yoast SEO plugin. -->","yoast_head_json":{"title":"\u0130ki yar\u0131m\u00e7\u0131q binaya yerl\u0259\u015f\u0259n G\u00f6y\u00e7ay sakinl\u0259ri qazs\u0131z v\u0259 susuz qal\u0131blar - MEYDAN.TV","robots":{"index":"index","follow":"follow","max-snippet":"max-snippet:-1","max-image-preview":"max-image-preview:large","max-video-preview":"max-video-preview:-1"},"canonical":"https:\/\/www.meydan.tv\/az\/article\/iki-yarimciq-binaya-yerlesen-goycay-sakinleri-qazsiz-ve-susuz-qaliblar\/","og_locale":"az_AZ","og_type":"article","og_title":"\u0130ki yar\u0131m\u00e7\u0131q binaya yerl\u0259\u015f\u0259n G\u00f6y\u00e7ay sakinl\u0259ri qazs\u0131z v\u0259 susuz qal\u0131blar - MEYDAN.TV","og_description":"\u0130cra Hakimiyy\u0259ti binalara n\u0259zar\u0259t etm\u0259k ist\u0259mir, qanunsuz tikili say\u0131r &#8220;Biz ... Davam\u0131","og_url":"https:\/\/www.meydan.tv\/az\/article\/iki-yarimciq-binaya-yerlesen-goycay-sakinleri-qazsiz-ve-susuz-qaliblar\/","og_site_name":"MEYDAN.TV","article_published_time":"2023-05-15T13:31:20+00:00","article_modified_time":"2023-05-15T13:46:20+00:00","og_image":[{"width":1280,"height":576,"url":"https:\/\/www.meydan.tv\/wp-content\/uploads\/img-20230412-wa0085.jpg","type":"image\/jpeg"}],"author":"elli","twitter_card":"summary_large_image","twitter_creator":"@elli","schema":{"@context":"https:\/\/schema.org","@graph":[{"@type":"Article","@id":"https:\/\/www.meydan.tv\/az\/article\/iki-yarimciq-binaya-yerlesen-goycay-sakinleri-qazsiz-ve-susuz-qaliblar\/#article","isPartOf":{"@id":"https:\/\/www.meydan.tv\/az\/article\/iki-yarimciq-binaya-yerlesen-goycay-sakinleri-qazsiz-ve-susuz-qaliblar\/"},"author":{"name":"elli","@id":"https:\/\/www.meydan.tv\/az\/#\/schema\/person\/9cdbecf90d17180ce1dfbd95b08dcf47"},"headline":"\u0130ki yar\u0131m\u00e7\u0131q binaya yerl\u0259\u015f\u0259n G\u00f6y\u00e7ay sakinl\u0259ri qazs\u0131z v\u0259 susuz qal\u0131blar","datePublished":"2023-05-15T13:31:20+00:00","dateModified":"2023-05-15T13:46:20+00:00","mainEntityOfPage":{"@id":"https:\/\/www.meydan.tv\/az\/article\/iki-yarimciq-binaya-yerlesen-goycay-sakinleri-qazsiz-ve-susuz-qaliblar\/"},"wordCount":2118,"publisher":{"@id":"https:\/\/www.meydan.tv\/az\/#organization"},"image":{"@id":"https:\/\/www.meydan.tv\/az\/article\/iki-yarimciq-binaya-yerlesen-goycay-sakinleri-qazsiz-ve-susuz-qaliblar\/#primaryimage"},"thumbnailUrl":"https:\/\/www.meydan.tv\/wp-content\/uploads\/img-20230412-wa0085.jpg","articleSection":["B\u00f6lg\u0259","Redaktor se\u00e7imi","X\u0259b\u0259rl\u0259r"],"inLanguage":"az"},{"@type":"WebPage","@id":"https:\/\/www.meydan.tv\/az\/article\/iki-yarimciq-binaya-yerlesen-goycay-sakinleri-qazsiz-ve-susuz-qaliblar\/","url":"https:\/\/www.meydan.tv\/az\/article\/iki-yarimciq-binaya-yerlesen-goycay-sakinleri-qazsiz-ve-susuz-qaliblar\/","name":"\u0130ki yar\u0131m\u00e7\u0131q binaya yerl\u0259\u015f\u0259n G\u00f6y\u00e7ay sakinl\u0259ri qazs\u0131z v\u0259 susuz qal\u0131blar - MEYDAN.TV","isPartOf":{"@id":"https:\/\/www.meydan.tv\/az\/#website"},"primaryImageOfPage":{"@id":"https:\/\/www.meydan.tv\/az\/article\/iki-yarimciq-binaya-yerlesen-goycay-sakinleri-qazsiz-ve-susuz-qaliblar\/#primaryimage"},"image":{"@id":"https:\/\/www.meydan.tv\/az\/article\/iki-yarimciq-binaya-yerlesen-goycay-sakinleri-qazsiz-ve-susuz-qaliblar\/#primaryimage"},"thumbnailUrl":"https:\/\/www.meydan.tv\/wp-content\/uploads\/img-20230412-wa0085.jpg","datePublished":"2023-05-15T13:31:20+00:00","dateModified":"2023-05-15T13:46:20+00:00","breadcrumb":{"@id":"https:\/\/www.meydan.tv\/az\/article\/iki-yarimciq-binaya-yerlesen-goycay-sakinleri-qazsiz-ve-susuz-qaliblar\/#breadcrumb"},"inLanguage":"az","potentialAction":[{"@type":"ReadAction","target":["https:\/\/www.meydan.tv\/az\/article\/iki-yarimciq-binaya-yerlesen-goycay-sakinleri-qazsiz-ve-susuz-qaliblar\/"]}]},{"@type":"ImageObject","inLanguage":"az","@id":"https:\/\/www.meydan.tv\/az\/article\/iki-yarimciq-binaya-yerlesen-goycay-sakinleri-qazsiz-ve-susuz-qaliblar\/#primaryimage","url":"https:\/\/www.meydan.tv\/wp-content\/uploads\/img-20230412-wa0085.jpg","contentUrl":"https:\/\/www.meydan.tv\/wp-content\/uploads\/img-20230412-wa0085.jpg","width":1280,"height":576,"caption":"Fotolar: Meydan TV"},{"@type":"BreadcrumbList","@id":"https:\/\/www.meydan.tv\/az\/article\/iki-yarimciq-binaya-yerlesen-goycay-sakinleri-qazsiz-ve-susuz-qaliblar\/#breadcrumb","itemListElement":[{"@type":"ListItem","position":1,"name":"Ana s\u0259hif\u0259","item":"https:\/\/www.meydan.tv\/az\/"},{"@type":"ListItem","position":2,"name":"B\u00f6lg\u0259","item":"https:\/\/www.meydan.tv\/az\/section\/bolge\/"},{"@type":"ListItem","position":3,"name":"\u0130ki yar\u0131m\u00e7\u0131q binaya yerl\u0259\u015f\u0259n G\u00f6y\u00e7ay sakinl\u0259ri qazs\u0131z v\u0259 susuz qal\u0131blar"}]},{"@type":"WebSite","@id":"https:\/\/www.meydan.tv\/az\/#website","url":"https:\/\/www.meydan.tv\/az\/","name":"MEYDAN.TV","description":"Meydan TV Az\u0259rbaycan\u0131n media m\u0259kan\u0131ndak\u0131 alternativ s\u0259sidir","publisher":{"@id":"https:\/\/www.meydan.tv\/az\/#organization"},"potentialAction":[{"@type":"SearchAction","target":{"@type":"EntryPoint","urlTemplate":"https:\/\/www.meydan.tv\/az\/?s={search_term_string}"},"query-input":{"@type":"PropertyValueSpecification","valueRequired":true,"valueName":"search_term_string"}}],"inLanguage":"az"},{"@type":"Organization","@id":"https:\/\/www.meydan.tv\/az\/#organization","name":"Meydan TV","url":"https:\/\/www.meydan.tv\/az\/","logo":{"@type":"ImageObject","inLanguage":"az","@id":"https:\/\/www.meydan.tv\/az\/#\/schema\/logo\/image\/","url":"https:\/\/www.meydan.tv\/wp-content\/uploads\/2021\/07\/meydan-logo.svg","contentUrl":"https:\/\/www.meydan.tv\/wp-content\/uploads\/2021\/07\/meydan-logo.svg","width":195,"height":46,"caption":"Meydan TV"},"image":{"@id":"https:\/\/www.meydan.tv\/az\/#\/schema\/logo\/image\/"}},{"@type":"Person","@id":"https:\/\/www.meydan.tv\/az\/#\/schema\/person\/9cdbecf90d17180ce1dfbd95b08dcf47","name":"elli","sameAs":["https:\/\/x.com\/elli"]}]}},"_links":{"self":[{"href":"https:\/\/www.meydan.tv\/az\/wp-json\/wp\/v2\/posts\/275150","targetHints":{"allow":["GET"]}}],"collection":[{"href":"https:\/\/www.meydan.tv\/az\/wp-json\/wp\/v2\/posts"}],"about":[{"href":"https:\/\/www.meydan.tv\/az\/wp-json\/wp\/v2\/types\/post"}],"author":[{"embeddable":true,"href":"https:\/\/www.meydan.tv\/az\/wp-json\/wp\/v2\/users\/8"}],"replies":[{"embeddable":true,"href":"https:\/\/www.meydan.tv\/az\/wp-json\/wp\/v2\/comments?post=275150"}],"version-history":[{"count":2,"href":"https:\/\/www.meydan.tv\/az\/wp-json\/wp\/v2\/posts\/275150\/revisions"}],"predecessor-version":[{"id":275182,"href":"https:\/\/www.meydan.tv\/az\/wp-json\/wp\/v2\/posts\/275150\/revisions\/275182"}],"wp:featuredmedia":[{"embeddable":true,"href":"https:\/\/www.meydan.tv\/az\/wp-json\/wp\/v2\/media\/275178"}],"wp:attachment":[{"href":"https:\/\/www.meydan.tv\/az\/wp-json\/wp\/v2\/media?parent=275150"}],"wp:term":[{"taxonomy":"category","embeddable":true,"href":"https:\/\/www.meydan.tv\/az\/wp-json\/wp\/v2\/categories?post=275150"},{"taxonomy":"post_tag","embeddable":true,"href":"https:\/\/www.meydan.tv\/az\/wp-json\/wp\/v2\/tags?post=275150"}],"curies":[{"name":"wp","href":"https:\/\/api.w.org\/{rel}","templated":true}]}}