{"id":275089,"date":"2023-05-15T14:57:20","date_gmt":"2023-05-15T10:57:20","guid":{"rendered":"https:\/\/www.meydan.tv\/?p=275089"},"modified":"2023-05-15T15:56:28","modified_gmt":"2023-05-15T11:56:28","slug":"masallida-mektebde-sagird-sayina-uygun-parta-yoxdur-avadanliqlar-siradan-cixib","status":"publish","type":"post","link":"https:\/\/www.meydan.tv\/az\/article\/masallida-mektebde-sagird-sayina-uygun-parta-yoxdur-avadanliqlar-siradan-cixib\/","title":{"rendered":"Masall\u0131da: \u201cM\u0259kt\u0259bd\u0259 \u015fagird say\u0131na uy\u011fun parta yoxdur, avadanl\u0131qlar s\u0131radan \u00e7\u0131x\u0131b\u201d"},"content":{"rendered":"\n<p><\/p>\n\n\n\n<p><strong><em>M\u0259kt\u0259bin direktoru deyil\u0259nl\u0259rl\u0259 raz\u0131la\u015fm\u0131r<\/em><\/strong><\/p>\n\n\n\n<p>Masall\u0131 rayonunun Yeni Zuvand k\u0259ndind\u0259ki orta m\u0259kt\u0259b binas\u0131n\u0131n \u0259sasl\u0131 t\u0259mir\u0259 ehtiyac\u0131 var. El\u0259 yerli sakinl\u0259ri d\u0259 \u0259n \u00e7ox narahat ed\u0259n m\u0259s\u0259l\u0259l\u0259rd\u0259n biri budur.<\/p>\n\n\n\n<p><em>\u201cMasall\u0131n\u0131n k\u0259ndl\u0259rd\u0259ki m\u0259kt\u0259bl\u0259rin tam \u0259ks\u0259riyy\u0259ti q\u0259zal\u0131 v\u0259ziyy\u0259td\u0259dir. Binalar t\u0259mirsizdir, istilik yoxdur, b\u0259zi k\u0259ndl\u0259rd\u0259 is\u0259 \u00fcmumiyy\u0259tl\u0259 d\u0259rs ke\u00e7m\u0259k t\u0259hl\u00fck\u0259lidir\u201d, &#8211;<\/em> k\u0259nd sakinl\u0259rind\u0259n biri bel\u0259 deyir.<\/p>\n\n\n\n<p>Sakinl\u0259rin s\u00f6zl\u0259rin\u0259 g\u00f6r\u0259, m\u0259kt\u0259b \u00f6t\u0259n il t\u0259mir olunmal\u0131yd\u0131. Amma tam t\u0259mir olunmay\u0131b, qap\u0131-p\u0259nc\u0259r\u0259 d\u0259yi\u015fdirilm\u0259yib.<\/p>\n\n\n\n<p>M\u0259kt\u0259bd\u0259 \u00fcmumilikd\u0259 257 \u015fagird t\u0259hsil al\u0131r. Valideynl\u0259r gileyl\u0259nir ki, \u015fagird say\u0131na uy\u011fun parta yoxdur, dig\u0259r avadanl\u0131qlar da s\u0131radan \u00e7\u0131x\u0131b.<\/p>\n\n\n\n<p><em>\u201cM\u0259kt\u0259b binas\u0131 b\u00f6y\u00fckd\u00fcr, uzun ill\u0259rdir t\u0259mir olunmad\u0131\u011f\u0131ndan \u0259sasl\u0131 yenil\u0259nm\u0259y\u0259 ehtiyac yaran\u0131b. Lakin m\u0259kt\u0259bin t\u0259miri il\u0259 m\u0259\u015f\u011ful olacaq \u015firk\u0259t t\u0259mir i\u015fl\u0259rini d\u00fczg\u00fcn yerin\u0259 yetirm\u0259yib. Bununla ba\u011fl\u0131 d\u0259f\u0259l\u0259rl\u0259 aidiyyat\u0131 orqanlara m\u0259lumat vermi\u015fik\u201d, &#8211;<\/em> sakinl\u0259rd\u0259n Emin Quliyev bildirib. \u015eikay\u0259t\u00e7il\u0259r deyirl\u0259r ki, m\u0259kt\u0259bd\u0259 t\u0259hsilin keyfiyy\u0259ti d\u0259 ist\u0259nil\u0259n s\u0259viyy\u0259d\u0259 deyil. X\u00fcsusil\u0259 q\u0131\u015f soyuq oldu\u011fundan sinif otaqlar\u0131nda d\u0259rs ke\u00e7m\u0259k m\u00fcmk\u00fcn olmur. <\/p>\n\n\n\n<p>Buna g\u00f6r\u0259 d\u0259 valideynl\u0259r u\u015faqlar\u0131 d\u0259rs\u0259 buraxm\u0131rlar. M\u0259kt\u0259bin t\u0259hsil g\u00f6st\u0259ricisi m\u0259hz \u015f\u0259raitsizliy\u0259 g\u00f6r\u0259 a\u015fa\u011f\u0131 d\u00fc\u015f\u00fcr.<\/p>\n\n\n<div class=\"wp-block-image\">\n<figure class=\"aligncenter size-full\"><img decoding=\"async\" width=\"1200\" height=\"576\" data-src=\"https:\/\/www.meydan.tv\/wp-content\/uploads\/75388147_2506882636308002_9182937376484229120_n_720.jpg\" alt=\"\" class=\"wp-image-275083 lazyload\" src=\"data:image\/svg+xml;base64,PHN2ZyB3aWR0aD0iMSIgaGVpZ2h0PSIxIiB4bWxucz0iaHR0cDovL3d3dy53My5vcmcvMjAwMC9zdmciPjwvc3ZnPg==\" style=\"--smush-placeholder-width: 1200px; --smush-placeholder-aspect-ratio: 1200\/576;\" \/><\/figure>\n<\/div>\n\n\n<p>M\u0259kt\u0259bin direktoru Xanbala Qas\u0131mov Meydan TV-y\u0259 bildirib ki, m\u0259kt\u0259bl\u0259 ba\u011fl\u0131 \u015fikay\u0259tl\u0259r bir ne\u00e7\u0259 qurum t\u0259r\u0259find\u0259n yoxlan\u0131l\u0131b. H\u0259tta Elm v\u0259 T\u0259hsil Nazirliyinin n\u00fcmay\u0259nd\u0259l\u0259ri d\u0259 yaz\u0131lan \u015fikay\u0259tl\u0259rl\u0259 ba\u011fl\u0131 yoxlamalar apar\u0131b: <\/p>\n\n\n\n<p><em>\u201cM\u0259kt\u0259bin dam \u00f6rt\u00fcy\u00fc \u00f6t\u0259n il t\u0259mir olunub. Qalanlar\u0131 da m\u0259rh\u0259l\u0259l\u0259rl\u0259 t\u0259mir olunacaq. \u015eikay\u0259ti yazan \u015f\u0259xs Rusiyada oturub v\u0259 m\u0259kt\u0259bl\u0259 ba\u011fl\u0131 h\u0259r t\u0259r\u0259f\u0259 \u015fikay\u0259tl\u0259r edir\u201d.<\/em><\/p>\n\n\n\n<p>Direktor deyib ki, m\u0259kt\u0259b odun pe\u00e7i il\u0259 isidilir v\u0259 q\u0131\u015fda onlara odun verirl\u0259r.<br><em>\u201cP\u0259nc\u0259r\u0259l\u0259r yax\u0131n vaxtlarda d\u0259yi\u015fdiril\u0259c\u0259k. M\u0259kt\u0259b 1987-ci ild\u0259 tikilib, ilk d\u0259f\u0259dir ki, t\u0259mir olunur\u201d,<\/em>&#8211; X.Qas\u0131mov bildirib.<\/p>\n\n\n\n<p>\u018flav\u0259 edib ki, m\u0259kt\u0259b\u0259 yax\u0131n k\u0259ndl\u0259rd\u0259n d\u0259 \u015fagirdl\u0259r g\u0259lir:<\/p>\n\n\n\n<p><em>\u201cM\u0259kt\u0259bd\u0259 180 parta var v\u0259 b\u00fct\u00fcn u\u015faqlara \u00e7at\u0131r\u201d.<\/em><\/p>\n\n\n\n<p>Yeni Zuvand k\u0259ndinin 900-\u0259 yax\u0131n \u0259halisi var.<\/p>\n\n\n<div class=\"wp-block-image\">\n<figure class=\"aligncenter size-full\"><img decoding=\"async\" width=\"1200\" height=\"675\" data-src=\"https:\/\/www.meydan.tv\/wp-content\/uploads\/277753953_3239392353057023_5492438202635057015_n_720.jpg\" alt=\"\" class=\"wp-image-275086 lazyload\" src=\"data:image\/svg+xml;base64,PHN2ZyB3aWR0aD0iMSIgaGVpZ2h0PSIxIiB4bWxucz0iaHR0cDovL3d3dy53My5vcmcvMjAwMC9zdmciPjwvc3ZnPg==\" style=\"--smush-placeholder-width: 1200px; --smush-placeholder-aspect-ratio: 1200\/675;\" \/><\/figure>\n<\/div>","protected":false},"excerpt":{"rendered":"<p>M\u0259kt\u0259bin direktoru deyil\u0259nl\u0259rl\u0259 raz\u0131la\u015fm\u0131r Masall\u0131 rayonunun Yeni Zuvand k\u0259ndind\u0259ki orta &#8230; <\/p>\n<p class=\"read-more-container\"><a title=\"Masall\u0131da: \u201cM\u0259kt\u0259bd\u0259 \u015fagird say\u0131na uy\u011fun parta yoxdur, avadanl\u0131qlar s\u0131radan \u00e7\u0131x\u0131b\u201d\" class=\"read-more button\" href=\"https:\/\/www.meydan.tv\/az\/article\/masallida-mektebde-sagird-sayina-uygun-parta-yoxdur-avadanliqlar-siradan-cixib\/#more-275089\" aria-label=\"Read more about Masall\u0131da: \u201cM\u0259kt\u0259bd\u0259 \u015fagird say\u0131na uy\u011fun parta yoxdur, avadanl\u0131qlar s\u0131radan \u00e7\u0131x\u0131b\u201d\">Davam\u0131<\/a><\/p>\n","protected":false},"author":8,"featured_media":275080,"comment_status":"closed","ping_status":"closed","sticky":false,"template":"","format":"standard","meta":{"_acf_changed":false,"_sitemap_exclude":false,"_sitemap_priority":"","_sitemap_frequency":"","footnotes":""},"categories":[60,79,56],"tags":[],"class_list":["post-275089","post","type-post","status-publish","format-standard","has-post-thumbnail","hentry","category-bolge","category-featured","category-xeberler","infinite-scroll-item","generate-columns","tablet-grid-50","mobile-grid-100","grid-parent","grid-33","no-featured-image-padding"],"acf":[],"yoast_head":"<!-- This site is optimized with the Yoast SEO plugin v27.5 - https:\/\/yoast.com\/product\/yoast-seo-wordpress\/ -->\n<title>Masall\u0131da: \u201cM\u0259kt\u0259bd\u0259 \u015fagird say\u0131na uy\u011fun parta yoxdur, avadanl\u0131qlar s\u0131radan \u00e7\u0131x\u0131b\u201d - MEYDAN.TV<\/title>\n<meta name=\"robots\" content=\"index, follow, max-snippet:-1, max-image-preview:large, max-video-preview:-1\" \/>\n<link rel=\"canonical\" href=\"https:\/\/www.meydan.tv\/az\/article\/masallida-mektebde-sagird-sayina-uygun-parta-yoxdur-avadanliqlar-siradan-cixib\/\" \/>\n<meta property=\"og:locale\" content=\"az_AZ\" \/>\n<meta property=\"og:type\" content=\"article\" \/>\n<meta property=\"og:title\" content=\"Masall\u0131da: \u201cM\u0259kt\u0259bd\u0259 \u015fagird say\u0131na uy\u011fun parta yoxdur, avadanl\u0131qlar s\u0131radan \u00e7\u0131x\u0131b\u201d - MEYDAN.TV\" \/>\n<meta property=\"og:description\" content=\"M\u0259kt\u0259bin direktoru deyil\u0259nl\u0259rl\u0259 raz\u0131la\u015fm\u0131r Masall\u0131 rayonunun Yeni Zuvand k\u0259ndind\u0259ki orta ... Davam\u0131\" \/>\n<meta property=\"og:url\" content=\"https:\/\/www.meydan.tv\/az\/article\/masallida-mektebde-sagird-sayina-uygun-parta-yoxdur-avadanliqlar-siradan-cixib\/\" \/>\n<meta property=\"og:site_name\" content=\"MEYDAN.TV\" \/>\n<meta property=\"article:published_time\" content=\"2023-05-15T10:57:20+00:00\" \/>\n<meta property=\"article:modified_time\" content=\"2023-05-15T11:56:28+00:00\" \/>\n<meta property=\"og:image\" content=\"https:\/\/www.meydan.tv\/wp-content\/uploads\/74270816_2506882499641349_2103092914727944192_n_720.jpg\" \/>\n\t<meta property=\"og:image:width\" content=\"1200\" \/>\n\t<meta property=\"og:image:height\" content=\"813\" \/>\n\t<meta property=\"og:image:type\" content=\"image\/jpeg\" \/>\n<meta name=\"author\" content=\"elli\" \/>\n<meta name=\"twitter:card\" content=\"summary_large_image\" \/>\n<meta name=\"twitter:creator\" content=\"@elli\" \/>\n<script type=\"application\/ld+json\" class=\"yoast-schema-graph\">{\"@context\":\"https:\\\/\\\/schema.org\",\"@graph\":[{\"@type\":\"Article\",\"@id\":\"https:\\\/\\\/www.meydan.tv\\\/az\\\/article\\\/masallida-mektebde-sagird-sayina-uygun-parta-yoxdur-avadanliqlar-siradan-cixib\\\/#article\",\"isPartOf\":{\"@id\":\"https:\\\/\\\/www.meydan.tv\\\/az\\\/article\\\/masallida-mektebde-sagird-sayina-uygun-parta-yoxdur-avadanliqlar-siradan-cixib\\\/\"},\"author\":{\"name\":\"elli\",\"@id\":\"https:\\\/\\\/www.meydan.tv\\\/az\\\/#\\\/schema\\\/person\\\/9cdbecf90d17180ce1dfbd95b08dcf47\"},\"headline\":\"Masall\u0131da: \u201cM\u0259kt\u0259bd\u0259 \u015fagird say\u0131na uy\u011fun parta yoxdur, avadanl\u0131qlar s\u0131radan \u00e7\u0131x\u0131b\u201d\",\"datePublished\":\"2023-05-15T10:57:20+00:00\",\"dateModified\":\"2023-05-15T11:56:28+00:00\",\"mainEntityOfPage\":{\"@id\":\"https:\\\/\\\/www.meydan.tv\\\/az\\\/article\\\/masallida-mektebde-sagird-sayina-uygun-parta-yoxdur-avadanliqlar-siradan-cixib\\\/\"},\"wordCount\":497,\"publisher\":{\"@id\":\"https:\\\/\\\/www.meydan.tv\\\/az\\\/#organization\"},\"image\":{\"@id\":\"https:\\\/\\\/www.meydan.tv\\\/az\\\/article\\\/masallida-mektebde-sagird-sayina-uygun-parta-yoxdur-avadanliqlar-siradan-cixib\\\/#primaryimage\"},\"thumbnailUrl\":\"https:\\\/\\\/www.meydan.tv\\\/wp-content\\\/uploads\\\/74270816_2506882499641349_2103092914727944192_n_720.jpg\",\"articleSection\":[\"B\u00f6lg\u0259\",\"T\u00f6vsiy\u0259\",\"X\u0259b\u0259rl\u0259r\"],\"inLanguage\":\"az\"},{\"@type\":\"WebPage\",\"@id\":\"https:\\\/\\\/www.meydan.tv\\\/az\\\/article\\\/masallida-mektebde-sagird-sayina-uygun-parta-yoxdur-avadanliqlar-siradan-cixib\\\/\",\"url\":\"https:\\\/\\\/www.meydan.tv\\\/az\\\/article\\\/masallida-mektebde-sagird-sayina-uygun-parta-yoxdur-avadanliqlar-siradan-cixib\\\/\",\"name\":\"Masall\u0131da: \u201cM\u0259kt\u0259bd\u0259 \u015fagird say\u0131na uy\u011fun parta yoxdur, avadanl\u0131qlar s\u0131radan \u00e7\u0131x\u0131b\u201d - MEYDAN.TV\",\"isPartOf\":{\"@id\":\"https:\\\/\\\/www.meydan.tv\\\/az\\\/#website\"},\"primaryImageOfPage\":{\"@id\":\"https:\\\/\\\/www.meydan.tv\\\/az\\\/article\\\/masallida-mektebde-sagird-sayina-uygun-parta-yoxdur-avadanliqlar-siradan-cixib\\\/#primaryimage\"},\"image\":{\"@id\":\"https:\\\/\\\/www.meydan.tv\\\/az\\\/article\\\/masallida-mektebde-sagird-sayina-uygun-parta-yoxdur-avadanliqlar-siradan-cixib\\\/#primaryimage\"},\"thumbnailUrl\":\"https:\\\/\\\/www.meydan.tv\\\/wp-content\\\/uploads\\\/74270816_2506882499641349_2103092914727944192_n_720.jpg\",\"datePublished\":\"2023-05-15T10:57:20+00:00\",\"dateModified\":\"2023-05-15T11:56:28+00:00\",\"breadcrumb\":{\"@id\":\"https:\\\/\\\/www.meydan.tv\\\/az\\\/article\\\/masallida-mektebde-sagird-sayina-uygun-parta-yoxdur-avadanliqlar-siradan-cixib\\\/#breadcrumb\"},\"inLanguage\":\"az\",\"potentialAction\":[{\"@type\":\"ReadAction\",\"target\":[\"https:\\\/\\\/www.meydan.tv\\\/az\\\/article\\\/masallida-mektebde-sagird-sayina-uygun-parta-yoxdur-avadanliqlar-siradan-cixib\\\/\"]}]},{\"@type\":\"ImageObject\",\"inLanguage\":\"az\",\"@id\":\"https:\\\/\\\/www.meydan.tv\\\/az\\\/article\\\/masallida-mektebde-sagird-sayina-uygun-parta-yoxdur-avadanliqlar-siradan-cixib\\\/#primaryimage\",\"url\":\"https:\\\/\\\/www.meydan.tv\\\/wp-content\\\/uploads\\\/74270816_2506882499641349_2103092914727944192_n_720.jpg\",\"contentUrl\":\"https:\\\/\\\/www.meydan.tv\\\/wp-content\\\/uploads\\\/74270816_2506882499641349_2103092914727944192_n_720.jpg\",\"width\":1200,\"height\":813,\"caption\":\"Fotolar: m\u0259kt\u0259bin s\u0259hif\u0259sind\u0259n g\u00f6t\u00fcr\u00fcl\u00fcb\"},{\"@type\":\"BreadcrumbList\",\"@id\":\"https:\\\/\\\/www.meydan.tv\\\/az\\\/article\\\/masallida-mektebde-sagird-sayina-uygun-parta-yoxdur-avadanliqlar-siradan-cixib\\\/#breadcrumb\",\"itemListElement\":[{\"@type\":\"ListItem\",\"position\":1,\"name\":\"Ana s\u0259hif\u0259\",\"item\":\"https:\\\/\\\/www.meydan.tv\\\/az\\\/\"},{\"@type\":\"ListItem\",\"position\":2,\"name\":\"B\u00f6lg\u0259\",\"item\":\"https:\\\/\\\/www.meydan.tv\\\/az\\\/section\\\/bolge\\\/\"},{\"@type\":\"ListItem\",\"position\":3,\"name\":\"Masall\u0131da: \u201cM\u0259kt\u0259bd\u0259 \u015fagird say\u0131na uy\u011fun parta yoxdur, avadanl\u0131qlar s\u0131radan \u00e7\u0131x\u0131b\u201d\"}]},{\"@type\":\"WebSite\",\"@id\":\"https:\\\/\\\/www.meydan.tv\\\/az\\\/#website\",\"url\":\"https:\\\/\\\/www.meydan.tv\\\/az\\\/\",\"name\":\"MEYDAN.TV\",\"description\":\"Meydan TV Az\u0259rbaycan\u0131n media m\u0259kan\u0131ndak\u0131 alternativ s\u0259sidir\",\"publisher\":{\"@id\":\"https:\\\/\\\/www.meydan.tv\\\/az\\\/#organization\"},\"potentialAction\":[{\"@type\":\"SearchAction\",\"target\":{\"@type\":\"EntryPoint\",\"urlTemplate\":\"https:\\\/\\\/www.meydan.tv\\\/az\\\/?s={search_term_string}\"},\"query-input\":{\"@type\":\"PropertyValueSpecification\",\"valueRequired\":true,\"valueName\":\"search_term_string\"}}],\"inLanguage\":\"az\"},{\"@type\":\"Organization\",\"@id\":\"https:\\\/\\\/www.meydan.tv\\\/az\\\/#organization\",\"name\":\"Meydan TV\",\"url\":\"https:\\\/\\\/www.meydan.tv\\\/az\\\/\",\"logo\":{\"@type\":\"ImageObject\",\"inLanguage\":\"az\",\"@id\":\"https:\\\/\\\/www.meydan.tv\\\/az\\\/#\\\/schema\\\/logo\\\/image\\\/\",\"url\":\"https:\\\/\\\/www.meydan.tv\\\/wp-content\\\/uploads\\\/2021\\\/07\\\/meydan-logo.svg\",\"contentUrl\":\"https:\\\/\\\/www.meydan.tv\\\/wp-content\\\/uploads\\\/2021\\\/07\\\/meydan-logo.svg\",\"width\":195,\"height\":46,\"caption\":\"Meydan TV\"},\"image\":{\"@id\":\"https:\\\/\\\/www.meydan.tv\\\/az\\\/#\\\/schema\\\/logo\\\/image\\\/\"}},{\"@type\":\"Person\",\"@id\":\"https:\\\/\\\/www.meydan.tv\\\/az\\\/#\\\/schema\\\/person\\\/9cdbecf90d17180ce1dfbd95b08dcf47\",\"name\":\"elli\",\"sameAs\":[\"https:\\\/\\\/x.com\\\/elli\"]}]}<\/script>\n<!-- \/ Yoast SEO plugin. -->","yoast_head_json":{"title":"Masall\u0131da: \u201cM\u0259kt\u0259bd\u0259 \u015fagird say\u0131na uy\u011fun parta yoxdur, avadanl\u0131qlar s\u0131radan \u00e7\u0131x\u0131b\u201d - MEYDAN.TV","robots":{"index":"index","follow":"follow","max-snippet":"max-snippet:-1","max-image-preview":"max-image-preview:large","max-video-preview":"max-video-preview:-1"},"canonical":"https:\/\/www.meydan.tv\/az\/article\/masallida-mektebde-sagird-sayina-uygun-parta-yoxdur-avadanliqlar-siradan-cixib\/","og_locale":"az_AZ","og_type":"article","og_title":"Masall\u0131da: \u201cM\u0259kt\u0259bd\u0259 \u015fagird say\u0131na uy\u011fun parta yoxdur, avadanl\u0131qlar s\u0131radan \u00e7\u0131x\u0131b\u201d - MEYDAN.TV","og_description":"M\u0259kt\u0259bin direktoru deyil\u0259nl\u0259rl\u0259 raz\u0131la\u015fm\u0131r Masall\u0131 rayonunun Yeni Zuvand k\u0259ndind\u0259ki orta ... Davam\u0131","og_url":"https:\/\/www.meydan.tv\/az\/article\/masallida-mektebde-sagird-sayina-uygun-parta-yoxdur-avadanliqlar-siradan-cixib\/","og_site_name":"MEYDAN.TV","article_published_time":"2023-05-15T10:57:20+00:00","article_modified_time":"2023-05-15T11:56:28+00:00","og_image":[{"width":1200,"height":813,"url":"https:\/\/www.meydan.tv\/wp-content\/uploads\/74270816_2506882499641349_2103092914727944192_n_720.jpg","type":"image\/jpeg"}],"author":"elli","twitter_card":"summary_large_image","twitter_creator":"@elli","schema":{"@context":"https:\/\/schema.org","@graph":[{"@type":"Article","@id":"https:\/\/www.meydan.tv\/az\/article\/masallida-mektebde-sagird-sayina-uygun-parta-yoxdur-avadanliqlar-siradan-cixib\/#article","isPartOf":{"@id":"https:\/\/www.meydan.tv\/az\/article\/masallida-mektebde-sagird-sayina-uygun-parta-yoxdur-avadanliqlar-siradan-cixib\/"},"author":{"name":"elli","@id":"https:\/\/www.meydan.tv\/az\/#\/schema\/person\/9cdbecf90d17180ce1dfbd95b08dcf47"},"headline":"Masall\u0131da: \u201cM\u0259kt\u0259bd\u0259 \u015fagird say\u0131na uy\u011fun parta yoxdur, avadanl\u0131qlar s\u0131radan \u00e7\u0131x\u0131b\u201d","datePublished":"2023-05-15T10:57:20+00:00","dateModified":"2023-05-15T11:56:28+00:00","mainEntityOfPage":{"@id":"https:\/\/www.meydan.tv\/az\/article\/masallida-mektebde-sagird-sayina-uygun-parta-yoxdur-avadanliqlar-siradan-cixib\/"},"wordCount":497,"publisher":{"@id":"https:\/\/www.meydan.tv\/az\/#organization"},"image":{"@id":"https:\/\/www.meydan.tv\/az\/article\/masallida-mektebde-sagird-sayina-uygun-parta-yoxdur-avadanliqlar-siradan-cixib\/#primaryimage"},"thumbnailUrl":"https:\/\/www.meydan.tv\/wp-content\/uploads\/74270816_2506882499641349_2103092914727944192_n_720.jpg","articleSection":["B\u00f6lg\u0259","T\u00f6vsiy\u0259","X\u0259b\u0259rl\u0259r"],"inLanguage":"az"},{"@type":"WebPage","@id":"https:\/\/www.meydan.tv\/az\/article\/masallida-mektebde-sagird-sayina-uygun-parta-yoxdur-avadanliqlar-siradan-cixib\/","url":"https:\/\/www.meydan.tv\/az\/article\/masallida-mektebde-sagird-sayina-uygun-parta-yoxdur-avadanliqlar-siradan-cixib\/","name":"Masall\u0131da: \u201cM\u0259kt\u0259bd\u0259 \u015fagird say\u0131na uy\u011fun parta yoxdur, avadanl\u0131qlar s\u0131radan \u00e7\u0131x\u0131b\u201d - MEYDAN.TV","isPartOf":{"@id":"https:\/\/www.meydan.tv\/az\/#website"},"primaryImageOfPage":{"@id":"https:\/\/www.meydan.tv\/az\/article\/masallida-mektebde-sagird-sayina-uygun-parta-yoxdur-avadanliqlar-siradan-cixib\/#primaryimage"},"image":{"@id":"https:\/\/www.meydan.tv\/az\/article\/masallida-mektebde-sagird-sayina-uygun-parta-yoxdur-avadanliqlar-siradan-cixib\/#primaryimage"},"thumbnailUrl":"https:\/\/www.meydan.tv\/wp-content\/uploads\/74270816_2506882499641349_2103092914727944192_n_720.jpg","datePublished":"2023-05-15T10:57:20+00:00","dateModified":"2023-05-15T11:56:28+00:00","breadcrumb":{"@id":"https:\/\/www.meydan.tv\/az\/article\/masallida-mektebde-sagird-sayina-uygun-parta-yoxdur-avadanliqlar-siradan-cixib\/#breadcrumb"},"inLanguage":"az","potentialAction":[{"@type":"ReadAction","target":["https:\/\/www.meydan.tv\/az\/article\/masallida-mektebde-sagird-sayina-uygun-parta-yoxdur-avadanliqlar-siradan-cixib\/"]}]},{"@type":"ImageObject","inLanguage":"az","@id":"https:\/\/www.meydan.tv\/az\/article\/masallida-mektebde-sagird-sayina-uygun-parta-yoxdur-avadanliqlar-siradan-cixib\/#primaryimage","url":"https:\/\/www.meydan.tv\/wp-content\/uploads\/74270816_2506882499641349_2103092914727944192_n_720.jpg","contentUrl":"https:\/\/www.meydan.tv\/wp-content\/uploads\/74270816_2506882499641349_2103092914727944192_n_720.jpg","width":1200,"height":813,"caption":"Fotolar: m\u0259kt\u0259bin s\u0259hif\u0259sind\u0259n g\u00f6t\u00fcr\u00fcl\u00fcb"},{"@type":"BreadcrumbList","@id":"https:\/\/www.meydan.tv\/az\/article\/masallida-mektebde-sagird-sayina-uygun-parta-yoxdur-avadanliqlar-siradan-cixib\/#breadcrumb","itemListElement":[{"@type":"ListItem","position":1,"name":"Ana s\u0259hif\u0259","item":"https:\/\/www.meydan.tv\/az\/"},{"@type":"ListItem","position":2,"name":"B\u00f6lg\u0259","item":"https:\/\/www.meydan.tv\/az\/section\/bolge\/"},{"@type":"ListItem","position":3,"name":"Masall\u0131da: \u201cM\u0259kt\u0259bd\u0259 \u015fagird say\u0131na uy\u011fun parta yoxdur, avadanl\u0131qlar s\u0131radan \u00e7\u0131x\u0131b\u201d"}]},{"@type":"WebSite","@id":"https:\/\/www.meydan.tv\/az\/#website","url":"https:\/\/www.meydan.tv\/az\/","name":"MEYDAN.TV","description":"Meydan TV Az\u0259rbaycan\u0131n media m\u0259kan\u0131ndak\u0131 alternativ s\u0259sidir","publisher":{"@id":"https:\/\/www.meydan.tv\/az\/#organization"},"potentialAction":[{"@type":"SearchAction","target":{"@type":"EntryPoint","urlTemplate":"https:\/\/www.meydan.tv\/az\/?s={search_term_string}"},"query-input":{"@type":"PropertyValueSpecification","valueRequired":true,"valueName":"search_term_string"}}],"inLanguage":"az"},{"@type":"Organization","@id":"https:\/\/www.meydan.tv\/az\/#organization","name":"Meydan TV","url":"https:\/\/www.meydan.tv\/az\/","logo":{"@type":"ImageObject","inLanguage":"az","@id":"https:\/\/www.meydan.tv\/az\/#\/schema\/logo\/image\/","url":"https:\/\/www.meydan.tv\/wp-content\/uploads\/2021\/07\/meydan-logo.svg","contentUrl":"https:\/\/www.meydan.tv\/wp-content\/uploads\/2021\/07\/meydan-logo.svg","width":195,"height":46,"caption":"Meydan TV"},"image":{"@id":"https:\/\/www.meydan.tv\/az\/#\/schema\/logo\/image\/"}},{"@type":"Person","@id":"https:\/\/www.meydan.tv\/az\/#\/schema\/person\/9cdbecf90d17180ce1dfbd95b08dcf47","name":"elli","sameAs":["https:\/\/x.com\/elli"]}]}},"_links":{"self":[{"href":"https:\/\/www.meydan.tv\/az\/wp-json\/wp\/v2\/posts\/275089","targetHints":{"allow":["GET"]}}],"collection":[{"href":"https:\/\/www.meydan.tv\/az\/wp-json\/wp\/v2\/posts"}],"about":[{"href":"https:\/\/www.meydan.tv\/az\/wp-json\/wp\/v2\/types\/post"}],"author":[{"embeddable":true,"href":"https:\/\/www.meydan.tv\/az\/wp-json\/wp\/v2\/users\/8"}],"replies":[{"embeddable":true,"href":"https:\/\/www.meydan.tv\/az\/wp-json\/wp\/v2\/comments?post=275089"}],"version-history":[{"count":1,"href":"https:\/\/www.meydan.tv\/az\/wp-json\/wp\/v2\/posts\/275089\/revisions"}],"predecessor-version":[{"id":275092,"href":"https:\/\/www.meydan.tv\/az\/wp-json\/wp\/v2\/posts\/275089\/revisions\/275092"}],"wp:featuredmedia":[{"embeddable":true,"href":"https:\/\/www.meydan.tv\/az\/wp-json\/wp\/v2\/media\/275080"}],"wp:attachment":[{"href":"https:\/\/www.meydan.tv\/az\/wp-json\/wp\/v2\/media?parent=275089"}],"wp:term":[{"taxonomy":"category","embeddable":true,"href":"https:\/\/www.meydan.tv\/az\/wp-json\/wp\/v2\/categories?post=275089"},{"taxonomy":"post_tag","embeddable":true,"href":"https:\/\/www.meydan.tv\/az\/wp-json\/wp\/v2\/tags?post=275089"}],"curies":[{"name":"wp","href":"https:\/\/api.w.org\/{rel}","templated":true}]}}