{"id":275005,"date":"2023-05-14T22:26:03","date_gmt":"2023-05-14T18:26:03","guid":{"rendered":"https:\/\/www.meydan.tv\/?p=275005"},"modified":"2023-05-14T22:26:06","modified_gmt":"2023-05-14T18:26:06","slug":"sarl-misel-brussel-gorusunden-memnun-qalib","status":"publish","type":"post","link":"https:\/\/www.meydan.tv\/az\/article\/sarl-misel-brussel-gorusunden-memnun-qalib\/","title":{"rendered":"\u015earl Mi\u015fel Br\u00fcssel g\u00f6r\u00fc\u015f\u00fcnd\u0259n m\u0259mnun qal\u0131b"},"content":{"rendered":"\n<p><\/p>\n\n\n\n<p><strong><em>&#8220;Avropa \u0130ttifaq\u0131n\u0131n he\u00e7 bir gizli plan\u0131 yoxdur\u201d<\/em><\/strong><\/p>\n\n\n\n<p>May\u0131n 14-d\u0259 Br\u00fcsseld\u0259 Az\u0259rbaycan v\u0259 Erm\u0259nistan liderl\u0259ri Avropa \u0130ttifaq\u0131 \u015euras\u0131n\u0131n r\u0259hb\u0259ri \u015earl Mi\u015felin vasit\u0259\u00e7iliyi il\u0259 g\u00f6r\u00fc\u015f\u00fcbl\u0259r.<\/p>\n\n\n\n<p>G\u00f6r\u00fc\u015fd\u0259n sonra <a href=\"https:\/\/www.turan.az\/ext\/news\/2023\/5\/free\/politics_news\/az\/4486.htm\" target=\"_blank\" rel=\"noreferrer noopener\">b\u0259yanat<\/a> yayan \u015earl Mi\u015fel Br\u00fcssel dan\u0131\u015f\u0131qlardan m\u0259mnun qald\u0131\u011f\u0131n\u0131 ifad\u0259 edib:<\/p>\n\n\n\n<p>&#8220;<em>Bizim fikir m\u00fcbadil\u0259simiz s\u0259mimi, a\u00e7\u0131q v\u0259 n\u0259tic\u0259y\u00f6n\u00fcml\u00fc olub v\u0259 \u0259sas diqq\u0259t Erm\u0259nistan-Az\u0259rbaycan m\u00fcnasib\u0259tl\u0259rinin normalla\u015fmas\u0131na y\u00f6n\u0259lib&#8221;.<\/em><\/p>\n\n\n\n<p>B\u0259yanatda qeyd olunur ki, liderl\u0259r C\u0259nubi Qafqazda s\u00fclh\u00fcn b\u0259rq\u0259rar olmas\u0131na haz\u0131rl\u0131\u011f\u0131 m\u00fczakir\u0259 edibl\u0259r:<\/p>\n\n\n\n<p><em>&#8220;M\u0259n onlar\u0131n m\u00fcvafiq s\u0259yl\u0259rini y\u00fcks\u0259k qiym\u0259tl\u0259ndirir\u0259m. Biz birlikd\u0259 g\u00fcnd\u0259liyimizd\u0259ki b\u00fct\u00fcn m\u0259s\u0259l\u0259l\u0259ri n\u0259z\u0259rd\u0259n ke\u00e7irdik&#8221;.<\/em><\/p>\n\n\n\n<p><em>&#8220;AB\u015e-da s\u00fclh m\u00fcqavil\u0259si il\u0259 ba\u011fl\u0131 son m\u00fcsb\u0259t dan\u0131\u015f\u0131qlardan sonra Erm\u0259nistan v\u0259 Az\u0259rbaycan aras\u0131nda h\u0259rt\u0259r\u0259fli s\u00fclh sazi\u015finin imzalanmas\u0131 istiqam\u0259tind\u0259 q\u0259ti add\u0131mlar\u0131n at\u0131lmas\u0131 \u00fc\u00e7\u00fcn s\u0259yl\u0259r saxlan\u0131lmal\u0131d\u0131r&#8221;, &#8211; <\/em>dey\u0259 b\u0259yanatda vur\u011fulan\u0131r.<\/p>\n\n\n\n<p>\u015earl Mi\u015fel s\u0259rh\u0259dl\u0259rin delimitasiyas\u0131 il\u0259 ba\u011fl\u0131 ir\u0259lil\u0259yi\u015fl\u0259ri v\u0259 n\u00f6vb\u0259ti add\u0131mlar\u0131 da n\u0259z\u0259rd\u0259n ke\u00e7irdikl\u0259rini bildirib:<\/p>\n\n\n\n<p>&#8220;<em>Bu \u00e7\u0259r\u00e7iv\u0259d\u0259 liderl\u0259r s\u0259rh\u0259d m\u0259s\u0259l\u0259l\u0259rin\u0259 dair ikit\u0259r\u0259fli g\u00f6r\u00fc\u015fl\u0259ri b\u0259rpa etm\u0259k bar\u0259d\u0259 raz\u0131l\u0131\u011fa g\u0259libl\u0259r&#8221;.<\/em><\/p>\n\n\n\n<p>\u015e.Mi\u015felin s\u00f6zl\u0259rin\u0259 g\u00f6r\u0259, liderl\u0259r 1991-ci il Almat\u0131 B\u0259yannam\u0259sin\u0259 Erm\u0259nistan\u0131n (29,800 km2) v\u0259 Az\u0259rbaycan\u0131n (89,600 km2) m\u00fcvafiq \u0259razi b\u00fct\u00f6vl\u00fcy\u00fcn\u0259 qeyd-\u015f\u0259rtsiz sadiq olduqlar\u0131n\u0131 bir daha t\u0259sdiq edibl\u0259r:<\/p>\n\n\n\n<p><em>&#8220;S\u0259rh\u0259din yekun delimitasiyas\u0131 dan\u0131\u015f\u0131qlar yolu il\u0259 raz\u0131la\u015fd\u0131r\u0131lacaq. Kommunikasiyalara g\u0259linc\u0259, t\u0259r\u0259fl\u0259r regionda n\u0259qliyyat v\u0259 iqtisadi \u0259laq\u0259l\u0259rin b\u0259rpa olunmas\u0131na y\u00f6n\u0259lmi\u015f m\u00fczakir\u0259l\u0259rd\u0259 ayd\u0131n ir\u0259lil\u0259yi\u015f \u0259ld\u0259 edibl\u0259r. Bu m\u00f6vzuda m\u00f6vqel\u0259r haz\u0131rda bir-birin\u0259 \u00e7ox yax\u0131nd\u0131r, x\u00fcsus\u0259n d\u0259 Nax\u00e7\u0131vanla v\u0259 Nax\u00e7\u0131vandan ke\u00e7\u0259n d\u0259mir yolu \u0259laq\u0259sinin b\u0259rpas\u0131 il\u0259 ba\u011fl\u0131. Onlar\u0131n m\u00fcvafiq qruplar\u0131na konkret qrafikl\u0259 yana\u015f\u0131, d\u0259mir yolu x\u0259ttinin a\u00e7\u0131lmas\u0131 \u015f\u0259rtl\u0259ri v\u0259 z\u0259ruri tikinti i\u015fl\u0259rinin apar\u0131lmas\u0131 il\u0259 ba\u011fl\u0131 prinsipial raz\u0131la\u015fd\u0131r\u0131lmas\u0131 tap\u015f\u0131r\u0131l\u0131b. Onlar h\u0259m\u00e7inin bu i\u015fin d\u0259st\u0259kl\u0259nm\u0259si \u00fc\u00e7\u00fcn \u00dcmumd\u00fcnya G\u00f6mr\u00fck T\u0259\u015fkilat\u0131n\u0131 c\u0259lb etm\u0259k bar\u0259d\u0259 raz\u0131l\u0131\u011fa g\u0259libl\u0259r&#8221;.<\/em><\/p>\n\n\n\n<p>B\u0259yanatda qeyd olunub ki, yax\u0131n h\u0259ft\u0259l\u0259rd\u0259 daha \u00e7ox m\u0259hbusun s\u0259rb\u0259st burax\u0131laca\u011f\u0131 anla\u015f\u0131l\u0131rd\u0131:<\/p>\n\n\n\n<p>&#8220;<em>H\u0259m\u00e7inin qar\u015f\u0131l\u0131ql\u0131 anla\u015fman\u0131n saxlanmas\u0131n\u0131n vacibliyini vur\u011fulad\u0131m ki, sad\u0259c\u0259 olaraq, azm\u0131\u015f\u00a0 h\u0259rbi qulluq\u00e7ular bundan sonra da s\u00fcr\u0259tl\u0259ndirilmi\u015f \u0259saslarla azad olunacaqlar. Biz itkin d\u00fc\u015f\u0259nl\u0259rin taleyinin h\u0259lli v\u0259 minalardan t\u0259mizl\u0259m\u0259 i\u015fl\u0259rinin g\u00fccl\u0259ndirilm\u0259sinin vacibliyini m\u00fczakir\u0259 etdik&#8221;.<\/em><\/p>\n\n\n\n<p><em>&#8220;Ke\u00e7mi\u015f Da\u011fl\u0131q Qaraba\u011f Muxtar Vilay\u0259tind\u0259 ya\u015fayan erm\u0259nil\u0259rin h\u00fcquqlar\u0131 v\u0259 t\u0259hl\u00fck\u0259sizliyi m\u0259s\u0259l\u0259si il\u0259 ba\u011fl\u0131 fikir m\u00fcbadil\u0259sini davam etdirdik. M\u0259n Az\u0259rbaycan\u0131 beyn\u0259lxalq ictimaiyy\u0259tl\u0259 s\u0131x \u0259m\u0259kda\u015fl\u0131q \u015f\u0259raitind\u0259 bu \u0259halinin h\u00fcquq v\u0259 t\u0259hl\u00fck\u0259sizliyini t\u0259min etm\u0259k \u00fc\u00e7\u00fcn m\u00fcsb\u0259t g\u00fcnd\u0259m haz\u0131rlama\u011fa \u00e7a\u011f\u0131rd\u0131m. Bak\u0131 il\u0259 bu \u0259hali aras\u0131nda \u015f\u0259ffaf v\u0259 konstruktiv dialoqun apar\u0131lmas\u0131n\u0131n z\u0259ruriliyi m\u0259s\u0259l\u0259sini d\u0259 qald\u0131rd\u0131m. D\u00fc\u015f\u00fcn\u00fcr\u0259m ki, qar\u015f\u0131l\u0131ql\u0131 m\u0259qbul n\u0259tic\u0259 \u0259ld\u0259 etm\u0259k \u00fc\u00e7\u00fcn d\u00fc\u015fm\u0259n\u00e7ilik ritorikas\u0131ndan \u00e7\u0259kinm\u0259k, vicdanla h\u0259r\u0259k\u0259t etm\u0259k v\u0259 liderlik n\u00fcmayi\u015f etdirm\u0259k vacibdir&#8221;, &#8211; <\/em>dey\u0259 Mi\u015fel bildirib.<\/p>\n\n\n\n<p>B\u0259yanat bu fikirl\u0259rl\u0259 tamamlan\u0131r:<\/p>\n\n\n\n<p>&#8220;<em>Avropa \u0130ttifaq\u0131n\u0131n he\u00e7 bir gizli plan\u0131 yoxdur. Bizim yegan\u0259 m\u0259qs\u0259dimiz Erm\u0259nistan v\u0259 Az\u0259rbaycana h\u0259rt\u0259r\u0259fli v\u0259 \u0259dal\u0259tli s\u00fclh\u0259 nail olmaqda k\u00f6m\u0259k etm\u0259kdir. Biz onlar\u0131n birg\u0259 s\u0259yl\u0259rin\u0259 t\u00f6hf\u0259 verm\u0259y\u0259 haz\u0131r\u0131q. Br\u00fcsseld\u0259 laz\u0131m olan q\u0259d\u0259r g\u00f6r\u00fc\u015fl\u0259r ke\u00e7irm\u0259y\u0259 raz\u0131la\u015fd\u0131q. Liderl\u0259r iyulda Br\u00fcsseld\u0259 yenid\u0259n g\u00f6r\u00fc\u015f\u0259c\u0259kl\u0259r. Art\u0131q ictimaiyy\u0259t\u0259 a\u00e7\u0131qland\u0131\u011f\u0131 kimi, biz \u00e7ox yax\u0131n g\u0259l\u0259c\u0259kd\u0259 Ki\u015finyovda Avropa Siyasi Birliyinin 2-ci Sammiti \u00e7\u0259r\u00e7iv\u0259sind\u0259 Fransa Prezidenti Makron v\u0259 Almaniya kansleri \u015eolzla yenid\u0259n g\u00f6r\u00fc\u015f\u0259c\u0259yik. M\u0259n h\u0259m\u00e7inin liderl\u0259ri oktyabrda Qranada da ke\u00e7iril\u0259c\u0259k \u00fc\u00e7\u00fcnc\u00fc ASB sammiti \u00e7\u0259r\u00e7iv\u0259sind\u0259 n\u00f6vb\u0259ti g\u00f6r\u00fc\u015f\u0259 d\u0259v\u0259t etm\u0259k niyy\u0259tind\u0259y\u0259m\u201d<\/em>.<\/p>\n\n\n\n<p>May\u0131n 1-4 tarixl\u0259rind\u0259 Az\u0259rbaycan v\u0259 Erm\u0259nistan xarici i\u015fl\u0259r nazirl\u0259ri Va\u015finqtonda g\u00f6r\u00fc\u015fm\u00fc\u015fd\u00fc.<\/p>\n\n\n\n<p>AB\u015e-\u0131n D\u00f6vl\u0259t katibi Entoni Blinken may\u0131n 4-d\u0259 ke\u00e7irdiyi m\u0259tbuat konfrans\u0131nda Az\u0259rbaycan v\u0259 Erm\u0259nistan\u0131n davaml\u0131 s\u00fclh sazi\u015fi istiqam\u0259tind\u0259 n\u0259z\u0259r\u0259 \u00e7arpacaq ir\u0259lil\u0259yi\u015f \u0259ld\u0259 etdiyini bildirmi\u015fdi:<\/p>\n\n\n\n<p>\u201cSon bir ne\u00e7\u0259 g\u00fcn \u0259rzind\u0259 h\u0259r iki t\u0259r\u0259f bir s\u0131ra \u00e7ox m\u00fcr\u0259kk\u0259b m\u0259s\u0259l\u0259ni m\u00fczakir\u0259 edib v\u0259 davaml\u0131 s\u00fclh sazi\u015finin \u0259ld\u0259 edilm\u0259si istiqam\u0259tind\u0259 n\u0259z\u0259r\u0259\u00e7arpacaq ir\u0259lil\u0259yi\u015f \u0259ld\u0259 <a href=\"https:\/\/storage.googleapis.com\/qurium\/www.meydan.tv\/az-article-nazirlerin-abs-gorusu-basa-catib-bezi-maddeler-uzre-razilasmalar-elde-edilib.html\" target=\"_blank\" rel=\"noreferrer noopener\">edib\u201d.<\/a><\/p>\n\n\n\n<p>Az\u0259rbaycan v\u0259 Erm\u0259nistan aras\u0131nda olan Qaraba\u011f m\u00fcnaqi\u015f\u0259sinin ilkin m\u0259rh\u0259l\u0259si 1988-ci ild\u0259 ba\u015flay\u0131b.<\/p>\n\n\n\n<p>Erm\u0259nistan\u0131n Az\u0259rbaycana \u0259razi iddialar\u0131 il\u0259 ba\u015flayan v\u0259 1994-c\u00fc ild\u0259 imzalanan at\u0259\u015fk\u0259s raz\u0131la\u015fmas\u0131 il\u0259 bit\u0259n Birinci Qaraba\u011f m\u00fcharib\u0259si zaman\u0131 Az\u0259rbaycan\u0131n Da\u011fl\u0131q Qaraba\u011f b\u00f6lg\u0259si v\u0259 ona biti\u015fik 7 rayonu i\u015f\u011fal edilib.<\/p>\n\n\n\n<p>2020-ci ilin sentyabr\u0131nda Az\u0259rbaycan v\u0259 Erm\u0259nistan silahl\u0131 q\u00fcvv\u0259l\u0259ri aras\u0131nda ba\u015f vermi\u015f 44 g\u00fcnl\u00fck \u0130kinci Qaraba\u011f m\u00fcharib\u0259si n\u0259tic\u0259sind\u0259 is\u0259 Az\u0259rbaycan Qaraba\u011f\u0131n bir hiss\u0259sin\u0259 v\u0259 \u0259traf 7 rayona n\u0259zar\u0259ti b\u0259rpa edib.<\/p>\n\n\n\n<p>Az\u0259rbaycan, Erm\u0259nistan v\u0259 Rusiya r\u0259hb\u0259rliyinin imzalad\u0131\u011f\u0131 \u00fc\u00e7t\u0259r\u0259fli birg\u0259 b\u0259yanatla d\u00f6y\u00fc\u015fl\u0259r dayand\u0131r\u0131landan sonra La\u00e7\u0131n d\u0259hlizind\u0259 v\u0259 Qaraba\u011fdak\u0131 t\u0259mas x\u0259ttind\u0259 Rusiya s\u00fclhm\u0259raml\u0131lar\u0131 yerl\u0259\u015fdirilib.<\/p>\n\n\n\n<p>Haz\u0131rk\u0131 m\u0259rh\u0259l\u0259d\u0259 \u0259razid\u0259 tez-tez at\u0259\u015fk\u0259s pozulur, h\u0259tta g\u00fcnl\u0259rl\u0259 s\u00fcr\u0259n d\u00f6y\u00fc\u015fl\u0259r ba\u015f verir.<\/p>\n\n\n\n<p>N\u0259tic\u0259d\u0259 h\u0259r iki t\u0259r\u0259f itki verir v\u0259 buna g\u00f6r\u0259 bir-birl\u0259rini g\u00fcnahland\u0131r\u0131rlar.<\/p>\n","protected":false},"excerpt":{"rendered":"<p>&#8220;Avropa \u0130ttifaq\u0131n\u0131n he\u00e7 bir gizli plan\u0131 yoxdur\u201d May\u0131n 14-d\u0259 Br\u00fcsseld\u0259 &#8230; <\/p>\n<p class=\"read-more-container\"><a title=\"\u015earl Mi\u015fel Br\u00fcssel g\u00f6r\u00fc\u015f\u00fcnd\u0259n m\u0259mnun qal\u0131b\" class=\"read-more button\" href=\"https:\/\/www.meydan.tv\/az\/article\/sarl-misel-brussel-gorusunden-memnun-qalib\/#more-275005\" aria-label=\"Read more about \u015earl Mi\u015fel Br\u00fcssel g\u00f6r\u00fc\u015f\u00fcnd\u0259n m\u0259mnun qal\u0131b\">Davam\u0131<\/a><\/p>\n","protected":false},"author":8,"featured_media":275006,"comment_status":"closed","ping_status":"closed","sticky":false,"template":"","format":"standard","meta":{"_acf_changed":false,"_sitemap_exclude":false,"_sitemap_priority":"","_sitemap_frequency":"","footnotes":""},"categories":[59,56],"tags":[],"class_list":["post-275005","post","type-post","status-publish","format-standard","has-post-thumbnail","hentry","category-siyaset","category-xeberler","infinite-scroll-item","generate-columns","tablet-grid-50","mobile-grid-100","grid-parent","grid-33","no-featured-image-padding"],"acf":[],"yoast_head":"<!-- This site is optimized with the Yoast SEO plugin v27.4 - https:\/\/yoast.com\/product\/yoast-seo-wordpress\/ -->\n<title>\u015earl Mi\u015fel Br\u00fcssel g\u00f6r\u00fc\u015f\u00fcnd\u0259n m\u0259mnun qal\u0131b - MEYDAN.TV<\/title>\n<meta name=\"robots\" content=\"index, follow, max-snippet:-1, max-image-preview:large, max-video-preview:-1\" \/>\n<link rel=\"canonical\" href=\"https:\/\/www.meydan.tv\/az\/article\/sarl-misel-brussel-gorusunden-memnun-qalib\/\" \/>\n<meta property=\"og:locale\" content=\"az_AZ\" \/>\n<meta property=\"og:type\" content=\"article\" \/>\n<meta property=\"og:title\" content=\"\u015earl Mi\u015fel Br\u00fcssel g\u00f6r\u00fc\u015f\u00fcnd\u0259n m\u0259mnun qal\u0131b - MEYDAN.TV\" \/>\n<meta property=\"og:description\" content=\"&#8220;Avropa \u0130ttifaq\u0131n\u0131n he\u00e7 bir gizli plan\u0131 yoxdur\u201d May\u0131n 14-d\u0259 Br\u00fcsseld\u0259 ... Davam\u0131\" \/>\n<meta property=\"og:url\" content=\"https:\/\/www.meydan.tv\/az\/article\/sarl-misel-brussel-gorusunden-memnun-qalib\/\" \/>\n<meta property=\"og:site_name\" content=\"MEYDAN.TV\" \/>\n<meta property=\"article:published_time\" content=\"2023-05-14T18:26:03+00:00\" \/>\n<meta property=\"article:modified_time\" content=\"2023-05-14T18:26:06+00:00\" \/>\n<meta property=\"og:image\" content=\"https:\/\/www.meydan.tv\/wp-content\/uploads\/16840842544607049249_1000x669-e1684088747508.jpg\" \/>\n\t<meta property=\"og:image:width\" content=\"1200\" \/>\n\t<meta property=\"og:image:height\" content=\"711\" \/>\n\t<meta property=\"og:image:type\" content=\"image\/jpeg\" \/>\n<meta name=\"author\" content=\"elli\" \/>\n<meta name=\"twitter:card\" content=\"summary_large_image\" \/>\n<meta name=\"twitter:creator\" content=\"@elli\" \/>\n<script type=\"application\/ld+json\" class=\"yoast-schema-graph\">{\"@context\":\"https:\\\/\\\/schema.org\",\"@graph\":[{\"@type\":\"Article\",\"@id\":\"https:\\\/\\\/www.meydan.tv\\\/az\\\/article\\\/sarl-misel-brussel-gorusunden-memnun-qalib\\\/#article\",\"isPartOf\":{\"@id\":\"https:\\\/\\\/www.meydan.tv\\\/az\\\/article\\\/sarl-misel-brussel-gorusunden-memnun-qalib\\\/\"},\"author\":{\"name\":\"elli\",\"@id\":\"https:\\\/\\\/www.meydan.tv\\\/az\\\/#\\\/schema\\\/person\\\/9cdbecf90d17180ce1dfbd95b08dcf47\"},\"headline\":\"\u015earl Mi\u015fel Br\u00fcssel g\u00f6r\u00fc\u015f\u00fcnd\u0259n m\u0259mnun qal\u0131b\",\"datePublished\":\"2023-05-14T18:26:03+00:00\",\"dateModified\":\"2023-05-14T18:26:06+00:00\",\"mainEntityOfPage\":{\"@id\":\"https:\\\/\\\/www.meydan.tv\\\/az\\\/article\\\/sarl-misel-brussel-gorusunden-memnun-qalib\\\/\"},\"wordCount\":1184,\"publisher\":{\"@id\":\"https:\\\/\\\/www.meydan.tv\\\/az\\\/#organization\"},\"image\":{\"@id\":\"https:\\\/\\\/www.meydan.tv\\\/az\\\/article\\\/sarl-misel-brussel-gorusunden-memnun-qalib\\\/#primaryimage\"},\"thumbnailUrl\":\"https:\\\/\\\/www.meydan.tv\\\/wp-content\\\/uploads\\\/16840842544607049249_1000x669-e1684088747508.jpg\",\"articleSection\":[\"Siyas\u0259t\",\"X\u0259b\u0259rl\u0259r\"],\"inLanguage\":\"az\"},{\"@type\":\"WebPage\",\"@id\":\"https:\\\/\\\/www.meydan.tv\\\/az\\\/article\\\/sarl-misel-brussel-gorusunden-memnun-qalib\\\/\",\"url\":\"https:\\\/\\\/www.meydan.tv\\\/az\\\/article\\\/sarl-misel-brussel-gorusunden-memnun-qalib\\\/\",\"name\":\"\u015earl Mi\u015fel Br\u00fcssel g\u00f6r\u00fc\u015f\u00fcnd\u0259n m\u0259mnun qal\u0131b - MEYDAN.TV\",\"isPartOf\":{\"@id\":\"https:\\\/\\\/www.meydan.tv\\\/az\\\/#website\"},\"primaryImageOfPage\":{\"@id\":\"https:\\\/\\\/www.meydan.tv\\\/az\\\/article\\\/sarl-misel-brussel-gorusunden-memnun-qalib\\\/#primaryimage\"},\"image\":{\"@id\":\"https:\\\/\\\/www.meydan.tv\\\/az\\\/article\\\/sarl-misel-brussel-gorusunden-memnun-qalib\\\/#primaryimage\"},\"thumbnailUrl\":\"https:\\\/\\\/www.meydan.tv\\\/wp-content\\\/uploads\\\/16840842544607049249_1000x669-e1684088747508.jpg\",\"datePublished\":\"2023-05-14T18:26:03+00:00\",\"dateModified\":\"2023-05-14T18:26:06+00:00\",\"breadcrumb\":{\"@id\":\"https:\\\/\\\/www.meydan.tv\\\/az\\\/article\\\/sarl-misel-brussel-gorusunden-memnun-qalib\\\/#breadcrumb\"},\"inLanguage\":\"az\",\"potentialAction\":[{\"@type\":\"ReadAction\",\"target\":[\"https:\\\/\\\/www.meydan.tv\\\/az\\\/article\\\/sarl-misel-brussel-gorusunden-memnun-qalib\\\/\"]}]},{\"@type\":\"ImageObject\",\"inLanguage\":\"az\",\"@id\":\"https:\\\/\\\/www.meydan.tv\\\/az\\\/article\\\/sarl-misel-brussel-gorusunden-memnun-qalib\\\/#primaryimage\",\"url\":\"https:\\\/\\\/www.meydan.tv\\\/wp-content\\\/uploads\\\/16840842544607049249_1000x669-e1684088747508.jpg\",\"contentUrl\":\"https:\\\/\\\/www.meydan.tv\\\/wp-content\\\/uploads\\\/16840842544607049249_1000x669-e1684088747508.jpg\",\"width\":1200,\"height\":711,\"caption\":\"\u015earl Mi\u015fel. Foto: A\u0130\"},{\"@type\":\"BreadcrumbList\",\"@id\":\"https:\\\/\\\/www.meydan.tv\\\/az\\\/article\\\/sarl-misel-brussel-gorusunden-memnun-qalib\\\/#breadcrumb\",\"itemListElement\":[{\"@type\":\"ListItem\",\"position\":1,\"name\":\"Ana s\u0259hif\u0259\",\"item\":\"https:\\\/\\\/www.meydan.tv\\\/az\\\/\"},{\"@type\":\"ListItem\",\"position\":2,\"name\":\"Siyas\u0259t\",\"item\":\"https:\\\/\\\/www.meydan.tv\\\/az\\\/section\\\/siyaset\\\/\"},{\"@type\":\"ListItem\",\"position\":3,\"name\":\"\u015earl Mi\u015fel Br\u00fcssel g\u00f6r\u00fc\u015f\u00fcnd\u0259n m\u0259mnun qal\u0131b\"}]},{\"@type\":\"WebSite\",\"@id\":\"https:\\\/\\\/www.meydan.tv\\\/az\\\/#website\",\"url\":\"https:\\\/\\\/www.meydan.tv\\\/az\\\/\",\"name\":\"MEYDAN.TV\",\"description\":\"Meydan TV Az\u0259rbaycan\u0131n media m\u0259kan\u0131ndak\u0131 alternativ s\u0259sidir\",\"publisher\":{\"@id\":\"https:\\\/\\\/www.meydan.tv\\\/az\\\/#organization\"},\"potentialAction\":[{\"@type\":\"SearchAction\",\"target\":{\"@type\":\"EntryPoint\",\"urlTemplate\":\"https:\\\/\\\/www.meydan.tv\\\/az\\\/?s={search_term_string}\"},\"query-input\":{\"@type\":\"PropertyValueSpecification\",\"valueRequired\":true,\"valueName\":\"search_term_string\"}}],\"inLanguage\":\"az\"},{\"@type\":\"Organization\",\"@id\":\"https:\\\/\\\/www.meydan.tv\\\/az\\\/#organization\",\"name\":\"Meydan TV\",\"url\":\"https:\\\/\\\/www.meydan.tv\\\/az\\\/\",\"logo\":{\"@type\":\"ImageObject\",\"inLanguage\":\"az\",\"@id\":\"https:\\\/\\\/www.meydan.tv\\\/az\\\/#\\\/schema\\\/logo\\\/image\\\/\",\"url\":\"https:\\\/\\\/www.meydan.tv\\\/wp-content\\\/uploads\\\/2021\\\/07\\\/meydan-logo.svg\",\"contentUrl\":\"https:\\\/\\\/www.meydan.tv\\\/wp-content\\\/uploads\\\/2021\\\/07\\\/meydan-logo.svg\",\"width\":195,\"height\":46,\"caption\":\"Meydan TV\"},\"image\":{\"@id\":\"https:\\\/\\\/www.meydan.tv\\\/az\\\/#\\\/schema\\\/logo\\\/image\\\/\"}},{\"@type\":\"Person\",\"@id\":\"https:\\\/\\\/www.meydan.tv\\\/az\\\/#\\\/schema\\\/person\\\/9cdbecf90d17180ce1dfbd95b08dcf47\",\"name\":\"elli\",\"sameAs\":[\"https:\\\/\\\/x.com\\\/elli\"]}]}<\/script>\n<!-- \/ Yoast SEO plugin. -->","yoast_head_json":{"title":"\u015earl Mi\u015fel Br\u00fcssel g\u00f6r\u00fc\u015f\u00fcnd\u0259n m\u0259mnun qal\u0131b - MEYDAN.TV","robots":{"index":"index","follow":"follow","max-snippet":"max-snippet:-1","max-image-preview":"max-image-preview:large","max-video-preview":"max-video-preview:-1"},"canonical":"https:\/\/www.meydan.tv\/az\/article\/sarl-misel-brussel-gorusunden-memnun-qalib\/","og_locale":"az_AZ","og_type":"article","og_title":"\u015earl Mi\u015fel Br\u00fcssel g\u00f6r\u00fc\u015f\u00fcnd\u0259n m\u0259mnun qal\u0131b - MEYDAN.TV","og_description":"&#8220;Avropa \u0130ttifaq\u0131n\u0131n he\u00e7 bir gizli plan\u0131 yoxdur\u201d May\u0131n 14-d\u0259 Br\u00fcsseld\u0259 ... Davam\u0131","og_url":"https:\/\/www.meydan.tv\/az\/article\/sarl-misel-brussel-gorusunden-memnun-qalib\/","og_site_name":"MEYDAN.TV","article_published_time":"2023-05-14T18:26:03+00:00","article_modified_time":"2023-05-14T18:26:06+00:00","og_image":[{"width":1200,"height":711,"url":"https:\/\/www.meydan.tv\/wp-content\/uploads\/16840842544607049249_1000x669-e1684088747508.jpg","type":"image\/jpeg"}],"author":"elli","twitter_card":"summary_large_image","twitter_creator":"@elli","schema":{"@context":"https:\/\/schema.org","@graph":[{"@type":"Article","@id":"https:\/\/www.meydan.tv\/az\/article\/sarl-misel-brussel-gorusunden-memnun-qalib\/#article","isPartOf":{"@id":"https:\/\/www.meydan.tv\/az\/article\/sarl-misel-brussel-gorusunden-memnun-qalib\/"},"author":{"name":"elli","@id":"https:\/\/www.meydan.tv\/az\/#\/schema\/person\/9cdbecf90d17180ce1dfbd95b08dcf47"},"headline":"\u015earl Mi\u015fel Br\u00fcssel g\u00f6r\u00fc\u015f\u00fcnd\u0259n m\u0259mnun qal\u0131b","datePublished":"2023-05-14T18:26:03+00:00","dateModified":"2023-05-14T18:26:06+00:00","mainEntityOfPage":{"@id":"https:\/\/www.meydan.tv\/az\/article\/sarl-misel-brussel-gorusunden-memnun-qalib\/"},"wordCount":1184,"publisher":{"@id":"https:\/\/www.meydan.tv\/az\/#organization"},"image":{"@id":"https:\/\/www.meydan.tv\/az\/article\/sarl-misel-brussel-gorusunden-memnun-qalib\/#primaryimage"},"thumbnailUrl":"https:\/\/www.meydan.tv\/wp-content\/uploads\/16840842544607049249_1000x669-e1684088747508.jpg","articleSection":["Siyas\u0259t","X\u0259b\u0259rl\u0259r"],"inLanguage":"az"},{"@type":"WebPage","@id":"https:\/\/www.meydan.tv\/az\/article\/sarl-misel-brussel-gorusunden-memnun-qalib\/","url":"https:\/\/www.meydan.tv\/az\/article\/sarl-misel-brussel-gorusunden-memnun-qalib\/","name":"\u015earl Mi\u015fel Br\u00fcssel g\u00f6r\u00fc\u015f\u00fcnd\u0259n m\u0259mnun qal\u0131b - MEYDAN.TV","isPartOf":{"@id":"https:\/\/www.meydan.tv\/az\/#website"},"primaryImageOfPage":{"@id":"https:\/\/www.meydan.tv\/az\/article\/sarl-misel-brussel-gorusunden-memnun-qalib\/#primaryimage"},"image":{"@id":"https:\/\/www.meydan.tv\/az\/article\/sarl-misel-brussel-gorusunden-memnun-qalib\/#primaryimage"},"thumbnailUrl":"https:\/\/www.meydan.tv\/wp-content\/uploads\/16840842544607049249_1000x669-e1684088747508.jpg","datePublished":"2023-05-14T18:26:03+00:00","dateModified":"2023-05-14T18:26:06+00:00","breadcrumb":{"@id":"https:\/\/www.meydan.tv\/az\/article\/sarl-misel-brussel-gorusunden-memnun-qalib\/#breadcrumb"},"inLanguage":"az","potentialAction":[{"@type":"ReadAction","target":["https:\/\/www.meydan.tv\/az\/article\/sarl-misel-brussel-gorusunden-memnun-qalib\/"]}]},{"@type":"ImageObject","inLanguage":"az","@id":"https:\/\/www.meydan.tv\/az\/article\/sarl-misel-brussel-gorusunden-memnun-qalib\/#primaryimage","url":"https:\/\/www.meydan.tv\/wp-content\/uploads\/16840842544607049249_1000x669-e1684088747508.jpg","contentUrl":"https:\/\/www.meydan.tv\/wp-content\/uploads\/16840842544607049249_1000x669-e1684088747508.jpg","width":1200,"height":711,"caption":"\u015earl Mi\u015fel. Foto: A\u0130"},{"@type":"BreadcrumbList","@id":"https:\/\/www.meydan.tv\/az\/article\/sarl-misel-brussel-gorusunden-memnun-qalib\/#breadcrumb","itemListElement":[{"@type":"ListItem","position":1,"name":"Ana s\u0259hif\u0259","item":"https:\/\/www.meydan.tv\/az\/"},{"@type":"ListItem","position":2,"name":"Siyas\u0259t","item":"https:\/\/www.meydan.tv\/az\/section\/siyaset\/"},{"@type":"ListItem","position":3,"name":"\u015earl Mi\u015fel Br\u00fcssel g\u00f6r\u00fc\u015f\u00fcnd\u0259n m\u0259mnun qal\u0131b"}]},{"@type":"WebSite","@id":"https:\/\/www.meydan.tv\/az\/#website","url":"https:\/\/www.meydan.tv\/az\/","name":"MEYDAN.TV","description":"Meydan TV Az\u0259rbaycan\u0131n media m\u0259kan\u0131ndak\u0131 alternativ s\u0259sidir","publisher":{"@id":"https:\/\/www.meydan.tv\/az\/#organization"},"potentialAction":[{"@type":"SearchAction","target":{"@type":"EntryPoint","urlTemplate":"https:\/\/www.meydan.tv\/az\/?s={search_term_string}"},"query-input":{"@type":"PropertyValueSpecification","valueRequired":true,"valueName":"search_term_string"}}],"inLanguage":"az"},{"@type":"Organization","@id":"https:\/\/www.meydan.tv\/az\/#organization","name":"Meydan TV","url":"https:\/\/www.meydan.tv\/az\/","logo":{"@type":"ImageObject","inLanguage":"az","@id":"https:\/\/www.meydan.tv\/az\/#\/schema\/logo\/image\/","url":"https:\/\/www.meydan.tv\/wp-content\/uploads\/2021\/07\/meydan-logo.svg","contentUrl":"https:\/\/www.meydan.tv\/wp-content\/uploads\/2021\/07\/meydan-logo.svg","width":195,"height":46,"caption":"Meydan TV"},"image":{"@id":"https:\/\/www.meydan.tv\/az\/#\/schema\/logo\/image\/"}},{"@type":"Person","@id":"https:\/\/www.meydan.tv\/az\/#\/schema\/person\/9cdbecf90d17180ce1dfbd95b08dcf47","name":"elli","sameAs":["https:\/\/x.com\/elli"]}]}},"_links":{"self":[{"href":"https:\/\/www.meydan.tv\/az\/wp-json\/wp\/v2\/posts\/275005","targetHints":{"allow":["GET"]}}],"collection":[{"href":"https:\/\/www.meydan.tv\/az\/wp-json\/wp\/v2\/posts"}],"about":[{"href":"https:\/\/www.meydan.tv\/az\/wp-json\/wp\/v2\/types\/post"}],"author":[{"embeddable":true,"href":"https:\/\/www.meydan.tv\/az\/wp-json\/wp\/v2\/users\/8"}],"replies":[{"embeddable":true,"href":"https:\/\/www.meydan.tv\/az\/wp-json\/wp\/v2\/comments?post=275005"}],"version-history":[{"count":1,"href":"https:\/\/www.meydan.tv\/az\/wp-json\/wp\/v2\/posts\/275005\/revisions"}],"predecessor-version":[{"id":275012,"href":"https:\/\/www.meydan.tv\/az\/wp-json\/wp\/v2\/posts\/275005\/revisions\/275012"}],"wp:featuredmedia":[{"embeddable":true,"href":"https:\/\/www.meydan.tv\/az\/wp-json\/wp\/v2\/media\/275006"}],"wp:attachment":[{"href":"https:\/\/www.meydan.tv\/az\/wp-json\/wp\/v2\/media?parent=275005"}],"wp:term":[{"taxonomy":"category","embeddable":true,"href":"https:\/\/www.meydan.tv\/az\/wp-json\/wp\/v2\/categories?post=275005"},{"taxonomy":"post_tag","embeddable":true,"href":"https:\/\/www.meydan.tv\/az\/wp-json\/wp\/v2\/tags?post=275005"}],"curies":[{"name":"wp","href":"https:\/\/api.w.org\/{rel}","templated":true}]}}