{"id":274984,"date":"2023-05-14T16:07:07","date_gmt":"2023-05-14T12:07:07","guid":{"rendered":"https:\/\/www.meydan.tv\/?p=274984"},"modified":"2023-05-14T16:07:10","modified_gmt":"2023-05-14T12:07:10","slug":"sekide-10-gun-evvel-oldurulen-kisinin-telefonu-bakida-nece-satilib-oglu-hebs-olundu","status":"publish","type":"post","link":"https:\/\/www.meydan.tv\/az\/article\/sekide-10-gun-evvel-oldurulen-kisinin-telefonu-bakida-nece-satilib-oglu-hebs-olundu\/","title":{"rendered":"\u015e\u0259kid\u0259 10 g\u00fcn \u0259vv\u0259l \u00f6ld\u00fcr\u00fcl\u0259n ki\u015finin telefonu Bak\u0131da nec\u0259 sat\u0131l\u0131b: o\u011flu h\u0259bs olundu"},"content":{"rendered":"\n<p><\/p>\n\n\n\n<p><strong><em>Katif G\u00fclm\u0259mm\u0259dlinin atas\u0131n\u0131 bo\u011faraq \u00f6ld\u00fcrd\u00fcy\u00fc iddia edilir<\/em><\/strong><\/p>\n\n\n\n<p>\u015e\u0259ki rayonunun \u0130nc\u0259 k\u0259ndind\u0259 ya\u015fayan 64 ya\u015fl\u0131 \u0130smay\u0131l G\u00fcl\u00fcyevin meyiti ya\u015fad\u0131\u011f\u0131 evd\u0259 a\u015fkarlan\u0131b. Onun 10 g\u00fcn \u0259vv\u0259l q\u0259tl\u0259 yetirildiyi bildirilir. \u0130smay\u0131l G\u00fcl\u00fcyevi q\u0259tl\u0259 yetirm\u0259kd\u0259 \u015f\u00fcbh\u0259li bilin\u0259r\u0259k saxlan\u0131lan is\u0259 \u00f6z o\u011fludur. Daxili \u0130\u015fl\u0259r Nazirliyinin (D\u0130N) hadis\u0259 bar\u0259d\u0259 yayd\u0131\u011f\u0131 m\u0259lumatda iddia olunur ki, \u0130smay\u0131l G\u00fcl\u00fcyev \u00f6ld\u00fcr\u00fcl\u0259nd\u0259n sonra onun telefonu Bak\u0131da o\u011flu t\u0259r\u0259find\u0259n sat\u0131l\u0131b.<\/p>\n\n\n\n<p>D\u0130N-in \u015e\u0259ki regional qrupundan veril\u0259n m\u0259lumata g\u00f6r\u0259, rayon polis \u015f\u00f6b\u0259si v\u0259 prokurorlu\u011funun \u0259m\u0259kda\u015flar\u0131 m\u0259lumat alan kimi hadis\u0259 yerin\u0259 bax\u0131\u015f ke\u00e7iribl\u0259r. Ara\u015fd\u0131rma zaman\u0131 m\u0259lum olub ki, may\u0131n 4-d\u0259 \u0130smay\u0131l G\u00fcl\u00fcyevl\u0259 o\u011flu, 1998-ci il t\u0259v\u0259ll\u00fcdl\u00fc Kat\u0131f G\u00fclm\u0259mm\u0259dli aras\u0131nda m\u00fcbahis\u0259 ba\u015f verib.<\/p>\n\n\n\n<p><em>\u201c\u0130smay\u0131l G\u00fcl\u00fcyevin \u015f\u0259xsi m\u00fcnaqi\u015f\u0259 z\u0259minind\u0259 o\u011flu Kat\u0131f G\u00fclm\u0259mm\u0259dli t\u0259r\u0259find\u0259n bo\u011fularaq \u00f6ld\u00fcr\u00fcld\u00fcy\u00fc, atas\u0131n\u0131 \u00f6ld\u00fcrd\u00fckd\u0259n sonra onun mobil telefonunu Bak\u0131 \u015f\u0259h\u0259rin\u0259 apar\u0131b, orada satd\u0131\u011f\u0131 m\u00fc\u0259yy\u0259n edilib. Ke\u00e7irilmi\u015f \u0259m\u0259liyyat-axtar\u0131\u015f t\u0259dbirl\u0259ri n\u0259tic\u0259sind\u0259 Kat\u0131f G\u00fclm\u0259mm\u0259dli tutularaq istintaqa t\u0259hvil verilib\u201d, &#8211; <\/em>D\u0130N-d\u0259n bildirilib.<\/p>\n\n\n\n<p>M\u0259lumat\u0131 \u015e\u0259ki Rayon Prokurorlu\u011fu da t\u0259sdiql\u0259yib. Prokurorlu\u011fun m\u0259lumat\u0131nda bildirilir ki, may\u0131n 13-d\u0259 1959-cu il t\u0259v\u0259ll\u00fcdl\u00fc \u0130smay\u0131l G\u00fcl\u00fcyevin meyitinin ya\u015fad\u0131\u011f\u0131 evd\u0259 tap\u0131l\u0131b.<\/p>\n\n\n\n<p>Faktla ba\u011fl\u0131 \u015e\u0259ki Rayon Prokurorlu\u011funda Cinay\u0259t M\u0259c\u0259ll\u0259sinin 120.1-ci (q\u0259sd\u0259n adam \u00f6ld\u00fcrm\u0259) madd\u0259sil\u0259 cinay\u0259t i\u015fi ba\u015flan\u0131b.<\/p>\n","protected":false},"excerpt":{"rendered":"<p>Katif G\u00fclm\u0259mm\u0259dlinin atas\u0131n\u0131 bo\u011faraq \u00f6ld\u00fcrd\u00fcy\u00fc iddia edilir \u015e\u0259ki rayonunun \u0130nc\u0259 &#8230; <\/p>\n<p class=\"read-more-container\"><a title=\"\u015e\u0259kid\u0259 10 g\u00fcn \u0259vv\u0259l \u00f6ld\u00fcr\u00fcl\u0259n ki\u015finin telefonu Bak\u0131da nec\u0259 sat\u0131l\u0131b: o\u011flu h\u0259bs olundu\" class=\"read-more button\" href=\"https:\/\/www.meydan.tv\/az\/article\/sekide-10-gun-evvel-oldurulen-kisinin-telefonu-bakida-nece-satilib-oglu-hebs-olundu\/#more-274984\" aria-label=\"Read more about \u015e\u0259kid\u0259 10 g\u00fcn \u0259vv\u0259l \u00f6ld\u00fcr\u00fcl\u0259n ki\u015finin telefonu Bak\u0131da nec\u0259 sat\u0131l\u0131b: o\u011flu h\u0259bs olundu\">Davam\u0131<\/a><\/p>\n","protected":false},"author":8,"featured_media":243412,"comment_status":"closed","ping_status":"closed","sticky":false,"template":"","format":"standard","meta":{"_acf_changed":false,"_sitemap_exclude":false,"_sitemap_priority":"","_sitemap_frequency":"","footnotes":""},"categories":[60,56],"tags":[],"class_list":["post-274984","post","type-post","status-publish","format-standard","has-post-thumbnail","hentry","category-bolge","category-xeberler","infinite-scroll-item","generate-columns","tablet-grid-50","mobile-grid-100","grid-parent","grid-33","no-featured-image-padding"],"acf":[],"yoast_head":"<!-- This site is optimized with the Yoast SEO plugin v27.5 - https:\/\/yoast.com\/product\/yoast-seo-wordpress\/ -->\n<title>\u015e\u0259kid\u0259 10 g\u00fcn \u0259vv\u0259l \u00f6ld\u00fcr\u00fcl\u0259n ki\u015finin telefonu Bak\u0131da nec\u0259 sat\u0131l\u0131b: o\u011flu h\u0259bs olundu - MEYDAN.TV<\/title>\n<meta name=\"robots\" content=\"index, follow, max-snippet:-1, max-image-preview:large, max-video-preview:-1\" \/>\n<link rel=\"canonical\" href=\"https:\/\/www.meydan.tv\/az\/article\/sekide-10-gun-evvel-oldurulen-kisinin-telefonu-bakida-nece-satilib-oglu-hebs-olundu\/\" \/>\n<meta property=\"og:locale\" content=\"az_AZ\" \/>\n<meta property=\"og:type\" content=\"article\" \/>\n<meta property=\"og:title\" content=\"\u015e\u0259kid\u0259 10 g\u00fcn \u0259vv\u0259l \u00f6ld\u00fcr\u00fcl\u0259n ki\u015finin telefonu Bak\u0131da nec\u0259 sat\u0131l\u0131b: o\u011flu h\u0259bs olundu - MEYDAN.TV\" \/>\n<meta property=\"og:description\" content=\"Katif G\u00fclm\u0259mm\u0259dlinin atas\u0131n\u0131 bo\u011faraq \u00f6ld\u00fcrd\u00fcy\u00fc iddia edilir \u015e\u0259ki rayonunun \u0130nc\u0259 ... Davam\u0131\" \/>\n<meta property=\"og:url\" content=\"https:\/\/www.meydan.tv\/az\/article\/sekide-10-gun-evvel-oldurulen-kisinin-telefonu-bakida-nece-satilib-oglu-hebs-olundu\/\" \/>\n<meta property=\"og:site_name\" content=\"MEYDAN.TV\" \/>\n<meta property=\"article:published_time\" content=\"2023-05-14T12:07:07+00:00\" \/>\n<meta property=\"article:modified_time\" content=\"2023-05-14T12:07:10+00:00\" \/>\n<meta property=\"og:image\" content=\"https:\/\/www.meydan.tv\/wp-content\/uploads\/shutterstock_1005788164.jpg\" \/>\n\t<meta property=\"og:image:width\" content=\"1200\" \/>\n\t<meta property=\"og:image:height\" content=\"800\" \/>\n\t<meta property=\"og:image:type\" content=\"image\/jpeg\" \/>\n<meta name=\"author\" content=\"elli\" \/>\n<meta name=\"twitter:card\" content=\"summary_large_image\" \/>\n<meta name=\"twitter:creator\" content=\"@elli\" \/>\n<script type=\"application\/ld+json\" class=\"yoast-schema-graph\">{\"@context\":\"https:\\\/\\\/schema.org\",\"@graph\":[{\"@type\":\"Article\",\"@id\":\"https:\\\/\\\/www.meydan.tv\\\/az\\\/article\\\/sekide-10-gun-evvel-oldurulen-kisinin-telefonu-bakida-nece-satilib-oglu-hebs-olundu\\\/#article\",\"isPartOf\":{\"@id\":\"https:\\\/\\\/www.meydan.tv\\\/az\\\/article\\\/sekide-10-gun-evvel-oldurulen-kisinin-telefonu-bakida-nece-satilib-oglu-hebs-olundu\\\/\"},\"author\":{\"name\":\"elli\",\"@id\":\"https:\\\/\\\/www.meydan.tv\\\/az\\\/#\\\/schema\\\/person\\\/9cdbecf90d17180ce1dfbd95b08dcf47\"},\"headline\":\"\u015e\u0259kid\u0259 10 g\u00fcn \u0259vv\u0259l \u00f6ld\u00fcr\u00fcl\u0259n ki\u015finin telefonu Bak\u0131da nec\u0259 sat\u0131l\u0131b: o\u011flu h\u0259bs olundu\",\"datePublished\":\"2023-05-14T12:07:07+00:00\",\"dateModified\":\"2023-05-14T12:07:10+00:00\",\"mainEntityOfPage\":{\"@id\":\"https:\\\/\\\/www.meydan.tv\\\/az\\\/article\\\/sekide-10-gun-evvel-oldurulen-kisinin-telefonu-bakida-nece-satilib-oglu-hebs-olundu\\\/\"},\"wordCount\":335,\"publisher\":{\"@id\":\"https:\\\/\\\/www.meydan.tv\\\/az\\\/#organization\"},\"image\":{\"@id\":\"https:\\\/\\\/www.meydan.tv\\\/az\\\/article\\\/sekide-10-gun-evvel-oldurulen-kisinin-telefonu-bakida-nece-satilib-oglu-hebs-olundu\\\/#primaryimage\"},\"thumbnailUrl\":\"https:\\\/\\\/www.meydan.tv\\\/wp-content\\\/uploads\\\/shutterstock_1005788164.jpg\",\"articleSection\":[\"B\u00f6lg\u0259\",\"X\u0259b\u0259rl\u0259r\"],\"inLanguage\":\"az\"},{\"@type\":\"WebPage\",\"@id\":\"https:\\\/\\\/www.meydan.tv\\\/az\\\/article\\\/sekide-10-gun-evvel-oldurulen-kisinin-telefonu-bakida-nece-satilib-oglu-hebs-olundu\\\/\",\"url\":\"https:\\\/\\\/www.meydan.tv\\\/az\\\/article\\\/sekide-10-gun-evvel-oldurulen-kisinin-telefonu-bakida-nece-satilib-oglu-hebs-olundu\\\/\",\"name\":\"\u015e\u0259kid\u0259 10 g\u00fcn \u0259vv\u0259l \u00f6ld\u00fcr\u00fcl\u0259n ki\u015finin telefonu Bak\u0131da nec\u0259 sat\u0131l\u0131b: o\u011flu h\u0259bs olundu - MEYDAN.TV\",\"isPartOf\":{\"@id\":\"https:\\\/\\\/www.meydan.tv\\\/az\\\/#website\"},\"primaryImageOfPage\":{\"@id\":\"https:\\\/\\\/www.meydan.tv\\\/az\\\/article\\\/sekide-10-gun-evvel-oldurulen-kisinin-telefonu-bakida-nece-satilib-oglu-hebs-olundu\\\/#primaryimage\"},\"image\":{\"@id\":\"https:\\\/\\\/www.meydan.tv\\\/az\\\/article\\\/sekide-10-gun-evvel-oldurulen-kisinin-telefonu-bakida-nece-satilib-oglu-hebs-olundu\\\/#primaryimage\"},\"thumbnailUrl\":\"https:\\\/\\\/www.meydan.tv\\\/wp-content\\\/uploads\\\/shutterstock_1005788164.jpg\",\"datePublished\":\"2023-05-14T12:07:07+00:00\",\"dateModified\":\"2023-05-14T12:07:10+00:00\",\"breadcrumb\":{\"@id\":\"https:\\\/\\\/www.meydan.tv\\\/az\\\/article\\\/sekide-10-gun-evvel-oldurulen-kisinin-telefonu-bakida-nece-satilib-oglu-hebs-olundu\\\/#breadcrumb\"},\"inLanguage\":\"az\",\"potentialAction\":[{\"@type\":\"ReadAction\",\"target\":[\"https:\\\/\\\/www.meydan.tv\\\/az\\\/article\\\/sekide-10-gun-evvel-oldurulen-kisinin-telefonu-bakida-nece-satilib-oglu-hebs-olundu\\\/\"]}]},{\"@type\":\"ImageObject\",\"inLanguage\":\"az\",\"@id\":\"https:\\\/\\\/www.meydan.tv\\\/az\\\/article\\\/sekide-10-gun-evvel-oldurulen-kisinin-telefonu-bakida-nece-satilib-oglu-hebs-olundu\\\/#primaryimage\",\"url\":\"https:\\\/\\\/www.meydan.tv\\\/wp-content\\\/uploads\\\/shutterstock_1005788164.jpg\",\"contentUrl\":\"https:\\\/\\\/www.meydan.tv\\\/wp-content\\\/uploads\\\/shutterstock_1005788164.jpg\",\"width\":1200,\"height\":800,\"caption\":\"Telefon aksessuarlar\u0131. Foto: Suphaksorn Thongwongboot\\\/shutterstock\"},{\"@type\":\"BreadcrumbList\",\"@id\":\"https:\\\/\\\/www.meydan.tv\\\/az\\\/article\\\/sekide-10-gun-evvel-oldurulen-kisinin-telefonu-bakida-nece-satilib-oglu-hebs-olundu\\\/#breadcrumb\",\"itemListElement\":[{\"@type\":\"ListItem\",\"position\":1,\"name\":\"Ana s\u0259hif\u0259\",\"item\":\"https:\\\/\\\/www.meydan.tv\\\/az\\\/\"},{\"@type\":\"ListItem\",\"position\":2,\"name\":\"B\u00f6lg\u0259\",\"item\":\"https:\\\/\\\/www.meydan.tv\\\/az\\\/section\\\/bolge\\\/\"},{\"@type\":\"ListItem\",\"position\":3,\"name\":\"\u015e\u0259kid\u0259 10 g\u00fcn \u0259vv\u0259l \u00f6ld\u00fcr\u00fcl\u0259n ki\u015finin telefonu Bak\u0131da nec\u0259 sat\u0131l\u0131b: o\u011flu h\u0259bs olundu\"}]},{\"@type\":\"WebSite\",\"@id\":\"https:\\\/\\\/www.meydan.tv\\\/az\\\/#website\",\"url\":\"https:\\\/\\\/www.meydan.tv\\\/az\\\/\",\"name\":\"MEYDAN.TV\",\"description\":\"Meydan TV Az\u0259rbaycan\u0131n media m\u0259kan\u0131ndak\u0131 alternativ s\u0259sidir\",\"publisher\":{\"@id\":\"https:\\\/\\\/www.meydan.tv\\\/az\\\/#organization\"},\"potentialAction\":[{\"@type\":\"SearchAction\",\"target\":{\"@type\":\"EntryPoint\",\"urlTemplate\":\"https:\\\/\\\/www.meydan.tv\\\/az\\\/?s={search_term_string}\"},\"query-input\":{\"@type\":\"PropertyValueSpecification\",\"valueRequired\":true,\"valueName\":\"search_term_string\"}}],\"inLanguage\":\"az\"},{\"@type\":\"Organization\",\"@id\":\"https:\\\/\\\/www.meydan.tv\\\/az\\\/#organization\",\"name\":\"Meydan TV\",\"url\":\"https:\\\/\\\/www.meydan.tv\\\/az\\\/\",\"logo\":{\"@type\":\"ImageObject\",\"inLanguage\":\"az\",\"@id\":\"https:\\\/\\\/www.meydan.tv\\\/az\\\/#\\\/schema\\\/logo\\\/image\\\/\",\"url\":\"https:\\\/\\\/www.meydan.tv\\\/wp-content\\\/uploads\\\/2021\\\/07\\\/meydan-logo.svg\",\"contentUrl\":\"https:\\\/\\\/www.meydan.tv\\\/wp-content\\\/uploads\\\/2021\\\/07\\\/meydan-logo.svg\",\"width\":195,\"height\":46,\"caption\":\"Meydan TV\"},\"image\":{\"@id\":\"https:\\\/\\\/www.meydan.tv\\\/az\\\/#\\\/schema\\\/logo\\\/image\\\/\"}},{\"@type\":\"Person\",\"@id\":\"https:\\\/\\\/www.meydan.tv\\\/az\\\/#\\\/schema\\\/person\\\/9cdbecf90d17180ce1dfbd95b08dcf47\",\"name\":\"elli\",\"sameAs\":[\"https:\\\/\\\/x.com\\\/elli\"]}]}<\/script>\n<!-- \/ Yoast SEO plugin. -->","yoast_head_json":{"title":"\u015e\u0259kid\u0259 10 g\u00fcn \u0259vv\u0259l \u00f6ld\u00fcr\u00fcl\u0259n ki\u015finin telefonu Bak\u0131da nec\u0259 sat\u0131l\u0131b: o\u011flu h\u0259bs olundu - MEYDAN.TV","robots":{"index":"index","follow":"follow","max-snippet":"max-snippet:-1","max-image-preview":"max-image-preview:large","max-video-preview":"max-video-preview:-1"},"canonical":"https:\/\/www.meydan.tv\/az\/article\/sekide-10-gun-evvel-oldurulen-kisinin-telefonu-bakida-nece-satilib-oglu-hebs-olundu\/","og_locale":"az_AZ","og_type":"article","og_title":"\u015e\u0259kid\u0259 10 g\u00fcn \u0259vv\u0259l \u00f6ld\u00fcr\u00fcl\u0259n ki\u015finin telefonu Bak\u0131da nec\u0259 sat\u0131l\u0131b: o\u011flu h\u0259bs olundu - MEYDAN.TV","og_description":"Katif G\u00fclm\u0259mm\u0259dlinin atas\u0131n\u0131 bo\u011faraq \u00f6ld\u00fcrd\u00fcy\u00fc iddia edilir \u015e\u0259ki rayonunun \u0130nc\u0259 ... Davam\u0131","og_url":"https:\/\/www.meydan.tv\/az\/article\/sekide-10-gun-evvel-oldurulen-kisinin-telefonu-bakida-nece-satilib-oglu-hebs-olundu\/","og_site_name":"MEYDAN.TV","article_published_time":"2023-05-14T12:07:07+00:00","article_modified_time":"2023-05-14T12:07:10+00:00","og_image":[{"width":1200,"height":800,"url":"https:\/\/www.meydan.tv\/wp-content\/uploads\/shutterstock_1005788164.jpg","type":"image\/jpeg"}],"author":"elli","twitter_card":"summary_large_image","twitter_creator":"@elli","schema":{"@context":"https:\/\/schema.org","@graph":[{"@type":"Article","@id":"https:\/\/www.meydan.tv\/az\/article\/sekide-10-gun-evvel-oldurulen-kisinin-telefonu-bakida-nece-satilib-oglu-hebs-olundu\/#article","isPartOf":{"@id":"https:\/\/www.meydan.tv\/az\/article\/sekide-10-gun-evvel-oldurulen-kisinin-telefonu-bakida-nece-satilib-oglu-hebs-olundu\/"},"author":{"name":"elli","@id":"https:\/\/www.meydan.tv\/az\/#\/schema\/person\/9cdbecf90d17180ce1dfbd95b08dcf47"},"headline":"\u015e\u0259kid\u0259 10 g\u00fcn \u0259vv\u0259l \u00f6ld\u00fcr\u00fcl\u0259n ki\u015finin telefonu Bak\u0131da nec\u0259 sat\u0131l\u0131b: o\u011flu h\u0259bs olundu","datePublished":"2023-05-14T12:07:07+00:00","dateModified":"2023-05-14T12:07:10+00:00","mainEntityOfPage":{"@id":"https:\/\/www.meydan.tv\/az\/article\/sekide-10-gun-evvel-oldurulen-kisinin-telefonu-bakida-nece-satilib-oglu-hebs-olundu\/"},"wordCount":335,"publisher":{"@id":"https:\/\/www.meydan.tv\/az\/#organization"},"image":{"@id":"https:\/\/www.meydan.tv\/az\/article\/sekide-10-gun-evvel-oldurulen-kisinin-telefonu-bakida-nece-satilib-oglu-hebs-olundu\/#primaryimage"},"thumbnailUrl":"https:\/\/www.meydan.tv\/wp-content\/uploads\/shutterstock_1005788164.jpg","articleSection":["B\u00f6lg\u0259","X\u0259b\u0259rl\u0259r"],"inLanguage":"az"},{"@type":"WebPage","@id":"https:\/\/www.meydan.tv\/az\/article\/sekide-10-gun-evvel-oldurulen-kisinin-telefonu-bakida-nece-satilib-oglu-hebs-olundu\/","url":"https:\/\/www.meydan.tv\/az\/article\/sekide-10-gun-evvel-oldurulen-kisinin-telefonu-bakida-nece-satilib-oglu-hebs-olundu\/","name":"\u015e\u0259kid\u0259 10 g\u00fcn \u0259vv\u0259l \u00f6ld\u00fcr\u00fcl\u0259n ki\u015finin telefonu Bak\u0131da nec\u0259 sat\u0131l\u0131b: o\u011flu h\u0259bs olundu - MEYDAN.TV","isPartOf":{"@id":"https:\/\/www.meydan.tv\/az\/#website"},"primaryImageOfPage":{"@id":"https:\/\/www.meydan.tv\/az\/article\/sekide-10-gun-evvel-oldurulen-kisinin-telefonu-bakida-nece-satilib-oglu-hebs-olundu\/#primaryimage"},"image":{"@id":"https:\/\/www.meydan.tv\/az\/article\/sekide-10-gun-evvel-oldurulen-kisinin-telefonu-bakida-nece-satilib-oglu-hebs-olundu\/#primaryimage"},"thumbnailUrl":"https:\/\/www.meydan.tv\/wp-content\/uploads\/shutterstock_1005788164.jpg","datePublished":"2023-05-14T12:07:07+00:00","dateModified":"2023-05-14T12:07:10+00:00","breadcrumb":{"@id":"https:\/\/www.meydan.tv\/az\/article\/sekide-10-gun-evvel-oldurulen-kisinin-telefonu-bakida-nece-satilib-oglu-hebs-olundu\/#breadcrumb"},"inLanguage":"az","potentialAction":[{"@type":"ReadAction","target":["https:\/\/www.meydan.tv\/az\/article\/sekide-10-gun-evvel-oldurulen-kisinin-telefonu-bakida-nece-satilib-oglu-hebs-olundu\/"]}]},{"@type":"ImageObject","inLanguage":"az","@id":"https:\/\/www.meydan.tv\/az\/article\/sekide-10-gun-evvel-oldurulen-kisinin-telefonu-bakida-nece-satilib-oglu-hebs-olundu\/#primaryimage","url":"https:\/\/www.meydan.tv\/wp-content\/uploads\/shutterstock_1005788164.jpg","contentUrl":"https:\/\/www.meydan.tv\/wp-content\/uploads\/shutterstock_1005788164.jpg","width":1200,"height":800,"caption":"Telefon aksessuarlar\u0131. Foto: Suphaksorn Thongwongboot\/shutterstock"},{"@type":"BreadcrumbList","@id":"https:\/\/www.meydan.tv\/az\/article\/sekide-10-gun-evvel-oldurulen-kisinin-telefonu-bakida-nece-satilib-oglu-hebs-olundu\/#breadcrumb","itemListElement":[{"@type":"ListItem","position":1,"name":"Ana s\u0259hif\u0259","item":"https:\/\/www.meydan.tv\/az\/"},{"@type":"ListItem","position":2,"name":"B\u00f6lg\u0259","item":"https:\/\/www.meydan.tv\/az\/section\/bolge\/"},{"@type":"ListItem","position":3,"name":"\u015e\u0259kid\u0259 10 g\u00fcn \u0259vv\u0259l \u00f6ld\u00fcr\u00fcl\u0259n ki\u015finin telefonu Bak\u0131da nec\u0259 sat\u0131l\u0131b: o\u011flu h\u0259bs olundu"}]},{"@type":"WebSite","@id":"https:\/\/www.meydan.tv\/az\/#website","url":"https:\/\/www.meydan.tv\/az\/","name":"MEYDAN.TV","description":"Meydan TV Az\u0259rbaycan\u0131n media m\u0259kan\u0131ndak\u0131 alternativ s\u0259sidir","publisher":{"@id":"https:\/\/www.meydan.tv\/az\/#organization"},"potentialAction":[{"@type":"SearchAction","target":{"@type":"EntryPoint","urlTemplate":"https:\/\/www.meydan.tv\/az\/?s={search_term_string}"},"query-input":{"@type":"PropertyValueSpecification","valueRequired":true,"valueName":"search_term_string"}}],"inLanguage":"az"},{"@type":"Organization","@id":"https:\/\/www.meydan.tv\/az\/#organization","name":"Meydan TV","url":"https:\/\/www.meydan.tv\/az\/","logo":{"@type":"ImageObject","inLanguage":"az","@id":"https:\/\/www.meydan.tv\/az\/#\/schema\/logo\/image\/","url":"https:\/\/www.meydan.tv\/wp-content\/uploads\/2021\/07\/meydan-logo.svg","contentUrl":"https:\/\/www.meydan.tv\/wp-content\/uploads\/2021\/07\/meydan-logo.svg","width":195,"height":46,"caption":"Meydan TV"},"image":{"@id":"https:\/\/www.meydan.tv\/az\/#\/schema\/logo\/image\/"}},{"@type":"Person","@id":"https:\/\/www.meydan.tv\/az\/#\/schema\/person\/9cdbecf90d17180ce1dfbd95b08dcf47","name":"elli","sameAs":["https:\/\/x.com\/elli"]}]}},"_links":{"self":[{"href":"https:\/\/www.meydan.tv\/az\/wp-json\/wp\/v2\/posts\/274984","targetHints":{"allow":["GET"]}}],"collection":[{"href":"https:\/\/www.meydan.tv\/az\/wp-json\/wp\/v2\/posts"}],"about":[{"href":"https:\/\/www.meydan.tv\/az\/wp-json\/wp\/v2\/types\/post"}],"author":[{"embeddable":true,"href":"https:\/\/www.meydan.tv\/az\/wp-json\/wp\/v2\/users\/8"}],"replies":[{"embeddable":true,"href":"https:\/\/www.meydan.tv\/az\/wp-json\/wp\/v2\/comments?post=274984"}],"version-history":[{"count":1,"href":"https:\/\/www.meydan.tv\/az\/wp-json\/wp\/v2\/posts\/274984\/revisions"}],"predecessor-version":[{"id":274985,"href":"https:\/\/www.meydan.tv\/az\/wp-json\/wp\/v2\/posts\/274984\/revisions\/274985"}],"wp:featuredmedia":[{"embeddable":true,"href":"https:\/\/www.meydan.tv\/az\/wp-json\/wp\/v2\/media\/243412"}],"wp:attachment":[{"href":"https:\/\/www.meydan.tv\/az\/wp-json\/wp\/v2\/media?parent=274984"}],"wp:term":[{"taxonomy":"category","embeddable":true,"href":"https:\/\/www.meydan.tv\/az\/wp-json\/wp\/v2\/categories?post=274984"},{"taxonomy":"post_tag","embeddable":true,"href":"https:\/\/www.meydan.tv\/az\/wp-json\/wp\/v2\/tags?post=274984"}],"curies":[{"name":"wp","href":"https:\/\/api.w.org\/{rel}","templated":true}]}}