{"id":274914,"date":"2023-05-13T18:45:06","date_gmt":"2023-05-13T14:45:06","guid":{"rendered":"https:\/\/www.meydan.tv\/?p=274914"},"modified":"2023-05-13T18:45:09","modified_gmt":"2023-05-13T14:45:09","slug":"medeniyyet-nazirinin-birinci-muavinleri-vezifesi-legv-edilib","status":"publish","type":"post","link":"https:\/\/www.meydan.tv\/az\/article\/medeniyyet-nazirinin-birinci-muavinleri-vezifesi-legv-edilib\/","title":{"rendered":"M\u0259d\u0259niyy\u0259t nazirinin birinci m\u00fcavinl\u0259ri v\u0259zif\u0259si l\u0259\u011fv edilib"},"content":{"rendered":"\n<p><\/p>\n\n\n\n<p><em><strong>Prezident \u018fsasnam\u0259y\u0259 d\u0259yi\u015fiklik edib<\/strong><\/em><\/p>\n\n\n\n<p>M\u0259d\u0259niyy\u0259t nazirinin birinci m\u00fcavinl\u0259ri v\u0259zif\u0259si l\u0259\u011fv edilib.<\/p>\n\n\n\n<p>APA x\u0259b\u0259r verir ki, bu, Prezident \u0130lham \u018fliyevin f\u0259rman\u0131 il\u0259 \u201cAz\u0259rbaycan Respublikas\u0131n\u0131n M\u0259d\u0259niyy\u0259t Nazirliyi haqq\u0131nda \u018fsasnam\u0259\u201dy\u0259 edil\u0259n d\u0259yi\u015fiklikd\u0259 \u0259ksini <a href=\"https:\/\/apa.az\/az\/resmi-xeber\/medeniyyet-nazirinin-birinci-muavinleri-vezifesi-legv-edilib-764767\" target=\"_blank\" rel=\"noreferrer noopener\">tap\u0131b.<\/a><\/p>\n\n\n\n<p>F\u0259rmana \u0259sas\u0259n, art\u0131q nazirin d\u00f6rd m\u00fcavini olacaq.<\/p>\n\n\n\n<p>\u0130ndiy\u0259 q\u0259d\u0259r nazirin iki birinci m\u00fcavini v\u0259 iki m\u00fcavini var idi.<\/p>\n\n\n\n<p>M\u0259d\u0259niyy\u0259t nazirinin m\u00fcavini v\u0259zif\u0259sin\u0259 yeni t\u0259yinat olub.<\/p>\n\n\n\n<p>Bu haqda m\u0259lumat\u0131 M\u0259d\u0259niyy\u0259t nazirliyi <a href=\"https:\/\/www.facebook.com\/photo?fbid=576968581190914&amp;set=a.260882942799481\" target=\"_blank\" rel=\"noreferrer noopener\">yay\u0131b.<\/a><\/p>\n\n\n\n<p>F\u0259rid Tahir o\u011flu C\u0259f\u0259rov Az\u0259rbaycan Respublikas\u0131 m\u0259d\u0259niyy\u0259t nazirinin m\u00fcavini t\u0259yin edilib.<\/p>\n\n\n\n<p>Bak\u0131 D\u00f6vl\u0259t Universitetinin beyn\u0259lxalq h\u00fcquq fak\u00fclt\u0259sind\u0259 t\u0259hsil alan F\u0259rid C\u0259f\u0259rov bu t\u0259yinata q\u0259d\u0259r Az\u0259rbaycan Respublikas\u0131 G\u0259ncl\u0259r Fondunun icra\u00e7\u0131 direktoru olub.<\/p>\n\n\n\n<p>Eyni zamanda Heyd\u0259r \u018fliyev Fondunda \u00e7al\u0131\u015f\u0131b.<\/p>\n\n\n\n<p>Heyd\u0259r \u018fliyev M\u0259rk\u0259zinin humanitar v\u0259 sosial layih\u0259l\u0259r departamentinin direktoru olub.<\/p>\n\n\n\n<p>M\u0259d\u0259niyy\u0259t nazirinin daha \u00f6nc\u0259 birinci m\u00fcavini Elnur \u018fliyev olub.<\/p>\n\n\n\n<p>D\u00f6vl\u0259t T\u0259hl\u00fck\u0259sizliyi Xidm\u0259tinin 2022-ci il noyabr\u0131n 1-d\u0259 M\u0259d\u0259niyy\u0259t Nazirliyind\u0259 ke\u00e7irdiyi \u0259m\u0259liyyat zaman\u0131 saxlan\u0131lan Elnur \u018fliyev noyabr\u0131n 3-d\u0259 t\u0259qsirl\u0259ndiril\u0259n \u015f\u0259xs qismind\u0259 tan\u0131n\u0131b.<\/p>\n\n\n\n<p>Ona qar\u015f\u0131 Cinay\u0259t M\u0259c\u0259ll\u0259sinin 179.4 (x\u00fcsusil\u0259 k\u00fclli miqdarda m\u0259nims\u0259m\u0259), 308-ci (v\u0259zif\u0259 s\u0259lahiyy\u0259tl\u0259rind\u0259n sui istifad\u0259) madd\u0259l\u0259ril\u0259 ittiham ir\u0259li <a href=\"https:\/\/www.meydan.tv\/az\/article\/elnur-eliyevin-baresinde-basqa-yere-getmeme-iltizam-tedbiri-secilib\/\" target=\"_blank\" rel=\"noreferrer noopener\">s\u00fcr\u00fcl\u00fcb.<\/a><\/p>\n\n\n\n<p>Noyabr\u0131n 3-d\u0259 prezident onun birinci m\u00fcavin v\u0259zif\u0259sind\u0259n azad edilm\u0259si haqda s\u0259r\u0259ncam <a href=\"https:\/\/www.meydan.tv\/az\/article\/elnur-eliyev-vezifesinden-azad-edildi\/\" target=\"_blank\" rel=\"noreferrer noopener\">imzalay\u0131b.<\/a><\/p>\n\n\n\n<p>2023-c\u00fc il mart\u0131n 1-d\u0259 m\u0259d\u0259niyy\u0259t nazirinin birinci m\u00fcavini Vaqif \u018fliyev v\u0259 m\u0259d\u0259niyy\u0259t nazirinin m\u00fcavini Sevda M\u0259mm\u0259d\u0259liyeva da tutduqlar\u0131 v\u0259zif\u0259d\u0259n azad edilibl\u0259r.<\/p>\n\n\n\n<p>Bu bar\u0259d\u0259 Prezident \u0130lham \u018fliyev s\u0259r\u0259ncam <a href=\"https:\/\/culture.gov.az\/az\/umumi-xeberler\/15056\" target=\"_blank\" rel=\"noreferrer noopener\">imzalay\u0131b.<\/a><\/p>\n\n\n\n<p>\u0130lham \u018fliyevin dig\u0259r s\u0259r\u0259ncam\u0131 il\u0259 S\u0259ad\u0259t Yusifova m\u0259d\u0259niyy\u0259t nazirinin m\u00fcavini t\u0259yin <a href=\"https:\/\/culture.gov.az\/az\/umumi-xeberler\/15054\" target=\"_blank\" rel=\"noreferrer noopener\">edilib.<\/a><\/p>\n","protected":false},"excerpt":{"rendered":"<p>Prezident \u018fsasnam\u0259y\u0259 d\u0259yi\u015fiklik edib M\u0259d\u0259niyy\u0259t nazirinin birinci m\u00fcavinl\u0259ri v\u0259zif\u0259si l\u0259\u011fv &#8230; <\/p>\n<p class=\"read-more-container\"><a title=\"M\u0259d\u0259niyy\u0259t nazirinin birinci m\u00fcavinl\u0259ri v\u0259zif\u0259si l\u0259\u011fv edilib\" class=\"read-more button\" href=\"https:\/\/www.meydan.tv\/az\/article\/medeniyyet-nazirinin-birinci-muavinleri-vezifesi-legv-edilib\/#more-274914\" aria-label=\"Read more about M\u0259d\u0259niyy\u0259t nazirinin birinci m\u00fcavinl\u0259ri v\u0259zif\u0259si l\u0259\u011fv edilib\">Davam\u0131<\/a><\/p>\n","protected":false},"author":8,"featured_media":155112,"comment_status":"closed","ping_status":"closed","sticky":false,"template":"","format":"standard","meta":{"_acf_changed":false,"_sitemap_exclude":false,"_sitemap_priority":"","_sitemap_frequency":"","footnotes":""},"categories":[52,56],"tags":[],"class_list":["post-274914","post","type-post","status-publish","format-standard","has-post-thumbnail","hentry","category-medeniyyet","category-xeberler","infinite-scroll-item","generate-columns","tablet-grid-50","mobile-grid-100","grid-parent","grid-33","no-featured-image-padding"],"acf":[],"yoast_head":"<!-- This site is optimized with the Yoast SEO plugin v27.4 - https:\/\/yoast.com\/product\/yoast-seo-wordpress\/ -->\n<title>M\u0259d\u0259niyy\u0259t nazirinin birinci m\u00fcavinl\u0259ri v\u0259zif\u0259si l\u0259\u011fv edilib - MEYDAN.TV<\/title>\n<meta name=\"robots\" content=\"index, follow, max-snippet:-1, max-image-preview:large, max-video-preview:-1\" \/>\n<link rel=\"canonical\" href=\"https:\/\/www.meydan.tv\/az\/article\/medeniyyet-nazirinin-birinci-muavinleri-vezifesi-legv-edilib\/\" \/>\n<meta property=\"og:locale\" content=\"az_AZ\" \/>\n<meta property=\"og:type\" content=\"article\" \/>\n<meta property=\"og:title\" content=\"M\u0259d\u0259niyy\u0259t nazirinin birinci m\u00fcavinl\u0259ri v\u0259zif\u0259si l\u0259\u011fv edilib - MEYDAN.TV\" \/>\n<meta property=\"og:description\" content=\"Prezident \u018fsasnam\u0259y\u0259 d\u0259yi\u015fiklik edib M\u0259d\u0259niyy\u0259t nazirinin birinci m\u00fcavinl\u0259ri v\u0259zif\u0259si l\u0259\u011fv ... Davam\u0131\" \/>\n<meta property=\"og:url\" content=\"https:\/\/www.meydan.tv\/az\/article\/medeniyyet-nazirinin-birinci-muavinleri-vezifesi-legv-edilib\/\" \/>\n<meta property=\"og:site_name\" content=\"MEYDAN.TV\" \/>\n<meta property=\"article:published_time\" content=\"2023-05-13T14:45:06+00:00\" \/>\n<meta property=\"article:modified_time\" content=\"2023-05-13T14:45:09+00:00\" \/>\n<meta property=\"og:image\" content=\"https:\/\/www.meydan.tv\/wp-content\/uploads\/unnamed_bexrwtg.png\" \/>\n\t<meta property=\"og:image:width\" content=\"813\" \/>\n\t<meta property=\"og:image:height\" content=\"480\" \/>\n\t<meta property=\"og:image:type\" content=\"image\/png\" \/>\n<meta name=\"author\" content=\"elli\" \/>\n<meta name=\"twitter:card\" content=\"summary_large_image\" \/>\n<meta name=\"twitter:creator\" content=\"@elli\" \/>\n<script type=\"application\/ld+json\" class=\"yoast-schema-graph\">{\"@context\":\"https:\\\/\\\/schema.org\",\"@graph\":[{\"@type\":\"Article\",\"@id\":\"https:\\\/\\\/www.meydan.tv\\\/az\\\/article\\\/medeniyyet-nazirinin-birinci-muavinleri-vezifesi-legv-edilib\\\/#article\",\"isPartOf\":{\"@id\":\"https:\\\/\\\/www.meydan.tv\\\/az\\\/article\\\/medeniyyet-nazirinin-birinci-muavinleri-vezifesi-legv-edilib\\\/\"},\"author\":{\"name\":\"elli\",\"@id\":\"https:\\\/\\\/www.meydan.tv\\\/az\\\/#\\\/schema\\\/person\\\/9cdbecf90d17180ce1dfbd95b08dcf47\"},\"headline\":\"M\u0259d\u0259niyy\u0259t nazirinin birinci m\u00fcavinl\u0259ri v\u0259zif\u0259si l\u0259\u011fv edilib\",\"datePublished\":\"2023-05-13T14:45:06+00:00\",\"dateModified\":\"2023-05-13T14:45:09+00:00\",\"mainEntityOfPage\":{\"@id\":\"https:\\\/\\\/www.meydan.tv\\\/az\\\/article\\\/medeniyyet-nazirinin-birinci-muavinleri-vezifesi-legv-edilib\\\/\"},\"wordCount\":384,\"publisher\":{\"@id\":\"https:\\\/\\\/www.meydan.tv\\\/az\\\/#organization\"},\"image\":{\"@id\":\"https:\\\/\\\/www.meydan.tv\\\/az\\\/article\\\/medeniyyet-nazirinin-birinci-muavinleri-vezifesi-legv-edilib\\\/#primaryimage\"},\"thumbnailUrl\":\"https:\\\/\\\/www.meydan.tv\\\/wp-content\\\/uploads\\\/unnamed_bexrwtg.png\",\"articleSection\":[\"M\u0259d\u0259niyy\u0259t\",\"X\u0259b\u0259rl\u0259r\"],\"inLanguage\":\"az\"},{\"@type\":\"WebPage\",\"@id\":\"https:\\\/\\\/www.meydan.tv\\\/az\\\/article\\\/medeniyyet-nazirinin-birinci-muavinleri-vezifesi-legv-edilib\\\/\",\"url\":\"https:\\\/\\\/www.meydan.tv\\\/az\\\/article\\\/medeniyyet-nazirinin-birinci-muavinleri-vezifesi-legv-edilib\\\/\",\"name\":\"M\u0259d\u0259niyy\u0259t nazirinin birinci m\u00fcavinl\u0259ri v\u0259zif\u0259si l\u0259\u011fv edilib - MEYDAN.TV\",\"isPartOf\":{\"@id\":\"https:\\\/\\\/www.meydan.tv\\\/az\\\/#website\"},\"primaryImageOfPage\":{\"@id\":\"https:\\\/\\\/www.meydan.tv\\\/az\\\/article\\\/medeniyyet-nazirinin-birinci-muavinleri-vezifesi-legv-edilib\\\/#primaryimage\"},\"image\":{\"@id\":\"https:\\\/\\\/www.meydan.tv\\\/az\\\/article\\\/medeniyyet-nazirinin-birinci-muavinleri-vezifesi-legv-edilib\\\/#primaryimage\"},\"thumbnailUrl\":\"https:\\\/\\\/www.meydan.tv\\\/wp-content\\\/uploads\\\/unnamed_bexrwtg.png\",\"datePublished\":\"2023-05-13T14:45:06+00:00\",\"dateModified\":\"2023-05-13T14:45:09+00:00\",\"breadcrumb\":{\"@id\":\"https:\\\/\\\/www.meydan.tv\\\/az\\\/article\\\/medeniyyet-nazirinin-birinci-muavinleri-vezifesi-legv-edilib\\\/#breadcrumb\"},\"inLanguage\":\"az\",\"potentialAction\":[{\"@type\":\"ReadAction\",\"target\":[\"https:\\\/\\\/www.meydan.tv\\\/az\\\/article\\\/medeniyyet-nazirinin-birinci-muavinleri-vezifesi-legv-edilib\\\/\"]}]},{\"@type\":\"ImageObject\",\"inLanguage\":\"az\",\"@id\":\"https:\\\/\\\/www.meydan.tv\\\/az\\\/article\\\/medeniyyet-nazirinin-birinci-muavinleri-vezifesi-legv-edilib\\\/#primaryimage\",\"url\":\"https:\\\/\\\/www.meydan.tv\\\/wp-content\\\/uploads\\\/unnamed_bexrwtg.png\",\"contentUrl\":\"https:\\\/\\\/www.meydan.tv\\\/wp-content\\\/uploads\\\/unnamed_bexrwtg.png\",\"width\":813,\"height\":480,\"caption\":\"Foto: M\u0259d\u0259niyy\u0259t Nazirliyi\"},{\"@type\":\"BreadcrumbList\",\"@id\":\"https:\\\/\\\/www.meydan.tv\\\/az\\\/article\\\/medeniyyet-nazirinin-birinci-muavinleri-vezifesi-legv-edilib\\\/#breadcrumb\",\"itemListElement\":[{\"@type\":\"ListItem\",\"position\":1,\"name\":\"Ana s\u0259hif\u0259\",\"item\":\"https:\\\/\\\/www.meydan.tv\\\/az\\\/\"},{\"@type\":\"ListItem\",\"position\":2,\"name\":\"M\u0259d\u0259niyy\u0259t\",\"item\":\"https:\\\/\\\/www.meydan.tv\\\/az\\\/section\\\/medeniyyet\\\/\"},{\"@type\":\"ListItem\",\"position\":3,\"name\":\"M\u0259d\u0259niyy\u0259t nazirinin birinci m\u00fcavinl\u0259ri v\u0259zif\u0259si l\u0259\u011fv edilib\"}]},{\"@type\":\"WebSite\",\"@id\":\"https:\\\/\\\/www.meydan.tv\\\/az\\\/#website\",\"url\":\"https:\\\/\\\/www.meydan.tv\\\/az\\\/\",\"name\":\"MEYDAN.TV\",\"description\":\"Meydan TV Az\u0259rbaycan\u0131n media m\u0259kan\u0131ndak\u0131 alternativ s\u0259sidir\",\"publisher\":{\"@id\":\"https:\\\/\\\/www.meydan.tv\\\/az\\\/#organization\"},\"potentialAction\":[{\"@type\":\"SearchAction\",\"target\":{\"@type\":\"EntryPoint\",\"urlTemplate\":\"https:\\\/\\\/www.meydan.tv\\\/az\\\/?s={search_term_string}\"},\"query-input\":{\"@type\":\"PropertyValueSpecification\",\"valueRequired\":true,\"valueName\":\"search_term_string\"}}],\"inLanguage\":\"az\"},{\"@type\":\"Organization\",\"@id\":\"https:\\\/\\\/www.meydan.tv\\\/az\\\/#organization\",\"name\":\"Meydan TV\",\"url\":\"https:\\\/\\\/www.meydan.tv\\\/az\\\/\",\"logo\":{\"@type\":\"ImageObject\",\"inLanguage\":\"az\",\"@id\":\"https:\\\/\\\/www.meydan.tv\\\/az\\\/#\\\/schema\\\/logo\\\/image\\\/\",\"url\":\"https:\\\/\\\/www.meydan.tv\\\/wp-content\\\/uploads\\\/2021\\\/07\\\/meydan-logo.svg\",\"contentUrl\":\"https:\\\/\\\/www.meydan.tv\\\/wp-content\\\/uploads\\\/2021\\\/07\\\/meydan-logo.svg\",\"width\":195,\"height\":46,\"caption\":\"Meydan TV\"},\"image\":{\"@id\":\"https:\\\/\\\/www.meydan.tv\\\/az\\\/#\\\/schema\\\/logo\\\/image\\\/\"}},{\"@type\":\"Person\",\"@id\":\"https:\\\/\\\/www.meydan.tv\\\/az\\\/#\\\/schema\\\/person\\\/9cdbecf90d17180ce1dfbd95b08dcf47\",\"name\":\"elli\",\"sameAs\":[\"https:\\\/\\\/x.com\\\/elli\"]}]}<\/script>\n<!-- \/ Yoast SEO plugin. -->","yoast_head_json":{"title":"M\u0259d\u0259niyy\u0259t nazirinin birinci m\u00fcavinl\u0259ri v\u0259zif\u0259si l\u0259\u011fv edilib - MEYDAN.TV","robots":{"index":"index","follow":"follow","max-snippet":"max-snippet:-1","max-image-preview":"max-image-preview:large","max-video-preview":"max-video-preview:-1"},"canonical":"https:\/\/www.meydan.tv\/az\/article\/medeniyyet-nazirinin-birinci-muavinleri-vezifesi-legv-edilib\/","og_locale":"az_AZ","og_type":"article","og_title":"M\u0259d\u0259niyy\u0259t nazirinin birinci m\u00fcavinl\u0259ri v\u0259zif\u0259si l\u0259\u011fv edilib - MEYDAN.TV","og_description":"Prezident \u018fsasnam\u0259y\u0259 d\u0259yi\u015fiklik edib M\u0259d\u0259niyy\u0259t nazirinin birinci m\u00fcavinl\u0259ri v\u0259zif\u0259si l\u0259\u011fv ... Davam\u0131","og_url":"https:\/\/www.meydan.tv\/az\/article\/medeniyyet-nazirinin-birinci-muavinleri-vezifesi-legv-edilib\/","og_site_name":"MEYDAN.TV","article_published_time":"2023-05-13T14:45:06+00:00","article_modified_time":"2023-05-13T14:45:09+00:00","og_image":[{"width":813,"height":480,"url":"https:\/\/www.meydan.tv\/wp-content\/uploads\/unnamed_bexrwtg.png","type":"image\/png"}],"author":"elli","twitter_card":"summary_large_image","twitter_creator":"@elli","schema":{"@context":"https:\/\/schema.org","@graph":[{"@type":"Article","@id":"https:\/\/www.meydan.tv\/az\/article\/medeniyyet-nazirinin-birinci-muavinleri-vezifesi-legv-edilib\/#article","isPartOf":{"@id":"https:\/\/www.meydan.tv\/az\/article\/medeniyyet-nazirinin-birinci-muavinleri-vezifesi-legv-edilib\/"},"author":{"name":"elli","@id":"https:\/\/www.meydan.tv\/az\/#\/schema\/person\/9cdbecf90d17180ce1dfbd95b08dcf47"},"headline":"M\u0259d\u0259niyy\u0259t nazirinin birinci m\u00fcavinl\u0259ri v\u0259zif\u0259si l\u0259\u011fv edilib","datePublished":"2023-05-13T14:45:06+00:00","dateModified":"2023-05-13T14:45:09+00:00","mainEntityOfPage":{"@id":"https:\/\/www.meydan.tv\/az\/article\/medeniyyet-nazirinin-birinci-muavinleri-vezifesi-legv-edilib\/"},"wordCount":384,"publisher":{"@id":"https:\/\/www.meydan.tv\/az\/#organization"},"image":{"@id":"https:\/\/www.meydan.tv\/az\/article\/medeniyyet-nazirinin-birinci-muavinleri-vezifesi-legv-edilib\/#primaryimage"},"thumbnailUrl":"https:\/\/www.meydan.tv\/wp-content\/uploads\/unnamed_bexrwtg.png","articleSection":["M\u0259d\u0259niyy\u0259t","X\u0259b\u0259rl\u0259r"],"inLanguage":"az"},{"@type":"WebPage","@id":"https:\/\/www.meydan.tv\/az\/article\/medeniyyet-nazirinin-birinci-muavinleri-vezifesi-legv-edilib\/","url":"https:\/\/www.meydan.tv\/az\/article\/medeniyyet-nazirinin-birinci-muavinleri-vezifesi-legv-edilib\/","name":"M\u0259d\u0259niyy\u0259t nazirinin birinci m\u00fcavinl\u0259ri v\u0259zif\u0259si l\u0259\u011fv edilib - MEYDAN.TV","isPartOf":{"@id":"https:\/\/www.meydan.tv\/az\/#website"},"primaryImageOfPage":{"@id":"https:\/\/www.meydan.tv\/az\/article\/medeniyyet-nazirinin-birinci-muavinleri-vezifesi-legv-edilib\/#primaryimage"},"image":{"@id":"https:\/\/www.meydan.tv\/az\/article\/medeniyyet-nazirinin-birinci-muavinleri-vezifesi-legv-edilib\/#primaryimage"},"thumbnailUrl":"https:\/\/www.meydan.tv\/wp-content\/uploads\/unnamed_bexrwtg.png","datePublished":"2023-05-13T14:45:06+00:00","dateModified":"2023-05-13T14:45:09+00:00","breadcrumb":{"@id":"https:\/\/www.meydan.tv\/az\/article\/medeniyyet-nazirinin-birinci-muavinleri-vezifesi-legv-edilib\/#breadcrumb"},"inLanguage":"az","potentialAction":[{"@type":"ReadAction","target":["https:\/\/www.meydan.tv\/az\/article\/medeniyyet-nazirinin-birinci-muavinleri-vezifesi-legv-edilib\/"]}]},{"@type":"ImageObject","inLanguage":"az","@id":"https:\/\/www.meydan.tv\/az\/article\/medeniyyet-nazirinin-birinci-muavinleri-vezifesi-legv-edilib\/#primaryimage","url":"https:\/\/www.meydan.tv\/wp-content\/uploads\/unnamed_bexrwtg.png","contentUrl":"https:\/\/www.meydan.tv\/wp-content\/uploads\/unnamed_bexrwtg.png","width":813,"height":480,"caption":"Foto: M\u0259d\u0259niyy\u0259t Nazirliyi"},{"@type":"BreadcrumbList","@id":"https:\/\/www.meydan.tv\/az\/article\/medeniyyet-nazirinin-birinci-muavinleri-vezifesi-legv-edilib\/#breadcrumb","itemListElement":[{"@type":"ListItem","position":1,"name":"Ana s\u0259hif\u0259","item":"https:\/\/www.meydan.tv\/az\/"},{"@type":"ListItem","position":2,"name":"M\u0259d\u0259niyy\u0259t","item":"https:\/\/www.meydan.tv\/az\/section\/medeniyyet\/"},{"@type":"ListItem","position":3,"name":"M\u0259d\u0259niyy\u0259t nazirinin birinci m\u00fcavinl\u0259ri v\u0259zif\u0259si l\u0259\u011fv edilib"}]},{"@type":"WebSite","@id":"https:\/\/www.meydan.tv\/az\/#website","url":"https:\/\/www.meydan.tv\/az\/","name":"MEYDAN.TV","description":"Meydan TV Az\u0259rbaycan\u0131n media m\u0259kan\u0131ndak\u0131 alternativ s\u0259sidir","publisher":{"@id":"https:\/\/www.meydan.tv\/az\/#organization"},"potentialAction":[{"@type":"SearchAction","target":{"@type":"EntryPoint","urlTemplate":"https:\/\/www.meydan.tv\/az\/?s={search_term_string}"},"query-input":{"@type":"PropertyValueSpecification","valueRequired":true,"valueName":"search_term_string"}}],"inLanguage":"az"},{"@type":"Organization","@id":"https:\/\/www.meydan.tv\/az\/#organization","name":"Meydan TV","url":"https:\/\/www.meydan.tv\/az\/","logo":{"@type":"ImageObject","inLanguage":"az","@id":"https:\/\/www.meydan.tv\/az\/#\/schema\/logo\/image\/","url":"https:\/\/www.meydan.tv\/wp-content\/uploads\/2021\/07\/meydan-logo.svg","contentUrl":"https:\/\/www.meydan.tv\/wp-content\/uploads\/2021\/07\/meydan-logo.svg","width":195,"height":46,"caption":"Meydan TV"},"image":{"@id":"https:\/\/www.meydan.tv\/az\/#\/schema\/logo\/image\/"}},{"@type":"Person","@id":"https:\/\/www.meydan.tv\/az\/#\/schema\/person\/9cdbecf90d17180ce1dfbd95b08dcf47","name":"elli","sameAs":["https:\/\/x.com\/elli"]}]}},"_links":{"self":[{"href":"https:\/\/www.meydan.tv\/az\/wp-json\/wp\/v2\/posts\/274914","targetHints":{"allow":["GET"]}}],"collection":[{"href":"https:\/\/www.meydan.tv\/az\/wp-json\/wp\/v2\/posts"}],"about":[{"href":"https:\/\/www.meydan.tv\/az\/wp-json\/wp\/v2\/types\/post"}],"author":[{"embeddable":true,"href":"https:\/\/www.meydan.tv\/az\/wp-json\/wp\/v2\/users\/8"}],"replies":[{"embeddable":true,"href":"https:\/\/www.meydan.tv\/az\/wp-json\/wp\/v2\/comments?post=274914"}],"version-history":[{"count":1,"href":"https:\/\/www.meydan.tv\/az\/wp-json\/wp\/v2\/posts\/274914\/revisions"}],"predecessor-version":[{"id":274915,"href":"https:\/\/www.meydan.tv\/az\/wp-json\/wp\/v2\/posts\/274914\/revisions\/274915"}],"wp:featuredmedia":[{"embeddable":true,"href":"https:\/\/www.meydan.tv\/az\/wp-json\/wp\/v2\/media\/155112"}],"wp:attachment":[{"href":"https:\/\/www.meydan.tv\/az\/wp-json\/wp\/v2\/media?parent=274914"}],"wp:term":[{"taxonomy":"category","embeddable":true,"href":"https:\/\/www.meydan.tv\/az\/wp-json\/wp\/v2\/categories?post=274914"},{"taxonomy":"post_tag","embeddable":true,"href":"https:\/\/www.meydan.tv\/az\/wp-json\/wp\/v2\/tags?post=274914"}],"curies":[{"name":"wp","href":"https:\/\/api.w.org\/{rel}","templated":true}]}}