{"id":274912,"date":"2023-05-13T18:13:44","date_gmt":"2023-05-13T14:13:44","guid":{"rendered":"https:\/\/www.meydan.tv\/?p=274912"},"modified":"2023-05-13T18:13:49","modified_gmt":"2023-05-13T14:13:49","slug":"mehriban-elekberzadeye-vezife-verildi","status":"publish","type":"post","link":"https:\/\/www.meydan.tv\/az\/article\/mehriban-elekberzadeye-vezife-verildi\/","title":{"rendered":"Mehriban \u018fl\u0259kb\u0259rzad\u0259y\u0259 v\u0259zif\u0259 verildi"},"content":{"rendered":"\n<p><\/p>\n\n\n\n<p><strong><em>Adil K\u0259rimli rejissorla ba\u011fl\u0131 \u0259mr imzalay\u0131b<\/em><\/strong><\/p>\n\n\n\n<p>\u018fm\u0259kdar inc\u0259s\u0259n\u0259t xadimi, rejissor Mehriban \u018fl\u0259kb\u0259rzad\u0259 Akademik Milli Dram Teatr\u0131n\u0131n b\u0259dii r\u0259hb\u0259r t\u0259yin edilib.<\/p>\n\n\n\n<p>M\u0259d\u0259niyy\u0259t naziri Adil K\u0259rimli bununla ba\u011fl\u0131 \u0259mr <a href=\"https:\/\/www.facebook.com\/photo?fbid=576978944523211&amp;set=a.260882942799481\" target=\"_blank\" rel=\"noreferrer noopener\">imzalay\u0131b.<\/a><\/p>\n\n\n\n<p>Mehriban \u018fl\u0259kb\u0259rzad\u0259 indiy\u0259d\u0259k \u00e7oxsayl\u0131 tama\u015fa v\u0259 ekran \u0259s\u0259rl\u0259rinin m\u00fc\u0259llifi v\u0259 rejissorudur.<\/p>\n\n\n\n<p>O, G\u0259nc Tama\u015fa\u00e7\u0131lar Teatr\u0131n\u0131n v\u0259 Yu\u011f Teatr\u0131n\u0131n ba\u015f rejissoru v\u0259zif\u0259l\u0259rind\u0259 \u00e7al\u0131\u015f\u0131b.<\/p>\n\n\n\n<p>Az\u0259rbaycan D\u00f6vl\u0259t Akademik Milli Dram Teatr\u0131na 2016-c\u0131 ild\u0259n Xalq artisti Az\u0259r Pa\u015fa Nem\u0259tov r\u0259hb\u0259rlik edirdi.<\/p>\n\n\n\n<p>Az\u0259r Pa\u015fa Nem\u0259tov 2023-c\u00fc aprelin 9-da 76 ya\u015f\u0131nda q\u0259fl\u0259t\u0259n \u00fcr\u0259ktutmas\u0131ndan v\u0259fat <a href=\"https:\/\/www.meydan.tv\/az\/article\/azer-pasa-nemetov-ikinci-fexri-xiyabanda-defn-olunub\/\" target=\"_blank\" rel=\"noreferrer noopener\">edib.<\/a><\/p>\n","protected":false},"excerpt":{"rendered":"<p>Adil K\u0259rimli rejissorla ba\u011fl\u0131 \u0259mr imzalay\u0131b \u018fm\u0259kdar inc\u0259s\u0259n\u0259t xadimi, rejissor &#8230; <\/p>\n<p class=\"read-more-container\"><a title=\"Mehriban \u018fl\u0259kb\u0259rzad\u0259y\u0259 v\u0259zif\u0259 verildi\" class=\"read-more button\" href=\"https:\/\/www.meydan.tv\/az\/article\/mehriban-elekberzadeye-vezife-verildi\/#more-274912\" aria-label=\"Read more about Mehriban \u018fl\u0259kb\u0259rzad\u0259y\u0259 v\u0259zif\u0259 verildi\">Davam\u0131<\/a><\/p>\n","protected":false},"author":8,"featured_media":274906,"comment_status":"closed","ping_status":"closed","sticky":false,"template":"","format":"standard","meta":{"_acf_changed":false,"_sitemap_exclude":false,"_sitemap_priority":"","_sitemap_frequency":"","footnotes":""},"categories":[52,56],"tags":[],"class_list":["post-274912","post","type-post","status-publish","format-standard","has-post-thumbnail","hentry","category-medeniyyet","category-xeberler","infinite-scroll-item","generate-columns","tablet-grid-50","mobile-grid-100","grid-parent","grid-33","no-featured-image-padding"],"acf":[],"yoast_head":"<!-- This site is optimized with the Yoast SEO plugin v27.4 - https:\/\/yoast.com\/product\/yoast-seo-wordpress\/ -->\n<title>Mehriban \u018fl\u0259kb\u0259rzad\u0259y\u0259 v\u0259zif\u0259 verildi - MEYDAN.TV<\/title>\n<meta name=\"robots\" content=\"index, follow, max-snippet:-1, max-image-preview:large, max-video-preview:-1\" \/>\n<link rel=\"canonical\" href=\"https:\/\/www.meydan.tv\/az\/article\/mehriban-elekberzadeye-vezife-verildi\/\" \/>\n<meta property=\"og:locale\" content=\"az_AZ\" \/>\n<meta property=\"og:type\" content=\"article\" \/>\n<meta property=\"og:title\" content=\"Mehriban \u018fl\u0259kb\u0259rzad\u0259y\u0259 v\u0259zif\u0259 verildi - MEYDAN.TV\" \/>\n<meta property=\"og:description\" content=\"Adil K\u0259rimli rejissorla ba\u011fl\u0131 \u0259mr imzalay\u0131b \u018fm\u0259kdar inc\u0259s\u0259n\u0259t xadimi, rejissor ... Davam\u0131\" \/>\n<meta property=\"og:url\" content=\"https:\/\/www.meydan.tv\/az\/article\/mehriban-elekberzadeye-vezife-verildi\/\" \/>\n<meta property=\"og:site_name\" content=\"MEYDAN.TV\" \/>\n<meta property=\"article:published_time\" content=\"2023-05-13T14:13:44+00:00\" \/>\n<meta property=\"article:modified_time\" content=\"2023-05-13T14:13:49+00:00\" \/>\n<meta property=\"og:image\" content=\"https:\/\/www.meydan.tv\/wp-content\/uploads\/untitled-design-128-e1683987215499.jpg\" \/>\n\t<meta property=\"og:image:width\" content=\"1200\" \/>\n\t<meta property=\"og:image:height\" content=\"660\" \/>\n\t<meta property=\"og:image:type\" content=\"image\/jpeg\" \/>\n<meta name=\"author\" content=\"elli\" \/>\n<meta name=\"twitter:card\" content=\"summary_large_image\" \/>\n<meta name=\"twitter:creator\" content=\"@elli\" \/>\n<script type=\"application\/ld+json\" class=\"yoast-schema-graph\">{\"@context\":\"https:\\\/\\\/schema.org\",\"@graph\":[{\"@type\":\"Article\",\"@id\":\"https:\\\/\\\/www.meydan.tv\\\/az\\\/article\\\/mehriban-elekberzadeye-vezife-verildi\\\/#article\",\"isPartOf\":{\"@id\":\"https:\\\/\\\/www.meydan.tv\\\/az\\\/article\\\/mehriban-elekberzadeye-vezife-verildi\\\/\"},\"author\":{\"name\":\"elli\",\"@id\":\"https:\\\/\\\/www.meydan.tv\\\/az\\\/#\\\/schema\\\/person\\\/9cdbecf90d17180ce1dfbd95b08dcf47\"},\"headline\":\"Mehriban \u018fl\u0259kb\u0259rzad\u0259y\u0259 v\u0259zif\u0259 verildi\",\"datePublished\":\"2023-05-13T14:13:44+00:00\",\"dateModified\":\"2023-05-13T14:13:49+00:00\",\"mainEntityOfPage\":{\"@id\":\"https:\\\/\\\/www.meydan.tv\\\/az\\\/article\\\/mehriban-elekberzadeye-vezife-verildi\\\/\"},\"wordCount\":144,\"publisher\":{\"@id\":\"https:\\\/\\\/www.meydan.tv\\\/az\\\/#organization\"},\"image\":{\"@id\":\"https:\\\/\\\/www.meydan.tv\\\/az\\\/article\\\/mehriban-elekberzadeye-vezife-verildi\\\/#primaryimage\"},\"thumbnailUrl\":\"https:\\\/\\\/www.meydan.tv\\\/wp-content\\\/uploads\\\/untitled-design-128-e1683987215499.jpg\",\"articleSection\":[\"M\u0259d\u0259niyy\u0259t\",\"X\u0259b\u0259rl\u0259r\"],\"inLanguage\":\"az\"},{\"@type\":\"WebPage\",\"@id\":\"https:\\\/\\\/www.meydan.tv\\\/az\\\/article\\\/mehriban-elekberzadeye-vezife-verildi\\\/\",\"url\":\"https:\\\/\\\/www.meydan.tv\\\/az\\\/article\\\/mehriban-elekberzadeye-vezife-verildi\\\/\",\"name\":\"Mehriban \u018fl\u0259kb\u0259rzad\u0259y\u0259 v\u0259zif\u0259 verildi - MEYDAN.TV\",\"isPartOf\":{\"@id\":\"https:\\\/\\\/www.meydan.tv\\\/az\\\/#website\"},\"primaryImageOfPage\":{\"@id\":\"https:\\\/\\\/www.meydan.tv\\\/az\\\/article\\\/mehriban-elekberzadeye-vezife-verildi\\\/#primaryimage\"},\"image\":{\"@id\":\"https:\\\/\\\/www.meydan.tv\\\/az\\\/article\\\/mehriban-elekberzadeye-vezife-verildi\\\/#primaryimage\"},\"thumbnailUrl\":\"https:\\\/\\\/www.meydan.tv\\\/wp-content\\\/uploads\\\/untitled-design-128-e1683987215499.jpg\",\"datePublished\":\"2023-05-13T14:13:44+00:00\",\"dateModified\":\"2023-05-13T14:13:49+00:00\",\"breadcrumb\":{\"@id\":\"https:\\\/\\\/www.meydan.tv\\\/az\\\/article\\\/mehriban-elekberzadeye-vezife-verildi\\\/#breadcrumb\"},\"inLanguage\":\"az\",\"potentialAction\":[{\"@type\":\"ReadAction\",\"target\":[\"https:\\\/\\\/www.meydan.tv\\\/az\\\/article\\\/mehriban-elekberzadeye-vezife-verildi\\\/\"]}]},{\"@type\":\"ImageObject\",\"inLanguage\":\"az\",\"@id\":\"https:\\\/\\\/www.meydan.tv\\\/az\\\/article\\\/mehriban-elekberzadeye-vezife-verildi\\\/#primaryimage\",\"url\":\"https:\\\/\\\/www.meydan.tv\\\/wp-content\\\/uploads\\\/untitled-design-128-e1683987215499.jpg\",\"contentUrl\":\"https:\\\/\\\/www.meydan.tv\\\/wp-content\\\/uploads\\\/untitled-design-128-e1683987215499.jpg\",\"width\":1200,\"height\":660,\"caption\":\"Mehriban \u018fl\u0259kb\u0259rzad\u0259. Foto: Mehriban \u018fl\u0259kb\u0259rzad\u0259nin \\\"Facebook\\\" s\u0259hif\u0259sind\u0259n g\u00f6t\u00fcr\u00fcl\u00fcb\"},{\"@type\":\"BreadcrumbList\",\"@id\":\"https:\\\/\\\/www.meydan.tv\\\/az\\\/article\\\/mehriban-elekberzadeye-vezife-verildi\\\/#breadcrumb\",\"itemListElement\":[{\"@type\":\"ListItem\",\"position\":1,\"name\":\"Ana s\u0259hif\u0259\",\"item\":\"https:\\\/\\\/www.meydan.tv\\\/az\\\/\"},{\"@type\":\"ListItem\",\"position\":2,\"name\":\"M\u0259d\u0259niyy\u0259t\",\"item\":\"https:\\\/\\\/www.meydan.tv\\\/az\\\/section\\\/medeniyyet\\\/\"},{\"@type\":\"ListItem\",\"position\":3,\"name\":\"Mehriban \u018fl\u0259kb\u0259rzad\u0259y\u0259 v\u0259zif\u0259 verildi\"}]},{\"@type\":\"WebSite\",\"@id\":\"https:\\\/\\\/www.meydan.tv\\\/az\\\/#website\",\"url\":\"https:\\\/\\\/www.meydan.tv\\\/az\\\/\",\"name\":\"MEYDAN.TV\",\"description\":\"Meydan TV Az\u0259rbaycan\u0131n media m\u0259kan\u0131ndak\u0131 alternativ s\u0259sidir\",\"publisher\":{\"@id\":\"https:\\\/\\\/www.meydan.tv\\\/az\\\/#organization\"},\"potentialAction\":[{\"@type\":\"SearchAction\",\"target\":{\"@type\":\"EntryPoint\",\"urlTemplate\":\"https:\\\/\\\/www.meydan.tv\\\/az\\\/?s={search_term_string}\"},\"query-input\":{\"@type\":\"PropertyValueSpecification\",\"valueRequired\":true,\"valueName\":\"search_term_string\"}}],\"inLanguage\":\"az\"},{\"@type\":\"Organization\",\"@id\":\"https:\\\/\\\/www.meydan.tv\\\/az\\\/#organization\",\"name\":\"Meydan TV\",\"url\":\"https:\\\/\\\/www.meydan.tv\\\/az\\\/\",\"logo\":{\"@type\":\"ImageObject\",\"inLanguage\":\"az\",\"@id\":\"https:\\\/\\\/www.meydan.tv\\\/az\\\/#\\\/schema\\\/logo\\\/image\\\/\",\"url\":\"https:\\\/\\\/www.meydan.tv\\\/wp-content\\\/uploads\\\/2021\\\/07\\\/meydan-logo.svg\",\"contentUrl\":\"https:\\\/\\\/www.meydan.tv\\\/wp-content\\\/uploads\\\/2021\\\/07\\\/meydan-logo.svg\",\"width\":195,\"height\":46,\"caption\":\"Meydan TV\"},\"image\":{\"@id\":\"https:\\\/\\\/www.meydan.tv\\\/az\\\/#\\\/schema\\\/logo\\\/image\\\/\"}},{\"@type\":\"Person\",\"@id\":\"https:\\\/\\\/www.meydan.tv\\\/az\\\/#\\\/schema\\\/person\\\/9cdbecf90d17180ce1dfbd95b08dcf47\",\"name\":\"elli\",\"sameAs\":[\"https:\\\/\\\/x.com\\\/elli\"]}]}<\/script>\n<!-- \/ Yoast SEO plugin. -->","yoast_head_json":{"title":"Mehriban \u018fl\u0259kb\u0259rzad\u0259y\u0259 v\u0259zif\u0259 verildi - MEYDAN.TV","robots":{"index":"index","follow":"follow","max-snippet":"max-snippet:-1","max-image-preview":"max-image-preview:large","max-video-preview":"max-video-preview:-1"},"canonical":"https:\/\/www.meydan.tv\/az\/article\/mehriban-elekberzadeye-vezife-verildi\/","og_locale":"az_AZ","og_type":"article","og_title":"Mehriban \u018fl\u0259kb\u0259rzad\u0259y\u0259 v\u0259zif\u0259 verildi - MEYDAN.TV","og_description":"Adil K\u0259rimli rejissorla ba\u011fl\u0131 \u0259mr imzalay\u0131b \u018fm\u0259kdar inc\u0259s\u0259n\u0259t xadimi, rejissor ... Davam\u0131","og_url":"https:\/\/www.meydan.tv\/az\/article\/mehriban-elekberzadeye-vezife-verildi\/","og_site_name":"MEYDAN.TV","article_published_time":"2023-05-13T14:13:44+00:00","article_modified_time":"2023-05-13T14:13:49+00:00","og_image":[{"width":1200,"height":660,"url":"https:\/\/www.meydan.tv\/wp-content\/uploads\/untitled-design-128-e1683987215499.jpg","type":"image\/jpeg"}],"author":"elli","twitter_card":"summary_large_image","twitter_creator":"@elli","schema":{"@context":"https:\/\/schema.org","@graph":[{"@type":"Article","@id":"https:\/\/www.meydan.tv\/az\/article\/mehriban-elekberzadeye-vezife-verildi\/#article","isPartOf":{"@id":"https:\/\/www.meydan.tv\/az\/article\/mehriban-elekberzadeye-vezife-verildi\/"},"author":{"name":"elli","@id":"https:\/\/www.meydan.tv\/az\/#\/schema\/person\/9cdbecf90d17180ce1dfbd95b08dcf47"},"headline":"Mehriban \u018fl\u0259kb\u0259rzad\u0259y\u0259 v\u0259zif\u0259 verildi","datePublished":"2023-05-13T14:13:44+00:00","dateModified":"2023-05-13T14:13:49+00:00","mainEntityOfPage":{"@id":"https:\/\/www.meydan.tv\/az\/article\/mehriban-elekberzadeye-vezife-verildi\/"},"wordCount":144,"publisher":{"@id":"https:\/\/www.meydan.tv\/az\/#organization"},"image":{"@id":"https:\/\/www.meydan.tv\/az\/article\/mehriban-elekberzadeye-vezife-verildi\/#primaryimage"},"thumbnailUrl":"https:\/\/www.meydan.tv\/wp-content\/uploads\/untitled-design-128-e1683987215499.jpg","articleSection":["M\u0259d\u0259niyy\u0259t","X\u0259b\u0259rl\u0259r"],"inLanguage":"az"},{"@type":"WebPage","@id":"https:\/\/www.meydan.tv\/az\/article\/mehriban-elekberzadeye-vezife-verildi\/","url":"https:\/\/www.meydan.tv\/az\/article\/mehriban-elekberzadeye-vezife-verildi\/","name":"Mehriban \u018fl\u0259kb\u0259rzad\u0259y\u0259 v\u0259zif\u0259 verildi - MEYDAN.TV","isPartOf":{"@id":"https:\/\/www.meydan.tv\/az\/#website"},"primaryImageOfPage":{"@id":"https:\/\/www.meydan.tv\/az\/article\/mehriban-elekberzadeye-vezife-verildi\/#primaryimage"},"image":{"@id":"https:\/\/www.meydan.tv\/az\/article\/mehriban-elekberzadeye-vezife-verildi\/#primaryimage"},"thumbnailUrl":"https:\/\/www.meydan.tv\/wp-content\/uploads\/untitled-design-128-e1683987215499.jpg","datePublished":"2023-05-13T14:13:44+00:00","dateModified":"2023-05-13T14:13:49+00:00","breadcrumb":{"@id":"https:\/\/www.meydan.tv\/az\/article\/mehriban-elekberzadeye-vezife-verildi\/#breadcrumb"},"inLanguage":"az","potentialAction":[{"@type":"ReadAction","target":["https:\/\/www.meydan.tv\/az\/article\/mehriban-elekberzadeye-vezife-verildi\/"]}]},{"@type":"ImageObject","inLanguage":"az","@id":"https:\/\/www.meydan.tv\/az\/article\/mehriban-elekberzadeye-vezife-verildi\/#primaryimage","url":"https:\/\/www.meydan.tv\/wp-content\/uploads\/untitled-design-128-e1683987215499.jpg","contentUrl":"https:\/\/www.meydan.tv\/wp-content\/uploads\/untitled-design-128-e1683987215499.jpg","width":1200,"height":660,"caption":"Mehriban \u018fl\u0259kb\u0259rzad\u0259. Foto: Mehriban \u018fl\u0259kb\u0259rzad\u0259nin \"Facebook\" s\u0259hif\u0259sind\u0259n g\u00f6t\u00fcr\u00fcl\u00fcb"},{"@type":"BreadcrumbList","@id":"https:\/\/www.meydan.tv\/az\/article\/mehriban-elekberzadeye-vezife-verildi\/#breadcrumb","itemListElement":[{"@type":"ListItem","position":1,"name":"Ana s\u0259hif\u0259","item":"https:\/\/www.meydan.tv\/az\/"},{"@type":"ListItem","position":2,"name":"M\u0259d\u0259niyy\u0259t","item":"https:\/\/www.meydan.tv\/az\/section\/medeniyyet\/"},{"@type":"ListItem","position":3,"name":"Mehriban \u018fl\u0259kb\u0259rzad\u0259y\u0259 v\u0259zif\u0259 verildi"}]},{"@type":"WebSite","@id":"https:\/\/www.meydan.tv\/az\/#website","url":"https:\/\/www.meydan.tv\/az\/","name":"MEYDAN.TV","description":"Meydan TV Az\u0259rbaycan\u0131n media m\u0259kan\u0131ndak\u0131 alternativ s\u0259sidir","publisher":{"@id":"https:\/\/www.meydan.tv\/az\/#organization"},"potentialAction":[{"@type":"SearchAction","target":{"@type":"EntryPoint","urlTemplate":"https:\/\/www.meydan.tv\/az\/?s={search_term_string}"},"query-input":{"@type":"PropertyValueSpecification","valueRequired":true,"valueName":"search_term_string"}}],"inLanguage":"az"},{"@type":"Organization","@id":"https:\/\/www.meydan.tv\/az\/#organization","name":"Meydan TV","url":"https:\/\/www.meydan.tv\/az\/","logo":{"@type":"ImageObject","inLanguage":"az","@id":"https:\/\/www.meydan.tv\/az\/#\/schema\/logo\/image\/","url":"https:\/\/www.meydan.tv\/wp-content\/uploads\/2021\/07\/meydan-logo.svg","contentUrl":"https:\/\/www.meydan.tv\/wp-content\/uploads\/2021\/07\/meydan-logo.svg","width":195,"height":46,"caption":"Meydan TV"},"image":{"@id":"https:\/\/www.meydan.tv\/az\/#\/schema\/logo\/image\/"}},{"@type":"Person","@id":"https:\/\/www.meydan.tv\/az\/#\/schema\/person\/9cdbecf90d17180ce1dfbd95b08dcf47","name":"elli","sameAs":["https:\/\/x.com\/elli"]}]}},"_links":{"self":[{"href":"https:\/\/www.meydan.tv\/az\/wp-json\/wp\/v2\/posts\/274912","targetHints":{"allow":["GET"]}}],"collection":[{"href":"https:\/\/www.meydan.tv\/az\/wp-json\/wp\/v2\/posts"}],"about":[{"href":"https:\/\/www.meydan.tv\/az\/wp-json\/wp\/v2\/types\/post"}],"author":[{"embeddable":true,"href":"https:\/\/www.meydan.tv\/az\/wp-json\/wp\/v2\/users\/8"}],"replies":[{"embeddable":true,"href":"https:\/\/www.meydan.tv\/az\/wp-json\/wp\/v2\/comments?post=274912"}],"version-history":[{"count":1,"href":"https:\/\/www.meydan.tv\/az\/wp-json\/wp\/v2\/posts\/274912\/revisions"}],"predecessor-version":[{"id":274913,"href":"https:\/\/www.meydan.tv\/az\/wp-json\/wp\/v2\/posts\/274912\/revisions\/274913"}],"wp:featuredmedia":[{"embeddable":true,"href":"https:\/\/www.meydan.tv\/az\/wp-json\/wp\/v2\/media\/274906"}],"wp:attachment":[{"href":"https:\/\/www.meydan.tv\/az\/wp-json\/wp\/v2\/media?parent=274912"}],"wp:term":[{"taxonomy":"category","embeddable":true,"href":"https:\/\/www.meydan.tv\/az\/wp-json\/wp\/v2\/categories?post=274912"},{"taxonomy":"post_tag","embeddable":true,"href":"https:\/\/www.meydan.tv\/az\/wp-json\/wp\/v2\/tags?post=274912"}],"curies":[{"name":"wp","href":"https:\/\/api.w.org\/{rel}","templated":true}]}}