{"id":274822,"date":"2023-05-12T14:33:43","date_gmt":"2023-05-12T10:33:43","guid":{"rendered":"https:\/\/www.meydan.tv\/?p=274822"},"modified":"2023-05-12T14:33:46","modified_gmt":"2023-05-12T10:33:46","slug":"eurovision-2023un-finalina-cixan-olkeler-belli-olub","status":"publish","type":"post","link":"https:\/\/www.meydan.tv\/az\/article\/eurovision-2023un-finalina-cixan-olkeler-belli-olub\/","title":{"rendered":"\u201cEurovision 2023\u201d\u00fcn final\u0131na \u00e7\u0131xan \u00f6lk\u0259l\u0259r b\u0259lli olub"},"content":{"rendered":"\n<p><\/p>\n\n\n\n<p><em><strong>Finala \u00e7\u0131xan \u00f6lk\u0259l\u0259r: Albaniya, Kipr, Estoniya, Bel\u00e7ika, Avstriya, Litva, Pol\u015fa, Avstraliya, Erm\u0259nistan v\u0259 Sloveniya<\/strong><\/em><\/p>\n\n\n\n<p>Liverpulda ke\u00e7iril\u0259n \u201cEurovision 2023\u201d beyn\u0259lxalq mahn\u0131 m\u00fcsabiq\u0259sinin ikinci yar\u0131mfinal\u0131n\u0131n yekunlar\u0131na g\u00f6r\u0259 n\u00f6vb\u0259ti on final\u00e7\u0131 b\u0259lli olub.<\/p>\n\n\n\n<p>Finala Albaniya, Kipr, Estoniya, Bel\u00e7ika, Avstriya, Litva, Pol\u015fa, Avstraliya, Erm\u0259nistan v\u0259 Sloveniya \u00e7\u0131x\u0131b.<\/p>\n\n\n\n<p>Birinci yar\u0131mfinal\u0131n n\u0259tic\u0259l\u0259rin\u0259 g\u00f6r\u0259, final\u00e7\u0131lar Xorvatiya, Moldova, \u0130sve\u00e7r\u0259, Finlandiya, \u00c7exiya, \u0130srail, Portuqaliya, \u0130sve\u00e7, Serbiya v\u0259 Norve\u00e7d\u0259n olan i\u015ftirak\u00e7\u0131lar olub.<\/p>\n\n\n\n<p>Birinci yar\u0131mfinalda Az\u0259rbaycan\u0131 Tural v\u0259 Turan Ba\u011fmanov qarda\u015flar\u0131 t\u0259msil edirdi.<\/p>\n\n\n\n<p>Onlar \u201cTell me more\u201d mahn\u0131s\u0131 il\u0259 birinci yar\u0131mfinalda 12-ci n\u00f6mr\u0259 alt\u0131nda s\u0259hn\u0259y\u0259 \u00e7\u0131x\u0131b. \u018fkizl\u0259r finala ke\u00e7\u0259 bilm\u0259yibl\u0259r.<\/p>\n\n\n\n<p>\u201cEurovision\u201dun yarad\u0131c\u0131s\u0131 olan 5 \u00f6lk\u0259 \u2013 B\u00f6y\u00fck Britaniya, Fransa, Almaniya, \u0130spaniya v\u0259 \u0130taliya, el\u0259c\u0259 d\u0259 2022-ci ild\u0259 m\u00fcsabiq\u0259d\u0259 qalib g\u0259l\u0259n Ukrayna yar\u0131mfinalda m\u00fcbariz\u0259d\u0259n azad edilib.<\/p>\n\n\n\n<p>26 \u00f6lk\u0259nin i\u015ftirak ed\u0259c\u0259yi \u201cEurovision 2023\u201d beyn\u0259lxalq mahn\u0131 m\u00fcsabiq\u0259sinin final\u0131 may\u0131n 13-d\u0259 ke\u00e7iril\u0259c\u0259k.<\/p>\n","protected":false},"excerpt":{"rendered":"<p>Finala \u00e7\u0131xan \u00f6lk\u0259l\u0259r: Albaniya, Kipr, Estoniya, Bel\u00e7ika, Avstriya, Litva, Pol\u015fa, &#8230; <\/p>\n<p class=\"read-more-container\"><a title=\"\u201cEurovision 2023\u201d\u00fcn final\u0131na \u00e7\u0131xan \u00f6lk\u0259l\u0259r b\u0259lli olub\" class=\"read-more button\" href=\"https:\/\/www.meydan.tv\/az\/article\/eurovision-2023un-finalina-cixan-olkeler-belli-olub\/#more-274822\" aria-label=\"Read more about \u201cEurovision 2023\u201d\u00fcn final\u0131na \u00e7\u0131xan \u00f6lk\u0259l\u0259r b\u0259lli olub\">Davam\u0131<\/a><\/p>\n","protected":false},"author":8,"featured_media":274823,"comment_status":"closed","ping_status":"closed","sticky":false,"template":"","format":"standard","meta":{"_acf_changed":false,"_sitemap_exclude":false,"_sitemap_priority":"","_sitemap_frequency":"","footnotes":""},"categories":[52,56],"tags":[],"class_list":["post-274822","post","type-post","status-publish","format-standard","has-post-thumbnail","hentry","category-medeniyyet","category-xeberler","infinite-scroll-item","generate-columns","tablet-grid-50","mobile-grid-100","grid-parent","grid-33","no-featured-image-padding"],"acf":[],"yoast_head":"<!-- This site is optimized with the Yoast SEO plugin v27.4 - https:\/\/yoast.com\/product\/yoast-seo-wordpress\/ -->\n<title>\u201cEurovision 2023\u201d\u00fcn final\u0131na \u00e7\u0131xan \u00f6lk\u0259l\u0259r b\u0259lli olub - MEYDAN.TV<\/title>\n<meta name=\"robots\" content=\"index, follow, max-snippet:-1, max-image-preview:large, max-video-preview:-1\" \/>\n<link rel=\"canonical\" href=\"https:\/\/www.meydan.tv\/az\/article\/eurovision-2023un-finalina-cixan-olkeler-belli-olub\/\" \/>\n<meta property=\"og:locale\" content=\"az_AZ\" \/>\n<meta property=\"og:type\" content=\"article\" \/>\n<meta property=\"og:title\" content=\"\u201cEurovision 2023\u201d\u00fcn final\u0131na \u00e7\u0131xan \u00f6lk\u0259l\u0259r b\u0259lli olub - MEYDAN.TV\" \/>\n<meta property=\"og:description\" content=\"Finala \u00e7\u0131xan \u00f6lk\u0259l\u0259r: Albaniya, Kipr, Estoniya, Bel\u00e7ika, Avstriya, Litva, Pol\u015fa, ... Davam\u0131\" \/>\n<meta property=\"og:url\" content=\"https:\/\/www.meydan.tv\/az\/article\/eurovision-2023un-finalina-cixan-olkeler-belli-olub\/\" \/>\n<meta property=\"og:site_name\" content=\"MEYDAN.TV\" \/>\n<meta property=\"article:published_time\" content=\"2023-05-12T10:33:43+00:00\" \/>\n<meta property=\"article:modified_time\" content=\"2023-05-12T10:33:46+00:00\" \/>\n<meta property=\"og:image\" content=\"https:\/\/www.meydan.tv\/wp-content\/uploads\/shutterstock_2222407961-e1683887170696.jpg\" \/>\n\t<meta property=\"og:image:width\" content=\"1200\" \/>\n\t<meta property=\"og:image:height\" content=\"540\" \/>\n\t<meta property=\"og:image:type\" content=\"image\/jpeg\" \/>\n<meta name=\"author\" content=\"elli\" \/>\n<meta name=\"twitter:card\" content=\"summary_large_image\" \/>\n<meta name=\"twitter:creator\" content=\"@elli\" \/>\n<script type=\"application\/ld+json\" class=\"yoast-schema-graph\">{\"@context\":\"https:\\\/\\\/schema.org\",\"@graph\":[{\"@type\":\"Article\",\"@id\":\"https:\\\/\\\/www.meydan.tv\\\/az\\\/article\\\/eurovision-2023un-finalina-cixan-olkeler-belli-olub\\\/#article\",\"isPartOf\":{\"@id\":\"https:\\\/\\\/www.meydan.tv\\\/az\\\/article\\\/eurovision-2023un-finalina-cixan-olkeler-belli-olub\\\/\"},\"author\":{\"name\":\"elli\",\"@id\":\"https:\\\/\\\/www.meydan.tv\\\/az\\\/#\\\/schema\\\/person\\\/9cdbecf90d17180ce1dfbd95b08dcf47\"},\"headline\":\"\u201cEurovision 2023\u201d\u00fcn final\u0131na \u00e7\u0131xan \u00f6lk\u0259l\u0259r b\u0259lli olub\",\"datePublished\":\"2023-05-12T10:33:43+00:00\",\"dateModified\":\"2023-05-12T10:33:46+00:00\",\"mainEntityOfPage\":{\"@id\":\"https:\\\/\\\/www.meydan.tv\\\/az\\\/article\\\/eurovision-2023un-finalina-cixan-olkeler-belli-olub\\\/\"},\"wordCount\":207,\"publisher\":{\"@id\":\"https:\\\/\\\/www.meydan.tv\\\/az\\\/#organization\"},\"image\":{\"@id\":\"https:\\\/\\\/www.meydan.tv\\\/az\\\/article\\\/eurovision-2023un-finalina-cixan-olkeler-belli-olub\\\/#primaryimage\"},\"thumbnailUrl\":\"https:\\\/\\\/www.meydan.tv\\\/wp-content\\\/uploads\\\/shutterstock_2222407961-e1683887170696.jpg\",\"articleSection\":[\"M\u0259d\u0259niyy\u0259t\",\"X\u0259b\u0259rl\u0259r\"],\"inLanguage\":\"az\"},{\"@type\":\"WebPage\",\"@id\":\"https:\\\/\\\/www.meydan.tv\\\/az\\\/article\\\/eurovision-2023un-finalina-cixan-olkeler-belli-olub\\\/\",\"url\":\"https:\\\/\\\/www.meydan.tv\\\/az\\\/article\\\/eurovision-2023un-finalina-cixan-olkeler-belli-olub\\\/\",\"name\":\"\u201cEurovision 2023\u201d\u00fcn final\u0131na \u00e7\u0131xan \u00f6lk\u0259l\u0259r b\u0259lli olub - MEYDAN.TV\",\"isPartOf\":{\"@id\":\"https:\\\/\\\/www.meydan.tv\\\/az\\\/#website\"},\"primaryImageOfPage\":{\"@id\":\"https:\\\/\\\/www.meydan.tv\\\/az\\\/article\\\/eurovision-2023un-finalina-cixan-olkeler-belli-olub\\\/#primaryimage\"},\"image\":{\"@id\":\"https:\\\/\\\/www.meydan.tv\\\/az\\\/article\\\/eurovision-2023un-finalina-cixan-olkeler-belli-olub\\\/#primaryimage\"},\"thumbnailUrl\":\"https:\\\/\\\/www.meydan.tv\\\/wp-content\\\/uploads\\\/shutterstock_2222407961-e1683887170696.jpg\",\"datePublished\":\"2023-05-12T10:33:43+00:00\",\"dateModified\":\"2023-05-12T10:33:46+00:00\",\"breadcrumb\":{\"@id\":\"https:\\\/\\\/www.meydan.tv\\\/az\\\/article\\\/eurovision-2023un-finalina-cixan-olkeler-belli-olub\\\/#breadcrumb\"},\"inLanguage\":\"az\",\"potentialAction\":[{\"@type\":\"ReadAction\",\"target\":[\"https:\\\/\\\/www.meydan.tv\\\/az\\\/article\\\/eurovision-2023un-finalina-cixan-olkeler-belli-olub\\\/\"]}]},{\"@type\":\"ImageObject\",\"inLanguage\":\"az\",\"@id\":\"https:\\\/\\\/www.meydan.tv\\\/az\\\/article\\\/eurovision-2023un-finalina-cixan-olkeler-belli-olub\\\/#primaryimage\",\"url\":\"https:\\\/\\\/www.meydan.tv\\\/wp-content\\\/uploads\\\/shutterstock_2222407961-e1683887170696.jpg\",\"contentUrl\":\"https:\\\/\\\/www.meydan.tv\\\/wp-content\\\/uploads\\\/shutterstock_2222407961-e1683887170696.jpg\",\"width\":1200,\"height\":540,\"caption\":\"\u201cEurovision 2023\u201d. Foto: rarrarorro\\\/shutterstock\"},{\"@type\":\"BreadcrumbList\",\"@id\":\"https:\\\/\\\/www.meydan.tv\\\/az\\\/article\\\/eurovision-2023un-finalina-cixan-olkeler-belli-olub\\\/#breadcrumb\",\"itemListElement\":[{\"@type\":\"ListItem\",\"position\":1,\"name\":\"Ana s\u0259hif\u0259\",\"item\":\"https:\\\/\\\/www.meydan.tv\\\/az\\\/\"},{\"@type\":\"ListItem\",\"position\":2,\"name\":\"M\u0259d\u0259niyy\u0259t\",\"item\":\"https:\\\/\\\/www.meydan.tv\\\/az\\\/section\\\/medeniyyet\\\/\"},{\"@type\":\"ListItem\",\"position\":3,\"name\":\"\u201cEurovision 2023\u201d\u00fcn final\u0131na \u00e7\u0131xan \u00f6lk\u0259l\u0259r b\u0259lli olub\"}]},{\"@type\":\"WebSite\",\"@id\":\"https:\\\/\\\/www.meydan.tv\\\/az\\\/#website\",\"url\":\"https:\\\/\\\/www.meydan.tv\\\/az\\\/\",\"name\":\"MEYDAN.TV\",\"description\":\"Meydan TV Az\u0259rbaycan\u0131n media m\u0259kan\u0131ndak\u0131 alternativ s\u0259sidir\",\"publisher\":{\"@id\":\"https:\\\/\\\/www.meydan.tv\\\/az\\\/#organization\"},\"potentialAction\":[{\"@type\":\"SearchAction\",\"target\":{\"@type\":\"EntryPoint\",\"urlTemplate\":\"https:\\\/\\\/www.meydan.tv\\\/az\\\/?s={search_term_string}\"},\"query-input\":{\"@type\":\"PropertyValueSpecification\",\"valueRequired\":true,\"valueName\":\"search_term_string\"}}],\"inLanguage\":\"az\"},{\"@type\":\"Organization\",\"@id\":\"https:\\\/\\\/www.meydan.tv\\\/az\\\/#organization\",\"name\":\"Meydan TV\",\"url\":\"https:\\\/\\\/www.meydan.tv\\\/az\\\/\",\"logo\":{\"@type\":\"ImageObject\",\"inLanguage\":\"az\",\"@id\":\"https:\\\/\\\/www.meydan.tv\\\/az\\\/#\\\/schema\\\/logo\\\/image\\\/\",\"url\":\"https:\\\/\\\/www.meydan.tv\\\/wp-content\\\/uploads\\\/2021\\\/07\\\/meydan-logo.svg\",\"contentUrl\":\"https:\\\/\\\/www.meydan.tv\\\/wp-content\\\/uploads\\\/2021\\\/07\\\/meydan-logo.svg\",\"width\":195,\"height\":46,\"caption\":\"Meydan TV\"},\"image\":{\"@id\":\"https:\\\/\\\/www.meydan.tv\\\/az\\\/#\\\/schema\\\/logo\\\/image\\\/\"}},{\"@type\":\"Person\",\"@id\":\"https:\\\/\\\/www.meydan.tv\\\/az\\\/#\\\/schema\\\/person\\\/9cdbecf90d17180ce1dfbd95b08dcf47\",\"name\":\"elli\",\"sameAs\":[\"https:\\\/\\\/x.com\\\/elli\"]}]}<\/script>\n<!-- \/ Yoast SEO plugin. -->","yoast_head_json":{"title":"\u201cEurovision 2023\u201d\u00fcn final\u0131na \u00e7\u0131xan \u00f6lk\u0259l\u0259r b\u0259lli olub - MEYDAN.TV","robots":{"index":"index","follow":"follow","max-snippet":"max-snippet:-1","max-image-preview":"max-image-preview:large","max-video-preview":"max-video-preview:-1"},"canonical":"https:\/\/www.meydan.tv\/az\/article\/eurovision-2023un-finalina-cixan-olkeler-belli-olub\/","og_locale":"az_AZ","og_type":"article","og_title":"\u201cEurovision 2023\u201d\u00fcn final\u0131na \u00e7\u0131xan \u00f6lk\u0259l\u0259r b\u0259lli olub - MEYDAN.TV","og_description":"Finala \u00e7\u0131xan \u00f6lk\u0259l\u0259r: Albaniya, Kipr, Estoniya, Bel\u00e7ika, Avstriya, Litva, Pol\u015fa, ... Davam\u0131","og_url":"https:\/\/www.meydan.tv\/az\/article\/eurovision-2023un-finalina-cixan-olkeler-belli-olub\/","og_site_name":"MEYDAN.TV","article_published_time":"2023-05-12T10:33:43+00:00","article_modified_time":"2023-05-12T10:33:46+00:00","og_image":[{"width":1200,"height":540,"url":"https:\/\/www.meydan.tv\/wp-content\/uploads\/shutterstock_2222407961-e1683887170696.jpg","type":"image\/jpeg"}],"author":"elli","twitter_card":"summary_large_image","twitter_creator":"@elli","schema":{"@context":"https:\/\/schema.org","@graph":[{"@type":"Article","@id":"https:\/\/www.meydan.tv\/az\/article\/eurovision-2023un-finalina-cixan-olkeler-belli-olub\/#article","isPartOf":{"@id":"https:\/\/www.meydan.tv\/az\/article\/eurovision-2023un-finalina-cixan-olkeler-belli-olub\/"},"author":{"name":"elli","@id":"https:\/\/www.meydan.tv\/az\/#\/schema\/person\/9cdbecf90d17180ce1dfbd95b08dcf47"},"headline":"\u201cEurovision 2023\u201d\u00fcn final\u0131na \u00e7\u0131xan \u00f6lk\u0259l\u0259r b\u0259lli olub","datePublished":"2023-05-12T10:33:43+00:00","dateModified":"2023-05-12T10:33:46+00:00","mainEntityOfPage":{"@id":"https:\/\/www.meydan.tv\/az\/article\/eurovision-2023un-finalina-cixan-olkeler-belli-olub\/"},"wordCount":207,"publisher":{"@id":"https:\/\/www.meydan.tv\/az\/#organization"},"image":{"@id":"https:\/\/www.meydan.tv\/az\/article\/eurovision-2023un-finalina-cixan-olkeler-belli-olub\/#primaryimage"},"thumbnailUrl":"https:\/\/www.meydan.tv\/wp-content\/uploads\/shutterstock_2222407961-e1683887170696.jpg","articleSection":["M\u0259d\u0259niyy\u0259t","X\u0259b\u0259rl\u0259r"],"inLanguage":"az"},{"@type":"WebPage","@id":"https:\/\/www.meydan.tv\/az\/article\/eurovision-2023un-finalina-cixan-olkeler-belli-olub\/","url":"https:\/\/www.meydan.tv\/az\/article\/eurovision-2023un-finalina-cixan-olkeler-belli-olub\/","name":"\u201cEurovision 2023\u201d\u00fcn final\u0131na \u00e7\u0131xan \u00f6lk\u0259l\u0259r b\u0259lli olub - MEYDAN.TV","isPartOf":{"@id":"https:\/\/www.meydan.tv\/az\/#website"},"primaryImageOfPage":{"@id":"https:\/\/www.meydan.tv\/az\/article\/eurovision-2023un-finalina-cixan-olkeler-belli-olub\/#primaryimage"},"image":{"@id":"https:\/\/www.meydan.tv\/az\/article\/eurovision-2023un-finalina-cixan-olkeler-belli-olub\/#primaryimage"},"thumbnailUrl":"https:\/\/www.meydan.tv\/wp-content\/uploads\/shutterstock_2222407961-e1683887170696.jpg","datePublished":"2023-05-12T10:33:43+00:00","dateModified":"2023-05-12T10:33:46+00:00","breadcrumb":{"@id":"https:\/\/www.meydan.tv\/az\/article\/eurovision-2023un-finalina-cixan-olkeler-belli-olub\/#breadcrumb"},"inLanguage":"az","potentialAction":[{"@type":"ReadAction","target":["https:\/\/www.meydan.tv\/az\/article\/eurovision-2023un-finalina-cixan-olkeler-belli-olub\/"]}]},{"@type":"ImageObject","inLanguage":"az","@id":"https:\/\/www.meydan.tv\/az\/article\/eurovision-2023un-finalina-cixan-olkeler-belli-olub\/#primaryimage","url":"https:\/\/www.meydan.tv\/wp-content\/uploads\/shutterstock_2222407961-e1683887170696.jpg","contentUrl":"https:\/\/www.meydan.tv\/wp-content\/uploads\/shutterstock_2222407961-e1683887170696.jpg","width":1200,"height":540,"caption":"\u201cEurovision 2023\u201d. Foto: rarrarorro\/shutterstock"},{"@type":"BreadcrumbList","@id":"https:\/\/www.meydan.tv\/az\/article\/eurovision-2023un-finalina-cixan-olkeler-belli-olub\/#breadcrumb","itemListElement":[{"@type":"ListItem","position":1,"name":"Ana s\u0259hif\u0259","item":"https:\/\/www.meydan.tv\/az\/"},{"@type":"ListItem","position":2,"name":"M\u0259d\u0259niyy\u0259t","item":"https:\/\/www.meydan.tv\/az\/section\/medeniyyet\/"},{"@type":"ListItem","position":3,"name":"\u201cEurovision 2023\u201d\u00fcn final\u0131na \u00e7\u0131xan \u00f6lk\u0259l\u0259r b\u0259lli olub"}]},{"@type":"WebSite","@id":"https:\/\/www.meydan.tv\/az\/#website","url":"https:\/\/www.meydan.tv\/az\/","name":"MEYDAN.TV","description":"Meydan TV Az\u0259rbaycan\u0131n media m\u0259kan\u0131ndak\u0131 alternativ s\u0259sidir","publisher":{"@id":"https:\/\/www.meydan.tv\/az\/#organization"},"potentialAction":[{"@type":"SearchAction","target":{"@type":"EntryPoint","urlTemplate":"https:\/\/www.meydan.tv\/az\/?s={search_term_string}"},"query-input":{"@type":"PropertyValueSpecification","valueRequired":true,"valueName":"search_term_string"}}],"inLanguage":"az"},{"@type":"Organization","@id":"https:\/\/www.meydan.tv\/az\/#organization","name":"Meydan TV","url":"https:\/\/www.meydan.tv\/az\/","logo":{"@type":"ImageObject","inLanguage":"az","@id":"https:\/\/www.meydan.tv\/az\/#\/schema\/logo\/image\/","url":"https:\/\/www.meydan.tv\/wp-content\/uploads\/2021\/07\/meydan-logo.svg","contentUrl":"https:\/\/www.meydan.tv\/wp-content\/uploads\/2021\/07\/meydan-logo.svg","width":195,"height":46,"caption":"Meydan TV"},"image":{"@id":"https:\/\/www.meydan.tv\/az\/#\/schema\/logo\/image\/"}},{"@type":"Person","@id":"https:\/\/www.meydan.tv\/az\/#\/schema\/person\/9cdbecf90d17180ce1dfbd95b08dcf47","name":"elli","sameAs":["https:\/\/x.com\/elli"]}]}},"_links":{"self":[{"href":"https:\/\/www.meydan.tv\/az\/wp-json\/wp\/v2\/posts\/274822","targetHints":{"allow":["GET"]}}],"collection":[{"href":"https:\/\/www.meydan.tv\/az\/wp-json\/wp\/v2\/posts"}],"about":[{"href":"https:\/\/www.meydan.tv\/az\/wp-json\/wp\/v2\/types\/post"}],"author":[{"embeddable":true,"href":"https:\/\/www.meydan.tv\/az\/wp-json\/wp\/v2\/users\/8"}],"replies":[{"embeddable":true,"href":"https:\/\/www.meydan.tv\/az\/wp-json\/wp\/v2\/comments?post=274822"}],"version-history":[{"count":1,"href":"https:\/\/www.meydan.tv\/az\/wp-json\/wp\/v2\/posts\/274822\/revisions"}],"predecessor-version":[{"id":274826,"href":"https:\/\/www.meydan.tv\/az\/wp-json\/wp\/v2\/posts\/274822\/revisions\/274826"}],"wp:featuredmedia":[{"embeddable":true,"href":"https:\/\/www.meydan.tv\/az\/wp-json\/wp\/v2\/media\/274823"}],"wp:attachment":[{"href":"https:\/\/www.meydan.tv\/az\/wp-json\/wp\/v2\/media?parent=274822"}],"wp:term":[{"taxonomy":"category","embeddable":true,"href":"https:\/\/www.meydan.tv\/az\/wp-json\/wp\/v2\/categories?post=274822"},{"taxonomy":"post_tag","embeddable":true,"href":"https:\/\/www.meydan.tv\/az\/wp-json\/wp\/v2\/tags?post=274822"}],"curies":[{"name":"wp","href":"https:\/\/api.w.org\/{rel}","templated":true}]}}