{"id":274772,"date":"2023-05-11T17:01:30","date_gmt":"2023-05-11T13:01:30","guid":{"rendered":"https:\/\/www.meydan.tv\/?p=274772"},"modified":"2023-05-11T17:01:33","modified_gmt":"2023-05-11T13:01:33","slug":"abs-in-imagine-dragons-qrupu-14-yasli-ukraynali-usaqdan-klip-cekib","status":"publish","type":"post","link":"https:\/\/www.meydan.tv\/az\/article\/abs-in-imagine-dragons-qrupu-14-yasli-ukraynali-usaqdan-klip-cekib\/","title":{"rendered":"AB\u015e-\u0131n \u201cImagine Dragons\u201d qrupu 14 ya\u015fl\u0131 ukraynal\u0131 u\u015faqdan klip \u00e7\u0259kib"},"content":{"rendered":"\n<p><\/p>\n\n\n\n<p><strong><em>\u201cSa\u015fa s\u0131\u011f\u0131nacaqda gizl\u0259n\u0259r\u0259k sa\u011f qal\u0131b\u201d<\/em><\/strong><\/p>\n\n\n\n<p>Amerikan\u0131n \u201cImagine Dragons\u201d qrupunun Ukraynada klip \u00e7\u0259kdiyi <a href=\"https:\/\/meduza.io\/feature\/2023\/05\/11\/imagine-dragons-snyali-klip-v-ukraine\" target=\"_blank\" rel=\"noreferrer noopener\">bildirilir.<\/a><\/p>\n\n\n\n<p>\u201cCrushed\u201d adlanan klipin q\u0259hr\u0259man\u0131 Ukraynan\u0131n Nikolayev vilay\u0259tind\u0259n olan 14 ya\u015fl\u0131 Sa\u015fad\u0131r.<\/p>\n\n\n\n<p>U\u015fa\u011f\u0131n do\u011fma k\u0259ndi Novoqriqorovka be\u015f ay Rusiya h\u0259rb\u00e7il\u0259rinin n\u0259zar\u0259tind\u0259 <a href=\"https:\/\/www.youtube.com\/watch?v=KSav7HayxtI&amp;t=102s\" target=\"_blank\" rel=\"noreferrer noopener\">olub.<\/a><\/p>\n\n\n\n<p><em>\u201cBurada he\u00e7 n\u0259 qalmay\u0131b, h\u0259r yer da\u011f\u0131d\u0131l\u0131b. Sa\u015fa davaml\u0131 at\u0259\u015fl\u0259r alt\u0131nda sa\u011f qalma\u011f\u0131 bacar\u0131b. S\u0131\u011f\u0131nacaqda gizl\u0259nib. Onun qon\u015fular\u0131 \u00f6l\u00fcb. Evi da\u011f\u0131d\u0131l\u0131b. Bu, minl\u0259rl\u0259 hekay\u0259d\u0259n yaln\u0131z biridir. Sa\u015fa v\u0259 ail\u0259si h\u0259r \u015feyl\u0259rini itirib. Lakin dig\u0259r ukraynal\u0131lar kimi onlar da evl\u0259rini b\u0259rpa etm\u0259y\u0259 \u00fcmidlidirl\u0259r\u201d, <\/em>&#8211; klipd\u0259 deyilir.<\/p>\n\n\n\n<p>Qrupun solisti Den Reynoldsun s\u00f6zl\u0259rin\u0259 g\u00f6r\u0259, Sa\u015fan\u0131n ail\u0259si h\u0259l\u0259 d\u0259 i\u015f\u0131qs\u0131z ya\u015fay\u0131r.<\/p>\n\n\n\n<p>Ukrayna hakimiyy\u0259ti 2022-ci ilin noyabr\u0131nda Nikolayev vilay\u0259tinin tam azad edildiyini elan edib.<\/p>\n\n\n\n<p>Rusiya h\u0259rbi \u0259m\u0259liyyata ba\u015flad\u0131\u011f\u0131 ilk aylardan \u201cImagine Dragons\u201d&nbsp; qrupu Ukraynaya d\u0259st\u0259k n\u00fcmayi\u015f etdirir.<\/p>\n\n\n\n<p>\u201cCrushed\u201d klipi Ukrayna Prezidenti Volodimir Zelenskinin t\u0259\u015f\u0259bb\u00fcs\u00fc il\u0259 yarad\u0131lm\u0131\u015f \u201cUNITED24\u201d xeyriyy\u0259 platformas\u0131n\u0131n d\u0259st\u0259yi il\u0259 \u0259rs\u0259y\u0259 g\u0259lib.<\/p>\n","protected":false},"excerpt":{"rendered":"<p>\u201cSa\u015fa s\u0131\u011f\u0131nacaqda gizl\u0259n\u0259r\u0259k sa\u011f qal\u0131b\u201d Amerikan\u0131n \u201cImagine Dragons\u201d qrupunun Ukraynada &#8230; <\/p>\n<p class=\"read-more-container\"><a title=\"AB\u015e-\u0131n \u201cImagine Dragons\u201d qrupu 14 ya\u015fl\u0131 ukraynal\u0131 u\u015faqdan klip \u00e7\u0259kib\" class=\"read-more button\" href=\"https:\/\/www.meydan.tv\/az\/article\/abs-in-imagine-dragons-qrupu-14-yasli-ukraynali-usaqdan-klip-cekib\/#more-274772\" aria-label=\"Read more about AB\u015e-\u0131n \u201cImagine Dragons\u201d qrupu 14 ya\u015fl\u0131 ukraynal\u0131 u\u015faqdan klip \u00e7\u0259kib\">Davam\u0131<\/a><\/p>\n","protected":false},"author":8,"featured_media":274774,"comment_status":"closed","ping_status":"closed","sticky":false,"template":"","format":"standard","meta":{"_acf_changed":false,"_sitemap_exclude":false,"_sitemap_priority":"","_sitemap_frequency":"","footnotes":""},"categories":[52,56],"tags":[],"class_list":["post-274772","post","type-post","status-publish","format-standard","has-post-thumbnail","hentry","category-medeniyyet","category-xeberler","infinite-scroll-item","generate-columns","tablet-grid-50","mobile-grid-100","grid-parent","grid-33","no-featured-image-padding"],"acf":[],"yoast_head":"<!-- This site is optimized with the Yoast SEO plugin v27.4 - https:\/\/yoast.com\/product\/yoast-seo-wordpress\/ -->\n<title>AB\u015e-\u0131n \u201cImagine Dragons\u201d qrupu 14 ya\u015fl\u0131 ukraynal\u0131 u\u015faqdan klip \u00e7\u0259kib - MEYDAN.TV<\/title>\n<meta name=\"robots\" content=\"index, follow, max-snippet:-1, max-image-preview:large, max-video-preview:-1\" \/>\n<link rel=\"canonical\" href=\"https:\/\/www.meydan.tv\/az\/article\/abs-in-imagine-dragons-qrupu-14-yasli-ukraynali-usaqdan-klip-cekib\/\" \/>\n<meta property=\"og:locale\" content=\"az_AZ\" \/>\n<meta property=\"og:type\" content=\"article\" \/>\n<meta property=\"og:title\" content=\"AB\u015e-\u0131n \u201cImagine Dragons\u201d qrupu 14 ya\u015fl\u0131 ukraynal\u0131 u\u015faqdan klip \u00e7\u0259kib - MEYDAN.TV\" \/>\n<meta property=\"og:description\" content=\"\u201cSa\u015fa s\u0131\u011f\u0131nacaqda gizl\u0259n\u0259r\u0259k sa\u011f qal\u0131b\u201d Amerikan\u0131n \u201cImagine Dragons\u201d qrupunun Ukraynada ... Davam\u0131\" \/>\n<meta property=\"og:url\" content=\"https:\/\/www.meydan.tv\/az\/article\/abs-in-imagine-dragons-qrupu-14-yasli-ukraynali-usaqdan-klip-cekib\/\" \/>\n<meta property=\"og:site_name\" content=\"MEYDAN.TV\" \/>\n<meta property=\"article:published_time\" content=\"2023-05-11T13:01:30+00:00\" \/>\n<meta property=\"article:modified_time\" content=\"2023-05-11T13:01:33+00:00\" \/>\n<meta property=\"og:image\" content=\"https:\/\/www.meydan.tv\/wp-content\/uploads\/shutterstock_1177514416-e1683810080819.jpg\" \/>\n\t<meta property=\"og:image:width\" content=\"1200\" \/>\n\t<meta property=\"og:image:height\" content=\"642\" \/>\n\t<meta property=\"og:image:type\" content=\"image\/jpeg\" \/>\n<meta name=\"author\" content=\"elli\" \/>\n<meta name=\"twitter:card\" content=\"summary_large_image\" \/>\n<meta name=\"twitter:creator\" content=\"@elli\" \/>\n<script type=\"application\/ld+json\" class=\"yoast-schema-graph\">{\"@context\":\"https:\\\/\\\/schema.org\",\"@graph\":[{\"@type\":\"Article\",\"@id\":\"https:\\\/\\\/www.meydan.tv\\\/az\\\/article\\\/abs-in-imagine-dragons-qrupu-14-yasli-ukraynali-usaqdan-klip-cekib\\\/#article\",\"isPartOf\":{\"@id\":\"https:\\\/\\\/www.meydan.tv\\\/az\\\/article\\\/abs-in-imagine-dragons-qrupu-14-yasli-ukraynali-usaqdan-klip-cekib\\\/\"},\"author\":{\"name\":\"elli\",\"@id\":\"https:\\\/\\\/www.meydan.tv\\\/az\\\/#\\\/schema\\\/person\\\/9cdbecf90d17180ce1dfbd95b08dcf47\"},\"headline\":\"AB\u015e-\u0131n \u201cImagine Dragons\u201d qrupu 14 ya\u015fl\u0131 ukraynal\u0131 u\u015faqdan klip \u00e7\u0259kib\",\"datePublished\":\"2023-05-11T13:01:30+00:00\",\"dateModified\":\"2023-05-11T13:01:33+00:00\",\"mainEntityOfPage\":{\"@id\":\"https:\\\/\\\/www.meydan.tv\\\/az\\\/article\\\/abs-in-imagine-dragons-qrupu-14-yasli-ukraynali-usaqdan-klip-cekib\\\/\"},\"wordCount\":229,\"publisher\":{\"@id\":\"https:\\\/\\\/www.meydan.tv\\\/az\\\/#organization\"},\"image\":{\"@id\":\"https:\\\/\\\/www.meydan.tv\\\/az\\\/article\\\/abs-in-imagine-dragons-qrupu-14-yasli-ukraynali-usaqdan-klip-cekib\\\/#primaryimage\"},\"thumbnailUrl\":\"https:\\\/\\\/www.meydan.tv\\\/wp-content\\\/uploads\\\/shutterstock_1177514416-e1683810080819.jpg\",\"articleSection\":[\"M\u0259d\u0259niyy\u0259t\",\"X\u0259b\u0259rl\u0259r\"],\"inLanguage\":\"az\"},{\"@type\":\"WebPage\",\"@id\":\"https:\\\/\\\/www.meydan.tv\\\/az\\\/article\\\/abs-in-imagine-dragons-qrupu-14-yasli-ukraynali-usaqdan-klip-cekib\\\/\",\"url\":\"https:\\\/\\\/www.meydan.tv\\\/az\\\/article\\\/abs-in-imagine-dragons-qrupu-14-yasli-ukraynali-usaqdan-klip-cekib\\\/\",\"name\":\"AB\u015e-\u0131n \u201cImagine Dragons\u201d qrupu 14 ya\u015fl\u0131 ukraynal\u0131 u\u015faqdan klip \u00e7\u0259kib - MEYDAN.TV\",\"isPartOf\":{\"@id\":\"https:\\\/\\\/www.meydan.tv\\\/az\\\/#website\"},\"primaryImageOfPage\":{\"@id\":\"https:\\\/\\\/www.meydan.tv\\\/az\\\/article\\\/abs-in-imagine-dragons-qrupu-14-yasli-ukraynali-usaqdan-klip-cekib\\\/#primaryimage\"},\"image\":{\"@id\":\"https:\\\/\\\/www.meydan.tv\\\/az\\\/article\\\/abs-in-imagine-dragons-qrupu-14-yasli-ukraynali-usaqdan-klip-cekib\\\/#primaryimage\"},\"thumbnailUrl\":\"https:\\\/\\\/www.meydan.tv\\\/wp-content\\\/uploads\\\/shutterstock_1177514416-e1683810080819.jpg\",\"datePublished\":\"2023-05-11T13:01:30+00:00\",\"dateModified\":\"2023-05-11T13:01:33+00:00\",\"breadcrumb\":{\"@id\":\"https:\\\/\\\/www.meydan.tv\\\/az\\\/article\\\/abs-in-imagine-dragons-qrupu-14-yasli-ukraynali-usaqdan-klip-cekib\\\/#breadcrumb\"},\"inLanguage\":\"az\",\"potentialAction\":[{\"@type\":\"ReadAction\",\"target\":[\"https:\\\/\\\/www.meydan.tv\\\/az\\\/article\\\/abs-in-imagine-dragons-qrupu-14-yasli-ukraynali-usaqdan-klip-cekib\\\/\"]}]},{\"@type\":\"ImageObject\",\"inLanguage\":\"az\",\"@id\":\"https:\\\/\\\/www.meydan.tv\\\/az\\\/article\\\/abs-in-imagine-dragons-qrupu-14-yasli-ukraynali-usaqdan-klip-cekib\\\/#primaryimage\",\"url\":\"https:\\\/\\\/www.meydan.tv\\\/wp-content\\\/uploads\\\/shutterstock_1177514416-e1683810080819.jpg\",\"contentUrl\":\"https:\\\/\\\/www.meydan.tv\\\/wp-content\\\/uploads\\\/shutterstock_1177514416-e1683810080819.jpg\",\"width\":1200,\"height\":642,\"caption\":\"\u201cImagine Dragons\u201d. Foto: Review News\\\/shutterstock\"},{\"@type\":\"BreadcrumbList\",\"@id\":\"https:\\\/\\\/www.meydan.tv\\\/az\\\/article\\\/abs-in-imagine-dragons-qrupu-14-yasli-ukraynali-usaqdan-klip-cekib\\\/#breadcrumb\",\"itemListElement\":[{\"@type\":\"ListItem\",\"position\":1,\"name\":\"Ana s\u0259hif\u0259\",\"item\":\"https:\\\/\\\/www.meydan.tv\\\/az\\\/\"},{\"@type\":\"ListItem\",\"position\":2,\"name\":\"M\u0259d\u0259niyy\u0259t\",\"item\":\"https:\\\/\\\/www.meydan.tv\\\/az\\\/section\\\/medeniyyet\\\/\"},{\"@type\":\"ListItem\",\"position\":3,\"name\":\"AB\u015e-\u0131n \u201cImagine Dragons\u201d qrupu 14 ya\u015fl\u0131 ukraynal\u0131 u\u015faqdan klip \u00e7\u0259kib\"}]},{\"@type\":\"WebSite\",\"@id\":\"https:\\\/\\\/www.meydan.tv\\\/az\\\/#website\",\"url\":\"https:\\\/\\\/www.meydan.tv\\\/az\\\/\",\"name\":\"MEYDAN.TV\",\"description\":\"Meydan TV Az\u0259rbaycan\u0131n media m\u0259kan\u0131ndak\u0131 alternativ s\u0259sidir\",\"publisher\":{\"@id\":\"https:\\\/\\\/www.meydan.tv\\\/az\\\/#organization\"},\"potentialAction\":[{\"@type\":\"SearchAction\",\"target\":{\"@type\":\"EntryPoint\",\"urlTemplate\":\"https:\\\/\\\/www.meydan.tv\\\/az\\\/?s={search_term_string}\"},\"query-input\":{\"@type\":\"PropertyValueSpecification\",\"valueRequired\":true,\"valueName\":\"search_term_string\"}}],\"inLanguage\":\"az\"},{\"@type\":\"Organization\",\"@id\":\"https:\\\/\\\/www.meydan.tv\\\/az\\\/#organization\",\"name\":\"Meydan TV\",\"url\":\"https:\\\/\\\/www.meydan.tv\\\/az\\\/\",\"logo\":{\"@type\":\"ImageObject\",\"inLanguage\":\"az\",\"@id\":\"https:\\\/\\\/www.meydan.tv\\\/az\\\/#\\\/schema\\\/logo\\\/image\\\/\",\"url\":\"https:\\\/\\\/www.meydan.tv\\\/wp-content\\\/uploads\\\/2021\\\/07\\\/meydan-logo.svg\",\"contentUrl\":\"https:\\\/\\\/www.meydan.tv\\\/wp-content\\\/uploads\\\/2021\\\/07\\\/meydan-logo.svg\",\"width\":195,\"height\":46,\"caption\":\"Meydan TV\"},\"image\":{\"@id\":\"https:\\\/\\\/www.meydan.tv\\\/az\\\/#\\\/schema\\\/logo\\\/image\\\/\"}},{\"@type\":\"Person\",\"@id\":\"https:\\\/\\\/www.meydan.tv\\\/az\\\/#\\\/schema\\\/person\\\/9cdbecf90d17180ce1dfbd95b08dcf47\",\"name\":\"elli\",\"sameAs\":[\"https:\\\/\\\/x.com\\\/elli\"]}]}<\/script>\n<!-- \/ Yoast SEO plugin. -->","yoast_head_json":{"title":"AB\u015e-\u0131n \u201cImagine Dragons\u201d qrupu 14 ya\u015fl\u0131 ukraynal\u0131 u\u015faqdan klip \u00e7\u0259kib - MEYDAN.TV","robots":{"index":"index","follow":"follow","max-snippet":"max-snippet:-1","max-image-preview":"max-image-preview:large","max-video-preview":"max-video-preview:-1"},"canonical":"https:\/\/www.meydan.tv\/az\/article\/abs-in-imagine-dragons-qrupu-14-yasli-ukraynali-usaqdan-klip-cekib\/","og_locale":"az_AZ","og_type":"article","og_title":"AB\u015e-\u0131n \u201cImagine Dragons\u201d qrupu 14 ya\u015fl\u0131 ukraynal\u0131 u\u015faqdan klip \u00e7\u0259kib - MEYDAN.TV","og_description":"\u201cSa\u015fa s\u0131\u011f\u0131nacaqda gizl\u0259n\u0259r\u0259k sa\u011f qal\u0131b\u201d Amerikan\u0131n \u201cImagine Dragons\u201d qrupunun Ukraynada ... Davam\u0131","og_url":"https:\/\/www.meydan.tv\/az\/article\/abs-in-imagine-dragons-qrupu-14-yasli-ukraynali-usaqdan-klip-cekib\/","og_site_name":"MEYDAN.TV","article_published_time":"2023-05-11T13:01:30+00:00","article_modified_time":"2023-05-11T13:01:33+00:00","og_image":[{"width":1200,"height":642,"url":"https:\/\/www.meydan.tv\/wp-content\/uploads\/shutterstock_1177514416-e1683810080819.jpg","type":"image\/jpeg"}],"author":"elli","twitter_card":"summary_large_image","twitter_creator":"@elli","schema":{"@context":"https:\/\/schema.org","@graph":[{"@type":"Article","@id":"https:\/\/www.meydan.tv\/az\/article\/abs-in-imagine-dragons-qrupu-14-yasli-ukraynali-usaqdan-klip-cekib\/#article","isPartOf":{"@id":"https:\/\/www.meydan.tv\/az\/article\/abs-in-imagine-dragons-qrupu-14-yasli-ukraynali-usaqdan-klip-cekib\/"},"author":{"name":"elli","@id":"https:\/\/www.meydan.tv\/az\/#\/schema\/person\/9cdbecf90d17180ce1dfbd95b08dcf47"},"headline":"AB\u015e-\u0131n \u201cImagine Dragons\u201d qrupu 14 ya\u015fl\u0131 ukraynal\u0131 u\u015faqdan klip \u00e7\u0259kib","datePublished":"2023-05-11T13:01:30+00:00","dateModified":"2023-05-11T13:01:33+00:00","mainEntityOfPage":{"@id":"https:\/\/www.meydan.tv\/az\/article\/abs-in-imagine-dragons-qrupu-14-yasli-ukraynali-usaqdan-klip-cekib\/"},"wordCount":229,"publisher":{"@id":"https:\/\/www.meydan.tv\/az\/#organization"},"image":{"@id":"https:\/\/www.meydan.tv\/az\/article\/abs-in-imagine-dragons-qrupu-14-yasli-ukraynali-usaqdan-klip-cekib\/#primaryimage"},"thumbnailUrl":"https:\/\/www.meydan.tv\/wp-content\/uploads\/shutterstock_1177514416-e1683810080819.jpg","articleSection":["M\u0259d\u0259niyy\u0259t","X\u0259b\u0259rl\u0259r"],"inLanguage":"az"},{"@type":"WebPage","@id":"https:\/\/www.meydan.tv\/az\/article\/abs-in-imagine-dragons-qrupu-14-yasli-ukraynali-usaqdan-klip-cekib\/","url":"https:\/\/www.meydan.tv\/az\/article\/abs-in-imagine-dragons-qrupu-14-yasli-ukraynali-usaqdan-klip-cekib\/","name":"AB\u015e-\u0131n \u201cImagine Dragons\u201d qrupu 14 ya\u015fl\u0131 ukraynal\u0131 u\u015faqdan klip \u00e7\u0259kib - MEYDAN.TV","isPartOf":{"@id":"https:\/\/www.meydan.tv\/az\/#website"},"primaryImageOfPage":{"@id":"https:\/\/www.meydan.tv\/az\/article\/abs-in-imagine-dragons-qrupu-14-yasli-ukraynali-usaqdan-klip-cekib\/#primaryimage"},"image":{"@id":"https:\/\/www.meydan.tv\/az\/article\/abs-in-imagine-dragons-qrupu-14-yasli-ukraynali-usaqdan-klip-cekib\/#primaryimage"},"thumbnailUrl":"https:\/\/www.meydan.tv\/wp-content\/uploads\/shutterstock_1177514416-e1683810080819.jpg","datePublished":"2023-05-11T13:01:30+00:00","dateModified":"2023-05-11T13:01:33+00:00","breadcrumb":{"@id":"https:\/\/www.meydan.tv\/az\/article\/abs-in-imagine-dragons-qrupu-14-yasli-ukraynali-usaqdan-klip-cekib\/#breadcrumb"},"inLanguage":"az","potentialAction":[{"@type":"ReadAction","target":["https:\/\/www.meydan.tv\/az\/article\/abs-in-imagine-dragons-qrupu-14-yasli-ukraynali-usaqdan-klip-cekib\/"]}]},{"@type":"ImageObject","inLanguage":"az","@id":"https:\/\/www.meydan.tv\/az\/article\/abs-in-imagine-dragons-qrupu-14-yasli-ukraynali-usaqdan-klip-cekib\/#primaryimage","url":"https:\/\/www.meydan.tv\/wp-content\/uploads\/shutterstock_1177514416-e1683810080819.jpg","contentUrl":"https:\/\/www.meydan.tv\/wp-content\/uploads\/shutterstock_1177514416-e1683810080819.jpg","width":1200,"height":642,"caption":"\u201cImagine Dragons\u201d. Foto: Review News\/shutterstock"},{"@type":"BreadcrumbList","@id":"https:\/\/www.meydan.tv\/az\/article\/abs-in-imagine-dragons-qrupu-14-yasli-ukraynali-usaqdan-klip-cekib\/#breadcrumb","itemListElement":[{"@type":"ListItem","position":1,"name":"Ana s\u0259hif\u0259","item":"https:\/\/www.meydan.tv\/az\/"},{"@type":"ListItem","position":2,"name":"M\u0259d\u0259niyy\u0259t","item":"https:\/\/www.meydan.tv\/az\/section\/medeniyyet\/"},{"@type":"ListItem","position":3,"name":"AB\u015e-\u0131n \u201cImagine Dragons\u201d qrupu 14 ya\u015fl\u0131 ukraynal\u0131 u\u015faqdan klip \u00e7\u0259kib"}]},{"@type":"WebSite","@id":"https:\/\/www.meydan.tv\/az\/#website","url":"https:\/\/www.meydan.tv\/az\/","name":"MEYDAN.TV","description":"Meydan TV Az\u0259rbaycan\u0131n media m\u0259kan\u0131ndak\u0131 alternativ s\u0259sidir","publisher":{"@id":"https:\/\/www.meydan.tv\/az\/#organization"},"potentialAction":[{"@type":"SearchAction","target":{"@type":"EntryPoint","urlTemplate":"https:\/\/www.meydan.tv\/az\/?s={search_term_string}"},"query-input":{"@type":"PropertyValueSpecification","valueRequired":true,"valueName":"search_term_string"}}],"inLanguage":"az"},{"@type":"Organization","@id":"https:\/\/www.meydan.tv\/az\/#organization","name":"Meydan TV","url":"https:\/\/www.meydan.tv\/az\/","logo":{"@type":"ImageObject","inLanguage":"az","@id":"https:\/\/www.meydan.tv\/az\/#\/schema\/logo\/image\/","url":"https:\/\/www.meydan.tv\/wp-content\/uploads\/2021\/07\/meydan-logo.svg","contentUrl":"https:\/\/www.meydan.tv\/wp-content\/uploads\/2021\/07\/meydan-logo.svg","width":195,"height":46,"caption":"Meydan TV"},"image":{"@id":"https:\/\/www.meydan.tv\/az\/#\/schema\/logo\/image\/"}},{"@type":"Person","@id":"https:\/\/www.meydan.tv\/az\/#\/schema\/person\/9cdbecf90d17180ce1dfbd95b08dcf47","name":"elli","sameAs":["https:\/\/x.com\/elli"]}]}},"_links":{"self":[{"href":"https:\/\/www.meydan.tv\/az\/wp-json\/wp\/v2\/posts\/274772","targetHints":{"allow":["GET"]}}],"collection":[{"href":"https:\/\/www.meydan.tv\/az\/wp-json\/wp\/v2\/posts"}],"about":[{"href":"https:\/\/www.meydan.tv\/az\/wp-json\/wp\/v2\/types\/post"}],"author":[{"embeddable":true,"href":"https:\/\/www.meydan.tv\/az\/wp-json\/wp\/v2\/users\/8"}],"replies":[{"embeddable":true,"href":"https:\/\/www.meydan.tv\/az\/wp-json\/wp\/v2\/comments?post=274772"}],"version-history":[{"count":1,"href":"https:\/\/www.meydan.tv\/az\/wp-json\/wp\/v2\/posts\/274772\/revisions"}],"predecessor-version":[{"id":274777,"href":"https:\/\/www.meydan.tv\/az\/wp-json\/wp\/v2\/posts\/274772\/revisions\/274777"}],"wp:featuredmedia":[{"embeddable":true,"href":"https:\/\/www.meydan.tv\/az\/wp-json\/wp\/v2\/media\/274774"}],"wp:attachment":[{"href":"https:\/\/www.meydan.tv\/az\/wp-json\/wp\/v2\/media?parent=274772"}],"wp:term":[{"taxonomy":"category","embeddable":true,"href":"https:\/\/www.meydan.tv\/az\/wp-json\/wp\/v2\/categories?post=274772"},{"taxonomy":"post_tag","embeddable":true,"href":"https:\/\/www.meydan.tv\/az\/wp-json\/wp\/v2\/tags?post=274772"}],"curies":[{"name":"wp","href":"https:\/\/api.w.org\/{rel}","templated":true}]}}