{"id":274769,"date":"2023-05-11T16:54:40","date_gmt":"2023-05-11T12:54:40","guid":{"rendered":"https:\/\/www.meydan.tv\/?p=274769"},"modified":"2023-05-11T16:54:46","modified_gmt":"2023-05-11T12:54:46","slug":"rusiya-ateskesin-pozulmasina-gore-baki-ve-yerevana-cagiris-etdi","status":"publish","type":"post","link":"https:\/\/www.meydan.tv\/az\/article\/rusiya-ateskesin-pozulmasina-gore-baki-ve-yerevana-cagiris-etdi\/","title":{"rendered":"Rusiya at\u0259\u015fk\u0259sin pozulmas\u0131na g\u00f6r\u0259 Bak\u0131 v\u0259 Yerevana \u00e7a\u011f\u0131r\u0131\u015f etdi"},"content":{"rendered":"\n<p><\/p>\n\n\n\n<p><strong><em>Kreml t\u0259r\u0259fl\u0259rl\u0259 t\u0259mas\u0131 davam etdirdiyini deyir<\/em><\/strong><\/p>\n\n\n\n<p>Rusiya t\u0259mas x\u0259ttind\u0259 ba\u015f ver\u0259n qar\u015f\u0131durmaya g\u00f6r\u0259 Erm\u0259nistan v\u0259 Az\u0259rbaycan\u0131 t\u0259mkinli olma\u011fa \u00e7a\u011f\u0131r\u0131b.<\/p>\n\n\n\n<p>Bu bar\u0259d\u0259 may\u0131n 11-d\u0259 Rusiya Prezidentinin m\u0259tbuat katibi Dmitri Peskov yerli jurnalistl\u0259r\u0259 bildirib.<\/p>\n\n\n\n<p>Peskov t\u0259r\u0259fl\u0259rl\u0259 t\u0259maslar\u0131n davam etdirildiyini deyib:<\/p>\n\n\n\n<p>\u201cBilirsiniz ki, t\u0259maslar davam edir, s\u00f6z\u00fcn \u0259sl m\u0259nas\u0131nda, may\u0131n 9-da Vladimir Putin Q\u0259l\u0259b\u0259 bayram\u0131 m\u00fcnasib\u0259til\u0259 Moskvada olan Erm\u0259nistan\u0131n Ba\u015f naziri Nikol Pa\u015finyanla ayr\u0131ca s\u00f6hb\u0259t edib, az\u0259rbaycanl\u0131larla da \u0259laq\u0259l\u0259r davam edir&#8221;.<\/p>\n\n\n\n<p>&#8220;Rusiya \u00f6z funksiyalar\u0131n\u0131 yerin\u0259 yetirm\u0259y\u0259 davam ed\u0259c\u0259k. Biz, \u0259lb\u0259tt\u0259 ki, t\u0259r\u0259fl\u0259rd\u0259n t\u0259mkinli yana\u015fma g\u00f6zl\u0259yirik v\u0259 g\u0259rginliyin artmas\u0131na s\u0259b\u0259b ola bil\u0259c\u0259k h\u0259r hans\u0131 add\u0131m atmama\u011fa \u00e7a\u011f\u0131r\u0131r\u0131q\u201d, &#8211; dey\u0259 Peskov \u0259lav\u0259 <a href=\"https:\/\/ria.ru\/20230511\/karabakh-1871020655.html\" target=\"_blank\" rel=\"noreferrer noopener\">edib<\/a>.<\/p>\n\n\n\n<p>Bu g\u00fcn Erm\u0259nistan v\u0259 Az\u0259rbaycan s\u0259rh\u0259dind\u0259 at\u0259\u015fk\u0259sin pozulmas\u0131 n\u0259tic\u0259sind\u0259 t\u0259r\u0259fl\u0259r itki <a href=\"https:\/\/storage.googleapis.com\/qurium\/www.meydan.tv\/az-article-cebhede-qarsidurma-ermenistanin-3-azerbaycanin-1-herbcisi-yaralanib.html\" target=\"_blank\" rel=\"noreferrer noopener\">verib<\/a>.<\/p>\n\n\n\n<p>Bildirilir ki, Az\u0259rbaycan\u0131n bir \u0259sg\u0259ri h\u0259lak olub, biri yaralan\u0131b, Erm\u0259nistan t\u0259r\u0259fd\u0259n is\u0259 3 \u0259sg\u0259r yaralan\u0131b.<\/p>\n\n\n\n<p>Az\u0259rbaycan Xarici \u0130\u015fl\u0259r Nazirliyi may\u0131n 11-d\u0259 yayd\u0131\u011f\u0131 a\u00e7\u0131qlamada qeyd edib ki, s\u00fclh dan\u0131\u015f\u0131qlar\u0131n\u0131n intensivl\u0259\u015fdiyi bir vaxtda ba\u015f ver\u0259nl\u0259r Erm\u0259nistan\u0131n prosesind\u0259 maraql\u0131 olmad\u0131\u011f\u0131n\u0131 g\u00f6st\u0259rir:<\/p>\n\n\n\n<p>\u201c<em>Erm\u0259nistan\u0131n dan\u0131\u015f\u0131qlar prosesin\u0259 x\u0259l\u0259l g\u0259tir\u0259n bu kimi \u0259m\u0259ll\u0259ri ciddi formada beyn\u0259lxalq ictimaiyy\u0259t t\u0259r\u0259find\u0259n r\u0259dd edilm\u0259li v\u0259 q\u0131nan\u0131lmal\u0131d\u0131r\u201d.<\/em><\/p>\n","protected":false},"excerpt":{"rendered":"<p>Kreml t\u0259r\u0259fl\u0259rl\u0259 t\u0259mas\u0131 davam etdirdiyini deyir Rusiya t\u0259mas x\u0259ttind\u0259 ba\u015f &#8230; <\/p>\n<p class=\"read-more-container\"><a title=\"Rusiya at\u0259\u015fk\u0259sin pozulmas\u0131na g\u00f6r\u0259 Bak\u0131 v\u0259 Yerevana \u00e7a\u011f\u0131r\u0131\u015f etdi\" class=\"read-more button\" href=\"https:\/\/www.meydan.tv\/az\/article\/rusiya-ateskesin-pozulmasina-gore-baki-ve-yerevana-cagiris-etdi\/#more-274769\" aria-label=\"Read more about Rusiya at\u0259\u015fk\u0259sin pozulmas\u0131na g\u00f6r\u0259 Bak\u0131 v\u0259 Yerevana \u00e7a\u011f\u0131r\u0131\u015f etdi\">Davam\u0131<\/a><\/p>\n","protected":false},"author":8,"featured_media":234856,"comment_status":"closed","ping_status":"closed","sticky":false,"template":"","format":"standard","meta":{"_acf_changed":false,"_sitemap_exclude":false,"_sitemap_priority":"","_sitemap_frequency":"","footnotes":""},"categories":[59,56],"tags":[],"class_list":["post-274769","post","type-post","status-publish","format-standard","has-post-thumbnail","hentry","category-siyaset","category-xeberler","infinite-scroll-item","generate-columns","tablet-grid-50","mobile-grid-100","grid-parent","grid-33","no-featured-image-padding"],"acf":[],"yoast_head":"<!-- This site is optimized with the Yoast SEO plugin v27.4 - https:\/\/yoast.com\/product\/yoast-seo-wordpress\/ -->\n<title>Rusiya at\u0259\u015fk\u0259sin pozulmas\u0131na g\u00f6r\u0259 Bak\u0131 v\u0259 Yerevana \u00e7a\u011f\u0131r\u0131\u015f etdi - MEYDAN.TV<\/title>\n<meta name=\"robots\" content=\"index, follow, max-snippet:-1, max-image-preview:large, max-video-preview:-1\" \/>\n<link rel=\"canonical\" href=\"https:\/\/www.meydan.tv\/az\/article\/rusiya-ateskesin-pozulmasina-gore-baki-ve-yerevana-cagiris-etdi\/\" \/>\n<meta property=\"og:locale\" content=\"az_AZ\" \/>\n<meta property=\"og:type\" content=\"article\" \/>\n<meta property=\"og:title\" content=\"Rusiya at\u0259\u015fk\u0259sin pozulmas\u0131na g\u00f6r\u0259 Bak\u0131 v\u0259 Yerevana \u00e7a\u011f\u0131r\u0131\u015f etdi - MEYDAN.TV\" \/>\n<meta property=\"og:description\" content=\"Kreml t\u0259r\u0259fl\u0259rl\u0259 t\u0259mas\u0131 davam etdirdiyini deyir Rusiya t\u0259mas x\u0259ttind\u0259 ba\u015f ... Davam\u0131\" \/>\n<meta property=\"og:url\" content=\"https:\/\/www.meydan.tv\/az\/article\/rusiya-ateskesin-pozulmasina-gore-baki-ve-yerevana-cagiris-etdi\/\" \/>\n<meta property=\"og:site_name\" content=\"MEYDAN.TV\" \/>\n<meta property=\"article:published_time\" content=\"2023-05-11T12:54:40+00:00\" \/>\n<meta property=\"article:modified_time\" content=\"2023-05-11T12:54:46+00:00\" \/>\n<meta property=\"og:image\" content=\"https:\/\/www.meydan.tv\/wp-content\/uploads\/shutterstock_552887806-e1683809645136.jpg\" \/>\n\t<meta property=\"og:image:width\" content=\"1200\" \/>\n\t<meta property=\"og:image:height\" content=\"522\" \/>\n\t<meta property=\"og:image:type\" content=\"image\/jpeg\" \/>\n<meta name=\"author\" content=\"elli\" \/>\n<meta name=\"twitter:card\" content=\"summary_large_image\" \/>\n<meta name=\"twitter:creator\" content=\"@elli\" \/>\n<script type=\"application\/ld+json\" class=\"yoast-schema-graph\">{\"@context\":\"https:\\\/\\\/schema.org\",\"@graph\":[{\"@type\":\"Article\",\"@id\":\"https:\\\/\\\/www.meydan.tv\\\/az\\\/article\\\/rusiya-ateskesin-pozulmasina-gore-baki-ve-yerevana-cagiris-etdi\\\/#article\",\"isPartOf\":{\"@id\":\"https:\\\/\\\/www.meydan.tv\\\/az\\\/article\\\/rusiya-ateskesin-pozulmasina-gore-baki-ve-yerevana-cagiris-etdi\\\/\"},\"author\":{\"name\":\"elli\",\"@id\":\"https:\\\/\\\/www.meydan.tv\\\/az\\\/#\\\/schema\\\/person\\\/9cdbecf90d17180ce1dfbd95b08dcf47\"},\"headline\":\"Rusiya at\u0259\u015fk\u0259sin pozulmas\u0131na g\u00f6r\u0259 Bak\u0131 v\u0259 Yerevana \u00e7a\u011f\u0131r\u0131\u015f etdi\",\"datePublished\":\"2023-05-11T12:54:40+00:00\",\"dateModified\":\"2023-05-11T12:54:46+00:00\",\"mainEntityOfPage\":{\"@id\":\"https:\\\/\\\/www.meydan.tv\\\/az\\\/article\\\/rusiya-ateskesin-pozulmasina-gore-baki-ve-yerevana-cagiris-etdi\\\/\"},\"wordCount\":306,\"publisher\":{\"@id\":\"https:\\\/\\\/www.meydan.tv\\\/az\\\/#organization\"},\"image\":{\"@id\":\"https:\\\/\\\/www.meydan.tv\\\/az\\\/article\\\/rusiya-ateskesin-pozulmasina-gore-baki-ve-yerevana-cagiris-etdi\\\/#primaryimage\"},\"thumbnailUrl\":\"https:\\\/\\\/www.meydan.tv\\\/wp-content\\\/uploads\\\/shutterstock_552887806-e1683809645136.jpg\",\"articleSection\":[\"Siyas\u0259t\",\"X\u0259b\u0259rl\u0259r\"],\"inLanguage\":\"az\"},{\"@type\":\"WebPage\",\"@id\":\"https:\\\/\\\/www.meydan.tv\\\/az\\\/article\\\/rusiya-ateskesin-pozulmasina-gore-baki-ve-yerevana-cagiris-etdi\\\/\",\"url\":\"https:\\\/\\\/www.meydan.tv\\\/az\\\/article\\\/rusiya-ateskesin-pozulmasina-gore-baki-ve-yerevana-cagiris-etdi\\\/\",\"name\":\"Rusiya at\u0259\u015fk\u0259sin pozulmas\u0131na g\u00f6r\u0259 Bak\u0131 v\u0259 Yerevana \u00e7a\u011f\u0131r\u0131\u015f etdi - MEYDAN.TV\",\"isPartOf\":{\"@id\":\"https:\\\/\\\/www.meydan.tv\\\/az\\\/#website\"},\"primaryImageOfPage\":{\"@id\":\"https:\\\/\\\/www.meydan.tv\\\/az\\\/article\\\/rusiya-ateskesin-pozulmasina-gore-baki-ve-yerevana-cagiris-etdi\\\/#primaryimage\"},\"image\":{\"@id\":\"https:\\\/\\\/www.meydan.tv\\\/az\\\/article\\\/rusiya-ateskesin-pozulmasina-gore-baki-ve-yerevana-cagiris-etdi\\\/#primaryimage\"},\"thumbnailUrl\":\"https:\\\/\\\/www.meydan.tv\\\/wp-content\\\/uploads\\\/shutterstock_552887806-e1683809645136.jpg\",\"datePublished\":\"2023-05-11T12:54:40+00:00\",\"dateModified\":\"2023-05-11T12:54:46+00:00\",\"breadcrumb\":{\"@id\":\"https:\\\/\\\/www.meydan.tv\\\/az\\\/article\\\/rusiya-ateskesin-pozulmasina-gore-baki-ve-yerevana-cagiris-etdi\\\/#breadcrumb\"},\"inLanguage\":\"az\",\"potentialAction\":[{\"@type\":\"ReadAction\",\"target\":[\"https:\\\/\\\/www.meydan.tv\\\/az\\\/article\\\/rusiya-ateskesin-pozulmasina-gore-baki-ve-yerevana-cagiris-etdi\\\/\"]}]},{\"@type\":\"ImageObject\",\"inLanguage\":\"az\",\"@id\":\"https:\\\/\\\/www.meydan.tv\\\/az\\\/article\\\/rusiya-ateskesin-pozulmasina-gore-baki-ve-yerevana-cagiris-etdi\\\/#primaryimage\",\"url\":\"https:\\\/\\\/www.meydan.tv\\\/wp-content\\\/uploads\\\/shutterstock_552887806-e1683809645136.jpg\",\"contentUrl\":\"https:\\\/\\\/www.meydan.tv\\\/wp-content\\\/uploads\\\/shutterstock_552887806-e1683809645136.jpg\",\"width\":1200,\"height\":522,\"caption\":\"Dmitri Peskov, Foto: ID1974\\\/shutterstock\"},{\"@type\":\"BreadcrumbList\",\"@id\":\"https:\\\/\\\/www.meydan.tv\\\/az\\\/article\\\/rusiya-ateskesin-pozulmasina-gore-baki-ve-yerevana-cagiris-etdi\\\/#breadcrumb\",\"itemListElement\":[{\"@type\":\"ListItem\",\"position\":1,\"name\":\"Ana s\u0259hif\u0259\",\"item\":\"https:\\\/\\\/www.meydan.tv\\\/az\\\/\"},{\"@type\":\"ListItem\",\"position\":2,\"name\":\"Siyas\u0259t\",\"item\":\"https:\\\/\\\/www.meydan.tv\\\/az\\\/section\\\/siyaset\\\/\"},{\"@type\":\"ListItem\",\"position\":3,\"name\":\"Rusiya at\u0259\u015fk\u0259sin pozulmas\u0131na g\u00f6r\u0259 Bak\u0131 v\u0259 Yerevana \u00e7a\u011f\u0131r\u0131\u015f etdi\"}]},{\"@type\":\"WebSite\",\"@id\":\"https:\\\/\\\/www.meydan.tv\\\/az\\\/#website\",\"url\":\"https:\\\/\\\/www.meydan.tv\\\/az\\\/\",\"name\":\"MEYDAN.TV\",\"description\":\"Meydan TV Az\u0259rbaycan\u0131n media m\u0259kan\u0131ndak\u0131 alternativ s\u0259sidir\",\"publisher\":{\"@id\":\"https:\\\/\\\/www.meydan.tv\\\/az\\\/#organization\"},\"potentialAction\":[{\"@type\":\"SearchAction\",\"target\":{\"@type\":\"EntryPoint\",\"urlTemplate\":\"https:\\\/\\\/www.meydan.tv\\\/az\\\/?s={search_term_string}\"},\"query-input\":{\"@type\":\"PropertyValueSpecification\",\"valueRequired\":true,\"valueName\":\"search_term_string\"}}],\"inLanguage\":\"az\"},{\"@type\":\"Organization\",\"@id\":\"https:\\\/\\\/www.meydan.tv\\\/az\\\/#organization\",\"name\":\"Meydan TV\",\"url\":\"https:\\\/\\\/www.meydan.tv\\\/az\\\/\",\"logo\":{\"@type\":\"ImageObject\",\"inLanguage\":\"az\",\"@id\":\"https:\\\/\\\/www.meydan.tv\\\/az\\\/#\\\/schema\\\/logo\\\/image\\\/\",\"url\":\"https:\\\/\\\/www.meydan.tv\\\/wp-content\\\/uploads\\\/2021\\\/07\\\/meydan-logo.svg\",\"contentUrl\":\"https:\\\/\\\/www.meydan.tv\\\/wp-content\\\/uploads\\\/2021\\\/07\\\/meydan-logo.svg\",\"width\":195,\"height\":46,\"caption\":\"Meydan TV\"},\"image\":{\"@id\":\"https:\\\/\\\/www.meydan.tv\\\/az\\\/#\\\/schema\\\/logo\\\/image\\\/\"}},{\"@type\":\"Person\",\"@id\":\"https:\\\/\\\/www.meydan.tv\\\/az\\\/#\\\/schema\\\/person\\\/9cdbecf90d17180ce1dfbd95b08dcf47\",\"name\":\"elli\",\"sameAs\":[\"https:\\\/\\\/x.com\\\/elli\"]}]}<\/script>\n<!-- \/ Yoast SEO plugin. -->","yoast_head_json":{"title":"Rusiya at\u0259\u015fk\u0259sin pozulmas\u0131na g\u00f6r\u0259 Bak\u0131 v\u0259 Yerevana \u00e7a\u011f\u0131r\u0131\u015f etdi - MEYDAN.TV","robots":{"index":"index","follow":"follow","max-snippet":"max-snippet:-1","max-image-preview":"max-image-preview:large","max-video-preview":"max-video-preview:-1"},"canonical":"https:\/\/www.meydan.tv\/az\/article\/rusiya-ateskesin-pozulmasina-gore-baki-ve-yerevana-cagiris-etdi\/","og_locale":"az_AZ","og_type":"article","og_title":"Rusiya at\u0259\u015fk\u0259sin pozulmas\u0131na g\u00f6r\u0259 Bak\u0131 v\u0259 Yerevana \u00e7a\u011f\u0131r\u0131\u015f etdi - MEYDAN.TV","og_description":"Kreml t\u0259r\u0259fl\u0259rl\u0259 t\u0259mas\u0131 davam etdirdiyini deyir Rusiya t\u0259mas x\u0259ttind\u0259 ba\u015f ... Davam\u0131","og_url":"https:\/\/www.meydan.tv\/az\/article\/rusiya-ateskesin-pozulmasina-gore-baki-ve-yerevana-cagiris-etdi\/","og_site_name":"MEYDAN.TV","article_published_time":"2023-05-11T12:54:40+00:00","article_modified_time":"2023-05-11T12:54:46+00:00","og_image":[{"width":1200,"height":522,"url":"https:\/\/www.meydan.tv\/wp-content\/uploads\/shutterstock_552887806-e1683809645136.jpg","type":"image\/jpeg"}],"author":"elli","twitter_card":"summary_large_image","twitter_creator":"@elli","schema":{"@context":"https:\/\/schema.org","@graph":[{"@type":"Article","@id":"https:\/\/www.meydan.tv\/az\/article\/rusiya-ateskesin-pozulmasina-gore-baki-ve-yerevana-cagiris-etdi\/#article","isPartOf":{"@id":"https:\/\/www.meydan.tv\/az\/article\/rusiya-ateskesin-pozulmasina-gore-baki-ve-yerevana-cagiris-etdi\/"},"author":{"name":"elli","@id":"https:\/\/www.meydan.tv\/az\/#\/schema\/person\/9cdbecf90d17180ce1dfbd95b08dcf47"},"headline":"Rusiya at\u0259\u015fk\u0259sin pozulmas\u0131na g\u00f6r\u0259 Bak\u0131 v\u0259 Yerevana \u00e7a\u011f\u0131r\u0131\u015f etdi","datePublished":"2023-05-11T12:54:40+00:00","dateModified":"2023-05-11T12:54:46+00:00","mainEntityOfPage":{"@id":"https:\/\/www.meydan.tv\/az\/article\/rusiya-ateskesin-pozulmasina-gore-baki-ve-yerevana-cagiris-etdi\/"},"wordCount":306,"publisher":{"@id":"https:\/\/www.meydan.tv\/az\/#organization"},"image":{"@id":"https:\/\/www.meydan.tv\/az\/article\/rusiya-ateskesin-pozulmasina-gore-baki-ve-yerevana-cagiris-etdi\/#primaryimage"},"thumbnailUrl":"https:\/\/www.meydan.tv\/wp-content\/uploads\/shutterstock_552887806-e1683809645136.jpg","articleSection":["Siyas\u0259t","X\u0259b\u0259rl\u0259r"],"inLanguage":"az"},{"@type":"WebPage","@id":"https:\/\/www.meydan.tv\/az\/article\/rusiya-ateskesin-pozulmasina-gore-baki-ve-yerevana-cagiris-etdi\/","url":"https:\/\/www.meydan.tv\/az\/article\/rusiya-ateskesin-pozulmasina-gore-baki-ve-yerevana-cagiris-etdi\/","name":"Rusiya at\u0259\u015fk\u0259sin pozulmas\u0131na g\u00f6r\u0259 Bak\u0131 v\u0259 Yerevana \u00e7a\u011f\u0131r\u0131\u015f etdi - MEYDAN.TV","isPartOf":{"@id":"https:\/\/www.meydan.tv\/az\/#website"},"primaryImageOfPage":{"@id":"https:\/\/www.meydan.tv\/az\/article\/rusiya-ateskesin-pozulmasina-gore-baki-ve-yerevana-cagiris-etdi\/#primaryimage"},"image":{"@id":"https:\/\/www.meydan.tv\/az\/article\/rusiya-ateskesin-pozulmasina-gore-baki-ve-yerevana-cagiris-etdi\/#primaryimage"},"thumbnailUrl":"https:\/\/www.meydan.tv\/wp-content\/uploads\/shutterstock_552887806-e1683809645136.jpg","datePublished":"2023-05-11T12:54:40+00:00","dateModified":"2023-05-11T12:54:46+00:00","breadcrumb":{"@id":"https:\/\/www.meydan.tv\/az\/article\/rusiya-ateskesin-pozulmasina-gore-baki-ve-yerevana-cagiris-etdi\/#breadcrumb"},"inLanguage":"az","potentialAction":[{"@type":"ReadAction","target":["https:\/\/www.meydan.tv\/az\/article\/rusiya-ateskesin-pozulmasina-gore-baki-ve-yerevana-cagiris-etdi\/"]}]},{"@type":"ImageObject","inLanguage":"az","@id":"https:\/\/www.meydan.tv\/az\/article\/rusiya-ateskesin-pozulmasina-gore-baki-ve-yerevana-cagiris-etdi\/#primaryimage","url":"https:\/\/www.meydan.tv\/wp-content\/uploads\/shutterstock_552887806-e1683809645136.jpg","contentUrl":"https:\/\/www.meydan.tv\/wp-content\/uploads\/shutterstock_552887806-e1683809645136.jpg","width":1200,"height":522,"caption":"Dmitri Peskov, Foto: ID1974\/shutterstock"},{"@type":"BreadcrumbList","@id":"https:\/\/www.meydan.tv\/az\/article\/rusiya-ateskesin-pozulmasina-gore-baki-ve-yerevana-cagiris-etdi\/#breadcrumb","itemListElement":[{"@type":"ListItem","position":1,"name":"Ana s\u0259hif\u0259","item":"https:\/\/www.meydan.tv\/az\/"},{"@type":"ListItem","position":2,"name":"Siyas\u0259t","item":"https:\/\/www.meydan.tv\/az\/section\/siyaset\/"},{"@type":"ListItem","position":3,"name":"Rusiya at\u0259\u015fk\u0259sin pozulmas\u0131na g\u00f6r\u0259 Bak\u0131 v\u0259 Yerevana \u00e7a\u011f\u0131r\u0131\u015f etdi"}]},{"@type":"WebSite","@id":"https:\/\/www.meydan.tv\/az\/#website","url":"https:\/\/www.meydan.tv\/az\/","name":"MEYDAN.TV","description":"Meydan TV Az\u0259rbaycan\u0131n media m\u0259kan\u0131ndak\u0131 alternativ s\u0259sidir","publisher":{"@id":"https:\/\/www.meydan.tv\/az\/#organization"},"potentialAction":[{"@type":"SearchAction","target":{"@type":"EntryPoint","urlTemplate":"https:\/\/www.meydan.tv\/az\/?s={search_term_string}"},"query-input":{"@type":"PropertyValueSpecification","valueRequired":true,"valueName":"search_term_string"}}],"inLanguage":"az"},{"@type":"Organization","@id":"https:\/\/www.meydan.tv\/az\/#organization","name":"Meydan TV","url":"https:\/\/www.meydan.tv\/az\/","logo":{"@type":"ImageObject","inLanguage":"az","@id":"https:\/\/www.meydan.tv\/az\/#\/schema\/logo\/image\/","url":"https:\/\/www.meydan.tv\/wp-content\/uploads\/2021\/07\/meydan-logo.svg","contentUrl":"https:\/\/www.meydan.tv\/wp-content\/uploads\/2021\/07\/meydan-logo.svg","width":195,"height":46,"caption":"Meydan TV"},"image":{"@id":"https:\/\/www.meydan.tv\/az\/#\/schema\/logo\/image\/"}},{"@type":"Person","@id":"https:\/\/www.meydan.tv\/az\/#\/schema\/person\/9cdbecf90d17180ce1dfbd95b08dcf47","name":"elli","sameAs":["https:\/\/x.com\/elli"]}]}},"_links":{"self":[{"href":"https:\/\/www.meydan.tv\/az\/wp-json\/wp\/v2\/posts\/274769","targetHints":{"allow":["GET"]}}],"collection":[{"href":"https:\/\/www.meydan.tv\/az\/wp-json\/wp\/v2\/posts"}],"about":[{"href":"https:\/\/www.meydan.tv\/az\/wp-json\/wp\/v2\/types\/post"}],"author":[{"embeddable":true,"href":"https:\/\/www.meydan.tv\/az\/wp-json\/wp\/v2\/users\/8"}],"replies":[{"embeddable":true,"href":"https:\/\/www.meydan.tv\/az\/wp-json\/wp\/v2\/comments?post=274769"}],"version-history":[{"count":2,"href":"https:\/\/www.meydan.tv\/az\/wp-json\/wp\/v2\/posts\/274769\/revisions"}],"predecessor-version":[{"id":274771,"href":"https:\/\/www.meydan.tv\/az\/wp-json\/wp\/v2\/posts\/274769\/revisions\/274771"}],"wp:featuredmedia":[{"embeddable":true,"href":"https:\/\/www.meydan.tv\/az\/wp-json\/wp\/v2\/media\/234856"}],"wp:attachment":[{"href":"https:\/\/www.meydan.tv\/az\/wp-json\/wp\/v2\/media?parent=274769"}],"wp:term":[{"taxonomy":"category","embeddable":true,"href":"https:\/\/www.meydan.tv\/az\/wp-json\/wp\/v2\/categories?post=274769"},{"taxonomy":"post_tag","embeddable":true,"href":"https:\/\/www.meydan.tv\/az\/wp-json\/wp\/v2\/tags?post=274769"}],"curies":[{"name":"wp","href":"https:\/\/api.w.org\/{rel}","templated":true}]}}