{"id":274766,"date":"2023-05-11T16:42:07","date_gmt":"2023-05-11T12:42:07","guid":{"rendered":"https:\/\/www.meydan.tv\/?p=274766"},"modified":"2023-05-11T16:49:22","modified_gmt":"2023-05-11T12:49:22","slug":"baki-brussel-gorusunu-tesdiqledi-kisinyovla-bagli-qerar-vermeyib","status":"publish","type":"post","link":"https:\/\/www.meydan.tv\/az\/article\/baki-brussel-gorusunu-tesdiqledi-kisinyovla-bagli-qerar-vermeyib\/","title":{"rendered":"Bak\u0131 Br\u00fcssel g\u00f6r\u00fc\u015f\u00fcn\u00fc t\u0259sdiql\u0259di, Ki\u015finyovla ba\u011fl\u0131 q\u0259rar verm\u0259yib"},"content":{"rendered":"\n<p><\/p>\n\n\n\n<p><strong><em>X\u0130N t\u0259mas x\u0259ttind\u0259 ba\u015f ver\u0259nl\u0259r\u0259 g\u00f6r\u0259 Yerevan\u0131 q\u0131nay\u0131r<\/em><\/strong><\/p>\n\n\n\n<p>Az\u0259rbaycan Xarici \u0130\u015fl\u0259r Nazirliyi may\u0131n 14-d\u0259 Br\u00fcsseld\u0259 Avropa \u0130ttifaq\u0131 \u015euras\u0131n\u0131n r\u0259hb\u0259ri \u015earl Mi\u015felin i\u015ftirak\u0131 il\u0259 Az\u0259rbaycan v\u0259 Erm\u0259nistan liderl\u0259rinin g\u00f6r\u00fc\u015f\u00fc bar\u0259d\u0259 m\u0259lumat\u0131 t\u0259sdiql\u0259yib.<\/p>\n\n\n\n<p>Ancaq r\u0259smi Bak\u0131 iyunun 1-d\u0259 Ki\u015finyovda Fransa v\u0259 Almaniya liderl\u0259rinin i\u015ftirak\u0131 il\u0259 ke\u00e7iril\u0259c\u0259k g\u00f6r\u00fc\u015f\u0259 h\u0259l\u0259 yekun raz\u0131l\u0131q verm\u0259yib.<\/p>\n\n\n\n<p>Bu bar\u0259d\u0259 may\u0131n 11-d\u0259 Az\u0259rbaycan Xarici \u0130\u015fl\u0259r Nazirliyinin M\u0259tbuat \u0130dar\u0259sinin r\u0259hb\u0259ri Ayxan Hac\u0131zad\u0259 bildirib.<\/p>\n\n\n\n<p>A.Hac\u0131zad\u0259 xat\u0131rlad\u0131b ki, 2022-ci ild\u0259 Br\u00fcsseld\u0259 \u015earl Mi\u015felin vasit\u0259\u00e7iliyil\u0259 Az\u0259rbaycan Prezidenti \u0130lham \u018fliyevl\u0259 Erm\u0259nistan\u0131n Ba\u015f naziri Nikol Pa\u015finyan bir ne\u00e7\u0259 d\u0259f\u0259 g\u00f6r\u00fc\u015f\u00fcb:<\/p>\n\n\n\n<p>&#8220;<em>\u00d6t\u0259n ilin dekabr\u0131nda m\u0259hz erm\u0259ni t\u0259r\u0259fi Br\u00fcsseld\u0259 eyni formatda g\u00f6r\u00fc\u015fd\u0259 i\u015ftirakdan imtina edib. Ki\u015finyovda Avropa siyasi birliyinin n\u00f6vb\u0259ti iclas\u0131 \u00e7\u0259r\u00e7iv\u0259sind\u0259 Fransan\u0131n v\u0259 Almaniyan\u0131n liderl\u0259rinin i\u015ftirak\u0131 il\u0259 Az\u0259rbaycan v\u0259 Erm\u0259nistan d\u00f6vl\u0259t ba\u015f\u00e7\u0131lar\u0131 aras\u0131nda g\u00f6r\u00fc\u015f t\u0259klif olunub. Az\u0259rbaycan bildirib ki, Ki\u015finyovda qeyri-formal g\u00f6r\u00fc\u015fd\u0259 i\u015ftirak Br\u00fcssel format\u0131n\u0131n saxlan\u0131lmas\u0131 \u015f\u0259rtil\u0259 m\u00fcmk\u00fcnd\u00fcr. Ona g\u00f6r\u0259 d\u0259 Ki\u015finyov g\u00f6r\u00fc\u015f\u00fcn\u0259 h\u0259l\u0259lik yekun&nbsp; raz\u0131l\u0131q verilm\u0259yib, \u00e7\u00fcnki bu g\u00f6r\u00fc\u015f\u00fcn format\u0131 \u0259trafl\u0131 <a href=\"https:\/\/www.mfa.gov.az\/az\/news\/no25523\" target=\"_blank\" rel=\"noreferrer noopener\">a\u00e7\u0131qlanmay\u0131b&#8221;<\/a>.<\/em><\/p>\n\n\n\n<p>Erm\u0259nistan\u0131n Ba\u015f naziri Nikol Pa\u015finyan bu g\u00fcn bildirib ki, may\u0131n 14-d\u0259 Br\u00fcsseld\u0259 Az\u0259rbaycanla s\u00fclh m\u00fcqavil\u0259sinin imzalanaca\u011f\u0131na az ehtimal var.<\/p>\n\n\n\n<p>Amma bununla bel\u0259 Ba\u015f nazir Br\u00fcssel\u0259 getm\u0259k q\u0259rar\u0131n\u0131n d\u0259yi\u015fm\u0259diyini d\u0259 \u0259lav\u0259 <a href=\"https:\/\/storage.googleapis.com\/qurium\/www.meydan.tv\/az-article-pasinyan-brusselde-sulh-muqavilesinin-imzalanacagina-inanmir.html\" target=\"_blank\" rel=\"noreferrer noopener\">edib<\/a>.<\/p>\n\n\n\n<p>Bu g\u00fcn Erm\u0259nistan v\u0259 Az\u0259rbaycan s\u0259rh\u0259dind\u0259 at\u0259\u015fk\u0259sin pozulmas\u0131 n\u0259tic\u0259sind\u0259 t\u0259r\u0259fl\u0259r itkiy\u0259 m\u0259ruz qal\u0131b.<\/p>\n\n\n\n<p>Bildirilir ki, Az\u0259rbaycan\u0131n bir \u0259sg\u0259ri h\u0259lak olub, biri yaralan\u0131b, Erm\u0259nistan t\u0259r\u0259fd\u0259n is\u0259 3 \u0259sg\u0259r yaralan\u0131b.<\/p>\n\n\n\n<p>Az\u0259rbaycan Xarici \u0130\u015fl\u0259r Nazirliyi may\u0131n 11-d\u0259 yayd\u0131\u011f\u0131 a\u00e7\u0131qlamada g\u0259rginliyin s\u00fclh sazi\u015fi \u00fczr\u0259 dan\u0131\u015f\u0131qlar\u0131n intensivl\u0259\u015fdiyi bir d\u00f6vrd\u0259 ba\u015f verdiyini vur\u011fuay\u0131b.<\/p>\n\n\n\n<p>X\u0130N bildirib ki, liderl\u0259r aras\u0131nda g\u00f6zl\u0259nil\u0259n dan\u0131\u015f\u0131qlar fonunda Erm\u0259nistan\u0131n bu add\u0131m\u0131 Yerevan\u0131n s\u00fclh prosesind\u0259 maraql\u0131 olmad\u0131\u011f\u0131ndan x\u0259b\u0259r verir:<\/p>\n\n\n\n<p>\u201c<em>Erm\u0259nistan\u0131n dan\u0131\u015f\u0131qlar prosesin\u0259 x\u0259l\u0259l g\u0259tir\u0259n bu kimi \u0259m\u0259ll\u0259ri ciddi formada beyn\u0259lxalq ictimaiyy\u0259t t\u0259r\u0259find\u0259n r\u0259dd edilm\u0259li v\u0259 q\u0131nan\u0131lmal\u0131d\u0131r\u201d.<\/em><\/p>\n","protected":false},"excerpt":{"rendered":"<p>X\u0130N t\u0259mas x\u0259ttind\u0259 ba\u015f ver\u0259nl\u0259r\u0259 g\u00f6r\u0259 Yerevan\u0131 q\u0131nay\u0131r Az\u0259rbaycan Xarici &#8230; <\/p>\n<p class=\"read-more-container\"><a title=\"Bak\u0131 Br\u00fcssel g\u00f6r\u00fc\u015f\u00fcn\u00fc t\u0259sdiql\u0259di, Ki\u015finyovla ba\u011fl\u0131 q\u0259rar verm\u0259yib\" class=\"read-more button\" href=\"https:\/\/www.meydan.tv\/az\/article\/baki-brussel-gorusunu-tesdiqledi-kisinyovla-bagli-qerar-vermeyib\/#more-274766\" aria-label=\"Read more about Bak\u0131 Br\u00fcssel g\u00f6r\u00fc\u015f\u00fcn\u00fc t\u0259sdiql\u0259di, Ki\u015finyovla ba\u011fl\u0131 q\u0259rar verm\u0259yib\">Davam\u0131<\/a><\/p>\n","protected":false},"author":8,"featured_media":128601,"comment_status":"closed","ping_status":"closed","sticky":false,"template":"","format":"standard","meta":{"_acf_changed":false,"_sitemap_exclude":false,"_sitemap_priority":"","_sitemap_frequency":"","footnotes":""},"categories":[59,79,56],"tags":[],"class_list":["post-274766","post","type-post","status-publish","format-standard","has-post-thumbnail","hentry","category-siyaset","category-featured","category-xeberler","infinite-scroll-item","generate-columns","tablet-grid-50","mobile-grid-100","grid-parent","grid-33","no-featured-image-padding"],"acf":[],"yoast_head":"<!-- This site is optimized with the Yoast SEO plugin v27.4 - https:\/\/yoast.com\/product\/yoast-seo-wordpress\/ -->\n<title>Bak\u0131 Br\u00fcssel g\u00f6r\u00fc\u015f\u00fcn\u00fc t\u0259sdiql\u0259di, Ki\u015finyovla ba\u011fl\u0131 q\u0259rar verm\u0259yib - MEYDAN.TV<\/title>\n<meta name=\"robots\" content=\"index, follow, max-snippet:-1, max-image-preview:large, max-video-preview:-1\" \/>\n<link rel=\"canonical\" href=\"https:\/\/www.meydan.tv\/az\/article\/baki-brussel-gorusunu-tesdiqledi-kisinyovla-bagli-qerar-vermeyib\/\" \/>\n<meta property=\"og:locale\" content=\"az_AZ\" \/>\n<meta property=\"og:type\" content=\"article\" \/>\n<meta property=\"og:title\" content=\"Bak\u0131 Br\u00fcssel g\u00f6r\u00fc\u015f\u00fcn\u00fc t\u0259sdiql\u0259di, Ki\u015finyovla ba\u011fl\u0131 q\u0259rar verm\u0259yib - MEYDAN.TV\" \/>\n<meta property=\"og:description\" content=\"X\u0130N t\u0259mas x\u0259ttind\u0259 ba\u015f ver\u0259nl\u0259r\u0259 g\u00f6r\u0259 Yerevan\u0131 q\u0131nay\u0131r Az\u0259rbaycan Xarici ... Davam\u0131\" \/>\n<meta property=\"og:url\" content=\"https:\/\/www.meydan.tv\/az\/article\/baki-brussel-gorusunu-tesdiqledi-kisinyovla-bagli-qerar-vermeyib\/\" \/>\n<meta property=\"og:site_name\" content=\"MEYDAN.TV\" \/>\n<meta property=\"article:published_time\" content=\"2023-05-11T12:42:07+00:00\" \/>\n<meta property=\"article:modified_time\" content=\"2023-05-11T12:49:22+00:00\" \/>\n<meta property=\"og:image\" content=\"https:\/\/www.meydan.tv\/wp-content\/uploads\/xin.jpg\" \/>\n\t<meta property=\"og:image:width\" content=\"1000\" \/>\n\t<meta property=\"og:image:height\" content=\"541\" \/>\n\t<meta property=\"og:image:type\" content=\"image\/jpeg\" \/>\n<meta name=\"author\" content=\"elli\" \/>\n<meta name=\"twitter:card\" content=\"summary_large_image\" \/>\n<meta name=\"twitter:creator\" content=\"@elli\" \/>\n<script type=\"application\/ld+json\" class=\"yoast-schema-graph\">{\"@context\":\"https:\\\/\\\/schema.org\",\"@graph\":[{\"@type\":\"Article\",\"@id\":\"https:\\\/\\\/www.meydan.tv\\\/az\\\/article\\\/baki-brussel-gorusunu-tesdiqledi-kisinyovla-bagli-qerar-vermeyib\\\/#article\",\"isPartOf\":{\"@id\":\"https:\\\/\\\/www.meydan.tv\\\/az\\\/article\\\/baki-brussel-gorusunu-tesdiqledi-kisinyovla-bagli-qerar-vermeyib\\\/\"},\"author\":{\"name\":\"elli\",\"@id\":\"https:\\\/\\\/www.meydan.tv\\\/az\\\/#\\\/schema\\\/person\\\/9cdbecf90d17180ce1dfbd95b08dcf47\"},\"headline\":\"Bak\u0131 Br\u00fcssel g\u00f6r\u00fc\u015f\u00fcn\u00fc t\u0259sdiql\u0259di, Ki\u015finyovla ba\u011fl\u0131 q\u0259rar verm\u0259yib\",\"datePublished\":\"2023-05-11T12:42:07+00:00\",\"dateModified\":\"2023-05-11T12:49:22+00:00\",\"mainEntityOfPage\":{\"@id\":\"https:\\\/\\\/www.meydan.tv\\\/az\\\/article\\\/baki-brussel-gorusunu-tesdiqledi-kisinyovla-bagli-qerar-vermeyib\\\/\"},\"wordCount\":482,\"publisher\":{\"@id\":\"https:\\\/\\\/www.meydan.tv\\\/az\\\/#organization\"},\"image\":{\"@id\":\"https:\\\/\\\/www.meydan.tv\\\/az\\\/article\\\/baki-brussel-gorusunu-tesdiqledi-kisinyovla-bagli-qerar-vermeyib\\\/#primaryimage\"},\"thumbnailUrl\":\"https:\\\/\\\/www.meydan.tv\\\/wp-content\\\/uploads\\\/xin.jpg\",\"articleSection\":[\"Siyas\u0259t\",\"T\u00f6vsiy\u0259\",\"X\u0259b\u0259rl\u0259r\"],\"inLanguage\":\"az\"},{\"@type\":\"WebPage\",\"@id\":\"https:\\\/\\\/www.meydan.tv\\\/az\\\/article\\\/baki-brussel-gorusunu-tesdiqledi-kisinyovla-bagli-qerar-vermeyib\\\/\",\"url\":\"https:\\\/\\\/www.meydan.tv\\\/az\\\/article\\\/baki-brussel-gorusunu-tesdiqledi-kisinyovla-bagli-qerar-vermeyib\\\/\",\"name\":\"Bak\u0131 Br\u00fcssel g\u00f6r\u00fc\u015f\u00fcn\u00fc t\u0259sdiql\u0259di, Ki\u015finyovla ba\u011fl\u0131 q\u0259rar verm\u0259yib - MEYDAN.TV\",\"isPartOf\":{\"@id\":\"https:\\\/\\\/www.meydan.tv\\\/az\\\/#website\"},\"primaryImageOfPage\":{\"@id\":\"https:\\\/\\\/www.meydan.tv\\\/az\\\/article\\\/baki-brussel-gorusunu-tesdiqledi-kisinyovla-bagli-qerar-vermeyib\\\/#primaryimage\"},\"image\":{\"@id\":\"https:\\\/\\\/www.meydan.tv\\\/az\\\/article\\\/baki-brussel-gorusunu-tesdiqledi-kisinyovla-bagli-qerar-vermeyib\\\/#primaryimage\"},\"thumbnailUrl\":\"https:\\\/\\\/www.meydan.tv\\\/wp-content\\\/uploads\\\/xin.jpg\",\"datePublished\":\"2023-05-11T12:42:07+00:00\",\"dateModified\":\"2023-05-11T12:49:22+00:00\",\"breadcrumb\":{\"@id\":\"https:\\\/\\\/www.meydan.tv\\\/az\\\/article\\\/baki-brussel-gorusunu-tesdiqledi-kisinyovla-bagli-qerar-vermeyib\\\/#breadcrumb\"},\"inLanguage\":\"az\",\"potentialAction\":[{\"@type\":\"ReadAction\",\"target\":[\"https:\\\/\\\/www.meydan.tv\\\/az\\\/article\\\/baki-brussel-gorusunu-tesdiqledi-kisinyovla-bagli-qerar-vermeyib\\\/\"]}]},{\"@type\":\"ImageObject\",\"inLanguage\":\"az\",\"@id\":\"https:\\\/\\\/www.meydan.tv\\\/az\\\/article\\\/baki-brussel-gorusunu-tesdiqledi-kisinyovla-bagli-qerar-vermeyib\\\/#primaryimage\",\"url\":\"https:\\\/\\\/www.meydan.tv\\\/wp-content\\\/uploads\\\/xin.jpg\",\"contentUrl\":\"https:\\\/\\\/www.meydan.tv\\\/wp-content\\\/uploads\\\/xin.jpg\",\"width\":1000,\"height\":541,\"caption\":\"X\u0130N. Foto: Meydan TV\"},{\"@type\":\"BreadcrumbList\",\"@id\":\"https:\\\/\\\/www.meydan.tv\\\/az\\\/article\\\/baki-brussel-gorusunu-tesdiqledi-kisinyovla-bagli-qerar-vermeyib\\\/#breadcrumb\",\"itemListElement\":[{\"@type\":\"ListItem\",\"position\":1,\"name\":\"Ana s\u0259hif\u0259\",\"item\":\"https:\\\/\\\/www.meydan.tv\\\/az\\\/\"},{\"@type\":\"ListItem\",\"position\":2,\"name\":\"Siyas\u0259t\",\"item\":\"https:\\\/\\\/www.meydan.tv\\\/az\\\/section\\\/siyaset\\\/\"},{\"@type\":\"ListItem\",\"position\":3,\"name\":\"Bak\u0131 Br\u00fcssel g\u00f6r\u00fc\u015f\u00fcn\u00fc t\u0259sdiql\u0259di, Ki\u015finyovla ba\u011fl\u0131 q\u0259rar verm\u0259yib\"}]},{\"@type\":\"WebSite\",\"@id\":\"https:\\\/\\\/www.meydan.tv\\\/az\\\/#website\",\"url\":\"https:\\\/\\\/www.meydan.tv\\\/az\\\/\",\"name\":\"MEYDAN.TV\",\"description\":\"Meydan TV Az\u0259rbaycan\u0131n media m\u0259kan\u0131ndak\u0131 alternativ s\u0259sidir\",\"publisher\":{\"@id\":\"https:\\\/\\\/www.meydan.tv\\\/az\\\/#organization\"},\"potentialAction\":[{\"@type\":\"SearchAction\",\"target\":{\"@type\":\"EntryPoint\",\"urlTemplate\":\"https:\\\/\\\/www.meydan.tv\\\/az\\\/?s={search_term_string}\"},\"query-input\":{\"@type\":\"PropertyValueSpecification\",\"valueRequired\":true,\"valueName\":\"search_term_string\"}}],\"inLanguage\":\"az\"},{\"@type\":\"Organization\",\"@id\":\"https:\\\/\\\/www.meydan.tv\\\/az\\\/#organization\",\"name\":\"Meydan TV\",\"url\":\"https:\\\/\\\/www.meydan.tv\\\/az\\\/\",\"logo\":{\"@type\":\"ImageObject\",\"inLanguage\":\"az\",\"@id\":\"https:\\\/\\\/www.meydan.tv\\\/az\\\/#\\\/schema\\\/logo\\\/image\\\/\",\"url\":\"https:\\\/\\\/www.meydan.tv\\\/wp-content\\\/uploads\\\/2021\\\/07\\\/meydan-logo.svg\",\"contentUrl\":\"https:\\\/\\\/www.meydan.tv\\\/wp-content\\\/uploads\\\/2021\\\/07\\\/meydan-logo.svg\",\"width\":195,\"height\":46,\"caption\":\"Meydan TV\"},\"image\":{\"@id\":\"https:\\\/\\\/www.meydan.tv\\\/az\\\/#\\\/schema\\\/logo\\\/image\\\/\"}},{\"@type\":\"Person\",\"@id\":\"https:\\\/\\\/www.meydan.tv\\\/az\\\/#\\\/schema\\\/person\\\/9cdbecf90d17180ce1dfbd95b08dcf47\",\"name\":\"elli\",\"sameAs\":[\"https:\\\/\\\/x.com\\\/elli\"]}]}<\/script>\n<!-- \/ Yoast SEO plugin. -->","yoast_head_json":{"title":"Bak\u0131 Br\u00fcssel g\u00f6r\u00fc\u015f\u00fcn\u00fc t\u0259sdiql\u0259di, Ki\u015finyovla ba\u011fl\u0131 q\u0259rar verm\u0259yib - MEYDAN.TV","robots":{"index":"index","follow":"follow","max-snippet":"max-snippet:-1","max-image-preview":"max-image-preview:large","max-video-preview":"max-video-preview:-1"},"canonical":"https:\/\/www.meydan.tv\/az\/article\/baki-brussel-gorusunu-tesdiqledi-kisinyovla-bagli-qerar-vermeyib\/","og_locale":"az_AZ","og_type":"article","og_title":"Bak\u0131 Br\u00fcssel g\u00f6r\u00fc\u015f\u00fcn\u00fc t\u0259sdiql\u0259di, Ki\u015finyovla ba\u011fl\u0131 q\u0259rar verm\u0259yib - MEYDAN.TV","og_description":"X\u0130N t\u0259mas x\u0259ttind\u0259 ba\u015f ver\u0259nl\u0259r\u0259 g\u00f6r\u0259 Yerevan\u0131 q\u0131nay\u0131r Az\u0259rbaycan Xarici ... Davam\u0131","og_url":"https:\/\/www.meydan.tv\/az\/article\/baki-brussel-gorusunu-tesdiqledi-kisinyovla-bagli-qerar-vermeyib\/","og_site_name":"MEYDAN.TV","article_published_time":"2023-05-11T12:42:07+00:00","article_modified_time":"2023-05-11T12:49:22+00:00","og_image":[{"width":1000,"height":541,"url":"https:\/\/www.meydan.tv\/wp-content\/uploads\/xin.jpg","type":"image\/jpeg"}],"author":"elli","twitter_card":"summary_large_image","twitter_creator":"@elli","schema":{"@context":"https:\/\/schema.org","@graph":[{"@type":"Article","@id":"https:\/\/www.meydan.tv\/az\/article\/baki-brussel-gorusunu-tesdiqledi-kisinyovla-bagli-qerar-vermeyib\/#article","isPartOf":{"@id":"https:\/\/www.meydan.tv\/az\/article\/baki-brussel-gorusunu-tesdiqledi-kisinyovla-bagli-qerar-vermeyib\/"},"author":{"name":"elli","@id":"https:\/\/www.meydan.tv\/az\/#\/schema\/person\/9cdbecf90d17180ce1dfbd95b08dcf47"},"headline":"Bak\u0131 Br\u00fcssel g\u00f6r\u00fc\u015f\u00fcn\u00fc t\u0259sdiql\u0259di, Ki\u015finyovla ba\u011fl\u0131 q\u0259rar verm\u0259yib","datePublished":"2023-05-11T12:42:07+00:00","dateModified":"2023-05-11T12:49:22+00:00","mainEntityOfPage":{"@id":"https:\/\/www.meydan.tv\/az\/article\/baki-brussel-gorusunu-tesdiqledi-kisinyovla-bagli-qerar-vermeyib\/"},"wordCount":482,"publisher":{"@id":"https:\/\/www.meydan.tv\/az\/#organization"},"image":{"@id":"https:\/\/www.meydan.tv\/az\/article\/baki-brussel-gorusunu-tesdiqledi-kisinyovla-bagli-qerar-vermeyib\/#primaryimage"},"thumbnailUrl":"https:\/\/www.meydan.tv\/wp-content\/uploads\/xin.jpg","articleSection":["Siyas\u0259t","T\u00f6vsiy\u0259","X\u0259b\u0259rl\u0259r"],"inLanguage":"az"},{"@type":"WebPage","@id":"https:\/\/www.meydan.tv\/az\/article\/baki-brussel-gorusunu-tesdiqledi-kisinyovla-bagli-qerar-vermeyib\/","url":"https:\/\/www.meydan.tv\/az\/article\/baki-brussel-gorusunu-tesdiqledi-kisinyovla-bagli-qerar-vermeyib\/","name":"Bak\u0131 Br\u00fcssel g\u00f6r\u00fc\u015f\u00fcn\u00fc t\u0259sdiql\u0259di, Ki\u015finyovla ba\u011fl\u0131 q\u0259rar verm\u0259yib - MEYDAN.TV","isPartOf":{"@id":"https:\/\/www.meydan.tv\/az\/#website"},"primaryImageOfPage":{"@id":"https:\/\/www.meydan.tv\/az\/article\/baki-brussel-gorusunu-tesdiqledi-kisinyovla-bagli-qerar-vermeyib\/#primaryimage"},"image":{"@id":"https:\/\/www.meydan.tv\/az\/article\/baki-brussel-gorusunu-tesdiqledi-kisinyovla-bagli-qerar-vermeyib\/#primaryimage"},"thumbnailUrl":"https:\/\/www.meydan.tv\/wp-content\/uploads\/xin.jpg","datePublished":"2023-05-11T12:42:07+00:00","dateModified":"2023-05-11T12:49:22+00:00","breadcrumb":{"@id":"https:\/\/www.meydan.tv\/az\/article\/baki-brussel-gorusunu-tesdiqledi-kisinyovla-bagli-qerar-vermeyib\/#breadcrumb"},"inLanguage":"az","potentialAction":[{"@type":"ReadAction","target":["https:\/\/www.meydan.tv\/az\/article\/baki-brussel-gorusunu-tesdiqledi-kisinyovla-bagli-qerar-vermeyib\/"]}]},{"@type":"ImageObject","inLanguage":"az","@id":"https:\/\/www.meydan.tv\/az\/article\/baki-brussel-gorusunu-tesdiqledi-kisinyovla-bagli-qerar-vermeyib\/#primaryimage","url":"https:\/\/www.meydan.tv\/wp-content\/uploads\/xin.jpg","contentUrl":"https:\/\/www.meydan.tv\/wp-content\/uploads\/xin.jpg","width":1000,"height":541,"caption":"X\u0130N. Foto: Meydan TV"},{"@type":"BreadcrumbList","@id":"https:\/\/www.meydan.tv\/az\/article\/baki-brussel-gorusunu-tesdiqledi-kisinyovla-bagli-qerar-vermeyib\/#breadcrumb","itemListElement":[{"@type":"ListItem","position":1,"name":"Ana s\u0259hif\u0259","item":"https:\/\/www.meydan.tv\/az\/"},{"@type":"ListItem","position":2,"name":"Siyas\u0259t","item":"https:\/\/www.meydan.tv\/az\/section\/siyaset\/"},{"@type":"ListItem","position":3,"name":"Bak\u0131 Br\u00fcssel g\u00f6r\u00fc\u015f\u00fcn\u00fc t\u0259sdiql\u0259di, Ki\u015finyovla ba\u011fl\u0131 q\u0259rar verm\u0259yib"}]},{"@type":"WebSite","@id":"https:\/\/www.meydan.tv\/az\/#website","url":"https:\/\/www.meydan.tv\/az\/","name":"MEYDAN.TV","description":"Meydan TV Az\u0259rbaycan\u0131n media m\u0259kan\u0131ndak\u0131 alternativ s\u0259sidir","publisher":{"@id":"https:\/\/www.meydan.tv\/az\/#organization"},"potentialAction":[{"@type":"SearchAction","target":{"@type":"EntryPoint","urlTemplate":"https:\/\/www.meydan.tv\/az\/?s={search_term_string}"},"query-input":{"@type":"PropertyValueSpecification","valueRequired":true,"valueName":"search_term_string"}}],"inLanguage":"az"},{"@type":"Organization","@id":"https:\/\/www.meydan.tv\/az\/#organization","name":"Meydan TV","url":"https:\/\/www.meydan.tv\/az\/","logo":{"@type":"ImageObject","inLanguage":"az","@id":"https:\/\/www.meydan.tv\/az\/#\/schema\/logo\/image\/","url":"https:\/\/www.meydan.tv\/wp-content\/uploads\/2021\/07\/meydan-logo.svg","contentUrl":"https:\/\/www.meydan.tv\/wp-content\/uploads\/2021\/07\/meydan-logo.svg","width":195,"height":46,"caption":"Meydan TV"},"image":{"@id":"https:\/\/www.meydan.tv\/az\/#\/schema\/logo\/image\/"}},{"@type":"Person","@id":"https:\/\/www.meydan.tv\/az\/#\/schema\/person\/9cdbecf90d17180ce1dfbd95b08dcf47","name":"elli","sameAs":["https:\/\/x.com\/elli"]}]}},"_links":{"self":[{"href":"https:\/\/www.meydan.tv\/az\/wp-json\/wp\/v2\/posts\/274766","targetHints":{"allow":["GET"]}}],"collection":[{"href":"https:\/\/www.meydan.tv\/az\/wp-json\/wp\/v2\/posts"}],"about":[{"href":"https:\/\/www.meydan.tv\/az\/wp-json\/wp\/v2\/types\/post"}],"author":[{"embeddable":true,"href":"https:\/\/www.meydan.tv\/az\/wp-json\/wp\/v2\/users\/8"}],"replies":[{"embeddable":true,"href":"https:\/\/www.meydan.tv\/az\/wp-json\/wp\/v2\/comments?post=274766"}],"version-history":[{"count":2,"href":"https:\/\/www.meydan.tv\/az\/wp-json\/wp\/v2\/posts\/274766\/revisions"}],"predecessor-version":[{"id":274768,"href":"https:\/\/www.meydan.tv\/az\/wp-json\/wp\/v2\/posts\/274766\/revisions\/274768"}],"wp:featuredmedia":[{"embeddable":true,"href":"https:\/\/www.meydan.tv\/az\/wp-json\/wp\/v2\/media\/128601"}],"wp:attachment":[{"href":"https:\/\/www.meydan.tv\/az\/wp-json\/wp\/v2\/media?parent=274766"}],"wp:term":[{"taxonomy":"category","embeddable":true,"href":"https:\/\/www.meydan.tv\/az\/wp-json\/wp\/v2\/categories?post=274766"},{"taxonomy":"post_tag","embeddable":true,"href":"https:\/\/www.meydan.tv\/az\/wp-json\/wp\/v2\/tags?post=274766"}],"curies":[{"name":"wp","href":"https:\/\/api.w.org\/{rel}","templated":true}]}}