{"id":274730,"date":"2023-05-11T13:50:31","date_gmt":"2023-05-11T09:50:31","guid":{"rendered":"https:\/\/www.meydan.tv\/?p=274730"},"modified":"2023-05-11T13:50:36","modified_gmt":"2023-05-11T09:50:36","slug":"qisda-palciqdan-yayda-tozdan-kecilmez-olan-fuzuli-kucesi","status":"publish","type":"post","link":"https:\/\/www.meydan.tv\/az\/article\/qisda-palciqdan-yayda-tozdan-kecilmez-olan-fuzuli-kucesi\/","title":{"rendered":"Q\u0131\u015fda pal\u00e7\u0131qdan, yayda tozdan ke\u00e7ilm\u0259z olan F\u00fczuli k\u00fc\u00e7\u0259si"},"content":{"rendered":"\n<p><\/p>\n\n\n\n<p><strong><em>\u015eabranl\u0131lar\u0131n yol problemini h\u0259ll ed\u0259n yoxdur<\/em><\/strong><\/p>\n\n\n\n<p>Sa\u011f\u0131, solu evl\u0259rl\u0259 \u0259hat\u0259l\u0259nmi\u015f, yolu \u00e7ala-\u00e7uxur dolu yer \u015eabran\u0131n m\u0259rk\u0259zd\u0259n \u00e7ox da uzaq olmayan F\u00fczuli k\u00fc\u00e7\u0259sidir.<\/p>\n\n\n\n<p>Bura \u015eabran\u0131n \u201cStansiya\u201d adlanan \u0259razisind\u0259, \u015f\u0259h\u0259rin d\u0259miryolu va\u011fzal\u0131n\u0131n yax\u0131nl\u0131\u011f\u0131nda yerl\u0259\u015fir.<br>Sakinl\u0259rinin dem\u0259sin\u0259 g\u00f6r\u0259, \u015f\u0259h\u0259rin \u0259n q\u0259dim k\u00fc\u00e7\u0259l\u0259rind\u0259ndir. Burada m\u0259skunla\u015fma 1940-1950-ci ill\u0259rd\u0259n ba\u015flay\u0131b.<\/p>\n\n\n\n<p>80-d\u0259n \u00e7ox evi olan k\u00fc\u00e7\u0259nin 300-d\u0259n art\u0131q sakininin bir problemi var \u2013 k\u00fc\u00e7\u0259nin t\u0259mirsiz, bax\u0131ms\u0131z olmas\u0131.<br>K\u00fc\u00e7\u0259 sakinl\u0259ri Meydan TV-y\u0259 \u00fcnvanlad\u0131qlar\u0131 m\u00fcraci\u0259tl\u0259rind\u0259 bildirirl\u0259r ki, \u015f\u0259h\u0259rd\u0259 ya\u015famalar\u0131na baxmayaraq, ya\u011f\u0131\u015f ya\u011fanda \u0259razi \u0259n ucqar k\u0259ndin yollar\u0131ndan bet\u0259r olur. Pal\u00e7\u0131\u011f\u0131n, suyun i\u00e7ind\u0259n ke\u00e7ib getm\u0259k m\u00fc\u015fk\u00fcl\u0259 \u00e7evrilir.<\/p>\n\n\n\n<p><em>\u201cBazara gedirs\u0259n, y\u00fck\u00fcn a\u011f\u0131r olanda taksi tutmaq ist\u0259yirs\u0259n, ma\u015f\u0131nlar bu k\u00fc\u00e7\u0259y\u0259 g\u0259lm\u0259k ist\u0259mirl\u0259r. Yay\u0131 su v\u0259 pal\u00e7\u0131q olmur, amma bu d\u0259f\u0259 d\u0259 toz m\u00f6vs\u00fcm\u00fc ba\u015flayr. Toza g\u00f6r\u0259 p\u0259nc\u0259r\u0259 a\u00e7a bilmirik. Bir ma\u015f\u0131n ke\u00e7ir, yaratd\u0131\u011f\u0131 tozanaq bir ne\u00e7\u0259 d\u0259qiq\u0259 havada qal\u0131r. Ordan da evl\u0259rimiz\u0259, ciy\u0259rl\u0259rimiz\u0259 \u00e7\u00f6k\u00fcr\u201d, <\/em>&#8211; k\u00fc\u00e7\u0259 sakinl\u0259ri bildirir.<\/p>\n\n\n<div class=\"wp-block-image\">\n<figure class=\"aligncenter size-full\"><img decoding=\"async\" width=\"1200\" height=\"800\" data-src=\"https:\/\/www.meydan.tv\/wp-content\/uploads\/untitled-design-5-52.jpg\" alt=\"\" class=\"wp-image-274721 lazyload\" src=\"data:image\/svg+xml;base64,PHN2ZyB3aWR0aD0iMSIgaGVpZ2h0PSIxIiB4bWxucz0iaHR0cDovL3d3dy53My5vcmcvMjAwMC9zdmciPjwvc3ZnPg==\" style=\"--smush-placeholder-width: 1200px; --smush-placeholder-aspect-ratio: 1200\/800;\" \/><\/figure>\n<\/div>\n\n\n<p><br>Onlar\u0131n s\u00f6zl\u0259rin\u0259 g\u00f6r\u0259 x\u0259st\u0259 olanda t\u0259cili yard\u0131m \u00e7a\u011f\u0131rmaq da \u00e7\u0259tin m\u0259s\u0259l\u0259dir. Yollar b\u0259rbad oldu\u011fundan g\u0259l\u0259n ma\u015f\u0131n gecikir, yaxud k\u0259narda saxlay\u0131b g\u0259lm\u0259li olurlar. Bel\u0259likl\u0259 d\u0259, x\u0259st\u0259y\u0259 ilkin tibbi yard\u0131m g\u00f6st\u0259rm\u0259y\u0259 gecikirl\u0259r.<\/p>\n\n\n\n<p>Sakinl\u0259rin bildirm\u0259sin\u0259 g\u00f6r\u0259, d\u0259f\u0259l\u0259rl\u0259 probleml\u0259ri il\u0259 ba\u011fl\u0131 aidiyyat\u0131 orqanlara m\u00fcraci\u0259t edibl\u0259r. Lakin h\u0259r d\u0259f\u0259sind\u0259 \u201csizin k\u00fc\u00e7\u0259nin t\u0259miri \u00fc\u00e7\u00fcn b\u00fcdc\u0259d\u0259n v\u0259sait ayr\u0131lmay\u0131b\u201d, &#8211; cavab\u0131 al\u0131blar.<br><\/p>\n\n\n\n<p>\u015eabran Rayon \u0130cra Hakimiyy\u0259tind\u0259n yollar\u0131n n\u0259 zaman d\u00fcz\u0259l\u0259c\u0259yi il\u0259 ba\u011fl\u0131 bildirilib ki, rayonda indiy\u0259d\u0259k xeyli k\u00fc\u00e7\u0259l\u0259rd\u0259 abadl\u0131q i\u015fl\u0259ri apar\u0131l\u0131b, yollara asfalt \u00f6rt\u00fcy\u00fc sal\u0131n\u0131b:<\/p>\n\n\n\n<p><em>\u201cBu i\u015fl\u0259r n\u00f6vb\u0259 il\u0259dir, yava\u015f-yava\u015f b\u00fct\u00fcn t\u0259mirsiz, asfalts\u0131z k\u00fc\u00e7\u0259l\u0259rin problemi h\u0259ll edil\u0259c\u0259k\u201d.<\/em><\/p>\n\n\n<div class=\"wp-block-image\">\n<figure class=\"aligncenter size-full\"><img decoding=\"async\" width=\"1200\" height=\"800\" data-src=\"https:\/\/www.meydan.tv\/wp-content\/uploads\/untitled-design-6-36.jpg\" alt=\"\" class=\"wp-image-274724 lazyload\" src=\"data:image\/svg+xml;base64,PHN2ZyB3aWR0aD0iMSIgaGVpZ2h0PSIxIiB4bWxucz0iaHR0cDovL3d3dy53My5vcmcvMjAwMC9zdmciPjwvc3ZnPg==\" style=\"--smush-placeholder-width: 1200px; --smush-placeholder-aspect-ratio: 1200\/800;\" \/><\/figure>\n<\/div>\n\n\n<p>\u015eabran sakinl\u0259ri bildirirl\u0259r ki, k\u00fc\u00e7\u0259l\u0259ri \u015fair M\u0259h\u0259mm\u0259d F\u00fczulinin ad\u0131n\u0131 da\u015f\u0131y\u0131r. Bar\u0131 ona h\u00f6rm\u0259t edib, bu k\u00fc\u00e7\u0259nin t\u0259mirini gecikdirm\u0259sinl\u0259r:<\/p>\n\n\n\n<p><em>\u201cH\u0259qiq\u0259t\u0259n k\u00fc\u00e7\u0259miz \u00e7ox ac\u0131nacaql\u0131 v\u0259ziyy\u0259td\u0259dir. G\u00f6zd\u0259niraq, diqq\u0259td\u0259nk\u0259nar qalm\u0131\u015f\u0131q. Baxanda d\u00f6y\u00fc\u015f meydanlar\u0131ndak\u0131 s\u0259ng\u0259ri xat\u0131rlad\u0131r. H\u0259r il rayonun b\u00fcdc\u0259sin\u0259 abadl\u0131q m\u0259qs\u0259dil\u0259 v\u0259sait ayr\u0131l\u0131r. B\u0259zi k\u00fc\u00e7\u0259l\u0259r t\u0259mir d\u0259 olunur. Lakib ill\u0259rdir n\u0259 k\u00f6hn\u0259 icra ba\u015f\u00e7\u0131lar\u0131, n\u0259 d\u0259 indiki icra ba\u015f\u00e7\u0131s\u0131 Asif H\u00fcseynov m\u0259hz bu k\u00fc\u00e7\u0259y\u0259 asfalt \u00e7\u0259kdirm\u0259yib\u201d.<\/em><\/p>\n\n\n\n<p>\u015eikay\u0259t\u00e7il\u0259r bildirirl\u0259r ki, indiy\u0259d\u0259k bir ne\u00e7\u0259 d\u0259f\u0259 aralar\u0131nda pul toplay\u0131b k\u00fc\u00e7\u0259y\u0259 qum-\u00e7\u0131nq\u0131l t\u00f6kd\u00fcr\u00fcbl\u0259r. Lakin o da bir m\u00fcdd\u0259td\u0259n sonra \u0259vv\u0259lki duruma d\u00fc\u015f\u00fcb.<\/p>\n\n\n\n<p><em>\u201c\u00dcst\u0259lik k\u00fc\u00e7\u0259 i\u015f\u0131qland\u0131r\u0131lmad\u0131\u011f\u0131ndan gec\u0259 k\u00fc\u00e7\u0259 qaranl\u0131\u011fa q\u0259rq olur\u201d.<\/em><\/p>\n\n\n\n<p>\u015eabran\u0131n F\u00fczuli k\u00fc\u00e7\u0259sinin sakinl\u0259ri tezlikl\u0259 probleml\u0259rinin h\u0259ll edil\u0259c\u0259yin\u0259 \u00fcmid b\u0259sl\u0259yirl\u0259r.<\/p>\n","protected":false},"excerpt":{"rendered":"<p>\u015eabranl\u0131lar\u0131n yol problemini h\u0259ll ed\u0259n yoxdur Sa\u011f\u0131, solu evl\u0259rl\u0259 \u0259hat\u0259l\u0259nmi\u015f, &#8230; <\/p>\n<p class=\"read-more-container\"><a title=\"Q\u0131\u015fda pal\u00e7\u0131qdan, yayda tozdan ke\u00e7ilm\u0259z olan F\u00fczuli k\u00fc\u00e7\u0259si\" class=\"read-more button\" href=\"https:\/\/www.meydan.tv\/az\/article\/qisda-palciqdan-yayda-tozdan-kecilmez-olan-fuzuli-kucesi\/#more-274730\" aria-label=\"Read more about Q\u0131\u015fda pal\u00e7\u0131qdan, yayda tozdan ke\u00e7ilm\u0259z olan F\u00fczuli k\u00fc\u00e7\u0259si\">Davam\u0131<\/a><\/p>\n","protected":false},"author":8,"featured_media":274727,"comment_status":"closed","ping_status":"closed","sticky":false,"template":"","format":"standard","meta":{"_acf_changed":false,"_sitemap_exclude":false,"_sitemap_priority":"","_sitemap_frequency":"","footnotes":""},"categories":[60,56],"tags":[],"class_list":["post-274730","post","type-post","status-publish","format-standard","has-post-thumbnail","hentry","category-bolge","category-xeberler","infinite-scroll-item","generate-columns","tablet-grid-50","mobile-grid-100","grid-parent","grid-33","no-featured-image-padding"],"acf":[],"yoast_head":"<!-- This site is optimized with the Yoast SEO plugin v27.5 - https:\/\/yoast.com\/product\/yoast-seo-wordpress\/ -->\n<title>Q\u0131\u015fda pal\u00e7\u0131qdan, yayda tozdan ke\u00e7ilm\u0259z olan F\u00fczuli k\u00fc\u00e7\u0259si - MEYDAN.TV<\/title>\n<meta name=\"robots\" content=\"index, follow, max-snippet:-1, max-image-preview:large, max-video-preview:-1\" \/>\n<link rel=\"canonical\" href=\"https:\/\/www.meydan.tv\/az\/article\/qisda-palciqdan-yayda-tozdan-kecilmez-olan-fuzuli-kucesi\/\" \/>\n<meta property=\"og:locale\" content=\"az_AZ\" \/>\n<meta property=\"og:type\" content=\"article\" \/>\n<meta property=\"og:title\" content=\"Q\u0131\u015fda pal\u00e7\u0131qdan, yayda tozdan ke\u00e7ilm\u0259z olan F\u00fczuli k\u00fc\u00e7\u0259si - MEYDAN.TV\" \/>\n<meta property=\"og:description\" content=\"\u015eabranl\u0131lar\u0131n yol problemini h\u0259ll ed\u0259n yoxdur Sa\u011f\u0131, solu evl\u0259rl\u0259 \u0259hat\u0259l\u0259nmi\u015f, ... Davam\u0131\" \/>\n<meta property=\"og:url\" content=\"https:\/\/www.meydan.tv\/az\/article\/qisda-palciqdan-yayda-tozdan-kecilmez-olan-fuzuli-kucesi\/\" \/>\n<meta property=\"og:site_name\" content=\"MEYDAN.TV\" \/>\n<meta property=\"article:published_time\" content=\"2023-05-11T09:50:31+00:00\" \/>\n<meta property=\"article:modified_time\" content=\"2023-05-11T09:50:36+00:00\" \/>\n<meta property=\"og:image\" content=\"https:\/\/www.meydan.tv\/wp-content\/uploads\/untitled-design-7-34.jpg\" \/>\n\t<meta property=\"og:image:width\" content=\"1200\" \/>\n\t<meta property=\"og:image:height\" content=\"800\" \/>\n\t<meta property=\"og:image:type\" content=\"image\/jpeg\" \/>\n<meta name=\"author\" content=\"elli\" \/>\n<meta name=\"twitter:card\" content=\"summary_large_image\" \/>\n<meta name=\"twitter:creator\" content=\"@elli\" \/>\n<script type=\"application\/ld+json\" class=\"yoast-schema-graph\">{\"@context\":\"https:\\\/\\\/schema.org\",\"@graph\":[{\"@type\":\"Article\",\"@id\":\"https:\\\/\\\/www.meydan.tv\\\/az\\\/article\\\/qisda-palciqdan-yayda-tozdan-kecilmez-olan-fuzuli-kucesi\\\/#article\",\"isPartOf\":{\"@id\":\"https:\\\/\\\/www.meydan.tv\\\/az\\\/article\\\/qisda-palciqdan-yayda-tozdan-kecilmez-olan-fuzuli-kucesi\\\/\"},\"author\":{\"name\":\"elli\",\"@id\":\"https:\\\/\\\/www.meydan.tv\\\/az\\\/#\\\/schema\\\/person\\\/9cdbecf90d17180ce1dfbd95b08dcf47\"},\"headline\":\"Q\u0131\u015fda pal\u00e7\u0131qdan, yayda tozdan ke\u00e7ilm\u0259z olan F\u00fczuli k\u00fc\u00e7\u0259si\",\"datePublished\":\"2023-05-11T09:50:31+00:00\",\"dateModified\":\"2023-05-11T09:50:36+00:00\",\"mainEntityOfPage\":{\"@id\":\"https:\\\/\\\/www.meydan.tv\\\/az\\\/article\\\/qisda-palciqdan-yayda-tozdan-kecilmez-olan-fuzuli-kucesi\\\/\"},\"wordCount\":618,\"publisher\":{\"@id\":\"https:\\\/\\\/www.meydan.tv\\\/az\\\/#organization\"},\"image\":{\"@id\":\"https:\\\/\\\/www.meydan.tv\\\/az\\\/article\\\/qisda-palciqdan-yayda-tozdan-kecilmez-olan-fuzuli-kucesi\\\/#primaryimage\"},\"thumbnailUrl\":\"https:\\\/\\\/www.meydan.tv\\\/wp-content\\\/uploads\\\/untitled-design-7-34.jpg\",\"articleSection\":[\"B\u00f6lg\u0259\",\"X\u0259b\u0259rl\u0259r\"],\"inLanguage\":\"az\"},{\"@type\":\"WebPage\",\"@id\":\"https:\\\/\\\/www.meydan.tv\\\/az\\\/article\\\/qisda-palciqdan-yayda-tozdan-kecilmez-olan-fuzuli-kucesi\\\/\",\"url\":\"https:\\\/\\\/www.meydan.tv\\\/az\\\/article\\\/qisda-palciqdan-yayda-tozdan-kecilmez-olan-fuzuli-kucesi\\\/\",\"name\":\"Q\u0131\u015fda pal\u00e7\u0131qdan, yayda tozdan ke\u00e7ilm\u0259z olan F\u00fczuli k\u00fc\u00e7\u0259si - MEYDAN.TV\",\"isPartOf\":{\"@id\":\"https:\\\/\\\/www.meydan.tv\\\/az\\\/#website\"},\"primaryImageOfPage\":{\"@id\":\"https:\\\/\\\/www.meydan.tv\\\/az\\\/article\\\/qisda-palciqdan-yayda-tozdan-kecilmez-olan-fuzuli-kucesi\\\/#primaryimage\"},\"image\":{\"@id\":\"https:\\\/\\\/www.meydan.tv\\\/az\\\/article\\\/qisda-palciqdan-yayda-tozdan-kecilmez-olan-fuzuli-kucesi\\\/#primaryimage\"},\"thumbnailUrl\":\"https:\\\/\\\/www.meydan.tv\\\/wp-content\\\/uploads\\\/untitled-design-7-34.jpg\",\"datePublished\":\"2023-05-11T09:50:31+00:00\",\"dateModified\":\"2023-05-11T09:50:36+00:00\",\"breadcrumb\":{\"@id\":\"https:\\\/\\\/www.meydan.tv\\\/az\\\/article\\\/qisda-palciqdan-yayda-tozdan-kecilmez-olan-fuzuli-kucesi\\\/#breadcrumb\"},\"inLanguage\":\"az\",\"potentialAction\":[{\"@type\":\"ReadAction\",\"target\":[\"https:\\\/\\\/www.meydan.tv\\\/az\\\/article\\\/qisda-palciqdan-yayda-tozdan-kecilmez-olan-fuzuli-kucesi\\\/\"]}]},{\"@type\":\"ImageObject\",\"inLanguage\":\"az\",\"@id\":\"https:\\\/\\\/www.meydan.tv\\\/az\\\/article\\\/qisda-palciqdan-yayda-tozdan-kecilmez-olan-fuzuli-kucesi\\\/#primaryimage\",\"url\":\"https:\\\/\\\/www.meydan.tv\\\/wp-content\\\/uploads\\\/untitled-design-7-34.jpg\",\"contentUrl\":\"https:\\\/\\\/www.meydan.tv\\\/wp-content\\\/uploads\\\/untitled-design-7-34.jpg\",\"width\":1200,\"height\":800,\"caption\":\"Fotolar: Meydan TV\"},{\"@type\":\"BreadcrumbList\",\"@id\":\"https:\\\/\\\/www.meydan.tv\\\/az\\\/article\\\/qisda-palciqdan-yayda-tozdan-kecilmez-olan-fuzuli-kucesi\\\/#breadcrumb\",\"itemListElement\":[{\"@type\":\"ListItem\",\"position\":1,\"name\":\"Ana s\u0259hif\u0259\",\"item\":\"https:\\\/\\\/www.meydan.tv\\\/az\\\/\"},{\"@type\":\"ListItem\",\"position\":2,\"name\":\"B\u00f6lg\u0259\",\"item\":\"https:\\\/\\\/www.meydan.tv\\\/az\\\/section\\\/bolge\\\/\"},{\"@type\":\"ListItem\",\"position\":3,\"name\":\"Q\u0131\u015fda pal\u00e7\u0131qdan, yayda tozdan ke\u00e7ilm\u0259z olan F\u00fczuli k\u00fc\u00e7\u0259si\"}]},{\"@type\":\"WebSite\",\"@id\":\"https:\\\/\\\/www.meydan.tv\\\/az\\\/#website\",\"url\":\"https:\\\/\\\/www.meydan.tv\\\/az\\\/\",\"name\":\"MEYDAN.TV\",\"description\":\"Meydan TV Az\u0259rbaycan\u0131n media m\u0259kan\u0131ndak\u0131 alternativ s\u0259sidir\",\"publisher\":{\"@id\":\"https:\\\/\\\/www.meydan.tv\\\/az\\\/#organization\"},\"potentialAction\":[{\"@type\":\"SearchAction\",\"target\":{\"@type\":\"EntryPoint\",\"urlTemplate\":\"https:\\\/\\\/www.meydan.tv\\\/az\\\/?s={search_term_string}\"},\"query-input\":{\"@type\":\"PropertyValueSpecification\",\"valueRequired\":true,\"valueName\":\"search_term_string\"}}],\"inLanguage\":\"az\"},{\"@type\":\"Organization\",\"@id\":\"https:\\\/\\\/www.meydan.tv\\\/az\\\/#organization\",\"name\":\"Meydan TV\",\"url\":\"https:\\\/\\\/www.meydan.tv\\\/az\\\/\",\"logo\":{\"@type\":\"ImageObject\",\"inLanguage\":\"az\",\"@id\":\"https:\\\/\\\/www.meydan.tv\\\/az\\\/#\\\/schema\\\/logo\\\/image\\\/\",\"url\":\"https:\\\/\\\/www.meydan.tv\\\/wp-content\\\/uploads\\\/2021\\\/07\\\/meydan-logo.svg\",\"contentUrl\":\"https:\\\/\\\/www.meydan.tv\\\/wp-content\\\/uploads\\\/2021\\\/07\\\/meydan-logo.svg\",\"width\":195,\"height\":46,\"caption\":\"Meydan TV\"},\"image\":{\"@id\":\"https:\\\/\\\/www.meydan.tv\\\/az\\\/#\\\/schema\\\/logo\\\/image\\\/\"}},{\"@type\":\"Person\",\"@id\":\"https:\\\/\\\/www.meydan.tv\\\/az\\\/#\\\/schema\\\/person\\\/9cdbecf90d17180ce1dfbd95b08dcf47\",\"name\":\"elli\",\"sameAs\":[\"https:\\\/\\\/x.com\\\/elli\"]}]}<\/script>\n<!-- \/ Yoast SEO plugin. -->","yoast_head_json":{"title":"Q\u0131\u015fda pal\u00e7\u0131qdan, yayda tozdan ke\u00e7ilm\u0259z olan F\u00fczuli k\u00fc\u00e7\u0259si - MEYDAN.TV","robots":{"index":"index","follow":"follow","max-snippet":"max-snippet:-1","max-image-preview":"max-image-preview:large","max-video-preview":"max-video-preview:-1"},"canonical":"https:\/\/www.meydan.tv\/az\/article\/qisda-palciqdan-yayda-tozdan-kecilmez-olan-fuzuli-kucesi\/","og_locale":"az_AZ","og_type":"article","og_title":"Q\u0131\u015fda pal\u00e7\u0131qdan, yayda tozdan ke\u00e7ilm\u0259z olan F\u00fczuli k\u00fc\u00e7\u0259si - MEYDAN.TV","og_description":"\u015eabranl\u0131lar\u0131n yol problemini h\u0259ll ed\u0259n yoxdur Sa\u011f\u0131, solu evl\u0259rl\u0259 \u0259hat\u0259l\u0259nmi\u015f, ... Davam\u0131","og_url":"https:\/\/www.meydan.tv\/az\/article\/qisda-palciqdan-yayda-tozdan-kecilmez-olan-fuzuli-kucesi\/","og_site_name":"MEYDAN.TV","article_published_time":"2023-05-11T09:50:31+00:00","article_modified_time":"2023-05-11T09:50:36+00:00","og_image":[{"width":1200,"height":800,"url":"https:\/\/www.meydan.tv\/wp-content\/uploads\/untitled-design-7-34.jpg","type":"image\/jpeg"}],"author":"elli","twitter_card":"summary_large_image","twitter_creator":"@elli","schema":{"@context":"https:\/\/schema.org","@graph":[{"@type":"Article","@id":"https:\/\/www.meydan.tv\/az\/article\/qisda-palciqdan-yayda-tozdan-kecilmez-olan-fuzuli-kucesi\/#article","isPartOf":{"@id":"https:\/\/www.meydan.tv\/az\/article\/qisda-palciqdan-yayda-tozdan-kecilmez-olan-fuzuli-kucesi\/"},"author":{"name":"elli","@id":"https:\/\/www.meydan.tv\/az\/#\/schema\/person\/9cdbecf90d17180ce1dfbd95b08dcf47"},"headline":"Q\u0131\u015fda pal\u00e7\u0131qdan, yayda tozdan ke\u00e7ilm\u0259z olan F\u00fczuli k\u00fc\u00e7\u0259si","datePublished":"2023-05-11T09:50:31+00:00","dateModified":"2023-05-11T09:50:36+00:00","mainEntityOfPage":{"@id":"https:\/\/www.meydan.tv\/az\/article\/qisda-palciqdan-yayda-tozdan-kecilmez-olan-fuzuli-kucesi\/"},"wordCount":618,"publisher":{"@id":"https:\/\/www.meydan.tv\/az\/#organization"},"image":{"@id":"https:\/\/www.meydan.tv\/az\/article\/qisda-palciqdan-yayda-tozdan-kecilmez-olan-fuzuli-kucesi\/#primaryimage"},"thumbnailUrl":"https:\/\/www.meydan.tv\/wp-content\/uploads\/untitled-design-7-34.jpg","articleSection":["B\u00f6lg\u0259","X\u0259b\u0259rl\u0259r"],"inLanguage":"az"},{"@type":"WebPage","@id":"https:\/\/www.meydan.tv\/az\/article\/qisda-palciqdan-yayda-tozdan-kecilmez-olan-fuzuli-kucesi\/","url":"https:\/\/www.meydan.tv\/az\/article\/qisda-palciqdan-yayda-tozdan-kecilmez-olan-fuzuli-kucesi\/","name":"Q\u0131\u015fda pal\u00e7\u0131qdan, yayda tozdan ke\u00e7ilm\u0259z olan F\u00fczuli k\u00fc\u00e7\u0259si - MEYDAN.TV","isPartOf":{"@id":"https:\/\/www.meydan.tv\/az\/#website"},"primaryImageOfPage":{"@id":"https:\/\/www.meydan.tv\/az\/article\/qisda-palciqdan-yayda-tozdan-kecilmez-olan-fuzuli-kucesi\/#primaryimage"},"image":{"@id":"https:\/\/www.meydan.tv\/az\/article\/qisda-palciqdan-yayda-tozdan-kecilmez-olan-fuzuli-kucesi\/#primaryimage"},"thumbnailUrl":"https:\/\/www.meydan.tv\/wp-content\/uploads\/untitled-design-7-34.jpg","datePublished":"2023-05-11T09:50:31+00:00","dateModified":"2023-05-11T09:50:36+00:00","breadcrumb":{"@id":"https:\/\/www.meydan.tv\/az\/article\/qisda-palciqdan-yayda-tozdan-kecilmez-olan-fuzuli-kucesi\/#breadcrumb"},"inLanguage":"az","potentialAction":[{"@type":"ReadAction","target":["https:\/\/www.meydan.tv\/az\/article\/qisda-palciqdan-yayda-tozdan-kecilmez-olan-fuzuli-kucesi\/"]}]},{"@type":"ImageObject","inLanguage":"az","@id":"https:\/\/www.meydan.tv\/az\/article\/qisda-palciqdan-yayda-tozdan-kecilmez-olan-fuzuli-kucesi\/#primaryimage","url":"https:\/\/www.meydan.tv\/wp-content\/uploads\/untitled-design-7-34.jpg","contentUrl":"https:\/\/www.meydan.tv\/wp-content\/uploads\/untitled-design-7-34.jpg","width":1200,"height":800,"caption":"Fotolar: Meydan TV"},{"@type":"BreadcrumbList","@id":"https:\/\/www.meydan.tv\/az\/article\/qisda-palciqdan-yayda-tozdan-kecilmez-olan-fuzuli-kucesi\/#breadcrumb","itemListElement":[{"@type":"ListItem","position":1,"name":"Ana s\u0259hif\u0259","item":"https:\/\/www.meydan.tv\/az\/"},{"@type":"ListItem","position":2,"name":"B\u00f6lg\u0259","item":"https:\/\/www.meydan.tv\/az\/section\/bolge\/"},{"@type":"ListItem","position":3,"name":"Q\u0131\u015fda pal\u00e7\u0131qdan, yayda tozdan ke\u00e7ilm\u0259z olan F\u00fczuli k\u00fc\u00e7\u0259si"}]},{"@type":"WebSite","@id":"https:\/\/www.meydan.tv\/az\/#website","url":"https:\/\/www.meydan.tv\/az\/","name":"MEYDAN.TV","description":"Meydan TV Az\u0259rbaycan\u0131n media m\u0259kan\u0131ndak\u0131 alternativ s\u0259sidir","publisher":{"@id":"https:\/\/www.meydan.tv\/az\/#organization"},"potentialAction":[{"@type":"SearchAction","target":{"@type":"EntryPoint","urlTemplate":"https:\/\/www.meydan.tv\/az\/?s={search_term_string}"},"query-input":{"@type":"PropertyValueSpecification","valueRequired":true,"valueName":"search_term_string"}}],"inLanguage":"az"},{"@type":"Organization","@id":"https:\/\/www.meydan.tv\/az\/#organization","name":"Meydan TV","url":"https:\/\/www.meydan.tv\/az\/","logo":{"@type":"ImageObject","inLanguage":"az","@id":"https:\/\/www.meydan.tv\/az\/#\/schema\/logo\/image\/","url":"https:\/\/www.meydan.tv\/wp-content\/uploads\/2021\/07\/meydan-logo.svg","contentUrl":"https:\/\/www.meydan.tv\/wp-content\/uploads\/2021\/07\/meydan-logo.svg","width":195,"height":46,"caption":"Meydan TV"},"image":{"@id":"https:\/\/www.meydan.tv\/az\/#\/schema\/logo\/image\/"}},{"@type":"Person","@id":"https:\/\/www.meydan.tv\/az\/#\/schema\/person\/9cdbecf90d17180ce1dfbd95b08dcf47","name":"elli","sameAs":["https:\/\/x.com\/elli"]}]}},"_links":{"self":[{"href":"https:\/\/www.meydan.tv\/az\/wp-json\/wp\/v2\/posts\/274730","targetHints":{"allow":["GET"]}}],"collection":[{"href":"https:\/\/www.meydan.tv\/az\/wp-json\/wp\/v2\/posts"}],"about":[{"href":"https:\/\/www.meydan.tv\/az\/wp-json\/wp\/v2\/types\/post"}],"author":[{"embeddable":true,"href":"https:\/\/www.meydan.tv\/az\/wp-json\/wp\/v2\/users\/8"}],"replies":[{"embeddable":true,"href":"https:\/\/www.meydan.tv\/az\/wp-json\/wp\/v2\/comments?post=274730"}],"version-history":[{"count":1,"href":"https:\/\/www.meydan.tv\/az\/wp-json\/wp\/v2\/posts\/274730\/revisions"}],"predecessor-version":[{"id":274731,"href":"https:\/\/www.meydan.tv\/az\/wp-json\/wp\/v2\/posts\/274730\/revisions\/274731"}],"wp:featuredmedia":[{"embeddable":true,"href":"https:\/\/www.meydan.tv\/az\/wp-json\/wp\/v2\/media\/274727"}],"wp:attachment":[{"href":"https:\/\/www.meydan.tv\/az\/wp-json\/wp\/v2\/media?parent=274730"}],"wp:term":[{"taxonomy":"category","embeddable":true,"href":"https:\/\/www.meydan.tv\/az\/wp-json\/wp\/v2\/categories?post=274730"},{"taxonomy":"post_tag","embeddable":true,"href":"https:\/\/www.meydan.tv\/az\/wp-json\/wp\/v2\/tags?post=274730"}],"curies":[{"name":"wp","href":"https:\/\/api.w.org\/{rel}","templated":true}]}}