{"id":274610,"date":"2023-05-10T11:59:48","date_gmt":"2023-05-10T07:59:48","guid":{"rendered":"https:\/\/www.meydan.tv\/?p=274610"},"modified":"2023-05-10T11:59:50","modified_gmt":"2023-05-10T07:59:50","slug":"fermer-hec-cekilen-zehmete-deymez","status":"publish","type":"post","link":"https:\/\/www.meydan.tv\/az\/article\/fermer-hec-cekilen-zehmete-deymez\/","title":{"rendered":"Fermer: \u201cHe\u00e7 \u00e7\u0259kil\u0259n z\u0259hm\u0259t\u0259 d\u0259ym\u0259z\u201d"},"content":{"rendered":"\n<p>Ot bi\u00e7imi s\u0259rf\u0259li deyil, yem, \u0259t bahala\u015f\u0131b\u2026<\/p>\n\n\n\n<p>\u201cHaz\u0131rda ot bi\u00e7imi m\u00f6vs\u00fcm\u00fcd\u00fcr. Suvarma problemin\u0259 g\u00f6r\u0259 bu il m\u0259hsuldarl\u0131q a\u015fa\u011f\u0131d\u0131r, he\u00e7 \u00e7\u0259kil\u0259n z\u0259hm\u0259y\u0259 d\u0259ym\u0259z\u201d.<\/p>\n\n\n\n<p>Bunu Meydan TV-y\u0259 a\u011fda\u015fl\u0131 fermer El\u015f\u0259n \u0130smay\u0131lov deyib. Onun s\u00f6zl\u0259rin\u0259 g\u00f6r\u0259, bu il c\u0259mi 5 hektarda \u0259kin apar\u0131b.<\/p>\n\n\n\n<p>\u201cBir hektar \u00fc\u00e7\u00fcn bi\u00e7in 30 manat, d\u0131rm\u0131qlamaq 30 manat, otu presl\u0259m\u0259k 30 q\u0259pikd\u0259ndir. Ot 3 manat 20 q\u0259piy\u0259di. \u018flav\u0259 x\u0259rcl\u0259r n\u0259z\u0259r\u0259 alnmasa, 5 hektara c\u0259mi&nbsp; 150 manata yax\u0131n qazanc\u0131m olacaq\u201d,- fermer deyib.<\/p>\n\n\n\n<p>\u0130smay\u0131lovun s\u00f6zl\u0259rin\u0259 g\u00f6r\u0259, m\u0259s\u0259l\u0259n, G\u0259d\u0259b\u0259yd\u0259, \u015e\u0259kid\u0259 ot A\u011fda\u015fa nisb\u0259t\u0259n bahad\u0131r, h\u0259tta 6 manata sat\u0131l\u0131r. Amma m\u0259hsulu apar\u0131b dig\u0259r rayonlarda satmaq \u00fc\u00e7\u00fcn avtomobil\u0259, f\u0259hl\u0259y\u0259 ehtiyac var. Son n\u0259tic\u0259d\u0259 \u0259lav\u0259 x\u0259rcl\u0259r k\u0259ndliy\u0259 \u0259kdiyi m\u0259hsuldan xeyir g\u00f6t\u00fcrm\u0259y\u0259 imkan vermir: \u201cM\u0259hsulu saxlay\u0131b, daha baha satma\u011fa da \u015f\u0259rait yoxdur. Dig\u0259r t\u0259r\u0259fd\u0259n, \u00f6t\u0259n q\u0131\u015f ot ucuzla\u015f\u0131b, m\u0259hsulunu saxlayan fermerl\u0259r \u0259lveri\u015fli qiym\u0259t\u0259 sata bilm\u0259yibl\u0259r. \u00d6t\u0259n q\u0131\u015f yonca 6 manatdan 5 manata, bu\u011fda 45 q\u0259piy\u0259 d\u00fc\u015f\u00fcb\u201d.<\/p>\n\n\n\n<p>Dig\u0259r fermer Nizam \u018fhm\u0259dov is\u0259 deyib ki, x\u0259rcl\u0259rd\u0259n v\u0259 \u00e7\u0259tinlikl\u0259rd\u0259n x\u0259b\u0259ri olmayanlar k\u0259ndlil\u0259ri q\u0131nay\u0131rlar. \u018frzaq m\u0259hsullar\u0131, z\u0259ruri ehtiyaclar bahala\u015f\u0131b, k\u0259ndlil\u0259rin \u00e7oxu \u0259kin \u00fc\u00e7\u00fcn banklara borclan\u0131blar. Onun \u00f6z\u00fcn\u00fcn d\u0259 tax\u0131l sah\u0259si \u00fc\u00e7\u00fcn bankdan g\u00f6t\u00fcrd\u00fcy\u00fc kredit borcu 40 min manat\u0131 ke\u00e7ib. Hava \u015f\u0259raiti d\u0259 bir yandan i\u015fl\u0259rini \u00e7\u0259tinl\u0259\u015fdirir:<\/p>\n\n\n\n<p>\u201cX\u0131rda t\u0259s\u0259rr\u00fcfatlar\u0131n \u0259ks\u0259riyy\u0259ti naraz\u0131d\u0131r. Heyvandarl\u0131qla m\u0259\u015f\u011ful olanlar yemin bahal\u0131\u011f\u0131ndan, biz sudan, \u0259lav\u0259 x\u0259rcl\u0259rd\u0259n, m\u0259hsullar\u0131m\u0131z\u0131 s\u0259rf\u0259li qiym\u0259t\u0259 sata bilm\u0259diyimizd\u0259n naraz\u0131y\u0131q\u201d.&nbsp;&nbsp;<\/p>\n\n\n\n<p>Heyvandarl\u0131qda yem qiym\u0259t\u0259 birba\u015fa t\u0259sir edir v\u0259 \u0259tin bahala\u015fmas\u0131 yeml\u0259 \u0259laq\u0259l\u0259ndirilir. B\u00f6lg\u0259l\u0259rd\u0259 s\u00fcm\u00fckl\u00fc mal \u0259tinin kiloqram\u0131 son bir-iki h\u0259ft\u0259dir 14 manat\u0131 ke\u00e7ib. Heyvan k\u0259simi il\u0259 m\u0259\u015f\u011ful olan Maqsud \u0130braimov deyib ki, qiym\u0259t artd\u0131qca, al\u0131cl\u0131q qabiliyy\u0259ti d\u00fc\u015f\u00fcr: \u201cOt \u0259vv\u0259lki il\u0259 nisb\u0259t\u0259n \u00e7ox bahala\u015fmay\u0131b, lakin bu, \u0259tin ucuzla\u015faca\u011f\u0131, qiym\u0259tl\u0259rin \u0259vv\u0259lki s\u0259viyy\u0259y\u0259 en\u0259c\u0259yi dem\u0259k deyil. Yayda \u0259t\u0259 t\u0259l\u0259bat azald\u0131\u011f\u0131ndan qiym\u0259t sabitl\u0259\u015f\u0259 bil\u0259r, amma pay\u0131za do\u011fru yenid\u0259n bahala\u015fma g\u00f6zl\u0259nilir\u201d.<\/p>\n\n\n\n<p>Ekspertl\u0259r is\u0259 bildiribl\u0259r ki, heyvandarl\u0131q \u00fc\u00e7\u00fcn yem bazas\u0131 bahala\u015f\u0131b, x\u0259rcl\u0259r art\u0131b. Buna g\u00f6r\u0259 d\u0259 \u0259tin ucuzla\u015faca\u011f\u0131 g\u00f6zl\u0259nilmir.<\/p>\n","protected":false},"excerpt":{"rendered":"<p>Ot bi\u00e7imi s\u0259rf\u0259li deyil, yem, \u0259t bahala\u015f\u0131b\u2026 \u201cHaz\u0131rda ot bi\u00e7imi &#8230; <\/p>\n<p class=\"read-more-container\"><a title=\"Fermer: \u201cHe\u00e7 \u00e7\u0259kil\u0259n z\u0259hm\u0259t\u0259 d\u0259ym\u0259z\u201d\" class=\"read-more button\" href=\"https:\/\/www.meydan.tv\/az\/article\/fermer-hec-cekilen-zehmete-deymez\/#more-274610\" aria-label=\"Read more about Fermer: \u201cHe\u00e7 \u00e7\u0259kil\u0259n z\u0259hm\u0259t\u0259 d\u0259ym\u0259z\u201d\">Davam\u0131<\/a><\/p>\n","protected":false},"author":18,"featured_media":133608,"comment_status":"closed","ping_status":"closed","sticky":false,"template":"","format":"standard","meta":{"_acf_changed":false,"_sitemap_exclude":false,"_sitemap_priority":"","_sitemap_frequency":"","footnotes":""},"categories":[60,62,56],"tags":[],"class_list":["post-274610","post","type-post","status-publish","format-standard","has-post-thumbnail","hentry","category-bolge","category-sosial","category-xeberler","infinite-scroll-item","generate-columns","tablet-grid-50","mobile-grid-100","grid-parent","grid-33","no-featured-image-padding"],"acf":[],"yoast_head":"<!-- This site is optimized with the Yoast SEO plugin v27.5 - https:\/\/yoast.com\/product\/yoast-seo-wordpress\/ -->\n<title>Fermer: \u201cHe\u00e7 \u00e7\u0259kil\u0259n z\u0259hm\u0259t\u0259 d\u0259ym\u0259z\u201d - MEYDAN.TV<\/title>\n<meta name=\"robots\" content=\"index, follow, max-snippet:-1, max-image-preview:large, max-video-preview:-1\" \/>\n<link rel=\"canonical\" href=\"https:\/\/www.meydan.tv\/az\/article\/fermer-hec-cekilen-zehmete-deymez\/\" \/>\n<meta property=\"og:locale\" content=\"az_AZ\" \/>\n<meta property=\"og:type\" content=\"article\" \/>\n<meta property=\"og:title\" content=\"Fermer: \u201cHe\u00e7 \u00e7\u0259kil\u0259n z\u0259hm\u0259t\u0259 d\u0259ym\u0259z\u201d - MEYDAN.TV\" \/>\n<meta property=\"og:description\" content=\"Ot bi\u00e7imi s\u0259rf\u0259li deyil, yem, \u0259t bahala\u015f\u0131b\u2026 \u201cHaz\u0131rda ot bi\u00e7imi ... Davam\u0131\" \/>\n<meta property=\"og:url\" content=\"https:\/\/www.meydan.tv\/az\/article\/fermer-hec-cekilen-zehmete-deymez\/\" \/>\n<meta property=\"og:site_name\" content=\"MEYDAN.TV\" \/>\n<meta property=\"article:published_time\" content=\"2023-05-10T07:59:48+00:00\" \/>\n<meta property=\"article:modified_time\" content=\"2023-05-10T07:59:50+00:00\" \/>\n<meta property=\"og:image\" content=\"https:\/\/www.meydan.tv\/wp-content\/uploads\/image_from_ios_5_e4f4aif-scaled.jpg\" \/>\n\t<meta property=\"og:image:width\" content=\"2560\" \/>\n\t<meta property=\"og:image:height\" content=\"1920\" \/>\n\t<meta property=\"og:image:type\" content=\"image\/jpeg\" \/>\n<meta name=\"author\" content=\"miron\" \/>\n<meta name=\"twitter:card\" content=\"summary_large_image\" \/>\n<script type=\"application\/ld+json\" class=\"yoast-schema-graph\">{\"@context\":\"https:\\\/\\\/schema.org\",\"@graph\":[{\"@type\":\"Article\",\"@id\":\"https:\\\/\\\/www.meydan.tv\\\/az\\\/article\\\/fermer-hec-cekilen-zehmete-deymez\\\/#article\",\"isPartOf\":{\"@id\":\"https:\\\/\\\/www.meydan.tv\\\/az\\\/article\\\/fermer-hec-cekilen-zehmete-deymez\\\/\"},\"author\":{\"name\":\"miron\",\"@id\":\"https:\\\/\\\/www.meydan.tv\\\/az\\\/#\\\/schema\\\/person\\\/981b0b284aeaa9ad0cbf814cd4a9d67c\"},\"headline\":\"Fermer: \u201cHe\u00e7 \u00e7\u0259kil\u0259n z\u0259hm\u0259t\u0259 d\u0259ym\u0259z\u201d\",\"datePublished\":\"2023-05-10T07:59:48+00:00\",\"dateModified\":\"2023-05-10T07:59:50+00:00\",\"mainEntityOfPage\":{\"@id\":\"https:\\\/\\\/www.meydan.tv\\\/az\\\/article\\\/fermer-hec-cekilen-zehmete-deymez\\\/\"},\"wordCount\":498,\"publisher\":{\"@id\":\"https:\\\/\\\/www.meydan.tv\\\/az\\\/#organization\"},\"image\":{\"@id\":\"https:\\\/\\\/www.meydan.tv\\\/az\\\/article\\\/fermer-hec-cekilen-zehmete-deymez\\\/#primaryimage\"},\"thumbnailUrl\":\"https:\\\/\\\/www.meydan.tv\\\/wp-content\\\/uploads\\\/image_from_ios_5_e4f4aif-scaled.jpg\",\"articleSection\":[\"B\u00f6lg\u0259\",\"Sosial\",\"X\u0259b\u0259rl\u0259r\"],\"inLanguage\":\"az\"},{\"@type\":\"WebPage\",\"@id\":\"https:\\\/\\\/www.meydan.tv\\\/az\\\/article\\\/fermer-hec-cekilen-zehmete-deymez\\\/\",\"url\":\"https:\\\/\\\/www.meydan.tv\\\/az\\\/article\\\/fermer-hec-cekilen-zehmete-deymez\\\/\",\"name\":\"Fermer: \u201cHe\u00e7 \u00e7\u0259kil\u0259n z\u0259hm\u0259t\u0259 d\u0259ym\u0259z\u201d - MEYDAN.TV\",\"isPartOf\":{\"@id\":\"https:\\\/\\\/www.meydan.tv\\\/az\\\/#website\"},\"primaryImageOfPage\":{\"@id\":\"https:\\\/\\\/www.meydan.tv\\\/az\\\/article\\\/fermer-hec-cekilen-zehmete-deymez\\\/#primaryimage\"},\"image\":{\"@id\":\"https:\\\/\\\/www.meydan.tv\\\/az\\\/article\\\/fermer-hec-cekilen-zehmete-deymez\\\/#primaryimage\"},\"thumbnailUrl\":\"https:\\\/\\\/www.meydan.tv\\\/wp-content\\\/uploads\\\/image_from_ios_5_e4f4aif-scaled.jpg\",\"datePublished\":\"2023-05-10T07:59:48+00:00\",\"dateModified\":\"2023-05-10T07:59:50+00:00\",\"breadcrumb\":{\"@id\":\"https:\\\/\\\/www.meydan.tv\\\/az\\\/article\\\/fermer-hec-cekilen-zehmete-deymez\\\/#breadcrumb\"},\"inLanguage\":\"az\",\"potentialAction\":[{\"@type\":\"ReadAction\",\"target\":[\"https:\\\/\\\/www.meydan.tv\\\/az\\\/article\\\/fermer-hec-cekilen-zehmete-deymez\\\/\"]}]},{\"@type\":\"ImageObject\",\"inLanguage\":\"az\",\"@id\":\"https:\\\/\\\/www.meydan.tv\\\/az\\\/article\\\/fermer-hec-cekilen-zehmete-deymez\\\/#primaryimage\",\"url\":\"https:\\\/\\\/www.meydan.tv\\\/wp-content\\\/uploads\\\/image_from_ios_5_e4f4aif-scaled.jpg\",\"contentUrl\":\"https:\\\/\\\/www.meydan.tv\\\/wp-content\\\/uploads\\\/image_from_ios_5_e4f4aif-scaled.jpg\",\"width\":2560,\"height\":1920,\"caption\":\"Foto: Meydan TV\"},{\"@type\":\"BreadcrumbList\",\"@id\":\"https:\\\/\\\/www.meydan.tv\\\/az\\\/article\\\/fermer-hec-cekilen-zehmete-deymez\\\/#breadcrumb\",\"itemListElement\":[{\"@type\":\"ListItem\",\"position\":1,\"name\":\"Ana s\u0259hif\u0259\",\"item\":\"https:\\\/\\\/www.meydan.tv\\\/az\\\/\"},{\"@type\":\"ListItem\",\"position\":2,\"name\":\"X\u0259b\u0259rl\u0259r\",\"item\":\"https:\\\/\\\/www.meydan.tv\\\/az\\\/section\\\/xeberler\\\/\"},{\"@type\":\"ListItem\",\"position\":3,\"name\":\"Fermer: \u201cHe\u00e7 \u00e7\u0259kil\u0259n z\u0259hm\u0259t\u0259 d\u0259ym\u0259z\u201d\"}]},{\"@type\":\"WebSite\",\"@id\":\"https:\\\/\\\/www.meydan.tv\\\/az\\\/#website\",\"url\":\"https:\\\/\\\/www.meydan.tv\\\/az\\\/\",\"name\":\"MEYDAN.TV\",\"description\":\"Meydan TV Az\u0259rbaycan\u0131n media m\u0259kan\u0131ndak\u0131 alternativ s\u0259sidir\",\"publisher\":{\"@id\":\"https:\\\/\\\/www.meydan.tv\\\/az\\\/#organization\"},\"potentialAction\":[{\"@type\":\"SearchAction\",\"target\":{\"@type\":\"EntryPoint\",\"urlTemplate\":\"https:\\\/\\\/www.meydan.tv\\\/az\\\/?s={search_term_string}\"},\"query-input\":{\"@type\":\"PropertyValueSpecification\",\"valueRequired\":true,\"valueName\":\"search_term_string\"}}],\"inLanguage\":\"az\"},{\"@type\":\"Organization\",\"@id\":\"https:\\\/\\\/www.meydan.tv\\\/az\\\/#organization\",\"name\":\"Meydan TV\",\"url\":\"https:\\\/\\\/www.meydan.tv\\\/az\\\/\",\"logo\":{\"@type\":\"ImageObject\",\"inLanguage\":\"az\",\"@id\":\"https:\\\/\\\/www.meydan.tv\\\/az\\\/#\\\/schema\\\/logo\\\/image\\\/\",\"url\":\"https:\\\/\\\/www.meydan.tv\\\/wp-content\\\/uploads\\\/2021\\\/07\\\/meydan-logo.svg\",\"contentUrl\":\"https:\\\/\\\/www.meydan.tv\\\/wp-content\\\/uploads\\\/2021\\\/07\\\/meydan-logo.svg\",\"width\":195,\"height\":46,\"caption\":\"Meydan TV\"},\"image\":{\"@id\":\"https:\\\/\\\/www.meydan.tv\\\/az\\\/#\\\/schema\\\/logo\\\/image\\\/\"}},{\"@type\":\"Person\",\"@id\":\"https:\\\/\\\/www.meydan.tv\\\/az\\\/#\\\/schema\\\/person\\\/981b0b284aeaa9ad0cbf814cd4a9d67c\",\"name\":\"miron\"}]}<\/script>\n<!-- \/ Yoast SEO plugin. -->","yoast_head_json":{"title":"Fermer: \u201cHe\u00e7 \u00e7\u0259kil\u0259n z\u0259hm\u0259t\u0259 d\u0259ym\u0259z\u201d - MEYDAN.TV","robots":{"index":"index","follow":"follow","max-snippet":"max-snippet:-1","max-image-preview":"max-image-preview:large","max-video-preview":"max-video-preview:-1"},"canonical":"https:\/\/www.meydan.tv\/az\/article\/fermer-hec-cekilen-zehmete-deymez\/","og_locale":"az_AZ","og_type":"article","og_title":"Fermer: \u201cHe\u00e7 \u00e7\u0259kil\u0259n z\u0259hm\u0259t\u0259 d\u0259ym\u0259z\u201d - MEYDAN.TV","og_description":"Ot bi\u00e7imi s\u0259rf\u0259li deyil, yem, \u0259t bahala\u015f\u0131b\u2026 \u201cHaz\u0131rda ot bi\u00e7imi ... Davam\u0131","og_url":"https:\/\/www.meydan.tv\/az\/article\/fermer-hec-cekilen-zehmete-deymez\/","og_site_name":"MEYDAN.TV","article_published_time":"2023-05-10T07:59:48+00:00","article_modified_time":"2023-05-10T07:59:50+00:00","og_image":[{"width":2560,"height":1920,"url":"https:\/\/www.meydan.tv\/wp-content\/uploads\/image_from_ios_5_e4f4aif-scaled.jpg","type":"image\/jpeg"}],"author":"miron","twitter_card":"summary_large_image","schema":{"@context":"https:\/\/schema.org","@graph":[{"@type":"Article","@id":"https:\/\/www.meydan.tv\/az\/article\/fermer-hec-cekilen-zehmete-deymez\/#article","isPartOf":{"@id":"https:\/\/www.meydan.tv\/az\/article\/fermer-hec-cekilen-zehmete-deymez\/"},"author":{"name":"miron","@id":"https:\/\/www.meydan.tv\/az\/#\/schema\/person\/981b0b284aeaa9ad0cbf814cd4a9d67c"},"headline":"Fermer: \u201cHe\u00e7 \u00e7\u0259kil\u0259n z\u0259hm\u0259t\u0259 d\u0259ym\u0259z\u201d","datePublished":"2023-05-10T07:59:48+00:00","dateModified":"2023-05-10T07:59:50+00:00","mainEntityOfPage":{"@id":"https:\/\/www.meydan.tv\/az\/article\/fermer-hec-cekilen-zehmete-deymez\/"},"wordCount":498,"publisher":{"@id":"https:\/\/www.meydan.tv\/az\/#organization"},"image":{"@id":"https:\/\/www.meydan.tv\/az\/article\/fermer-hec-cekilen-zehmete-deymez\/#primaryimage"},"thumbnailUrl":"https:\/\/www.meydan.tv\/wp-content\/uploads\/image_from_ios_5_e4f4aif-scaled.jpg","articleSection":["B\u00f6lg\u0259","Sosial","X\u0259b\u0259rl\u0259r"],"inLanguage":"az"},{"@type":"WebPage","@id":"https:\/\/www.meydan.tv\/az\/article\/fermer-hec-cekilen-zehmete-deymez\/","url":"https:\/\/www.meydan.tv\/az\/article\/fermer-hec-cekilen-zehmete-deymez\/","name":"Fermer: \u201cHe\u00e7 \u00e7\u0259kil\u0259n z\u0259hm\u0259t\u0259 d\u0259ym\u0259z\u201d - MEYDAN.TV","isPartOf":{"@id":"https:\/\/www.meydan.tv\/az\/#website"},"primaryImageOfPage":{"@id":"https:\/\/www.meydan.tv\/az\/article\/fermer-hec-cekilen-zehmete-deymez\/#primaryimage"},"image":{"@id":"https:\/\/www.meydan.tv\/az\/article\/fermer-hec-cekilen-zehmete-deymez\/#primaryimage"},"thumbnailUrl":"https:\/\/www.meydan.tv\/wp-content\/uploads\/image_from_ios_5_e4f4aif-scaled.jpg","datePublished":"2023-05-10T07:59:48+00:00","dateModified":"2023-05-10T07:59:50+00:00","breadcrumb":{"@id":"https:\/\/www.meydan.tv\/az\/article\/fermer-hec-cekilen-zehmete-deymez\/#breadcrumb"},"inLanguage":"az","potentialAction":[{"@type":"ReadAction","target":["https:\/\/www.meydan.tv\/az\/article\/fermer-hec-cekilen-zehmete-deymez\/"]}]},{"@type":"ImageObject","inLanguage":"az","@id":"https:\/\/www.meydan.tv\/az\/article\/fermer-hec-cekilen-zehmete-deymez\/#primaryimage","url":"https:\/\/www.meydan.tv\/wp-content\/uploads\/image_from_ios_5_e4f4aif-scaled.jpg","contentUrl":"https:\/\/www.meydan.tv\/wp-content\/uploads\/image_from_ios_5_e4f4aif-scaled.jpg","width":2560,"height":1920,"caption":"Foto: Meydan TV"},{"@type":"BreadcrumbList","@id":"https:\/\/www.meydan.tv\/az\/article\/fermer-hec-cekilen-zehmete-deymez\/#breadcrumb","itemListElement":[{"@type":"ListItem","position":1,"name":"Ana s\u0259hif\u0259","item":"https:\/\/www.meydan.tv\/az\/"},{"@type":"ListItem","position":2,"name":"X\u0259b\u0259rl\u0259r","item":"https:\/\/www.meydan.tv\/az\/section\/xeberler\/"},{"@type":"ListItem","position":3,"name":"Fermer: \u201cHe\u00e7 \u00e7\u0259kil\u0259n z\u0259hm\u0259t\u0259 d\u0259ym\u0259z\u201d"}]},{"@type":"WebSite","@id":"https:\/\/www.meydan.tv\/az\/#website","url":"https:\/\/www.meydan.tv\/az\/","name":"MEYDAN.TV","description":"Meydan TV Az\u0259rbaycan\u0131n media m\u0259kan\u0131ndak\u0131 alternativ s\u0259sidir","publisher":{"@id":"https:\/\/www.meydan.tv\/az\/#organization"},"potentialAction":[{"@type":"SearchAction","target":{"@type":"EntryPoint","urlTemplate":"https:\/\/www.meydan.tv\/az\/?s={search_term_string}"},"query-input":{"@type":"PropertyValueSpecification","valueRequired":true,"valueName":"search_term_string"}}],"inLanguage":"az"},{"@type":"Organization","@id":"https:\/\/www.meydan.tv\/az\/#organization","name":"Meydan TV","url":"https:\/\/www.meydan.tv\/az\/","logo":{"@type":"ImageObject","inLanguage":"az","@id":"https:\/\/www.meydan.tv\/az\/#\/schema\/logo\/image\/","url":"https:\/\/www.meydan.tv\/wp-content\/uploads\/2021\/07\/meydan-logo.svg","contentUrl":"https:\/\/www.meydan.tv\/wp-content\/uploads\/2021\/07\/meydan-logo.svg","width":195,"height":46,"caption":"Meydan TV"},"image":{"@id":"https:\/\/www.meydan.tv\/az\/#\/schema\/logo\/image\/"}},{"@type":"Person","@id":"https:\/\/www.meydan.tv\/az\/#\/schema\/person\/981b0b284aeaa9ad0cbf814cd4a9d67c","name":"miron"}]}},"_links":{"self":[{"href":"https:\/\/www.meydan.tv\/az\/wp-json\/wp\/v2\/posts\/274610","targetHints":{"allow":["GET"]}}],"collection":[{"href":"https:\/\/www.meydan.tv\/az\/wp-json\/wp\/v2\/posts"}],"about":[{"href":"https:\/\/www.meydan.tv\/az\/wp-json\/wp\/v2\/types\/post"}],"author":[{"embeddable":true,"href":"https:\/\/www.meydan.tv\/az\/wp-json\/wp\/v2\/users\/18"}],"replies":[{"embeddable":true,"href":"https:\/\/www.meydan.tv\/az\/wp-json\/wp\/v2\/comments?post=274610"}],"version-history":[{"count":1,"href":"https:\/\/www.meydan.tv\/az\/wp-json\/wp\/v2\/posts\/274610\/revisions"}],"predecessor-version":[{"id":274611,"href":"https:\/\/www.meydan.tv\/az\/wp-json\/wp\/v2\/posts\/274610\/revisions\/274611"}],"wp:featuredmedia":[{"embeddable":true,"href":"https:\/\/www.meydan.tv\/az\/wp-json\/wp\/v2\/media\/133608"}],"wp:attachment":[{"href":"https:\/\/www.meydan.tv\/az\/wp-json\/wp\/v2\/media?parent=274610"}],"wp:term":[{"taxonomy":"category","embeddable":true,"href":"https:\/\/www.meydan.tv\/az\/wp-json\/wp\/v2\/categories?post=274610"},{"taxonomy":"post_tag","embeddable":true,"href":"https:\/\/www.meydan.tv\/az\/wp-json\/wp\/v2\/tags?post=274610"}],"curies":[{"name":"wp","href":"https:\/\/api.w.org\/{rel}","templated":true}]}}