{"id":274524,"date":"2023-05-08T13:27:43","date_gmt":"2023-05-08T09:27:43","guid":{"rendered":"https:\/\/www.meydan.tv\/?p=274524"},"modified":"2023-05-08T13:28:56","modified_gmt":"2023-05-08T09:28:56","slug":"anar-ejder-olun-efve-dusmemesinden-danisdi-prezident-lazim-bilmeyib","status":"publish","type":"post","link":"https:\/\/www.meydan.tv\/az\/article\/anar-ejder-olun-efve-dusmemesinden-danisdi-prezident-lazim-bilmeyib\/","title":{"rendered":"Anar \u018fjd\u0259r Olun \u0259fv\u0259 d\u00fc\u015fm\u0259m\u0259sind\u0259n dan\u0131\u015fd\u0131: &#8220;Prezident laz\u0131m bilm\u0259yib&#8230;&#8221;"},"content":{"rendered":"\n<p><\/p>\n\n\n\n<p><strong><em>Yaz\u0131\u00e7\u0131 deyib ki, bu m\u0259s\u0259l\u0259 prezidentin s\u0259lahiyy\u0259tind\u0259dir<\/em><\/strong><\/p>\n\n\n\n<p>May\u0131n 8-d\u0259 Az\u0259rbaycan Prezidenti \u0130lham \u018fliyev \u018ffv S\u0259r\u0259ncam\u0131<a href=\"https:\/\/storage.googleapis.com\/qurium\/www.meydan.tv\/az-article-yeni-efv-serencami-801-mehkuma-samil-edilecek.html\" target=\"_blank\" rel=\"noreferrer noopener\"> imzalay\u0131b.<\/a><\/p>\n\n\n\n<p>Eks-prezident Heyd\u0259r \u018fliyevin 100 illik yubileyi m\u00fcnasib\u0259til\u0259 imzalanm\u0131\u015f s\u0259n\u0259d\u0259 \u0259sas\u0259n, 801 m\u0259hkum \u0259fv olunub.<\/p>\n\n\n\n<p>Az\u0259rbaycan Yaz\u0131\u00e7\u0131lar Birliyinin (AYB) s\u0259dri, Xalq yaz\u0131\u00e7\u0131s\u0131 Anar Rzayev bir ne\u00e7\u0259 ay \u00f6nc\u0259 \u018fjd\u0259r Olun \u0259fv olunmas\u0131 il\u0259 \u0259laq\u0259dar Prezident \u0130lham \u018fliyev\u0259 m\u00fcraci\u0259t \u00fcnvanlad\u0131\u011f\u0131n\u0131 <a href=\"https:\/\/www.meydan.tv\/az\/article\/anar-ejder-olun-efvi-ile-bagli-ilham-eliyeve-muraciet-edib\/\" target=\"_blank\" rel=\"noreferrer noopener\">a\u00e7\u0131qlam\u0131\u015fd\u0131<\/a>.<\/p>\n\n\n\n<p>Ancaq \u0259fv olunanlar aras\u0131nda \u201c\u018fjd\u0259r Ol\u201d t\u0259x\u0259ll\u00fcs\u00fc il\u0259 tan\u0131nan \u015fair-publisist \u018fjd\u0259r C\u0259biyevin ad\u0131na rast g\u0259linm\u0259yib.<\/p>\n\n\n\n<p>Meydan TV yaz\u0131\u00e7\u0131 Anardan m\u00fcraci\u0259tin\u0259 m\u00fcsb\u0259t cavab\u0131n verilm\u0259m\u0259si v\u0259 \u018fjd\u0259r Olun \u0259fv\u0259 d\u00fc\u015fm\u0259m\u0259sinin s\u0259b\u0259bl\u0259rini \u00f6yr\u0259nm\u0259y\u0259 \u00e7al\u0131\u015f\u0131b.<\/p>\n\n\n\n<p>Yaz\u0131\u00e7\u0131 deyib ki, \u0259fv prezidentin s\u0259lahiyy\u0259tind\u0259 olan m\u0259s\u0259l\u0259dir.<\/p>\n\n\n\n<p><em>\u201c\u018ffvi m\u0259n etmir\u0259m. Prezident laz\u0131m bilm\u0259yib, \u0259fv etm\u0259yib\u201d,<\/em> &#8211; m\u0259s\u0259l\u0259ni \u015f\u0259rh ed\u0259n Anar Meydan TV-y\u0259 bel\u0259 deyib.<\/p>\n\n\n\n<p>O, bu m\u0259s\u0259l\u0259 il\u0259 ba\u011fl\u0131 \u0259lav\u0259 dan\u0131\u015fmaq ist\u0259m\u0259yib.<\/p>\n\n\n\n<p>\u018fm\u0259k v\u0259 \u018fhalinin Sosial M\u00fcdafi\u0259si Nazirliyinin Aparat r\u0259hb\u0259ri olmu\u015f \u018fjd\u0259r C\u0259biyev Cinay\u0259t M\u0259c\u0259ll\u0259sinin 179.3.2-ci (M\u0259nsim\u0259m\u0259, k\u00fclli miqdarda t\u00f6r\u0259dildikd\u0259) 308.2 (v\u0259zif\u0259 s\u0259lahiyy\u0259tl\u0259rind\u0259n sui-istifad\u0259) 311.3.1, 311.3.2 v\u0259 311.3.3-ci (k\u00fclli miqdarda r\u00fc\u015fv\u0259t alma) madd\u0259l\u0259ri il\u0259 t\u0259qsirli bilinib.<\/p>\n\n\n\n<p>O, m\u0259hk\u0259m\u0259nin h\u00f6km\u00fc il\u0259 8 il 6 ay m\u00fcdd\u0259tin\u0259 azadl\u0131qdan m\u0259hrum edilib.<\/p>\n","protected":false},"excerpt":{"rendered":"<p>Yaz\u0131\u00e7\u0131 deyib ki, bu m\u0259s\u0259l\u0259 prezidentin s\u0259lahiyy\u0259tind\u0259dir May\u0131n 8-d\u0259 Az\u0259rbaycan &#8230; <\/p>\n<p class=\"read-more-container\"><a title=\"Anar \u018fjd\u0259r Olun \u0259fv\u0259 d\u00fc\u015fm\u0259m\u0259sind\u0259n dan\u0131\u015fd\u0131: &#8220;Prezident laz\u0131m bilm\u0259yib&#8230;&#8221;\" class=\"read-more button\" href=\"https:\/\/www.meydan.tv\/az\/article\/anar-ejder-olun-efve-dusmemesinden-danisdi-prezident-lazim-bilmeyib\/#more-274524\" aria-label=\"Read more about Anar \u018fjd\u0259r Olun \u0259fv\u0259 d\u00fc\u015fm\u0259m\u0259sind\u0259n dan\u0131\u015fd\u0131: &#8220;Prezident laz\u0131m bilm\u0259yib&#8230;&#8221;\">Davam\u0131<\/a><\/p>\n","protected":false},"author":8,"featured_media":231105,"comment_status":"closed","ping_status":"closed","sticky":false,"template":"","format":"standard","meta":{"_acf_changed":false,"_sitemap_exclude":false,"_sitemap_priority":"","_sitemap_frequency":"","footnotes":""},"categories":[52,56],"tags":[],"class_list":["post-274524","post","type-post","status-publish","format-standard","has-post-thumbnail","hentry","category-medeniyyet","category-xeberler","infinite-scroll-item","generate-columns","tablet-grid-50","mobile-grid-100","grid-parent","grid-33","no-featured-image-padding"],"acf":[],"yoast_head":"<!-- This site is optimized with the Yoast SEO plugin v27.4 - https:\/\/yoast.com\/product\/yoast-seo-wordpress\/ -->\n<title>Anar \u018fjd\u0259r Olun \u0259fv\u0259 d\u00fc\u015fm\u0259m\u0259sind\u0259n dan\u0131\u015fd\u0131: &quot;Prezident laz\u0131m bilm\u0259yib...&quot; - MEYDAN.TV<\/title>\n<meta name=\"robots\" content=\"index, follow, max-snippet:-1, max-image-preview:large, max-video-preview:-1\" \/>\n<link rel=\"canonical\" href=\"https:\/\/www.meydan.tv\/az\/article\/anar-ejder-olun-efve-dusmemesinden-danisdi-prezident-lazim-bilmeyib\/\" \/>\n<meta property=\"og:locale\" content=\"az_AZ\" \/>\n<meta property=\"og:type\" content=\"article\" \/>\n<meta property=\"og:title\" content=\"Anar \u018fjd\u0259r Olun \u0259fv\u0259 d\u00fc\u015fm\u0259m\u0259sind\u0259n dan\u0131\u015fd\u0131: &quot;Prezident laz\u0131m bilm\u0259yib...&quot; - MEYDAN.TV\" \/>\n<meta property=\"og:description\" content=\"Yaz\u0131\u00e7\u0131 deyib ki, bu m\u0259s\u0259l\u0259 prezidentin s\u0259lahiyy\u0259tind\u0259dir May\u0131n 8-d\u0259 Az\u0259rbaycan ... Davam\u0131\" \/>\n<meta property=\"og:url\" content=\"https:\/\/www.meydan.tv\/az\/article\/anar-ejder-olun-efve-dusmemesinden-danisdi-prezident-lazim-bilmeyib\/\" \/>\n<meta property=\"og:site_name\" content=\"MEYDAN.TV\" \/>\n<meta property=\"article:published_time\" content=\"2023-05-08T09:27:43+00:00\" \/>\n<meta property=\"article:modified_time\" content=\"2023-05-08T09:28:56+00:00\" \/>\n<meta property=\"og:image\" content=\"https:\/\/www.meydan.tv\/wp-content\/uploads\/ejder-1-e1641491608351.jpg\" \/>\n\t<meta property=\"og:image:width\" content=\"1394\" \/>\n\t<meta property=\"og:image:height\" content=\"791\" \/>\n\t<meta property=\"og:image:type\" content=\"image\/jpeg\" \/>\n<meta name=\"author\" content=\"elli\" \/>\n<meta name=\"twitter:card\" content=\"summary_large_image\" \/>\n<meta name=\"twitter:creator\" content=\"@elli\" \/>\n<script type=\"application\/ld+json\" class=\"yoast-schema-graph\">{\"@context\":\"https:\\\/\\\/schema.org\",\"@graph\":[{\"@type\":\"Article\",\"@id\":\"https:\\\/\\\/www.meydan.tv\\\/az\\\/article\\\/anar-ejder-olun-efve-dusmemesinden-danisdi-prezident-lazim-bilmeyib\\\/#article\",\"isPartOf\":{\"@id\":\"https:\\\/\\\/www.meydan.tv\\\/az\\\/article\\\/anar-ejder-olun-efve-dusmemesinden-danisdi-prezident-lazim-bilmeyib\\\/\"},\"author\":{\"name\":\"elli\",\"@id\":\"https:\\\/\\\/www.meydan.tv\\\/az\\\/#\\\/schema\\\/person\\\/9cdbecf90d17180ce1dfbd95b08dcf47\"},\"headline\":\"Anar \u018fjd\u0259r Olun \u0259fv\u0259 d\u00fc\u015fm\u0259m\u0259sind\u0259n dan\u0131\u015fd\u0131: &#8220;Prezident laz\u0131m bilm\u0259yib&#8230;&#8221;\",\"datePublished\":\"2023-05-08T09:27:43+00:00\",\"dateModified\":\"2023-05-08T09:28:56+00:00\",\"mainEntityOfPage\":{\"@id\":\"https:\\\/\\\/www.meydan.tv\\\/az\\\/article\\\/anar-ejder-olun-efve-dusmemesinden-danisdi-prezident-lazim-bilmeyib\\\/\"},\"wordCount\":286,\"publisher\":{\"@id\":\"https:\\\/\\\/www.meydan.tv\\\/az\\\/#organization\"},\"image\":{\"@id\":\"https:\\\/\\\/www.meydan.tv\\\/az\\\/article\\\/anar-ejder-olun-efve-dusmemesinden-danisdi-prezident-lazim-bilmeyib\\\/#primaryimage\"},\"thumbnailUrl\":\"https:\\\/\\\/www.meydan.tv\\\/wp-content\\\/uploads\\\/ejder-1-e1641491608351.jpg\",\"articleSection\":[\"M\u0259d\u0259niyy\u0259t\",\"X\u0259b\u0259rl\u0259r\"],\"inLanguage\":\"az\"},{\"@type\":\"WebPage\",\"@id\":\"https:\\\/\\\/www.meydan.tv\\\/az\\\/article\\\/anar-ejder-olun-efve-dusmemesinden-danisdi-prezident-lazim-bilmeyib\\\/\",\"url\":\"https:\\\/\\\/www.meydan.tv\\\/az\\\/article\\\/anar-ejder-olun-efve-dusmemesinden-danisdi-prezident-lazim-bilmeyib\\\/\",\"name\":\"Anar \u018fjd\u0259r Olun \u0259fv\u0259 d\u00fc\u015fm\u0259m\u0259sind\u0259n dan\u0131\u015fd\u0131: \\\"Prezident laz\u0131m bilm\u0259yib...\\\" - MEYDAN.TV\",\"isPartOf\":{\"@id\":\"https:\\\/\\\/www.meydan.tv\\\/az\\\/#website\"},\"primaryImageOfPage\":{\"@id\":\"https:\\\/\\\/www.meydan.tv\\\/az\\\/article\\\/anar-ejder-olun-efve-dusmemesinden-danisdi-prezident-lazim-bilmeyib\\\/#primaryimage\"},\"image\":{\"@id\":\"https:\\\/\\\/www.meydan.tv\\\/az\\\/article\\\/anar-ejder-olun-efve-dusmemesinden-danisdi-prezident-lazim-bilmeyib\\\/#primaryimage\"},\"thumbnailUrl\":\"https:\\\/\\\/www.meydan.tv\\\/wp-content\\\/uploads\\\/ejder-1-e1641491608351.jpg\",\"datePublished\":\"2023-05-08T09:27:43+00:00\",\"dateModified\":\"2023-05-08T09:28:56+00:00\",\"breadcrumb\":{\"@id\":\"https:\\\/\\\/www.meydan.tv\\\/az\\\/article\\\/anar-ejder-olun-efve-dusmemesinden-danisdi-prezident-lazim-bilmeyib\\\/#breadcrumb\"},\"inLanguage\":\"az\",\"potentialAction\":[{\"@type\":\"ReadAction\",\"target\":[\"https:\\\/\\\/www.meydan.tv\\\/az\\\/article\\\/anar-ejder-olun-efve-dusmemesinden-danisdi-prezident-lazim-bilmeyib\\\/\"]}]},{\"@type\":\"ImageObject\",\"inLanguage\":\"az\",\"@id\":\"https:\\\/\\\/www.meydan.tv\\\/az\\\/article\\\/anar-ejder-olun-efve-dusmemesinden-danisdi-prezident-lazim-bilmeyib\\\/#primaryimage\",\"url\":\"https:\\\/\\\/www.meydan.tv\\\/wp-content\\\/uploads\\\/ejder-1-e1641491608351.jpg\",\"contentUrl\":\"https:\\\/\\\/www.meydan.tv\\\/wp-content\\\/uploads\\\/ejder-1-e1641491608351.jpg\",\"width\":1394,\"height\":791,\"caption\":\"\u018fjd\u0259r C\u0259biyev, Foto: https:\\\/\\\/www.ejderol.net\\\/\"},{\"@type\":\"BreadcrumbList\",\"@id\":\"https:\\\/\\\/www.meydan.tv\\\/az\\\/article\\\/anar-ejder-olun-efve-dusmemesinden-danisdi-prezident-lazim-bilmeyib\\\/#breadcrumb\",\"itemListElement\":[{\"@type\":\"ListItem\",\"position\":1,\"name\":\"Ana s\u0259hif\u0259\",\"item\":\"https:\\\/\\\/www.meydan.tv\\\/az\\\/\"},{\"@type\":\"ListItem\",\"position\":2,\"name\":\"M\u0259d\u0259niyy\u0259t\",\"item\":\"https:\\\/\\\/www.meydan.tv\\\/az\\\/section\\\/medeniyyet\\\/\"},{\"@type\":\"ListItem\",\"position\":3,\"name\":\"Anar \u018fjd\u0259r Olun \u0259fv\u0259 d\u00fc\u015fm\u0259m\u0259sind\u0259n dan\u0131\u015fd\u0131: &#8220;Prezident laz\u0131m bilm\u0259yib&#8230;&#8221;\"}]},{\"@type\":\"WebSite\",\"@id\":\"https:\\\/\\\/www.meydan.tv\\\/az\\\/#website\",\"url\":\"https:\\\/\\\/www.meydan.tv\\\/az\\\/\",\"name\":\"MEYDAN.TV\",\"description\":\"Meydan TV Az\u0259rbaycan\u0131n media m\u0259kan\u0131ndak\u0131 alternativ s\u0259sidir\",\"publisher\":{\"@id\":\"https:\\\/\\\/www.meydan.tv\\\/az\\\/#organization\"},\"potentialAction\":[{\"@type\":\"SearchAction\",\"target\":{\"@type\":\"EntryPoint\",\"urlTemplate\":\"https:\\\/\\\/www.meydan.tv\\\/az\\\/?s={search_term_string}\"},\"query-input\":{\"@type\":\"PropertyValueSpecification\",\"valueRequired\":true,\"valueName\":\"search_term_string\"}}],\"inLanguage\":\"az\"},{\"@type\":\"Organization\",\"@id\":\"https:\\\/\\\/www.meydan.tv\\\/az\\\/#organization\",\"name\":\"Meydan TV\",\"url\":\"https:\\\/\\\/www.meydan.tv\\\/az\\\/\",\"logo\":{\"@type\":\"ImageObject\",\"inLanguage\":\"az\",\"@id\":\"https:\\\/\\\/www.meydan.tv\\\/az\\\/#\\\/schema\\\/logo\\\/image\\\/\",\"url\":\"https:\\\/\\\/www.meydan.tv\\\/wp-content\\\/uploads\\\/2021\\\/07\\\/meydan-logo.svg\",\"contentUrl\":\"https:\\\/\\\/www.meydan.tv\\\/wp-content\\\/uploads\\\/2021\\\/07\\\/meydan-logo.svg\",\"width\":195,\"height\":46,\"caption\":\"Meydan TV\"},\"image\":{\"@id\":\"https:\\\/\\\/www.meydan.tv\\\/az\\\/#\\\/schema\\\/logo\\\/image\\\/\"}},{\"@type\":\"Person\",\"@id\":\"https:\\\/\\\/www.meydan.tv\\\/az\\\/#\\\/schema\\\/person\\\/9cdbecf90d17180ce1dfbd95b08dcf47\",\"name\":\"elli\",\"sameAs\":[\"https:\\\/\\\/x.com\\\/elli\"]}]}<\/script>\n<!-- \/ Yoast SEO plugin. -->","yoast_head_json":{"title":"Anar \u018fjd\u0259r Olun \u0259fv\u0259 d\u00fc\u015fm\u0259m\u0259sind\u0259n dan\u0131\u015fd\u0131: \"Prezident laz\u0131m bilm\u0259yib...\" - MEYDAN.TV","robots":{"index":"index","follow":"follow","max-snippet":"max-snippet:-1","max-image-preview":"max-image-preview:large","max-video-preview":"max-video-preview:-1"},"canonical":"https:\/\/www.meydan.tv\/az\/article\/anar-ejder-olun-efve-dusmemesinden-danisdi-prezident-lazim-bilmeyib\/","og_locale":"az_AZ","og_type":"article","og_title":"Anar \u018fjd\u0259r Olun \u0259fv\u0259 d\u00fc\u015fm\u0259m\u0259sind\u0259n dan\u0131\u015fd\u0131: \"Prezident laz\u0131m bilm\u0259yib...\" - MEYDAN.TV","og_description":"Yaz\u0131\u00e7\u0131 deyib ki, bu m\u0259s\u0259l\u0259 prezidentin s\u0259lahiyy\u0259tind\u0259dir May\u0131n 8-d\u0259 Az\u0259rbaycan ... Davam\u0131","og_url":"https:\/\/www.meydan.tv\/az\/article\/anar-ejder-olun-efve-dusmemesinden-danisdi-prezident-lazim-bilmeyib\/","og_site_name":"MEYDAN.TV","article_published_time":"2023-05-08T09:27:43+00:00","article_modified_time":"2023-05-08T09:28:56+00:00","og_image":[{"width":1394,"height":791,"url":"https:\/\/www.meydan.tv\/wp-content\/uploads\/ejder-1-e1641491608351.jpg","type":"image\/jpeg"}],"author":"elli","twitter_card":"summary_large_image","twitter_creator":"@elli","schema":{"@context":"https:\/\/schema.org","@graph":[{"@type":"Article","@id":"https:\/\/www.meydan.tv\/az\/article\/anar-ejder-olun-efve-dusmemesinden-danisdi-prezident-lazim-bilmeyib\/#article","isPartOf":{"@id":"https:\/\/www.meydan.tv\/az\/article\/anar-ejder-olun-efve-dusmemesinden-danisdi-prezident-lazim-bilmeyib\/"},"author":{"name":"elli","@id":"https:\/\/www.meydan.tv\/az\/#\/schema\/person\/9cdbecf90d17180ce1dfbd95b08dcf47"},"headline":"Anar \u018fjd\u0259r Olun \u0259fv\u0259 d\u00fc\u015fm\u0259m\u0259sind\u0259n dan\u0131\u015fd\u0131: &#8220;Prezident laz\u0131m bilm\u0259yib&#8230;&#8221;","datePublished":"2023-05-08T09:27:43+00:00","dateModified":"2023-05-08T09:28:56+00:00","mainEntityOfPage":{"@id":"https:\/\/www.meydan.tv\/az\/article\/anar-ejder-olun-efve-dusmemesinden-danisdi-prezident-lazim-bilmeyib\/"},"wordCount":286,"publisher":{"@id":"https:\/\/www.meydan.tv\/az\/#organization"},"image":{"@id":"https:\/\/www.meydan.tv\/az\/article\/anar-ejder-olun-efve-dusmemesinden-danisdi-prezident-lazim-bilmeyib\/#primaryimage"},"thumbnailUrl":"https:\/\/www.meydan.tv\/wp-content\/uploads\/ejder-1-e1641491608351.jpg","articleSection":["M\u0259d\u0259niyy\u0259t","X\u0259b\u0259rl\u0259r"],"inLanguage":"az"},{"@type":"WebPage","@id":"https:\/\/www.meydan.tv\/az\/article\/anar-ejder-olun-efve-dusmemesinden-danisdi-prezident-lazim-bilmeyib\/","url":"https:\/\/www.meydan.tv\/az\/article\/anar-ejder-olun-efve-dusmemesinden-danisdi-prezident-lazim-bilmeyib\/","name":"Anar \u018fjd\u0259r Olun \u0259fv\u0259 d\u00fc\u015fm\u0259m\u0259sind\u0259n dan\u0131\u015fd\u0131: \"Prezident laz\u0131m bilm\u0259yib...\" - MEYDAN.TV","isPartOf":{"@id":"https:\/\/www.meydan.tv\/az\/#website"},"primaryImageOfPage":{"@id":"https:\/\/www.meydan.tv\/az\/article\/anar-ejder-olun-efve-dusmemesinden-danisdi-prezident-lazim-bilmeyib\/#primaryimage"},"image":{"@id":"https:\/\/www.meydan.tv\/az\/article\/anar-ejder-olun-efve-dusmemesinden-danisdi-prezident-lazim-bilmeyib\/#primaryimage"},"thumbnailUrl":"https:\/\/www.meydan.tv\/wp-content\/uploads\/ejder-1-e1641491608351.jpg","datePublished":"2023-05-08T09:27:43+00:00","dateModified":"2023-05-08T09:28:56+00:00","breadcrumb":{"@id":"https:\/\/www.meydan.tv\/az\/article\/anar-ejder-olun-efve-dusmemesinden-danisdi-prezident-lazim-bilmeyib\/#breadcrumb"},"inLanguage":"az","potentialAction":[{"@type":"ReadAction","target":["https:\/\/www.meydan.tv\/az\/article\/anar-ejder-olun-efve-dusmemesinden-danisdi-prezident-lazim-bilmeyib\/"]}]},{"@type":"ImageObject","inLanguage":"az","@id":"https:\/\/www.meydan.tv\/az\/article\/anar-ejder-olun-efve-dusmemesinden-danisdi-prezident-lazim-bilmeyib\/#primaryimage","url":"https:\/\/www.meydan.tv\/wp-content\/uploads\/ejder-1-e1641491608351.jpg","contentUrl":"https:\/\/www.meydan.tv\/wp-content\/uploads\/ejder-1-e1641491608351.jpg","width":1394,"height":791,"caption":"\u018fjd\u0259r C\u0259biyev, Foto: https:\/\/www.ejderol.net\/"},{"@type":"BreadcrumbList","@id":"https:\/\/www.meydan.tv\/az\/article\/anar-ejder-olun-efve-dusmemesinden-danisdi-prezident-lazim-bilmeyib\/#breadcrumb","itemListElement":[{"@type":"ListItem","position":1,"name":"Ana s\u0259hif\u0259","item":"https:\/\/www.meydan.tv\/az\/"},{"@type":"ListItem","position":2,"name":"M\u0259d\u0259niyy\u0259t","item":"https:\/\/www.meydan.tv\/az\/section\/medeniyyet\/"},{"@type":"ListItem","position":3,"name":"Anar \u018fjd\u0259r Olun \u0259fv\u0259 d\u00fc\u015fm\u0259m\u0259sind\u0259n dan\u0131\u015fd\u0131: &#8220;Prezident laz\u0131m bilm\u0259yib&#8230;&#8221;"}]},{"@type":"WebSite","@id":"https:\/\/www.meydan.tv\/az\/#website","url":"https:\/\/www.meydan.tv\/az\/","name":"MEYDAN.TV","description":"Meydan TV Az\u0259rbaycan\u0131n media m\u0259kan\u0131ndak\u0131 alternativ s\u0259sidir","publisher":{"@id":"https:\/\/www.meydan.tv\/az\/#organization"},"potentialAction":[{"@type":"SearchAction","target":{"@type":"EntryPoint","urlTemplate":"https:\/\/www.meydan.tv\/az\/?s={search_term_string}"},"query-input":{"@type":"PropertyValueSpecification","valueRequired":true,"valueName":"search_term_string"}}],"inLanguage":"az"},{"@type":"Organization","@id":"https:\/\/www.meydan.tv\/az\/#organization","name":"Meydan TV","url":"https:\/\/www.meydan.tv\/az\/","logo":{"@type":"ImageObject","inLanguage":"az","@id":"https:\/\/www.meydan.tv\/az\/#\/schema\/logo\/image\/","url":"https:\/\/www.meydan.tv\/wp-content\/uploads\/2021\/07\/meydan-logo.svg","contentUrl":"https:\/\/www.meydan.tv\/wp-content\/uploads\/2021\/07\/meydan-logo.svg","width":195,"height":46,"caption":"Meydan TV"},"image":{"@id":"https:\/\/www.meydan.tv\/az\/#\/schema\/logo\/image\/"}},{"@type":"Person","@id":"https:\/\/www.meydan.tv\/az\/#\/schema\/person\/9cdbecf90d17180ce1dfbd95b08dcf47","name":"elli","sameAs":["https:\/\/x.com\/elli"]}]}},"_links":{"self":[{"href":"https:\/\/www.meydan.tv\/az\/wp-json\/wp\/v2\/posts\/274524","targetHints":{"allow":["GET"]}}],"collection":[{"href":"https:\/\/www.meydan.tv\/az\/wp-json\/wp\/v2\/posts"}],"about":[{"href":"https:\/\/www.meydan.tv\/az\/wp-json\/wp\/v2\/types\/post"}],"author":[{"embeddable":true,"href":"https:\/\/www.meydan.tv\/az\/wp-json\/wp\/v2\/users\/8"}],"replies":[{"embeddable":true,"href":"https:\/\/www.meydan.tv\/az\/wp-json\/wp\/v2\/comments?post=274524"}],"version-history":[{"count":2,"href":"https:\/\/www.meydan.tv\/az\/wp-json\/wp\/v2\/posts\/274524\/revisions"}],"predecessor-version":[{"id":274526,"href":"https:\/\/www.meydan.tv\/az\/wp-json\/wp\/v2\/posts\/274524\/revisions\/274526"}],"wp:featuredmedia":[{"embeddable":true,"href":"https:\/\/www.meydan.tv\/az\/wp-json\/wp\/v2\/media\/231105"}],"wp:attachment":[{"href":"https:\/\/www.meydan.tv\/az\/wp-json\/wp\/v2\/media?parent=274524"}],"wp:term":[{"taxonomy":"category","embeddable":true,"href":"https:\/\/www.meydan.tv\/az\/wp-json\/wp\/v2\/categories?post=274524"},{"taxonomy":"post_tag","embeddable":true,"href":"https:\/\/www.meydan.tv\/az\/wp-json\/wp\/v2\/tags?post=274524"}],"curies":[{"name":"wp","href":"https:\/\/api.w.org\/{rel}","templated":true}]}}