{"id":274514,"date":"2023-05-08T13:25:13","date_gmt":"2023-05-08T09:25:13","guid":{"rendered":"https:\/\/www.meydan.tv\/?p=274514"},"modified":"2023-05-08T13:25:15","modified_gmt":"2023-05-08T09:25:15","slug":"ilham-eliyevin-8-may-efvi-korrupsiyaya-bulasmis-memurlar-azad-olunub","status":"publish","type":"post","link":"https:\/\/www.meydan.tv\/az\/article\/ilham-eliyevin-8-may-efvi-korrupsiyaya-bulasmis-memurlar-azad-olunub\/","title":{"rendered":"\u0130lham \u018fliyevin 8 may \u0259fvi: &#8220;Korrupsiyaya bula\u015fm\u0131\u015f m\u0259murlar azad olunub&#8221;"},"content":{"rendered":"\n<p><\/p>\n\n\n\n<p><strong><em>H\u00fcquq m\u00fcdafi\u0259\u00e7il\u0259ri v\u0259 siyas\u0259t\u00e7il\u0259r s\u0259r\u0259ncam\u0131 birm\u0259nal\u0131 qar\u015f\u0131lam\u0131rlar<\/em><\/strong><\/p>\n\n\n\n<p>Prezident \u0130lham \u018fliyevin may\u0131n 8-d\u0259 imzalad\u0131\u011f\u0131 \u0259fv <a href=\"https:\/\/storage.googleapis.com\/qurium\/www.meydan.tv\/az-article-yeni-efv-serencami-801-mehkuma-samil-edilecek.html\" target=\"_blank\" rel=\"noreferrer noopener\">s\u0259r\u0259ncam<\/a>\u0131 801 m\u0259hkuma \u015famil olunub.<\/p>\n\n\n\n<p>Onlardan 463 \u015f\u0259xs azadl\u0131qdan m\u0259hrum etm\u0259 c\u0259zas\u0131ndan, 220 n\u0259f\u0259r azadl\u0131qdan m\u0259hrum etm\u0259 c\u0259zas\u0131n\u0131n \u00e7\u0259kilm\u0259mi\u015f hiss\u0259sinin yar\u0131s\u0131ndan, 118 n\u0259f\u0259r azadl\u0131qdan m\u0259hrum etm\u0259 il\u0259 ba\u011fl\u0131 olmayan dig\u0259r c\u0259zalardan (azadl\u0131\u011f\u0131n m\u0259hdudla\u015fd\u0131r\u0131lmas\u0131, islah i\u015fl\u0259ri, c\u0259rim\u0259 c\u0259zalar\u0131 v\u0259 c\u0259zaya \u015f\u0259rti m\u0259hkum edilmi\u015f \u015f\u0259xsl\u0259r) azad edilib.<\/p>\n\n\n\n<p>Meydan TV-y\u0259 dan\u0131\u015fan h\u00fcquq m\u00fcdafi\u0259\u00e7il\u0259ri s\u0259r\u0259ncama m\u00fcxt\u0259lif yana\u015fmalar s\u0259rgil\u0259yibl\u0259r.<\/p>\n\n\n\n<p><strong>&#8220;Hakimiyy\u0259tin insan haqlar\u0131na qar\u015f\u0131 niyy\u0259ti b\u0259llidir&#8221;<\/strong><\/p>\n\n\n\n<p>M\u0259s\u0259l\u0259n, Siyasi M\u0259hbuslar\u0131n Monitorinqi M\u0259rk\u0259zinin r\u0259hb\u0259ri El\u015f\u0259n H\u0259s\u0259nov \u0259fv s\u0259r\u0259ncam\u0131ndan naraz\u0131d\u0131r.<\/p>\n\n\n\n<p>Onun s\u00f6zl\u0259rin\u0259 g\u00f6r\u0259, onlar\u0131n siyah\u0131s\u0131nda 180 m\u0259hbusun ad\u0131 var:<\/p>\n\n\n\n<p>&#8220;<em>M\u0259n, \u00fcmumiyy\u0259tl\u0259, imzalanan s\u0259r\u0259ncamdan \u00e7ox naraz\u0131yam. \u00c7\u00fcnki siyasi m\u0259hbus problemi yen\u0259 d\u0259 qal\u0131r, amma korrupsiyaya bula\u015fm\u0131\u015f ke\u00e7mi\u015f m\u0259murlar \u0259fv olunub, m\u0259s\u0259l\u0259n, m\u0259d\u0259niyy\u0259t nazirinin ke\u00e7mi\u015f m\u00fcavini Rafiq Bayramov&#8230;&#8221;.<\/em><\/p>\n\n\n<div class=\"wp-block-image\">\n<figure class=\"aligncenter size-full is-resized\"><img decoding=\"async\" data-src=\"https:\/\/www.meydan.tv\/wp-content\/uploads\/18477.jpg\" alt=\"Siyasi M\u0259hbuslar\u0131n Monitorinqi M\u0259rk\u0259zinin r\u0259hb\u0259ri El\u015f\u0259n H\u0259s\u0259nov\" class=\"wp-image-49169 lazyload\" width=\"803\" height=\"432\" src=\"data:image\/svg+xml;base64,PHN2ZyB3aWR0aD0iMSIgaGVpZ2h0PSIxIiB4bWxucz0iaHR0cDovL3d3dy53My5vcmcvMjAwMC9zdmciPjwvc3ZnPg==\" style=\"--smush-placeholder-width: 803px; --smush-placeholder-aspect-ratio: 803\/432;\" \/><figcaption class=\"wp-element-caption\">Foto: El\u015f\u0259n H\u0259s\u0259novun \u015f\u0259xsi arxivind\u0259n<\/figcaption><\/figure>\n<\/div>\n\n\n<p>E.H\u0259s\u0259nov deyir ki, h\u00f6kum\u0259tin formala\u015fd\u0131rd\u0131\u011f\u0131 \u018ffv Komissiyas\u0131 d\u00f6vl\u0259t ba\u015f\u00e7\u0131s\u0131na siyah\u0131 t\u0259qdim edir, ancaq h\u0259min siyah\u0131da n\u0259 \u00f6m\u00fcrl\u00fck m\u0259hbuslar\u0131n, n\u0259 d\u0259 siyasi m\u0259hbuslar\u0131n ad\u0131 olur:<\/p>\n\n\n\n<p>&#8220;<em>El\u00e7in \u018fmiraslanov 25 ild\u0259n \u00e7oxdur ki, m\u0259hbus h\u0259yat\u0131 ya\u015fay\u0131r v\u0259 he\u00e7 vaxt daxili qaydalar\u0131 pozmay\u0131b. Yaxud dindarlar var ki, ill\u0259rdir h\u0259bsd\u0259dir&#8230; El\u0259 buna g\u00f6r\u0259 d\u0259 biz komissiyaya siyah\u0131 t\u0259qdim etm\u0259dik, \u00e7\u00fcnki hakimiyy\u0259tin insan haqlar\u0131na qar\u015f\u0131 niyy\u0259ti b\u0259llidir&#8221;.<\/em><\/p>\n\n\n\n<p><strong>Bak\u0131 \u0130nsan H\u00fcquqlar\u0131 Klubunun s\u0259dri m\u00fcsb\u0259t qiym\u0259tl\u0259ndirir&#8230;<\/strong><\/p>\n\n\n\n<p>Bak\u0131 \u0130nsan H\u00fcquqlar\u0131 Klubunun s\u0259dri R\u0259sul C\u0259f\u0259rov s\u0259r\u0259ncam\u0131 m\u00fcsb\u0259t d\u0259y\u0259rl\u0259ndirib:<\/p>\n\n\n\n<p><em>&#8220;801 n\u0259f\u0259rin \u0259hat\u0259 ed\u0259n s\u0259r\u0259ncam n\u0259tic\u0259sind\u0259 463 m\u0259hbus birba\u015fa azad edilir, 220 n\u0259f\u0259rin c\u0259zas\u0131n\u0131n \u00e7\u0259kilm\u0259mi\u015f hiss\u0259si yar\u0131ya q\u0259d\u0259r azald\u0131l\u0131b&#8221;.<\/em><\/p>\n\n\n<div class=\"wp-block-image\">\n<figure class=\"aligncenter size-full\"><img decoding=\"async\" width=\"1200\" height=\"796\" data-src=\"https:\/\/www.meydan.tv\/wp-content\/uploads\/308125138_10228707121288081_3773517689816948895_n.jpg\" alt=\"\" class=\"wp-image-256438 lazyload\" src=\"data:image\/svg+xml;base64,PHN2ZyB3aWR0aD0iMSIgaGVpZ2h0PSIxIiB4bWxucz0iaHR0cDovL3d3dy53My5vcmcvMjAwMC9zdmciPjwvc3ZnPg==\" style=\"--smush-placeholder-width: 1200px; --smush-placeholder-aspect-ratio: 1200\/796;\" \/><figcaption class=\"wp-element-caption\">Foto: R\u0259sul C\u0259f\u0259rovun \u015f\u0259xsi arxivind\u0259n<\/figcaption><\/figure>\n<\/div>\n\n\n<p>R\u0259sul C\u0259f\u0259rov \u018ffv Komissiyas\u0131na 50 n\u0259f\u0259rlik siyah\u0131 t\u0259qdim etdikl\u0259rini bildirib:<\/p>\n\n\n\n<p><em>&#8220;Bizim siyah\u0131dan 10 m\u0259hbus \u0259fv edilib, 9-u birba\u015fa azad edilib. Ancaq &#8220;T\u0259rt\u0259r i\u015fi&#8221;n\u0259 g\u00f6r\u0259 h\u0259bs olunan \u0130smay\u0131l H\u00fcseynovun c\u0259zas\u0131 yar\u0131ya endirilib. \u018flb\u0259tt\u0259, ist\u0259rdik ki, daha \u00e7ox m\u0259hbus \u0259fv olunsun, siyah\u0131m\u0131zda &#8220;T\u0259rt\u0259r i\u015fi&#8221;, &#8220;G\u0259nc\u0259 i\u015fi&#8221; il\u0259 ba\u011fl\u0131 xeyli m\u0259hbus var ki, \u0259fv olunmad\u0131, yaxud \u00f6m\u00fcrl\u00fck azadl\u0131qdan m\u0259hrum olunanlar h\u0259bsd\u0259 qald\u0131. Bundan sonra h\u0259min insanlar\u0131n azad olunmas\u0131 istiqam\u0259tind\u0259 \u00e7al\u0131\u015faca\u011f\u0131q&#8221;.<\/em><\/p>\n\n\n\n<p><strong><em>&#8220;Siyasi m\u0259hbus problemi dan\u0131\u015f\u0131qlar predmetind\u0259n \u00e7\u0131xar\u0131l\u0131b&#8221;<\/em><\/strong><\/p>\n\n\n\n<p>&#8220;M\u00fcdafi\u0259 X\u0259tti&#8221; T\u0259\u015fkilat\u0131n\u0131n t\u0259msil\u00e7isi R\u00fcf\u0259t S\u0259f\u0259rov s\u0259r\u0259ncam\u0131 m\u0259nfi qiym\u0259tl\u0259ndirib:<\/p>\n\n\n\n<p>&#8220;<em>\u018fslind\u0259, f\u0259rqli s\u0259r\u0259ncam g\u00f6zl\u0259yirdim. Amma n\u0259 ba\u015f verdi: 3 korrupsiyaya g\u00f6r\u0259 h\u0259bs olunan m\u0259mur \u0259fv olunub v\u0259 2 siyasi m\u0259hbus. Onlardan biri &#8211; El\u00e7in M\u0259mm\u0259dl\u0259 ba\u011fl\u0131 AB\u015e D\u00f6vl\u0259t Departamenti kampaniyaya ba\u015flam\u0131\u015fd\u0131 v\u0259 azad olunma\u011f\u0131na 3-4 ay\u0131 qalm\u0131\u015fd\u0131. \u00d6m\u00fcrl\u00fck c\u0259za \u00e7\u0259k\u0259n El\u00e7in \u018f\u00e7miraslanov v\u0259 dig\u0259rl\u0259ri, yaxud \u0130lham Aslano\u011flu, Abid Qafarov h\u0259bsd\u0259 qald\u0131&#8221;.<\/em><\/p>\n\n\n<div class=\"wp-block-image\">\n<figure class=\"aligncenter size-full\"><img decoding=\"async\" width=\"1136\" height=\"638\" data-src=\"https:\/\/www.meydan.tv\/wp-content\/uploads\/25690.jpg\" alt=\"R\u00fcf\u0259t S\u0259f\u0259rov\" class=\"wp-image-67241 lazyload\" src=\"data:image\/svg+xml;base64,PHN2ZyB3aWR0aD0iMSIgaGVpZ2h0PSIxIiB4bWxucz0iaHR0cDovL3d3dy53My5vcmcvMjAwMC9zdmciPjwvc3ZnPg==\" style=\"--smush-placeholder-width: 1136px; --smush-placeholder-aspect-ratio: 1136\/638;\" \/><figcaption class=\"wp-element-caption\">Foto: R\u00fcf\u0259t S\u0259f\u0259rovun \u015f\u0259xsi arxivind\u0259n<\/figcaption><\/figure>\n<\/div>\n\n\n<p>R\u00fcf\u0259t S\u0259f\u0259rov yaranm\u0131\u015f m\u0259nz\u0259r\u0259nin s\u0259b\u0259bini beyn\u0259lxalq t\u0259\u015fkilatlar\u0131n h\u00f6kum\u0259t\u0259 t\u0259zyiqinin olmamas\u0131nda g\u00f6r\u00fcr:<\/p>\n\n\n\n<p><em>&#8220;8 may \u0259fv s\u0259r\u0259ncam\u0131 2019-cu ilin mart\u0131nda imzalanan s\u0259r\u0259ncamdan z\u0259ifdir, o vaxt 51 siyasi m\u0259hbus \u0259fv olundu. \u00c7\u00fcnki Avropa Birliyinin t\u0259zyiql\u0259ri yet\u0259rinc\u0259ydi. G\u00f6r\u00fcn\u00fcr, indi geopolitik \u015f\u0259rtl\u0259r d\u0259yi\u015fdiyind\u0259n siyasi m\u0259hbus problemi dan\u0131\u015f\u0131qlar predmetind\u0259n \u00e7\u0131xar\u0131l\u0131b&#8221;.<\/em><\/p>\n\n\n\n<p>\u0130nsan Haqlar\u0131n\u0131n Monitorinq Qrupunun \u00fczv\u00fc S\u0259ad\u0259t B\u0259n\u0259nyarl\u0131 \u018ffv Komissiyas\u0131na t\u0259qdim etdiyi siyah\u0131da 29 m\u0259hkumun oldu\u011funu, ancaq onlardan 3 n\u0259f\u0259rin \u0259fv edildiyini bildirib:<\/p>\n\n\n<div class=\"wp-block-image\">\n<figure class=\"aligncenter size-full is-resized\"><img decoding=\"async\" data-src=\"https:\/\/www.meydan.tv\/wp-content\/uploads\/bananyarli_1491483955.jpg\" alt=\"S\u0259ad\u0259t B\u0259n\u0259nyarl\u0131\" class=\"wp-image-145998 lazyload\" width=\"799\" height=\"514\" src=\"data:image\/svg+xml;base64,PHN2ZyB3aWR0aD0iMSIgaGVpZ2h0PSIxIiB4bWxucz0iaHR0cDovL3d3dy53My5vcmcvMjAwMC9zdmciPjwvc3ZnPg==\" style=\"--smush-placeholder-width: 799px; --smush-placeholder-aspect-ratio: 799\/514;\" \/><figcaption class=\"wp-element-caption\">Foto: Meydan TV<\/figcaption><\/figure>\n<\/div>\n\n\n<p><em>&#8220;Bununla bel\u0259, m\u0259n b\u00fct\u00fcn \u0259fv s\u0259r\u0259ncamlar\u0131n\u0131 m\u00fcsb\u0259t qiym\u0259tl\u0259ndirir\u0259m. \u00c7\u00fcnki kimliyind\u0259n as\u0131l\u0131 olmayaraq azad olunanlar\u0131n ail\u0259l\u0259ri sevinir. T\u0259bii ki, biz ictimaiyy\u0259tin diqq\u0259tind\u0259 olan m\u0259hbuslar azad edilm\u0259sini g\u00f6zl\u0259yirik v\u0259 ist\u0259yirik&#8221;.<\/em><\/p>\n\n\n\n<p><strong>&#8220;\u0130lham \u018fliyevin s\u0259r\u0259ncam\u0131 &#8220;yar\u0131m\u00e7\u0131q \u0259fv&#8221;dir&#8230;&#8221;<\/strong><\/p>\n\n\n\n<p>Az\u0259rbaycan Xalq C\u0259bh\u0259si Partiyas\u0131n\u0131n s\u0259dri (AXCP) \u018fli K\u0259rimli deyir ki, \u0130lham \u018fliyevin \u0259fv s\u0259r\u0259ncam\u0131 ba\u015fdan-aya\u011fa ictimaiyy\u0259t\u0259 h\u00f6rm\u0259tsizlikdir.<\/p>\n\n\n\n<p>AXCP s\u0259dri bu bar\u0259d\u0259 &#8220;Facebook&#8221; hesab\u0131nda <a href=\"https:\/\/www.facebook.com\/karimliali\/posts\/pfbid02enLaMX26PwvHpVy6VaY5GvoWJanhMd4ALdkbhtPDPpqXZB9GV7XbXF7MmNysnNZDl\" target=\"_blank\" rel=\"noreferrer noopener\">yaz\u0131b.<\/a><\/p>\n\n\n\n<p>O hesab edir ki, siyasi m\u0259hbuslar\u0131n azadl\u0131\u011fa burax\u0131lmamas\u0131 hakimiyy\u0259tin repressiya siyas\u0259tin\u0259 sadiq qalmas\u0131ndan x\u0259b\u0259r verir:<\/p>\n\n\n\n<p><em>&#8220;\u018fvv\u0259la, ona g\u00f6r\u0259 ki bu g\u00fcnl\u0259rd\u0259 h\u0259r hans\u0131 \u0259fv s\u0259r\u0259ncam\u0131 olacaqd\u0131sa, bu, 28 Mayda &#8211;\u00a0 d\u00f6vl\u0259timizin qurulmas\u0131n\u0131n 105-ci ild\u00f6n\u00fcm\u00fc m\u00fcnasib\u0259til\u0259 olmal\u0131 idi. D\u00f6vl\u0259tin qurulu\u015f yubileyi nec\u0259 ata yubileyin\u0259 qurban veril\u0259 bil\u0259r? Bu s\u0259r\u0259ncam ail\u0259 hakimiyy\u0259ti maraqlar\u0131n\u0131 d\u00f6vl\u0259t maraqlar\u0131n\u0131n \u00f6n\u00fcn\u0259 ke\u00e7irm\u0259yin parlaq n\u00fcmun\u0259sidir. \u0130kincisi, \u00f6lk\u0259nin h\u0259bsxanalar\u0131nda 100 n\u0259f\u0259rd\u0259n xeyli art\u0131q siyasi m\u0259hbus vark\u0259n, \u0259fv s\u0259r\u0259ncam\u0131 il\u0259\u00a0 801 m\u0259hbus azad edilirk\u0259n, yaln\u0131z 2 n\u0259f\u0259r siyasi m\u0259hbusun azad edilm\u0259si\u00a0 rejimin repressiya siyas\u0259tin\u0259 s\u0259daq\u0259tinin n\u00fcmayi\u015fidir&#8221;.<\/em><\/p>\n\n\n\n<figure class=\"wp-block-image size-large\"><img decoding=\"async\" width=\"1200\" height=\"675\" data-src=\"https:\/\/www.meydan.tv\/wp-content\/uploads\/ali_kerimli-scaled-e1649235488318-1200x675.jpg\" alt=\"\u018fli K\u0259rimli\" class=\"wp-image-210019 lazyload\" src=\"data:image\/svg+xml;base64,PHN2ZyB3aWR0aD0iMSIgaGVpZ2h0PSIxIiB4bWxucz0iaHR0cDovL3d3dy53My5vcmcvMjAwMC9zdmciPjwvc3ZnPg==\" style=\"--smush-placeholder-width: 1200px; --smush-placeholder-aspect-ratio: 1200\/675;\" \/><figcaption class=\"wp-element-caption\">Foto: Meydan TV<\/figcaption><\/figure>\n\n\n\n<p><em>&#8220;Yeri g\u0259lmi\u015fk\u0259n, \u0259fv s\u0259r\u0259ncam\u0131 il\u0259 azad edil\u0259c\u0259k siyasi m\u0259hbuslar \u018fli \u018fliyev v\u0259 El\u00e7in M\u0259mm\u0259di t\u0259brik edir\u0259m. Bu &#8220;\u0259fv&#8221; s\u0259r\u0259ncam\u0131\u00a0 h\u0259m d\u0259 onun mesaj\u0131d\u0131r ki,\u00a0 \u0130lham \u018fliyev zorla, h\u0259bsl\u0259, repressiya il\u0259 idar\u0259 etm\u0259k siyas\u0259tind\u0259n m\u0259cbur olmad\u0131qca\u00a0 imtina etm\u0259y\u0259c\u0259k. Ancaq m\u0259cbur olanda o, xeyli siyasi m\u0259hbusu bir s\u0259r\u0259ncamla azad ed\u0259 bilir&#8221;, <\/em>&#8211; \u018fli K\u0259rimli qeyd edib.<\/p>\n\n\n\n<p>\u018fli K\u0259rimli \u0130lham \u018fliyevin imzalad\u0131\u011f\u0131 s\u0259r\u0259ncam\u0131 &#8220;yar\u0131m\u00e7\u0131q \u0259fv&#8221; adland\u0131r\u0131b:<\/p>\n\n\n\n<p>&#8220;<em>Bu yar\u0131m\u00e7\u0131q \u0259fv s\u0259r\u0259ncam\u0131 bir d\u0259 \u0130lham \u018fliyevi alq\u0131\u015flaya-alq\u0131\u015flaya t\u0259drici islahatlara s\u00f6vq ed\u0259c\u0259yini iddia ed\u0259n b\u0259zi beyn\u0259lxalq dair\u0259l\u0259rin d\u0259 yana\u015fmas\u0131n\u0131n s\u0259hv oldu\u011funu ortaya \u00e7\u0131xard\u0131&#8221;.<\/em><\/p>\n\n\n\n<p>Az\u0259rbaycanda sonuncu d\u0259f\u0259 \u018ffv S\u0259r\u0259ncam\u0131 2022-ci ilin 27 may\u0131nda <a href=\"https:\/\/www.meydan.tv\/az\/article\/efv-serencami-imzalandi-azadliga-cixanlar-arasinda-siyasi-feallar-da-var\/\" target=\"_blank\" rel=\"noreferrer noopener\">imzalanm\u0131\u015fd\u0131<\/a>.<\/p>\n","protected":false},"excerpt":{"rendered":"<p>H\u00fcquq m\u00fcdafi\u0259\u00e7il\u0259ri v\u0259 siyas\u0259t\u00e7il\u0259r s\u0259r\u0259ncam\u0131 birm\u0259nal\u0131 qar\u015f\u0131lam\u0131rlar Prezident \u0130lham \u018fliyevin &#8230; <\/p>\n<p class=\"read-more-container\"><a title=\"\u0130lham \u018fliyevin 8 may \u0259fvi: &#8220;Korrupsiyaya bula\u015fm\u0131\u015f m\u0259murlar azad olunub&#8221;\" class=\"read-more button\" href=\"https:\/\/www.meydan.tv\/az\/article\/ilham-eliyevin-8-may-efvi-korrupsiyaya-bulasmis-memurlar-azad-olunub\/#more-274514\" aria-label=\"Read more about \u0130lham \u018fliyevin 8 may \u0259fvi: &#8220;Korrupsiyaya bula\u015fm\u0131\u015f m\u0259murlar azad olunub&#8221;\">Davam\u0131<\/a><\/p>\n","protected":false},"author":8,"featured_media":274520,"comment_status":"closed","ping_status":"closed","sticky":false,"template":"","format":"standard","meta":{"_acf_changed":false,"_sitemap_exclude":false,"_sitemap_priority":"","_sitemap_frequency":"","footnotes":""},"categories":[59,79,56],"tags":[],"class_list":["post-274514","post","type-post","status-publish","format-standard","has-post-thumbnail","hentry","category-siyaset","category-featured","category-xeberler","infinite-scroll-item","generate-columns","tablet-grid-50","mobile-grid-100","grid-parent","grid-33","no-featured-image-padding"],"acf":[],"yoast_head":"<!-- This site is optimized with the Yoast SEO plugin v27.4 - https:\/\/yoast.com\/product\/yoast-seo-wordpress\/ -->\n<title>\u0130lham \u018fliyevin 8 may \u0259fvi: &quot;Korrupsiyaya bula\u015fm\u0131\u015f m\u0259murlar azad olunub&quot; - MEYDAN.TV<\/title>\n<meta name=\"robots\" content=\"index, follow, max-snippet:-1, max-image-preview:large, max-video-preview:-1\" \/>\n<link rel=\"canonical\" href=\"https:\/\/www.meydan.tv\/az\/article\/ilham-eliyevin-8-may-efvi-korrupsiyaya-bulasmis-memurlar-azad-olunub\/\" \/>\n<meta property=\"og:locale\" content=\"az_AZ\" \/>\n<meta property=\"og:type\" content=\"article\" \/>\n<meta property=\"og:title\" content=\"\u0130lham \u018fliyevin 8 may \u0259fvi: &quot;Korrupsiyaya bula\u015fm\u0131\u015f m\u0259murlar azad olunub&quot; - MEYDAN.TV\" \/>\n<meta property=\"og:description\" content=\"H\u00fcquq m\u00fcdafi\u0259\u00e7il\u0259ri v\u0259 siyas\u0259t\u00e7il\u0259r s\u0259r\u0259ncam\u0131 birm\u0259nal\u0131 qar\u015f\u0131lam\u0131rlar Prezident \u0130lham \u018fliyevin ... Davam\u0131\" \/>\n<meta property=\"og:url\" content=\"https:\/\/www.meydan.tv\/az\/article\/ilham-eliyevin-8-may-efvi-korrupsiyaya-bulasmis-memurlar-azad-olunub\/\" \/>\n<meta property=\"og:site_name\" content=\"MEYDAN.TV\" \/>\n<meta property=\"article:published_time\" content=\"2023-05-08T09:25:13+00:00\" \/>\n<meta property=\"article:modified_time\" content=\"2023-05-08T09:25:15+00:00\" \/>\n<meta property=\"og:image\" content=\"https:\/\/www.meydan.tv\/wp-content\/uploads\/shutterstock_2130763307.jpg\" \/>\n\t<meta property=\"og:image:width\" content=\"1200\" \/>\n\t<meta property=\"og:image:height\" content=\"720\" \/>\n\t<meta property=\"og:image:type\" content=\"image\/jpeg\" \/>\n<meta name=\"author\" content=\"elli\" \/>\n<meta name=\"twitter:card\" content=\"summary_large_image\" \/>\n<meta name=\"twitter:creator\" content=\"@elli\" \/>\n<script type=\"application\/ld+json\" class=\"yoast-schema-graph\">{\"@context\":\"https:\\\/\\\/schema.org\",\"@graph\":[{\"@type\":\"Article\",\"@id\":\"https:\\\/\\\/www.meydan.tv\\\/az\\\/article\\\/ilham-eliyevin-8-may-efvi-korrupsiyaya-bulasmis-memurlar-azad-olunub\\\/#article\",\"isPartOf\":{\"@id\":\"https:\\\/\\\/www.meydan.tv\\\/az\\\/article\\\/ilham-eliyevin-8-may-efvi-korrupsiyaya-bulasmis-memurlar-azad-olunub\\\/\"},\"author\":{\"name\":\"elli\",\"@id\":\"https:\\\/\\\/www.meydan.tv\\\/az\\\/#\\\/schema\\\/person\\\/9cdbecf90d17180ce1dfbd95b08dcf47\"},\"headline\":\"\u0130lham \u018fliyevin 8 may \u0259fvi: &#8220;Korrupsiyaya bula\u015fm\u0131\u015f m\u0259murlar azad olunub&#8221;\",\"datePublished\":\"2023-05-08T09:25:13+00:00\",\"dateModified\":\"2023-05-08T09:25:15+00:00\",\"mainEntityOfPage\":{\"@id\":\"https:\\\/\\\/www.meydan.tv\\\/az\\\/article\\\/ilham-eliyevin-8-may-efvi-korrupsiyaya-bulasmis-memurlar-azad-olunub\\\/\"},\"wordCount\":1187,\"publisher\":{\"@id\":\"https:\\\/\\\/www.meydan.tv\\\/az\\\/#organization\"},\"image\":{\"@id\":\"https:\\\/\\\/www.meydan.tv\\\/az\\\/article\\\/ilham-eliyevin-8-may-efvi-korrupsiyaya-bulasmis-memurlar-azad-olunub\\\/#primaryimage\"},\"thumbnailUrl\":\"https:\\\/\\\/www.meydan.tv\\\/wp-content\\\/uploads\\\/shutterstock_2130763307.jpg\",\"articleSection\":[\"Siyas\u0259t\",\"T\u00f6vsiy\u0259\",\"X\u0259b\u0259rl\u0259r\"],\"inLanguage\":\"az\"},{\"@type\":\"WebPage\",\"@id\":\"https:\\\/\\\/www.meydan.tv\\\/az\\\/article\\\/ilham-eliyevin-8-may-efvi-korrupsiyaya-bulasmis-memurlar-azad-olunub\\\/\",\"url\":\"https:\\\/\\\/www.meydan.tv\\\/az\\\/article\\\/ilham-eliyevin-8-may-efvi-korrupsiyaya-bulasmis-memurlar-azad-olunub\\\/\",\"name\":\"\u0130lham \u018fliyevin 8 may \u0259fvi: \\\"Korrupsiyaya bula\u015fm\u0131\u015f m\u0259murlar azad olunub\\\" - MEYDAN.TV\",\"isPartOf\":{\"@id\":\"https:\\\/\\\/www.meydan.tv\\\/az\\\/#website\"},\"primaryImageOfPage\":{\"@id\":\"https:\\\/\\\/www.meydan.tv\\\/az\\\/article\\\/ilham-eliyevin-8-may-efvi-korrupsiyaya-bulasmis-memurlar-azad-olunub\\\/#primaryimage\"},\"image\":{\"@id\":\"https:\\\/\\\/www.meydan.tv\\\/az\\\/article\\\/ilham-eliyevin-8-may-efvi-korrupsiyaya-bulasmis-memurlar-azad-olunub\\\/#primaryimage\"},\"thumbnailUrl\":\"https:\\\/\\\/www.meydan.tv\\\/wp-content\\\/uploads\\\/shutterstock_2130763307.jpg\",\"datePublished\":\"2023-05-08T09:25:13+00:00\",\"dateModified\":\"2023-05-08T09:25:15+00:00\",\"breadcrumb\":{\"@id\":\"https:\\\/\\\/www.meydan.tv\\\/az\\\/article\\\/ilham-eliyevin-8-may-efvi-korrupsiyaya-bulasmis-memurlar-azad-olunub\\\/#breadcrumb\"},\"inLanguage\":\"az\",\"potentialAction\":[{\"@type\":\"ReadAction\",\"target\":[\"https:\\\/\\\/www.meydan.tv\\\/az\\\/article\\\/ilham-eliyevin-8-may-efvi-korrupsiyaya-bulasmis-memurlar-azad-olunub\\\/\"]}]},{\"@type\":\"ImageObject\",\"inLanguage\":\"az\",\"@id\":\"https:\\\/\\\/www.meydan.tv\\\/az\\\/article\\\/ilham-eliyevin-8-may-efvi-korrupsiyaya-bulasmis-memurlar-azad-olunub\\\/#primaryimage\",\"url\":\"https:\\\/\\\/www.meydan.tv\\\/wp-content\\\/uploads\\\/shutterstock_2130763307.jpg\",\"contentUrl\":\"https:\\\/\\\/www.meydan.tv\\\/wp-content\\\/uploads\\\/shutterstock_2130763307.jpg\",\"width\":1200,\"height\":720,\"caption\":\"\u018ffv s\u0259r\u0259ncam\u0131. Foto: Dwiangga\\\/shutterstock\"},{\"@type\":\"BreadcrumbList\",\"@id\":\"https:\\\/\\\/www.meydan.tv\\\/az\\\/article\\\/ilham-eliyevin-8-may-efvi-korrupsiyaya-bulasmis-memurlar-azad-olunub\\\/#breadcrumb\",\"itemListElement\":[{\"@type\":\"ListItem\",\"position\":1,\"name\":\"Ana s\u0259hif\u0259\",\"item\":\"https:\\\/\\\/www.meydan.tv\\\/az\\\/\"},{\"@type\":\"ListItem\",\"position\":2,\"name\":\"Siyas\u0259t\",\"item\":\"https:\\\/\\\/www.meydan.tv\\\/az\\\/section\\\/siyaset\\\/\"},{\"@type\":\"ListItem\",\"position\":3,\"name\":\"\u0130lham \u018fliyevin 8 may \u0259fvi: &#8220;Korrupsiyaya bula\u015fm\u0131\u015f m\u0259murlar azad olunub&#8221;\"}]},{\"@type\":\"WebSite\",\"@id\":\"https:\\\/\\\/www.meydan.tv\\\/az\\\/#website\",\"url\":\"https:\\\/\\\/www.meydan.tv\\\/az\\\/\",\"name\":\"MEYDAN.TV\",\"description\":\"Meydan TV Az\u0259rbaycan\u0131n media m\u0259kan\u0131ndak\u0131 alternativ s\u0259sidir\",\"publisher\":{\"@id\":\"https:\\\/\\\/www.meydan.tv\\\/az\\\/#organization\"},\"potentialAction\":[{\"@type\":\"SearchAction\",\"target\":{\"@type\":\"EntryPoint\",\"urlTemplate\":\"https:\\\/\\\/www.meydan.tv\\\/az\\\/?s={search_term_string}\"},\"query-input\":{\"@type\":\"PropertyValueSpecification\",\"valueRequired\":true,\"valueName\":\"search_term_string\"}}],\"inLanguage\":\"az\"},{\"@type\":\"Organization\",\"@id\":\"https:\\\/\\\/www.meydan.tv\\\/az\\\/#organization\",\"name\":\"Meydan TV\",\"url\":\"https:\\\/\\\/www.meydan.tv\\\/az\\\/\",\"logo\":{\"@type\":\"ImageObject\",\"inLanguage\":\"az\",\"@id\":\"https:\\\/\\\/www.meydan.tv\\\/az\\\/#\\\/schema\\\/logo\\\/image\\\/\",\"url\":\"https:\\\/\\\/www.meydan.tv\\\/wp-content\\\/uploads\\\/2021\\\/07\\\/meydan-logo.svg\",\"contentUrl\":\"https:\\\/\\\/www.meydan.tv\\\/wp-content\\\/uploads\\\/2021\\\/07\\\/meydan-logo.svg\",\"width\":195,\"height\":46,\"caption\":\"Meydan TV\"},\"image\":{\"@id\":\"https:\\\/\\\/www.meydan.tv\\\/az\\\/#\\\/schema\\\/logo\\\/image\\\/\"}},{\"@type\":\"Person\",\"@id\":\"https:\\\/\\\/www.meydan.tv\\\/az\\\/#\\\/schema\\\/person\\\/9cdbecf90d17180ce1dfbd95b08dcf47\",\"name\":\"elli\",\"sameAs\":[\"https:\\\/\\\/x.com\\\/elli\"]}]}<\/script>\n<!-- \/ Yoast SEO plugin. -->","yoast_head_json":{"title":"\u0130lham \u018fliyevin 8 may \u0259fvi: \"Korrupsiyaya bula\u015fm\u0131\u015f m\u0259murlar azad olunub\" - MEYDAN.TV","robots":{"index":"index","follow":"follow","max-snippet":"max-snippet:-1","max-image-preview":"max-image-preview:large","max-video-preview":"max-video-preview:-1"},"canonical":"https:\/\/www.meydan.tv\/az\/article\/ilham-eliyevin-8-may-efvi-korrupsiyaya-bulasmis-memurlar-azad-olunub\/","og_locale":"az_AZ","og_type":"article","og_title":"\u0130lham \u018fliyevin 8 may \u0259fvi: \"Korrupsiyaya bula\u015fm\u0131\u015f m\u0259murlar azad olunub\" - MEYDAN.TV","og_description":"H\u00fcquq m\u00fcdafi\u0259\u00e7il\u0259ri v\u0259 siyas\u0259t\u00e7il\u0259r s\u0259r\u0259ncam\u0131 birm\u0259nal\u0131 qar\u015f\u0131lam\u0131rlar Prezident \u0130lham \u018fliyevin ... Davam\u0131","og_url":"https:\/\/www.meydan.tv\/az\/article\/ilham-eliyevin-8-may-efvi-korrupsiyaya-bulasmis-memurlar-azad-olunub\/","og_site_name":"MEYDAN.TV","article_published_time":"2023-05-08T09:25:13+00:00","article_modified_time":"2023-05-08T09:25:15+00:00","og_image":[{"width":1200,"height":720,"url":"https:\/\/www.meydan.tv\/wp-content\/uploads\/shutterstock_2130763307.jpg","type":"image\/jpeg"}],"author":"elli","twitter_card":"summary_large_image","twitter_creator":"@elli","schema":{"@context":"https:\/\/schema.org","@graph":[{"@type":"Article","@id":"https:\/\/www.meydan.tv\/az\/article\/ilham-eliyevin-8-may-efvi-korrupsiyaya-bulasmis-memurlar-azad-olunub\/#article","isPartOf":{"@id":"https:\/\/www.meydan.tv\/az\/article\/ilham-eliyevin-8-may-efvi-korrupsiyaya-bulasmis-memurlar-azad-olunub\/"},"author":{"name":"elli","@id":"https:\/\/www.meydan.tv\/az\/#\/schema\/person\/9cdbecf90d17180ce1dfbd95b08dcf47"},"headline":"\u0130lham \u018fliyevin 8 may \u0259fvi: &#8220;Korrupsiyaya bula\u015fm\u0131\u015f m\u0259murlar azad olunub&#8221;","datePublished":"2023-05-08T09:25:13+00:00","dateModified":"2023-05-08T09:25:15+00:00","mainEntityOfPage":{"@id":"https:\/\/www.meydan.tv\/az\/article\/ilham-eliyevin-8-may-efvi-korrupsiyaya-bulasmis-memurlar-azad-olunub\/"},"wordCount":1187,"publisher":{"@id":"https:\/\/www.meydan.tv\/az\/#organization"},"image":{"@id":"https:\/\/www.meydan.tv\/az\/article\/ilham-eliyevin-8-may-efvi-korrupsiyaya-bulasmis-memurlar-azad-olunub\/#primaryimage"},"thumbnailUrl":"https:\/\/www.meydan.tv\/wp-content\/uploads\/shutterstock_2130763307.jpg","articleSection":["Siyas\u0259t","T\u00f6vsiy\u0259","X\u0259b\u0259rl\u0259r"],"inLanguage":"az"},{"@type":"WebPage","@id":"https:\/\/www.meydan.tv\/az\/article\/ilham-eliyevin-8-may-efvi-korrupsiyaya-bulasmis-memurlar-azad-olunub\/","url":"https:\/\/www.meydan.tv\/az\/article\/ilham-eliyevin-8-may-efvi-korrupsiyaya-bulasmis-memurlar-azad-olunub\/","name":"\u0130lham \u018fliyevin 8 may \u0259fvi: \"Korrupsiyaya bula\u015fm\u0131\u015f m\u0259murlar azad olunub\" - MEYDAN.TV","isPartOf":{"@id":"https:\/\/www.meydan.tv\/az\/#website"},"primaryImageOfPage":{"@id":"https:\/\/www.meydan.tv\/az\/article\/ilham-eliyevin-8-may-efvi-korrupsiyaya-bulasmis-memurlar-azad-olunub\/#primaryimage"},"image":{"@id":"https:\/\/www.meydan.tv\/az\/article\/ilham-eliyevin-8-may-efvi-korrupsiyaya-bulasmis-memurlar-azad-olunub\/#primaryimage"},"thumbnailUrl":"https:\/\/www.meydan.tv\/wp-content\/uploads\/shutterstock_2130763307.jpg","datePublished":"2023-05-08T09:25:13+00:00","dateModified":"2023-05-08T09:25:15+00:00","breadcrumb":{"@id":"https:\/\/www.meydan.tv\/az\/article\/ilham-eliyevin-8-may-efvi-korrupsiyaya-bulasmis-memurlar-azad-olunub\/#breadcrumb"},"inLanguage":"az","potentialAction":[{"@type":"ReadAction","target":["https:\/\/www.meydan.tv\/az\/article\/ilham-eliyevin-8-may-efvi-korrupsiyaya-bulasmis-memurlar-azad-olunub\/"]}]},{"@type":"ImageObject","inLanguage":"az","@id":"https:\/\/www.meydan.tv\/az\/article\/ilham-eliyevin-8-may-efvi-korrupsiyaya-bulasmis-memurlar-azad-olunub\/#primaryimage","url":"https:\/\/www.meydan.tv\/wp-content\/uploads\/shutterstock_2130763307.jpg","contentUrl":"https:\/\/www.meydan.tv\/wp-content\/uploads\/shutterstock_2130763307.jpg","width":1200,"height":720,"caption":"\u018ffv s\u0259r\u0259ncam\u0131. Foto: Dwiangga\/shutterstock"},{"@type":"BreadcrumbList","@id":"https:\/\/www.meydan.tv\/az\/article\/ilham-eliyevin-8-may-efvi-korrupsiyaya-bulasmis-memurlar-azad-olunub\/#breadcrumb","itemListElement":[{"@type":"ListItem","position":1,"name":"Ana s\u0259hif\u0259","item":"https:\/\/www.meydan.tv\/az\/"},{"@type":"ListItem","position":2,"name":"Siyas\u0259t","item":"https:\/\/www.meydan.tv\/az\/section\/siyaset\/"},{"@type":"ListItem","position":3,"name":"\u0130lham \u018fliyevin 8 may \u0259fvi: &#8220;Korrupsiyaya bula\u015fm\u0131\u015f m\u0259murlar azad olunub&#8221;"}]},{"@type":"WebSite","@id":"https:\/\/www.meydan.tv\/az\/#website","url":"https:\/\/www.meydan.tv\/az\/","name":"MEYDAN.TV","description":"Meydan TV Az\u0259rbaycan\u0131n media m\u0259kan\u0131ndak\u0131 alternativ s\u0259sidir","publisher":{"@id":"https:\/\/www.meydan.tv\/az\/#organization"},"potentialAction":[{"@type":"SearchAction","target":{"@type":"EntryPoint","urlTemplate":"https:\/\/www.meydan.tv\/az\/?s={search_term_string}"},"query-input":{"@type":"PropertyValueSpecification","valueRequired":true,"valueName":"search_term_string"}}],"inLanguage":"az"},{"@type":"Organization","@id":"https:\/\/www.meydan.tv\/az\/#organization","name":"Meydan TV","url":"https:\/\/www.meydan.tv\/az\/","logo":{"@type":"ImageObject","inLanguage":"az","@id":"https:\/\/www.meydan.tv\/az\/#\/schema\/logo\/image\/","url":"https:\/\/www.meydan.tv\/wp-content\/uploads\/2021\/07\/meydan-logo.svg","contentUrl":"https:\/\/www.meydan.tv\/wp-content\/uploads\/2021\/07\/meydan-logo.svg","width":195,"height":46,"caption":"Meydan TV"},"image":{"@id":"https:\/\/www.meydan.tv\/az\/#\/schema\/logo\/image\/"}},{"@type":"Person","@id":"https:\/\/www.meydan.tv\/az\/#\/schema\/person\/9cdbecf90d17180ce1dfbd95b08dcf47","name":"elli","sameAs":["https:\/\/x.com\/elli"]}]}},"_links":{"self":[{"href":"https:\/\/www.meydan.tv\/az\/wp-json\/wp\/v2\/posts\/274514","targetHints":{"allow":["GET"]}}],"collection":[{"href":"https:\/\/www.meydan.tv\/az\/wp-json\/wp\/v2\/posts"}],"about":[{"href":"https:\/\/www.meydan.tv\/az\/wp-json\/wp\/v2\/types\/post"}],"author":[{"embeddable":true,"href":"https:\/\/www.meydan.tv\/az\/wp-json\/wp\/v2\/users\/8"}],"replies":[{"embeddable":true,"href":"https:\/\/www.meydan.tv\/az\/wp-json\/wp\/v2\/comments?post=274514"}],"version-history":[{"count":1,"href":"https:\/\/www.meydan.tv\/az\/wp-json\/wp\/v2\/posts\/274514\/revisions"}],"predecessor-version":[{"id":274523,"href":"https:\/\/www.meydan.tv\/az\/wp-json\/wp\/v2\/posts\/274514\/revisions\/274523"}],"wp:featuredmedia":[{"embeddable":true,"href":"https:\/\/www.meydan.tv\/az\/wp-json\/wp\/v2\/media\/274520"}],"wp:attachment":[{"href":"https:\/\/www.meydan.tv\/az\/wp-json\/wp\/v2\/media?parent=274514"}],"wp:term":[{"taxonomy":"category","embeddable":true,"href":"https:\/\/www.meydan.tv\/az\/wp-json\/wp\/v2\/categories?post=274514"},{"taxonomy":"post_tag","embeddable":true,"href":"https:\/\/www.meydan.tv\/az\/wp-json\/wp\/v2\/tags?post=274514"}],"curies":[{"name":"wp","href":"https:\/\/api.w.org\/{rel}","templated":true}]}}