{"id":274509,"date":"2023-05-08T12:37:06","date_gmt":"2023-05-08T08:37:06","guid":{"rendered":"https:\/\/www.meydan.tv\/?p=274509"},"modified":"2023-05-08T12:37:11","modified_gmt":"2023-05-08T08:37:11","slug":"eliyev-rusvet-ittihami-ile-hebs-edilen-nazir-muavinini-efv-etdi","status":"publish","type":"post","link":"https:\/\/www.meydan.tv\/az\/article\/eliyev-rusvet-ittihami-ile-hebs-edilen-nazir-muavinini-efv-etdi\/","title":{"rendered":"\u018fliyev r\u00fc\u015fv\u0259t ittiham\u0131 il\u0259 h\u0259bs edil\u0259n nazir m\u00fcavinini \u0259fv etdi"},"content":{"rendered":"\n<p><\/p>\n\n\n\n<p><strong><em>Rafiq Bayramov 8 il azadl\u0131qdan m\u0259hrum edilmi\u015fdi<\/em><\/strong><\/p>\n\n\n\n<p>M\u0259d\u0259niyy\u0259t nazirinin ke\u00e7mi\u015f m\u00fcavini, 2020-ci ilin may\u0131nda D\u00f6vl\u0259t T\u0259hl\u00fck\u0259sizlik Xidm\u0259tinin (DTX) \u0259m\u0259kda\u015flar\u0131n\u0131n ke\u00e7irdiyi \u0259m\u0259liyyat n\u0259tic\u0259sind\u0259 h\u0259bs olunan Rafiq Bayramov azadl\u0131qdan m\u0259hrum etm\u0259 c\u0259zas\u0131ndan azad edilib.<\/p>\n\n\n\n<p>Rafiq Bayramov 2021-ci il avqustun 17-d\u0259 Bak\u0131 A\u011f\u0131r Cinay\u0259tl\u0259r M\u0259hk\u0259m\u0259sind\u0259 \u00e7\u0131xar\u0131lan h\u00f6kml\u0259 8 il azadl\u0131qdan m\u0259hrum <a href=\"https:\/\/www.meydan.tv\/az\/article\/nazir-muavini-olsam-da-hemin-islerin-menim-raziligimla-gorulmesi-mumkun-deyildi\/\" target=\"_blank\" rel=\"noreferrer noopener\">edilmi\u015fdi.<\/a><\/p>\n\n\n\n<p>O, v\u0259zif\u0259 s\u0259lahiyy\u0259tl\u0259rind\u0259n sui-istifad\u0259 etm\u0259, m\u0259nims\u0259m\u0259, v\u0259zif\u0259 saxtakarl\u0131\u011f\u0131 faktlar\u0131na g\u00f6r\u0259 Cinay\u0259t M\u0259c\u0259ll\u0259sinin m\u00fcvafiq madd\u0259l\u0259ri il\u0259 t\u0259qsirl\u0259ndirilirdi.<\/p>\n\n\n\n<p>Ona h\u0259bs c\u0259zas\u0131 k\u0259silm\u0259kl\u0259 yana\u015f\u0131, \u00fcz\u0259rin\u0259 h\u0259bs qoyulan \u0259mlaklar\u0131 da m\u00fcsadir\u0259 olunmu\u015fdu.<\/p>\n\n\n\n<p>M\u0259hk\u0259m\u0259d\u0259 Rafiq Bayramov son s\u00f6z\u00fcnd\u0259 etiraf etmi\u015fdi ki, m\u00fc\u0259yy\u0259n s\u0259hvl\u0259r\u0259 yol verib, m\u0259suliyy\u0259tsizlik edib:<\/p>\n\n\n\n<p><em>\u201cBunlara g\u00f6r\u0259 d\u0259 c\u0259nab prezidentd\u0259n, sizd\u0259n \u00fczr ist\u0259yir\u0259m. M\u0259n \u00f6mr\u00fcm boyu \u018fliyev\u00e7i olmu\u015fam, d\u00f6vl\u0259tim\u0259 xidm\u0259t etmi\u015f\u0259m. S\u0259hvl\u0259rim olub v\u0259 bu da m\u0259nim t\u0259cr\u00fcb\u0259sizliyimd\u0259n, g\u0259ncliyimd\u0259n olub. Amma he\u00e7 bir zaman korrupsiyaya bula\u015fmam\u0131\u015fam. O insana c\u0259za verilir ki, \u0259m\u0259lind\u0259n islah olunsun. M\u0259n r\u00fc\u015fv\u0259t almam\u0131\u015fam, n\u0259d\u0259n islah olunaca\u011fam? M\u0259n uzun ill\u0259r d\u00f6vl\u0259t\u0259, d\u00f6vl\u0259t\u00e7iliy\u0259 xidm\u0259t etmi\u015f\u0259m. Bundanm\u0131 islah olunaca\u011fam?\u201d.<\/em><\/p>\n\n\n\n<p>2020-ci ild\u0259 Rafiq Bayramovla yana\u015f\u0131, nazirliyin tabeliyind\u0259 olan M\u0259d\u0259ni \u0130rsin Qorunmas\u0131, \u0130nki\u015faf\u0131 v\u0259 B\u0259rpas\u0131 \u00fczr\u0259 D\u00f6vl\u0259t Xidm\u0259tinin ke\u00e7mi\u015f r\u0259isi Zakir Sultanov da DTX-nin M\u0259d\u0259niyy\u0259t Nazirliyind\u0259 ke\u00e7irdiyi \u0259m\u0259liyyat n\u0259tic\u0259sind\u0259 h\u0259bs olunmu\u015fdu.<\/p>\n\n\n\n<p>Sabiq xidm\u0259t r\u0259isi 6 milyonluq yeyintid\u0259 ittiham olunub.<\/p>\n\n\n\n<p>Rafiq Bayramovun i\u015fi \u00fczr\u0259 istintaq yekunla\u015fd\u0131r\u0131l\u0131b i\u015f m\u0259hk\u0259m\u0259y\u0259 g\u00f6nd\u0259ril\u0259nd\u0259 Zakir Sultanovun i\u015fi <a href=\"https:\/\/www.meydan.tv\/az\/article\/6-milyonluq-yeyintide-ittiham-olunan-sabiq-xidmet-reisi-serik-isleyirdik\/\" target=\"_blank\" rel=\"noreferrer noopener\">ayr\u0131l\u0131b. <\/a><\/p>\n\n\n\n<p>2023-c\u00fc il may\u0131n 8-d\u0259 Az\u0259rbaycan Prezidenti \u0130lham \u018fliyev \u018ffv S\u0259r\u0259ncam\u0131 imzalay\u0131b.<\/p>\n\n\n\n<p>Eks-prezident Heyd\u0259r \u018fliyevin 100 illik yubileyi m\u00fcnasib\u0259til\u0259 imzalanm\u0131\u015f s\u0259n\u0259d\u0259 \u0259sas\u0259n, 801 m\u0259hkum \u0259fv olunub.<\/p>\n\n\n\n<p>Onlardan 463 \u015f\u0259xs azadl\u0131qdan m\u0259hrum etm\u0259 c\u0259zas\u0131ndan, 220 \u015f\u0259xs azadl\u0131qdan m\u0259hrum etm\u0259 c\u0259zas\u0131n\u0131n \u00e7\u0259kilm\u0259mi\u015f hiss\u0259sinin yar\u0131s\u0131ndan, 118 n\u0259f\u0259r azadl\u0131qdan m\u0259hrum etm\u0259 il\u0259 ba\u011fl\u0131 olmayan dig\u0259r c\u0259zalardan (azadl\u0131\u011f\u0131n m\u0259hdudla\u015fd\u0131r\u0131lmas\u0131, islah i\u015fl\u0259ri, c\u0259rim\u0259 c\u0259zalar\u0131 v\u0259 c\u0259zaya \u015f\u0259rti m\u0259hkum edilmi\u015f \u015f\u0259xsl\u0259r) azad edilib.<\/p>\n\n\n\n<p>Qeyd edilib ki, S\u0259r\u0259ncam \u015famil edildiyi \u015f\u0259xsl\u0259rin dair\u0259sin\u0259 g\u00f6r\u0259 m\u00fcst\u0259qil Az\u0259rbaycan Respublikas\u0131n\u0131n tarixind\u0259 q\u0259bul edilmi\u015f \u0259n b\u00f6y\u00fck \u0259fv akt\u0131d\u0131r.<\/p>\n\n\n\n<p>H\u00fcquq-m\u00fcdafi\u0259 t\u0259\u015fkilatlar\u0131n\u0131n siyasi m\u0259hbus kimi tan\u0131d\u0131\u011f\u0131 V\u0259t\u0259nda\u015f v\u0259 \u0130nki\u015faf Partiyas\u0131n\u0131n (V\u0130P) s\u0259dri \u018fli \u018fliyevin v\u0259 jurnalist El\u00e7in M\u0259mm\u0259din d\u0259 ad\u0131 \u0259fv olunanlar aras\u0131ndad\u0131r.<\/p>\n","protected":false},"excerpt":{"rendered":"<p>Rafiq Bayramov 8 il azadl\u0131qdan m\u0259hrum edilmi\u015fdi M\u0259d\u0259niyy\u0259t nazirinin ke\u00e7mi\u015f &#8230; <\/p>\n<p class=\"read-more-container\"><a title=\"\u018fliyev r\u00fc\u015fv\u0259t ittiham\u0131 il\u0259 h\u0259bs edil\u0259n nazir m\u00fcavinini \u0259fv etdi\" class=\"read-more button\" href=\"https:\/\/www.meydan.tv\/az\/article\/eliyev-rusvet-ittihami-ile-hebs-edilen-nazir-muavinini-efv-etdi\/#more-274509\" aria-label=\"Read more about \u018fliyev r\u00fc\u015fv\u0259t ittiham\u0131 il\u0259 h\u0259bs edil\u0259n nazir m\u00fcavinini \u0259fv etdi\">Davam\u0131<\/a><\/p>\n","protected":false},"author":8,"featured_media":274510,"comment_status":"closed","ping_status":"closed","sticky":false,"template":"","format":"standard","meta":{"_acf_changed":false,"_sitemap_exclude":false,"_sitemap_priority":"","_sitemap_frequency":"","footnotes":""},"categories":[59,79,56],"tags":[],"class_list":["post-274509","post","type-post","status-publish","format-standard","has-post-thumbnail","hentry","category-siyaset","category-featured","category-xeberler","infinite-scroll-item","generate-columns","tablet-grid-50","mobile-grid-100","grid-parent","grid-33","no-featured-image-padding"],"acf":[],"yoast_head":"<!-- This site is optimized with the Yoast SEO plugin v27.4 - https:\/\/yoast.com\/product\/yoast-seo-wordpress\/ -->\n<title>\u018fliyev r\u00fc\u015fv\u0259t ittiham\u0131 il\u0259 h\u0259bs edil\u0259n nazir m\u00fcavinini \u0259fv etdi - MEYDAN.TV<\/title>\n<meta name=\"robots\" content=\"index, follow, max-snippet:-1, max-image-preview:large, max-video-preview:-1\" \/>\n<link rel=\"canonical\" href=\"https:\/\/www.meydan.tv\/az\/article\/eliyev-rusvet-ittihami-ile-hebs-edilen-nazir-muavinini-efv-etdi\/\" \/>\n<meta property=\"og:locale\" content=\"az_AZ\" \/>\n<meta property=\"og:type\" content=\"article\" \/>\n<meta property=\"og:title\" content=\"\u018fliyev r\u00fc\u015fv\u0259t ittiham\u0131 il\u0259 h\u0259bs edil\u0259n nazir m\u00fcavinini \u0259fv etdi - MEYDAN.TV\" \/>\n<meta property=\"og:description\" content=\"Rafiq Bayramov 8 il azadl\u0131qdan m\u0259hrum edilmi\u015fdi M\u0259d\u0259niyy\u0259t nazirinin ke\u00e7mi\u015f ... Davam\u0131\" \/>\n<meta property=\"og:url\" content=\"https:\/\/www.meydan.tv\/az\/article\/eliyev-rusvet-ittihami-ile-hebs-edilen-nazir-muavinini-efv-etdi\/\" \/>\n<meta property=\"og:site_name\" content=\"MEYDAN.TV\" \/>\n<meta property=\"article:published_time\" content=\"2023-05-08T08:37:06+00:00\" \/>\n<meta property=\"article:modified_time\" content=\"2023-05-08T08:37:11+00:00\" \/>\n<meta property=\"og:image\" content=\"https:\/\/www.meydan.tv\/wp-content\/uploads\/1599042019264_dawnmuif-e1683535016241.jpg\" \/>\n\t<meta property=\"og:image:width\" content=\"1200\" \/>\n\t<meta property=\"og:image:height\" content=\"591\" \/>\n\t<meta property=\"og:image:type\" content=\"image\/jpeg\" \/>\n<meta name=\"author\" content=\"elli\" \/>\n<meta name=\"twitter:card\" content=\"summary_large_image\" \/>\n<meta name=\"twitter:creator\" content=\"@elli\" \/>\n<script type=\"application\/ld+json\" class=\"yoast-schema-graph\">{\"@context\":\"https:\\\/\\\/schema.org\",\"@graph\":[{\"@type\":\"Article\",\"@id\":\"https:\\\/\\\/www.meydan.tv\\\/az\\\/article\\\/eliyev-rusvet-ittihami-ile-hebs-edilen-nazir-muavinini-efv-etdi\\\/#article\",\"isPartOf\":{\"@id\":\"https:\\\/\\\/www.meydan.tv\\\/az\\\/article\\\/eliyev-rusvet-ittihami-ile-hebs-edilen-nazir-muavinini-efv-etdi\\\/\"},\"author\":{\"name\":\"elli\",\"@id\":\"https:\\\/\\\/www.meydan.tv\\\/az\\\/#\\\/schema\\\/person\\\/9cdbecf90d17180ce1dfbd95b08dcf47\"},\"headline\":\"\u018fliyev r\u00fc\u015fv\u0259t ittiham\u0131 il\u0259 h\u0259bs edil\u0259n nazir m\u00fcavinini \u0259fv etdi\",\"datePublished\":\"2023-05-08T08:37:06+00:00\",\"dateModified\":\"2023-05-08T08:37:11+00:00\",\"mainEntityOfPage\":{\"@id\":\"https:\\\/\\\/www.meydan.tv\\\/az\\\/article\\\/eliyev-rusvet-ittihami-ile-hebs-edilen-nazir-muavinini-efv-etdi\\\/\"},\"wordCount\":546,\"publisher\":{\"@id\":\"https:\\\/\\\/www.meydan.tv\\\/az\\\/#organization\"},\"image\":{\"@id\":\"https:\\\/\\\/www.meydan.tv\\\/az\\\/article\\\/eliyev-rusvet-ittihami-ile-hebs-edilen-nazir-muavinini-efv-etdi\\\/#primaryimage\"},\"thumbnailUrl\":\"https:\\\/\\\/www.meydan.tv\\\/wp-content\\\/uploads\\\/1599042019264_dawnmuif-e1683535016241.jpg\",\"articleSection\":[\"Siyas\u0259t\",\"T\u00f6vsiy\u0259\",\"X\u0259b\u0259rl\u0259r\"],\"inLanguage\":\"az\"},{\"@type\":\"WebPage\",\"@id\":\"https:\\\/\\\/www.meydan.tv\\\/az\\\/article\\\/eliyev-rusvet-ittihami-ile-hebs-edilen-nazir-muavinini-efv-etdi\\\/\",\"url\":\"https:\\\/\\\/www.meydan.tv\\\/az\\\/article\\\/eliyev-rusvet-ittihami-ile-hebs-edilen-nazir-muavinini-efv-etdi\\\/\",\"name\":\"\u018fliyev r\u00fc\u015fv\u0259t ittiham\u0131 il\u0259 h\u0259bs edil\u0259n nazir m\u00fcavinini \u0259fv etdi - MEYDAN.TV\",\"isPartOf\":{\"@id\":\"https:\\\/\\\/www.meydan.tv\\\/az\\\/#website\"},\"primaryImageOfPage\":{\"@id\":\"https:\\\/\\\/www.meydan.tv\\\/az\\\/article\\\/eliyev-rusvet-ittihami-ile-hebs-edilen-nazir-muavinini-efv-etdi\\\/#primaryimage\"},\"image\":{\"@id\":\"https:\\\/\\\/www.meydan.tv\\\/az\\\/article\\\/eliyev-rusvet-ittihami-ile-hebs-edilen-nazir-muavinini-efv-etdi\\\/#primaryimage\"},\"thumbnailUrl\":\"https:\\\/\\\/www.meydan.tv\\\/wp-content\\\/uploads\\\/1599042019264_dawnmuif-e1683535016241.jpg\",\"datePublished\":\"2023-05-08T08:37:06+00:00\",\"dateModified\":\"2023-05-08T08:37:11+00:00\",\"breadcrumb\":{\"@id\":\"https:\\\/\\\/www.meydan.tv\\\/az\\\/article\\\/eliyev-rusvet-ittihami-ile-hebs-edilen-nazir-muavinini-efv-etdi\\\/#breadcrumb\"},\"inLanguage\":\"az\",\"potentialAction\":[{\"@type\":\"ReadAction\",\"target\":[\"https:\\\/\\\/www.meydan.tv\\\/az\\\/article\\\/eliyev-rusvet-ittihami-ile-hebs-edilen-nazir-muavinini-efv-etdi\\\/\"]}]},{\"@type\":\"ImageObject\",\"inLanguage\":\"az\",\"@id\":\"https:\\\/\\\/www.meydan.tv\\\/az\\\/article\\\/eliyev-rusvet-ittihami-ile-hebs-edilen-nazir-muavinini-efv-etdi\\\/#primaryimage\",\"url\":\"https:\\\/\\\/www.meydan.tv\\\/wp-content\\\/uploads\\\/1599042019264_dawnmuif-e1683535016241.jpg\",\"contentUrl\":\"https:\\\/\\\/www.meydan.tv\\\/wp-content\\\/uploads\\\/1599042019264_dawnmuif-e1683535016241.jpg\",\"width\":1200,\"height\":591,\"caption\":\"Rafiq Bayramov. M\u0259nb\u0259: M\u0259d\u0259niyy\u0259t Nazirliyi\"},{\"@type\":\"BreadcrumbList\",\"@id\":\"https:\\\/\\\/www.meydan.tv\\\/az\\\/article\\\/eliyev-rusvet-ittihami-ile-hebs-edilen-nazir-muavinini-efv-etdi\\\/#breadcrumb\",\"itemListElement\":[{\"@type\":\"ListItem\",\"position\":1,\"name\":\"Ana s\u0259hif\u0259\",\"item\":\"https:\\\/\\\/www.meydan.tv\\\/az\\\/\"},{\"@type\":\"ListItem\",\"position\":2,\"name\":\"Siyas\u0259t\",\"item\":\"https:\\\/\\\/www.meydan.tv\\\/az\\\/section\\\/siyaset\\\/\"},{\"@type\":\"ListItem\",\"position\":3,\"name\":\"\u018fliyev r\u00fc\u015fv\u0259t ittiham\u0131 il\u0259 h\u0259bs edil\u0259n nazir m\u00fcavinini \u0259fv etdi\"}]},{\"@type\":\"WebSite\",\"@id\":\"https:\\\/\\\/www.meydan.tv\\\/az\\\/#website\",\"url\":\"https:\\\/\\\/www.meydan.tv\\\/az\\\/\",\"name\":\"MEYDAN.TV\",\"description\":\"Meydan TV Az\u0259rbaycan\u0131n media m\u0259kan\u0131ndak\u0131 alternativ s\u0259sidir\",\"publisher\":{\"@id\":\"https:\\\/\\\/www.meydan.tv\\\/az\\\/#organization\"},\"potentialAction\":[{\"@type\":\"SearchAction\",\"target\":{\"@type\":\"EntryPoint\",\"urlTemplate\":\"https:\\\/\\\/www.meydan.tv\\\/az\\\/?s={search_term_string}\"},\"query-input\":{\"@type\":\"PropertyValueSpecification\",\"valueRequired\":true,\"valueName\":\"search_term_string\"}}],\"inLanguage\":\"az\"},{\"@type\":\"Organization\",\"@id\":\"https:\\\/\\\/www.meydan.tv\\\/az\\\/#organization\",\"name\":\"Meydan TV\",\"url\":\"https:\\\/\\\/www.meydan.tv\\\/az\\\/\",\"logo\":{\"@type\":\"ImageObject\",\"inLanguage\":\"az\",\"@id\":\"https:\\\/\\\/www.meydan.tv\\\/az\\\/#\\\/schema\\\/logo\\\/image\\\/\",\"url\":\"https:\\\/\\\/www.meydan.tv\\\/wp-content\\\/uploads\\\/2021\\\/07\\\/meydan-logo.svg\",\"contentUrl\":\"https:\\\/\\\/www.meydan.tv\\\/wp-content\\\/uploads\\\/2021\\\/07\\\/meydan-logo.svg\",\"width\":195,\"height\":46,\"caption\":\"Meydan TV\"},\"image\":{\"@id\":\"https:\\\/\\\/www.meydan.tv\\\/az\\\/#\\\/schema\\\/logo\\\/image\\\/\"}},{\"@type\":\"Person\",\"@id\":\"https:\\\/\\\/www.meydan.tv\\\/az\\\/#\\\/schema\\\/person\\\/9cdbecf90d17180ce1dfbd95b08dcf47\",\"name\":\"elli\",\"sameAs\":[\"https:\\\/\\\/x.com\\\/elli\"]}]}<\/script>\n<!-- \/ Yoast SEO plugin. -->","yoast_head_json":{"title":"\u018fliyev r\u00fc\u015fv\u0259t ittiham\u0131 il\u0259 h\u0259bs edil\u0259n nazir m\u00fcavinini \u0259fv etdi - MEYDAN.TV","robots":{"index":"index","follow":"follow","max-snippet":"max-snippet:-1","max-image-preview":"max-image-preview:large","max-video-preview":"max-video-preview:-1"},"canonical":"https:\/\/www.meydan.tv\/az\/article\/eliyev-rusvet-ittihami-ile-hebs-edilen-nazir-muavinini-efv-etdi\/","og_locale":"az_AZ","og_type":"article","og_title":"\u018fliyev r\u00fc\u015fv\u0259t ittiham\u0131 il\u0259 h\u0259bs edil\u0259n nazir m\u00fcavinini \u0259fv etdi - MEYDAN.TV","og_description":"Rafiq Bayramov 8 il azadl\u0131qdan m\u0259hrum edilmi\u015fdi M\u0259d\u0259niyy\u0259t nazirinin ke\u00e7mi\u015f ... Davam\u0131","og_url":"https:\/\/www.meydan.tv\/az\/article\/eliyev-rusvet-ittihami-ile-hebs-edilen-nazir-muavinini-efv-etdi\/","og_site_name":"MEYDAN.TV","article_published_time":"2023-05-08T08:37:06+00:00","article_modified_time":"2023-05-08T08:37:11+00:00","og_image":[{"width":1200,"height":591,"url":"https:\/\/www.meydan.tv\/wp-content\/uploads\/1599042019264_dawnmuif-e1683535016241.jpg","type":"image\/jpeg"}],"author":"elli","twitter_card":"summary_large_image","twitter_creator":"@elli","schema":{"@context":"https:\/\/schema.org","@graph":[{"@type":"Article","@id":"https:\/\/www.meydan.tv\/az\/article\/eliyev-rusvet-ittihami-ile-hebs-edilen-nazir-muavinini-efv-etdi\/#article","isPartOf":{"@id":"https:\/\/www.meydan.tv\/az\/article\/eliyev-rusvet-ittihami-ile-hebs-edilen-nazir-muavinini-efv-etdi\/"},"author":{"name":"elli","@id":"https:\/\/www.meydan.tv\/az\/#\/schema\/person\/9cdbecf90d17180ce1dfbd95b08dcf47"},"headline":"\u018fliyev r\u00fc\u015fv\u0259t ittiham\u0131 il\u0259 h\u0259bs edil\u0259n nazir m\u00fcavinini \u0259fv etdi","datePublished":"2023-05-08T08:37:06+00:00","dateModified":"2023-05-08T08:37:11+00:00","mainEntityOfPage":{"@id":"https:\/\/www.meydan.tv\/az\/article\/eliyev-rusvet-ittihami-ile-hebs-edilen-nazir-muavinini-efv-etdi\/"},"wordCount":546,"publisher":{"@id":"https:\/\/www.meydan.tv\/az\/#organization"},"image":{"@id":"https:\/\/www.meydan.tv\/az\/article\/eliyev-rusvet-ittihami-ile-hebs-edilen-nazir-muavinini-efv-etdi\/#primaryimage"},"thumbnailUrl":"https:\/\/www.meydan.tv\/wp-content\/uploads\/1599042019264_dawnmuif-e1683535016241.jpg","articleSection":["Siyas\u0259t","T\u00f6vsiy\u0259","X\u0259b\u0259rl\u0259r"],"inLanguage":"az"},{"@type":"WebPage","@id":"https:\/\/www.meydan.tv\/az\/article\/eliyev-rusvet-ittihami-ile-hebs-edilen-nazir-muavinini-efv-etdi\/","url":"https:\/\/www.meydan.tv\/az\/article\/eliyev-rusvet-ittihami-ile-hebs-edilen-nazir-muavinini-efv-etdi\/","name":"\u018fliyev r\u00fc\u015fv\u0259t ittiham\u0131 il\u0259 h\u0259bs edil\u0259n nazir m\u00fcavinini \u0259fv etdi - MEYDAN.TV","isPartOf":{"@id":"https:\/\/www.meydan.tv\/az\/#website"},"primaryImageOfPage":{"@id":"https:\/\/www.meydan.tv\/az\/article\/eliyev-rusvet-ittihami-ile-hebs-edilen-nazir-muavinini-efv-etdi\/#primaryimage"},"image":{"@id":"https:\/\/www.meydan.tv\/az\/article\/eliyev-rusvet-ittihami-ile-hebs-edilen-nazir-muavinini-efv-etdi\/#primaryimage"},"thumbnailUrl":"https:\/\/www.meydan.tv\/wp-content\/uploads\/1599042019264_dawnmuif-e1683535016241.jpg","datePublished":"2023-05-08T08:37:06+00:00","dateModified":"2023-05-08T08:37:11+00:00","breadcrumb":{"@id":"https:\/\/www.meydan.tv\/az\/article\/eliyev-rusvet-ittihami-ile-hebs-edilen-nazir-muavinini-efv-etdi\/#breadcrumb"},"inLanguage":"az","potentialAction":[{"@type":"ReadAction","target":["https:\/\/www.meydan.tv\/az\/article\/eliyev-rusvet-ittihami-ile-hebs-edilen-nazir-muavinini-efv-etdi\/"]}]},{"@type":"ImageObject","inLanguage":"az","@id":"https:\/\/www.meydan.tv\/az\/article\/eliyev-rusvet-ittihami-ile-hebs-edilen-nazir-muavinini-efv-etdi\/#primaryimage","url":"https:\/\/www.meydan.tv\/wp-content\/uploads\/1599042019264_dawnmuif-e1683535016241.jpg","contentUrl":"https:\/\/www.meydan.tv\/wp-content\/uploads\/1599042019264_dawnmuif-e1683535016241.jpg","width":1200,"height":591,"caption":"Rafiq Bayramov. M\u0259nb\u0259: M\u0259d\u0259niyy\u0259t Nazirliyi"},{"@type":"BreadcrumbList","@id":"https:\/\/www.meydan.tv\/az\/article\/eliyev-rusvet-ittihami-ile-hebs-edilen-nazir-muavinini-efv-etdi\/#breadcrumb","itemListElement":[{"@type":"ListItem","position":1,"name":"Ana s\u0259hif\u0259","item":"https:\/\/www.meydan.tv\/az\/"},{"@type":"ListItem","position":2,"name":"Siyas\u0259t","item":"https:\/\/www.meydan.tv\/az\/section\/siyaset\/"},{"@type":"ListItem","position":3,"name":"\u018fliyev r\u00fc\u015fv\u0259t ittiham\u0131 il\u0259 h\u0259bs edil\u0259n nazir m\u00fcavinini \u0259fv etdi"}]},{"@type":"WebSite","@id":"https:\/\/www.meydan.tv\/az\/#website","url":"https:\/\/www.meydan.tv\/az\/","name":"MEYDAN.TV","description":"Meydan TV Az\u0259rbaycan\u0131n media m\u0259kan\u0131ndak\u0131 alternativ s\u0259sidir","publisher":{"@id":"https:\/\/www.meydan.tv\/az\/#organization"},"potentialAction":[{"@type":"SearchAction","target":{"@type":"EntryPoint","urlTemplate":"https:\/\/www.meydan.tv\/az\/?s={search_term_string}"},"query-input":{"@type":"PropertyValueSpecification","valueRequired":true,"valueName":"search_term_string"}}],"inLanguage":"az"},{"@type":"Organization","@id":"https:\/\/www.meydan.tv\/az\/#organization","name":"Meydan TV","url":"https:\/\/www.meydan.tv\/az\/","logo":{"@type":"ImageObject","inLanguage":"az","@id":"https:\/\/www.meydan.tv\/az\/#\/schema\/logo\/image\/","url":"https:\/\/www.meydan.tv\/wp-content\/uploads\/2021\/07\/meydan-logo.svg","contentUrl":"https:\/\/www.meydan.tv\/wp-content\/uploads\/2021\/07\/meydan-logo.svg","width":195,"height":46,"caption":"Meydan TV"},"image":{"@id":"https:\/\/www.meydan.tv\/az\/#\/schema\/logo\/image\/"}},{"@type":"Person","@id":"https:\/\/www.meydan.tv\/az\/#\/schema\/person\/9cdbecf90d17180ce1dfbd95b08dcf47","name":"elli","sameAs":["https:\/\/x.com\/elli"]}]}},"_links":{"self":[{"href":"https:\/\/www.meydan.tv\/az\/wp-json\/wp\/v2\/posts\/274509","targetHints":{"allow":["GET"]}}],"collection":[{"href":"https:\/\/www.meydan.tv\/az\/wp-json\/wp\/v2\/posts"}],"about":[{"href":"https:\/\/www.meydan.tv\/az\/wp-json\/wp\/v2\/types\/post"}],"author":[{"embeddable":true,"href":"https:\/\/www.meydan.tv\/az\/wp-json\/wp\/v2\/users\/8"}],"replies":[{"embeddable":true,"href":"https:\/\/www.meydan.tv\/az\/wp-json\/wp\/v2\/comments?post=274509"}],"version-history":[{"count":1,"href":"https:\/\/www.meydan.tv\/az\/wp-json\/wp\/v2\/posts\/274509\/revisions"}],"predecessor-version":[{"id":274513,"href":"https:\/\/www.meydan.tv\/az\/wp-json\/wp\/v2\/posts\/274509\/revisions\/274513"}],"wp:featuredmedia":[{"embeddable":true,"href":"https:\/\/www.meydan.tv\/az\/wp-json\/wp\/v2\/media\/274510"}],"wp:attachment":[{"href":"https:\/\/www.meydan.tv\/az\/wp-json\/wp\/v2\/media?parent=274509"}],"wp:term":[{"taxonomy":"category","embeddable":true,"href":"https:\/\/www.meydan.tv\/az\/wp-json\/wp\/v2\/categories?post=274509"},{"taxonomy":"post_tag","embeddable":true,"href":"https:\/\/www.meydan.tv\/az\/wp-json\/wp\/v2\/tags?post=274509"}],"curies":[{"name":"wp","href":"https:\/\/api.w.org\/{rel}","templated":true}]}}