{"id":274477,"date":"2023-05-05T18:23:43","date_gmt":"2023-05-05T14:23:43","guid":{"rendered":"https:\/\/www.meydan.tv\/?p=274477"},"modified":"2023-05-05T18:23:47","modified_gmt":"2023-05-05T14:23:47","slug":"sumqayit-sakini-yol-polisi-erime-ve-ogluma-xesaret-yetirib","status":"publish","type":"post","link":"https:\/\/www.meydan.tv\/az\/article\/sumqayit-sakini-yol-polisi-erime-ve-ogluma-xesaret-yetirib\/","title":{"rendered":"Sumqay\u0131t sakini: &#8220;Yol polisi \u0259rim\u0259 v\u0259 o\u011fluma x\u0259sar\u0259t yetirib&#8221;"},"content":{"rendered":"\n<p><\/p>\n\n\n\n<p><strong><em>D\u0130N iddialar\u0131 q\u0259bul etmir<\/em><\/strong><\/p>\n\n\n\n<p>Sumqay\u0131t sakini G\u00fcnay Abbasova Masall\u0131n\u0131n S\u0259r\u00e7uvar k\u0259ndi \u0259razisind\u0259 yerl\u0259\u015f\u0259n Yol Patrul Xidm\u0259tinin \u0259m\u0259kda\u015flar\u0131ndan \u015fikay\u0259t\u00e7idir.<\/p>\n\n\n\n<p>V\u0259t\u0259nda\u015f Meydan TV-y\u0259 bildirib ki, 2023-c\u00fc il may\u0131n 4-d\u0259 polis \u0259m\u0259kda\u015f\u0131 onlar\u0131n avtomobilini yolda saxlay\u0131b v\u0259 xo\u015fag\u0259lm\u0259z insident ya\u015fan\u0131b:<\/p>\n\n\n\n<p>\u201c<em>Lerikd\u0259n Sumqay\u0131ta evimiz\u0259 g\u0259lirdik. Masall\u0131 polisi bizi saxlad\u0131. Yolda\u015f\u0131mdan s\u0259n\u0259dl\u0259rini ist\u0259dil\u0259r, o da verdi. Polis \u0259m\u0259kda\u015flar\u0131ndan biri dedi ki, siz 2020-ci ild\u0259 s\u00fcr\u00fcc\u00fcl\u00fck v\u0259siq\u0259sind\u0259n m\u0259hrum edilmisiniz. Yolda\u015f\u0131m da \u00e7\u0131xar\u0131b, \u00f6d\u0259diyi c\u0259riml\u0259rin q\u0259bzl\u0259rini g\u00f6st\u0259rdi. T\u0259xmin\u0259n 600 manat civar\u0131nda idi\u201d<\/em>.<\/p>\n\n\n\n<p>\u201c<em>Polis raz\u0131la\u015fmad\u0131. Dedi ki, siz \u00f6d\u0259ni\u015f ets\u0259niz d\u0259, s\u00fcr\u00fcc\u00fcl\u00fck v\u0259siq\u0259sind\u0259n m\u0259hrum edilmisiniz. Yolda\u015f\u0131m dedi ki, \u00f6d\u0259ni\u015f edilib v\u0259 \u00fcz\u0259rind\u0259n \u00fc\u00e7 il ke\u00e7ib. Polis d\u0259 yolda\u015f\u0131m\u0131 m\u0259hk\u0259m\u0259 il\u0259 h\u0259d\u0259l\u0259m\u0259y\u0259 ba\u015flad\u0131. Yolda\u015f\u0131m da dedi ki, m\u0259n\u0259 m\u0259hk\u0259m\u0259d\u0259n he\u00e7 bir m\u0259ktub v\u0259 yaxud da telefonuma mesaj-x\u0259b\u0259rdarl\u0131q g\u0259lm\u0259yib. Bundan sonra onlar yolda\u015f\u0131m\u0131 v\u0259 16 ya\u015fl\u0131 o\u011flumu idar\u0259nin binas\u0131na apard\u0131lar\u201d, <\/em>&#8211; det\u0259 Abbasova qeyd edib.<\/p>\n\n\n\n<p>O iddia edir ki, d\u00f6rd polis \u0259m\u0259kda\u015f\u0131 t\u0259r\u0259find\u0259n o\u011flu \u018fli Abbasova v\u0259 h\u0259yat yolda\u015f\u0131 Tale Abbasova fiziki x\u0259sar\u0259t yetirilib:<\/p>\n\n\n\n<p>\u201c<em>D\u00f6rd n\u0259f\u0259r h\u0259yat yolda\u015f\u0131ma v\u0259 o\u011fluma psixoloji t\u0259zyiq g\u00f6st\u0259ribl\u0259r. S\u00f6y\u00fc\u015f s\u00f6y\u00fcbl\u0259r. On alt\u0131 ya\u015fl\u0131 o\u011fluma fiziki t\u0259zyiql\u0259r olub. U\u015fa\u011f\u0131n qolu, boynu g\u00f6y\u0259rib, qolunda c\u0131z\u0131q izl\u0259ri var. Yolda\u015f\u0131m\u0131n qula\u011f\u0131n\u0131n dibind\u0259n nec\u0259 vurublarsa, kar olub, e\u015fitmir\u201d.<\/em><\/p>\n\n\n\n<p>\u015eikay\u0259t\u00e7inin s\u00f6zl\u0259rin\u0259 g\u00f6r\u0259, o\u011flu ba\u015f ver\u0259nl\u0259rd\u0259n sars\u0131nt\u0131 ke\u00e7irib. Onu incid\u0259n polisl\u0259rin \u0259lind\u0259n qurtulub qa\u00e7maq ist\u0259y\u0259nd\u0259, qolu, stolun \u00fcz\u0259rind\u0259 komp\u00fcter\u0259 toxunub:<\/p>\n\n\n\n<p>\u201c<em>Komp\u00fcter a\u015f\u0131b. Bunlar da deyirl\u0259r ki, o\u011flum polisl\u0259r\u0259 m\u00fcqavim\u0259t g\u00f6st\u0259rib, stolun \u00fcst\u00fcnd\u0259ki komp\u00fcteri s\u0131nd\u0131r\u0131b. U\u015fa\u011f\u0131n qollar\u0131, boynu c\u0131z\u0131q-c\u0131z\u0131qdd\u0131r. Soru\u015furam, u\u015fa\u011f\u0131 niy\u0259 bel\u0259 d\u00f6ym\u00fcs\u00fcn\u00fcz? Deyirl\u0259r ki, s\u0131xm\u0131\u015f\u0131q. U\u015faq deyir ki, ana, m\u0259ni yer\u0259 uzad\u0131b, vurdular. U\u015fa\u011f\u0131 d\u00f6y, t\u0259hqir et, sonra da g\u0259l, de ki, o\u011flun psixoloji problemlidir, d\u0259lidir, h\u0259kim\u0259 g\u00f6st\u0259r\u201d.<\/em><\/p>\n\n\n\n<p>\u201c<em>Yolda\u015f\u0131ma deyibl\u0259r ki, s\u0259ni ya 8 sutkal\u0131q h\u0259bs edirik, ya da 1500-2000 min manat pul ver, s\u00f6hb\u0259t ba\u011flans\u0131n.Yolda\u015f\u0131m da deyib ki, m\u0259n he\u00e7 kim\u0259 r\u00fc\u015fv\u0259t verm\u0259y\u0259c\u0259y\u0259m. D\u00f6vl\u0259tin qanunlar\u0131 n\u0259 t\u0259l\u0259b edirs\u0259, ona \u0259m\u0259l ed\u0259c\u0259y\u0259m\u201d, &#8211;<\/em> dey\u0259 o bildirib.<\/p>\n\n\n<div class=\"wp-block-image\">\n<figure class=\"aligncenter size-large\"><img decoding=\"async\" width=\"1200\" height=\"675\" data-src=\"https:\/\/www.meydan.tv\/wp-content\/uploads\/img-20230505-wa0042-1200x675.jpg\" alt=\"\" class=\"wp-image-274454 lazyload\" src=\"data:image\/svg+xml;base64,PHN2ZyB3aWR0aD0iMSIgaGVpZ2h0PSIxIiB4bWxucz0iaHR0cDovL3d3dy53My5vcmcvMjAwMC9zdmciPjwvc3ZnPg==\" style=\"--smush-placeholder-width: 1200px; --smush-placeholder-aspect-ratio: 1200\/675;\" \/><\/figure>\n<\/div>\n\n\n<p>G\u00fcnay Abbasova bildirib ki, o\u011flu il\u0259 h\u0259yat yolda\u015f\u0131 hadis\u0259 ba\u015f ver\u0259n g\u00fcn Masall\u0131 Rayon M\u0259hk\u0259m\u0259sind\u0259 hakim qar\u015f\u0131s\u0131na \u00e7\u0131xar\u0131l\u0131blar:<\/p>\n\n\n\n<p>\u201c<em>O\u011flumla h\u0259yat yolda\u015f\u0131m\u0131 Masall\u0131 Rayon M\u0259hk\u0259m\u0259sind\u0259 polis\u0259 m\u00fcqavim\u0259t g\u00f6st\u0259rm\u0259 madd\u0259si il\u0259 hakim qar\u015f\u0131s\u0131na \u00e7\u0131xard\u0131lar. O\u011flumu 200 manat c\u0259rim\u0259 etdil\u0259r, h\u0259yat yolda\u015f\u0131ma is\u0259 8 sutka h\u0259bs c\u0259zas\u0131 verdil\u0259r\u201d.<\/em><\/p>\n\n\n\n<p>Daxili \u0130\u015fl\u0259r Nazirliyinin (D\u0130N) M\u0259tbuat Xidm\u0259tinin L\u0259nk\u0259ran regional qrupunun ba\u015f inspektoru, polis kapitan\u0131 M\u0259h\u0259mm\u0259d Rzayev Meydan TV-y\u0259 bildirib ki, Tale Abbasovun idar\u0259 etdiyi n\u0259qliyyat vasit\u0259si \u018fl\u0259t-Astara magistral yolunun Masall\u0131 rayonundan ke\u00e7\u0259n hiss\u0259sind\u0259 yol patrul xidm\u0259tinin \u0259m\u0259kda\u015flar\u0131 t\u0259r\u0259find\u0259n saxlan\u0131l\u0131b:<\/p>\n\n\n\n<p>\u201c<em>M\u0259lum olub ki, n\u0259qliyyat vasit\u0259sini idar\u0259 ed\u0259n \u015f\u0259xsin s\u00fcr\u00fcc\u00fcl\u00fck h\u00fcququ yoxdur. Bundan sonra h\u0259min \u015f\u0259xs v\u0259 avtomobild\u0259 olan o\u011flu d\u0259f\u0259l\u0259rl\u0259 x\u0259b\u0259rdarl\u0131q edilm\u0259sin\u0259 baxmayaraq nalayiq ifad\u0259l\u0259r i\u015fl\u0259tm\u0259kl\u0259 polisin qanuni t\u0259l\u0259bl\u0259rl\u0259rin\u0259 tabe olmad\u0131qlar\u0131 \u00fc\u00e7\u00fcn Masall\u0131 Rayon Polis \u015e\u00f6b\u0259sin\u0259 g\u0259tirilibl\u0259r. Bar\u0259l\u0259rind\u0259 \u0130nzibati X\u0259talar M\u0259c\u0259ll\u0259sinin 535-ci madd\u0259sil\u0259 protokol t\u0259rtib edil\u0259r\u0259k bax\u0131lmas\u0131 \u00fc\u00e7\u00fcn Masall\u0131 Rayon M\u0259hk\u0259m\u0259sin\u0259 g\u00f6nd\u0259rilib. H\u0259min \u015f\u0259xsl\u0259r\u0259 qar\u015f\u0131 h\u0259r hans\u0131 qanunsuz t\u0259l\u0259bl\u0259rin ir\u0259li s\u00fcr\u00fclm\u0259si hal\u0131 olmay\u0131b, s\u0259sl\u0259ndiril\u0259n iddialar \u015f\u0259xsi m\u00fclahiz\u0259l\u0259rdir v\u0259 h\u0259qiq\u0259ti \u0259ks etdirmir\u201d.<\/em><\/p>\n\n\n\n<p>H\u00fcquq\u015f\u00fcnas, Daxili \u0130\u015fl\u0259r Nazirliyi yan\u0131nda \u0130ctimai \u015euran\u0131n s\u0259dri \u018flim\u0259mm\u0259d Nuriyev Meydan TV-y\u0259 bildirib ki, he\u00e7 bir qurumun v\u0259t\u0259nda\u015fdan c\u0259rim\u0259ni birba\u015fa almaq h\u00fcququ yoxdur:<\/p>\n\n\n\n<p><em>\u201cHadis\u0259ni daha yax\u015f\u0131 i\u015f materiallar\u0131 il\u0259 tan\u0131\u015f olandan sonra qiym\u0259tl\u0259ndirm\u0259k olar. Bununla bel\u0259, he\u00e7 bir v\u0259zif\u0259li \u015f\u0259xs\u0259 qeyri-qanuni \u00f6d\u0259m\u0259l\u0259r, yaxud da qeyri-r\u0259smi formada v\u0259saitl\u0259rin al\u0131nmas\u0131 h\u00fcququ verilm\u0259yib. H\u0259m\u00e7inin s\u00fcr\u00fcc\u00fcl\u00fck v\u0259siq\u0259si d\u0259 olmadan he\u00e7 kim ma\u015f\u0131n idar\u0259 etm\u0259k h\u00fcququma malik deyil&#8221;.<\/em><\/p>\n\n\n\n<p><em>&#8220;V\u0259t\u0259nda\u015f hesab edirs\u0259 ki, onu qeyri-qanuni h\u0259bs edibl\u0259r, bununla ba\u011fl\u0131 prokurorluq orqanlar\u0131na m\u00fcraci\u0259t ed\u0259 bil\u0259r\u201d, <\/em>&#8211; dey\u0259 o qeyd edib.<\/p>\n","protected":false},"excerpt":{"rendered":"<p>D\u0130N iddialar\u0131 q\u0259bul etmir Sumqay\u0131t sakini G\u00fcnay Abbasova Masall\u0131n\u0131n S\u0259r\u00e7uvar &#8230; <\/p>\n<p class=\"read-more-container\"><a title=\"Sumqay\u0131t sakini: &#8220;Yol polisi \u0259rim\u0259 v\u0259 o\u011fluma x\u0259sar\u0259t yetirib&#8221;\" class=\"read-more button\" href=\"https:\/\/www.meydan.tv\/az\/article\/sumqayit-sakini-yol-polisi-erime-ve-ogluma-xesaret-yetirib\/#more-274477\" aria-label=\"Read more about Sumqay\u0131t sakini: &#8220;Yol polisi \u0259rim\u0259 v\u0259 o\u011fluma x\u0259sar\u0259t yetirib&#8221;\">Davam\u0131<\/a><\/p>\n","protected":false},"author":8,"featured_media":274451,"comment_status":"closed","ping_status":"closed","sticky":false,"template":"","format":"standard","meta":{"_acf_changed":false,"_sitemap_exclude":false,"_sitemap_priority":"","_sitemap_frequency":"","footnotes":""},"categories":[60,56],"tags":[],"class_list":["post-274477","post","type-post","status-publish","format-standard","has-post-thumbnail","hentry","category-bolge","category-xeberler","infinite-scroll-item","generate-columns","tablet-grid-50","mobile-grid-100","grid-parent","grid-33","no-featured-image-padding"],"acf":[],"yoast_head":"<!-- This site is optimized with the Yoast SEO plugin v27.5 - https:\/\/yoast.com\/product\/yoast-seo-wordpress\/ -->\n<title>Sumqay\u0131t sakini: &quot;Yol polisi \u0259rim\u0259 v\u0259 o\u011fluma x\u0259sar\u0259t yetirib&quot; - MEYDAN.TV<\/title>\n<meta name=\"robots\" content=\"index, follow, max-snippet:-1, max-image-preview:large, max-video-preview:-1\" \/>\n<link rel=\"canonical\" href=\"https:\/\/www.meydan.tv\/az\/article\/sumqayit-sakini-yol-polisi-erime-ve-ogluma-xesaret-yetirib\/\" \/>\n<meta property=\"og:locale\" content=\"az_AZ\" \/>\n<meta property=\"og:type\" content=\"article\" \/>\n<meta property=\"og:title\" content=\"Sumqay\u0131t sakini: &quot;Yol polisi \u0259rim\u0259 v\u0259 o\u011fluma x\u0259sar\u0259t yetirib&quot; - MEYDAN.TV\" \/>\n<meta property=\"og:description\" content=\"D\u0130N iddialar\u0131 q\u0259bul etmir Sumqay\u0131t sakini G\u00fcnay Abbasova Masall\u0131n\u0131n S\u0259r\u00e7uvar ... Davam\u0131\" \/>\n<meta property=\"og:url\" content=\"https:\/\/www.meydan.tv\/az\/article\/sumqayit-sakini-yol-polisi-erime-ve-ogluma-xesaret-yetirib\/\" \/>\n<meta property=\"og:site_name\" content=\"MEYDAN.TV\" \/>\n<meta property=\"article:published_time\" content=\"2023-05-05T14:23:43+00:00\" \/>\n<meta property=\"article:modified_time\" content=\"2023-05-05T14:23:47+00:00\" \/>\n<meta property=\"og:image\" content=\"https:\/\/www.meydan.tv\/wp-content\/uploads\/untitled-design-2-96.jpg\" \/>\n\t<meta property=\"og:image:width\" content=\"1200\" \/>\n\t<meta property=\"og:image:height\" content=\"800\" \/>\n\t<meta property=\"og:image:type\" content=\"image\/jpeg\" \/>\n<meta name=\"author\" content=\"elli\" \/>\n<meta name=\"twitter:card\" content=\"summary_large_image\" \/>\n<meta name=\"twitter:creator\" content=\"@elli\" \/>\n<script type=\"application\/ld+json\" class=\"yoast-schema-graph\">{\"@context\":\"https:\\\/\\\/schema.org\",\"@graph\":[{\"@type\":\"Article\",\"@id\":\"https:\\\/\\\/www.meydan.tv\\\/az\\\/article\\\/sumqayit-sakini-yol-polisi-erime-ve-ogluma-xesaret-yetirib\\\/#article\",\"isPartOf\":{\"@id\":\"https:\\\/\\\/www.meydan.tv\\\/az\\\/article\\\/sumqayit-sakini-yol-polisi-erime-ve-ogluma-xesaret-yetirib\\\/\"},\"author\":{\"name\":\"elli\",\"@id\":\"https:\\\/\\\/www.meydan.tv\\\/az\\\/#\\\/schema\\\/person\\\/9cdbecf90d17180ce1dfbd95b08dcf47\"},\"headline\":\"Sumqay\u0131t sakini: &#8220;Yol polisi \u0259rim\u0259 v\u0259 o\u011fluma x\u0259sar\u0259t yetirib&#8221;\",\"datePublished\":\"2023-05-05T14:23:43+00:00\",\"dateModified\":\"2023-05-05T14:23:47+00:00\",\"mainEntityOfPage\":{\"@id\":\"https:\\\/\\\/www.meydan.tv\\\/az\\\/article\\\/sumqayit-sakini-yol-polisi-erime-ve-ogluma-xesaret-yetirib\\\/\"},\"wordCount\":941,\"publisher\":{\"@id\":\"https:\\\/\\\/www.meydan.tv\\\/az\\\/#organization\"},\"image\":{\"@id\":\"https:\\\/\\\/www.meydan.tv\\\/az\\\/article\\\/sumqayit-sakini-yol-polisi-erime-ve-ogluma-xesaret-yetirib\\\/#primaryimage\"},\"thumbnailUrl\":\"https:\\\/\\\/www.meydan.tv\\\/wp-content\\\/uploads\\\/untitled-design-2-96.jpg\",\"articleSection\":[\"B\u00f6lg\u0259\",\"X\u0259b\u0259rl\u0259r\"],\"inLanguage\":\"az\"},{\"@type\":\"WebPage\",\"@id\":\"https:\\\/\\\/www.meydan.tv\\\/az\\\/article\\\/sumqayit-sakini-yol-polisi-erime-ve-ogluma-xesaret-yetirib\\\/\",\"url\":\"https:\\\/\\\/www.meydan.tv\\\/az\\\/article\\\/sumqayit-sakini-yol-polisi-erime-ve-ogluma-xesaret-yetirib\\\/\",\"name\":\"Sumqay\u0131t sakini: \\\"Yol polisi \u0259rim\u0259 v\u0259 o\u011fluma x\u0259sar\u0259t yetirib\\\" - MEYDAN.TV\",\"isPartOf\":{\"@id\":\"https:\\\/\\\/www.meydan.tv\\\/az\\\/#website\"},\"primaryImageOfPage\":{\"@id\":\"https:\\\/\\\/www.meydan.tv\\\/az\\\/article\\\/sumqayit-sakini-yol-polisi-erime-ve-ogluma-xesaret-yetirib\\\/#primaryimage\"},\"image\":{\"@id\":\"https:\\\/\\\/www.meydan.tv\\\/az\\\/article\\\/sumqayit-sakini-yol-polisi-erime-ve-ogluma-xesaret-yetirib\\\/#primaryimage\"},\"thumbnailUrl\":\"https:\\\/\\\/www.meydan.tv\\\/wp-content\\\/uploads\\\/untitled-design-2-96.jpg\",\"datePublished\":\"2023-05-05T14:23:43+00:00\",\"dateModified\":\"2023-05-05T14:23:47+00:00\",\"breadcrumb\":{\"@id\":\"https:\\\/\\\/www.meydan.tv\\\/az\\\/article\\\/sumqayit-sakini-yol-polisi-erime-ve-ogluma-xesaret-yetirib\\\/#breadcrumb\"},\"inLanguage\":\"az\",\"potentialAction\":[{\"@type\":\"ReadAction\",\"target\":[\"https:\\\/\\\/www.meydan.tv\\\/az\\\/article\\\/sumqayit-sakini-yol-polisi-erime-ve-ogluma-xesaret-yetirib\\\/\"]}]},{\"@type\":\"ImageObject\",\"inLanguage\":\"az\",\"@id\":\"https:\\\/\\\/www.meydan.tv\\\/az\\\/article\\\/sumqayit-sakini-yol-polisi-erime-ve-ogluma-xesaret-yetirib\\\/#primaryimage\",\"url\":\"https:\\\/\\\/www.meydan.tv\\\/wp-content\\\/uploads\\\/untitled-design-2-96.jpg\",\"contentUrl\":\"https:\\\/\\\/www.meydan.tv\\\/wp-content\\\/uploads\\\/untitled-design-2-96.jpg\",\"width\":1200,\"height\":800,\"caption\":\"Fotolar: Meydan TV\"},{\"@type\":\"BreadcrumbList\",\"@id\":\"https:\\\/\\\/www.meydan.tv\\\/az\\\/article\\\/sumqayit-sakini-yol-polisi-erime-ve-ogluma-xesaret-yetirib\\\/#breadcrumb\",\"itemListElement\":[{\"@type\":\"ListItem\",\"position\":1,\"name\":\"Ana s\u0259hif\u0259\",\"item\":\"https:\\\/\\\/www.meydan.tv\\\/az\\\/\"},{\"@type\":\"ListItem\",\"position\":2,\"name\":\"B\u00f6lg\u0259\",\"item\":\"https:\\\/\\\/www.meydan.tv\\\/az\\\/section\\\/bolge\\\/\"},{\"@type\":\"ListItem\",\"position\":3,\"name\":\"Sumqay\u0131t sakini: &#8220;Yol polisi \u0259rim\u0259 v\u0259 o\u011fluma x\u0259sar\u0259t yetirib&#8221;\"}]},{\"@type\":\"WebSite\",\"@id\":\"https:\\\/\\\/www.meydan.tv\\\/az\\\/#website\",\"url\":\"https:\\\/\\\/www.meydan.tv\\\/az\\\/\",\"name\":\"MEYDAN.TV\",\"description\":\"Meydan TV Az\u0259rbaycan\u0131n media m\u0259kan\u0131ndak\u0131 alternativ s\u0259sidir\",\"publisher\":{\"@id\":\"https:\\\/\\\/www.meydan.tv\\\/az\\\/#organization\"},\"potentialAction\":[{\"@type\":\"SearchAction\",\"target\":{\"@type\":\"EntryPoint\",\"urlTemplate\":\"https:\\\/\\\/www.meydan.tv\\\/az\\\/?s={search_term_string}\"},\"query-input\":{\"@type\":\"PropertyValueSpecification\",\"valueRequired\":true,\"valueName\":\"search_term_string\"}}],\"inLanguage\":\"az\"},{\"@type\":\"Organization\",\"@id\":\"https:\\\/\\\/www.meydan.tv\\\/az\\\/#organization\",\"name\":\"Meydan TV\",\"url\":\"https:\\\/\\\/www.meydan.tv\\\/az\\\/\",\"logo\":{\"@type\":\"ImageObject\",\"inLanguage\":\"az\",\"@id\":\"https:\\\/\\\/www.meydan.tv\\\/az\\\/#\\\/schema\\\/logo\\\/image\\\/\",\"url\":\"https:\\\/\\\/www.meydan.tv\\\/wp-content\\\/uploads\\\/2021\\\/07\\\/meydan-logo.svg\",\"contentUrl\":\"https:\\\/\\\/www.meydan.tv\\\/wp-content\\\/uploads\\\/2021\\\/07\\\/meydan-logo.svg\",\"width\":195,\"height\":46,\"caption\":\"Meydan TV\"},\"image\":{\"@id\":\"https:\\\/\\\/www.meydan.tv\\\/az\\\/#\\\/schema\\\/logo\\\/image\\\/\"}},{\"@type\":\"Person\",\"@id\":\"https:\\\/\\\/www.meydan.tv\\\/az\\\/#\\\/schema\\\/person\\\/9cdbecf90d17180ce1dfbd95b08dcf47\",\"name\":\"elli\",\"sameAs\":[\"https:\\\/\\\/x.com\\\/elli\"]}]}<\/script>\n<!-- \/ Yoast SEO plugin. -->","yoast_head_json":{"title":"Sumqay\u0131t sakini: \"Yol polisi \u0259rim\u0259 v\u0259 o\u011fluma x\u0259sar\u0259t yetirib\" - MEYDAN.TV","robots":{"index":"index","follow":"follow","max-snippet":"max-snippet:-1","max-image-preview":"max-image-preview:large","max-video-preview":"max-video-preview:-1"},"canonical":"https:\/\/www.meydan.tv\/az\/article\/sumqayit-sakini-yol-polisi-erime-ve-ogluma-xesaret-yetirib\/","og_locale":"az_AZ","og_type":"article","og_title":"Sumqay\u0131t sakini: \"Yol polisi \u0259rim\u0259 v\u0259 o\u011fluma x\u0259sar\u0259t yetirib\" - MEYDAN.TV","og_description":"D\u0130N iddialar\u0131 q\u0259bul etmir Sumqay\u0131t sakini G\u00fcnay Abbasova Masall\u0131n\u0131n S\u0259r\u00e7uvar ... Davam\u0131","og_url":"https:\/\/www.meydan.tv\/az\/article\/sumqayit-sakini-yol-polisi-erime-ve-ogluma-xesaret-yetirib\/","og_site_name":"MEYDAN.TV","article_published_time":"2023-05-05T14:23:43+00:00","article_modified_time":"2023-05-05T14:23:47+00:00","og_image":[{"width":1200,"height":800,"url":"https:\/\/www.meydan.tv\/wp-content\/uploads\/untitled-design-2-96.jpg","type":"image\/jpeg"}],"author":"elli","twitter_card":"summary_large_image","twitter_creator":"@elli","schema":{"@context":"https:\/\/schema.org","@graph":[{"@type":"Article","@id":"https:\/\/www.meydan.tv\/az\/article\/sumqayit-sakini-yol-polisi-erime-ve-ogluma-xesaret-yetirib\/#article","isPartOf":{"@id":"https:\/\/www.meydan.tv\/az\/article\/sumqayit-sakini-yol-polisi-erime-ve-ogluma-xesaret-yetirib\/"},"author":{"name":"elli","@id":"https:\/\/www.meydan.tv\/az\/#\/schema\/person\/9cdbecf90d17180ce1dfbd95b08dcf47"},"headline":"Sumqay\u0131t sakini: &#8220;Yol polisi \u0259rim\u0259 v\u0259 o\u011fluma x\u0259sar\u0259t yetirib&#8221;","datePublished":"2023-05-05T14:23:43+00:00","dateModified":"2023-05-05T14:23:47+00:00","mainEntityOfPage":{"@id":"https:\/\/www.meydan.tv\/az\/article\/sumqayit-sakini-yol-polisi-erime-ve-ogluma-xesaret-yetirib\/"},"wordCount":941,"publisher":{"@id":"https:\/\/www.meydan.tv\/az\/#organization"},"image":{"@id":"https:\/\/www.meydan.tv\/az\/article\/sumqayit-sakini-yol-polisi-erime-ve-ogluma-xesaret-yetirib\/#primaryimage"},"thumbnailUrl":"https:\/\/www.meydan.tv\/wp-content\/uploads\/untitled-design-2-96.jpg","articleSection":["B\u00f6lg\u0259","X\u0259b\u0259rl\u0259r"],"inLanguage":"az"},{"@type":"WebPage","@id":"https:\/\/www.meydan.tv\/az\/article\/sumqayit-sakini-yol-polisi-erime-ve-ogluma-xesaret-yetirib\/","url":"https:\/\/www.meydan.tv\/az\/article\/sumqayit-sakini-yol-polisi-erime-ve-ogluma-xesaret-yetirib\/","name":"Sumqay\u0131t sakini: \"Yol polisi \u0259rim\u0259 v\u0259 o\u011fluma x\u0259sar\u0259t yetirib\" - MEYDAN.TV","isPartOf":{"@id":"https:\/\/www.meydan.tv\/az\/#website"},"primaryImageOfPage":{"@id":"https:\/\/www.meydan.tv\/az\/article\/sumqayit-sakini-yol-polisi-erime-ve-ogluma-xesaret-yetirib\/#primaryimage"},"image":{"@id":"https:\/\/www.meydan.tv\/az\/article\/sumqayit-sakini-yol-polisi-erime-ve-ogluma-xesaret-yetirib\/#primaryimage"},"thumbnailUrl":"https:\/\/www.meydan.tv\/wp-content\/uploads\/untitled-design-2-96.jpg","datePublished":"2023-05-05T14:23:43+00:00","dateModified":"2023-05-05T14:23:47+00:00","breadcrumb":{"@id":"https:\/\/www.meydan.tv\/az\/article\/sumqayit-sakini-yol-polisi-erime-ve-ogluma-xesaret-yetirib\/#breadcrumb"},"inLanguage":"az","potentialAction":[{"@type":"ReadAction","target":["https:\/\/www.meydan.tv\/az\/article\/sumqayit-sakini-yol-polisi-erime-ve-ogluma-xesaret-yetirib\/"]}]},{"@type":"ImageObject","inLanguage":"az","@id":"https:\/\/www.meydan.tv\/az\/article\/sumqayit-sakini-yol-polisi-erime-ve-ogluma-xesaret-yetirib\/#primaryimage","url":"https:\/\/www.meydan.tv\/wp-content\/uploads\/untitled-design-2-96.jpg","contentUrl":"https:\/\/www.meydan.tv\/wp-content\/uploads\/untitled-design-2-96.jpg","width":1200,"height":800,"caption":"Fotolar: Meydan TV"},{"@type":"BreadcrumbList","@id":"https:\/\/www.meydan.tv\/az\/article\/sumqayit-sakini-yol-polisi-erime-ve-ogluma-xesaret-yetirib\/#breadcrumb","itemListElement":[{"@type":"ListItem","position":1,"name":"Ana s\u0259hif\u0259","item":"https:\/\/www.meydan.tv\/az\/"},{"@type":"ListItem","position":2,"name":"B\u00f6lg\u0259","item":"https:\/\/www.meydan.tv\/az\/section\/bolge\/"},{"@type":"ListItem","position":3,"name":"Sumqay\u0131t sakini: &#8220;Yol polisi \u0259rim\u0259 v\u0259 o\u011fluma x\u0259sar\u0259t yetirib&#8221;"}]},{"@type":"WebSite","@id":"https:\/\/www.meydan.tv\/az\/#website","url":"https:\/\/www.meydan.tv\/az\/","name":"MEYDAN.TV","description":"Meydan TV Az\u0259rbaycan\u0131n media m\u0259kan\u0131ndak\u0131 alternativ s\u0259sidir","publisher":{"@id":"https:\/\/www.meydan.tv\/az\/#organization"},"potentialAction":[{"@type":"SearchAction","target":{"@type":"EntryPoint","urlTemplate":"https:\/\/www.meydan.tv\/az\/?s={search_term_string}"},"query-input":{"@type":"PropertyValueSpecification","valueRequired":true,"valueName":"search_term_string"}}],"inLanguage":"az"},{"@type":"Organization","@id":"https:\/\/www.meydan.tv\/az\/#organization","name":"Meydan TV","url":"https:\/\/www.meydan.tv\/az\/","logo":{"@type":"ImageObject","inLanguage":"az","@id":"https:\/\/www.meydan.tv\/az\/#\/schema\/logo\/image\/","url":"https:\/\/www.meydan.tv\/wp-content\/uploads\/2021\/07\/meydan-logo.svg","contentUrl":"https:\/\/www.meydan.tv\/wp-content\/uploads\/2021\/07\/meydan-logo.svg","width":195,"height":46,"caption":"Meydan TV"},"image":{"@id":"https:\/\/www.meydan.tv\/az\/#\/schema\/logo\/image\/"}},{"@type":"Person","@id":"https:\/\/www.meydan.tv\/az\/#\/schema\/person\/9cdbecf90d17180ce1dfbd95b08dcf47","name":"elli","sameAs":["https:\/\/x.com\/elli"]}]}},"_links":{"self":[{"href":"https:\/\/www.meydan.tv\/az\/wp-json\/wp\/v2\/posts\/274477","targetHints":{"allow":["GET"]}}],"collection":[{"href":"https:\/\/www.meydan.tv\/az\/wp-json\/wp\/v2\/posts"}],"about":[{"href":"https:\/\/www.meydan.tv\/az\/wp-json\/wp\/v2\/types\/post"}],"author":[{"embeddable":true,"href":"https:\/\/www.meydan.tv\/az\/wp-json\/wp\/v2\/users\/8"}],"replies":[{"embeddable":true,"href":"https:\/\/www.meydan.tv\/az\/wp-json\/wp\/v2\/comments?post=274477"}],"version-history":[{"count":2,"href":"https:\/\/www.meydan.tv\/az\/wp-json\/wp\/v2\/posts\/274477\/revisions"}],"predecessor-version":[{"id":274485,"href":"https:\/\/www.meydan.tv\/az\/wp-json\/wp\/v2\/posts\/274477\/revisions\/274485"}],"wp:featuredmedia":[{"embeddable":true,"href":"https:\/\/www.meydan.tv\/az\/wp-json\/wp\/v2\/media\/274451"}],"wp:attachment":[{"href":"https:\/\/www.meydan.tv\/az\/wp-json\/wp\/v2\/media?parent=274477"}],"wp:term":[{"taxonomy":"category","embeddable":true,"href":"https:\/\/www.meydan.tv\/az\/wp-json\/wp\/v2\/categories?post=274477"},{"taxonomy":"post_tag","embeddable":true,"href":"https:\/\/www.meydan.tv\/az\/wp-json\/wp\/v2\/tags?post=274477"}],"curies":[{"name":"wp","href":"https:\/\/api.w.org\/{rel}","templated":true}]}}