{"id":274392,"date":"2023-05-04T23:46:59","date_gmt":"2023-05-04T19:46:59","guid":{"rendered":"https:\/\/www.meydan.tv\/?p=274392"},"modified":"2023-05-04T23:47:04","modified_gmt":"2023-05-04T19:47:04","slug":"nigar-kocerli-cengaver-rutbesi-aldi","status":"publish","type":"post","link":"https:\/\/www.meydan.tv\/az\/article\/nigar-kocerli-cengaver-rutbesi-aldi\/","title":{"rendered":"Nigar K\u00f6\u00e7\u0259rli \u201cC\u0259ngav\u0259r\u201d r\u00fctb\u0259si ald\u0131"},"content":{"rendered":"\n<p class=\"wp-block-paragraph\"><\/p>\n\n\n\n<p class=\"wp-block-paragraph\"><strong><em>\u201cH\u0259yat\u0131mda ald\u0131\u011f\u0131m ilk m\u00fckafatd\u0131r&#8221;<\/em><\/strong><\/p>\n\n\n\n<p class=\"wp-block-paragraph\">\u201c\u018fli v\u0259 Nino\u201d kitab ma\u011fazalar\u0131n\u0131n sahibi Nigar K\u00f6\u00e7\u0259rli Fransa d\u00f6vl\u0259ti t\u0259r\u0259find\u0259n \u0130nc\u0259s\u0259n\u0259t v\u0259 \u018fd\u0259biyyat ordeninin C\u0259ngav\u0259r r\u00fctb\u0259si (Ordre des Arts et des Lettres) il\u0259 t\u0259ltif olunub. Orden ona may\u0131n 4-d\u0259 Fransan\u0131n Az\u0259rbaycandak\u0131 f\u00f6vq\u0259lad\u0259 v\u0259 s\u0259lahiyy\u0259tli s\u0259firi Anne Boillon t\u0259r\u0259find\u0259n t\u0259qdim edilib.<\/p>\n\n\n\n<p class=\"wp-block-paragraph\">S\u0259firin iqam\u0259tgah\u0131nda t\u0259\u015fkil olunmu\u015f t\u0259dbird\u0259 yaz\u0131\u00e7\u0131lar, inc\u0259s\u0259n\u0259t adamlar\u0131, el\u0259c\u0259 d\u0259 v\u0259t\u0259nda\u015f c\u0259miyy\u0259tinin n\u00fcmay\u0259nd\u0259l\u0259ri v\u0259 jurnalistl\u0259r d\u0259 i\u015ftirak edib.<\/p>\n\n\n<div class=\"wp-block-image\">\n<figure class=\"alignleft size-large is-resized\"><img loading=\"lazy\" decoding=\"async\" src=\"https:\/\/www.meydan.tv\/wp-content\/uploads\/img_2419-1-616x821.jpg\" alt=\"\" class=\"wp-image-274393\" width=\"362\" height=\"483\"\/><\/figure>\n<\/div>\n\n\n<p class=\"wp-block-paragraph\">Ordenin \u0259h\u0259miyy\u0259tind\u0259n dan\u0131\u015fan s\u0259fir Anne Boillon Nigar K\u00f6\u00e7\u0259rlinin bir sahibkar kimi kitabsev\u0259rl\u0259r \u00fc\u00e7\u00fcn g\u00f6st\u0259rdiyi xidm\u0259ti y\u00fcks\u0259k qiym\u0259tl\u0259ndirib. Nigar K\u00f6\u00e7\u0259rli is\u0259 \u0259n b\u00f6y\u00fck arzusunun h\u0259r bir k\u0259ndd\u0259 kitab ma\u011fazas\u0131n\u0131n a\u00e7\u0131lmas\u0131n\u0131n oldu\u011funu deyib.<\/p>\n\n\n\n<p class=\"wp-block-paragraph\"><em>\u201cBu, m\u0259nim \u00fc\u00e7\u00fcn tam g\u00f6zl\u0259nilm\u0259z oldu. H\u0259yat\u0131mda ald\u0131\u011f\u0131m ilk m\u00fckafatd\u0131r&#8221;, <\/em>&#8211; Nigar K\u00f6\u00e7\u0259rli deyib.<\/p>\n\n\n\n<p class=\"wp-block-paragraph\">\u0130ki il \u00f6nc\u0259 bu m\u00fckafata \u201cQanun\u201d N\u0259\u015friyyat\u0131n\u0131n direktoru \u015eahbaz Xuduo\u011flu layiq g\u00f6r\u00fclm\u00fc\u015fd\u00fc.<\/p>\n","protected":false},"excerpt":{"rendered":"<p>\u201cH\u0259yat\u0131mda ald\u0131\u011f\u0131m ilk m\u00fckafatd\u0131r&#8221; \u201c\u018fli v\u0259 Nino\u201d kitab ma\u011fazalar\u0131n\u0131n sahibi &#8230; <\/p>\n<p class=\"read-more-container\"><a title=\"Nigar K\u00f6\u00e7\u0259rli \u201cC\u0259ngav\u0259r\u201d r\u00fctb\u0259si ald\u0131\" class=\"read-more button\" href=\"https:\/\/www.meydan.tv\/az\/article\/nigar-kocerli-cengaver-rutbesi-aldi\/#more-274392\" aria-label=\"Read more about Nigar K\u00f6\u00e7\u0259rli \u201cC\u0259ngav\u0259r\u201d r\u00fctb\u0259si ald\u0131\">Davam\u0131<\/a><\/p>\n","protected":false},"author":8,"featured_media":274389,"comment_status":"closed","ping_status":"closed","sticky":false,"template":"","format":"standard","meta":{"_acf_changed":false,"_sitemap_exclude":false,"_sitemap_priority":"","_sitemap_frequency":"","footnotes":""},"categories":[52,56],"tags":[],"class_list":["post-274392","post","type-post","status-publish","format-standard","has-post-thumbnail","hentry","category-medeniyyet","category-xeberler","infinite-scroll-item","generate-columns","tablet-grid-50","mobile-grid-100","grid-parent","grid-33","no-featured-image-padding"],"acf":[],"yoast_head":"<!-- This site is optimized with the Yoast SEO plugin v28.4 - https:\/\/yoast.com\/product\/yoast-seo-wordpress\/ -->\n<title>Nigar K\u00f6\u00e7\u0259rli \u201cC\u0259ngav\u0259r\u201d r\u00fctb\u0259si ald\u0131 - MEYDAN.TV<\/title>\n<meta name=\"robots\" content=\"index, follow, max-snippet:-1, max-image-preview:large, max-video-preview:-1\" \/>\n<link rel=\"canonical\" href=\"https:\/\/www.meydan.tv\/az\/article\/nigar-kocerli-cengaver-rutbesi-aldi\/\" \/>\n<meta property=\"og:locale\" content=\"az_AZ\" \/>\n<meta property=\"og:type\" content=\"article\" \/>\n<meta property=\"og:title\" content=\"Nigar K\u00f6\u00e7\u0259rli \u201cC\u0259ngav\u0259r\u201d r\u00fctb\u0259si ald\u0131 - MEYDAN.TV\" \/>\n<meta property=\"og:description\" content=\"\u201cH\u0259yat\u0131mda ald\u0131\u011f\u0131m ilk m\u00fckafatd\u0131r&#8221; \u201c\u018fli v\u0259 Nino\u201d kitab ma\u011fazalar\u0131n\u0131n sahibi ... Davam\u0131\" \/>\n<meta property=\"og:url\" content=\"https:\/\/www.meydan.tv\/az\/article\/nigar-kocerli-cengaver-rutbesi-aldi\/\" \/>\n<meta property=\"og:site_name\" content=\"MEYDAN.TV\" \/>\n<meta property=\"article:published_time\" content=\"2023-05-04T19:46:59+00:00\" \/>\n<meta property=\"article:modified_time\" content=\"2023-05-04T19:47:04+00:00\" \/>\n<meta property=\"og:image\" content=\"https:\/\/www.meydan.tv\/wp-content\/uploads\/untitled-design-125-e1683229570785.jpg\" \/>\n\t<meta property=\"og:image:width\" content=\"1200\" \/>\n\t<meta property=\"og:image:height\" content=\"615\" \/>\n\t<meta property=\"og:image:type\" content=\"image\/jpeg\" \/>\n<meta name=\"twitter:card\" content=\"summary_large_image\" \/>\n<meta name=\"twitter:creator\" content=\"@elli\" \/>\n<!-- \/ Yoast SEO plugin. -->","yoast_head_json":{"title":"Nigar K\u00f6\u00e7\u0259rli \u201cC\u0259ngav\u0259r\u201d r\u00fctb\u0259si ald\u0131 - MEYDAN.TV","robots":{"index":"index","follow":"follow","max-snippet":"max-snippet:-1","max-image-preview":"max-image-preview:large","max-video-preview":"max-video-preview:-1"},"canonical":"https:\/\/www.meydan.tv\/az\/article\/nigar-kocerli-cengaver-rutbesi-aldi\/","og_locale":"az_AZ","og_type":"article","og_title":"Nigar K\u00f6\u00e7\u0259rli \u201cC\u0259ngav\u0259r\u201d r\u00fctb\u0259si ald\u0131 - MEYDAN.TV","og_description":"\u201cH\u0259yat\u0131mda ald\u0131\u011f\u0131m ilk m\u00fckafatd\u0131r&#8221; \u201c\u018fli v\u0259 Nino\u201d kitab ma\u011fazalar\u0131n\u0131n sahibi ... Davam\u0131","og_url":"https:\/\/www.meydan.tv\/az\/article\/nigar-kocerli-cengaver-rutbesi-aldi\/","og_site_name":"MEYDAN.TV","article_published_time":"2023-05-04T19:46:59+00:00","article_modified_time":"2023-05-04T19:47:04+00:00","og_image":[{"width":1200,"height":615,"url":"https:\/\/www.meydan.tv\/wp-content\/uploads\/untitled-design-125-e1683229570785.jpg","type":"image\/jpeg"}],"twitter_card":"summary_large_image","twitter_creator":"@elli","schema":{"@context":"https:\/\/schema.org","@graph":[{"@type":"Article","@id":"https:\/\/www.meydan.tv\/az\/article\/nigar-kocerli-cengaver-rutbesi-aldi\/#article","isPartOf":{"@id":"https:\/\/www.meydan.tv\/az\/article\/nigar-kocerli-cengaver-rutbesi-aldi\/"},"author":{"name":"elli","@id":"https:\/\/www.meydan.tv\/az\/#\/schema\/person\/9cdbecf90d17180ce1dfbd95b08dcf47"},"headline":"Nigar K\u00f6\u00e7\u0259rli \u201cC\u0259ngav\u0259r\u201d r\u00fctb\u0259si ald\u0131","datePublished":"2023-05-04T19:46:59+00:00","dateModified":"2023-05-04T19:47:04+00:00","mainEntityOfPage":{"@id":"https:\/\/www.meydan.tv\/az\/article\/nigar-kocerli-cengaver-rutbesi-aldi\/"},"wordCount":230,"publisher":{"@id":"https:\/\/www.meydan.tv\/az\/#organization"},"image":{"@id":"https:\/\/www.meydan.tv\/az\/article\/nigar-kocerli-cengaver-rutbesi-aldi\/#primaryimage"},"thumbnailUrl":"https:\/\/www.meydan.tv\/wp-content\/uploads\/untitled-design-125-e1683229570785.jpg","articleSection":["M\u0259d\u0259niyy\u0259t","X\u0259b\u0259rl\u0259r"],"inLanguage":"az"},{"@type":"WebPage","@id":"https:\/\/www.meydan.tv\/az\/article\/nigar-kocerli-cengaver-rutbesi-aldi\/","url":"https:\/\/www.meydan.tv\/az\/article\/nigar-kocerli-cengaver-rutbesi-aldi\/","name":"Nigar K\u00f6\u00e7\u0259rli \u201cC\u0259ngav\u0259r\u201d r\u00fctb\u0259si ald\u0131 - MEYDAN.TV","isPartOf":{"@id":"https:\/\/www.meydan.tv\/az\/#website"},"primaryImageOfPage":{"@id":"https:\/\/www.meydan.tv\/az\/article\/nigar-kocerli-cengaver-rutbesi-aldi\/#primaryimage"},"image":{"@id":"https:\/\/www.meydan.tv\/az\/article\/nigar-kocerli-cengaver-rutbesi-aldi\/#primaryimage"},"thumbnailUrl":"https:\/\/www.meydan.tv\/wp-content\/uploads\/untitled-design-125-e1683229570785.jpg","datePublished":"2023-05-04T19:46:59+00:00","dateModified":"2023-05-04T19:47:04+00:00","breadcrumb":{"@id":"https:\/\/www.meydan.tv\/az\/article\/nigar-kocerli-cengaver-rutbesi-aldi\/#breadcrumb"},"inLanguage":"az","potentialAction":[{"@type":"ReadAction","target":["https:\/\/www.meydan.tv\/az\/article\/nigar-kocerli-cengaver-rutbesi-aldi\/"]}]},{"@type":"ImageObject","inLanguage":"az","@id":"https:\/\/www.meydan.tv\/az\/article\/nigar-kocerli-cengaver-rutbesi-aldi\/#primaryimage","url":"https:\/\/www.meydan.tv\/wp-content\/uploads\/untitled-design-125-e1683229570785.jpg","contentUrl":"https:\/\/www.meydan.tv\/wp-content\/uploads\/untitled-design-125-e1683229570785.jpg","width":1200,"height":615,"caption":"Fotolar: Meydan TV"},{"@type":"BreadcrumbList","@id":"https:\/\/www.meydan.tv\/az\/article\/nigar-kocerli-cengaver-rutbesi-aldi\/#breadcrumb","itemListElement":[{"@type":"ListItem","position":1,"name":"Ana s\u0259hif\u0259","item":"https:\/\/www.meydan.tv\/az\/"},{"@type":"ListItem","position":2,"name":"M\u0259d\u0259niyy\u0259t","item":"https:\/\/www.meydan.tv\/az\/section\/medeniyyet\/"},{"@type":"ListItem","position":3,"name":"Nigar K\u00f6\u00e7\u0259rli \u201cC\u0259ngav\u0259r\u201d r\u00fctb\u0259si ald\u0131"}]},{"@type":"WebSite","@id":"https:\/\/www.meydan.tv\/az\/#website","url":"https:\/\/www.meydan.tv\/az\/","name":"MEYDAN.TV","description":"Meydan TV Az\u0259rbaycan\u0131n media m\u0259kan\u0131ndak\u0131 alternativ s\u0259sidir","publisher":{"@id":"https:\/\/www.meydan.tv\/az\/#organization"},"potentialAction":[{"@type":"SearchAction","target":{"@type":"EntryPoint","urlTemplate":"https:\/\/www.meydan.tv\/az\/?s={search_term_string}"},"query-input":{"@type":"PropertyValueSpecification","valueRequired":true,"valueName":"search_term_string"}}],"inLanguage":"az"},{"@type":"Organization","@id":"https:\/\/www.meydan.tv\/az\/#organization","name":"Meydan TV","url":"https:\/\/www.meydan.tv\/az\/","logo":{"@type":"ImageObject","inLanguage":"az","@id":"https:\/\/www.meydan.tv\/az\/#\/schema\/logo\/image\/","url":"https:\/\/www.meydan.tv\/wp-content\/uploads\/2021\/07\/meydan-logo.svg","contentUrl":"https:\/\/www.meydan.tv\/wp-content\/uploads\/2021\/07\/meydan-logo.svg","width":195,"height":46,"caption":"Meydan TV"},"image":{"@id":"https:\/\/www.meydan.tv\/az\/#\/schema\/logo\/image\/"}},{"@type":"Person","@id":"https:\/\/www.meydan.tv\/az\/#\/schema\/person\/9cdbecf90d17180ce1dfbd95b08dcf47","name":"elli","sameAs":["https:\/\/x.com\/elli"]}]}},"_links":{"self":[{"href":"https:\/\/www.meydan.tv\/az\/wp-json\/wp\/v2\/posts\/274392","targetHints":{"allow":["GET"]}}],"collection":[{"href":"https:\/\/www.meydan.tv\/az\/wp-json\/wp\/v2\/posts"}],"about":[{"href":"https:\/\/www.meydan.tv\/az\/wp-json\/wp\/v2\/types\/post"}],"author":[{"embeddable":true,"href":"https:\/\/www.meydan.tv\/az\/wp-json\/wp\/v2\/users\/8"}],"replies":[{"embeddable":true,"href":"https:\/\/www.meydan.tv\/az\/wp-json\/wp\/v2\/comments?post=274392"}],"version-history":[{"count":1,"href":"https:\/\/www.meydan.tv\/az\/wp-json\/wp\/v2\/posts\/274392\/revisions"}],"predecessor-version":[{"id":274396,"href":"https:\/\/www.meydan.tv\/az\/wp-json\/wp\/v2\/posts\/274392\/revisions\/274396"}],"wp:featuredmedia":[{"embeddable":true,"href":"https:\/\/www.meydan.tv\/az\/wp-json\/wp\/v2\/media\/274389"}],"wp:attachment":[{"href":"https:\/\/www.meydan.tv\/az\/wp-json\/wp\/v2\/media?parent=274392"}],"wp:term":[{"taxonomy":"category","embeddable":true,"href":"https:\/\/www.meydan.tv\/az\/wp-json\/wp\/v2\/categories?post=274392"},{"taxonomy":"post_tag","embeddable":true,"href":"https:\/\/www.meydan.tv\/az\/wp-json\/wp\/v2\/tags?post=274392"}],"curies":[{"name":"wp","href":"https:\/\/api.w.org\/{rel}","templated":true}]}}