{"id":274334,"date":"2023-05-04T16:32:57","date_gmt":"2023-05-04T12:32:57","guid":{"rendered":"https:\/\/www.meydan.tv\/?p=274334"},"modified":"2023-05-04T16:45:44","modified_gmt":"2023-05-04T12:45:44","slug":"qarabag-qazisinin-atasi-yevlaxin-icra-bascisi-bize-mingecevirin-erazisinde-torpaq-verib","status":"publish","type":"post","link":"https:\/\/www.meydan.tv\/az\/article\/qarabag-qazisinin-atasi-yevlaxin-icra-bascisi-bize-mingecevirin-erazisinde-torpaq-verib\/","title":{"rendered":"Qaraba\u011f qazisinin atas\u0131: &#8220;Yevlax\u0131n icra ba\u015f\u00e7\u0131s\u0131 biz\u0259 Ming\u0259\u00e7evirin \u0259razisind\u0259 torpaq verib&#8230;&#8221;"},"content":{"rendered":"\n<p><\/p>\n\n\n\n<p><strong><em>V\u0259t\u0259nda\u015f iki icra ba\u015f\u00e7\u0131s\u0131ndan \u015fikay\u0259t\u00e7i oldu\u011funu deyir<\/em><\/strong><\/p>\n\n\n\n<p>Yevlax\u0131n Havarl\u0131 k\u0259nd sakini \u018ffqan \u0130zz\u0259t o\u011flu Mustafayev rayonun v\u0259 Ming\u0259\u00e7evirin icra ba\u015f\u00e7\u0131lar\u0131ndan \u015fikay\u0259t\u00e7idir.<\/p>\n\n\n\n<p>V\u0259t\u0259nda\u015f Meydan TV-y\u0259 deyir ki, \u0130kinci Qaraba\u011f m\u00fcharib\u0259sind\u0259ki d\u00f6y\u00fc\u015fl\u0259rd\u0259 b\u0259d\u0259n \u00fczv\u00fcn\u00fc itir\u0259n o\u011flu Cavid Mustafayev \u00fc\u00e7\u00fcn torpaq almaq ist\u0259yib.<\/p>\n\n\n\n<p>Bunun \u00fc\u00e7\u00fcn Yevlax \u015e\u0259h\u0259r \u0130cra Hakimiyy\u0259tin\u0259 m\u00fcraci\u0259t edib, ona torpaq verilib:<\/p>\n\n\n\n<p>\u201c<em>O\u011flum Cavid Mustafayev \u0130kinci Qaraba\u011f m\u00fcharib\u0259sind\u0259 bir aya\u011f\u0131n\u0131 dizd\u0259n yuxar\u0131 itirib. 2021-ci ilin mart\u0131nda Yevlax \u015e\u0259h\u0259r \u0130cra Hakimiyy\u0259tin\u0259 m\u00fcraci\u0259t etdik ki, o\u011fluma, Xaldan-Ming\u0259\u00e7evir yolunun sol t\u0259r\u0259find\u0259n, ya\u015fad\u0131\u011f\u0131m\u0131z k\u0259ndin \u0259razisind\u0259n \u00fc\u00e7 sot torpaq sah\u0259si versinl\u0259r. O\u011flum m\u00fcharib\u0259d\u0259n \u0259vv\u0259l avto-elektrik i\u015fl\u0259yirdi. Fikirl\u0259\u015fdim ki, h\u0259min \u0259razid\u0259 ma\u015f\u0131n sexi tikib i\u015fl\u0259d\u0259r\u201d.<\/em><\/p>\n\n\n\n<p>\u018ffqan Mustafayevin s\u00f6zl\u0259rin\u0259 g\u00f6r\u0259, Yevlax \u015e\u0259h\u0259r \u0130cra Hakimiyy\u0259ti ist\u0259diyi yerd\u0259n ona \u00fc\u00e7 sot torpaq ay\u0131r\u0131b:<\/p>\n\n\n\n<p><em>\u201cOnlar da h\u0259min d\u0259qiq\u0259 bizim b\u0259l\u0259diyy\u0259y\u0259 g\u00f6st\u0259ri\u015f verdil\u0259r ki, h\u0259min yeri qaziy\u0259 verin. H\u0259min yer \u00e7\u00f6k\u0259klik idi. Hardasa \u00fc\u00e7 metrd\u0259n yuxar\u0131 d\u0259rinliyi var idi. \u018ftrafdak\u0131 ma\u011fazalar, obyektl\u0259r zibill\u0259rini h\u0259min \u0259raziy\u0259 t\u00f6k\u00fcrd\u00fcl\u0259r. Bax\u0131ms\u0131z bir yer idi. Biz\u0259 dedil\u0259r ki, \u00e7\u00f6k\u0259kliyi torpaqla doldurun, abadla\u015fd\u0131r\u0131n. Rayonun elektron x\u0259rit\u0259si iki-\u00fc\u00e7 aya g\u0259l\u0259n kimi siz\u0259 \u00e7\u0131xar\u0131\u015f ver\u0259c\u0259yik\u201d.<\/em><\/p>\n\n\n\n<figure class=\"wp-block-image size-large is-resized\"><img decoding=\"async\" data-src=\"https:\/\/www.meydan.tv\/wp-content\/uploads\/img-20230504-wa0002-639x821.jpg\" alt=\"\" class=\"wp-image-274319 lazyload\" width=\"801\" height=\"1029\" src=\"data:image\/svg+xml;base64,PHN2ZyB3aWR0aD0iMSIgaGVpZ2h0PSIxIiB4bWxucz0iaHR0cDovL3d3dy53My5vcmcvMjAwMC9zdmciPjwvc3ZnPg==\" style=\"--smush-placeholder-width: 801px; --smush-placeholder-aspect-ratio: 801\/1029;\" \/><\/figure>\n\n\n\n<p>\u015eikay\u0259t\u00e7i deyir ki, doqquz ay \u0259rzind\u0259 bir ne\u00e7\u0259 d\u0259f\u0259 \u00e7\u0131xar\u0131\u015f almaq \u00fc\u00e7\u00fcn icra hakimiyy\u0259tin\u0259 gedib.<\/p>\n\n\n\n<p>H\u0259r d\u0259f\u0259sind\u0259 d\u0259 ona torpa\u011f\u0131n art\u0131q ona aid oldu\u011funu deyibl\u0259r:<\/p>\n\n\n\n<p>\u201c<em>2021-ci ilin sonuna kimi \u00fc\u00e7-d\u00f6rd d\u0259f\u0259 maraqland\u0131m, soru\u015fdum, dedil\u0259r ki, x\u0259rit\u0259 g\u0259lm\u0259yib. S\u0259n get, i\u015find\u0259 ol, ora s\u0259nindir. M\u0259n d\u0259 be\u015f min manatdan \u00e7ox x\u0259rc \u00e7\u0259kib, h\u0259min \u00e7\u00f6k\u0259kliyi torpaqla doldurdum, d\u00fczl\u0259\u015fdirdim. M\u0259n oran\u0131 d\u00fcz\u0259ld\u0259nd\u0259n sonra k\u0259nardan yax\u015f\u0131 g\u00f6r\u00fcnd\u00fc. Bundan sonra Ming\u0259\u00e7evirin icra ba\u015f\u00e7\u0131s\u0131, b\u0259l\u0259diyy\u0259 s\u0259dri v\u0259 memar\u0131 g\u0259ldil\u0259r ki, bu \u0259razi&nbsp; Ming\u0259\u00e7evir\u0259 aiddir. Ming\u0259\u00e7evirin icra ba\u015f\u00e7\u0131s\u0131, b\u0259l\u0259diyy\u0259si v\u0259 memar\u0131 m\u0259n\u0259 dedil\u0259r ki, s\u0259nin o\u011flun Yevlax qazisidir. Yevlaxda qeydiyyatdad\u0131rsa, get torpa\u011f\u0131 oradan da g\u00f6t\u00fcr\u201d.<\/em><\/p>\n\n\n\n<p>\u018ffqan Mustafayev ba\u015f ver\u0259nl\u0259rd\u0259n sonra Yevlax\u0131n icra ba\u015f\u00e7\u0131s\u0131 Anar Ta\u011f\u0131yevin q\u0259buluna gedib.<\/p>\n\n\n\n<p>V\u0259t\u0259nda\u015f deyir ki, eyni s\u00f6zl\u0259ri &#8211; torpa\u011f\u0131 Ming\u0259\u00e7evir \u0259razisind\u0259 olmas\u0131n\u0131 Yevlax\u0131n icra ba\u015f\u00e7\u0131s\u0131 da ona etiraf edib:<\/p>\n\n\n\n<p>\u201c<em>Ba\u015f\u00e7\u0131 m\u0259n\u0259 dedi ki, qanuna \u0259sas\u0259n, \u0259razil\u0259rin d\u00f6vl\u0259t reyesterin\u0259 daxil edilm\u0259si v\u0259 onlara \u015f\u0259had\u0259tnam\u0259nin verilm\u0259si Milli M\u0259clis t\u0259r\u0259find\u0259n h\u0259yata ke\u00e7irilir. H\u0259min \u0259razi d\u0259 2018-ci ild\u0259 Milli M\u0259clisin s\u0259drinin imzas\u0131 il\u0259 Ming\u0259\u00e7evir\u0259 verilib. Ba\u015f\u00e7\u0131dan soru\u015fdum ki, \u0259g\u0259r \u0259razi 2018-ci ild\u0259 Ming\u0259\u00e7evir\u0259 verilmi\u015fdis\u0259, 2021-ci ild\u0259 niy\u0259 m\u0259ni bu q\u0259d\u0259r ziyana, \u0259ziyy\u0259t\u0259 sal\u0131rd\u0131n\u0131z?&nbsp; M\u0259n h\u0259min \u0259razid\u0259 d\u00f6rd-be\u015f ay i\u015f g\u00f6rm\u00fc\u015f\u0259m. Xeyli pul x\u0259rcl\u0259mi\u015f\u0259m. Ba\u015f\u00e7\u0131 dedi ki,&nbsp; \u0259razinin Ming\u0259\u00e7evir\u0259 aid oldu\u011funu bilm\u0259mi\u015fik. Dedim ki, nec\u0259 y\u0259ni bilm\u0259misiniz. Siz rayon t\u0259hvil g\u00f6t\u00fcrm\u00fcs\u00fcn\u00fcz, rayonun icra ba\u015f\u00e7\u0131s\u0131s\u0131n\u0131z. Siz bilmirsiniz ki, rayon hardan ba\u015flay\u0131r, harada qurtar\u0131r? Cavab\u0131nda dedi ki, biz s\u0259nin o\u011fluna yax\u015f\u0131l\u0131q etm\u0259k ist\u0259yirdik, al\u0131nmad\u0131<\/em>&#8220;.<\/p>\n\n\n\n<figure class=\"wp-block-image size-large is-resized\"><img decoding=\"async\" data-src=\"https:\/\/www.meydan.tv\/wp-content\/uploads\/img-20230504-wa0004-580x821.jpg\" alt=\"\" class=\"wp-image-274322 lazyload\" width=\"801\" height=\"1134\" src=\"data:image\/svg+xml;base64,PHN2ZyB3aWR0aD0iMSIgaGVpZ2h0PSIxIiB4bWxucz0iaHR0cDovL3d3dy53My5vcmcvMjAwMC9zdmciPjwvc3ZnPg==\" style=\"--smush-placeholder-width: 801px; --smush-placeholder-aspect-ratio: 801\/1134;\" \/><\/figure>\n\n\n\n<p>\u018ffqan Mustafayev qeyd edib ki, h\u0259min hadis\u0259d\u0259n sonra Yevlax \u015e\u0259h\u0259r \u0130cra Hakimiyy\u0259ti ona r\u0259smi m\u0259ktub \u00fcnvanlay\u0131b:<\/p>\n\n\n\n<p><em>\u201cM\u0259ktubda qeyd olunub ki, h\u0259min \u0259razi 2018-ci il Milli M\u0259clisin s\u0259drinin imzas\u0131 il\u0259 Ming\u0259\u00e7evir\u0259 verilib. \u018flav\u0259 olunurdu ki, h\u0259min torpaq sah\u0259sinin s\u0259n\u0259dl\u0259\u015fdirilm\u0259si \u00fc\u00e7\u00fcn Ming\u0259\u00e7evir \u015f\u0259h\u0259r b\u0259l\u0259diyy\u0259sin\u0259 m\u00fcraci\u0259t etm\u0259liy\u0259m. M\u0259ktubdak\u0131 reyester n\u00f6mr\u0259sin\u0259 \u0259sas\u0259n M\u0259n Milli M\u0259clis\u0259 sor\u011fu g\u00f6nd\u0259rdim.<\/em> <em>Sor\u011fuya cavab g\u0259ldi ki, 1979-cu ild\u0259 t\u0259rtib edilmi\u015f Az\u0259rbaycan SSR\u0130-nin inzibati b\u00f6lg\u00fcs\u00fcn\u0259 \u0259sas\u0259n, Havarl\u0131 k\u0259nd sovetinin t\u0259rkibind\u0259ki Havarl\u0131 k\u0259ndi Yevlax rayonunun inzibati \u0259razi b\u00f6lg\u00fcs\u00fcn\u0259 daxil edilib&#8221;.<\/em> <\/p>\n\n\n\n<p>&#8220;<em>2018-ci ild\u0259 Havarl\u0131 k\u0259nd Az\u0259rbaycan Respublikas\u0131n\u0131n \u0259razi vahidl\u0259rinin D\u00f6vl\u0259t reyestrin\u0259 daxil edilib. M\u0259ktubda daha sonra bildirilir ki, Havarl\u0131 k\u0259ndinin iki hiss\u0259y\u0259 b\u00f6l\u00fcn\u0259r\u0259k, Ming\u0259\u00e7evir \u015f\u0259h\u0259rinin \u0259razisin\u0259 verilm\u0259si bar\u0259d\u0259 Milli M\u0259clisinin qanunvericilik bazas\u0131nda he\u00e7 bir m\u0259lumat yoxdur&#8221;,-dey\u0259 o \u0259lav\u0259 edib.<\/em><\/p>\n\n\n\n<figure class=\"wp-block-image size-full\"><img decoding=\"async\" width=\"1200\" height=\"800\" data-src=\"https:\/\/www.meydan.tv\/wp-content\/uploads\/untitled-design-3-80.jpg\" alt=\"\" class=\"wp-image-274313 lazyload\" src=\"data:image\/svg+xml;base64,PHN2ZyB3aWR0aD0iMSIgaGVpZ2h0PSIxIiB4bWxucz0iaHR0cDovL3d3dy53My5vcmcvMjAwMC9zdmciPjwvc3ZnPg==\" style=\"--smush-placeholder-width: 1200px; --smush-placeholder-aspect-ratio: 1200\/800;\" \/><\/figure>\n\n\n\n<p>V\u0259t\u0259nda\u015f bildirir ki, Milli M\u0259clisd\u0259n ald\u0131\u011f\u0131 m\u0259ktubu Yevlax \u015e\u0259h\u0259r \u0130cra Hakimiyy\u0259tin\u0259 t\u0259qdim edib:<\/p>\n\n\n\n<p>\u201c<em>\u0130cra hakimiyy\u0259tind\u0259 m\u0259n\u0259 dedil\u0259r ki, \u0259razinin Ming\u0259\u00e7evir\u0259 aid edilm\u0259si il\u0259 \u0259laq\u0259dar s\u0259n\u0259d ola bilsin, Milli M\u0259clisd\u0259 yoxdur. Dedim ki, siz n\u0259 dan\u0131\u015f\u0131rs\u0131n\u0131z? Milli M\u0259clisin imzas\u0131 il\u0259 olan s\u0259n\u0259d qanunvericilik bazas\u0131nda nec\u0259 olmaya bil\u0259r.<\/em> <em>Milli M\u0259clisin m\u0259ktubunu Yevlax \u015e\u0259h\u0259r \u0130cra Hakimiyy\u0259tin\u0259 t\u0259qdim ed\u0259nd\u0259n sonra onlardan m\u0259n\u0259 cavab g\u0259ldi ki, 17 sayl\u0131 Yevlax \u018frazi \u0130dar\u0259sinin elektron m\u0259lumat bazas\u0131nda torpa\u011f\u0131n Ming\u0259\u00e7evir\u0259 aid k\u0259nd t\u0259s\u0259rr\u00fcfat\u0131 t\u0259yinatl\u0131 \u00f6r\u00fc\u015f torpaq sah\u0259si olmas\u0131na dair m\u0259lumat var. \u018frazi d\u0259 Yevlax b\u0259l\u0259diyy\u0259sinin s\u0259rh\u0259dl\u0259rind\u0259n d\u0259 k\u0259narda yerl\u0259\u015fir\u201d.<\/em><\/p>\n\n\n\n<p>\u015eikay\u0259t\u00e7i Yevlax Rayon Prokurorlu\u011funa da m\u00fcraci\u0259t etdiyini bildirib.<\/p>\n\n\n\n<p>Ona m\u0259hk\u0259m\u0259y\u0259 m\u00fcraci\u0259t etm\u0259yi t\u00f6vsiy\u0259 edibl\u0259r:<\/p>\n\n\n\n<p>\u201c<em>Deyirl\u0259r ki, m\u0259hk\u0259m\u0259y\u0259 m\u00fcraci\u0259t et, niy\u0259 s\u0259n\u0259dsiz torpaq g\u00f6t\u00fcrm\u00fcs\u0259n, \u00e7iy i\u015f g\u00f6rm\u00fcs\u0259n? Dedim ki, h\u0259r yoldan \u00f6t\u0259n\u0259 inanmam\u0131\u015fam. M\u0259n Prezident \u0130lham \u018fliyevin etimad g\u00f6st\u0259rib, rayona ba\u015f\u00e7\u0131 t\u0259yin etdiyi adam\u0131n s\u00f6z\u00fcn\u0259 inanm\u0131\u015fam. Bu, yalan\u00e7\u0131d\u0131rsa, m\u0259ni d\u0259 aldad\u0131rsa, dem\u0259li, prezidenti d\u0259 aldad\u0131r&#8221;.<\/em><\/p>\n\n\n\n<p><em>\u201cM\u0259n\u0259 ba\u015fqa bir yerd\u0259n torpaq t\u0259klif edirl\u0259r. M\u00fcqayis\u0259 edim, el\u0259 bil, m\u0259n\u0259 deyir ki, \u201c\u0130\u00e7\u0259ri\u015f\u0259h\u0259r\u201dd\u0259 ikiotaql\u0131 t\u0259mirli evini L\u00f6kbatandak\u0131 ikiotaql\u0131 t\u0259mirsiz ev\u0259 d\u0259yi\u015f. M\u0259n\u0259 ne\u00e7\u0259 kilometr k\u0259narda yen\u0259 \u00e7\u00f6k\u0259klikd\u0259 olan bir sah\u0259ni verir. M\u0259n el\u0259 Ming\u0259\u00e7evir-Xaldan yolunun q\u0131ra\u011f\u0131ndak\u0131 \u00e7\u00f6k\u0259klikl\u0259ri doldura-doldura getm\u0259liy\u0259m? El\u0259 bura x\u0259rc \u00e7\u0259kmi\u015f\u0259m d\u0259. \u0130st\u0259diyim \u0259razid\u0259 neft, q\u0131z\u0131l yataqlar\u0131, h\u0259rbi obyekt yoxdur. Kommunikasiya x\u0259tti ke\u00e7mir. Torpa\u011f\u0131 biz\u0259 vermirl\u0259r, ba\u015f\u0131m\u0131za oyun a\u00e7\u0131rlar&#8221;,-dey\u0259 o s\u00f6yl\u0259yib.<\/em><\/p>\n\n\n\n<figure class=\"wp-block-image size-large is-resized\"><img decoding=\"async\" data-src=\"https:\/\/www.meydan.tv\/wp-content\/uploads\/img-20230504-wa0005-574x821.jpg\" alt=\"\" class=\"wp-image-274325 lazyload\" width=\"800\" height=\"1144\" src=\"data:image\/svg+xml;base64,PHN2ZyB3aWR0aD0iMSIgaGVpZ2h0PSIxIiB4bWxucz0iaHR0cDovL3d3dy53My5vcmcvMjAwMC9zdmciPjwvc3ZnPg==\" style=\"--smush-placeholder-width: 800px; --smush-placeholder-aspect-ratio: 800\/1144;\" \/><\/figure>\n\n\n\n<p>Yevlax \u015e\u0259h\u0259r \u0130cra hakimiyy\u0259tinin V\u0259t\u0259n m\u00fcharib\u0259si i\u015ftirak\u00e7\u0131lar\u0131 v\u0259 \u015f\u0259hid ail\u0259l\u0259ri il\u0259 i\u015fin t\u0259\u015fkili \u015f\u00f6b\u0259sinin m\u00fcdiri Xaliq \u018fliyev Meydan TV-y\u0259 bildirib ki, Ceyhun Mustafayev h\u0259min \u0259razid\u0259 icaz\u0259siz abadl\u0131q i\u015fl\u0259ri apar\u0131b:<\/p>\n\n\n\n<p>\u201c<em>Qazimiz\u0259 Havarl\u0131 b\u0259l\u0259diyy\u0259sind\u0259n torpaq t\u0259klif olunub. Lakin h\u0259min torpaqdan imtina edib. \u00d6z\u00fc gedib, haz\u0131rda s\u00f6hb\u0259t ged\u0259n yerd\u0259 abadl\u0131q i\u015fl\u0259ri apar\u0131b. Sonradan da s\u0259n\u0259dl\u0259\u015fm\u0259 m\u0259s\u0259l\u0259si ortaya \u00e7\u0131xandan sonra inzibati \u0259razinin Ming\u0259\u00e7evir \u015f\u0259h\u0259rin\u0259 aid olmas\u0131 m\u0259lum olub. Ming\u0259\u00e7evir \u015e\u0259h\u0259r \u0130cra Hakimiyy\u0259ti onlara d\u0259f\u0259l\u0259rl\u0259 r\u0259smi v\u0259 \u015fifahi \u015f\u0259kild\u0259 bildirib ki, Ming\u0259\u00e7evirin giri\u015f qap\u0131s\u0131n\u0131n \u0259razisin\u0259 yax\u0131n oldu\u011funa g\u00f6r\u0259 &#8211; orada park yaradacaqlar- h\u0259min torpa\u011f\u0131n onlara verilm\u0259si m\u00fcmk\u00fcn deyil\u201d.<\/em><\/p>\n\n\n\n<p>\u015e\u00f6b\u0259 m\u00fcdiri h\u0259m\u00e7inin \u0259lav\u0259 edib ki, Havarl\u0131 b\u0259l\u0259diyy\u0259si Cavid Mustafayev\u0259 sahibkarl\u0131qla m\u0259\u015f\u011ful olmaq \u00fc\u00e7\u00fcn k\u0259nd \u0259razisind\u0259n alternativ yer t\u0259klif edib. Lakin v\u0259t\u0259nda\u015f bundan imtina edib:<\/p>\n\n\n\n<p><em>\u201cQazimiz raz\u0131la\u015fm\u0131r. Deyir ki, s\u0131rf iddia etdiyim yeri ist\u0259yir\u0259m\u201d.<\/em><\/p>\n\n\n\n<p>Ming\u0259\u00e7evir \u015e\u0259h\u0259r \u0130cra Hakimiyy\u0259ti v\u0259 17 sayl\u0131 Yevlax \u018frazi \u0130dar\u0259si Meydan TV-nin z\u0259ngl\u0259rin\u0259 cavab verm\u0259yib.<\/p>\n","protected":false},"excerpt":{"rendered":"<p>V\u0259t\u0259nda\u015f iki icra ba\u015f\u00e7\u0131s\u0131ndan \u015fikay\u0259t\u00e7i oldu\u011funu deyir Yevlax\u0131n Havarl\u0131 k\u0259nd &#8230; <\/p>\n<p class=\"read-more-container\"><a title=\"Qaraba\u011f qazisinin atas\u0131: &#8220;Yevlax\u0131n icra ba\u015f\u00e7\u0131s\u0131 biz\u0259 Ming\u0259\u00e7evirin \u0259razisind\u0259 torpaq verib&#8230;&#8221;\" class=\"read-more button\" href=\"https:\/\/www.meydan.tv\/az\/article\/qarabag-qazisinin-atasi-yevlaxin-icra-bascisi-bize-mingecevirin-erazisinde-torpaq-verib\/#more-274334\" aria-label=\"Read more about Qaraba\u011f qazisinin atas\u0131: &#8220;Yevlax\u0131n icra ba\u015f\u00e7\u0131s\u0131 biz\u0259 Ming\u0259\u00e7evirin \u0259razisind\u0259 torpaq verib&#8230;&#8221;\">Davam\u0131<\/a><\/p>\n","protected":false},"author":8,"featured_media":274316,"comment_status":"closed","ping_status":"closed","sticky":false,"template":"","format":"standard","meta":{"_acf_changed":false,"_sitemap_exclude":false,"_sitemap_priority":"","_sitemap_frequency":"","footnotes":""},"categories":[60,79,56],"tags":[],"class_list":["post-274334","post","type-post","status-publish","format-standard","has-post-thumbnail","hentry","category-bolge","category-featured","category-xeberler","infinite-scroll-item","generate-columns","tablet-grid-50","mobile-grid-100","grid-parent","grid-33","no-featured-image-padding"],"acf":[],"yoast_head":"<!-- This site is optimized with the Yoast SEO plugin v27.5 - https:\/\/yoast.com\/product\/yoast-seo-wordpress\/ -->\n<title>Qaraba\u011f qazisinin atas\u0131: &quot;Yevlax\u0131n icra ba\u015f\u00e7\u0131s\u0131 biz\u0259 Ming\u0259\u00e7evirin \u0259razisind\u0259 torpaq verib...&quot; - MEYDAN.TV<\/title>\n<meta name=\"robots\" content=\"index, follow, max-snippet:-1, max-image-preview:large, max-video-preview:-1\" \/>\n<link rel=\"canonical\" href=\"https:\/\/www.meydan.tv\/az\/article\/qarabag-qazisinin-atasi-yevlaxin-icra-bascisi-bize-mingecevirin-erazisinde-torpaq-verib\/\" \/>\n<meta property=\"og:locale\" content=\"az_AZ\" \/>\n<meta property=\"og:type\" content=\"article\" \/>\n<meta property=\"og:title\" content=\"Qaraba\u011f qazisinin atas\u0131: &quot;Yevlax\u0131n icra ba\u015f\u00e7\u0131s\u0131 biz\u0259 Ming\u0259\u00e7evirin \u0259razisind\u0259 torpaq verib...&quot; - MEYDAN.TV\" \/>\n<meta property=\"og:description\" content=\"V\u0259t\u0259nda\u015f iki icra ba\u015f\u00e7\u0131s\u0131ndan \u015fikay\u0259t\u00e7i oldu\u011funu deyir Yevlax\u0131n Havarl\u0131 k\u0259nd ... Davam\u0131\" \/>\n<meta property=\"og:url\" content=\"https:\/\/www.meydan.tv\/az\/article\/qarabag-qazisinin-atasi-yevlaxin-icra-bascisi-bize-mingecevirin-erazisinde-torpaq-verib\/\" \/>\n<meta property=\"og:site_name\" content=\"MEYDAN.TV\" \/>\n<meta property=\"article:published_time\" content=\"2023-05-04T12:32:57+00:00\" \/>\n<meta property=\"article:modified_time\" content=\"2023-05-04T12:45:44+00:00\" \/>\n<meta property=\"og:image\" content=\"https:\/\/www.meydan.tv\/wp-content\/uploads\/img-20230504-wa0003-e1683202496388.jpg\" \/>\n\t<meta property=\"og:image:width\" content=\"1200\" \/>\n\t<meta property=\"og:image:height\" content=\"912\" \/>\n\t<meta property=\"og:image:type\" content=\"image\/jpeg\" \/>\n<meta name=\"author\" content=\"elli\" \/>\n<meta name=\"twitter:card\" content=\"summary_large_image\" \/>\n<meta name=\"twitter:creator\" content=\"@elli\" \/>\n<script type=\"application\/ld+json\" class=\"yoast-schema-graph\">{\"@context\":\"https:\\\/\\\/schema.org\",\"@graph\":[{\"@type\":\"Article\",\"@id\":\"https:\\\/\\\/www.meydan.tv\\\/az\\\/article\\\/qarabag-qazisinin-atasi-yevlaxin-icra-bascisi-bize-mingecevirin-erazisinde-torpaq-verib\\\/#article\",\"isPartOf\":{\"@id\":\"https:\\\/\\\/www.meydan.tv\\\/az\\\/article\\\/qarabag-qazisinin-atasi-yevlaxin-icra-bascisi-bize-mingecevirin-erazisinde-torpaq-verib\\\/\"},\"author\":{\"name\":\"elli\",\"@id\":\"https:\\\/\\\/www.meydan.tv\\\/az\\\/#\\\/schema\\\/person\\\/9cdbecf90d17180ce1dfbd95b08dcf47\"},\"headline\":\"Qaraba\u011f qazisinin atas\u0131: &#8220;Yevlax\u0131n icra ba\u015f\u00e7\u0131s\u0131 biz\u0259 Ming\u0259\u00e7evirin \u0259razisind\u0259 torpaq verib&#8230;&#8221;\",\"datePublished\":\"2023-05-04T12:32:57+00:00\",\"dateModified\":\"2023-05-04T12:45:44+00:00\",\"mainEntityOfPage\":{\"@id\":\"https:\\\/\\\/www.meydan.tv\\\/az\\\/article\\\/qarabag-qazisinin-atasi-yevlaxin-icra-bascisi-bize-mingecevirin-erazisinde-torpaq-verib\\\/\"},\"wordCount\":1424,\"publisher\":{\"@id\":\"https:\\\/\\\/www.meydan.tv\\\/az\\\/#organization\"},\"image\":{\"@id\":\"https:\\\/\\\/www.meydan.tv\\\/az\\\/article\\\/qarabag-qazisinin-atasi-yevlaxin-icra-bascisi-bize-mingecevirin-erazisinde-torpaq-verib\\\/#primaryimage\"},\"thumbnailUrl\":\"https:\\\/\\\/www.meydan.tv\\\/wp-content\\\/uploads\\\/img-20230504-wa0003-e1683202496388.jpg\",\"articleSection\":[\"B\u00f6lg\u0259\",\"T\u00f6vsiy\u0259\",\"X\u0259b\u0259rl\u0259r\"],\"inLanguage\":\"az\"},{\"@type\":\"WebPage\",\"@id\":\"https:\\\/\\\/www.meydan.tv\\\/az\\\/article\\\/qarabag-qazisinin-atasi-yevlaxin-icra-bascisi-bize-mingecevirin-erazisinde-torpaq-verib\\\/\",\"url\":\"https:\\\/\\\/www.meydan.tv\\\/az\\\/article\\\/qarabag-qazisinin-atasi-yevlaxin-icra-bascisi-bize-mingecevirin-erazisinde-torpaq-verib\\\/\",\"name\":\"Qaraba\u011f qazisinin atas\u0131: \\\"Yevlax\u0131n icra ba\u015f\u00e7\u0131s\u0131 biz\u0259 Ming\u0259\u00e7evirin \u0259razisind\u0259 torpaq verib...\\\" - MEYDAN.TV\",\"isPartOf\":{\"@id\":\"https:\\\/\\\/www.meydan.tv\\\/az\\\/#website\"},\"primaryImageOfPage\":{\"@id\":\"https:\\\/\\\/www.meydan.tv\\\/az\\\/article\\\/qarabag-qazisinin-atasi-yevlaxin-icra-bascisi-bize-mingecevirin-erazisinde-torpaq-verib\\\/#primaryimage\"},\"image\":{\"@id\":\"https:\\\/\\\/www.meydan.tv\\\/az\\\/article\\\/qarabag-qazisinin-atasi-yevlaxin-icra-bascisi-bize-mingecevirin-erazisinde-torpaq-verib\\\/#primaryimage\"},\"thumbnailUrl\":\"https:\\\/\\\/www.meydan.tv\\\/wp-content\\\/uploads\\\/img-20230504-wa0003-e1683202496388.jpg\",\"datePublished\":\"2023-05-04T12:32:57+00:00\",\"dateModified\":\"2023-05-04T12:45:44+00:00\",\"breadcrumb\":{\"@id\":\"https:\\\/\\\/www.meydan.tv\\\/az\\\/article\\\/qarabag-qazisinin-atasi-yevlaxin-icra-bascisi-bize-mingecevirin-erazisinde-torpaq-verib\\\/#breadcrumb\"},\"inLanguage\":\"az\",\"potentialAction\":[{\"@type\":\"ReadAction\",\"target\":[\"https:\\\/\\\/www.meydan.tv\\\/az\\\/article\\\/qarabag-qazisinin-atasi-yevlaxin-icra-bascisi-bize-mingecevirin-erazisinde-torpaq-verib\\\/\"]}]},{\"@type\":\"ImageObject\",\"inLanguage\":\"az\",\"@id\":\"https:\\\/\\\/www.meydan.tv\\\/az\\\/article\\\/qarabag-qazisinin-atasi-yevlaxin-icra-bascisi-bize-mingecevirin-erazisinde-torpaq-verib\\\/#primaryimage\",\"url\":\"https:\\\/\\\/www.meydan.tv\\\/wp-content\\\/uploads\\\/img-20230504-wa0003-e1683202496388.jpg\",\"contentUrl\":\"https:\\\/\\\/www.meydan.tv\\\/wp-content\\\/uploads\\\/img-20230504-wa0003-e1683202496388.jpg\",\"width\":1200,\"height\":912,\"caption\":\"Cavid Mustafayev. Fotolar: Meydan TV\"},{\"@type\":\"BreadcrumbList\",\"@id\":\"https:\\\/\\\/www.meydan.tv\\\/az\\\/article\\\/qarabag-qazisinin-atasi-yevlaxin-icra-bascisi-bize-mingecevirin-erazisinde-torpaq-verib\\\/#breadcrumb\",\"itemListElement\":[{\"@type\":\"ListItem\",\"position\":1,\"name\":\"Ana s\u0259hif\u0259\",\"item\":\"https:\\\/\\\/www.meydan.tv\\\/az\\\/\"},{\"@type\":\"ListItem\",\"position\":2,\"name\":\"B\u00f6lg\u0259\",\"item\":\"https:\\\/\\\/www.meydan.tv\\\/az\\\/section\\\/bolge\\\/\"},{\"@type\":\"ListItem\",\"position\":3,\"name\":\"Qaraba\u011f qazisinin atas\u0131: &#8220;Yevlax\u0131n icra ba\u015f\u00e7\u0131s\u0131 biz\u0259 Ming\u0259\u00e7evirin \u0259razisind\u0259 torpaq verib&#8230;&#8221;\"}]},{\"@type\":\"WebSite\",\"@id\":\"https:\\\/\\\/www.meydan.tv\\\/az\\\/#website\",\"url\":\"https:\\\/\\\/www.meydan.tv\\\/az\\\/\",\"name\":\"MEYDAN.TV\",\"description\":\"Meydan TV Az\u0259rbaycan\u0131n media m\u0259kan\u0131ndak\u0131 alternativ s\u0259sidir\",\"publisher\":{\"@id\":\"https:\\\/\\\/www.meydan.tv\\\/az\\\/#organization\"},\"potentialAction\":[{\"@type\":\"SearchAction\",\"target\":{\"@type\":\"EntryPoint\",\"urlTemplate\":\"https:\\\/\\\/www.meydan.tv\\\/az\\\/?s={search_term_string}\"},\"query-input\":{\"@type\":\"PropertyValueSpecification\",\"valueRequired\":true,\"valueName\":\"search_term_string\"}}],\"inLanguage\":\"az\"},{\"@type\":\"Organization\",\"@id\":\"https:\\\/\\\/www.meydan.tv\\\/az\\\/#organization\",\"name\":\"Meydan TV\",\"url\":\"https:\\\/\\\/www.meydan.tv\\\/az\\\/\",\"logo\":{\"@type\":\"ImageObject\",\"inLanguage\":\"az\",\"@id\":\"https:\\\/\\\/www.meydan.tv\\\/az\\\/#\\\/schema\\\/logo\\\/image\\\/\",\"url\":\"https:\\\/\\\/www.meydan.tv\\\/wp-content\\\/uploads\\\/2021\\\/07\\\/meydan-logo.svg\",\"contentUrl\":\"https:\\\/\\\/www.meydan.tv\\\/wp-content\\\/uploads\\\/2021\\\/07\\\/meydan-logo.svg\",\"width\":195,\"height\":46,\"caption\":\"Meydan TV\"},\"image\":{\"@id\":\"https:\\\/\\\/www.meydan.tv\\\/az\\\/#\\\/schema\\\/logo\\\/image\\\/\"}},{\"@type\":\"Person\",\"@id\":\"https:\\\/\\\/www.meydan.tv\\\/az\\\/#\\\/schema\\\/person\\\/9cdbecf90d17180ce1dfbd95b08dcf47\",\"name\":\"elli\",\"sameAs\":[\"https:\\\/\\\/x.com\\\/elli\"]}]}<\/script>\n<!-- \/ Yoast SEO plugin. -->","yoast_head_json":{"title":"Qaraba\u011f qazisinin atas\u0131: \"Yevlax\u0131n icra ba\u015f\u00e7\u0131s\u0131 biz\u0259 Ming\u0259\u00e7evirin \u0259razisind\u0259 torpaq verib...\" - MEYDAN.TV","robots":{"index":"index","follow":"follow","max-snippet":"max-snippet:-1","max-image-preview":"max-image-preview:large","max-video-preview":"max-video-preview:-1"},"canonical":"https:\/\/www.meydan.tv\/az\/article\/qarabag-qazisinin-atasi-yevlaxin-icra-bascisi-bize-mingecevirin-erazisinde-torpaq-verib\/","og_locale":"az_AZ","og_type":"article","og_title":"Qaraba\u011f qazisinin atas\u0131: \"Yevlax\u0131n icra ba\u015f\u00e7\u0131s\u0131 biz\u0259 Ming\u0259\u00e7evirin \u0259razisind\u0259 torpaq verib...\" - MEYDAN.TV","og_description":"V\u0259t\u0259nda\u015f iki icra ba\u015f\u00e7\u0131s\u0131ndan \u015fikay\u0259t\u00e7i oldu\u011funu deyir Yevlax\u0131n Havarl\u0131 k\u0259nd ... Davam\u0131","og_url":"https:\/\/www.meydan.tv\/az\/article\/qarabag-qazisinin-atasi-yevlaxin-icra-bascisi-bize-mingecevirin-erazisinde-torpaq-verib\/","og_site_name":"MEYDAN.TV","article_published_time":"2023-05-04T12:32:57+00:00","article_modified_time":"2023-05-04T12:45:44+00:00","og_image":[{"width":1200,"height":912,"url":"https:\/\/www.meydan.tv\/wp-content\/uploads\/img-20230504-wa0003-e1683202496388.jpg","type":"image\/jpeg"}],"author":"elli","twitter_card":"summary_large_image","twitter_creator":"@elli","schema":{"@context":"https:\/\/schema.org","@graph":[{"@type":"Article","@id":"https:\/\/www.meydan.tv\/az\/article\/qarabag-qazisinin-atasi-yevlaxin-icra-bascisi-bize-mingecevirin-erazisinde-torpaq-verib\/#article","isPartOf":{"@id":"https:\/\/www.meydan.tv\/az\/article\/qarabag-qazisinin-atasi-yevlaxin-icra-bascisi-bize-mingecevirin-erazisinde-torpaq-verib\/"},"author":{"name":"elli","@id":"https:\/\/www.meydan.tv\/az\/#\/schema\/person\/9cdbecf90d17180ce1dfbd95b08dcf47"},"headline":"Qaraba\u011f qazisinin atas\u0131: &#8220;Yevlax\u0131n icra ba\u015f\u00e7\u0131s\u0131 biz\u0259 Ming\u0259\u00e7evirin \u0259razisind\u0259 torpaq verib&#8230;&#8221;","datePublished":"2023-05-04T12:32:57+00:00","dateModified":"2023-05-04T12:45:44+00:00","mainEntityOfPage":{"@id":"https:\/\/www.meydan.tv\/az\/article\/qarabag-qazisinin-atasi-yevlaxin-icra-bascisi-bize-mingecevirin-erazisinde-torpaq-verib\/"},"wordCount":1424,"publisher":{"@id":"https:\/\/www.meydan.tv\/az\/#organization"},"image":{"@id":"https:\/\/www.meydan.tv\/az\/article\/qarabag-qazisinin-atasi-yevlaxin-icra-bascisi-bize-mingecevirin-erazisinde-torpaq-verib\/#primaryimage"},"thumbnailUrl":"https:\/\/www.meydan.tv\/wp-content\/uploads\/img-20230504-wa0003-e1683202496388.jpg","articleSection":["B\u00f6lg\u0259","T\u00f6vsiy\u0259","X\u0259b\u0259rl\u0259r"],"inLanguage":"az"},{"@type":"WebPage","@id":"https:\/\/www.meydan.tv\/az\/article\/qarabag-qazisinin-atasi-yevlaxin-icra-bascisi-bize-mingecevirin-erazisinde-torpaq-verib\/","url":"https:\/\/www.meydan.tv\/az\/article\/qarabag-qazisinin-atasi-yevlaxin-icra-bascisi-bize-mingecevirin-erazisinde-torpaq-verib\/","name":"Qaraba\u011f qazisinin atas\u0131: \"Yevlax\u0131n icra ba\u015f\u00e7\u0131s\u0131 biz\u0259 Ming\u0259\u00e7evirin \u0259razisind\u0259 torpaq verib...\" - MEYDAN.TV","isPartOf":{"@id":"https:\/\/www.meydan.tv\/az\/#website"},"primaryImageOfPage":{"@id":"https:\/\/www.meydan.tv\/az\/article\/qarabag-qazisinin-atasi-yevlaxin-icra-bascisi-bize-mingecevirin-erazisinde-torpaq-verib\/#primaryimage"},"image":{"@id":"https:\/\/www.meydan.tv\/az\/article\/qarabag-qazisinin-atasi-yevlaxin-icra-bascisi-bize-mingecevirin-erazisinde-torpaq-verib\/#primaryimage"},"thumbnailUrl":"https:\/\/www.meydan.tv\/wp-content\/uploads\/img-20230504-wa0003-e1683202496388.jpg","datePublished":"2023-05-04T12:32:57+00:00","dateModified":"2023-05-04T12:45:44+00:00","breadcrumb":{"@id":"https:\/\/www.meydan.tv\/az\/article\/qarabag-qazisinin-atasi-yevlaxin-icra-bascisi-bize-mingecevirin-erazisinde-torpaq-verib\/#breadcrumb"},"inLanguage":"az","potentialAction":[{"@type":"ReadAction","target":["https:\/\/www.meydan.tv\/az\/article\/qarabag-qazisinin-atasi-yevlaxin-icra-bascisi-bize-mingecevirin-erazisinde-torpaq-verib\/"]}]},{"@type":"ImageObject","inLanguage":"az","@id":"https:\/\/www.meydan.tv\/az\/article\/qarabag-qazisinin-atasi-yevlaxin-icra-bascisi-bize-mingecevirin-erazisinde-torpaq-verib\/#primaryimage","url":"https:\/\/www.meydan.tv\/wp-content\/uploads\/img-20230504-wa0003-e1683202496388.jpg","contentUrl":"https:\/\/www.meydan.tv\/wp-content\/uploads\/img-20230504-wa0003-e1683202496388.jpg","width":1200,"height":912,"caption":"Cavid Mustafayev. Fotolar: Meydan TV"},{"@type":"BreadcrumbList","@id":"https:\/\/www.meydan.tv\/az\/article\/qarabag-qazisinin-atasi-yevlaxin-icra-bascisi-bize-mingecevirin-erazisinde-torpaq-verib\/#breadcrumb","itemListElement":[{"@type":"ListItem","position":1,"name":"Ana s\u0259hif\u0259","item":"https:\/\/www.meydan.tv\/az\/"},{"@type":"ListItem","position":2,"name":"B\u00f6lg\u0259","item":"https:\/\/www.meydan.tv\/az\/section\/bolge\/"},{"@type":"ListItem","position":3,"name":"Qaraba\u011f qazisinin atas\u0131: &#8220;Yevlax\u0131n icra ba\u015f\u00e7\u0131s\u0131 biz\u0259 Ming\u0259\u00e7evirin \u0259razisind\u0259 torpaq verib&#8230;&#8221;"}]},{"@type":"WebSite","@id":"https:\/\/www.meydan.tv\/az\/#website","url":"https:\/\/www.meydan.tv\/az\/","name":"MEYDAN.TV","description":"Meydan TV Az\u0259rbaycan\u0131n media m\u0259kan\u0131ndak\u0131 alternativ s\u0259sidir","publisher":{"@id":"https:\/\/www.meydan.tv\/az\/#organization"},"potentialAction":[{"@type":"SearchAction","target":{"@type":"EntryPoint","urlTemplate":"https:\/\/www.meydan.tv\/az\/?s={search_term_string}"},"query-input":{"@type":"PropertyValueSpecification","valueRequired":true,"valueName":"search_term_string"}}],"inLanguage":"az"},{"@type":"Organization","@id":"https:\/\/www.meydan.tv\/az\/#organization","name":"Meydan TV","url":"https:\/\/www.meydan.tv\/az\/","logo":{"@type":"ImageObject","inLanguage":"az","@id":"https:\/\/www.meydan.tv\/az\/#\/schema\/logo\/image\/","url":"https:\/\/www.meydan.tv\/wp-content\/uploads\/2021\/07\/meydan-logo.svg","contentUrl":"https:\/\/www.meydan.tv\/wp-content\/uploads\/2021\/07\/meydan-logo.svg","width":195,"height":46,"caption":"Meydan TV"},"image":{"@id":"https:\/\/www.meydan.tv\/az\/#\/schema\/logo\/image\/"}},{"@type":"Person","@id":"https:\/\/www.meydan.tv\/az\/#\/schema\/person\/9cdbecf90d17180ce1dfbd95b08dcf47","name":"elli","sameAs":["https:\/\/x.com\/elli"]}]}},"_links":{"self":[{"href":"https:\/\/www.meydan.tv\/az\/wp-json\/wp\/v2\/posts\/274334","targetHints":{"allow":["GET"]}}],"collection":[{"href":"https:\/\/www.meydan.tv\/az\/wp-json\/wp\/v2\/posts"}],"about":[{"href":"https:\/\/www.meydan.tv\/az\/wp-json\/wp\/v2\/types\/post"}],"author":[{"embeddable":true,"href":"https:\/\/www.meydan.tv\/az\/wp-json\/wp\/v2\/users\/8"}],"replies":[{"embeddable":true,"href":"https:\/\/www.meydan.tv\/az\/wp-json\/wp\/v2\/comments?post=274334"}],"version-history":[{"count":3,"href":"https:\/\/www.meydan.tv\/az\/wp-json\/wp\/v2\/posts\/274334\/revisions"}],"predecessor-version":[{"id":274342,"href":"https:\/\/www.meydan.tv\/az\/wp-json\/wp\/v2\/posts\/274334\/revisions\/274342"}],"wp:featuredmedia":[{"embeddable":true,"href":"https:\/\/www.meydan.tv\/az\/wp-json\/wp\/v2\/media\/274316"}],"wp:attachment":[{"href":"https:\/\/www.meydan.tv\/az\/wp-json\/wp\/v2\/media?parent=274334"}],"wp:term":[{"taxonomy":"category","embeddable":true,"href":"https:\/\/www.meydan.tv\/az\/wp-json\/wp\/v2\/categories?post=274334"},{"taxonomy":"post_tag","embeddable":true,"href":"https:\/\/www.meydan.tv\/az\/wp-json\/wp\/v2\/tags?post=274334"}],"curies":[{"name":"wp","href":"https:\/\/api.w.org\/{rel}","templated":true}]}}