{"id":274307,"date":"2023-05-04T15:04:41","date_gmt":"2023-05-04T11:04:41","guid":{"rendered":"https:\/\/www.meydan.tv\/?p=274307"},"modified":"2023-05-04T15:04:47","modified_gmt":"2023-05-04T11:04:47","slug":"mirzoyan-sallivanla-gorusde-azerbaycani-etnik-nifreti-qizisdirmaqda-ittiham-edib","status":"publish","type":"post","link":"https:\/\/www.meydan.tv\/az\/article\/mirzoyan-sallivanla-gorusde-azerbaycani-etnik-nifreti-qizisdirmaqda-ittiham-edib\/","title":{"rendered":"Mirzoyan Sallivanla g\u00f6r\u00fc\u015fd\u0259 Az\u0259rbaycan\u0131 etnik nifr\u0259ti q\u0131z\u0131\u015fd\u0131rmaqda ittiham edib"},"content":{"rendered":"\n<p><\/p>\n\n\n\n<p><strong><em>R\u0259smi Bak\u0131 ittihamlar\u0131 q\u0259bul etmir, Yerevan\u0131 i\u015f\u011fal\u00e7\u0131l\u0131qda g\u00fcnahland\u0131r\u0131r<\/em><\/strong><\/p>\n\n\n\n<p>Erm\u0259nistan\u0131n xarici i\u015fl\u0259r naziri Ararat Mirzoyan AB\u015e-\u0131n milli t\u0259hl\u00fck\u0259sizlik m\u00fc\u015faviri Ceyk Sallivanla g\u00f6r\u00fc\u015fd\u0259 Az\u0259rbaycan\u0131n Qaraba\u011fda ya\u015fayan erm\u0259nil\u0259r\u0259 qar\u015f\u0131 davran\u0131\u015flar\u0131ndan dan\u0131\u015f\u0131b.<\/p>\n\n\n\n<p>Mirzoyan bildirib ki, Bak\u0131n\u0131n davran\u0131\u015flar\u0131 \u0259n y\u00fcks\u0259k s\u0259viyy\u0259d\u0259 nifr\u0259tin q\u0131z\u0131\u015fd\u0131r\u0131lmas\u0131na hesablan\u0131b.<\/p>\n\n\n\n<p>Nazir qeyd edib ki, Bak\u0131 erm\u0259nil\u0259ri a\u00e7\u0131q \u015f\u0259kild\u0259 g\u00fcc t\u0259tbiqi il\u0259 h\u0259d\u0259l\u0259yir. Bu da b\u00f6lg\u0259d\u0259 erm\u0259nil\u0259ri etnik t\u0259mizl\u0259m\u0259y\u0259 m\u0259ruz qoymaq niyy\u0259tind\u0259n v\u0259 real t\u0259hl\u00fck\u0259d\u0259n x\u0259b\u0259r verir.<\/p>\n\n\n\n<p>M\u0259lumat\u0131 Erm\u0259nistan\u0131n Xarici \u0130\u015fl\u0259r Nazirliyi <a href=\"https:\/\/www.mfa.am\/ru\/press-releases\/2023\/05\/03\/mirzoyan_trilateral\/11993\" target=\"_blank\" rel=\"noreferrer noopener\">yay\u0131b<\/a>.<\/p>\n\n\n\n<p>Bildirilir ki, g\u00f6r\u00fc\u015fd\u0259 Az\u0259rbaycan\u0131n xarici i\u015fl\u0259r naziri Ceyhun Bayramov da i\u015ftirak edib.<\/p>\n\n\n\n<p>A.Mirzoyan Az\u0259rbaycan\u0131 Erm\u0259nistan\u0131n b\u0259zi \u0259razil\u0259rini i\u015f\u011fal etm\u0259kd\u0259 d\u0259 g\u00fcnahland\u0131r\u0131b.<\/p>\n\n\n\n<p>Az\u0259rbaycan\u0131n Xarici \u0130\u015fl\u0259r Nazirliyinin m\u0259lumat\u0131nda is\u0259 qeyd olunub ki, nazir Ceyhun Bayramov Az\u0259rbaycan\u0131n Erm\u0259nistanla s\u00fclh prosesinin \u0259sas elementl\u0259rinin t\u0259\u015f\u0259bb\u00fcskar\u0131 kimi \u00e7\u0131x\u0131\u015f edir.<\/p>\n\n\n\n<p>Nazir b\u00f6lg\u0259d\u0259 s\u00fclh v\u0259 sabitliyin b\u0259rq\u0259rar edilm\u0259sind\u0259 Bak\u0131n\u0131n maraql\u0131 oldu\u011funu, h\u0259m\u00e7inin s\u00fclh sazi\u015finin raz\u0131la\u015fd\u0131r\u0131lmas\u0131n\u0131n v\u0259 imzalanmas\u0131n\u0131n \u0259h\u0259miyy\u0259tini vur\u011fulay\u0131b.<\/p>\n\n\n<div class=\"wp-block-image\">\n<figure class=\"aligncenter size-full\"><img decoding=\"async\" width=\"1200\" height=\"800\" data-src=\"https:\/\/www.meydan.tv\/wp-content\/uploads\/untitled-design-2-94.jpg\" alt=\"\" class=\"wp-image-274309 lazyload\" src=\"data:image\/svg+xml;base64,PHN2ZyB3aWR0aD0iMSIgaGVpZ2h0PSIxIiB4bWxucz0iaHR0cDovL3d3dy53My5vcmcvMjAwMC9zdmciPjwvc3ZnPg==\" style=\"--smush-placeholder-width: 1200px; --smush-placeholder-aspect-ratio: 1200\/800;\" \/><figcaption class=\"wp-element-caption\">A.Mirzoyan, C.Sallivan, B.Bayramov. Kollaj: Meydan TV <\/figcaption><\/figure>\n<\/div>\n\n\n<p>C.Bayramovun erm\u0259ni h\u0259mkar\u0131n\u0131n ittihamlar\u0131na cavab\u0131 bel\u0259 olub:<\/p>\n\n\n\n<p><em>&#8220;Erm\u0259nistan Az\u0259rbaycan\u0131n \u0259razi b\u00fct\u00f6vl\u00fcy\u00fcn\u0259 qar\u015f\u0131 add\u0131mlar\u0131ndan \u0259l \u00e7\u0259km\u0259lidir. Bununla yana\u015f\u0131, Az\u0259rbaycan\u0131n Qaraba\u011f b\u00f6lg\u0259sind\u0259 ya\u015fayan erm\u0259ni sakinl\u0259rin reinteqrasiyas\u0131 \u00f6lk\u0259nin daxili m\u0259s\u0259l\u0259sidir. Bu istiqam\u0259td\u0259 s\u0259yl\u0259r\u0259 Erm\u0259nistan t\u0259r\u0259finin m\u00fcdaxil\u0259si q\u0259buledilm\u0259zdir&#8221;.<\/em><\/p>\n\n\n\n<p>Nazir eyni zamanda, Az\u0259rbaycan\u0131n \u0259razi b\u00fct\u00f6vl\u00fcy\u00fcn\u0259 v\u0259 suverenliyin\u0259, habel\u0259 Erm\u0259nistan t\u0259r\u0259find\u0259n q\u0259bul edilmi\u015f \u00f6hd\u0259likl\u0259r\u0259 zidd olaraq erm\u0259ni silahl\u0131 q\u00fcvv\u0259l\u0259rin h\u0259l\u0259 d\u0259 tam olaraq Az\u0259rbaycan \u0259razisind\u0259n \u00e7\u0131xar\u0131lmamas\u0131n\u0131n ciddi t\u0259hdid m\u0259nb\u0259yi oldu\u011funu vur\u011fulay\u0131b.<\/p>\n\n\n\n<p>Milli t\u0259hl\u00fck\u0259sizlik m\u00fc\u015faviri Ceyk Sallivan b\u00f6lg\u0259d\u0259 s\u00fclh v\u0259 sabitliyin t\u0259min olunmas\u0131nda, s\u00fclh sazi\u015fi \u00fczr\u0259 dan\u0131\u015f\u0131qlar\u0131n u\u011furla n\u0259tic\u0259l\u0259nm\u0259sind\u0259 AB\u015e-\u0131n maraql\u0131 oldu\u011funu <a href=\"https:\/\/www.mfa.gov.az\/az\/news\/no23623\" target=\"_blank\" rel=\"noreferrer noopener\">bildirib<\/a>.<\/p>\n\n\n\n<p><strong>La\u00e7\u0131n d\u0259hlizind\u0259 n\u0259 ba\u015f verib?<\/strong><\/p>\n\n\n\n<p>Aprelin 23-d\u0259 Az\u0259rbaycan birt\u0259r\u0259fli olaraq Erm\u0259nistanla s\u0259rh\u0259dd\u0259 \u2013 La\u00e7\u0131n-Xank\u0259ndi yolunun ba\u015flan\u011f\u0131c\u0131nda s\u0259rh\u0259d-burax\u0131l\u0131\u015f m\u0259nt\u0259q\u0259si qurub.<\/p>\n\n\n\n<p>D\u00f6vl\u0259t S\u0259rh\u0259d Xidm\u0259ti bildirib ki, m\u0259qs\u0259d Erm\u0259nistandan Az\u0259rbaycan \u0259razisind\u0259ki qeyri-qanuni silahl\u0131 d\u0259st\u0259l\u0259r \u00fc\u00e7\u00fcn canl\u0131 q\u00fcvv\u0259, silah-sursat v\u0259 dig\u0259r h\u0259rbi t\u0259yinatl\u0131 vasit\u0259l\u0259rin da\u015f\u0131nmas\u0131n\u0131n qar\u015f\u0131s\u0131n\u0131 almaqd\u0131r.<\/p>\n\n\n\n<p>Aprelin 24-d\u0259 Rusiya Xarici \u0130\u015fl\u0259r Nazirliyi Az\u0259rbaycan v\u0259 Erm\u0259nistan\u0131 d\u0259rhal m\u00f6vcud raz\u0131la\u015fmalara qay\u0131tma\u011fa \u00e7a\u011f\u0131r\u0131b:<\/p>\n\n\n\n<p>\u201c<em>H\u0259dsiz narahatl\u0131qla at\u0259\u015fk\u0259s rejiminin pozulmas\u0131 hallar\u0131n\u0131n artmas\u0131n\u0131 qeyd edirik. Biz t\u0259r\u0259fl\u0259ri d\u0259rhal m\u00f6vcud raz\u0131la\u015fmalara qay\u0131tma\u011fa \u00e7a\u011f\u0131r\u0131r\u0131q\u201d.<\/em><\/p>\n\n\n\n<p>\u201c<em>Biz h\u0259m\u00e7inin xarici Q\u0259rb oyun\u00e7ular\u0131n\u0131 v\u0259 \u00f6z f\u00fcrs\u0259t\u00e7i g\u00fcnd\u0259ml\u0259ri \u00fcz\u0259rind\u0259 i\u015fl\u0259y\u0259n yerli rusofob elementl\u0259ri Rusiyaya qar\u015f\u0131 qarayaxma kampaniyas\u0131 da daxil olmaqla, v\u0259ziyy\u0259ti q\u0131z\u0131\u015fd\u0131rmaq c\u0259hdl\u0259rin\u0259 qar\u015f\u0131 x\u0259b\u0259rdarl\u0131q edirik\u201d,<\/em> \u2013 dey\u0259 Rusiya Xarici \u0130\u015fl\u0259r Nazirliyi vur\u011fulay\u0131b.<\/p>\n\n\n\n<p>AB\u015e v\u0259 Fransa is\u0259 hadis\u0259d\u0259n narahatl\u0131qlar\u0131n\u0131 ifad\u0259 ed\u0259r\u0259k bu add\u0131m\u0131n pisl\u0259yib, bunun s\u00fclh prosesin\u0259 mane ola bil\u0259c\u0259yini ehtimal edibl\u0259r.<\/p>\n\n\n\n<p><strong>M\u00fcnaqi\u015f\u0259nin q\u0131sa xronikas\u0131<\/strong><\/p>\n\n\n\n<p>2020-ci ilin sentyabr\u0131nda Az\u0259rbaycan v\u0259 Erm\u0259nistan silahl\u0131 q\u00fcvv\u0259l\u0259ri aras\u0131nda qar\u015f\u0131durma ba\u015flay\u0131b.<\/p>\n\n\n\n<p>\u00dcmumilikd\u0259 44 g\u00fcn s\u00fcr\u0259n v\u0259 \u0130kinci Qaraba\u011f m\u00fcharib\u0259si adland\u0131r\u0131lan m\u00fcnaqi\u015f\u0259d\u0259 h\u0259r iki t\u0259r\u0259fd\u0259n 6 mind\u0259n art\u0131q h\u0259rb\u00e7i h\u0259lak olub.<\/p>\n\n\n\n<p>Az\u0259rbaycan Da\u011fl\u0131q Qaraba\u011f b\u00f6lg\u0259sinin bir hiss\u0259sin\u0259 v\u0259 \u0259traf 7 rayona n\u0259zar\u0259ti b\u0259rpa edib.<\/p>\n\n\n\n<p>H\u0259min ilin 10 noyabr b\u0259yanat\u0131na (Az\u0259rbaycan, Erm\u0259nistan v\u0259 Rusiya aras\u0131nda imzalan\u0131b) \u0259sas\u0259n, d\u00f6y\u00fc\u015fl\u0259r dayand\u0131r\u0131l\u0131b.<\/p>\n\n\n\n<p>Bundan sonra La\u00e7\u0131n d\u0259hlizind\u0259 v\u0259 Qaraba\u011fda Rusiya s\u00fclhm\u0259raml\u0131lar\u0131 yerl\u0259\u015fdirilib.<\/p>\n\n\n\n<p>\u0130kinci Qaraba\u011f m\u00fcharib\u0259sind\u0259n \u00f6nc\u0259, 1994-c\u00fc ild\u0259 ger\u00e7\u0259kl\u0259\u015f\u0259n at\u0259\u015fk\u0259s raz\u0131la\u015fmas\u0131na q\u0259d\u0259r Az\u0259rbaycan\u0131n Da\u011fl\u0131q Qaraba\u011f b\u00f6lg\u0259si v\u0259 ona biti\u015fik 7 rayonu i\u015f\u011fal edilib.<\/p>\n\n\n\n<p>M\u00fcnaqi\u015f\u0259 SSR\u0130 d\u00f6n\u0259mind\u0259n Erm\u0259nistan\u0131n Az\u0259rbaycana qar\u015f\u0131 \u0259razi iddialar\u0131 il\u0259 ba\u015flay\u0131b.<\/p>\n","protected":false},"excerpt":{"rendered":"<p>R\u0259smi Bak\u0131 ittihamlar\u0131 q\u0259bul etmir, Yerevan\u0131 i\u015f\u011fal\u00e7\u0131l\u0131qda g\u00fcnahland\u0131r\u0131r Erm\u0259nistan\u0131n xarici &#8230; <\/p>\n<p class=\"read-more-container\"><a title=\"Mirzoyan Sallivanla g\u00f6r\u00fc\u015fd\u0259 Az\u0259rbaycan\u0131 etnik nifr\u0259ti q\u0131z\u0131\u015fd\u0131rmaqda ittiham edib\" class=\"read-more button\" href=\"https:\/\/www.meydan.tv\/az\/article\/mirzoyan-sallivanla-gorusde-azerbaycani-etnik-nifreti-qizisdirmaqda-ittiham-edib\/#more-274307\" aria-label=\"Read more about Mirzoyan Sallivanla g\u00f6r\u00fc\u015fd\u0259 Az\u0259rbaycan\u0131 etnik nifr\u0259ti q\u0131z\u0131\u015fd\u0131rmaqda ittiham edib\">Davam\u0131<\/a><\/p>\n","protected":false},"author":8,"featured_media":259111,"comment_status":"closed","ping_status":"closed","sticky":false,"template":"","format":"standard","meta":{"_acf_changed":false,"_sitemap_exclude":false,"_sitemap_priority":"","_sitemap_frequency":"","footnotes":""},"categories":[59,79,56],"tags":[],"class_list":["post-274307","post","type-post","status-publish","format-standard","has-post-thumbnail","hentry","category-siyaset","category-featured","category-xeberler","infinite-scroll-item","generate-columns","tablet-grid-50","mobile-grid-100","grid-parent","grid-33","no-featured-image-padding"],"acf":[],"yoast_head":"<!-- This site is optimized with the Yoast SEO plugin v27.4 - https:\/\/yoast.com\/product\/yoast-seo-wordpress\/ -->\n<title>Mirzoyan Sallivanla g\u00f6r\u00fc\u015fd\u0259 Az\u0259rbaycan\u0131 etnik nifr\u0259ti q\u0131z\u0131\u015fd\u0131rmaqda ittiham edib - MEYDAN.TV<\/title>\n<meta name=\"robots\" content=\"index, follow, max-snippet:-1, max-image-preview:large, max-video-preview:-1\" \/>\n<link rel=\"canonical\" href=\"https:\/\/www.meydan.tv\/az\/article\/mirzoyan-sallivanla-gorusde-azerbaycani-etnik-nifreti-qizisdirmaqda-ittiham-edib\/\" \/>\n<meta property=\"og:locale\" content=\"az_AZ\" \/>\n<meta property=\"og:type\" content=\"article\" \/>\n<meta property=\"og:title\" content=\"Mirzoyan Sallivanla g\u00f6r\u00fc\u015fd\u0259 Az\u0259rbaycan\u0131 etnik nifr\u0259ti q\u0131z\u0131\u015fd\u0131rmaqda ittiham edib - MEYDAN.TV\" \/>\n<meta property=\"og:description\" content=\"R\u0259smi Bak\u0131 ittihamlar\u0131 q\u0259bul etmir, Yerevan\u0131 i\u015f\u011fal\u00e7\u0131l\u0131qda g\u00fcnahland\u0131r\u0131r Erm\u0259nistan\u0131n xarici ... Davam\u0131\" \/>\n<meta property=\"og:url\" content=\"https:\/\/www.meydan.tv\/az\/article\/mirzoyan-sallivanla-gorusde-azerbaycani-etnik-nifreti-qizisdirmaqda-ittiham-edib\/\" \/>\n<meta property=\"og:site_name\" content=\"MEYDAN.TV\" \/>\n<meta property=\"article:published_time\" content=\"2023-05-04T11:04:41+00:00\" \/>\n<meta property=\"article:modified_time\" content=\"2023-05-04T11:04:47+00:00\" \/>\n<meta property=\"og:image\" content=\"https:\/\/www.meydan.tv\/wp-content\/uploads\/shutterstock_1824689228.jpg\" \/>\n\t<meta property=\"og:image:width\" content=\"1200\" \/>\n\t<meta property=\"og:image:height\" content=\"462\" \/>\n\t<meta property=\"og:image:type\" content=\"image\/jpeg\" \/>\n<meta name=\"author\" content=\"elli\" \/>\n<meta name=\"twitter:card\" content=\"summary_large_image\" \/>\n<meta name=\"twitter:creator\" content=\"@elli\" \/>\n<script type=\"application\/ld+json\" class=\"yoast-schema-graph\">{\"@context\":\"https:\\\/\\\/schema.org\",\"@graph\":[{\"@type\":\"Article\",\"@id\":\"https:\\\/\\\/www.meydan.tv\\\/az\\\/article\\\/mirzoyan-sallivanla-gorusde-azerbaycani-etnik-nifreti-qizisdirmaqda-ittiham-edib\\\/#article\",\"isPartOf\":{\"@id\":\"https:\\\/\\\/www.meydan.tv\\\/az\\\/article\\\/mirzoyan-sallivanla-gorusde-azerbaycani-etnik-nifreti-qizisdirmaqda-ittiham-edib\\\/\"},\"author\":{\"name\":\"elli\",\"@id\":\"https:\\\/\\\/www.meydan.tv\\\/az\\\/#\\\/schema\\\/person\\\/9cdbecf90d17180ce1dfbd95b08dcf47\"},\"headline\":\"Mirzoyan Sallivanla g\u00f6r\u00fc\u015fd\u0259 Az\u0259rbaycan\u0131 etnik nifr\u0259ti q\u0131z\u0131\u015fd\u0131rmaqda ittiham edib\",\"datePublished\":\"2023-05-04T11:04:41+00:00\",\"dateModified\":\"2023-05-04T11:04:47+00:00\",\"mainEntityOfPage\":{\"@id\":\"https:\\\/\\\/www.meydan.tv\\\/az\\\/article\\\/mirzoyan-sallivanla-gorusde-azerbaycani-etnik-nifreti-qizisdirmaqda-ittiham-edib\\\/\"},\"wordCount\":882,\"publisher\":{\"@id\":\"https:\\\/\\\/www.meydan.tv\\\/az\\\/#organization\"},\"image\":{\"@id\":\"https:\\\/\\\/www.meydan.tv\\\/az\\\/article\\\/mirzoyan-sallivanla-gorusde-azerbaycani-etnik-nifreti-qizisdirmaqda-ittiham-edib\\\/#primaryimage\"},\"thumbnailUrl\":\"https:\\\/\\\/www.meydan.tv\\\/wp-content\\\/uploads\\\/shutterstock_1824689228.jpg\",\"articleSection\":[\"Siyas\u0259t\",\"T\u00f6vsiy\u0259\",\"X\u0259b\u0259rl\u0259r\"],\"inLanguage\":\"az\"},{\"@type\":\"WebPage\",\"@id\":\"https:\\\/\\\/www.meydan.tv\\\/az\\\/article\\\/mirzoyan-sallivanla-gorusde-azerbaycani-etnik-nifreti-qizisdirmaqda-ittiham-edib\\\/\",\"url\":\"https:\\\/\\\/www.meydan.tv\\\/az\\\/article\\\/mirzoyan-sallivanla-gorusde-azerbaycani-etnik-nifreti-qizisdirmaqda-ittiham-edib\\\/\",\"name\":\"Mirzoyan Sallivanla g\u00f6r\u00fc\u015fd\u0259 Az\u0259rbaycan\u0131 etnik nifr\u0259ti q\u0131z\u0131\u015fd\u0131rmaqda ittiham edib - MEYDAN.TV\",\"isPartOf\":{\"@id\":\"https:\\\/\\\/www.meydan.tv\\\/az\\\/#website\"},\"primaryImageOfPage\":{\"@id\":\"https:\\\/\\\/www.meydan.tv\\\/az\\\/article\\\/mirzoyan-sallivanla-gorusde-azerbaycani-etnik-nifreti-qizisdirmaqda-ittiham-edib\\\/#primaryimage\"},\"image\":{\"@id\":\"https:\\\/\\\/www.meydan.tv\\\/az\\\/article\\\/mirzoyan-sallivanla-gorusde-azerbaycani-etnik-nifreti-qizisdirmaqda-ittiham-edib\\\/#primaryimage\"},\"thumbnailUrl\":\"https:\\\/\\\/www.meydan.tv\\\/wp-content\\\/uploads\\\/shutterstock_1824689228.jpg\",\"datePublished\":\"2023-05-04T11:04:41+00:00\",\"dateModified\":\"2023-05-04T11:04:47+00:00\",\"breadcrumb\":{\"@id\":\"https:\\\/\\\/www.meydan.tv\\\/az\\\/article\\\/mirzoyan-sallivanla-gorusde-azerbaycani-etnik-nifreti-qizisdirmaqda-ittiham-edib\\\/#breadcrumb\"},\"inLanguage\":\"az\",\"potentialAction\":[{\"@type\":\"ReadAction\",\"target\":[\"https:\\\/\\\/www.meydan.tv\\\/az\\\/article\\\/mirzoyan-sallivanla-gorusde-azerbaycani-etnik-nifreti-qizisdirmaqda-ittiham-edib\\\/\"]}]},{\"@type\":\"ImageObject\",\"inLanguage\":\"az\",\"@id\":\"https:\\\/\\\/www.meydan.tv\\\/az\\\/article\\\/mirzoyan-sallivanla-gorusde-azerbaycani-etnik-nifreti-qizisdirmaqda-ittiham-edib\\\/#primaryimage\",\"url\":\"https:\\\/\\\/www.meydan.tv\\\/wp-content\\\/uploads\\\/shutterstock_1824689228.jpg\",\"contentUrl\":\"https:\\\/\\\/www.meydan.tv\\\/wp-content\\\/uploads\\\/shutterstock_1824689228.jpg\",\"width\":1200,\"height\":462,\"caption\":\"Az\u0259rbaycan-Erm\u0259nistan. M\u0259nb\u0259: rawf8\\\/shutterstock\"},{\"@type\":\"BreadcrumbList\",\"@id\":\"https:\\\/\\\/www.meydan.tv\\\/az\\\/article\\\/mirzoyan-sallivanla-gorusde-azerbaycani-etnik-nifreti-qizisdirmaqda-ittiham-edib\\\/#breadcrumb\",\"itemListElement\":[{\"@type\":\"ListItem\",\"position\":1,\"name\":\"Ana s\u0259hif\u0259\",\"item\":\"https:\\\/\\\/www.meydan.tv\\\/az\\\/\"},{\"@type\":\"ListItem\",\"position\":2,\"name\":\"Siyas\u0259t\",\"item\":\"https:\\\/\\\/www.meydan.tv\\\/az\\\/section\\\/siyaset\\\/\"},{\"@type\":\"ListItem\",\"position\":3,\"name\":\"Mirzoyan Sallivanla g\u00f6r\u00fc\u015fd\u0259 Az\u0259rbaycan\u0131 etnik nifr\u0259ti q\u0131z\u0131\u015fd\u0131rmaqda ittiham edib\"}]},{\"@type\":\"WebSite\",\"@id\":\"https:\\\/\\\/www.meydan.tv\\\/az\\\/#website\",\"url\":\"https:\\\/\\\/www.meydan.tv\\\/az\\\/\",\"name\":\"MEYDAN.TV\",\"description\":\"Meydan TV Az\u0259rbaycan\u0131n media m\u0259kan\u0131ndak\u0131 alternativ s\u0259sidir\",\"publisher\":{\"@id\":\"https:\\\/\\\/www.meydan.tv\\\/az\\\/#organization\"},\"potentialAction\":[{\"@type\":\"SearchAction\",\"target\":{\"@type\":\"EntryPoint\",\"urlTemplate\":\"https:\\\/\\\/www.meydan.tv\\\/az\\\/?s={search_term_string}\"},\"query-input\":{\"@type\":\"PropertyValueSpecification\",\"valueRequired\":true,\"valueName\":\"search_term_string\"}}],\"inLanguage\":\"az\"},{\"@type\":\"Organization\",\"@id\":\"https:\\\/\\\/www.meydan.tv\\\/az\\\/#organization\",\"name\":\"Meydan TV\",\"url\":\"https:\\\/\\\/www.meydan.tv\\\/az\\\/\",\"logo\":{\"@type\":\"ImageObject\",\"inLanguage\":\"az\",\"@id\":\"https:\\\/\\\/www.meydan.tv\\\/az\\\/#\\\/schema\\\/logo\\\/image\\\/\",\"url\":\"https:\\\/\\\/www.meydan.tv\\\/wp-content\\\/uploads\\\/2021\\\/07\\\/meydan-logo.svg\",\"contentUrl\":\"https:\\\/\\\/www.meydan.tv\\\/wp-content\\\/uploads\\\/2021\\\/07\\\/meydan-logo.svg\",\"width\":195,\"height\":46,\"caption\":\"Meydan TV\"},\"image\":{\"@id\":\"https:\\\/\\\/www.meydan.tv\\\/az\\\/#\\\/schema\\\/logo\\\/image\\\/\"}},{\"@type\":\"Person\",\"@id\":\"https:\\\/\\\/www.meydan.tv\\\/az\\\/#\\\/schema\\\/person\\\/9cdbecf90d17180ce1dfbd95b08dcf47\",\"name\":\"elli\",\"sameAs\":[\"https:\\\/\\\/x.com\\\/elli\"]}]}<\/script>\n<!-- \/ Yoast SEO plugin. -->","yoast_head_json":{"title":"Mirzoyan Sallivanla g\u00f6r\u00fc\u015fd\u0259 Az\u0259rbaycan\u0131 etnik nifr\u0259ti q\u0131z\u0131\u015fd\u0131rmaqda ittiham edib - MEYDAN.TV","robots":{"index":"index","follow":"follow","max-snippet":"max-snippet:-1","max-image-preview":"max-image-preview:large","max-video-preview":"max-video-preview:-1"},"canonical":"https:\/\/www.meydan.tv\/az\/article\/mirzoyan-sallivanla-gorusde-azerbaycani-etnik-nifreti-qizisdirmaqda-ittiham-edib\/","og_locale":"az_AZ","og_type":"article","og_title":"Mirzoyan Sallivanla g\u00f6r\u00fc\u015fd\u0259 Az\u0259rbaycan\u0131 etnik nifr\u0259ti q\u0131z\u0131\u015fd\u0131rmaqda ittiham edib - MEYDAN.TV","og_description":"R\u0259smi Bak\u0131 ittihamlar\u0131 q\u0259bul etmir, Yerevan\u0131 i\u015f\u011fal\u00e7\u0131l\u0131qda g\u00fcnahland\u0131r\u0131r Erm\u0259nistan\u0131n xarici ... Davam\u0131","og_url":"https:\/\/www.meydan.tv\/az\/article\/mirzoyan-sallivanla-gorusde-azerbaycani-etnik-nifreti-qizisdirmaqda-ittiham-edib\/","og_site_name":"MEYDAN.TV","article_published_time":"2023-05-04T11:04:41+00:00","article_modified_time":"2023-05-04T11:04:47+00:00","og_image":[{"width":1200,"height":462,"url":"https:\/\/www.meydan.tv\/wp-content\/uploads\/shutterstock_1824689228.jpg","type":"image\/jpeg"}],"author":"elli","twitter_card":"summary_large_image","twitter_creator":"@elli","schema":{"@context":"https:\/\/schema.org","@graph":[{"@type":"Article","@id":"https:\/\/www.meydan.tv\/az\/article\/mirzoyan-sallivanla-gorusde-azerbaycani-etnik-nifreti-qizisdirmaqda-ittiham-edib\/#article","isPartOf":{"@id":"https:\/\/www.meydan.tv\/az\/article\/mirzoyan-sallivanla-gorusde-azerbaycani-etnik-nifreti-qizisdirmaqda-ittiham-edib\/"},"author":{"name":"elli","@id":"https:\/\/www.meydan.tv\/az\/#\/schema\/person\/9cdbecf90d17180ce1dfbd95b08dcf47"},"headline":"Mirzoyan Sallivanla g\u00f6r\u00fc\u015fd\u0259 Az\u0259rbaycan\u0131 etnik nifr\u0259ti q\u0131z\u0131\u015fd\u0131rmaqda ittiham edib","datePublished":"2023-05-04T11:04:41+00:00","dateModified":"2023-05-04T11:04:47+00:00","mainEntityOfPage":{"@id":"https:\/\/www.meydan.tv\/az\/article\/mirzoyan-sallivanla-gorusde-azerbaycani-etnik-nifreti-qizisdirmaqda-ittiham-edib\/"},"wordCount":882,"publisher":{"@id":"https:\/\/www.meydan.tv\/az\/#organization"},"image":{"@id":"https:\/\/www.meydan.tv\/az\/article\/mirzoyan-sallivanla-gorusde-azerbaycani-etnik-nifreti-qizisdirmaqda-ittiham-edib\/#primaryimage"},"thumbnailUrl":"https:\/\/www.meydan.tv\/wp-content\/uploads\/shutterstock_1824689228.jpg","articleSection":["Siyas\u0259t","T\u00f6vsiy\u0259","X\u0259b\u0259rl\u0259r"],"inLanguage":"az"},{"@type":"WebPage","@id":"https:\/\/www.meydan.tv\/az\/article\/mirzoyan-sallivanla-gorusde-azerbaycani-etnik-nifreti-qizisdirmaqda-ittiham-edib\/","url":"https:\/\/www.meydan.tv\/az\/article\/mirzoyan-sallivanla-gorusde-azerbaycani-etnik-nifreti-qizisdirmaqda-ittiham-edib\/","name":"Mirzoyan Sallivanla g\u00f6r\u00fc\u015fd\u0259 Az\u0259rbaycan\u0131 etnik nifr\u0259ti q\u0131z\u0131\u015fd\u0131rmaqda ittiham edib - MEYDAN.TV","isPartOf":{"@id":"https:\/\/www.meydan.tv\/az\/#website"},"primaryImageOfPage":{"@id":"https:\/\/www.meydan.tv\/az\/article\/mirzoyan-sallivanla-gorusde-azerbaycani-etnik-nifreti-qizisdirmaqda-ittiham-edib\/#primaryimage"},"image":{"@id":"https:\/\/www.meydan.tv\/az\/article\/mirzoyan-sallivanla-gorusde-azerbaycani-etnik-nifreti-qizisdirmaqda-ittiham-edib\/#primaryimage"},"thumbnailUrl":"https:\/\/www.meydan.tv\/wp-content\/uploads\/shutterstock_1824689228.jpg","datePublished":"2023-05-04T11:04:41+00:00","dateModified":"2023-05-04T11:04:47+00:00","breadcrumb":{"@id":"https:\/\/www.meydan.tv\/az\/article\/mirzoyan-sallivanla-gorusde-azerbaycani-etnik-nifreti-qizisdirmaqda-ittiham-edib\/#breadcrumb"},"inLanguage":"az","potentialAction":[{"@type":"ReadAction","target":["https:\/\/www.meydan.tv\/az\/article\/mirzoyan-sallivanla-gorusde-azerbaycani-etnik-nifreti-qizisdirmaqda-ittiham-edib\/"]}]},{"@type":"ImageObject","inLanguage":"az","@id":"https:\/\/www.meydan.tv\/az\/article\/mirzoyan-sallivanla-gorusde-azerbaycani-etnik-nifreti-qizisdirmaqda-ittiham-edib\/#primaryimage","url":"https:\/\/www.meydan.tv\/wp-content\/uploads\/shutterstock_1824689228.jpg","contentUrl":"https:\/\/www.meydan.tv\/wp-content\/uploads\/shutterstock_1824689228.jpg","width":1200,"height":462,"caption":"Az\u0259rbaycan-Erm\u0259nistan. M\u0259nb\u0259: rawf8\/shutterstock"},{"@type":"BreadcrumbList","@id":"https:\/\/www.meydan.tv\/az\/article\/mirzoyan-sallivanla-gorusde-azerbaycani-etnik-nifreti-qizisdirmaqda-ittiham-edib\/#breadcrumb","itemListElement":[{"@type":"ListItem","position":1,"name":"Ana s\u0259hif\u0259","item":"https:\/\/www.meydan.tv\/az\/"},{"@type":"ListItem","position":2,"name":"Siyas\u0259t","item":"https:\/\/www.meydan.tv\/az\/section\/siyaset\/"},{"@type":"ListItem","position":3,"name":"Mirzoyan Sallivanla g\u00f6r\u00fc\u015fd\u0259 Az\u0259rbaycan\u0131 etnik nifr\u0259ti q\u0131z\u0131\u015fd\u0131rmaqda ittiham edib"}]},{"@type":"WebSite","@id":"https:\/\/www.meydan.tv\/az\/#website","url":"https:\/\/www.meydan.tv\/az\/","name":"MEYDAN.TV","description":"Meydan TV Az\u0259rbaycan\u0131n media m\u0259kan\u0131ndak\u0131 alternativ s\u0259sidir","publisher":{"@id":"https:\/\/www.meydan.tv\/az\/#organization"},"potentialAction":[{"@type":"SearchAction","target":{"@type":"EntryPoint","urlTemplate":"https:\/\/www.meydan.tv\/az\/?s={search_term_string}"},"query-input":{"@type":"PropertyValueSpecification","valueRequired":true,"valueName":"search_term_string"}}],"inLanguage":"az"},{"@type":"Organization","@id":"https:\/\/www.meydan.tv\/az\/#organization","name":"Meydan TV","url":"https:\/\/www.meydan.tv\/az\/","logo":{"@type":"ImageObject","inLanguage":"az","@id":"https:\/\/www.meydan.tv\/az\/#\/schema\/logo\/image\/","url":"https:\/\/www.meydan.tv\/wp-content\/uploads\/2021\/07\/meydan-logo.svg","contentUrl":"https:\/\/www.meydan.tv\/wp-content\/uploads\/2021\/07\/meydan-logo.svg","width":195,"height":46,"caption":"Meydan TV"},"image":{"@id":"https:\/\/www.meydan.tv\/az\/#\/schema\/logo\/image\/"}},{"@type":"Person","@id":"https:\/\/www.meydan.tv\/az\/#\/schema\/person\/9cdbecf90d17180ce1dfbd95b08dcf47","name":"elli","sameAs":["https:\/\/x.com\/elli"]}]}},"_links":{"self":[{"href":"https:\/\/www.meydan.tv\/az\/wp-json\/wp\/v2\/posts\/274307","targetHints":{"allow":["GET"]}}],"collection":[{"href":"https:\/\/www.meydan.tv\/az\/wp-json\/wp\/v2\/posts"}],"about":[{"href":"https:\/\/www.meydan.tv\/az\/wp-json\/wp\/v2\/types\/post"}],"author":[{"embeddable":true,"href":"https:\/\/www.meydan.tv\/az\/wp-json\/wp\/v2\/users\/8"}],"replies":[{"embeddable":true,"href":"https:\/\/www.meydan.tv\/az\/wp-json\/wp\/v2\/comments?post=274307"}],"version-history":[{"count":3,"href":"https:\/\/www.meydan.tv\/az\/wp-json\/wp\/v2\/posts\/274307\/revisions"}],"predecessor-version":[{"id":274329,"href":"https:\/\/www.meydan.tv\/az\/wp-json\/wp\/v2\/posts\/274307\/revisions\/274329"}],"wp:featuredmedia":[{"embeddable":true,"href":"https:\/\/www.meydan.tv\/az\/wp-json\/wp\/v2\/media\/259111"}],"wp:attachment":[{"href":"https:\/\/www.meydan.tv\/az\/wp-json\/wp\/v2\/media?parent=274307"}],"wp:term":[{"taxonomy":"category","embeddable":true,"href":"https:\/\/www.meydan.tv\/az\/wp-json\/wp\/v2\/categories?post=274307"},{"taxonomy":"post_tag","embeddable":true,"href":"https:\/\/www.meydan.tv\/az\/wp-json\/wp\/v2\/tags?post=274307"}],"curies":[{"name":"wp","href":"https:\/\/api.w.org\/{rel}","templated":true}]}}