{"id":274302,"date":"2023-05-04T14:07:29","date_gmt":"2023-05-04T10:07:29","guid":{"rendered":"https:\/\/www.meydan.tv\/?p=274302"},"modified":"2023-05-10T15:58:52","modified_gmt":"2023-05-10T11:58:52","slug":"erdogan-olmasa","status":"publish","type":"post","link":"https:\/\/www.meydan.tv\/az\/article\/erdogan-olmasa\/","title":{"rendered":"\u018frdo\u011fan olmasa"},"content":{"rendered":"\n<p><\/p>\n\n\n\n<p><strong><em>Kamal K\u0131l\u0131\u00e7daro\u011flu hakimiyy\u0259t\u0259 g\u0259ls\u0259 Az\u0259rbaycan-T\u00fcrkiy\u0259 m\u00fcnasib\u0259tl\u0259rind\u0259 n\u0259 ba\u015f ver\u0259r?<\/em><\/strong><br><br>T\u00fcrkiy\u0259 C\u00fcmhuriyy\u0259tinin prezidenti v\u0259zif\u0259sind\u0259 m\u00f6ht\u0259r\u0259m R\u0259c\u0259b Tayyib \u018frdo\u011fan olmasa, ba\u015fqa bir k\u0259s, f\u0259rz ed\u0259k ki, m\u00f6ht\u0259r\u0259m Kamal K\u0131l\u0131\u00e7daro\u011flu olsa, Az\u0259rbaycan-T\u00fcrkiy\u0259 m\u00fcnasib\u0259tl\u0259rind\u0259 n\u0259 ba\u015f ver\u0259r? Y\u0259ni, bu m\u00fcnasib\u0259tl\u0259r n\u0259 d\u0259r\u0259c\u0259d\u0259 bir \u015fiyas\u0259t\u00e7inin, m\u0259hz R\u0259c\u0259b Tayyib \u018frdo\u011fan\u0131n \u015f\u0259xsiyy\u0259tind\u0259n as\u0131l\u0131d\u0131r?<\/p>\n\n\n\n<p>Erm\u0259nistan Elml\u0259r Akademiyas\u0131n\u0131n h\u0259qiqi \u00fczv\u00fc t\u00fcrkoloq Ruben Safrastyan bu suala bel\u0259 cavab verdi ki, \u201che\u00e7 n\u0259 d\u0259yi\u015fm\u0259y\u0259c\u0259k, T\u00fcrkiy\u0259 Az\u0259rbaycan\u0131n yan\u0131nda durmaqda davam ed\u0259c\u0259k\u201d.<\/p>\n\n\n\n<p>M\u0259n erm\u0259ni aliminin r\u0259yi il\u0259 y\u00fcz faiz h\u0259mr\u0259y\u0259m. T\u00fcrkiy\u0259 C\u00fcmhuriyy\u0259tinin prezidenti v\u0259zif\u0259sind\u0259 m\u00f6ht\u0259r\u0259m R\u0259c\u0259b Tayyib \u018frdo\u011fan deyil, m\u00f6ht\u0259r\u0259m Kamal K\u0131l\u0131\u00e7daro\u011flu \u0259yl\u0259\u015fs\u0259, T\u00fcrkiy\u0259-Az\u0259rbaycan m\u00fcnasib\u0259tl\u0259rin\u0259 z\u0259rr\u0259 q\u0259d\u0259r ziyan d\u0259ym\u0259y\u0259c\u0259k.<\/p>\n\n\n\n<p>R\u0259hm\u0259tlik Tofiq b\u0259y Qas\u0131mov demi\u015fk\u0259n, s\u0259b\u0259bl\u0259ri \u201cbu d\u0259qiq\u0259 siz\u0259 izah edim\u201d.<\/p>\n\n\n\n<p><strong>1. <\/strong>Hakimiyy\u0259t\u0259 \u00f6z liderinin namiz\u0259dliyi il\u0259 iddia ed\u0259n C\u00fcmhuriyy\u0259t Xalq Partiyas\u0131 \u0259sla d\u00fcnyadan bix\u0259b\u0259r v\u0259 na\u015f\u0131 AXC deyil, bu partiya (CHP) T\u00fcrkiy\u0259 C\u00fcmhuriyy\u0259tini idar\u0259 etm\u0259k sah\u0259sind\u0259 z\u0259ngin n\u0259z\u0259ri bilik v\u0259 \u0259m\u0259li t\u0259cr\u00fcb\u0259 sahibidir. CHP-nin m\u0259mur, alim, b\u0259l\u0259diyy\u0259 ba\u015f\u00e7\u0131lar\u0131, i\u015f adamlar\u0131 v\u0259 h\u0259rb\u00e7il\u0259r aras\u0131nda xeyli sayda n\u00fcfuzlu t\u0259r\u0259fdarlar\u0131 var v\u0259 partiya hakimiyy\u0259t\u0259 y\u00fcr\u00fc\u015f\u00fcnd\u0259 he\u00e7 d\u0259 k\u0259msavad v\u0259 \u00e7\u0131l\u011f\u0131n mitinq i\u015ftirak\u00e7\u0131lar\u0131n\u0131n say\u0131na v\u0259 g\u00fcc\u00fcn\u0259 deyil, m\u00f6ht\u0259\u015f\u0259m siyasi z\u0259ka potensial\u0131na s\u00f6yk\u0259nir.<\/p>\n\n\n\n<p><strong>2.<\/strong> Bel\u0259 z\u0259ka potensial\u0131n\u0131n sahibi hakimiyy\u0259t\u0259 25 illik fasil\u0259d\u0259n sonra qay\u0131td\u0131qda d\u00f6vl\u0259t \u00fc\u00e7\u00fcn m\u00f6vcud olan m\u00fcsb\u0259t amill\u0259ri n\u0259inki z\u0259ifl\u0259d\u0259c\u0259k, \u0259ksin\u0259, hakimiyy\u0259tinin dayaqlar\u0131n\u0131 m\u00f6hk\u0259ml\u0259ndirm\u0259k m\u0259qs\u0259dil\u0259 daha da g\u00fccl\u0259ndir\u0259c\u0259k. T\u00fcrkiy\u0259nin \u015f\u0259rqind\u0259 yerl\u0259\u015f\u0259n varl\u0131, m\u00fcharib\u0259d\u0259n t\u0259z\u0259c\u0259 qalib \u00e7\u0131xm\u0131\u015f v\u0259 h\u0259r add\u0131mda T\u00fcrkiy\u0259y\u0259 s\u0259daq\u0259tini b\u0259yan ed\u0259n bir m\u00fctt\u0259fiq d\u00f6vl\u0259t il\u0259 m\u00fcnasib\u0259tl\u0259ri pozmaq hakimiyy\u0259t\u0259 yenic\u0259 qay\u0131tm\u0131\u015f CHP-nin n\u0259yin\u0259 laz\u0131md\u0131r? T\u0259bii ki, se\u00e7icil\u0259rin irad\u0259si il\u0259 T\u00fcrkiy\u0259 C\u00fcmhuriyy\u0259tinin prezidenti v\u0259zif\u0259sind\u0259 m\u00f6ht\u0259r\u0259m R\u0259c\u0259b Tayyib \u018frdo\u011fan deyil, m\u00f6ht\u0259r\u0259m Kamal K\u0131l\u0131\u00e7daro\u011flu \u0259yl\u0259\u015fs\u0259, bundan d\u0259rhal sonra Az\u0259rbaycan Respublikas\u0131n\u0131n Prezidenti \u0130lham \u018fliyev Ankaraya r\u0259smi s\u0259f\u0259r\u0259 \u00e7\u0131xacaq v\u0259 bu g\u00f6r\u00fc\u015f \u0259snas\u0131nda h\u0259r iki prezident T\u00fcrkiy\u0259-Az\u0259rbaycan m\u00fcnasib\u0259tl\u0259rinin dayan\u0131ql\u0131 v\u0259 m\u00f6hk\u0259m olmas\u0131n\u0131, he\u00e7 bir ke\u00e7ici amild\u0259n as\u0131l\u0131 olmad\u0131\u011f\u0131n\u0131 b\u00fct\u00fcn d\u00fcnyaya, ilk n\u00f6vb\u0259d\u0259 T\u00fcrkiy\u0259 v\u0259 Az\u0259rbaycan xalqlar\u0131na n\u00fcmayi\u015f etdir\u0259c\u0259k.<\/p>\n\n\n\n<p><strong>3.<\/strong> A\u011f\u0131ll\u0131 t\u00fcrk d\u00f6vl\u0259t ba\u015f\u00e7\u0131s\u0131 Az\u0259rbaycan kimi m\u00fctt\u0259fiqi g\u00fcn\u00fcn g\u00fcnorta \u00e7a\u011f\u0131nda \u00e7\u0131raq il\u0259 axtarmal\u0131d\u0131r. Az\u0259rbaycan Respublikas\u0131 T\u00fcrkiy\u0259 C\u00fcmhuriyy\u0259ti \u00fc\u00e7\u00fcn cox, cox m\u00fch\u00fcm m\u00fctt\u0259fiqdir.&nbsp; N\u0259z\u0259r\u0259 alsaq ki, say\u0131n Kamal b\u0259y a\u011f\u0131ll\u0131 v\u0259 t\u0259dbirli siyas\u0259t\u00e7idir, buna he\u00e7 k\u0259sin \u015f\u00fcbh\u0259si olmas\u0131n, onun \u00f6z xarici siyas\u0259tind\u0259 Az\u0259rbaycan Respublikas\u0131 il\u0259 \u0259n s\u0131x v\u0259 mehriban \u0259m\u0259kda\u015fl\u0131q m\u00fcnasib\u0259tl\u0259rini m\u00f6hk\u0259ml\u0259ndir\u0259c\u0259yi dan\u0131lmaz h\u0259qiq\u0259t kimi q\u0259bul edilm\u0259lidir.&nbsp; <\/p>\n\n\n\n<p>S\u0259b\u0259bl\u0259ri sadalay\u0131m:<\/p>\n\n\n\n<p>&#8211; <em>Az\u0259rbaycan d\u00fcn\u0259n\u0259 q\u0259d\u0259r \u00f6z\u00fcn\u00fcn karbohidrogen ehtiyatlar\u0131 olmayan T\u00fcrkiy\u0259y\u0259 b\u00f6lg\u0259nin neft-qaz bazar\u0131nda m\u00fch\u00fcm v\u0259 b\u0259z\u0259n h\u0259lledici oyun\u00e7uya \u00e7evrilm\u0259sin\u0259, h\u0259tta b\u00fct\u00f6vl\u00fckd\u0259 Avropan\u0131n energetika sah\u0259sind\u0259 siyas\u0259tin\u0259 t\u0259sir ed\u0259 bil\u0259c\u0259k g\u00fcc\u0259 \u00e7evrilm\u0259sin\u0259 imkan yaratd\u0131;<\/em><\/p>\n\n\n\n<p>&#8211; <em>Az\u0259rbaycan beyn\u0259lxalq sah\u0259d\u0259 T\u00fcrkiy\u0259ni daim \u015fantaj ed\u0259n Erm\u0259nistan\u0131 \u0259h\u0259mmiyy\u0259tli d\u0259r\u0259c\u0259d\u0259 z\u0259r\u0259sizl\u0259\u015fdirdi;<\/em><\/p>\n\n\n\n<p>&#8211; <em>Az\u0259rbaycan T\u00fcrkiy\u0259 \u00fc\u00e7\u00fcn M\u0259rk\u0259zi Asiyaya ged\u0259n yolda m\u00f6hk\u0259m k\u00f6rp\u00fc v\u0259 dayaq rolunu ifa edir;<\/em><\/p>\n\n\n\n<p>&#8211; <em>44 g\u00fcnl\u00fck m\u00fcharib\u0259d\u0259 \u00f6z q\u0259l\u0259b\u0259si il\u0259 Az\u0259rbaycan ordusu t\u0259z\u0259c\u0259 d\u00fcnya bazar\u0131na \u00e7\u0131xma\u011fa c\u0259hd ed\u0259n T\u00fcrkiy\u0259 h\u0259rbi-s\u0259naye kompleksi \u00fc\u00e7\u00fcn \u0259n u\u011furlu t\u0259\u015fviqat\u00e7\u0131 oldu. Rusiya h\u0259rbi-s\u0259naye kompleksinin m\u0259hsulunun C\u0259nubi Qafqazda apar\u0131lm\u0131\u015f v\u0259 Ukraraynada apar\u0131lan m\u00fcharib\u0259d\u0259 dan\u0131lmaz u\u011fursuzluqlar\u0131n\u0131 v\u0259 keyfiyy\u0259tsizliyini, M\u0259rk\u0259zi&nbsp; Asiya d\u00f6vl\u0259tl\u0259rinin \u00f6z ordular\u0131n\u0131 art\u0131q Rusiya t\u0259sirind\u0259n uzaq m\u00fcasir silahla t\u0259chiz etm\u0259k niyy\u0259tini n\u0259z\u0259r\u0259 alsaq, T\u00fcrkiy\u0259 h\u0259rbi-s\u0259naye kompleksinin yeni v\u0259 cazib\u0259dar bazara yolu yaln\u0131z Az\u0259rbaycandan ke\u00e7ir. Bu yoldan s\u0259b\u0259bsiz imtinan\u0131 yeni hakimiyy\u0259t\u0259 t\u00fcrk s\u0259naye \u0259rbablar\u0131 he\u00e7 vaxt ba\u011f\u0131\u015flamaz;<\/em><\/p>\n\n\n\n<p>&#8211; <em>\u201ct\u00fcrk d\u00fcnyas\u0131\u201d layih\u0259sinin apar\u0131c\u0131 oyun\u00e7usu olan T\u00fcrkiy\u0259 C\u00fcmhuriyy\u0259ti bu oyunu postsovet m\u0259kan\u0131n\u0131n \u0259n f\u0259al v\u0259 n\u00fcfuzlu d\u00f6vl\u0259tin\u0259 \u00e7evrilmi\u015f Az\u0259rbaycan\u0131n d\u0259st\u0259yi olmadan h\u0259yata ke\u00e7ir\u0259 bilm\u0259z v\u0259 T\u00fcrkiy\u0259 diplomatiyas\u0131 bu as\u0131l\u0131l\u0131\u011f\u0131 g\u00f6z\u0259l anlay\u0131r;<\/em><\/p>\n\n\n\n<p>&#8211; <em>Az\u0259rbaycan yat\u0131r\u0131mlar\u0131 b\u00f6y\u00fck T\u00fcrkiy\u0259 bazar\u0131na h\u0259lledici d\u0259 olmasa, sezil\u0259n v\u0259 arzuedil\u0259n h\u0259cmd\u0259 qoyulur v\u0259 bundan imtina he\u00e7 bir m\u0259ntiql\u0259 izah edil\u0259 bilm\u0259z;<\/em><\/p>\n\n\n\n<p>&#8211; <em>\u018frdo\u011fan-\u018fliyev c\u00fctl\u00fcy\u00fc t\u0259bli\u011fat\u0131 el\u0259 qurub ki, t\u00fcrk ictimai \u015f\u00fcuru Az\u0259rbaycan\u0131n m\u00fcharib\u0259d\u0259ki q\u0259l\u0259b\u0259sini h\u0259m d\u0259 T\u00fcrkiy\u0259nin q\u0259l\u0259b\u0259si say\u0131r v\u0259 bu faydal\u0131 amild\u0259n imtina ed\u0259n he\u00e7 bir t\u00fcrk h\u00f6kum\u0259tini v\u0259 siyasi xadimini xalq ba\u011f\u0131\u015flamaz.<\/em><\/p>\n\n\n\n<p>Odur ki, T\u00fcrkiy\u0259 il\u0259 Az\u0259rbaycan\u0131n m\u00fctt\u0259fiqliyi el\u0259 m\u00f6hk\u0259m v\u0259 sars\u0131lmaz dayaqlara s\u00f6yk\u0259nir ki, bunu h\u0259tta erm\u0259ni alimi d\u0259 etiraf edir.<\/p>\n\n\n\n<p>Erm\u0259ni alimi \u00f6z c\u0259miyy\u0259tin\u0259 ehtiyatla da olsa anlad\u0131r ki, \u018frdo\u011fan\u0131n ali m\u0259qamda dig\u0259r bir \u015f\u0259xsl\u0259 \u0259v\u0259z edilm\u0259si n\u0259tic\u0259sind\u0259 Az\u0259rbaycan\u0131n beyn\u0259lxalq m\u00f6vqel\u0259rinin z\u0259ifl\u0259y\u0259c\u0259yin\u0259 \u00fcmidl\u0259riniz \u0259b\u0259sdir.<\/p>\n\n\n\n<p>A\u011fl\u0131n\u0131z\u0131 ba\u015f\u0131n\u0131za y\u0131\u011f\u0131n, d\u00fcnyan\u0131 qiym\u0259tl\u0259ndir\u0259nd\u0259 \u0259sass\u0131z ist\u0259kl\u0259rinizl\u0259 deyil, qa\u00e7\u0131lmaz v\u0259 s\u0259rt ger\u00e7\u0259klikl\u0259 hesabla\u015f\u0131n.<\/p>\n","protected":false},"excerpt":{"rendered":"<p>Kamal K\u0131l\u0131\u00e7daro\u011flu hakimiyy\u0259t\u0259 g\u0259ls\u0259 Az\u0259rbaycan-T\u00fcrkiy\u0259 m\u00fcnasib\u0259tl\u0259rind\u0259 n\u0259 ba\u015f ver\u0259r? T\u00fcrkiy\u0259 &#8230; <\/p>\n<p class=\"read-more-container\"><a title=\"\u018frdo\u011fan olmasa\" class=\"read-more button\" href=\"https:\/\/www.meydan.tv\/az\/article\/erdogan-olmasa\/#more-274302\" aria-label=\"Read more about \u018frdo\u011fan olmasa\">Davam\u0131<\/a><\/p>\n","protected":false},"author":8,"featured_media":126823,"comment_status":"closed","ping_status":"closed","sticky":false,"template":"","format":"standard","meta":{"_acf_changed":false,"_sitemap_exclude":false,"_sitemap_priority":"","_sitemap_frequency":"","footnotes":""},"categories":[57],"tags":[],"class_list":["post-274302","post","type-post","status-publish","format-standard","has-post-thumbnail","hentry","category-menim-fikrimce","infinite-scroll-item","generate-columns","tablet-grid-50","mobile-grid-100","grid-parent","grid-33","no-featured-image-padding"],"acf":[],"yoast_head":"<!-- This site is optimized with the Yoast SEO plugin v27.4 - https:\/\/yoast.com\/product\/yoast-seo-wordpress\/ -->\n<title>\u018frdo\u011fan olmasa - MEYDAN.TV<\/title>\n<meta name=\"robots\" content=\"index, follow, max-snippet:-1, max-image-preview:large, max-video-preview:-1\" \/>\n<link rel=\"canonical\" href=\"https:\/\/www.meydan.tv\/az\/article\/erdogan-olmasa\/\" \/>\n<meta property=\"og:locale\" content=\"az_AZ\" \/>\n<meta property=\"og:type\" content=\"article\" \/>\n<meta property=\"og:title\" content=\"\u018frdo\u011fan olmasa - MEYDAN.TV\" \/>\n<meta property=\"og:description\" content=\"Kamal K\u0131l\u0131\u00e7daro\u011flu hakimiyy\u0259t\u0259 g\u0259ls\u0259 Az\u0259rbaycan-T\u00fcrkiy\u0259 m\u00fcnasib\u0259tl\u0259rind\u0259 n\u0259 ba\u015f ver\u0259r? T\u00fcrkiy\u0259 ... Davam\u0131\" \/>\n<meta property=\"og:url\" content=\"https:\/\/www.meydan.tv\/az\/article\/erdogan-olmasa\/\" \/>\n<meta property=\"og:site_name\" content=\"MEYDAN.TV\" \/>\n<meta property=\"article:published_time\" content=\"2023-05-04T10:07:29+00:00\" \/>\n<meta property=\"article:modified_time\" content=\"2023-05-10T11:58:52+00:00\" \/>\n<meta property=\"og:image\" content=\"https:\/\/www.meydan.tv\/wp-content\/uploads\/image_from_ios_2_p52ittc.original.original-scaled-e1682070233838.jpg\" \/>\n\t<meta property=\"og:image:width\" content=\"2560\" \/>\n\t<meta property=\"og:image:height\" content=\"1158\" \/>\n\t<meta property=\"og:image:type\" content=\"image\/jpeg\" \/>\n<meta name=\"author\" content=\"elli\" \/>\n<meta name=\"twitter:card\" content=\"summary_large_image\" \/>\n<meta name=\"twitter:creator\" content=\"@elli\" \/>\n<script type=\"application\/ld+json\" class=\"yoast-schema-graph\">{\"@context\":\"https:\\\/\\\/schema.org\",\"@graph\":[{\"@type\":\"Article\",\"@id\":\"https:\\\/\\\/www.meydan.tv\\\/az\\\/article\\\/erdogan-olmasa\\\/#article\",\"isPartOf\":{\"@id\":\"https:\\\/\\\/www.meydan.tv\\\/az\\\/article\\\/erdogan-olmasa\\\/\"},\"author\":{\"name\":\"elli\",\"@id\":\"https:\\\/\\\/www.meydan.tv\\\/az\\\/#\\\/schema\\\/person\\\/9cdbecf90d17180ce1dfbd95b08dcf47\"},\"headline\":\"\u018frdo\u011fan olmasa\",\"datePublished\":\"2023-05-04T10:07:29+00:00\",\"dateModified\":\"2023-05-10T11:58:52+00:00\",\"mainEntityOfPage\":{\"@id\":\"https:\\\/\\\/www.meydan.tv\\\/az\\\/article\\\/erdogan-olmasa\\\/\"},\"wordCount\":1205,\"publisher\":{\"@id\":\"https:\\\/\\\/www.meydan.tv\\\/az\\\/#organization\"},\"image\":{\"@id\":\"https:\\\/\\\/www.meydan.tv\\\/az\\\/article\\\/erdogan-olmasa\\\/#primaryimage\"},\"thumbnailUrl\":\"https:\\\/\\\/www.meydan.tv\\\/wp-content\\\/uploads\\\/image_from_ios_2_p52ittc.original.original-scaled-e1682070233838.jpg\",\"articleSection\":[\"M\u0259nim Fikrimc\u0259\"],\"inLanguage\":\"az\"},{\"@type\":\"WebPage\",\"@id\":\"https:\\\/\\\/www.meydan.tv\\\/az\\\/article\\\/erdogan-olmasa\\\/\",\"url\":\"https:\\\/\\\/www.meydan.tv\\\/az\\\/article\\\/erdogan-olmasa\\\/\",\"name\":\"\u018frdo\u011fan olmasa - MEYDAN.TV\",\"isPartOf\":{\"@id\":\"https:\\\/\\\/www.meydan.tv\\\/az\\\/#website\"},\"primaryImageOfPage\":{\"@id\":\"https:\\\/\\\/www.meydan.tv\\\/az\\\/article\\\/erdogan-olmasa\\\/#primaryimage\"},\"image\":{\"@id\":\"https:\\\/\\\/www.meydan.tv\\\/az\\\/article\\\/erdogan-olmasa\\\/#primaryimage\"},\"thumbnailUrl\":\"https:\\\/\\\/www.meydan.tv\\\/wp-content\\\/uploads\\\/image_from_ios_2_p52ittc.original.original-scaled-e1682070233838.jpg\",\"datePublished\":\"2023-05-04T10:07:29+00:00\",\"dateModified\":\"2023-05-10T11:58:52+00:00\",\"breadcrumb\":{\"@id\":\"https:\\\/\\\/www.meydan.tv\\\/az\\\/article\\\/erdogan-olmasa\\\/#breadcrumb\"},\"inLanguage\":\"az\",\"potentialAction\":[{\"@type\":\"ReadAction\",\"target\":[\"https:\\\/\\\/www.meydan.tv\\\/az\\\/article\\\/erdogan-olmasa\\\/\"]}]},{\"@type\":\"ImageObject\",\"inLanguage\":\"az\",\"@id\":\"https:\\\/\\\/www.meydan.tv\\\/az\\\/article\\\/erdogan-olmasa\\\/#primaryimage\",\"url\":\"https:\\\/\\\/www.meydan.tv\\\/wp-content\\\/uploads\\\/image_from_ios_2_p52ittc.original.original-scaled-e1682070233838.jpg\",\"contentUrl\":\"https:\\\/\\\/www.meydan.tv\\\/wp-content\\\/uploads\\\/image_from_ios_2_p52ittc.original.original-scaled-e1682070233838.jpg\",\"width\":2560,\"height\":1158,\"caption\":\"Foto: Meydan TV\"},{\"@type\":\"BreadcrumbList\",\"@id\":\"https:\\\/\\\/www.meydan.tv\\\/az\\\/article\\\/erdogan-olmasa\\\/#breadcrumb\",\"itemListElement\":[{\"@type\":\"ListItem\",\"position\":1,\"name\":\"Ana s\u0259hif\u0259\",\"item\":\"https:\\\/\\\/www.meydan.tv\\\/az\\\/\"},{\"@type\":\"ListItem\",\"position\":2,\"name\":\"M\u0259nim Fikrimc\u0259\",\"item\":\"https:\\\/\\\/www.meydan.tv\\\/az\\\/section\\\/menim-fikrimce\\\/\"},{\"@type\":\"ListItem\",\"position\":3,\"name\":\"\u018frdo\u011fan olmasa\"}]},{\"@type\":\"WebSite\",\"@id\":\"https:\\\/\\\/www.meydan.tv\\\/az\\\/#website\",\"url\":\"https:\\\/\\\/www.meydan.tv\\\/az\\\/\",\"name\":\"MEYDAN.TV\",\"description\":\"Meydan TV Az\u0259rbaycan\u0131n media m\u0259kan\u0131ndak\u0131 alternativ s\u0259sidir\",\"publisher\":{\"@id\":\"https:\\\/\\\/www.meydan.tv\\\/az\\\/#organization\"},\"potentialAction\":[{\"@type\":\"SearchAction\",\"target\":{\"@type\":\"EntryPoint\",\"urlTemplate\":\"https:\\\/\\\/www.meydan.tv\\\/az\\\/?s={search_term_string}\"},\"query-input\":{\"@type\":\"PropertyValueSpecification\",\"valueRequired\":true,\"valueName\":\"search_term_string\"}}],\"inLanguage\":\"az\"},{\"@type\":\"Organization\",\"@id\":\"https:\\\/\\\/www.meydan.tv\\\/az\\\/#organization\",\"name\":\"Meydan TV\",\"url\":\"https:\\\/\\\/www.meydan.tv\\\/az\\\/\",\"logo\":{\"@type\":\"ImageObject\",\"inLanguage\":\"az\",\"@id\":\"https:\\\/\\\/www.meydan.tv\\\/az\\\/#\\\/schema\\\/logo\\\/image\\\/\",\"url\":\"https:\\\/\\\/www.meydan.tv\\\/wp-content\\\/uploads\\\/2021\\\/07\\\/meydan-logo.svg\",\"contentUrl\":\"https:\\\/\\\/www.meydan.tv\\\/wp-content\\\/uploads\\\/2021\\\/07\\\/meydan-logo.svg\",\"width\":195,\"height\":46,\"caption\":\"Meydan TV\"},\"image\":{\"@id\":\"https:\\\/\\\/www.meydan.tv\\\/az\\\/#\\\/schema\\\/logo\\\/image\\\/\"}},{\"@type\":\"Person\",\"@id\":\"https:\\\/\\\/www.meydan.tv\\\/az\\\/#\\\/schema\\\/person\\\/9cdbecf90d17180ce1dfbd95b08dcf47\",\"name\":\"elli\",\"sameAs\":[\"https:\\\/\\\/x.com\\\/elli\"]}]}<\/script>\n<!-- \/ Yoast SEO plugin. -->","yoast_head_json":{"title":"\u018frdo\u011fan olmasa - MEYDAN.TV","robots":{"index":"index","follow":"follow","max-snippet":"max-snippet:-1","max-image-preview":"max-image-preview:large","max-video-preview":"max-video-preview:-1"},"canonical":"https:\/\/www.meydan.tv\/az\/article\/erdogan-olmasa\/","og_locale":"az_AZ","og_type":"article","og_title":"\u018frdo\u011fan olmasa - MEYDAN.TV","og_description":"Kamal K\u0131l\u0131\u00e7daro\u011flu hakimiyy\u0259t\u0259 g\u0259ls\u0259 Az\u0259rbaycan-T\u00fcrkiy\u0259 m\u00fcnasib\u0259tl\u0259rind\u0259 n\u0259 ba\u015f ver\u0259r? T\u00fcrkiy\u0259 ... Davam\u0131","og_url":"https:\/\/www.meydan.tv\/az\/article\/erdogan-olmasa\/","og_site_name":"MEYDAN.TV","article_published_time":"2023-05-04T10:07:29+00:00","article_modified_time":"2023-05-10T11:58:52+00:00","og_image":[{"width":2560,"height":1158,"url":"https:\/\/www.meydan.tv\/wp-content\/uploads\/image_from_ios_2_p52ittc.original.original-scaled-e1682070233838.jpg","type":"image\/jpeg"}],"author":"elli","twitter_card":"summary_large_image","twitter_creator":"@elli","schema":{"@context":"https:\/\/schema.org","@graph":[{"@type":"Article","@id":"https:\/\/www.meydan.tv\/az\/article\/erdogan-olmasa\/#article","isPartOf":{"@id":"https:\/\/www.meydan.tv\/az\/article\/erdogan-olmasa\/"},"author":{"name":"elli","@id":"https:\/\/www.meydan.tv\/az\/#\/schema\/person\/9cdbecf90d17180ce1dfbd95b08dcf47"},"headline":"\u018frdo\u011fan olmasa","datePublished":"2023-05-04T10:07:29+00:00","dateModified":"2023-05-10T11:58:52+00:00","mainEntityOfPage":{"@id":"https:\/\/www.meydan.tv\/az\/article\/erdogan-olmasa\/"},"wordCount":1205,"publisher":{"@id":"https:\/\/www.meydan.tv\/az\/#organization"},"image":{"@id":"https:\/\/www.meydan.tv\/az\/article\/erdogan-olmasa\/#primaryimage"},"thumbnailUrl":"https:\/\/www.meydan.tv\/wp-content\/uploads\/image_from_ios_2_p52ittc.original.original-scaled-e1682070233838.jpg","articleSection":["M\u0259nim Fikrimc\u0259"],"inLanguage":"az"},{"@type":"WebPage","@id":"https:\/\/www.meydan.tv\/az\/article\/erdogan-olmasa\/","url":"https:\/\/www.meydan.tv\/az\/article\/erdogan-olmasa\/","name":"\u018frdo\u011fan olmasa - MEYDAN.TV","isPartOf":{"@id":"https:\/\/www.meydan.tv\/az\/#website"},"primaryImageOfPage":{"@id":"https:\/\/www.meydan.tv\/az\/article\/erdogan-olmasa\/#primaryimage"},"image":{"@id":"https:\/\/www.meydan.tv\/az\/article\/erdogan-olmasa\/#primaryimage"},"thumbnailUrl":"https:\/\/www.meydan.tv\/wp-content\/uploads\/image_from_ios_2_p52ittc.original.original-scaled-e1682070233838.jpg","datePublished":"2023-05-04T10:07:29+00:00","dateModified":"2023-05-10T11:58:52+00:00","breadcrumb":{"@id":"https:\/\/www.meydan.tv\/az\/article\/erdogan-olmasa\/#breadcrumb"},"inLanguage":"az","potentialAction":[{"@type":"ReadAction","target":["https:\/\/www.meydan.tv\/az\/article\/erdogan-olmasa\/"]}]},{"@type":"ImageObject","inLanguage":"az","@id":"https:\/\/www.meydan.tv\/az\/article\/erdogan-olmasa\/#primaryimage","url":"https:\/\/www.meydan.tv\/wp-content\/uploads\/image_from_ios_2_p52ittc.original.original-scaled-e1682070233838.jpg","contentUrl":"https:\/\/www.meydan.tv\/wp-content\/uploads\/image_from_ios_2_p52ittc.original.original-scaled-e1682070233838.jpg","width":2560,"height":1158,"caption":"Foto: Meydan TV"},{"@type":"BreadcrumbList","@id":"https:\/\/www.meydan.tv\/az\/article\/erdogan-olmasa\/#breadcrumb","itemListElement":[{"@type":"ListItem","position":1,"name":"Ana s\u0259hif\u0259","item":"https:\/\/www.meydan.tv\/az\/"},{"@type":"ListItem","position":2,"name":"M\u0259nim Fikrimc\u0259","item":"https:\/\/www.meydan.tv\/az\/section\/menim-fikrimce\/"},{"@type":"ListItem","position":3,"name":"\u018frdo\u011fan olmasa"}]},{"@type":"WebSite","@id":"https:\/\/www.meydan.tv\/az\/#website","url":"https:\/\/www.meydan.tv\/az\/","name":"MEYDAN.TV","description":"Meydan TV Az\u0259rbaycan\u0131n media m\u0259kan\u0131ndak\u0131 alternativ s\u0259sidir","publisher":{"@id":"https:\/\/www.meydan.tv\/az\/#organization"},"potentialAction":[{"@type":"SearchAction","target":{"@type":"EntryPoint","urlTemplate":"https:\/\/www.meydan.tv\/az\/?s={search_term_string}"},"query-input":{"@type":"PropertyValueSpecification","valueRequired":true,"valueName":"search_term_string"}}],"inLanguage":"az"},{"@type":"Organization","@id":"https:\/\/www.meydan.tv\/az\/#organization","name":"Meydan TV","url":"https:\/\/www.meydan.tv\/az\/","logo":{"@type":"ImageObject","inLanguage":"az","@id":"https:\/\/www.meydan.tv\/az\/#\/schema\/logo\/image\/","url":"https:\/\/www.meydan.tv\/wp-content\/uploads\/2021\/07\/meydan-logo.svg","contentUrl":"https:\/\/www.meydan.tv\/wp-content\/uploads\/2021\/07\/meydan-logo.svg","width":195,"height":46,"caption":"Meydan TV"},"image":{"@id":"https:\/\/www.meydan.tv\/az\/#\/schema\/logo\/image\/"}},{"@type":"Person","@id":"https:\/\/www.meydan.tv\/az\/#\/schema\/person\/9cdbecf90d17180ce1dfbd95b08dcf47","name":"elli","sameAs":["https:\/\/x.com\/elli"]}]}},"_links":{"self":[{"href":"https:\/\/www.meydan.tv\/az\/wp-json\/wp\/v2\/posts\/274302","targetHints":{"allow":["GET"]}}],"collection":[{"href":"https:\/\/www.meydan.tv\/az\/wp-json\/wp\/v2\/posts"}],"about":[{"href":"https:\/\/www.meydan.tv\/az\/wp-json\/wp\/v2\/types\/post"}],"author":[{"embeddable":true,"href":"https:\/\/www.meydan.tv\/az\/wp-json\/wp\/v2\/users\/8"}],"replies":[{"embeddable":true,"href":"https:\/\/www.meydan.tv\/az\/wp-json\/wp\/v2\/comments?post=274302"}],"version-history":[{"count":3,"href":"https:\/\/www.meydan.tv\/az\/wp-json\/wp\/v2\/posts\/274302\/revisions"}],"predecessor-version":[{"id":274640,"href":"https:\/\/www.meydan.tv\/az\/wp-json\/wp\/v2\/posts\/274302\/revisions\/274640"}],"wp:featuredmedia":[{"embeddable":true,"href":"https:\/\/www.meydan.tv\/az\/wp-json\/wp\/v2\/media\/126823"}],"wp:attachment":[{"href":"https:\/\/www.meydan.tv\/az\/wp-json\/wp\/v2\/media?parent=274302"}],"wp:term":[{"taxonomy":"category","embeddable":true,"href":"https:\/\/www.meydan.tv\/az\/wp-json\/wp\/v2\/categories?post=274302"},{"taxonomy":"post_tag","embeddable":true,"href":"https:\/\/www.meydan.tv\/az\/wp-json\/wp\/v2\/tags?post=274302"}],"curies":[{"name":"wp","href":"https:\/\/api.w.org\/{rel}","templated":true}]}}