{"id":274271,"date":"2023-05-04T12:56:52","date_gmt":"2023-05-04T08:56:52","guid":{"rendered":"https:\/\/www.meydan.tv\/?p=274271"},"modified":"2023-05-04T13:16:41","modified_gmt":"2023-05-04T09:16:41","slug":"abs-baki-ve-yerevan-arasinda-danisiqlarda-irelileyisin-oldugunu-deyir","status":"publish","type":"post","link":"https:\/\/www.meydan.tv\/az\/article\/abs-baki-ve-yerevan-arasinda-danisiqlarda-irelileyisin-oldugunu-deyir\/","title":{"rendered":"AB\u015e Bak\u0131 v\u0259 Yerevan aras\u0131nda dan\u0131\u015f\u0131qlarda ir\u0259lil\u0259yi\u015fin oldu\u011funu deyir"},"content":{"rendered":"\n<p><\/p>\n\n\n\n<p><strong><em>Va\u015finqton s\u00fclh dan\u0131\u015f\u0131qlar\u0131n\u0131 alq\u0131\u015flay\u0131b<\/em><\/strong><\/p>\n\n\n\n<p>A\u011f Ev Erm\u0259nistan v\u0259 Az\u0259rbaycan\u0131n xarici i\u015fl\u0259r nazirl\u0259ri aras\u0131nda may\u0131n 3-d\u0259 ba\u015f tutan s\u00fclh dan\u0131\u015f\u0131qlar\u0131nda ir\u0259lil\u0259yi\u015fin oldu\u011funu deyir v\u0259 bunu alq\u0131\u015flay\u0131r.<\/p>\n\n\n\n<p>Va\u015finqton h\u0259m\u00e7inin t\u0259r\u0259fl\u0259ri dialoqu davam etdirm\u0259y\u0259 \u00e7a\u011f\u0131r\u0131b.<\/p>\n\n\n\n<p>AB\u015e-\u0131n milli t\u0259hl\u00fck\u0259sizlik m\u00fc\u015faviri Ceyk Salivan Ceyhun Bayramov v\u0259 Ararat Mirzoyanla ayr\u0131ca da g\u00f6r\u00fc\u015f ke\u00e7irib.<\/p>\n\n\n\n<p>Bu bar\u0259d\u0259 Ceyk Salivan &#8220;Twitter&#8221; hesab\u0131nda <a href=\"https:\/\/www.turan.az\/ext\/news\/2023\/5\/free\/politics_news\/az\/4169.htm\" target=\"_blank\" rel=\"noreferrer noopener\">yaz\u0131b<\/a>.<\/p>\n\n\n\n<p>\u201c<em>Davaml\u0131 v\u0259 \u0259dal\u0259tli raz\u0131la\u015fma h\u0259r iki \u00f6lk\u0259 v\u0259 region \u00fc\u00e7\u00fcn imkanlar\u0131n a\u00e7\u0131lmas\u0131n\u0131n a\u00e7ar\u0131 olacaq&#8221;,<\/em> &#8211; dey\u0259 Ceyk Salivan qeyd edib.<\/p>\n\n\n<div class=\"wp-block-image\">\n<figure class=\"aligncenter size-full\"><img decoding=\"async\" width=\"1200\" height=\"800\" data-src=\"https:\/\/www.meydan.tv\/wp-content\/uploads\/shutterstock_2009011457.jpg\" alt=\"\" class=\"wp-image-274279 lazyload\" src=\"data:image\/svg+xml;base64,PHN2ZyB3aWR0aD0iMSIgaGVpZ2h0PSIxIiB4bWxucz0iaHR0cDovL3d3dy53My5vcmcvMjAwMC9zdmciPjwvc3ZnPg==\" style=\"--smush-placeholder-width: 1200px; --smush-placeholder-aspect-ratio: 1200\/800;\" \/><figcaption class=\"wp-element-caption\">Ceyk Salivan. Foto: Alexandros Michailidis\/shutterstock<\/figcaption><\/figure>\n<\/div>\n\n\n<p>May\u0131n 4-d\u0259 C.Bayramovla A.Mirzoyan aras\u0131nda Va\u015finqtonda 4 g\u00fcnl\u00fck dan\u0131\u015f\u0131qlar ba\u015fa \u00e7at\u0131r.<\/p>\n\n\n\n<p>&#8220;Turan&#8221;\u0131n m\u0259lumat\u0131na g\u00f6r\u0259, AB\u015e d\u00f6vl\u0259t katibi Entoni Blinken Bak\u0131 vaxt\u0131 il\u0259 ax\u015fam saatlar\u0131nda iki nazir aras\u0131nda s\u00fclh dan\u0131\u015f\u0131qlar\u0131n\u0131n yekun g\u00f6r\u00fc\u015f\u00fcnd\u0259 i\u015ftirak ed\u0259c\u0259k.<\/p>\n\n\n\n<p>D\u00fcn\u0259n is\u0259 D\u00f6vl\u0259t Departamentinin s\u00f6z\u00e7\u00fcs\u00fc Vedant Patel Bayramov-Mirzoyan dialoqunun n\u0259tic\u0259l\u0259ri bar\u0259d\u0259 konkret cavab verm\u0259yib:<\/p>\n\n\n\n<p><em>\u201cG\u0259lin, hadis\u0259l\u0259r\u0131 qabaqlamayaq. D\u00f6vl\u0259t katibi bu i\u015fl\u0259 d\u0259rind\u0259n m\u0259\u015f\u011fuldur. Biz bu iki \u00f6lk\u0259 aras\u0131nda s\u00fclh\u00fcn m\u00fcmk\u00fcn oldu\u011funa inan\u0131r\u0131q\u201d.<\/em><\/p>\n\n\n\n<p>\u201c<em>Biz hesab edirik ki, bu problemin h\u0259rbi h\u0259lli yoxdur, ir\u0259liy\u0259 yol &#8211; birba\u015fa dialoqdur. Biz iki xarici i\u015fl\u0259r nazirini q\u0259bul etm\u0259kd\u0259n v\u0259 bu m\u00fch\u00fcm m\u00fczakir\u0259l\u0259rd\u0259 i\u015ftirak etm\u0259kd\u0259n \u00e7ox m\u0259mnunuq\u201d<\/em>, &#8211; Patel bel\u0259 deyib.<\/p>\n\n\n\n<p>May\u0131n 3-d\u0259 Az\u0259rbaycan Prezidenti \u0130lham \u018fliyev d\u0259 \u015eu\u015fada ke\u00e7iril\u0259n \u201cB\u00f6y\u00fck Avrasiya geosiyas\u0259tinin formala\u015fmas\u0131: ke\u00e7mi\u015fd\u0259n bu g\u00fcn\u0259 v\u0259 g\u0259l\u0259c\u0259y\u0259\u201d m\u00f6vzusunda ke\u00e7iril\u0259n konfransda iki d\u00f6vl\u0259t aras\u0131nda vasit\u0259siz dan\u0131\u015f\u0131qlar\u0131n vacibliyini qeyd edib:<\/p>\n\n\n\n<p>&#8220;<em>D\u00fc\u015f\u00fcn\u00fcr\u0259m ki, raz\u0131l\u0131\u011fa g\u0259lm\u0259k \u00fc\u00e7\u00fcn \u0259n yax\u015f\u0131 yol Az\u0259rbaycanla Erm\u0259nistan aras\u0131nda, he\u00e7 bir vasit\u0259\u00e7i, k\u00f6m\u0259k\u00e7i v\u0259 ya pozucu olmadan birba\u015fa dan\u0131\u015f\u0131qlard\u0131r. Ke\u00e7mi\u015f Minsk Qrupunun h\u0259ms\u0259dr \u00f6lk\u0259l\u0259ri k\u00f6m\u0259k etm\u0259k ist\u0259yirl\u0259rs\u0259, Erm\u0259nistanla Az\u0259rbaycan aras\u0131nda m\u00fcnasib\u0259tl\u0259rin normalla\u015fmas\u0131na yard\u0131m ed\u0259 bil\u0259rl\u0259r\u201d.<\/em><\/p>\n\n\n\n<p>\u0130lham \u018fliyev onu da bildirib ki, Erm\u0259nistan il\u0259 Az\u0259rbaycan nazirl\u0259ri aras\u0131nda dan\u0131\u015f\u0131qlar\u0131n n\u00f6vb\u0259ti raundunun bu ay Rusiyada ke\u00e7irilm\u0259si n\u0259z\u0259rd\u0259 <a href=\"https:\/\/president.az\/az\/articles\/view\/59576\" target=\"_blank\" rel=\"noreferrer noopener\">tutulub<\/a>.<\/p>\n\n\n<div class=\"wp-block-image\">\n<figure class=\"aligncenter size-large\"><img decoding=\"async\" width=\"1200\" height=\"608\" data-src=\"https:\/\/www.meydan.tv\/wp-content\/uploads\/865b00edafdff0ad7a62a1b8c7e95725_1386558-1200x608.jpg\" alt=\"\" class=\"wp-image-274259 lazyload\" src=\"data:image\/svg+xml;base64,PHN2ZyB3aWR0aD0iMSIgaGVpZ2h0PSIxIiB4bWxucz0iaHR0cDovL3d3dy53My5vcmcvMjAwMC9zdmciPjwvc3ZnPg==\" style=\"--smush-placeholder-width: 1200px; --smush-placeholder-aspect-ratio: 1200\/608;\" \/><figcaption class=\"wp-element-caption\">Foto: president.az<\/figcaption><\/figure>\n<\/div>\n\n\n<p>May\u0131n 1-d\u0259 Va\u015finqtonda Az\u0259rbaycan v\u0259 Erm\u0259nistan xarici i\u015fl\u0259r nazirl\u0259ri aras\u0131nda g\u00f6r\u00fc\u015f ba\u015flay\u0131b.<\/p>\n\n\n\n<p>AB\u015e-\u0131n d\u00f6vl\u0259t katibi Antoni Blinken bildirib ki, iki \u00f6lk\u0259 aras\u0131nda dialoq C\u0259nubi Qafqaz regionunda davaml\u0131 s\u00fclh\u0259 nail olmaq \u00fc\u00e7\u00fcn a\u00e7ard\u0131r.<\/p>\n\n\n\n<p>\u201c<em>Bu h\u0259ft\u0259 yeni binam\u0131z \u2013 Corc P. \u015eults ad\u0131na Milli Xarici \u018flaq\u0259l\u0259r T\u0259dris M\u0259rk\u0259zind\u0259 Az\u0259rbaycan v\u0259 Erm\u0259nistan xarici i\u015fl\u0259r nazirl\u0259ri il\u0259 s\u00fclh dan\u0131\u015f\u0131qlar\u0131 apar\u0131r\u0131q. Dialoq C\u0259nubi Qafqaz regionunda davaml\u0131 s\u00fclh\u0259 nail olmaq \u00fc\u00e7\u00fcn a\u00e7ard\u0131r\u201d, <\/em>\u2013 dey\u0259 Blinken qeyd <a href=\"https:\/\/storage.googleapis.com\/qurium\/www.meydan.tv\/az-article-vasinqton-danisiqlarinin-4-gun-davam-edeceyi-bildirilir.html\" target=\"_blank\" rel=\"noreferrer noopener\">edib<\/a>.<\/p>\n\n\n\n<p><strong>La\u00e7\u0131n d\u0259hlizind\u0259 n\u0259 ba\u015f verib?<\/strong><\/p>\n\n\n\n<p>Aprelin 23-d\u0259 Az\u0259rbaycan birt\u0259r\u0259fli olaraq Erm\u0259nistanla s\u0259rh\u0259dd\u0259 \u2013 La\u00e7\u0131n-Xank\u0259ndi yolunun ba\u015flan\u011f\u0131c\u0131nda s\u0259rh\u0259d-burax\u0131l\u0131\u015f m\u0259nt\u0259q\u0259si qurub.<\/p>\n\n\n\n<p>D\u00f6vl\u0259t S\u0259rh\u0259d Xidm\u0259ti bildirib ki, m\u0259qs\u0259d Erm\u0259nistandan Az\u0259rbaycan \u0259razisind\u0259ki qeyri-qanuni silahl\u0131 d\u0259st\u0259l\u0259r \u00fc\u00e7\u00fcn canl\u0131 q\u00fcvv\u0259, silah-sursat v\u0259 dig\u0259r h\u0259rbi t\u0259yinatl\u0131 vasit\u0259l\u0259rin da\u015f\u0131nmas\u0131n\u0131n qar\u015f\u0131s\u0131n\u0131 almaqd\u0131r.<\/p>\n\n\n\n<p>Aprelin 24-d\u0259 Rusiya Xarici \u0130\u015fl\u0259r Nazirliyi Az\u0259rbaycan v\u0259 Erm\u0259nistan\u0131 d\u0259rhal m\u00f6vcud raz\u0131la\u015fmalara qay\u0131tma\u011fa \u00e7a\u011f\u0131r\u0131b:<\/p>\n\n\n\n<p>\u201cH\u0259dsiz narahatl\u0131qla at\u0259\u015fk\u0259s rejiminin pozulmas\u0131 hallar\u0131n\u0131n artmas\u0131n\u0131 qeyd edirik. Biz t\u0259r\u0259fl\u0259ri d\u0259rhal m\u00f6vcud raz\u0131la\u015fmalara qay\u0131tma\u011fa \u00e7a\u011f\u0131r\u0131r\u0131q\u201d.<\/p>\n\n\n\n<p>\u201cBiz h\u0259m\u00e7inin xarici Q\u0259rb oyun\u00e7ular\u0131n\u0131 v\u0259 \u00f6z f\u00fcrs\u0259t\u00e7i g\u00fcnd\u0259ml\u0259ri \u00fcz\u0259rind\u0259 i\u015fl\u0259y\u0259n yerli rusofob elementl\u0259ri Rusiyaya qar\u015f\u0131 qarayaxma kampaniyas\u0131 da daxil olmaqla, v\u0259ziyy\u0259ti q\u0131z\u0131\u015fd\u0131rmaq c\u0259hdl\u0259rin\u0259 qar\u015f\u0131 x\u0259b\u0259rdarl\u0131q edirik\u201d, \u2013 dey\u0259 Rusiya Xarici \u0130\u015fl\u0259r Nazirliyi vur\u011fulay\u0131b.<\/p>\n\n\n\n<p>AB\u015e v\u0259 Fransa is\u0259 hadis\u0259d\u0259n narahatl\u0131qlar\u0131n\u0131 ifad\u0259 ed\u0259r\u0259k bu add\u0131m\u0131n pisl\u0259yib, bunun s\u00fclh prosesin\u0259 mane ola bil\u0259c\u0259yini ehtimal edibl\u0259r.<\/p>\n\n\n\n<p><strong>M\u00fcnaqi\u015f\u0259nin q\u0131sa xronikas\u0131<\/strong><\/p>\n\n\n\n<p>2020-ci ilin sentyabr\u0131nda Az\u0259rbaycan v\u0259 Erm\u0259nistan silahl\u0131 q\u00fcvv\u0259l\u0259ri aras\u0131nda qar\u015f\u0131durma ba\u015flay\u0131b.<\/p>\n\n\n\n<p>\u00dcmumilikd\u0259 44 g\u00fcn s\u00fcr\u0259n v\u0259 \u0130kinci Qaraba\u011f m\u00fcharib\u0259si adland\u0131r\u0131lan m\u00fcnaqi\u015f\u0259d\u0259 h\u0259r iki t\u0259r\u0259fd\u0259n 6 mind\u0259n art\u0131q h\u0259rb\u00e7i h\u0259lak olub.<\/p>\n\n\n\n<p>Az\u0259rbaycan Da\u011fl\u0131q Qaraba\u011f b\u00f6lg\u0259sinin bir hiss\u0259sin\u0259 v\u0259 \u0259traf 7 rayona n\u0259zar\u0259ti b\u0259rpa edib.<\/p>\n\n\n\n<p>H\u0259min ilin 10 noyabr b\u0259yanat\u0131na (Az\u0259rbaycan, Erm\u0259nistan v\u0259 Rusiya aras\u0131nda imzalan\u0131b) \u0259sas\u0259n, d\u00f6y\u00fc\u015fl\u0259r dayand\u0131r\u0131l\u0131b.<\/p>\n\n\n\n<p>Bundan sonra La\u00e7\u0131n d\u0259hlizind\u0259 v\u0259 Qaraba\u011fda Rusiya s\u00fclhm\u0259raml\u0131lar\u0131 yerl\u0259\u015fdirilib.<\/p>\n\n\n\n<p>\u0130kinci Qaraba\u011f m\u00fcharib\u0259sind\u0259n \u00f6nc\u0259, 1994-c\u00fc ild\u0259 ger\u00e7\u0259kl\u0259\u015f\u0259n at\u0259\u015fk\u0259s raz\u0131la\u015fmas\u0131na q\u0259d\u0259r Az\u0259rbaycan\u0131n Da\u011fl\u0131q Qaraba\u011f b\u00f6lg\u0259si v\u0259 ona biti\u015fik 7 rayonu i\u015f\u011fal edilib.<\/p>\n\n\n\n<p>M\u00fcnaqi\u015f\u0259 SSR\u0130 d\u00f6n\u0259mind\u0259n Erm\u0259nistan\u0131n Az\u0259rbaycana qar\u015f\u0131 \u0259razi iddialar\u0131 il\u0259 ba\u015flay\u0131b.<\/p>\n","protected":false},"excerpt":{"rendered":"<p>Va\u015finqton s\u00fclh dan\u0131\u015f\u0131qlar\u0131n\u0131 alq\u0131\u015flay\u0131b A\u011f Ev Erm\u0259nistan v\u0259 Az\u0259rbaycan\u0131n xarici &#8230; <\/p>\n<p class=\"read-more-container\"><a title=\"AB\u015e Bak\u0131 v\u0259 Yerevan aras\u0131nda dan\u0131\u015f\u0131qlarda ir\u0259lil\u0259yi\u015fin oldu\u011funu deyir\" class=\"read-more button\" href=\"https:\/\/www.meydan.tv\/az\/article\/abs-baki-ve-yerevan-arasinda-danisiqlarda-irelileyisin-oldugunu-deyir\/#more-274271\" aria-label=\"Read more about AB\u015e Bak\u0131 v\u0259 Yerevan aras\u0131nda dan\u0131\u015f\u0131qlarda ir\u0259lil\u0259yi\u015fin oldu\u011funu deyir\">Davam\u0131<\/a><\/p>\n","protected":false},"author":8,"featured_media":274078,"comment_status":"closed","ping_status":"closed","sticky":false,"template":"","format":"standard","meta":{"_acf_changed":false,"_sitemap_exclude":false,"_sitemap_priority":"","_sitemap_frequency":"","footnotes":""},"categories":[59,79,56],"tags":[],"class_list":["post-274271","post","type-post","status-publish","format-standard","has-post-thumbnail","hentry","category-siyaset","category-featured","category-xeberler","infinite-scroll-item","generate-columns","tablet-grid-50","mobile-grid-100","grid-parent","grid-33","no-featured-image-padding"],"acf":[],"yoast_head":"<!-- This site is optimized with the Yoast SEO plugin v27.4 - https:\/\/yoast.com\/product\/yoast-seo-wordpress\/ -->\n<title>AB\u015e Bak\u0131 v\u0259 Yerevan aras\u0131nda dan\u0131\u015f\u0131qlarda ir\u0259lil\u0259yi\u015fin oldu\u011funu deyir - MEYDAN.TV<\/title>\n<meta name=\"robots\" content=\"index, follow, max-snippet:-1, max-image-preview:large, max-video-preview:-1\" \/>\n<link rel=\"canonical\" href=\"https:\/\/www.meydan.tv\/az\/article\/abs-baki-ve-yerevan-arasinda-danisiqlarda-irelileyisin-oldugunu-deyir\/\" \/>\n<meta property=\"og:locale\" content=\"az_AZ\" \/>\n<meta property=\"og:type\" content=\"article\" \/>\n<meta property=\"og:title\" content=\"AB\u015e Bak\u0131 v\u0259 Yerevan aras\u0131nda dan\u0131\u015f\u0131qlarda ir\u0259lil\u0259yi\u015fin oldu\u011funu deyir - MEYDAN.TV\" \/>\n<meta property=\"og:description\" content=\"Va\u015finqton s\u00fclh dan\u0131\u015f\u0131qlar\u0131n\u0131 alq\u0131\u015flay\u0131b A\u011f Ev Erm\u0259nistan v\u0259 Az\u0259rbaycan\u0131n xarici ... Davam\u0131\" \/>\n<meta property=\"og:url\" content=\"https:\/\/www.meydan.tv\/az\/article\/abs-baki-ve-yerevan-arasinda-danisiqlarda-irelileyisin-oldugunu-deyir\/\" \/>\n<meta property=\"og:site_name\" content=\"MEYDAN.TV\" \/>\n<meta property=\"article:published_time\" content=\"2023-05-04T08:56:52+00:00\" \/>\n<meta property=\"article:modified_time\" content=\"2023-05-04T09:16:41+00:00\" \/>\n<meta property=\"og:image\" content=\"https:\/\/www.meydan.tv\/wp-content\/uploads\/download-61-e1683014404623.jpg\" \/>\n\t<meta property=\"og:image:width\" content=\"1200\" \/>\n\t<meta property=\"og:image:height\" content=\"561\" \/>\n\t<meta property=\"og:image:type\" content=\"image\/jpeg\" \/>\n<meta name=\"author\" content=\"elli\" \/>\n<meta name=\"twitter:card\" content=\"summary_large_image\" \/>\n<meta name=\"twitter:creator\" content=\"@elli\" \/>\n<script type=\"application\/ld+json\" class=\"yoast-schema-graph\">{\"@context\":\"https:\\\/\\\/schema.org\",\"@graph\":[{\"@type\":\"Article\",\"@id\":\"https:\\\/\\\/www.meydan.tv\\\/az\\\/article\\\/abs-baki-ve-yerevan-arasinda-danisiqlarda-irelileyisin-oldugunu-deyir\\\/#article\",\"isPartOf\":{\"@id\":\"https:\\\/\\\/www.meydan.tv\\\/az\\\/article\\\/abs-baki-ve-yerevan-arasinda-danisiqlarda-irelileyisin-oldugunu-deyir\\\/\"},\"author\":{\"name\":\"elli\",\"@id\":\"https:\\\/\\\/www.meydan.tv\\\/az\\\/#\\\/schema\\\/person\\\/9cdbecf90d17180ce1dfbd95b08dcf47\"},\"headline\":\"AB\u015e Bak\u0131 v\u0259 Yerevan aras\u0131nda dan\u0131\u015f\u0131qlarda ir\u0259lil\u0259yi\u015fin oldu\u011funu deyir\",\"datePublished\":\"2023-05-04T08:56:52+00:00\",\"dateModified\":\"2023-05-04T09:16:41+00:00\",\"mainEntityOfPage\":{\"@id\":\"https:\\\/\\\/www.meydan.tv\\\/az\\\/article\\\/abs-baki-ve-yerevan-arasinda-danisiqlarda-irelileyisin-oldugunu-deyir\\\/\"},\"wordCount\":1018,\"publisher\":{\"@id\":\"https:\\\/\\\/www.meydan.tv\\\/az\\\/#organization\"},\"image\":{\"@id\":\"https:\\\/\\\/www.meydan.tv\\\/az\\\/article\\\/abs-baki-ve-yerevan-arasinda-danisiqlarda-irelileyisin-oldugunu-deyir\\\/#primaryimage\"},\"thumbnailUrl\":\"https:\\\/\\\/www.meydan.tv\\\/wp-content\\\/uploads\\\/download-61-e1683014404623.jpg\",\"articleSection\":[\"Siyas\u0259t\",\"T\u00f6vsiy\u0259\",\"X\u0259b\u0259rl\u0259r\"],\"inLanguage\":\"az\"},{\"@type\":\"WebPage\",\"@id\":\"https:\\\/\\\/www.meydan.tv\\\/az\\\/article\\\/abs-baki-ve-yerevan-arasinda-danisiqlarda-irelileyisin-oldugunu-deyir\\\/\",\"url\":\"https:\\\/\\\/www.meydan.tv\\\/az\\\/article\\\/abs-baki-ve-yerevan-arasinda-danisiqlarda-irelileyisin-oldugunu-deyir\\\/\",\"name\":\"AB\u015e Bak\u0131 v\u0259 Yerevan aras\u0131nda dan\u0131\u015f\u0131qlarda ir\u0259lil\u0259yi\u015fin oldu\u011funu deyir - MEYDAN.TV\",\"isPartOf\":{\"@id\":\"https:\\\/\\\/www.meydan.tv\\\/az\\\/#website\"},\"primaryImageOfPage\":{\"@id\":\"https:\\\/\\\/www.meydan.tv\\\/az\\\/article\\\/abs-baki-ve-yerevan-arasinda-danisiqlarda-irelileyisin-oldugunu-deyir\\\/#primaryimage\"},\"image\":{\"@id\":\"https:\\\/\\\/www.meydan.tv\\\/az\\\/article\\\/abs-baki-ve-yerevan-arasinda-danisiqlarda-irelileyisin-oldugunu-deyir\\\/#primaryimage\"},\"thumbnailUrl\":\"https:\\\/\\\/www.meydan.tv\\\/wp-content\\\/uploads\\\/download-61-e1683014404623.jpg\",\"datePublished\":\"2023-05-04T08:56:52+00:00\",\"dateModified\":\"2023-05-04T09:16:41+00:00\",\"breadcrumb\":{\"@id\":\"https:\\\/\\\/www.meydan.tv\\\/az\\\/article\\\/abs-baki-ve-yerevan-arasinda-danisiqlarda-irelileyisin-oldugunu-deyir\\\/#breadcrumb\"},\"inLanguage\":\"az\",\"potentialAction\":[{\"@type\":\"ReadAction\",\"target\":[\"https:\\\/\\\/www.meydan.tv\\\/az\\\/article\\\/abs-baki-ve-yerevan-arasinda-danisiqlarda-irelileyisin-oldugunu-deyir\\\/\"]}]},{\"@type\":\"ImageObject\",\"inLanguage\":\"az\",\"@id\":\"https:\\\/\\\/www.meydan.tv\\\/az\\\/article\\\/abs-baki-ve-yerevan-arasinda-danisiqlarda-irelileyisin-oldugunu-deyir\\\/#primaryimage\",\"url\":\"https:\\\/\\\/www.meydan.tv\\\/wp-content\\\/uploads\\\/download-61-e1683014404623.jpg\",\"contentUrl\":\"https:\\\/\\\/www.meydan.tv\\\/wp-content\\\/uploads\\\/download-61-e1683014404623.jpg\",\"width\":1200,\"height\":561,\"caption\":\"Foto: Twitter\"},{\"@type\":\"BreadcrumbList\",\"@id\":\"https:\\\/\\\/www.meydan.tv\\\/az\\\/article\\\/abs-baki-ve-yerevan-arasinda-danisiqlarda-irelileyisin-oldugunu-deyir\\\/#breadcrumb\",\"itemListElement\":[{\"@type\":\"ListItem\",\"position\":1,\"name\":\"Ana s\u0259hif\u0259\",\"item\":\"https:\\\/\\\/www.meydan.tv\\\/az\\\/\"},{\"@type\":\"ListItem\",\"position\":2,\"name\":\"Siyas\u0259t\",\"item\":\"https:\\\/\\\/www.meydan.tv\\\/az\\\/section\\\/siyaset\\\/\"},{\"@type\":\"ListItem\",\"position\":3,\"name\":\"AB\u015e Bak\u0131 v\u0259 Yerevan aras\u0131nda dan\u0131\u015f\u0131qlarda ir\u0259lil\u0259yi\u015fin oldu\u011funu deyir\"}]},{\"@type\":\"WebSite\",\"@id\":\"https:\\\/\\\/www.meydan.tv\\\/az\\\/#website\",\"url\":\"https:\\\/\\\/www.meydan.tv\\\/az\\\/\",\"name\":\"MEYDAN.TV\",\"description\":\"Meydan TV Az\u0259rbaycan\u0131n media m\u0259kan\u0131ndak\u0131 alternativ s\u0259sidir\",\"publisher\":{\"@id\":\"https:\\\/\\\/www.meydan.tv\\\/az\\\/#organization\"},\"potentialAction\":[{\"@type\":\"SearchAction\",\"target\":{\"@type\":\"EntryPoint\",\"urlTemplate\":\"https:\\\/\\\/www.meydan.tv\\\/az\\\/?s={search_term_string}\"},\"query-input\":{\"@type\":\"PropertyValueSpecification\",\"valueRequired\":true,\"valueName\":\"search_term_string\"}}],\"inLanguage\":\"az\"},{\"@type\":\"Organization\",\"@id\":\"https:\\\/\\\/www.meydan.tv\\\/az\\\/#organization\",\"name\":\"Meydan TV\",\"url\":\"https:\\\/\\\/www.meydan.tv\\\/az\\\/\",\"logo\":{\"@type\":\"ImageObject\",\"inLanguage\":\"az\",\"@id\":\"https:\\\/\\\/www.meydan.tv\\\/az\\\/#\\\/schema\\\/logo\\\/image\\\/\",\"url\":\"https:\\\/\\\/www.meydan.tv\\\/wp-content\\\/uploads\\\/2021\\\/07\\\/meydan-logo.svg\",\"contentUrl\":\"https:\\\/\\\/www.meydan.tv\\\/wp-content\\\/uploads\\\/2021\\\/07\\\/meydan-logo.svg\",\"width\":195,\"height\":46,\"caption\":\"Meydan TV\"},\"image\":{\"@id\":\"https:\\\/\\\/www.meydan.tv\\\/az\\\/#\\\/schema\\\/logo\\\/image\\\/\"}},{\"@type\":\"Person\",\"@id\":\"https:\\\/\\\/www.meydan.tv\\\/az\\\/#\\\/schema\\\/person\\\/9cdbecf90d17180ce1dfbd95b08dcf47\",\"name\":\"elli\",\"sameAs\":[\"https:\\\/\\\/x.com\\\/elli\"]}]}<\/script>\n<!-- \/ Yoast SEO plugin. -->","yoast_head_json":{"title":"AB\u015e Bak\u0131 v\u0259 Yerevan aras\u0131nda dan\u0131\u015f\u0131qlarda ir\u0259lil\u0259yi\u015fin oldu\u011funu deyir - MEYDAN.TV","robots":{"index":"index","follow":"follow","max-snippet":"max-snippet:-1","max-image-preview":"max-image-preview:large","max-video-preview":"max-video-preview:-1"},"canonical":"https:\/\/www.meydan.tv\/az\/article\/abs-baki-ve-yerevan-arasinda-danisiqlarda-irelileyisin-oldugunu-deyir\/","og_locale":"az_AZ","og_type":"article","og_title":"AB\u015e Bak\u0131 v\u0259 Yerevan aras\u0131nda dan\u0131\u015f\u0131qlarda ir\u0259lil\u0259yi\u015fin oldu\u011funu deyir - MEYDAN.TV","og_description":"Va\u015finqton s\u00fclh dan\u0131\u015f\u0131qlar\u0131n\u0131 alq\u0131\u015flay\u0131b A\u011f Ev Erm\u0259nistan v\u0259 Az\u0259rbaycan\u0131n xarici ... Davam\u0131","og_url":"https:\/\/www.meydan.tv\/az\/article\/abs-baki-ve-yerevan-arasinda-danisiqlarda-irelileyisin-oldugunu-deyir\/","og_site_name":"MEYDAN.TV","article_published_time":"2023-05-04T08:56:52+00:00","article_modified_time":"2023-05-04T09:16:41+00:00","og_image":[{"width":1200,"height":561,"url":"https:\/\/www.meydan.tv\/wp-content\/uploads\/download-61-e1683014404623.jpg","type":"image\/jpeg"}],"author":"elli","twitter_card":"summary_large_image","twitter_creator":"@elli","schema":{"@context":"https:\/\/schema.org","@graph":[{"@type":"Article","@id":"https:\/\/www.meydan.tv\/az\/article\/abs-baki-ve-yerevan-arasinda-danisiqlarda-irelileyisin-oldugunu-deyir\/#article","isPartOf":{"@id":"https:\/\/www.meydan.tv\/az\/article\/abs-baki-ve-yerevan-arasinda-danisiqlarda-irelileyisin-oldugunu-deyir\/"},"author":{"name":"elli","@id":"https:\/\/www.meydan.tv\/az\/#\/schema\/person\/9cdbecf90d17180ce1dfbd95b08dcf47"},"headline":"AB\u015e Bak\u0131 v\u0259 Yerevan aras\u0131nda dan\u0131\u015f\u0131qlarda ir\u0259lil\u0259yi\u015fin oldu\u011funu deyir","datePublished":"2023-05-04T08:56:52+00:00","dateModified":"2023-05-04T09:16:41+00:00","mainEntityOfPage":{"@id":"https:\/\/www.meydan.tv\/az\/article\/abs-baki-ve-yerevan-arasinda-danisiqlarda-irelileyisin-oldugunu-deyir\/"},"wordCount":1018,"publisher":{"@id":"https:\/\/www.meydan.tv\/az\/#organization"},"image":{"@id":"https:\/\/www.meydan.tv\/az\/article\/abs-baki-ve-yerevan-arasinda-danisiqlarda-irelileyisin-oldugunu-deyir\/#primaryimage"},"thumbnailUrl":"https:\/\/www.meydan.tv\/wp-content\/uploads\/download-61-e1683014404623.jpg","articleSection":["Siyas\u0259t","T\u00f6vsiy\u0259","X\u0259b\u0259rl\u0259r"],"inLanguage":"az"},{"@type":"WebPage","@id":"https:\/\/www.meydan.tv\/az\/article\/abs-baki-ve-yerevan-arasinda-danisiqlarda-irelileyisin-oldugunu-deyir\/","url":"https:\/\/www.meydan.tv\/az\/article\/abs-baki-ve-yerevan-arasinda-danisiqlarda-irelileyisin-oldugunu-deyir\/","name":"AB\u015e Bak\u0131 v\u0259 Yerevan aras\u0131nda dan\u0131\u015f\u0131qlarda ir\u0259lil\u0259yi\u015fin oldu\u011funu deyir - MEYDAN.TV","isPartOf":{"@id":"https:\/\/www.meydan.tv\/az\/#website"},"primaryImageOfPage":{"@id":"https:\/\/www.meydan.tv\/az\/article\/abs-baki-ve-yerevan-arasinda-danisiqlarda-irelileyisin-oldugunu-deyir\/#primaryimage"},"image":{"@id":"https:\/\/www.meydan.tv\/az\/article\/abs-baki-ve-yerevan-arasinda-danisiqlarda-irelileyisin-oldugunu-deyir\/#primaryimage"},"thumbnailUrl":"https:\/\/www.meydan.tv\/wp-content\/uploads\/download-61-e1683014404623.jpg","datePublished":"2023-05-04T08:56:52+00:00","dateModified":"2023-05-04T09:16:41+00:00","breadcrumb":{"@id":"https:\/\/www.meydan.tv\/az\/article\/abs-baki-ve-yerevan-arasinda-danisiqlarda-irelileyisin-oldugunu-deyir\/#breadcrumb"},"inLanguage":"az","potentialAction":[{"@type":"ReadAction","target":["https:\/\/www.meydan.tv\/az\/article\/abs-baki-ve-yerevan-arasinda-danisiqlarda-irelileyisin-oldugunu-deyir\/"]}]},{"@type":"ImageObject","inLanguage":"az","@id":"https:\/\/www.meydan.tv\/az\/article\/abs-baki-ve-yerevan-arasinda-danisiqlarda-irelileyisin-oldugunu-deyir\/#primaryimage","url":"https:\/\/www.meydan.tv\/wp-content\/uploads\/download-61-e1683014404623.jpg","contentUrl":"https:\/\/www.meydan.tv\/wp-content\/uploads\/download-61-e1683014404623.jpg","width":1200,"height":561,"caption":"Foto: Twitter"},{"@type":"BreadcrumbList","@id":"https:\/\/www.meydan.tv\/az\/article\/abs-baki-ve-yerevan-arasinda-danisiqlarda-irelileyisin-oldugunu-deyir\/#breadcrumb","itemListElement":[{"@type":"ListItem","position":1,"name":"Ana s\u0259hif\u0259","item":"https:\/\/www.meydan.tv\/az\/"},{"@type":"ListItem","position":2,"name":"Siyas\u0259t","item":"https:\/\/www.meydan.tv\/az\/section\/siyaset\/"},{"@type":"ListItem","position":3,"name":"AB\u015e Bak\u0131 v\u0259 Yerevan aras\u0131nda dan\u0131\u015f\u0131qlarda ir\u0259lil\u0259yi\u015fin oldu\u011funu deyir"}]},{"@type":"WebSite","@id":"https:\/\/www.meydan.tv\/az\/#website","url":"https:\/\/www.meydan.tv\/az\/","name":"MEYDAN.TV","description":"Meydan TV Az\u0259rbaycan\u0131n media m\u0259kan\u0131ndak\u0131 alternativ s\u0259sidir","publisher":{"@id":"https:\/\/www.meydan.tv\/az\/#organization"},"potentialAction":[{"@type":"SearchAction","target":{"@type":"EntryPoint","urlTemplate":"https:\/\/www.meydan.tv\/az\/?s={search_term_string}"},"query-input":{"@type":"PropertyValueSpecification","valueRequired":true,"valueName":"search_term_string"}}],"inLanguage":"az"},{"@type":"Organization","@id":"https:\/\/www.meydan.tv\/az\/#organization","name":"Meydan TV","url":"https:\/\/www.meydan.tv\/az\/","logo":{"@type":"ImageObject","inLanguage":"az","@id":"https:\/\/www.meydan.tv\/az\/#\/schema\/logo\/image\/","url":"https:\/\/www.meydan.tv\/wp-content\/uploads\/2021\/07\/meydan-logo.svg","contentUrl":"https:\/\/www.meydan.tv\/wp-content\/uploads\/2021\/07\/meydan-logo.svg","width":195,"height":46,"caption":"Meydan TV"},"image":{"@id":"https:\/\/www.meydan.tv\/az\/#\/schema\/logo\/image\/"}},{"@type":"Person","@id":"https:\/\/www.meydan.tv\/az\/#\/schema\/person\/9cdbecf90d17180ce1dfbd95b08dcf47","name":"elli","sameAs":["https:\/\/x.com\/elli"]}]}},"_links":{"self":[{"href":"https:\/\/www.meydan.tv\/az\/wp-json\/wp\/v2\/posts\/274271","targetHints":{"allow":["GET"]}}],"collection":[{"href":"https:\/\/www.meydan.tv\/az\/wp-json\/wp\/v2\/posts"}],"about":[{"href":"https:\/\/www.meydan.tv\/az\/wp-json\/wp\/v2\/types\/post"}],"author":[{"embeddable":true,"href":"https:\/\/www.meydan.tv\/az\/wp-json\/wp\/v2\/users\/8"}],"replies":[{"embeddable":true,"href":"https:\/\/www.meydan.tv\/az\/wp-json\/wp\/v2\/comments?post=274271"}],"version-history":[{"count":3,"href":"https:\/\/www.meydan.tv\/az\/wp-json\/wp\/v2\/posts\/274271\/revisions"}],"predecessor-version":[{"id":274291,"href":"https:\/\/www.meydan.tv\/az\/wp-json\/wp\/v2\/posts\/274271\/revisions\/274291"}],"wp:featuredmedia":[{"embeddable":true,"href":"https:\/\/www.meydan.tv\/az\/wp-json\/wp\/v2\/media\/274078"}],"wp:attachment":[{"href":"https:\/\/www.meydan.tv\/az\/wp-json\/wp\/v2\/media?parent=274271"}],"wp:term":[{"taxonomy":"category","embeddable":true,"href":"https:\/\/www.meydan.tv\/az\/wp-json\/wp\/v2\/categories?post=274271"},{"taxonomy":"post_tag","embeddable":true,"href":"https:\/\/www.meydan.tv\/az\/wp-json\/wp\/v2\/tags?post=274271"}],"curies":[{"name":"wp","href":"https:\/\/api.w.org\/{rel}","templated":true}]}}