{"id":274270,"date":"2023-05-04T12:21:56","date_gmt":"2023-05-04T08:21:56","guid":{"rendered":"https:\/\/www.meydan.tv\/?p=274270"},"modified":"2023-05-04T12:22:04","modified_gmt":"2023-05-04T08:22:04","slug":"ilkin-suleymanovun-qardasi-ilkinin-basina-gelenlerden-sonra-yangin-goren-kimse-ona-yaxin-durarmi","status":"publish","type":"post","link":"https:\/\/www.meydan.tv\/az\/article\/ilkin-suleymanovun-qardasi-ilkinin-basina-gelenlerden-sonra-yangin-goren-kimse-ona-yaxin-durarmi\/","title":{"rendered":"\u0130lkin S\u00fcleymanovun qarda\u015f\u0131: \u201c\u0130lkinin ba\u015f\u0131na g\u0259l\u0259nl\u0259rd\u0259n sonra yan\u011f\u0131n g\u00f6r\u0259n kims\u0259 ona yax\u0131n durarm\u0131?\u201d"},"content":{"rendered":"\n<p><\/p>\n\n\n\n<p><strong><em>V\u0259kil Zabil Q\u0259hr\u0259manov: \u201cProkurorun \u00e7\u0131x\u0131\u015f\u0131 na\u011f\u0131l idi, sad\u0259c\u0259, g\u00f6yd\u0259n \u00fc\u00e7 alma d\u00fc\u015fm\u0259di&#8230;\u201d<\/em><\/strong><\/p>\n\n\n\n<p>G\u00fcnd\u0259min \u0259sas m\u00fczakir\u0259 m\u00f6vzular\u0131ndan biri Tovuz rayonunun Dondar Qu\u015f\u00e7u k\u0259ndind\u0259 10 ya\u015fl\u0131 N\u0259rmin Quliyevan\u0131 o\u011furlay\u0131b \u00f6ld\u00fcrm\u0259kd\u0259 ittiham olunan \u0130lkin S\u00fcleymanova prokurorun 20 il azadl\u0131qdan m\u0259hrumetm\u0259 c\u0259zas\u0131 ist\u0259m\u0259sidir.<\/p>\n\n\n\n<p><strong>\u201cH\u00fcquq-m\u00fchafiz\u0259 orqanlar\u0131 N\u0259rminin \u00f6z atas\u0131yla ba\u011fl\u0131 niy\u0259 ara\u015fd\u0131rma aparmay\u0131b?\u201d<\/strong><\/p>\n\n\n\n<p>May\u0131n 3-d\u0259 G\u0259nc\u0259 A\u011f\u0131r Cinay\u0259tl\u0259r M\u0259hk\u0259m\u0259sind\u0259 d\u00f6vl\u0259t ittiham\u0131n\u0131 m\u00fcdafi\u0259 ed\u0259n prokuror M\u00fc\u015ffiq R\u0259himovun t\u0259klif etdiyi bu c\u0259zadan h\u0259r iki t\u0259r\u0259f naraz\u0131 qal\u0131b. N\u0259rmin Quliyevan\u0131n atas\u0131 \u015e\u0259rif Quliyev deyib ki, 20 il azd\u0131r, daha a\u011f\u0131r c\u0259za verilm\u0259sini ist\u0259yir.<\/p>\n\n\n\n<p>\u0130lkin S\u00fcleymanovun qohumlar\u0131 is\u0259 \u015e\u0259rif Quliyevin \u00f6z\u00fcn\u00fc ittiham edib. Onlar hesab edir ki, h\u00fcquq-m\u00fchafiz\u0259 orqanlar\u0131 \u015e\u0259rif Quliyevin \u00f6z\u00fcyl\u0259 ba\u011fl\u0131 h\u0259rt\u0259r\u0259fli ara\u015fd\u0131rma aparmal\u0131yd\u0131lar, lakin bunu etm\u0259yibl\u0259r:<\/p>\n\n\n\n<p><em>\u201cHalbuki, ist\u0259r cinay\u0259t i\u015finin materiallar\u0131nda, ist\u0259rs\u0259 d\u0259 \u015e\u0259rif Quliyevin \u00f6z\u00fcn\u00fcn davran\u0131\u015flar\u0131nda onunla ba\u011fl\u0131 ciddi ara\u015fd\u0131rma aparma\u011fa \u0259sas ver\u0259n m\u0259qamlar kifay\u0259t q\u0259d\u0259r \u00e7oxdur. \u018fksin\u0259, \u015e\u0259rif Quliyev\u0259 g\u00fcz\u0259\u015ftl\u0259r olunub. M\u0259s\u0259l\u0259n, vaxtil\u0259 m\u00fcharib\u0259d\u0259n qa\u00e7d\u0131\u011f\u0131 halda, bu hadis\u0259d\u0259n sonra onun \u00fc\u00e7\u00fcn s\u0259n\u0259dl\u0259r d\u00fcz\u0259ldilib, ona \u201cm\u00fcharib\u0259 veteran\u0131\u201d ad\u0131 verilib. M\u00fcharib\u0259 d\u00f6vr\u00fcnd\u0259 qa\u00e7mas\u0131 haqda s\u0259n\u0259d cinay\u0259t i\u015finin materiallar\u0131nda da var. Bu g\u00fcz\u0259\u015ftl\u0259ri \u015e\u0259rif Quliyev \u00fc\u00e7\u00fcn kiml\u0259r yarad\u0131r? Onun evi t\u0259r\u0259f\u0259 m\u0259rmi d\u00fc\u015fm\u0259diyi halda, hans\u0131 \u0259sasla evi t\u0259mir olunub? Bunu kiml\u0259r el\u0259tdirib? Cinay\u0259t i\u015find\u0259 u\u015fa\u011f\u0131n g\u00fcnd\u0259liyi var, orada a\u00e7\u0131q \u015f\u0259kild\u0259 yaz\u0131b ki, atam m\u0259ni ist\u0259mir, m\u0259ni incidir. Adam bilir ki, az sonra qarda\u015f\u0131gil\u0259 ged\u0259c\u0259k, amma g\u00f6t\u00fcr\u00fcb u\u015fa\u011f\u0131 h\u0259min qarda\u015f\u0131gil\u0259 g\u00f6d\u0259k\u00e7\u0259 arxas\u0131nca g\u00f6nd\u0259rir. \u00d6z\u00fcn bir azdan ged\u0259c\u0259kdins\u0259, u\u015fa\u011f\u0131 ora g\u00f6nd\u0259rm\u0259kd\u0259 m\u0259qs\u0259d n\u0259 idi? Saatlar ke\u00e7ir, n\u0259 u\u015faq geri qay\u0131d\u0131r, n\u0259 d\u0259 g\u00f6d\u0259k\u00e7\u0259 g\u0259lir. Bunu u\u015faq maraqland\u0131rm\u0131r, qarda\u015f\u0131na qo\u015fulub ciy\u0259rax\u015fam\u0131na gedir&#8230;\u201d.<br><\/em>\u0130lkin S\u00fcleymanovun v\u0259kill\u0259ri d\u0259 h\u0259m m\u0259hk\u0259m\u0259 ara\u015fd\u0131rmas\u0131ndan, h\u0259m d\u0259 prokurorun \u00e7\u0131x\u0131\u015f\u0131ndan naraz\u0131 qal\u0131b. <\/p>\n\n\n<div class=\"wp-block-image\">\n<figure class=\"aligncenter size-full\"><img decoding=\"async\" width=\"1200\" height=\"669\" data-src=\"https:\/\/www.meydan.tv\/wp-content\/uploads\/photo-2023-05-04-11-57-36.jpg\" alt=\"\" class=\"wp-image-274272 lazyload\" src=\"data:image\/svg+xml;base64,PHN2ZyB3aWR0aD0iMSIgaGVpZ2h0PSIxIiB4bWxucz0iaHR0cDovL3d3dy53My5vcmcvMjAwMC9zdmciPjwvc3ZnPg==\" style=\"--smush-placeholder-width: 1200px; --smush-placeholder-aspect-ratio: 1200\/669;\" \/><figcaption class=\"wp-element-caption\">Zabil Q\u0259hr\u0259manov. Foto: Meydan TV<\/figcaption><\/figure>\n<\/div>\n\n\n<p>V\u0259kil Zabil Q\u0259hr\u0259manov d\u00f6vl\u0259t ittiham\u00e7\u0131s\u0131n\u0131n \u00e7\u0131x\u0131\u015f\u0131n\u0131 \u201cna\u011f\u0131l\u201d adland\u0131r\u0131b:<\/p>\n\n\n\n<p><em>\u201cD\u00f6vl\u0259t ittiham\u00e7\u0131s\u0131n\u0131n \u00e7\u0131x\u0131\u015f\u0131 na\u011f\u0131l idi, sad\u0259c\u0259, g\u00f6yd\u0259n \u00fc\u00e7 alma d\u00fc\u015fm\u0259di\u201d.<\/em><\/p>\n\n\n\n<p>Dig\u0259r v\u0259kil \u018flibaba Rzayev is\u0259 bildirib ki, i\u015f \u00fc\u00e7\u00fcn \u0259h\u0259miyy\u0259tli olan bir \u00e7ox v\u0259sat\u0259ti m\u0259hk\u0259m\u0259 t\u0259min etm\u0259di. H\u0259tta prokurorun \u00f6z \u00e7\u0131x\u0131\u015f\u0131nda istinad etdiyi s\u00fcbutlar bel\u0259, m\u0259hk\u0259m\u0259d\u0259 ara\u015fd\u0131r\u0131lmad\u0131. M\u0259hk\u0259m\u0259d\u0259 ara\u015fd\u0131rmas\u0131ndan da, prokurorun \u00e7\u0131x\u0131\u015f\u0131ndan da naraz\u0131l\u0131\u011f\u0131n\u0131 ifad\u0259 ed\u0259n v\u0259kil bildirib ki, m\u00fcdafi\u0259 nitqind\u0259 iradlar\u0131n ham\u0131s\u0131n\u0131 bir-bir hakiml\u0259rin n\u0259z\u0259rin\u0259 \u00e7atd\u0131racaqlar:<\/p>\n\n\n\n<p>\u201c<em>Bu cinay\u0259t i\u015find\u0259 o q\u0259d\u0259r saxtakarl\u0131q hallar\u0131 var ki. Bir deyil, be\u015f deyil&#8230;\u201d.<\/em><\/p>\n\n\n<div class=\"wp-block-image\">\n<figure class=\"aligncenter size-full\"><img decoding=\"async\" width=\"1200\" height=\"718\" data-src=\"https:\/\/www.meydan.tv\/wp-content\/uploads\/photo-2023-05-04-11-57-37.jpg\" alt=\"\" class=\"wp-image-274275 lazyload\" src=\"data:image\/svg+xml;base64,PHN2ZyB3aWR0aD0iMSIgaGVpZ2h0PSIxIiB4bWxucz0iaHR0cDovL3d3dy53My5vcmcvMjAwMC9zdmciPjwvc3ZnPg==\" style=\"--smush-placeholder-width: 1200px; --smush-placeholder-aspect-ratio: 1200\/718;\" \/><figcaption class=\"wp-element-caption\">\u018flibaba Rzayev. Foto: Meydan TV<\/figcaption><\/figure>\n<\/div>\n\n\n<p>\u201c<strong>Polis r\u0259isi d\u0259rhal hadis\u0259 yerini qazd\u0131r\u0131b\u201d<\/strong><\/p>\n\n\n\n<p>\u0130lkin S\u00fcleymanovun qarda\u015f\u0131 Adil S\u00fcleymanov is\u0259 deyir ki, bu m\u0259hk\u0259m\u0259 prosesind\u0259 qarda\u015f\u0131n\u0131n t\u0259qsirli olmas\u0131 yox, t\u0259qsirsizliyi s\u00fcbuta yetirildi. Onun s\u00f6zl\u0259rin\u0259 g\u00f6r\u0259, ortaya qoyulan saxtakarl\u0131q faktlar\u0131ndan sonra d\u00f6vl\u0259t ittiham\u00e7\u0131s\u0131 yen\u0259 d\u0259 \u0130lkin S\u00fcleymanova 20 il azadl\u0131qdan m\u0259hrumetm\u0259 c\u0259zas\u0131 ist\u0259yirs\u0259, bu, \u00f6lk\u0259d\u0259 \u0259dal\u0259tin olmamas\u0131, h\u00fcququn i\u015fl\u0259m\u0259m\u0259si anlam\u0131na g\u0259lir:<\/p>\n\n\n\n<p><em>\u201cProkuror \u00e7\u0131x\u0131\u015f\u0131nda meyit s\u00f6nd\u00fcr\u0259nd\u0259 \u0130lkinin telefonla \u00e7\u0259km\u0259sin\u0259 v\u0259 orada dediyi fikirl\u0259r\u0259 istinad edir. Orada \u0130lkini ittiham etm\u0259k \u00fc\u00e7\u00fcn \u0259sas ver\u0259c\u0259k birc\u0259 fikir varm\u0131? Muradgil\u0259 deyir ki, k\u0259narda dayan\u0131n, ayaq izl\u0259riniz d\u00fc\u015fm\u0259sin. O m\u0259nada ki, orada cinay\u0259tkar\u0131n ayaq izi ola bil\u0259r, itm\u0259sin. B\u0259s polis r\u0259isi neyl\u0259di? Meyiti oradan g\u00f6t\u00fcr\u0259n kimi hadis\u0259 yerini qazd\u0131r\u0131b yerl\u0259-yeksan el\u0259tdirdi. Bax\u0131n, izi itirm\u0259k ist\u0259y\u0259n kimdir?\u201d.<\/em><\/p>\n\n\n\n<p>Adil S\u00fcleymanov deyir ki, qarda\u015f\u0131n\u0131n ba\u015f\u0131na g\u0259l\u0259nl\u0259r \u00f6lk\u0259d\u0259 \u0259dal\u0259t\u0259, qanunun aliliyin\u0259 inam\u0131 \u00f6ld\u00fcrm\u0259kl\u0259 yana\u015f\u0131, v\u0259t\u0259nda\u015flar\u0131 bir-birin\u0259 yard\u0131m etm\u0259k m\u0259s\u0259l\u0259sind\u0259 d\u0259 ehtiyatl\u0131 davranma\u011fa vadar ed\u0259c\u0259k:<em><br>\u201c\u0130lkinin ba\u015f\u0131na g\u0259l\u0259nl\u0259rd\u0259n sonra yan\u011f\u0131n g\u00f6r\u0259n kims\u0259 ona yax\u0131n durarm\u0131? He\u00e7 kim \u00f6z\u00fcn\u00fc i\u015f\u0259 salmaq ist\u0259m\u0259z\u201d.<\/em><\/p>\n\n\n<div class=\"wp-block-image\">\n<figure class=\"aligncenter size-large\"><img decoding=\"async\" width=\"1095\" height=\"821\" data-src=\"https:\/\/www.meydan.tv\/wp-content\/uploads\/photo-2022-04-07-13-20-08-1095x821.jpg\" alt=\"\" class=\"wp-image-241012 lazyload\" src=\"data:image\/svg+xml;base64,PHN2ZyB3aWR0aD0iMSIgaGVpZ2h0PSIxIiB4bWxucz0iaHR0cDovL3d3dy53My5vcmcvMjAwMC9zdmciPjwvc3ZnPg==\" style=\"--smush-placeholder-width: 1095px; --smush-placeholder-aspect-ratio: 1095\/821;\" \/><figcaption class=\"wp-element-caption\">Adil S\u00fcleymanov. Foto: Meydan TV<\/figcaption><\/figure>\n<\/div>\n\n\n<p>Hadis\u0259 yerinin qaz\u0131lmas\u0131nda N\u0259rmin Quliyevan\u0131n atas\u0131 \u015e\u0259rif Quliyev d\u0259 i\u015ftirak edib. Bu bar\u0259d\u0259 m\u0259hk\u0259m\u0259d\u0259 \u015e\u0259rif Quliyev\u0259 v\u0259kill\u0259r suallar da verib v\u0259 o da t\u0259sdiql\u0259yib. Lakin o, meyit tap\u0131lan \u0259razini s\u00fcbutlar\u0131 yox etm\u0259kd\u0259n \u00f6tr\u00fc m\u0259qs\u0259dli \u015f\u0259kild\u0259 qazmad\u0131qlar\u0131n\u0131 bildirib.<\/p>\n\n\n\n<p>Prokuror azya\u015fl\u0131n\u0131 o\u011furlay\u0131b \u00f6ld\u00fcrm\u0259kd\u0259, meyiti is\u0259 yand\u0131rmaqda ittiham olunan \u0130lkin S\u00fcleymanova c\u0259zas\u0131n\u0131n ilk be\u015f ilini h\u0259bsxana rejimind\u0259 \u00e7\u0259km\u0259kl\u0259 (Qobustan h\u0259bsxanas\u0131), 20 il azadl\u0131qdan m\u0259hrumetm\u0259 c\u0259zas\u0131 k\u0259silm\u0259sini ist\u0259yib.<\/p>\n\n\n\n<p>\u0130lkin S\u00fcleymanovun i\u015fi \u00fczr\u0259 m\u0259hk\u0259m\u0259 prosesi may\u0131n 10-da v\u0259kill\u0259rin \u00e7\u0131x\u0131\u015f\u0131yla davam ed\u0259c\u0259k. Daha sonra onun \u00f6z\u00fc son s\u00f6z\u00fcn\u00fc dey\u0259c\u0259k v\u0259 ard\u0131nca h\u00f6km elan olunacaq.<\/p>\n\n\n\n<p>1973-c\u00fc il t\u0259v\u0259ll\u00fcdl\u00fc \u0130lkin S\u00fcleymanov Cinay\u0259t M\u0259c\u0259ll\u0259sinin 120.2.4 (x\u00fcsusi amans\u0131zl\u0131qla q\u0259sd\u0259n adam \u00f6ld\u00fcrm\u0259), 120.2.9 (t\u0259qsirkar \u015f\u0259xs \u00fc\u00e7\u00fcn a\u015fkar sur\u0259td\u0259 k\u00f6m\u0259ksiz v\u0259ziyy\u0259td\u0259 olan adam\u0131 q\u0259sd\u0259n \u00f6ld\u00fcrm\u0259), 133.2.1 (o\u011furlanm\u0131\u015f \u015f\u0259xs\u0259 \u0259zab verm\u0259), 133.2.4 (yetkinlik ya\u015f\u0131na \u00e7atmayan, k\u00f6m\u0259ksiz v\u0259ziyy\u0259td\u0259 olan \u015f\u0259xs\u0259 \u0259zab verm\u0259), 144-c\u00fc (adam o\u011furlu\u011fu) madd\u0259l\u0259ril\u0259 ittiham olunur.<\/p>\n\n\n\n<p>\u0130ttihama \u0259sas\u0259n, o, sinif yolda\u015f\u0131 \u015e\u0259rif Quliyevin ail\u0259si, u\u015faqlar\u0131 oldu\u011funa g\u00f6r\u0259 onu q\u0131sqan\u0131b, buna g\u00f6r\u0259 d\u0259 onun q\u0131z\u0131 N\u0259rmini \u00f6vladl\u0131\u011fa g\u00f6t\u00fcrm\u0259k m\u0259qs\u0259dil\u0259 o\u011furlay\u0131b. 47 g\u00fcn sonra is\u0259 q\u0259tl\u0259 yetir\u0259r\u0259k meyiti evl\u0259rinin yax\u0131nl\u0131\u011f\u0131nda yand\u0131r\u0131b.<\/p>\n\n\n\n<p>\u0130lkin S\u00fcleymanov is\u0259 azya\u015fl\u0131n\u0131n \u00f6l\u00fcm\u00fcn\u0259 aidiyy\u0259ti olmad\u0131\u011f\u0131n\u0131 deyir. \u0130lkin ifad\u0259sind\u0259ki etirafa g\u0259linc\u0259, o bildirib ki, 2020-ci il yanvar\u0131n 6-dan 10-na q\u0259d\u0259r Tovuz rayon Polis \u015e\u00f6b\u0259sind\u0259 i\u015fg\u0259nc\u0259y\u0259 m\u0259ruz qal\u0131b. D\u00f6rd g\u00fcn sonra i\u015fg\u0259nc\u0259l\u0259r\u0259 d\u00f6zm\u0259y\u0259r\u0259k, etiraf ifad\u0259sin\u0259 imza atma\u011fa m\u0259cbur olub.<\/p>\n\n\n\n<p>Ba\u015f Prokurorluq is\u0259 i\u015fg\u0259nc\u0259 iddialar\u0131n\u0131 t\u0259kzib edib.<\/p>\n","protected":false},"excerpt":{"rendered":"<p>V\u0259kil Zabil Q\u0259hr\u0259manov: \u201cProkurorun \u00e7\u0131x\u0131\u015f\u0131 na\u011f\u0131l idi, sad\u0259c\u0259, g\u00f6yd\u0259n \u00fc\u00e7 &#8230; <\/p>\n<p class=\"read-more-container\"><a title=\"\u0130lkin S\u00fcleymanovun qarda\u015f\u0131: \u201c\u0130lkinin ba\u015f\u0131na g\u0259l\u0259nl\u0259rd\u0259n sonra yan\u011f\u0131n g\u00f6r\u0259n kims\u0259 ona yax\u0131n durarm\u0131?\u201d\" class=\"read-more button\" href=\"https:\/\/www.meydan.tv\/az\/article\/ilkin-suleymanovun-qardasi-ilkinin-basina-gelenlerden-sonra-yangin-goren-kimse-ona-yaxin-durarmi\/#more-274270\" aria-label=\"Read more about \u0130lkin S\u00fcleymanovun qarda\u015f\u0131: \u201c\u0130lkinin ba\u015f\u0131na g\u0259l\u0259nl\u0259rd\u0259n sonra yan\u011f\u0131n g\u00f6r\u0259n kims\u0259 ona yax\u0131n durarm\u0131?\u201d\">Davam\u0131<\/a><\/p>\n","protected":false},"author":8,"featured_media":241421,"comment_status":"closed","ping_status":"closed","sticky":false,"template":"","format":"standard","meta":{"_acf_changed":false,"_sitemap_exclude":false,"_sitemap_priority":"","_sitemap_frequency":"","footnotes":""},"categories":[60,88,56],"tags":[],"class_list":["post-274270","post","type-post","status-publish","format-standard","has-post-thumbnail","hentry","category-bolge","category-redaktor-secimi","category-xeberler","infinite-scroll-item","generate-columns","tablet-grid-50","mobile-grid-100","grid-parent","grid-33","no-featured-image-padding"],"acf":[],"yoast_head":"<!-- This site is optimized with the Yoast SEO plugin v27.5 - https:\/\/yoast.com\/product\/yoast-seo-wordpress\/ -->\n<title>\u0130lkin S\u00fcleymanovun qarda\u015f\u0131: \u201c\u0130lkinin ba\u015f\u0131na g\u0259l\u0259nl\u0259rd\u0259n sonra yan\u011f\u0131n g\u00f6r\u0259n kims\u0259 ona yax\u0131n durarm\u0131?\u201d - MEYDAN.TV<\/title>\n<meta name=\"robots\" content=\"index, follow, max-snippet:-1, max-image-preview:large, max-video-preview:-1\" \/>\n<link rel=\"canonical\" href=\"https:\/\/www.meydan.tv\/az\/article\/ilkin-suleymanovun-qardasi-ilkinin-basina-gelenlerden-sonra-yangin-goren-kimse-ona-yaxin-durarmi\/\" \/>\n<meta property=\"og:locale\" content=\"az_AZ\" \/>\n<meta property=\"og:type\" content=\"article\" \/>\n<meta property=\"og:title\" content=\"\u0130lkin S\u00fcleymanovun qarda\u015f\u0131: \u201c\u0130lkinin ba\u015f\u0131na g\u0259l\u0259nl\u0259rd\u0259n sonra yan\u011f\u0131n g\u00f6r\u0259n kims\u0259 ona yax\u0131n durarm\u0131?\u201d - MEYDAN.TV\" \/>\n<meta property=\"og:description\" content=\"V\u0259kil Zabil Q\u0259hr\u0259manov: \u201cProkurorun \u00e7\u0131x\u0131\u015f\u0131 na\u011f\u0131l idi, sad\u0259c\u0259, g\u00f6yd\u0259n \u00fc\u00e7 ... Davam\u0131\" \/>\n<meta property=\"og:url\" content=\"https:\/\/www.meydan.tv\/az\/article\/ilkin-suleymanovun-qardasi-ilkinin-basina-gelenlerden-sonra-yangin-goren-kimse-ona-yaxin-durarmi\/\" \/>\n<meta property=\"og:site_name\" content=\"MEYDAN.TV\" \/>\n<meta property=\"article:published_time\" content=\"2023-05-04T08:21:56+00:00\" \/>\n<meta property=\"article:modified_time\" content=\"2023-05-04T08:22:04+00:00\" \/>\n<meta property=\"og:image\" content=\"https:\/\/www.meydan.tv\/wp-content\/uploads\/photo-2022-04-11-16-03-32-e1649879390196.jpg\" \/>\n\t<meta property=\"og:image:width\" content=\"1200\" \/>\n\t<meta property=\"og:image:height\" content=\"711\" \/>\n\t<meta property=\"og:image:type\" content=\"image\/jpeg\" \/>\n<meta name=\"author\" content=\"elli\" \/>\n<meta name=\"twitter:card\" content=\"summary_large_image\" \/>\n<meta name=\"twitter:creator\" content=\"@elli\" \/>\n<script type=\"application\/ld+json\" class=\"yoast-schema-graph\">{\"@context\":\"https:\\\/\\\/schema.org\",\"@graph\":[{\"@type\":\"Article\",\"@id\":\"https:\\\/\\\/www.meydan.tv\\\/az\\\/article\\\/ilkin-suleymanovun-qardasi-ilkinin-basina-gelenlerden-sonra-yangin-goren-kimse-ona-yaxin-durarmi\\\/#article\",\"isPartOf\":{\"@id\":\"https:\\\/\\\/www.meydan.tv\\\/az\\\/article\\\/ilkin-suleymanovun-qardasi-ilkinin-basina-gelenlerden-sonra-yangin-goren-kimse-ona-yaxin-durarmi\\\/\"},\"author\":{\"name\":\"elli\",\"@id\":\"https:\\\/\\\/www.meydan.tv\\\/az\\\/#\\\/schema\\\/person\\\/9cdbecf90d17180ce1dfbd95b08dcf47\"},\"headline\":\"\u0130lkin S\u00fcleymanovun qarda\u015f\u0131: \u201c\u0130lkinin ba\u015f\u0131na g\u0259l\u0259nl\u0259rd\u0259n sonra yan\u011f\u0131n g\u00f6r\u0259n kims\u0259 ona yax\u0131n durarm\u0131?\u201d\",\"datePublished\":\"2023-05-04T08:21:56+00:00\",\"dateModified\":\"2023-05-04T08:22:04+00:00\",\"mainEntityOfPage\":{\"@id\":\"https:\\\/\\\/www.meydan.tv\\\/az\\\/article\\\/ilkin-suleymanovun-qardasi-ilkinin-basina-gelenlerden-sonra-yangin-goren-kimse-ona-yaxin-durarmi\\\/\"},\"wordCount\":1247,\"publisher\":{\"@id\":\"https:\\\/\\\/www.meydan.tv\\\/az\\\/#organization\"},\"image\":{\"@id\":\"https:\\\/\\\/www.meydan.tv\\\/az\\\/article\\\/ilkin-suleymanovun-qardasi-ilkinin-basina-gelenlerden-sonra-yangin-goren-kimse-ona-yaxin-durarmi\\\/#primaryimage\"},\"thumbnailUrl\":\"https:\\\/\\\/www.meydan.tv\\\/wp-content\\\/uploads\\\/photo-2022-04-11-16-03-32-e1685951073914.jpg\",\"articleSection\":[\"B\u00f6lg\u0259\",\"Redaktor se\u00e7imi\",\"X\u0259b\u0259rl\u0259r\"],\"inLanguage\":\"az\"},{\"@type\":\"WebPage\",\"@id\":\"https:\\\/\\\/www.meydan.tv\\\/az\\\/article\\\/ilkin-suleymanovun-qardasi-ilkinin-basina-gelenlerden-sonra-yangin-goren-kimse-ona-yaxin-durarmi\\\/\",\"url\":\"https:\\\/\\\/www.meydan.tv\\\/az\\\/article\\\/ilkin-suleymanovun-qardasi-ilkinin-basina-gelenlerden-sonra-yangin-goren-kimse-ona-yaxin-durarmi\\\/\",\"name\":\"\u0130lkin S\u00fcleymanovun qarda\u015f\u0131: \u201c\u0130lkinin ba\u015f\u0131na g\u0259l\u0259nl\u0259rd\u0259n sonra yan\u011f\u0131n g\u00f6r\u0259n kims\u0259 ona yax\u0131n durarm\u0131?\u201d - MEYDAN.TV\",\"isPartOf\":{\"@id\":\"https:\\\/\\\/www.meydan.tv\\\/az\\\/#website\"},\"primaryImageOfPage\":{\"@id\":\"https:\\\/\\\/www.meydan.tv\\\/az\\\/article\\\/ilkin-suleymanovun-qardasi-ilkinin-basina-gelenlerden-sonra-yangin-goren-kimse-ona-yaxin-durarmi\\\/#primaryimage\"},\"image\":{\"@id\":\"https:\\\/\\\/www.meydan.tv\\\/az\\\/article\\\/ilkin-suleymanovun-qardasi-ilkinin-basina-gelenlerden-sonra-yangin-goren-kimse-ona-yaxin-durarmi\\\/#primaryimage\"},\"thumbnailUrl\":\"https:\\\/\\\/www.meydan.tv\\\/wp-content\\\/uploads\\\/photo-2022-04-11-16-03-32-e1685951073914.jpg\",\"datePublished\":\"2023-05-04T08:21:56+00:00\",\"dateModified\":\"2023-05-04T08:22:04+00:00\",\"breadcrumb\":{\"@id\":\"https:\\\/\\\/www.meydan.tv\\\/az\\\/article\\\/ilkin-suleymanovun-qardasi-ilkinin-basina-gelenlerden-sonra-yangin-goren-kimse-ona-yaxin-durarmi\\\/#breadcrumb\"},\"inLanguage\":\"az\",\"potentialAction\":[{\"@type\":\"ReadAction\",\"target\":[\"https:\\\/\\\/www.meydan.tv\\\/az\\\/article\\\/ilkin-suleymanovun-qardasi-ilkinin-basina-gelenlerden-sonra-yangin-goren-kimse-ona-yaxin-durarmi\\\/\"]}]},{\"@type\":\"ImageObject\",\"inLanguage\":\"az\",\"@id\":\"https:\\\/\\\/www.meydan.tv\\\/az\\\/article\\\/ilkin-suleymanovun-qardasi-ilkinin-basina-gelenlerden-sonra-yangin-goren-kimse-ona-yaxin-durarmi\\\/#primaryimage\",\"url\":\"https:\\\/\\\/www.meydan.tv\\\/wp-content\\\/uploads\\\/photo-2022-04-11-16-03-32-e1685951073914.jpg\",\"contentUrl\":\"https:\\\/\\\/www.meydan.tv\\\/wp-content\\\/uploads\\\/photo-2022-04-11-16-03-32-e1685951073914.jpg\",\"width\":1200,\"height\":429,\"caption\":\"\u0130lkin S\u00fcleymanov. Foto: Meydan TV\"},{\"@type\":\"BreadcrumbList\",\"@id\":\"https:\\\/\\\/www.meydan.tv\\\/az\\\/article\\\/ilkin-suleymanovun-qardasi-ilkinin-basina-gelenlerden-sonra-yangin-goren-kimse-ona-yaxin-durarmi\\\/#breadcrumb\",\"itemListElement\":[{\"@type\":\"ListItem\",\"position\":1,\"name\":\"Ana s\u0259hif\u0259\",\"item\":\"https:\\\/\\\/www.meydan.tv\\\/az\\\/\"},{\"@type\":\"ListItem\",\"position\":2,\"name\":\"B\u00f6lg\u0259\",\"item\":\"https:\\\/\\\/www.meydan.tv\\\/az\\\/section\\\/bolge\\\/\"},{\"@type\":\"ListItem\",\"position\":3,\"name\":\"\u0130lkin S\u00fcleymanovun qarda\u015f\u0131: \u201c\u0130lkinin ba\u015f\u0131na g\u0259l\u0259nl\u0259rd\u0259n sonra yan\u011f\u0131n g\u00f6r\u0259n kims\u0259 ona yax\u0131n durarm\u0131?\u201d\"}]},{\"@type\":\"WebSite\",\"@id\":\"https:\\\/\\\/www.meydan.tv\\\/az\\\/#website\",\"url\":\"https:\\\/\\\/www.meydan.tv\\\/az\\\/\",\"name\":\"MEYDAN.TV\",\"description\":\"Meydan TV Az\u0259rbaycan\u0131n media m\u0259kan\u0131ndak\u0131 alternativ s\u0259sidir\",\"publisher\":{\"@id\":\"https:\\\/\\\/www.meydan.tv\\\/az\\\/#organization\"},\"potentialAction\":[{\"@type\":\"SearchAction\",\"target\":{\"@type\":\"EntryPoint\",\"urlTemplate\":\"https:\\\/\\\/www.meydan.tv\\\/az\\\/?s={search_term_string}\"},\"query-input\":{\"@type\":\"PropertyValueSpecification\",\"valueRequired\":true,\"valueName\":\"search_term_string\"}}],\"inLanguage\":\"az\"},{\"@type\":\"Organization\",\"@id\":\"https:\\\/\\\/www.meydan.tv\\\/az\\\/#organization\",\"name\":\"Meydan TV\",\"url\":\"https:\\\/\\\/www.meydan.tv\\\/az\\\/\",\"logo\":{\"@type\":\"ImageObject\",\"inLanguage\":\"az\",\"@id\":\"https:\\\/\\\/www.meydan.tv\\\/az\\\/#\\\/schema\\\/logo\\\/image\\\/\",\"url\":\"https:\\\/\\\/www.meydan.tv\\\/wp-content\\\/uploads\\\/2021\\\/07\\\/meydan-logo.svg\",\"contentUrl\":\"https:\\\/\\\/www.meydan.tv\\\/wp-content\\\/uploads\\\/2021\\\/07\\\/meydan-logo.svg\",\"width\":195,\"height\":46,\"caption\":\"Meydan TV\"},\"image\":{\"@id\":\"https:\\\/\\\/www.meydan.tv\\\/az\\\/#\\\/schema\\\/logo\\\/image\\\/\"}},{\"@type\":\"Person\",\"@id\":\"https:\\\/\\\/www.meydan.tv\\\/az\\\/#\\\/schema\\\/person\\\/9cdbecf90d17180ce1dfbd95b08dcf47\",\"name\":\"elli\",\"sameAs\":[\"https:\\\/\\\/x.com\\\/elli\"]}]}<\/script>\n<!-- \/ Yoast SEO plugin. -->","yoast_head_json":{"title":"\u0130lkin S\u00fcleymanovun qarda\u015f\u0131: \u201c\u0130lkinin ba\u015f\u0131na g\u0259l\u0259nl\u0259rd\u0259n sonra yan\u011f\u0131n g\u00f6r\u0259n kims\u0259 ona yax\u0131n durarm\u0131?\u201d - MEYDAN.TV","robots":{"index":"index","follow":"follow","max-snippet":"max-snippet:-1","max-image-preview":"max-image-preview:large","max-video-preview":"max-video-preview:-1"},"canonical":"https:\/\/www.meydan.tv\/az\/article\/ilkin-suleymanovun-qardasi-ilkinin-basina-gelenlerden-sonra-yangin-goren-kimse-ona-yaxin-durarmi\/","og_locale":"az_AZ","og_type":"article","og_title":"\u0130lkin S\u00fcleymanovun qarda\u015f\u0131: \u201c\u0130lkinin ba\u015f\u0131na g\u0259l\u0259nl\u0259rd\u0259n sonra yan\u011f\u0131n g\u00f6r\u0259n kims\u0259 ona yax\u0131n durarm\u0131?\u201d - MEYDAN.TV","og_description":"V\u0259kil Zabil Q\u0259hr\u0259manov: \u201cProkurorun \u00e7\u0131x\u0131\u015f\u0131 na\u011f\u0131l idi, sad\u0259c\u0259, g\u00f6yd\u0259n \u00fc\u00e7 ... Davam\u0131","og_url":"https:\/\/www.meydan.tv\/az\/article\/ilkin-suleymanovun-qardasi-ilkinin-basina-gelenlerden-sonra-yangin-goren-kimse-ona-yaxin-durarmi\/","og_site_name":"MEYDAN.TV","article_published_time":"2023-05-04T08:21:56+00:00","article_modified_time":"2023-05-04T08:22:04+00:00","og_image":[{"width":1200,"height":711,"url":"https:\/\/www.meydan.tv\/wp-content\/uploads\/photo-2022-04-11-16-03-32-e1649879390196.jpg","type":"image\/jpeg"}],"author":"elli","twitter_card":"summary_large_image","twitter_creator":"@elli","schema":{"@context":"https:\/\/schema.org","@graph":[{"@type":"Article","@id":"https:\/\/www.meydan.tv\/az\/article\/ilkin-suleymanovun-qardasi-ilkinin-basina-gelenlerden-sonra-yangin-goren-kimse-ona-yaxin-durarmi\/#article","isPartOf":{"@id":"https:\/\/www.meydan.tv\/az\/article\/ilkin-suleymanovun-qardasi-ilkinin-basina-gelenlerden-sonra-yangin-goren-kimse-ona-yaxin-durarmi\/"},"author":{"name":"elli","@id":"https:\/\/www.meydan.tv\/az\/#\/schema\/person\/9cdbecf90d17180ce1dfbd95b08dcf47"},"headline":"\u0130lkin S\u00fcleymanovun qarda\u015f\u0131: \u201c\u0130lkinin ba\u015f\u0131na g\u0259l\u0259nl\u0259rd\u0259n sonra yan\u011f\u0131n g\u00f6r\u0259n kims\u0259 ona yax\u0131n durarm\u0131?\u201d","datePublished":"2023-05-04T08:21:56+00:00","dateModified":"2023-05-04T08:22:04+00:00","mainEntityOfPage":{"@id":"https:\/\/www.meydan.tv\/az\/article\/ilkin-suleymanovun-qardasi-ilkinin-basina-gelenlerden-sonra-yangin-goren-kimse-ona-yaxin-durarmi\/"},"wordCount":1247,"publisher":{"@id":"https:\/\/www.meydan.tv\/az\/#organization"},"image":{"@id":"https:\/\/www.meydan.tv\/az\/article\/ilkin-suleymanovun-qardasi-ilkinin-basina-gelenlerden-sonra-yangin-goren-kimse-ona-yaxin-durarmi\/#primaryimage"},"thumbnailUrl":"https:\/\/www.meydan.tv\/wp-content\/uploads\/photo-2022-04-11-16-03-32-e1685951073914.jpg","articleSection":["B\u00f6lg\u0259","Redaktor se\u00e7imi","X\u0259b\u0259rl\u0259r"],"inLanguage":"az"},{"@type":"WebPage","@id":"https:\/\/www.meydan.tv\/az\/article\/ilkin-suleymanovun-qardasi-ilkinin-basina-gelenlerden-sonra-yangin-goren-kimse-ona-yaxin-durarmi\/","url":"https:\/\/www.meydan.tv\/az\/article\/ilkin-suleymanovun-qardasi-ilkinin-basina-gelenlerden-sonra-yangin-goren-kimse-ona-yaxin-durarmi\/","name":"\u0130lkin S\u00fcleymanovun qarda\u015f\u0131: \u201c\u0130lkinin ba\u015f\u0131na g\u0259l\u0259nl\u0259rd\u0259n sonra yan\u011f\u0131n g\u00f6r\u0259n kims\u0259 ona yax\u0131n durarm\u0131?\u201d - MEYDAN.TV","isPartOf":{"@id":"https:\/\/www.meydan.tv\/az\/#website"},"primaryImageOfPage":{"@id":"https:\/\/www.meydan.tv\/az\/article\/ilkin-suleymanovun-qardasi-ilkinin-basina-gelenlerden-sonra-yangin-goren-kimse-ona-yaxin-durarmi\/#primaryimage"},"image":{"@id":"https:\/\/www.meydan.tv\/az\/article\/ilkin-suleymanovun-qardasi-ilkinin-basina-gelenlerden-sonra-yangin-goren-kimse-ona-yaxin-durarmi\/#primaryimage"},"thumbnailUrl":"https:\/\/www.meydan.tv\/wp-content\/uploads\/photo-2022-04-11-16-03-32-e1685951073914.jpg","datePublished":"2023-05-04T08:21:56+00:00","dateModified":"2023-05-04T08:22:04+00:00","breadcrumb":{"@id":"https:\/\/www.meydan.tv\/az\/article\/ilkin-suleymanovun-qardasi-ilkinin-basina-gelenlerden-sonra-yangin-goren-kimse-ona-yaxin-durarmi\/#breadcrumb"},"inLanguage":"az","potentialAction":[{"@type":"ReadAction","target":["https:\/\/www.meydan.tv\/az\/article\/ilkin-suleymanovun-qardasi-ilkinin-basina-gelenlerden-sonra-yangin-goren-kimse-ona-yaxin-durarmi\/"]}]},{"@type":"ImageObject","inLanguage":"az","@id":"https:\/\/www.meydan.tv\/az\/article\/ilkin-suleymanovun-qardasi-ilkinin-basina-gelenlerden-sonra-yangin-goren-kimse-ona-yaxin-durarmi\/#primaryimage","url":"https:\/\/www.meydan.tv\/wp-content\/uploads\/photo-2022-04-11-16-03-32-e1685951073914.jpg","contentUrl":"https:\/\/www.meydan.tv\/wp-content\/uploads\/photo-2022-04-11-16-03-32-e1685951073914.jpg","width":1200,"height":429,"caption":"\u0130lkin S\u00fcleymanov. Foto: Meydan TV"},{"@type":"BreadcrumbList","@id":"https:\/\/www.meydan.tv\/az\/article\/ilkin-suleymanovun-qardasi-ilkinin-basina-gelenlerden-sonra-yangin-goren-kimse-ona-yaxin-durarmi\/#breadcrumb","itemListElement":[{"@type":"ListItem","position":1,"name":"Ana s\u0259hif\u0259","item":"https:\/\/www.meydan.tv\/az\/"},{"@type":"ListItem","position":2,"name":"B\u00f6lg\u0259","item":"https:\/\/www.meydan.tv\/az\/section\/bolge\/"},{"@type":"ListItem","position":3,"name":"\u0130lkin S\u00fcleymanovun qarda\u015f\u0131: \u201c\u0130lkinin ba\u015f\u0131na g\u0259l\u0259nl\u0259rd\u0259n sonra yan\u011f\u0131n g\u00f6r\u0259n kims\u0259 ona yax\u0131n durarm\u0131?\u201d"}]},{"@type":"WebSite","@id":"https:\/\/www.meydan.tv\/az\/#website","url":"https:\/\/www.meydan.tv\/az\/","name":"MEYDAN.TV","description":"Meydan TV Az\u0259rbaycan\u0131n media m\u0259kan\u0131ndak\u0131 alternativ s\u0259sidir","publisher":{"@id":"https:\/\/www.meydan.tv\/az\/#organization"},"potentialAction":[{"@type":"SearchAction","target":{"@type":"EntryPoint","urlTemplate":"https:\/\/www.meydan.tv\/az\/?s={search_term_string}"},"query-input":{"@type":"PropertyValueSpecification","valueRequired":true,"valueName":"search_term_string"}}],"inLanguage":"az"},{"@type":"Organization","@id":"https:\/\/www.meydan.tv\/az\/#organization","name":"Meydan TV","url":"https:\/\/www.meydan.tv\/az\/","logo":{"@type":"ImageObject","inLanguage":"az","@id":"https:\/\/www.meydan.tv\/az\/#\/schema\/logo\/image\/","url":"https:\/\/www.meydan.tv\/wp-content\/uploads\/2021\/07\/meydan-logo.svg","contentUrl":"https:\/\/www.meydan.tv\/wp-content\/uploads\/2021\/07\/meydan-logo.svg","width":195,"height":46,"caption":"Meydan TV"},"image":{"@id":"https:\/\/www.meydan.tv\/az\/#\/schema\/logo\/image\/"}},{"@type":"Person","@id":"https:\/\/www.meydan.tv\/az\/#\/schema\/person\/9cdbecf90d17180ce1dfbd95b08dcf47","name":"elli","sameAs":["https:\/\/x.com\/elli"]}]}},"_links":{"self":[{"href":"https:\/\/www.meydan.tv\/az\/wp-json\/wp\/v2\/posts\/274270","targetHints":{"allow":["GET"]}}],"collection":[{"href":"https:\/\/www.meydan.tv\/az\/wp-json\/wp\/v2\/posts"}],"about":[{"href":"https:\/\/www.meydan.tv\/az\/wp-json\/wp\/v2\/types\/post"}],"author":[{"embeddable":true,"href":"https:\/\/www.meydan.tv\/az\/wp-json\/wp\/v2\/users\/8"}],"replies":[{"embeddable":true,"href":"https:\/\/www.meydan.tv\/az\/wp-json\/wp\/v2\/comments?post=274270"}],"version-history":[{"count":1,"href":"https:\/\/www.meydan.tv\/az\/wp-json\/wp\/v2\/posts\/274270\/revisions"}],"predecessor-version":[{"id":274278,"href":"https:\/\/www.meydan.tv\/az\/wp-json\/wp\/v2\/posts\/274270\/revisions\/274278"}],"wp:featuredmedia":[{"embeddable":true,"href":"https:\/\/www.meydan.tv\/az\/wp-json\/wp\/v2\/media\/241421"}],"wp:attachment":[{"href":"https:\/\/www.meydan.tv\/az\/wp-json\/wp\/v2\/media?parent=274270"}],"wp:term":[{"taxonomy":"category","embeddable":true,"href":"https:\/\/www.meydan.tv\/az\/wp-json\/wp\/v2\/categories?post=274270"},{"taxonomy":"post_tag","embeddable":true,"href":"https:\/\/www.meydan.tv\/az\/wp-json\/wp\/v2\/tags?post=274270"}],"curies":[{"name":"wp","href":"https:\/\/api.w.org\/{rel}","templated":true}]}}