{"id":274232,"date":"2023-05-03T17:41:39","date_gmt":"2023-05-03T13:41:39","guid":{"rendered":"https:\/\/www.meydan.tv\/?p=274232"},"modified":"2023-05-03T17:41:42","modified_gmt":"2023-05-03T13:41:42","slug":"nermin-isinde-prokuror-ilkin-suleymanova-20-il-hebs-cezasi-istedi","status":"publish","type":"post","link":"https:\/\/www.meydan.tv\/az\/article\/nermin-isinde-prokuror-ilkin-suleymanova-20-il-hebs-cezasi-istedi\/","title":{"rendered":"\u201cN\u0259rmin i\u015fi\u201dnd\u0259 prokuror \u0130lkin S\u00fcleymanova 20 il h\u0259bs c\u0259zas\u0131 ist\u0259di"},"content":{"rendered":"\n<p><\/p>\n\n\n\n<p><em><strong>T\u0259qsirl\u0259ndiril\u0259n \u015f\u0259xsin yax\u0131nlar\u0131 deyir ki, m\u0259hk\u0259m\u0259d\u0259 \u0130lkin S\u00fcleymanovun t\u0259qsiri yox, g\u00fcnahs\u0131z oldu\u011fu s\u00fcbuta yetirilib<\/strong><\/em><\/p>\n\n\n\n<p>Tovuz rayonunun Dondar Qu\u015f\u00e7u k\u0259ndind\u0259 10 ya\u015fl\u0131 N\u0259rmin Quliyevan\u0131n itkin d\u00fc\u015fm\u0259si, 47 g\u00fcn sonra k\u0259ndd\u0259 yand\u0131r\u0131lm\u0131\u015f meyitin tap\u0131lmas\u0131yla ba\u011fl\u0131 iki il\u0259 yax\u0131nd\u0131r G\u0259nc\u0259 A\u011f\u0131r Cinay\u0259tl\u0259r M\u0259hk\u0259m\u0259sind\u0259 davam ed\u0259n m\u0259hk\u0259m\u0259 prosesi yekunla\u015f\u0131r. <\/p>\n\n\n\n<p>May\u0131n 3-d\u0259 m\u0259hk\u0259m\u0259 istintaq\u0131 yekunla\u015f\u0131b v\u0259 prosesd\u0259 \u00e7\u0131x\u0131\u015f ed\u0259n prokuror t\u0259qsirl\u0259ndiril\u0259n \u0130lkin S\u00fcleymanova 20 il h\u0259bs c\u0259zas\u0131 verilm\u0259sini t\u0259klif edib. N\u0259rmin Quliyevan\u0131n atas\u0131 \u015e\u0259rif Quliyev buna etiraz edib v\u0259 daha a\u011f\u0131r c\u0259za verilm\u0259sini ist\u0259yib. <\/p>\n\n\n\n<p>\u0130lkin S\u00fcleymanovun yax\u0131nlar\u0131 is\u0259 \u0259ksin\u0259, onun t\u0259qsirsiz oldu\u011funu, m\u0259hk\u0259m\u0259 prosesind\u0259 d\u0259 onun g\u00fcnahs\u0131zl\u0131\u011f\u0131n\u0131n s\u00fcbuta yetdiyini bildir\u0259r\u0259k, prokurorun, el\u0259c\u0259 d\u0259 \u015e\u0259rif Quliyevin \u0259dal\u0259tsiz oldu\u011funu bildiribl\u0259r. <\/p>\n\n\n\n<p>1973-c\u00fc il t\u0259v\u0259ll\u00fcdl\u00fc \u0130lkin S\u00fcleymanov Cinay\u0259t M\u0259c\u0259ll\u0259sinin 120.2.4 (x\u00fcsusi amans\u0131zl\u0131qla q\u0259sd\u0259n adam \u00f6ld\u00fcrm\u0259), 120.2.9 (t\u0259qsirkar \u015f\u0259xs \u00fc\u00e7\u00fcn a\u015fkar sur\u0259td\u0259 k\u00f6m\u0259ksiz v\u0259ziyy\u0259td\u0259 olan adam\u0131 q\u0259sd\u0259n \u00f6ld\u00fcrm\u0259), 133.2.1 (o\u011furlanm\u0131\u015f \u015f\u0259xs\u0259 \u0259zab verm\u0259), 133.2.4 (yetkinlik ya\u015f\u0131na \u00e7atmayan, k\u00f6m\u0259ksiz v\u0259ziyy\u0259td\u0259 olan \u015f\u0259xs\u0259 \u0259zab verm\u0259), 144-c\u00fc (adam o\u011furlu\u011fu) madd\u0259l\u0259ril\u0259 ittiham olunur. \u0130ttihama \u0259sas\u0259n, o, sinif yolda\u015f\u0131 \u015e\u0259rif Quliyevin ail\u0259si, u\u015faqlar\u0131 oldu\u011funa g\u00f6r\u0259 onu q\u0131sqan\u0131b, buna g\u00f6r\u0259 d\u0259 onun q\u0131z\u0131 N\u0259rmini o\u011furlayaraq, 47 g\u00fcn sonra q\u0259tl\u0259 yetirib. \u0130lkin S\u00fcleymanov azya\u015fl\u0131n\u0131n \u00f6l\u00fcm\u00fcn\u0259 aidiyy\u0259ti olmad\u0131\u011f\u0131n\u0131 deyir. <\/p>\n\n\n\n<p>\u0130lkin ifad\u0259sind\u0259ki etirafa g\u0259linc\u0259, o bildirib ki, 2020-ci il yanvar\u0131n 6-dan 10-na q\u0259d\u0259r Tovuz rayon Polis \u015e\u00f6b\u0259sind\u0259 i\u015fg\u0259nc\u0259y\u0259 m\u0259ruz qal\u0131b. D\u00f6rd g\u00fcn sonra i\u015fg\u0259nc\u0259l\u0259r\u0259 d\u00f6zm\u0259y\u0259r\u0259k, etiraf ifad\u0259sin\u0259 imza atma\u011fa m\u0259cbur olub. <\/p>\n\n\n\n<p>Ba\u015f Prokurorluq is\u0259 i\u015fg\u0259nc\u0259 iddialar\u0131n\u0131 t\u0259kzib edib.<\/p>\n","protected":false},"excerpt":{"rendered":"<p>T\u0259qsirl\u0259ndiril\u0259n \u015f\u0259xsin yax\u0131nlar\u0131 deyir ki, m\u0259hk\u0259m\u0259d\u0259 \u0130lkin S\u00fcleymanovun t\u0259qsiri yox, &#8230; <\/p>\n<p class=\"read-more-container\"><a title=\"\u201cN\u0259rmin i\u015fi\u201dnd\u0259 prokuror \u0130lkin S\u00fcleymanova 20 il h\u0259bs c\u0259zas\u0131 ist\u0259di\" class=\"read-more button\" href=\"https:\/\/www.meydan.tv\/az\/article\/nermin-isinde-prokuror-ilkin-suleymanova-20-il-hebs-cezasi-istedi\/#more-274232\" aria-label=\"Read more about \u201cN\u0259rmin i\u015fi\u201dnd\u0259 prokuror \u0130lkin S\u00fcleymanova 20 il h\u0259bs c\u0259zas\u0131 ist\u0259di\">Davam\u0131<\/a><\/p>\n","protected":false},"author":8,"featured_media":241424,"comment_status":"closed","ping_status":"closed","sticky":false,"template":"","format":"standard","meta":{"_acf_changed":false,"_sitemap_exclude":false,"_sitemap_priority":"","_sitemap_frequency":"","footnotes":""},"categories":[60,79,56],"tags":[],"class_list":["post-274232","post","type-post","status-publish","format-standard","has-post-thumbnail","hentry","category-bolge","category-featured","category-xeberler","infinite-scroll-item","generate-columns","tablet-grid-50","mobile-grid-100","grid-parent","grid-33","no-featured-image-padding"],"acf":[],"yoast_head":"<!-- This site is optimized with the Yoast SEO plugin v27.5 - https:\/\/yoast.com\/product\/yoast-seo-wordpress\/ -->\n<title>\u201cN\u0259rmin i\u015fi\u201dnd\u0259 prokuror \u0130lkin S\u00fcleymanova 20 il h\u0259bs c\u0259zas\u0131 ist\u0259di - MEYDAN.TV<\/title>\n<meta name=\"robots\" content=\"index, follow, max-snippet:-1, max-image-preview:large, max-video-preview:-1\" \/>\n<link rel=\"canonical\" href=\"https:\/\/www.meydan.tv\/az\/article\/nermin-isinde-prokuror-ilkin-suleymanova-20-il-hebs-cezasi-istedi\/\" \/>\n<meta property=\"og:locale\" content=\"az_AZ\" \/>\n<meta property=\"og:type\" content=\"article\" \/>\n<meta property=\"og:title\" content=\"\u201cN\u0259rmin i\u015fi\u201dnd\u0259 prokuror \u0130lkin S\u00fcleymanova 20 il h\u0259bs c\u0259zas\u0131 ist\u0259di - MEYDAN.TV\" \/>\n<meta property=\"og:description\" content=\"T\u0259qsirl\u0259ndiril\u0259n \u015f\u0259xsin yax\u0131nlar\u0131 deyir ki, m\u0259hk\u0259m\u0259d\u0259 \u0130lkin S\u00fcleymanovun t\u0259qsiri yox, ... Davam\u0131\" \/>\n<meta property=\"og:url\" content=\"https:\/\/www.meydan.tv\/az\/article\/nermin-isinde-prokuror-ilkin-suleymanova-20-il-hebs-cezasi-istedi\/\" \/>\n<meta property=\"og:site_name\" content=\"MEYDAN.TV\" \/>\n<meta property=\"article:published_time\" content=\"2023-05-03T13:41:39+00:00\" \/>\n<meta property=\"article:modified_time\" content=\"2023-05-03T13:41:42+00:00\" \/>\n<meta property=\"og:image\" content=\"https:\/\/www.meydan.tv\/wp-content\/uploads\/photo-2022-04-11-16-04-01-e1649746574597.jpg\" \/>\n\t<meta property=\"og:image:width\" content=\"1200\" \/>\n\t<meta property=\"og:image:height\" content=\"711\" \/>\n\t<meta property=\"og:image:type\" content=\"image\/jpeg\" \/>\n<meta name=\"author\" content=\"elli\" \/>\n<meta name=\"twitter:card\" content=\"summary_large_image\" \/>\n<meta name=\"twitter:creator\" content=\"@elli\" \/>\n<script type=\"application\/ld+json\" class=\"yoast-schema-graph\">{\"@context\":\"https:\\\/\\\/schema.org\",\"@graph\":[{\"@type\":\"Article\",\"@id\":\"https:\\\/\\\/www.meydan.tv\\\/az\\\/article\\\/nermin-isinde-prokuror-ilkin-suleymanova-20-il-hebs-cezasi-istedi\\\/#article\",\"isPartOf\":{\"@id\":\"https:\\\/\\\/www.meydan.tv\\\/az\\\/article\\\/nermin-isinde-prokuror-ilkin-suleymanova-20-il-hebs-cezasi-istedi\\\/\"},\"author\":{\"name\":\"elli\",\"@id\":\"https:\\\/\\\/www.meydan.tv\\\/az\\\/#\\\/schema\\\/person\\\/9cdbecf90d17180ce1dfbd95b08dcf47\"},\"headline\":\"\u201cN\u0259rmin i\u015fi\u201dnd\u0259 prokuror \u0130lkin S\u00fcleymanova 20 il h\u0259bs c\u0259zas\u0131 ist\u0259di\",\"datePublished\":\"2023-05-03T13:41:39+00:00\",\"dateModified\":\"2023-05-03T13:41:42+00:00\",\"mainEntityOfPage\":{\"@id\":\"https:\\\/\\\/www.meydan.tv\\\/az\\\/article\\\/nermin-isinde-prokuror-ilkin-suleymanova-20-il-hebs-cezasi-istedi\\\/\"},\"wordCount\":387,\"publisher\":{\"@id\":\"https:\\\/\\\/www.meydan.tv\\\/az\\\/#organization\"},\"image\":{\"@id\":\"https:\\\/\\\/www.meydan.tv\\\/az\\\/article\\\/nermin-isinde-prokuror-ilkin-suleymanova-20-il-hebs-cezasi-istedi\\\/#primaryimage\"},\"thumbnailUrl\":\"https:\\\/\\\/www.meydan.tv\\\/wp-content\\\/uploads\\\/photo-2022-04-11-16-04-01-e1685950918665.jpg\",\"articleSection\":[\"B\u00f6lg\u0259\",\"T\u00f6vsiy\u0259\",\"X\u0259b\u0259rl\u0259r\"],\"inLanguage\":\"az\"},{\"@type\":\"WebPage\",\"@id\":\"https:\\\/\\\/www.meydan.tv\\\/az\\\/article\\\/nermin-isinde-prokuror-ilkin-suleymanova-20-il-hebs-cezasi-istedi\\\/\",\"url\":\"https:\\\/\\\/www.meydan.tv\\\/az\\\/article\\\/nermin-isinde-prokuror-ilkin-suleymanova-20-il-hebs-cezasi-istedi\\\/\",\"name\":\"\u201cN\u0259rmin i\u015fi\u201dnd\u0259 prokuror \u0130lkin S\u00fcleymanova 20 il h\u0259bs c\u0259zas\u0131 ist\u0259di - MEYDAN.TV\",\"isPartOf\":{\"@id\":\"https:\\\/\\\/www.meydan.tv\\\/az\\\/#website\"},\"primaryImageOfPage\":{\"@id\":\"https:\\\/\\\/www.meydan.tv\\\/az\\\/article\\\/nermin-isinde-prokuror-ilkin-suleymanova-20-il-hebs-cezasi-istedi\\\/#primaryimage\"},\"image\":{\"@id\":\"https:\\\/\\\/www.meydan.tv\\\/az\\\/article\\\/nermin-isinde-prokuror-ilkin-suleymanova-20-il-hebs-cezasi-istedi\\\/#primaryimage\"},\"thumbnailUrl\":\"https:\\\/\\\/www.meydan.tv\\\/wp-content\\\/uploads\\\/photo-2022-04-11-16-04-01-e1685950918665.jpg\",\"datePublished\":\"2023-05-03T13:41:39+00:00\",\"dateModified\":\"2023-05-03T13:41:42+00:00\",\"breadcrumb\":{\"@id\":\"https:\\\/\\\/www.meydan.tv\\\/az\\\/article\\\/nermin-isinde-prokuror-ilkin-suleymanova-20-il-hebs-cezasi-istedi\\\/#breadcrumb\"},\"inLanguage\":\"az\",\"potentialAction\":[{\"@type\":\"ReadAction\",\"target\":[\"https:\\\/\\\/www.meydan.tv\\\/az\\\/article\\\/nermin-isinde-prokuror-ilkin-suleymanova-20-il-hebs-cezasi-istedi\\\/\"]}]},{\"@type\":\"ImageObject\",\"inLanguage\":\"az\",\"@id\":\"https:\\\/\\\/www.meydan.tv\\\/az\\\/article\\\/nermin-isinde-prokuror-ilkin-suleymanova-20-il-hebs-cezasi-istedi\\\/#primaryimage\",\"url\":\"https:\\\/\\\/www.meydan.tv\\\/wp-content\\\/uploads\\\/photo-2022-04-11-16-04-01-e1685950918665.jpg\",\"contentUrl\":\"https:\\\/\\\/www.meydan.tv\\\/wp-content\\\/uploads\\\/photo-2022-04-11-16-04-01-e1685950918665.jpg\",\"width\":1200,\"height\":450,\"caption\":\"\u0130lkin S\u00fcleymanov. Foto: Meydan TV\"},{\"@type\":\"BreadcrumbList\",\"@id\":\"https:\\\/\\\/www.meydan.tv\\\/az\\\/article\\\/nermin-isinde-prokuror-ilkin-suleymanova-20-il-hebs-cezasi-istedi\\\/#breadcrumb\",\"itemListElement\":[{\"@type\":\"ListItem\",\"position\":1,\"name\":\"Ana s\u0259hif\u0259\",\"item\":\"https:\\\/\\\/www.meydan.tv\\\/az\\\/\"},{\"@type\":\"ListItem\",\"position\":2,\"name\":\"B\u00f6lg\u0259\",\"item\":\"https:\\\/\\\/www.meydan.tv\\\/az\\\/section\\\/bolge\\\/\"},{\"@type\":\"ListItem\",\"position\":3,\"name\":\"\u201cN\u0259rmin i\u015fi\u201dnd\u0259 prokuror \u0130lkin S\u00fcleymanova 20 il h\u0259bs c\u0259zas\u0131 ist\u0259di\"}]},{\"@type\":\"WebSite\",\"@id\":\"https:\\\/\\\/www.meydan.tv\\\/az\\\/#website\",\"url\":\"https:\\\/\\\/www.meydan.tv\\\/az\\\/\",\"name\":\"MEYDAN.TV\",\"description\":\"Meydan TV Az\u0259rbaycan\u0131n media m\u0259kan\u0131ndak\u0131 alternativ s\u0259sidir\",\"publisher\":{\"@id\":\"https:\\\/\\\/www.meydan.tv\\\/az\\\/#organization\"},\"potentialAction\":[{\"@type\":\"SearchAction\",\"target\":{\"@type\":\"EntryPoint\",\"urlTemplate\":\"https:\\\/\\\/www.meydan.tv\\\/az\\\/?s={search_term_string}\"},\"query-input\":{\"@type\":\"PropertyValueSpecification\",\"valueRequired\":true,\"valueName\":\"search_term_string\"}}],\"inLanguage\":\"az\"},{\"@type\":\"Organization\",\"@id\":\"https:\\\/\\\/www.meydan.tv\\\/az\\\/#organization\",\"name\":\"Meydan TV\",\"url\":\"https:\\\/\\\/www.meydan.tv\\\/az\\\/\",\"logo\":{\"@type\":\"ImageObject\",\"inLanguage\":\"az\",\"@id\":\"https:\\\/\\\/www.meydan.tv\\\/az\\\/#\\\/schema\\\/logo\\\/image\\\/\",\"url\":\"https:\\\/\\\/www.meydan.tv\\\/wp-content\\\/uploads\\\/2021\\\/07\\\/meydan-logo.svg\",\"contentUrl\":\"https:\\\/\\\/www.meydan.tv\\\/wp-content\\\/uploads\\\/2021\\\/07\\\/meydan-logo.svg\",\"width\":195,\"height\":46,\"caption\":\"Meydan TV\"},\"image\":{\"@id\":\"https:\\\/\\\/www.meydan.tv\\\/az\\\/#\\\/schema\\\/logo\\\/image\\\/\"}},{\"@type\":\"Person\",\"@id\":\"https:\\\/\\\/www.meydan.tv\\\/az\\\/#\\\/schema\\\/person\\\/9cdbecf90d17180ce1dfbd95b08dcf47\",\"name\":\"elli\",\"sameAs\":[\"https:\\\/\\\/x.com\\\/elli\"]}]}<\/script>\n<!-- \/ Yoast SEO plugin. -->","yoast_head_json":{"title":"\u201cN\u0259rmin i\u015fi\u201dnd\u0259 prokuror \u0130lkin S\u00fcleymanova 20 il h\u0259bs c\u0259zas\u0131 ist\u0259di - MEYDAN.TV","robots":{"index":"index","follow":"follow","max-snippet":"max-snippet:-1","max-image-preview":"max-image-preview:large","max-video-preview":"max-video-preview:-1"},"canonical":"https:\/\/www.meydan.tv\/az\/article\/nermin-isinde-prokuror-ilkin-suleymanova-20-il-hebs-cezasi-istedi\/","og_locale":"az_AZ","og_type":"article","og_title":"\u201cN\u0259rmin i\u015fi\u201dnd\u0259 prokuror \u0130lkin S\u00fcleymanova 20 il h\u0259bs c\u0259zas\u0131 ist\u0259di - MEYDAN.TV","og_description":"T\u0259qsirl\u0259ndiril\u0259n \u015f\u0259xsin yax\u0131nlar\u0131 deyir ki, m\u0259hk\u0259m\u0259d\u0259 \u0130lkin S\u00fcleymanovun t\u0259qsiri yox, ... Davam\u0131","og_url":"https:\/\/www.meydan.tv\/az\/article\/nermin-isinde-prokuror-ilkin-suleymanova-20-il-hebs-cezasi-istedi\/","og_site_name":"MEYDAN.TV","article_published_time":"2023-05-03T13:41:39+00:00","article_modified_time":"2023-05-03T13:41:42+00:00","og_image":[{"width":1200,"height":711,"url":"https:\/\/www.meydan.tv\/wp-content\/uploads\/photo-2022-04-11-16-04-01-e1649746574597.jpg","type":"image\/jpeg"}],"author":"elli","twitter_card":"summary_large_image","twitter_creator":"@elli","schema":{"@context":"https:\/\/schema.org","@graph":[{"@type":"Article","@id":"https:\/\/www.meydan.tv\/az\/article\/nermin-isinde-prokuror-ilkin-suleymanova-20-il-hebs-cezasi-istedi\/#article","isPartOf":{"@id":"https:\/\/www.meydan.tv\/az\/article\/nermin-isinde-prokuror-ilkin-suleymanova-20-il-hebs-cezasi-istedi\/"},"author":{"name":"elli","@id":"https:\/\/www.meydan.tv\/az\/#\/schema\/person\/9cdbecf90d17180ce1dfbd95b08dcf47"},"headline":"\u201cN\u0259rmin i\u015fi\u201dnd\u0259 prokuror \u0130lkin S\u00fcleymanova 20 il h\u0259bs c\u0259zas\u0131 ist\u0259di","datePublished":"2023-05-03T13:41:39+00:00","dateModified":"2023-05-03T13:41:42+00:00","mainEntityOfPage":{"@id":"https:\/\/www.meydan.tv\/az\/article\/nermin-isinde-prokuror-ilkin-suleymanova-20-il-hebs-cezasi-istedi\/"},"wordCount":387,"publisher":{"@id":"https:\/\/www.meydan.tv\/az\/#organization"},"image":{"@id":"https:\/\/www.meydan.tv\/az\/article\/nermin-isinde-prokuror-ilkin-suleymanova-20-il-hebs-cezasi-istedi\/#primaryimage"},"thumbnailUrl":"https:\/\/www.meydan.tv\/wp-content\/uploads\/photo-2022-04-11-16-04-01-e1685950918665.jpg","articleSection":["B\u00f6lg\u0259","T\u00f6vsiy\u0259","X\u0259b\u0259rl\u0259r"],"inLanguage":"az"},{"@type":"WebPage","@id":"https:\/\/www.meydan.tv\/az\/article\/nermin-isinde-prokuror-ilkin-suleymanova-20-il-hebs-cezasi-istedi\/","url":"https:\/\/www.meydan.tv\/az\/article\/nermin-isinde-prokuror-ilkin-suleymanova-20-il-hebs-cezasi-istedi\/","name":"\u201cN\u0259rmin i\u015fi\u201dnd\u0259 prokuror \u0130lkin S\u00fcleymanova 20 il h\u0259bs c\u0259zas\u0131 ist\u0259di - MEYDAN.TV","isPartOf":{"@id":"https:\/\/www.meydan.tv\/az\/#website"},"primaryImageOfPage":{"@id":"https:\/\/www.meydan.tv\/az\/article\/nermin-isinde-prokuror-ilkin-suleymanova-20-il-hebs-cezasi-istedi\/#primaryimage"},"image":{"@id":"https:\/\/www.meydan.tv\/az\/article\/nermin-isinde-prokuror-ilkin-suleymanova-20-il-hebs-cezasi-istedi\/#primaryimage"},"thumbnailUrl":"https:\/\/www.meydan.tv\/wp-content\/uploads\/photo-2022-04-11-16-04-01-e1685950918665.jpg","datePublished":"2023-05-03T13:41:39+00:00","dateModified":"2023-05-03T13:41:42+00:00","breadcrumb":{"@id":"https:\/\/www.meydan.tv\/az\/article\/nermin-isinde-prokuror-ilkin-suleymanova-20-il-hebs-cezasi-istedi\/#breadcrumb"},"inLanguage":"az","potentialAction":[{"@type":"ReadAction","target":["https:\/\/www.meydan.tv\/az\/article\/nermin-isinde-prokuror-ilkin-suleymanova-20-il-hebs-cezasi-istedi\/"]}]},{"@type":"ImageObject","inLanguage":"az","@id":"https:\/\/www.meydan.tv\/az\/article\/nermin-isinde-prokuror-ilkin-suleymanova-20-il-hebs-cezasi-istedi\/#primaryimage","url":"https:\/\/www.meydan.tv\/wp-content\/uploads\/photo-2022-04-11-16-04-01-e1685950918665.jpg","contentUrl":"https:\/\/www.meydan.tv\/wp-content\/uploads\/photo-2022-04-11-16-04-01-e1685950918665.jpg","width":1200,"height":450,"caption":"\u0130lkin S\u00fcleymanov. Foto: Meydan TV"},{"@type":"BreadcrumbList","@id":"https:\/\/www.meydan.tv\/az\/article\/nermin-isinde-prokuror-ilkin-suleymanova-20-il-hebs-cezasi-istedi\/#breadcrumb","itemListElement":[{"@type":"ListItem","position":1,"name":"Ana s\u0259hif\u0259","item":"https:\/\/www.meydan.tv\/az\/"},{"@type":"ListItem","position":2,"name":"B\u00f6lg\u0259","item":"https:\/\/www.meydan.tv\/az\/section\/bolge\/"},{"@type":"ListItem","position":3,"name":"\u201cN\u0259rmin i\u015fi\u201dnd\u0259 prokuror \u0130lkin S\u00fcleymanova 20 il h\u0259bs c\u0259zas\u0131 ist\u0259di"}]},{"@type":"WebSite","@id":"https:\/\/www.meydan.tv\/az\/#website","url":"https:\/\/www.meydan.tv\/az\/","name":"MEYDAN.TV","description":"Meydan TV Az\u0259rbaycan\u0131n media m\u0259kan\u0131ndak\u0131 alternativ s\u0259sidir","publisher":{"@id":"https:\/\/www.meydan.tv\/az\/#organization"},"potentialAction":[{"@type":"SearchAction","target":{"@type":"EntryPoint","urlTemplate":"https:\/\/www.meydan.tv\/az\/?s={search_term_string}"},"query-input":{"@type":"PropertyValueSpecification","valueRequired":true,"valueName":"search_term_string"}}],"inLanguage":"az"},{"@type":"Organization","@id":"https:\/\/www.meydan.tv\/az\/#organization","name":"Meydan TV","url":"https:\/\/www.meydan.tv\/az\/","logo":{"@type":"ImageObject","inLanguage":"az","@id":"https:\/\/www.meydan.tv\/az\/#\/schema\/logo\/image\/","url":"https:\/\/www.meydan.tv\/wp-content\/uploads\/2021\/07\/meydan-logo.svg","contentUrl":"https:\/\/www.meydan.tv\/wp-content\/uploads\/2021\/07\/meydan-logo.svg","width":195,"height":46,"caption":"Meydan TV"},"image":{"@id":"https:\/\/www.meydan.tv\/az\/#\/schema\/logo\/image\/"}},{"@type":"Person","@id":"https:\/\/www.meydan.tv\/az\/#\/schema\/person\/9cdbecf90d17180ce1dfbd95b08dcf47","name":"elli","sameAs":["https:\/\/x.com\/elli"]}]}},"_links":{"self":[{"href":"https:\/\/www.meydan.tv\/az\/wp-json\/wp\/v2\/posts\/274232","targetHints":{"allow":["GET"]}}],"collection":[{"href":"https:\/\/www.meydan.tv\/az\/wp-json\/wp\/v2\/posts"}],"about":[{"href":"https:\/\/www.meydan.tv\/az\/wp-json\/wp\/v2\/types\/post"}],"author":[{"embeddable":true,"href":"https:\/\/www.meydan.tv\/az\/wp-json\/wp\/v2\/users\/8"}],"replies":[{"embeddable":true,"href":"https:\/\/www.meydan.tv\/az\/wp-json\/wp\/v2\/comments?post=274232"}],"version-history":[{"count":1,"href":"https:\/\/www.meydan.tv\/az\/wp-json\/wp\/v2\/posts\/274232\/revisions"}],"predecessor-version":[{"id":274233,"href":"https:\/\/www.meydan.tv\/az\/wp-json\/wp\/v2\/posts\/274232\/revisions\/274233"}],"wp:featuredmedia":[{"embeddable":true,"href":"https:\/\/www.meydan.tv\/az\/wp-json\/wp\/v2\/media\/241424"}],"wp:attachment":[{"href":"https:\/\/www.meydan.tv\/az\/wp-json\/wp\/v2\/media?parent=274232"}],"wp:term":[{"taxonomy":"category","embeddable":true,"href":"https:\/\/www.meydan.tv\/az\/wp-json\/wp\/v2\/categories?post=274232"},{"taxonomy":"post_tag","embeddable":true,"href":"https:\/\/www.meydan.tv\/az\/wp-json\/wp\/v2\/tags?post=274232"}],"curies":[{"name":"wp","href":"https:\/\/api.w.org\/{rel}","templated":true}]}}