{"id":274158,"date":"2023-05-03T13:49:45","date_gmt":"2023-05-03T09:49:45","guid":{"rendered":"https:\/\/www.meydan.tv\/?p=274158"},"modified":"2023-05-03T13:49:49","modified_gmt":"2023-05-03T09:49:49","slug":"gulsenin-10-ay-azadliqdan-mehrum-edildiyi-bildirilir","status":"publish","type":"post","link":"https:\/\/www.meydan.tv\/az\/article\/gulsenin-10-ay-azadliqdan-mehrum-edildiyi-bildirilir\/","title":{"rendered":"G\u00fcl\u015f\u0259nin 10 ay azadl\u0131qdan m\u0259hrum edildiyi bildirilir"},"content":{"rendered":"\n<p><em><strong>M\u00fc\u011f\u0259nni dediyi fikr\u0259 g\u00f6r\u0259 m\u00fchakim\u0259 olunub<\/strong><\/em><\/p>\n\n\n\n<p>T\u00fcrkiy\u0259li m\u00fc\u011f\u0259nni G\u00fcl\u015f\u0259n\u0259 m\u0259hk\u0259m\u0259 q\u0259rar\u0131 il\u0259 h\u0259bs c\u0259zas\u0131 verildiyi deyilir.<\/p>\n\n\n\n<p>T\u00fcrkiy\u0259 m\u0259tbuat\u0131n\u0131n yazd\u0131\u011f\u0131na g\u00f6r\u0259, m\u00fc\u011f\u0259nni 10 ay m\u00fcdd\u0259tin\u0259 azadl\u0131qdan m\u0259hrum <a href=\"https:\/\/www.cnnturk.com\/magazin\/son-dakika-sarkici-gulsene-10-ay-hapis-cezasi\">edilib<\/a>.<\/p>\n\n\n\n<p>G\u00fcl\u015f\u0259n 2022-ci ilin aprelind\u0259 verdiyi konsertd\u0259 \u201c\u201d\u0130mam Hatip\u201dd\u0259 oxuyub, axmaql\u0131\u011f\u0131 buna g\u00f6r\u0259dir\u201d, \u2013 dem\u0259si \u00f6lk\u0259 g\u00fcnd\u0259mini z\u0259bt edib, ictimaiyy\u0259tin naraz\u0131l\u0131\u011f\u0131na s\u0259b\u0259b olmu\u015fdu.<\/p>\n\n\n\n<p>Buna g\u00f6r\u0259 h\u0259bs olunan m\u00fc\u011f\u0259nni daha sonra ev dustaql\u0131\u011f\u0131 q\u0259rar\u0131 il\u0259 s\u0259rb\u0259st burax\u0131lm\u0131\u015fd\u0131.<\/p>\n\n\n\n<p>G\u00fcl\u015f\u0259n \u0130stanbul C\u0259za M\u0259hk\u0259m\u0259sind\u0259 \u201cxalq\u0131 a\u00e7\u0131q-a\u015fkar kin v\u0259 d\u00fc\u015fm\u0259n\u00e7iliy\u0259 s\u00f6vq etm\u0259k\u201d (T\u00fcrk C\u0259za Qanunun 216-c\u0131 madd\u0259si) madd\u0259si il\u0259 ittiham olunurdu.<\/p>\n","protected":false},"excerpt":{"rendered":"<p>M\u00fc\u011f\u0259nni dediyi fikr\u0259 g\u00f6r\u0259 m\u00fchakim\u0259 olunub T\u00fcrkiy\u0259li m\u00fc\u011f\u0259nni G\u00fcl\u015f\u0259n\u0259 m\u0259hk\u0259m\u0259 &#8230; <\/p>\n<p class=\"read-more-container\"><a title=\"G\u00fcl\u015f\u0259nin 10 ay azadl\u0131qdan m\u0259hrum edildiyi bildirilir\" class=\"read-more button\" href=\"https:\/\/www.meydan.tv\/az\/article\/gulsenin-10-ay-azadliqdan-mehrum-edildiyi-bildirilir\/#more-274158\" aria-label=\"Read more about G\u00fcl\u015f\u0259nin 10 ay azadl\u0131qdan m\u0259hrum edildiyi bildirilir\">Davam\u0131<\/a><\/p>\n","protected":false},"author":12,"featured_media":274160,"comment_status":"closed","ping_status":"closed","sticky":false,"template":"","format":"standard","meta":{"_acf_changed":false,"_sitemap_exclude":false,"_sitemap_priority":"","_sitemap_frequency":"","footnotes":""},"categories":[52,7,56],"tags":[],"class_list":["post-274158","post","type-post","status-publish","format-standard","has-post-thumbnail","hentry","category-medeniyyet","category-uncategorized-az","category-xeberler","infinite-scroll-item","generate-columns","tablet-grid-50","mobile-grid-100","grid-parent","grid-33","no-featured-image-padding"],"acf":[],"yoast_head":"<!-- This site is optimized with the Yoast SEO plugin v27.4 - https:\/\/yoast.com\/product\/yoast-seo-wordpress\/ -->\n<title>G\u00fcl\u015f\u0259nin 10 ay azadl\u0131qdan m\u0259hrum edildiyi bildirilir - MEYDAN.TV<\/title>\n<meta name=\"robots\" content=\"index, follow, max-snippet:-1, max-image-preview:large, max-video-preview:-1\" \/>\n<link rel=\"canonical\" href=\"https:\/\/www.meydan.tv\/az\/article\/gulsenin-10-ay-azadliqdan-mehrum-edildiyi-bildirilir\/\" \/>\n<meta property=\"og:locale\" content=\"az_AZ\" \/>\n<meta property=\"og:type\" content=\"article\" \/>\n<meta property=\"og:title\" content=\"G\u00fcl\u015f\u0259nin 10 ay azadl\u0131qdan m\u0259hrum edildiyi bildirilir - MEYDAN.TV\" \/>\n<meta property=\"og:description\" content=\"M\u00fc\u011f\u0259nni dediyi fikr\u0259 g\u00f6r\u0259 m\u00fchakim\u0259 olunub T\u00fcrkiy\u0259li m\u00fc\u011f\u0259nni G\u00fcl\u015f\u0259n\u0259 m\u0259hk\u0259m\u0259 ... Davam\u0131\" \/>\n<meta property=\"og:url\" content=\"https:\/\/www.meydan.tv\/az\/article\/gulsenin-10-ay-azadliqdan-mehrum-edildiyi-bildirilir\/\" \/>\n<meta property=\"og:site_name\" content=\"MEYDAN.TV\" \/>\n<meta property=\"article:published_time\" content=\"2023-05-03T09:49:45+00:00\" \/>\n<meta property=\"article:modified_time\" content=\"2023-05-03T09:49:49+00:00\" \/>\n<meta property=\"og:image\" content=\"https:\/\/www.meydan.tv\/wp-content\/uploads\/screenshot-2023-05-03-at-10.40.00-e1683107366118-1200x423.png\" \/>\n\t<meta property=\"og:image:width\" content=\"1200\" \/>\n\t<meta property=\"og:image:height\" content=\"423\" \/>\n\t<meta property=\"og:image:type\" content=\"image\/png\" \/>\n<meta name=\"author\" content=\"aleks\" \/>\n<meta name=\"twitter:card\" content=\"summary_large_image\" \/>\n<script type=\"application\/ld+json\" class=\"yoast-schema-graph\">{\"@context\":\"https:\\\/\\\/schema.org\",\"@graph\":[{\"@type\":\"Article\",\"@id\":\"https:\\\/\\\/www.meydan.tv\\\/az\\\/article\\\/gulsenin-10-ay-azadliqdan-mehrum-edildiyi-bildirilir\\\/#article\",\"isPartOf\":{\"@id\":\"https:\\\/\\\/www.meydan.tv\\\/az\\\/article\\\/gulsenin-10-ay-azadliqdan-mehrum-edildiyi-bildirilir\\\/\"},\"author\":{\"name\":\"aleks\",\"@id\":\"https:\\\/\\\/www.meydan.tv\\\/az\\\/#\\\/schema\\\/person\\\/476e9360e593fa131d5d71d51866f8da\"},\"headline\":\"G\u00fcl\u015f\u0259nin 10 ay azadl\u0131qdan m\u0259hrum edildiyi bildirilir\",\"datePublished\":\"2023-05-03T09:49:45+00:00\",\"dateModified\":\"2023-05-03T09:49:49+00:00\",\"mainEntityOfPage\":{\"@id\":\"https:\\\/\\\/www.meydan.tv\\\/az\\\/article\\\/gulsenin-10-ay-azadliqdan-mehrum-edildiyi-bildirilir\\\/\"},\"wordCount\":154,\"publisher\":{\"@id\":\"https:\\\/\\\/www.meydan.tv\\\/az\\\/#organization\"},\"image\":{\"@id\":\"https:\\\/\\\/www.meydan.tv\\\/az\\\/article\\\/gulsenin-10-ay-azadliqdan-mehrum-edildiyi-bildirilir\\\/#primaryimage\"},\"thumbnailUrl\":\"https:\\\/\\\/www.meydan.tv\\\/wp-content\\\/uploads\\\/screenshot-2023-05-03-at-10.40.00-e1683107366118.png\",\"articleSection\":[\"M\u0259d\u0259niyy\u0259t\",\"Uncategorized @az\",\"X\u0259b\u0259rl\u0259r\"],\"inLanguage\":\"az\"},{\"@type\":\"WebPage\",\"@id\":\"https:\\\/\\\/www.meydan.tv\\\/az\\\/article\\\/gulsenin-10-ay-azadliqdan-mehrum-edildiyi-bildirilir\\\/\",\"url\":\"https:\\\/\\\/www.meydan.tv\\\/az\\\/article\\\/gulsenin-10-ay-azadliqdan-mehrum-edildiyi-bildirilir\\\/\",\"name\":\"G\u00fcl\u015f\u0259nin 10 ay azadl\u0131qdan m\u0259hrum edildiyi bildirilir - MEYDAN.TV\",\"isPartOf\":{\"@id\":\"https:\\\/\\\/www.meydan.tv\\\/az\\\/#website\"},\"primaryImageOfPage\":{\"@id\":\"https:\\\/\\\/www.meydan.tv\\\/az\\\/article\\\/gulsenin-10-ay-azadliqdan-mehrum-edildiyi-bildirilir\\\/#primaryimage\"},\"image\":{\"@id\":\"https:\\\/\\\/www.meydan.tv\\\/az\\\/article\\\/gulsenin-10-ay-azadliqdan-mehrum-edildiyi-bildirilir\\\/#primaryimage\"},\"thumbnailUrl\":\"https:\\\/\\\/www.meydan.tv\\\/wp-content\\\/uploads\\\/screenshot-2023-05-03-at-10.40.00-e1683107366118.png\",\"datePublished\":\"2023-05-03T09:49:45+00:00\",\"dateModified\":\"2023-05-03T09:49:49+00:00\",\"breadcrumb\":{\"@id\":\"https:\\\/\\\/www.meydan.tv\\\/az\\\/article\\\/gulsenin-10-ay-azadliqdan-mehrum-edildiyi-bildirilir\\\/#breadcrumb\"},\"inLanguage\":\"az\",\"potentialAction\":[{\"@type\":\"ReadAction\",\"target\":[\"https:\\\/\\\/www.meydan.tv\\\/az\\\/article\\\/gulsenin-10-ay-azadliqdan-mehrum-edildiyi-bildirilir\\\/\"]}]},{\"@type\":\"ImageObject\",\"inLanguage\":\"az\",\"@id\":\"https:\\\/\\\/www.meydan.tv\\\/az\\\/article\\\/gulsenin-10-ay-azadliqdan-mehrum-edildiyi-bildirilir\\\/#primaryimage\",\"url\":\"https:\\\/\\\/www.meydan.tv\\\/wp-content\\\/uploads\\\/screenshot-2023-05-03-at-10.40.00-e1683107366118.png\",\"contentUrl\":\"https:\\\/\\\/www.meydan.tv\\\/wp-content\\\/uploads\\\/screenshot-2023-05-03-at-10.40.00-e1683107366118.png\",\"width\":2330,\"height\":821,\"caption\":\"G\u00fcl\u015f\u0259n, Depo Photos via REUTERS\"},{\"@type\":\"BreadcrumbList\",\"@id\":\"https:\\\/\\\/www.meydan.tv\\\/az\\\/article\\\/gulsenin-10-ay-azadliqdan-mehrum-edildiyi-bildirilir\\\/#breadcrumb\",\"itemListElement\":[{\"@type\":\"ListItem\",\"position\":1,\"name\":\"Ana s\u0259hif\u0259\",\"item\":\"https:\\\/\\\/www.meydan.tv\\\/az\\\/\"},{\"@type\":\"ListItem\",\"position\":2,\"name\":\"Uncategorized @az\",\"item\":\"https:\\\/\\\/www.meydan.tv\\\/az\\\/section\\\/uncategorized-az\\\/\"},{\"@type\":\"ListItem\",\"position\":3,\"name\":\"G\u00fcl\u015f\u0259nin 10 ay azadl\u0131qdan m\u0259hrum edildiyi bildirilir\"}]},{\"@type\":\"WebSite\",\"@id\":\"https:\\\/\\\/www.meydan.tv\\\/az\\\/#website\",\"url\":\"https:\\\/\\\/www.meydan.tv\\\/az\\\/\",\"name\":\"MEYDAN.TV\",\"description\":\"Meydan TV Az\u0259rbaycan\u0131n media m\u0259kan\u0131ndak\u0131 alternativ s\u0259sidir\",\"publisher\":{\"@id\":\"https:\\\/\\\/www.meydan.tv\\\/az\\\/#organization\"},\"potentialAction\":[{\"@type\":\"SearchAction\",\"target\":{\"@type\":\"EntryPoint\",\"urlTemplate\":\"https:\\\/\\\/www.meydan.tv\\\/az\\\/?s={search_term_string}\"},\"query-input\":{\"@type\":\"PropertyValueSpecification\",\"valueRequired\":true,\"valueName\":\"search_term_string\"}}],\"inLanguage\":\"az\"},{\"@type\":\"Organization\",\"@id\":\"https:\\\/\\\/www.meydan.tv\\\/az\\\/#organization\",\"name\":\"Meydan TV\",\"url\":\"https:\\\/\\\/www.meydan.tv\\\/az\\\/\",\"logo\":{\"@type\":\"ImageObject\",\"inLanguage\":\"az\",\"@id\":\"https:\\\/\\\/www.meydan.tv\\\/az\\\/#\\\/schema\\\/logo\\\/image\\\/\",\"url\":\"https:\\\/\\\/www.meydan.tv\\\/wp-content\\\/uploads\\\/2021\\\/07\\\/meydan-logo.svg\",\"contentUrl\":\"https:\\\/\\\/www.meydan.tv\\\/wp-content\\\/uploads\\\/2021\\\/07\\\/meydan-logo.svg\",\"width\":195,\"height\":46,\"caption\":\"Meydan TV\"},\"image\":{\"@id\":\"https:\\\/\\\/www.meydan.tv\\\/az\\\/#\\\/schema\\\/logo\\\/image\\\/\"}},{\"@type\":\"Person\",\"@id\":\"https:\\\/\\\/www.meydan.tv\\\/az\\\/#\\\/schema\\\/person\\\/476e9360e593fa131d5d71d51866f8da\",\"name\":\"aleks\"}]}<\/script>\n<!-- \/ Yoast SEO plugin. -->","yoast_head_json":{"title":"G\u00fcl\u015f\u0259nin 10 ay azadl\u0131qdan m\u0259hrum edildiyi bildirilir - MEYDAN.TV","robots":{"index":"index","follow":"follow","max-snippet":"max-snippet:-1","max-image-preview":"max-image-preview:large","max-video-preview":"max-video-preview:-1"},"canonical":"https:\/\/www.meydan.tv\/az\/article\/gulsenin-10-ay-azadliqdan-mehrum-edildiyi-bildirilir\/","og_locale":"az_AZ","og_type":"article","og_title":"G\u00fcl\u015f\u0259nin 10 ay azadl\u0131qdan m\u0259hrum edildiyi bildirilir - MEYDAN.TV","og_description":"M\u00fc\u011f\u0259nni dediyi fikr\u0259 g\u00f6r\u0259 m\u00fchakim\u0259 olunub T\u00fcrkiy\u0259li m\u00fc\u011f\u0259nni G\u00fcl\u015f\u0259n\u0259 m\u0259hk\u0259m\u0259 ... Davam\u0131","og_url":"https:\/\/www.meydan.tv\/az\/article\/gulsenin-10-ay-azadliqdan-mehrum-edildiyi-bildirilir\/","og_site_name":"MEYDAN.TV","article_published_time":"2023-05-03T09:49:45+00:00","article_modified_time":"2023-05-03T09:49:49+00:00","og_image":[{"width":1200,"height":423,"url":"https:\/\/www.meydan.tv\/wp-content\/uploads\/screenshot-2023-05-03-at-10.40.00-e1683107366118-1200x423.png","type":"image\/png"}],"author":"aleks","twitter_card":"summary_large_image","schema":{"@context":"https:\/\/schema.org","@graph":[{"@type":"Article","@id":"https:\/\/www.meydan.tv\/az\/article\/gulsenin-10-ay-azadliqdan-mehrum-edildiyi-bildirilir\/#article","isPartOf":{"@id":"https:\/\/www.meydan.tv\/az\/article\/gulsenin-10-ay-azadliqdan-mehrum-edildiyi-bildirilir\/"},"author":{"name":"aleks","@id":"https:\/\/www.meydan.tv\/az\/#\/schema\/person\/476e9360e593fa131d5d71d51866f8da"},"headline":"G\u00fcl\u015f\u0259nin 10 ay azadl\u0131qdan m\u0259hrum edildiyi bildirilir","datePublished":"2023-05-03T09:49:45+00:00","dateModified":"2023-05-03T09:49:49+00:00","mainEntityOfPage":{"@id":"https:\/\/www.meydan.tv\/az\/article\/gulsenin-10-ay-azadliqdan-mehrum-edildiyi-bildirilir\/"},"wordCount":154,"publisher":{"@id":"https:\/\/www.meydan.tv\/az\/#organization"},"image":{"@id":"https:\/\/www.meydan.tv\/az\/article\/gulsenin-10-ay-azadliqdan-mehrum-edildiyi-bildirilir\/#primaryimage"},"thumbnailUrl":"https:\/\/www.meydan.tv\/wp-content\/uploads\/screenshot-2023-05-03-at-10.40.00-e1683107366118.png","articleSection":["M\u0259d\u0259niyy\u0259t","Uncategorized @az","X\u0259b\u0259rl\u0259r"],"inLanguage":"az"},{"@type":"WebPage","@id":"https:\/\/www.meydan.tv\/az\/article\/gulsenin-10-ay-azadliqdan-mehrum-edildiyi-bildirilir\/","url":"https:\/\/www.meydan.tv\/az\/article\/gulsenin-10-ay-azadliqdan-mehrum-edildiyi-bildirilir\/","name":"G\u00fcl\u015f\u0259nin 10 ay azadl\u0131qdan m\u0259hrum edildiyi bildirilir - MEYDAN.TV","isPartOf":{"@id":"https:\/\/www.meydan.tv\/az\/#website"},"primaryImageOfPage":{"@id":"https:\/\/www.meydan.tv\/az\/article\/gulsenin-10-ay-azadliqdan-mehrum-edildiyi-bildirilir\/#primaryimage"},"image":{"@id":"https:\/\/www.meydan.tv\/az\/article\/gulsenin-10-ay-azadliqdan-mehrum-edildiyi-bildirilir\/#primaryimage"},"thumbnailUrl":"https:\/\/www.meydan.tv\/wp-content\/uploads\/screenshot-2023-05-03-at-10.40.00-e1683107366118.png","datePublished":"2023-05-03T09:49:45+00:00","dateModified":"2023-05-03T09:49:49+00:00","breadcrumb":{"@id":"https:\/\/www.meydan.tv\/az\/article\/gulsenin-10-ay-azadliqdan-mehrum-edildiyi-bildirilir\/#breadcrumb"},"inLanguage":"az","potentialAction":[{"@type":"ReadAction","target":["https:\/\/www.meydan.tv\/az\/article\/gulsenin-10-ay-azadliqdan-mehrum-edildiyi-bildirilir\/"]}]},{"@type":"ImageObject","inLanguage":"az","@id":"https:\/\/www.meydan.tv\/az\/article\/gulsenin-10-ay-azadliqdan-mehrum-edildiyi-bildirilir\/#primaryimage","url":"https:\/\/www.meydan.tv\/wp-content\/uploads\/screenshot-2023-05-03-at-10.40.00-e1683107366118.png","contentUrl":"https:\/\/www.meydan.tv\/wp-content\/uploads\/screenshot-2023-05-03-at-10.40.00-e1683107366118.png","width":2330,"height":821,"caption":"G\u00fcl\u015f\u0259n, Depo Photos via REUTERS"},{"@type":"BreadcrumbList","@id":"https:\/\/www.meydan.tv\/az\/article\/gulsenin-10-ay-azadliqdan-mehrum-edildiyi-bildirilir\/#breadcrumb","itemListElement":[{"@type":"ListItem","position":1,"name":"Ana s\u0259hif\u0259","item":"https:\/\/www.meydan.tv\/az\/"},{"@type":"ListItem","position":2,"name":"Uncategorized @az","item":"https:\/\/www.meydan.tv\/az\/section\/uncategorized-az\/"},{"@type":"ListItem","position":3,"name":"G\u00fcl\u015f\u0259nin 10 ay azadl\u0131qdan m\u0259hrum edildiyi bildirilir"}]},{"@type":"WebSite","@id":"https:\/\/www.meydan.tv\/az\/#website","url":"https:\/\/www.meydan.tv\/az\/","name":"MEYDAN.TV","description":"Meydan TV Az\u0259rbaycan\u0131n media m\u0259kan\u0131ndak\u0131 alternativ s\u0259sidir","publisher":{"@id":"https:\/\/www.meydan.tv\/az\/#organization"},"potentialAction":[{"@type":"SearchAction","target":{"@type":"EntryPoint","urlTemplate":"https:\/\/www.meydan.tv\/az\/?s={search_term_string}"},"query-input":{"@type":"PropertyValueSpecification","valueRequired":true,"valueName":"search_term_string"}}],"inLanguage":"az"},{"@type":"Organization","@id":"https:\/\/www.meydan.tv\/az\/#organization","name":"Meydan TV","url":"https:\/\/www.meydan.tv\/az\/","logo":{"@type":"ImageObject","inLanguage":"az","@id":"https:\/\/www.meydan.tv\/az\/#\/schema\/logo\/image\/","url":"https:\/\/www.meydan.tv\/wp-content\/uploads\/2021\/07\/meydan-logo.svg","contentUrl":"https:\/\/www.meydan.tv\/wp-content\/uploads\/2021\/07\/meydan-logo.svg","width":195,"height":46,"caption":"Meydan TV"},"image":{"@id":"https:\/\/www.meydan.tv\/az\/#\/schema\/logo\/image\/"}},{"@type":"Person","@id":"https:\/\/www.meydan.tv\/az\/#\/schema\/person\/476e9360e593fa131d5d71d51866f8da","name":"aleks"}]}},"_links":{"self":[{"href":"https:\/\/www.meydan.tv\/az\/wp-json\/wp\/v2\/posts\/274158","targetHints":{"allow":["GET"]}}],"collection":[{"href":"https:\/\/www.meydan.tv\/az\/wp-json\/wp\/v2\/posts"}],"about":[{"href":"https:\/\/www.meydan.tv\/az\/wp-json\/wp\/v2\/types\/post"}],"author":[{"embeddable":true,"href":"https:\/\/www.meydan.tv\/az\/wp-json\/wp\/v2\/users\/12"}],"replies":[{"embeddable":true,"href":"https:\/\/www.meydan.tv\/az\/wp-json\/wp\/v2\/comments?post=274158"}],"version-history":[{"count":2,"href":"https:\/\/www.meydan.tv\/az\/wp-json\/wp\/v2\/posts\/274158\/revisions"}],"predecessor-version":[{"id":274169,"href":"https:\/\/www.meydan.tv\/az\/wp-json\/wp\/v2\/posts\/274158\/revisions\/274169"}],"wp:featuredmedia":[{"embeddable":true,"href":"https:\/\/www.meydan.tv\/az\/wp-json\/wp\/v2\/media\/274160"}],"wp:attachment":[{"href":"https:\/\/www.meydan.tv\/az\/wp-json\/wp\/v2\/media?parent=274158"}],"wp:term":[{"taxonomy":"category","embeddable":true,"href":"https:\/\/www.meydan.tv\/az\/wp-json\/wp\/v2\/categories?post=274158"},{"taxonomy":"post_tag","embeddable":true,"href":"https:\/\/www.meydan.tv\/az\/wp-json\/wp\/v2\/tags?post=274158"}],"curies":[{"name":"wp","href":"https:\/\/api.w.org\/{rel}","templated":true}]}}