{"id":274114,"date":"2023-05-02T16:13:09","date_gmt":"2023-05-02T12:13:09","guid":{"rendered":"https:\/\/www.meydan.tv\/?p=274114"},"modified":"2023-05-02T16:26:45","modified_gmt":"2023-05-02T12:26:45","slug":"valentin-yudaskin-vefat-edib","status":"publish","type":"post","link":"https:\/\/www.meydan.tv\/az\/article\/valentin-yudaskin-vefat-edib\/","title":{"rendered":"Valentin Yuda\u015fkin v\u0259fat edib"},"content":{"rendered":"\n<p><\/p>\n\n\n\n<p><em><strong>Modelyer x\u0259r\u00e7\u0259ng x\u0259st\u0259liyind\u0259n \u0259ziyy\u0259t \u00e7\u0259kirdi<\/strong><\/em><br><\/p>\n\n\n\n<p>Rusiyan\u0131n Xalq r\u0259ssam\u0131 v\u0259 \u018fm\u0259kdar inc\u0259s\u0259n\u0259t xadimi, modelyer Valentin Yuda\u015fkin 59 ya\u015f\u0131nda v\u0259fat edib.<\/p>\n\n\n\n<p>Bu bar\u0259d\u0259 Rusiyan\u0131n \u201cBirinci Kanal\u201d\u0131 m\u0259lumat <a href=\"https:\/\/www.1tv.ru\/news\/2023-05-02\/452236-umer_modelier_valentin_yudashkin\" target=\"_blank\" rel=\"noreferrer noopener\">yay\u0131b<\/a>.<br><em><br>\u201cD\u00fcnya miqyas\u0131nda n\u00fcfuzu olan modelyerin geyim n\u00fcmayi\u015fl\u0259ri h\u0259mi\u015f\u0259 moda d\u00fcnyas\u0131nda m\u00f6ht\u0259\u015f\u0259m hadis\u0259y\u0259 \u00e7evrilib\u201d,<\/em> &#8211; kanal\u0131n sayt\u0131nda qeyd olunub.<\/p>\n\n\n\n<p>Valentin Yuda\u015fkin\u0259 2016-c\u0131 ild\u0259 x\u0259r\u00e7\u0259ng diaqnozu qoyulub.<\/p>\n\n\n\n<p>Modelyer 1963-c\u00fc il oktyabr\u0131n 14-d\u0259 Moskva vilay\u0259tinin Bakovka k\u0259ndind\u0259 y\u0259hudi ail\u0259sind\u0259 do\u011fulub.<br>2012-ci il fevral\u0131n 6-da Yuda\u015fkin r\u0259smi olaraq Prezident Vladimir Putinin etibarl\u0131 adam\u0131 kimi qeyd\u0259 al\u0131n\u0131b.&nbsp;<\/p>\n","protected":false},"excerpt":{"rendered":"<p>Modelyer x\u0259r\u00e7\u0259ng x\u0259st\u0259liyind\u0259n \u0259ziyy\u0259t \u00e7\u0259kirdi Rusiyan\u0131n Xalq r\u0259ssam\u0131 v\u0259 \u018fm\u0259kdar &#8230; <\/p>\n<p class=\"read-more-container\"><a title=\"Valentin Yuda\u015fkin v\u0259fat edib\" class=\"read-more button\" href=\"https:\/\/www.meydan.tv\/az\/article\/valentin-yudaskin-vefat-edib\/#more-274114\" aria-label=\"Read more about Valentin Yuda\u015fkin v\u0259fat edib\">Davam\u0131<\/a><\/p>\n","protected":false},"author":8,"featured_media":274124,"comment_status":"closed","ping_status":"closed","sticky":false,"template":"","format":"standard","meta":{"_acf_changed":false,"_sitemap_exclude":false,"_sitemap_priority":"","_sitemap_frequency":"","footnotes":""},"categories":[52,56],"tags":[],"class_list":["post-274114","post","type-post","status-publish","format-standard","has-post-thumbnail","hentry","category-medeniyyet","category-xeberler","infinite-scroll-item","generate-columns","tablet-grid-50","mobile-grid-100","grid-parent","grid-33","no-featured-image-padding"],"acf":[],"yoast_head":"<!-- This site is optimized with the Yoast SEO plugin v27.4 - https:\/\/yoast.com\/product\/yoast-seo-wordpress\/ -->\n<title>Valentin Yuda\u015fkin v\u0259fat edib - MEYDAN.TV<\/title>\n<meta name=\"robots\" content=\"index, follow, max-snippet:-1, max-image-preview:large, max-video-preview:-1\" \/>\n<link rel=\"canonical\" href=\"https:\/\/www.meydan.tv\/az\/article\/valentin-yudaskin-vefat-edib\/\" \/>\n<meta property=\"og:locale\" content=\"az_AZ\" \/>\n<meta property=\"og:type\" content=\"article\" \/>\n<meta property=\"og:title\" content=\"Valentin Yuda\u015fkin v\u0259fat edib - MEYDAN.TV\" \/>\n<meta property=\"og:description\" content=\"Modelyer x\u0259r\u00e7\u0259ng x\u0259st\u0259liyind\u0259n \u0259ziyy\u0259t \u00e7\u0259kirdi Rusiyan\u0131n Xalq r\u0259ssam\u0131 v\u0259 \u018fm\u0259kdar ... Davam\u0131\" \/>\n<meta property=\"og:url\" content=\"https:\/\/www.meydan.tv\/az\/article\/valentin-yudaskin-vefat-edib\/\" \/>\n<meta property=\"og:site_name\" content=\"MEYDAN.TV\" \/>\n<meta property=\"article:published_time\" content=\"2023-05-02T12:13:09+00:00\" \/>\n<meta property=\"article:modified_time\" content=\"2023-05-02T12:26:45+00:00\" \/>\n<meta property=\"og:image\" content=\"https:\/\/www.meydan.tv\/wp-content\/uploads\/untitled-design-11-13-e1683030391614.jpg\" \/>\n\t<meta property=\"og:image:width\" content=\"1200\" \/>\n\t<meta property=\"og:image:height\" content=\"618\" \/>\n\t<meta property=\"og:image:type\" content=\"image\/jpeg\" \/>\n<meta name=\"author\" content=\"elli\" \/>\n<meta name=\"twitter:card\" content=\"summary_large_image\" \/>\n<meta name=\"twitter:creator\" content=\"@elli\" \/>\n<script type=\"application\/ld+json\" class=\"yoast-schema-graph\">{\"@context\":\"https:\\\/\\\/schema.org\",\"@graph\":[{\"@type\":\"Article\",\"@id\":\"https:\\\/\\\/www.meydan.tv\\\/az\\\/article\\\/valentin-yudaskin-vefat-edib\\\/#article\",\"isPartOf\":{\"@id\":\"https:\\\/\\\/www.meydan.tv\\\/az\\\/article\\\/valentin-yudaskin-vefat-edib\\\/\"},\"author\":{\"name\":\"elli\",\"@id\":\"https:\\\/\\\/www.meydan.tv\\\/az\\\/#\\\/schema\\\/person\\\/9cdbecf90d17180ce1dfbd95b08dcf47\"},\"headline\":\"Valentin Yuda\u015fkin v\u0259fat edib\",\"datePublished\":\"2023-05-02T12:13:09+00:00\",\"dateModified\":\"2023-05-02T12:26:45+00:00\",\"mainEntityOfPage\":{\"@id\":\"https:\\\/\\\/www.meydan.tv\\\/az\\\/article\\\/valentin-yudaskin-vefat-edib\\\/\"},\"wordCount\":131,\"publisher\":{\"@id\":\"https:\\\/\\\/www.meydan.tv\\\/az\\\/#organization\"},\"image\":{\"@id\":\"https:\\\/\\\/www.meydan.tv\\\/az\\\/article\\\/valentin-yudaskin-vefat-edib\\\/#primaryimage\"},\"thumbnailUrl\":\"https:\\\/\\\/www.meydan.tv\\\/wp-content\\\/uploads\\\/untitled-design-11-13-e1683030391614.jpg\",\"articleSection\":[\"M\u0259d\u0259niyy\u0259t\",\"X\u0259b\u0259rl\u0259r\"],\"inLanguage\":\"az\"},{\"@type\":\"WebPage\",\"@id\":\"https:\\\/\\\/www.meydan.tv\\\/az\\\/article\\\/valentin-yudaskin-vefat-edib\\\/\",\"url\":\"https:\\\/\\\/www.meydan.tv\\\/az\\\/article\\\/valentin-yudaskin-vefat-edib\\\/\",\"name\":\"Valentin Yuda\u015fkin v\u0259fat edib - MEYDAN.TV\",\"isPartOf\":{\"@id\":\"https:\\\/\\\/www.meydan.tv\\\/az\\\/#website\"},\"primaryImageOfPage\":{\"@id\":\"https:\\\/\\\/www.meydan.tv\\\/az\\\/article\\\/valentin-yudaskin-vefat-edib\\\/#primaryimage\"},\"image\":{\"@id\":\"https:\\\/\\\/www.meydan.tv\\\/az\\\/article\\\/valentin-yudaskin-vefat-edib\\\/#primaryimage\"},\"thumbnailUrl\":\"https:\\\/\\\/www.meydan.tv\\\/wp-content\\\/uploads\\\/untitled-design-11-13-e1683030391614.jpg\",\"datePublished\":\"2023-05-02T12:13:09+00:00\",\"dateModified\":\"2023-05-02T12:26:45+00:00\",\"breadcrumb\":{\"@id\":\"https:\\\/\\\/www.meydan.tv\\\/az\\\/article\\\/valentin-yudaskin-vefat-edib\\\/#breadcrumb\"},\"inLanguage\":\"az\",\"potentialAction\":[{\"@type\":\"ReadAction\",\"target\":[\"https:\\\/\\\/www.meydan.tv\\\/az\\\/article\\\/valentin-yudaskin-vefat-edib\\\/\"]}]},{\"@type\":\"ImageObject\",\"inLanguage\":\"az\",\"@id\":\"https:\\\/\\\/www.meydan.tv\\\/az\\\/article\\\/valentin-yudaskin-vefat-edib\\\/#primaryimage\",\"url\":\"https:\\\/\\\/www.meydan.tv\\\/wp-content\\\/uploads\\\/untitled-design-11-13-e1683030391614.jpg\",\"contentUrl\":\"https:\\\/\\\/www.meydan.tv\\\/wp-content\\\/uploads\\\/untitled-design-11-13-e1683030391614.jpg\",\"width\":1200,\"height\":618,\"caption\":\"Valentin Yuda\u015fkin. Foto: screenshot Life.\"},{\"@type\":\"BreadcrumbList\",\"@id\":\"https:\\\/\\\/www.meydan.tv\\\/az\\\/article\\\/valentin-yudaskin-vefat-edib\\\/#breadcrumb\",\"itemListElement\":[{\"@type\":\"ListItem\",\"position\":1,\"name\":\"Ana s\u0259hif\u0259\",\"item\":\"https:\\\/\\\/www.meydan.tv\\\/az\\\/\"},{\"@type\":\"ListItem\",\"position\":2,\"name\":\"M\u0259d\u0259niyy\u0259t\",\"item\":\"https:\\\/\\\/www.meydan.tv\\\/az\\\/section\\\/medeniyyet\\\/\"},{\"@type\":\"ListItem\",\"position\":3,\"name\":\"Valentin Yuda\u015fkin v\u0259fat edib\"}]},{\"@type\":\"WebSite\",\"@id\":\"https:\\\/\\\/www.meydan.tv\\\/az\\\/#website\",\"url\":\"https:\\\/\\\/www.meydan.tv\\\/az\\\/\",\"name\":\"MEYDAN.TV\",\"description\":\"Meydan TV Az\u0259rbaycan\u0131n media m\u0259kan\u0131ndak\u0131 alternativ s\u0259sidir\",\"publisher\":{\"@id\":\"https:\\\/\\\/www.meydan.tv\\\/az\\\/#organization\"},\"potentialAction\":[{\"@type\":\"SearchAction\",\"target\":{\"@type\":\"EntryPoint\",\"urlTemplate\":\"https:\\\/\\\/www.meydan.tv\\\/az\\\/?s={search_term_string}\"},\"query-input\":{\"@type\":\"PropertyValueSpecification\",\"valueRequired\":true,\"valueName\":\"search_term_string\"}}],\"inLanguage\":\"az\"},{\"@type\":\"Organization\",\"@id\":\"https:\\\/\\\/www.meydan.tv\\\/az\\\/#organization\",\"name\":\"Meydan TV\",\"url\":\"https:\\\/\\\/www.meydan.tv\\\/az\\\/\",\"logo\":{\"@type\":\"ImageObject\",\"inLanguage\":\"az\",\"@id\":\"https:\\\/\\\/www.meydan.tv\\\/az\\\/#\\\/schema\\\/logo\\\/image\\\/\",\"url\":\"https:\\\/\\\/www.meydan.tv\\\/wp-content\\\/uploads\\\/2021\\\/07\\\/meydan-logo.svg\",\"contentUrl\":\"https:\\\/\\\/www.meydan.tv\\\/wp-content\\\/uploads\\\/2021\\\/07\\\/meydan-logo.svg\",\"width\":195,\"height\":46,\"caption\":\"Meydan TV\"},\"image\":{\"@id\":\"https:\\\/\\\/www.meydan.tv\\\/az\\\/#\\\/schema\\\/logo\\\/image\\\/\"}},{\"@type\":\"Person\",\"@id\":\"https:\\\/\\\/www.meydan.tv\\\/az\\\/#\\\/schema\\\/person\\\/9cdbecf90d17180ce1dfbd95b08dcf47\",\"name\":\"elli\",\"sameAs\":[\"https:\\\/\\\/x.com\\\/elli\"]}]}<\/script>\n<!-- \/ Yoast SEO plugin. -->","yoast_head_json":{"title":"Valentin Yuda\u015fkin v\u0259fat edib - MEYDAN.TV","robots":{"index":"index","follow":"follow","max-snippet":"max-snippet:-1","max-image-preview":"max-image-preview:large","max-video-preview":"max-video-preview:-1"},"canonical":"https:\/\/www.meydan.tv\/az\/article\/valentin-yudaskin-vefat-edib\/","og_locale":"az_AZ","og_type":"article","og_title":"Valentin Yuda\u015fkin v\u0259fat edib - MEYDAN.TV","og_description":"Modelyer x\u0259r\u00e7\u0259ng x\u0259st\u0259liyind\u0259n \u0259ziyy\u0259t \u00e7\u0259kirdi Rusiyan\u0131n Xalq r\u0259ssam\u0131 v\u0259 \u018fm\u0259kdar ... Davam\u0131","og_url":"https:\/\/www.meydan.tv\/az\/article\/valentin-yudaskin-vefat-edib\/","og_site_name":"MEYDAN.TV","article_published_time":"2023-05-02T12:13:09+00:00","article_modified_time":"2023-05-02T12:26:45+00:00","og_image":[{"width":1200,"height":618,"url":"https:\/\/www.meydan.tv\/wp-content\/uploads\/untitled-design-11-13-e1683030391614.jpg","type":"image\/jpeg"}],"author":"elli","twitter_card":"summary_large_image","twitter_creator":"@elli","schema":{"@context":"https:\/\/schema.org","@graph":[{"@type":"Article","@id":"https:\/\/www.meydan.tv\/az\/article\/valentin-yudaskin-vefat-edib\/#article","isPartOf":{"@id":"https:\/\/www.meydan.tv\/az\/article\/valentin-yudaskin-vefat-edib\/"},"author":{"name":"elli","@id":"https:\/\/www.meydan.tv\/az\/#\/schema\/person\/9cdbecf90d17180ce1dfbd95b08dcf47"},"headline":"Valentin Yuda\u015fkin v\u0259fat edib","datePublished":"2023-05-02T12:13:09+00:00","dateModified":"2023-05-02T12:26:45+00:00","mainEntityOfPage":{"@id":"https:\/\/www.meydan.tv\/az\/article\/valentin-yudaskin-vefat-edib\/"},"wordCount":131,"publisher":{"@id":"https:\/\/www.meydan.tv\/az\/#organization"},"image":{"@id":"https:\/\/www.meydan.tv\/az\/article\/valentin-yudaskin-vefat-edib\/#primaryimage"},"thumbnailUrl":"https:\/\/www.meydan.tv\/wp-content\/uploads\/untitled-design-11-13-e1683030391614.jpg","articleSection":["M\u0259d\u0259niyy\u0259t","X\u0259b\u0259rl\u0259r"],"inLanguage":"az"},{"@type":"WebPage","@id":"https:\/\/www.meydan.tv\/az\/article\/valentin-yudaskin-vefat-edib\/","url":"https:\/\/www.meydan.tv\/az\/article\/valentin-yudaskin-vefat-edib\/","name":"Valentin Yuda\u015fkin v\u0259fat edib - MEYDAN.TV","isPartOf":{"@id":"https:\/\/www.meydan.tv\/az\/#website"},"primaryImageOfPage":{"@id":"https:\/\/www.meydan.tv\/az\/article\/valentin-yudaskin-vefat-edib\/#primaryimage"},"image":{"@id":"https:\/\/www.meydan.tv\/az\/article\/valentin-yudaskin-vefat-edib\/#primaryimage"},"thumbnailUrl":"https:\/\/www.meydan.tv\/wp-content\/uploads\/untitled-design-11-13-e1683030391614.jpg","datePublished":"2023-05-02T12:13:09+00:00","dateModified":"2023-05-02T12:26:45+00:00","breadcrumb":{"@id":"https:\/\/www.meydan.tv\/az\/article\/valentin-yudaskin-vefat-edib\/#breadcrumb"},"inLanguage":"az","potentialAction":[{"@type":"ReadAction","target":["https:\/\/www.meydan.tv\/az\/article\/valentin-yudaskin-vefat-edib\/"]}]},{"@type":"ImageObject","inLanguage":"az","@id":"https:\/\/www.meydan.tv\/az\/article\/valentin-yudaskin-vefat-edib\/#primaryimage","url":"https:\/\/www.meydan.tv\/wp-content\/uploads\/untitled-design-11-13-e1683030391614.jpg","contentUrl":"https:\/\/www.meydan.tv\/wp-content\/uploads\/untitled-design-11-13-e1683030391614.jpg","width":1200,"height":618,"caption":"Valentin Yuda\u015fkin. Foto: screenshot Life."},{"@type":"BreadcrumbList","@id":"https:\/\/www.meydan.tv\/az\/article\/valentin-yudaskin-vefat-edib\/#breadcrumb","itemListElement":[{"@type":"ListItem","position":1,"name":"Ana s\u0259hif\u0259","item":"https:\/\/www.meydan.tv\/az\/"},{"@type":"ListItem","position":2,"name":"M\u0259d\u0259niyy\u0259t","item":"https:\/\/www.meydan.tv\/az\/section\/medeniyyet\/"},{"@type":"ListItem","position":3,"name":"Valentin Yuda\u015fkin v\u0259fat edib"}]},{"@type":"WebSite","@id":"https:\/\/www.meydan.tv\/az\/#website","url":"https:\/\/www.meydan.tv\/az\/","name":"MEYDAN.TV","description":"Meydan TV Az\u0259rbaycan\u0131n media m\u0259kan\u0131ndak\u0131 alternativ s\u0259sidir","publisher":{"@id":"https:\/\/www.meydan.tv\/az\/#organization"},"potentialAction":[{"@type":"SearchAction","target":{"@type":"EntryPoint","urlTemplate":"https:\/\/www.meydan.tv\/az\/?s={search_term_string}"},"query-input":{"@type":"PropertyValueSpecification","valueRequired":true,"valueName":"search_term_string"}}],"inLanguage":"az"},{"@type":"Organization","@id":"https:\/\/www.meydan.tv\/az\/#organization","name":"Meydan TV","url":"https:\/\/www.meydan.tv\/az\/","logo":{"@type":"ImageObject","inLanguage":"az","@id":"https:\/\/www.meydan.tv\/az\/#\/schema\/logo\/image\/","url":"https:\/\/www.meydan.tv\/wp-content\/uploads\/2021\/07\/meydan-logo.svg","contentUrl":"https:\/\/www.meydan.tv\/wp-content\/uploads\/2021\/07\/meydan-logo.svg","width":195,"height":46,"caption":"Meydan TV"},"image":{"@id":"https:\/\/www.meydan.tv\/az\/#\/schema\/logo\/image\/"}},{"@type":"Person","@id":"https:\/\/www.meydan.tv\/az\/#\/schema\/person\/9cdbecf90d17180ce1dfbd95b08dcf47","name":"elli","sameAs":["https:\/\/x.com\/elli"]}]}},"_links":{"self":[{"href":"https:\/\/www.meydan.tv\/az\/wp-json\/wp\/v2\/posts\/274114","targetHints":{"allow":["GET"]}}],"collection":[{"href":"https:\/\/www.meydan.tv\/az\/wp-json\/wp\/v2\/posts"}],"about":[{"href":"https:\/\/www.meydan.tv\/az\/wp-json\/wp\/v2\/types\/post"}],"author":[{"embeddable":true,"href":"https:\/\/www.meydan.tv\/az\/wp-json\/wp\/v2\/users\/8"}],"replies":[{"embeddable":true,"href":"https:\/\/www.meydan.tv\/az\/wp-json\/wp\/v2\/comments?post=274114"}],"version-history":[{"count":2,"href":"https:\/\/www.meydan.tv\/az\/wp-json\/wp\/v2\/posts\/274114\/revisions"}],"predecessor-version":[{"id":274127,"href":"https:\/\/www.meydan.tv\/az\/wp-json\/wp\/v2\/posts\/274114\/revisions\/274127"}],"wp:featuredmedia":[{"embeddable":true,"href":"https:\/\/www.meydan.tv\/az\/wp-json\/wp\/v2\/media\/274124"}],"wp:attachment":[{"href":"https:\/\/www.meydan.tv\/az\/wp-json\/wp\/v2\/media?parent=274114"}],"wp:term":[{"taxonomy":"category","embeddable":true,"href":"https:\/\/www.meydan.tv\/az\/wp-json\/wp\/v2\/categories?post=274114"},{"taxonomy":"post_tag","embeddable":true,"href":"https:\/\/www.meydan.tv\/az\/wp-json\/wp\/v2\/tags?post=274114"}],"curies":[{"name":"wp","href":"https:\/\/api.w.org\/{rel}","templated":true}]}}