{"id":274040,"date":"2023-05-01T14:08:42","date_gmt":"2023-05-01T10:08:42","guid":{"rendered":"https:\/\/www.meydan.tv\/?p=274040"},"modified":"2023-05-01T14:08:45","modified_gmt":"2023-05-01T10:08:45","slug":"berde-sakini-pay-torpaginin-saxta-yolla-menimsenildiyini-deyir","status":"publish","type":"post","link":"https:\/\/www.meydan.tv\/az\/article\/berde-sakini-pay-torpaginin-saxta-yolla-menimsenildiyini-deyir\/","title":{"rendered":"B\u0259rd\u0259 sakini pay torpa\u011f\u0131n\u0131n saxta yolla m\u0259nims\u0259nildiyini deyir"},"content":{"rendered":"\n<p><\/p>\n\n\n\n<p><strong><em>&#8220;\u0130cra ba\u015f\u00e7\u0131s\u0131 dedi ki, s\u0259n\u0259dl\u0259r\u0259 \u0259sas\u0259n s\u0259nin torpa\u011f\u0131n yoxdur&#8221;<\/em><\/strong><\/p>\n\n\n\n<p>\u201c<em>M\u0259n\u0259 islahat d\u00f6vr\u00fcnd\u0259 k\u0259ndd\u0259 pay torpa\u011f\u0131 verilmi\u015fdi. H\u0259min vaxtlar u\u015faqlar\u0131m k\u00f6rp\u0259 oldu\u011fundan torpaqla maraqlanma\u011fa vaxt\u0131m olmam\u0131\u015fd\u0131. K\u0259ndin b\u00fct\u00fcn sakinl\u0259ri kimi m\u0259n d\u0259 torpaq sah\u0259mi icar\u0259y\u0259 vermi\u015fdim. O vaxtlar icar\u0259 pulu m\u0259n\u0259 hava, su kimi laz\u0131m idi. Ail\u0259 v\u0259ziyy\u0259timl\u0259 \u0259laq\u0259dar maddi s\u0131x\u0131nt\u0131lar\u0131m vard\u0131\u201d.<\/em><\/p>\n\n\n\n<p>Bunu Meydan TV-y\u0259 B\u0259rd\u0259nin Birinci Qazaxlar k\u0259nd sakini L\u0259taf\u0259t Qara q\u0131z\u0131 Qas\u0131mova deyir.<\/p>\n\n\n\n<p>O iddia edir ki, ona aid pay torpa\u011f\u0131n\u0131 qanunsuz olaraq m\u0259nims\u0259yibl\u0259r:<\/p>\n\n\n\n<p>\u201c<em>Torpaq sah\u0259mi Nem\u0259t adl\u0131 \u015f\u0259xs\u0259 icar\u0259y\u0259 vermi\u015fdim. Bir m\u00fcdd\u0259t sonra Nem\u0259t yoxa \u00e7\u0131xd\u0131, onu k\u0259ndd\u0259 tapa bilm\u0259dim ki, pulumu al\u0131m. Sonradan \u00f6yr\u0259ndim ki, Nem\u0259t anam\u0131 aldadaraq torpa\u011f\u0131n s\u0259n\u0259dini al\u0131b. M\u0259n\u0259 v\u0259 \u00f6vladlar\u0131m\u0131n ad\u0131na olan torpaq sah\u0259sini \u00f6z ad\u0131na ke\u00e7irib. M\u00fclkiyy\u0259t\u00e7i m\u0259n\u0259ms\u0259, dem\u0259li, bu torpa\u011f\u0131 m\u0259nim imzam olmadan saxta yolla m\u0259nims\u0259yib\u201d.<\/em><\/p>\n\n\n\n<p>\u015eikay\u0259t\u00e7i bildirir ki, m\u0259s\u0259l\u0259 il\u0259 \u0259laq\u0259dar d\u00f6vl\u0259t qurumlar\u0131na etdiyi m\u00fcraci\u0259tl\u0259r n\u0259tic\u0259siz qal\u0131b:<\/p>\n\n\n\n<p><em>\u201cPrezident Adminstrasiyas\u0131nda m\u0259ni q\u0259bul edib \u015fikay\u0259timi dinl\u0259dil\u0259r. Sonra B\u0259rd\u0259nin icra ba\u015f\u00e7\u0131s\u0131 Vidadi \u0130sayev\u0259 z\u0259ng edib, m\u0259s\u0259l\u0259mi h\u0259ll etm\u0259yi tap\u015f\u0131rd\u0131lar. Vidadi \u0130sayevin q\u0259buluna getdim. M\u0259ni q\u0259bul etdi, s\u0259n\u0259dl\u0259rim\u0259 g\u00f6z g\u0259zdirdi. Son n\u0259tic\u0259d\u0259 m\u0259n\u0259 bildirdi ki, s\u0259nin torpa\u011f\u0131n yoxdur. Stolunun \u00fcz\u0259rind\u0259 olan ka\u011f\u0131zlar\u0131 g\u00f6st\u0259r\u0259r\u0259k dedi ki, b\u00fct\u00fcn bu s\u0259n\u0259dl\u0259rd\u0259 d\u0259 a\u00e7\u0131q a\u015fkar yaz\u0131l\u0131b ki, s\u0259nin torpa\u011f\u0131n yoxdur. \u0130ki d\u0259f\u0259 Vidadi \u0130sayevin q\u0259buluna oldum, ikisind\u0259 d\u0259 m\u0259nim torpa\u011f\u0131m olmad\u0131\u011f\u0131n\u0131 dedi\u201d.<\/em><\/p>\n\n\n\n<p>\u201c<em>H\u0259qiq\u0259t\u0259n d\u0259, s\u0259n\u0259dl\u0259rd\u0259 torpa\u011f\u0131m\u0131n olmad\u0131\u011f\u0131 qeyd olunmu\u015fdu. Nec\u0259 k\u00f6k\u00fcnd\u0259n h\u0259ll edibl\u0259rs\u0259, he\u00e7 bir s\u00fcbut qalmay\u0131b. H\u0259min torpaq ba\u015fqa bir \u015f\u0259xsin ad\u0131nda g\u00f6st\u0259rilir. Amma o torpaq ill\u0259rl\u0259 m\u0259nim olub\u201d,<\/em> &#8211; dey\u0259 o bildirib.<\/p>\n\n\n<div class=\"wp-block-image\">\n<figure class=\"aligncenter size-full\"><img decoding=\"async\" width=\"1200\" height=\"800\" data-src=\"https:\/\/www.meydan.tv\/wp-content\/uploads\/berde_icra_hakimiyeti_binasi.jpg\" alt=\"\" class=\"wp-image-257096 lazyload\" src=\"data:image\/svg+xml;base64,PHN2ZyB3aWR0aD0iMSIgaGVpZ2h0PSIxIiB4bWxucz0iaHR0cDovL3d3dy53My5vcmcvMjAwMC9zdmciPjwvc3ZnPg==\" style=\"--smush-placeholder-width: 1200px; --smush-placeholder-aspect-ratio: 1200\/800;\" \/><figcaption class=\"wp-element-caption\">B\u0259rd\u0259 Rayon \u0130cra Hakimiyy\u0259ti. M\u0259nb\u0259: Wikimedia<\/figcaption><\/figure>\n<\/div>\n\n\n<p>L\u0259taf\u0259t Qas\u0131mova deyir ki, torpa\u011f\u0131n ona aid oldu\u011funu k\u0259nd camaat\u0131 t\u0259sdiq ed\u0259 bil\u0259r:<\/p>\n\n\n\n<p>\u201c<em>Prezident\u0259 m\u00fcraci\u0259t edir\u0259m. Haqs\u0131zl\u0131q ba\u015f al\u0131b gedir. B\u00fct\u00fcn k\u0259nd camaat\u0131 t\u0259sdiq ed\u0259 bil\u0259r ki, h\u0259r k\u0259s kimi m\u0259nim d\u0259 torpa\u011f\u0131m var idi. Nec\u0259 ola bil\u0259r ki, b\u00fct\u00fcn k\u0259nd\u0259 pay torpa\u011f\u0131 paylana, amma m\u0259n\u0259 verilm\u0259y\u0259? Bu, m\u00fcmk\u00fcn deyil\u201d.<\/em><\/p>\n\n\n\n<p>B\u0259rd\u0259 rayon icra ba\u015f\u00e7\u0131s\u0131n\u0131n k\u00f6m\u0259k\u00e7isi S\u0259buhi Qas\u0131mov Meydan TV-y\u0259 bildirib ki, v\u0259t\u0259nda\u015f\u0131n iddia etdiyi pay torpa\u011f\u0131 sah\u0259sin\u0259 m\u0259xsus ilkin he\u00e7 bir s\u0259n\u0259d t\u0259qdim edilm\u0259yib:<\/p>\n\n\n\n<p>\u201c<em>V\u0259t\u0259nda\u015f sad\u0259c\u0259, iddia edir. Onun m\u0259s\u0259l\u0259si m\u00fclki m\u00fcbahis\u0259li predmet oldu\u011fundan d\u0259f\u0259l\u0259rl\u0259 m\u0259sl\u0259h\u0259t g\u00f6rm\u00fc\u015f\u00fck ki, m\u0259hk\u0259m\u0259y\u0259 m\u00fcraci\u0259t etsin. Buna baxmayaraq, h\u0259r d\u0259f\u0259 israr edir ki, torpa\u011f\u0131n\u0131 ona qaytarma\u011fa k\u00f6m\u0259klik g\u00f6st\u0259r\u0259k\u201d.<\/em><\/p>\n\n\n\n<p>\u201c<em>M\u0259hk\u0259m\u0259y\u0259, v\u0259kil\u0259 \u00f6d\u0259ni\u015f etm\u0259y\u0259 imkan\u0131m yoxdur\u201d, &#8211;<\/em> L\u0259taf\u0259t Qas\u0131mova deyir:<\/p>\n\n\n\n<p>\u201c<em>M\u0259n \u0259minlikl\u0259 bilir\u0259m ki, Nem\u0259t anam\u0131 aldadaraq m\u0259nim torpa\u011f\u0131m\u0131 m\u0259nims\u0259yib. Nem\u0259t v\u0259fat edib. Haqq\u0131m\u0131 harada, kimd\u0259n t\u0259l\u0259b ed\u0259c\u0259yimi bilmir\u0259m. Kas\u0131b, \u0259lil qad\u0131nam, xahi\u015f edir\u0259m, m\u0259nim torpa\u011f\u0131m\u0131 qaytar\u0131n\u201d.<\/em><\/p>\n\n\n\n<p>Meydan TV-nin m\u0259s\u0259l\u0259 il\u0259 \u0259laq\u0259dar sor\u011fusunu \u018fmlak M\u0259s\u0259l\u0259l\u0259ri D\u00f6vl\u0259t Komit\u0259si cavabland\u0131rmay\u0131b.<\/p>\n\n\n<div class=\"wp-block-image\">\n<figure class=\"aligncenter size-full\"><img decoding=\"async\" width=\"1200\" height=\"800\" data-src=\"https:\/\/www.meydan.tv\/wp-content\/uploads\/untitled-design-5-51.jpg\" alt=\"\" class=\"wp-image-274045 lazyload\" src=\"data:image\/svg+xml;base64,PHN2ZyB3aWR0aD0iMSIgaGVpZ2h0PSIxIiB4bWxucz0iaHR0cDovL3d3dy53My5vcmcvMjAwMC9zdmciPjwvc3ZnPg==\" style=\"--smush-placeholder-width: 1200px; --smush-placeholder-aspect-ratio: 1200\/800;\" \/><figcaption class=\"wp-element-caption\">Ad\u0259m M\u0259mm\u0259dov v\u0259 Ramil Qas\u0131mzad\u0259.\nFotolar: sosial \u015f\u0259b\u0259k\u0259d\u0259n g\u00f6t\u00fcr\u00fcl\u00fcb.<\/figcaption><\/figure>\n<\/div>\n\n\n<p>V\u0259kil Ad\u0259m M\u0259mm\u0259dov Meydan TV-y\u0259 deyir ki, pay torpaqlar\u0131n\u0131 m\u00fclkiyy\u0259t\u00e7inin \u00f6z\u00fcnd\u0259n ba\u015fqa he\u00e7 k\u0259s sata bilm\u0259z:<\/p>\n\n\n\n<p>\u201c<em>Biz i\u015fin hal\u0131n\u0131 bilmirik. B\u0259lk\u0259, v\u0259t\u0259nda\u015f k\u00f6n\u00fcll\u00fc olaraq s\u0259n\u0259d\u0259 imza at\u0131b. B\u0259z\u0259n d\u0259 insanlar \u00f6zl\u0259ri notariusa gedib, n\u0259 s\u0259n\u0259d g\u0259ldi, qol \u00e7\u0259kirl\u0259r. Sonra da alt\u0131ndan \u00e7\u0131xa bilmirl\u0259r. \u018fg\u0259r v\u0259t\u0259nda\u015f\u0131n \u0259lind\u0259 pay torpa\u011f\u0131n\u0131 t\u0259sdiq ed\u0259n s\u0259n\u0259dl\u0259r varsa, o, m\u0259hk\u0259m\u0259 orqan\u0131na m\u00fcraci\u0259t ed\u0259r\u0259k torpa\u011f\u0131n\u0131 geri qaytara bil\u0259r\u201d.<\/em><\/p>\n\n\n\n<p>Da\u015f\u0131nmaz \u0259mlak m\u0259s\u0259l\u0259l\u0259ri \u00fczr\u0259 ekspert Ramil Qas\u0131mzad\u0259 Meydan TV-y\u0259 deyir ki, x\u00fcsusi m\u00fclkiyy\u0259t v\u0259t\u0259nda\u015fdan he\u00e7 bir yolla al\u0131na bilm\u0259z:<\/p>\n\n\n\n<p>\u201c<em>Yaln\u0131z icar\u0259 h\u00fcququ il\u0259 g\u00f6t\u00fcr\u00fcl\u0259n topraq sah\u0259si geri al\u0131na bil\u0259r. Amma x\u00fcsusi m\u00fclkiyy\u0259td\u0259 olan torpaq sah\u0259si, m\u00fclkiyy\u0259ti\u00e7inin \u0259lind\u0259n he\u00e7 bir halda al\u0131na bilm\u0259z. V\u0259t\u0259nda\u015f \u00f6z\u00fc torpa\u011f\u0131n\u0131 ba\u011f\u0131\u015flaya, ya da alq\u0131-satq\u0131 ed\u0259 bil\u0259r\u201d.<\/em><\/p>\n","protected":false},"excerpt":{"rendered":"<p>&#8220;\u0130cra ba\u015f\u00e7\u0131s\u0131 dedi ki, s\u0259n\u0259dl\u0259r\u0259 \u0259sas\u0259n s\u0259nin torpa\u011f\u0131n yoxdur&#8221; \u201cM\u0259n\u0259 &#8230; <\/p>\n<p class=\"read-more-container\"><a title=\"B\u0259rd\u0259 sakini pay torpa\u011f\u0131n\u0131n saxta yolla m\u0259nims\u0259nildiyini deyir\" class=\"read-more button\" href=\"https:\/\/www.meydan.tv\/az\/article\/berde-sakini-pay-torpaginin-saxta-yolla-menimsenildiyini-deyir\/#more-274040\" aria-label=\"Read more about B\u0259rd\u0259 sakini pay torpa\u011f\u0131n\u0131n saxta yolla m\u0259nims\u0259nildiyini deyir\">Davam\u0131<\/a><\/p>\n","protected":false},"author":8,"featured_media":267150,"comment_status":"closed","ping_status":"closed","sticky":false,"template":"","format":"standard","meta":{"_acf_changed":false,"_sitemap_exclude":false,"_sitemap_priority":"","_sitemap_frequency":"","footnotes":""},"categories":[60,56],"tags":[],"class_list":["post-274040","post","type-post","status-publish","format-standard","has-post-thumbnail","hentry","category-bolge","category-xeberler","infinite-scroll-item","generate-columns","tablet-grid-50","mobile-grid-100","grid-parent","grid-33","no-featured-image-padding"],"acf":[],"yoast_head":"<!-- This site is optimized with the Yoast SEO plugin v27.5 - https:\/\/yoast.com\/product\/yoast-seo-wordpress\/ -->\n<title>B\u0259rd\u0259 sakini pay torpa\u011f\u0131n\u0131n saxta yolla m\u0259nims\u0259nildiyini deyir - MEYDAN.TV<\/title>\n<meta name=\"robots\" content=\"index, follow, max-snippet:-1, max-image-preview:large, max-video-preview:-1\" \/>\n<link rel=\"canonical\" href=\"https:\/\/www.meydan.tv\/az\/article\/berde-sakini-pay-torpaginin-saxta-yolla-menimsenildiyini-deyir\/\" \/>\n<meta property=\"og:locale\" content=\"az_AZ\" \/>\n<meta property=\"og:type\" content=\"article\" \/>\n<meta property=\"og:title\" content=\"B\u0259rd\u0259 sakini pay torpa\u011f\u0131n\u0131n saxta yolla m\u0259nims\u0259nildiyini deyir - MEYDAN.TV\" \/>\n<meta property=\"og:description\" content=\"&#8220;\u0130cra ba\u015f\u00e7\u0131s\u0131 dedi ki, s\u0259n\u0259dl\u0259r\u0259 \u0259sas\u0259n s\u0259nin torpa\u011f\u0131n yoxdur&#8221; \u201cM\u0259n\u0259 ... Davam\u0131\" \/>\n<meta property=\"og:url\" content=\"https:\/\/www.meydan.tv\/az\/article\/berde-sakini-pay-torpaginin-saxta-yolla-menimsenildiyini-deyir\/\" \/>\n<meta property=\"og:site_name\" content=\"MEYDAN.TV\" \/>\n<meta property=\"article:published_time\" content=\"2023-05-01T10:08:42+00:00\" \/>\n<meta property=\"article:modified_time\" content=\"2023-05-01T10:08:45+00:00\" \/>\n<meta property=\"og:image\" content=\"https:\/\/www.meydan.tv\/wp-content\/uploads\/azedu.az_414326568_398.jpg\" \/>\n\t<meta property=\"og:image:width\" content=\"1200\" \/>\n\t<meta property=\"og:image:height\" content=\"649\" \/>\n\t<meta property=\"og:image:type\" content=\"image\/jpeg\" \/>\n<meta name=\"author\" content=\"elli\" \/>\n<meta name=\"twitter:card\" content=\"summary_large_image\" \/>\n<meta name=\"twitter:creator\" content=\"@elli\" \/>\n<script type=\"application\/ld+json\" class=\"yoast-schema-graph\">{\"@context\":\"https:\\\/\\\/schema.org\",\"@graph\":[{\"@type\":\"Article\",\"@id\":\"https:\\\/\\\/www.meydan.tv\\\/az\\\/article\\\/berde-sakini-pay-torpaginin-saxta-yolla-menimsenildiyini-deyir\\\/#article\",\"isPartOf\":{\"@id\":\"https:\\\/\\\/www.meydan.tv\\\/az\\\/article\\\/berde-sakini-pay-torpaginin-saxta-yolla-menimsenildiyini-deyir\\\/\"},\"author\":{\"name\":\"elli\",\"@id\":\"https:\\\/\\\/www.meydan.tv\\\/az\\\/#\\\/schema\\\/person\\\/9cdbecf90d17180ce1dfbd95b08dcf47\"},\"headline\":\"B\u0259rd\u0259 sakini pay torpa\u011f\u0131n\u0131n saxta yolla m\u0259nims\u0259nildiyini deyir\",\"datePublished\":\"2023-05-01T10:08:42+00:00\",\"dateModified\":\"2023-05-01T10:08:45+00:00\",\"mainEntityOfPage\":{\"@id\":\"https:\\\/\\\/www.meydan.tv\\\/az\\\/article\\\/berde-sakini-pay-torpaginin-saxta-yolla-menimsenildiyini-deyir\\\/\"},\"wordCount\":926,\"publisher\":{\"@id\":\"https:\\\/\\\/www.meydan.tv\\\/az\\\/#organization\"},\"image\":{\"@id\":\"https:\\\/\\\/www.meydan.tv\\\/az\\\/article\\\/berde-sakini-pay-torpaginin-saxta-yolla-menimsenildiyini-deyir\\\/#primaryimage\"},\"thumbnailUrl\":\"https:\\\/\\\/www.meydan.tv\\\/wp-content\\\/uploads\\\/azedu.az_414326568_398.jpg\",\"articleSection\":[\"B\u00f6lg\u0259\",\"X\u0259b\u0259rl\u0259r\"],\"inLanguage\":\"az\"},{\"@type\":\"WebPage\",\"@id\":\"https:\\\/\\\/www.meydan.tv\\\/az\\\/article\\\/berde-sakini-pay-torpaginin-saxta-yolla-menimsenildiyini-deyir\\\/\",\"url\":\"https:\\\/\\\/www.meydan.tv\\\/az\\\/article\\\/berde-sakini-pay-torpaginin-saxta-yolla-menimsenildiyini-deyir\\\/\",\"name\":\"B\u0259rd\u0259 sakini pay torpa\u011f\u0131n\u0131n saxta yolla m\u0259nims\u0259nildiyini deyir - MEYDAN.TV\",\"isPartOf\":{\"@id\":\"https:\\\/\\\/www.meydan.tv\\\/az\\\/#website\"},\"primaryImageOfPage\":{\"@id\":\"https:\\\/\\\/www.meydan.tv\\\/az\\\/article\\\/berde-sakini-pay-torpaginin-saxta-yolla-menimsenildiyini-deyir\\\/#primaryimage\"},\"image\":{\"@id\":\"https:\\\/\\\/www.meydan.tv\\\/az\\\/article\\\/berde-sakini-pay-torpaginin-saxta-yolla-menimsenildiyini-deyir\\\/#primaryimage\"},\"thumbnailUrl\":\"https:\\\/\\\/www.meydan.tv\\\/wp-content\\\/uploads\\\/azedu.az_414326568_398.jpg\",\"datePublished\":\"2023-05-01T10:08:42+00:00\",\"dateModified\":\"2023-05-01T10:08:45+00:00\",\"breadcrumb\":{\"@id\":\"https:\\\/\\\/www.meydan.tv\\\/az\\\/article\\\/berde-sakini-pay-torpaginin-saxta-yolla-menimsenildiyini-deyir\\\/#breadcrumb\"},\"inLanguage\":\"az\",\"potentialAction\":[{\"@type\":\"ReadAction\",\"target\":[\"https:\\\/\\\/www.meydan.tv\\\/az\\\/article\\\/berde-sakini-pay-torpaginin-saxta-yolla-menimsenildiyini-deyir\\\/\"]}]},{\"@type\":\"ImageObject\",\"inLanguage\":\"az\",\"@id\":\"https:\\\/\\\/www.meydan.tv\\\/az\\\/article\\\/berde-sakini-pay-torpaginin-saxta-yolla-menimsenildiyini-deyir\\\/#primaryimage\",\"url\":\"https:\\\/\\\/www.meydan.tv\\\/wp-content\\\/uploads\\\/azedu.az_414326568_398.jpg\",\"contentUrl\":\"https:\\\/\\\/www.meydan.tv\\\/wp-content\\\/uploads\\\/azedu.az_414326568_398.jpg\",\"width\":1200,\"height\":649,\"caption\":\"B\u0259rd\u0259. Foto: \\\"edu.az\\\"\"},{\"@type\":\"BreadcrumbList\",\"@id\":\"https:\\\/\\\/www.meydan.tv\\\/az\\\/article\\\/berde-sakini-pay-torpaginin-saxta-yolla-menimsenildiyini-deyir\\\/#breadcrumb\",\"itemListElement\":[{\"@type\":\"ListItem\",\"position\":1,\"name\":\"Ana s\u0259hif\u0259\",\"item\":\"https:\\\/\\\/www.meydan.tv\\\/az\\\/\"},{\"@type\":\"ListItem\",\"position\":2,\"name\":\"B\u00f6lg\u0259\",\"item\":\"https:\\\/\\\/www.meydan.tv\\\/az\\\/section\\\/bolge\\\/\"},{\"@type\":\"ListItem\",\"position\":3,\"name\":\"B\u0259rd\u0259 sakini pay torpa\u011f\u0131n\u0131n saxta yolla m\u0259nims\u0259nildiyini deyir\"}]},{\"@type\":\"WebSite\",\"@id\":\"https:\\\/\\\/www.meydan.tv\\\/az\\\/#website\",\"url\":\"https:\\\/\\\/www.meydan.tv\\\/az\\\/\",\"name\":\"MEYDAN.TV\",\"description\":\"Meydan TV Az\u0259rbaycan\u0131n media m\u0259kan\u0131ndak\u0131 alternativ s\u0259sidir\",\"publisher\":{\"@id\":\"https:\\\/\\\/www.meydan.tv\\\/az\\\/#organization\"},\"potentialAction\":[{\"@type\":\"SearchAction\",\"target\":{\"@type\":\"EntryPoint\",\"urlTemplate\":\"https:\\\/\\\/www.meydan.tv\\\/az\\\/?s={search_term_string}\"},\"query-input\":{\"@type\":\"PropertyValueSpecification\",\"valueRequired\":true,\"valueName\":\"search_term_string\"}}],\"inLanguage\":\"az\"},{\"@type\":\"Organization\",\"@id\":\"https:\\\/\\\/www.meydan.tv\\\/az\\\/#organization\",\"name\":\"Meydan TV\",\"url\":\"https:\\\/\\\/www.meydan.tv\\\/az\\\/\",\"logo\":{\"@type\":\"ImageObject\",\"inLanguage\":\"az\",\"@id\":\"https:\\\/\\\/www.meydan.tv\\\/az\\\/#\\\/schema\\\/logo\\\/image\\\/\",\"url\":\"https:\\\/\\\/www.meydan.tv\\\/wp-content\\\/uploads\\\/2021\\\/07\\\/meydan-logo.svg\",\"contentUrl\":\"https:\\\/\\\/www.meydan.tv\\\/wp-content\\\/uploads\\\/2021\\\/07\\\/meydan-logo.svg\",\"width\":195,\"height\":46,\"caption\":\"Meydan TV\"},\"image\":{\"@id\":\"https:\\\/\\\/www.meydan.tv\\\/az\\\/#\\\/schema\\\/logo\\\/image\\\/\"}},{\"@type\":\"Person\",\"@id\":\"https:\\\/\\\/www.meydan.tv\\\/az\\\/#\\\/schema\\\/person\\\/9cdbecf90d17180ce1dfbd95b08dcf47\",\"name\":\"elli\",\"sameAs\":[\"https:\\\/\\\/x.com\\\/elli\"]}]}<\/script>\n<!-- \/ Yoast SEO plugin. -->","yoast_head_json":{"title":"B\u0259rd\u0259 sakini pay torpa\u011f\u0131n\u0131n saxta yolla m\u0259nims\u0259nildiyini deyir - MEYDAN.TV","robots":{"index":"index","follow":"follow","max-snippet":"max-snippet:-1","max-image-preview":"max-image-preview:large","max-video-preview":"max-video-preview:-1"},"canonical":"https:\/\/www.meydan.tv\/az\/article\/berde-sakini-pay-torpaginin-saxta-yolla-menimsenildiyini-deyir\/","og_locale":"az_AZ","og_type":"article","og_title":"B\u0259rd\u0259 sakini pay torpa\u011f\u0131n\u0131n saxta yolla m\u0259nims\u0259nildiyini deyir - MEYDAN.TV","og_description":"&#8220;\u0130cra ba\u015f\u00e7\u0131s\u0131 dedi ki, s\u0259n\u0259dl\u0259r\u0259 \u0259sas\u0259n s\u0259nin torpa\u011f\u0131n yoxdur&#8221; \u201cM\u0259n\u0259 ... Davam\u0131","og_url":"https:\/\/www.meydan.tv\/az\/article\/berde-sakini-pay-torpaginin-saxta-yolla-menimsenildiyini-deyir\/","og_site_name":"MEYDAN.TV","article_published_time":"2023-05-01T10:08:42+00:00","article_modified_time":"2023-05-01T10:08:45+00:00","og_image":[{"width":1200,"height":649,"url":"https:\/\/www.meydan.tv\/wp-content\/uploads\/azedu.az_414326568_398.jpg","type":"image\/jpeg"}],"author":"elli","twitter_card":"summary_large_image","twitter_creator":"@elli","schema":{"@context":"https:\/\/schema.org","@graph":[{"@type":"Article","@id":"https:\/\/www.meydan.tv\/az\/article\/berde-sakini-pay-torpaginin-saxta-yolla-menimsenildiyini-deyir\/#article","isPartOf":{"@id":"https:\/\/www.meydan.tv\/az\/article\/berde-sakini-pay-torpaginin-saxta-yolla-menimsenildiyini-deyir\/"},"author":{"name":"elli","@id":"https:\/\/www.meydan.tv\/az\/#\/schema\/person\/9cdbecf90d17180ce1dfbd95b08dcf47"},"headline":"B\u0259rd\u0259 sakini pay torpa\u011f\u0131n\u0131n saxta yolla m\u0259nims\u0259nildiyini deyir","datePublished":"2023-05-01T10:08:42+00:00","dateModified":"2023-05-01T10:08:45+00:00","mainEntityOfPage":{"@id":"https:\/\/www.meydan.tv\/az\/article\/berde-sakini-pay-torpaginin-saxta-yolla-menimsenildiyini-deyir\/"},"wordCount":926,"publisher":{"@id":"https:\/\/www.meydan.tv\/az\/#organization"},"image":{"@id":"https:\/\/www.meydan.tv\/az\/article\/berde-sakini-pay-torpaginin-saxta-yolla-menimsenildiyini-deyir\/#primaryimage"},"thumbnailUrl":"https:\/\/www.meydan.tv\/wp-content\/uploads\/azedu.az_414326568_398.jpg","articleSection":["B\u00f6lg\u0259","X\u0259b\u0259rl\u0259r"],"inLanguage":"az"},{"@type":"WebPage","@id":"https:\/\/www.meydan.tv\/az\/article\/berde-sakini-pay-torpaginin-saxta-yolla-menimsenildiyini-deyir\/","url":"https:\/\/www.meydan.tv\/az\/article\/berde-sakini-pay-torpaginin-saxta-yolla-menimsenildiyini-deyir\/","name":"B\u0259rd\u0259 sakini pay torpa\u011f\u0131n\u0131n saxta yolla m\u0259nims\u0259nildiyini deyir - MEYDAN.TV","isPartOf":{"@id":"https:\/\/www.meydan.tv\/az\/#website"},"primaryImageOfPage":{"@id":"https:\/\/www.meydan.tv\/az\/article\/berde-sakini-pay-torpaginin-saxta-yolla-menimsenildiyini-deyir\/#primaryimage"},"image":{"@id":"https:\/\/www.meydan.tv\/az\/article\/berde-sakini-pay-torpaginin-saxta-yolla-menimsenildiyini-deyir\/#primaryimage"},"thumbnailUrl":"https:\/\/www.meydan.tv\/wp-content\/uploads\/azedu.az_414326568_398.jpg","datePublished":"2023-05-01T10:08:42+00:00","dateModified":"2023-05-01T10:08:45+00:00","breadcrumb":{"@id":"https:\/\/www.meydan.tv\/az\/article\/berde-sakini-pay-torpaginin-saxta-yolla-menimsenildiyini-deyir\/#breadcrumb"},"inLanguage":"az","potentialAction":[{"@type":"ReadAction","target":["https:\/\/www.meydan.tv\/az\/article\/berde-sakini-pay-torpaginin-saxta-yolla-menimsenildiyini-deyir\/"]}]},{"@type":"ImageObject","inLanguage":"az","@id":"https:\/\/www.meydan.tv\/az\/article\/berde-sakini-pay-torpaginin-saxta-yolla-menimsenildiyini-deyir\/#primaryimage","url":"https:\/\/www.meydan.tv\/wp-content\/uploads\/azedu.az_414326568_398.jpg","contentUrl":"https:\/\/www.meydan.tv\/wp-content\/uploads\/azedu.az_414326568_398.jpg","width":1200,"height":649,"caption":"B\u0259rd\u0259. Foto: \"edu.az\""},{"@type":"BreadcrumbList","@id":"https:\/\/www.meydan.tv\/az\/article\/berde-sakini-pay-torpaginin-saxta-yolla-menimsenildiyini-deyir\/#breadcrumb","itemListElement":[{"@type":"ListItem","position":1,"name":"Ana s\u0259hif\u0259","item":"https:\/\/www.meydan.tv\/az\/"},{"@type":"ListItem","position":2,"name":"B\u00f6lg\u0259","item":"https:\/\/www.meydan.tv\/az\/section\/bolge\/"},{"@type":"ListItem","position":3,"name":"B\u0259rd\u0259 sakini pay torpa\u011f\u0131n\u0131n saxta yolla m\u0259nims\u0259nildiyini deyir"}]},{"@type":"WebSite","@id":"https:\/\/www.meydan.tv\/az\/#website","url":"https:\/\/www.meydan.tv\/az\/","name":"MEYDAN.TV","description":"Meydan TV Az\u0259rbaycan\u0131n media m\u0259kan\u0131ndak\u0131 alternativ s\u0259sidir","publisher":{"@id":"https:\/\/www.meydan.tv\/az\/#organization"},"potentialAction":[{"@type":"SearchAction","target":{"@type":"EntryPoint","urlTemplate":"https:\/\/www.meydan.tv\/az\/?s={search_term_string}"},"query-input":{"@type":"PropertyValueSpecification","valueRequired":true,"valueName":"search_term_string"}}],"inLanguage":"az"},{"@type":"Organization","@id":"https:\/\/www.meydan.tv\/az\/#organization","name":"Meydan TV","url":"https:\/\/www.meydan.tv\/az\/","logo":{"@type":"ImageObject","inLanguage":"az","@id":"https:\/\/www.meydan.tv\/az\/#\/schema\/logo\/image\/","url":"https:\/\/www.meydan.tv\/wp-content\/uploads\/2021\/07\/meydan-logo.svg","contentUrl":"https:\/\/www.meydan.tv\/wp-content\/uploads\/2021\/07\/meydan-logo.svg","width":195,"height":46,"caption":"Meydan TV"},"image":{"@id":"https:\/\/www.meydan.tv\/az\/#\/schema\/logo\/image\/"}},{"@type":"Person","@id":"https:\/\/www.meydan.tv\/az\/#\/schema\/person\/9cdbecf90d17180ce1dfbd95b08dcf47","name":"elli","sameAs":["https:\/\/x.com\/elli"]}]}},"_links":{"self":[{"href":"https:\/\/www.meydan.tv\/az\/wp-json\/wp\/v2\/posts\/274040","targetHints":{"allow":["GET"]}}],"collection":[{"href":"https:\/\/www.meydan.tv\/az\/wp-json\/wp\/v2\/posts"}],"about":[{"href":"https:\/\/www.meydan.tv\/az\/wp-json\/wp\/v2\/types\/post"}],"author":[{"embeddable":true,"href":"https:\/\/www.meydan.tv\/az\/wp-json\/wp\/v2\/users\/8"}],"replies":[{"embeddable":true,"href":"https:\/\/www.meydan.tv\/az\/wp-json\/wp\/v2\/comments?post=274040"}],"version-history":[{"count":1,"href":"https:\/\/www.meydan.tv\/az\/wp-json\/wp\/v2\/posts\/274040\/revisions"}],"predecessor-version":[{"id":274050,"href":"https:\/\/www.meydan.tv\/az\/wp-json\/wp\/v2\/posts\/274040\/revisions\/274050"}],"wp:featuredmedia":[{"embeddable":true,"href":"https:\/\/www.meydan.tv\/az\/wp-json\/wp\/v2\/media\/267150"}],"wp:attachment":[{"href":"https:\/\/www.meydan.tv\/az\/wp-json\/wp\/v2\/media?parent=274040"}],"wp:term":[{"taxonomy":"category","embeddable":true,"href":"https:\/\/www.meydan.tv\/az\/wp-json\/wp\/v2\/categories?post=274040"},{"taxonomy":"post_tag","embeddable":true,"href":"https:\/\/www.meydan.tv\/az\/wp-json\/wp\/v2\/tags?post=274040"}],"curies":[{"name":"wp","href":"https:\/\/api.w.org\/{rel}","templated":true}]}}