{"id":274004,"date":"2023-04-30T20:22:03","date_gmt":"2023-04-30T16:22:03","guid":{"rendered":"https:\/\/www.meydan.tv\/?p=274004"},"modified":"2023-05-10T15:59:03","modified_gmt":"2023-05-10T11:59:03","slug":"siza-kom-dem-tur-ve-az","status":"publish","type":"post","link":"https:\/\/www.meydan.tv\/az\/article\/siza-kom-dem-tur-ve-az\/","title":{"rendered":"\u015eiza: kom, dem, tur v\u0259 az"},"content":{"rendered":"\n<p><\/p>\n\n\n\n<p><strong><em>El\u0259 bil\u0259rsiz, bizim mill\u0259tin ruhunda bu yoluxucu x\u0259st\u0259liy\u0259 qar\u015f\u0131 immunitet deyil\u0259n zireh yaran\u0131b?<\/em><\/strong><\/p>\n\n\n\n<p>Nax\u00e7\u0131vandan g\u0259lmi\u015f Yeni \u015eura h\u00f6kum\u0259ti Bak\u0131da t\u0259z\u0259likc\u0259 m\u00f6hk\u0259ml\u0259nirdi. M\u0259nim \u0259ziz nax\u00e7\u0131vanl\u0131 b\u0259rad\u0259rl\u0259rim t\u0259z\u0259likc\u0259 Bak\u0131n\u0131, m\u0259rhum Ziya B\u00fcnyadov demi\u015fk\u0259n, \u201c\u00f6z\u0259ll\u0259\u015fdirib g\u00f6z\u0259ll\u0259\u015fdirm\u0259y\u0259\u201d giri\u015fmi\u015fdil\u0259r. Hakimiyy\u0259t\u0259 yaxin nam\u0259lum birisi N\u0259riman N\u0259rimanovun&nbsp; heyk\u0259linin \u00f6n\u00fcnd\u0259ki 1-2 m\u0259rt\u0259b\u0259li k\u00f6hn\u0259 evl\u0259ri s\u00f6k\u00fcb onlar\u0131n yerind\u0259 n\u0259h\u0259ng bir ya\u015fay\u0131\u015f binas\u0131 tikm\u0259y\u0259 ba\u015flam\u0131\u015fd\u0131. Hans\u0131sa bir memar o zaman h\u0259l\u0259 tam m\u0259hv edilm\u0259mi\u015f K\u0130V n\u00fcmay\u0259nd\u0259l\u0259rini ba\u015f\u0131na toplay\u0131b ucald\u0131lma\u011fa ba\u015flam\u0131\u015f binan\u0131n tikinti meydan\u00e7as\u0131n\u0131n \u00f6n\u00fcnd\u0259 etiraz mitinqi ke\u00e7irirdi. S\u00f6z\u00fcn\u00fcn can\u0131 da o idi ki, bu uca bina N\u0259riman N\u0259rimanovun Bak\u0131n\u0131n h\u0259r yerind\u0259n g\u00f6r\u00fcn\u0259n \u0259z\u0259m\u0259tli heyk\u0259linin m\u0259nz\u0259r\u0259sini \u00f6rt\u0259c\u0259k, b\u00f6y\u00fck siyasi xadim\u0259 Heyd\u0259r \u018fliyevin birinci hakimiyy\u0259ti d\u00f6vr\u00fcnd\u0259 ucald\u0131lm\u0131\u015f heyk\u0259lin g\u00f6z\u0259lliyini v\u0259 \u0259h\u0259miyy\u0259tini azaldacaq.<\/p>\n\n\n\n<p>O zaman hakimiyy\u0259t h\u0259l\u0259 indiki q\u0259d\u0259r m\u00f6hk\u0259m v\u0259 \u00f6tk\u0259m deyildi, o zaman indiki zaman olsayd\u0131, bu mitinq i\u015ftirak\u00e7\u0131lar\u0131n\u0131 bir d\u0259qiq\u0259y\u0259 zopalay\u0131b qoduqlu\u011fa salard\u0131lar. O zaman is\u0259 Yeni \u015eura h\u00f6kum\u0259ti qara camaat\u0131n \u0259zilib d\u00f6y\u00fclm\u0259 h\u0259ddini h\u0259l\u0259 tam m\u00fc\u0259yy\u0259nl\u0259\u015fdirm\u0259mi\u015fdi dey\u0259 polis camaat\u0131 s\u00f6zl\u0259 da\u011f\u0131l\u0131\u015fma\u011fa \u00e7a\u011f\u0131r\u0131rd\u0131, tikintini y\u00f6n\u0259ld\u0259n b\u0259rad\u0259r is\u0259 \u00f6z \u015firin nax\u00e7\u0131vanl\u0131 l\u0259hc\u0259si il\u0259 bu cahil etiraz\u00e7\u0131lara anlad\u0131rd\u0131 ki, \u201c\u00f6z\u00fcn\u00fcz\u0259 niy\u0259 nahaq \u0259ziyy\u0259t verirsiniz, bir azdan bu heyk\u0259li tamam s\u00f6k\u00fcb y\u0131\u011f\u0131\u015fd\u0131racaqlar\u201d.<\/p>\n\n\n\n<p>Uca bina tikilib qurtard\u0131, ona g\u00f6z\u0259l ad da qoydular \u2013 \u201cD\u0259niz m\u0259nz\u0259r\u0259si\u201d &#8211; f\u0259q\u0259t haram yolla tikildiyind\u0259n sahibin\u0259 umdu\u011fu g\u0259liri g\u0259tir\u0259 bilm\u0259di. S\u0131\u011forta \u015firk\u0259tini haz\u0131r binan\u0131 s\u0131\u011forta etm\u0259y\u0259 d\u0259v\u0259t ed\u0259nd\u0259 \u015firk\u0259tin n\u00fcmay\u0259nd\u0259si m\u00fct\u0259x\u0259ssis \u00e7a\u011f\u0131rd\u0131, o da binan\u0131n tikildiyi yeri, \u00f6z\u00fcl\u00fcn\u00fc&nbsp; \u00f6yr\u0259nib bel\u0259 bir r\u0259y verdi ki, \u201cbu binan\u0131 s\u0131\u011forta ed\u0259n \u015firk\u0259t h\u0259dsiz b\u00f6y\u00fck maliyy\u0259 riski il\u0259 \u00fczl\u0259\u015f\u0259c\u0259k, bina s\u00fcr\u00fc\u015fm\u0259 zonas\u0131nda tikilib v\u0259 ist\u0259nil\u0259n an u\u00e7a bil\u0259r\u201d.<\/p>\n\n\n\n<p>Baxmayaraq ki, bina zahir\u0259n g\u00f6z\u0259ldir, onun m\u0259nzill\u0259rind\u0259n \u015f\u0259h\u0259r\u0259 v\u0259 k\u00f6rf\u0259z\u0259 g\u00f6z\u0259l m\u0259nz\u0259r\u0259 a\u00e7\u0131l\u0131r, onun m\u0259nzill\u0259rinin \u0259ks\u0259riyy\u0259ti h\u0259l\u0259 d\u0259 sat\u0131lmay\u0131b.<\/p>\n\n\n\n<p>Lakin, Allah el\u0259m\u0259mi\u015f, bird\u0259n xiff\u0259t ed\u0259rsiz, bina sahibinin m\u00fcflis v\u0259 ac qalaca\u011f\u0131ndan narahat olars\u0131z, \u0259sla yox, bu ki\u015fi h\u0259r s\u0259h\u0259r i\u015f\u0259 bo\u015f torba il\u0259 gedib ax\u015fam dolu torba il\u0259 qay\u0131danlardand\u0131r. Odur ki, bo\u015f bina h\u0259l\u0259 d\u0259 durub zahir\u0259n \u015f\u0259h\u0259ri g\u00f6z\u0259ll\u0259\u015fdirir v\u0259 can\u0131n\u0131 bu b\u0259xt\u0259v\u0259r mill\u0259t\u0259 f\u0259da etmi\u015f doktor N\u0259rimanovun heyk\u0259lini \u015f\u0259h\u0259rd\u0259n gizl\u0259dir.<\/p>\n\n\n\n<p>Bu hadis\u0259ni niy\u0259 xat\u0131rlad\u0131m? N\u0259rimanovun Nax\u00e7\u0131vandak\u0131 heyk\u0259linin g\u00f6t\u00fcr\u00fclm\u0259si v\u0259 sonradan d\u00fcbar\u0259 yerin\u0259 qaytar\u0131lmas\u0131, bu m\u0259s\u0259l\u0259 il\u0259 ba\u011fl\u0131 \u015f\u0259xs\u0259n m\u0259n\u0259 maraqs\u0131z olan ictimai-siyasi m\u00fczakir\u0259nin a\u00e7\u0131lmas\u0131 c\u0259miyy\u0259timiz \u00fc\u00e7\u00fcn daha m\u00fch\u00fcm olan dig\u0259r bir m\u0259tl\u0259b\u0259 toxunma\u011fa b\u0259han\u0259 verir. N\u0259dir bu m\u0259tl\u0259b? Vaxta\u015f\u0131r\u0131 m\u00fcxt\u0259lif c\u0259miyy\u0259tl\u0259r\u0259 hakim k\u0259sil\u0259n k\u00fctl\u0259vi \u015fizofreniya t\u0259zah\u00fcr\u00fc, hans\u0131na ki, indiki komp\u00fcter z\u0259man\u0259sind\u0259 m\u00fcxt\u0259s\u0259r \u201c\u015fizo\u201d deyirl\u0259r.<\/p>\n\n\n\n<p>\u015eizofreniya ruhi x\u0259st\u0259likdir, onun paranoidal n\u00f6v\u00fcn\u0259 tutulanlar ger\u00e7\u0259kd\u0259 olmayan bir d\u00fcnyaya v\u0259 t\u0259s\u0259vv\u00fcrl\u0259r toplusuna inan\u0131b orada ya\u015fay\u0131rlar v\u0259 ger\u00e7\u0259k h\u0259yat\u0131 q\u0259bul etmirl\u0259r. Siyasi \u015fizofrenikl\u0259r h\u0259dsiz inadc\u0131l v\u0259 t\u0259cav\u00fczkar olub \u0259trafdak\u0131 m\u0259xluqat\u0131 da zor\u0259n \u00f6z d\u00fcnyalar\u0131na inanma\u011fa v\u0259 orada ya\u015fama\u011fa m\u0259cbur edirl\u0259r.<\/p>\n\n\n\n<p>D\u00fcnya xalqlar\u0131n\u0131n m\u00fch\u00fcm bir k\u0259simi XX \u0259srd\u0259 kommunizm il\u011f\u0131m\u0131na inanm\u0131\u015f v\u0259 d\u00fcnyan\u0131 zor\u0259n zor yenid\u0259n qurma\u011fa giri\u015fmi\u015f h\u0259dsiz inadkar, \u0259zmli v\u0259 davakar bir z\u00fcmr\u0259nin girovuna \u00e7evrilmi\u015fdi. Bu k\u0259d\u0259rli tarixi bil\u0259n bilir, bilm\u0259y\u0259nl\u0259r\u0259 dan\u0131\u015fma\u011f\u0131n xeyri yoxdur, sad\u0259c\u0259 onu dem\u0259y\u0259 d\u0259y\u0259r ki,&nbsp; bizim Az\u0259rbaycanda kommunizm qurma\u011fa giri\u015fmi\u015f bir partiya var idi v\u0259 onun r\u0259hb\u0259rl\u0259ri xalq\u0131m\u0131z\u0131n \u0259b\u0259di s\u0259ad\u0259tini kommunist Rusiyas\u0131 il\u0259 \u0259b\u0259di dostluqda g\u00f6r\u00fcrd\u00fc.<\/p>\n\n\n\n<p>SSR\u0130 \u00e7\u00f6k\u0259nd\u0259n sonra onlara kom\u015fiza ad\u0131n\u0131 qoydular v\u0259 \u0259l\u0259 salma\u011fa ba\u015flad\u0131lar. Xo\u015fb\u0259xtlikd\u0259n, qurulu\u015f \u00e7\u00f6k\u0259nd\u0259n sonra b\u0259lli oldu ki, bu x\u0259st\u0259liy\u0259 h\u0259qiq\u0259t\u0259n tutulmu\u015f adamlar\u0131n say\u0131 bizim \u00f6lk\u0259d\u0259 \u0259slind\u0259 \u00e7ox c\u00fczi imi\u015f, Az\u0259rbaycan Kommunist Partiyas\u0131n\u0131n 430 min \u00fczv\u00fcnd\u0259n bir g\u00f6z q\u0131rp\u0131m\u0131nda he\u00e7 y\u00fcz n\u0259f\u0259r qalmad\u0131.<br>Bu g\u00fcnl\u0259rd\u0259&nbsp; sonuncu iki yoluq Kommunist Partiyas\u0131 \u00f6mr\u00fcn\u00fc YAP-a ba\u011f\u0131\u015flay\u0131b bu fani d\u00fcnyan\u0131 t\u0259rk etdi. Kom\u015fiza x\u0259st\u0259liyi Az\u0259rbaycanda bel\u0259c\u0259 m\u00fcalic\u0259 olundu.<\/p>\n\n\n\n<p>El\u0259 bil\u0259rsiz \u0259hali indi sapsa\u011flamd\u0131r, el\u0259 deyil, \u0259halinin bir hiss\u0259si t\u0259z\u0259 x\u0259st\u0259liy\u0259 tutulub, ad\u0131na dem\u015fiza deyilir. Y\u0259ni demokratik \u015fizofrenikl\u0259r. Bu dem\u015fiza inan\u0131r ki, Az\u0259rbaycanda demokratiya olub v\u0259 n\u0259inki h\u0259l\u0259 d\u0259 var, xeyr, g\u0259l\u0259c\u0259k demokratiyan\u0131nd\u0131r!&nbsp; Bu x\u0259st\u0259liy\u0259 tutulmu\u015f insanlar \u0259mindirl\u0259r ki, d\u00fcnyada demokratiyadan \u0259fz\u0259l he\u00e7 n\u0259 yoxdur, demokratik d\u00f6vl\u0259tl\u0259r \u0259n d\u00fcr\u00fcst v\u0259 \u0259n n\u0259cib d\u00f6vl\u0259tl\u0259rdir v\u0259 Az\u0259rbaycan m\u00fctl\u0259q demokratik d\u00f6vl\u0259tl\u0259rin yan\u0131nda, b\u00f6yr\u00fcnd\u0259 alt\u0131nda v\u0259 dal\u0131nda olmal\u0131d\u0131r! Yaln\u0131z demokratiya!<\/p>\n\n\n\n<p>Bu dem\u015fizaya \u00f6z\u00fcn\u00fc demokratik adland\u0131ran d\u00f6vl\u0259tl\u0259rin d\u00fcnyada t\u00f6r\u0259tdiyi cinay\u0259tl\u0259ri v\u0259 z\u00fclm\u00fc g\u00f6st\u0259rm\u0259k \u0259b\u0259sdir. Onlar \u00f6z beyinl\u0259rind\u0259 q\u00fcsursuz g\u00f6z\u0259l bir demokratik d\u00fcnya yarad\u0131b s\u0259mimi-q\u0259lbd\u0259n ona vurulublar v\u0259 d\u00fcnya da\u011f\u0131lsa bel\u0259 \u00f6z imanlar\u0131ndan d\u00f6n\u0259n deyill\u0259r.<\/p>\n\n\n\n<p>Ay bac\u0131, ay qarda\u015f, demokratik Fransan\u0131n, Bel\u00e7ikan\u0131n, L\u00fcksemburqun v\u0259 Niderland\u0131n parlamentl\u0259ri bu Artsax\u0131n m\u00fcst\u0259qilliyinin tan\u0131nmas\u0131 bar\u0259d\u0259 q\u0259tnam\u0259 q\u0259bul ed\u0259nd\u0259 bu m\u0259zlum Az\u0259rbaycan\u0131 v\u0259 onun bi\u00e7ar\u0259 xalq\u0131n\u0131n h\u00fcquqlar\u0131n\u0131 n\u0259 \u00fc\u00e7\u00fcn n\u0259z\u0259r\u0259 almad\u0131? Bu, hans\u0131 demokratik d\u0259y\u0259rl\u0259r\u0259 uy\u011fundur?<\/p>\n\n\n\n<p>Kim\u0259 deyirs\u0259n? Qurban olaq Fransaya, Bel\u00e7ikaya, L\u00fcksemburqa v\u0259 Niderlanda, \u0259c\u0259b el\u0259yib bel\u0259 g\u00f6z\u0259l q\u0259tnam\u0259 q\u0259bul edibl\u0259r! H\u0259r bir h\u0259qiqi demokrat g\u0259r\u0259k \u00fcst\u0259lik erm\u0259ni soyq\u0131r\u0131m\u0131n\u0131 da tan\u0131s\u0131n!<\/p>\n\n\n\n<p>He\u00e7 bir \u015f\u00fcbh\u0259 yoxdur ki, bu mill\u0259t dem\u015fiza azar\u0131ndan \u015f\u0259fa tapacaq, nec\u0259 ki, kom\u015fiza azar\u0131ndan \u015f\u0259fa tapd\u0131. Mill\u0259tin mahir bir doxturu demi\u015fk\u0259n, \u201czamana ehtiyac\u0131 var\u201d.<\/p>\n\n\n\n<p>El\u0259 bil\u0259rsiz, bizim mill\u0259tin ruhunda bu yoluxucu x\u0259st\u0259liy\u0259 qar\u015f\u0131 immunitet deyil\u0259n zireh yaran\u0131b? \u018fsla! Mill\u0259t dem\u015fiza azar\u0131ndan \u015f\u0259fa tapmam\u0131\u015f yeni bir azar g\u0259ldi. Onun ad\u0131 Turan \u015fizofreniyas\u0131d\u0131r. M\u00fcxt\u0259s\u0259r des\u0259k, tur\u015fiza.<br>Bir qisim insan inan\u0131r ki, bu yax\u0131nlarda d\u00fcnyadak\u0131 b\u00fct\u00fcn t\u00fcrk xalqlar\u0131, hans\u0131lar ki, t\u00fcrkdilli d\u00f6vl\u0259tl\u0259rd\u0259 ya\u015fay\u0131r, bu v\u0259 ya dig\u0259r \u015f\u0259kild\u0259 birl\u0259\u015f\u0259c\u0259kl\u0259r. Turan adl\u0131 bir d\u00f6vl\u0259t dey\u0259k, \u0130ttifaq dey\u0259k, n\u0259ys\u0259 yaranacaq! Bu b\u00f6y\u00fck Turan yaranan kimi gilas s\u0259b\u0259tinin dibind\u0259n \u015fip\u015firin gilaslar t\u00f6k\u00fcl\u0259c\u0259k t\u00fcrkl\u0259rin a\u011fz\u0131na. Yaln\u0131z t\u00fcrkl\u0259rin!<\/p>\n\n\n\n<p>Bu \u015firin Turan na\u011f\u0131l\u0131na inanm\u0131\u015f adamlar, hans\u0131lara ki, sizin h\u0259qir b\u0259nd\u0259niz tur\u015fiza deyir, \u00f6z \u0259vv\u0259lki \u015fizofreniks\u0259l\u0259fl\u0259ri kimi, inadc\u0131l, \u0259zmkar v\u0259 t\u0259cav\u00fczkard\u0131rlar. Lap el\u0259 kommunistl\u0259r v\u0259 demokratlar kimi, Turan na\u011f\u0131l\u0131na inanmayan adamlar\u0131 onlar v\u0259t\u0259n xaini v\u0259 mill\u0259t d\u00fc\u015fm\u0259ni say\u0131r v\u0259 onlar\u0131n qan\u0131n\u0131 t\u00f6k\u00fcb i\u00e7m\u0259y\u0259 haz\u0131rd\u0131rlar.<\/p>\n\n\n\n<p>M\u00fcalic\u0259 m\u0259qs\u0259dil\u0259 onlara h\u0259r hans\u0131 yeni bir d\u00f6vl\u0259tin v\u0259 ya d\u00f6vl\u0259tl\u0259r birliyinin yaranmas\u0131 \u00fc\u00e7\u00fcn z\u0259ruri olan \u015f\u0259rtl\u0259rd\u0259n s\u00f6z a\u00e7maq m\u0259nas\u0131zd\u0131r. Azar\u0131n ad\u0131 t\u0259sad\u00fcf\u0259n deyil ki, \u015fizofreniyad\u0131r. Bu azardan \u015f\u0259fa tapmaq \u00fc\u00e7\u00fcn kifay\u0259tdir ki, h\u0259yat \u00f6z\u00fc s\u00fcbut etsin: Turan sad\u0259c\u0259, lap el\u0259 kommunizm v\u0259 demokratiya kimi, \u015firin na\u011f\u0131ld\u0131r.<\/p>\n\n\n\n<p>H\u0259yat bu sad\u0259 h\u0259qiq\u0259ti s\u00fcbut ed\u0259n kimi Az\u0259rbaycanda birc\u0259 n\u0259f\u0259r bel\u0259 Turan na\u011f\u0131l\u0131na inanan insan qalmayacaq, nec\u0259 ki, indi bizd\u0259 kommunist tapammazsan.<\/p>\n\n\n\n<p>B\u00fct\u00fcn bu yazd\u0131qlar\u0131mdan hans\u0131 n\u0259tic\u0259y\u0259 g\u0259lm\u0259k olar? Az\u0259rbaycan xalq\u0131n\u0131n n\u00fcv\u0259si sa\u011flamd\u0131r, zahir\u0259n \u00f6z\u00fcn\u00fc \u015fizofrenik kimi ya kommunist, ya demokrat, ya da turan\u00e7\u0131 kimi g\u00f6st\u0259rs\u0259 d\u0259, \u0259slind\u0259 he\u00e7 n\u0259y\u0259 v\u0259 he\u00e7 kim\u0259 inanm\u0131r.<\/p>\n\n\n\n<p>Manata inan\u0131r, dollara inan\u0131r, avroya inan\u0131r, deyirl\u0259r, yuan adl\u0131 valyuta var, ona da inanma\u011fa haz\u0131rd\u0131r. T\u0259ki g\u0259lsin, \u00f6z\u00fc d\u0259 \u00e7ox, lap \u00e7ox g\u0259lsin.<\/p>\n\n\n\n<p>Qald\u0131 doktor N\u0259rimanova, M\u0259mm\u0259d\u0259min R\u0259sulzad\u0259y\u0259, dig\u0259r h\u0259qiq\u0259t\u0259n mill\u0259tin xiff\u0259tini \u00e7\u0259kib \u00f6mr\u00fcn\u00fc \u0259b\u0259s \u00e7\u00fcr\u00fctm\u00fc\u015f v\u0259 \u00e7\u00fcr\u00fcd\u0259n m\u0259xluqata, onlar bunu k\u00f6n\u00fcll\u00fc edirdil\u0259r. He\u00e7 kim onlar\u0131 m\u0259cbur etmirdi ki, h\u0259yatlar\u0131n\u0131 xalqa f\u0259da etsinl\u0259r.<\/p>\n\n\n\n<p>Bu da onlar\u0131n \u00f6zl\u0259ri \u00fc\u00e7\u00fcn uydurduqlar\u0131, mill\u0259tin \u0259ks\u0259riyy\u0259tinin ger\u00e7\u0259kliyi il\u0259 \u0259sla uyu\u015fmayan x\u0259yali d\u00fcnya idi. Bu azar\u0131n da ad\u0131 az\u015fizad\u0131r.<\/p>\n","protected":false},"excerpt":{"rendered":"<p>El\u0259 bil\u0259rsiz, bizim mill\u0259tin ruhunda bu yoluxucu x\u0259st\u0259liy\u0259 qar\u015f\u0131 immunitet &#8230; <\/p>\n<p class=\"read-more-container\"><a title=\"\u015eiza: kom, dem, tur v\u0259 az\" class=\"read-more button\" href=\"https:\/\/www.meydan.tv\/az\/article\/siza-kom-dem-tur-ve-az\/#more-274004\" aria-label=\"Read more about \u015eiza: kom, dem, tur v\u0259 az\">Davam\u0131<\/a><\/p>\n","protected":false},"author":8,"featured_media":126823,"comment_status":"closed","ping_status":"closed","sticky":false,"template":"","format":"standard","meta":{"_acf_changed":false,"_sitemap_exclude":false,"_sitemap_priority":"","_sitemap_frequency":"","footnotes":""},"categories":[57],"tags":[],"class_list":["post-274004","post","type-post","status-publish","format-standard","has-post-thumbnail","hentry","category-menim-fikrimce","infinite-scroll-item","generate-columns","tablet-grid-50","mobile-grid-100","grid-parent","grid-33","no-featured-image-padding"],"acf":[],"yoast_head":"<!-- This site is optimized with the Yoast SEO plugin v27.4 - https:\/\/yoast.com\/product\/yoast-seo-wordpress\/ -->\n<title>\u015eiza: kom, dem, tur v\u0259 az - MEYDAN.TV<\/title>\n<meta name=\"robots\" content=\"index, follow, max-snippet:-1, max-image-preview:large, max-video-preview:-1\" \/>\n<link rel=\"canonical\" href=\"https:\/\/www.meydan.tv\/az\/article\/siza-kom-dem-tur-ve-az\/\" \/>\n<meta property=\"og:locale\" content=\"az_AZ\" \/>\n<meta property=\"og:type\" content=\"article\" \/>\n<meta property=\"og:title\" content=\"\u015eiza: kom, dem, tur v\u0259 az - MEYDAN.TV\" \/>\n<meta property=\"og:description\" content=\"El\u0259 bil\u0259rsiz, bizim mill\u0259tin ruhunda bu yoluxucu x\u0259st\u0259liy\u0259 qar\u015f\u0131 immunitet ... Davam\u0131\" \/>\n<meta property=\"og:url\" content=\"https:\/\/www.meydan.tv\/az\/article\/siza-kom-dem-tur-ve-az\/\" \/>\n<meta property=\"og:site_name\" content=\"MEYDAN.TV\" \/>\n<meta property=\"article:published_time\" content=\"2023-04-30T16:22:03+00:00\" \/>\n<meta property=\"article:modified_time\" content=\"2023-05-10T11:59:03+00:00\" \/>\n<meta property=\"og:image\" content=\"https:\/\/www.meydan.tv\/wp-content\/uploads\/image_from_ios_2_p52ittc.original.original-scaled-e1682070233838.jpg\" \/>\n\t<meta property=\"og:image:width\" content=\"2560\" \/>\n\t<meta property=\"og:image:height\" content=\"1158\" \/>\n\t<meta property=\"og:image:type\" content=\"image\/jpeg\" \/>\n<meta name=\"author\" content=\"elli\" \/>\n<meta name=\"twitter:card\" content=\"summary_large_image\" \/>\n<meta name=\"twitter:creator\" content=\"@elli\" \/>\n<script type=\"application\/ld+json\" class=\"yoast-schema-graph\">{\"@context\":\"https:\\\/\\\/schema.org\",\"@graph\":[{\"@type\":\"Article\",\"@id\":\"https:\\\/\\\/www.meydan.tv\\\/az\\\/article\\\/siza-kom-dem-tur-ve-az\\\/#article\",\"isPartOf\":{\"@id\":\"https:\\\/\\\/www.meydan.tv\\\/az\\\/article\\\/siza-kom-dem-tur-ve-az\\\/\"},\"author\":{\"name\":\"elli\",\"@id\":\"https:\\\/\\\/www.meydan.tv\\\/az\\\/#\\\/schema\\\/person\\\/9cdbecf90d17180ce1dfbd95b08dcf47\"},\"headline\":\"\u015eiza: kom, dem, tur v\u0259 az\",\"datePublished\":\"2023-04-30T16:22:03+00:00\",\"dateModified\":\"2023-05-10T11:59:03+00:00\",\"mainEntityOfPage\":{\"@id\":\"https:\\\/\\\/www.meydan.tv\\\/az\\\/article\\\/siza-kom-dem-tur-ve-az\\\/\"},\"wordCount\":1795,\"publisher\":{\"@id\":\"https:\\\/\\\/www.meydan.tv\\\/az\\\/#organization\"},\"image\":{\"@id\":\"https:\\\/\\\/www.meydan.tv\\\/az\\\/article\\\/siza-kom-dem-tur-ve-az\\\/#primaryimage\"},\"thumbnailUrl\":\"https:\\\/\\\/www.meydan.tv\\\/wp-content\\\/uploads\\\/image_from_ios_2_p52ittc.original.original-scaled-e1682070233838.jpg\",\"articleSection\":[\"M\u0259nim Fikrimc\u0259\"],\"inLanguage\":\"az\"},{\"@type\":\"WebPage\",\"@id\":\"https:\\\/\\\/www.meydan.tv\\\/az\\\/article\\\/siza-kom-dem-tur-ve-az\\\/\",\"url\":\"https:\\\/\\\/www.meydan.tv\\\/az\\\/article\\\/siza-kom-dem-tur-ve-az\\\/\",\"name\":\"\u015eiza: kom, dem, tur v\u0259 az - MEYDAN.TV\",\"isPartOf\":{\"@id\":\"https:\\\/\\\/www.meydan.tv\\\/az\\\/#website\"},\"primaryImageOfPage\":{\"@id\":\"https:\\\/\\\/www.meydan.tv\\\/az\\\/article\\\/siza-kom-dem-tur-ve-az\\\/#primaryimage\"},\"image\":{\"@id\":\"https:\\\/\\\/www.meydan.tv\\\/az\\\/article\\\/siza-kom-dem-tur-ve-az\\\/#primaryimage\"},\"thumbnailUrl\":\"https:\\\/\\\/www.meydan.tv\\\/wp-content\\\/uploads\\\/image_from_ios_2_p52ittc.original.original-scaled-e1682070233838.jpg\",\"datePublished\":\"2023-04-30T16:22:03+00:00\",\"dateModified\":\"2023-05-10T11:59:03+00:00\",\"breadcrumb\":{\"@id\":\"https:\\\/\\\/www.meydan.tv\\\/az\\\/article\\\/siza-kom-dem-tur-ve-az\\\/#breadcrumb\"},\"inLanguage\":\"az\",\"potentialAction\":[{\"@type\":\"ReadAction\",\"target\":[\"https:\\\/\\\/www.meydan.tv\\\/az\\\/article\\\/siza-kom-dem-tur-ve-az\\\/\"]}]},{\"@type\":\"ImageObject\",\"inLanguage\":\"az\",\"@id\":\"https:\\\/\\\/www.meydan.tv\\\/az\\\/article\\\/siza-kom-dem-tur-ve-az\\\/#primaryimage\",\"url\":\"https:\\\/\\\/www.meydan.tv\\\/wp-content\\\/uploads\\\/image_from_ios_2_p52ittc.original.original-scaled-e1682070233838.jpg\",\"contentUrl\":\"https:\\\/\\\/www.meydan.tv\\\/wp-content\\\/uploads\\\/image_from_ios_2_p52ittc.original.original-scaled-e1682070233838.jpg\",\"width\":2560,\"height\":1158,\"caption\":\"Foto: Meydan TV\"},{\"@type\":\"BreadcrumbList\",\"@id\":\"https:\\\/\\\/www.meydan.tv\\\/az\\\/article\\\/siza-kom-dem-tur-ve-az\\\/#breadcrumb\",\"itemListElement\":[{\"@type\":\"ListItem\",\"position\":1,\"name\":\"Ana s\u0259hif\u0259\",\"item\":\"https:\\\/\\\/www.meydan.tv\\\/az\\\/\"},{\"@type\":\"ListItem\",\"position\":2,\"name\":\"M\u0259nim Fikrimc\u0259\",\"item\":\"https:\\\/\\\/www.meydan.tv\\\/az\\\/section\\\/menim-fikrimce\\\/\"},{\"@type\":\"ListItem\",\"position\":3,\"name\":\"\u015eiza: kom, dem, tur v\u0259 az\"}]},{\"@type\":\"WebSite\",\"@id\":\"https:\\\/\\\/www.meydan.tv\\\/az\\\/#website\",\"url\":\"https:\\\/\\\/www.meydan.tv\\\/az\\\/\",\"name\":\"MEYDAN.TV\",\"description\":\"Meydan TV Az\u0259rbaycan\u0131n media m\u0259kan\u0131ndak\u0131 alternativ s\u0259sidir\",\"publisher\":{\"@id\":\"https:\\\/\\\/www.meydan.tv\\\/az\\\/#organization\"},\"potentialAction\":[{\"@type\":\"SearchAction\",\"target\":{\"@type\":\"EntryPoint\",\"urlTemplate\":\"https:\\\/\\\/www.meydan.tv\\\/az\\\/?s={search_term_string}\"},\"query-input\":{\"@type\":\"PropertyValueSpecification\",\"valueRequired\":true,\"valueName\":\"search_term_string\"}}],\"inLanguage\":\"az\"},{\"@type\":\"Organization\",\"@id\":\"https:\\\/\\\/www.meydan.tv\\\/az\\\/#organization\",\"name\":\"Meydan TV\",\"url\":\"https:\\\/\\\/www.meydan.tv\\\/az\\\/\",\"logo\":{\"@type\":\"ImageObject\",\"inLanguage\":\"az\",\"@id\":\"https:\\\/\\\/www.meydan.tv\\\/az\\\/#\\\/schema\\\/logo\\\/image\\\/\",\"url\":\"https:\\\/\\\/www.meydan.tv\\\/wp-content\\\/uploads\\\/2021\\\/07\\\/meydan-logo.svg\",\"contentUrl\":\"https:\\\/\\\/www.meydan.tv\\\/wp-content\\\/uploads\\\/2021\\\/07\\\/meydan-logo.svg\",\"width\":195,\"height\":46,\"caption\":\"Meydan TV\"},\"image\":{\"@id\":\"https:\\\/\\\/www.meydan.tv\\\/az\\\/#\\\/schema\\\/logo\\\/image\\\/\"}},{\"@type\":\"Person\",\"@id\":\"https:\\\/\\\/www.meydan.tv\\\/az\\\/#\\\/schema\\\/person\\\/9cdbecf90d17180ce1dfbd95b08dcf47\",\"name\":\"elli\",\"sameAs\":[\"https:\\\/\\\/x.com\\\/elli\"]}]}<\/script>\n<!-- \/ Yoast SEO plugin. -->","yoast_head_json":{"title":"\u015eiza: kom, dem, tur v\u0259 az - MEYDAN.TV","robots":{"index":"index","follow":"follow","max-snippet":"max-snippet:-1","max-image-preview":"max-image-preview:large","max-video-preview":"max-video-preview:-1"},"canonical":"https:\/\/www.meydan.tv\/az\/article\/siza-kom-dem-tur-ve-az\/","og_locale":"az_AZ","og_type":"article","og_title":"\u015eiza: kom, dem, tur v\u0259 az - MEYDAN.TV","og_description":"El\u0259 bil\u0259rsiz, bizim mill\u0259tin ruhunda bu yoluxucu x\u0259st\u0259liy\u0259 qar\u015f\u0131 immunitet ... Davam\u0131","og_url":"https:\/\/www.meydan.tv\/az\/article\/siza-kom-dem-tur-ve-az\/","og_site_name":"MEYDAN.TV","article_published_time":"2023-04-30T16:22:03+00:00","article_modified_time":"2023-05-10T11:59:03+00:00","og_image":[{"width":2560,"height":1158,"url":"https:\/\/www.meydan.tv\/wp-content\/uploads\/image_from_ios_2_p52ittc.original.original-scaled-e1682070233838.jpg","type":"image\/jpeg"}],"author":"elli","twitter_card":"summary_large_image","twitter_creator":"@elli","schema":{"@context":"https:\/\/schema.org","@graph":[{"@type":"Article","@id":"https:\/\/www.meydan.tv\/az\/article\/siza-kom-dem-tur-ve-az\/#article","isPartOf":{"@id":"https:\/\/www.meydan.tv\/az\/article\/siza-kom-dem-tur-ve-az\/"},"author":{"name":"elli","@id":"https:\/\/www.meydan.tv\/az\/#\/schema\/person\/9cdbecf90d17180ce1dfbd95b08dcf47"},"headline":"\u015eiza: kom, dem, tur v\u0259 az","datePublished":"2023-04-30T16:22:03+00:00","dateModified":"2023-05-10T11:59:03+00:00","mainEntityOfPage":{"@id":"https:\/\/www.meydan.tv\/az\/article\/siza-kom-dem-tur-ve-az\/"},"wordCount":1795,"publisher":{"@id":"https:\/\/www.meydan.tv\/az\/#organization"},"image":{"@id":"https:\/\/www.meydan.tv\/az\/article\/siza-kom-dem-tur-ve-az\/#primaryimage"},"thumbnailUrl":"https:\/\/www.meydan.tv\/wp-content\/uploads\/image_from_ios_2_p52ittc.original.original-scaled-e1682070233838.jpg","articleSection":["M\u0259nim Fikrimc\u0259"],"inLanguage":"az"},{"@type":"WebPage","@id":"https:\/\/www.meydan.tv\/az\/article\/siza-kom-dem-tur-ve-az\/","url":"https:\/\/www.meydan.tv\/az\/article\/siza-kom-dem-tur-ve-az\/","name":"\u015eiza: kom, dem, tur v\u0259 az - MEYDAN.TV","isPartOf":{"@id":"https:\/\/www.meydan.tv\/az\/#website"},"primaryImageOfPage":{"@id":"https:\/\/www.meydan.tv\/az\/article\/siza-kom-dem-tur-ve-az\/#primaryimage"},"image":{"@id":"https:\/\/www.meydan.tv\/az\/article\/siza-kom-dem-tur-ve-az\/#primaryimage"},"thumbnailUrl":"https:\/\/www.meydan.tv\/wp-content\/uploads\/image_from_ios_2_p52ittc.original.original-scaled-e1682070233838.jpg","datePublished":"2023-04-30T16:22:03+00:00","dateModified":"2023-05-10T11:59:03+00:00","breadcrumb":{"@id":"https:\/\/www.meydan.tv\/az\/article\/siza-kom-dem-tur-ve-az\/#breadcrumb"},"inLanguage":"az","potentialAction":[{"@type":"ReadAction","target":["https:\/\/www.meydan.tv\/az\/article\/siza-kom-dem-tur-ve-az\/"]}]},{"@type":"ImageObject","inLanguage":"az","@id":"https:\/\/www.meydan.tv\/az\/article\/siza-kom-dem-tur-ve-az\/#primaryimage","url":"https:\/\/www.meydan.tv\/wp-content\/uploads\/image_from_ios_2_p52ittc.original.original-scaled-e1682070233838.jpg","contentUrl":"https:\/\/www.meydan.tv\/wp-content\/uploads\/image_from_ios_2_p52ittc.original.original-scaled-e1682070233838.jpg","width":2560,"height":1158,"caption":"Foto: Meydan TV"},{"@type":"BreadcrumbList","@id":"https:\/\/www.meydan.tv\/az\/article\/siza-kom-dem-tur-ve-az\/#breadcrumb","itemListElement":[{"@type":"ListItem","position":1,"name":"Ana s\u0259hif\u0259","item":"https:\/\/www.meydan.tv\/az\/"},{"@type":"ListItem","position":2,"name":"M\u0259nim Fikrimc\u0259","item":"https:\/\/www.meydan.tv\/az\/section\/menim-fikrimce\/"},{"@type":"ListItem","position":3,"name":"\u015eiza: kom, dem, tur v\u0259 az"}]},{"@type":"WebSite","@id":"https:\/\/www.meydan.tv\/az\/#website","url":"https:\/\/www.meydan.tv\/az\/","name":"MEYDAN.TV","description":"Meydan TV Az\u0259rbaycan\u0131n media m\u0259kan\u0131ndak\u0131 alternativ s\u0259sidir","publisher":{"@id":"https:\/\/www.meydan.tv\/az\/#organization"},"potentialAction":[{"@type":"SearchAction","target":{"@type":"EntryPoint","urlTemplate":"https:\/\/www.meydan.tv\/az\/?s={search_term_string}"},"query-input":{"@type":"PropertyValueSpecification","valueRequired":true,"valueName":"search_term_string"}}],"inLanguage":"az"},{"@type":"Organization","@id":"https:\/\/www.meydan.tv\/az\/#organization","name":"Meydan TV","url":"https:\/\/www.meydan.tv\/az\/","logo":{"@type":"ImageObject","inLanguage":"az","@id":"https:\/\/www.meydan.tv\/az\/#\/schema\/logo\/image\/","url":"https:\/\/www.meydan.tv\/wp-content\/uploads\/2021\/07\/meydan-logo.svg","contentUrl":"https:\/\/www.meydan.tv\/wp-content\/uploads\/2021\/07\/meydan-logo.svg","width":195,"height":46,"caption":"Meydan TV"},"image":{"@id":"https:\/\/www.meydan.tv\/az\/#\/schema\/logo\/image\/"}},{"@type":"Person","@id":"https:\/\/www.meydan.tv\/az\/#\/schema\/person\/9cdbecf90d17180ce1dfbd95b08dcf47","name":"elli","sameAs":["https:\/\/x.com\/elli"]}]}},"_links":{"self":[{"href":"https:\/\/www.meydan.tv\/az\/wp-json\/wp\/v2\/posts\/274004","targetHints":{"allow":["GET"]}}],"collection":[{"href":"https:\/\/www.meydan.tv\/az\/wp-json\/wp\/v2\/posts"}],"about":[{"href":"https:\/\/www.meydan.tv\/az\/wp-json\/wp\/v2\/types\/post"}],"author":[{"embeddable":true,"href":"https:\/\/www.meydan.tv\/az\/wp-json\/wp\/v2\/users\/8"}],"replies":[{"embeddable":true,"href":"https:\/\/www.meydan.tv\/az\/wp-json\/wp\/v2\/comments?post=274004"}],"version-history":[{"count":3,"href":"https:\/\/www.meydan.tv\/az\/wp-json\/wp\/v2\/posts\/274004\/revisions"}],"predecessor-version":[{"id":274642,"href":"https:\/\/www.meydan.tv\/az\/wp-json\/wp\/v2\/posts\/274004\/revisions\/274642"}],"wp:featuredmedia":[{"embeddable":true,"href":"https:\/\/www.meydan.tv\/az\/wp-json\/wp\/v2\/media\/126823"}],"wp:attachment":[{"href":"https:\/\/www.meydan.tv\/az\/wp-json\/wp\/v2\/media?parent=274004"}],"wp:term":[{"taxonomy":"category","embeddable":true,"href":"https:\/\/www.meydan.tv\/az\/wp-json\/wp\/v2\/categories?post=274004"},{"taxonomy":"post_tag","embeddable":true,"href":"https:\/\/www.meydan.tv\/az\/wp-json\/wp\/v2\/tags?post=274004"}],"curies":[{"name":"wp","href":"https:\/\/api.w.org\/{rel}","templated":true}]}}