{"id":274002,"date":"2023-04-30T18:13:07","date_gmt":"2023-04-30T14:13:07","guid":{"rendered":"https:\/\/www.meydan.tv\/?p=274002"},"modified":"2023-04-30T18:13:11","modified_gmt":"2023-04-30T14:13:11","slug":"gence-sakini-gunahsiz-bir-adama-dorduncu-ildir-ki-zulm-eleyirler","status":"publish","type":"post","link":"https:\/\/www.meydan.tv\/az\/article\/gence-sakini-gunahsiz-bir-adama-dorduncu-ildir-ki-zulm-eleyirler\/","title":{"rendered":"G\u0259nc\u0259 sakini: \u201cG\u00fcnahs\u0131z bir adama d\u00f6rd\u00fcnc\u00fc ildir ki, z\u00fclm el\u0259yirl\u0259r&#8230;\u201d"},"content":{"rendered":"\n<p><\/p>\n\n\n\n<p><em>Rumiyy\u0259 \u0130smay\u0131lova: \u201cAli M\u0259hk\u0259m\u0259nin q\u0259rar\u0131ndan sonra \u00fcmidim yaran\u0131b, amma yen\u0259 d\u0259 qorxuram\u201d<\/em><\/p>\n\n\n\n<p>G\u0259nc\u0259 sakini Rumiyy\u0259 \u0130smay\u0131lova deyir ki, h\u0259yat yolda\u015f\u0131 3 ild\u0259n \u00e7oxdur t\u00f6r\u0259tm\u0259diyi cinay\u0259t\u0259 g\u00f6r\u0259 c\u0259za \u00e7\u0259kir. Onun s\u00f6zl\u0259rin\u0259 g\u00f6r\u0259, aprelin 25-d\u0259 Ali M\u0259hk\u0259m\u0259nin a\u015fa\u011f\u0131 instansin\u0131n q\u0259rar\u0131n\u0131 l\u0259\u011fv edib, i\u015fi t\u0259krar ara\u015fd\u0131rmaya qaytarmas\u0131 bir q\u0259d\u0259r \u00fcmid yaratsa da, yen\u0259 narahatl\u0131qlar\u0131 var.<\/p>\n\n\n\n<p><strong>\u201cBu pozuntular\u0131 a\u015fa\u011f\u0131 m\u0259hk\u0259m\u0259l\u0259rin hakiml\u0259ri g\u00f6rm\u00fcrd\u00fc?\u201d<\/strong><\/p>\n\n\n\n<p>\u201c<em>O q\u0259rardan sonra \u00fcmidim yaran\u0131b, amma yen\u0259 qorxuram. \u0130\u015fin i\u00e7ind\u0259 o q\u0259d\u0259r qanun pozuntular\u0131, o q\u0259d\u0259r haqs\u0131zl\u0131q, o q\u0259d\u0259r ziddiyy\u0259t var, saymaqla bitmir. Ali M\u0259hk\u0259m\u0259 d\u0259 bunlara g\u00f6r\u0259 q\u0259rar\u0131 l\u0259\u011fv el\u0259di. Bu pozuntular\u0131 a\u015fa\u011f\u0131 m\u0259hk\u0259m\u0259l\u0259rin hakiml\u0259ri g\u00f6rm\u00fcrd\u00fc? Onlar da g\u00f6r\u00fcrd\u00fc. G\u00fcnahs\u0131z bir adama d\u00f6rd\u00fcnc\u00fc ildir ki, z\u00fclm el\u0259yirl\u0259r\u201d, <\/em>&#8211; Rumiyy\u0259 \u0130smay\u0131lova Meydan TV-y\u0259 dan\u0131\u015f\u0131r.<\/p>\n\n\n\n<p>H\u0259yat yolda\u015f\u0131, 1973-c\u00fc il t\u0259v\u0259ll\u00fcdl\u00fc Polad \u0130smay\u0131lov 2020-ci ilin fevral\u0131ndan h\u0259bsd\u0259dir. O, 9 il \u00f6nc\u0259 &#8211; 2011-ci il fevral\u0131n 24-d\u0259 Zaqatalada 1950-ci il t\u0259v\u0259ll\u00fcdl\u00fc Seyran \u018fyyubovan\u0131 q\u0259tl\u0259 yetirm\u0259kd\u0259 t\u0259qsirl\u0259ndiril\u0259r\u0259k h\u0259bs edilib.<\/p>\n\n\n\n<p>Seyran \u018fyyubova evini m\u00fcxt\u0259lif \u015f\u0259xsl\u0259r\u0259, o c\u00fcml\u0259d\u0259n ayr\u0131-ayr\u0131 b\u00f6lg\u0259l\u0259rd\u0259n ticar\u0259t m\u0259qs\u0259dil\u0259 m\u00fcv\u0259qq\u0259ti Zaqatalaya g\u0259l\u0259nl\u0259r\u0259 g\u00fcnd\u0259lik kiray\u0259 verirmi\u015f. \u201cMega Trans\u201d MMC-d\u0259 s\u00fcr\u00fcc\u00fc i\u015fl\u0259y\u0259n (y\u00fck ma\u015f\u0131nlar\u0131 idar\u0259 edirdi), h\u0259m\u00e7inin o d\u00f6vrd\u0259 Zaqatala bazar\u0131nda mi\u015far da\u015flar\u0131n\u0131n sat\u0131\u015f\u0131yla m\u0259\u015f\u011ful olan Polad \u0130smay\u0131lov da ara-s\u0131ra Seyran \u018fyyubovan\u0131n evind\u0259 g\u00fcnd\u0259lik kiray\u0259 qalan 10-15 n\u0259f\u0259rin aras\u0131nda olub.<\/p>\n\n\n\n<p><strong>\u201c\u00c7arpay\u0131ya g\u00f6r\u0259 adam \u00f6ld\u00fcr\u0259rl\u0259r?\u201d<\/strong><\/p>\n\n\n\n<p>Cinay\u0259t i\u015finin materiallar\u0131nda iddia olunur ki, Polad \u0130smay\u0131lov qad\u0131n\u0131 ona ist\u0259diyi \u00e7arpay\u0131da yatma\u011fa icaz\u0259 verm\u0259diyin\u0259 g\u00f6r\u0259 qisas almaqdan \u00f6tr\u00fc \u00f6ld\u00fcr\u00fcb. Hadis\u0259 ba\u015f ver\u0259n g\u00fcn\u00fcn gec\u0259si Polad \u0130smay\u0131lov o evd\u0259 qalanda qad\u0131n ona ist\u0259diyi \u00e7arpay\u0131da yatma\u011fa icaz\u0259 verm\u0259yib. Deyib ki, orada ba\u015fqa qona\u011f\u0131 yatacaq. Amma s\u0259h\u0259r yuxudan oyananda g\u00f6r\u00fcb ki, h\u0259min \u00e7arpay\u0131 bo\u015fdur, orada he\u00e7 kim yatmay\u0131bm\u0131\u015f, qad\u0131n onu aldad\u0131b. \u0130ttihama \u0259sas\u0259n, Polad \u0130smay\u0131lov qohumuyla birlikd\u0259 \u00e7\u0131x\u0131b bazara gets\u0259 d\u0259, g\u00fcnorta qay\u0131d\u0131b v\u0259 m\u00fcbahis\u0259 z\u0259minind\u0259 Seyran \u018fyyubovan\u0131 q\u0259tl\u0259 yetirib.<\/p>\n\n\n\n<p>Rumiyy\u0259 \u0130smay\u0131lovan\u0131n q\u0259tlind\u0259n sonra o evd\u0259 qalm\u0131\u015f bir \u00e7oxu kimi, Polad \u0130smay\u0131lovu da sor\u011fu sual edibl\u0259r. Onun bu i\u015f\u0259 aidiyy\u0259ti olmad\u0131\u011f\u0131n\u0131 g\u00f6r\u00fcb, s\u0259rb\u0259st burax\u0131blar:<\/p>\n\n\n\n<p><em>\u201c\u00c7arpay\u0131da yatma\u011fa g\u00f6r\u0259 adam \u00f6ld\u00fcr\u0259rl\u0259r? Biz s\u00f6zl\u0259 demirik ki, Polad g\u00fcnahkar deyil, faktlarla dan\u0131\u015f\u0131r\u0131q. Ara\u015fd\u0131rma zaman\u0131 evd\u0259n qad\u0131nla yana\u015f\u0131, bir ki\u015fiy\u0259 m\u0259xsus da qan damc\u0131lar\u0131 tap\u0131l\u0131b. H\u0259min qan \u00fc\u00e7\u00fcnc\u00fc qrupdur. Yolda\u015f\u0131m\u0131n qan qrupu is\u0259 birinci qrupdur. Dem\u0259li, hadis\u0259 zaman\u0131 o adam da x\u0259sar\u0259t al\u0131b ki, yer\u0259 qan damc\u0131lay\u0131b. Halbuki, o vaxt yolda\u015f\u0131m\u0131 yoxlam\u0131\u015fd\u0131lar, onun \u00fcst\u00fcnd\u0259 he\u00e7 bir x\u0259sar\u0259t olmam\u0131\u015fd\u0131. Olsayd\u0131, d\u0259rhal saxlayard\u0131lar. \u015eahidl\u0259r var ki, hadis\u0259 ba\u015f ver\u0259n vaxt Polad\u0131n bazarda oldu\u011funu, ma\u015f\u0131n d\u00fcz\u0259ltdiyini t\u0259sdiql\u0259y\u0259n \u015fahidl\u0259r var&#8230;\u201d.<\/em><\/p>\n\n\n\n<p><strong>Prokurorluq: \u201cS\u00fcbut olunub\u201d<\/strong><\/p>\n\n\n\n<p>Prokurorluq is\u0259 f\u0259rqli m\u00f6vqed\u0259dir. Zaqatala Rayon Prokurorlu\u011funun yayd\u0131\u011f\u0131 m\u0259lumatda iddia olunur ki, Polad \u0130smay\u0131lovun Seyran \u018fyyubovan\u0131 q\u0259tl\u0259 yetirm\u0259siyl\u0259 ba\u011fl\u0131 yet\u0259rinc\u0259 d\u0259lil-s\u00fcbutlar var:<\/p>\n\n\n\n<p>\u201c<em>Cinay\u0259t i\u015fi \u00fczr\u0259 m\u00fcvafiq ekspertizalar ke\u00e7irilib, maddi s\u00fcbutlar g\u00f6t\u00fcr\u00fclm\u00fc\u015f, \u015fahidl\u0259r dindirilib, dig\u0259r z\u0259ruri prosessual h\u0259r\u0259k\u0259tl\u0259r yerin\u0259 yetirilib\u201d.<\/em><\/p>\n\n\n\n<p>Bu cinay\u0259t i\u015fin\u0259 \u0259vv\u0259lc\u0259 \u015e\u0259ki A\u011f\u0131r Cinay\u0259tl\u0259r M\u0259hk\u0259m\u0259sind\u0259 bax\u0131l\u0131b v\u0259 Polad \u0130smay\u0131lov 11 il azadl\u0131qdan m\u0259hrum edilib. H\u00f6kmd\u0259n apelyasiya \u015fikay\u0259ti verils\u0259 d\u0259, n\u0259tic\u0259 d\u0259yi\u015fm\u0259yib \u2013 \u015e\u0259ki Apelyasiya M\u0259hk\u0259m\u0259si h\u00f6km\u00fc q\u00fcvv\u0259d\u0259 saxlay\u0131b. Lakin aprelin 25-d\u0259 Ali M\u0259hk\u0259m\u0259 bel\u0259 n\u0259tic\u0259y\u0259 g\u0259lib ki, a\u015fa\u011f\u0131 instansiya m\u0259hk\u0259m\u0259sind\u0259 bu cinay\u0259t i\u015fi h\u0259rt\u0259r\u0259fli ara\u015fd\u0131r\u0131lmay\u0131b. Ona g\u00f6r\u0259 d\u0259 Ali M\u0259hk\u0259m\u0259d\u0259 R\u0259\u015fad Abdulovun s\u0259drlik etdiyi hakiml\u0259r kollegiyas\u0131 q\u0259rar\u0131 l\u0259\u011fv ed\u0259r\u0259k, i\u015fi yenid\u0259n ara\u015fd\u0131r\u0131lmas\u0131 \u00fc\u00e7\u00fcn \u015e\u0259ki Apelyasiya M\u0259hk\u0259m\u0259sin\u0259 qaytar\u0131b.<\/p>\n\n\n<div class=\"wp-block-image\">\n<figure class=\"alignleft size-large is-resized\"><img decoding=\"async\" data-src=\"https:\/\/www.meydan.tv\/wp-content\/uploads\/photo-2023-04-30-11-55-41-628x821.jpg\" alt=\"\" class=\"wp-image-273999 lazyload\" width=\"351\" height=\"459\" src=\"data:image\/svg+xml;base64,PHN2ZyB3aWR0aD0iMSIgaGVpZ2h0PSIxIiB4bWxucz0iaHR0cDovL3d3dy53My5vcmcvMjAwMC9zdmciPjwvc3ZnPg==\" style=\"--smush-placeholder-width: 351px; --smush-placeholder-aspect-ratio: 351\/459;\" \/><figcaption class=\"wp-element-caption\">Polad \u0130smay\u0131lov.<\/figcaption><\/figure>\n<\/div>\n\n\n<p>Rumiyy\u0259 \u0130smay\u0131lova d\u00fc\u015f\u00fcn\u00fcr ki, h\u00fcquq-m\u00fchafiz\u0259 orqanlar\u0131 9 il a\u00e7a bilm\u0259dikl\u0259ri cinay\u0259ti h\u0259yat yolda\u015f\u0131n\u0131n \u00fcz\u0259rin\u0259 qoymaq yolunu se\u00e7dikl\u0259rin\u0259 g\u00f6r\u0259 o, bu g\u00fcn h\u0259bsd\u0259dir. Polad \u0130smay\u0131lovun i\u015fg\u0259nc\u0259l\u0259r\u0259 m\u0259ruz qald\u0131\u011f\u0131n\u0131, \u00f6vladlar\u0131yla h\u0259d\u0259l\u0259ndiyini dey\u0259n \u0130smay\u0131lovan\u0131n s\u00f6zl\u0259rin\u0259 g\u00f6r\u0259, Zaqatala Rayon Polis \u015e\u00f6b\u0259sind\u0259 tutulandan bir ne\u00e7\u0259 g\u00fcn sonra \u0259rini g\u00f6r\u0259nd\u0259 o, tan\u0131nmaz halda idi.<\/p>\n\n\n\n<p><em>\u201cOna o q\u0259d\u0259r i\u015fg\u0259nc\u0259 vermi\u015fdil\u0259r, s\u00f6zl\u0259 deyil\u0259si deyil. Deyir ki, can\u0131m\u0131 qurtarmaq ist\u0259yirdim, ona g\u00f6r\u0259 qol \u00e7\u0259kdim. H\u0259m d\u0259 onu u\u015faqlar\u0131m\u0131zla h\u0259d\u0259l\u0259yibl\u0259r. Bir d\u0259 deyibl\u0259r ki, bel\u0259 raz\u0131la\u015fmasan, yaz\u0131lacaq ki, qad\u0131n\u0131 zorlam\u0131san. O da ail\u0259nin ad\u0131n\u0131, \u015f\u0259r\u0259fini fikirl\u0259\u015fib&#8230;\u201d.<\/em><\/p>\n\n\n\n<p>Cinay\u0259t i\u015finin materiallar\u0131ndan m\u0259lum olur ki, Polad \u0130smay\u0131lov 2020-ci il fevral\u0131n 24-d\u0259 Zaqatala Rayon Polis \u015e\u00f6b\u0259sin\u0259 telefonla \u00e7a\u011f\u0131r\u0131l\u0131b. O, h\u0259min g\u00fcn polis \u015f\u00f6b\u0259sin\u0259 gets\u0259 d\u0259, polis\u0259 m\u00fcqavim\u0259t ittiham\u0131yla inzibati qaydada h\u0259bs olunur. Bu m\u00fcdd\u0259td\u0259 is\u0259 ondan \u0259riz\u0259 al\u0131n\u0131b. \u018friz\u0259nin is\u0259 m\u0259zmunu bel\u0259dir ki, Polad \u0130smay\u0131lov 9 il \u0259vv\u0259l t\u00f6r\u0259tdiyi cinay\u0259t\u0259 g\u00f6r\u0259 vicdan \u0259zab\u0131 \u00e7\u0259kir, bu \u00fczd\u0259n onu etiraf etm\u0259k q\u0259rar\u0131na g\u0259lib:<\/p>\n\n\n\n<p>\u201c<em>U\u015faq da g\u00f6r\u00fcr ki, bu i\u015f quramad\u0131r. Adam \u00f6z aya\u011f\u0131 il\u0259 polis\u0259 g\u0259lir, onun haqq\u0131nda polis\u0259 m\u00fcqavim\u0259t ittiham\u0131yla q\u0259rar \u00e7\u0131xar\u0131rlar. O q\u0259rar\u0131n m\u0259qs\u0259di o idi ki, h\u0259bs el\u0259sinl\u0259r, o m\u00fcdd\u0259td\u0259 \u0259ll\u0259rinin alt\u0131nda saxlay\u0131b i\u015fg\u0259nc\u0259 versinl\u0259r\u201d.<\/em><\/p>\n\n\n\n<p><strong>\u201cG\u00fcnahs\u0131z adam\u0131 l\u0259k\u0259l\u0259yirl\u0259r\u201d<\/strong><\/p>\n\n\n\n<p>Rumiyy\u0259 \u0130smay\u0131lova mediadan da naraz\u0131d\u0131r. Deyir ki, h\u0259yat yolda\u015f\u0131n\u0131n t\u0259qsirsizlik prezumpsiyas\u0131 h\u00fcququ pozulub, prokurorluq onu c\u0259miyy\u0259t\u0259 cinay\u0259tkar kimi t\u0259qdim edib. Media da he\u00e7 bir ara\u015fd\u0131rma aparmadan, qar\u015f\u0131 t\u0259r\u0259f kimi, onlar\u0131n fikrini \u00f6yr\u0259nm\u0259d\u0259n h\u0259min materiallar\u0131 yay\u0131mlay\u0131b:<\/p>\n\n\n\n<p><em>\u201cT\u0259s\u0259vv\u00fcr edin, aprelin 25-d\u0259 Ali M\u0259hk\u0259m\u0259 yolda\u015f\u0131mla ba\u011fl\u0131 a\u015fa\u011f\u0131 instansiyan\u0131n q\u0259rar\u0131n\u0131 l\u0259\u011fv edib, t\u0259krar ara\u015fd\u0131rmaya g\u00f6nd\u0259rib, amma \u201cX\u0259z\u0259r\u201d telekanal\u0131 anons verirdi ki, aprelin 27-d\u0259 gec\u0259 saatlar\u0131nda verili\u015f yay\u0131mlanacaq, yolda\u015f\u0131m orada cinay\u0259tkar kimi t\u0259qdim olunacaq. Biz g\u00fcnd\u00fcz telekanala getdik, q\u0259rar\u0131 g\u00f6st\u0259rdik, t\u0259l\u0259b el\u0259dik ki, o verili\u015f yay\u0131mlanmas\u0131n. M\u0259sl\u0259h\u0259tl\u0259\u015fdil\u0259r, yay\u0131mlamad\u0131lar. G\u00fcnahs\u0131z bir adam\u0131 l\u0259k\u0259l\u0259m\u0259k bu q\u0259d\u0259r asan olmamal\u0131d\u0131r ax\u0131&#8230; Bu adam\u0131n ail\u0259si, \u00f6vladlar\u0131 var\u201d.<\/em><\/p>\n","protected":false},"excerpt":{"rendered":"<p>Rumiyy\u0259 \u0130smay\u0131lova: \u201cAli M\u0259hk\u0259m\u0259nin q\u0259rar\u0131ndan sonra \u00fcmidim yaran\u0131b, amma yen\u0259 &#8230; <\/p>\n<p class=\"read-more-container\"><a title=\"G\u0259nc\u0259 sakini: \u201cG\u00fcnahs\u0131z bir adama d\u00f6rd\u00fcnc\u00fc ildir ki, z\u00fclm el\u0259yirl\u0259r&#8230;\u201d\" class=\"read-more button\" href=\"https:\/\/www.meydan.tv\/az\/article\/gence-sakini-gunahsiz-bir-adama-dorduncu-ildir-ki-zulm-eleyirler\/#more-274002\" aria-label=\"Read more about G\u0259nc\u0259 sakini: \u201cG\u00fcnahs\u0131z bir adama d\u00f6rd\u00fcnc\u00fc ildir ki, z\u00fclm el\u0259yirl\u0259r&#8230;\u201d\">Davam\u0131<\/a><\/p>\n","protected":false},"author":8,"featured_media":273996,"comment_status":"closed","ping_status":"closed","sticky":false,"template":"","format":"standard","meta":{"_acf_changed":false,"_sitemap_exclude":false,"_sitemap_priority":"","_sitemap_frequency":"","footnotes":""},"categories":[60,56],"tags":[],"class_list":["post-274002","post","type-post","status-publish","format-standard","has-post-thumbnail","hentry","category-bolge","category-xeberler","infinite-scroll-item","generate-columns","tablet-grid-50","mobile-grid-100","grid-parent","grid-33","no-featured-image-padding"],"acf":[],"yoast_head":"<!-- This site is optimized with the Yoast SEO plugin v27.5 - https:\/\/yoast.com\/product\/yoast-seo-wordpress\/ -->\n<title>G\u0259nc\u0259 sakini: \u201cG\u00fcnahs\u0131z bir adama d\u00f6rd\u00fcnc\u00fc ildir ki, z\u00fclm el\u0259yirl\u0259r...\u201d - MEYDAN.TV<\/title>\n<meta name=\"robots\" content=\"index, follow, max-snippet:-1, max-image-preview:large, max-video-preview:-1\" \/>\n<link rel=\"canonical\" href=\"https:\/\/www.meydan.tv\/az\/article\/gence-sakini-gunahsiz-bir-adama-dorduncu-ildir-ki-zulm-eleyirler\/\" \/>\n<meta property=\"og:locale\" content=\"az_AZ\" \/>\n<meta property=\"og:type\" content=\"article\" \/>\n<meta property=\"og:title\" content=\"G\u0259nc\u0259 sakini: \u201cG\u00fcnahs\u0131z bir adama d\u00f6rd\u00fcnc\u00fc ildir ki, z\u00fclm el\u0259yirl\u0259r...\u201d - MEYDAN.TV\" \/>\n<meta property=\"og:description\" content=\"Rumiyy\u0259 \u0130smay\u0131lova: \u201cAli M\u0259hk\u0259m\u0259nin q\u0259rar\u0131ndan sonra \u00fcmidim yaran\u0131b, amma yen\u0259 ... Davam\u0131\" \/>\n<meta property=\"og:url\" content=\"https:\/\/www.meydan.tv\/az\/article\/gence-sakini-gunahsiz-bir-adama-dorduncu-ildir-ki-zulm-eleyirler\/\" \/>\n<meta property=\"og:site_name\" content=\"MEYDAN.TV\" \/>\n<meta property=\"article:published_time\" content=\"2023-04-30T14:13:07+00:00\" \/>\n<meta property=\"article:modified_time\" content=\"2023-04-30T14:13:11+00:00\" \/>\n<meta property=\"og:image\" content=\"https:\/\/www.meydan.tv\/wp-content\/uploads\/photo-2023-04-30-11-55-53-e1682863931875.jpg\" \/>\n\t<meta property=\"og:image:width\" content=\"1200\" \/>\n\t<meta property=\"og:image:height\" content=\"546\" \/>\n\t<meta property=\"og:image:type\" content=\"image\/jpeg\" \/>\n<meta name=\"author\" content=\"elli\" \/>\n<meta name=\"twitter:card\" content=\"summary_large_image\" \/>\n<meta name=\"twitter:creator\" content=\"@elli\" \/>\n<script type=\"application\/ld+json\" class=\"yoast-schema-graph\">{\"@context\":\"https:\\\/\\\/schema.org\",\"@graph\":[{\"@type\":\"Article\",\"@id\":\"https:\\\/\\\/www.meydan.tv\\\/az\\\/article\\\/gence-sakini-gunahsiz-bir-adama-dorduncu-ildir-ki-zulm-eleyirler\\\/#article\",\"isPartOf\":{\"@id\":\"https:\\\/\\\/www.meydan.tv\\\/az\\\/article\\\/gence-sakini-gunahsiz-bir-adama-dorduncu-ildir-ki-zulm-eleyirler\\\/\"},\"author\":{\"name\":\"elli\",\"@id\":\"https:\\\/\\\/www.meydan.tv\\\/az\\\/#\\\/schema\\\/person\\\/9cdbecf90d17180ce1dfbd95b08dcf47\"},\"headline\":\"G\u0259nc\u0259 sakini: \u201cG\u00fcnahs\u0131z bir adama d\u00f6rd\u00fcnc\u00fc ildir ki, z\u00fclm el\u0259yirl\u0259r&#8230;\u201d\",\"datePublished\":\"2023-04-30T14:13:07+00:00\",\"dateModified\":\"2023-04-30T14:13:11+00:00\",\"mainEntityOfPage\":{\"@id\":\"https:\\\/\\\/www.meydan.tv\\\/az\\\/article\\\/gence-sakini-gunahsiz-bir-adama-dorduncu-ildir-ki-zulm-eleyirler\\\/\"},\"wordCount\":1346,\"publisher\":{\"@id\":\"https:\\\/\\\/www.meydan.tv\\\/az\\\/#organization\"},\"image\":{\"@id\":\"https:\\\/\\\/www.meydan.tv\\\/az\\\/article\\\/gence-sakini-gunahsiz-bir-adama-dorduncu-ildir-ki-zulm-eleyirler\\\/#primaryimage\"},\"thumbnailUrl\":\"https:\\\/\\\/www.meydan.tv\\\/wp-content\\\/uploads\\\/photo-2023-04-30-11-55-53-e1682863931875.jpg\",\"articleSection\":[\"B\u00f6lg\u0259\",\"X\u0259b\u0259rl\u0259r\"],\"inLanguage\":\"az\"},{\"@type\":\"WebPage\",\"@id\":\"https:\\\/\\\/www.meydan.tv\\\/az\\\/article\\\/gence-sakini-gunahsiz-bir-adama-dorduncu-ildir-ki-zulm-eleyirler\\\/\",\"url\":\"https:\\\/\\\/www.meydan.tv\\\/az\\\/article\\\/gence-sakini-gunahsiz-bir-adama-dorduncu-ildir-ki-zulm-eleyirler\\\/\",\"name\":\"G\u0259nc\u0259 sakini: \u201cG\u00fcnahs\u0131z bir adama d\u00f6rd\u00fcnc\u00fc ildir ki, z\u00fclm el\u0259yirl\u0259r...\u201d - MEYDAN.TV\",\"isPartOf\":{\"@id\":\"https:\\\/\\\/www.meydan.tv\\\/az\\\/#website\"},\"primaryImageOfPage\":{\"@id\":\"https:\\\/\\\/www.meydan.tv\\\/az\\\/article\\\/gence-sakini-gunahsiz-bir-adama-dorduncu-ildir-ki-zulm-eleyirler\\\/#primaryimage\"},\"image\":{\"@id\":\"https:\\\/\\\/www.meydan.tv\\\/az\\\/article\\\/gence-sakini-gunahsiz-bir-adama-dorduncu-ildir-ki-zulm-eleyirler\\\/#primaryimage\"},\"thumbnailUrl\":\"https:\\\/\\\/www.meydan.tv\\\/wp-content\\\/uploads\\\/photo-2023-04-30-11-55-53-e1682863931875.jpg\",\"datePublished\":\"2023-04-30T14:13:07+00:00\",\"dateModified\":\"2023-04-30T14:13:11+00:00\",\"breadcrumb\":{\"@id\":\"https:\\\/\\\/www.meydan.tv\\\/az\\\/article\\\/gence-sakini-gunahsiz-bir-adama-dorduncu-ildir-ki-zulm-eleyirler\\\/#breadcrumb\"},\"inLanguage\":\"az\",\"potentialAction\":[{\"@type\":\"ReadAction\",\"target\":[\"https:\\\/\\\/www.meydan.tv\\\/az\\\/article\\\/gence-sakini-gunahsiz-bir-adama-dorduncu-ildir-ki-zulm-eleyirler\\\/\"]}]},{\"@type\":\"ImageObject\",\"inLanguage\":\"az\",\"@id\":\"https:\\\/\\\/www.meydan.tv\\\/az\\\/article\\\/gence-sakini-gunahsiz-bir-adama-dorduncu-ildir-ki-zulm-eleyirler\\\/#primaryimage\",\"url\":\"https:\\\/\\\/www.meydan.tv\\\/wp-content\\\/uploads\\\/photo-2023-04-30-11-55-53-e1682863931875.jpg\",\"contentUrl\":\"https:\\\/\\\/www.meydan.tv\\\/wp-content\\\/uploads\\\/photo-2023-04-30-11-55-53-e1682863931875.jpg\",\"width\":1200,\"height\":546,\"caption\":\"Polad \u0130smay\u0131lov. Fotolar: ail\u0259 albomundan\"},{\"@type\":\"BreadcrumbList\",\"@id\":\"https:\\\/\\\/www.meydan.tv\\\/az\\\/article\\\/gence-sakini-gunahsiz-bir-adama-dorduncu-ildir-ki-zulm-eleyirler\\\/#breadcrumb\",\"itemListElement\":[{\"@type\":\"ListItem\",\"position\":1,\"name\":\"Ana s\u0259hif\u0259\",\"item\":\"https:\\\/\\\/www.meydan.tv\\\/az\\\/\"},{\"@type\":\"ListItem\",\"position\":2,\"name\":\"B\u00f6lg\u0259\",\"item\":\"https:\\\/\\\/www.meydan.tv\\\/az\\\/section\\\/bolge\\\/\"},{\"@type\":\"ListItem\",\"position\":3,\"name\":\"G\u0259nc\u0259 sakini: \u201cG\u00fcnahs\u0131z bir adama d\u00f6rd\u00fcnc\u00fc ildir ki, z\u00fclm el\u0259yirl\u0259r&#8230;\u201d\"}]},{\"@type\":\"WebSite\",\"@id\":\"https:\\\/\\\/www.meydan.tv\\\/az\\\/#website\",\"url\":\"https:\\\/\\\/www.meydan.tv\\\/az\\\/\",\"name\":\"MEYDAN.TV\",\"description\":\"Meydan TV Az\u0259rbaycan\u0131n media m\u0259kan\u0131ndak\u0131 alternativ s\u0259sidir\",\"publisher\":{\"@id\":\"https:\\\/\\\/www.meydan.tv\\\/az\\\/#organization\"},\"potentialAction\":[{\"@type\":\"SearchAction\",\"target\":{\"@type\":\"EntryPoint\",\"urlTemplate\":\"https:\\\/\\\/www.meydan.tv\\\/az\\\/?s={search_term_string}\"},\"query-input\":{\"@type\":\"PropertyValueSpecification\",\"valueRequired\":true,\"valueName\":\"search_term_string\"}}],\"inLanguage\":\"az\"},{\"@type\":\"Organization\",\"@id\":\"https:\\\/\\\/www.meydan.tv\\\/az\\\/#organization\",\"name\":\"Meydan TV\",\"url\":\"https:\\\/\\\/www.meydan.tv\\\/az\\\/\",\"logo\":{\"@type\":\"ImageObject\",\"inLanguage\":\"az\",\"@id\":\"https:\\\/\\\/www.meydan.tv\\\/az\\\/#\\\/schema\\\/logo\\\/image\\\/\",\"url\":\"https:\\\/\\\/www.meydan.tv\\\/wp-content\\\/uploads\\\/2021\\\/07\\\/meydan-logo.svg\",\"contentUrl\":\"https:\\\/\\\/www.meydan.tv\\\/wp-content\\\/uploads\\\/2021\\\/07\\\/meydan-logo.svg\",\"width\":195,\"height\":46,\"caption\":\"Meydan TV\"},\"image\":{\"@id\":\"https:\\\/\\\/www.meydan.tv\\\/az\\\/#\\\/schema\\\/logo\\\/image\\\/\"}},{\"@type\":\"Person\",\"@id\":\"https:\\\/\\\/www.meydan.tv\\\/az\\\/#\\\/schema\\\/person\\\/9cdbecf90d17180ce1dfbd95b08dcf47\",\"name\":\"elli\",\"sameAs\":[\"https:\\\/\\\/x.com\\\/elli\"]}]}<\/script>\n<!-- \/ Yoast SEO plugin. -->","yoast_head_json":{"title":"G\u0259nc\u0259 sakini: \u201cG\u00fcnahs\u0131z bir adama d\u00f6rd\u00fcnc\u00fc ildir ki, z\u00fclm el\u0259yirl\u0259r...\u201d - MEYDAN.TV","robots":{"index":"index","follow":"follow","max-snippet":"max-snippet:-1","max-image-preview":"max-image-preview:large","max-video-preview":"max-video-preview:-1"},"canonical":"https:\/\/www.meydan.tv\/az\/article\/gence-sakini-gunahsiz-bir-adama-dorduncu-ildir-ki-zulm-eleyirler\/","og_locale":"az_AZ","og_type":"article","og_title":"G\u0259nc\u0259 sakini: \u201cG\u00fcnahs\u0131z bir adama d\u00f6rd\u00fcnc\u00fc ildir ki, z\u00fclm el\u0259yirl\u0259r...\u201d - MEYDAN.TV","og_description":"Rumiyy\u0259 \u0130smay\u0131lova: \u201cAli M\u0259hk\u0259m\u0259nin q\u0259rar\u0131ndan sonra \u00fcmidim yaran\u0131b, amma yen\u0259 ... Davam\u0131","og_url":"https:\/\/www.meydan.tv\/az\/article\/gence-sakini-gunahsiz-bir-adama-dorduncu-ildir-ki-zulm-eleyirler\/","og_site_name":"MEYDAN.TV","article_published_time":"2023-04-30T14:13:07+00:00","article_modified_time":"2023-04-30T14:13:11+00:00","og_image":[{"width":1200,"height":546,"url":"https:\/\/www.meydan.tv\/wp-content\/uploads\/photo-2023-04-30-11-55-53-e1682863931875.jpg","type":"image\/jpeg"}],"author":"elli","twitter_card":"summary_large_image","twitter_creator":"@elli","schema":{"@context":"https:\/\/schema.org","@graph":[{"@type":"Article","@id":"https:\/\/www.meydan.tv\/az\/article\/gence-sakini-gunahsiz-bir-adama-dorduncu-ildir-ki-zulm-eleyirler\/#article","isPartOf":{"@id":"https:\/\/www.meydan.tv\/az\/article\/gence-sakini-gunahsiz-bir-adama-dorduncu-ildir-ki-zulm-eleyirler\/"},"author":{"name":"elli","@id":"https:\/\/www.meydan.tv\/az\/#\/schema\/person\/9cdbecf90d17180ce1dfbd95b08dcf47"},"headline":"G\u0259nc\u0259 sakini: \u201cG\u00fcnahs\u0131z bir adama d\u00f6rd\u00fcnc\u00fc ildir ki, z\u00fclm el\u0259yirl\u0259r&#8230;\u201d","datePublished":"2023-04-30T14:13:07+00:00","dateModified":"2023-04-30T14:13:11+00:00","mainEntityOfPage":{"@id":"https:\/\/www.meydan.tv\/az\/article\/gence-sakini-gunahsiz-bir-adama-dorduncu-ildir-ki-zulm-eleyirler\/"},"wordCount":1346,"publisher":{"@id":"https:\/\/www.meydan.tv\/az\/#organization"},"image":{"@id":"https:\/\/www.meydan.tv\/az\/article\/gence-sakini-gunahsiz-bir-adama-dorduncu-ildir-ki-zulm-eleyirler\/#primaryimage"},"thumbnailUrl":"https:\/\/www.meydan.tv\/wp-content\/uploads\/photo-2023-04-30-11-55-53-e1682863931875.jpg","articleSection":["B\u00f6lg\u0259","X\u0259b\u0259rl\u0259r"],"inLanguage":"az"},{"@type":"WebPage","@id":"https:\/\/www.meydan.tv\/az\/article\/gence-sakini-gunahsiz-bir-adama-dorduncu-ildir-ki-zulm-eleyirler\/","url":"https:\/\/www.meydan.tv\/az\/article\/gence-sakini-gunahsiz-bir-adama-dorduncu-ildir-ki-zulm-eleyirler\/","name":"G\u0259nc\u0259 sakini: \u201cG\u00fcnahs\u0131z bir adama d\u00f6rd\u00fcnc\u00fc ildir ki, z\u00fclm el\u0259yirl\u0259r...\u201d - MEYDAN.TV","isPartOf":{"@id":"https:\/\/www.meydan.tv\/az\/#website"},"primaryImageOfPage":{"@id":"https:\/\/www.meydan.tv\/az\/article\/gence-sakini-gunahsiz-bir-adama-dorduncu-ildir-ki-zulm-eleyirler\/#primaryimage"},"image":{"@id":"https:\/\/www.meydan.tv\/az\/article\/gence-sakini-gunahsiz-bir-adama-dorduncu-ildir-ki-zulm-eleyirler\/#primaryimage"},"thumbnailUrl":"https:\/\/www.meydan.tv\/wp-content\/uploads\/photo-2023-04-30-11-55-53-e1682863931875.jpg","datePublished":"2023-04-30T14:13:07+00:00","dateModified":"2023-04-30T14:13:11+00:00","breadcrumb":{"@id":"https:\/\/www.meydan.tv\/az\/article\/gence-sakini-gunahsiz-bir-adama-dorduncu-ildir-ki-zulm-eleyirler\/#breadcrumb"},"inLanguage":"az","potentialAction":[{"@type":"ReadAction","target":["https:\/\/www.meydan.tv\/az\/article\/gence-sakini-gunahsiz-bir-adama-dorduncu-ildir-ki-zulm-eleyirler\/"]}]},{"@type":"ImageObject","inLanguage":"az","@id":"https:\/\/www.meydan.tv\/az\/article\/gence-sakini-gunahsiz-bir-adama-dorduncu-ildir-ki-zulm-eleyirler\/#primaryimage","url":"https:\/\/www.meydan.tv\/wp-content\/uploads\/photo-2023-04-30-11-55-53-e1682863931875.jpg","contentUrl":"https:\/\/www.meydan.tv\/wp-content\/uploads\/photo-2023-04-30-11-55-53-e1682863931875.jpg","width":1200,"height":546,"caption":"Polad \u0130smay\u0131lov. Fotolar: ail\u0259 albomundan"},{"@type":"BreadcrumbList","@id":"https:\/\/www.meydan.tv\/az\/article\/gence-sakini-gunahsiz-bir-adama-dorduncu-ildir-ki-zulm-eleyirler\/#breadcrumb","itemListElement":[{"@type":"ListItem","position":1,"name":"Ana s\u0259hif\u0259","item":"https:\/\/www.meydan.tv\/az\/"},{"@type":"ListItem","position":2,"name":"B\u00f6lg\u0259","item":"https:\/\/www.meydan.tv\/az\/section\/bolge\/"},{"@type":"ListItem","position":3,"name":"G\u0259nc\u0259 sakini: \u201cG\u00fcnahs\u0131z bir adama d\u00f6rd\u00fcnc\u00fc ildir ki, z\u00fclm el\u0259yirl\u0259r&#8230;\u201d"}]},{"@type":"WebSite","@id":"https:\/\/www.meydan.tv\/az\/#website","url":"https:\/\/www.meydan.tv\/az\/","name":"MEYDAN.TV","description":"Meydan TV Az\u0259rbaycan\u0131n media m\u0259kan\u0131ndak\u0131 alternativ s\u0259sidir","publisher":{"@id":"https:\/\/www.meydan.tv\/az\/#organization"},"potentialAction":[{"@type":"SearchAction","target":{"@type":"EntryPoint","urlTemplate":"https:\/\/www.meydan.tv\/az\/?s={search_term_string}"},"query-input":{"@type":"PropertyValueSpecification","valueRequired":true,"valueName":"search_term_string"}}],"inLanguage":"az"},{"@type":"Organization","@id":"https:\/\/www.meydan.tv\/az\/#organization","name":"Meydan TV","url":"https:\/\/www.meydan.tv\/az\/","logo":{"@type":"ImageObject","inLanguage":"az","@id":"https:\/\/www.meydan.tv\/az\/#\/schema\/logo\/image\/","url":"https:\/\/www.meydan.tv\/wp-content\/uploads\/2021\/07\/meydan-logo.svg","contentUrl":"https:\/\/www.meydan.tv\/wp-content\/uploads\/2021\/07\/meydan-logo.svg","width":195,"height":46,"caption":"Meydan TV"},"image":{"@id":"https:\/\/www.meydan.tv\/az\/#\/schema\/logo\/image\/"}},{"@type":"Person","@id":"https:\/\/www.meydan.tv\/az\/#\/schema\/person\/9cdbecf90d17180ce1dfbd95b08dcf47","name":"elli","sameAs":["https:\/\/x.com\/elli"]}]}},"_links":{"self":[{"href":"https:\/\/www.meydan.tv\/az\/wp-json\/wp\/v2\/posts\/274002","targetHints":{"allow":["GET"]}}],"collection":[{"href":"https:\/\/www.meydan.tv\/az\/wp-json\/wp\/v2\/posts"}],"about":[{"href":"https:\/\/www.meydan.tv\/az\/wp-json\/wp\/v2\/types\/post"}],"author":[{"embeddable":true,"href":"https:\/\/www.meydan.tv\/az\/wp-json\/wp\/v2\/users\/8"}],"replies":[{"embeddable":true,"href":"https:\/\/www.meydan.tv\/az\/wp-json\/wp\/v2\/comments?post=274002"}],"version-history":[{"count":1,"href":"https:\/\/www.meydan.tv\/az\/wp-json\/wp\/v2\/posts\/274002\/revisions"}],"predecessor-version":[{"id":274003,"href":"https:\/\/www.meydan.tv\/az\/wp-json\/wp\/v2\/posts\/274002\/revisions\/274003"}],"wp:featuredmedia":[{"embeddable":true,"href":"https:\/\/www.meydan.tv\/az\/wp-json\/wp\/v2\/media\/273996"}],"wp:attachment":[{"href":"https:\/\/www.meydan.tv\/az\/wp-json\/wp\/v2\/media?parent=274002"}],"wp:term":[{"taxonomy":"category","embeddable":true,"href":"https:\/\/www.meydan.tv\/az\/wp-json\/wp\/v2\/categories?post=274002"},{"taxonomy":"post_tag","embeddable":true,"href":"https:\/\/www.meydan.tv\/az\/wp-json\/wp\/v2\/tags?post=274002"}],"curies":[{"name":"wp","href":"https:\/\/api.w.org\/{rel}","templated":true}]}}